{"id":236889,"date":"2026-03-03T07:39:20","date_gmt":"2026-03-03T12:39:20","guid":{"rendered":"https:\/\/www.cuballama.com\/noticias\/?p=236889"},"modified":"2026-03-03T07:39:22","modified_gmt":"2026-03-03T12:39:22","slug":"estados-unidos-e-iran-entran-en-una-fase-de-choque-abierto-tras-el-ataque-con-drones-a-embajada-en-riad","status":"publish","type":"post","link":"https:\/\/www.cuballama.com\/noticias\/estados-unidos-e-iran-entran-en-una-fase-de-choque-abierto-tras-el-ataque-con-drones-a-embajada-en-riad\/","title":{"rendered":"Estados Unidos e Ir\u00e1n entran en una fase de choque abierto tras el ataque con drones a embajada en Riad"},"content":{"rendered":"\n<p>La escalada entre Estados Unidos e Ir\u00e1n entr\u00f3 en una nueva fase tras el <a href=\"https:\/\/x.com\/USAinKSA\/status\/2028628404103221745\">ataque con drones que impact\u00f3 el complejo de la embajada estadounidense en Riad, Arabia Saudita<\/a>, y la posterior amenaza iran\u00ed sobre el Estrecho de Ormuz, arteria clave para el comercio mundial de petr\u00f3leo. El ataque en la capital saud\u00ed, atribuido por las autoridades de ese pa\u00eds a dos drones, provoc\u00f3 un incendio limitado y da\u00f1os materiales menores, sin reportes de heridos. Aunque el impacto fue contenido, su carga simb\u00f3lica es significativa: por primera vez en esta fase del conflicto, una misi\u00f3n diplom\u00e1tica estadounidense en el Golfo fue alcanzada directamente.<\/p>\n\n\n\n<figure class=\"wp-block-embed is-type-rich is-provider-twitter wp-block-embed-twitter\"><div class=\"wp-block-embed__wrapper\">\n<blockquote class=\"twitter-tweet\" data-width=\"550\" data-dnt=\"true\"><p lang=\"en\" dir=\"ltr\">Subject:\u00a0Security Alert &#8211; Shelter in Place &#8211; U.S. Mission to the Kingdom of Saudi Arabia, (Mar. 3, 2026)<br>\u00a0<br>Location: Saudi Arabia <br>\u00a0<br>Event: Security Alert<br>The U.S. Mission to Saudi Arabia has issued a shelter in place notification for Jeddah, Riyadh and Dhahran and are limiting\u2026<\/p>&mdash; U.S. Embassy Riyadh (@USAinKSA) <a href=\"https:\/\/twitter.com\/USAinKSA\/status\/2028628404103221745?ref_src=twsrc%5Etfw\">March 3, 2026<\/a><\/blockquote><script async src=\"https:\/\/platform.twitter.com\/widgets.js\" charset=\"utf-8\"><\/script>\n<\/div><\/figure>\n\n\n\n<p>Washington reaccion\u00f3 de inmediato. La embajada emiti\u00f3 alertas de seguridad y recomendaciones de resguardo para su personal y para ciudadanos estadounidenses en Riad, Yeda y Dahr\u00e1n. El Departamento de Estado reforz\u00f3 los canales de atenci\u00f3n consular, insisti\u00f3 en la inscripci\u00f3n en el programa STEP y activ\u00f3 recursos de monitoreo permanente, en un contexto donde las instalaciones diplom\u00e1ticas se han convertido en objetivos estrat\u00e9gicos.<\/p>\n\n\n\n<p>El episodio ocurre en el marco de la Operaci\u00f3n Furia \u00c9pica, la ofensiva conjunta lanzada el 28 de febrero por Estados Unidos e Israel contra infraestructura militar iran\u00ed. En las primeras 36 horas, m\u00e1s de mil objetivos fueron atacados, incluyendo instalaciones nucleares en Natanz, Isfahan y Fordow, centros de mando de la Guardia Revolucionaria, sistemas de defensa a\u00e9rea y activos navales vinculados al programa de misiles bal\u00edsticos.<\/p>\n\n\n\n<p>La Casa Blanca sostiene que las principales instalaciones de enriquecimiento fueron \u201ccompleta y totalmente destruidas\u201d. El presidente Donald Trump describi\u00f3 la campa\u00f1a como \u201cuna de las ofensivas militares m\u00e1s grandes, complejas y abrumadoras que el mundo haya visto\u201d y asegur\u00f3 que continuar\u00e1 \u201chasta que todos nuestros objetivos sean alcanzados\u201d. Ante preguntas sobre la respuesta iran\u00ed, advirti\u00f3: \u201cPronto sabr\u00e1n\u201d. Y al ser consultado por la posibilidad de nuevos ataques, respondi\u00f3 que \u201ces parte de la guerra\u201d.<\/p>\n\n\n\n<figure class=\"wp-block-embed is-type-rich is-provider-twitter wp-block-embed-twitter\"><div class=\"wp-block-embed__wrapper\">\n<blockquote class=\"twitter-tweet\" data-width=\"550\" data-dnt=\"true\"><p lang=\"en\" dir=\"ltr\">BREAKING: I just spoke to President Trump he said you\u2019ll find soon what the retaliation will be for the attack on the U.S. embassy in Riyadh and for the U.S. service members killed. <br><br>He also told me he doesn\u2019t think boots on the ground will be necessary.<\/p>&mdash; Kellie Meyer (@KellieMeyerNews) <a href=\"https:\/\/twitter.com\/KellieMeyerNews\/status\/2028635413821227218?ref_src=twsrc%5Etfw\">March 3, 2026<\/a><\/blockquote><script async src=\"https:\/\/platform.twitter.com\/widgets.js\" charset=\"utf-8\"><\/script>\n<\/div><\/figure>\n\n\n\n<p>El golpe m\u00e1s trascendental fue la muerte del ayatol\u00e1 Al\u00ed Jamenei, l\u00edder supremo de Ir\u00e1n desde 1989. Su fallecimiento abri\u00f3 una crisis sucesoria in\u00e9dita en la Rep\u00fablica Isl\u00e1mica. Teher\u00e1n anunci\u00f3 un Consejo de Liderazgo provisional integrado por el presidente Masoud Pezeshkian, el jefe judicial Gholamhossein Mohseni Ejei y el cl\u00e9rigo Alireza Arifi. Adem\u00e1s de Jamenei, Washington afirm\u00f3 que 48 altos funcionarios iran\u00edes murieron en los bombardeos, entre ellos el ministro de Defensa Aziz Nasirzadeh y el comandante de la Guardia Revolucionaria Mohammad Pakpour. Seg\u00fan cifras iran\u00edes, entre 555 y 600 personas han muerto en m\u00e1s de un centenar de ciudades.<\/p>\n\n\n\n<p>La guerra se expandi\u00f3 r\u00e1pidamente. Israel activ\u00f3 su propia operaci\u00f3n, movilizando unos 100,000 reservistas y enfrent\u00e1ndose a Hezbol\u00e1 en el sur del L\u00edbano, donde se reportaron al menos 31 muertos y 149 heridos. Ir\u00e1n respondi\u00f3 con misiles contra Jerusal\u00e9n Este, Tel Aviv y Haifa, adem\u00e1s de ataques contra bases estadounidenses en Kuwait y objetivos mar\u00edtimos en el \u00cdndico.<\/p>\n\n\n\n<p>En el frente energ\u00e9tico, Teher\u00e1n declar\u00f3 el cierre del Estrecho de Ormuz y amenaz\u00f3 con atacar cualquier buque que intente cruzarlo. Aunque el cierre formal es discutido, la sola advertencia ha disparado el riesgo mar\u00edtimo. Se report\u00f3 el incendio de un petrolero tras un ataque con drones, y aseguradoras han reducido coberturas en la zona, elevando los costos log\u00edsticos globales.<\/p>\n\n\n\n<p>El costo humano tambi\u00e9n pesa en Washington. El Comando Central confirm\u00f3 que el n\u00famero de militares estadounidenses muertos ascendi\u00f3 a seis. Legisladores han solicitado sesiones informativas clasificadas y algunos cuestionan el alcance del mandato presidencial sin autorizaci\u00f3n expl\u00edcita del Congreso. Mientras tanto, Trump ha oscilado entre proyectar una operaci\u00f3n de \u201ccuatro o cinco semanas\u201d y afirmar que podr\u00eda \u201cterminarla en dos o tres d\u00edas\u201d si as\u00ed lo decidiera, reflejando la tensi\u00f3n entre estrategia militar y presi\u00f3n pol\u00edtica interna.<\/p>\n\n\n\n<p>En paralelo a las declaraciones del presidente Donald Trump, el secretario de Estado Marco Rubio ha asumido un rol clave en la justificaci\u00f3n pol\u00edtica y diplom\u00e1tica de la ofensiva. Rubio afirm\u00f3 que exist\u00eda una \u201camenaza absolutamente inminente\u201d por parte de Ir\u00e1n y defendi\u00f3 la decisi\u00f3n de actuar de forma preventiva para evitar mayores bajas estadounidenses.<\/p>\n\n\n\n<p>Seg\u00fan explic\u00f3, los servicios de inteligencia evaluaban que, ante cualquier ataque contra infraestructura iran\u00ed, Teher\u00e1n responder\u00eda de inmediato contra intereses y fuerzas estadounidenses en la regi\u00f3n. \u201cNo nos \u00edbamos a quedar sentados esperando recibir el golpe antes de responder\u201d, se\u00f1al\u00f3 en <a href=\"https:\/\/x.com\/RapidResponse47\/status\/2028575002950340965\" target=\"_blank\" rel=\"noreferrer noopener nofollow\">entrevista televisiva<\/a>.<\/p>\n\n\n\n<figure class=\"wp-block-embed is-type-rich is-provider-twitter wp-block-embed-twitter\"><div class=\"wp-block-embed__wrapper\">\n<blockquote class=\"twitter-tweet\" data-width=\"550\" data-dnt=\"true\"><p lang=\"en\" dir=\"ltr\">&quot;There was absolutely an imminent threat,&quot; says <a href=\"https:\/\/twitter.com\/SecRubio?ref_src=twsrc%5Etfw\">@SecRubio<\/a> on Iran.<br><br>&quot;We knew that if Iran was attacked\u2014and we believe that they would be attacked\u2014that they would immediately come after us, and we were not going to sit there and absorb a blow before we responded&#8230; We went\u2026 <a href=\"https:\/\/t.co\/ONXmRddAWL\">pic.twitter.com\/ONXmRddAWL<\/a><\/p>&mdash; Rapid Response 47 (@RapidResponse47) <a href=\"https:\/\/twitter.com\/RapidResponse47\/status\/2028575002950340965?ref_src=twsrc%5Etfw\">March 2, 2026<\/a><\/blockquote><script async src=\"https:\/\/platform.twitter.com\/widgets.js\" charset=\"utf-8\"><\/script>\n<\/div><\/figure>\n\n\n\n<p>Rubio insisti\u00f3 en que el objetivo no era un cambio de r\u00e9gimen, sino la neutralizaci\u00f3n de capacidades bal\u00edsticas y navales que, a juicio de Washington, representaban un riesgo inmediato. No obstante, dej\u00f3 abierta una dimensi\u00f3n pol\u00edtica al afirmar que espera que el pueblo iran\u00ed pueda eventualmente derrocar a su gobierno, aunque aclar\u00f3 que ese no era el prop\u00f3sito directo de la operaci\u00f3n.<\/p>\n\n\n\n<p>Adem\u00e1s, el Departamento de Estado activ\u00f3 un grupo de trabajo que opera las 24 horas para asistir a ciudadanos estadounidenses en Medio Oriente, reforz\u00f3 los canales consulares y pidi\u00f3 a los viajeros inscribirse en el programa STEP para facilitar contactos en situaciones de emergencia. El mensaje oficial ha sido claro: la prioridad inmediata es la seguridad de los estadounidenses en la regi\u00f3n.<\/p>\n\n\n\n<figure class=\"wp-block-embed is-type-rich is-provider-twitter wp-block-embed-twitter\"><div class=\"wp-block-embed__wrapper\">\n<blockquote class=\"twitter-tweet\" data-width=\"550\" data-dnt=\"true\"><p lang=\"en\" dir=\"ltr\">To all American citizens in the Middle East: your safety and security is our number one priority.<br><br>Sign up to receive STEP alerts at <a href=\"https:\/\/t.co\/SpQfuj4gN2\">https:\/\/t.co\/SpQfuj4gN2<\/a>.<br><br>Get information at <a href=\"https:\/\/twitter.com\/TravelGov?ref_src=twsrc%5Etfw\">@TravelGov<\/a> and you can call the department 24\/7 at +1-202-501-4444. <a href=\"https:\/\/t.co\/G8grZVgmCF\">pic.twitter.com\/G8grZVgmCF<\/a><\/p>&mdash; Secretary Marco Rubio (@SecRubio) <a href=\"https:\/\/twitter.com\/SecRubio\/status\/2028604544326705290?ref_src=twsrc%5Etfw\">March 2, 2026<\/a><\/blockquote><script async src=\"https:\/\/platform.twitter.com\/widgets.js\" charset=\"utf-8\"><\/script>\n<\/div><\/figure>\n\n\n\n<p>Las declaraciones de Rubio tambi\u00e9n tienen impacto en el frente interno. Al subrayar la inminencia de la amenaza, busca blindar pol\u00edticamente la acci\u00f3n preventiva ante cuestionamientos en el Capitolio sobre el alcance del poder presidencial y la necesidad de autorizaci\u00f3n legislativa para una campa\u00f1a prolongada.<\/p>\n\n\n\n<p>M\u00e1s all\u00e1 del balance inmediato, la muerte de Jamenei marca un punto de quiebre hist\u00f3rico. No es solo la eliminaci\u00f3n de un jefe de Estado, sino la desaparici\u00f3n del eje ideol\u00f3gico que sostuvo el sistema iran\u00ed durante m\u00e1s de tres d\u00e9cadas. Lo que surja ahora en Teher\u00e1n determinar\u00e1 si la ofensiva transforma el r\u00e9gimen, lo fragmenta o lo radicaliza.<\/p>\n\n\n\n<p>Con la embajada en Riad bajo ataque y Ormuz convertido en carta de presi\u00f3n, el conflicto ya no se limita a bombardeos en territorio iran\u00ed. Se ha convertido en una disputa por s\u00edmbolos, rutas energ\u00e9ticas y equilibrio regional. El desenlace depender\u00e1 tanto de decisiones militares como de la capacidad pol\u00edtica de cada actor para sostener una guerra cuyo alcance ya supera sus fronteras originales.<\/p>\n","protected":false},"excerpt":{"rendered":"<p>La guerra entre EE.UU. e Ir\u00e1n se ampl\u00eda: drones impactan la embajada en Riad, suben a seis los militares muertos y Teher\u00e1n presiona sobre Ormuz.<\/p>\n","protected":false},"author":13,"featured_media":233884,"comment_status":"open","ping_status":"closed","sticky":false,"template":"","format":"standard","meta":{"_acf_changed":false,"footnotes":""},"categories":[18,957,953],"tags":[8988,30795,941,700,3043,602,24637,30796,4792,5849,1212,30794,30793],"class_list":{"0":"post-236889","1":"post","2":"type-post","3":"status-publish","4":"format-standard","5":"has-post-thumbnail","7":"category-noticias","8":"category-noticias-internacionales","9":"category-usa","10":"tag-arabia-saudita","11":"tag-centcom","12":"tag-destacado","13":"tag-donald-trump","14":"tag-drones","15":"tag-estados-unidos","16":"tag-estrecho-de-ormuz","17":"tag-golfo-persico","18":"tag-iran","19":"tag-israel","20":"tag-marco-rubio","21":"tag-operation-epic-fury","22":"tag-riad"},"acf":[],"yoast_head":"<!-- This site is optimized with the Yoast SEO plugin v27.5 - https:\/\/yoast.com\/product\/yoast-seo-wordpress\/ -->\n<title>Estados Unidos e Ir\u00e1n entran en una fase de choque abierto tras el ataque con drones a embajada en Riad - Cuballama Noticias<\/title>\n<meta name=\"description\" content=\"Guerra entre Estados Unidos e Ir\u00e1n escala: drones golpean embajada en Riad, 6 soldados muertos y amenaza sobre Hormuz sacude al Golfo hoy.\" \/>\n<meta name=\"robots\" content=\"index, follow, max-snippet:-1, max-image-preview:large, max-video-preview:-1\" \/>\n<link rel=\"canonical\" href=\"https:\/\/www.cuballama.com\/noticias\/estados-unidos-e-iran-entran-en-una-fase-de-choque-abierto-tras-el-ataque-con-drones-a-embajada-en-riad\/\" \/>\n<meta property=\"og:locale\" content=\"es_ES\" \/>\n<meta property=\"og:type\" content=\"article\" \/>\n<meta property=\"og:title\" content=\"Estados Unidos e Ir\u00e1n entran en una fase de choque abierto tras el ataque con drones a embajada en Riad - Cuballama Noticias\" \/>\n<meta property=\"og:description\" content=\"Guerra entre Estados Unidos e Ir\u00e1n escala: drones golpean embajada en Riad, 6 soldados muertos y amenaza sobre Hormuz sacude al Golfo hoy.\" \/>\n<meta property=\"og:url\" content=\"https:\/\/www.cuballama.com\/noticias\/estados-unidos-e-iran-entran-en-una-fase-de-choque-abierto-tras-el-ataque-con-drones-a-embajada-en-riad\/\" \/>\n<meta property=\"og:site_name\" content=\"Cuballama Noticias\" \/>\n<meta property=\"article:publisher\" content=\"https:\/\/www.facebook.com\/CubaLlama\" \/>\n<meta property=\"article:published_time\" content=\"2026-03-03T12:39:20+00:00\" \/>\n<meta property=\"article:modified_time\" content=\"2026-03-03T12:39:22+00:00\" \/>\n<meta property=\"og:image\" content=\"https:\/\/cdn1.mediawpaccore.net\/wp-content\/uploads\/2026\/01\/30070535\/G_sHzfZWkAAUiV11.jpg\" \/>\n\t<meta property=\"og:image:width\" content=\"1200\" \/>\n\t<meta property=\"og:image:height\" content=\"630\" \/>\n\t<meta property=\"og:image:type\" content=\"image\/jpeg\" \/>\n<meta name=\"author\" content=\"Roberto A.\" \/>\n<meta name=\"twitter:card\" content=\"summary_large_image\" \/>\n<meta name=\"twitter:creator\" content=\"@cuballama\" \/>\n<meta name=\"twitter:site\" content=\"@cuballama\" \/>\n<meta name=\"twitter:label1\" content=\"Escrito por\" \/>\n\t<meta name=\"twitter:data1\" content=\"Roberto A.\" \/>\n\t<meta name=\"twitter:label2\" content=\"Tiempo de lectura\" \/>\n\t<meta name=\"twitter:data2\" content=\"5 minutos\" \/>\n<script type=\"application\/ld+json\" class=\"yoast-schema-graph\">{\"@context\":\"https:\\\/\\\/schema.org\",\"@graph\":[{\"@type\":\"Article\",\"@id\":\"https:\\\/\\\/www.cuballama.com\\\/noticias\\\/estados-unidos-e-iran-entran-en-una-fase-de-choque-abierto-tras-el-ataque-con-drones-a-embajada-en-riad\\\/#article\",\"isPartOf\":{\"@id\":\"https:\\\/\\\/www.cuballama.com\\\/noticias\\\/estados-unidos-e-iran-entran-en-una-fase-de-choque-abierto-tras-el-ataque-con-drones-a-embajada-en-riad\\\/\"},\"author\":{\"name\":\"Roberto A.\",\"@id\":\"https:\\\/\\\/www.cuballama.com\\\/noticias\\\/#\\\/schema\\\/person\\\/a58502ed4146c8e9f83872e897c76cd2\"},\"headline\":\"Estados Unidos e Ir\u00e1n entran en una fase de choque abierto tras el ataque con drones a embajada en Riad\",\"datePublished\":\"2026-03-03T12:39:20+00:00\",\"dateModified\":\"2026-03-03T12:39:22+00:00\",\"mainEntityOfPage\":{\"@id\":\"https:\\\/\\\/www.cuballama.com\\\/noticias\\\/estados-unidos-e-iran-entran-en-una-fase-de-choque-abierto-tras-el-ataque-con-drones-a-embajada-en-riad\\\/\"},\"wordCount\":1117,\"commentCount\":0,\"publisher\":{\"@id\":\"https:\\\/\\\/www.cuballama.com\\\/noticias\\\/#organization\"},\"image\":{\"@id\":\"https:\\\/\\\/www.cuballama.com\\\/noticias\\\/estados-unidos-e-iran-entran-en-una-fase-de-choque-abierto-tras-el-ataque-con-drones-a-embajada-en-riad\\\/#primaryimage\"},\"thumbnailUrl\":\"https:\\\/\\\/cdn1.mediawpaccore.net\\\/wp-content\\\/uploads\\\/2026\\\/01\\\/30070535\\\/G_sHzfZWkAAUiV11.jpg\",\"keywords\":[\"Arabia Saudita\",\"CENTCOM\",\"destacado\",\"Donald Trump\",\"drones\",\"Estados Unidos\",\"estrecho de Ormuz\",\"Golfo P\u00e9rsico\",\"Ir\u00e1n\",\"Israel\",\"Marco Rubio\",\"Operation Epic Fury\",\"Riad\"],\"articleSection\":[\"Noticias\",\"Noticias Internacionales\",\"USA\"],\"inLanguage\":\"es\",\"potentialAction\":[{\"@type\":\"CommentAction\",\"name\":\"Comment\",\"target\":[\"https:\\\/\\\/www.cuballama.com\\\/noticias\\\/estados-unidos-e-iran-entran-en-una-fase-de-choque-abierto-tras-el-ataque-con-drones-a-embajada-en-riad\\\/#respond\"]}]},{\"@type\":\"WebPage\",\"@id\":\"https:\\\/\\\/www.cuballama.com\\\/noticias\\\/estados-unidos-e-iran-entran-en-una-fase-de-choque-abierto-tras-el-ataque-con-drones-a-embajada-en-riad\\\/\",\"url\":\"https:\\\/\\\/www.cuballama.com\\\/noticias\\\/estados-unidos-e-iran-entran-en-una-fase-de-choque-abierto-tras-el-ataque-con-drones-a-embajada-en-riad\\\/\",\"name\":\"Estados Unidos e Ir\u00e1n entran en una fase de choque abierto tras el ataque con drones a embajada en Riad - Cuballama Noticias\",\"isPartOf\":{\"@id\":\"https:\\\/\\\/www.cuballama.com\\\/noticias\\\/#website\"},\"primaryImageOfPage\":{\"@id\":\"https:\\\/\\\/www.cuballama.com\\\/noticias\\\/estados-unidos-e-iran-entran-en-una-fase-de-choque-abierto-tras-el-ataque-con-drones-a-embajada-en-riad\\\/#primaryimage\"},\"image\":{\"@id\":\"https:\\\/\\\/www.cuballama.com\\\/noticias\\\/estados-unidos-e-iran-entran-en-una-fase-de-choque-abierto-tras-el-ataque-con-drones-a-embajada-en-riad\\\/#primaryimage\"},\"thumbnailUrl\":\"https:\\\/\\\/cdn1.mediawpaccore.net\\\/wp-content\\\/uploads\\\/2026\\\/01\\\/30070535\\\/G_sHzfZWkAAUiV11.jpg\",\"datePublished\":\"2026-03-03T12:39:20+00:00\",\"dateModified\":\"2026-03-03T12:39:22+00:00\",\"description\":\"Guerra entre Estados Unidos e Ir\u00e1n escala: drones golpean embajada en Riad, 6 soldados muertos y amenaza sobre Hormuz sacude al Golfo hoy.\",\"breadcrumb\":{\"@id\":\"https:\\\/\\\/www.cuballama.com\\\/noticias\\\/estados-unidos-e-iran-entran-en-una-fase-de-choque-abierto-tras-el-ataque-con-drones-a-embajada-en-riad\\\/#breadcrumb\"},\"inLanguage\":\"es\",\"potentialAction\":[{\"@type\":\"ReadAction\",\"target\":[\"https:\\\/\\\/www.cuballama.com\\\/noticias\\\/estados-unidos-e-iran-entran-en-una-fase-de-choque-abierto-tras-el-ataque-con-drones-a-embajada-en-riad\\\/\"]}]},{\"@type\":\"ImageObject\",\"inLanguage\":\"es\",\"@id\":\"https:\\\/\\\/www.cuballama.com\\\/noticias\\\/estados-unidos-e-iran-entran-en-una-fase-de-choque-abierto-tras-el-ataque-con-drones-a-embajada-en-riad\\\/#primaryimage\",\"url\":\"https:\\\/\\\/cdn1.mediawpaccore.net\\\/wp-content\\\/uploads\\\/2026\\\/01\\\/30070535\\\/G_sHzfZWkAAUiV11.jpg\",\"contentUrl\":\"https:\\\/\\\/cdn1.mediawpaccore.net\\\/wp-content\\\/uploads\\\/2026\\\/01\\\/30070535\\\/G_sHzfZWkAAUiV11.jpg\",\"width\":1200,\"height\":630,\"caption\":\"Presidente Donald Trump. Foto: X\\\/The White House.\"},{\"@type\":\"BreadcrumbList\",\"@id\":\"https:\\\/\\\/www.cuballama.com\\\/noticias\\\/estados-unidos-e-iran-entran-en-una-fase-de-choque-abierto-tras-el-ataque-con-drones-a-embajada-en-riad\\\/#breadcrumb\",\"itemListElement\":[{\"@type\":\"ListItem\",\"position\":1,\"name\":\"Home\",\"item\":\"https:\\\/\\\/www.cuballama.com\\\/noticias\\\/\"},{\"@type\":\"ListItem\",\"position\":2,\"name\":\"Estados Unidos e Ir\u00e1n entran en una fase de choque abierto tras el ataque con drones a embajada en Riad\"}]},{\"@type\":\"WebSite\",\"@id\":\"https:\\\/\\\/www.cuballama.com\\\/noticias\\\/#website\",\"url\":\"https:\\\/\\\/www.cuballama.com\\\/noticias\\\/\",\"name\":\"Cuballama Noticias\",\"description\":\"Medio digital sobre Cuba y el mundo\",\"publisher\":{\"@id\":\"https:\\\/\\\/www.cuballama.com\\\/noticias\\\/#organization\"},\"potentialAction\":[{\"@type\":\"SearchAction\",\"target\":{\"@type\":\"EntryPoint\",\"urlTemplate\":\"https:\\\/\\\/www.cuballama.com\\\/noticias\\\/?s={search_term_string}\"},\"query-input\":{\"@type\":\"PropertyValueSpecification\",\"valueRequired\":true,\"valueName\":\"search_term_string\"}}],\"inLanguage\":\"es\"},{\"@type\":\"Organization\",\"@id\":\"https:\\\/\\\/www.cuballama.com\\\/noticias\\\/#organization\",\"name\":\"Cuballama\",\"url\":\"https:\\\/\\\/www.cuballama.com\\\/noticias\\\/\",\"logo\":{\"@type\":\"ImageObject\",\"inLanguage\":\"es\",\"@id\":\"https:\\\/\\\/www.cuballama.com\\\/noticias\\\/#\\\/schema\\\/logo\\\/image\\\/\",\"url\":\"https:\\\/\\\/cdn1.mediawpaccore.net\\\/wp-content\\\/uploads\\\/2021\\\/12\\\/28171206\\\/cbll-logo-color-sm.png\",\"contentUrl\":\"https:\\\/\\\/cdn1.mediawpaccore.net\\\/wp-content\\\/uploads\\\/2021\\\/12\\\/28171206\\\/cbll-logo-color-sm.png\",\"width\":600,\"height\":133,\"caption\":\"Cuballama\"},\"image\":{\"@id\":\"https:\\\/\\\/www.cuballama.com\\\/noticias\\\/#\\\/schema\\\/logo\\\/image\\\/\"},\"sameAs\":[\"https:\\\/\\\/www.facebook.com\\\/CubaLlama\",\"https:\\\/\\\/x.com\\\/cuballama\",\"https:\\\/\\\/www.instagram.com\\\/stories\\\/cuballama_oficial\\\/\",\"https:\\\/\\\/www.youtube.com\\\/channel\\\/UCKkFE-d_axENGZcrc4as0IA\"]},{\"@type\":\"Person\",\"@id\":\"https:\\\/\\\/www.cuballama.com\\\/noticias\\\/#\\\/schema\\\/person\\\/a58502ed4146c8e9f83872e897c76cd2\",\"name\":\"Roberto A.\",\"description\":\"Roberto A. Periodista por decisi\u00f3n propia. Interesado en cualquier tema que me apasione y cada vez m\u00e1s comprometido con la verdad y la objetividad period\u00edstica. Graduado en La Habana hace ya muchos a\u00f1os, luego de una accidentada y polvorienta b\u00fasqueda de informaci\u00f3n sobre un tema in\u00e9dito. La Tesis, por cierto, desapareci\u00f3 de la biblioteca y no se conservan copias de la misma.\",\"url\":\"https:\\\/\\\/www.cuballama.com\\\/noticias\\\/author\\\/roberto\\\/\"}]}<\/script>\n<!-- \/ Yoast SEO plugin. -->","yoast_head_json":{"title":"Estados Unidos e Ir\u00e1n entran en una fase de choque abierto tras el ataque con drones a embajada en Riad - Cuballama Noticias","description":"Guerra entre Estados Unidos e Ir\u00e1n escala: drones golpean embajada en Riad, 6 soldados muertos y amenaza sobre Hormuz sacude al Golfo hoy.","robots":{"index":"index","follow":"follow","max-snippet":"max-snippet:-1","max-image-preview":"max-image-preview:large","max-video-preview":"max-video-preview:-1"},"canonical":"https:\/\/www.cuballama.com\/noticias\/estados-unidos-e-iran-entran-en-una-fase-de-choque-abierto-tras-el-ataque-con-drones-a-embajada-en-riad\/","og_locale":"es_ES","og_type":"article","og_title":"Estados Unidos e Ir\u00e1n entran en una fase de choque abierto tras el ataque con drones a embajada en Riad - Cuballama Noticias","og_description":"Guerra entre Estados Unidos e Ir\u00e1n escala: drones golpean embajada en Riad, 6 soldados muertos y amenaza sobre Hormuz sacude al Golfo hoy.","og_url":"https:\/\/www.cuballama.com\/noticias\/estados-unidos-e-iran-entran-en-una-fase-de-choque-abierto-tras-el-ataque-con-drones-a-embajada-en-riad\/","og_site_name":"Cuballama Noticias","article_publisher":"https:\/\/www.facebook.com\/CubaLlama","article_published_time":"2026-03-03T12:39:20+00:00","article_modified_time":"2026-03-03T12:39:22+00:00","og_image":[{"width":1200,"height":630,"url":"https:\/\/cdn1.mediawpaccore.net\/wp-content\/uploads\/2026\/01\/30070535\/G_sHzfZWkAAUiV11.jpg","type":"image\/jpeg"}],"author":"Roberto A.","twitter_card":"summary_large_image","twitter_creator":"@cuballama","twitter_site":"@cuballama","twitter_misc":{"Escrito por":"Roberto A.","Tiempo de lectura":"5 minutos"},"schema":{"@context":"https:\/\/schema.org","@graph":[{"@type":"Article","@id":"https:\/\/www.cuballama.com\/noticias\/estados-unidos-e-iran-entran-en-una-fase-de-choque-abierto-tras-el-ataque-con-drones-a-embajada-en-riad\/#article","isPartOf":{"@id":"https:\/\/www.cuballama.com\/noticias\/estados-unidos-e-iran-entran-en-una-fase-de-choque-abierto-tras-el-ataque-con-drones-a-embajada-en-riad\/"},"author":{"name":"Roberto A.","@id":"https:\/\/www.cuballama.com\/noticias\/#\/schema\/person\/a58502ed4146c8e9f83872e897c76cd2"},"headline":"Estados Unidos e Ir\u00e1n entran en una fase de choque abierto tras el ataque con drones a embajada en Riad","datePublished":"2026-03-03T12:39:20+00:00","dateModified":"2026-03-03T12:39:22+00:00","mainEntityOfPage":{"@id":"https:\/\/www.cuballama.com\/noticias\/estados-unidos-e-iran-entran-en-una-fase-de-choque-abierto-tras-el-ataque-con-drones-a-embajada-en-riad\/"},"wordCount":1117,"commentCount":0,"publisher":{"@id":"https:\/\/www.cuballama.com\/noticias\/#organization"},"image":{"@id":"https:\/\/www.cuballama.com\/noticias\/estados-unidos-e-iran-entran-en-una-fase-de-choque-abierto-tras-el-ataque-con-drones-a-embajada-en-riad\/#primaryimage"},"thumbnailUrl":"https:\/\/cdn1.mediawpaccore.net\/wp-content\/uploads\/2026\/01\/30070535\/G_sHzfZWkAAUiV11.jpg","keywords":["Arabia Saudita","CENTCOM","destacado","Donald Trump","drones","Estados Unidos","estrecho de Ormuz","Golfo P\u00e9rsico","Ir\u00e1n","Israel","Marco Rubio","Operation Epic Fury","Riad"],"articleSection":["Noticias","Noticias Internacionales","USA"],"inLanguage":"es","potentialAction":[{"@type":"CommentAction","name":"Comment","target":["https:\/\/www.cuballama.com\/noticias\/estados-unidos-e-iran-entran-en-una-fase-de-choque-abierto-tras-el-ataque-con-drones-a-embajada-en-riad\/#respond"]}]},{"@type":"WebPage","@id":"https:\/\/www.cuballama.com\/noticias\/estados-unidos-e-iran-entran-en-una-fase-de-choque-abierto-tras-el-ataque-con-drones-a-embajada-en-riad\/","url":"https:\/\/www.cuballama.com\/noticias\/estados-unidos-e-iran-entran-en-una-fase-de-choque-abierto-tras-el-ataque-con-drones-a-embajada-en-riad\/","name":"Estados Unidos e Ir\u00e1n entran en una fase de choque abierto tras el ataque con drones a embajada en Riad - Cuballama Noticias","isPartOf":{"@id":"https:\/\/www.cuballama.com\/noticias\/#website"},"primaryImageOfPage":{"@id":"https:\/\/www.cuballama.com\/noticias\/estados-unidos-e-iran-entran-en-una-fase-de-choque-abierto-tras-el-ataque-con-drones-a-embajada-en-riad\/#primaryimage"},"image":{"@id":"https:\/\/www.cuballama.com\/noticias\/estados-unidos-e-iran-entran-en-una-fase-de-choque-abierto-tras-el-ataque-con-drones-a-embajada-en-riad\/#primaryimage"},"thumbnailUrl":"https:\/\/cdn1.mediawpaccore.net\/wp-content\/uploads\/2026\/01\/30070535\/G_sHzfZWkAAUiV11.jpg","datePublished":"2026-03-03T12:39:20+00:00","dateModified":"2026-03-03T12:39:22+00:00","description":"Guerra entre Estados Unidos e Ir\u00e1n escala: drones golpean embajada en Riad, 6 soldados muertos y amenaza sobre Hormuz sacude al Golfo hoy.","breadcrumb":{"@id":"https:\/\/www.cuballama.com\/noticias\/estados-unidos-e-iran-entran-en-una-fase-de-choque-abierto-tras-el-ataque-con-drones-a-embajada-en-riad\/#breadcrumb"},"inLanguage":"es","potentialAction":[{"@type":"ReadAction","target":["https:\/\/www.cuballama.com\/noticias\/estados-unidos-e-iran-entran-en-una-fase-de-choque-abierto-tras-el-ataque-con-drones-a-embajada-en-riad\/"]}]},{"@type":"ImageObject","inLanguage":"es","@id":"https:\/\/www.cuballama.com\/noticias\/estados-unidos-e-iran-entran-en-una-fase-de-choque-abierto-tras-el-ataque-con-drones-a-embajada-en-riad\/#primaryimage","url":"https:\/\/cdn1.mediawpaccore.net\/wp-content\/uploads\/2026\/01\/30070535\/G_sHzfZWkAAUiV11.jpg","contentUrl":"https:\/\/cdn1.mediawpaccore.net\/wp-content\/uploads\/2026\/01\/30070535\/G_sHzfZWkAAUiV11.jpg","width":1200,"height":630,"caption":"Presidente Donald Trump. Foto: X\/The White House."},{"@type":"BreadcrumbList","@id":"https:\/\/www.cuballama.com\/noticias\/estados-unidos-e-iran-entran-en-una-fase-de-choque-abierto-tras-el-ataque-con-drones-a-embajada-en-riad\/#breadcrumb","itemListElement":[{"@type":"ListItem","position":1,"name":"Home","item":"https:\/\/www.cuballama.com\/noticias\/"},{"@type":"ListItem","position":2,"name":"Estados Unidos e Ir\u00e1n entran en una fase de choque abierto tras el ataque con drones a embajada en Riad"}]},{"@type":"WebSite","@id":"https:\/\/www.cuballama.com\/noticias\/#website","url":"https:\/\/www.cuballama.com\/noticias\/","name":"Cuballama Noticias","description":"Medio digital sobre Cuba y el mundo","publisher":{"@id":"https:\/\/www.cuballama.com\/noticias\/#organization"},"potentialAction":[{"@type":"SearchAction","target":{"@type":"EntryPoint","urlTemplate":"https:\/\/www.cuballama.com\/noticias\/?s={search_term_string}"},"query-input":{"@type":"PropertyValueSpecification","valueRequired":true,"valueName":"search_term_string"}}],"inLanguage":"es"},{"@type":"Organization","@id":"https:\/\/www.cuballama.com\/noticias\/#organization","name":"Cuballama","url":"https:\/\/www.cuballama.com\/noticias\/","logo":{"@type":"ImageObject","inLanguage":"es","@id":"https:\/\/www.cuballama.com\/noticias\/#\/schema\/logo\/image\/","url":"https:\/\/cdn1.mediawpaccore.net\/wp-content\/uploads\/2021\/12\/28171206\/cbll-logo-color-sm.png","contentUrl":"https:\/\/cdn1.mediawpaccore.net\/wp-content\/uploads\/2021\/12\/28171206\/cbll-logo-color-sm.png","width":600,"height":133,"caption":"Cuballama"},"image":{"@id":"https:\/\/www.cuballama.com\/noticias\/#\/schema\/logo\/image\/"},"sameAs":["https:\/\/www.facebook.com\/CubaLlama","https:\/\/x.com\/cuballama","https:\/\/www.instagram.com\/stories\/cuballama_oficial\/","https:\/\/www.youtube.com\/channel\/UCKkFE-d_axENGZcrc4as0IA"]},{"@type":"Person","@id":"https:\/\/www.cuballama.com\/noticias\/#\/schema\/person\/a58502ed4146c8e9f83872e897c76cd2","name":"Roberto A.","description":"Roberto A. Periodista por decisi\u00f3n propia. Interesado en cualquier tema que me apasione y cada vez m\u00e1s comprometido con la verdad y la objetividad period\u00edstica. Graduado en La Habana hace ya muchos a\u00f1os, luego de una accidentada y polvorienta b\u00fasqueda de informaci\u00f3n sobre un tema in\u00e9dito. La Tesis, por cierto, desapareci\u00f3 de la biblioteca y no se conservan copias de la misma.","url":"https:\/\/www.cuballama.com\/noticias\/author\/roberto\/"}]}},"_links":{"self":[{"href":"https:\/\/www.cuballama.com\/noticias\/wp-json\/wp\/v2\/posts\/236889","targetHints":{"allow":["GET"]}}],"collection":[{"href":"https:\/\/www.cuballama.com\/noticias\/wp-json\/wp\/v2\/posts"}],"about":[{"href":"https:\/\/www.cuballama.com\/noticias\/wp-json\/wp\/v2\/types\/post"}],"author":[{"embeddable":true,"href":"https:\/\/www.cuballama.com\/noticias\/wp-json\/wp\/v2\/users\/13"}],"replies":[{"embeddable":true,"href":"https:\/\/www.cuballama.com\/noticias\/wp-json\/wp\/v2\/comments?post=236889"}],"version-history":[{"count":3,"href":"https:\/\/www.cuballama.com\/noticias\/wp-json\/wp\/v2\/posts\/236889\/revisions"}],"predecessor-version":[{"id":236896,"href":"https:\/\/www.cuballama.com\/noticias\/wp-json\/wp\/v2\/posts\/236889\/revisions\/236896"}],"wp:featuredmedia":[{"embeddable":true,"href":"https:\/\/www.cuballama.com\/noticias\/wp-json\/wp\/v2\/media\/233884"}],"wp:attachment":[{"href":"https:\/\/www.cuballama.com\/noticias\/wp-json\/wp\/v2\/media?parent=236889"}],"wp:term":[{"taxonomy":"category","embeddable":true,"href":"https:\/\/www.cuballama.com\/noticias\/wp-json\/wp\/v2\/categories?post=236889"},{"taxonomy":"post_tag","embeddable":true,"href":"https:\/\/www.cuballama.com\/noticias\/wp-json\/wp\/v2\/tags?post=236889"}],"curies":[{"name":"wp","href":"https:\/\/api.w.org\/{rel}","templated":true}]}}