{"id":236885,"date":"2026-03-03T14:08:27","date_gmt":"2026-03-03T19:08:27","guid":{"rendered":"https:\/\/www.cuballama.com\/noticias\/?p=236885"},"modified":"2026-03-03T14:08:32","modified_gmt":"2026-03-03T19:08:32","slug":"revelados-presuntos-nombres-de-los-diez-panamenos-detenidos-en-cuba-pero-algo-luce-raro","status":"publish","type":"post","link":"https:\/\/www.cuballama.com\/noticias\/revelados-presuntos-nombres-de-los-diez-panamenos-detenidos-en-cuba-pero-algo-luce-raro\/","title":{"rendered":"Revelados presuntos nombres de los diez \u00abpaname\u00f1os\u00bb detenidos en Cuba, pero algo luce raro"},"content":{"rendered":"\n<p>Cuba asegur\u00f3 haber detenido en La Habana a diez ciudadanos paname\u00f1os por presuntos actos de \u201cpropaganda contra el orden constitucional\u201d, un anuncio que medios dentro y fuera de la isla han venido siguiendo desde este lunes, en medio de un clima regional especialmente sensible. <\/p>\n\n\n\n<p>La versi\u00f3n oficial cubana sostiene que se trata de personas residentes en Panam\u00e1 que habr\u00edan participado en acciones de corte pol\u00edtico, aunque el comunicado y sus r\u00e9plicas p\u00fablicas han dejado un vac\u00edo: durante horas circularon el caso y los se\u00f1alamientos, pero no circulaban con la misma claridad los nombres, ni un paquete b\u00e1sico de datos verificables sobre los detenidos.<\/p>\n\n\n\n<iframe loading=\"lazy\" src=\"https:\/\/www.facebook.com\/plugins\/post.php?href=https%3A%2F%2Fwww.facebook.com%2FPresidenciaDeCuba%2Fposts%2Fpfbid02ReCDj4udoXK7vZgQm7pyT4VjU1ofFP7Eyzm7Sbd4YWCS7nHnvqdvJSjBFyryaUkUl&#038;show_text=true&#038;width=500\" width=\"500\" height=\"756\" style=\"border:none;overflow:hidden\" scrolling=\"no\" frameborder=\"0\" allowfullscreen=\"true\" allow=\"autoplay; clipboard-write; encrypted-media; picture-in-picture; web-share\"><\/iframe>\n\n\n\n<p>La lista termin\u00f3 abri\u00e9ndose paso por la v\u00eda m\u00e1s habitual en 2026: primero en redes sociales y luego \u201crebote\u201d en portales period\u00edsticos paname\u00f1os o en las redes sociales de periodistas cubanoamericanos como Mario Vallejo<\/p>\n\n\n\n<p>Entre los nombres difundidos aparecen: V\u00edctor Manuel Pinz\u00f3n Cede\u00f1o, Evelyn Edith Castro, Anthony Williams Jules P\u00e9rez, Omar Gilberto Urriola Vergara, Maykol Jes\u00fas P\u00e9rez Almendra, Adalberto Antonio Navarro Asprilla, Abigail Stefany Gudino Castro, Patrochny Jerodany Joseph Ariserana, Jos\u00e9 Luis Aguirre Baruco y Cinthia del Carmen Camarena Castro. Esa n\u00f3mina ha sido reproducida tal cual por al menos un medio digital y replicada por otros, aunque no siempre queda transparente cu\u00e1l fue la fuente primaria de los nombres ni en qu\u00e9 momento exacto la autoridad cubana los habr\u00eda hecho p\u00fablicos con car\u00e1cter oficial. <\/p>\n\n\n\n<p>Al parecer, la fuente primaria fue <a href=\"https:\/\/www.instagram.com\/p\/DVZUu3cD9I9\/\">esta<\/a>. O al menos es la que cit\u00f3 ECOTVPanam\u00e1. <\/p>\n\n\n\n<blockquote class=\"instagram-media\" data-instgrm-captioned data-instgrm-permalink=\"https:\/\/www.instagram.com\/p\/DVZUu3cD9I9\/?utm_source=ig_embed&amp;utm_campaign=loading\" data-instgrm-version=\"14\" style=\" background:#FFF; border:0; border-radius:3px; box-shadow:0 0 1px 0 rgba(0,0,0,0.5),0 1px 10px 0 rgba(0,0,0,0.15); margin: 1px; max-width:540px; min-width:326px; padding:0; width:99.375%; width:-webkit-calc(100% - 2px); width:calc(100% - 2px);\"><div style=\"padding:16px;\"> <a href=\"https:\/\/www.instagram.com\/p\/DVZUu3cD9I9\/?utm_source=ig_embed&amp;utm_campaign=loading\" style=\" background:#FFFFFF; line-height:0; padding:0 0; text-align:center; text-decoration:none; width:100%;\" target=\"_blank\"> <div style=\" display: flex; flex-direction: row; align-items: center;\"> <div style=\"background-color: #F4F4F4; border-radius: 50%; flex-grow: 0; height: 40px; margin-right: 14px; width: 40px;\"><\/div> <div style=\"display: flex; flex-direction: column; flex-grow: 1; justify-content: center;\"> <div style=\" background-color: #F4F4F4; border-radius: 4px; flex-grow: 0; height: 14px; margin-bottom: 6px; width: 100px;\"><\/div> <div style=\" background-color: #F4F4F4; border-radius: 4px; flex-grow: 0; height: 14px; width: 60px;\"><\/div><\/div><\/div><div style=\"padding: 19% 0;\"><\/div> <div style=\"display:block; height:50px; margin:0 auto 12px; width:50px;\"><svg width=\"50px\" height=\"50px\" viewBox=\"0 0 60 60\" version=\"1.1\" xmlns=\"https:\/\/www.w3.org\/2000\/svg\" xmlns:xlink=\"https:\/\/www.w3.org\/1999\/xlink\"><g stroke=\"none\" stroke-width=\"1\" fill=\"none\" fill-rule=\"evenodd\"><g transform=\"translate(-511.000000, -20.000000)\" fill=\"#000000\"><g><path d=\"M556.869,30.41 C554.814,30.41 553.148,32.076 553.148,34.131 C553.148,36.186 554.814,37.852 556.869,37.852 C558.924,37.852 560.59,36.186 560.59,34.131 C560.59,32.076 558.924,30.41 556.869,30.41 M541,60.657 C535.114,60.657 530.342,55.887 530.342,50 C530.342,44.114 535.114,39.342 541,39.342 C546.887,39.342 551.658,44.114 551.658,50 C551.658,55.887 546.887,60.657 541,60.657 M541,33.886 C532.1,33.886 524.886,41.1 524.886,50 C524.886,58.899 532.1,66.113 541,66.113 C549.9,66.113 557.115,58.899 557.115,50 C557.115,41.1 549.9,33.886 541,33.886 M565.378,62.101 C565.244,65.022 564.756,66.606 564.346,67.663 C563.803,69.06 563.154,70.057 562.106,71.106 C561.058,72.155 560.06,72.803 558.662,73.347 C557.607,73.757 556.021,74.244 553.102,74.378 C549.944,74.521 548.997,74.552 541,74.552 C533.003,74.552 532.056,74.521 528.898,74.378 C525.979,74.244 524.393,73.757 523.338,73.347 C521.94,72.803 520.942,72.155 519.894,71.106 C518.846,70.057 518.197,69.06 517.654,67.663 C517.244,66.606 516.755,65.022 516.623,62.101 C516.479,58.943 516.448,57.996 516.448,50 C516.448,42.003 516.479,41.056 516.623,37.899 C516.755,34.978 517.244,33.391 517.654,32.338 C518.197,30.938 518.846,29.942 519.894,28.894 C520.942,27.846 521.94,27.196 523.338,26.654 C524.393,26.244 525.979,25.756 528.898,25.623 C532.057,25.479 533.004,25.448 541,25.448 C548.997,25.448 549.943,25.479 553.102,25.623 C556.021,25.756 557.607,26.244 558.662,26.654 C560.06,27.196 561.058,27.846 562.106,28.894 C563.154,29.942 563.803,30.938 564.346,32.338 C564.756,33.391 565.244,34.978 565.378,37.899 C565.522,41.056 565.552,42.003 565.552,50 C565.552,57.996 565.522,58.943 565.378,62.101 M570.82,37.631 C570.674,34.438 570.167,32.258 569.425,30.349 C568.659,28.377 567.633,26.702 565.965,25.035 C564.297,23.368 562.623,22.342 560.652,21.575 C558.743,20.834 556.562,20.326 553.369,20.18 C550.169,20.033 549.148,20 541,20 C532.853,20 531.831,20.033 528.631,20.18 C525.438,20.326 523.257,20.834 521.349,21.575 C519.376,22.342 517.703,23.368 516.035,25.035 C514.368,26.702 513.342,28.377 512.574,30.349 C511.834,32.258 511.326,34.438 511.181,37.631 C511.035,40.831 511,41.851 511,50 C511,58.147 511.035,59.17 511.181,62.369 C511.326,65.562 511.834,67.743 512.574,69.651 C513.342,71.625 514.368,73.296 516.035,74.965 C517.703,76.634 519.376,77.658 521.349,78.425 C523.257,79.167 525.438,79.673 528.631,79.82 C531.831,79.965 532.853,80.001 541,80.001 C549.148,80.001 550.169,79.965 553.369,79.82 C556.562,79.673 558.743,79.167 560.652,78.425 C562.623,77.658 564.297,76.634 565.965,74.965 C567.633,73.296 568.659,71.625 569.425,69.651 C570.167,67.743 570.674,65.562 570.82,62.369 C570.966,59.17 571,58.147 571,50 C571,41.851 570.966,40.831 570.82,37.631\"><\/path><\/g><\/g><\/g><\/svg><\/div><div style=\"padding-top: 8px;\"> <div style=\" color:#3897f0; font-family:Arial,sans-serif; font-size:14px; font-style:normal; font-weight:550; line-height:18px;\">View this post on Instagram<\/div><\/div><div style=\"padding: 12.5% 0;\"><\/div> <div style=\"display: flex; flex-direction: row; margin-bottom: 14px; align-items: center;\"><div> <div style=\"background-color: #F4F4F4; border-radius: 50%; height: 12.5px; width: 12.5px; transform: translateX(0px) translateY(7px);\"><\/div> <div style=\"background-color: #F4F4F4; height: 12.5px; transform: rotate(-45deg) translateX(3px) translateY(1px); width: 12.5px; flex-grow: 0; margin-right: 14px; margin-left: 2px;\"><\/div> <div style=\"background-color: #F4F4F4; border-radius: 50%; height: 12.5px; width: 12.5px; transform: translateX(9px) translateY(-18px);\"><\/div><\/div><div style=\"margin-left: 8px;\"> <div style=\" background-color: #F4F4F4; border-radius: 50%; flex-grow: 0; height: 20px; width: 20px;\"><\/div> <div style=\" width: 0; height: 0; border-top: 2px solid transparent; border-left: 6px solid #f4f4f4; border-bottom: 2px solid transparent; transform: translateX(16px) translateY(-4px) rotate(30deg)\"><\/div><\/div><div style=\"margin-left: auto;\"> <div style=\" width: 0px; border-top: 8px solid #F4F4F4; border-right: 8px solid transparent; transform: translateY(16px);\"><\/div> <div style=\" background-color: #F4F4F4; flex-grow: 0; height: 12px; width: 16px; transform: translateY(-4px);\"><\/div> <div style=\" width: 0; height: 0; border-top: 8px solid #F4F4F4; border-left: 8px solid transparent; transform: translateY(-4px) translateX(8px);\"><\/div><\/div><\/div> <div style=\"display: flex; flex-direction: column; flex-grow: 1; justify-content: center; margin-bottom: 24px;\"> <div style=\" background-color: #F4F4F4; border-radius: 4px; flex-grow: 0; height: 14px; margin-bottom: 6px; width: 224px;\"><\/div> <div style=\" background-color: #F4F4F4; border-radius: 4px; flex-grow: 0; height: 14px; width: 144px;\"><\/div><\/div><\/a><p style=\" color:#c9c8cd; font-family:Arial,sans-serif; font-size:14px; line-height:17px; margin-bottom:0; margin-top:8px; overflow:hidden; padding:8px 0 7px; text-align:center; text-overflow:ellipsis; white-space:nowrap;\"><a href=\"https:\/\/www.instagram.com\/p\/DVZUu3cD9I9\/?utm_source=ig_embed&amp;utm_campaign=loading\" style=\" color:#c9c8cd; font-family:Arial,sans-serif; font-size:14px; font-style:normal; font-weight:normal; line-height:17px; text-decoration:none;\" target=\"_blank\">A post shared by CAMINO A LA DEMOCRACIA PAC\u00cdFICA DE CUBA (@caminoalademocraciapacifica)<\/a><\/p><\/div><\/blockquote>\n<script async src=\"\/\/www.instagram.com\/embed.js\"><\/script>\n\n\n\n<p>Sin embargo, una vez m\u00e1s, algo \u201craro\u201d surge con una informaci\u00f3n proveniente de Cuba o que involucra al r\u00e9gime de la isla y es la siguiente.<\/p>\n\n\n\n<p>Intentamos rastrear cada nombre, y no es solo que sea llamativo el resultado arrojado, sino el tipo de huella que dejan \u2014o no dejan\u2014 esos diez nombres cuando se busca una confirmaci\u00f3n m\u00ednima en internet. <\/p>\n\n\n\n<p>En una comprobaci\u00f3n b\u00e1sica en buscadores abiertos, varios de los nombres arrojan resultados pobres o ambiguos: p\u00e1ginas de directorios, coincidencias parciales, registros no concluyentes o entradas que parecen m\u00e1s dise\u00f1adas para capturar suscripciones que para sostener verificaci\u00f3n period\u00edstica. <\/p>\n\n\n\n<p>En el mejor de los casos, lo que aparece es compatible con hom\u00f3nimos, y en el peor, con fichas sin respaldo documental. Eso no prueba que los nombres sean falsos, pero s\u00ed explica por qu\u00e9 el asunto se siente desacompasado: diez supuestos ciudadanos de un pa\u00eds espec\u00edfico y, aun as\u00ed, casi ning\u00fan rastro p\u00fablico consistente que los amarre a biograf\u00edas, lugares, fotos o actividad digital comprobable.<\/p>\n\n\n\n<p>Por ejemplo. Ninguno de los tres nombres de mujeres aparece en Instagram. Y resulta raro, muy raro, que hoy en d\u00eda, una mujer no tenga cuenta en Instagram. En Facebook tampoco est\u00e1 claro nada, y resulta raro que en diez nombres no aparezca un resultado claro para uno.<\/p>\n\n\n\n<p>\u00bfQu\u00e9 nos apareci\u00f3 en la b\u00fasqueda? Un <a href=\"https:\/\/www.facebook.com\/arielantonio.navarroasprilla\" target=\"_blank\" rel=\"noreferrer noopener nofollow\">Ariel Antonio Navarro Asprilla<\/a>, paname\u00f1o, cuyo padre se llama <a href=\"https:\/\/www.facebook.com\/adalberto.navarro.167\/friends\" target=\"_blank\" rel=\"noreferrer noopener nofollow\">Adalberto<\/a>. Ambos,  juzgar por sus fotos en redes sociales pertenecen al cuerpo de bomberos. <\/p>\n\n\n\n<p>Tambi\u00e9n apareci\u00f3 en Facebook un <a href=\"https:\/\/www.facebook.com\/profile.php?id=61578773236957\" target=\"_blank\" rel=\"noreferrer noopener nofollow\">Omar Gilberto Urriola Vergara<\/a>, paname\u00f1o, pero sin fotos.  Y en <em><a href=\"https:\/\/www.instagram.com\/___abigail_gudino_122___\/\" target=\"_blank\" rel=\"noreferrer noopener nofollow\">Instagram<\/a><\/em>, una Abigail Gudino que se identifica como folclorista. Y nada m\u00e1s.<\/p>\n\n\n\n<p>\u00bfBomberos y folcloristas yendo a otro pa\u00eds a dibujar carteles por $1500 d\u00f3lares? \u00bfDiez? <\/p>\n\n\n\n<p>Est\u00e1 tambi\u00e9n el caso de Anthony Williams Jules P\u00e9rez, quien aparece en los llamados <em><a href=\"https:\/\/www.panadata.net\/en\/personas\/id_8-790-15\" target=\"_blank\" rel=\"noreferrer noopener nofollow\">Panam\u00e1 Papers<\/a><\/em>, pero el enlace a su perfil es un n\u00famero, no su nombre, que es como suelen aparecer. Tampoco su nombre tiene rostro.<\/p>\n\n\n\n<p>Una fuente consultada dijo, a modo de sarcasmo, que muy probablemente hayan sido \u00absacados de la Selva del Dari\u00e9n\u00bb, pues resulta muy raro que sean nombres irrasteables.<\/p>\n\n\n\n<p>\u00ab<em>Tal vez son descendientes de una tribu, al menos este, Patrochny Jerodany Joseph Ariserana; y all\u00ed no haya llegado ni Facebook, ni Instagram, ni Tiktok. Si tiene que ver con Cuba, cualquier cosa puede suceder<\/em>\u00ab, concluy\u00f3. <\/p>\n\n\n\n<p>Mientras tanto, el Gobierno de Panam\u00e1, que ya confirm\u00f3 la\u00a0detenci\u00f3n en La Habana de los diez ciudadanos paname\u00f1os, exigi\u00f3 a las autoridades cubanas garant\u00edas procesales, acceso consular continuo y respeto al debido proceso.<\/p>\n\n\n\n<p>En un comunicado oficial, el Ministerio de Relaciones Exteriores inform\u00f3 que recibi\u00f3 confirmaci\u00f3n desde su embajada en La Habana sobre el arresto del grupo y se\u00f1al\u00f3 que ha estado realizando gestiones formales ante la Canciller\u00eda cubana para conocer la situaci\u00f3n jur\u00eddica de sus connacionales.<\/p>\n\n\n\n<figure class=\"wp-block-image size-large\"><img loading=\"lazy\" decoding=\"async\" width=\"819\" height=\"1024\" src=\"https:\/\/cdn1.mediawpaccore.net\/wp-content\/uploads\/2026\/03\/03061115\/comunicado_panama_260302-819x1024.jpg\" alt=\"\" class=\"wp-image-236916\" srcset=\"https:\/\/cdn1.mediawpaccore.net\/wp-content\/uploads\/2026\/03\/03061115\/comunicado_panama_260302-819x1024.jpg 819w, https:\/\/cdn1.mediawpaccore.net\/wp-content\/uploads\/2026\/03\/03061115\/comunicado_panama_260302-240x300.jpg 240w, https:\/\/cdn1.mediawpaccore.net\/wp-content\/uploads\/2026\/03\/03061115\/comunicado_panama_260302-768x960.jpg 768w, https:\/\/cdn1.mediawpaccore.net\/wp-content\/uploads\/2026\/03\/03061115\/comunicado_panama_260302-336x420.jpg 336w, https:\/\/cdn1.mediawpaccore.net\/wp-content\/uploads\/2026\/03\/03061115\/comunicado_panama_260302-150x188.jpg 150w, https:\/\/cdn1.mediawpaccore.net\/wp-content\/uploads\/2026\/03\/03061115\/comunicado_panama_260302-300x375.jpg 300w, https:\/\/cdn1.mediawpaccore.net\/wp-content\/uploads\/2026\/03\/03061115\/comunicado_panama_260302-696x870.jpg 696w, https:\/\/cdn1.mediawpaccore.net\/wp-content\/uploads\/2026\/03\/03061115\/comunicado_panama_260302.jpg 960w\" sizes=\"auto, (max-width: 819px) 100vw, 819px\" \/><\/figure>\n\n\n\n<p><strong>Noticia relacionada: <a href=\"https:\/\/www.cuballama.com\/noticias\/detienen-en-la-habana-a-diez-panamenos-por-presuntos-delitos-contra-el-gobierno-cubano\/\" target=\"_blank\" rel=\"noreferrer noopener nofollow\">\u00a1\u00daltima hora!: Detienen en La Habana a diez paname\u00f1os por presuntos delitos contra el gobierno cubano<br><\/a><\/strong><br><\/p>\n\n\n\n<p><\/p>\n","protected":false},"excerpt":{"rendered":"<p> Cuba dijo haber detenido a diez paname\u00f1os en La Habana por \u201cpropaganda contra el orden constitucional\u201d. Los nombres circularon en redes y algunos medios los replicaron, pero su huella digital p\u00fablica es m\u00ednima y la historia exige confirmaci\u00f3n institucional y consular.<\/p>\n","protected":false},"author":13,"featured_media":236909,"comment_status":"open","ping_status":"closed","sticky":false,"template":"","format":"standard","meta":{"_acf_changed":false,"footnotes":""},"categories":[18,955,957],"tags":[11,2864,1125,7174,164,1870,30810,729,30809],"class_list":{"0":"post-236885","1":"post","2":"type-post","3":"status-publish","4":"format-standard","5":"has-post-thumbnail","7":"category-noticias","8":"category-noticias-de-cuba","9":"category-noticias-internacionales","10":"tag-cuba","11":"tag-derechos-humanos","12":"tag-detenidos","13":"tag-diplomacia","14":"tag-la-habana","15":"tag-panama","16":"tag-propaganda-contra-el-orden-constitucional","17":"tag-redes-sociales","18":"tag-verificacion"},"acf":[],"yoast_head":"<!-- This site is optimized with the Yoast SEO plugin v27.4 - https:\/\/yoast.com\/product\/yoast-seo-wordpress\/ -->\n<title>Revelados presuntos nombres de los diez &quot;paname\u00f1os&quot; detenidos en Cuba, pero algo luce raro - Cuballama Noticias<\/title>\n<meta name=\"description\" content=\"Cuba hoy afirma diez paname\u00f1os detenidos por propaganda; la lista de nombres circula, pero no hay huella digital verificable.\" \/>\n<meta name=\"robots\" content=\"index, follow, max-snippet:-1, max-image-preview:large, max-video-preview:-1\" \/>\n<link rel=\"canonical\" href=\"https:\/\/www.cuballama.com\/noticias\/revelados-presuntos-nombres-de-los-diez-panamenos-detenidos-en-cuba-pero-algo-luce-raro\/\" \/>\n<meta property=\"og:locale\" content=\"es_ES\" \/>\n<meta property=\"og:type\" content=\"article\" \/>\n<meta property=\"og:title\" content=\"Revelados presuntos nombres de los diez &quot;paname\u00f1os&quot; detenidos en Cuba, pero algo luce raro - Cuballama Noticias\" \/>\n<meta property=\"og:description\" content=\"Cuba hoy afirma diez paname\u00f1os detenidos por propaganda; la lista de nombres circula, pero no hay huella digital verificable.\" \/>\n<meta property=\"og:url\" content=\"https:\/\/www.cuballama.com\/noticias\/revelados-presuntos-nombres-de-los-diez-panamenos-detenidos-en-cuba-pero-algo-luce-raro\/\" \/>\n<meta property=\"og:site_name\" content=\"Cuballama Noticias\" \/>\n<meta property=\"article:publisher\" content=\"https:\/\/www.facebook.com\/CubaLlama\" \/>\n<meta property=\"article:published_time\" content=\"2026-03-03T19:08:27+00:00\" \/>\n<meta property=\"article:modified_time\" content=\"2026-03-03T19:08:32+00:00\" \/>\n<meta property=\"og:image\" content=\"https:\/\/cdn1.mediawpaccore.net\/wp-content\/uploads\/2026\/03\/03055752\/ChatGPT-Image-Mar-3-2026-11_57_33-AM.png\" \/>\n\t<meta property=\"og:image:width\" content=\"1536\" \/>\n\t<meta property=\"og:image:height\" content=\"1024\" \/>\n\t<meta property=\"og:image:type\" content=\"image\/png\" \/>\n<meta name=\"author\" content=\"Roberto A.\" \/>\n<meta name=\"twitter:card\" content=\"summary_large_image\" \/>\n<meta name=\"twitter:creator\" content=\"@cuballama\" \/>\n<meta name=\"twitter:site\" content=\"@cuballama\" \/>\n<meta name=\"twitter:label1\" content=\"Escrito por\" \/>\n\t<meta name=\"twitter:data1\" content=\"Roberto A.\" \/>\n\t<meta name=\"twitter:label2\" content=\"Tiempo de lectura\" \/>\n\t<meta name=\"twitter:data2\" content=\"4 minutos\" \/>\n<script type=\"application\/ld+json\" class=\"yoast-schema-graph\">{\"@context\":\"https:\\\/\\\/schema.org\",\"@graph\":[{\"@type\":\"Article\",\"@id\":\"https:\\\/\\\/www.cuballama.com\\\/noticias\\\/revelados-presuntos-nombres-de-los-diez-panamenos-detenidos-en-cuba-pero-algo-luce-raro\\\/#article\",\"isPartOf\":{\"@id\":\"https:\\\/\\\/www.cuballama.com\\\/noticias\\\/revelados-presuntos-nombres-de-los-diez-panamenos-detenidos-en-cuba-pero-algo-luce-raro\\\/\"},\"author\":{\"name\":\"Roberto A.\",\"@id\":\"https:\\\/\\\/www.cuballama.com\\\/noticias\\\/#\\\/schema\\\/person\\\/a58502ed4146c8e9f83872e897c76cd2\"},\"headline\":\"Revelados presuntos nombres de los diez \u00abpaname\u00f1os\u00bb detenidos en Cuba, pero algo luce raro\",\"datePublished\":\"2026-03-03T19:08:27+00:00\",\"dateModified\":\"2026-03-03T19:08:32+00:00\",\"mainEntityOfPage\":{\"@id\":\"https:\\\/\\\/www.cuballama.com\\\/noticias\\\/revelados-presuntos-nombres-de-los-diez-panamenos-detenidos-en-cuba-pero-algo-luce-raro\\\/\"},\"wordCount\":819,\"commentCount\":0,\"publisher\":{\"@id\":\"https:\\\/\\\/www.cuballama.com\\\/noticias\\\/#organization\"},\"image\":{\"@id\":\"https:\\\/\\\/www.cuballama.com\\\/noticias\\\/revelados-presuntos-nombres-de-los-diez-panamenos-detenidos-en-cuba-pero-algo-luce-raro\\\/#primaryimage\"},\"thumbnailUrl\":\"https:\\\/\\\/cdn1.mediawpaccore.net\\\/wp-content\\\/uploads\\\/2026\\\/03\\\/03055752\\\/ChatGPT-Image-Mar-3-2026-11_57_33-AM.png\",\"keywords\":[\"Cuba\",\"derechos humanos\",\"detenidos\",\"Diplomacia\",\"La Habana\",\"Panam\u00e1\",\"propaganda contra el orden constitucional\",\"redes Sociales\",\"verificaci\u00f3n\"],\"articleSection\":[\"Noticias\",\"Noticias de Cuba\",\"Noticias Internacionales\"],\"inLanguage\":\"es\",\"potentialAction\":[{\"@type\":\"CommentAction\",\"name\":\"Comment\",\"target\":[\"https:\\\/\\\/www.cuballama.com\\\/noticias\\\/revelados-presuntos-nombres-de-los-diez-panamenos-detenidos-en-cuba-pero-algo-luce-raro\\\/#respond\"]}]},{\"@type\":\"WebPage\",\"@id\":\"https:\\\/\\\/www.cuballama.com\\\/noticias\\\/revelados-presuntos-nombres-de-los-diez-panamenos-detenidos-en-cuba-pero-algo-luce-raro\\\/\",\"url\":\"https:\\\/\\\/www.cuballama.com\\\/noticias\\\/revelados-presuntos-nombres-de-los-diez-panamenos-detenidos-en-cuba-pero-algo-luce-raro\\\/\",\"name\":\"Revelados presuntos nombres de los diez \\\"paname\u00f1os\\\" detenidos en Cuba, pero algo luce raro - Cuballama Noticias\",\"isPartOf\":{\"@id\":\"https:\\\/\\\/www.cuballama.com\\\/noticias\\\/#website\"},\"primaryImageOfPage\":{\"@id\":\"https:\\\/\\\/www.cuballama.com\\\/noticias\\\/revelados-presuntos-nombres-de-los-diez-panamenos-detenidos-en-cuba-pero-algo-luce-raro\\\/#primaryimage\"},\"image\":{\"@id\":\"https:\\\/\\\/www.cuballama.com\\\/noticias\\\/revelados-presuntos-nombres-de-los-diez-panamenos-detenidos-en-cuba-pero-algo-luce-raro\\\/#primaryimage\"},\"thumbnailUrl\":\"https:\\\/\\\/cdn1.mediawpaccore.net\\\/wp-content\\\/uploads\\\/2026\\\/03\\\/03055752\\\/ChatGPT-Image-Mar-3-2026-11_57_33-AM.png\",\"datePublished\":\"2026-03-03T19:08:27+00:00\",\"dateModified\":\"2026-03-03T19:08:32+00:00\",\"description\":\"Cuba hoy afirma diez paname\u00f1os detenidos por propaganda; la lista de nombres circula, pero no hay huella digital verificable.\",\"breadcrumb\":{\"@id\":\"https:\\\/\\\/www.cuballama.com\\\/noticias\\\/revelados-presuntos-nombres-de-los-diez-panamenos-detenidos-en-cuba-pero-algo-luce-raro\\\/#breadcrumb\"},\"inLanguage\":\"es\",\"potentialAction\":[{\"@type\":\"ReadAction\",\"target\":[\"https:\\\/\\\/www.cuballama.com\\\/noticias\\\/revelados-presuntos-nombres-de-los-diez-panamenos-detenidos-en-cuba-pero-algo-luce-raro\\\/\"]}]},{\"@type\":\"ImageObject\",\"inLanguage\":\"es\",\"@id\":\"https:\\\/\\\/www.cuballama.com\\\/noticias\\\/revelados-presuntos-nombres-de-los-diez-panamenos-detenidos-en-cuba-pero-algo-luce-raro\\\/#primaryimage\",\"url\":\"https:\\\/\\\/cdn1.mediawpaccore.net\\\/wp-content\\\/uploads\\\/2026\\\/03\\\/03055752\\\/ChatGPT-Image-Mar-3-2026-11_57_33-AM.png\",\"contentUrl\":\"https:\\\/\\\/cdn1.mediawpaccore.net\\\/wp-content\\\/uploads\\\/2026\\\/03\\\/03055752\\\/ChatGPT-Image-Mar-3-2026-11_57_33-AM.png\",\"width\":1536,\"height\":1024,\"caption\":\"Foto: Generada por la IA\"},{\"@type\":\"BreadcrumbList\",\"@id\":\"https:\\\/\\\/www.cuballama.com\\\/noticias\\\/revelados-presuntos-nombres-de-los-diez-panamenos-detenidos-en-cuba-pero-algo-luce-raro\\\/#breadcrumb\",\"itemListElement\":[{\"@type\":\"ListItem\",\"position\":1,\"name\":\"Home\",\"item\":\"https:\\\/\\\/www.cuballama.com\\\/noticias\\\/\"},{\"@type\":\"ListItem\",\"position\":2,\"name\":\"Revelados presuntos nombres de los diez \u00abpaname\u00f1os\u00bb detenidos en Cuba, pero algo luce raro\"}]},{\"@type\":\"WebSite\",\"@id\":\"https:\\\/\\\/www.cuballama.com\\\/noticias\\\/#website\",\"url\":\"https:\\\/\\\/www.cuballama.com\\\/noticias\\\/\",\"name\":\"Cuballama Noticias\",\"description\":\"Medio digital sobre Cuba y el mundo\",\"publisher\":{\"@id\":\"https:\\\/\\\/www.cuballama.com\\\/noticias\\\/#organization\"},\"potentialAction\":[{\"@type\":\"SearchAction\",\"target\":{\"@type\":\"EntryPoint\",\"urlTemplate\":\"https:\\\/\\\/www.cuballama.com\\\/noticias\\\/?s={search_term_string}\"},\"query-input\":{\"@type\":\"PropertyValueSpecification\",\"valueRequired\":true,\"valueName\":\"search_term_string\"}}],\"inLanguage\":\"es\"},{\"@type\":\"Organization\",\"@id\":\"https:\\\/\\\/www.cuballama.com\\\/noticias\\\/#organization\",\"name\":\"Cuballama\",\"url\":\"https:\\\/\\\/www.cuballama.com\\\/noticias\\\/\",\"logo\":{\"@type\":\"ImageObject\",\"inLanguage\":\"es\",\"@id\":\"https:\\\/\\\/www.cuballama.com\\\/noticias\\\/#\\\/schema\\\/logo\\\/image\\\/\",\"url\":\"https:\\\/\\\/cdn1.mediawpaccore.net\\\/wp-content\\\/uploads\\\/2021\\\/12\\\/28171206\\\/cbll-logo-color-sm.png\",\"contentUrl\":\"https:\\\/\\\/cdn1.mediawpaccore.net\\\/wp-content\\\/uploads\\\/2021\\\/12\\\/28171206\\\/cbll-logo-color-sm.png\",\"width\":600,\"height\":133,\"caption\":\"Cuballama\"},\"image\":{\"@id\":\"https:\\\/\\\/www.cuballama.com\\\/noticias\\\/#\\\/schema\\\/logo\\\/image\\\/\"},\"sameAs\":[\"https:\\\/\\\/www.facebook.com\\\/CubaLlama\",\"https:\\\/\\\/x.com\\\/cuballama\",\"https:\\\/\\\/www.instagram.com\\\/stories\\\/cuballama_oficial\\\/\",\"https:\\\/\\\/www.youtube.com\\\/channel\\\/UCKkFE-d_axENGZcrc4as0IA\"]},{\"@type\":\"Person\",\"@id\":\"https:\\\/\\\/www.cuballama.com\\\/noticias\\\/#\\\/schema\\\/person\\\/a58502ed4146c8e9f83872e897c76cd2\",\"name\":\"Roberto A.\",\"description\":\"Roberto A. Periodista por decisi\u00f3n propia. Interesado en cualquier tema que me apasione y cada vez m\u00e1s comprometido con la verdad y la objetividad period\u00edstica. Graduado en La Habana hace ya muchos a\u00f1os, luego de una accidentada y polvorienta b\u00fasqueda de informaci\u00f3n sobre un tema in\u00e9dito. La Tesis, por cierto, desapareci\u00f3 de la biblioteca y no se conservan copias de la misma.\",\"url\":\"https:\\\/\\\/www.cuballama.com\\\/noticias\\\/author\\\/roberto\\\/\"}]}<\/script>\n<!-- \/ Yoast SEO plugin. -->","yoast_head_json":{"title":"Revelados presuntos nombres de los diez \"paname\u00f1os\" detenidos en Cuba, pero algo luce raro - Cuballama Noticias","description":"Cuba hoy afirma diez paname\u00f1os detenidos por propaganda; la lista de nombres circula, pero no hay huella digital verificable.","robots":{"index":"index","follow":"follow","max-snippet":"max-snippet:-1","max-image-preview":"max-image-preview:large","max-video-preview":"max-video-preview:-1"},"canonical":"https:\/\/www.cuballama.com\/noticias\/revelados-presuntos-nombres-de-los-diez-panamenos-detenidos-en-cuba-pero-algo-luce-raro\/","og_locale":"es_ES","og_type":"article","og_title":"Revelados presuntos nombres de los diez \"paname\u00f1os\" detenidos en Cuba, pero algo luce raro - Cuballama Noticias","og_description":"Cuba hoy afirma diez paname\u00f1os detenidos por propaganda; la lista de nombres circula, pero no hay huella digital verificable.","og_url":"https:\/\/www.cuballama.com\/noticias\/revelados-presuntos-nombres-de-los-diez-panamenos-detenidos-en-cuba-pero-algo-luce-raro\/","og_site_name":"Cuballama Noticias","article_publisher":"https:\/\/www.facebook.com\/CubaLlama","article_published_time":"2026-03-03T19:08:27+00:00","article_modified_time":"2026-03-03T19:08:32+00:00","og_image":[{"width":1536,"height":1024,"url":"https:\/\/cdn1.mediawpaccore.net\/wp-content\/uploads\/2026\/03\/03055752\/ChatGPT-Image-Mar-3-2026-11_57_33-AM.png","type":"image\/png"}],"author":"Roberto A.","twitter_card":"summary_large_image","twitter_creator":"@cuballama","twitter_site":"@cuballama","twitter_misc":{"Escrito por":"Roberto A.","Tiempo de lectura":"4 minutos"},"schema":{"@context":"https:\/\/schema.org","@graph":[{"@type":"Article","@id":"https:\/\/www.cuballama.com\/noticias\/revelados-presuntos-nombres-de-los-diez-panamenos-detenidos-en-cuba-pero-algo-luce-raro\/#article","isPartOf":{"@id":"https:\/\/www.cuballama.com\/noticias\/revelados-presuntos-nombres-de-los-diez-panamenos-detenidos-en-cuba-pero-algo-luce-raro\/"},"author":{"name":"Roberto A.","@id":"https:\/\/www.cuballama.com\/noticias\/#\/schema\/person\/a58502ed4146c8e9f83872e897c76cd2"},"headline":"Revelados presuntos nombres de los diez \u00abpaname\u00f1os\u00bb detenidos en Cuba, pero algo luce raro","datePublished":"2026-03-03T19:08:27+00:00","dateModified":"2026-03-03T19:08:32+00:00","mainEntityOfPage":{"@id":"https:\/\/www.cuballama.com\/noticias\/revelados-presuntos-nombres-de-los-diez-panamenos-detenidos-en-cuba-pero-algo-luce-raro\/"},"wordCount":819,"commentCount":0,"publisher":{"@id":"https:\/\/www.cuballama.com\/noticias\/#organization"},"image":{"@id":"https:\/\/www.cuballama.com\/noticias\/revelados-presuntos-nombres-de-los-diez-panamenos-detenidos-en-cuba-pero-algo-luce-raro\/#primaryimage"},"thumbnailUrl":"https:\/\/cdn1.mediawpaccore.net\/wp-content\/uploads\/2026\/03\/03055752\/ChatGPT-Image-Mar-3-2026-11_57_33-AM.png","keywords":["Cuba","derechos humanos","detenidos","Diplomacia","La Habana","Panam\u00e1","propaganda contra el orden constitucional","redes Sociales","verificaci\u00f3n"],"articleSection":["Noticias","Noticias de Cuba","Noticias Internacionales"],"inLanguage":"es","potentialAction":[{"@type":"CommentAction","name":"Comment","target":["https:\/\/www.cuballama.com\/noticias\/revelados-presuntos-nombres-de-los-diez-panamenos-detenidos-en-cuba-pero-algo-luce-raro\/#respond"]}]},{"@type":"WebPage","@id":"https:\/\/www.cuballama.com\/noticias\/revelados-presuntos-nombres-de-los-diez-panamenos-detenidos-en-cuba-pero-algo-luce-raro\/","url":"https:\/\/www.cuballama.com\/noticias\/revelados-presuntos-nombres-de-los-diez-panamenos-detenidos-en-cuba-pero-algo-luce-raro\/","name":"Revelados presuntos nombres de los diez \"paname\u00f1os\" detenidos en Cuba, pero algo luce raro - Cuballama Noticias","isPartOf":{"@id":"https:\/\/www.cuballama.com\/noticias\/#website"},"primaryImageOfPage":{"@id":"https:\/\/www.cuballama.com\/noticias\/revelados-presuntos-nombres-de-los-diez-panamenos-detenidos-en-cuba-pero-algo-luce-raro\/#primaryimage"},"image":{"@id":"https:\/\/www.cuballama.com\/noticias\/revelados-presuntos-nombres-de-los-diez-panamenos-detenidos-en-cuba-pero-algo-luce-raro\/#primaryimage"},"thumbnailUrl":"https:\/\/cdn1.mediawpaccore.net\/wp-content\/uploads\/2026\/03\/03055752\/ChatGPT-Image-Mar-3-2026-11_57_33-AM.png","datePublished":"2026-03-03T19:08:27+00:00","dateModified":"2026-03-03T19:08:32+00:00","description":"Cuba hoy afirma diez paname\u00f1os detenidos por propaganda; la lista de nombres circula, pero no hay huella digital verificable.","breadcrumb":{"@id":"https:\/\/www.cuballama.com\/noticias\/revelados-presuntos-nombres-de-los-diez-panamenos-detenidos-en-cuba-pero-algo-luce-raro\/#breadcrumb"},"inLanguage":"es","potentialAction":[{"@type":"ReadAction","target":["https:\/\/www.cuballama.com\/noticias\/revelados-presuntos-nombres-de-los-diez-panamenos-detenidos-en-cuba-pero-algo-luce-raro\/"]}]},{"@type":"ImageObject","inLanguage":"es","@id":"https:\/\/www.cuballama.com\/noticias\/revelados-presuntos-nombres-de-los-diez-panamenos-detenidos-en-cuba-pero-algo-luce-raro\/#primaryimage","url":"https:\/\/cdn1.mediawpaccore.net\/wp-content\/uploads\/2026\/03\/03055752\/ChatGPT-Image-Mar-3-2026-11_57_33-AM.png","contentUrl":"https:\/\/cdn1.mediawpaccore.net\/wp-content\/uploads\/2026\/03\/03055752\/ChatGPT-Image-Mar-3-2026-11_57_33-AM.png","width":1536,"height":1024,"caption":"Foto: Generada por la IA"},{"@type":"BreadcrumbList","@id":"https:\/\/www.cuballama.com\/noticias\/revelados-presuntos-nombres-de-los-diez-panamenos-detenidos-en-cuba-pero-algo-luce-raro\/#breadcrumb","itemListElement":[{"@type":"ListItem","position":1,"name":"Home","item":"https:\/\/www.cuballama.com\/noticias\/"},{"@type":"ListItem","position":2,"name":"Revelados presuntos nombres de los diez \u00abpaname\u00f1os\u00bb detenidos en Cuba, pero algo luce raro"}]},{"@type":"WebSite","@id":"https:\/\/www.cuballama.com\/noticias\/#website","url":"https:\/\/www.cuballama.com\/noticias\/","name":"Cuballama Noticias","description":"Medio digital sobre Cuba y el mundo","publisher":{"@id":"https:\/\/www.cuballama.com\/noticias\/#organization"},"potentialAction":[{"@type":"SearchAction","target":{"@type":"EntryPoint","urlTemplate":"https:\/\/www.cuballama.com\/noticias\/?s={search_term_string}"},"query-input":{"@type":"PropertyValueSpecification","valueRequired":true,"valueName":"search_term_string"}}],"inLanguage":"es"},{"@type":"Organization","@id":"https:\/\/www.cuballama.com\/noticias\/#organization","name":"Cuballama","url":"https:\/\/www.cuballama.com\/noticias\/","logo":{"@type":"ImageObject","inLanguage":"es","@id":"https:\/\/www.cuballama.com\/noticias\/#\/schema\/logo\/image\/","url":"https:\/\/cdn1.mediawpaccore.net\/wp-content\/uploads\/2021\/12\/28171206\/cbll-logo-color-sm.png","contentUrl":"https:\/\/cdn1.mediawpaccore.net\/wp-content\/uploads\/2021\/12\/28171206\/cbll-logo-color-sm.png","width":600,"height":133,"caption":"Cuballama"},"image":{"@id":"https:\/\/www.cuballama.com\/noticias\/#\/schema\/logo\/image\/"},"sameAs":["https:\/\/www.facebook.com\/CubaLlama","https:\/\/x.com\/cuballama","https:\/\/www.instagram.com\/stories\/cuballama_oficial\/","https:\/\/www.youtube.com\/channel\/UCKkFE-d_axENGZcrc4as0IA"]},{"@type":"Person","@id":"https:\/\/www.cuballama.com\/noticias\/#\/schema\/person\/a58502ed4146c8e9f83872e897c76cd2","name":"Roberto A.","description":"Roberto A. Periodista por decisi\u00f3n propia. Interesado en cualquier tema que me apasione y cada vez m\u00e1s comprometido con la verdad y la objetividad period\u00edstica. Graduado en La Habana hace ya muchos a\u00f1os, luego de una accidentada y polvorienta b\u00fasqueda de informaci\u00f3n sobre un tema in\u00e9dito. La Tesis, por cierto, desapareci\u00f3 de la biblioteca y no se conservan copias de la misma.","url":"https:\/\/www.cuballama.com\/noticias\/author\/roberto\/"}]}},"_links":{"self":[{"href":"https:\/\/www.cuballama.com\/noticias\/wp-json\/wp\/v2\/posts\/236885","targetHints":{"allow":["GET"]}}],"collection":[{"href":"https:\/\/www.cuballama.com\/noticias\/wp-json\/wp\/v2\/posts"}],"about":[{"href":"https:\/\/www.cuballama.com\/noticias\/wp-json\/wp\/v2\/types\/post"}],"author":[{"embeddable":true,"href":"https:\/\/www.cuballama.com\/noticias\/wp-json\/wp\/v2\/users\/13"}],"replies":[{"embeddable":true,"href":"https:\/\/www.cuballama.com\/noticias\/wp-json\/wp\/v2\/comments?post=236885"}],"version-history":[{"count":9,"href":"https:\/\/www.cuballama.com\/noticias\/wp-json\/wp\/v2\/posts\/236885\/revisions"}],"predecessor-version":[{"id":236948,"href":"https:\/\/www.cuballama.com\/noticias\/wp-json\/wp\/v2\/posts\/236885\/revisions\/236948"}],"wp:featuredmedia":[{"embeddable":true,"href":"https:\/\/www.cuballama.com\/noticias\/wp-json\/wp\/v2\/media\/236909"}],"wp:attachment":[{"href":"https:\/\/www.cuballama.com\/noticias\/wp-json\/wp\/v2\/media?parent=236885"}],"wp:term":[{"taxonomy":"category","embeddable":true,"href":"https:\/\/www.cuballama.com\/noticias\/wp-json\/wp\/v2\/categories?post=236885"},{"taxonomy":"post_tag","embeddable":true,"href":"https:\/\/www.cuballama.com\/noticias\/wp-json\/wp\/v2\/tags?post=236885"}],"curies":[{"name":"wp","href":"https:\/\/api.w.org\/{rel}","templated":true}]}}