{"id":236873,"date":"2026-03-02T14:30:34","date_gmt":"2026-03-02T19:30:34","guid":{"rendered":"https:\/\/www.cuballama.com\/noticias\/?p=236873"},"modified":"2026-03-02T14:38:52","modified_gmt":"2026-03-02T19:38:52","slug":"detienen-en-la-habana-a-diez-panamenos-por-presuntos-delitos-contra-el-gobierno-cubano","status":"publish","type":"post","link":"https:\/\/www.cuballama.com\/noticias\/detienen-en-la-habana-a-diez-panamenos-por-presuntos-delitos-contra-el-gobierno-cubano\/","title":{"rendered":"\u00a1\u00daltima hora!: Detienen en La Habana a diez paname\u00f1os por presuntos delitos contra el gobierno cubano"},"content":{"rendered":"\n<p>Diez ciudadanos paname\u00f1os fueron detenidos en La Habana, acusados de presuntos hechos de propaganda contra el orden constitucional.<\/p>\n\n\n\n<p>Seg\u00fan el comunicado oficial del Ministerio del Interior los detenidos habr\u00edan ingresado al pa\u00eds con el prop\u00f3sito de confeccionar y colocar letreros con contenido considerado subversivo. <br>Las autoridades se\u00f1alan que, una vez cumplida la acci\u00f3n, deb\u00edan abandonar el territorio nacional y recibir\u00edan una suma de dinero que, de acuerdo con las investigaciones preliminares, oscilar\u00eda entre 1.000 y 1.500 d\u00f3lares por persona al regresar a Panam\u00e1 ..<\/p>\n\n\n\n<p>El Mininit indic\u00f3 que los implicados reconocieron su participaci\u00f3n en los hechos, ocurridos durante la madrugada del s\u00e1bado 28 de febrero, y que las investigaciones policiales contin\u00faan en curso.<\/p>\n\n\n\n<p>Los detenidos no han sido identificados p\u00fablicamente y se espera que en las pr\u00f3ximas horas se divulguen m\u00e1s detalles sobre los hechos, que ocurren a pocos d\u00edas del enfrentamiento entre una lancha r\u00e1pida procedente de Miami y tropas guardafronteras cubanas, en el que murieron 3 personas y otras siete resultaron heridas.<\/p>\n","protected":false},"excerpt":{"rendered":"<p>Mininit indic\u00f3 que los implicados reconocieron su participaci\u00f3n en los hechos, ocurridos durante la madrugada del s\u00e1bado 28 de febrero, y que las investigaciones contin\u00faan en curso.<\/p>\n","protected":false},"author":24,"featured_media":132125,"comment_status":"open","ping_status":"closed","sticky":false,"template":"","format":"standard","meta":{"_acf_changed":false,"footnotes":""},"categories":[18,955],"tags":[10867,92,11017],"class_list":{"0":"post-236873","1":"post","2":"type-post","3":"status-publish","4":"format-standard","5":"has-post-thumbnail","7":"category-noticias","8":"category-noticias-de-cuba","9":"tag-crisis-en-cuba","10":"tag-cubanos","11":"tag-superdestacado"},"acf":[],"yoast_head":"<!-- This site is optimized with the Yoast SEO plugin v27.4 - https:\/\/yoast.com\/product\/yoast-seo-wordpress\/ -->\n<title>\u00a1\u00daltima hora!: Detienen en La Habana a diez paname\u00f1os por presuntos delitos contra el gobierno cubano - Cuballama Noticias<\/title>\n<meta name=\"robots\" content=\"index, follow, max-snippet:-1, max-image-preview:large, max-video-preview:-1\" \/>\n<link rel=\"canonical\" href=\"https:\/\/www.cuballama.com\/noticias\/detienen-en-la-habana-a-diez-panamenos-por-presuntos-delitos-contra-el-gobierno-cubano\/\" \/>\n<meta property=\"og:locale\" content=\"es_ES\" \/>\n<meta property=\"og:type\" content=\"article\" \/>\n<meta property=\"og:title\" content=\"\u00a1\u00daltima hora!: Detienen en La Habana a diez paname\u00f1os por presuntos delitos contra el gobierno cubano - Cuballama Noticias\" \/>\n<meta property=\"og:description\" content=\"Mininit indic\u00f3 que los implicados reconocieron su participaci\u00f3n en los hechos, ocurridos durante la madrugada del s\u00e1bado 28 de febrero, y que las investigaciones contin\u00faan en curso.\" \/>\n<meta property=\"og:url\" content=\"https:\/\/www.cuballama.com\/noticias\/detienen-en-la-habana-a-diez-panamenos-por-presuntos-delitos-contra-el-gobierno-cubano\/\" \/>\n<meta property=\"og:site_name\" content=\"Cuballama Noticias\" \/>\n<meta property=\"article:publisher\" content=\"https:\/\/www.facebook.com\/CubaLlama\" \/>\n<meta property=\"article:published_time\" content=\"2026-03-02T19:30:34+00:00\" \/>\n<meta property=\"article:modified_time\" content=\"2026-03-02T19:38:52+00:00\" \/>\n<meta property=\"og:image\" content=\"https:\/\/cdn1.mediawpaccore.net\/wp-content\/uploads\/2023\/08\/04075135\/Policia_Nacional_Revolucionaria_Geely_patrol_car.jpg\" \/>\n\t<meta property=\"og:image:width\" content=\"640\" \/>\n\t<meta property=\"og:image:height\" content=\"480\" \/>\n\t<meta property=\"og:image:type\" content=\"image\/jpeg\" \/>\n<meta name=\"author\" content=\"Manu\" \/>\n<meta name=\"twitter:card\" content=\"summary_large_image\" \/>\n<meta name=\"twitter:creator\" content=\"@cuballama\" \/>\n<meta name=\"twitter:site\" content=\"@cuballama\" \/>\n<meta name=\"twitter:label1\" content=\"Escrito por\" \/>\n\t<meta name=\"twitter:data1\" content=\"Manu\" \/>\n\t<meta name=\"twitter:label2\" content=\"Tiempo de lectura\" \/>\n\t<meta name=\"twitter:data2\" content=\"1 minuto\" \/>\n<script type=\"application\/ld+json\" class=\"yoast-schema-graph\">{\"@context\":\"https:\\\/\\\/schema.org\",\"@graph\":[{\"@type\":\"Article\",\"@id\":\"https:\\\/\\\/www.cuballama.com\\\/noticias\\\/detienen-en-la-habana-a-diez-panamenos-por-presuntos-delitos-contra-el-gobierno-cubano\\\/#article\",\"isPartOf\":{\"@id\":\"https:\\\/\\\/www.cuballama.com\\\/noticias\\\/detienen-en-la-habana-a-diez-panamenos-por-presuntos-delitos-contra-el-gobierno-cubano\\\/\"},\"author\":{\"name\":\"Manu\",\"@id\":\"https:\\\/\\\/www.cuballama.com\\\/noticias\\\/#\\\/schema\\\/person\\\/5889f7d070564f8386e7944d14d436cd\"},\"headline\":\"\u00a1\u00daltima hora!: Detienen en La Habana a diez paname\u00f1os por presuntos delitos contra el gobierno cubano\",\"datePublished\":\"2026-03-02T19:30:34+00:00\",\"dateModified\":\"2026-03-02T19:38:52+00:00\",\"mainEntityOfPage\":{\"@id\":\"https:\\\/\\\/www.cuballama.com\\\/noticias\\\/detienen-en-la-habana-a-diez-panamenos-por-presuntos-delitos-contra-el-gobierno-cubano\\\/\"},\"wordCount\":195,\"commentCount\":0,\"publisher\":{\"@id\":\"https:\\\/\\\/www.cuballama.com\\\/noticias\\\/#organization\"},\"image\":{\"@id\":\"https:\\\/\\\/www.cuballama.com\\\/noticias\\\/detienen-en-la-habana-a-diez-panamenos-por-presuntos-delitos-contra-el-gobierno-cubano\\\/#primaryimage\"},\"thumbnailUrl\":\"https:\\\/\\\/cdn1.mediawpaccore.net\\\/wp-content\\\/uploads\\\/2023\\\/08\\\/04075135\\\/Policia_Nacional_Revolucionaria_Geely_patrol_car.jpg\",\"keywords\":[\"Crisis en Cuba\",\"cubanos\",\"superdestacado\"],\"articleSection\":[\"Noticias\",\"Noticias de Cuba\"],\"inLanguage\":\"es\",\"potentialAction\":[{\"@type\":\"CommentAction\",\"name\":\"Comment\",\"target\":[\"https:\\\/\\\/www.cuballama.com\\\/noticias\\\/detienen-en-la-habana-a-diez-panamenos-por-presuntos-delitos-contra-el-gobierno-cubano\\\/#respond\"]}]},{\"@type\":\"WebPage\",\"@id\":\"https:\\\/\\\/www.cuballama.com\\\/noticias\\\/detienen-en-la-habana-a-diez-panamenos-por-presuntos-delitos-contra-el-gobierno-cubano\\\/\",\"url\":\"https:\\\/\\\/www.cuballama.com\\\/noticias\\\/detienen-en-la-habana-a-diez-panamenos-por-presuntos-delitos-contra-el-gobierno-cubano\\\/\",\"name\":\"\u00a1\u00daltima hora!: Detienen en La Habana a diez paname\u00f1os por presuntos delitos contra el gobierno cubano - Cuballama Noticias\",\"isPartOf\":{\"@id\":\"https:\\\/\\\/www.cuballama.com\\\/noticias\\\/#website\"},\"primaryImageOfPage\":{\"@id\":\"https:\\\/\\\/www.cuballama.com\\\/noticias\\\/detienen-en-la-habana-a-diez-panamenos-por-presuntos-delitos-contra-el-gobierno-cubano\\\/#primaryimage\"},\"image\":{\"@id\":\"https:\\\/\\\/www.cuballama.com\\\/noticias\\\/detienen-en-la-habana-a-diez-panamenos-por-presuntos-delitos-contra-el-gobierno-cubano\\\/#primaryimage\"},\"thumbnailUrl\":\"https:\\\/\\\/cdn1.mediawpaccore.net\\\/wp-content\\\/uploads\\\/2023\\\/08\\\/04075135\\\/Policia_Nacional_Revolucionaria_Geely_patrol_car.jpg\",\"datePublished\":\"2026-03-02T19:30:34+00:00\",\"dateModified\":\"2026-03-02T19:38:52+00:00\",\"breadcrumb\":{\"@id\":\"https:\\\/\\\/www.cuballama.com\\\/noticias\\\/detienen-en-la-habana-a-diez-panamenos-por-presuntos-delitos-contra-el-gobierno-cubano\\\/#breadcrumb\"},\"inLanguage\":\"es\",\"potentialAction\":[{\"@type\":\"ReadAction\",\"target\":[\"https:\\\/\\\/www.cuballama.com\\\/noticias\\\/detienen-en-la-habana-a-diez-panamenos-por-presuntos-delitos-contra-el-gobierno-cubano\\\/\"]}]},{\"@type\":\"ImageObject\",\"inLanguage\":\"es\",\"@id\":\"https:\\\/\\\/www.cuballama.com\\\/noticias\\\/detienen-en-la-habana-a-diez-panamenos-por-presuntos-delitos-contra-el-gobierno-cubano\\\/#primaryimage\",\"url\":\"https:\\\/\\\/cdn1.mediawpaccore.net\\\/wp-content\\\/uploads\\\/2023\\\/08\\\/04075135\\\/Policia_Nacional_Revolucionaria_Geely_patrol_car.jpg\",\"contentUrl\":\"https:\\\/\\\/cdn1.mediawpaccore.net\\\/wp-content\\\/uploads\\\/2023\\\/08\\\/04075135\\\/Policia_Nacional_Revolucionaria_Geely_patrol_car.jpg\",\"width\":640,\"height\":480,\"caption\":\"Foto Referencial. Brian Adamson. Creative Commons\"},{\"@type\":\"BreadcrumbList\",\"@id\":\"https:\\\/\\\/www.cuballama.com\\\/noticias\\\/detienen-en-la-habana-a-diez-panamenos-por-presuntos-delitos-contra-el-gobierno-cubano\\\/#breadcrumb\",\"itemListElement\":[{\"@type\":\"ListItem\",\"position\":1,\"name\":\"Home\",\"item\":\"https:\\\/\\\/www.cuballama.com\\\/noticias\\\/\"},{\"@type\":\"ListItem\",\"position\":2,\"name\":\"\u00a1\u00daltima hora!: Detienen en La Habana a diez paname\u00f1os por presuntos delitos contra el gobierno cubano\"}]},{\"@type\":\"WebSite\",\"@id\":\"https:\\\/\\\/www.cuballama.com\\\/noticias\\\/#website\",\"url\":\"https:\\\/\\\/www.cuballama.com\\\/noticias\\\/\",\"name\":\"Cuballama Noticias\",\"description\":\"Medio digital sobre Cuba y el mundo\",\"publisher\":{\"@id\":\"https:\\\/\\\/www.cuballama.com\\\/noticias\\\/#organization\"},\"potentialAction\":[{\"@type\":\"SearchAction\",\"target\":{\"@type\":\"EntryPoint\",\"urlTemplate\":\"https:\\\/\\\/www.cuballama.com\\\/noticias\\\/?s={search_term_string}\"},\"query-input\":{\"@type\":\"PropertyValueSpecification\",\"valueRequired\":true,\"valueName\":\"search_term_string\"}}],\"inLanguage\":\"es\"},{\"@type\":\"Organization\",\"@id\":\"https:\\\/\\\/www.cuballama.com\\\/noticias\\\/#organization\",\"name\":\"Cuballama\",\"url\":\"https:\\\/\\\/www.cuballama.com\\\/noticias\\\/\",\"logo\":{\"@type\":\"ImageObject\",\"inLanguage\":\"es\",\"@id\":\"https:\\\/\\\/www.cuballama.com\\\/noticias\\\/#\\\/schema\\\/logo\\\/image\\\/\",\"url\":\"https:\\\/\\\/cdn1.mediawpaccore.net\\\/wp-content\\\/uploads\\\/2021\\\/12\\\/28171206\\\/cbll-logo-color-sm.png\",\"contentUrl\":\"https:\\\/\\\/cdn1.mediawpaccore.net\\\/wp-content\\\/uploads\\\/2021\\\/12\\\/28171206\\\/cbll-logo-color-sm.png\",\"width\":600,\"height\":133,\"caption\":\"Cuballama\"},\"image\":{\"@id\":\"https:\\\/\\\/www.cuballama.com\\\/noticias\\\/#\\\/schema\\\/logo\\\/image\\\/\"},\"sameAs\":[\"https:\\\/\\\/www.facebook.com\\\/CubaLlama\",\"https:\\\/\\\/x.com\\\/cuballama\",\"https:\\\/\\\/www.instagram.com\\\/stories\\\/cuballama_oficial\\\/\",\"https:\\\/\\\/www.youtube.com\\\/channel\\\/UCKkFE-d_axENGZcrc4as0IA\"]},{\"@type\":\"Person\",\"@id\":\"https:\\\/\\\/www.cuballama.com\\\/noticias\\\/#\\\/schema\\\/person\\\/5889f7d070564f8386e7944d14d436cd\",\"name\":\"Manu\",\"url\":\"https:\\\/\\\/www.cuballama.com\\\/noticias\\\/author\\\/manu\\\/\"}]}<\/script>\n<!-- \/ Yoast SEO plugin. -->","yoast_head_json":{"title":"\u00a1\u00daltima hora!: Detienen en La Habana a diez paname\u00f1os por presuntos delitos contra el gobierno cubano - Cuballama Noticias","robots":{"index":"index","follow":"follow","max-snippet":"max-snippet:-1","max-image-preview":"max-image-preview:large","max-video-preview":"max-video-preview:-1"},"canonical":"https:\/\/www.cuballama.com\/noticias\/detienen-en-la-habana-a-diez-panamenos-por-presuntos-delitos-contra-el-gobierno-cubano\/","og_locale":"es_ES","og_type":"article","og_title":"\u00a1\u00daltima hora!: Detienen en La Habana a diez paname\u00f1os por presuntos delitos contra el gobierno cubano - Cuballama Noticias","og_description":"Mininit indic\u00f3 que los implicados reconocieron su participaci\u00f3n en los hechos, ocurridos durante la madrugada del s\u00e1bado 28 de febrero, y que las investigaciones contin\u00faan en curso.","og_url":"https:\/\/www.cuballama.com\/noticias\/detienen-en-la-habana-a-diez-panamenos-por-presuntos-delitos-contra-el-gobierno-cubano\/","og_site_name":"Cuballama Noticias","article_publisher":"https:\/\/www.facebook.com\/CubaLlama","article_published_time":"2026-03-02T19:30:34+00:00","article_modified_time":"2026-03-02T19:38:52+00:00","og_image":[{"width":640,"height":480,"url":"https:\/\/cdn1.mediawpaccore.net\/wp-content\/uploads\/2023\/08\/04075135\/Policia_Nacional_Revolucionaria_Geely_patrol_car.jpg","type":"image\/jpeg"}],"author":"Manu","twitter_card":"summary_large_image","twitter_creator":"@cuballama","twitter_site":"@cuballama","twitter_misc":{"Escrito por":"Manu","Tiempo de lectura":"1 minuto"},"schema":{"@context":"https:\/\/schema.org","@graph":[{"@type":"Article","@id":"https:\/\/www.cuballama.com\/noticias\/detienen-en-la-habana-a-diez-panamenos-por-presuntos-delitos-contra-el-gobierno-cubano\/#article","isPartOf":{"@id":"https:\/\/www.cuballama.com\/noticias\/detienen-en-la-habana-a-diez-panamenos-por-presuntos-delitos-contra-el-gobierno-cubano\/"},"author":{"name":"Manu","@id":"https:\/\/www.cuballama.com\/noticias\/#\/schema\/person\/5889f7d070564f8386e7944d14d436cd"},"headline":"\u00a1\u00daltima hora!: Detienen en La Habana a diez paname\u00f1os por presuntos delitos contra el gobierno cubano","datePublished":"2026-03-02T19:30:34+00:00","dateModified":"2026-03-02T19:38:52+00:00","mainEntityOfPage":{"@id":"https:\/\/www.cuballama.com\/noticias\/detienen-en-la-habana-a-diez-panamenos-por-presuntos-delitos-contra-el-gobierno-cubano\/"},"wordCount":195,"commentCount":0,"publisher":{"@id":"https:\/\/www.cuballama.com\/noticias\/#organization"},"image":{"@id":"https:\/\/www.cuballama.com\/noticias\/detienen-en-la-habana-a-diez-panamenos-por-presuntos-delitos-contra-el-gobierno-cubano\/#primaryimage"},"thumbnailUrl":"https:\/\/cdn1.mediawpaccore.net\/wp-content\/uploads\/2023\/08\/04075135\/Policia_Nacional_Revolucionaria_Geely_patrol_car.jpg","keywords":["Crisis en Cuba","cubanos","superdestacado"],"articleSection":["Noticias","Noticias de Cuba"],"inLanguage":"es","potentialAction":[{"@type":"CommentAction","name":"Comment","target":["https:\/\/www.cuballama.com\/noticias\/detienen-en-la-habana-a-diez-panamenos-por-presuntos-delitos-contra-el-gobierno-cubano\/#respond"]}]},{"@type":"WebPage","@id":"https:\/\/www.cuballama.com\/noticias\/detienen-en-la-habana-a-diez-panamenos-por-presuntos-delitos-contra-el-gobierno-cubano\/","url":"https:\/\/www.cuballama.com\/noticias\/detienen-en-la-habana-a-diez-panamenos-por-presuntos-delitos-contra-el-gobierno-cubano\/","name":"\u00a1\u00daltima hora!: Detienen en La Habana a diez paname\u00f1os por presuntos delitos contra el gobierno cubano - Cuballama Noticias","isPartOf":{"@id":"https:\/\/www.cuballama.com\/noticias\/#website"},"primaryImageOfPage":{"@id":"https:\/\/www.cuballama.com\/noticias\/detienen-en-la-habana-a-diez-panamenos-por-presuntos-delitos-contra-el-gobierno-cubano\/#primaryimage"},"image":{"@id":"https:\/\/www.cuballama.com\/noticias\/detienen-en-la-habana-a-diez-panamenos-por-presuntos-delitos-contra-el-gobierno-cubano\/#primaryimage"},"thumbnailUrl":"https:\/\/cdn1.mediawpaccore.net\/wp-content\/uploads\/2023\/08\/04075135\/Policia_Nacional_Revolucionaria_Geely_patrol_car.jpg","datePublished":"2026-03-02T19:30:34+00:00","dateModified":"2026-03-02T19:38:52+00:00","breadcrumb":{"@id":"https:\/\/www.cuballama.com\/noticias\/detienen-en-la-habana-a-diez-panamenos-por-presuntos-delitos-contra-el-gobierno-cubano\/#breadcrumb"},"inLanguage":"es","potentialAction":[{"@type":"ReadAction","target":["https:\/\/www.cuballama.com\/noticias\/detienen-en-la-habana-a-diez-panamenos-por-presuntos-delitos-contra-el-gobierno-cubano\/"]}]},{"@type":"ImageObject","inLanguage":"es","@id":"https:\/\/www.cuballama.com\/noticias\/detienen-en-la-habana-a-diez-panamenos-por-presuntos-delitos-contra-el-gobierno-cubano\/#primaryimage","url":"https:\/\/cdn1.mediawpaccore.net\/wp-content\/uploads\/2023\/08\/04075135\/Policia_Nacional_Revolucionaria_Geely_patrol_car.jpg","contentUrl":"https:\/\/cdn1.mediawpaccore.net\/wp-content\/uploads\/2023\/08\/04075135\/Policia_Nacional_Revolucionaria_Geely_patrol_car.jpg","width":640,"height":480,"caption":"Foto Referencial. Brian Adamson. Creative Commons"},{"@type":"BreadcrumbList","@id":"https:\/\/www.cuballama.com\/noticias\/detienen-en-la-habana-a-diez-panamenos-por-presuntos-delitos-contra-el-gobierno-cubano\/#breadcrumb","itemListElement":[{"@type":"ListItem","position":1,"name":"Home","item":"https:\/\/www.cuballama.com\/noticias\/"},{"@type":"ListItem","position":2,"name":"\u00a1\u00daltima hora!: Detienen en La Habana a diez paname\u00f1os por presuntos delitos contra el gobierno cubano"}]},{"@type":"WebSite","@id":"https:\/\/www.cuballama.com\/noticias\/#website","url":"https:\/\/www.cuballama.com\/noticias\/","name":"Cuballama Noticias","description":"Medio digital sobre Cuba y el mundo","publisher":{"@id":"https:\/\/www.cuballama.com\/noticias\/#organization"},"potentialAction":[{"@type":"SearchAction","target":{"@type":"EntryPoint","urlTemplate":"https:\/\/www.cuballama.com\/noticias\/?s={search_term_string}"},"query-input":{"@type":"PropertyValueSpecification","valueRequired":true,"valueName":"search_term_string"}}],"inLanguage":"es"},{"@type":"Organization","@id":"https:\/\/www.cuballama.com\/noticias\/#organization","name":"Cuballama","url":"https:\/\/www.cuballama.com\/noticias\/","logo":{"@type":"ImageObject","inLanguage":"es","@id":"https:\/\/www.cuballama.com\/noticias\/#\/schema\/logo\/image\/","url":"https:\/\/cdn1.mediawpaccore.net\/wp-content\/uploads\/2021\/12\/28171206\/cbll-logo-color-sm.png","contentUrl":"https:\/\/cdn1.mediawpaccore.net\/wp-content\/uploads\/2021\/12\/28171206\/cbll-logo-color-sm.png","width":600,"height":133,"caption":"Cuballama"},"image":{"@id":"https:\/\/www.cuballama.com\/noticias\/#\/schema\/logo\/image\/"},"sameAs":["https:\/\/www.facebook.com\/CubaLlama","https:\/\/x.com\/cuballama","https:\/\/www.instagram.com\/stories\/cuballama_oficial\/","https:\/\/www.youtube.com\/channel\/UCKkFE-d_axENGZcrc4as0IA"]},{"@type":"Person","@id":"https:\/\/www.cuballama.com\/noticias\/#\/schema\/person\/5889f7d070564f8386e7944d14d436cd","name":"Manu","url":"https:\/\/www.cuballama.com\/noticias\/author\/manu\/"}]}},"_links":{"self":[{"href":"https:\/\/www.cuballama.com\/noticias\/wp-json\/wp\/v2\/posts\/236873","targetHints":{"allow":["GET"]}}],"collection":[{"href":"https:\/\/www.cuballama.com\/noticias\/wp-json\/wp\/v2\/posts"}],"about":[{"href":"https:\/\/www.cuballama.com\/noticias\/wp-json\/wp\/v2\/types\/post"}],"author":[{"embeddable":true,"href":"https:\/\/www.cuballama.com\/noticias\/wp-json\/wp\/v2\/users\/24"}],"replies":[{"embeddable":true,"href":"https:\/\/www.cuballama.com\/noticias\/wp-json\/wp\/v2\/comments?post=236873"}],"version-history":[{"count":6,"href":"https:\/\/www.cuballama.com\/noticias\/wp-json\/wp\/v2\/posts\/236873\/revisions"}],"predecessor-version":[{"id":236880,"href":"https:\/\/www.cuballama.com\/noticias\/wp-json\/wp\/v2\/posts\/236873\/revisions\/236880"}],"wp:featuredmedia":[{"embeddable":true,"href":"https:\/\/www.cuballama.com\/noticias\/wp-json\/wp\/v2\/media\/132125"}],"wp:attachment":[{"href":"https:\/\/www.cuballama.com\/noticias\/wp-json\/wp\/v2\/media?parent=236873"}],"wp:term":[{"taxonomy":"category","embeddable":true,"href":"https:\/\/www.cuballama.com\/noticias\/wp-json\/wp\/v2\/categories?post=236873"},{"taxonomy":"post_tag","embeddable":true,"href":"https:\/\/www.cuballama.com\/noticias\/wp-json\/wp\/v2\/tags?post=236873"}],"curies":[{"name":"wp","href":"https:\/\/api.w.org\/{rel}","templated":true}]}}