{"id":236857,"date":"2026-03-02T14:53:35","date_gmt":"2026-03-02T19:53:35","guid":{"rendered":"https:\/\/www.cuballama.com\/noticias\/?p=236857"},"modified":"2026-03-02T14:53:36","modified_gmt":"2026-03-02T19:53:36","slug":"flor-de-cuba-contrata-a-su-prometido-esta-es-la-cifra-que-ahora-se-queda-en-casa","status":"publish","type":"post","link":"https:\/\/www.cuballama.com\/noticias\/flor-de-cuba-contrata-a-su-prometido-esta-es-la-cifra-que-ahora-se-queda-en-casa\/","title":{"rendered":"Flor de Cuba contrata a su prometido: esta es la cifra que ahora \u00abse queda en casa\u00bb"},"content":{"rendered":"\n<p>La influencer <strong>Flor de Cuba<\/strong> ha vuelto a ser el centro de todas las miradas tras confesar en un reciente p\u00f3dcast los detalles detr\u00e1s del salto profesional de su actual prometido.&nbsp;<\/p>\n\n\n\n<p>Lo que comenz\u00f3 como una relaci\u00f3n sentimental se transform\u00f3 en una sociedad empresarial de alto rendimiento cuando ella decidi\u00f3 que, ante el \u00e9xito desbordante de su negocio en <strong>TikTok Shop<\/strong>, era hora de integrar a su pareja al equipo.<\/p>\n\n\n\n<p>Seg\u00fan relat\u00f3 la creadora, el cambio ocurri\u00f3 cuando ella empez\u00f3 a percibir ingresos superiores a los 15 mil d\u00f3lares mensuales, mientras \u00e9l manten\u00eda un empleo en un almac\u00e9n con un sueldo aproximado de 3 mil d\u00f3lares.&nbsp;<\/p>\n\n\n\n<p>Necesitaba a alguien que se encargara de la edici\u00f3n y publicaci\u00f3n de sus videos (un trabajo por el que ella pens\u00f3 en pagar 100 d\u00f3lares diarios a un externo), pero la l\u00f3gica familiar se impuso r\u00e1pidamente: <strong>\u201c\u00bfPara qu\u00e9 voy a contratar a un extra\u00f1o si puedo pagarle a \u00e9l lo mismo y se queda todo dentro de la casa?\u201d<\/strong>, record\u00f3 la influencer.<\/p>\n\n\n\n<blockquote class=\"tiktok-embed\" cite=\"https:\/\/www.tiktok.com\/@alexs_elsugar\/video\/7610536853531413773\" data-video-id=\"7610536853531413773\" style=\"max-width: 605px;min-width: 325px;\" > <section> <a target=\"_blank\" title=\"@alexs_elsugar\" href=\"https:\/\/www.tiktok.com\/@alexs_elsugar?refer=embed\">@alexs_elsugar<\/a> Gracias a TikTok shop dejo el trabajo \ud83d\ude4f<a title=\"tiktok\" target=\"_blank\" href=\"https:\/\/www.tiktok.com\/tag\/tiktok?refer=embed\">#tiktok<\/a> <a target=\"_blank\" title=\"\u266c sonido original - Alexs D Rodriguez\" href=\"https:\/\/www.tiktok.com\/music\/sonido-original-7610536989040872206?refer=embed\">\u266c sonido original &#8211; Alexs D Rodriguez<\/a> <\/section> <\/blockquote> <script async src=\"https:\/\/www.tiktok.com\/embed.js\"><\/script>\n\n\n\n<p>Fue esa decisi\u00f3n la que marc\u00f3 el punto de inflexi\u00f3n. Al unir fuerzas, la pareja logr\u00f3 triplicar su capacidad de producci\u00f3n de contenido, y las ganancias no tardaron en reflejar el esfuerzo conjunto.&nbsp;<\/p>\n\n\n\n<p><strong><a href=\"https:\/\/www.cuballama.com\/noticias\/la-merolica-ahora-es-inversionista-en-bienes-raices-flor-de-cuba-compra-su-primera-casa-en-punta-cana\/\" type=\"link\" id=\"https:\/\/www.cuballama.com\/noticias\/la-merolica-ahora-es-inversionista-en-bienes-raices-flor-de-cuba-compra-su-primera-casa-en-punta-cana\/\" target=\"_blank\" rel=\"noreferrer noopener\">Flor<\/a><\/strong> confes\u00f3 que ha llegado a facturar picos de hasta 80 mil d\u00f3lares, manteni\u00e9ndose actualmente en una base s\u00f3lida que no baja de los 30 mil mensuales. Sobre el reparto de ingresos, fue directa: <strong>\u201cNo me parec\u00eda justo que yo ganara 80 mil y \u00e9l 3 mil\u201d<\/strong>, justificando as\u00ed el nuevo esquema de trabajo y comisiones dentro de su negocio familiar.<\/p>\n\n\n\n<p>M\u00e1s all\u00e1 de las cifras astron\u00f3micas que manejan gracias a la plataforma china, la pareja tiene una visi\u00f3n muy particular sobre lo que significa el \u00e9xito en Estados Unidos. Para ellos, la libertad de horarios es la m\u00e1xima conquista. <strong>\u201cNosotros s\u00ed vivimos el sue\u00f1o americano porque nos levantamos a las 2 de la tarde todos los d\u00edas\u201d<\/strong>, sentenci\u00f3, dejando claro que para ella la verdadera riqueza no est\u00e1 solo en el saldo bancario, sino en el control absoluto sobre su tiempo.<\/p>\n\n\n\n<p>A escasas semanas de haberse comprometido, la pareja ha consolidado un modelo que mezcla lo personal con lo comercial. Como era de esperarse, la historia ha generado un intenso debate en redes sociales: mientras sus seguidores m\u00e1s fieles aplauden su capacidad de emprendimiento y visi\u00f3n de negocio, otros sectores del p\u00fablico reciben las cifras con escepticismo, cuestionando si se trata de un \u00e9xito real o una exageraci\u00f3n publicitaria. Lo que es innegable es que, para bien o para mal, el modelo de Flor de Cuba sigue dando mucho de qu\u00e9 hablar.<\/p>\n","protected":false},"excerpt":{"rendered":"<p>\u00bfCu\u00e1nto gana el novio de Flor de Cuba tras renunciar a su empleo? La influencer revela la estrategia econ\u00f3mica detr\u00e1s de su negocio en TikTok Shop y por qu\u00e9 prefiri\u00f3 pagarle a \u00e9l antes que a un extra\u00f1o.<\/p>\n","protected":false},"author":29,"featured_media":236881,"comment_status":"open","ping_status":"closed","sticky":false,"template":"","format":"standard","meta":{"_acf_changed":false,"footnotes":""},"categories":[443],"tags":[92,11050,28773],"class_list":{"0":"post-236857","1":"post","2":"type-post","3":"status-publish","4":"format-standard","5":"has-post-thumbnail","7":"category-farandula","8":"tag-cubanos","9":"tag-cubanos-en-miami","10":"tag-flor-de-cuba"},"acf":[],"yoast_head":"<!-- This site is optimized with the Yoast SEO plugin v27.4 - https:\/\/yoast.com\/product\/yoast-seo-wordpress\/ -->\n<title>Flor de Cuba contrata a su prometido: esta es la cifra que ahora &quot;se queda en casa&quot; - Cuballama Noticias<\/title>\n<meta name=\"description\" content=\"\u00bfCu\u00e1nto gana el novio de Flor de Cuba tras renunciar a su empleo? La influencer revela la estrategia detr\u00e1s de su negocio en TikTok Shop.\" \/>\n<meta name=\"robots\" content=\"index, follow, max-snippet:-1, max-image-preview:large, max-video-preview:-1\" \/>\n<link rel=\"canonical\" href=\"https:\/\/www.cuballama.com\/noticias\/flor-de-cuba-contrata-a-su-prometido-esta-es-la-cifra-que-ahora-se-queda-en-casa\/\" \/>\n<meta property=\"og:locale\" content=\"es_ES\" \/>\n<meta property=\"og:type\" content=\"article\" \/>\n<meta property=\"og:title\" content=\"Flor de Cuba contrata a su prometido: esta es la cifra que ahora &quot;se queda en casa&quot; - Cuballama Noticias\" \/>\n<meta property=\"og:description\" content=\"\u00bfCu\u00e1nto gana el novio de Flor de Cuba tras renunciar a su empleo? La influencer revela la estrategia detr\u00e1s de su negocio en TikTok Shop.\" \/>\n<meta property=\"og:url\" content=\"https:\/\/www.cuballama.com\/noticias\/flor-de-cuba-contrata-a-su-prometido-esta-es-la-cifra-que-ahora-se-queda-en-casa\/\" \/>\n<meta property=\"og:site_name\" content=\"Cuballama Noticias\" \/>\n<meta property=\"article:publisher\" content=\"https:\/\/www.facebook.com\/CubaLlama\" \/>\n<meta property=\"article:published_time\" content=\"2026-03-02T19:53:35+00:00\" \/>\n<meta property=\"article:modified_time\" content=\"2026-03-02T19:53:36+00:00\" \/>\n<meta property=\"og:image\" content=\"https:\/\/cdn1.mediawpaccore.net\/wp-content\/uploads\/2026\/03\/02144951\/Captura-de-pantalla-2026-03-02-a-las-20.40.13.png\" \/>\n\t<meta property=\"og:image:width\" content=\"978\" \/>\n\t<meta property=\"og:image:height\" content=\"584\" \/>\n\t<meta property=\"og:image:type\" content=\"image\/png\" \/>\n<meta name=\"author\" content=\"Sof\u00eda Reyes\" \/>\n<meta name=\"twitter:card\" content=\"summary_large_image\" \/>\n<meta name=\"twitter:creator\" content=\"@cuballama\" \/>\n<meta name=\"twitter:site\" content=\"@cuballama\" \/>\n<meta name=\"twitter:label1\" content=\"Escrito por\" \/>\n\t<meta name=\"twitter:data1\" content=\"Sof\u00eda Reyes\" \/>\n\t<meta name=\"twitter:label2\" content=\"Tiempo de lectura\" \/>\n\t<meta name=\"twitter:data2\" content=\"3 minutos\" \/>\n<script type=\"application\/ld+json\" class=\"yoast-schema-graph\">{\"@context\":\"https:\\\/\\\/schema.org\",\"@graph\":[{\"@type\":\"Article\",\"@id\":\"https:\\\/\\\/www.cuballama.com\\\/noticias\\\/flor-de-cuba-contrata-a-su-prometido-esta-es-la-cifra-que-ahora-se-queda-en-casa\\\/#article\",\"isPartOf\":{\"@id\":\"https:\\\/\\\/www.cuballama.com\\\/noticias\\\/flor-de-cuba-contrata-a-su-prometido-esta-es-la-cifra-que-ahora-se-queda-en-casa\\\/\"},\"author\":{\"name\":\"Sof\u00eda Reyes\",\"@id\":\"https:\\\/\\\/www.cuballama.com\\\/noticias\\\/#\\\/schema\\\/person\\\/5cba2b8cc25a3159e49fe730a94d512e\"},\"headline\":\"Flor de Cuba contrata a su prometido: esta es la cifra que ahora \u00abse queda en casa\u00bb\",\"datePublished\":\"2026-03-02T19:53:35+00:00\",\"dateModified\":\"2026-03-02T19:53:36+00:00\",\"mainEntityOfPage\":{\"@id\":\"https:\\\/\\\/www.cuballama.com\\\/noticias\\\/flor-de-cuba-contrata-a-su-prometido-esta-es-la-cifra-que-ahora-se-queda-en-casa\\\/\"},\"wordCount\":493,\"commentCount\":0,\"publisher\":{\"@id\":\"https:\\\/\\\/www.cuballama.com\\\/noticias\\\/#organization\"},\"image\":{\"@id\":\"https:\\\/\\\/www.cuballama.com\\\/noticias\\\/flor-de-cuba-contrata-a-su-prometido-esta-es-la-cifra-que-ahora-se-queda-en-casa\\\/#primaryimage\"},\"thumbnailUrl\":\"https:\\\/\\\/cdn1.mediawpaccore.net\\\/wp-content\\\/uploads\\\/2026\\\/03\\\/02144951\\\/Captura-de-pantalla-2026-03-02-a-las-20.40.13.png\",\"keywords\":[\"cubanos\",\"cubanos en Miami\",\"Flor de Cuba\"],\"articleSection\":[\"Far\u00e1ndula\"],\"inLanguage\":\"es\",\"potentialAction\":[{\"@type\":\"CommentAction\",\"name\":\"Comment\",\"target\":[\"https:\\\/\\\/www.cuballama.com\\\/noticias\\\/flor-de-cuba-contrata-a-su-prometido-esta-es-la-cifra-que-ahora-se-queda-en-casa\\\/#respond\"]}]},{\"@type\":\"WebPage\",\"@id\":\"https:\\\/\\\/www.cuballama.com\\\/noticias\\\/flor-de-cuba-contrata-a-su-prometido-esta-es-la-cifra-que-ahora-se-queda-en-casa\\\/\",\"url\":\"https:\\\/\\\/www.cuballama.com\\\/noticias\\\/flor-de-cuba-contrata-a-su-prometido-esta-es-la-cifra-que-ahora-se-queda-en-casa\\\/\",\"name\":\"Flor de Cuba contrata a su prometido: esta es la cifra que ahora \\\"se queda en casa\\\" - Cuballama Noticias\",\"isPartOf\":{\"@id\":\"https:\\\/\\\/www.cuballama.com\\\/noticias\\\/#website\"},\"primaryImageOfPage\":{\"@id\":\"https:\\\/\\\/www.cuballama.com\\\/noticias\\\/flor-de-cuba-contrata-a-su-prometido-esta-es-la-cifra-que-ahora-se-queda-en-casa\\\/#primaryimage\"},\"image\":{\"@id\":\"https:\\\/\\\/www.cuballama.com\\\/noticias\\\/flor-de-cuba-contrata-a-su-prometido-esta-es-la-cifra-que-ahora-se-queda-en-casa\\\/#primaryimage\"},\"thumbnailUrl\":\"https:\\\/\\\/cdn1.mediawpaccore.net\\\/wp-content\\\/uploads\\\/2026\\\/03\\\/02144951\\\/Captura-de-pantalla-2026-03-02-a-las-20.40.13.png\",\"datePublished\":\"2026-03-02T19:53:35+00:00\",\"dateModified\":\"2026-03-02T19:53:36+00:00\",\"description\":\"\u00bfCu\u00e1nto gana el novio de Flor de Cuba tras renunciar a su empleo? La influencer revela la estrategia detr\u00e1s de su negocio en TikTok Shop.\",\"breadcrumb\":{\"@id\":\"https:\\\/\\\/www.cuballama.com\\\/noticias\\\/flor-de-cuba-contrata-a-su-prometido-esta-es-la-cifra-que-ahora-se-queda-en-casa\\\/#breadcrumb\"},\"inLanguage\":\"es\",\"potentialAction\":[{\"@type\":\"ReadAction\",\"target\":[\"https:\\\/\\\/www.cuballama.com\\\/noticias\\\/flor-de-cuba-contrata-a-su-prometido-esta-es-la-cifra-que-ahora-se-queda-en-casa\\\/\"]}]},{\"@type\":\"ImageObject\",\"inLanguage\":\"es\",\"@id\":\"https:\\\/\\\/www.cuballama.com\\\/noticias\\\/flor-de-cuba-contrata-a-su-prometido-esta-es-la-cifra-que-ahora-se-queda-en-casa\\\/#primaryimage\",\"url\":\"https:\\\/\\\/cdn1.mediawpaccore.net\\\/wp-content\\\/uploads\\\/2026\\\/03\\\/02144951\\\/Captura-de-pantalla-2026-03-02-a-las-20.40.13.png\",\"contentUrl\":\"https:\\\/\\\/cdn1.mediawpaccore.net\\\/wp-content\\\/uploads\\\/2026\\\/03\\\/02144951\\\/Captura-de-pantalla-2026-03-02-a-las-20.40.13.png\",\"width\":978,\"height\":584,\"caption\":\"Foto tomada del perfil de Instagram de Flor de Cuba\"},{\"@type\":\"BreadcrumbList\",\"@id\":\"https:\\\/\\\/www.cuballama.com\\\/noticias\\\/flor-de-cuba-contrata-a-su-prometido-esta-es-la-cifra-que-ahora-se-queda-en-casa\\\/#breadcrumb\",\"itemListElement\":[{\"@type\":\"ListItem\",\"position\":1,\"name\":\"Home\",\"item\":\"https:\\\/\\\/www.cuballama.com\\\/noticias\\\/\"},{\"@type\":\"ListItem\",\"position\":2,\"name\":\"Flor de Cuba contrata a su prometido: esta es la cifra que ahora \u00abse queda en casa\u00bb\"}]},{\"@type\":\"WebSite\",\"@id\":\"https:\\\/\\\/www.cuballama.com\\\/noticias\\\/#website\",\"url\":\"https:\\\/\\\/www.cuballama.com\\\/noticias\\\/\",\"name\":\"Cuballama Noticias\",\"description\":\"Medio digital sobre Cuba y el mundo\",\"publisher\":{\"@id\":\"https:\\\/\\\/www.cuballama.com\\\/noticias\\\/#organization\"},\"potentialAction\":[{\"@type\":\"SearchAction\",\"target\":{\"@type\":\"EntryPoint\",\"urlTemplate\":\"https:\\\/\\\/www.cuballama.com\\\/noticias\\\/?s={search_term_string}\"},\"query-input\":{\"@type\":\"PropertyValueSpecification\",\"valueRequired\":true,\"valueName\":\"search_term_string\"}}],\"inLanguage\":\"es\"},{\"@type\":\"Organization\",\"@id\":\"https:\\\/\\\/www.cuballama.com\\\/noticias\\\/#organization\",\"name\":\"Cuballama\",\"url\":\"https:\\\/\\\/www.cuballama.com\\\/noticias\\\/\",\"logo\":{\"@type\":\"ImageObject\",\"inLanguage\":\"es\",\"@id\":\"https:\\\/\\\/www.cuballama.com\\\/noticias\\\/#\\\/schema\\\/logo\\\/image\\\/\",\"url\":\"https:\\\/\\\/cdn1.mediawpaccore.net\\\/wp-content\\\/uploads\\\/2021\\\/12\\\/28171206\\\/cbll-logo-color-sm.png\",\"contentUrl\":\"https:\\\/\\\/cdn1.mediawpaccore.net\\\/wp-content\\\/uploads\\\/2021\\\/12\\\/28171206\\\/cbll-logo-color-sm.png\",\"width\":600,\"height\":133,\"caption\":\"Cuballama\"},\"image\":{\"@id\":\"https:\\\/\\\/www.cuballama.com\\\/noticias\\\/#\\\/schema\\\/logo\\\/image\\\/\"},\"sameAs\":[\"https:\\\/\\\/www.facebook.com\\\/CubaLlama\",\"https:\\\/\\\/x.com\\\/cuballama\",\"https:\\\/\\\/www.instagram.com\\\/stories\\\/cuballama_oficial\\\/\",\"https:\\\/\\\/www.youtube.com\\\/channel\\\/UCKkFE-d_axENGZcrc4as0IA\"]},{\"@type\":\"Person\",\"@id\":\"https:\\\/\\\/www.cuballama.com\\\/noticias\\\/#\\\/schema\\\/person\\\/5cba2b8cc25a3159e49fe730a94d512e\",\"name\":\"Sof\u00eda Reyes\",\"url\":\"https:\\\/\\\/www.cuballama.com\\\/noticias\\\/author\\\/laura\\\/\"}]}<\/script>\n<!-- \/ Yoast SEO plugin. -->","yoast_head_json":{"title":"Flor de Cuba contrata a su prometido: esta es la cifra que ahora \"se queda en casa\" - Cuballama Noticias","description":"\u00bfCu\u00e1nto gana el novio de Flor de Cuba tras renunciar a su empleo? La influencer revela la estrategia detr\u00e1s de su negocio en TikTok Shop.","robots":{"index":"index","follow":"follow","max-snippet":"max-snippet:-1","max-image-preview":"max-image-preview:large","max-video-preview":"max-video-preview:-1"},"canonical":"https:\/\/www.cuballama.com\/noticias\/flor-de-cuba-contrata-a-su-prometido-esta-es-la-cifra-que-ahora-se-queda-en-casa\/","og_locale":"es_ES","og_type":"article","og_title":"Flor de Cuba contrata a su prometido: esta es la cifra que ahora \"se queda en casa\" - Cuballama Noticias","og_description":"\u00bfCu\u00e1nto gana el novio de Flor de Cuba tras renunciar a su empleo? La influencer revela la estrategia detr\u00e1s de su negocio en TikTok Shop.","og_url":"https:\/\/www.cuballama.com\/noticias\/flor-de-cuba-contrata-a-su-prometido-esta-es-la-cifra-que-ahora-se-queda-en-casa\/","og_site_name":"Cuballama Noticias","article_publisher":"https:\/\/www.facebook.com\/CubaLlama","article_published_time":"2026-03-02T19:53:35+00:00","article_modified_time":"2026-03-02T19:53:36+00:00","og_image":[{"width":978,"height":584,"url":"https:\/\/cdn1.mediawpaccore.net\/wp-content\/uploads\/2026\/03\/02144951\/Captura-de-pantalla-2026-03-02-a-las-20.40.13.png","type":"image\/png"}],"author":"Sof\u00eda Reyes","twitter_card":"summary_large_image","twitter_creator":"@cuballama","twitter_site":"@cuballama","twitter_misc":{"Escrito por":"Sof\u00eda Reyes","Tiempo de lectura":"3 minutos"},"schema":{"@context":"https:\/\/schema.org","@graph":[{"@type":"Article","@id":"https:\/\/www.cuballama.com\/noticias\/flor-de-cuba-contrata-a-su-prometido-esta-es-la-cifra-que-ahora-se-queda-en-casa\/#article","isPartOf":{"@id":"https:\/\/www.cuballama.com\/noticias\/flor-de-cuba-contrata-a-su-prometido-esta-es-la-cifra-que-ahora-se-queda-en-casa\/"},"author":{"name":"Sof\u00eda Reyes","@id":"https:\/\/www.cuballama.com\/noticias\/#\/schema\/person\/5cba2b8cc25a3159e49fe730a94d512e"},"headline":"Flor de Cuba contrata a su prometido: esta es la cifra que ahora \u00abse queda en casa\u00bb","datePublished":"2026-03-02T19:53:35+00:00","dateModified":"2026-03-02T19:53:36+00:00","mainEntityOfPage":{"@id":"https:\/\/www.cuballama.com\/noticias\/flor-de-cuba-contrata-a-su-prometido-esta-es-la-cifra-que-ahora-se-queda-en-casa\/"},"wordCount":493,"commentCount":0,"publisher":{"@id":"https:\/\/www.cuballama.com\/noticias\/#organization"},"image":{"@id":"https:\/\/www.cuballama.com\/noticias\/flor-de-cuba-contrata-a-su-prometido-esta-es-la-cifra-que-ahora-se-queda-en-casa\/#primaryimage"},"thumbnailUrl":"https:\/\/cdn1.mediawpaccore.net\/wp-content\/uploads\/2026\/03\/02144951\/Captura-de-pantalla-2026-03-02-a-las-20.40.13.png","keywords":["cubanos","cubanos en Miami","Flor de Cuba"],"articleSection":["Far\u00e1ndula"],"inLanguage":"es","potentialAction":[{"@type":"CommentAction","name":"Comment","target":["https:\/\/www.cuballama.com\/noticias\/flor-de-cuba-contrata-a-su-prometido-esta-es-la-cifra-que-ahora-se-queda-en-casa\/#respond"]}]},{"@type":"WebPage","@id":"https:\/\/www.cuballama.com\/noticias\/flor-de-cuba-contrata-a-su-prometido-esta-es-la-cifra-que-ahora-se-queda-en-casa\/","url":"https:\/\/www.cuballama.com\/noticias\/flor-de-cuba-contrata-a-su-prometido-esta-es-la-cifra-que-ahora-se-queda-en-casa\/","name":"Flor de Cuba contrata a su prometido: esta es la cifra que ahora \"se queda en casa\" - Cuballama Noticias","isPartOf":{"@id":"https:\/\/www.cuballama.com\/noticias\/#website"},"primaryImageOfPage":{"@id":"https:\/\/www.cuballama.com\/noticias\/flor-de-cuba-contrata-a-su-prometido-esta-es-la-cifra-que-ahora-se-queda-en-casa\/#primaryimage"},"image":{"@id":"https:\/\/www.cuballama.com\/noticias\/flor-de-cuba-contrata-a-su-prometido-esta-es-la-cifra-que-ahora-se-queda-en-casa\/#primaryimage"},"thumbnailUrl":"https:\/\/cdn1.mediawpaccore.net\/wp-content\/uploads\/2026\/03\/02144951\/Captura-de-pantalla-2026-03-02-a-las-20.40.13.png","datePublished":"2026-03-02T19:53:35+00:00","dateModified":"2026-03-02T19:53:36+00:00","description":"\u00bfCu\u00e1nto gana el novio de Flor de Cuba tras renunciar a su empleo? La influencer revela la estrategia detr\u00e1s de su negocio en TikTok Shop.","breadcrumb":{"@id":"https:\/\/www.cuballama.com\/noticias\/flor-de-cuba-contrata-a-su-prometido-esta-es-la-cifra-que-ahora-se-queda-en-casa\/#breadcrumb"},"inLanguage":"es","potentialAction":[{"@type":"ReadAction","target":["https:\/\/www.cuballama.com\/noticias\/flor-de-cuba-contrata-a-su-prometido-esta-es-la-cifra-que-ahora-se-queda-en-casa\/"]}]},{"@type":"ImageObject","inLanguage":"es","@id":"https:\/\/www.cuballama.com\/noticias\/flor-de-cuba-contrata-a-su-prometido-esta-es-la-cifra-que-ahora-se-queda-en-casa\/#primaryimage","url":"https:\/\/cdn1.mediawpaccore.net\/wp-content\/uploads\/2026\/03\/02144951\/Captura-de-pantalla-2026-03-02-a-las-20.40.13.png","contentUrl":"https:\/\/cdn1.mediawpaccore.net\/wp-content\/uploads\/2026\/03\/02144951\/Captura-de-pantalla-2026-03-02-a-las-20.40.13.png","width":978,"height":584,"caption":"Foto tomada del perfil de Instagram de Flor de Cuba"},{"@type":"BreadcrumbList","@id":"https:\/\/www.cuballama.com\/noticias\/flor-de-cuba-contrata-a-su-prometido-esta-es-la-cifra-que-ahora-se-queda-en-casa\/#breadcrumb","itemListElement":[{"@type":"ListItem","position":1,"name":"Home","item":"https:\/\/www.cuballama.com\/noticias\/"},{"@type":"ListItem","position":2,"name":"Flor de Cuba contrata a su prometido: esta es la cifra que ahora \u00abse queda en casa\u00bb"}]},{"@type":"WebSite","@id":"https:\/\/www.cuballama.com\/noticias\/#website","url":"https:\/\/www.cuballama.com\/noticias\/","name":"Cuballama Noticias","description":"Medio digital sobre Cuba y el mundo","publisher":{"@id":"https:\/\/www.cuballama.com\/noticias\/#organization"},"potentialAction":[{"@type":"SearchAction","target":{"@type":"EntryPoint","urlTemplate":"https:\/\/www.cuballama.com\/noticias\/?s={search_term_string}"},"query-input":{"@type":"PropertyValueSpecification","valueRequired":true,"valueName":"search_term_string"}}],"inLanguage":"es"},{"@type":"Organization","@id":"https:\/\/www.cuballama.com\/noticias\/#organization","name":"Cuballama","url":"https:\/\/www.cuballama.com\/noticias\/","logo":{"@type":"ImageObject","inLanguage":"es","@id":"https:\/\/www.cuballama.com\/noticias\/#\/schema\/logo\/image\/","url":"https:\/\/cdn1.mediawpaccore.net\/wp-content\/uploads\/2021\/12\/28171206\/cbll-logo-color-sm.png","contentUrl":"https:\/\/cdn1.mediawpaccore.net\/wp-content\/uploads\/2021\/12\/28171206\/cbll-logo-color-sm.png","width":600,"height":133,"caption":"Cuballama"},"image":{"@id":"https:\/\/www.cuballama.com\/noticias\/#\/schema\/logo\/image\/"},"sameAs":["https:\/\/www.facebook.com\/CubaLlama","https:\/\/x.com\/cuballama","https:\/\/www.instagram.com\/stories\/cuballama_oficial\/","https:\/\/www.youtube.com\/channel\/UCKkFE-d_axENGZcrc4as0IA"]},{"@type":"Person","@id":"https:\/\/www.cuballama.com\/noticias\/#\/schema\/person\/5cba2b8cc25a3159e49fe730a94d512e","name":"Sof\u00eda Reyes","url":"https:\/\/www.cuballama.com\/noticias\/author\/laura\/"}]}},"_links":{"self":[{"href":"https:\/\/www.cuballama.com\/noticias\/wp-json\/wp\/v2\/posts\/236857","targetHints":{"allow":["GET"]}}],"collection":[{"href":"https:\/\/www.cuballama.com\/noticias\/wp-json\/wp\/v2\/posts"}],"about":[{"href":"https:\/\/www.cuballama.com\/noticias\/wp-json\/wp\/v2\/types\/post"}],"author":[{"embeddable":true,"href":"https:\/\/www.cuballama.com\/noticias\/wp-json\/wp\/v2\/users\/29"}],"replies":[{"embeddable":true,"href":"https:\/\/www.cuballama.com\/noticias\/wp-json\/wp\/v2\/comments?post=236857"}],"version-history":[{"count":2,"href":"https:\/\/www.cuballama.com\/noticias\/wp-json\/wp\/v2\/posts\/236857\/revisions"}],"predecessor-version":[{"id":236882,"href":"https:\/\/www.cuballama.com\/noticias\/wp-json\/wp\/v2\/posts\/236857\/revisions\/236882"}],"wp:featuredmedia":[{"embeddable":true,"href":"https:\/\/www.cuballama.com\/noticias\/wp-json\/wp\/v2\/media\/236881"}],"wp:attachment":[{"href":"https:\/\/www.cuballama.com\/noticias\/wp-json\/wp\/v2\/media?parent=236857"}],"wp:term":[{"taxonomy":"category","embeddable":true,"href":"https:\/\/www.cuballama.com\/noticias\/wp-json\/wp\/v2\/categories?post=236857"},{"taxonomy":"post_tag","embeddable":true,"href":"https:\/\/www.cuballama.com\/noticias\/wp-json\/wp\/v2\/tags?post=236857"}],"curies":[{"name":"wp","href":"https:\/\/api.w.org\/{rel}","templated":true}]}}