{"id":236854,"date":"2026-03-03T08:45:43","date_gmt":"2026-03-03T13:45:43","guid":{"rendered":"https:\/\/www.cuballama.com\/noticias\/?p=236854"},"modified":"2026-03-03T08:52:10","modified_gmt":"2026-03-03T13:52:10","slug":"rafael-correa-dice-que-una-invasion-a-cuba-seria-otro-vietnam-para-ee-uu","status":"publish","type":"post","link":"https:\/\/www.cuballama.com\/noticias\/rafael-correa-dice-que-una-invasion-a-cuba-seria-otro-vietnam-para-ee-uu\/","title":{"rendered":"Rafael Correa dice que una invasi\u00f3n a Cuba ser\u00eda \u201cotro Vietnam\u201d para EE.UU."},"content":{"rendered":"\n<p>El expresidente ecuatoriano Rafael Correa &nbsp;(2007-2017) afirm\u00f3 que si Estados Unidos intentara una invasi\u00f3n militar a Cuba esta se convertir\u00eda en \u201cotro Vietnam\u201d para Washington. <\/p>\n\n\n\n<p>En una entrevista con la agencia <em>EFE<\/em>, Correa advirti\u00f3 que Estados Unidos no podr\u00e1 desestabilizar desde adentro el r\u00e9gimen que ahora dirige Miguel D\u00edaz-Canel.<\/p>\n\n\n\n<p>\u201cEstados Unidos puede bombardear Cuba, pero no van a poder invadirla; eso ser\u00eda otro Vietnam para ellos, y ellos saben que desde adentro no van a poder desestabilizar al r\u00e9gimen\u201d, asegur\u00f3 el l\u00edder del partido Revoluci\u00f3n Ciudadana, la principal fuerza de oposici\u00f3n en Ecuador, al referirse a la complejidad y los costos de una ocupaci\u00f3n prolongada y la resistencia que encontrar\u00eda el Ej\u00e9rcito estadounidense.<\/p>\n\n\n\n<blockquote class=\"twitter-tweet\"><p lang=\"es\" dir=\"ltr\">El expresidente ecuatoriano Rafael Correa advierte que Estados Unidos tendr\u00e1 &quot;otro Vietnam&quot; si llegase a invadir Cuba. <a href=\"https:\/\/t.co\/H4Z31rMq5l\">https:\/\/t.co\/H4Z31rMq5l<\/a><\/p>&mdash; EFE Noticias (@EFEnoticias) <a href=\"https:\/\/twitter.com\/EFEnoticias\/status\/2027894419056189934?ref_src=twsrc%5Etfw\">February 28, 2026<\/a><\/blockquote> <script async src=\"https:\/\/platform.twitter.com\/widgets.js\" charset=\"utf-8\"><\/script>\n\n\n\n<p>No obstante, el exmandatario admiti\u00f3 que lo mostrado a trav\u00e9s de la operaci\u00f3n militar para capturar al entonces presidente de Venezuela, Nicol\u00e1s Maduro, el pasado 3 de enero, \u201cdebe preocupar a cualquiera\u201d porque \u201ca nivel militar, la tecnolog\u00eda de Estados Unidos lleva d\u00e9cadas de ventaja sobre el resto\u201d.<\/p>\n\n\n\n<p>Correa tambi\u00e9n calific\u00f3 de \u201ccriminal\u201d el bloqueo petrolero impuesto por la administraci\u00f3n de Donald Trump a la isla, debido a los graves efectos que ha tenido sobre el pueblo cubano, que enfrenta apagones, escasez de recursos y dificultades para mantener servicios b\u00e1sicos.<\/p>\n\n\n\n<p>\u201cCuba, a diferencia de Venezuela, no tiene recursos naturales, y siempre fue dependiente de hidrocarburos. Bloquearle es criminal. Yo veo a un pueblo cubano que siempre ha sabido salir adelante, pero el da\u00f1o es enorme. Es un pueblo al que lo han dejado sin electricidad. Es criminal lo que le est\u00e1n haciendo\u201d, coment\u00f3.<\/p>\n\n\n\n<p>Las declaraciones de Correa llegan poco despu\u00e9s de que el propio Trump destacara que Cuba est\u00e1 en \u201cserios problemas\u201d y que espera hacer <a href=\"https:\/\/www.cuballama.com\/noticias\/trump-espera-que-ee-uu-inicie-una-toma-amistosa-y-controlada-de-cuba\/\" target=\"_blank\" rel=\"noreferrer noopener\">una \u201ctoma amistosa y controlada\u201d de Cuba<\/a>.<\/p>\n\n\n\n<p><\/p>\n","protected":false},"excerpt":{"rendered":"<p>Seg\u00fan el expresidente ecuatoriano, Washington sabe \u201cque desde adentro no van a poder desestabilizar al r\u00e9gimen\u201d.<\/p>\n","protected":false},"author":30,"featured_media":236932,"comment_status":"open","ping_status":"closed","sticky":false,"template":"","format":"standard","meta":{"_acf_changed":false,"footnotes":""},"categories":[18,955],"tags":[5404,10867,941,30823,6819,670],"class_list":{"0":"post-236854","1":"post","2":"type-post","3":"status-publish","4":"format-standard","5":"has-post-thumbnail","7":"category-noticias","8":"category-noticias-de-cuba","9":"tag-administracion-trump","10":"tag-crisis-en-cuba","11":"tag-destacado","12":"tag-invasion","13":"tag-rafael-correa","14":"tag-vietnam"},"acf":[],"yoast_head":"<!-- This site is optimized with the Yoast SEO plugin v27.5 - https:\/\/yoast.com\/product\/yoast-seo-wordpress\/ -->\n<title>Rafael Correa dice que una invasi\u00f3n a Cuba ser\u00eda \u201cotro Vietnam\u201d para EE.UU. - Cuballama Noticias<\/title>\n<meta name=\"description\" content=\"El expresidente ecuatoriano Rafael Correa afirm\u00f3 que si EE.UU. intentara una invasi\u00f3n militar a Cuba esta se convertir\u00eda en \u201cotro Vietnam\u201d.\" \/>\n<meta name=\"robots\" content=\"index, follow, max-snippet:-1, max-image-preview:large, max-video-preview:-1\" \/>\n<link rel=\"canonical\" href=\"https:\/\/www.cuballama.com\/noticias\/rafael-correa-dice-que-una-invasion-a-cuba-seria-otro-vietnam-para-ee-uu\/\" \/>\n<meta property=\"og:locale\" content=\"es_ES\" \/>\n<meta property=\"og:type\" content=\"article\" \/>\n<meta property=\"og:title\" content=\"Rafael Correa dice que una invasi\u00f3n a Cuba ser\u00eda \u201cotro Vietnam\u201d para EE.UU. - Cuballama Noticias\" \/>\n<meta property=\"og:description\" content=\"El expresidente ecuatoriano Rafael Correa afirm\u00f3 que si EE.UU. intentara una invasi\u00f3n militar a Cuba esta se convertir\u00eda en \u201cotro Vietnam\u201d.\" \/>\n<meta property=\"og:url\" content=\"https:\/\/www.cuballama.com\/noticias\/rafael-correa-dice-que-una-invasion-a-cuba-seria-otro-vietnam-para-ee-uu\/\" \/>\n<meta property=\"og:site_name\" content=\"Cuballama Noticias\" \/>\n<meta property=\"article:publisher\" content=\"https:\/\/www.facebook.com\/CubaLlama\" \/>\n<meta property=\"article:published_time\" content=\"2026-03-03T13:45:43+00:00\" \/>\n<meta property=\"article:modified_time\" content=\"2026-03-03T13:52:10+00:00\" \/>\n<meta property=\"og:image\" content=\"https:\/\/cdn1.mediawpaccore.net\/wp-content\/uploads\/2026\/03\/03063303\/HAaYrgLXMAASLDA1.jpg\" \/>\n\t<meta property=\"og:image:width\" content=\"1200\" \/>\n\t<meta property=\"og:image:height\" content=\"630\" \/>\n\t<meta property=\"og:image:type\" content=\"image\/jpeg\" \/>\n<meta name=\"author\" content=\"Kathy\" \/>\n<meta name=\"twitter:card\" content=\"summary_large_image\" \/>\n<meta name=\"twitter:creator\" content=\"@cuballama\" \/>\n<meta name=\"twitter:site\" content=\"@cuballama\" \/>\n<meta name=\"twitter:label1\" content=\"Escrito por\" \/>\n\t<meta name=\"twitter:data1\" content=\"Kathy\" \/>\n\t<meta name=\"twitter:label2\" content=\"Tiempo de lectura\" \/>\n\t<meta name=\"twitter:data2\" content=\"2 minutos\" \/>\n<script type=\"application\/ld+json\" class=\"yoast-schema-graph\">{\"@context\":\"https:\\\/\\\/schema.org\",\"@graph\":[{\"@type\":\"Article\",\"@id\":\"https:\\\/\\\/www.cuballama.com\\\/noticias\\\/rafael-correa-dice-que-una-invasion-a-cuba-seria-otro-vietnam-para-ee-uu\\\/#article\",\"isPartOf\":{\"@id\":\"https:\\\/\\\/www.cuballama.com\\\/noticias\\\/rafael-correa-dice-que-una-invasion-a-cuba-seria-otro-vietnam-para-ee-uu\\\/\"},\"author\":{\"name\":\"Kathy\",\"@id\":\"https:\\\/\\\/www.cuballama.com\\\/noticias\\\/#\\\/schema\\\/person\\\/86cd3e3f4974437f031211213bf892d5\"},\"headline\":\"Rafael Correa dice que una invasi\u00f3n a Cuba ser\u00eda \u201cotro Vietnam\u201d para EE.UU.\",\"datePublished\":\"2026-03-03T13:45:43+00:00\",\"dateModified\":\"2026-03-03T13:52:10+00:00\",\"mainEntityOfPage\":{\"@id\":\"https:\\\/\\\/www.cuballama.com\\\/noticias\\\/rafael-correa-dice-que-una-invasion-a-cuba-seria-otro-vietnam-para-ee-uu\\\/\"},\"wordCount\":356,\"commentCount\":0,\"publisher\":{\"@id\":\"https:\\\/\\\/www.cuballama.com\\\/noticias\\\/#organization\"},\"image\":{\"@id\":\"https:\\\/\\\/www.cuballama.com\\\/noticias\\\/rafael-correa-dice-que-una-invasion-a-cuba-seria-otro-vietnam-para-ee-uu\\\/#primaryimage\"},\"thumbnailUrl\":\"https:\\\/\\\/cdn1.mediawpaccore.net\\\/wp-content\\\/uploads\\\/2026\\\/03\\\/03063303\\\/HAaYrgLXMAASLDA1.jpg\",\"keywords\":[\"administraci\u00f3n Trump\",\"Crisis en Cuba\",\"destacado\",\"invasi\u00f3n\",\"Rafael Correa\",\"Vietnam\"],\"articleSection\":[\"Noticias\",\"Noticias de Cuba\"],\"inLanguage\":\"es\",\"potentialAction\":[{\"@type\":\"CommentAction\",\"name\":\"Comment\",\"target\":[\"https:\\\/\\\/www.cuballama.com\\\/noticias\\\/rafael-correa-dice-que-una-invasion-a-cuba-seria-otro-vietnam-para-ee-uu\\\/#respond\"]}]},{\"@type\":\"WebPage\",\"@id\":\"https:\\\/\\\/www.cuballama.com\\\/noticias\\\/rafael-correa-dice-que-una-invasion-a-cuba-seria-otro-vietnam-para-ee-uu\\\/\",\"url\":\"https:\\\/\\\/www.cuballama.com\\\/noticias\\\/rafael-correa-dice-que-una-invasion-a-cuba-seria-otro-vietnam-para-ee-uu\\\/\",\"name\":\"Rafael Correa dice que una invasi\u00f3n a Cuba ser\u00eda \u201cotro Vietnam\u201d para EE.UU. - Cuballama Noticias\",\"isPartOf\":{\"@id\":\"https:\\\/\\\/www.cuballama.com\\\/noticias\\\/#website\"},\"primaryImageOfPage\":{\"@id\":\"https:\\\/\\\/www.cuballama.com\\\/noticias\\\/rafael-correa-dice-que-una-invasion-a-cuba-seria-otro-vietnam-para-ee-uu\\\/#primaryimage\"},\"image\":{\"@id\":\"https:\\\/\\\/www.cuballama.com\\\/noticias\\\/rafael-correa-dice-que-una-invasion-a-cuba-seria-otro-vietnam-para-ee-uu\\\/#primaryimage\"},\"thumbnailUrl\":\"https:\\\/\\\/cdn1.mediawpaccore.net\\\/wp-content\\\/uploads\\\/2026\\\/03\\\/03063303\\\/HAaYrgLXMAASLDA1.jpg\",\"datePublished\":\"2026-03-03T13:45:43+00:00\",\"dateModified\":\"2026-03-03T13:52:10+00:00\",\"description\":\"El expresidente ecuatoriano Rafael Correa afirm\u00f3 que si EE.UU. intentara una invasi\u00f3n militar a Cuba esta se convertir\u00eda en \u201cotro Vietnam\u201d.\",\"breadcrumb\":{\"@id\":\"https:\\\/\\\/www.cuballama.com\\\/noticias\\\/rafael-correa-dice-que-una-invasion-a-cuba-seria-otro-vietnam-para-ee-uu\\\/#breadcrumb\"},\"inLanguage\":\"es\",\"potentialAction\":[{\"@type\":\"ReadAction\",\"target\":[\"https:\\\/\\\/www.cuballama.com\\\/noticias\\\/rafael-correa-dice-que-una-invasion-a-cuba-seria-otro-vietnam-para-ee-uu\\\/\"]}]},{\"@type\":\"ImageObject\",\"inLanguage\":\"es\",\"@id\":\"https:\\\/\\\/www.cuballama.com\\\/noticias\\\/rafael-correa-dice-que-una-invasion-a-cuba-seria-otro-vietnam-para-ee-uu\\\/#primaryimage\",\"url\":\"https:\\\/\\\/cdn1.mediawpaccore.net\\\/wp-content\\\/uploads\\\/2026\\\/03\\\/03063303\\\/HAaYrgLXMAASLDA1.jpg\",\"contentUrl\":\"https:\\\/\\\/cdn1.mediawpaccore.net\\\/wp-content\\\/uploads\\\/2026\\\/03\\\/03063303\\\/HAaYrgLXMAASLDA1.jpg\",\"width\":1200,\"height\":630,\"caption\":\"Rafael Correa. Foto: X\\\/Rafael Correa.\"},{\"@type\":\"BreadcrumbList\",\"@id\":\"https:\\\/\\\/www.cuballama.com\\\/noticias\\\/rafael-correa-dice-que-una-invasion-a-cuba-seria-otro-vietnam-para-ee-uu\\\/#breadcrumb\",\"itemListElement\":[{\"@type\":\"ListItem\",\"position\":1,\"name\":\"Home\",\"item\":\"https:\\\/\\\/www.cuballama.com\\\/noticias\\\/\"},{\"@type\":\"ListItem\",\"position\":2,\"name\":\"Rafael Correa dice que una invasi\u00f3n a Cuba ser\u00eda \u201cotro Vietnam\u201d para EE.UU.\"}]},{\"@type\":\"WebSite\",\"@id\":\"https:\\\/\\\/www.cuballama.com\\\/noticias\\\/#website\",\"url\":\"https:\\\/\\\/www.cuballama.com\\\/noticias\\\/\",\"name\":\"Cuballama Noticias\",\"description\":\"Medio digital sobre Cuba y el mundo\",\"publisher\":{\"@id\":\"https:\\\/\\\/www.cuballama.com\\\/noticias\\\/#organization\"},\"potentialAction\":[{\"@type\":\"SearchAction\",\"target\":{\"@type\":\"EntryPoint\",\"urlTemplate\":\"https:\\\/\\\/www.cuballama.com\\\/noticias\\\/?s={search_term_string}\"},\"query-input\":{\"@type\":\"PropertyValueSpecification\",\"valueRequired\":true,\"valueName\":\"search_term_string\"}}],\"inLanguage\":\"es\"},{\"@type\":\"Organization\",\"@id\":\"https:\\\/\\\/www.cuballama.com\\\/noticias\\\/#organization\",\"name\":\"Cuballama\",\"url\":\"https:\\\/\\\/www.cuballama.com\\\/noticias\\\/\",\"logo\":{\"@type\":\"ImageObject\",\"inLanguage\":\"es\",\"@id\":\"https:\\\/\\\/www.cuballama.com\\\/noticias\\\/#\\\/schema\\\/logo\\\/image\\\/\",\"url\":\"https:\\\/\\\/cdn1.mediawpaccore.net\\\/wp-content\\\/uploads\\\/2021\\\/12\\\/28171206\\\/cbll-logo-color-sm.png\",\"contentUrl\":\"https:\\\/\\\/cdn1.mediawpaccore.net\\\/wp-content\\\/uploads\\\/2021\\\/12\\\/28171206\\\/cbll-logo-color-sm.png\",\"width\":600,\"height\":133,\"caption\":\"Cuballama\"},\"image\":{\"@id\":\"https:\\\/\\\/www.cuballama.com\\\/noticias\\\/#\\\/schema\\\/logo\\\/image\\\/\"},\"sameAs\":[\"https:\\\/\\\/www.facebook.com\\\/CubaLlama\",\"https:\\\/\\\/x.com\\\/cuballama\",\"https:\\\/\\\/www.instagram.com\\\/stories\\\/cuballama_oficial\\\/\",\"https:\\\/\\\/www.youtube.com\\\/channel\\\/UCKkFE-d_axENGZcrc4as0IA\"]},{\"@type\":\"Person\",\"@id\":\"https:\\\/\\\/www.cuballama.com\\\/noticias\\\/#\\\/schema\\\/person\\\/86cd3e3f4974437f031211213bf892d5\",\"name\":\"Kathy\",\"url\":\"https:\\\/\\\/www.cuballama.com\\\/noticias\\\/author\\\/kathy\\\/\"}]}<\/script>\n<!-- \/ Yoast SEO plugin. -->","yoast_head_json":{"title":"Rafael Correa dice que una invasi\u00f3n a Cuba ser\u00eda \u201cotro Vietnam\u201d para EE.UU. - Cuballama Noticias","description":"El expresidente ecuatoriano Rafael Correa afirm\u00f3 que si EE.UU. intentara una invasi\u00f3n militar a Cuba esta se convertir\u00eda en \u201cotro Vietnam\u201d.","robots":{"index":"index","follow":"follow","max-snippet":"max-snippet:-1","max-image-preview":"max-image-preview:large","max-video-preview":"max-video-preview:-1"},"canonical":"https:\/\/www.cuballama.com\/noticias\/rafael-correa-dice-que-una-invasion-a-cuba-seria-otro-vietnam-para-ee-uu\/","og_locale":"es_ES","og_type":"article","og_title":"Rafael Correa dice que una invasi\u00f3n a Cuba ser\u00eda \u201cotro Vietnam\u201d para EE.UU. - Cuballama Noticias","og_description":"El expresidente ecuatoriano Rafael Correa afirm\u00f3 que si EE.UU. intentara una invasi\u00f3n militar a Cuba esta se convertir\u00eda en \u201cotro Vietnam\u201d.","og_url":"https:\/\/www.cuballama.com\/noticias\/rafael-correa-dice-que-una-invasion-a-cuba-seria-otro-vietnam-para-ee-uu\/","og_site_name":"Cuballama Noticias","article_publisher":"https:\/\/www.facebook.com\/CubaLlama","article_published_time":"2026-03-03T13:45:43+00:00","article_modified_time":"2026-03-03T13:52:10+00:00","og_image":[{"width":1200,"height":630,"url":"https:\/\/cdn1.mediawpaccore.net\/wp-content\/uploads\/2026\/03\/03063303\/HAaYrgLXMAASLDA1.jpg","type":"image\/jpeg"}],"author":"Kathy","twitter_card":"summary_large_image","twitter_creator":"@cuballama","twitter_site":"@cuballama","twitter_misc":{"Escrito por":"Kathy","Tiempo de lectura":"2 minutos"},"schema":{"@context":"https:\/\/schema.org","@graph":[{"@type":"Article","@id":"https:\/\/www.cuballama.com\/noticias\/rafael-correa-dice-que-una-invasion-a-cuba-seria-otro-vietnam-para-ee-uu\/#article","isPartOf":{"@id":"https:\/\/www.cuballama.com\/noticias\/rafael-correa-dice-que-una-invasion-a-cuba-seria-otro-vietnam-para-ee-uu\/"},"author":{"name":"Kathy","@id":"https:\/\/www.cuballama.com\/noticias\/#\/schema\/person\/86cd3e3f4974437f031211213bf892d5"},"headline":"Rafael Correa dice que una invasi\u00f3n a Cuba ser\u00eda \u201cotro Vietnam\u201d para EE.UU.","datePublished":"2026-03-03T13:45:43+00:00","dateModified":"2026-03-03T13:52:10+00:00","mainEntityOfPage":{"@id":"https:\/\/www.cuballama.com\/noticias\/rafael-correa-dice-que-una-invasion-a-cuba-seria-otro-vietnam-para-ee-uu\/"},"wordCount":356,"commentCount":0,"publisher":{"@id":"https:\/\/www.cuballama.com\/noticias\/#organization"},"image":{"@id":"https:\/\/www.cuballama.com\/noticias\/rafael-correa-dice-que-una-invasion-a-cuba-seria-otro-vietnam-para-ee-uu\/#primaryimage"},"thumbnailUrl":"https:\/\/cdn1.mediawpaccore.net\/wp-content\/uploads\/2026\/03\/03063303\/HAaYrgLXMAASLDA1.jpg","keywords":["administraci\u00f3n Trump","Crisis en Cuba","destacado","invasi\u00f3n","Rafael Correa","Vietnam"],"articleSection":["Noticias","Noticias de Cuba"],"inLanguage":"es","potentialAction":[{"@type":"CommentAction","name":"Comment","target":["https:\/\/www.cuballama.com\/noticias\/rafael-correa-dice-que-una-invasion-a-cuba-seria-otro-vietnam-para-ee-uu\/#respond"]}]},{"@type":"WebPage","@id":"https:\/\/www.cuballama.com\/noticias\/rafael-correa-dice-que-una-invasion-a-cuba-seria-otro-vietnam-para-ee-uu\/","url":"https:\/\/www.cuballama.com\/noticias\/rafael-correa-dice-que-una-invasion-a-cuba-seria-otro-vietnam-para-ee-uu\/","name":"Rafael Correa dice que una invasi\u00f3n a Cuba ser\u00eda \u201cotro Vietnam\u201d para EE.UU. - Cuballama Noticias","isPartOf":{"@id":"https:\/\/www.cuballama.com\/noticias\/#website"},"primaryImageOfPage":{"@id":"https:\/\/www.cuballama.com\/noticias\/rafael-correa-dice-que-una-invasion-a-cuba-seria-otro-vietnam-para-ee-uu\/#primaryimage"},"image":{"@id":"https:\/\/www.cuballama.com\/noticias\/rafael-correa-dice-que-una-invasion-a-cuba-seria-otro-vietnam-para-ee-uu\/#primaryimage"},"thumbnailUrl":"https:\/\/cdn1.mediawpaccore.net\/wp-content\/uploads\/2026\/03\/03063303\/HAaYrgLXMAASLDA1.jpg","datePublished":"2026-03-03T13:45:43+00:00","dateModified":"2026-03-03T13:52:10+00:00","description":"El expresidente ecuatoriano Rafael Correa afirm\u00f3 que si EE.UU. intentara una invasi\u00f3n militar a Cuba esta se convertir\u00eda en \u201cotro Vietnam\u201d.","breadcrumb":{"@id":"https:\/\/www.cuballama.com\/noticias\/rafael-correa-dice-que-una-invasion-a-cuba-seria-otro-vietnam-para-ee-uu\/#breadcrumb"},"inLanguage":"es","potentialAction":[{"@type":"ReadAction","target":["https:\/\/www.cuballama.com\/noticias\/rafael-correa-dice-que-una-invasion-a-cuba-seria-otro-vietnam-para-ee-uu\/"]}]},{"@type":"ImageObject","inLanguage":"es","@id":"https:\/\/www.cuballama.com\/noticias\/rafael-correa-dice-que-una-invasion-a-cuba-seria-otro-vietnam-para-ee-uu\/#primaryimage","url":"https:\/\/cdn1.mediawpaccore.net\/wp-content\/uploads\/2026\/03\/03063303\/HAaYrgLXMAASLDA1.jpg","contentUrl":"https:\/\/cdn1.mediawpaccore.net\/wp-content\/uploads\/2026\/03\/03063303\/HAaYrgLXMAASLDA1.jpg","width":1200,"height":630,"caption":"Rafael Correa. Foto: X\/Rafael Correa."},{"@type":"BreadcrumbList","@id":"https:\/\/www.cuballama.com\/noticias\/rafael-correa-dice-que-una-invasion-a-cuba-seria-otro-vietnam-para-ee-uu\/#breadcrumb","itemListElement":[{"@type":"ListItem","position":1,"name":"Home","item":"https:\/\/www.cuballama.com\/noticias\/"},{"@type":"ListItem","position":2,"name":"Rafael Correa dice que una invasi\u00f3n a Cuba ser\u00eda \u201cotro Vietnam\u201d para EE.UU."}]},{"@type":"WebSite","@id":"https:\/\/www.cuballama.com\/noticias\/#website","url":"https:\/\/www.cuballama.com\/noticias\/","name":"Cuballama Noticias","description":"Medio digital sobre Cuba y el mundo","publisher":{"@id":"https:\/\/www.cuballama.com\/noticias\/#organization"},"potentialAction":[{"@type":"SearchAction","target":{"@type":"EntryPoint","urlTemplate":"https:\/\/www.cuballama.com\/noticias\/?s={search_term_string}"},"query-input":{"@type":"PropertyValueSpecification","valueRequired":true,"valueName":"search_term_string"}}],"inLanguage":"es"},{"@type":"Organization","@id":"https:\/\/www.cuballama.com\/noticias\/#organization","name":"Cuballama","url":"https:\/\/www.cuballama.com\/noticias\/","logo":{"@type":"ImageObject","inLanguage":"es","@id":"https:\/\/www.cuballama.com\/noticias\/#\/schema\/logo\/image\/","url":"https:\/\/cdn1.mediawpaccore.net\/wp-content\/uploads\/2021\/12\/28171206\/cbll-logo-color-sm.png","contentUrl":"https:\/\/cdn1.mediawpaccore.net\/wp-content\/uploads\/2021\/12\/28171206\/cbll-logo-color-sm.png","width":600,"height":133,"caption":"Cuballama"},"image":{"@id":"https:\/\/www.cuballama.com\/noticias\/#\/schema\/logo\/image\/"},"sameAs":["https:\/\/www.facebook.com\/CubaLlama","https:\/\/x.com\/cuballama","https:\/\/www.instagram.com\/stories\/cuballama_oficial\/","https:\/\/www.youtube.com\/channel\/UCKkFE-d_axENGZcrc4as0IA"]},{"@type":"Person","@id":"https:\/\/www.cuballama.com\/noticias\/#\/schema\/person\/86cd3e3f4974437f031211213bf892d5","name":"Kathy","url":"https:\/\/www.cuballama.com\/noticias\/author\/kathy\/"}]}},"_links":{"self":[{"href":"https:\/\/www.cuballama.com\/noticias\/wp-json\/wp\/v2\/posts\/236854","targetHints":{"allow":["GET"]}}],"collection":[{"href":"https:\/\/www.cuballama.com\/noticias\/wp-json\/wp\/v2\/posts"}],"about":[{"href":"https:\/\/www.cuballama.com\/noticias\/wp-json\/wp\/v2\/types\/post"}],"author":[{"embeddable":true,"href":"https:\/\/www.cuballama.com\/noticias\/wp-json\/wp\/v2\/users\/30"}],"replies":[{"embeddable":true,"href":"https:\/\/www.cuballama.com\/noticias\/wp-json\/wp\/v2\/comments?post=236854"}],"version-history":[{"count":7,"href":"https:\/\/www.cuballama.com\/noticias\/wp-json\/wp\/v2\/posts\/236854\/revisions"}],"predecessor-version":[{"id":236963,"href":"https:\/\/www.cuballama.com\/noticias\/wp-json\/wp\/v2\/posts\/236854\/revisions\/236963"}],"wp:featuredmedia":[{"embeddable":true,"href":"https:\/\/www.cuballama.com\/noticias\/wp-json\/wp\/v2\/media\/236932"}],"wp:attachment":[{"href":"https:\/\/www.cuballama.com\/noticias\/wp-json\/wp\/v2\/media?parent=236854"}],"wp:term":[{"taxonomy":"category","embeddable":true,"href":"https:\/\/www.cuballama.com\/noticias\/wp-json\/wp\/v2\/categories?post=236854"},{"taxonomy":"post_tag","embeddable":true,"href":"https:\/\/www.cuballama.com\/noticias\/wp-json\/wp\/v2\/tags?post=236854"}],"curies":[{"name":"wp","href":"https:\/\/api.w.org\/{rel}","templated":true}]}}