{"id":236834,"date":"2026-03-02T12:20:55","date_gmt":"2026-03-02T17:20:55","guid":{"rendered":"https:\/\/www.cuballama.com\/noticias\/?p=236834"},"modified":"2026-03-02T12:21:15","modified_gmt":"2026-03-02T17:21:15","slug":"senador-cercano-a-trump-cuba-es-la-siguiente","status":"publish","type":"post","link":"https:\/\/www.cuballama.com\/noticias\/senador-cercano-a-trump-cuba-es-la-siguiente\/","title":{"rendered":"Senador cercano a Trump: \u00abCuba es la siguiente\u00bb"},"content":{"rendered":"\n<p><\/p>\n\n\n\n<p>En medio del conflicto regional en Oriente Medio de escalada imprevisible un senador republicano cercano a Donald Trump declar\u00f3 a Fox News la noche de este domingo que Estados Unidos tiene a Cuba en la mira.<\/p>\n\n\n\n<p>\u00abEl presidente Trump termin\u00f3 el trabajo que el presidente Reagan no supo hacer\u00bb dijo el senador de Carolina del Sur Lindsey Graham . \u00abSoy un gran admirador de Ronald Reagan, pero estoy aqu\u00ed para decir que Donald Trump es el est\u00e1ndar de oro para los republicanos, quiz\u00e1 para cualquier presidente, en lo que respecta a pol\u00edtica exterior.\u00bb<\/p>\n\n\n\n<p>\u00ab\u00bfMaduro? Todo el mundo hablaba de \u00e9l; \u00a1Pues Donald Trump lo tiene en la c\u00e1rcel!\u00bb continu\u00f3 Graham. \u00abCuba es la siguiente. Van a caer. \u00bfEsta dictadura comunista en Cuba? Sus d\u00edas est\u00e1n contados.\u00bb coment\u00f3 el pol\u00edtico estadounidense, en el Senado desde 2003 donde a partir de 2019 es presidente de su Comisi\u00f3n de Justicia.<\/p>\n\n\n\n<p>Graham ha intensificado su ret\u00f3rica contra el gobierno cubano tras la \u00abextracci\u00f3n\u00bb de Maduro como&nbsp; lo corrobor\u00f3 recientemente a bordo del Air Force One acompa\u00f1ando a Trump cuando declar\u00f3 a periodistas que \u00ablos d\u00edas de esa dictadura comunista estaban contados\u00bb.<\/p>\n\n\n\n<p>Sus declaraciones coincidieron con las del jefe de la misi\u00f3n diplom\u00e1tica en La Habana, Mike Hammer, quien este s\u00e1bado durante un homenaje en Miami&nbsp; al desaparecido l\u00edder disidente Oswaldo Pay\u00e1, dijo que confiaba \u00abque en este 2026 Cuba ser\u00e1 libre\u00bb mismo deseo que expres\u00f3 horas despu\u00e9s al recibir el Premio Humanitario del Colegio de Abogados Cubanoamericanos (CABA).<\/p>\n\n\n\n<p>La pasada semana Trump sorprendi\u00f3 al declarar&nbsp; que \u00abEl gobierno cubano est\u00e1 hablando con nosotros.No tienen dinero.&nbsp;&nbsp;\u201cBien odr\u00edamos muy bien terminar teniendo una toma de control amistosa de Cuba despu\u00e9s de muchos, muchos a\u00f1os\u201d,&nbsp; sin especificar c\u00f3mo ser\u00eda esa&nbsp;\u201ctoma de control\u201d&nbsp;ni ofreci\u00f3 un cronograma para alguna acci\u00f3n potencial contra el pa\u00eds.Horas despu\u00e9s atacar\u00eda a Ir\u00e1n junto a Israel.&nbsp;<\/p>\n\n\n\n<p>El gobierno cubano no ha confirmado esas conversaciones, cuyo \u00faltimo cap\u00edtulo presuntamente tuvo como escenario San Crist\u00f3bal y Nieves hace una semana al&nbsp; margen de la Cumbre de Caricom.<\/p>\n\n\n\n<p><\/p>\n","protected":false},"excerpt":{"rendered":"<p>En medio del conflicto regional en Oriente Medio de escalada imprevisible un senador republicano cercano a Donald Trump declar\u00f3 a Fox News la noche de este domingo que Estados Unidos tiene a Cuba en la mira. \u00abEl presidente Trump termin\u00f3 el trabajo que el presidente Reagan no supo hacer\u00bb dijo el senador de Carolina del [&hellip;]<\/p>\n","protected":false},"author":24,"featured_media":224489,"comment_status":"open","ping_status":"closed","sticky":false,"template":"","format":"standard","meta":{"_acf_changed":false,"footnotes":""},"categories":[18,955],"tags":[10867,11,92,600,11017,7651],"class_list":{"0":"post-236834","1":"post","2":"type-post","3":"status-publish","4":"format-standard","5":"has-post-thumbnail","7":"category-noticias","8":"category-noticias-de-cuba","9":"tag-crisis-en-cuba","10":"tag-cuba","11":"tag-cubanos","12":"tag-migrantes-cubanos","13":"tag-superdestacado","14":"tag-trump"},"acf":[],"yoast_head":"<!-- This site is optimized with the Yoast SEO plugin v27.5 - https:\/\/yoast.com\/product\/yoast-seo-wordpress\/ -->\n<title>Senador cercano a Trump: &quot;Cuba es la siguiente&quot; - Cuballama Noticias<\/title>\n<meta name=\"description\" content=\"Un senador republicano cercano a Donald Trump declar\u00f3 a Fox News la noche de este domingo que Estados Unidos tiene a Cuba en la mira.\" \/>\n<meta name=\"robots\" content=\"index, follow, max-snippet:-1, max-image-preview:large, max-video-preview:-1\" \/>\n<link rel=\"canonical\" href=\"https:\/\/www.cuballama.com\/noticias\/senador-cercano-a-trump-cuba-es-la-siguiente\/\" \/>\n<meta property=\"og:locale\" content=\"es_ES\" \/>\n<meta property=\"og:type\" content=\"article\" \/>\n<meta property=\"og:title\" content=\"Senador cercano a Trump: &quot;Cuba es la siguiente&quot; - Cuballama Noticias\" \/>\n<meta property=\"og:description\" content=\"Un senador republicano cercano a Donald Trump declar\u00f3 a Fox News la noche de este domingo que Estados Unidos tiene a Cuba en la mira.\" \/>\n<meta property=\"og:url\" content=\"https:\/\/www.cuballama.com\/noticias\/senador-cercano-a-trump-cuba-es-la-siguiente\/\" \/>\n<meta property=\"og:site_name\" content=\"Cuballama Noticias\" \/>\n<meta property=\"article:publisher\" content=\"https:\/\/www.facebook.com\/CubaLlama\" \/>\n<meta property=\"article:published_time\" content=\"2026-03-02T17:20:55+00:00\" \/>\n<meta property=\"article:modified_time\" content=\"2026-03-02T17:21:15+00:00\" \/>\n<meta property=\"og:image\" content=\"https:\/\/cdn1.mediawpaccore.net\/wp-content\/uploads\/2025\/10\/31011254\/G4eRjfoWAAAQZue.jpg\" \/>\n\t<meta property=\"og:image:width\" content=\"1200\" \/>\n\t<meta property=\"og:image:height\" content=\"630\" \/>\n\t<meta property=\"og:image:type\" content=\"image\/jpeg\" \/>\n<meta name=\"author\" content=\"Manu\" \/>\n<meta name=\"twitter:card\" content=\"summary_large_image\" \/>\n<meta name=\"twitter:creator\" content=\"@cuballama\" \/>\n<meta name=\"twitter:site\" content=\"@cuballama\" \/>\n<meta name=\"twitter:label1\" content=\"Escrito por\" \/>\n\t<meta name=\"twitter:data1\" content=\"Manu\" \/>\n\t<meta name=\"twitter:label2\" content=\"Tiempo de lectura\" \/>\n\t<meta name=\"twitter:data2\" content=\"2 minutos\" \/>\n<script type=\"application\/ld+json\" class=\"yoast-schema-graph\">{\"@context\":\"https:\\\/\\\/schema.org\",\"@graph\":[{\"@type\":\"Article\",\"@id\":\"https:\\\/\\\/www.cuballama.com\\\/noticias\\\/senador-cercano-a-trump-cuba-es-la-siguiente\\\/#article\",\"isPartOf\":{\"@id\":\"https:\\\/\\\/www.cuballama.com\\\/noticias\\\/senador-cercano-a-trump-cuba-es-la-siguiente\\\/\"},\"author\":{\"name\":\"Manu\",\"@id\":\"https:\\\/\\\/www.cuballama.com\\\/noticias\\\/#\\\/schema\\\/person\\\/5889f7d070564f8386e7944d14d436cd\"},\"headline\":\"Senador cercano a Trump: \u00abCuba es la siguiente\u00bb\",\"datePublished\":\"2026-03-02T17:20:55+00:00\",\"dateModified\":\"2026-03-02T17:21:15+00:00\",\"mainEntityOfPage\":{\"@id\":\"https:\\\/\\\/www.cuballama.com\\\/noticias\\\/senador-cercano-a-trump-cuba-es-la-siguiente\\\/\"},\"wordCount\":378,\"commentCount\":0,\"publisher\":{\"@id\":\"https:\\\/\\\/www.cuballama.com\\\/noticias\\\/#organization\"},\"image\":{\"@id\":\"https:\\\/\\\/www.cuballama.com\\\/noticias\\\/senador-cercano-a-trump-cuba-es-la-siguiente\\\/#primaryimage\"},\"thumbnailUrl\":\"https:\\\/\\\/cdn1.mediawpaccore.net\\\/wp-content\\\/uploads\\\/2025\\\/10\\\/31011254\\\/G4eRjfoWAAAQZue.jpg\",\"keywords\":[\"Crisis en Cuba\",\"Cuba\",\"cubanos\",\"Migrantes cubanos\",\"superdestacado\",\"Trump\"],\"articleSection\":[\"Noticias\",\"Noticias de Cuba\"],\"inLanguage\":\"es\",\"potentialAction\":[{\"@type\":\"CommentAction\",\"name\":\"Comment\",\"target\":[\"https:\\\/\\\/www.cuballama.com\\\/noticias\\\/senador-cercano-a-trump-cuba-es-la-siguiente\\\/#respond\"]}]},{\"@type\":\"WebPage\",\"@id\":\"https:\\\/\\\/www.cuballama.com\\\/noticias\\\/senador-cercano-a-trump-cuba-es-la-siguiente\\\/\",\"url\":\"https:\\\/\\\/www.cuballama.com\\\/noticias\\\/senador-cercano-a-trump-cuba-es-la-siguiente\\\/\",\"name\":\"Senador cercano a Trump: \\\"Cuba es la siguiente\\\" - Cuballama Noticias\",\"isPartOf\":{\"@id\":\"https:\\\/\\\/www.cuballama.com\\\/noticias\\\/#website\"},\"primaryImageOfPage\":{\"@id\":\"https:\\\/\\\/www.cuballama.com\\\/noticias\\\/senador-cercano-a-trump-cuba-es-la-siguiente\\\/#primaryimage\"},\"image\":{\"@id\":\"https:\\\/\\\/www.cuballama.com\\\/noticias\\\/senador-cercano-a-trump-cuba-es-la-siguiente\\\/#primaryimage\"},\"thumbnailUrl\":\"https:\\\/\\\/cdn1.mediawpaccore.net\\\/wp-content\\\/uploads\\\/2025\\\/10\\\/31011254\\\/G4eRjfoWAAAQZue.jpg\",\"datePublished\":\"2026-03-02T17:20:55+00:00\",\"dateModified\":\"2026-03-02T17:21:15+00:00\",\"description\":\"Un senador republicano cercano a Donald Trump declar\u00f3 a Fox News la noche de este domingo que Estados Unidos tiene a Cuba en la mira.\",\"breadcrumb\":{\"@id\":\"https:\\\/\\\/www.cuballama.com\\\/noticias\\\/senador-cercano-a-trump-cuba-es-la-siguiente\\\/#breadcrumb\"},\"inLanguage\":\"es\",\"potentialAction\":[{\"@type\":\"ReadAction\",\"target\":[\"https:\\\/\\\/www.cuballama.com\\\/noticias\\\/senador-cercano-a-trump-cuba-es-la-siguiente\\\/\"]}]},{\"@type\":\"ImageObject\",\"inLanguage\":\"es\",\"@id\":\"https:\\\/\\\/www.cuballama.com\\\/noticias\\\/senador-cercano-a-trump-cuba-es-la-siguiente\\\/#primaryimage\",\"url\":\"https:\\\/\\\/cdn1.mediawpaccore.net\\\/wp-content\\\/uploads\\\/2025\\\/10\\\/31011254\\\/G4eRjfoWAAAQZue.jpg\",\"contentUrl\":\"https:\\\/\\\/cdn1.mediawpaccore.net\\\/wp-content\\\/uploads\\\/2025\\\/10\\\/31011254\\\/G4eRjfoWAAAQZue.jpg\",\"width\":1200,\"height\":630,\"caption\":\"Miguel D\u00edaz-Canel. Foto: X\\\/Miguel D\u00edaz-Canel.\"},{\"@type\":\"BreadcrumbList\",\"@id\":\"https:\\\/\\\/www.cuballama.com\\\/noticias\\\/senador-cercano-a-trump-cuba-es-la-siguiente\\\/#breadcrumb\",\"itemListElement\":[{\"@type\":\"ListItem\",\"position\":1,\"name\":\"Home\",\"item\":\"https:\\\/\\\/www.cuballama.com\\\/noticias\\\/\"},{\"@type\":\"ListItem\",\"position\":2,\"name\":\"Senador cercano a Trump: \u00abCuba es la siguiente\u00bb\"}]},{\"@type\":\"WebSite\",\"@id\":\"https:\\\/\\\/www.cuballama.com\\\/noticias\\\/#website\",\"url\":\"https:\\\/\\\/www.cuballama.com\\\/noticias\\\/\",\"name\":\"Cuballama Noticias\",\"description\":\"Medio digital sobre Cuba y el mundo\",\"publisher\":{\"@id\":\"https:\\\/\\\/www.cuballama.com\\\/noticias\\\/#organization\"},\"potentialAction\":[{\"@type\":\"SearchAction\",\"target\":{\"@type\":\"EntryPoint\",\"urlTemplate\":\"https:\\\/\\\/www.cuballama.com\\\/noticias\\\/?s={search_term_string}\"},\"query-input\":{\"@type\":\"PropertyValueSpecification\",\"valueRequired\":true,\"valueName\":\"search_term_string\"}}],\"inLanguage\":\"es\"},{\"@type\":\"Organization\",\"@id\":\"https:\\\/\\\/www.cuballama.com\\\/noticias\\\/#organization\",\"name\":\"Cuballama\",\"url\":\"https:\\\/\\\/www.cuballama.com\\\/noticias\\\/\",\"logo\":{\"@type\":\"ImageObject\",\"inLanguage\":\"es\",\"@id\":\"https:\\\/\\\/www.cuballama.com\\\/noticias\\\/#\\\/schema\\\/logo\\\/image\\\/\",\"url\":\"https:\\\/\\\/cdn1.mediawpaccore.net\\\/wp-content\\\/uploads\\\/2021\\\/12\\\/28171206\\\/cbll-logo-color-sm.png\",\"contentUrl\":\"https:\\\/\\\/cdn1.mediawpaccore.net\\\/wp-content\\\/uploads\\\/2021\\\/12\\\/28171206\\\/cbll-logo-color-sm.png\",\"width\":600,\"height\":133,\"caption\":\"Cuballama\"},\"image\":{\"@id\":\"https:\\\/\\\/www.cuballama.com\\\/noticias\\\/#\\\/schema\\\/logo\\\/image\\\/\"},\"sameAs\":[\"https:\\\/\\\/www.facebook.com\\\/CubaLlama\",\"https:\\\/\\\/x.com\\\/cuballama\",\"https:\\\/\\\/www.instagram.com\\\/stories\\\/cuballama_oficial\\\/\",\"https:\\\/\\\/www.youtube.com\\\/channel\\\/UCKkFE-d_axENGZcrc4as0IA\"]},{\"@type\":\"Person\",\"@id\":\"https:\\\/\\\/www.cuballama.com\\\/noticias\\\/#\\\/schema\\\/person\\\/5889f7d070564f8386e7944d14d436cd\",\"name\":\"Manu\",\"url\":\"https:\\\/\\\/www.cuballama.com\\\/noticias\\\/author\\\/manu\\\/\"}]}<\/script>\n<!-- \/ Yoast SEO plugin. -->","yoast_head_json":{"title":"Senador cercano a Trump: \"Cuba es la siguiente\" - Cuballama Noticias","description":"Un senador republicano cercano a Donald Trump declar\u00f3 a Fox News la noche de este domingo que Estados Unidos tiene a Cuba en la mira.","robots":{"index":"index","follow":"follow","max-snippet":"max-snippet:-1","max-image-preview":"max-image-preview:large","max-video-preview":"max-video-preview:-1"},"canonical":"https:\/\/www.cuballama.com\/noticias\/senador-cercano-a-trump-cuba-es-la-siguiente\/","og_locale":"es_ES","og_type":"article","og_title":"Senador cercano a Trump: \"Cuba es la siguiente\" - Cuballama Noticias","og_description":"Un senador republicano cercano a Donald Trump declar\u00f3 a Fox News la noche de este domingo que Estados Unidos tiene a Cuba en la mira.","og_url":"https:\/\/www.cuballama.com\/noticias\/senador-cercano-a-trump-cuba-es-la-siguiente\/","og_site_name":"Cuballama Noticias","article_publisher":"https:\/\/www.facebook.com\/CubaLlama","article_published_time":"2026-03-02T17:20:55+00:00","article_modified_time":"2026-03-02T17:21:15+00:00","og_image":[{"width":1200,"height":630,"url":"https:\/\/cdn1.mediawpaccore.net\/wp-content\/uploads\/2025\/10\/31011254\/G4eRjfoWAAAQZue.jpg","type":"image\/jpeg"}],"author":"Manu","twitter_card":"summary_large_image","twitter_creator":"@cuballama","twitter_site":"@cuballama","twitter_misc":{"Escrito por":"Manu","Tiempo de lectura":"2 minutos"},"schema":{"@context":"https:\/\/schema.org","@graph":[{"@type":"Article","@id":"https:\/\/www.cuballama.com\/noticias\/senador-cercano-a-trump-cuba-es-la-siguiente\/#article","isPartOf":{"@id":"https:\/\/www.cuballama.com\/noticias\/senador-cercano-a-trump-cuba-es-la-siguiente\/"},"author":{"name":"Manu","@id":"https:\/\/www.cuballama.com\/noticias\/#\/schema\/person\/5889f7d070564f8386e7944d14d436cd"},"headline":"Senador cercano a Trump: \u00abCuba es la siguiente\u00bb","datePublished":"2026-03-02T17:20:55+00:00","dateModified":"2026-03-02T17:21:15+00:00","mainEntityOfPage":{"@id":"https:\/\/www.cuballama.com\/noticias\/senador-cercano-a-trump-cuba-es-la-siguiente\/"},"wordCount":378,"commentCount":0,"publisher":{"@id":"https:\/\/www.cuballama.com\/noticias\/#organization"},"image":{"@id":"https:\/\/www.cuballama.com\/noticias\/senador-cercano-a-trump-cuba-es-la-siguiente\/#primaryimage"},"thumbnailUrl":"https:\/\/cdn1.mediawpaccore.net\/wp-content\/uploads\/2025\/10\/31011254\/G4eRjfoWAAAQZue.jpg","keywords":["Crisis en Cuba","Cuba","cubanos","Migrantes cubanos","superdestacado","Trump"],"articleSection":["Noticias","Noticias de Cuba"],"inLanguage":"es","potentialAction":[{"@type":"CommentAction","name":"Comment","target":["https:\/\/www.cuballama.com\/noticias\/senador-cercano-a-trump-cuba-es-la-siguiente\/#respond"]}]},{"@type":"WebPage","@id":"https:\/\/www.cuballama.com\/noticias\/senador-cercano-a-trump-cuba-es-la-siguiente\/","url":"https:\/\/www.cuballama.com\/noticias\/senador-cercano-a-trump-cuba-es-la-siguiente\/","name":"Senador cercano a Trump: \"Cuba es la siguiente\" - Cuballama Noticias","isPartOf":{"@id":"https:\/\/www.cuballama.com\/noticias\/#website"},"primaryImageOfPage":{"@id":"https:\/\/www.cuballama.com\/noticias\/senador-cercano-a-trump-cuba-es-la-siguiente\/#primaryimage"},"image":{"@id":"https:\/\/www.cuballama.com\/noticias\/senador-cercano-a-trump-cuba-es-la-siguiente\/#primaryimage"},"thumbnailUrl":"https:\/\/cdn1.mediawpaccore.net\/wp-content\/uploads\/2025\/10\/31011254\/G4eRjfoWAAAQZue.jpg","datePublished":"2026-03-02T17:20:55+00:00","dateModified":"2026-03-02T17:21:15+00:00","description":"Un senador republicano cercano a Donald Trump declar\u00f3 a Fox News la noche de este domingo que Estados Unidos tiene a Cuba en la mira.","breadcrumb":{"@id":"https:\/\/www.cuballama.com\/noticias\/senador-cercano-a-trump-cuba-es-la-siguiente\/#breadcrumb"},"inLanguage":"es","potentialAction":[{"@type":"ReadAction","target":["https:\/\/www.cuballama.com\/noticias\/senador-cercano-a-trump-cuba-es-la-siguiente\/"]}]},{"@type":"ImageObject","inLanguage":"es","@id":"https:\/\/www.cuballama.com\/noticias\/senador-cercano-a-trump-cuba-es-la-siguiente\/#primaryimage","url":"https:\/\/cdn1.mediawpaccore.net\/wp-content\/uploads\/2025\/10\/31011254\/G4eRjfoWAAAQZue.jpg","contentUrl":"https:\/\/cdn1.mediawpaccore.net\/wp-content\/uploads\/2025\/10\/31011254\/G4eRjfoWAAAQZue.jpg","width":1200,"height":630,"caption":"Miguel D\u00edaz-Canel. Foto: X\/Miguel D\u00edaz-Canel."},{"@type":"BreadcrumbList","@id":"https:\/\/www.cuballama.com\/noticias\/senador-cercano-a-trump-cuba-es-la-siguiente\/#breadcrumb","itemListElement":[{"@type":"ListItem","position":1,"name":"Home","item":"https:\/\/www.cuballama.com\/noticias\/"},{"@type":"ListItem","position":2,"name":"Senador cercano a Trump: \u00abCuba es la siguiente\u00bb"}]},{"@type":"WebSite","@id":"https:\/\/www.cuballama.com\/noticias\/#website","url":"https:\/\/www.cuballama.com\/noticias\/","name":"Cuballama Noticias","description":"Medio digital sobre Cuba y el mundo","publisher":{"@id":"https:\/\/www.cuballama.com\/noticias\/#organization"},"potentialAction":[{"@type":"SearchAction","target":{"@type":"EntryPoint","urlTemplate":"https:\/\/www.cuballama.com\/noticias\/?s={search_term_string}"},"query-input":{"@type":"PropertyValueSpecification","valueRequired":true,"valueName":"search_term_string"}}],"inLanguage":"es"},{"@type":"Organization","@id":"https:\/\/www.cuballama.com\/noticias\/#organization","name":"Cuballama","url":"https:\/\/www.cuballama.com\/noticias\/","logo":{"@type":"ImageObject","inLanguage":"es","@id":"https:\/\/www.cuballama.com\/noticias\/#\/schema\/logo\/image\/","url":"https:\/\/cdn1.mediawpaccore.net\/wp-content\/uploads\/2021\/12\/28171206\/cbll-logo-color-sm.png","contentUrl":"https:\/\/cdn1.mediawpaccore.net\/wp-content\/uploads\/2021\/12\/28171206\/cbll-logo-color-sm.png","width":600,"height":133,"caption":"Cuballama"},"image":{"@id":"https:\/\/www.cuballama.com\/noticias\/#\/schema\/logo\/image\/"},"sameAs":["https:\/\/www.facebook.com\/CubaLlama","https:\/\/x.com\/cuballama","https:\/\/www.instagram.com\/stories\/cuballama_oficial\/","https:\/\/www.youtube.com\/channel\/UCKkFE-d_axENGZcrc4as0IA"]},{"@type":"Person","@id":"https:\/\/www.cuballama.com\/noticias\/#\/schema\/person\/5889f7d070564f8386e7944d14d436cd","name":"Manu","url":"https:\/\/www.cuballama.com\/noticias\/author\/manu\/"}]}},"_links":{"self":[{"href":"https:\/\/www.cuballama.com\/noticias\/wp-json\/wp\/v2\/posts\/236834","targetHints":{"allow":["GET"]}}],"collection":[{"href":"https:\/\/www.cuballama.com\/noticias\/wp-json\/wp\/v2\/posts"}],"about":[{"href":"https:\/\/www.cuballama.com\/noticias\/wp-json\/wp\/v2\/types\/post"}],"author":[{"embeddable":true,"href":"https:\/\/www.cuballama.com\/noticias\/wp-json\/wp\/v2\/users\/24"}],"replies":[{"embeddable":true,"href":"https:\/\/www.cuballama.com\/noticias\/wp-json\/wp\/v2\/comments?post=236834"}],"version-history":[{"count":1,"href":"https:\/\/www.cuballama.com\/noticias\/wp-json\/wp\/v2\/posts\/236834\/revisions"}],"predecessor-version":[{"id":236836,"href":"https:\/\/www.cuballama.com\/noticias\/wp-json\/wp\/v2\/posts\/236834\/revisions\/236836"}],"wp:featuredmedia":[{"embeddable":true,"href":"https:\/\/www.cuballama.com\/noticias\/wp-json\/wp\/v2\/media\/224489"}],"wp:attachment":[{"href":"https:\/\/www.cuballama.com\/noticias\/wp-json\/wp\/v2\/media?parent=236834"}],"wp:term":[{"taxonomy":"category","embeddable":true,"href":"https:\/\/www.cuballama.com\/noticias\/wp-json\/wp\/v2\/categories?post=236834"},{"taxonomy":"post_tag","embeddable":true,"href":"https:\/\/www.cuballama.com\/noticias\/wp-json\/wp\/v2\/tags?post=236834"}],"curies":[{"name":"wp","href":"https:\/\/api.w.org\/{rel}","templated":true}]}}