{"id":236751,"date":"2026-03-03T07:40:13","date_gmt":"2026-03-03T12:40:13","guid":{"rendered":"https:\/\/www.cuballama.com\/noticias\/?p=236751"},"modified":"2026-03-03T07:40:15","modified_gmt":"2026-03-03T12:40:15","slug":"miami-caravana-pide-fin-del-regimen-en-cuba-mientras-otros-piden-fin-del-embargo-y-mas-ayuda-humanitaria","status":"publish","type":"post","link":"https:\/\/www.cuballama.com\/noticias\/miami-caravana-pide-fin-del-regimen-en-cuba-mientras-otros-piden-fin-del-embargo-y-mas-ayuda-humanitaria\/","title":{"rendered":"Miami: Caravana pide fin del r\u00e9gimen en Cuba, mientras otros piden fin del embargo y m\u00e1s ayuda humanitaria"},"content":{"rendered":"\n<p>Miami volvi\u00f3 a convertirse este fin de semana en term\u00f3metro pol\u00edtico de la crisis cubana. A pocos kil\u00f3metros del estrecho de la Florida, dos movilizaciones con mensajes contrapuestos reflejaron la fractura dentro del exilio: mientras miles participaron en una caravana para exigir el fin del r\u00e9gimen en la isla y respaldar la pol\u00edtica de \u201cm\u00e1xima presi\u00f3n\u201d de la administraci\u00f3n Trump, un grupo de aproximadamente 20 personas se plant\u00f3 frente al Aeropuerto Internacional de Miami para pedir el levantamiento del bloqueo petrolero y el env\u00edo urgente de ayuda humanitaria.<\/p>\n\n\n\n<p>El s\u00e1bado por la tarde, m\u00e1s de mil personas se congregaron en Tropical Park, en el suroeste de Miami-Dade, convocadas por la Cuban Anti-Communist Foundation. Banderas cubanas y estadounidenses ondeaban juntas antes de que comenzara la caravana hacia el Santuario Nacional de Nuestra Se\u00f1ora de la Caridad del Cobre, conocido como La Ermita de la Caridad, s\u00edmbolo espiritual del exilio. All\u00ed se anunci\u00f3 la inauguraci\u00f3n de un banco conmemorativo dedicado a Oswaldo Pay\u00e1, el disidente fallecido en Cuba en 2012.<\/p>\n\n\n\n<p>Los organizadores explicaron que la caravana ten\u00eda como prop\u00f3sito enviar \u201cun mensaje claro\u201d al presidente Donald Trump y al secretario de Estado Marco Rubio: la di\u00e1spora cubana respalda la estrategia de presi\u00f3n econ\u00f3mica y pol\u00edtica contra La Habana y reclama acciones concretas para poner fin a lo que describen como 67 a\u00f1os de opresi\u00f3n. <\/p>\n\n\n\n<iframe loading=\"lazy\" src=\"https:\/\/www.facebook.com\/plugins\/post.php?href=https%3A%2F%2Fwww.facebook.com%2Fermitadelacaridadmiami%2Fposts%2Fpfbid0298RP6SF4APYtmsASR1bV9wqVjSnvQBYicMSe4BRLMCjcYHRxUjhZGZxiZRLLSzEKl&#038;show_text=true&#038;width=500\" width=\"500\" height=\"729\" style=\"border:none;overflow:hidden\" scrolling=\"no\" frameborder=\"0\" allowfullscreen=\"true\" allow=\"autoplay; clipboard-write; encrypted-media; picture-in-picture; web-share\"><\/iframe>\n\n\n\n<p><em>\u201cEstoy aqu\u00ed apoyando la libertad del pueblo cubano, que est\u00e1 m\u00e1s que atrasada\u201d, <\/em><a href=\"https:\/\/www.youtube.com\/watch?v=3rO4SYkmdFE\" target=\"_blank\" rel=\"noreferrer noopener nofollow\">dijo uno de los asistente<\/a>s. Rosa Mar\u00eda Pay\u00e1, activista e hija del opositor fallecido, afirm\u00f3 que \u201clas fuerzas democr\u00e1ticas est\u00e1n listas\u201d y que el momento actual marca \u201cel umbral del cambio\u201d, seg\u00fan recogi\u00f3 <em><a href=\"https:\/\/www.cbsnews.com\/miami\/news\/cuba-caravan-in-miami\/\" target=\"_blank\" rel=\"noreferrer noopener nofollow\">CBS News<\/a><\/em>.<\/p>\n\n\n\n<figure class=\"wp-block-embed is-type-video is-provider-youtube wp-block-embed-youtube wp-embed-aspect-16-9 wp-has-aspect-ratio\"><div class=\"wp-block-embed__wrapper\">\n<div class=\"youtube-embed\" data-video_id=\"3rO4SYkmdFE\"><iframe loading=\"lazy\" title=\"Thousands gather for a caravan supporting the Trump admin&#039;s stance on Cuba\" width=\"696\" height=\"392\" src=\"https:\/\/www.youtube.com\/embed\/3rO4SYkmdFE?feature=oembed&#038;enablejsapi=1\" frameborder=\"0\" allow=\"accelerometer; autoplay; clipboard-write; encrypted-media; gyroscope; picture-in-picture; web-share\" referrerpolicy=\"strict-origin-when-cross-origin\" allowfullscreen><\/iframe><\/div>\n<\/div><\/figure>\n\n\n\n<p>La manifestaci\u00f3n ocurri\u00f3 en un contexto de tensi\u00f3n creciente tras el bloqueo petrolero impuesto por Washington en enero, que restringe severamente el suministro de combustible a la isla. La medida, impulsada por la administraci\u00f3n Trump, se suma a d\u00e9cadas de sanciones econ\u00f3micas que comenzaron en los a\u00f1os sesenta, tras la ruptura diplom\u00e1tica entre ambos pa\u00edses. Desde su regreso a la Casa Blanca, Trump ha endurecido la ret\u00f3rica y lleg\u00f3 a insinuar la posibilidad de un \u201cfriendly takeover\u201d de Cuba, al tiempo que declar\u00f3 al gobierno cubano como una \u201camenaza inusual y extraordinaria\u201d para la seguridad nacional estadounidense.<\/p>\n\n\n\n<p>El secretario de Estado Marco Rubio, hijo de inmigrantes cubanos, ha asumido un papel central en la estrategia hacia La Habana. En declaraciones recientes recogidas por <em><a href=\"https:\/\/thehill.com\/policy\/international\/5759671-trump-cuba-regime-change-zero-hour\/\" target=\"_blank\" rel=\"noreferrer noopener nofollow\">DW<\/a><\/em>, insisti\u00f3 en que Estados Unidos desea ver cambios pol\u00edticos y econ\u00f3micos en la isla, aunque matiz\u00f3 que no se trata de imponer un cambio inmediato de r\u00e9gimen. Rubio defendi\u00f3 la presi\u00f3n energ\u00e9tica como herramienta para forzar transformaciones estructurales, aunque anunci\u00f3 una flexibilizaci\u00f3n limitada que permite ventas de combustible a entidades privadas no vinculadas al gobierno, bajo estricta supervisi\u00f3n.<\/p>\n\n\n\n<p>Sin embargo, no todos en Miami comparten esa visi\u00f3n. El viernes, un d\u00eda antes de la caravana, un grupo de manifestantes que no exced\u00eda la veintena, se concentr\u00f3 frente al Aeropuerto Internacional de Miami para exigir el fin del bloqueo petrolero, seg\u00fan recogi\u00f3 tambi\u00e9n <em><a href=\"https:\/\/www.cbsnews.com\/miami\/news\/protesters-in-miami-demand-end-to-u-s-oil-blockade-as-cuba-faces-growing-crisis\/\" target=\"_blank\" rel=\"noreferrer noopener nofollow\">CBS News<\/a><\/em>. La protesta fue organizada por activistas y familiares de cubanos residentes en la isla que denuncian el impacto humanitario de la escasez de combustible. <\/p>\n\n\n\n<p><em>\u201cEs muy dif\u00edcil para ellos tener electricidad o acceder a lo b\u00e1sico\u201d<\/em>, <a href=\"https:\/\/www.youtube.com\/watch?v=y4WCMl9BpD4\" target=\"_blank\" rel=\"noreferrer noopener\">explic\u00f3 Claudia Rodr\u00edguez<\/a>, quien asegur\u00f3 que sus familiares enfrentan apagones prolongados y dificultades para conseguir alimentos y medicinas.<\/p>\n\n\n\n<figure class=\"wp-block-embed is-type-video is-provider-youtube wp-block-embed-youtube wp-embed-aspect-16-9 wp-has-aspect-ratio\"><div class=\"wp-block-embed__wrapper\">\n<div class=\"youtube-embed\" data-video_id=\"y4WCMl9BpD4\"><iframe loading=\"lazy\" title=\"Protesters at Miami airport demand end to U.S. oil blockade on Cuba\" width=\"696\" height=\"392\" src=\"https:\/\/www.youtube.com\/embed\/y4WCMl9BpD4?feature=oembed&#038;enablejsapi=1\" frameborder=\"0\" allow=\"accelerometer; autoplay; clipboard-write; encrypted-media; gyroscope; picture-in-picture; web-share\" referrerpolicy=\"strict-origin-when-cross-origin\" allowfullscreen><\/iframe><\/div>\n<\/div><\/figure>\n\n\n\n<p>Los organizadores de la protesta sostienen que la falta de combustible paraliza el transporte de mercanc\u00edas, impide la distribuci\u00f3n de productos esenciales y agrava la crisis sanitaria. El bloqueo petrolero se superpone a un escenario ya deteriorado por la ca\u00edda de ingresos tur\u00edsticos, la inflaci\u00f3n y el debilitamiento de las redes el\u00e9ctricas. En Cuba, los apagones de varias horas se han vuelto cotidianos, con reducci\u00f3n de horarios escolares y laborales, escasez de agua potable en algunas regiones y hospitales funcionando con limitaciones.<\/p>\n\n\n\n<p>El debate no se limita a Florida. En la reciente cumbre de la Comunidad del Caribe (Caricom), celebrada en San Crist\u00f3bal y Nieves, los l\u00edderes regionales prometieron enviar ayuda humanitaria a Cuba ante la crisis energ\u00e9tica, se\u00f1al\u00f3 <em><a href=\"https:\/\/www.theguardian.com\/world\/2026\/feb\/28\/caribbean-countries-pledge-humanitarian-support-for-cuba-amid-rising-tensions-with-us\" target=\"_blank\" rel=\"noreferrer noopener nofollow\">The Guardian<\/a><\/em>. Aunque el bloque mostr\u00f3 divisiones sobre c\u00f3mo posicionarse frente a la pol\u00edtica estadounidense, su presidente pro tempore, el primer ministro Terrance Drew, anunci\u00f3 que los 15 pa\u00edses miembros responder\u00e1n \u201cde manera significativa\u201d para aliviar la situaci\u00f3n en la isla en el plazo de un mes.<\/p>\n\n\n\n<p><a href=\"https:\/\/thehill.com\/policy\/international\/5759671-trump-cuba-regime-change-zero-hour\/\" target=\"_blank\" rel=\"noreferrer noopener nofollow\">Analistas internacionales advierten que el deterioro podr\u00eda acercar a Cuba a lo que algunos llaman \u201chora cero\u201d<\/a> si no se restablecen suministros de combustible en las pr\u00f3ximas semanas. Expertos energ\u00e9ticos se\u00f1alan que las reservas estrat\u00e9gicas son limitadas y que la llegada de buques petroleros se ha visto afectada por las amenazas de sanciones a terceros pa\u00edses que comercien con la isla.<\/p>\n\n\n\n<p>Mientras tanto, la comunidad cubanoamericana exhibe una profunda divisi\u00f3n. Para quienes participaron en la caravana, el sufrimiento actual es consecuencia directa de la gesti\u00f3n del gobierno cubano y solo un cambio pol\u00edtico garantizar\u00e1 estabilidad y prosperidad. Para los manifestantes contra el embargo, la presi\u00f3n econ\u00f3mica castiga principalmente a la poblaci\u00f3n civil y corre el riesgo de provocar un colapso humanitario.<\/p>\n\n\n\n<p>La reciente confrontaci\u00f3n armada en aguas cubanas, donde una lancha registrada en Florida fue interceptada por guardacostas y dej\u00f3 muertos y heridos, a\u00f1adi\u00f3 dramatismo al debate y elev\u00f3 el tono de la discusi\u00f3n p\u00fablica. Aunque Washington anunci\u00f3 una investigaci\u00f3n independiente sobre ese incidente, ambos gobiernos han intentado evitar una escalada directa.<\/p>\n\n\n\n<p>En las calles de Miami, sin embargo, la discusi\u00f3n ya es intensa. Las caravanas, pancartas y discursos muestran que el futuro de Cuba sigue siendo un tema central para una ciudad marcada por d\u00e9cadas de exilio y activismo pol\u00edtico. Entre llamados a la libertad y advertencias sobre una crisis humanitaria, el pulso entre presi\u00f3n y ayuda contin\u00faa definiendo el momento.<\/p>\n\n\n\n<p> <\/p>\n","protected":false},"excerpt":{"rendered":"<p>Miles marcharon en Miami para respaldar la presi\u00f3n contra el gobierno cubano, mientras otro grupo pidi\u00f3 levantar el bloqueo petrolero y enviar ayuda humanitaria ante la creciente crisis en la isla.<\/p>\n","protected":false},"author":13,"featured_media":236761,"comment_status":"open","ping_status":"closed","sticky":false,"template":"","format":"standard","meta":{"_acf_changed":false,"footnotes":""},"categories":[18,11024],"tags":[2219,30778,6231,11,941,700,30779,8000,1212,256],"class_list":{"0":"post-236751","1":"post","2":"type-post","3":"status-publish","4":"format-standard","5":"has-post-thumbnail","7":"category-noticias","8":"category-noticias-de-miami","9":"tag-caravana","10":"tag-caricom","11":"tag-crisis-energetica","12":"tag-cuba","13":"tag-destacado","14":"tag-donald-trump","15":"tag-embargo-petrolero","16":"tag-exilio-cubano","17":"tag-marco-rubio","18":"tag-miami"},"acf":[],"yoast_head":"<!-- This site is optimized with the Yoast SEO plugin v27.4 - https:\/\/yoast.com\/product\/yoast-seo-wordpress\/ -->\n<title>Miami: Caravana pide fin del r\u00e9gimen en Cuba, mientras otros piden fin del embargo y m\u00e1s ayuda humanitaria - Cuballama Noticias<\/title>\n<meta name=\"description\" content=\"Miami vive protestas opuestas sobre Cuba: caravana exige fin del r\u00e9gimen y otros reclaman levantar embargo petrolero.\" \/>\n<meta name=\"robots\" content=\"index, follow, max-snippet:-1, max-image-preview:large, max-video-preview:-1\" \/>\n<link rel=\"canonical\" href=\"https:\/\/www.cuballama.com\/noticias\/miami-caravana-pide-fin-del-regimen-en-cuba-mientras-otros-piden-fin-del-embargo-y-mas-ayuda-humanitaria\/\" \/>\n<meta property=\"og:locale\" content=\"es_ES\" \/>\n<meta property=\"og:type\" content=\"article\" \/>\n<meta property=\"og:title\" content=\"Miami: Caravana pide fin del r\u00e9gimen en Cuba, mientras otros piden fin del embargo y m\u00e1s ayuda humanitaria - Cuballama Noticias\" \/>\n<meta property=\"og:description\" content=\"Miami vive protestas opuestas sobre Cuba: caravana exige fin del r\u00e9gimen y otros reclaman levantar embargo petrolero.\" \/>\n<meta property=\"og:url\" content=\"https:\/\/www.cuballama.com\/noticias\/miami-caravana-pide-fin-del-regimen-en-cuba-mientras-otros-piden-fin-del-embargo-y-mas-ayuda-humanitaria\/\" \/>\n<meta property=\"og:site_name\" content=\"Cuballama Noticias\" \/>\n<meta property=\"article:publisher\" content=\"https:\/\/www.facebook.com\/CubaLlama\" \/>\n<meta property=\"article:published_time\" content=\"2026-03-03T12:40:13+00:00\" \/>\n<meta property=\"article:modified_time\" content=\"2026-03-03T12:40:15+00:00\" \/>\n<meta property=\"og:image\" content=\"https:\/\/cdn1.mediawpaccore.net\/wp-content\/uploads\/2026\/03\/02054647\/Untitled-design-2026-03-02T114636.480.jpg\" \/>\n\t<meta property=\"og:image:width\" content=\"1200\" \/>\n\t<meta property=\"og:image:height\" content=\"630\" \/>\n\t<meta property=\"og:image:type\" content=\"image\/jpeg\" \/>\n<meta name=\"author\" content=\"Roberto A.\" \/>\n<meta name=\"twitter:card\" content=\"summary_large_image\" \/>\n<meta name=\"twitter:creator\" content=\"@cuballama\" \/>\n<meta name=\"twitter:site\" content=\"@cuballama\" \/>\n<meta name=\"twitter:label1\" content=\"Escrito por\" \/>\n\t<meta name=\"twitter:data1\" content=\"Roberto A.\" \/>\n\t<meta name=\"twitter:label2\" content=\"Tiempo de lectura\" \/>\n\t<meta name=\"twitter:data2\" content=\"5 minutos\" \/>\n<script type=\"application\/ld+json\" class=\"yoast-schema-graph\">{\"@context\":\"https:\\\/\\\/schema.org\",\"@graph\":[{\"@type\":\"Article\",\"@id\":\"https:\\\/\\\/www.cuballama.com\\\/noticias\\\/miami-caravana-pide-fin-del-regimen-en-cuba-mientras-otros-piden-fin-del-embargo-y-mas-ayuda-humanitaria\\\/#article\",\"isPartOf\":{\"@id\":\"https:\\\/\\\/www.cuballama.com\\\/noticias\\\/miami-caravana-pide-fin-del-regimen-en-cuba-mientras-otros-piden-fin-del-embargo-y-mas-ayuda-humanitaria\\\/\"},\"author\":{\"name\":\"Roberto A.\",\"@id\":\"https:\\\/\\\/www.cuballama.com\\\/noticias\\\/#\\\/schema\\\/person\\\/a58502ed4146c8e9f83872e897c76cd2\"},\"headline\":\"Miami: Caravana pide fin del r\u00e9gimen en Cuba, mientras otros piden fin del embargo y m\u00e1s ayuda humanitaria\",\"datePublished\":\"2026-03-03T12:40:13+00:00\",\"dateModified\":\"2026-03-03T12:40:15+00:00\",\"mainEntityOfPage\":{\"@id\":\"https:\\\/\\\/www.cuballama.com\\\/noticias\\\/miami-caravana-pide-fin-del-regimen-en-cuba-mientras-otros-piden-fin-del-embargo-y-mas-ayuda-humanitaria\\\/\"},\"wordCount\":1072,\"commentCount\":0,\"publisher\":{\"@id\":\"https:\\\/\\\/www.cuballama.com\\\/noticias\\\/#organization\"},\"image\":{\"@id\":\"https:\\\/\\\/www.cuballama.com\\\/noticias\\\/miami-caravana-pide-fin-del-regimen-en-cuba-mientras-otros-piden-fin-del-embargo-y-mas-ayuda-humanitaria\\\/#primaryimage\"},\"thumbnailUrl\":\"https:\\\/\\\/cdn1.mediawpaccore.net\\\/wp-content\\\/uploads\\\/2026\\\/03\\\/02054647\\\/Untitled-design-2026-03-02T114636.480.jpg\",\"keywords\":[\"caravana\",\"Caricom\",\"Crisis energ\u00e9tica\",\"Cuba\",\"destacado\",\"Donald Trump\",\"embargo petrolero\",\"Exilio Cubano\",\"Marco Rubio\",\"Miami\"],\"articleSection\":[\"Noticias\",\"Noticias de Miami\"],\"inLanguage\":\"es\",\"potentialAction\":[{\"@type\":\"CommentAction\",\"name\":\"Comment\",\"target\":[\"https:\\\/\\\/www.cuballama.com\\\/noticias\\\/miami-caravana-pide-fin-del-regimen-en-cuba-mientras-otros-piden-fin-del-embargo-y-mas-ayuda-humanitaria\\\/#respond\"]}]},{\"@type\":\"WebPage\",\"@id\":\"https:\\\/\\\/www.cuballama.com\\\/noticias\\\/miami-caravana-pide-fin-del-regimen-en-cuba-mientras-otros-piden-fin-del-embargo-y-mas-ayuda-humanitaria\\\/\",\"url\":\"https:\\\/\\\/www.cuballama.com\\\/noticias\\\/miami-caravana-pide-fin-del-regimen-en-cuba-mientras-otros-piden-fin-del-embargo-y-mas-ayuda-humanitaria\\\/\",\"name\":\"Miami: Caravana pide fin del r\u00e9gimen en Cuba, mientras otros piden fin del embargo y m\u00e1s ayuda humanitaria - Cuballama Noticias\",\"isPartOf\":{\"@id\":\"https:\\\/\\\/www.cuballama.com\\\/noticias\\\/#website\"},\"primaryImageOfPage\":{\"@id\":\"https:\\\/\\\/www.cuballama.com\\\/noticias\\\/miami-caravana-pide-fin-del-regimen-en-cuba-mientras-otros-piden-fin-del-embargo-y-mas-ayuda-humanitaria\\\/#primaryimage\"},\"image\":{\"@id\":\"https:\\\/\\\/www.cuballama.com\\\/noticias\\\/miami-caravana-pide-fin-del-regimen-en-cuba-mientras-otros-piden-fin-del-embargo-y-mas-ayuda-humanitaria\\\/#primaryimage\"},\"thumbnailUrl\":\"https:\\\/\\\/cdn1.mediawpaccore.net\\\/wp-content\\\/uploads\\\/2026\\\/03\\\/02054647\\\/Untitled-design-2026-03-02T114636.480.jpg\",\"datePublished\":\"2026-03-03T12:40:13+00:00\",\"dateModified\":\"2026-03-03T12:40:15+00:00\",\"description\":\"Miami vive protestas opuestas sobre Cuba: caravana exige fin del r\u00e9gimen y otros reclaman levantar embargo petrolero.\",\"breadcrumb\":{\"@id\":\"https:\\\/\\\/www.cuballama.com\\\/noticias\\\/miami-caravana-pide-fin-del-regimen-en-cuba-mientras-otros-piden-fin-del-embargo-y-mas-ayuda-humanitaria\\\/#breadcrumb\"},\"inLanguage\":\"es\",\"potentialAction\":[{\"@type\":\"ReadAction\",\"target\":[\"https:\\\/\\\/www.cuballama.com\\\/noticias\\\/miami-caravana-pide-fin-del-regimen-en-cuba-mientras-otros-piden-fin-del-embargo-y-mas-ayuda-humanitaria\\\/\"]}]},{\"@type\":\"ImageObject\",\"inLanguage\":\"es\",\"@id\":\"https:\\\/\\\/www.cuballama.com\\\/noticias\\\/miami-caravana-pide-fin-del-regimen-en-cuba-mientras-otros-piden-fin-del-embargo-y-mas-ayuda-humanitaria\\\/#primaryimage\",\"url\":\"https:\\\/\\\/cdn1.mediawpaccore.net\\\/wp-content\\\/uploads\\\/2026\\\/03\\\/02054647\\\/Untitled-design-2026-03-02T114636.480.jpg\",\"contentUrl\":\"https:\\\/\\\/cdn1.mediawpaccore.net\\\/wp-content\\\/uploads\\\/2026\\\/03\\\/02054647\\\/Untitled-design-2026-03-02T114636.480.jpg\",\"width\":1200,\"height\":630,\"caption\":\"Foto: Collage v\u00eda Video Screenshot CBS Miami \\\/ Youtube y Ermita de la Caridad \\\/ Facebook\"},{\"@type\":\"BreadcrumbList\",\"@id\":\"https:\\\/\\\/www.cuballama.com\\\/noticias\\\/miami-caravana-pide-fin-del-regimen-en-cuba-mientras-otros-piden-fin-del-embargo-y-mas-ayuda-humanitaria\\\/#breadcrumb\",\"itemListElement\":[{\"@type\":\"ListItem\",\"position\":1,\"name\":\"Home\",\"item\":\"https:\\\/\\\/www.cuballama.com\\\/noticias\\\/\"},{\"@type\":\"ListItem\",\"position\":2,\"name\":\"Miami: Caravana pide fin del r\u00e9gimen en Cuba, mientras otros piden fin del embargo y m\u00e1s ayuda humanitaria\"}]},{\"@type\":\"WebSite\",\"@id\":\"https:\\\/\\\/www.cuballama.com\\\/noticias\\\/#website\",\"url\":\"https:\\\/\\\/www.cuballama.com\\\/noticias\\\/\",\"name\":\"Cuballama Noticias\",\"description\":\"Medio digital sobre Cuba y el mundo\",\"publisher\":{\"@id\":\"https:\\\/\\\/www.cuballama.com\\\/noticias\\\/#organization\"},\"potentialAction\":[{\"@type\":\"SearchAction\",\"target\":{\"@type\":\"EntryPoint\",\"urlTemplate\":\"https:\\\/\\\/www.cuballama.com\\\/noticias\\\/?s={search_term_string}\"},\"query-input\":{\"@type\":\"PropertyValueSpecification\",\"valueRequired\":true,\"valueName\":\"search_term_string\"}}],\"inLanguage\":\"es\"},{\"@type\":\"Organization\",\"@id\":\"https:\\\/\\\/www.cuballama.com\\\/noticias\\\/#organization\",\"name\":\"Cuballama\",\"url\":\"https:\\\/\\\/www.cuballama.com\\\/noticias\\\/\",\"logo\":{\"@type\":\"ImageObject\",\"inLanguage\":\"es\",\"@id\":\"https:\\\/\\\/www.cuballama.com\\\/noticias\\\/#\\\/schema\\\/logo\\\/image\\\/\",\"url\":\"https:\\\/\\\/cdn1.mediawpaccore.net\\\/wp-content\\\/uploads\\\/2021\\\/12\\\/28171206\\\/cbll-logo-color-sm.png\",\"contentUrl\":\"https:\\\/\\\/cdn1.mediawpaccore.net\\\/wp-content\\\/uploads\\\/2021\\\/12\\\/28171206\\\/cbll-logo-color-sm.png\",\"width\":600,\"height\":133,\"caption\":\"Cuballama\"},\"image\":{\"@id\":\"https:\\\/\\\/www.cuballama.com\\\/noticias\\\/#\\\/schema\\\/logo\\\/image\\\/\"},\"sameAs\":[\"https:\\\/\\\/www.facebook.com\\\/CubaLlama\",\"https:\\\/\\\/x.com\\\/cuballama\",\"https:\\\/\\\/www.instagram.com\\\/stories\\\/cuballama_oficial\\\/\",\"https:\\\/\\\/www.youtube.com\\\/channel\\\/UCKkFE-d_axENGZcrc4as0IA\"]},{\"@type\":\"Person\",\"@id\":\"https:\\\/\\\/www.cuballama.com\\\/noticias\\\/#\\\/schema\\\/person\\\/a58502ed4146c8e9f83872e897c76cd2\",\"name\":\"Roberto A.\",\"description\":\"Roberto A. Periodista por decisi\u00f3n propia. Interesado en cualquier tema que me apasione y cada vez m\u00e1s comprometido con la verdad y la objetividad period\u00edstica. Graduado en La Habana hace ya muchos a\u00f1os, luego de una accidentada y polvorienta b\u00fasqueda de informaci\u00f3n sobre un tema in\u00e9dito. La Tesis, por cierto, desapareci\u00f3 de la biblioteca y no se conservan copias de la misma.\",\"url\":\"https:\\\/\\\/www.cuballama.com\\\/noticias\\\/author\\\/roberto\\\/\"}]}<\/script>\n<!-- \/ Yoast SEO plugin. -->","yoast_head_json":{"title":"Miami: Caravana pide fin del r\u00e9gimen en Cuba, mientras otros piden fin del embargo y m\u00e1s ayuda humanitaria - Cuballama Noticias","description":"Miami vive protestas opuestas sobre Cuba: caravana exige fin del r\u00e9gimen y otros reclaman levantar embargo petrolero.","robots":{"index":"index","follow":"follow","max-snippet":"max-snippet:-1","max-image-preview":"max-image-preview:large","max-video-preview":"max-video-preview:-1"},"canonical":"https:\/\/www.cuballama.com\/noticias\/miami-caravana-pide-fin-del-regimen-en-cuba-mientras-otros-piden-fin-del-embargo-y-mas-ayuda-humanitaria\/","og_locale":"es_ES","og_type":"article","og_title":"Miami: Caravana pide fin del r\u00e9gimen en Cuba, mientras otros piden fin del embargo y m\u00e1s ayuda humanitaria - Cuballama Noticias","og_description":"Miami vive protestas opuestas sobre Cuba: caravana exige fin del r\u00e9gimen y otros reclaman levantar embargo petrolero.","og_url":"https:\/\/www.cuballama.com\/noticias\/miami-caravana-pide-fin-del-regimen-en-cuba-mientras-otros-piden-fin-del-embargo-y-mas-ayuda-humanitaria\/","og_site_name":"Cuballama Noticias","article_publisher":"https:\/\/www.facebook.com\/CubaLlama","article_published_time":"2026-03-03T12:40:13+00:00","article_modified_time":"2026-03-03T12:40:15+00:00","og_image":[{"width":1200,"height":630,"url":"https:\/\/cdn1.mediawpaccore.net\/wp-content\/uploads\/2026\/03\/02054647\/Untitled-design-2026-03-02T114636.480.jpg","type":"image\/jpeg"}],"author":"Roberto A.","twitter_card":"summary_large_image","twitter_creator":"@cuballama","twitter_site":"@cuballama","twitter_misc":{"Escrito por":"Roberto A.","Tiempo de lectura":"5 minutos"},"schema":{"@context":"https:\/\/schema.org","@graph":[{"@type":"Article","@id":"https:\/\/www.cuballama.com\/noticias\/miami-caravana-pide-fin-del-regimen-en-cuba-mientras-otros-piden-fin-del-embargo-y-mas-ayuda-humanitaria\/#article","isPartOf":{"@id":"https:\/\/www.cuballama.com\/noticias\/miami-caravana-pide-fin-del-regimen-en-cuba-mientras-otros-piden-fin-del-embargo-y-mas-ayuda-humanitaria\/"},"author":{"name":"Roberto A.","@id":"https:\/\/www.cuballama.com\/noticias\/#\/schema\/person\/a58502ed4146c8e9f83872e897c76cd2"},"headline":"Miami: Caravana pide fin del r\u00e9gimen en Cuba, mientras otros piden fin del embargo y m\u00e1s ayuda humanitaria","datePublished":"2026-03-03T12:40:13+00:00","dateModified":"2026-03-03T12:40:15+00:00","mainEntityOfPage":{"@id":"https:\/\/www.cuballama.com\/noticias\/miami-caravana-pide-fin-del-regimen-en-cuba-mientras-otros-piden-fin-del-embargo-y-mas-ayuda-humanitaria\/"},"wordCount":1072,"commentCount":0,"publisher":{"@id":"https:\/\/www.cuballama.com\/noticias\/#organization"},"image":{"@id":"https:\/\/www.cuballama.com\/noticias\/miami-caravana-pide-fin-del-regimen-en-cuba-mientras-otros-piden-fin-del-embargo-y-mas-ayuda-humanitaria\/#primaryimage"},"thumbnailUrl":"https:\/\/cdn1.mediawpaccore.net\/wp-content\/uploads\/2026\/03\/02054647\/Untitled-design-2026-03-02T114636.480.jpg","keywords":["caravana","Caricom","Crisis energ\u00e9tica","Cuba","destacado","Donald Trump","embargo petrolero","Exilio Cubano","Marco Rubio","Miami"],"articleSection":["Noticias","Noticias de Miami"],"inLanguage":"es","potentialAction":[{"@type":"CommentAction","name":"Comment","target":["https:\/\/www.cuballama.com\/noticias\/miami-caravana-pide-fin-del-regimen-en-cuba-mientras-otros-piden-fin-del-embargo-y-mas-ayuda-humanitaria\/#respond"]}]},{"@type":"WebPage","@id":"https:\/\/www.cuballama.com\/noticias\/miami-caravana-pide-fin-del-regimen-en-cuba-mientras-otros-piden-fin-del-embargo-y-mas-ayuda-humanitaria\/","url":"https:\/\/www.cuballama.com\/noticias\/miami-caravana-pide-fin-del-regimen-en-cuba-mientras-otros-piden-fin-del-embargo-y-mas-ayuda-humanitaria\/","name":"Miami: Caravana pide fin del r\u00e9gimen en Cuba, mientras otros piden fin del embargo y m\u00e1s ayuda humanitaria - Cuballama Noticias","isPartOf":{"@id":"https:\/\/www.cuballama.com\/noticias\/#website"},"primaryImageOfPage":{"@id":"https:\/\/www.cuballama.com\/noticias\/miami-caravana-pide-fin-del-regimen-en-cuba-mientras-otros-piden-fin-del-embargo-y-mas-ayuda-humanitaria\/#primaryimage"},"image":{"@id":"https:\/\/www.cuballama.com\/noticias\/miami-caravana-pide-fin-del-regimen-en-cuba-mientras-otros-piden-fin-del-embargo-y-mas-ayuda-humanitaria\/#primaryimage"},"thumbnailUrl":"https:\/\/cdn1.mediawpaccore.net\/wp-content\/uploads\/2026\/03\/02054647\/Untitled-design-2026-03-02T114636.480.jpg","datePublished":"2026-03-03T12:40:13+00:00","dateModified":"2026-03-03T12:40:15+00:00","description":"Miami vive protestas opuestas sobre Cuba: caravana exige fin del r\u00e9gimen y otros reclaman levantar embargo petrolero.","breadcrumb":{"@id":"https:\/\/www.cuballama.com\/noticias\/miami-caravana-pide-fin-del-regimen-en-cuba-mientras-otros-piden-fin-del-embargo-y-mas-ayuda-humanitaria\/#breadcrumb"},"inLanguage":"es","potentialAction":[{"@type":"ReadAction","target":["https:\/\/www.cuballama.com\/noticias\/miami-caravana-pide-fin-del-regimen-en-cuba-mientras-otros-piden-fin-del-embargo-y-mas-ayuda-humanitaria\/"]}]},{"@type":"ImageObject","inLanguage":"es","@id":"https:\/\/www.cuballama.com\/noticias\/miami-caravana-pide-fin-del-regimen-en-cuba-mientras-otros-piden-fin-del-embargo-y-mas-ayuda-humanitaria\/#primaryimage","url":"https:\/\/cdn1.mediawpaccore.net\/wp-content\/uploads\/2026\/03\/02054647\/Untitled-design-2026-03-02T114636.480.jpg","contentUrl":"https:\/\/cdn1.mediawpaccore.net\/wp-content\/uploads\/2026\/03\/02054647\/Untitled-design-2026-03-02T114636.480.jpg","width":1200,"height":630,"caption":"Foto: Collage v\u00eda Video Screenshot CBS Miami \/ Youtube y Ermita de la Caridad \/ Facebook"},{"@type":"BreadcrumbList","@id":"https:\/\/www.cuballama.com\/noticias\/miami-caravana-pide-fin-del-regimen-en-cuba-mientras-otros-piden-fin-del-embargo-y-mas-ayuda-humanitaria\/#breadcrumb","itemListElement":[{"@type":"ListItem","position":1,"name":"Home","item":"https:\/\/www.cuballama.com\/noticias\/"},{"@type":"ListItem","position":2,"name":"Miami: Caravana pide fin del r\u00e9gimen en Cuba, mientras otros piden fin del embargo y m\u00e1s ayuda humanitaria"}]},{"@type":"WebSite","@id":"https:\/\/www.cuballama.com\/noticias\/#website","url":"https:\/\/www.cuballama.com\/noticias\/","name":"Cuballama Noticias","description":"Medio digital sobre Cuba y el mundo","publisher":{"@id":"https:\/\/www.cuballama.com\/noticias\/#organization"},"potentialAction":[{"@type":"SearchAction","target":{"@type":"EntryPoint","urlTemplate":"https:\/\/www.cuballama.com\/noticias\/?s={search_term_string}"},"query-input":{"@type":"PropertyValueSpecification","valueRequired":true,"valueName":"search_term_string"}}],"inLanguage":"es"},{"@type":"Organization","@id":"https:\/\/www.cuballama.com\/noticias\/#organization","name":"Cuballama","url":"https:\/\/www.cuballama.com\/noticias\/","logo":{"@type":"ImageObject","inLanguage":"es","@id":"https:\/\/www.cuballama.com\/noticias\/#\/schema\/logo\/image\/","url":"https:\/\/cdn1.mediawpaccore.net\/wp-content\/uploads\/2021\/12\/28171206\/cbll-logo-color-sm.png","contentUrl":"https:\/\/cdn1.mediawpaccore.net\/wp-content\/uploads\/2021\/12\/28171206\/cbll-logo-color-sm.png","width":600,"height":133,"caption":"Cuballama"},"image":{"@id":"https:\/\/www.cuballama.com\/noticias\/#\/schema\/logo\/image\/"},"sameAs":["https:\/\/www.facebook.com\/CubaLlama","https:\/\/x.com\/cuballama","https:\/\/www.instagram.com\/stories\/cuballama_oficial\/","https:\/\/www.youtube.com\/channel\/UCKkFE-d_axENGZcrc4as0IA"]},{"@type":"Person","@id":"https:\/\/www.cuballama.com\/noticias\/#\/schema\/person\/a58502ed4146c8e9f83872e897c76cd2","name":"Roberto A.","description":"Roberto A. Periodista por decisi\u00f3n propia. Interesado en cualquier tema que me apasione y cada vez m\u00e1s comprometido con la verdad y la objetividad period\u00edstica. Graduado en La Habana hace ya muchos a\u00f1os, luego de una accidentada y polvorienta b\u00fasqueda de informaci\u00f3n sobre un tema in\u00e9dito. La Tesis, por cierto, desapareci\u00f3 de la biblioteca y no se conservan copias de la misma.","url":"https:\/\/www.cuballama.com\/noticias\/author\/roberto\/"}]}},"_links":{"self":[{"href":"https:\/\/www.cuballama.com\/noticias\/wp-json\/wp\/v2\/posts\/236751","targetHints":{"allow":["GET"]}}],"collection":[{"href":"https:\/\/www.cuballama.com\/noticias\/wp-json\/wp\/v2\/posts"}],"about":[{"href":"https:\/\/www.cuballama.com\/noticias\/wp-json\/wp\/v2\/types\/post"}],"author":[{"embeddable":true,"href":"https:\/\/www.cuballama.com\/noticias\/wp-json\/wp\/v2\/users\/13"}],"replies":[{"embeddable":true,"href":"https:\/\/www.cuballama.com\/noticias\/wp-json\/wp\/v2\/comments?post=236751"}],"version-history":[{"count":4,"href":"https:\/\/www.cuballama.com\/noticias\/wp-json\/wp\/v2\/posts\/236751\/revisions"}],"predecessor-version":[{"id":236762,"href":"https:\/\/www.cuballama.com\/noticias\/wp-json\/wp\/v2\/posts\/236751\/revisions\/236762"}],"wp:featuredmedia":[{"embeddable":true,"href":"https:\/\/www.cuballama.com\/noticias\/wp-json\/wp\/v2\/media\/236761"}],"wp:attachment":[{"href":"https:\/\/www.cuballama.com\/noticias\/wp-json\/wp\/v2\/media?parent=236751"}],"wp:term":[{"taxonomy":"category","embeddable":true,"href":"https:\/\/www.cuballama.com\/noticias\/wp-json\/wp\/v2\/categories?post=236751"},{"taxonomy":"post_tag","embeddable":true,"href":"https:\/\/www.cuballama.com\/noticias\/wp-json\/wp\/v2\/tags?post=236751"}],"curies":[{"name":"wp","href":"https:\/\/api.w.org\/{rel}","templated":true}]}}