{"id":236743,"date":"2026-03-03T07:38:02","date_gmt":"2026-03-03T12:38:02","guid":{"rendered":"https:\/\/www.cuballama.com\/noticias\/?p=236743"},"modified":"2026-03-03T07:38:04","modified_gmt":"2026-03-03T12:38:04","slug":"tiroteo-en-austin-texas-deja-dos-muertos-y-14-heridos-el-fbi-investiga-posible-nexo-terrorista-video-y-fotos","status":"publish","type":"post","link":"https:\/\/www.cuballama.com\/noticias\/tiroteo-en-austin-texas-deja-dos-muertos-y-14-heridos-el-fbi-investiga-posible-nexo-terrorista-video-y-fotos\/","title":{"rendered":"Tiroteo en Austin, Texas deja dos muertos y 14 heridos; el FBI investiga posible nexo terrorista (+ video y fotos)"},"content":{"rendered":"\n<p>Un tiroteo ocurrido en la madrugada del domingo 1 de marzo de 2026 sacudi\u00f3 el distrito de ocio de West Sixth Street, en el centro de Austin, Texas, y dej\u00f3 al menos dos personas muertas y 14 heridas, en un episodio que el FBI investiga por un posible v\u00ednculo con terrorismo. El ataque se produjo frente a Buford\u2019s Backyard Beer Garden, un local concurrido en esa zona de bares, y termin\u00f3 cuando agentes de la Polic\u00eda de Austin abatieron al presunto tirador en el lugar. Con este muerto, la cifra de fallecidos se elev\u00f3 a tres. <\/p>\n\n\n\n<p>Las llamadas de emergencia comenzaron a entrar alrededor de las 2:00 a. m., y la escena se transform\u00f3 en minutos: personas corriendo, heridos en la v\u00eda p\u00fablica y un despliegue r\u00e1pido de patrullas y servicios m\u00e9dicos. <\/p>\n\n\n\n<p>Autoridades locales informaron que 17 personas requirieron atenci\u00f3n en el sitio; 14 fueron trasladadas a hospitales, con reportes de varios pacientes en estado cr\u00edtico, mientras las v\u00edctimas mortales confirmadas inicialmente fueron dos civiles, adem\u00e1s del atacante, que muri\u00f3 tras el intercambio con la polic\u00eda. La alcald\u00eda de Austin destac\u00f3 la rapidez de la respuesta como un factor que evit\u00f3 un saldo mayor.<\/p>\n\n\n\n<figure class=\"wp-block-embed is-type-rich is-provider-twitter wp-block-embed-twitter\"><div class=\"wp-block-embed__wrapper\">\n<blockquote class=\"twitter-tweet\" data-width=\"550\" data-dnt=\"true\"><p lang=\"en\" dir=\"ltr\">MEDIA: Media staging is at Republic Square. Please do not attempt to approach the  scene as it is still active. Media briefing time TBD. <a href=\"https:\/\/t.co\/wSnVoQLbJ8\">https:\/\/t.co\/wSnVoQLbJ8<\/a><\/p>&mdash; ATCEMS (@ATCEMS) <a href=\"https:\/\/twitter.com\/ATCEMS\/status\/2028033894126100895?ref_src=twsrc%5Etfw\">March 1, 2026<\/a><\/blockquote><script async src=\"https:\/\/platform.twitter.com\/widgets.js\" charset=\"utf-8\"><\/script>\n<\/div><\/figure>\n\n\n\n<p>De acuerdo con la informaci\u00f3n divulgada por agencias como <em><a href=\"https:\/\/apnews.com\/article\/austin-texas-bar-shooting-7690f931ba00f950c1828cef25399bb6\" target=\"_blank\" rel=\"noreferrer noopener nofollow\">AP<\/a><\/em>, y medios estadounidenses como <em><a href=\"https:\/\/www.chron.com\/news\/article\/austin-texas-shooting-21948706.php\" target=\"_blank\" rel=\"noreferrer noopener nofollow\">Chron<\/a><\/em> y <em><a href=\"https:\/\/www.mysanantonio.com\/news\/austin\/article\/austin-6th-shooting-bufords-21948630.php\" target=\"_blank\" rel=\"noreferrer noopener nofollow\">My San Antonio<\/a><\/em>, el sospechoso fue identificado como Ndiaga Diagne, de 53 a\u00f1os, residente del \u00e1rea metropolitana de Austin y ciudadano estadounidense naturalizado. <\/p>\n\n\n\n<figure class=\"wp-block-embed is-type-rich is-provider-twitter wp-block-embed-twitter\"><div class=\"wp-block-embed__wrapper\">\n<blockquote class=\"twitter-tweet\" data-width=\"550\" data-dnt=\"true\"><p lang=\"es\" dir=\"ltr\">Austin Police has identified the West Sixth Street shooting suspect as Ndiaga Diagne.<br>The investigation is ongoing.<br><br>++++++++<br>La polic\u00eda de Austin ha identificado al sospechoso del tiroteo en la calle 6 oeste como Ndiaga Diagne.<br>La investigaci\u00f3n sigue en curso. <a href=\"https:\/\/t.co\/bxLZP8NVfo\">pic.twitter.com\/bxLZP8NVfo<\/a><\/p>&mdash; Austin Police Department (@Austin_Police) <a href=\"https:\/\/twitter.com\/Austin_Police\/status\/2028275435340009803?ref_src=twsrc%5Etfw\">March 2, 2026<\/a><\/blockquote><script async src=\"https:\/\/platform.twitter.com\/widgets.js\" charset=\"utf-8\"><\/script>\n<\/div><\/figure>\n\n\n\n<p>Las autoridades sostienen que actu\u00f3 armado con m\u00e1s de un tipo de arma de fuego y que dispar\u00f3 en el entorno del bar, incluyendo contra agentes cuando \u00e9stos lo confrontaron. El FBI indic\u00f3 que encontr\u00f3 \u201cindicadores\u201d asociados al tirador y a su veh\u00edculo que justifican abrir una l\u00ednea de investigaci\u00f3n por posible motivaci\u00f3n extremista o terrorista, aunque, hasta el momento, no se ha comunicado un m\u00f3vil definitivo.<\/p>\n\n\n\n<figure class=\"wp-block-embed is-type-rich is-provider-twitter wp-block-embed-twitter\"><div class=\"wp-block-embed__wrapper\">\n<blockquote class=\"twitter-tweet\" data-width=\"550\" data-dnt=\"true\"><p lang=\"en\" dir=\"ltr\">Austin Police officers are on scene investigating an Officer Involved Shooting in the 600 block of Rio Grande Street. The suspect is deceased. The incident originated as a shoot\/stab hotshot incident with multiple people injured. Please avoid the area. More information to follow.\u2026 <a href=\"https:\/\/t.co\/rPlwTeEEZB\">https:\/\/t.co\/rPlwTeEEZB<\/a><\/p>&mdash; Austin Police Department (@Austin_Police) <a href=\"https:\/\/twitter.com\/Austin_Police\/status\/2028044308285108252?ref_src=twsrc%5Etfw\">March 1, 2026<\/a><\/blockquote><script async src=\"https:\/\/platform.twitter.com\/widgets.js\" charset=\"utf-8\"><\/script>\n<\/div><\/figure>\n\n\n\n<p>La complejidad del operativo qued\u00f3 reflejada en detalles que circularon durante la ma\u00f1ana: una de las grabaciones que se viraliz\u00f3 mostr\u00f3 un veh\u00edculo aut\u00f3nomo de Waymo bloqueando moment\u00e1neamente el paso de una ambulancia en calles cercanas, un incidente que el propio servicio de emergencias del condado confirm\u00f3 como una interferencia breve durante la respuesta. El episodio, recogido por <em><a href=\"https:\/\/www.axios.com\/local\/austin\/2026\/03\/02\/waymo-vehicle-blocks-ems-austin-mass-shooting\" target=\"_blank\" rel=\"noreferrer noopener nofollow\">Axios<\/a><\/em>, reaviv\u00f3 preguntas sobre c\u00f3mo deben comportarse estos sistemas cuando se produce un cierre policial o un corredor sanitario en tiempo real, aunque en buena medida se le pudiera hasta recriminar al chofer de la ambulancia no intentar pasar por el espacio que hab\u00eda entre el auto de Waymo y otro que se encontraba parqueado en el arc\u00e9n, seg\u00fan se puede apreciar en las im\u00e1genes.<\/p>\n\n\n\n<figure class=\"wp-block-embed is-type-rich is-provider-twitter wp-block-embed-twitter\"><div class=\"wp-block-embed__wrapper\">\n<blockquote class=\"twitter-tweet\" data-width=\"550\" data-dnt=\"true\"><p lang=\"en\" dir=\"ltr\"><a href=\"https:\/\/twitter.com\/Waymo?ref_src=twsrc%5Etfw\">@Waymo<\/a> y\u2019all need to get out of Austin until you correct this shit. During a mass shooting last night your vehicle was in the middle of the road sideways blocking an ambulance. \ud83e\udd26\ud83c\udffb\u200d\u2640\ufe0f <a href=\"https:\/\/t.co\/LXF9iGm18u\">pic.twitter.com\/LXF9iGm18u<\/a><\/p>&mdash; ohhhaykayla \u2764\ufe0f\u200d\ud83d\udd25 (@ohhhaykayla) <a href=\"https:\/\/twitter.com\/ohhhaykayla\/status\/2028120226437423470?ref_src=twsrc%5Etfw\">March 1, 2026<\/a><\/blockquote><script async src=\"https:\/\/platform.twitter.com\/widgets.js\" charset=\"utf-8\"><\/script>\n<\/div><\/figure>\n\n\n\n<p>Mientras los investigadores procesan el lugar y recaban videos de c\u00e1maras de seguridad y tel\u00e9fonos, las autoridades pidieron a familiares y amistades de posibles afectados que utilicen los canales de asistencia a v\u00edctimas habilitados por la Polic\u00eda de Austin. <\/p>\n\n\n\n<p>El caso, adem\u00e1s, llega en un contexto de alta sensibilidad por tensiones internacionales mencionadas en las primeras coberturas del hecho, lo que explica que agencias federales se incorporaran desde el inicio junto a instancias estatales y locales. En las pr\u00f3ximas horas se esperan confirmaciones oficiales sobre la identidad de las v\u00edctimas, la evoluci\u00f3n cl\u00ednica de los heridos y el rumbo de la hip\u00f3tesis que maneja el FBI.<\/p>\n\n\n\n<figure class=\"wp-block-embed is-type-video is-provider-youtube wp-block-embed-youtube wp-embed-aspect-16-9 wp-has-aspect-ratio\"><div class=\"wp-block-embed__wrapper\">\n<div class=\"youtube-embed\" data-video_id=\"QC1Ng9xj1AY\"><iframe loading=\"lazy\" title=\"Austin, Texas mass shooting at Buford&#039;s | What we know so far\" width=\"696\" height=\"392\" src=\"https:\/\/www.youtube.com\/embed\/QC1Ng9xj1AY?feature=oembed&#038;enablejsapi=1\" frameborder=\"0\" allow=\"accelerometer; autoplay; clipboard-write; encrypted-media; gyroscope; picture-in-picture; web-share\" referrerpolicy=\"strict-origin-when-cross-origin\" allowfullscreen><\/iframe><\/div>\n<\/div><\/figure>\n","protected":false},"excerpt":{"rendered":"<p>Un ataque a tiros en West Sixth Street dej\u00f3 dos v\u00edctimas mortales y 14 heridos en Austin. La polic\u00eda abati\u00f3 al sospechoso y el FBI investiga un posible nexo terrorista.<\/p>\n","protected":false},"author":13,"featured_media":236748,"comment_status":"open","ping_status":"closed","sticky":false,"template":"","format":"standard","meta":{"_acf_changed":false,"footnotes":""},"categories":[18,953],"tags":[2234,30774,1296,29922,27626,30775,817,539,2356],"class_list":{"0":"post-236743","1":"post","2":"type-post","3":"status-publish","4":"format-standard","5":"has-post-thumbnail","7":"category-noticias","8":"category-usa","9":"tag-austin","10":"tag-bufords-backyard-beer-garden","11":"tag-fbi","12":"tag-investigacion-federal","13":"tag-seguridad-publica","14":"tag-sixth-street","15":"tag-terrorismo","16":"tag-texas","17":"tag-tiroteo"},"acf":[],"yoast_head":"<!-- This site is optimized with the Yoast SEO plugin v27.4 - https:\/\/yoast.com\/product\/yoast-seo-wordpress\/ -->\n<title>Tiroteo en Austin, Texas deja dos muertos y 14 heridos; el FBI investiga posible nexo terrorista (+ video y fotos) - Cuballama Noticias<\/title>\n<meta name=\"description\" content=\"Tiroteo en zona de ocio Sixth Street Austin: dos muertos y 14 heridos; FBI investiga posible m\u00f3vil terrorista esta madrugada.\" \/>\n<meta name=\"robots\" content=\"index, follow, max-snippet:-1, max-image-preview:large, max-video-preview:-1\" \/>\n<link rel=\"canonical\" href=\"https:\/\/www.cuballama.com\/noticias\/tiroteo-en-austin-texas-deja-dos-muertos-y-14-heridos-el-fbi-investiga-posible-nexo-terrorista-video-y-fotos\/\" \/>\n<meta property=\"og:locale\" content=\"es_ES\" \/>\n<meta property=\"og:type\" content=\"article\" \/>\n<meta property=\"og:title\" content=\"Tiroteo en Austin, Texas deja dos muertos y 14 heridos; el FBI investiga posible nexo terrorista (+ video y fotos) - Cuballama Noticias\" \/>\n<meta property=\"og:description\" content=\"Tiroteo en zona de ocio Sixth Street Austin: dos muertos y 14 heridos; FBI investiga posible m\u00f3vil terrorista esta madrugada.\" \/>\n<meta property=\"og:url\" content=\"https:\/\/www.cuballama.com\/noticias\/tiroteo-en-austin-texas-deja-dos-muertos-y-14-heridos-el-fbi-investiga-posible-nexo-terrorista-video-y-fotos\/\" \/>\n<meta property=\"og:site_name\" content=\"Cuballama Noticias\" \/>\n<meta property=\"article:publisher\" content=\"https:\/\/www.facebook.com\/CubaLlama\" \/>\n<meta property=\"article:published_time\" content=\"2026-03-03T12:38:02+00:00\" \/>\n<meta property=\"article:modified_time\" content=\"2026-03-03T12:38:04+00:00\" \/>\n<meta property=\"og:image\" content=\"https:\/\/cdn1.mediawpaccore.net\/wp-content\/uploads\/2026\/03\/02045053\/image.png\" \/>\n\t<meta property=\"og:image:width\" content=\"1353\" \/>\n\t<meta property=\"og:image:height\" content=\"675\" \/>\n\t<meta property=\"og:image:type\" content=\"image\/png\" \/>\n<meta name=\"author\" content=\"Roberto A.\" \/>\n<meta name=\"twitter:card\" content=\"summary_large_image\" \/>\n<meta name=\"twitter:creator\" content=\"@cuballama\" \/>\n<meta name=\"twitter:site\" content=\"@cuballama\" \/>\n<meta name=\"twitter:label1\" content=\"Escrito por\" \/>\n\t<meta name=\"twitter:data1\" content=\"Roberto A.\" \/>\n<script type=\"application\/ld+json\" class=\"yoast-schema-graph\">{\"@context\":\"https:\\\/\\\/schema.org\",\"@graph\":[{\"@type\":\"Article\",\"@id\":\"https:\\\/\\\/www.cuballama.com\\\/noticias\\\/tiroteo-en-austin-texas-deja-dos-muertos-y-14-heridos-el-fbi-investiga-posible-nexo-terrorista-video-y-fotos\\\/#article\",\"isPartOf\":{\"@id\":\"https:\\\/\\\/www.cuballama.com\\\/noticias\\\/tiroteo-en-austin-texas-deja-dos-muertos-y-14-heridos-el-fbi-investiga-posible-nexo-terrorista-video-y-fotos\\\/\"},\"author\":{\"name\":\"Roberto A.\",\"@id\":\"https:\\\/\\\/www.cuballama.com\\\/noticias\\\/#\\\/schema\\\/person\\\/a58502ed4146c8e9f83872e897c76cd2\"},\"headline\":\"Tiroteo en Austin, Texas deja dos muertos y 14 heridos; el FBI investiga posible nexo terrorista (+ video y fotos)\",\"datePublished\":\"2026-03-03T12:38:02+00:00\",\"dateModified\":\"2026-03-03T12:38:04+00:00\",\"mainEntityOfPage\":{\"@id\":\"https:\\\/\\\/www.cuballama.com\\\/noticias\\\/tiroteo-en-austin-texas-deja-dos-muertos-y-14-heridos-el-fbi-investiga-posible-nexo-terrorista-video-y-fotos\\\/\"},\"wordCount\":612,\"commentCount\":0,\"publisher\":{\"@id\":\"https:\\\/\\\/www.cuballama.com\\\/noticias\\\/#organization\"},\"image\":{\"@id\":\"https:\\\/\\\/www.cuballama.com\\\/noticias\\\/tiroteo-en-austin-texas-deja-dos-muertos-y-14-heridos-el-fbi-investiga-posible-nexo-terrorista-video-y-fotos\\\/#primaryimage\"},\"thumbnailUrl\":\"https:\\\/\\\/cdn1.mediawpaccore.net\\\/wp-content\\\/uploads\\\/2026\\\/03\\\/02045053\\\/image.png\",\"keywords\":[\"Austin\",\"Buford\u2019s Backyard Beer Garden\",\"FBI\",\"investigaci\u00f3n federal\",\"seguridad p\u00fablica\",\"Sixth Street\",\"terrorismo\",\"Texas\",\"tiroteo\"],\"articleSection\":[\"Noticias\",\"USA\"],\"inLanguage\":\"es\",\"potentialAction\":[{\"@type\":\"CommentAction\",\"name\":\"Comment\",\"target\":[\"https:\\\/\\\/www.cuballama.com\\\/noticias\\\/tiroteo-en-austin-texas-deja-dos-muertos-y-14-heridos-el-fbi-investiga-posible-nexo-terrorista-video-y-fotos\\\/#respond\"]}]},{\"@type\":\"WebPage\",\"@id\":\"https:\\\/\\\/www.cuballama.com\\\/noticias\\\/tiroteo-en-austin-texas-deja-dos-muertos-y-14-heridos-el-fbi-investiga-posible-nexo-terrorista-video-y-fotos\\\/\",\"url\":\"https:\\\/\\\/www.cuballama.com\\\/noticias\\\/tiroteo-en-austin-texas-deja-dos-muertos-y-14-heridos-el-fbi-investiga-posible-nexo-terrorista-video-y-fotos\\\/\",\"name\":\"Tiroteo en Austin, Texas deja dos muertos y 14 heridos; el FBI investiga posible nexo terrorista (+ video y fotos) - Cuballama Noticias\",\"isPartOf\":{\"@id\":\"https:\\\/\\\/www.cuballama.com\\\/noticias\\\/#website\"},\"primaryImageOfPage\":{\"@id\":\"https:\\\/\\\/www.cuballama.com\\\/noticias\\\/tiroteo-en-austin-texas-deja-dos-muertos-y-14-heridos-el-fbi-investiga-posible-nexo-terrorista-video-y-fotos\\\/#primaryimage\"},\"image\":{\"@id\":\"https:\\\/\\\/www.cuballama.com\\\/noticias\\\/tiroteo-en-austin-texas-deja-dos-muertos-y-14-heridos-el-fbi-investiga-posible-nexo-terrorista-video-y-fotos\\\/#primaryimage\"},\"thumbnailUrl\":\"https:\\\/\\\/cdn1.mediawpaccore.net\\\/wp-content\\\/uploads\\\/2026\\\/03\\\/02045053\\\/image.png\",\"datePublished\":\"2026-03-03T12:38:02+00:00\",\"dateModified\":\"2026-03-03T12:38:04+00:00\",\"description\":\"Tiroteo en zona de ocio Sixth Street Austin: dos muertos y 14 heridos; FBI investiga posible m\u00f3vil terrorista esta madrugada.\",\"breadcrumb\":{\"@id\":\"https:\\\/\\\/www.cuballama.com\\\/noticias\\\/tiroteo-en-austin-texas-deja-dos-muertos-y-14-heridos-el-fbi-investiga-posible-nexo-terrorista-video-y-fotos\\\/#breadcrumb\"},\"inLanguage\":\"es\",\"potentialAction\":[{\"@type\":\"ReadAction\",\"target\":[\"https:\\\/\\\/www.cuballama.com\\\/noticias\\\/tiroteo-en-austin-texas-deja-dos-muertos-y-14-heridos-el-fbi-investiga-posible-nexo-terrorista-video-y-fotos\\\/\"]}]},{\"@type\":\"ImageObject\",\"inLanguage\":\"es\",\"@id\":\"https:\\\/\\\/www.cuballama.com\\\/noticias\\\/tiroteo-en-austin-texas-deja-dos-muertos-y-14-heridos-el-fbi-investiga-posible-nexo-terrorista-video-y-fotos\\\/#primaryimage\",\"url\":\"https:\\\/\\\/cdn1.mediawpaccore.net\\\/wp-content\\\/uploads\\\/2026\\\/03\\\/02045053\\\/image.png\",\"contentUrl\":\"https:\\\/\\\/cdn1.mediawpaccore.net\\\/wp-content\\\/uploads\\\/2026\\\/03\\\/02045053\\\/image.png\",\"width\":1353,\"height\":675,\"caption\":\"Foto: Collage del rostro del atacante, divulgada por medios v\u00eda Redes Sociales.\"},{\"@type\":\"BreadcrumbList\",\"@id\":\"https:\\\/\\\/www.cuballama.com\\\/noticias\\\/tiroteo-en-austin-texas-deja-dos-muertos-y-14-heridos-el-fbi-investiga-posible-nexo-terrorista-video-y-fotos\\\/#breadcrumb\",\"itemListElement\":[{\"@type\":\"ListItem\",\"position\":1,\"name\":\"Home\",\"item\":\"https:\\\/\\\/www.cuballama.com\\\/noticias\\\/\"},{\"@type\":\"ListItem\",\"position\":2,\"name\":\"Tiroteo en Austin, Texas deja dos muertos y 14 heridos; el FBI investiga posible nexo terrorista (+ video y fotos)\"}]},{\"@type\":\"WebSite\",\"@id\":\"https:\\\/\\\/www.cuballama.com\\\/noticias\\\/#website\",\"url\":\"https:\\\/\\\/www.cuballama.com\\\/noticias\\\/\",\"name\":\"Cuballama Noticias\",\"description\":\"Medio digital sobre Cuba y el mundo\",\"publisher\":{\"@id\":\"https:\\\/\\\/www.cuballama.com\\\/noticias\\\/#organization\"},\"potentialAction\":[{\"@type\":\"SearchAction\",\"target\":{\"@type\":\"EntryPoint\",\"urlTemplate\":\"https:\\\/\\\/www.cuballama.com\\\/noticias\\\/?s={search_term_string}\"},\"query-input\":{\"@type\":\"PropertyValueSpecification\",\"valueRequired\":true,\"valueName\":\"search_term_string\"}}],\"inLanguage\":\"es\"},{\"@type\":\"Organization\",\"@id\":\"https:\\\/\\\/www.cuballama.com\\\/noticias\\\/#organization\",\"name\":\"Cuballama\",\"url\":\"https:\\\/\\\/www.cuballama.com\\\/noticias\\\/\",\"logo\":{\"@type\":\"ImageObject\",\"inLanguage\":\"es\",\"@id\":\"https:\\\/\\\/www.cuballama.com\\\/noticias\\\/#\\\/schema\\\/logo\\\/image\\\/\",\"url\":\"https:\\\/\\\/cdn1.mediawpaccore.net\\\/wp-content\\\/uploads\\\/2021\\\/12\\\/28171206\\\/cbll-logo-color-sm.png\",\"contentUrl\":\"https:\\\/\\\/cdn1.mediawpaccore.net\\\/wp-content\\\/uploads\\\/2021\\\/12\\\/28171206\\\/cbll-logo-color-sm.png\",\"width\":600,\"height\":133,\"caption\":\"Cuballama\"},\"image\":{\"@id\":\"https:\\\/\\\/www.cuballama.com\\\/noticias\\\/#\\\/schema\\\/logo\\\/image\\\/\"},\"sameAs\":[\"https:\\\/\\\/www.facebook.com\\\/CubaLlama\",\"https:\\\/\\\/x.com\\\/cuballama\",\"https:\\\/\\\/www.instagram.com\\\/stories\\\/cuballama_oficial\\\/\",\"https:\\\/\\\/www.youtube.com\\\/channel\\\/UCKkFE-d_axENGZcrc4as0IA\"]},{\"@type\":\"Person\",\"@id\":\"https:\\\/\\\/www.cuballama.com\\\/noticias\\\/#\\\/schema\\\/person\\\/a58502ed4146c8e9f83872e897c76cd2\",\"name\":\"Roberto A.\",\"description\":\"Roberto A. Periodista por decisi\u00f3n propia. Interesado en cualquier tema que me apasione y cada vez m\u00e1s comprometido con la verdad y la objetividad period\u00edstica. Graduado en La Habana hace ya muchos a\u00f1os, luego de una accidentada y polvorienta b\u00fasqueda de informaci\u00f3n sobre un tema in\u00e9dito. La Tesis, por cierto, desapareci\u00f3 de la biblioteca y no se conservan copias de la misma.\",\"url\":\"https:\\\/\\\/www.cuballama.com\\\/noticias\\\/author\\\/roberto\\\/\"}]}<\/script>\n<!-- \/ Yoast SEO plugin. -->","yoast_head_json":{"title":"Tiroteo en Austin, Texas deja dos muertos y 14 heridos; el FBI investiga posible nexo terrorista (+ video y fotos) - Cuballama Noticias","description":"Tiroteo en zona de ocio Sixth Street Austin: dos muertos y 14 heridos; FBI investiga posible m\u00f3vil terrorista esta madrugada.","robots":{"index":"index","follow":"follow","max-snippet":"max-snippet:-1","max-image-preview":"max-image-preview:large","max-video-preview":"max-video-preview:-1"},"canonical":"https:\/\/www.cuballama.com\/noticias\/tiroteo-en-austin-texas-deja-dos-muertos-y-14-heridos-el-fbi-investiga-posible-nexo-terrorista-video-y-fotos\/","og_locale":"es_ES","og_type":"article","og_title":"Tiroteo en Austin, Texas deja dos muertos y 14 heridos; el FBI investiga posible nexo terrorista (+ video y fotos) - Cuballama Noticias","og_description":"Tiroteo en zona de ocio Sixth Street Austin: dos muertos y 14 heridos; FBI investiga posible m\u00f3vil terrorista esta madrugada.","og_url":"https:\/\/www.cuballama.com\/noticias\/tiroteo-en-austin-texas-deja-dos-muertos-y-14-heridos-el-fbi-investiga-posible-nexo-terrorista-video-y-fotos\/","og_site_name":"Cuballama Noticias","article_publisher":"https:\/\/www.facebook.com\/CubaLlama","article_published_time":"2026-03-03T12:38:02+00:00","article_modified_time":"2026-03-03T12:38:04+00:00","og_image":[{"width":1353,"height":675,"url":"https:\/\/cdn1.mediawpaccore.net\/wp-content\/uploads\/2026\/03\/02045053\/image.png","type":"image\/png"}],"author":"Roberto A.","twitter_card":"summary_large_image","twitter_creator":"@cuballama","twitter_site":"@cuballama","twitter_misc":{"Escrito por":"Roberto A."},"schema":{"@context":"https:\/\/schema.org","@graph":[{"@type":"Article","@id":"https:\/\/www.cuballama.com\/noticias\/tiroteo-en-austin-texas-deja-dos-muertos-y-14-heridos-el-fbi-investiga-posible-nexo-terrorista-video-y-fotos\/#article","isPartOf":{"@id":"https:\/\/www.cuballama.com\/noticias\/tiroteo-en-austin-texas-deja-dos-muertos-y-14-heridos-el-fbi-investiga-posible-nexo-terrorista-video-y-fotos\/"},"author":{"name":"Roberto A.","@id":"https:\/\/www.cuballama.com\/noticias\/#\/schema\/person\/a58502ed4146c8e9f83872e897c76cd2"},"headline":"Tiroteo en Austin, Texas deja dos muertos y 14 heridos; el FBI investiga posible nexo terrorista (+ video y fotos)","datePublished":"2026-03-03T12:38:02+00:00","dateModified":"2026-03-03T12:38:04+00:00","mainEntityOfPage":{"@id":"https:\/\/www.cuballama.com\/noticias\/tiroteo-en-austin-texas-deja-dos-muertos-y-14-heridos-el-fbi-investiga-posible-nexo-terrorista-video-y-fotos\/"},"wordCount":612,"commentCount":0,"publisher":{"@id":"https:\/\/www.cuballama.com\/noticias\/#organization"},"image":{"@id":"https:\/\/www.cuballama.com\/noticias\/tiroteo-en-austin-texas-deja-dos-muertos-y-14-heridos-el-fbi-investiga-posible-nexo-terrorista-video-y-fotos\/#primaryimage"},"thumbnailUrl":"https:\/\/cdn1.mediawpaccore.net\/wp-content\/uploads\/2026\/03\/02045053\/image.png","keywords":["Austin","Buford\u2019s Backyard Beer Garden","FBI","investigaci\u00f3n federal","seguridad p\u00fablica","Sixth Street","terrorismo","Texas","tiroteo"],"articleSection":["Noticias","USA"],"inLanguage":"es","potentialAction":[{"@type":"CommentAction","name":"Comment","target":["https:\/\/www.cuballama.com\/noticias\/tiroteo-en-austin-texas-deja-dos-muertos-y-14-heridos-el-fbi-investiga-posible-nexo-terrorista-video-y-fotos\/#respond"]}]},{"@type":"WebPage","@id":"https:\/\/www.cuballama.com\/noticias\/tiroteo-en-austin-texas-deja-dos-muertos-y-14-heridos-el-fbi-investiga-posible-nexo-terrorista-video-y-fotos\/","url":"https:\/\/www.cuballama.com\/noticias\/tiroteo-en-austin-texas-deja-dos-muertos-y-14-heridos-el-fbi-investiga-posible-nexo-terrorista-video-y-fotos\/","name":"Tiroteo en Austin, Texas deja dos muertos y 14 heridos; el FBI investiga posible nexo terrorista (+ video y fotos) - Cuballama Noticias","isPartOf":{"@id":"https:\/\/www.cuballama.com\/noticias\/#website"},"primaryImageOfPage":{"@id":"https:\/\/www.cuballama.com\/noticias\/tiroteo-en-austin-texas-deja-dos-muertos-y-14-heridos-el-fbi-investiga-posible-nexo-terrorista-video-y-fotos\/#primaryimage"},"image":{"@id":"https:\/\/www.cuballama.com\/noticias\/tiroteo-en-austin-texas-deja-dos-muertos-y-14-heridos-el-fbi-investiga-posible-nexo-terrorista-video-y-fotos\/#primaryimage"},"thumbnailUrl":"https:\/\/cdn1.mediawpaccore.net\/wp-content\/uploads\/2026\/03\/02045053\/image.png","datePublished":"2026-03-03T12:38:02+00:00","dateModified":"2026-03-03T12:38:04+00:00","description":"Tiroteo en zona de ocio Sixth Street Austin: dos muertos y 14 heridos; FBI investiga posible m\u00f3vil terrorista esta madrugada.","breadcrumb":{"@id":"https:\/\/www.cuballama.com\/noticias\/tiroteo-en-austin-texas-deja-dos-muertos-y-14-heridos-el-fbi-investiga-posible-nexo-terrorista-video-y-fotos\/#breadcrumb"},"inLanguage":"es","potentialAction":[{"@type":"ReadAction","target":["https:\/\/www.cuballama.com\/noticias\/tiroteo-en-austin-texas-deja-dos-muertos-y-14-heridos-el-fbi-investiga-posible-nexo-terrorista-video-y-fotos\/"]}]},{"@type":"ImageObject","inLanguage":"es","@id":"https:\/\/www.cuballama.com\/noticias\/tiroteo-en-austin-texas-deja-dos-muertos-y-14-heridos-el-fbi-investiga-posible-nexo-terrorista-video-y-fotos\/#primaryimage","url":"https:\/\/cdn1.mediawpaccore.net\/wp-content\/uploads\/2026\/03\/02045053\/image.png","contentUrl":"https:\/\/cdn1.mediawpaccore.net\/wp-content\/uploads\/2026\/03\/02045053\/image.png","width":1353,"height":675,"caption":"Foto: Collage del rostro del atacante, divulgada por medios v\u00eda Redes Sociales."},{"@type":"BreadcrumbList","@id":"https:\/\/www.cuballama.com\/noticias\/tiroteo-en-austin-texas-deja-dos-muertos-y-14-heridos-el-fbi-investiga-posible-nexo-terrorista-video-y-fotos\/#breadcrumb","itemListElement":[{"@type":"ListItem","position":1,"name":"Home","item":"https:\/\/www.cuballama.com\/noticias\/"},{"@type":"ListItem","position":2,"name":"Tiroteo en Austin, Texas deja dos muertos y 14 heridos; el FBI investiga posible nexo terrorista (+ video y fotos)"}]},{"@type":"WebSite","@id":"https:\/\/www.cuballama.com\/noticias\/#website","url":"https:\/\/www.cuballama.com\/noticias\/","name":"Cuballama Noticias","description":"Medio digital sobre Cuba y el mundo","publisher":{"@id":"https:\/\/www.cuballama.com\/noticias\/#organization"},"potentialAction":[{"@type":"SearchAction","target":{"@type":"EntryPoint","urlTemplate":"https:\/\/www.cuballama.com\/noticias\/?s={search_term_string}"},"query-input":{"@type":"PropertyValueSpecification","valueRequired":true,"valueName":"search_term_string"}}],"inLanguage":"es"},{"@type":"Organization","@id":"https:\/\/www.cuballama.com\/noticias\/#organization","name":"Cuballama","url":"https:\/\/www.cuballama.com\/noticias\/","logo":{"@type":"ImageObject","inLanguage":"es","@id":"https:\/\/www.cuballama.com\/noticias\/#\/schema\/logo\/image\/","url":"https:\/\/cdn1.mediawpaccore.net\/wp-content\/uploads\/2021\/12\/28171206\/cbll-logo-color-sm.png","contentUrl":"https:\/\/cdn1.mediawpaccore.net\/wp-content\/uploads\/2021\/12\/28171206\/cbll-logo-color-sm.png","width":600,"height":133,"caption":"Cuballama"},"image":{"@id":"https:\/\/www.cuballama.com\/noticias\/#\/schema\/logo\/image\/"},"sameAs":["https:\/\/www.facebook.com\/CubaLlama","https:\/\/x.com\/cuballama","https:\/\/www.instagram.com\/stories\/cuballama_oficial\/","https:\/\/www.youtube.com\/channel\/UCKkFE-d_axENGZcrc4as0IA"]},{"@type":"Person","@id":"https:\/\/www.cuballama.com\/noticias\/#\/schema\/person\/a58502ed4146c8e9f83872e897c76cd2","name":"Roberto A.","description":"Roberto A. Periodista por decisi\u00f3n propia. Interesado en cualquier tema que me apasione y cada vez m\u00e1s comprometido con la verdad y la objetividad period\u00edstica. Graduado en La Habana hace ya muchos a\u00f1os, luego de una accidentada y polvorienta b\u00fasqueda de informaci\u00f3n sobre un tema in\u00e9dito. La Tesis, por cierto, desapareci\u00f3 de la biblioteca y no se conservan copias de la misma.","url":"https:\/\/www.cuballama.com\/noticias\/author\/roberto\/"}]}},"_links":{"self":[{"href":"https:\/\/www.cuballama.com\/noticias\/wp-json\/wp\/v2\/posts\/236743","targetHints":{"allow":["GET"]}}],"collection":[{"href":"https:\/\/www.cuballama.com\/noticias\/wp-json\/wp\/v2\/posts"}],"about":[{"href":"https:\/\/www.cuballama.com\/noticias\/wp-json\/wp\/v2\/types\/post"}],"author":[{"embeddable":true,"href":"https:\/\/www.cuballama.com\/noticias\/wp-json\/wp\/v2\/users\/13"}],"replies":[{"embeddable":true,"href":"https:\/\/www.cuballama.com\/noticias\/wp-json\/wp\/v2\/comments?post=236743"}],"version-history":[{"count":5,"href":"https:\/\/www.cuballama.com\/noticias\/wp-json\/wp\/v2\/posts\/236743\/revisions"}],"predecessor-version":[{"id":236749,"href":"https:\/\/www.cuballama.com\/noticias\/wp-json\/wp\/v2\/posts\/236743\/revisions\/236749"}],"wp:featuredmedia":[{"embeddable":true,"href":"https:\/\/www.cuballama.com\/noticias\/wp-json\/wp\/v2\/media\/236748"}],"wp:attachment":[{"href":"https:\/\/www.cuballama.com\/noticias\/wp-json\/wp\/v2\/media?parent=236743"}],"wp:term":[{"taxonomy":"category","embeddable":true,"href":"https:\/\/www.cuballama.com\/noticias\/wp-json\/wp\/v2\/categories?post=236743"},{"taxonomy":"post_tag","embeddable":true,"href":"https:\/\/www.cuballama.com\/noticias\/wp-json\/wp\/v2\/tags?post=236743"}],"curies":[{"name":"wp","href":"https:\/\/api.w.org\/{rel}","templated":true}]}}