{"id":236741,"date":"2026-03-02T13:17:37","date_gmt":"2026-03-02T18:17:37","guid":{"rendered":"https:\/\/www.cuballama.com\/noticias\/?p=236741"},"modified":"2026-03-02T13:17:44","modified_gmt":"2026-03-02T18:17:44","slug":"familiares-de-recluso-denuncian-que-desconocen-su-paradero-actual-tras-motin-en-canaleta","status":"publish","type":"post","link":"https:\/\/www.cuballama.com\/noticias\/familiares-de-recluso-denuncian-que-desconocen-su-paradero-actual-tras-motin-en-canaleta\/","title":{"rendered":"Familiares de recluso denuncian que desconocen su paradero actual tras mot\u00edn en Canaleta"},"content":{"rendered":"\n<p>Familiares de Arnoldo Matos Dom\u00ednguez, recluso de la prisi\u00f3n de Canaleta, en Ciego de \u00c1vila, aseguran que llevan d\u00edas sin informaci\u00f3n sobre su paradero despu\u00e9s de que fuera trasladado fuera de la provincia tras los disturbios (mot\u00edn) reportados en ese penal a mediados de febrero. La denuncia fue publicada por el medio digital La Tijera en redes sociales, donde allegados afirman que la madre del recluso acudi\u00f3 a la c\u00e1rcel en busca de datos y no fue atendida, mientras otros internos habr\u00edan comentado, sin confirmaci\u00f3n oficial, que el traslado pudo dirigirse hacia el oriente del pa\u00eds. <\/p>\n\n\n\n<p>El caso ocurre despu\u00e9s de que organizaciones y medios internacionales reportaran un mot\u00edn en Canaleta el 19 de febrero, en un contexto de quejas por condiciones de reclusi\u00f3n, alimentaci\u00f3n y atenci\u00f3n m\u00e9dica. Prisoners Defenders y el Centro de Documentaci\u00f3n de Prisiones Cubanas denunciaron el estallido del mot\u00edn y pidieron informaci\u00f3n oficial urgente, mientras la cobertura de agencias como EFE recogi\u00f3 la alerta sobre la situaci\u00f3n en esa prisi\u00f3n de alta seguridad.<\/p>\n\n\n\n<p>En los d\u00edas posteriores, medios del exilio informaron que el Ministerio del Interior justific\u00f3 el uso de la fuerza para sofocar la revuelta, al tiempo que circularon testimonios de familiares y activistas sobre posibles traslados y represalias dentro del sistema penitenciario. En ese clima, el temor m\u00e1s inmediato para muchas familias es quedarse sin una referencia m\u00ednima: saber en qu\u00e9 c\u00e1rcel est\u00e1 su pariente, si sigue con vida y si podr\u00e1 comunicarse.<\/p>\n\n\n\n<p>En la publicaci\u00f3n de<em><a href=\"https:\/\/www.facebook.com\/Deuntijeretazo\/posts\/pfbid0iF4G7brucXk2Dy4Rm1zSC9okrRTGguXJnU9K9b5qdSAhYntBsL1oyy3XM6Kvye5l\" target=\"_blank\" rel=\"noreferrer noopener nofollow\"> La Tijera<\/a><\/em>, familiares y usuarios comentaron que no se trata de un caso aislado. Varias personas dijeron tener esposos, hermanos o familiares que habr\u00edan sido trasladados desde el 23 de febrero sin que les informaran el destino, y mencionaron posibles traslados hacia prisiones en Camag\u00fcey, como K-7 o la 26, aunque esas afirmaciones no han sido corroboradas por documentos oficiales. La nota tambi\u00e9n recoge versiones no verificadas sobre un recluso golpeado por guardias y hospitalizado en estado grave, un tipo de rumor que suele crecer cuando no hay partes p\u00fablicos ni canales de respuesta para los familiares.<\/p>\n\n\n\n<p>Hasta ahora, no existe un pronunciamiento p\u00fablico que confirme el traslado de Arnoldo Matos Dom\u00ednguez, su destino, su estado de salud o las razones administrativas del movimiento. En un pa\u00eds donde la informaci\u00f3n penitenciaria rara vez se comunica con transparencia, la ausencia de una simple \u201cfe de vida\u201d se convierte en el centro del conflicto.<\/p>\n\n\n\n<p><strong>tal vez quieras leer: <a href=\"https:\/\/www.cuballama.com\/noticias\/motin-en-canaleta-el-minint-confirma-intervencion-tras-protestas-de-patria-y-vida-en-la-carcel\/\">Mot\u00edn en Canaleta: El Minint confirma intervenci\u00f3n tras protestas de \u00abPatria y Vida\u00bb en la c\u00e1rcel<\/a><\/strong><\/p>\n","protected":false},"excerpt":{"rendered":"<p>Familiares de Arnoldo Matos Dom\u00ednguez denuncian que desconocen su paradero tras traslados posteriores al mot\u00edn en la prisi\u00f3n de Canaleta.<\/p>\n","protected":false},"author":13,"featured_media":236777,"comment_status":"open","ping_status":"closed","sticky":false,"template":"","format":"standard","meta":{"_acf_changed":false,"footnotes":""},"categories":[18,955],"tags":[26014,30786,11258,2864,1197,4535,11776,30787],"class_list":{"0":"post-236741","1":"post","2":"type-post","3":"status-publish","4":"format-standard","5":"has-post-thumbnail","7":"category-noticias","8":"category-noticias-de-cuba","9":"tag-canaleta","10":"tag-carceles-en-cuba","11":"tag-ciego-de-avila-2","12":"tag-derechos-humanos","13":"tag-familiares","14":"tag-motin","15":"tag-reclusos","16":"tag-traslados-penitenciarios"},"acf":[],"yoast_head":"<!-- This site is optimized with the Yoast SEO plugin v27.4 - https:\/\/yoast.com\/product\/yoast-seo-wordpress\/ -->\n<title>Familiares de recluso denuncian que desconocen su paradero actual tras mot\u00edn en Canaleta - Cuballama Noticias<\/title>\n<meta name=\"description\" content=\"Tras el mot\u00edn de Canaleta, familiares denuncian traslados sin informar y piden fe de vida de Arnoldo Matos. en Ciego de \u00c1vila\" \/>\n<meta name=\"robots\" content=\"index, follow, max-snippet:-1, max-image-preview:large, max-video-preview:-1\" \/>\n<link rel=\"canonical\" href=\"https:\/\/www.cuballama.com\/noticias\/familiares-de-recluso-denuncian-que-desconocen-su-paradero-actual-tras-motin-en-canaleta\/\" \/>\n<meta property=\"og:locale\" content=\"es_ES\" \/>\n<meta property=\"og:type\" content=\"article\" \/>\n<meta property=\"og:title\" content=\"Familiares de recluso denuncian que desconocen su paradero actual tras mot\u00edn en Canaleta - Cuballama Noticias\" \/>\n<meta property=\"og:description\" content=\"Tras el mot\u00edn de Canaleta, familiares denuncian traslados sin informar y piden fe de vida de Arnoldo Matos. en Ciego de \u00c1vila\" \/>\n<meta property=\"og:url\" content=\"https:\/\/www.cuballama.com\/noticias\/familiares-de-recluso-denuncian-que-desconocen-su-paradero-actual-tras-motin-en-canaleta\/\" \/>\n<meta property=\"og:site_name\" content=\"Cuballama Noticias\" \/>\n<meta property=\"article:publisher\" content=\"https:\/\/www.facebook.com\/CubaLlama\" \/>\n<meta property=\"article:published_time\" content=\"2026-03-02T18:17:37+00:00\" \/>\n<meta property=\"article:modified_time\" content=\"2026-03-02T18:17:44+00:00\" \/>\n<meta property=\"og:image\" content=\"https:\/\/cdn1.mediawpaccore.net\/wp-content\/uploads\/2026\/03\/02070115\/image-3.png\" \/>\n\t<meta property=\"og:image:width\" content=\"1396\" \/>\n\t<meta property=\"og:image:height\" content=\"694\" \/>\n\t<meta property=\"og:image:type\" content=\"image\/png\" \/>\n<meta name=\"author\" content=\"Roberto A.\" \/>\n<meta name=\"twitter:card\" content=\"summary_large_image\" \/>\n<meta name=\"twitter:creator\" content=\"@cuballama\" \/>\n<meta name=\"twitter:site\" content=\"@cuballama\" \/>\n<meta name=\"twitter:label1\" content=\"Escrito por\" \/>\n\t<meta name=\"twitter:data1\" content=\"Roberto A.\" \/>\n\t<meta name=\"twitter:label2\" content=\"Tiempo de lectura\" \/>\n\t<meta name=\"twitter:data2\" content=\"2 minutos\" \/>\n<script type=\"application\/ld+json\" class=\"yoast-schema-graph\">{\"@context\":\"https:\\\/\\\/schema.org\",\"@graph\":[{\"@type\":\"Article\",\"@id\":\"https:\\\/\\\/www.cuballama.com\\\/noticias\\\/familiares-de-recluso-denuncian-que-desconocen-su-paradero-actual-tras-motin-en-canaleta\\\/#article\",\"isPartOf\":{\"@id\":\"https:\\\/\\\/www.cuballama.com\\\/noticias\\\/familiares-de-recluso-denuncian-que-desconocen-su-paradero-actual-tras-motin-en-canaleta\\\/\"},\"author\":{\"name\":\"Roberto A.\",\"@id\":\"https:\\\/\\\/www.cuballama.com\\\/noticias\\\/#\\\/schema\\\/person\\\/a58502ed4146c8e9f83872e897c76cd2\"},\"headline\":\"Familiares de recluso denuncian que desconocen su paradero actual tras mot\u00edn en Canaleta\",\"datePublished\":\"2026-03-02T18:17:37+00:00\",\"dateModified\":\"2026-03-02T18:17:44+00:00\",\"mainEntityOfPage\":{\"@id\":\"https:\\\/\\\/www.cuballama.com\\\/noticias\\\/familiares-de-recluso-denuncian-que-desconocen-su-paradero-actual-tras-motin-en-canaleta\\\/\"},\"wordCount\":463,\"commentCount\":0,\"publisher\":{\"@id\":\"https:\\\/\\\/www.cuballama.com\\\/noticias\\\/#organization\"},\"image\":{\"@id\":\"https:\\\/\\\/www.cuballama.com\\\/noticias\\\/familiares-de-recluso-denuncian-que-desconocen-su-paradero-actual-tras-motin-en-canaleta\\\/#primaryimage\"},\"thumbnailUrl\":\"https:\\\/\\\/cdn1.mediawpaccore.net\\\/wp-content\\\/uploads\\\/2026\\\/03\\\/02070115\\\/image-3.png\",\"keywords\":[\"Canaleta\",\"c\u00e1rceles en Cuba\",\"Ciego de \u00c1vila\",\"derechos humanos\",\"familiares\",\"mot\u00edn\",\"Reclusos\",\"traslados penitenciarios\"],\"articleSection\":[\"Noticias\",\"Noticias de Cuba\"],\"inLanguage\":\"es\",\"potentialAction\":[{\"@type\":\"CommentAction\",\"name\":\"Comment\",\"target\":[\"https:\\\/\\\/www.cuballama.com\\\/noticias\\\/familiares-de-recluso-denuncian-que-desconocen-su-paradero-actual-tras-motin-en-canaleta\\\/#respond\"]}]},{\"@type\":\"WebPage\",\"@id\":\"https:\\\/\\\/www.cuballama.com\\\/noticias\\\/familiares-de-recluso-denuncian-que-desconocen-su-paradero-actual-tras-motin-en-canaleta\\\/\",\"url\":\"https:\\\/\\\/www.cuballama.com\\\/noticias\\\/familiares-de-recluso-denuncian-que-desconocen-su-paradero-actual-tras-motin-en-canaleta\\\/\",\"name\":\"Familiares de recluso denuncian que desconocen su paradero actual tras mot\u00edn en Canaleta - Cuballama Noticias\",\"isPartOf\":{\"@id\":\"https:\\\/\\\/www.cuballama.com\\\/noticias\\\/#website\"},\"primaryImageOfPage\":{\"@id\":\"https:\\\/\\\/www.cuballama.com\\\/noticias\\\/familiares-de-recluso-denuncian-que-desconocen-su-paradero-actual-tras-motin-en-canaleta\\\/#primaryimage\"},\"image\":{\"@id\":\"https:\\\/\\\/www.cuballama.com\\\/noticias\\\/familiares-de-recluso-denuncian-que-desconocen-su-paradero-actual-tras-motin-en-canaleta\\\/#primaryimage\"},\"thumbnailUrl\":\"https:\\\/\\\/cdn1.mediawpaccore.net\\\/wp-content\\\/uploads\\\/2026\\\/03\\\/02070115\\\/image-3.png\",\"datePublished\":\"2026-03-02T18:17:37+00:00\",\"dateModified\":\"2026-03-02T18:17:44+00:00\",\"description\":\"Tras el mot\u00edn de Canaleta, familiares denuncian traslados sin informar y piden fe de vida de Arnoldo Matos. en Ciego de \u00c1vila\",\"breadcrumb\":{\"@id\":\"https:\\\/\\\/www.cuballama.com\\\/noticias\\\/familiares-de-recluso-denuncian-que-desconocen-su-paradero-actual-tras-motin-en-canaleta\\\/#breadcrumb\"},\"inLanguage\":\"es\",\"potentialAction\":[{\"@type\":\"ReadAction\",\"target\":[\"https:\\\/\\\/www.cuballama.com\\\/noticias\\\/familiares-de-recluso-denuncian-que-desconocen-su-paradero-actual-tras-motin-en-canaleta\\\/\"]}]},{\"@type\":\"ImageObject\",\"inLanguage\":\"es\",\"@id\":\"https:\\\/\\\/www.cuballama.com\\\/noticias\\\/familiares-de-recluso-denuncian-que-desconocen-su-paradero-actual-tras-motin-en-canaleta\\\/#primaryimage\",\"url\":\"https:\\\/\\\/cdn1.mediawpaccore.net\\\/wp-content\\\/uploads\\\/2026\\\/03\\\/02070115\\\/image-3.png\",\"contentUrl\":\"https:\\\/\\\/cdn1.mediawpaccore.net\\\/wp-content\\\/uploads\\\/2026\\\/03\\\/02070115\\\/image-3.png\",\"width\":1396,\"height\":694,\"caption\":\"Foto: V\u00eda La Tijera\"},{\"@type\":\"BreadcrumbList\",\"@id\":\"https:\\\/\\\/www.cuballama.com\\\/noticias\\\/familiares-de-recluso-denuncian-que-desconocen-su-paradero-actual-tras-motin-en-canaleta\\\/#breadcrumb\",\"itemListElement\":[{\"@type\":\"ListItem\",\"position\":1,\"name\":\"Home\",\"item\":\"https:\\\/\\\/www.cuballama.com\\\/noticias\\\/\"},{\"@type\":\"ListItem\",\"position\":2,\"name\":\"Familiares de recluso denuncian que desconocen su paradero actual tras mot\u00edn en Canaleta\"}]},{\"@type\":\"WebSite\",\"@id\":\"https:\\\/\\\/www.cuballama.com\\\/noticias\\\/#website\",\"url\":\"https:\\\/\\\/www.cuballama.com\\\/noticias\\\/\",\"name\":\"Cuballama Noticias\",\"description\":\"Medio digital sobre Cuba y el mundo\",\"publisher\":{\"@id\":\"https:\\\/\\\/www.cuballama.com\\\/noticias\\\/#organization\"},\"potentialAction\":[{\"@type\":\"SearchAction\",\"target\":{\"@type\":\"EntryPoint\",\"urlTemplate\":\"https:\\\/\\\/www.cuballama.com\\\/noticias\\\/?s={search_term_string}\"},\"query-input\":{\"@type\":\"PropertyValueSpecification\",\"valueRequired\":true,\"valueName\":\"search_term_string\"}}],\"inLanguage\":\"es\"},{\"@type\":\"Organization\",\"@id\":\"https:\\\/\\\/www.cuballama.com\\\/noticias\\\/#organization\",\"name\":\"Cuballama\",\"url\":\"https:\\\/\\\/www.cuballama.com\\\/noticias\\\/\",\"logo\":{\"@type\":\"ImageObject\",\"inLanguage\":\"es\",\"@id\":\"https:\\\/\\\/www.cuballama.com\\\/noticias\\\/#\\\/schema\\\/logo\\\/image\\\/\",\"url\":\"https:\\\/\\\/cdn1.mediawpaccore.net\\\/wp-content\\\/uploads\\\/2021\\\/12\\\/28171206\\\/cbll-logo-color-sm.png\",\"contentUrl\":\"https:\\\/\\\/cdn1.mediawpaccore.net\\\/wp-content\\\/uploads\\\/2021\\\/12\\\/28171206\\\/cbll-logo-color-sm.png\",\"width\":600,\"height\":133,\"caption\":\"Cuballama\"},\"image\":{\"@id\":\"https:\\\/\\\/www.cuballama.com\\\/noticias\\\/#\\\/schema\\\/logo\\\/image\\\/\"},\"sameAs\":[\"https:\\\/\\\/www.facebook.com\\\/CubaLlama\",\"https:\\\/\\\/x.com\\\/cuballama\",\"https:\\\/\\\/www.instagram.com\\\/stories\\\/cuballama_oficial\\\/\",\"https:\\\/\\\/www.youtube.com\\\/channel\\\/UCKkFE-d_axENGZcrc4as0IA\"]},{\"@type\":\"Person\",\"@id\":\"https:\\\/\\\/www.cuballama.com\\\/noticias\\\/#\\\/schema\\\/person\\\/a58502ed4146c8e9f83872e897c76cd2\",\"name\":\"Roberto A.\",\"description\":\"Roberto A. Periodista por decisi\u00f3n propia. Interesado en cualquier tema que me apasione y cada vez m\u00e1s comprometido con la verdad y la objetividad period\u00edstica. Graduado en La Habana hace ya muchos a\u00f1os, luego de una accidentada y polvorienta b\u00fasqueda de informaci\u00f3n sobre un tema in\u00e9dito. La Tesis, por cierto, desapareci\u00f3 de la biblioteca y no se conservan copias de la misma.\",\"url\":\"https:\\\/\\\/www.cuballama.com\\\/noticias\\\/author\\\/roberto\\\/\"}]}<\/script>\n<!-- \/ Yoast SEO plugin. -->","yoast_head_json":{"title":"Familiares de recluso denuncian que desconocen su paradero actual tras mot\u00edn en Canaleta - Cuballama Noticias","description":"Tras el mot\u00edn de Canaleta, familiares denuncian traslados sin informar y piden fe de vida de Arnoldo Matos. en Ciego de \u00c1vila","robots":{"index":"index","follow":"follow","max-snippet":"max-snippet:-1","max-image-preview":"max-image-preview:large","max-video-preview":"max-video-preview:-1"},"canonical":"https:\/\/www.cuballama.com\/noticias\/familiares-de-recluso-denuncian-que-desconocen-su-paradero-actual-tras-motin-en-canaleta\/","og_locale":"es_ES","og_type":"article","og_title":"Familiares de recluso denuncian que desconocen su paradero actual tras mot\u00edn en Canaleta - Cuballama Noticias","og_description":"Tras el mot\u00edn de Canaleta, familiares denuncian traslados sin informar y piden fe de vida de Arnoldo Matos. en Ciego de \u00c1vila","og_url":"https:\/\/www.cuballama.com\/noticias\/familiares-de-recluso-denuncian-que-desconocen-su-paradero-actual-tras-motin-en-canaleta\/","og_site_name":"Cuballama Noticias","article_publisher":"https:\/\/www.facebook.com\/CubaLlama","article_published_time":"2026-03-02T18:17:37+00:00","article_modified_time":"2026-03-02T18:17:44+00:00","og_image":[{"width":1396,"height":694,"url":"https:\/\/cdn1.mediawpaccore.net\/wp-content\/uploads\/2026\/03\/02070115\/image-3.png","type":"image\/png"}],"author":"Roberto A.","twitter_card":"summary_large_image","twitter_creator":"@cuballama","twitter_site":"@cuballama","twitter_misc":{"Escrito por":"Roberto A.","Tiempo de lectura":"2 minutos"},"schema":{"@context":"https:\/\/schema.org","@graph":[{"@type":"Article","@id":"https:\/\/www.cuballama.com\/noticias\/familiares-de-recluso-denuncian-que-desconocen-su-paradero-actual-tras-motin-en-canaleta\/#article","isPartOf":{"@id":"https:\/\/www.cuballama.com\/noticias\/familiares-de-recluso-denuncian-que-desconocen-su-paradero-actual-tras-motin-en-canaleta\/"},"author":{"name":"Roberto A.","@id":"https:\/\/www.cuballama.com\/noticias\/#\/schema\/person\/a58502ed4146c8e9f83872e897c76cd2"},"headline":"Familiares de recluso denuncian que desconocen su paradero actual tras mot\u00edn en Canaleta","datePublished":"2026-03-02T18:17:37+00:00","dateModified":"2026-03-02T18:17:44+00:00","mainEntityOfPage":{"@id":"https:\/\/www.cuballama.com\/noticias\/familiares-de-recluso-denuncian-que-desconocen-su-paradero-actual-tras-motin-en-canaleta\/"},"wordCount":463,"commentCount":0,"publisher":{"@id":"https:\/\/www.cuballama.com\/noticias\/#organization"},"image":{"@id":"https:\/\/www.cuballama.com\/noticias\/familiares-de-recluso-denuncian-que-desconocen-su-paradero-actual-tras-motin-en-canaleta\/#primaryimage"},"thumbnailUrl":"https:\/\/cdn1.mediawpaccore.net\/wp-content\/uploads\/2026\/03\/02070115\/image-3.png","keywords":["Canaleta","c\u00e1rceles en Cuba","Ciego de \u00c1vila","derechos humanos","familiares","mot\u00edn","Reclusos","traslados penitenciarios"],"articleSection":["Noticias","Noticias de Cuba"],"inLanguage":"es","potentialAction":[{"@type":"CommentAction","name":"Comment","target":["https:\/\/www.cuballama.com\/noticias\/familiares-de-recluso-denuncian-que-desconocen-su-paradero-actual-tras-motin-en-canaleta\/#respond"]}]},{"@type":"WebPage","@id":"https:\/\/www.cuballama.com\/noticias\/familiares-de-recluso-denuncian-que-desconocen-su-paradero-actual-tras-motin-en-canaleta\/","url":"https:\/\/www.cuballama.com\/noticias\/familiares-de-recluso-denuncian-que-desconocen-su-paradero-actual-tras-motin-en-canaleta\/","name":"Familiares de recluso denuncian que desconocen su paradero actual tras mot\u00edn en Canaleta - Cuballama Noticias","isPartOf":{"@id":"https:\/\/www.cuballama.com\/noticias\/#website"},"primaryImageOfPage":{"@id":"https:\/\/www.cuballama.com\/noticias\/familiares-de-recluso-denuncian-que-desconocen-su-paradero-actual-tras-motin-en-canaleta\/#primaryimage"},"image":{"@id":"https:\/\/www.cuballama.com\/noticias\/familiares-de-recluso-denuncian-que-desconocen-su-paradero-actual-tras-motin-en-canaleta\/#primaryimage"},"thumbnailUrl":"https:\/\/cdn1.mediawpaccore.net\/wp-content\/uploads\/2026\/03\/02070115\/image-3.png","datePublished":"2026-03-02T18:17:37+00:00","dateModified":"2026-03-02T18:17:44+00:00","description":"Tras el mot\u00edn de Canaleta, familiares denuncian traslados sin informar y piden fe de vida de Arnoldo Matos. en Ciego de \u00c1vila","breadcrumb":{"@id":"https:\/\/www.cuballama.com\/noticias\/familiares-de-recluso-denuncian-que-desconocen-su-paradero-actual-tras-motin-en-canaleta\/#breadcrumb"},"inLanguage":"es","potentialAction":[{"@type":"ReadAction","target":["https:\/\/www.cuballama.com\/noticias\/familiares-de-recluso-denuncian-que-desconocen-su-paradero-actual-tras-motin-en-canaleta\/"]}]},{"@type":"ImageObject","inLanguage":"es","@id":"https:\/\/www.cuballama.com\/noticias\/familiares-de-recluso-denuncian-que-desconocen-su-paradero-actual-tras-motin-en-canaleta\/#primaryimage","url":"https:\/\/cdn1.mediawpaccore.net\/wp-content\/uploads\/2026\/03\/02070115\/image-3.png","contentUrl":"https:\/\/cdn1.mediawpaccore.net\/wp-content\/uploads\/2026\/03\/02070115\/image-3.png","width":1396,"height":694,"caption":"Foto: V\u00eda La Tijera"},{"@type":"BreadcrumbList","@id":"https:\/\/www.cuballama.com\/noticias\/familiares-de-recluso-denuncian-que-desconocen-su-paradero-actual-tras-motin-en-canaleta\/#breadcrumb","itemListElement":[{"@type":"ListItem","position":1,"name":"Home","item":"https:\/\/www.cuballama.com\/noticias\/"},{"@type":"ListItem","position":2,"name":"Familiares de recluso denuncian que desconocen su paradero actual tras mot\u00edn en Canaleta"}]},{"@type":"WebSite","@id":"https:\/\/www.cuballama.com\/noticias\/#website","url":"https:\/\/www.cuballama.com\/noticias\/","name":"Cuballama Noticias","description":"Medio digital sobre Cuba y el mundo","publisher":{"@id":"https:\/\/www.cuballama.com\/noticias\/#organization"},"potentialAction":[{"@type":"SearchAction","target":{"@type":"EntryPoint","urlTemplate":"https:\/\/www.cuballama.com\/noticias\/?s={search_term_string}"},"query-input":{"@type":"PropertyValueSpecification","valueRequired":true,"valueName":"search_term_string"}}],"inLanguage":"es"},{"@type":"Organization","@id":"https:\/\/www.cuballama.com\/noticias\/#organization","name":"Cuballama","url":"https:\/\/www.cuballama.com\/noticias\/","logo":{"@type":"ImageObject","inLanguage":"es","@id":"https:\/\/www.cuballama.com\/noticias\/#\/schema\/logo\/image\/","url":"https:\/\/cdn1.mediawpaccore.net\/wp-content\/uploads\/2021\/12\/28171206\/cbll-logo-color-sm.png","contentUrl":"https:\/\/cdn1.mediawpaccore.net\/wp-content\/uploads\/2021\/12\/28171206\/cbll-logo-color-sm.png","width":600,"height":133,"caption":"Cuballama"},"image":{"@id":"https:\/\/www.cuballama.com\/noticias\/#\/schema\/logo\/image\/"},"sameAs":["https:\/\/www.facebook.com\/CubaLlama","https:\/\/x.com\/cuballama","https:\/\/www.instagram.com\/stories\/cuballama_oficial\/","https:\/\/www.youtube.com\/channel\/UCKkFE-d_axENGZcrc4as0IA"]},{"@type":"Person","@id":"https:\/\/www.cuballama.com\/noticias\/#\/schema\/person\/a58502ed4146c8e9f83872e897c76cd2","name":"Roberto A.","description":"Roberto A. Periodista por decisi\u00f3n propia. Interesado en cualquier tema que me apasione y cada vez m\u00e1s comprometido con la verdad y la objetividad period\u00edstica. Graduado en La Habana hace ya muchos a\u00f1os, luego de una accidentada y polvorienta b\u00fasqueda de informaci\u00f3n sobre un tema in\u00e9dito. La Tesis, por cierto, desapareci\u00f3 de la biblioteca y no se conservan copias de la misma.","url":"https:\/\/www.cuballama.com\/noticias\/author\/roberto\/"}]}},"_links":{"self":[{"href":"https:\/\/www.cuballama.com\/noticias\/wp-json\/wp\/v2\/posts\/236741","targetHints":{"allow":["GET"]}}],"collection":[{"href":"https:\/\/www.cuballama.com\/noticias\/wp-json\/wp\/v2\/posts"}],"about":[{"href":"https:\/\/www.cuballama.com\/noticias\/wp-json\/wp\/v2\/types\/post"}],"author":[{"embeddable":true,"href":"https:\/\/www.cuballama.com\/noticias\/wp-json\/wp\/v2\/users\/13"}],"replies":[{"embeddable":true,"href":"https:\/\/www.cuballama.com\/noticias\/wp-json\/wp\/v2\/comments?post=236741"}],"version-history":[{"count":5,"href":"https:\/\/www.cuballama.com\/noticias\/wp-json\/wp\/v2\/posts\/236741\/revisions"}],"predecessor-version":[{"id":236779,"href":"https:\/\/www.cuballama.com\/noticias\/wp-json\/wp\/v2\/posts\/236741\/revisions\/236779"}],"wp:featuredmedia":[{"embeddable":true,"href":"https:\/\/www.cuballama.com\/noticias\/wp-json\/wp\/v2\/media\/236777"}],"wp:attachment":[{"href":"https:\/\/www.cuballama.com\/noticias\/wp-json\/wp\/v2\/media?parent=236741"}],"wp:term":[{"taxonomy":"category","embeddable":true,"href":"https:\/\/www.cuballama.com\/noticias\/wp-json\/wp\/v2\/categories?post=236741"},{"taxonomy":"post_tag","embeddable":true,"href":"https:\/\/www.cuballama.com\/noticias\/wp-json\/wp\/v2\/tags?post=236741"}],"curies":[{"name":"wp","href":"https:\/\/api.w.org\/{rel}","templated":true}]}}