{"id":236737,"date":"2026-03-03T07:38:54","date_gmt":"2026-03-03T12:38:54","guid":{"rendered":"https:\/\/www.cuballama.com\/noticias\/?p=236737"},"modified":"2026-03-03T07:38:55","modified_gmt":"2026-03-03T12:38:55","slug":"la-crisis-le-llega-a-los-cubanos-al-cu-ello-granma-juventud-y-trabajadores-tendran-tirada-semanal","status":"publish","type":"post","link":"https:\/\/www.cuballama.com\/noticias\/la-crisis-le-llega-a-los-cubanos-al-cu-ello-granma-juventud-y-trabajadores-tendran-tirada-semanal\/","title":{"rendered":"La crisis le llega a los cubanos al cu&#8230; ello. Granma, Juventud y Trabajadores tendr\u00e1n tirada semanal"},"content":{"rendered":"\n<h2 class=\"wp-block-heading\">Habr\u00e1 que entonces aguantar los deseos hasta el martes porque no habr\u00e1 papel <em>par\u00e1culo<\/em>. \u00a1Y pobre del que tenga diarreas! <\/h2>\n\n\n\n<p>La prensa impresa cubana entra desde este lunes 2 de marzo de 2026 en un esquema de emergencia que reduce al m\u00ednimo la circulaci\u00f3n f\u00edsica de sus principales cabeceras nacionales y elimina por completo la impresi\u00f3n en las provincias, una se\u00f1al m\u00e1s de la contracci\u00f3n material del Estado en medio de la crisis de combustible y de suministros. El ajuste fue anunciado en comunicados publicados por medios oficiales y plataformas institucionales: Granma y Juventud Rebelde pasar\u00e1n a circular en papel una sola vez por semana, los martes, en un formato de ocho p\u00e1ginas, mientras el semanario Trabajadores mantendr\u00e1 su frecuencia semanal con distribuci\u00f3n tambi\u00e9n los martes.<\/p>\n\n\n\n<p>El cambio no es un simple reordenamiento editorial. En un pa\u00eds donde el papel, la tinta, la log\u00edstica y el transporte dependen de una cadena de abastecimiento tensionada por la escasez energ\u00e9tica, la reducci\u00f3n de la tirada equivale a reconocer que ya no hay margen para sostener un servicio que durante d\u00e9cadas fue tratado como columna vertebral de la comunicaci\u00f3n institucional. En la nota oficial se atribuye la medida a \u201climitaciones materiales\u201d y a problemas de aseguramiento, y se presenta como parte del proceso de \u201ctransformaci\u00f3n digital\u201d que impulsa el gobierno, con \u00e9nfasis en la actualizaci\u00f3n permanente de los sitios web y perfiles en redes sociales.<\/p>\n\n\n\n<p>Lo m\u00e1s contundente, sin embargo, est\u00e1 fuera de La Habana. Los peri\u00f3dicos provinciales dejar\u00e1n de imprimirse, lo que implica que desaparece la edici\u00f3n f\u00edsica en territorios donde el acceso a internet sigue siendo irregular, caro o directamente impracticable durante apagones prolongados. El corte deja a miles de lectores sin el \u00fanico canal estable de \u201cinformaci\u00f3n formal\u201d que muchos todav\u00eda consumen por h\u00e1bito, por falta de conectividad o porque el papel, con todo y su monoton\u00eda, era al menos algo que llegaba. Ese vac\u00edo no se llena solo con la promesa de un enlace web: requiere electricidad, datos m\u00f3viles y tiempo de conexi\u00f3n en un contexto en que la vida cotidiana se organiza alrededor de cortes de luz y restricciones de transporte.<\/p>\n\n\n\n<p>El anuncio tambi\u00e9n fija un detalle revelador: la nueva salida semanal ser\u00e1 los martes, una especie de \u201cd\u00eda \u00fanico\u201d para la prensa nacional impresa. En la pr\u00e1ctica, eso convierte a Granma y Juventud Rebelde en publicaciones semanales en papel, aunque mantengan la producci\u00f3n digital diaria. Trabajadores, que ya era semanario, queda como est\u00e1, lo que subraya la l\u00f3gica del recorte: conservar lo que ya ten\u00eda baja frecuencia y recortar lo que pretend\u00eda ser cotidiano.<\/p>\n\n\n\n<p>La lectura pol\u00edtica del golpe es inevitable incluso dentro de la propia gram\u00e1tica oficial. Granma no es solo un peri\u00f3dico: es un \u00f3rgano hist\u00f3rico del Partido Comunista, el espacio donde se ordena el tono, se administran silencios y se construye la idea de \u201cnormalidad\u201d en medio de la excepci\u00f3n. Cuando ese papel se reduce a una sola salida semanal, el mensaje material pesa m\u00e1s que cualquier editorial: falta combustible, falta papel, falta capacidad de distribuci\u00f3n, y el Estado recorta donde antes jam\u00e1s recortaba. Medios y organizaciones fuera del aparato oficial han interpretado el ajuste como una consecuencia directa de la crisis energ\u00e9tica y log\u00edstica que atraviesa el pa\u00eds, m\u00e1s all\u00e1 del barniz de \u201cmodernizaci\u00f3n\u201d digital.<\/p>\n\n\n\n<p>La reducci\u00f3n del papel tiene adem\u00e1s un impacto silencioso que nadie va a mencionar en nota oficial. Durante a\u00f1os, el peri\u00f3dico impreso no solo sirvi\u00f3 para envolver croquetas, pescados, forrar estantes, libretas, recoger agua del piso, o tapar el espacio entre la puerta y el suelo, o entre las rendijas de las ventanas y persianas para que no entrase el fr\u00edo a la casa. Tambi\u00e9n cumpli\u00f3 una funci\u00f3n dom\u00e9stica no declarada, sobre todo cuando el papel sanitario no exist\u00eda \u00f3 desaparec\u00eda del mercado formal y reaparec\u00eda en las manos de quienes pod\u00edan pagarlo en d\u00f3lares. En muchos hogares, tanto el Granma, como el Juventud Rebelde, como el Trabajadores, terminaron siendo el sustituto pr\u00e1ctico de una necesidad b\u00e1sica, porque la Bohemia&#8230; ya hab\u00eda desaparecido.<\/p>\n\n\n\n<p>Ahora, con todos los peri\u00f3dicos saliendo una vez por semana y las ediciones provinciales fuera de circulaci\u00f3n, incluso esa \u201calternativa\u201d se encoge. La crisis no solo aprieta la electricidad, el combustible y la comida: tambi\u00e9n alcanza ese rinc\u00f3n \u00edntimo de la vida cotidiana donde el papel deja de ser ideol\u00f3gico y pasa a ser utilitario. La met\u00e1fora se escribe sola: cuando ni el peri\u00f3dico alcanza, es porque la crisis ya no est\u00e1 en el cuello. Est\u00e1 m\u00e1s abajo.<\/p>\n\n\n\n<p>Habr\u00e1 que entonces aguantar los deseos hasta el martes porque no habr\u00e1 papel <em>par\u00e1culo<\/em>. \u00a1Y pobre del que tenga diarreas!<\/p>\n","protected":false},"excerpt":{"rendered":"<p>Desde el 2 de marzo, Granma y Juventud Rebelde solo circular\u00e1n en papel los martes y los peri\u00f3dicos provinciales dejar\u00e1n de imprimirse, seg\u00fan comunicados oficiales que atribuyen la medida a limitaciones materiales y a la crisis de abastecimiento.<\/p>\n","protected":false},"author":13,"featured_media":236769,"comment_status":"open","ping_status":"closed","sticky":false,"template":"","format":"standard","meta":{"_acf_changed":false,"footnotes":""},"categories":[18,955],"tags":[3076,6231,11,1805,2145,30782,1414,1623],"class_list":{"0":"post-236737","1":"post","2":"type-post","3":"status-publish","4":"format-standard","5":"has-post-thumbnail","7":"category-noticias","8":"category-noticias-de-cuba","9":"tag-combustible","10":"tag-crisis-energetica","11":"tag-cuba","12":"tag-granma","13":"tag-juventud-rebelde","14":"tag-periodicos-provinciales","15":"tag-prensa-cubana","16":"tag-trabajadores"},"acf":[],"yoast_head":"<!-- This site is optimized with the Yoast SEO plugin v27.4 - https:\/\/yoast.com\/product\/yoast-seo-wordpress\/ -->\n<title>La crisis le llega a los cubanos al cu... ello. Granma, Juventud y Trabajadores tendr\u00e1n tirada semanal - Cuballama Noticias<\/title>\n<meta name=\"description\" content=\"Granma y Juventud Rebelde saldr\u00e1n en papel los martes y desaparece la prensa provincial: s\u00edntoma de la crisis en Cuba hoy.\" \/>\n<meta name=\"robots\" content=\"index, follow, max-snippet:-1, max-image-preview:large, max-video-preview:-1\" \/>\n<link rel=\"canonical\" href=\"https:\/\/www.cuballama.com\/noticias\/la-crisis-le-llega-a-los-cubanos-al-cu-ello-granma-juventud-y-trabajadores-tendran-tirada-semanal\/\" \/>\n<meta property=\"og:locale\" content=\"es_ES\" \/>\n<meta property=\"og:type\" content=\"article\" \/>\n<meta property=\"og:title\" content=\"La crisis le llega a los cubanos al cu... ello. Granma, Juventud y Trabajadores tendr\u00e1n tirada semanal - Cuballama Noticias\" \/>\n<meta property=\"og:description\" content=\"Granma y Juventud Rebelde saldr\u00e1n en papel los martes y desaparece la prensa provincial: s\u00edntoma de la crisis en Cuba hoy.\" \/>\n<meta property=\"og:url\" content=\"https:\/\/www.cuballama.com\/noticias\/la-crisis-le-llega-a-los-cubanos-al-cu-ello-granma-juventud-y-trabajadores-tendran-tirada-semanal\/\" \/>\n<meta property=\"og:site_name\" content=\"Cuballama Noticias\" \/>\n<meta property=\"article:publisher\" content=\"https:\/\/www.facebook.com\/CubaLlama\" \/>\n<meta property=\"article:published_time\" content=\"2026-03-03T12:38:54+00:00\" \/>\n<meta property=\"article:modified_time\" content=\"2026-03-03T12:38:55+00:00\" \/>\n<meta property=\"og:image\" content=\"https:\/\/cdn1.mediawpaccore.net\/wp-content\/uploads\/2026\/03\/02063628\/image-2.png\" \/>\n\t<meta property=\"og:image:width\" content=\"1397\" \/>\n\t<meta property=\"og:image:height\" content=\"712\" \/>\n\t<meta property=\"og:image:type\" content=\"image\/png\" \/>\n<meta name=\"author\" content=\"Roberto A.\" \/>\n<meta name=\"twitter:card\" content=\"summary_large_image\" \/>\n<meta name=\"twitter:creator\" content=\"@cuballama\" \/>\n<meta name=\"twitter:site\" content=\"@cuballama\" \/>\n<meta name=\"twitter:label1\" content=\"Escrito por\" \/>\n\t<meta name=\"twitter:data1\" content=\"Roberto A.\" \/>\n\t<meta name=\"twitter:label2\" content=\"Tiempo de lectura\" \/>\n\t<meta name=\"twitter:data2\" content=\"4 minutos\" \/>\n<script type=\"application\/ld+json\" class=\"yoast-schema-graph\">{\"@context\":\"https:\\\/\\\/schema.org\",\"@graph\":[{\"@type\":\"Article\",\"@id\":\"https:\\\/\\\/www.cuballama.com\\\/noticias\\\/la-crisis-le-llega-a-los-cubanos-al-cu-ello-granma-juventud-y-trabajadores-tendran-tirada-semanal\\\/#article\",\"isPartOf\":{\"@id\":\"https:\\\/\\\/www.cuballama.com\\\/noticias\\\/la-crisis-le-llega-a-los-cubanos-al-cu-ello-granma-juventud-y-trabajadores-tendran-tirada-semanal\\\/\"},\"author\":{\"name\":\"Roberto A.\",\"@id\":\"https:\\\/\\\/www.cuballama.com\\\/noticias\\\/#\\\/schema\\\/person\\\/a58502ed4146c8e9f83872e897c76cd2\"},\"headline\":\"La crisis le llega a los cubanos al cu&#8230; ello. Granma, Juventud y Trabajadores tendr\u00e1n tirada semanal\",\"datePublished\":\"2026-03-03T12:38:54+00:00\",\"dateModified\":\"2026-03-03T12:38:55+00:00\",\"mainEntityOfPage\":{\"@id\":\"https:\\\/\\\/www.cuballama.com\\\/noticias\\\/la-crisis-le-llega-a-los-cubanos-al-cu-ello-granma-juventud-y-trabajadores-tendran-tirada-semanal\\\/\"},\"wordCount\":855,\"commentCount\":0,\"publisher\":{\"@id\":\"https:\\\/\\\/www.cuballama.com\\\/noticias\\\/#organization\"},\"image\":{\"@id\":\"https:\\\/\\\/www.cuballama.com\\\/noticias\\\/la-crisis-le-llega-a-los-cubanos-al-cu-ello-granma-juventud-y-trabajadores-tendran-tirada-semanal\\\/#primaryimage\"},\"thumbnailUrl\":\"https:\\\/\\\/cdn1.mediawpaccore.net\\\/wp-content\\\/uploads\\\/2026\\\/03\\\/02063628\\\/image-2.png\",\"keywords\":[\"Combustible\",\"Crisis energ\u00e9tica\",\"Cuba\",\"Granma\",\"JUventud Rebelde\",\"peri\u00f3dicos provinciales\",\"prensa cubana\",\"Trabajadores\"],\"articleSection\":[\"Noticias\",\"Noticias de Cuba\"],\"inLanguage\":\"es\",\"potentialAction\":[{\"@type\":\"CommentAction\",\"name\":\"Comment\",\"target\":[\"https:\\\/\\\/www.cuballama.com\\\/noticias\\\/la-crisis-le-llega-a-los-cubanos-al-cu-ello-granma-juventud-y-trabajadores-tendran-tirada-semanal\\\/#respond\"]}]},{\"@type\":\"WebPage\",\"@id\":\"https:\\\/\\\/www.cuballama.com\\\/noticias\\\/la-crisis-le-llega-a-los-cubanos-al-cu-ello-granma-juventud-y-trabajadores-tendran-tirada-semanal\\\/\",\"url\":\"https:\\\/\\\/www.cuballama.com\\\/noticias\\\/la-crisis-le-llega-a-los-cubanos-al-cu-ello-granma-juventud-y-trabajadores-tendran-tirada-semanal\\\/\",\"name\":\"La crisis le llega a los cubanos al cu... ello. Granma, Juventud y Trabajadores tendr\u00e1n tirada semanal - Cuballama Noticias\",\"isPartOf\":{\"@id\":\"https:\\\/\\\/www.cuballama.com\\\/noticias\\\/#website\"},\"primaryImageOfPage\":{\"@id\":\"https:\\\/\\\/www.cuballama.com\\\/noticias\\\/la-crisis-le-llega-a-los-cubanos-al-cu-ello-granma-juventud-y-trabajadores-tendran-tirada-semanal\\\/#primaryimage\"},\"image\":{\"@id\":\"https:\\\/\\\/www.cuballama.com\\\/noticias\\\/la-crisis-le-llega-a-los-cubanos-al-cu-ello-granma-juventud-y-trabajadores-tendran-tirada-semanal\\\/#primaryimage\"},\"thumbnailUrl\":\"https:\\\/\\\/cdn1.mediawpaccore.net\\\/wp-content\\\/uploads\\\/2026\\\/03\\\/02063628\\\/image-2.png\",\"datePublished\":\"2026-03-03T12:38:54+00:00\",\"dateModified\":\"2026-03-03T12:38:55+00:00\",\"description\":\"Granma y Juventud Rebelde saldr\u00e1n en papel los martes y desaparece la prensa provincial: s\u00edntoma de la crisis en Cuba hoy.\",\"breadcrumb\":{\"@id\":\"https:\\\/\\\/www.cuballama.com\\\/noticias\\\/la-crisis-le-llega-a-los-cubanos-al-cu-ello-granma-juventud-y-trabajadores-tendran-tirada-semanal\\\/#breadcrumb\"},\"inLanguage\":\"es\",\"potentialAction\":[{\"@type\":\"ReadAction\",\"target\":[\"https:\\\/\\\/www.cuballama.com\\\/noticias\\\/la-crisis-le-llega-a-los-cubanos-al-cu-ello-granma-juventud-y-trabajadores-tendran-tirada-semanal\\\/\"]}]},{\"@type\":\"ImageObject\",\"inLanguage\":\"es\",\"@id\":\"https:\\\/\\\/www.cuballama.com\\\/noticias\\\/la-crisis-le-llega-a-los-cubanos-al-cu-ello-granma-juventud-y-trabajadores-tendran-tirada-semanal\\\/#primaryimage\",\"url\":\"https:\\\/\\\/cdn1.mediawpaccore.net\\\/wp-content\\\/uploads\\\/2026\\\/03\\\/02063628\\\/image-2.png\",\"contentUrl\":\"https:\\\/\\\/cdn1.mediawpaccore.net\\\/wp-content\\\/uploads\\\/2026\\\/03\\\/02063628\\\/image-2.png\",\"width\":1397,\"height\":712,\"caption\":\"Foto: V\u00eda Redes Sociales\"},{\"@type\":\"BreadcrumbList\",\"@id\":\"https:\\\/\\\/www.cuballama.com\\\/noticias\\\/la-crisis-le-llega-a-los-cubanos-al-cu-ello-granma-juventud-y-trabajadores-tendran-tirada-semanal\\\/#breadcrumb\",\"itemListElement\":[{\"@type\":\"ListItem\",\"position\":1,\"name\":\"Home\",\"item\":\"https:\\\/\\\/www.cuballama.com\\\/noticias\\\/\"},{\"@type\":\"ListItem\",\"position\":2,\"name\":\"La crisis le llega a los cubanos al cu&#8230; ello. Granma, Juventud y Trabajadores tendr\u00e1n tirada semanal\"}]},{\"@type\":\"WebSite\",\"@id\":\"https:\\\/\\\/www.cuballama.com\\\/noticias\\\/#website\",\"url\":\"https:\\\/\\\/www.cuballama.com\\\/noticias\\\/\",\"name\":\"Cuballama Noticias\",\"description\":\"Medio digital sobre Cuba y el mundo\",\"publisher\":{\"@id\":\"https:\\\/\\\/www.cuballama.com\\\/noticias\\\/#organization\"},\"potentialAction\":[{\"@type\":\"SearchAction\",\"target\":{\"@type\":\"EntryPoint\",\"urlTemplate\":\"https:\\\/\\\/www.cuballama.com\\\/noticias\\\/?s={search_term_string}\"},\"query-input\":{\"@type\":\"PropertyValueSpecification\",\"valueRequired\":true,\"valueName\":\"search_term_string\"}}],\"inLanguage\":\"es\"},{\"@type\":\"Organization\",\"@id\":\"https:\\\/\\\/www.cuballama.com\\\/noticias\\\/#organization\",\"name\":\"Cuballama\",\"url\":\"https:\\\/\\\/www.cuballama.com\\\/noticias\\\/\",\"logo\":{\"@type\":\"ImageObject\",\"inLanguage\":\"es\",\"@id\":\"https:\\\/\\\/www.cuballama.com\\\/noticias\\\/#\\\/schema\\\/logo\\\/image\\\/\",\"url\":\"https:\\\/\\\/cdn1.mediawpaccore.net\\\/wp-content\\\/uploads\\\/2021\\\/12\\\/28171206\\\/cbll-logo-color-sm.png\",\"contentUrl\":\"https:\\\/\\\/cdn1.mediawpaccore.net\\\/wp-content\\\/uploads\\\/2021\\\/12\\\/28171206\\\/cbll-logo-color-sm.png\",\"width\":600,\"height\":133,\"caption\":\"Cuballama\"},\"image\":{\"@id\":\"https:\\\/\\\/www.cuballama.com\\\/noticias\\\/#\\\/schema\\\/logo\\\/image\\\/\"},\"sameAs\":[\"https:\\\/\\\/www.facebook.com\\\/CubaLlama\",\"https:\\\/\\\/x.com\\\/cuballama\",\"https:\\\/\\\/www.instagram.com\\\/stories\\\/cuballama_oficial\\\/\",\"https:\\\/\\\/www.youtube.com\\\/channel\\\/UCKkFE-d_axENGZcrc4as0IA\"]},{\"@type\":\"Person\",\"@id\":\"https:\\\/\\\/www.cuballama.com\\\/noticias\\\/#\\\/schema\\\/person\\\/a58502ed4146c8e9f83872e897c76cd2\",\"name\":\"Roberto A.\",\"description\":\"Roberto A. Periodista por decisi\u00f3n propia. Interesado en cualquier tema que me apasione y cada vez m\u00e1s comprometido con la verdad y la objetividad period\u00edstica. Graduado en La Habana hace ya muchos a\u00f1os, luego de una accidentada y polvorienta b\u00fasqueda de informaci\u00f3n sobre un tema in\u00e9dito. La Tesis, por cierto, desapareci\u00f3 de la biblioteca y no se conservan copias de la misma.\",\"url\":\"https:\\\/\\\/www.cuballama.com\\\/noticias\\\/author\\\/roberto\\\/\"}]}<\/script>\n<!-- \/ Yoast SEO plugin. -->","yoast_head_json":{"title":"La crisis le llega a los cubanos al cu... ello. Granma, Juventud y Trabajadores tendr\u00e1n tirada semanal - Cuballama Noticias","description":"Granma y Juventud Rebelde saldr\u00e1n en papel los martes y desaparece la prensa provincial: s\u00edntoma de la crisis en Cuba hoy.","robots":{"index":"index","follow":"follow","max-snippet":"max-snippet:-1","max-image-preview":"max-image-preview:large","max-video-preview":"max-video-preview:-1"},"canonical":"https:\/\/www.cuballama.com\/noticias\/la-crisis-le-llega-a-los-cubanos-al-cu-ello-granma-juventud-y-trabajadores-tendran-tirada-semanal\/","og_locale":"es_ES","og_type":"article","og_title":"La crisis le llega a los cubanos al cu... ello. Granma, Juventud y Trabajadores tendr\u00e1n tirada semanal - Cuballama Noticias","og_description":"Granma y Juventud Rebelde saldr\u00e1n en papel los martes y desaparece la prensa provincial: s\u00edntoma de la crisis en Cuba hoy.","og_url":"https:\/\/www.cuballama.com\/noticias\/la-crisis-le-llega-a-los-cubanos-al-cu-ello-granma-juventud-y-trabajadores-tendran-tirada-semanal\/","og_site_name":"Cuballama Noticias","article_publisher":"https:\/\/www.facebook.com\/CubaLlama","article_published_time":"2026-03-03T12:38:54+00:00","article_modified_time":"2026-03-03T12:38:55+00:00","og_image":[{"width":1397,"height":712,"url":"https:\/\/cdn1.mediawpaccore.net\/wp-content\/uploads\/2026\/03\/02063628\/image-2.png","type":"image\/png"}],"author":"Roberto A.","twitter_card":"summary_large_image","twitter_creator":"@cuballama","twitter_site":"@cuballama","twitter_misc":{"Escrito por":"Roberto A.","Tiempo de lectura":"4 minutos"},"schema":{"@context":"https:\/\/schema.org","@graph":[{"@type":"Article","@id":"https:\/\/www.cuballama.com\/noticias\/la-crisis-le-llega-a-los-cubanos-al-cu-ello-granma-juventud-y-trabajadores-tendran-tirada-semanal\/#article","isPartOf":{"@id":"https:\/\/www.cuballama.com\/noticias\/la-crisis-le-llega-a-los-cubanos-al-cu-ello-granma-juventud-y-trabajadores-tendran-tirada-semanal\/"},"author":{"name":"Roberto A.","@id":"https:\/\/www.cuballama.com\/noticias\/#\/schema\/person\/a58502ed4146c8e9f83872e897c76cd2"},"headline":"La crisis le llega a los cubanos al cu&#8230; ello. Granma, Juventud y Trabajadores tendr\u00e1n tirada semanal","datePublished":"2026-03-03T12:38:54+00:00","dateModified":"2026-03-03T12:38:55+00:00","mainEntityOfPage":{"@id":"https:\/\/www.cuballama.com\/noticias\/la-crisis-le-llega-a-los-cubanos-al-cu-ello-granma-juventud-y-trabajadores-tendran-tirada-semanal\/"},"wordCount":855,"commentCount":0,"publisher":{"@id":"https:\/\/www.cuballama.com\/noticias\/#organization"},"image":{"@id":"https:\/\/www.cuballama.com\/noticias\/la-crisis-le-llega-a-los-cubanos-al-cu-ello-granma-juventud-y-trabajadores-tendran-tirada-semanal\/#primaryimage"},"thumbnailUrl":"https:\/\/cdn1.mediawpaccore.net\/wp-content\/uploads\/2026\/03\/02063628\/image-2.png","keywords":["Combustible","Crisis energ\u00e9tica","Cuba","Granma","JUventud Rebelde","peri\u00f3dicos provinciales","prensa cubana","Trabajadores"],"articleSection":["Noticias","Noticias de Cuba"],"inLanguage":"es","potentialAction":[{"@type":"CommentAction","name":"Comment","target":["https:\/\/www.cuballama.com\/noticias\/la-crisis-le-llega-a-los-cubanos-al-cu-ello-granma-juventud-y-trabajadores-tendran-tirada-semanal\/#respond"]}]},{"@type":"WebPage","@id":"https:\/\/www.cuballama.com\/noticias\/la-crisis-le-llega-a-los-cubanos-al-cu-ello-granma-juventud-y-trabajadores-tendran-tirada-semanal\/","url":"https:\/\/www.cuballama.com\/noticias\/la-crisis-le-llega-a-los-cubanos-al-cu-ello-granma-juventud-y-trabajadores-tendran-tirada-semanal\/","name":"La crisis le llega a los cubanos al cu... ello. Granma, Juventud y Trabajadores tendr\u00e1n tirada semanal - Cuballama Noticias","isPartOf":{"@id":"https:\/\/www.cuballama.com\/noticias\/#website"},"primaryImageOfPage":{"@id":"https:\/\/www.cuballama.com\/noticias\/la-crisis-le-llega-a-los-cubanos-al-cu-ello-granma-juventud-y-trabajadores-tendran-tirada-semanal\/#primaryimage"},"image":{"@id":"https:\/\/www.cuballama.com\/noticias\/la-crisis-le-llega-a-los-cubanos-al-cu-ello-granma-juventud-y-trabajadores-tendran-tirada-semanal\/#primaryimage"},"thumbnailUrl":"https:\/\/cdn1.mediawpaccore.net\/wp-content\/uploads\/2026\/03\/02063628\/image-2.png","datePublished":"2026-03-03T12:38:54+00:00","dateModified":"2026-03-03T12:38:55+00:00","description":"Granma y Juventud Rebelde saldr\u00e1n en papel los martes y desaparece la prensa provincial: s\u00edntoma de la crisis en Cuba hoy.","breadcrumb":{"@id":"https:\/\/www.cuballama.com\/noticias\/la-crisis-le-llega-a-los-cubanos-al-cu-ello-granma-juventud-y-trabajadores-tendran-tirada-semanal\/#breadcrumb"},"inLanguage":"es","potentialAction":[{"@type":"ReadAction","target":["https:\/\/www.cuballama.com\/noticias\/la-crisis-le-llega-a-los-cubanos-al-cu-ello-granma-juventud-y-trabajadores-tendran-tirada-semanal\/"]}]},{"@type":"ImageObject","inLanguage":"es","@id":"https:\/\/www.cuballama.com\/noticias\/la-crisis-le-llega-a-los-cubanos-al-cu-ello-granma-juventud-y-trabajadores-tendran-tirada-semanal\/#primaryimage","url":"https:\/\/cdn1.mediawpaccore.net\/wp-content\/uploads\/2026\/03\/02063628\/image-2.png","contentUrl":"https:\/\/cdn1.mediawpaccore.net\/wp-content\/uploads\/2026\/03\/02063628\/image-2.png","width":1397,"height":712,"caption":"Foto: V\u00eda Redes Sociales"},{"@type":"BreadcrumbList","@id":"https:\/\/www.cuballama.com\/noticias\/la-crisis-le-llega-a-los-cubanos-al-cu-ello-granma-juventud-y-trabajadores-tendran-tirada-semanal\/#breadcrumb","itemListElement":[{"@type":"ListItem","position":1,"name":"Home","item":"https:\/\/www.cuballama.com\/noticias\/"},{"@type":"ListItem","position":2,"name":"La crisis le llega a los cubanos al cu&#8230; ello. Granma, Juventud y Trabajadores tendr\u00e1n tirada semanal"}]},{"@type":"WebSite","@id":"https:\/\/www.cuballama.com\/noticias\/#website","url":"https:\/\/www.cuballama.com\/noticias\/","name":"Cuballama Noticias","description":"Medio digital sobre Cuba y el mundo","publisher":{"@id":"https:\/\/www.cuballama.com\/noticias\/#organization"},"potentialAction":[{"@type":"SearchAction","target":{"@type":"EntryPoint","urlTemplate":"https:\/\/www.cuballama.com\/noticias\/?s={search_term_string}"},"query-input":{"@type":"PropertyValueSpecification","valueRequired":true,"valueName":"search_term_string"}}],"inLanguage":"es"},{"@type":"Organization","@id":"https:\/\/www.cuballama.com\/noticias\/#organization","name":"Cuballama","url":"https:\/\/www.cuballama.com\/noticias\/","logo":{"@type":"ImageObject","inLanguage":"es","@id":"https:\/\/www.cuballama.com\/noticias\/#\/schema\/logo\/image\/","url":"https:\/\/cdn1.mediawpaccore.net\/wp-content\/uploads\/2021\/12\/28171206\/cbll-logo-color-sm.png","contentUrl":"https:\/\/cdn1.mediawpaccore.net\/wp-content\/uploads\/2021\/12\/28171206\/cbll-logo-color-sm.png","width":600,"height":133,"caption":"Cuballama"},"image":{"@id":"https:\/\/www.cuballama.com\/noticias\/#\/schema\/logo\/image\/"},"sameAs":["https:\/\/www.facebook.com\/CubaLlama","https:\/\/x.com\/cuballama","https:\/\/www.instagram.com\/stories\/cuballama_oficial\/","https:\/\/www.youtube.com\/channel\/UCKkFE-d_axENGZcrc4as0IA"]},{"@type":"Person","@id":"https:\/\/www.cuballama.com\/noticias\/#\/schema\/person\/a58502ed4146c8e9f83872e897c76cd2","name":"Roberto A.","description":"Roberto A. Periodista por decisi\u00f3n propia. Interesado en cualquier tema que me apasione y cada vez m\u00e1s comprometido con la verdad y la objetividad period\u00edstica. Graduado en La Habana hace ya muchos a\u00f1os, luego de una accidentada y polvorienta b\u00fasqueda de informaci\u00f3n sobre un tema in\u00e9dito. La Tesis, por cierto, desapareci\u00f3 de la biblioteca y no se conservan copias de la misma.","url":"https:\/\/www.cuballama.com\/noticias\/author\/roberto\/"}]}},"_links":{"self":[{"href":"https:\/\/www.cuballama.com\/noticias\/wp-json\/wp\/v2\/posts\/236737","targetHints":{"allow":["GET"]}}],"collection":[{"href":"https:\/\/www.cuballama.com\/noticias\/wp-json\/wp\/v2\/posts"}],"about":[{"href":"https:\/\/www.cuballama.com\/noticias\/wp-json\/wp\/v2\/types\/post"}],"author":[{"embeddable":true,"href":"https:\/\/www.cuballama.com\/noticias\/wp-json\/wp\/v2\/users\/13"}],"replies":[{"embeddable":true,"href":"https:\/\/www.cuballama.com\/noticias\/wp-json\/wp\/v2\/comments?post=236737"}],"version-history":[{"count":5,"href":"https:\/\/www.cuballama.com\/noticias\/wp-json\/wp\/v2\/posts\/236737\/revisions"}],"predecessor-version":[{"id":236771,"href":"https:\/\/www.cuballama.com\/noticias\/wp-json\/wp\/v2\/posts\/236737\/revisions\/236771"}],"wp:featuredmedia":[{"embeddable":true,"href":"https:\/\/www.cuballama.com\/noticias\/wp-json\/wp\/v2\/media\/236769"}],"wp:attachment":[{"href":"https:\/\/www.cuballama.com\/noticias\/wp-json\/wp\/v2\/media?parent=236737"}],"wp:term":[{"taxonomy":"category","embeddable":true,"href":"https:\/\/www.cuballama.com\/noticias\/wp-json\/wp\/v2\/categories?post=236737"},{"taxonomy":"post_tag","embeddable":true,"href":"https:\/\/www.cuballama.com\/noticias\/wp-json\/wp\/v2\/tags?post=236737"}],"curies":[{"name":"wp","href":"https:\/\/api.w.org\/{rel}","templated":true}]}}