{"id":236729,"date":"2026-03-01T15:29:39","date_gmt":"2026-03-01T20:29:39","guid":{"rendered":"https:\/\/www.cuballama.com\/noticias\/?p=236729"},"modified":"2026-03-01T15:30:42","modified_gmt":"2026-03-01T20:30:42","slug":"diaz-canel-envia-condolencias-a-iran-por-la-muerte-del-ayatola-ali-jamenei","status":"publish","type":"post","link":"https:\/\/www.cuballama.com\/noticias\/diaz-canel-envia-condolencias-a-iran-por-la-muerte-del-ayatola-ali-jamenei\/","title":{"rendered":"D\u00edaz-Canel env\u00eda condolencias a Ir\u00e1n por la muerte del ayatol\u00e1 Al\u00ed Jamenei"},"content":{"rendered":"\n<p>El mandatario cubano Miguel D\u00edaz-Canel envi\u00f3 este domingo un mensaje oficial de condolencias al r\u00e9gimen de Ir\u00e1n tras la muerte de su l\u00edder supremo, el ayatol\u00e1 Al\u00ed Jamenei, ocurrida durante bombardeos de Estados Unidos e Israel.<\/p>\n\n\n\n<p>En su declaraci\u00f3n, D\u00edaz calific\u00f3 el hecho como una grave transgresi\u00f3n del Derecho Internacional y expres\u00f3 su solidaridad con el presidente iran\u00ed, Masoud Pezeshkian, as\u00ed como con los familiares del l\u00edder religioso y pol\u00edtico fallecido.<\/p>\n\n\n\n<p>\u201cEl execrable acto constituye una violaci\u00f3n inescrupulosa de todas las normas del Derecho Internacional y la dignidad humana. En Cuba ser\u00e1 recordado como un destacado estadista y l\u00edder de su pueblo, que contribuy\u00f3 al desarrollo de relaciones de amistad entre Cuba e Ir\u00e1n\u201d, escribi\u00f3 en X.<\/p>\n\n\n\n<p><strong>Lea m\u00e1s: <a href=\"https:\/\/www.cuballama.com\/noticias\/sin-mencionar-a-trump-canel-y-bruno-condenan-a-ee-uu-e-israel-por-ataque-a-iran\/\" target=\"_blank\" rel=\"noreferrer noopener\">Sin mencionar a Trump, D\u00edaz-Canel condena los ataques a Ir\u00e1n<\/a><\/strong><\/p>\n\n\n\n<p>La confirmaci\u00f3n oficial del fallecimiento se produjo horas despu\u00e9s de que el presidente estadounidense, Donald Trump, hiciera referencia p\u00fablica al ataque. La televisi\u00f3n estatal iran\u00ed inform\u00f3 sobre la muerte del ayatol\u00e1, quien ejerci\u00f3 como l\u00edder supremo desde 1989, tras suceder al fundador de la Rep\u00fablica Isl\u00e1mica, Ruhollah Jomeini.<\/p>\n\n\n\n<figure class=\"wp-block-embed is-type-rich is-provider-twitter wp-block-embed-twitter\"><div class=\"wp-block-embed__wrapper\">\n<blockquote class=\"twitter-tweet\" data-width=\"550\" data-dnt=\"true\"><p lang=\"es\" dir=\"ltr\">Enviamos sentidas condolencias al pueblo, gobierno y al presidente Dr. Massoud Pezeshkian por el asesinato del L\u00edder Supremo de la Rep\u00fablica Isl\u00e1mica de Ir\u00e1n, Gran Ayatol\u00e1 Seyed Al\u00ed Jamene\u00ed, extensivas a sus familiares.<br><br>1\/2 <a href=\"https:\/\/t.co\/ye0YdseoXW\">pic.twitter.com\/ye0YdseoXW<\/a><\/p>&mdash; Miguel D\u00edaz-Canel Berm\u00fadez (@DiazCanelB) <a href=\"https:\/\/twitter.com\/DiazCanelB\/status\/2028156792375501213?ref_src=twsrc%5Etfw\">March 1, 2026<\/a><\/blockquote><script async src=\"https:\/\/platform.twitter.com\/widgets.js\" charset=\"utf-8\"><\/script>\n<\/div><\/figure>\n\n\n\n<p>Durante casi 37 a\u00f1os, Jamene\u00ed ocup\u00f3 la m\u00e1xima autoridad pol\u00edtica y religiosa del pa\u00eds, concentrando amplias facultades como comandante en jefe de las Fuerzas Armadas y figura con influencia determinante sobre los principales \u00f3rganos del Estado, incluido el Poder Judicial y el Parlamento. Su liderazgo estuvo marcado por una postura firme frente a Estados Unidos, naci\u00f3n a la que consideraba uno de los principales adversarios de Ir\u00e1n.<\/p>\n\n\n\n<figure class=\"wp-block-embed is-type-video is-provider-tiktok wp-block-embed-tiktok\"><div class=\"wp-block-embed__wrapper\">\n<blockquote class=\"tiktok-embed\" cite=\"https:\/\/www.tiktok.com\/@cnnee\/video\/7612338942335290645\" data-video-id=\"7612338942335290645\" data-embed-from=\"oembed\" style=\"max-width:605px; min-width:325px;\"> <section> <a target=\"_blank\" title=\"@cnnee\" href=\"https:\/\/www.tiktok.com\/@cnnee?refer=embed\">@cnnee<\/a> <p>Jomana Karadsheh, de CNN, informa desde el norte de Londres, donde los iran\u00edes celebran la muerte del l\u00edder supremo, Al\u00ed Jamenei. <a title=\"cnnenespa\u00f1ol\" target=\"_blank\" href=\"https:\/\/www.tiktok.com\/tag\/cnnenespa%C3%B1ol?refer=embed\">#cnnenespa\u00f1ol<\/a> <a title=\"estadosunidos\" target=\"_blank\" href=\"https:\/\/www.tiktok.com\/tag\/estadosunidos?refer=embed\">#EstadosUnidos<\/a> <a title=\"ir\u00e1n\" target=\"_blank\" href=\"https:\/\/www.tiktok.com\/tag\/ir%C3%A1n?refer=embed\">#Ir\u00e1n<\/a> <a title=\"israel\" target=\"_blank\" href=\"https:\/\/www.tiktok.com\/tag\/israel?refer=embed\">#Israel<\/a><\/p> <a target=\"_blank\" title=\"\u266c original sound - CNN en Espa\u00f1ol - CNN en Espa\u00f1ol\" href=\"https:\/\/www.tiktok.com\/music\/original-sound-CNN-en-Espa\u00f1ol-7612339009213303553?refer=embed\">\u266c original sound &#8211; CNN en Espa\u00f1ol &#8211; CNN en Espa\u00f1ol<\/a> <\/section> <\/blockquote> <script async src=\"https:\/\/www.tiktok.com\/embed.js\"><\/script>\n<\/div><\/figure>\n\n\n\n<p>La Guardia Revolucionaria iran\u00ed calific\u00f3 su muerte como un \u201cmartirio\u201d y responsabiliz\u00f3 a Washington y a sus aliados del ataque. El suceso ha generado fuertes reacciones dentro del pa\u00eds persa y ha abierto interrogantes sobre la estabilidad pol\u00edtica en el corto plazo.<\/p>\n\n\n\n<p>Por su parte, Trump declar\u00f3 que la operaci\u00f3n militar tuvo como objetivo impedir que Ir\u00e1n desarrollara armas nucleares, frenar su programa de misiles y neutralizar lo que describi\u00f3 como amenazas contra Estados Unidos y sus aliados. En declaraciones posteriores, afirm\u00f3 que autoridades iran\u00edes habr\u00edan manifestado disposici\u00f3n a dialogar, aunque no precis\u00f3 cu\u00e1l ser\u00eda la estrategia frente al nuevo escenario pol\u00edtico.<\/p>\n\n\n\n<figure class=\"wp-block-embed is-type-rich is-provider-twitter wp-block-embed-twitter\"><div class=\"wp-block-embed__wrapper\">\n<blockquote class=\"twitter-tweet\" data-width=\"550\" data-dnt=\"true\"><p lang=\"es\" dir=\"ltr\">Los ataques perpetrados este 28 de febrero por Israel y Estados Unidos, quebrantando la soberan\u00eda e integridad territorial de <a href=\"https:\/\/twitter.com\/hashtag\/Ir%C3%A1n?src=hash&amp;ref_src=twsrc%5Etfw\">#Ir\u00e1n<\/a>, constituyen una flagrante violaci\u00f3n del Derecho Internacional y de la Carta de la ONU. <br><br>1\/3<\/p>&mdash; Miguel D\u00edaz-Canel Berm\u00fadez (@DiazCanelB) <a href=\"https:\/\/twitter.com\/DiazCanelB\/status\/2027736969925493177?ref_src=twsrc%5Etfw\">February 28, 2026<\/a><\/blockquote><script async src=\"https:\/\/platform.twitter.com\/widgets.js\" charset=\"utf-8\"><\/script>\n<\/div><\/figure>\n\n\n\n<p>La muerte del l\u00edder supremo deja a Ir\u00e1n ante un complejo panorama interno. El sistema pol\u00edtico iran\u00ed establece que, ante el fallecimiento del gu\u00eda supremo, corresponde a la Asamblea de Expertos designar a su sucesor. Sin embargo, en un contexto de tensiones militares y presiones internacionales, la transici\u00f3n podr\u00eda verse rodeada de incertidumbre.<\/p>\n\n\n\n<p>Analistas internacionales advierten que el vac\u00edo de poder podr\u00eda generar pugnas internas entre sectores conservadores y reformistas, as\u00ed como una posible escalada en la confrontaci\u00f3n regional. Oriente Medio atraviesa ya un per\u00edodo de alta volatilidad, y cualquier desestabilizaci\u00f3n adicional en Ir\u00e1n tendr\u00eda repercusiones en el equilibrio geopol\u00edtico de la zona.<\/p>\n\n\n\n<figure class=\"wp-block-embed is-type-video is-provider-tiktok wp-block-embed-tiktok\"><div class=\"wp-block-embed__wrapper\">\n<blockquote class=\"tiktok-embed\" cite=\"https:\/\/www.tiktok.com\/@cnnee\/video\/7612220373081279755\" data-video-id=\"7612220373081279755\" data-embed-from=\"oembed\" style=\"max-width:605px; min-width:325px;\"> <section> <a target=\"_blank\" title=\"@cnnee\" href=\"https:\/\/www.tiktok.com\/@cnnee?refer=embed\">@cnnee<\/a> <p>Al\u00ed Jamenei fue el l\u00edder supremo de <a title=\"ir\u00e1n\" target=\"_blank\" href=\"https:\/\/www.tiktok.com\/tag\/ir%C3%A1n?refer=embed\">#Ir\u00e1n<\/a> desde 1989 tras la muerte del ayatola Jomeini, considerado el padre de la revoluci\u00f3n isl\u00e1mica. Afirmaba que no quer\u00eda una guerra con EE.UU., pero que responder\u00eda si hubiese un ataque.  Recientemente, <a title=\"jamenei\" target=\"_blank\" href=\"https:\/\/www.tiktok.com\/tag\/jamenei?refer=embed\">#Jamenei<\/a> muri\u00f3 en una operaci\u00f3n militar conjunta entre <a title=\"estadosunidos\" target=\"_blank\" href=\"https:\/\/www.tiktok.com\/tag\/estadosunidos?refer=embed\">#EstadosUnidos<\/a> e Israel.  Esta fue la historia del ayatola, sus pol\u00e9micas y c\u00f3mo lleg\u00f3 al poder. <a title=\"cnnenespa\u00f1ol\" target=\"_blank\" href=\"https:\/\/www.tiktok.com\/tag\/cnnenespa%C3%B1ol?refer=embed\">#cnnenespa\u00f1ol<\/a> <\/p> <a target=\"_blank\" title=\"\u266c sonido original - CNN en Espa\u00f1ol\" href=\"https:\/\/www.tiktok.com\/music\/sonido-original-7612236038718638860?refer=embed\">\u266c sonido original &#8211; CNN en Espa\u00f1ol<\/a> <\/section> <\/blockquote> <script async src=\"https:\/\/www.tiktok.com\/embed.js\"><\/script>\n<\/div><\/figure>\n\n\n\n<p>Mientras la comunidad internacional sigue de cerca los acontecimientos, el futuro pol\u00edtico de la Rep\u00fablica Isl\u00e1mica permanece abierto, con interrogantes sobre la sucesi\u00f3n, la respuesta militar y las posibles negociaciones que podr\u00edan redefinir el rumbo del pa\u00eds y su relaci\u00f3n con Occidente.<\/p>\n","protected":false},"excerpt":{"rendered":"<p>\u201cEn Cuba ser\u00e1 recordado como un destacado estadista y l\u00edder de su pueblo\u201d<\/p>\n","protected":false},"author":27,"featured_media":236730,"comment_status":"open","ping_status":"closed","sticky":false,"template":"","format":"standard","meta":{"_acf_changed":false,"footnotes":""},"categories":[955],"tags":[30773,30641,700,4792],"class_list":{"0":"post-236729","1":"post","2":"type-post","3":"status-publish","4":"format-standard","5":"has-post-thumbnail","7":"category-noticias-de-cuba","8":"tag-ali-jamenei","9":"tag-ali-khamenei","10":"tag-donald-trump","11":"tag-iran"},"acf":[],"yoast_head":"<!-- This site is optimized with the Yoast SEO plugin v27.5 - https:\/\/yoast.com\/product\/yoast-seo-wordpress\/ -->\n<title>D\u00edaz-Canel env\u00eda condolencias a Ir\u00e1n por la muerte del ayatol\u00e1 Al\u00ed Jamenei - Cuballama Noticias<\/title>\n<meta name=\"description\" content=\"Miguel D\u00edaz-Canel envi\u00f3 este domingo un mensaje oficial de condolencias al r\u00e9gimen de Ir\u00e1n tras la muerte de su l\u00edder supremo\" \/>\n<meta name=\"robots\" content=\"index, follow, max-snippet:-1, max-image-preview:large, max-video-preview:-1\" \/>\n<link rel=\"canonical\" href=\"https:\/\/www.cuballama.com\/noticias\/diaz-canel-envia-condolencias-a-iran-por-la-muerte-del-ayatola-ali-jamenei\/\" \/>\n<meta property=\"og:locale\" content=\"es_ES\" \/>\n<meta property=\"og:type\" content=\"article\" \/>\n<meta property=\"og:title\" content=\"D\u00edaz-Canel env\u00eda condolencias a Ir\u00e1n por la muerte del ayatol\u00e1 Al\u00ed Jamenei - Cuballama Noticias\" \/>\n<meta property=\"og:description\" content=\"Miguel D\u00edaz-Canel envi\u00f3 este domingo un mensaje oficial de condolencias al r\u00e9gimen de Ir\u00e1n tras la muerte de su l\u00edder supremo\" \/>\n<meta property=\"og:url\" content=\"https:\/\/www.cuballama.com\/noticias\/diaz-canel-envia-condolencias-a-iran-por-la-muerte-del-ayatola-ali-jamenei\/\" \/>\n<meta property=\"og:site_name\" content=\"Cuballama Noticias\" \/>\n<meta property=\"article:publisher\" content=\"https:\/\/www.facebook.com\/CubaLlama\" \/>\n<meta property=\"article:published_time\" content=\"2026-03-01T20:29:39+00:00\" \/>\n<meta property=\"article:modified_time\" content=\"2026-03-01T20:30:42+00:00\" \/>\n<meta property=\"og:image\" content=\"https:\/\/cdn1.mediawpaccore.net\/wp-content\/uploads\/2026\/03\/01152341\/Captura-de-pantalla-2026-03-01-a-las-21.23.24-1024x671.png\" \/>\n\t<meta property=\"og:image:width\" content=\"1024\" \/>\n\t<meta property=\"og:image:height\" content=\"671\" \/>\n\t<meta property=\"og:image:type\" content=\"image\/png\" \/>\n<meta name=\"author\" content=\"Rafa\" \/>\n<meta name=\"twitter:card\" content=\"summary_large_image\" \/>\n<meta name=\"twitter:creator\" content=\"@cuballama\" \/>\n<meta name=\"twitter:site\" content=\"@cuballama\" \/>\n<meta name=\"twitter:label1\" content=\"Escrito por\" \/>\n\t<meta name=\"twitter:data1\" content=\"Rafa\" \/>\n\t<meta name=\"twitter:label2\" content=\"Tiempo de lectura\" \/>\n\t<meta name=\"twitter:data2\" content=\"3 minutos\" \/>\n<script type=\"application\/ld+json\" class=\"yoast-schema-graph\">{\"@context\":\"https:\\\/\\\/schema.org\",\"@graph\":[{\"@type\":\"Article\",\"@id\":\"https:\\\/\\\/www.cuballama.com\\\/noticias\\\/diaz-canel-envia-condolencias-a-iran-por-la-muerte-del-ayatola-ali-jamenei\\\/#article\",\"isPartOf\":{\"@id\":\"https:\\\/\\\/www.cuballama.com\\\/noticias\\\/diaz-canel-envia-condolencias-a-iran-por-la-muerte-del-ayatola-ali-jamenei\\\/\"},\"author\":{\"name\":\"Rafa\",\"@id\":\"https:\\\/\\\/www.cuballama.com\\\/noticias\\\/#\\\/schema\\\/person\\\/0f97914526a658755f00e59ec2a832f2\"},\"headline\":\"D\u00edaz-Canel env\u00eda condolencias a Ir\u00e1n por la muerte del ayatol\u00e1 Al\u00ed Jamenei\",\"datePublished\":\"2026-03-01T20:29:39+00:00\",\"dateModified\":\"2026-03-01T20:30:42+00:00\",\"mainEntityOfPage\":{\"@id\":\"https:\\\/\\\/www.cuballama.com\\\/noticias\\\/diaz-canel-envia-condolencias-a-iran-por-la-muerte-del-ayatola-ali-jamenei\\\/\"},\"wordCount\":585,\"commentCount\":0,\"publisher\":{\"@id\":\"https:\\\/\\\/www.cuballama.com\\\/noticias\\\/#organization\"},\"image\":{\"@id\":\"https:\\\/\\\/www.cuballama.com\\\/noticias\\\/diaz-canel-envia-condolencias-a-iran-por-la-muerte-del-ayatola-ali-jamenei\\\/#primaryimage\"},\"thumbnailUrl\":\"https:\\\/\\\/cdn1.mediawpaccore.net\\\/wp-content\\\/uploads\\\/2026\\\/03\\\/01152341\\\/Captura-de-pantalla-2026-03-01-a-las-21.23.24.png\",\"keywords\":[\"Ali Jamenei.\",\"Ali Khamenei\",\"Donald Trump\",\"Ir\u00e1n\"],\"articleSection\":[\"Noticias de Cuba\"],\"inLanguage\":\"es\",\"potentialAction\":[{\"@type\":\"CommentAction\",\"name\":\"Comment\",\"target\":[\"https:\\\/\\\/www.cuballama.com\\\/noticias\\\/diaz-canel-envia-condolencias-a-iran-por-la-muerte-del-ayatola-ali-jamenei\\\/#respond\"]}]},{\"@type\":\"WebPage\",\"@id\":\"https:\\\/\\\/www.cuballama.com\\\/noticias\\\/diaz-canel-envia-condolencias-a-iran-por-la-muerte-del-ayatola-ali-jamenei\\\/\",\"url\":\"https:\\\/\\\/www.cuballama.com\\\/noticias\\\/diaz-canel-envia-condolencias-a-iran-por-la-muerte-del-ayatola-ali-jamenei\\\/\",\"name\":\"D\u00edaz-Canel env\u00eda condolencias a Ir\u00e1n por la muerte del ayatol\u00e1 Al\u00ed Jamenei - Cuballama Noticias\",\"isPartOf\":{\"@id\":\"https:\\\/\\\/www.cuballama.com\\\/noticias\\\/#website\"},\"primaryImageOfPage\":{\"@id\":\"https:\\\/\\\/www.cuballama.com\\\/noticias\\\/diaz-canel-envia-condolencias-a-iran-por-la-muerte-del-ayatola-ali-jamenei\\\/#primaryimage\"},\"image\":{\"@id\":\"https:\\\/\\\/www.cuballama.com\\\/noticias\\\/diaz-canel-envia-condolencias-a-iran-por-la-muerte-del-ayatola-ali-jamenei\\\/#primaryimage\"},\"thumbnailUrl\":\"https:\\\/\\\/cdn1.mediawpaccore.net\\\/wp-content\\\/uploads\\\/2026\\\/03\\\/01152341\\\/Captura-de-pantalla-2026-03-01-a-las-21.23.24.png\",\"datePublished\":\"2026-03-01T20:29:39+00:00\",\"dateModified\":\"2026-03-01T20:30:42+00:00\",\"description\":\"Miguel D\u00edaz-Canel envi\u00f3 este domingo un mensaje oficial de condolencias al r\u00e9gimen de Ir\u00e1n tras la muerte de su l\u00edder supremo\",\"breadcrumb\":{\"@id\":\"https:\\\/\\\/www.cuballama.com\\\/noticias\\\/diaz-canel-envia-condolencias-a-iran-por-la-muerte-del-ayatola-ali-jamenei\\\/#breadcrumb\"},\"inLanguage\":\"es\",\"potentialAction\":[{\"@type\":\"ReadAction\",\"target\":[\"https:\\\/\\\/www.cuballama.com\\\/noticias\\\/diaz-canel-envia-condolencias-a-iran-por-la-muerte-del-ayatola-ali-jamenei\\\/\"]}]},{\"@type\":\"ImageObject\",\"inLanguage\":\"es\",\"@id\":\"https:\\\/\\\/www.cuballama.com\\\/noticias\\\/diaz-canel-envia-condolencias-a-iran-por-la-muerte-del-ayatola-ali-jamenei\\\/#primaryimage\",\"url\":\"https:\\\/\\\/cdn1.mediawpaccore.net\\\/wp-content\\\/uploads\\\/2026\\\/03\\\/01152341\\\/Captura-de-pantalla-2026-03-01-a-las-21.23.24.png\",\"contentUrl\":\"https:\\\/\\\/cdn1.mediawpaccore.net\\\/wp-content\\\/uploads\\\/2026\\\/03\\\/01152341\\\/Captura-de-pantalla-2026-03-01-a-las-21.23.24.png\",\"width\":1804,\"height\":1182,\"caption\":\"Foto: Miguel D\u00edaz-Canel\\\/X\"},{\"@type\":\"BreadcrumbList\",\"@id\":\"https:\\\/\\\/www.cuballama.com\\\/noticias\\\/diaz-canel-envia-condolencias-a-iran-por-la-muerte-del-ayatola-ali-jamenei\\\/#breadcrumb\",\"itemListElement\":[{\"@type\":\"ListItem\",\"position\":1,\"name\":\"Home\",\"item\":\"https:\\\/\\\/www.cuballama.com\\\/noticias\\\/\"},{\"@type\":\"ListItem\",\"position\":2,\"name\":\"D\u00edaz-Canel env\u00eda condolencias a Ir\u00e1n por la muerte del ayatol\u00e1 Al\u00ed Jamenei\"}]},{\"@type\":\"WebSite\",\"@id\":\"https:\\\/\\\/www.cuballama.com\\\/noticias\\\/#website\",\"url\":\"https:\\\/\\\/www.cuballama.com\\\/noticias\\\/\",\"name\":\"Cuballama Noticias\",\"description\":\"Medio digital sobre Cuba y el mundo\",\"publisher\":{\"@id\":\"https:\\\/\\\/www.cuballama.com\\\/noticias\\\/#organization\"},\"potentialAction\":[{\"@type\":\"SearchAction\",\"target\":{\"@type\":\"EntryPoint\",\"urlTemplate\":\"https:\\\/\\\/www.cuballama.com\\\/noticias\\\/?s={search_term_string}\"},\"query-input\":{\"@type\":\"PropertyValueSpecification\",\"valueRequired\":true,\"valueName\":\"search_term_string\"}}],\"inLanguage\":\"es\"},{\"@type\":\"Organization\",\"@id\":\"https:\\\/\\\/www.cuballama.com\\\/noticias\\\/#organization\",\"name\":\"Cuballama\",\"url\":\"https:\\\/\\\/www.cuballama.com\\\/noticias\\\/\",\"logo\":{\"@type\":\"ImageObject\",\"inLanguage\":\"es\",\"@id\":\"https:\\\/\\\/www.cuballama.com\\\/noticias\\\/#\\\/schema\\\/logo\\\/image\\\/\",\"url\":\"https:\\\/\\\/cdn1.mediawpaccore.net\\\/wp-content\\\/uploads\\\/2021\\\/12\\\/28171206\\\/cbll-logo-color-sm.png\",\"contentUrl\":\"https:\\\/\\\/cdn1.mediawpaccore.net\\\/wp-content\\\/uploads\\\/2021\\\/12\\\/28171206\\\/cbll-logo-color-sm.png\",\"width\":600,\"height\":133,\"caption\":\"Cuballama\"},\"image\":{\"@id\":\"https:\\\/\\\/www.cuballama.com\\\/noticias\\\/#\\\/schema\\\/logo\\\/image\\\/\"},\"sameAs\":[\"https:\\\/\\\/www.facebook.com\\\/CubaLlama\",\"https:\\\/\\\/x.com\\\/cuballama\",\"https:\\\/\\\/www.instagram.com\\\/stories\\\/cuballama_oficial\\\/\",\"https:\\\/\\\/www.youtube.com\\\/channel\\\/UCKkFE-d_axENGZcrc4as0IA\"]},{\"@type\":\"Person\",\"@id\":\"https:\\\/\\\/www.cuballama.com\\\/noticias\\\/#\\\/schema\\\/person\\\/0f97914526a658755f00e59ec2a832f2\",\"name\":\"Rafa\",\"url\":\"https:\\\/\\\/www.cuballama.com\\\/noticias\\\/author\\\/rafa\\\/\"}]}<\/script>\n<!-- \/ Yoast SEO plugin. -->","yoast_head_json":{"title":"D\u00edaz-Canel env\u00eda condolencias a Ir\u00e1n por la muerte del ayatol\u00e1 Al\u00ed Jamenei - Cuballama Noticias","description":"Miguel D\u00edaz-Canel envi\u00f3 este domingo un mensaje oficial de condolencias al r\u00e9gimen de Ir\u00e1n tras la muerte de su l\u00edder supremo","robots":{"index":"index","follow":"follow","max-snippet":"max-snippet:-1","max-image-preview":"max-image-preview:large","max-video-preview":"max-video-preview:-1"},"canonical":"https:\/\/www.cuballama.com\/noticias\/diaz-canel-envia-condolencias-a-iran-por-la-muerte-del-ayatola-ali-jamenei\/","og_locale":"es_ES","og_type":"article","og_title":"D\u00edaz-Canel env\u00eda condolencias a Ir\u00e1n por la muerte del ayatol\u00e1 Al\u00ed Jamenei - Cuballama Noticias","og_description":"Miguel D\u00edaz-Canel envi\u00f3 este domingo un mensaje oficial de condolencias al r\u00e9gimen de Ir\u00e1n tras la muerte de su l\u00edder supremo","og_url":"https:\/\/www.cuballama.com\/noticias\/diaz-canel-envia-condolencias-a-iran-por-la-muerte-del-ayatola-ali-jamenei\/","og_site_name":"Cuballama Noticias","article_publisher":"https:\/\/www.facebook.com\/CubaLlama","article_published_time":"2026-03-01T20:29:39+00:00","article_modified_time":"2026-03-01T20:30:42+00:00","og_image":[{"width":1024,"height":671,"url":"https:\/\/cdn1.mediawpaccore.net\/wp-content\/uploads\/2026\/03\/01152341\/Captura-de-pantalla-2026-03-01-a-las-21.23.24-1024x671.png","type":"image\/png"}],"author":"Rafa","twitter_card":"summary_large_image","twitter_creator":"@cuballama","twitter_site":"@cuballama","twitter_misc":{"Escrito por":"Rafa","Tiempo de lectura":"3 minutos"},"schema":{"@context":"https:\/\/schema.org","@graph":[{"@type":"Article","@id":"https:\/\/www.cuballama.com\/noticias\/diaz-canel-envia-condolencias-a-iran-por-la-muerte-del-ayatola-ali-jamenei\/#article","isPartOf":{"@id":"https:\/\/www.cuballama.com\/noticias\/diaz-canel-envia-condolencias-a-iran-por-la-muerte-del-ayatola-ali-jamenei\/"},"author":{"name":"Rafa","@id":"https:\/\/www.cuballama.com\/noticias\/#\/schema\/person\/0f97914526a658755f00e59ec2a832f2"},"headline":"D\u00edaz-Canel env\u00eda condolencias a Ir\u00e1n por la muerte del ayatol\u00e1 Al\u00ed Jamenei","datePublished":"2026-03-01T20:29:39+00:00","dateModified":"2026-03-01T20:30:42+00:00","mainEntityOfPage":{"@id":"https:\/\/www.cuballama.com\/noticias\/diaz-canel-envia-condolencias-a-iran-por-la-muerte-del-ayatola-ali-jamenei\/"},"wordCount":585,"commentCount":0,"publisher":{"@id":"https:\/\/www.cuballama.com\/noticias\/#organization"},"image":{"@id":"https:\/\/www.cuballama.com\/noticias\/diaz-canel-envia-condolencias-a-iran-por-la-muerte-del-ayatola-ali-jamenei\/#primaryimage"},"thumbnailUrl":"https:\/\/cdn1.mediawpaccore.net\/wp-content\/uploads\/2026\/03\/01152341\/Captura-de-pantalla-2026-03-01-a-las-21.23.24.png","keywords":["Ali Jamenei.","Ali Khamenei","Donald Trump","Ir\u00e1n"],"articleSection":["Noticias de Cuba"],"inLanguage":"es","potentialAction":[{"@type":"CommentAction","name":"Comment","target":["https:\/\/www.cuballama.com\/noticias\/diaz-canel-envia-condolencias-a-iran-por-la-muerte-del-ayatola-ali-jamenei\/#respond"]}]},{"@type":"WebPage","@id":"https:\/\/www.cuballama.com\/noticias\/diaz-canel-envia-condolencias-a-iran-por-la-muerte-del-ayatola-ali-jamenei\/","url":"https:\/\/www.cuballama.com\/noticias\/diaz-canel-envia-condolencias-a-iran-por-la-muerte-del-ayatola-ali-jamenei\/","name":"D\u00edaz-Canel env\u00eda condolencias a Ir\u00e1n por la muerte del ayatol\u00e1 Al\u00ed Jamenei - Cuballama Noticias","isPartOf":{"@id":"https:\/\/www.cuballama.com\/noticias\/#website"},"primaryImageOfPage":{"@id":"https:\/\/www.cuballama.com\/noticias\/diaz-canel-envia-condolencias-a-iran-por-la-muerte-del-ayatola-ali-jamenei\/#primaryimage"},"image":{"@id":"https:\/\/www.cuballama.com\/noticias\/diaz-canel-envia-condolencias-a-iran-por-la-muerte-del-ayatola-ali-jamenei\/#primaryimage"},"thumbnailUrl":"https:\/\/cdn1.mediawpaccore.net\/wp-content\/uploads\/2026\/03\/01152341\/Captura-de-pantalla-2026-03-01-a-las-21.23.24.png","datePublished":"2026-03-01T20:29:39+00:00","dateModified":"2026-03-01T20:30:42+00:00","description":"Miguel D\u00edaz-Canel envi\u00f3 este domingo un mensaje oficial de condolencias al r\u00e9gimen de Ir\u00e1n tras la muerte de su l\u00edder supremo","breadcrumb":{"@id":"https:\/\/www.cuballama.com\/noticias\/diaz-canel-envia-condolencias-a-iran-por-la-muerte-del-ayatola-ali-jamenei\/#breadcrumb"},"inLanguage":"es","potentialAction":[{"@type":"ReadAction","target":["https:\/\/www.cuballama.com\/noticias\/diaz-canel-envia-condolencias-a-iran-por-la-muerte-del-ayatola-ali-jamenei\/"]}]},{"@type":"ImageObject","inLanguage":"es","@id":"https:\/\/www.cuballama.com\/noticias\/diaz-canel-envia-condolencias-a-iran-por-la-muerte-del-ayatola-ali-jamenei\/#primaryimage","url":"https:\/\/cdn1.mediawpaccore.net\/wp-content\/uploads\/2026\/03\/01152341\/Captura-de-pantalla-2026-03-01-a-las-21.23.24.png","contentUrl":"https:\/\/cdn1.mediawpaccore.net\/wp-content\/uploads\/2026\/03\/01152341\/Captura-de-pantalla-2026-03-01-a-las-21.23.24.png","width":1804,"height":1182,"caption":"Foto: Miguel D\u00edaz-Canel\/X"},{"@type":"BreadcrumbList","@id":"https:\/\/www.cuballama.com\/noticias\/diaz-canel-envia-condolencias-a-iran-por-la-muerte-del-ayatola-ali-jamenei\/#breadcrumb","itemListElement":[{"@type":"ListItem","position":1,"name":"Home","item":"https:\/\/www.cuballama.com\/noticias\/"},{"@type":"ListItem","position":2,"name":"D\u00edaz-Canel env\u00eda condolencias a Ir\u00e1n por la muerte del ayatol\u00e1 Al\u00ed Jamenei"}]},{"@type":"WebSite","@id":"https:\/\/www.cuballama.com\/noticias\/#website","url":"https:\/\/www.cuballama.com\/noticias\/","name":"Cuballama Noticias","description":"Medio digital sobre Cuba y el mundo","publisher":{"@id":"https:\/\/www.cuballama.com\/noticias\/#organization"},"potentialAction":[{"@type":"SearchAction","target":{"@type":"EntryPoint","urlTemplate":"https:\/\/www.cuballama.com\/noticias\/?s={search_term_string}"},"query-input":{"@type":"PropertyValueSpecification","valueRequired":true,"valueName":"search_term_string"}}],"inLanguage":"es"},{"@type":"Organization","@id":"https:\/\/www.cuballama.com\/noticias\/#organization","name":"Cuballama","url":"https:\/\/www.cuballama.com\/noticias\/","logo":{"@type":"ImageObject","inLanguage":"es","@id":"https:\/\/www.cuballama.com\/noticias\/#\/schema\/logo\/image\/","url":"https:\/\/cdn1.mediawpaccore.net\/wp-content\/uploads\/2021\/12\/28171206\/cbll-logo-color-sm.png","contentUrl":"https:\/\/cdn1.mediawpaccore.net\/wp-content\/uploads\/2021\/12\/28171206\/cbll-logo-color-sm.png","width":600,"height":133,"caption":"Cuballama"},"image":{"@id":"https:\/\/www.cuballama.com\/noticias\/#\/schema\/logo\/image\/"},"sameAs":["https:\/\/www.facebook.com\/CubaLlama","https:\/\/x.com\/cuballama","https:\/\/www.instagram.com\/stories\/cuballama_oficial\/","https:\/\/www.youtube.com\/channel\/UCKkFE-d_axENGZcrc4as0IA"]},{"@type":"Person","@id":"https:\/\/www.cuballama.com\/noticias\/#\/schema\/person\/0f97914526a658755f00e59ec2a832f2","name":"Rafa","url":"https:\/\/www.cuballama.com\/noticias\/author\/rafa\/"}]}},"_links":{"self":[{"href":"https:\/\/www.cuballama.com\/noticias\/wp-json\/wp\/v2\/posts\/236729","targetHints":{"allow":["GET"]}}],"collection":[{"href":"https:\/\/www.cuballama.com\/noticias\/wp-json\/wp\/v2\/posts"}],"about":[{"href":"https:\/\/www.cuballama.com\/noticias\/wp-json\/wp\/v2\/types\/post"}],"author":[{"embeddable":true,"href":"https:\/\/www.cuballama.com\/noticias\/wp-json\/wp\/v2\/users\/27"}],"replies":[{"embeddable":true,"href":"https:\/\/www.cuballama.com\/noticias\/wp-json\/wp\/v2\/comments?post=236729"}],"version-history":[{"count":2,"href":"https:\/\/www.cuballama.com\/noticias\/wp-json\/wp\/v2\/posts\/236729\/revisions"}],"predecessor-version":[{"id":236732,"href":"https:\/\/www.cuballama.com\/noticias\/wp-json\/wp\/v2\/posts\/236729\/revisions\/236732"}],"wp:featuredmedia":[{"embeddable":true,"href":"https:\/\/www.cuballama.com\/noticias\/wp-json\/wp\/v2\/media\/236730"}],"wp:attachment":[{"href":"https:\/\/www.cuballama.com\/noticias\/wp-json\/wp\/v2\/media?parent=236729"}],"wp:term":[{"taxonomy":"category","embeddable":true,"href":"https:\/\/www.cuballama.com\/noticias\/wp-json\/wp\/v2\/categories?post=236729"},{"taxonomy":"post_tag","embeddable":true,"href":"https:\/\/www.cuballama.com\/noticias\/wp-json\/wp\/v2\/tags?post=236729"}],"curies":[{"name":"wp","href":"https:\/\/api.w.org\/{rel}","templated":true}]}}