{"id":236726,"date":"2026-03-01T12:55:19","date_gmt":"2026-03-01T17:55:19","guid":{"rendered":"https:\/\/www.cuballama.com\/noticias\/?p=236726"},"modified":"2026-03-01T12:55:21","modified_gmt":"2026-03-01T17:55:21","slug":"bebe-recien-nacida-es-hallada-sin-vida-en-un-arroyo-de-la-habana","status":"publish","type":"post","link":"https:\/\/www.cuballama.com\/noticias\/bebe-recien-nacida-es-hallada-sin-vida-en-un-arroyo-de-la-habana\/","title":{"rendered":"Beb\u00e9 reci\u00e9n nacida es hallada sin vida en un arroyo de La Habana"},"content":{"rendered":"\n<p>El cuerpo sin vida de una reci\u00e9n nacida fue hallado el s\u00e1bado por la ma\u00f1ana en el arroyo Mordazo, un afluente del r\u00edo Almendares que atraviesa el Reparto Mart\u00ed, municipio del Cerro, La Habana. El hallazgo se produjo en las inmediaciones del Policl\u00ednico Docente Antonio Maceo, cuya parte trasera colinda con el curso de agua.<\/p>\n\n\n\n<p>De acuerdo con reportes de p\u00e1ginas de periodismo ciudadano, como Nio Reportando Un Crimen y La Tijera, la beb\u00e9 a\u00fan conservaba el cord\u00f3n umbilical al momento de ser encontrada. Las im\u00e1genes compartidas por usuarios resultan especialmente sensibles. Varios espacios informativos optaron por no reproducirlas sin censura, en respeto a la dignidad de la menor y al impacto que este tipo de contenido puede generar en la audiencia.<\/p>\n\n\n\n<p>Hasta el cierre de esta nota, no se ha emitido informaci\u00f3n oficial que esclarezca las circunstancias del hecho. Tampoco se ha confirmado si la beb\u00e9 lleg\u00f3 a nacer con vida. La ausencia de datos verificables ha incrementado la incertidumbre en la comunidad, donde predominan la consternaci\u00f3n y las preguntas sin respuesta.<\/p>\n\n\n\n<iframe loading=\"lazy\" src=\"https:\/\/www.facebook.com\/plugins\/video.php?height=476&#038;href=https%3A%2F%2Fwww.facebook.com%2Freel%2F1516650003306062%2F&#038;show_text=false&#038;width=267&#038;t=0\" width=\"267\" height=\"476\" style=\"border:none;overflow:hidden\" scrolling=\"no\" frameborder=\"0\" allowfullscreen=\"true\" allow=\"autoplay; clipboard-write; encrypted-media; picture-in-picture; web-share\" allowFullScreen=\"true\"><\/iframe>\n\n\n\n<p>Residentes del \u00e1rea describen un ambiente de profundo dolor. Algunos aseguraron a estas plataformas independientes que jam\u00e1s imaginaron enfrentar un suceso de esta magnitud en su entorno inmediato. La cercan\u00eda del hallazgo a una instituci\u00f3n de salud a\u00f1ade una dimensi\u00f3n particularmente inquietante al caso, aunque por el momento no existen elementos que permitan establecer v\u00ednculos o responsabilidades.<\/p>\n\n\n\n<p>En redes sociales, las reacciones no se hicieron esperar. Decenas de comentarios expresan indignaci\u00f3n y tristeza. \u201cNo hay justificaci\u00f3n para algo as\u00ed\u201d, escribi\u00f3 un usuario. Otros aludieron a las dif\u00edciles condiciones econ\u00f3micas que atraviesa el pa\u00eds y al temor que, seg\u00fan afirman, sienten muchas mujeres ante la posibilidad de asumir la maternidad en el contexto actual. Algunos mensajes apelan a la idea de que siempre habr\u00eda alternativas, como entregar a la criatura a otra familia, mientras otros reclaman mayor empat\u00eda antes de emitir juicios categ\u00f3ricos.<\/p>\n\n\n\n<iframe loading=\"lazy\" src=\"https:\/\/www.facebook.com\/plugins\/post.php?href=https%3A%2F%2Fwww.facebook.com%2FDeuntijeretazo%2Fposts%2Fpfbid0zWEkykH4YvVKuJzH5BSYMnSUvY2K42BXGRHxvEK1dYbNoRH5qCUKtajMgGATFwRBl&#038;show_text=true&#038;width=500\" width=\"500\" height=\"563\" style=\"border:none;overflow:hidden\" scrolling=\"no\" frameborder=\"0\" allowfullscreen=\"true\" allow=\"autoplay; clipboard-write; encrypted-media; picture-in-picture; web-share\"><\/iframe>\n\n\n\n<p>M\u00e1s all\u00e1 de las opiniones individuales, el suceso vuelve a poner sobre la mesa debates complejos: la vulnerabilidad social, la precariedad material y el estado de las redes de apoyo institucional y comunitario para mujeres embarazadas en situaciones cr\u00edticas. Especialistas en temas sociales han se\u00f1alado en reiteradas ocasiones la importancia de contar con mecanismos accesibles y confiables que acompa\u00f1en a quienes enfrentan embarazos no planificados o atraviesan crisis personales severas.<\/p>\n","protected":false},"excerpt":{"rendered":"<p>El hallazgo se produjo en las inmediaciones del Policl\u00ednico Docente Antonio Maceo<\/p>\n","protected":false},"author":27,"featured_media":236727,"comment_status":"open","ping_status":"closed","sticky":false,"template":"","format":"standard","meta":{"_acf_changed":false,"footnotes":""},"categories":[955],"tags":[19653,6984,10867],"class_list":{"0":"post-236726","1":"post","2":"type-post","3":"status-publish","4":"format-standard","5":"has-post-thumbnail","7":"category-noticias-de-cuba","8":"tag-bebe-abandonado","9":"tag-cerro","10":"tag-crisis-en-cuba"},"acf":[],"yoast_head":"<!-- This site is optimized with the Yoast SEO plugin v27.5 - https:\/\/yoast.com\/product\/yoast-seo-wordpress\/ -->\n<title>Beb\u00e9 reci\u00e9n nacida es hallada sin vida en un arroyo de La Habana - Cuballama Noticias<\/title>\n<meta name=\"description\" content=\"El hallazgo se produjo en las inmediaciones del Policl\u00ednico Docente Antonio Maceo, cuya parte trasera colinda con el curso de agua.\" \/>\n<meta name=\"robots\" content=\"index, follow, max-snippet:-1, max-image-preview:large, max-video-preview:-1\" \/>\n<link rel=\"canonical\" href=\"https:\/\/www.cuballama.com\/noticias\/bebe-recien-nacida-es-hallada-sin-vida-en-un-arroyo-de-la-habana\/\" \/>\n<meta property=\"og:locale\" content=\"es_ES\" \/>\n<meta property=\"og:type\" content=\"article\" \/>\n<meta property=\"og:title\" content=\"Beb\u00e9 reci\u00e9n nacida es hallada sin vida en un arroyo de La Habana - Cuballama Noticias\" \/>\n<meta property=\"og:description\" content=\"El hallazgo se produjo en las inmediaciones del Policl\u00ednico Docente Antonio Maceo, cuya parte trasera colinda con el curso de agua.\" \/>\n<meta property=\"og:url\" content=\"https:\/\/www.cuballama.com\/noticias\/bebe-recien-nacida-es-hallada-sin-vida-en-un-arroyo-de-la-habana\/\" \/>\n<meta property=\"og:site_name\" content=\"Cuballama Noticias\" \/>\n<meta property=\"article:publisher\" content=\"https:\/\/www.facebook.com\/CubaLlama\" \/>\n<meta property=\"article:published_time\" content=\"2026-03-01T17:55:19+00:00\" \/>\n<meta property=\"article:modified_time\" content=\"2026-03-01T17:55:21+00:00\" \/>\n<meta property=\"og:image\" content=\"https:\/\/cdn1.mediawpaccore.net\/wp-content\/uploads\/2026\/03\/01124545\/Captura-de-pantalla-2026-03-01-a-las-18.45.31.png\" \/>\n\t<meta property=\"og:image:width\" content=\"1524\" \/>\n\t<meta property=\"og:image:height\" content=\"1058\" \/>\n\t<meta property=\"og:image:type\" content=\"image\/png\" \/>\n<meta name=\"author\" content=\"Rafa\" \/>\n<meta name=\"twitter:card\" content=\"summary_large_image\" \/>\n<meta name=\"twitter:creator\" content=\"@cuballama\" \/>\n<meta name=\"twitter:site\" content=\"@cuballama\" \/>\n<meta name=\"twitter:label1\" content=\"Escrito por\" \/>\n\t<meta name=\"twitter:data1\" content=\"Rafa\" \/>\n\t<meta name=\"twitter:label2\" content=\"Tiempo de lectura\" \/>\n\t<meta name=\"twitter:data2\" content=\"2 minutos\" \/>\n<script type=\"application\/ld+json\" class=\"yoast-schema-graph\">{\"@context\":\"https:\\\/\\\/schema.org\",\"@graph\":[{\"@type\":\"Article\",\"@id\":\"https:\\\/\\\/www.cuballama.com\\\/noticias\\\/bebe-recien-nacida-es-hallada-sin-vida-en-un-arroyo-de-la-habana\\\/#article\",\"isPartOf\":{\"@id\":\"https:\\\/\\\/www.cuballama.com\\\/noticias\\\/bebe-recien-nacida-es-hallada-sin-vida-en-un-arroyo-de-la-habana\\\/\"},\"author\":{\"name\":\"Rafa\",\"@id\":\"https:\\\/\\\/www.cuballama.com\\\/noticias\\\/#\\\/schema\\\/person\\\/0f97914526a658755f00e59ec2a832f2\"},\"headline\":\"Beb\u00e9 reci\u00e9n nacida es hallada sin vida en un arroyo de La Habana\",\"datePublished\":\"2026-03-01T17:55:19+00:00\",\"dateModified\":\"2026-03-01T17:55:21+00:00\",\"mainEntityOfPage\":{\"@id\":\"https:\\\/\\\/www.cuballama.com\\\/noticias\\\/bebe-recien-nacida-es-hallada-sin-vida-en-un-arroyo-de-la-habana\\\/\"},\"wordCount\":429,\"commentCount\":0,\"publisher\":{\"@id\":\"https:\\\/\\\/www.cuballama.com\\\/noticias\\\/#organization\"},\"image\":{\"@id\":\"https:\\\/\\\/www.cuballama.com\\\/noticias\\\/bebe-recien-nacida-es-hallada-sin-vida-en-un-arroyo-de-la-habana\\\/#primaryimage\"},\"thumbnailUrl\":\"https:\\\/\\\/cdn1.mediawpaccore.net\\\/wp-content\\\/uploads\\\/2026\\\/03\\\/01124545\\\/Captura-de-pantalla-2026-03-01-a-las-18.45.31.png\",\"keywords\":[\"Beb\u00e9 abandonado\",\"Cerro\",\"Crisis en Cuba\"],\"articleSection\":[\"Noticias de Cuba\"],\"inLanguage\":\"es\",\"potentialAction\":[{\"@type\":\"CommentAction\",\"name\":\"Comment\",\"target\":[\"https:\\\/\\\/www.cuballama.com\\\/noticias\\\/bebe-recien-nacida-es-hallada-sin-vida-en-un-arroyo-de-la-habana\\\/#respond\"]}]},{\"@type\":\"WebPage\",\"@id\":\"https:\\\/\\\/www.cuballama.com\\\/noticias\\\/bebe-recien-nacida-es-hallada-sin-vida-en-un-arroyo-de-la-habana\\\/\",\"url\":\"https:\\\/\\\/www.cuballama.com\\\/noticias\\\/bebe-recien-nacida-es-hallada-sin-vida-en-un-arroyo-de-la-habana\\\/\",\"name\":\"Beb\u00e9 reci\u00e9n nacida es hallada sin vida en un arroyo de La Habana - Cuballama Noticias\",\"isPartOf\":{\"@id\":\"https:\\\/\\\/www.cuballama.com\\\/noticias\\\/#website\"},\"primaryImageOfPage\":{\"@id\":\"https:\\\/\\\/www.cuballama.com\\\/noticias\\\/bebe-recien-nacida-es-hallada-sin-vida-en-un-arroyo-de-la-habana\\\/#primaryimage\"},\"image\":{\"@id\":\"https:\\\/\\\/www.cuballama.com\\\/noticias\\\/bebe-recien-nacida-es-hallada-sin-vida-en-un-arroyo-de-la-habana\\\/#primaryimage\"},\"thumbnailUrl\":\"https:\\\/\\\/cdn1.mediawpaccore.net\\\/wp-content\\\/uploads\\\/2026\\\/03\\\/01124545\\\/Captura-de-pantalla-2026-03-01-a-las-18.45.31.png\",\"datePublished\":\"2026-03-01T17:55:19+00:00\",\"dateModified\":\"2026-03-01T17:55:21+00:00\",\"description\":\"El hallazgo se produjo en las inmediaciones del Policl\u00ednico Docente Antonio Maceo, cuya parte trasera colinda con el curso de agua.\",\"breadcrumb\":{\"@id\":\"https:\\\/\\\/www.cuballama.com\\\/noticias\\\/bebe-recien-nacida-es-hallada-sin-vida-en-un-arroyo-de-la-habana\\\/#breadcrumb\"},\"inLanguage\":\"es\",\"potentialAction\":[{\"@type\":\"ReadAction\",\"target\":[\"https:\\\/\\\/www.cuballama.com\\\/noticias\\\/bebe-recien-nacida-es-hallada-sin-vida-en-un-arroyo-de-la-habana\\\/\"]}]},{\"@type\":\"ImageObject\",\"inLanguage\":\"es\",\"@id\":\"https:\\\/\\\/www.cuballama.com\\\/noticias\\\/bebe-recien-nacida-es-hallada-sin-vida-en-un-arroyo-de-la-habana\\\/#primaryimage\",\"url\":\"https:\\\/\\\/cdn1.mediawpaccore.net\\\/wp-content\\\/uploads\\\/2026\\\/03\\\/01124545\\\/Captura-de-pantalla-2026-03-01-a-las-18.45.31.png\",\"contentUrl\":\"https:\\\/\\\/cdn1.mediawpaccore.net\\\/wp-content\\\/uploads\\\/2026\\\/03\\\/01124545\\\/Captura-de-pantalla-2026-03-01-a-las-18.45.31.png\",\"width\":1524,\"height\":1058,\"caption\":\"Foto: Nio Reportando Un Crimen\\\/Facebook\"},{\"@type\":\"BreadcrumbList\",\"@id\":\"https:\\\/\\\/www.cuballama.com\\\/noticias\\\/bebe-recien-nacida-es-hallada-sin-vida-en-un-arroyo-de-la-habana\\\/#breadcrumb\",\"itemListElement\":[{\"@type\":\"ListItem\",\"position\":1,\"name\":\"Home\",\"item\":\"https:\\\/\\\/www.cuballama.com\\\/noticias\\\/\"},{\"@type\":\"ListItem\",\"position\":2,\"name\":\"Beb\u00e9 reci\u00e9n nacida es hallada sin vida en un arroyo de La Habana\"}]},{\"@type\":\"WebSite\",\"@id\":\"https:\\\/\\\/www.cuballama.com\\\/noticias\\\/#website\",\"url\":\"https:\\\/\\\/www.cuballama.com\\\/noticias\\\/\",\"name\":\"Cuballama Noticias\",\"description\":\"Medio digital sobre Cuba y el mundo\",\"publisher\":{\"@id\":\"https:\\\/\\\/www.cuballama.com\\\/noticias\\\/#organization\"},\"potentialAction\":[{\"@type\":\"SearchAction\",\"target\":{\"@type\":\"EntryPoint\",\"urlTemplate\":\"https:\\\/\\\/www.cuballama.com\\\/noticias\\\/?s={search_term_string}\"},\"query-input\":{\"@type\":\"PropertyValueSpecification\",\"valueRequired\":true,\"valueName\":\"search_term_string\"}}],\"inLanguage\":\"es\"},{\"@type\":\"Organization\",\"@id\":\"https:\\\/\\\/www.cuballama.com\\\/noticias\\\/#organization\",\"name\":\"Cuballama\",\"url\":\"https:\\\/\\\/www.cuballama.com\\\/noticias\\\/\",\"logo\":{\"@type\":\"ImageObject\",\"inLanguage\":\"es\",\"@id\":\"https:\\\/\\\/www.cuballama.com\\\/noticias\\\/#\\\/schema\\\/logo\\\/image\\\/\",\"url\":\"https:\\\/\\\/cdn1.mediawpaccore.net\\\/wp-content\\\/uploads\\\/2021\\\/12\\\/28171206\\\/cbll-logo-color-sm.png\",\"contentUrl\":\"https:\\\/\\\/cdn1.mediawpaccore.net\\\/wp-content\\\/uploads\\\/2021\\\/12\\\/28171206\\\/cbll-logo-color-sm.png\",\"width\":600,\"height\":133,\"caption\":\"Cuballama\"},\"image\":{\"@id\":\"https:\\\/\\\/www.cuballama.com\\\/noticias\\\/#\\\/schema\\\/logo\\\/image\\\/\"},\"sameAs\":[\"https:\\\/\\\/www.facebook.com\\\/CubaLlama\",\"https:\\\/\\\/x.com\\\/cuballama\",\"https:\\\/\\\/www.instagram.com\\\/stories\\\/cuballama_oficial\\\/\",\"https:\\\/\\\/www.youtube.com\\\/channel\\\/UCKkFE-d_axENGZcrc4as0IA\"]},{\"@type\":\"Person\",\"@id\":\"https:\\\/\\\/www.cuballama.com\\\/noticias\\\/#\\\/schema\\\/person\\\/0f97914526a658755f00e59ec2a832f2\",\"name\":\"Rafa\",\"url\":\"https:\\\/\\\/www.cuballama.com\\\/noticias\\\/author\\\/rafa\\\/\"}]}<\/script>\n<!-- \/ Yoast SEO plugin. -->","yoast_head_json":{"title":"Beb\u00e9 reci\u00e9n nacida es hallada sin vida en un arroyo de La Habana - Cuballama Noticias","description":"El hallazgo se produjo en las inmediaciones del Policl\u00ednico Docente Antonio Maceo, cuya parte trasera colinda con el curso de agua.","robots":{"index":"index","follow":"follow","max-snippet":"max-snippet:-1","max-image-preview":"max-image-preview:large","max-video-preview":"max-video-preview:-1"},"canonical":"https:\/\/www.cuballama.com\/noticias\/bebe-recien-nacida-es-hallada-sin-vida-en-un-arroyo-de-la-habana\/","og_locale":"es_ES","og_type":"article","og_title":"Beb\u00e9 reci\u00e9n nacida es hallada sin vida en un arroyo de La Habana - Cuballama Noticias","og_description":"El hallazgo se produjo en las inmediaciones del Policl\u00ednico Docente Antonio Maceo, cuya parte trasera colinda con el curso de agua.","og_url":"https:\/\/www.cuballama.com\/noticias\/bebe-recien-nacida-es-hallada-sin-vida-en-un-arroyo-de-la-habana\/","og_site_name":"Cuballama Noticias","article_publisher":"https:\/\/www.facebook.com\/CubaLlama","article_published_time":"2026-03-01T17:55:19+00:00","article_modified_time":"2026-03-01T17:55:21+00:00","og_image":[{"width":1524,"height":1058,"url":"https:\/\/cdn1.mediawpaccore.net\/wp-content\/uploads\/2026\/03\/01124545\/Captura-de-pantalla-2026-03-01-a-las-18.45.31.png","type":"image\/png"}],"author":"Rafa","twitter_card":"summary_large_image","twitter_creator":"@cuballama","twitter_site":"@cuballama","twitter_misc":{"Escrito por":"Rafa","Tiempo de lectura":"2 minutos"},"schema":{"@context":"https:\/\/schema.org","@graph":[{"@type":"Article","@id":"https:\/\/www.cuballama.com\/noticias\/bebe-recien-nacida-es-hallada-sin-vida-en-un-arroyo-de-la-habana\/#article","isPartOf":{"@id":"https:\/\/www.cuballama.com\/noticias\/bebe-recien-nacida-es-hallada-sin-vida-en-un-arroyo-de-la-habana\/"},"author":{"name":"Rafa","@id":"https:\/\/www.cuballama.com\/noticias\/#\/schema\/person\/0f97914526a658755f00e59ec2a832f2"},"headline":"Beb\u00e9 reci\u00e9n nacida es hallada sin vida en un arroyo de La Habana","datePublished":"2026-03-01T17:55:19+00:00","dateModified":"2026-03-01T17:55:21+00:00","mainEntityOfPage":{"@id":"https:\/\/www.cuballama.com\/noticias\/bebe-recien-nacida-es-hallada-sin-vida-en-un-arroyo-de-la-habana\/"},"wordCount":429,"commentCount":0,"publisher":{"@id":"https:\/\/www.cuballama.com\/noticias\/#organization"},"image":{"@id":"https:\/\/www.cuballama.com\/noticias\/bebe-recien-nacida-es-hallada-sin-vida-en-un-arroyo-de-la-habana\/#primaryimage"},"thumbnailUrl":"https:\/\/cdn1.mediawpaccore.net\/wp-content\/uploads\/2026\/03\/01124545\/Captura-de-pantalla-2026-03-01-a-las-18.45.31.png","keywords":["Beb\u00e9 abandonado","Cerro","Crisis en Cuba"],"articleSection":["Noticias de Cuba"],"inLanguage":"es","potentialAction":[{"@type":"CommentAction","name":"Comment","target":["https:\/\/www.cuballama.com\/noticias\/bebe-recien-nacida-es-hallada-sin-vida-en-un-arroyo-de-la-habana\/#respond"]}]},{"@type":"WebPage","@id":"https:\/\/www.cuballama.com\/noticias\/bebe-recien-nacida-es-hallada-sin-vida-en-un-arroyo-de-la-habana\/","url":"https:\/\/www.cuballama.com\/noticias\/bebe-recien-nacida-es-hallada-sin-vida-en-un-arroyo-de-la-habana\/","name":"Beb\u00e9 reci\u00e9n nacida es hallada sin vida en un arroyo de La Habana - Cuballama Noticias","isPartOf":{"@id":"https:\/\/www.cuballama.com\/noticias\/#website"},"primaryImageOfPage":{"@id":"https:\/\/www.cuballama.com\/noticias\/bebe-recien-nacida-es-hallada-sin-vida-en-un-arroyo-de-la-habana\/#primaryimage"},"image":{"@id":"https:\/\/www.cuballama.com\/noticias\/bebe-recien-nacida-es-hallada-sin-vida-en-un-arroyo-de-la-habana\/#primaryimage"},"thumbnailUrl":"https:\/\/cdn1.mediawpaccore.net\/wp-content\/uploads\/2026\/03\/01124545\/Captura-de-pantalla-2026-03-01-a-las-18.45.31.png","datePublished":"2026-03-01T17:55:19+00:00","dateModified":"2026-03-01T17:55:21+00:00","description":"El hallazgo se produjo en las inmediaciones del Policl\u00ednico Docente Antonio Maceo, cuya parte trasera colinda con el curso de agua.","breadcrumb":{"@id":"https:\/\/www.cuballama.com\/noticias\/bebe-recien-nacida-es-hallada-sin-vida-en-un-arroyo-de-la-habana\/#breadcrumb"},"inLanguage":"es","potentialAction":[{"@type":"ReadAction","target":["https:\/\/www.cuballama.com\/noticias\/bebe-recien-nacida-es-hallada-sin-vida-en-un-arroyo-de-la-habana\/"]}]},{"@type":"ImageObject","inLanguage":"es","@id":"https:\/\/www.cuballama.com\/noticias\/bebe-recien-nacida-es-hallada-sin-vida-en-un-arroyo-de-la-habana\/#primaryimage","url":"https:\/\/cdn1.mediawpaccore.net\/wp-content\/uploads\/2026\/03\/01124545\/Captura-de-pantalla-2026-03-01-a-las-18.45.31.png","contentUrl":"https:\/\/cdn1.mediawpaccore.net\/wp-content\/uploads\/2026\/03\/01124545\/Captura-de-pantalla-2026-03-01-a-las-18.45.31.png","width":1524,"height":1058,"caption":"Foto: Nio Reportando Un Crimen\/Facebook"},{"@type":"BreadcrumbList","@id":"https:\/\/www.cuballama.com\/noticias\/bebe-recien-nacida-es-hallada-sin-vida-en-un-arroyo-de-la-habana\/#breadcrumb","itemListElement":[{"@type":"ListItem","position":1,"name":"Home","item":"https:\/\/www.cuballama.com\/noticias\/"},{"@type":"ListItem","position":2,"name":"Beb\u00e9 reci\u00e9n nacida es hallada sin vida en un arroyo de La Habana"}]},{"@type":"WebSite","@id":"https:\/\/www.cuballama.com\/noticias\/#website","url":"https:\/\/www.cuballama.com\/noticias\/","name":"Cuballama Noticias","description":"Medio digital sobre Cuba y el mundo","publisher":{"@id":"https:\/\/www.cuballama.com\/noticias\/#organization"},"potentialAction":[{"@type":"SearchAction","target":{"@type":"EntryPoint","urlTemplate":"https:\/\/www.cuballama.com\/noticias\/?s={search_term_string}"},"query-input":{"@type":"PropertyValueSpecification","valueRequired":true,"valueName":"search_term_string"}}],"inLanguage":"es"},{"@type":"Organization","@id":"https:\/\/www.cuballama.com\/noticias\/#organization","name":"Cuballama","url":"https:\/\/www.cuballama.com\/noticias\/","logo":{"@type":"ImageObject","inLanguage":"es","@id":"https:\/\/www.cuballama.com\/noticias\/#\/schema\/logo\/image\/","url":"https:\/\/cdn1.mediawpaccore.net\/wp-content\/uploads\/2021\/12\/28171206\/cbll-logo-color-sm.png","contentUrl":"https:\/\/cdn1.mediawpaccore.net\/wp-content\/uploads\/2021\/12\/28171206\/cbll-logo-color-sm.png","width":600,"height":133,"caption":"Cuballama"},"image":{"@id":"https:\/\/www.cuballama.com\/noticias\/#\/schema\/logo\/image\/"},"sameAs":["https:\/\/www.facebook.com\/CubaLlama","https:\/\/x.com\/cuballama","https:\/\/www.instagram.com\/stories\/cuballama_oficial\/","https:\/\/www.youtube.com\/channel\/UCKkFE-d_axENGZcrc4as0IA"]},{"@type":"Person","@id":"https:\/\/www.cuballama.com\/noticias\/#\/schema\/person\/0f97914526a658755f00e59ec2a832f2","name":"Rafa","url":"https:\/\/www.cuballama.com\/noticias\/author\/rafa\/"}]}},"_links":{"self":[{"href":"https:\/\/www.cuballama.com\/noticias\/wp-json\/wp\/v2\/posts\/236726","targetHints":{"allow":["GET"]}}],"collection":[{"href":"https:\/\/www.cuballama.com\/noticias\/wp-json\/wp\/v2\/posts"}],"about":[{"href":"https:\/\/www.cuballama.com\/noticias\/wp-json\/wp\/v2\/types\/post"}],"author":[{"embeddable":true,"href":"https:\/\/www.cuballama.com\/noticias\/wp-json\/wp\/v2\/users\/27"}],"replies":[{"embeddable":true,"href":"https:\/\/www.cuballama.com\/noticias\/wp-json\/wp\/v2\/comments?post=236726"}],"version-history":[{"count":1,"href":"https:\/\/www.cuballama.com\/noticias\/wp-json\/wp\/v2\/posts\/236726\/revisions"}],"predecessor-version":[{"id":236728,"href":"https:\/\/www.cuballama.com\/noticias\/wp-json\/wp\/v2\/posts\/236726\/revisions\/236728"}],"wp:featuredmedia":[{"embeddable":true,"href":"https:\/\/www.cuballama.com\/noticias\/wp-json\/wp\/v2\/media\/236727"}],"wp:attachment":[{"href":"https:\/\/www.cuballama.com\/noticias\/wp-json\/wp\/v2\/media?parent=236726"}],"wp:term":[{"taxonomy":"category","embeddable":true,"href":"https:\/\/www.cuballama.com\/noticias\/wp-json\/wp\/v2\/categories?post=236726"},{"taxonomy":"post_tag","embeddable":true,"href":"https:\/\/www.cuballama.com\/noticias\/wp-json\/wp\/v2\/tags?post=236726"}],"curies":[{"name":"wp","href":"https:\/\/api.w.org\/{rel}","templated":true}]}}