{"id":236723,"date":"2026-03-01T10:17:45","date_gmt":"2026-03-01T15:17:45","guid":{"rendered":"https:\/\/www.cuballama.com\/noticias\/?p=236723"},"modified":"2026-03-01T10:17:48","modified_gmt":"2026-03-01T15:17:48","slug":"impactante-video-muestra-la-rotura-que-dejo-sin-agua-potable-a-medio-habana-del-este","status":"publish","type":"post","link":"https:\/\/www.cuballama.com\/noticias\/impactante-video-muestra-la-rotura-que-dejo-sin-agua-potable-a-medio-habana-del-este\/","title":{"rendered":"Impactante video muestra la rotura que dej\u00f3 sin agua potable a medio Habana del Este"},"content":{"rendered":"\n<p>Una rotura en una de las principales conductoras de agua de La Habana provoc\u00f3 este viernes la interrupci\u00f3n temporal del servicio en los municipios de Guanabacoa y varias zonas de Habana del Este, seg\u00fan inform\u00f3 la empresa estatal Aguas de La Habana en sus canales oficiales.<\/p>\n\n\n\n<p>El incidente ocurri\u00f3 alrededor de las 4:00 p.m. del 28 de febrero, cuando se detect\u00f3 una aver\u00eda en el conducto de 48 pulgadas de la conductora Nudo A (Tanque Mar\u00eda Cristina). La rotura se localiz\u00f3 en la intersecci\u00f3n de Calzada de San Miguel y calle 1ra, en el municipio San Miguel del Padr\u00f3n, punto clave dentro del sistema de distribuci\u00f3n que abastece a amplias \u00e1reas del este de la capital.<\/p>\n\n\n\n<iframe loading=\"lazy\" src=\"https:\/\/www.facebook.com\/plugins\/video.php?height=476&#038;href=https%3A%2F%2Fwww.facebook.com%2Freel%2F1462329588874389%2F&#038;show_text=false&#038;width=267&#038;t=0\" width=\"267\" height=\"476\" style=\"border:none;overflow:hidden\" scrolling=\"no\" frameborder=\"0\" allowfullscreen=\"true\" allow=\"autoplay; clipboard-write; encrypted-media; picture-in-picture; web-share\" allowFullScreen=\"true\"><\/iframe>\n\n\n\n<p>De acuerdo con la entidad estatal, la magnitud de la afectaci\u00f3n oblig\u00f3 a paralizar siete equipos en la Fuente de Abasto del Gato, como medida de seguridad y para facilitar las labores de reparaci\u00f3n. Esta decisi\u00f3n t\u00e9cnica tuvo un impacto directo en el suministro hacia las zonas conectadas a esa l\u00ednea, dejando sin servicio a miles de residentes mientras se desarrollaban los trabajos.<\/p>\n\n\n\n<iframe loading=\"lazy\" src=\"https:\/\/www.facebook.com\/plugins\/post.php?href=https%3A%2F%2Fwww.facebook.com%2FAguasdeLaHabanaOficial%2Fposts%2Fpfbid02mtJyxF9MBnDQ6qMfC8vqS1kyCitK6zRLzGraVRpqnU9EDYM6qFAktSaZMSFRpKsol&#038;show_text=true&#038;width=500\" width=\"500\" height=\"781\" style=\"border:none;overflow:hidden\" scrolling=\"no\" frameborder=\"0\" allowfullscreen=\"true\" allow=\"autoplay; clipboard-write; encrypted-media; picture-in-picture; web-share\"><\/iframe>\n\n\n\n<p>Brigadas especializadas de la empresa se trasladaron al lugar tras detectarse la aver\u00eda. En una actualizaci\u00f3n posterior, Aguas de La Habana asegur\u00f3 que la movilizaci\u00f3n ocurri\u00f3 \u201cen tiempo r\u00e9cord\u201d y que se dio respuesta inmediata para contener el da\u00f1o y comenzar las labores de reparaci\u00f3n en el conducto de gran di\u00e1metro.<\/p>\n\n\n\n<iframe loading=\"lazy\" src=\"https:\/\/www.facebook.com\/plugins\/video.php?height=476&#038;href=https%3A%2F%2Fwww.facebook.com%2Freel%2F1286227149990677%2F&#038;show_text=false&#038;width=267&#038;t=0\" width=\"267\" height=\"476\" style=\"border:none;overflow:hidden\" scrolling=\"no\" frameborder=\"0\" allowfullscreen=\"true\" allow=\"autoplay; clipboard-write; encrypted-media; picture-in-picture; web-share\" allowFullScreen=\"true\"><\/iframe>\n\n\n\n<p>Im\u00e1genes compartidas por la empresa mostraron maquinaria pesada, zanjas abiertas en la v\u00eda y personal t\u00e9cnico trabajando en la zona afectada. El conducto de 48 pulgadas, equivalente a m\u00e1s de un metro de di\u00e1metro, constituye una de las arterias principales del sistema hidr\u00e1ulico en ese sector, por lo que cualquier fractura implica maniobras complejas, tanto para la extracci\u00f3n del tramo da\u00f1ado como para su sustituci\u00f3n o sellado.<\/p>\n\n\n\n<p>La empresa estatal reiter\u00f3 durante el proceso que su prioridad era minimizar el tiempo de afectaci\u00f3n y garantizar el retorno del servicio lo antes posible. Mientras se ejecutaban las labores, pidi\u00f3 comprensi\u00f3n a la poblaci\u00f3n y ofreci\u00f3 disculpas por las molestias ocasionadas.<\/p>\n\n\n\n<iframe loading=\"lazy\" src=\"https:\/\/www.facebook.com\/plugins\/post.php?href=https%3A%2F%2Fwww.facebook.com%2FAguasdeLaHabanaOficial%2Fposts%2Fpfbid0vbxMF478otr8QbtLKggsbjxiCZtt4JZZZTWtVmDokfsJtz2oteUUwWr2UyhK3RfCl&#038;show_text=true&#038;width=500\" width=\"500\" height=\"698\" style=\"border:none;overflow:hidden\" scrolling=\"no\" frameborder=\"0\" allowfullscreen=\"true\" allow=\"autoplay; clipboard-write; encrypted-media; picture-in-picture; web-share\"><\/iframe>\n\n\n\n<p>En la madrugada, Aguas de La Habana inform\u00f3 que los trabajos principales hab\u00edan concluido. Seg\u00fan el parte oficial, las acciones ejecutadas en Calzada de San Miguel finalizaron durante ese horario y otras brigadas se incorporaron posteriormente para realizar los \u201ctoques finales\u201d relacionados con el cierre y tape de la v\u00eda.<\/p>\n\n\n\n<p>Concluida la reparaci\u00f3n del conducto, comenz\u00f3 el proceso de recuperaci\u00f3n de las operaciones del abasto en sus horarios habituales. Este procedimiento no suele ser inmediato, ya que implica restablecer gradualmente la presi\u00f3n en la red, purgar posibles bolsas de aire y verificar la estabilidad del sistema antes de alcanzar la normalidad total en todas las \u00e1reas impactadas.<\/p>\n\n\n\n<iframe loading=\"lazy\" src=\"https:\/\/www.facebook.com\/plugins\/post.php?href=https%3A%2F%2Fwww.facebook.com%2FAguasdeLaHabanaOficial%2Fposts%2Fpfbid0xi3wnQG4tSE4HNNVv72BQiHJU74w3aRE1ZiFV4nyjbwsqcBBwLZ5MX7MBqjD7gbCl&#038;show_text=true&#038;width=500\" width=\"500\" height=\"698\" style=\"border:none;overflow:hidden\" scrolling=\"no\" frameborder=\"0\" allowfullscreen=\"true\" allow=\"autoplay; clipboard-write; encrypted-media; picture-in-picture; web-share\"><\/iframe>\n\n\n\n<p>Hasta el momento, la empresa no ha ofrecido detalles t\u00e9cnicos adicionales sobre las causas espec\u00edficas de la rotura ni estimaciones oficiales sobre la cantidad exacta de usuarios afectados. Sin embargo, confirm\u00f3 que el servicio comenzaba a restablecerse de manera progresiva en Guanabacoa y en las zonas de Habana del Este que dependen de la conductora reparada.<\/p>\n\n\n\n<p>Las autoridades indicaron que continuar\u00e1n informando a trav\u00e9s de sus canales oficiales sobre cualquier novedad relacionada con el suministro en los municipios involucrados.<\/p>\n","protected":false},"excerpt":{"rendered":"<p>La rotura se localiz\u00f3 en la intersecci\u00f3n de Calzada de San Miguel y calle 1ra<\/p>\n","protected":false},"author":27,"featured_media":236724,"comment_status":"open","ping_status":"closed","sticky":false,"template":"","format":"standard","meta":{"_acf_changed":false,"footnotes":""},"categories":[955],"tags":[7110,10867,355,4533],"class_list":{"0":"post-236723","1":"post","2":"type-post","3":"status-publish","4":"format-standard","5":"has-post-thumbnail","7":"category-noticias-de-cuba","8":"tag-aguas-de-la-habana","9":"tag-crisis-en-cuba","10":"tag-guanabacoa","11":"tag-habana-del-este"},"acf":[],"yoast_head":"<!-- This site is optimized with the Yoast SEO plugin v27.5 - https:\/\/yoast.com\/product\/yoast-seo-wordpress\/ -->\n<title>Impactante video muestra la rotura que dej\u00f3 sin agua potable a medio Habana del Este - Cuballama Noticias<\/title>\n<meta name=\"description\" content=\"Una rotura en una de las principales conductoras de agua de La Habana provoc\u00f3 la interrupci\u00f3n temporal del servicio Habana del Este\" \/>\n<meta name=\"robots\" content=\"index, follow, max-snippet:-1, max-image-preview:large, max-video-preview:-1\" \/>\n<link rel=\"canonical\" href=\"https:\/\/www.cuballama.com\/noticias\/impactante-video-muestra-la-rotura-que-dejo-sin-agua-potable-a-medio-habana-del-este\/\" \/>\n<meta property=\"og:locale\" content=\"es_ES\" \/>\n<meta property=\"og:type\" content=\"article\" \/>\n<meta property=\"og:title\" content=\"Impactante video muestra la rotura que dej\u00f3 sin agua potable a medio Habana del Este - Cuballama Noticias\" \/>\n<meta property=\"og:description\" content=\"Una rotura en una de las principales conductoras de agua de La Habana provoc\u00f3 la interrupci\u00f3n temporal del servicio Habana del Este\" \/>\n<meta property=\"og:url\" content=\"https:\/\/www.cuballama.com\/noticias\/impactante-video-muestra-la-rotura-que-dejo-sin-agua-potable-a-medio-habana-del-este\/\" \/>\n<meta property=\"og:site_name\" content=\"Cuballama Noticias\" \/>\n<meta property=\"article:publisher\" content=\"https:\/\/www.facebook.com\/CubaLlama\" \/>\n<meta property=\"article:published_time\" content=\"2026-03-01T15:17:45+00:00\" \/>\n<meta property=\"article:modified_time\" content=\"2026-03-01T15:17:48+00:00\" \/>\n<meta property=\"og:image\" content=\"https:\/\/cdn1.mediawpaccore.net\/wp-content\/uploads\/2026\/03\/01101547\/Captura-de-pantalla-2026-03-01-a-las-16.15.29.png\" \/>\n\t<meta property=\"og:image:width\" content=\"1524\" \/>\n\t<meta property=\"og:image:height\" content=\"1058\" \/>\n\t<meta property=\"og:image:type\" content=\"image\/png\" \/>\n<meta name=\"author\" content=\"Rafa\" \/>\n<meta name=\"twitter:card\" content=\"summary_large_image\" \/>\n<meta name=\"twitter:creator\" content=\"@cuballama\" \/>\n<meta name=\"twitter:site\" content=\"@cuballama\" \/>\n<meta name=\"twitter:label1\" content=\"Escrito por\" \/>\n\t<meta name=\"twitter:data1\" content=\"Rafa\" \/>\n\t<meta name=\"twitter:label2\" content=\"Tiempo de lectura\" \/>\n\t<meta name=\"twitter:data2\" content=\"3 minutos\" \/>\n<script type=\"application\/ld+json\" class=\"yoast-schema-graph\">{\"@context\":\"https:\\\/\\\/schema.org\",\"@graph\":[{\"@type\":\"Article\",\"@id\":\"https:\\\/\\\/www.cuballama.com\\\/noticias\\\/impactante-video-muestra-la-rotura-que-dejo-sin-agua-potable-a-medio-habana-del-este\\\/#article\",\"isPartOf\":{\"@id\":\"https:\\\/\\\/www.cuballama.com\\\/noticias\\\/impactante-video-muestra-la-rotura-que-dejo-sin-agua-potable-a-medio-habana-del-este\\\/\"},\"author\":{\"name\":\"Rafa\",\"@id\":\"https:\\\/\\\/www.cuballama.com\\\/noticias\\\/#\\\/schema\\\/person\\\/0f97914526a658755f00e59ec2a832f2\"},\"headline\":\"Impactante video muestra la rotura que dej\u00f3 sin agua potable a medio Habana del Este\",\"datePublished\":\"2026-03-01T15:17:45+00:00\",\"dateModified\":\"2026-03-01T15:17:48+00:00\",\"mainEntityOfPage\":{\"@id\":\"https:\\\/\\\/www.cuballama.com\\\/noticias\\\/impactante-video-muestra-la-rotura-que-dejo-sin-agua-potable-a-medio-habana-del-este\\\/\"},\"wordCount\":578,\"commentCount\":0,\"publisher\":{\"@id\":\"https:\\\/\\\/www.cuballama.com\\\/noticias\\\/#organization\"},\"image\":{\"@id\":\"https:\\\/\\\/www.cuballama.com\\\/noticias\\\/impactante-video-muestra-la-rotura-que-dejo-sin-agua-potable-a-medio-habana-del-este\\\/#primaryimage\"},\"thumbnailUrl\":\"https:\\\/\\\/cdn1.mediawpaccore.net\\\/wp-content\\\/uploads\\\/2026\\\/03\\\/01101547\\\/Captura-de-pantalla-2026-03-01-a-las-16.15.29.png\",\"keywords\":[\"Aguas de La Habana\",\"Crisis en Cuba\",\"Guanabacoa\",\"Habana del Este\"],\"articleSection\":[\"Noticias de Cuba\"],\"inLanguage\":\"es\",\"potentialAction\":[{\"@type\":\"CommentAction\",\"name\":\"Comment\",\"target\":[\"https:\\\/\\\/www.cuballama.com\\\/noticias\\\/impactante-video-muestra-la-rotura-que-dejo-sin-agua-potable-a-medio-habana-del-este\\\/#respond\"]}]},{\"@type\":\"WebPage\",\"@id\":\"https:\\\/\\\/www.cuballama.com\\\/noticias\\\/impactante-video-muestra-la-rotura-que-dejo-sin-agua-potable-a-medio-habana-del-este\\\/\",\"url\":\"https:\\\/\\\/www.cuballama.com\\\/noticias\\\/impactante-video-muestra-la-rotura-que-dejo-sin-agua-potable-a-medio-habana-del-este\\\/\",\"name\":\"Impactante video muestra la rotura que dej\u00f3 sin agua potable a medio Habana del Este - Cuballama Noticias\",\"isPartOf\":{\"@id\":\"https:\\\/\\\/www.cuballama.com\\\/noticias\\\/#website\"},\"primaryImageOfPage\":{\"@id\":\"https:\\\/\\\/www.cuballama.com\\\/noticias\\\/impactante-video-muestra-la-rotura-que-dejo-sin-agua-potable-a-medio-habana-del-este\\\/#primaryimage\"},\"image\":{\"@id\":\"https:\\\/\\\/www.cuballama.com\\\/noticias\\\/impactante-video-muestra-la-rotura-que-dejo-sin-agua-potable-a-medio-habana-del-este\\\/#primaryimage\"},\"thumbnailUrl\":\"https:\\\/\\\/cdn1.mediawpaccore.net\\\/wp-content\\\/uploads\\\/2026\\\/03\\\/01101547\\\/Captura-de-pantalla-2026-03-01-a-las-16.15.29.png\",\"datePublished\":\"2026-03-01T15:17:45+00:00\",\"dateModified\":\"2026-03-01T15:17:48+00:00\",\"description\":\"Una rotura en una de las principales conductoras de agua de La Habana provoc\u00f3 la interrupci\u00f3n temporal del servicio Habana del Este\",\"breadcrumb\":{\"@id\":\"https:\\\/\\\/www.cuballama.com\\\/noticias\\\/impactante-video-muestra-la-rotura-que-dejo-sin-agua-potable-a-medio-habana-del-este\\\/#breadcrumb\"},\"inLanguage\":\"es\",\"potentialAction\":[{\"@type\":\"ReadAction\",\"target\":[\"https:\\\/\\\/www.cuballama.com\\\/noticias\\\/impactante-video-muestra-la-rotura-que-dejo-sin-agua-potable-a-medio-habana-del-este\\\/\"]}]},{\"@type\":\"ImageObject\",\"inLanguage\":\"es\",\"@id\":\"https:\\\/\\\/www.cuballama.com\\\/noticias\\\/impactante-video-muestra-la-rotura-que-dejo-sin-agua-potable-a-medio-habana-del-este\\\/#primaryimage\",\"url\":\"https:\\\/\\\/cdn1.mediawpaccore.net\\\/wp-content\\\/uploads\\\/2026\\\/03\\\/01101547\\\/Captura-de-pantalla-2026-03-01-a-las-16.15.29.png\",\"contentUrl\":\"https:\\\/\\\/cdn1.mediawpaccore.net\\\/wp-content\\\/uploads\\\/2026\\\/03\\\/01101547\\\/Captura-de-pantalla-2026-03-01-a-las-16.15.29.png\",\"width\":1524,\"height\":1058,\"caption\":\"Foto: Aguas de La Habana\\\/ Facebook\"},{\"@type\":\"BreadcrumbList\",\"@id\":\"https:\\\/\\\/www.cuballama.com\\\/noticias\\\/impactante-video-muestra-la-rotura-que-dejo-sin-agua-potable-a-medio-habana-del-este\\\/#breadcrumb\",\"itemListElement\":[{\"@type\":\"ListItem\",\"position\":1,\"name\":\"Home\",\"item\":\"https:\\\/\\\/www.cuballama.com\\\/noticias\\\/\"},{\"@type\":\"ListItem\",\"position\":2,\"name\":\"Impactante video muestra la rotura que dej\u00f3 sin agua potable a medio Habana del Este\"}]},{\"@type\":\"WebSite\",\"@id\":\"https:\\\/\\\/www.cuballama.com\\\/noticias\\\/#website\",\"url\":\"https:\\\/\\\/www.cuballama.com\\\/noticias\\\/\",\"name\":\"Cuballama Noticias\",\"description\":\"Medio digital sobre Cuba y el mundo\",\"publisher\":{\"@id\":\"https:\\\/\\\/www.cuballama.com\\\/noticias\\\/#organization\"},\"potentialAction\":[{\"@type\":\"SearchAction\",\"target\":{\"@type\":\"EntryPoint\",\"urlTemplate\":\"https:\\\/\\\/www.cuballama.com\\\/noticias\\\/?s={search_term_string}\"},\"query-input\":{\"@type\":\"PropertyValueSpecification\",\"valueRequired\":true,\"valueName\":\"search_term_string\"}}],\"inLanguage\":\"es\"},{\"@type\":\"Organization\",\"@id\":\"https:\\\/\\\/www.cuballama.com\\\/noticias\\\/#organization\",\"name\":\"Cuballama\",\"url\":\"https:\\\/\\\/www.cuballama.com\\\/noticias\\\/\",\"logo\":{\"@type\":\"ImageObject\",\"inLanguage\":\"es\",\"@id\":\"https:\\\/\\\/www.cuballama.com\\\/noticias\\\/#\\\/schema\\\/logo\\\/image\\\/\",\"url\":\"https:\\\/\\\/cdn1.mediawpaccore.net\\\/wp-content\\\/uploads\\\/2021\\\/12\\\/28171206\\\/cbll-logo-color-sm.png\",\"contentUrl\":\"https:\\\/\\\/cdn1.mediawpaccore.net\\\/wp-content\\\/uploads\\\/2021\\\/12\\\/28171206\\\/cbll-logo-color-sm.png\",\"width\":600,\"height\":133,\"caption\":\"Cuballama\"},\"image\":{\"@id\":\"https:\\\/\\\/www.cuballama.com\\\/noticias\\\/#\\\/schema\\\/logo\\\/image\\\/\"},\"sameAs\":[\"https:\\\/\\\/www.facebook.com\\\/CubaLlama\",\"https:\\\/\\\/x.com\\\/cuballama\",\"https:\\\/\\\/www.instagram.com\\\/stories\\\/cuballama_oficial\\\/\",\"https:\\\/\\\/www.youtube.com\\\/channel\\\/UCKkFE-d_axENGZcrc4as0IA\"]},{\"@type\":\"Person\",\"@id\":\"https:\\\/\\\/www.cuballama.com\\\/noticias\\\/#\\\/schema\\\/person\\\/0f97914526a658755f00e59ec2a832f2\",\"name\":\"Rafa\",\"url\":\"https:\\\/\\\/www.cuballama.com\\\/noticias\\\/author\\\/rafa\\\/\"}]}<\/script>\n<!-- \/ Yoast SEO plugin. -->","yoast_head_json":{"title":"Impactante video muestra la rotura que dej\u00f3 sin agua potable a medio Habana del Este - Cuballama Noticias","description":"Una rotura en una de las principales conductoras de agua de La Habana provoc\u00f3 la interrupci\u00f3n temporal del servicio Habana del Este","robots":{"index":"index","follow":"follow","max-snippet":"max-snippet:-1","max-image-preview":"max-image-preview:large","max-video-preview":"max-video-preview:-1"},"canonical":"https:\/\/www.cuballama.com\/noticias\/impactante-video-muestra-la-rotura-que-dejo-sin-agua-potable-a-medio-habana-del-este\/","og_locale":"es_ES","og_type":"article","og_title":"Impactante video muestra la rotura que dej\u00f3 sin agua potable a medio Habana del Este - Cuballama Noticias","og_description":"Una rotura en una de las principales conductoras de agua de La Habana provoc\u00f3 la interrupci\u00f3n temporal del servicio Habana del Este","og_url":"https:\/\/www.cuballama.com\/noticias\/impactante-video-muestra-la-rotura-que-dejo-sin-agua-potable-a-medio-habana-del-este\/","og_site_name":"Cuballama Noticias","article_publisher":"https:\/\/www.facebook.com\/CubaLlama","article_published_time":"2026-03-01T15:17:45+00:00","article_modified_time":"2026-03-01T15:17:48+00:00","og_image":[{"width":1524,"height":1058,"url":"https:\/\/cdn1.mediawpaccore.net\/wp-content\/uploads\/2026\/03\/01101547\/Captura-de-pantalla-2026-03-01-a-las-16.15.29.png","type":"image\/png"}],"author":"Rafa","twitter_card":"summary_large_image","twitter_creator":"@cuballama","twitter_site":"@cuballama","twitter_misc":{"Escrito por":"Rafa","Tiempo de lectura":"3 minutos"},"schema":{"@context":"https:\/\/schema.org","@graph":[{"@type":"Article","@id":"https:\/\/www.cuballama.com\/noticias\/impactante-video-muestra-la-rotura-que-dejo-sin-agua-potable-a-medio-habana-del-este\/#article","isPartOf":{"@id":"https:\/\/www.cuballama.com\/noticias\/impactante-video-muestra-la-rotura-que-dejo-sin-agua-potable-a-medio-habana-del-este\/"},"author":{"name":"Rafa","@id":"https:\/\/www.cuballama.com\/noticias\/#\/schema\/person\/0f97914526a658755f00e59ec2a832f2"},"headline":"Impactante video muestra la rotura que dej\u00f3 sin agua potable a medio Habana del Este","datePublished":"2026-03-01T15:17:45+00:00","dateModified":"2026-03-01T15:17:48+00:00","mainEntityOfPage":{"@id":"https:\/\/www.cuballama.com\/noticias\/impactante-video-muestra-la-rotura-que-dejo-sin-agua-potable-a-medio-habana-del-este\/"},"wordCount":578,"commentCount":0,"publisher":{"@id":"https:\/\/www.cuballama.com\/noticias\/#organization"},"image":{"@id":"https:\/\/www.cuballama.com\/noticias\/impactante-video-muestra-la-rotura-que-dejo-sin-agua-potable-a-medio-habana-del-este\/#primaryimage"},"thumbnailUrl":"https:\/\/cdn1.mediawpaccore.net\/wp-content\/uploads\/2026\/03\/01101547\/Captura-de-pantalla-2026-03-01-a-las-16.15.29.png","keywords":["Aguas de La Habana","Crisis en Cuba","Guanabacoa","Habana del Este"],"articleSection":["Noticias de Cuba"],"inLanguage":"es","potentialAction":[{"@type":"CommentAction","name":"Comment","target":["https:\/\/www.cuballama.com\/noticias\/impactante-video-muestra-la-rotura-que-dejo-sin-agua-potable-a-medio-habana-del-este\/#respond"]}]},{"@type":"WebPage","@id":"https:\/\/www.cuballama.com\/noticias\/impactante-video-muestra-la-rotura-que-dejo-sin-agua-potable-a-medio-habana-del-este\/","url":"https:\/\/www.cuballama.com\/noticias\/impactante-video-muestra-la-rotura-que-dejo-sin-agua-potable-a-medio-habana-del-este\/","name":"Impactante video muestra la rotura que dej\u00f3 sin agua potable a medio Habana del Este - Cuballama Noticias","isPartOf":{"@id":"https:\/\/www.cuballama.com\/noticias\/#website"},"primaryImageOfPage":{"@id":"https:\/\/www.cuballama.com\/noticias\/impactante-video-muestra-la-rotura-que-dejo-sin-agua-potable-a-medio-habana-del-este\/#primaryimage"},"image":{"@id":"https:\/\/www.cuballama.com\/noticias\/impactante-video-muestra-la-rotura-que-dejo-sin-agua-potable-a-medio-habana-del-este\/#primaryimage"},"thumbnailUrl":"https:\/\/cdn1.mediawpaccore.net\/wp-content\/uploads\/2026\/03\/01101547\/Captura-de-pantalla-2026-03-01-a-las-16.15.29.png","datePublished":"2026-03-01T15:17:45+00:00","dateModified":"2026-03-01T15:17:48+00:00","description":"Una rotura en una de las principales conductoras de agua de La Habana provoc\u00f3 la interrupci\u00f3n temporal del servicio Habana del Este","breadcrumb":{"@id":"https:\/\/www.cuballama.com\/noticias\/impactante-video-muestra-la-rotura-que-dejo-sin-agua-potable-a-medio-habana-del-este\/#breadcrumb"},"inLanguage":"es","potentialAction":[{"@type":"ReadAction","target":["https:\/\/www.cuballama.com\/noticias\/impactante-video-muestra-la-rotura-que-dejo-sin-agua-potable-a-medio-habana-del-este\/"]}]},{"@type":"ImageObject","inLanguage":"es","@id":"https:\/\/www.cuballama.com\/noticias\/impactante-video-muestra-la-rotura-que-dejo-sin-agua-potable-a-medio-habana-del-este\/#primaryimage","url":"https:\/\/cdn1.mediawpaccore.net\/wp-content\/uploads\/2026\/03\/01101547\/Captura-de-pantalla-2026-03-01-a-las-16.15.29.png","contentUrl":"https:\/\/cdn1.mediawpaccore.net\/wp-content\/uploads\/2026\/03\/01101547\/Captura-de-pantalla-2026-03-01-a-las-16.15.29.png","width":1524,"height":1058,"caption":"Foto: Aguas de La Habana\/ Facebook"},{"@type":"BreadcrumbList","@id":"https:\/\/www.cuballama.com\/noticias\/impactante-video-muestra-la-rotura-que-dejo-sin-agua-potable-a-medio-habana-del-este\/#breadcrumb","itemListElement":[{"@type":"ListItem","position":1,"name":"Home","item":"https:\/\/www.cuballama.com\/noticias\/"},{"@type":"ListItem","position":2,"name":"Impactante video muestra la rotura que dej\u00f3 sin agua potable a medio Habana del Este"}]},{"@type":"WebSite","@id":"https:\/\/www.cuballama.com\/noticias\/#website","url":"https:\/\/www.cuballama.com\/noticias\/","name":"Cuballama Noticias","description":"Medio digital sobre Cuba y el mundo","publisher":{"@id":"https:\/\/www.cuballama.com\/noticias\/#organization"},"potentialAction":[{"@type":"SearchAction","target":{"@type":"EntryPoint","urlTemplate":"https:\/\/www.cuballama.com\/noticias\/?s={search_term_string}"},"query-input":{"@type":"PropertyValueSpecification","valueRequired":true,"valueName":"search_term_string"}}],"inLanguage":"es"},{"@type":"Organization","@id":"https:\/\/www.cuballama.com\/noticias\/#organization","name":"Cuballama","url":"https:\/\/www.cuballama.com\/noticias\/","logo":{"@type":"ImageObject","inLanguage":"es","@id":"https:\/\/www.cuballama.com\/noticias\/#\/schema\/logo\/image\/","url":"https:\/\/cdn1.mediawpaccore.net\/wp-content\/uploads\/2021\/12\/28171206\/cbll-logo-color-sm.png","contentUrl":"https:\/\/cdn1.mediawpaccore.net\/wp-content\/uploads\/2021\/12\/28171206\/cbll-logo-color-sm.png","width":600,"height":133,"caption":"Cuballama"},"image":{"@id":"https:\/\/www.cuballama.com\/noticias\/#\/schema\/logo\/image\/"},"sameAs":["https:\/\/www.facebook.com\/CubaLlama","https:\/\/x.com\/cuballama","https:\/\/www.instagram.com\/stories\/cuballama_oficial\/","https:\/\/www.youtube.com\/channel\/UCKkFE-d_axENGZcrc4as0IA"]},{"@type":"Person","@id":"https:\/\/www.cuballama.com\/noticias\/#\/schema\/person\/0f97914526a658755f00e59ec2a832f2","name":"Rafa","url":"https:\/\/www.cuballama.com\/noticias\/author\/rafa\/"}]}},"_links":{"self":[{"href":"https:\/\/www.cuballama.com\/noticias\/wp-json\/wp\/v2\/posts\/236723","targetHints":{"allow":["GET"]}}],"collection":[{"href":"https:\/\/www.cuballama.com\/noticias\/wp-json\/wp\/v2\/posts"}],"about":[{"href":"https:\/\/www.cuballama.com\/noticias\/wp-json\/wp\/v2\/types\/post"}],"author":[{"embeddable":true,"href":"https:\/\/www.cuballama.com\/noticias\/wp-json\/wp\/v2\/users\/27"}],"replies":[{"embeddable":true,"href":"https:\/\/www.cuballama.com\/noticias\/wp-json\/wp\/v2\/comments?post=236723"}],"version-history":[{"count":1,"href":"https:\/\/www.cuballama.com\/noticias\/wp-json\/wp\/v2\/posts\/236723\/revisions"}],"predecessor-version":[{"id":236725,"href":"https:\/\/www.cuballama.com\/noticias\/wp-json\/wp\/v2\/posts\/236723\/revisions\/236725"}],"wp:featuredmedia":[{"embeddable":true,"href":"https:\/\/www.cuballama.com\/noticias\/wp-json\/wp\/v2\/media\/236724"}],"wp:attachment":[{"href":"https:\/\/www.cuballama.com\/noticias\/wp-json\/wp\/v2\/media?parent=236723"}],"wp:term":[{"taxonomy":"category","embeddable":true,"href":"https:\/\/www.cuballama.com\/noticias\/wp-json\/wp\/v2\/categories?post=236723"},{"taxonomy":"post_tag","embeddable":true,"href":"https:\/\/www.cuballama.com\/noticias\/wp-json\/wp\/v2\/tags?post=236723"}],"curies":[{"name":"wp","href":"https:\/\/api.w.org\/{rel}","templated":true}]}}