{"id":236711,"date":"2026-03-02T08:12:56","date_gmt":"2026-03-02T13:12:56","guid":{"rendered":"https:\/\/www.cuballama.com\/noticias\/?p=236711"},"modified":"2026-03-02T08:21:48","modified_gmt":"2026-03-02T13:21:48","slug":"velito-el-bufon-habla-tras-ruptura-con-la-madre-de-sus-hijos-la-mujer-mas-importante-de-mi-vida","status":"publish","type":"post","link":"https:\/\/www.cuballama.com\/noticias\/velito-el-bufon-habla-tras-ruptura-con-la-madre-de-sus-hijos-la-mujer-mas-importante-de-mi-vida\/","title":{"rendered":"Velito El Buf\u00f3n habla tras ruptura con la madre de sus hijos: \u201cLa mujer m\u00e1s importante de mi vida\u201d"},"content":{"rendered":"\n<p>El reguetonero cubano Velito El Buf\u00f3n se deshizo en elogios este fin de semana hacia la madre de sus dos hijos, la joven tambi\u00e9n cubana conocida en redes sociales como Thal\u00eda, despu\u00e9s de innumerables cr\u00edticas tras confirmar su ruptura.<\/p>\n\n\n\n<p>Luego de que <a href=\"https:\/\/www.cuballama.com\/noticias\/madre-de-los-hijos-de-velito-el-bufon-confirma-ruptura-con-el-reguetonero-el-decidio-hacer-su-vida\/?srsltid=AfmBOoqZ5YBV8oZBFWae4EcHdRr4e819zSfTy-LXW1noKNtnoWsshnru\" target=\"_blank\" rel=\"noreferrer noopener\">la propia Thal\u00eda<\/a> asegurara que hace meses que decidieron terminar una relaci\u00f3n de m\u00e1s de cinco a\u00f1os y en medio de su gira por Europa, Dariel Guti\u00e9rrez, que es el nombre real de Velito, rompi\u00f3 el silencio para dejar claro que que su \u201cPa Thal\u00eda\u201d es \u201cla mejor mujer del mundo\u201d y \u201cla madre que me dio las dos criaturas que son lo m\u00e1s grande que tengo en esta vida\u201d.&nbsp;<\/p>\n\n\n\n<p>\u201cLa gente puede hablar, criticar y hasta difamar de nuestra relaci\u00f3n. Los \u00fanicos que sabemos la verdad somos t\u00fa y yo\u201d, se\u00f1al\u00f3 el joven artista urbano al pie de un post en Facebook que los muestra a Thal\u00eda y a \u00e9l hablando por videollamada.<\/p>\n\n\n\n<iframe loading=\"lazy\" src=\"https:\/\/www.facebook.com\/plugins\/video.php?height=476&#038;href=https%3A%2F%2Fwww.facebook.com%2Freel%2F947633854329839%2F&#038;show_text=true&#038;width=267&#038;t=0\" width=\"267\" height=\"591\" style=\"border:none;overflow:hidden\" scrolling=\"no\" frameborder=\"0\" allowfullscreen=\"true\" allow=\"autoplay; clipboard-write; encrypted-media; picture-in-picture; web-share\" allowFullScreen=\"true\"><\/iframe>\n\n\n\n<p>\u201cCada historia de amor tiene un fin y la de nosotros lleg\u00f3 a lo que nunca esperamos, aunque siempre ser\u00e1s la mujer m\u00e1s importante de mi vida y lo sabes\u201d, expres\u00f3 Velito luego de que Thal\u00eda, reci\u00e9n parida del segundo hijo de ambos, dijera que \u201cdesde hace meses\u201d \u00e9l \u201cdecidi\u00f3 hacer su vida y yo la m\u00eda\u201d.<\/p>\n\n\n\n<p>\u201cEl mundo puede estar en mi contra, pero estar bien contigo y con mis hijos es lo que realmente me interesa en esta vida\u201d, agreg\u00f3 Velito tras fuertes rumores de que manten\u00edan una \u201crelaci\u00f3n abierta\u201d y cr\u00edticas porque \u201cla del proceso no se cambia\u201d.<\/p>\n\n\n\n<p>Al anunciar su separaci\u00f3n, Thal\u00eda dijo que hab\u00eda decidido no hacer publica su ruptura antes por su bienestar emocional. Si bien entonces la muchacha declar\u00f3 que cerrar\u00eda su cuenta en Instagram porque se hab\u00eda cansado de que \u201cmi vida sea p\u00fablica\u201d, se ha mantenido creando contenido y dando muestras de su resiliencia.<\/p>\n\n\n\n<p>La noticia sorprendi\u00f3 especialmente porque la pareja era considerada una de las m\u00e1s queridas dentro del g\u00e9nero urbano cubano.<\/p>\n","protected":false},"excerpt":{"rendered":"<p>El reguetonero se deshizo en elogios hacia \u201cla madre que me dio las dos criaturas que son lo m\u00e1s grande que tengo en esta vida\u201d.<\/p>\n","protected":false},"author":30,"featured_media":236713,"comment_status":"open","ping_status":"closed","sticky":false,"template":"","format":"standard","meta":{"_acf_changed":false,"footnotes":""},"categories":[443,18],"tags":[941,11115,15235,21160,11531,22511],"class_list":{"0":"post-236711","1":"post","2":"type-post","3":"status-publish","4":"format-standard","5":"has-post-thumbnail","7":"category-farandula","8":"category-noticias","9":"tag-destacado","10":"tag-genero-urbano-2","11":"tag-reguetonero-cubano","12":"tag-rupturas-amorosas","13":"tag-thalia-2","14":"tag-velito-el-bufon"},"acf":[],"yoast_head":"<!-- This site is optimized with the Yoast SEO plugin v27.4 - https:\/\/yoast.com\/product\/yoast-seo-wordpress\/ -->\n<title>Velito El Buf\u00f3n habla tras ruptura con la madre de sus hijos: \u201cLa mujer m\u00e1s importante de mi vida\u201d - Cuballama Noticias<\/title>\n<meta name=\"description\" content=\"El reguetonero cubano Velito El Buf\u00f3n se deshizo en elogios este fin de semana hacia la madre de sus dos hijos, la joven Thal\u00eda.\" \/>\n<meta name=\"robots\" content=\"index, follow, max-snippet:-1, max-image-preview:large, max-video-preview:-1\" \/>\n<link rel=\"canonical\" href=\"https:\/\/www.cuballama.com\/noticias\/velito-el-bufon-habla-tras-ruptura-con-la-madre-de-sus-hijos-la-mujer-mas-importante-de-mi-vida\/\" \/>\n<meta property=\"og:locale\" content=\"es_ES\" \/>\n<meta property=\"og:type\" content=\"article\" \/>\n<meta property=\"og:title\" content=\"Velito El Buf\u00f3n habla tras ruptura con la madre de sus hijos: \u201cLa mujer m\u00e1s importante de mi vida\u201d - Cuballama Noticias\" \/>\n<meta property=\"og:description\" content=\"El reguetonero cubano Velito El Buf\u00f3n se deshizo en elogios este fin de semana hacia la madre de sus dos hijos, la joven Thal\u00eda.\" \/>\n<meta property=\"og:url\" content=\"https:\/\/www.cuballama.com\/noticias\/velito-el-bufon-habla-tras-ruptura-con-la-madre-de-sus-hijos-la-mujer-mas-importante-de-mi-vida\/\" \/>\n<meta property=\"og:site_name\" content=\"Cuballama Noticias\" \/>\n<meta property=\"article:publisher\" content=\"https:\/\/www.facebook.com\/CubaLlama\" \/>\n<meta property=\"article:published_time\" content=\"2026-03-02T13:12:56+00:00\" \/>\n<meta property=\"article:modified_time\" content=\"2026-03-02T13:21:48+00:00\" \/>\n<meta property=\"og:image\" content=\"https:\/\/cdn1.mediawpaccore.net\/wp-content\/uploads\/2026\/02\/28141430\/Square-black-four-4x45-1.jpg\" \/>\n\t<meta property=\"og:image:width\" content=\"1200\" \/>\n\t<meta property=\"og:image:height\" content=\"630\" \/>\n\t<meta property=\"og:image:type\" content=\"image\/jpeg\" \/>\n<meta name=\"author\" content=\"Kathy\" \/>\n<meta name=\"twitter:card\" content=\"summary_large_image\" \/>\n<meta name=\"twitter:creator\" content=\"@cuballama\" \/>\n<meta name=\"twitter:site\" content=\"@cuballama\" \/>\n<meta name=\"twitter:label1\" content=\"Escrito por\" \/>\n\t<meta name=\"twitter:data1\" content=\"Kathy\" \/>\n\t<meta name=\"twitter:label2\" content=\"Tiempo de lectura\" \/>\n\t<meta name=\"twitter:data2\" content=\"2 minutos\" \/>\n<script type=\"application\/ld+json\" class=\"yoast-schema-graph\">{\"@context\":\"https:\\\/\\\/schema.org\",\"@graph\":[{\"@type\":\"Article\",\"@id\":\"https:\\\/\\\/www.cuballama.com\\\/noticias\\\/velito-el-bufon-habla-tras-ruptura-con-la-madre-de-sus-hijos-la-mujer-mas-importante-de-mi-vida\\\/#article\",\"isPartOf\":{\"@id\":\"https:\\\/\\\/www.cuballama.com\\\/noticias\\\/velito-el-bufon-habla-tras-ruptura-con-la-madre-de-sus-hijos-la-mujer-mas-importante-de-mi-vida\\\/\"},\"author\":{\"name\":\"Kathy\",\"@id\":\"https:\\\/\\\/www.cuballama.com\\\/noticias\\\/#\\\/schema\\\/person\\\/86cd3e3f4974437f031211213bf892d5\"},\"headline\":\"Velito El Buf\u00f3n habla tras ruptura con la madre de sus hijos: \u201cLa mujer m\u00e1s importante de mi vida\u201d\",\"datePublished\":\"2026-03-02T13:12:56+00:00\",\"dateModified\":\"2026-03-02T13:21:48+00:00\",\"mainEntityOfPage\":{\"@id\":\"https:\\\/\\\/www.cuballama.com\\\/noticias\\\/velito-el-bufon-habla-tras-ruptura-con-la-madre-de-sus-hijos-la-mujer-mas-importante-de-mi-vida\\\/\"},\"wordCount\":381,\"commentCount\":0,\"publisher\":{\"@id\":\"https:\\\/\\\/www.cuballama.com\\\/noticias\\\/#organization\"},\"image\":{\"@id\":\"https:\\\/\\\/www.cuballama.com\\\/noticias\\\/velito-el-bufon-habla-tras-ruptura-con-la-madre-de-sus-hijos-la-mujer-mas-importante-de-mi-vida\\\/#primaryimage\"},\"thumbnailUrl\":\"https:\\\/\\\/cdn1.mediawpaccore.net\\\/wp-content\\\/uploads\\\/2026\\\/02\\\/28141430\\\/Square-black-four-4x45-1.jpg\",\"keywords\":[\"destacado\",\"G\u00e9nero Urbano\",\"reguetonero cubano\",\"Rupturas amorosas\",\"Thal\u00eda\",\"Velito el Buf\u00f3n\"],\"articleSection\":[\"Far\u00e1ndula\",\"Noticias\"],\"inLanguage\":\"es\",\"potentialAction\":[{\"@type\":\"CommentAction\",\"name\":\"Comment\",\"target\":[\"https:\\\/\\\/www.cuballama.com\\\/noticias\\\/velito-el-bufon-habla-tras-ruptura-con-la-madre-de-sus-hijos-la-mujer-mas-importante-de-mi-vida\\\/#respond\"]}]},{\"@type\":\"WebPage\",\"@id\":\"https:\\\/\\\/www.cuballama.com\\\/noticias\\\/velito-el-bufon-habla-tras-ruptura-con-la-madre-de-sus-hijos-la-mujer-mas-importante-de-mi-vida\\\/\",\"url\":\"https:\\\/\\\/www.cuballama.com\\\/noticias\\\/velito-el-bufon-habla-tras-ruptura-con-la-madre-de-sus-hijos-la-mujer-mas-importante-de-mi-vida\\\/\",\"name\":\"Velito El Buf\u00f3n habla tras ruptura con la madre de sus hijos: \u201cLa mujer m\u00e1s importante de mi vida\u201d - Cuballama Noticias\",\"isPartOf\":{\"@id\":\"https:\\\/\\\/www.cuballama.com\\\/noticias\\\/#website\"},\"primaryImageOfPage\":{\"@id\":\"https:\\\/\\\/www.cuballama.com\\\/noticias\\\/velito-el-bufon-habla-tras-ruptura-con-la-madre-de-sus-hijos-la-mujer-mas-importante-de-mi-vida\\\/#primaryimage\"},\"image\":{\"@id\":\"https:\\\/\\\/www.cuballama.com\\\/noticias\\\/velito-el-bufon-habla-tras-ruptura-con-la-madre-de-sus-hijos-la-mujer-mas-importante-de-mi-vida\\\/#primaryimage\"},\"thumbnailUrl\":\"https:\\\/\\\/cdn1.mediawpaccore.net\\\/wp-content\\\/uploads\\\/2026\\\/02\\\/28141430\\\/Square-black-four-4x45-1.jpg\",\"datePublished\":\"2026-03-02T13:12:56+00:00\",\"dateModified\":\"2026-03-02T13:21:48+00:00\",\"description\":\"El reguetonero cubano Velito El Buf\u00f3n se deshizo en elogios este fin de semana hacia la madre de sus dos hijos, la joven Thal\u00eda.\",\"breadcrumb\":{\"@id\":\"https:\\\/\\\/www.cuballama.com\\\/noticias\\\/velito-el-bufon-habla-tras-ruptura-con-la-madre-de-sus-hijos-la-mujer-mas-importante-de-mi-vida\\\/#breadcrumb\"},\"inLanguage\":\"es\",\"potentialAction\":[{\"@type\":\"ReadAction\",\"target\":[\"https:\\\/\\\/www.cuballama.com\\\/noticias\\\/velito-el-bufon-habla-tras-ruptura-con-la-madre-de-sus-hijos-la-mujer-mas-importante-de-mi-vida\\\/\"]}]},{\"@type\":\"ImageObject\",\"inLanguage\":\"es\",\"@id\":\"https:\\\/\\\/www.cuballama.com\\\/noticias\\\/velito-el-bufon-habla-tras-ruptura-con-la-madre-de-sus-hijos-la-mujer-mas-importante-de-mi-vida\\\/#primaryimage\",\"url\":\"https:\\\/\\\/cdn1.mediawpaccore.net\\\/wp-content\\\/uploads\\\/2026\\\/02\\\/28141430\\\/Square-black-four-4x45-1.jpg\",\"contentUrl\":\"https:\\\/\\\/cdn1.mediawpaccore.net\\\/wp-content\\\/uploads\\\/2026\\\/02\\\/28141430\\\/Square-black-four-4x45-1.jpg\",\"width\":1200,\"height\":630,\"caption\":\"Thal\u00eda y Velito El Buf\u00f3n. Foto: Instagram\\\/Thal\u00eda\\\/Velito El Buf\u00f3n.\"},{\"@type\":\"BreadcrumbList\",\"@id\":\"https:\\\/\\\/www.cuballama.com\\\/noticias\\\/velito-el-bufon-habla-tras-ruptura-con-la-madre-de-sus-hijos-la-mujer-mas-importante-de-mi-vida\\\/#breadcrumb\",\"itemListElement\":[{\"@type\":\"ListItem\",\"position\":1,\"name\":\"Home\",\"item\":\"https:\\\/\\\/www.cuballama.com\\\/noticias\\\/\"},{\"@type\":\"ListItem\",\"position\":2,\"name\":\"Velito El Buf\u00f3n habla tras ruptura con la madre de sus hijos: \u201cLa mujer m\u00e1s importante de mi vida\u201d\"}]},{\"@type\":\"WebSite\",\"@id\":\"https:\\\/\\\/www.cuballama.com\\\/noticias\\\/#website\",\"url\":\"https:\\\/\\\/www.cuballama.com\\\/noticias\\\/\",\"name\":\"Cuballama Noticias\",\"description\":\"Medio digital sobre Cuba y el mundo\",\"publisher\":{\"@id\":\"https:\\\/\\\/www.cuballama.com\\\/noticias\\\/#organization\"},\"potentialAction\":[{\"@type\":\"SearchAction\",\"target\":{\"@type\":\"EntryPoint\",\"urlTemplate\":\"https:\\\/\\\/www.cuballama.com\\\/noticias\\\/?s={search_term_string}\"},\"query-input\":{\"@type\":\"PropertyValueSpecification\",\"valueRequired\":true,\"valueName\":\"search_term_string\"}}],\"inLanguage\":\"es\"},{\"@type\":\"Organization\",\"@id\":\"https:\\\/\\\/www.cuballama.com\\\/noticias\\\/#organization\",\"name\":\"Cuballama\",\"url\":\"https:\\\/\\\/www.cuballama.com\\\/noticias\\\/\",\"logo\":{\"@type\":\"ImageObject\",\"inLanguage\":\"es\",\"@id\":\"https:\\\/\\\/www.cuballama.com\\\/noticias\\\/#\\\/schema\\\/logo\\\/image\\\/\",\"url\":\"https:\\\/\\\/cdn1.mediawpaccore.net\\\/wp-content\\\/uploads\\\/2021\\\/12\\\/28171206\\\/cbll-logo-color-sm.png\",\"contentUrl\":\"https:\\\/\\\/cdn1.mediawpaccore.net\\\/wp-content\\\/uploads\\\/2021\\\/12\\\/28171206\\\/cbll-logo-color-sm.png\",\"width\":600,\"height\":133,\"caption\":\"Cuballama\"},\"image\":{\"@id\":\"https:\\\/\\\/www.cuballama.com\\\/noticias\\\/#\\\/schema\\\/logo\\\/image\\\/\"},\"sameAs\":[\"https:\\\/\\\/www.facebook.com\\\/CubaLlama\",\"https:\\\/\\\/x.com\\\/cuballama\",\"https:\\\/\\\/www.instagram.com\\\/stories\\\/cuballama_oficial\\\/\",\"https:\\\/\\\/www.youtube.com\\\/channel\\\/UCKkFE-d_axENGZcrc4as0IA\"]},{\"@type\":\"Person\",\"@id\":\"https:\\\/\\\/www.cuballama.com\\\/noticias\\\/#\\\/schema\\\/person\\\/86cd3e3f4974437f031211213bf892d5\",\"name\":\"Kathy\",\"url\":\"https:\\\/\\\/www.cuballama.com\\\/noticias\\\/author\\\/kathy\\\/\"}]}<\/script>\n<!-- \/ Yoast SEO plugin. -->","yoast_head_json":{"title":"Velito El Buf\u00f3n habla tras ruptura con la madre de sus hijos: \u201cLa mujer m\u00e1s importante de mi vida\u201d - Cuballama Noticias","description":"El reguetonero cubano Velito El Buf\u00f3n se deshizo en elogios este fin de semana hacia la madre de sus dos hijos, la joven Thal\u00eda.","robots":{"index":"index","follow":"follow","max-snippet":"max-snippet:-1","max-image-preview":"max-image-preview:large","max-video-preview":"max-video-preview:-1"},"canonical":"https:\/\/www.cuballama.com\/noticias\/velito-el-bufon-habla-tras-ruptura-con-la-madre-de-sus-hijos-la-mujer-mas-importante-de-mi-vida\/","og_locale":"es_ES","og_type":"article","og_title":"Velito El Buf\u00f3n habla tras ruptura con la madre de sus hijos: \u201cLa mujer m\u00e1s importante de mi vida\u201d - Cuballama Noticias","og_description":"El reguetonero cubano Velito El Buf\u00f3n se deshizo en elogios este fin de semana hacia la madre de sus dos hijos, la joven Thal\u00eda.","og_url":"https:\/\/www.cuballama.com\/noticias\/velito-el-bufon-habla-tras-ruptura-con-la-madre-de-sus-hijos-la-mujer-mas-importante-de-mi-vida\/","og_site_name":"Cuballama Noticias","article_publisher":"https:\/\/www.facebook.com\/CubaLlama","article_published_time":"2026-03-02T13:12:56+00:00","article_modified_time":"2026-03-02T13:21:48+00:00","og_image":[{"width":1200,"height":630,"url":"https:\/\/cdn1.mediawpaccore.net\/wp-content\/uploads\/2026\/02\/28141430\/Square-black-four-4x45-1.jpg","type":"image\/jpeg"}],"author":"Kathy","twitter_card":"summary_large_image","twitter_creator":"@cuballama","twitter_site":"@cuballama","twitter_misc":{"Escrito por":"Kathy","Tiempo de lectura":"2 minutos"},"schema":{"@context":"https:\/\/schema.org","@graph":[{"@type":"Article","@id":"https:\/\/www.cuballama.com\/noticias\/velito-el-bufon-habla-tras-ruptura-con-la-madre-de-sus-hijos-la-mujer-mas-importante-de-mi-vida\/#article","isPartOf":{"@id":"https:\/\/www.cuballama.com\/noticias\/velito-el-bufon-habla-tras-ruptura-con-la-madre-de-sus-hijos-la-mujer-mas-importante-de-mi-vida\/"},"author":{"name":"Kathy","@id":"https:\/\/www.cuballama.com\/noticias\/#\/schema\/person\/86cd3e3f4974437f031211213bf892d5"},"headline":"Velito El Buf\u00f3n habla tras ruptura con la madre de sus hijos: \u201cLa mujer m\u00e1s importante de mi vida\u201d","datePublished":"2026-03-02T13:12:56+00:00","dateModified":"2026-03-02T13:21:48+00:00","mainEntityOfPage":{"@id":"https:\/\/www.cuballama.com\/noticias\/velito-el-bufon-habla-tras-ruptura-con-la-madre-de-sus-hijos-la-mujer-mas-importante-de-mi-vida\/"},"wordCount":381,"commentCount":0,"publisher":{"@id":"https:\/\/www.cuballama.com\/noticias\/#organization"},"image":{"@id":"https:\/\/www.cuballama.com\/noticias\/velito-el-bufon-habla-tras-ruptura-con-la-madre-de-sus-hijos-la-mujer-mas-importante-de-mi-vida\/#primaryimage"},"thumbnailUrl":"https:\/\/cdn1.mediawpaccore.net\/wp-content\/uploads\/2026\/02\/28141430\/Square-black-four-4x45-1.jpg","keywords":["destacado","G\u00e9nero Urbano","reguetonero cubano","Rupturas amorosas","Thal\u00eda","Velito el Buf\u00f3n"],"articleSection":["Far\u00e1ndula","Noticias"],"inLanguage":"es","potentialAction":[{"@type":"CommentAction","name":"Comment","target":["https:\/\/www.cuballama.com\/noticias\/velito-el-bufon-habla-tras-ruptura-con-la-madre-de-sus-hijos-la-mujer-mas-importante-de-mi-vida\/#respond"]}]},{"@type":"WebPage","@id":"https:\/\/www.cuballama.com\/noticias\/velito-el-bufon-habla-tras-ruptura-con-la-madre-de-sus-hijos-la-mujer-mas-importante-de-mi-vida\/","url":"https:\/\/www.cuballama.com\/noticias\/velito-el-bufon-habla-tras-ruptura-con-la-madre-de-sus-hijos-la-mujer-mas-importante-de-mi-vida\/","name":"Velito El Buf\u00f3n habla tras ruptura con la madre de sus hijos: \u201cLa mujer m\u00e1s importante de mi vida\u201d - Cuballama Noticias","isPartOf":{"@id":"https:\/\/www.cuballama.com\/noticias\/#website"},"primaryImageOfPage":{"@id":"https:\/\/www.cuballama.com\/noticias\/velito-el-bufon-habla-tras-ruptura-con-la-madre-de-sus-hijos-la-mujer-mas-importante-de-mi-vida\/#primaryimage"},"image":{"@id":"https:\/\/www.cuballama.com\/noticias\/velito-el-bufon-habla-tras-ruptura-con-la-madre-de-sus-hijos-la-mujer-mas-importante-de-mi-vida\/#primaryimage"},"thumbnailUrl":"https:\/\/cdn1.mediawpaccore.net\/wp-content\/uploads\/2026\/02\/28141430\/Square-black-four-4x45-1.jpg","datePublished":"2026-03-02T13:12:56+00:00","dateModified":"2026-03-02T13:21:48+00:00","description":"El reguetonero cubano Velito El Buf\u00f3n se deshizo en elogios este fin de semana hacia la madre de sus dos hijos, la joven Thal\u00eda.","breadcrumb":{"@id":"https:\/\/www.cuballama.com\/noticias\/velito-el-bufon-habla-tras-ruptura-con-la-madre-de-sus-hijos-la-mujer-mas-importante-de-mi-vida\/#breadcrumb"},"inLanguage":"es","potentialAction":[{"@type":"ReadAction","target":["https:\/\/www.cuballama.com\/noticias\/velito-el-bufon-habla-tras-ruptura-con-la-madre-de-sus-hijos-la-mujer-mas-importante-de-mi-vida\/"]}]},{"@type":"ImageObject","inLanguage":"es","@id":"https:\/\/www.cuballama.com\/noticias\/velito-el-bufon-habla-tras-ruptura-con-la-madre-de-sus-hijos-la-mujer-mas-importante-de-mi-vida\/#primaryimage","url":"https:\/\/cdn1.mediawpaccore.net\/wp-content\/uploads\/2026\/02\/28141430\/Square-black-four-4x45-1.jpg","contentUrl":"https:\/\/cdn1.mediawpaccore.net\/wp-content\/uploads\/2026\/02\/28141430\/Square-black-four-4x45-1.jpg","width":1200,"height":630,"caption":"Thal\u00eda y Velito El Buf\u00f3n. Foto: Instagram\/Thal\u00eda\/Velito El Buf\u00f3n."},{"@type":"BreadcrumbList","@id":"https:\/\/www.cuballama.com\/noticias\/velito-el-bufon-habla-tras-ruptura-con-la-madre-de-sus-hijos-la-mujer-mas-importante-de-mi-vida\/#breadcrumb","itemListElement":[{"@type":"ListItem","position":1,"name":"Home","item":"https:\/\/www.cuballama.com\/noticias\/"},{"@type":"ListItem","position":2,"name":"Velito El Buf\u00f3n habla tras ruptura con la madre de sus hijos: \u201cLa mujer m\u00e1s importante de mi vida\u201d"}]},{"@type":"WebSite","@id":"https:\/\/www.cuballama.com\/noticias\/#website","url":"https:\/\/www.cuballama.com\/noticias\/","name":"Cuballama Noticias","description":"Medio digital sobre Cuba y el mundo","publisher":{"@id":"https:\/\/www.cuballama.com\/noticias\/#organization"},"potentialAction":[{"@type":"SearchAction","target":{"@type":"EntryPoint","urlTemplate":"https:\/\/www.cuballama.com\/noticias\/?s={search_term_string}"},"query-input":{"@type":"PropertyValueSpecification","valueRequired":true,"valueName":"search_term_string"}}],"inLanguage":"es"},{"@type":"Organization","@id":"https:\/\/www.cuballama.com\/noticias\/#organization","name":"Cuballama","url":"https:\/\/www.cuballama.com\/noticias\/","logo":{"@type":"ImageObject","inLanguage":"es","@id":"https:\/\/www.cuballama.com\/noticias\/#\/schema\/logo\/image\/","url":"https:\/\/cdn1.mediawpaccore.net\/wp-content\/uploads\/2021\/12\/28171206\/cbll-logo-color-sm.png","contentUrl":"https:\/\/cdn1.mediawpaccore.net\/wp-content\/uploads\/2021\/12\/28171206\/cbll-logo-color-sm.png","width":600,"height":133,"caption":"Cuballama"},"image":{"@id":"https:\/\/www.cuballama.com\/noticias\/#\/schema\/logo\/image\/"},"sameAs":["https:\/\/www.facebook.com\/CubaLlama","https:\/\/x.com\/cuballama","https:\/\/www.instagram.com\/stories\/cuballama_oficial\/","https:\/\/www.youtube.com\/channel\/UCKkFE-d_axENGZcrc4as0IA"]},{"@type":"Person","@id":"https:\/\/www.cuballama.com\/noticias\/#\/schema\/person\/86cd3e3f4974437f031211213bf892d5","name":"Kathy","url":"https:\/\/www.cuballama.com\/noticias\/author\/kathy\/"}]}},"_links":{"self":[{"href":"https:\/\/www.cuballama.com\/noticias\/wp-json\/wp\/v2\/posts\/236711","targetHints":{"allow":["GET"]}}],"collection":[{"href":"https:\/\/www.cuballama.com\/noticias\/wp-json\/wp\/v2\/posts"}],"about":[{"href":"https:\/\/www.cuballama.com\/noticias\/wp-json\/wp\/v2\/types\/post"}],"author":[{"embeddable":true,"href":"https:\/\/www.cuballama.com\/noticias\/wp-json\/wp\/v2\/users\/30"}],"replies":[{"embeddable":true,"href":"https:\/\/www.cuballama.com\/noticias\/wp-json\/wp\/v2\/comments?post=236711"}],"version-history":[{"count":5,"href":"https:\/\/www.cuballama.com\/noticias\/wp-json\/wp\/v2\/posts\/236711\/revisions"}],"predecessor-version":[{"id":236795,"href":"https:\/\/www.cuballama.com\/noticias\/wp-json\/wp\/v2\/posts\/236711\/revisions\/236795"}],"wp:featuredmedia":[{"embeddable":true,"href":"https:\/\/www.cuballama.com\/noticias\/wp-json\/wp\/v2\/media\/236713"}],"wp:attachment":[{"href":"https:\/\/www.cuballama.com\/noticias\/wp-json\/wp\/v2\/media?parent=236711"}],"wp:term":[{"taxonomy":"category","embeddable":true,"href":"https:\/\/www.cuballama.com\/noticias\/wp-json\/wp\/v2\/categories?post=236711"},{"taxonomy":"post_tag","embeddable":true,"href":"https:\/\/www.cuballama.com\/noticias\/wp-json\/wp\/v2\/tags?post=236711"}],"curies":[{"name":"wp","href":"https:\/\/api.w.org\/{rel}","templated":true}]}}