{"id":236702,"date":"2026-03-02T08:37:10","date_gmt":"2026-03-02T13:37:10","guid":{"rendered":"https:\/\/www.cuballama.com\/noticias\/?p=236702"},"modified":"2026-03-02T16:11:34","modified_gmt":"2026-03-02T21:11:34","slug":"influencer-cercana-a-trump-dice-que-ee-uu-tomara-control-economico-de-cuba-en-30-dias","status":"publish","type":"post","link":"https:\/\/www.cuballama.com\/noticias\/influencer-cercana-a-trump-dice-que-ee-uu-tomara-control-economico-de-cuba-en-30-dias\/","title":{"rendered":"Influencer cercana a Trump dice que EE.UU. tomar\u00e1 control econ\u00f3mico de Cuba en 30 d\u00edas"},"content":{"rendered":"\n<p>La periodista e influencer estadounidense Laura Loomer, una figura cercana al presidente Donald Trump, afirm\u00f3 que Washington asumir\u00e1 el control de la gesti\u00f3n econ\u00f3mica de Cuba en un plazo de 30 d\u00edas.<\/p>\n\n\n\n<p>\u201cHigh level source tells me the United States will be assuming economic management authority of Cuba within 30 days\u201d, escribi\u00f3 la activista pol\u00edtica de extrema derecha en su cuenta en la red social X.<\/p>\n\n\n\n<p>Si bien no ofreci\u00f3 m\u00e1s detalles adicionales sobre el significado concreto de esta medida ni identificar p\u00fablicamente a la fuente, la declaraci\u00f3n de la joven conservadora ha generado todo tipo de reacciones, en especial porque se produjo <a href=\"https:\/\/www.cuballama.com\/noticias\/trump-espera-que-ee-uu-inicie-una-toma-amistosa-y-controlada-de-cuba\/\" target=\"_blank\" rel=\"noreferrer noopener\">el mismo d\u00eda<\/a> en que Trump afirm\u00f3 que su administraci\u00f3n iniciar\u00e1 una \u201ctoma amistosa y controlada\u201d de Cuba.&nbsp;<\/p>\n\n\n\n<blockquote class=\"twitter-tweet\"><p lang=\"en\" dir=\"ltr\">NEW:<br><br>High level source tells me the United States will be assuming economic management authority of Cuba within 30 days.<\/p>&mdash; Laura Loomer (@LauraLoomer) <a href=\"https:\/\/twitter.com\/LauraLoomer\/status\/2027549944958357831?ref_src=twsrc%5Etfw\">February 28, 2026<\/a><\/blockquote> <script async src=\"https:\/\/platform.twitter.com\/widgets.js\" charset=\"utf-8\"><\/script>\n\n\n\n<p>Seg\u00fan reportaron varios medios desde la Casa Blanca, al ser preguntado sobre la posibilidad de que haya un cambio de r\u00e9gimen en la isla pronto, el mandatario asegur\u00f3 que el gobierno de Cuba, \u201cuna naci\u00f3n fallida\u201d, \u201cquiere nuestra ayuda\u201d.<\/p>\n\n\n\n<p>De acuerdo con esos reportes, Trump volvi\u00f3 a destacar que el secretario de Estado, Marco Rubio, est\u00e1 teniendo conversaciones \u201cal m\u00e1s alto nivel\u201d con el r\u00e9gimen cubano.&nbsp;<\/p>\n\n\n\n<p>Tambi\u00e9n se\u00f1al\u00f3 que Cuba enfrenta una situaci\u00f3n econ\u00f3mica extremadamente grave, marcada por la falta de recursos y energ\u00eda.<\/p>\n\n\n\n<p>Un poco antes  el Miami Herald revel\u00f3 la celebraci\u00f3n de una reuni\u00f3n discreta entre funcionarios estadounidenses cercanos a Rubio y Ra\u00fal Guillermo Rodr\u00edguez Castro, nieto de Ra\u00fal Castro, al margen de la cumbre de CARICOM en el Caribe la pasada semana.<\/p>\n\n\n\n<blockquote class=\"twitter-tweet\"><p lang=\"en\" dir=\"ltr\">Cuba is next.<\/p>&mdash; Laura Loomer (@LauraLoomer) <a href=\"https:\/\/twitter.com\/LauraLoomer\/status\/2027972176935014840?ref_src=twsrc%5Etfw\">March 1, 2026<\/a><\/blockquote> <script async src=\"https:\/\/platform.twitter.com\/widgets.js\" charset=\"utf-8\"><\/script>\n\n\n\n<p>Al mismo tiempo, se supo que la administraci\u00f3n estadounidense flexibiliz\u00f3 los env\u00edos de combustible al sector privado cubano, en lo que se describe como parte de una estrategia m\u00e1s amplia para incrementar la influencia de Washington sobre posibles cambios pol\u00edticos y econ\u00f3micos en la isla.<\/p>\n\n\n\n<p>Lo anterior tiene especial significado tras las \u00faltimas acciones de Trump contra los reg\u00edmenes de Venezuela e Ir\u00e1n, respectivamente. Con la presi\u00f3n impuesta sobre dos hist\u00f3ricos aliados de Cuba, muchos creen que el pr\u00f3ximo paso del presidente norteamericano ser\u00eda, en efecto, intentar tomar el control de la isla.<\/p>\n\n\n\n<p>\u201cCuba is next\u201d, coment\u00f3 este fin de semana en X la propia Loomer.<\/p>\n","protected":false},"excerpt":{"rendered":"<p>La pol\u00e9mica declaraci\u00f3n se produjo el mismo d\u00eda en que el presidente afirm\u00f3 que su administraci\u00f3n iniciar\u00e1 una \u201ctoma amistosa y controlada\u201d de la isla.\u00a0<\/p>\n","protected":false},"author":30,"featured_media":236708,"comment_status":"open","ping_status":"closed","sticky":false,"template":"","format":"standard","meta":{"_acf_changed":false,"footnotes":""},"categories":[18,953],"tags":[10867,941,700,3895,30772],"class_list":{"0":"post-236702","1":"post","2":"type-post","3":"status-publish","4":"format-standard","5":"has-post-thumbnail","7":"category-noticias","8":"category-usa","9":"tag-crisis-en-cuba","10":"tag-destacado","11":"tag-donald-trump","12":"tag-gobierno-cubano","13":"tag-laura-loomer"},"acf":[],"yoast_head":"<!-- This site is optimized with the Yoast SEO plugin v27.5 - https:\/\/yoast.com\/product\/yoast-seo-wordpress\/ -->\n<title>Influencer cercana a Trump dice que EE.UU. tomar\u00e1 control econ\u00f3mico de Cuba en 30 d\u00edas - Cuballama Noticias<\/title>\n<meta name=\"description\" content=\"Laura Loomer, una figura cercana al presidente Donald Trump, afirm\u00f3 que Washington asumir\u00e1 pronto el control de la gesti\u00f3n econ\u00f3mica de Cuba.\" \/>\n<meta name=\"robots\" content=\"index, follow, max-snippet:-1, max-image-preview:large, max-video-preview:-1\" \/>\n<link rel=\"canonical\" href=\"https:\/\/www.cuballama.com\/noticias\/influencer-cercana-a-trump-dice-que-ee-uu-tomara-control-economico-de-cuba-en-30-dias\/\" \/>\n<meta property=\"og:locale\" content=\"es_ES\" \/>\n<meta property=\"og:type\" content=\"article\" \/>\n<meta property=\"og:title\" content=\"Influencer cercana a Trump dice que EE.UU. tomar\u00e1 control econ\u00f3mico de Cuba en 30 d\u00edas - Cuballama Noticias\" \/>\n<meta property=\"og:description\" content=\"Laura Loomer, una figura cercana al presidente Donald Trump, afirm\u00f3 que Washington asumir\u00e1 pronto el control de la gesti\u00f3n econ\u00f3mica de Cuba.\" \/>\n<meta property=\"og:url\" content=\"https:\/\/www.cuballama.com\/noticias\/influencer-cercana-a-trump-dice-que-ee-uu-tomara-control-economico-de-cuba-en-30-dias\/\" \/>\n<meta property=\"og:site_name\" content=\"Cuballama Noticias\" \/>\n<meta property=\"article:publisher\" content=\"https:\/\/www.facebook.com\/CubaLlama\" \/>\n<meta property=\"article:published_time\" content=\"2026-03-02T13:37:10+00:00\" \/>\n<meta property=\"article:modified_time\" content=\"2026-03-02T21:11:34+00:00\" \/>\n<meta property=\"og:image\" content=\"https:\/\/cdn1.mediawpaccore.net\/wp-content\/uploads\/2026\/02\/28135848\/Captura-de-pantalla_28-2-2026_13242_www.instagram.com_.jpg\" \/>\n\t<meta property=\"og:image:width\" content=\"1200\" \/>\n\t<meta property=\"og:image:height\" content=\"630\" \/>\n\t<meta property=\"og:image:type\" content=\"image\/jpeg\" \/>\n<meta name=\"author\" content=\"Kathy\" \/>\n<meta name=\"twitter:card\" content=\"summary_large_image\" \/>\n<meta name=\"twitter:creator\" content=\"@cuballama\" \/>\n<meta name=\"twitter:site\" content=\"@cuballama\" \/>\n<meta name=\"twitter:label1\" content=\"Escrito por\" \/>\n\t<meta name=\"twitter:data1\" content=\"Kathy\" \/>\n\t<meta name=\"twitter:label2\" content=\"Tiempo de lectura\" \/>\n\t<meta name=\"twitter:data2\" content=\"2 minutos\" \/>\n<script type=\"application\/ld+json\" class=\"yoast-schema-graph\">{\"@context\":\"https:\\\/\\\/schema.org\",\"@graph\":[{\"@type\":\"Article\",\"@id\":\"https:\\\/\\\/www.cuballama.com\\\/noticias\\\/influencer-cercana-a-trump-dice-que-ee-uu-tomara-control-economico-de-cuba-en-30-dias\\\/#article\",\"isPartOf\":{\"@id\":\"https:\\\/\\\/www.cuballama.com\\\/noticias\\\/influencer-cercana-a-trump-dice-que-ee-uu-tomara-control-economico-de-cuba-en-30-dias\\\/\"},\"author\":{\"name\":\"Kathy\",\"@id\":\"https:\\\/\\\/www.cuballama.com\\\/noticias\\\/#\\\/schema\\\/person\\\/86cd3e3f4974437f031211213bf892d5\"},\"headline\":\"Influencer cercana a Trump dice que EE.UU. tomar\u00e1 control econ\u00f3mico de Cuba en 30 d\u00edas\",\"datePublished\":\"2026-03-02T13:37:10+00:00\",\"dateModified\":\"2026-03-02T21:11:34+00:00\",\"mainEntityOfPage\":{\"@id\":\"https:\\\/\\\/www.cuballama.com\\\/noticias\\\/influencer-cercana-a-trump-dice-que-ee-uu-tomara-control-economico-de-cuba-en-30-dias\\\/\"},\"wordCount\":436,\"commentCount\":0,\"publisher\":{\"@id\":\"https:\\\/\\\/www.cuballama.com\\\/noticias\\\/#organization\"},\"image\":{\"@id\":\"https:\\\/\\\/www.cuballama.com\\\/noticias\\\/influencer-cercana-a-trump-dice-que-ee-uu-tomara-control-economico-de-cuba-en-30-dias\\\/#primaryimage\"},\"thumbnailUrl\":\"https:\\\/\\\/cdn1.mediawpaccore.net\\\/wp-content\\\/uploads\\\/2026\\\/02\\\/28135848\\\/Captura-de-pantalla_28-2-2026_13242_www.instagram.com_.jpg\",\"keywords\":[\"Crisis en Cuba\",\"destacado\",\"Donald Trump\",\"gobierno cubano\",\"Laura Loomer\"],\"articleSection\":[\"Noticias\",\"USA\"],\"inLanguage\":\"es\",\"potentialAction\":[{\"@type\":\"CommentAction\",\"name\":\"Comment\",\"target\":[\"https:\\\/\\\/www.cuballama.com\\\/noticias\\\/influencer-cercana-a-trump-dice-que-ee-uu-tomara-control-economico-de-cuba-en-30-dias\\\/#respond\"]}]},{\"@type\":\"WebPage\",\"@id\":\"https:\\\/\\\/www.cuballama.com\\\/noticias\\\/influencer-cercana-a-trump-dice-que-ee-uu-tomara-control-economico-de-cuba-en-30-dias\\\/\",\"url\":\"https:\\\/\\\/www.cuballama.com\\\/noticias\\\/influencer-cercana-a-trump-dice-que-ee-uu-tomara-control-economico-de-cuba-en-30-dias\\\/\",\"name\":\"Influencer cercana a Trump dice que EE.UU. tomar\u00e1 control econ\u00f3mico de Cuba en 30 d\u00edas - Cuballama Noticias\",\"isPartOf\":{\"@id\":\"https:\\\/\\\/www.cuballama.com\\\/noticias\\\/#website\"},\"primaryImageOfPage\":{\"@id\":\"https:\\\/\\\/www.cuballama.com\\\/noticias\\\/influencer-cercana-a-trump-dice-que-ee-uu-tomara-control-economico-de-cuba-en-30-dias\\\/#primaryimage\"},\"image\":{\"@id\":\"https:\\\/\\\/www.cuballama.com\\\/noticias\\\/influencer-cercana-a-trump-dice-que-ee-uu-tomara-control-economico-de-cuba-en-30-dias\\\/#primaryimage\"},\"thumbnailUrl\":\"https:\\\/\\\/cdn1.mediawpaccore.net\\\/wp-content\\\/uploads\\\/2026\\\/02\\\/28135848\\\/Captura-de-pantalla_28-2-2026_13242_www.instagram.com_.jpg\",\"datePublished\":\"2026-03-02T13:37:10+00:00\",\"dateModified\":\"2026-03-02T21:11:34+00:00\",\"description\":\"Laura Loomer, una figura cercana al presidente Donald Trump, afirm\u00f3 que Washington asumir\u00e1 pronto el control de la gesti\u00f3n econ\u00f3mica de Cuba.\",\"breadcrumb\":{\"@id\":\"https:\\\/\\\/www.cuballama.com\\\/noticias\\\/influencer-cercana-a-trump-dice-que-ee-uu-tomara-control-economico-de-cuba-en-30-dias\\\/#breadcrumb\"},\"inLanguage\":\"es\",\"potentialAction\":[{\"@type\":\"ReadAction\",\"target\":[\"https:\\\/\\\/www.cuballama.com\\\/noticias\\\/influencer-cercana-a-trump-dice-que-ee-uu-tomara-control-economico-de-cuba-en-30-dias\\\/\"]}]},{\"@type\":\"ImageObject\",\"inLanguage\":\"es\",\"@id\":\"https:\\\/\\\/www.cuballama.com\\\/noticias\\\/influencer-cercana-a-trump-dice-que-ee-uu-tomara-control-economico-de-cuba-en-30-dias\\\/#primaryimage\",\"url\":\"https:\\\/\\\/cdn1.mediawpaccore.net\\\/wp-content\\\/uploads\\\/2026\\\/02\\\/28135848\\\/Captura-de-pantalla_28-2-2026_13242_www.instagram.com_.jpg\",\"contentUrl\":\"https:\\\/\\\/cdn1.mediawpaccore.net\\\/wp-content\\\/uploads\\\/2026\\\/02\\\/28135848\\\/Captura-de-pantalla_28-2-2026_13242_www.instagram.com_.jpg\",\"width\":1200,\"height\":630,\"caption\":\"Laura Loomer. Foto: Instagram\\\/Real Laura Loomer.\"},{\"@type\":\"BreadcrumbList\",\"@id\":\"https:\\\/\\\/www.cuballama.com\\\/noticias\\\/influencer-cercana-a-trump-dice-que-ee-uu-tomara-control-economico-de-cuba-en-30-dias\\\/#breadcrumb\",\"itemListElement\":[{\"@type\":\"ListItem\",\"position\":1,\"name\":\"Home\",\"item\":\"https:\\\/\\\/www.cuballama.com\\\/noticias\\\/\"},{\"@type\":\"ListItem\",\"position\":2,\"name\":\"Influencer cercana a Trump dice que EE.UU. tomar\u00e1 control econ\u00f3mico de Cuba en 30 d\u00edas\"}]},{\"@type\":\"WebSite\",\"@id\":\"https:\\\/\\\/www.cuballama.com\\\/noticias\\\/#website\",\"url\":\"https:\\\/\\\/www.cuballama.com\\\/noticias\\\/\",\"name\":\"Cuballama Noticias\",\"description\":\"Medio digital sobre Cuba y el mundo\",\"publisher\":{\"@id\":\"https:\\\/\\\/www.cuballama.com\\\/noticias\\\/#organization\"},\"potentialAction\":[{\"@type\":\"SearchAction\",\"target\":{\"@type\":\"EntryPoint\",\"urlTemplate\":\"https:\\\/\\\/www.cuballama.com\\\/noticias\\\/?s={search_term_string}\"},\"query-input\":{\"@type\":\"PropertyValueSpecification\",\"valueRequired\":true,\"valueName\":\"search_term_string\"}}],\"inLanguage\":\"es\"},{\"@type\":\"Organization\",\"@id\":\"https:\\\/\\\/www.cuballama.com\\\/noticias\\\/#organization\",\"name\":\"Cuballama\",\"url\":\"https:\\\/\\\/www.cuballama.com\\\/noticias\\\/\",\"logo\":{\"@type\":\"ImageObject\",\"inLanguage\":\"es\",\"@id\":\"https:\\\/\\\/www.cuballama.com\\\/noticias\\\/#\\\/schema\\\/logo\\\/image\\\/\",\"url\":\"https:\\\/\\\/cdn1.mediawpaccore.net\\\/wp-content\\\/uploads\\\/2021\\\/12\\\/28171206\\\/cbll-logo-color-sm.png\",\"contentUrl\":\"https:\\\/\\\/cdn1.mediawpaccore.net\\\/wp-content\\\/uploads\\\/2021\\\/12\\\/28171206\\\/cbll-logo-color-sm.png\",\"width\":600,\"height\":133,\"caption\":\"Cuballama\"},\"image\":{\"@id\":\"https:\\\/\\\/www.cuballama.com\\\/noticias\\\/#\\\/schema\\\/logo\\\/image\\\/\"},\"sameAs\":[\"https:\\\/\\\/www.facebook.com\\\/CubaLlama\",\"https:\\\/\\\/x.com\\\/cuballama\",\"https:\\\/\\\/www.instagram.com\\\/stories\\\/cuballama_oficial\\\/\",\"https:\\\/\\\/www.youtube.com\\\/channel\\\/UCKkFE-d_axENGZcrc4as0IA\"]},{\"@type\":\"Person\",\"@id\":\"https:\\\/\\\/www.cuballama.com\\\/noticias\\\/#\\\/schema\\\/person\\\/86cd3e3f4974437f031211213bf892d5\",\"name\":\"Kathy\",\"url\":\"https:\\\/\\\/www.cuballama.com\\\/noticias\\\/author\\\/kathy\\\/\"}]}<\/script>\n<!-- \/ Yoast SEO plugin. -->","yoast_head_json":{"title":"Influencer cercana a Trump dice que EE.UU. tomar\u00e1 control econ\u00f3mico de Cuba en 30 d\u00edas - Cuballama Noticias","description":"Laura Loomer, una figura cercana al presidente Donald Trump, afirm\u00f3 que Washington asumir\u00e1 pronto el control de la gesti\u00f3n econ\u00f3mica de Cuba.","robots":{"index":"index","follow":"follow","max-snippet":"max-snippet:-1","max-image-preview":"max-image-preview:large","max-video-preview":"max-video-preview:-1"},"canonical":"https:\/\/www.cuballama.com\/noticias\/influencer-cercana-a-trump-dice-que-ee-uu-tomara-control-economico-de-cuba-en-30-dias\/","og_locale":"es_ES","og_type":"article","og_title":"Influencer cercana a Trump dice que EE.UU. tomar\u00e1 control econ\u00f3mico de Cuba en 30 d\u00edas - Cuballama Noticias","og_description":"Laura Loomer, una figura cercana al presidente Donald Trump, afirm\u00f3 que Washington asumir\u00e1 pronto el control de la gesti\u00f3n econ\u00f3mica de Cuba.","og_url":"https:\/\/www.cuballama.com\/noticias\/influencer-cercana-a-trump-dice-que-ee-uu-tomara-control-economico-de-cuba-en-30-dias\/","og_site_name":"Cuballama Noticias","article_publisher":"https:\/\/www.facebook.com\/CubaLlama","article_published_time":"2026-03-02T13:37:10+00:00","article_modified_time":"2026-03-02T21:11:34+00:00","og_image":[{"width":1200,"height":630,"url":"https:\/\/cdn1.mediawpaccore.net\/wp-content\/uploads\/2026\/02\/28135848\/Captura-de-pantalla_28-2-2026_13242_www.instagram.com_.jpg","type":"image\/jpeg"}],"author":"Kathy","twitter_card":"summary_large_image","twitter_creator":"@cuballama","twitter_site":"@cuballama","twitter_misc":{"Escrito por":"Kathy","Tiempo de lectura":"2 minutos"},"schema":{"@context":"https:\/\/schema.org","@graph":[{"@type":"Article","@id":"https:\/\/www.cuballama.com\/noticias\/influencer-cercana-a-trump-dice-que-ee-uu-tomara-control-economico-de-cuba-en-30-dias\/#article","isPartOf":{"@id":"https:\/\/www.cuballama.com\/noticias\/influencer-cercana-a-trump-dice-que-ee-uu-tomara-control-economico-de-cuba-en-30-dias\/"},"author":{"name":"Kathy","@id":"https:\/\/www.cuballama.com\/noticias\/#\/schema\/person\/86cd3e3f4974437f031211213bf892d5"},"headline":"Influencer cercana a Trump dice que EE.UU. tomar\u00e1 control econ\u00f3mico de Cuba en 30 d\u00edas","datePublished":"2026-03-02T13:37:10+00:00","dateModified":"2026-03-02T21:11:34+00:00","mainEntityOfPage":{"@id":"https:\/\/www.cuballama.com\/noticias\/influencer-cercana-a-trump-dice-que-ee-uu-tomara-control-economico-de-cuba-en-30-dias\/"},"wordCount":436,"commentCount":0,"publisher":{"@id":"https:\/\/www.cuballama.com\/noticias\/#organization"},"image":{"@id":"https:\/\/www.cuballama.com\/noticias\/influencer-cercana-a-trump-dice-que-ee-uu-tomara-control-economico-de-cuba-en-30-dias\/#primaryimage"},"thumbnailUrl":"https:\/\/cdn1.mediawpaccore.net\/wp-content\/uploads\/2026\/02\/28135848\/Captura-de-pantalla_28-2-2026_13242_www.instagram.com_.jpg","keywords":["Crisis en Cuba","destacado","Donald Trump","gobierno cubano","Laura Loomer"],"articleSection":["Noticias","USA"],"inLanguage":"es","potentialAction":[{"@type":"CommentAction","name":"Comment","target":["https:\/\/www.cuballama.com\/noticias\/influencer-cercana-a-trump-dice-que-ee-uu-tomara-control-economico-de-cuba-en-30-dias\/#respond"]}]},{"@type":"WebPage","@id":"https:\/\/www.cuballama.com\/noticias\/influencer-cercana-a-trump-dice-que-ee-uu-tomara-control-economico-de-cuba-en-30-dias\/","url":"https:\/\/www.cuballama.com\/noticias\/influencer-cercana-a-trump-dice-que-ee-uu-tomara-control-economico-de-cuba-en-30-dias\/","name":"Influencer cercana a Trump dice que EE.UU. tomar\u00e1 control econ\u00f3mico de Cuba en 30 d\u00edas - Cuballama Noticias","isPartOf":{"@id":"https:\/\/www.cuballama.com\/noticias\/#website"},"primaryImageOfPage":{"@id":"https:\/\/www.cuballama.com\/noticias\/influencer-cercana-a-trump-dice-que-ee-uu-tomara-control-economico-de-cuba-en-30-dias\/#primaryimage"},"image":{"@id":"https:\/\/www.cuballama.com\/noticias\/influencer-cercana-a-trump-dice-que-ee-uu-tomara-control-economico-de-cuba-en-30-dias\/#primaryimage"},"thumbnailUrl":"https:\/\/cdn1.mediawpaccore.net\/wp-content\/uploads\/2026\/02\/28135848\/Captura-de-pantalla_28-2-2026_13242_www.instagram.com_.jpg","datePublished":"2026-03-02T13:37:10+00:00","dateModified":"2026-03-02T21:11:34+00:00","description":"Laura Loomer, una figura cercana al presidente Donald Trump, afirm\u00f3 que Washington asumir\u00e1 pronto el control de la gesti\u00f3n econ\u00f3mica de Cuba.","breadcrumb":{"@id":"https:\/\/www.cuballama.com\/noticias\/influencer-cercana-a-trump-dice-que-ee-uu-tomara-control-economico-de-cuba-en-30-dias\/#breadcrumb"},"inLanguage":"es","potentialAction":[{"@type":"ReadAction","target":["https:\/\/www.cuballama.com\/noticias\/influencer-cercana-a-trump-dice-que-ee-uu-tomara-control-economico-de-cuba-en-30-dias\/"]}]},{"@type":"ImageObject","inLanguage":"es","@id":"https:\/\/www.cuballama.com\/noticias\/influencer-cercana-a-trump-dice-que-ee-uu-tomara-control-economico-de-cuba-en-30-dias\/#primaryimage","url":"https:\/\/cdn1.mediawpaccore.net\/wp-content\/uploads\/2026\/02\/28135848\/Captura-de-pantalla_28-2-2026_13242_www.instagram.com_.jpg","contentUrl":"https:\/\/cdn1.mediawpaccore.net\/wp-content\/uploads\/2026\/02\/28135848\/Captura-de-pantalla_28-2-2026_13242_www.instagram.com_.jpg","width":1200,"height":630,"caption":"Laura Loomer. Foto: Instagram\/Real Laura Loomer."},{"@type":"BreadcrumbList","@id":"https:\/\/www.cuballama.com\/noticias\/influencer-cercana-a-trump-dice-que-ee-uu-tomara-control-economico-de-cuba-en-30-dias\/#breadcrumb","itemListElement":[{"@type":"ListItem","position":1,"name":"Home","item":"https:\/\/www.cuballama.com\/noticias\/"},{"@type":"ListItem","position":2,"name":"Influencer cercana a Trump dice que EE.UU. tomar\u00e1 control econ\u00f3mico de Cuba en 30 d\u00edas"}]},{"@type":"WebSite","@id":"https:\/\/www.cuballama.com\/noticias\/#website","url":"https:\/\/www.cuballama.com\/noticias\/","name":"Cuballama Noticias","description":"Medio digital sobre Cuba y el mundo","publisher":{"@id":"https:\/\/www.cuballama.com\/noticias\/#organization"},"potentialAction":[{"@type":"SearchAction","target":{"@type":"EntryPoint","urlTemplate":"https:\/\/www.cuballama.com\/noticias\/?s={search_term_string}"},"query-input":{"@type":"PropertyValueSpecification","valueRequired":true,"valueName":"search_term_string"}}],"inLanguage":"es"},{"@type":"Organization","@id":"https:\/\/www.cuballama.com\/noticias\/#organization","name":"Cuballama","url":"https:\/\/www.cuballama.com\/noticias\/","logo":{"@type":"ImageObject","inLanguage":"es","@id":"https:\/\/www.cuballama.com\/noticias\/#\/schema\/logo\/image\/","url":"https:\/\/cdn1.mediawpaccore.net\/wp-content\/uploads\/2021\/12\/28171206\/cbll-logo-color-sm.png","contentUrl":"https:\/\/cdn1.mediawpaccore.net\/wp-content\/uploads\/2021\/12\/28171206\/cbll-logo-color-sm.png","width":600,"height":133,"caption":"Cuballama"},"image":{"@id":"https:\/\/www.cuballama.com\/noticias\/#\/schema\/logo\/image\/"},"sameAs":["https:\/\/www.facebook.com\/CubaLlama","https:\/\/x.com\/cuballama","https:\/\/www.instagram.com\/stories\/cuballama_oficial\/","https:\/\/www.youtube.com\/channel\/UCKkFE-d_axENGZcrc4as0IA"]},{"@type":"Person","@id":"https:\/\/www.cuballama.com\/noticias\/#\/schema\/person\/86cd3e3f4974437f031211213bf892d5","name":"Kathy","url":"https:\/\/www.cuballama.com\/noticias\/author\/kathy\/"}]}},"_links":{"self":[{"href":"https:\/\/www.cuballama.com\/noticias\/wp-json\/wp\/v2\/posts\/236702","targetHints":{"allow":["GET"]}}],"collection":[{"href":"https:\/\/www.cuballama.com\/noticias\/wp-json\/wp\/v2\/posts"}],"about":[{"href":"https:\/\/www.cuballama.com\/noticias\/wp-json\/wp\/v2\/types\/post"}],"author":[{"embeddable":true,"href":"https:\/\/www.cuballama.com\/noticias\/wp-json\/wp\/v2\/users\/30"}],"replies":[{"embeddable":true,"href":"https:\/\/www.cuballama.com\/noticias\/wp-json\/wp\/v2\/comments?post=236702"}],"version-history":[{"count":9,"href":"https:\/\/www.cuballama.com\/noticias\/wp-json\/wp\/v2\/posts\/236702\/revisions"}],"predecessor-version":[{"id":236807,"href":"https:\/\/www.cuballama.com\/noticias\/wp-json\/wp\/v2\/posts\/236702\/revisions\/236807"}],"wp:featuredmedia":[{"embeddable":true,"href":"https:\/\/www.cuballama.com\/noticias\/wp-json\/wp\/v2\/media\/236708"}],"wp:attachment":[{"href":"https:\/\/www.cuballama.com\/noticias\/wp-json\/wp\/v2\/media?parent=236702"}],"wp:term":[{"taxonomy":"category","embeddable":true,"href":"https:\/\/www.cuballama.com\/noticias\/wp-json\/wp\/v2\/categories?post=236702"},{"taxonomy":"post_tag","embeddable":true,"href":"https:\/\/www.cuballama.com\/noticias\/wp-json\/wp\/v2\/tags?post=236702"}],"curies":[{"name":"wp","href":"https:\/\/api.w.org\/{rel}","templated":true}]}}