{"id":236556,"date":"2026-03-03T07:38:37","date_gmt":"2026-03-03T12:38:37","guid":{"rendered":"https:\/\/www.cuballama.com\/noticias\/?p=236556"},"modified":"2026-03-03T07:38:39","modified_gmt":"2026-03-03T12:38:39","slug":"cyan-el-hijo-de-david-guetta-y-la-cubana-jessica-ledon-ya-tiene-un-hermanito-se-llama-skyler","status":"publish","type":"post","link":"https:\/\/www.cuballama.com\/noticias\/cyan-el-hijo-de-david-guetta-y-la-cubana-jessica-ledon-ya-tiene-un-hermanito-se-llama-skyler\/","title":{"rendered":"Cyan, el hijo de David Guetta y la cubana Jessica Led\u00f3n, ya tiene un hermanito: se llama Skyler"},"content":{"rendered":"\n<p>El DJ y productor franc\u00e9s <strong>David Guetta<\/strong> y su pareja, la modelo cubana <strong>Jessica Led\u00f3n<\/strong>, ampliaron su bella familia con la llegada de su segundo hijo juntos, convirtiendo la noticia en uno de los momentos m\u00e1s emotivos del a\u00f1o para la pareja y sus seguidores en redes sociales. <\/p>\n\n\n\n<p>La pareja, que siempre ha mantenido muchos aspectos de su vida privada fuera del foco medi\u00e1tico, anunci\u00f3 la llegada de su beb\u00e9 con una publicaci\u00f3n conjunta en <em><a href=\"https:\/\/www.instagram.com\/p\/DVOzIPfitj7\" target=\"_blank\" rel=\"noreferrer noopener\">Instagram<\/a><\/em> este <strong>26 de febrero de 2026<\/strong>. Junto a un carrusel de im\u00e1genes que muestran desde el embarazo hasta los primeros d\u00edas del reci\u00e9n nacido, Guetta escribi\u00f3: <em>\u201cWelcome to the world Skyler \u2764\ufe0f The most beautiful secret we\u2019ve ever kept\u201d<\/em>, en referencia al nombre de su nuevo hijo y al hecho de que hab\u00edan guardado la noticia en privado hasta ahora. Vaya, al estilo de Tiesto: <em>\u00abIn the silence\u00bb<\/em> (ya los amantes de la m\u00fasica electr\u00f3nica sabr\u00e1n de qu\u00e9 hablo)<\/p>\n\n\n\n<p><strong>Skyler<\/strong>, como fue llamado el beb\u00e9, se une a su hermano mayor, <strong>Cyan<\/strong>, nacido en marzo de 2024, fruto tambi\u00e9n de la relaci\u00f3n entre el DJ y Jessica Led\u00f3n. Esta es la <strong>cuarta vez que Guetta se convierte en padre<\/strong>: adem\u00e1s de Cyan y Skyler con Led\u00f3n, el m\u00fasico es padre de <strong>dos hijos mayores<\/strong>, Angie y Tim, de su matrimonio anterior con Cathy Lob\u00e9.<\/p>\n\n\n\n<p>Las im\u00e1genes publicadas en el perfil oficial de Guetta y rese\u00f1adas por <em><a href=\"https:\/\/people.com\/david-guetta-welcomes-baby-no-4-his-second-with-jessica-ledon-11915511\" target=\"_blank\" rel=\"noreferrer noopener nofollow\">People<\/a><\/em>, muestran momentos \u00edntimos y tiernos: desde la sesi\u00f3n de maternidad y el baby shower hasta fotograf\u00edas del peque\u00f1o Skyler en sus primeros d\u00edas de vida. Tambi\u00e9n se pudo ver fragmentos de la din\u00e1mica familiar, con Cyan asom\u00e1ndose junto a su hermano, dando una nueva dimensi\u00f3n al v\u00ednculo entre los hermanos.<\/p>\n\n\n\n<blockquote class=\"instagram-media\" data-instgrm-captioned data-instgrm-permalink=\"https:\/\/www.instagram.com\/p\/DVOzIPfitj7\/?utm_source=ig_embed&amp;utm_campaign=loading\" data-instgrm-version=\"14\" style=\" background:#FFF; border:0; border-radius:3px; box-shadow:0 0 1px 0 rgba(0,0,0,0.5),0 1px 10px 0 rgba(0,0,0,0.15); margin: 1px; max-width:540px; min-width:326px; padding:0; width:99.375%; width:-webkit-calc(100% - 2px); width:calc(100% - 2px);\"><div style=\"padding:16px;\"> <a href=\"https:\/\/www.instagram.com\/p\/DVOzIPfitj7\/?utm_source=ig_embed&amp;utm_campaign=loading\" style=\" background:#FFFFFF; line-height:0; padding:0 0; text-align:center; text-decoration:none; width:100%;\" target=\"_blank\"> <div style=\" display: flex; flex-direction: row; align-items: center;\"> <div style=\"background-color: #F4F4F4; border-radius: 50%; flex-grow: 0; height: 40px; margin-right: 14px; width: 40px;\"><\/div> <div style=\"display: flex; flex-direction: column; flex-grow: 1; justify-content: center;\"> <div style=\" background-color: #F4F4F4; border-radius: 4px; flex-grow: 0; height: 14px; margin-bottom: 6px; width: 100px;\"><\/div> <div style=\" background-color: #F4F4F4; border-radius: 4px; flex-grow: 0; height: 14px; width: 60px;\"><\/div><\/div><\/div><div style=\"padding: 19% 0;\"><\/div> <div style=\"display:block; height:50px; margin:0 auto 12px; width:50px;\"><svg width=\"50px\" height=\"50px\" viewBox=\"0 0 60 60\" version=\"1.1\" xmlns=\"https:\/\/www.w3.org\/2000\/svg\" xmlns:xlink=\"https:\/\/www.w3.org\/1999\/xlink\"><g stroke=\"none\" stroke-width=\"1\" fill=\"none\" fill-rule=\"evenodd\"><g transform=\"translate(-511.000000, -20.000000)\" fill=\"#000000\"><g><path d=\"M556.869,30.41 C554.814,30.41 553.148,32.076 553.148,34.131 C553.148,36.186 554.814,37.852 556.869,37.852 C558.924,37.852 560.59,36.186 560.59,34.131 C560.59,32.076 558.924,30.41 556.869,30.41 M541,60.657 C535.114,60.657 530.342,55.887 530.342,50 C530.342,44.114 535.114,39.342 541,39.342 C546.887,39.342 551.658,44.114 551.658,50 C551.658,55.887 546.887,60.657 541,60.657 M541,33.886 C532.1,33.886 524.886,41.1 524.886,50 C524.886,58.899 532.1,66.113 541,66.113 C549.9,66.113 557.115,58.899 557.115,50 C557.115,41.1 549.9,33.886 541,33.886 M565.378,62.101 C565.244,65.022 564.756,66.606 564.346,67.663 C563.803,69.06 563.154,70.057 562.106,71.106 C561.058,72.155 560.06,72.803 558.662,73.347 C557.607,73.757 556.021,74.244 553.102,74.378 C549.944,74.521 548.997,74.552 541,74.552 C533.003,74.552 532.056,74.521 528.898,74.378 C525.979,74.244 524.393,73.757 523.338,73.347 C521.94,72.803 520.942,72.155 519.894,71.106 C518.846,70.057 518.197,69.06 517.654,67.663 C517.244,66.606 516.755,65.022 516.623,62.101 C516.479,58.943 516.448,57.996 516.448,50 C516.448,42.003 516.479,41.056 516.623,37.899 C516.755,34.978 517.244,33.391 517.654,32.338 C518.197,30.938 518.846,29.942 519.894,28.894 C520.942,27.846 521.94,27.196 523.338,26.654 C524.393,26.244 525.979,25.756 528.898,25.623 C532.057,25.479 533.004,25.448 541,25.448 C548.997,25.448 549.943,25.479 553.102,25.623 C556.021,25.756 557.607,26.244 558.662,26.654 C560.06,27.196 561.058,27.846 562.106,28.894 C563.154,29.942 563.803,30.938 564.346,32.338 C564.756,33.391 565.244,34.978 565.378,37.899 C565.522,41.056 565.552,42.003 565.552,50 C565.552,57.996 565.522,58.943 565.378,62.101 M570.82,37.631 C570.674,34.438 570.167,32.258 569.425,30.349 C568.659,28.377 567.633,26.702 565.965,25.035 C564.297,23.368 562.623,22.342 560.652,21.575 C558.743,20.834 556.562,20.326 553.369,20.18 C550.169,20.033 549.148,20 541,20 C532.853,20 531.831,20.033 528.631,20.18 C525.438,20.326 523.257,20.834 521.349,21.575 C519.376,22.342 517.703,23.368 516.035,25.035 C514.368,26.702 513.342,28.377 512.574,30.349 C511.834,32.258 511.326,34.438 511.181,37.631 C511.035,40.831 511,41.851 511,50 C511,58.147 511.035,59.17 511.181,62.369 C511.326,65.562 511.834,67.743 512.574,69.651 C513.342,71.625 514.368,73.296 516.035,74.965 C517.703,76.634 519.376,77.658 521.349,78.425 C523.257,79.167 525.438,79.673 528.631,79.82 C531.831,79.965 532.853,80.001 541,80.001 C549.148,80.001 550.169,79.965 553.369,79.82 C556.562,79.673 558.743,79.167 560.652,78.425 C562.623,77.658 564.297,76.634 565.965,74.965 C567.633,73.296 568.659,71.625 569.425,69.651 C570.167,67.743 570.674,65.562 570.82,62.369 C570.966,59.17 571,58.147 571,50 C571,41.851 570.966,40.831 570.82,37.631\"><\/path><\/g><\/g><\/g><\/svg><\/div><div style=\"padding-top: 8px;\"> <div style=\" color:#3897f0; font-family:Arial,sans-serif; font-size:14px; font-style:normal; font-weight:550; line-height:18px;\">View this post on Instagram<\/div><\/div><div style=\"padding: 12.5% 0;\"><\/div> <div style=\"display: flex; flex-direction: row; margin-bottom: 14px; align-items: center;\"><div> <div style=\"background-color: #F4F4F4; border-radius: 50%; height: 12.5px; width: 12.5px; transform: translateX(0px) translateY(7px);\"><\/div> <div style=\"background-color: #F4F4F4; height: 12.5px; transform: rotate(-45deg) translateX(3px) translateY(1px); width: 12.5px; flex-grow: 0; margin-right: 14px; margin-left: 2px;\"><\/div> <div style=\"background-color: #F4F4F4; border-radius: 50%; height: 12.5px; width: 12.5px; transform: translateX(9px) translateY(-18px);\"><\/div><\/div><div style=\"margin-left: 8px;\"> <div style=\" background-color: #F4F4F4; border-radius: 50%; flex-grow: 0; height: 20px; width: 20px;\"><\/div> <div style=\" width: 0; height: 0; border-top: 2px solid transparent; border-left: 6px solid #f4f4f4; border-bottom: 2px solid transparent; transform: translateX(16px) translateY(-4px) rotate(30deg)\"><\/div><\/div><div style=\"margin-left: auto;\"> <div style=\" width: 0px; border-top: 8px solid #F4F4F4; border-right: 8px solid transparent; transform: translateY(16px);\"><\/div> <div style=\" background-color: #F4F4F4; flex-grow: 0; height: 12px; width: 16px; transform: translateY(-4px);\"><\/div> <div style=\" width: 0; height: 0; border-top: 8px solid #F4F4F4; border-left: 8px solid transparent; transform: translateY(-4px) translateX(8px);\"><\/div><\/div><\/div> <div style=\"display: flex; flex-direction: column; flex-grow: 1; justify-content: center; margin-bottom: 24px;\"> <div style=\" background-color: #F4F4F4; border-radius: 4px; flex-grow: 0; height: 14px; margin-bottom: 6px; width: 224px;\"><\/div> <div style=\" background-color: #F4F4F4; border-radius: 4px; flex-grow: 0; height: 14px; width: 144px;\"><\/div><\/div><\/a><p style=\" color:#c9c8cd; font-family:Arial,sans-serif; font-size:14px; line-height:17px; margin-bottom:0; margin-top:8px; overflow:hidden; padding:8px 0 7px; text-align:center; text-overflow:ellipsis; white-space:nowrap;\"><a href=\"https:\/\/www.instagram.com\/p\/DVOzIPfitj7\/?utm_source=ig_embed&amp;utm_campaign=loading\" style=\" color:#c9c8cd; font-family:Arial,sans-serif; font-size:14px; font-style:normal; font-weight:normal; line-height:17px; text-decoration:none;\" target=\"_blank\">A post shared by DAVID GUETTA (@davidguetta)<\/a><\/p><\/div><\/blockquote>\n<script async src=\"\/\/www.instagram.com\/embed.js\"><\/script>\n\n\n\n<p>La noticia ha sido recibida con entusiasmo tanto por fan\u00e1ticos como por colegas del mundo del espect\u00e1culo. Diversas celebridades dejaron mensajes de felicitaci\u00f3n en los comentarios de la publicaci\u00f3n, destacando la alegr\u00eda que acompa\u00f1a a la expansi\u00f3n de la familia Guetta-Led\u00f3n.<\/p>\n\n\n\n<p>La relaci\u00f3n entre David Guetta y Jessica Led\u00f3n, que se remonta a <strong>2015<\/strong>, siempre ha sido presentada de forma discreta, aunque el DJ ha compartido momentos puntuales con su pareja y su hijo Cyan en redes sociales y apariciones p\u00fablicas. La llegada de Skyler, as\u00ed, pone de manifiesto una etapa especial en su vida personal, marcada por la consolidaci\u00f3n de su rol como padre de una familia que ya ha capturado la atenci\u00f3n del p\u00fablico internacional.<\/p>\n\n\n\n<p>El doble nacimiento dentro de la pareja tambi\u00e9n ha generado comentarios sobre el papel de Led\u00f3n en la vida del artista y sobre c\u00f3mo ambos compaginan la intimidad familiar con una presencia medi\u00e1tica global que sigue con inter\u00e9s cada avance de su historia personal. <\/p>\n","protected":false},"excerpt":{"rendered":"<p>David Guetta y Jessica Led\u00f3n han dado la bienvenida a su segundo hijo juntos, Skyler, que se une a su hermano Cyan en una familia que sigue creciendo con alegr\u00eda.<\/p>\n","protected":false},"author":13,"featured_media":236566,"comment_status":"open","ping_status":"closed","sticky":false,"template":"","format":"standard","meta":{"_acf_changed":false,"footnotes":""},"categories":[443,18],"tags":[30764,1014,30767,30765,19202,14326,30768,5042,30766],"class_list":{"0":"post-236556","1":"post","2":"type-post","3":"status-publish","4":"format-standard","5":"has-post-thumbnail","7":"category-farandula","8":"category-noticias","9":"tag-cyan","10":"tag-david-guetta","11":"tag-familia-de-david-guetta","12":"tag-hijos-de-david-guetta","13":"tag-jessica-ledon","14":"tag-modelo-cubana","15":"tag-nacimiento-de-bebe","16":"tag-paternidad","17":"tag-skyler"},"acf":[],"yoast_head":"<!-- This site is optimized with the Yoast SEO plugin v27.4 - https:\/\/yoast.com\/product\/yoast-seo-wordpress\/ -->\n<title>Cyan, el hijo de David Guetta y la cubana Jessica Led\u00f3n, ya tiene un hermanito: se llama Skyler - Cuballama Noticias<\/title>\n<meta name=\"description\" content=\"David Guetta y la cubana Jessica Led\u00f3n presentan a su beb\u00e9 Skyler, hermanito de Cyan, en una emotiva expansi\u00f3n familiar.\" \/>\n<meta name=\"robots\" content=\"index, follow, max-snippet:-1, max-image-preview:large, max-video-preview:-1\" \/>\n<link rel=\"canonical\" href=\"https:\/\/www.cuballama.com\/noticias\/cyan-el-hijo-de-david-guetta-y-la-cubana-jessica-ledon-ya-tiene-un-hermanito-se-llama-skyler\/\" \/>\n<meta property=\"og:locale\" content=\"es_ES\" \/>\n<meta property=\"og:type\" content=\"article\" \/>\n<meta property=\"og:title\" content=\"Cyan, el hijo de David Guetta y la cubana Jessica Led\u00f3n, ya tiene un hermanito: se llama Skyler - Cuballama Noticias\" \/>\n<meta property=\"og:description\" content=\"David Guetta y la cubana Jessica Led\u00f3n presentan a su beb\u00e9 Skyler, hermanito de Cyan, en una emotiva expansi\u00f3n familiar.\" \/>\n<meta property=\"og:url\" content=\"https:\/\/www.cuballama.com\/noticias\/cyan-el-hijo-de-david-guetta-y-la-cubana-jessica-ledon-ya-tiene-un-hermanito-se-llama-skyler\/\" \/>\n<meta property=\"og:site_name\" content=\"Cuballama Noticias\" \/>\n<meta property=\"article:publisher\" content=\"https:\/\/www.facebook.com\/CubaLlama\" \/>\n<meta property=\"article:published_time\" content=\"2026-03-03T12:38:37+00:00\" \/>\n<meta property=\"article:modified_time\" content=\"2026-03-03T12:38:39+00:00\" \/>\n<meta property=\"og:image\" content=\"https:\/\/cdn1.mediawpaccore.net\/wp-content\/uploads\/2026\/02\/27085619\/image-92.png\" \/>\n\t<meta property=\"og:image:width\" content=\"1205\" \/>\n\t<meta property=\"og:image:height\" content=\"664\" \/>\n\t<meta property=\"og:image:type\" content=\"image\/png\" \/>\n<meta name=\"author\" content=\"Roberto A.\" \/>\n<meta name=\"twitter:card\" content=\"summary_large_image\" \/>\n<meta name=\"twitter:creator\" content=\"@cuballama\" \/>\n<meta name=\"twitter:site\" content=\"@cuballama\" \/>\n<meta name=\"twitter:label1\" content=\"Escrito por\" \/>\n\t<meta name=\"twitter:data1\" content=\"Roberto A.\" \/>\n\t<meta name=\"twitter:label2\" content=\"Tiempo de lectura\" \/>\n\t<meta name=\"twitter:data2\" content=\"1 minuto\" \/>\n<script type=\"application\/ld+json\" class=\"yoast-schema-graph\">{\"@context\":\"https:\\\/\\\/schema.org\",\"@graph\":[{\"@type\":\"Article\",\"@id\":\"https:\\\/\\\/www.cuballama.com\\\/noticias\\\/cyan-el-hijo-de-david-guetta-y-la-cubana-jessica-ledon-ya-tiene-un-hermanito-se-llama-skyler\\\/#article\",\"isPartOf\":{\"@id\":\"https:\\\/\\\/www.cuballama.com\\\/noticias\\\/cyan-el-hijo-de-david-guetta-y-la-cubana-jessica-ledon-ya-tiene-un-hermanito-se-llama-skyler\\\/\"},\"author\":{\"name\":\"Roberto A.\",\"@id\":\"https:\\\/\\\/www.cuballama.com\\\/noticias\\\/#\\\/schema\\\/person\\\/a58502ed4146c8e9f83872e897c76cd2\"},\"headline\":\"Cyan, el hijo de David Guetta y la cubana Jessica Led\u00f3n, ya tiene un hermanito: se llama Skyler\",\"datePublished\":\"2026-03-03T12:38:37+00:00\",\"dateModified\":\"2026-03-03T12:38:39+00:00\",\"mainEntityOfPage\":{\"@id\":\"https:\\\/\\\/www.cuballama.com\\\/noticias\\\/cyan-el-hijo-de-david-guetta-y-la-cubana-jessica-ledon-ya-tiene-un-hermanito-se-llama-skyler\\\/\"},\"wordCount\":520,\"commentCount\":0,\"publisher\":{\"@id\":\"https:\\\/\\\/www.cuballama.com\\\/noticias\\\/#organization\"},\"image\":{\"@id\":\"https:\\\/\\\/www.cuballama.com\\\/noticias\\\/cyan-el-hijo-de-david-guetta-y-la-cubana-jessica-ledon-ya-tiene-un-hermanito-se-llama-skyler\\\/#primaryimage\"},\"thumbnailUrl\":\"https:\\\/\\\/cdn1.mediawpaccore.net\\\/wp-content\\\/uploads\\\/2026\\\/02\\\/27085619\\\/image-92.png\",\"keywords\":[\"Cyan\",\"David Guetta\",\"familia de David Guetta\",\"hijos de David Guetta\",\"Jessica Led\u00f3n\",\"modelo cubana\",\"nacimiento de beb\u00e9\",\"Paternidad\",\"Skyler\"],\"articleSection\":[\"Far\u00e1ndula\",\"Noticias\"],\"inLanguage\":\"es\",\"potentialAction\":[{\"@type\":\"CommentAction\",\"name\":\"Comment\",\"target\":[\"https:\\\/\\\/www.cuballama.com\\\/noticias\\\/cyan-el-hijo-de-david-guetta-y-la-cubana-jessica-ledon-ya-tiene-un-hermanito-se-llama-skyler\\\/#respond\"]}]},{\"@type\":\"WebPage\",\"@id\":\"https:\\\/\\\/www.cuballama.com\\\/noticias\\\/cyan-el-hijo-de-david-guetta-y-la-cubana-jessica-ledon-ya-tiene-un-hermanito-se-llama-skyler\\\/\",\"url\":\"https:\\\/\\\/www.cuballama.com\\\/noticias\\\/cyan-el-hijo-de-david-guetta-y-la-cubana-jessica-ledon-ya-tiene-un-hermanito-se-llama-skyler\\\/\",\"name\":\"Cyan, el hijo de David Guetta y la cubana Jessica Led\u00f3n, ya tiene un hermanito: se llama Skyler - Cuballama Noticias\",\"isPartOf\":{\"@id\":\"https:\\\/\\\/www.cuballama.com\\\/noticias\\\/#website\"},\"primaryImageOfPage\":{\"@id\":\"https:\\\/\\\/www.cuballama.com\\\/noticias\\\/cyan-el-hijo-de-david-guetta-y-la-cubana-jessica-ledon-ya-tiene-un-hermanito-se-llama-skyler\\\/#primaryimage\"},\"image\":{\"@id\":\"https:\\\/\\\/www.cuballama.com\\\/noticias\\\/cyan-el-hijo-de-david-guetta-y-la-cubana-jessica-ledon-ya-tiene-un-hermanito-se-llama-skyler\\\/#primaryimage\"},\"thumbnailUrl\":\"https:\\\/\\\/cdn1.mediawpaccore.net\\\/wp-content\\\/uploads\\\/2026\\\/02\\\/27085619\\\/image-92.png\",\"datePublished\":\"2026-03-03T12:38:37+00:00\",\"dateModified\":\"2026-03-03T12:38:39+00:00\",\"description\":\"David Guetta y la cubana Jessica Led\u00f3n presentan a su beb\u00e9 Skyler, hermanito de Cyan, en una emotiva expansi\u00f3n familiar.\",\"breadcrumb\":{\"@id\":\"https:\\\/\\\/www.cuballama.com\\\/noticias\\\/cyan-el-hijo-de-david-guetta-y-la-cubana-jessica-ledon-ya-tiene-un-hermanito-se-llama-skyler\\\/#breadcrumb\"},\"inLanguage\":\"es\",\"potentialAction\":[{\"@type\":\"ReadAction\",\"target\":[\"https:\\\/\\\/www.cuballama.com\\\/noticias\\\/cyan-el-hijo-de-david-guetta-y-la-cubana-jessica-ledon-ya-tiene-un-hermanito-se-llama-skyler\\\/\"]}]},{\"@type\":\"ImageObject\",\"inLanguage\":\"es\",\"@id\":\"https:\\\/\\\/www.cuballama.com\\\/noticias\\\/cyan-el-hijo-de-david-guetta-y-la-cubana-jessica-ledon-ya-tiene-un-hermanito-se-llama-skyler\\\/#primaryimage\",\"url\":\"https:\\\/\\\/cdn1.mediawpaccore.net\\\/wp-content\\\/uploads\\\/2026\\\/02\\\/27085619\\\/image-92.png\",\"contentUrl\":\"https:\\\/\\\/cdn1.mediawpaccore.net\\\/wp-content\\\/uploads\\\/2026\\\/02\\\/27085619\\\/image-92.png\",\"width\":1205,\"height\":664,\"caption\":\"Foto: Cr\u00e9dito David Guetta \\\/ Instagram\"},{\"@type\":\"BreadcrumbList\",\"@id\":\"https:\\\/\\\/www.cuballama.com\\\/noticias\\\/cyan-el-hijo-de-david-guetta-y-la-cubana-jessica-ledon-ya-tiene-un-hermanito-se-llama-skyler\\\/#breadcrumb\",\"itemListElement\":[{\"@type\":\"ListItem\",\"position\":1,\"name\":\"Home\",\"item\":\"https:\\\/\\\/www.cuballama.com\\\/noticias\\\/\"},{\"@type\":\"ListItem\",\"position\":2,\"name\":\"Cyan, el hijo de David Guetta y la cubana Jessica Led\u00f3n, ya tiene un hermanito: se llama Skyler\"}]},{\"@type\":\"WebSite\",\"@id\":\"https:\\\/\\\/www.cuballama.com\\\/noticias\\\/#website\",\"url\":\"https:\\\/\\\/www.cuballama.com\\\/noticias\\\/\",\"name\":\"Cuballama Noticias\",\"description\":\"Medio digital sobre Cuba y el mundo\",\"publisher\":{\"@id\":\"https:\\\/\\\/www.cuballama.com\\\/noticias\\\/#organization\"},\"potentialAction\":[{\"@type\":\"SearchAction\",\"target\":{\"@type\":\"EntryPoint\",\"urlTemplate\":\"https:\\\/\\\/www.cuballama.com\\\/noticias\\\/?s={search_term_string}\"},\"query-input\":{\"@type\":\"PropertyValueSpecification\",\"valueRequired\":true,\"valueName\":\"search_term_string\"}}],\"inLanguage\":\"es\"},{\"@type\":\"Organization\",\"@id\":\"https:\\\/\\\/www.cuballama.com\\\/noticias\\\/#organization\",\"name\":\"Cuballama\",\"url\":\"https:\\\/\\\/www.cuballama.com\\\/noticias\\\/\",\"logo\":{\"@type\":\"ImageObject\",\"inLanguage\":\"es\",\"@id\":\"https:\\\/\\\/www.cuballama.com\\\/noticias\\\/#\\\/schema\\\/logo\\\/image\\\/\",\"url\":\"https:\\\/\\\/cdn1.mediawpaccore.net\\\/wp-content\\\/uploads\\\/2021\\\/12\\\/28171206\\\/cbll-logo-color-sm.png\",\"contentUrl\":\"https:\\\/\\\/cdn1.mediawpaccore.net\\\/wp-content\\\/uploads\\\/2021\\\/12\\\/28171206\\\/cbll-logo-color-sm.png\",\"width\":600,\"height\":133,\"caption\":\"Cuballama\"},\"image\":{\"@id\":\"https:\\\/\\\/www.cuballama.com\\\/noticias\\\/#\\\/schema\\\/logo\\\/image\\\/\"},\"sameAs\":[\"https:\\\/\\\/www.facebook.com\\\/CubaLlama\",\"https:\\\/\\\/x.com\\\/cuballama\",\"https:\\\/\\\/www.instagram.com\\\/stories\\\/cuballama_oficial\\\/\",\"https:\\\/\\\/www.youtube.com\\\/channel\\\/UCKkFE-d_axENGZcrc4as0IA\"]},{\"@type\":\"Person\",\"@id\":\"https:\\\/\\\/www.cuballama.com\\\/noticias\\\/#\\\/schema\\\/person\\\/a58502ed4146c8e9f83872e897c76cd2\",\"name\":\"Roberto A.\",\"description\":\"Roberto A. Periodista por decisi\u00f3n propia. Interesado en cualquier tema que me apasione y cada vez m\u00e1s comprometido con la verdad y la objetividad period\u00edstica. Graduado en La Habana hace ya muchos a\u00f1os, luego de una accidentada y polvorienta b\u00fasqueda de informaci\u00f3n sobre un tema in\u00e9dito. La Tesis, por cierto, desapareci\u00f3 de la biblioteca y no se conservan copias de la misma.\",\"url\":\"https:\\\/\\\/www.cuballama.com\\\/noticias\\\/author\\\/roberto\\\/\"}]}<\/script>\n<!-- \/ Yoast SEO plugin. -->","yoast_head_json":{"title":"Cyan, el hijo de David Guetta y la cubana Jessica Led\u00f3n, ya tiene un hermanito: se llama Skyler - Cuballama Noticias","description":"David Guetta y la cubana Jessica Led\u00f3n presentan a su beb\u00e9 Skyler, hermanito de Cyan, en una emotiva expansi\u00f3n familiar.","robots":{"index":"index","follow":"follow","max-snippet":"max-snippet:-1","max-image-preview":"max-image-preview:large","max-video-preview":"max-video-preview:-1"},"canonical":"https:\/\/www.cuballama.com\/noticias\/cyan-el-hijo-de-david-guetta-y-la-cubana-jessica-ledon-ya-tiene-un-hermanito-se-llama-skyler\/","og_locale":"es_ES","og_type":"article","og_title":"Cyan, el hijo de David Guetta y la cubana Jessica Led\u00f3n, ya tiene un hermanito: se llama Skyler - Cuballama Noticias","og_description":"David Guetta y la cubana Jessica Led\u00f3n presentan a su beb\u00e9 Skyler, hermanito de Cyan, en una emotiva expansi\u00f3n familiar.","og_url":"https:\/\/www.cuballama.com\/noticias\/cyan-el-hijo-de-david-guetta-y-la-cubana-jessica-ledon-ya-tiene-un-hermanito-se-llama-skyler\/","og_site_name":"Cuballama Noticias","article_publisher":"https:\/\/www.facebook.com\/CubaLlama","article_published_time":"2026-03-03T12:38:37+00:00","article_modified_time":"2026-03-03T12:38:39+00:00","og_image":[{"width":1205,"height":664,"url":"https:\/\/cdn1.mediawpaccore.net\/wp-content\/uploads\/2026\/02\/27085619\/image-92.png","type":"image\/png"}],"author":"Roberto A.","twitter_card":"summary_large_image","twitter_creator":"@cuballama","twitter_site":"@cuballama","twitter_misc":{"Escrito por":"Roberto A.","Tiempo de lectura":"1 minuto"},"schema":{"@context":"https:\/\/schema.org","@graph":[{"@type":"Article","@id":"https:\/\/www.cuballama.com\/noticias\/cyan-el-hijo-de-david-guetta-y-la-cubana-jessica-ledon-ya-tiene-un-hermanito-se-llama-skyler\/#article","isPartOf":{"@id":"https:\/\/www.cuballama.com\/noticias\/cyan-el-hijo-de-david-guetta-y-la-cubana-jessica-ledon-ya-tiene-un-hermanito-se-llama-skyler\/"},"author":{"name":"Roberto A.","@id":"https:\/\/www.cuballama.com\/noticias\/#\/schema\/person\/a58502ed4146c8e9f83872e897c76cd2"},"headline":"Cyan, el hijo de David Guetta y la cubana Jessica Led\u00f3n, ya tiene un hermanito: se llama Skyler","datePublished":"2026-03-03T12:38:37+00:00","dateModified":"2026-03-03T12:38:39+00:00","mainEntityOfPage":{"@id":"https:\/\/www.cuballama.com\/noticias\/cyan-el-hijo-de-david-guetta-y-la-cubana-jessica-ledon-ya-tiene-un-hermanito-se-llama-skyler\/"},"wordCount":520,"commentCount":0,"publisher":{"@id":"https:\/\/www.cuballama.com\/noticias\/#organization"},"image":{"@id":"https:\/\/www.cuballama.com\/noticias\/cyan-el-hijo-de-david-guetta-y-la-cubana-jessica-ledon-ya-tiene-un-hermanito-se-llama-skyler\/#primaryimage"},"thumbnailUrl":"https:\/\/cdn1.mediawpaccore.net\/wp-content\/uploads\/2026\/02\/27085619\/image-92.png","keywords":["Cyan","David Guetta","familia de David Guetta","hijos de David Guetta","Jessica Led\u00f3n","modelo cubana","nacimiento de beb\u00e9","Paternidad","Skyler"],"articleSection":["Far\u00e1ndula","Noticias"],"inLanguage":"es","potentialAction":[{"@type":"CommentAction","name":"Comment","target":["https:\/\/www.cuballama.com\/noticias\/cyan-el-hijo-de-david-guetta-y-la-cubana-jessica-ledon-ya-tiene-un-hermanito-se-llama-skyler\/#respond"]}]},{"@type":"WebPage","@id":"https:\/\/www.cuballama.com\/noticias\/cyan-el-hijo-de-david-guetta-y-la-cubana-jessica-ledon-ya-tiene-un-hermanito-se-llama-skyler\/","url":"https:\/\/www.cuballama.com\/noticias\/cyan-el-hijo-de-david-guetta-y-la-cubana-jessica-ledon-ya-tiene-un-hermanito-se-llama-skyler\/","name":"Cyan, el hijo de David Guetta y la cubana Jessica Led\u00f3n, ya tiene un hermanito: se llama Skyler - Cuballama Noticias","isPartOf":{"@id":"https:\/\/www.cuballama.com\/noticias\/#website"},"primaryImageOfPage":{"@id":"https:\/\/www.cuballama.com\/noticias\/cyan-el-hijo-de-david-guetta-y-la-cubana-jessica-ledon-ya-tiene-un-hermanito-se-llama-skyler\/#primaryimage"},"image":{"@id":"https:\/\/www.cuballama.com\/noticias\/cyan-el-hijo-de-david-guetta-y-la-cubana-jessica-ledon-ya-tiene-un-hermanito-se-llama-skyler\/#primaryimage"},"thumbnailUrl":"https:\/\/cdn1.mediawpaccore.net\/wp-content\/uploads\/2026\/02\/27085619\/image-92.png","datePublished":"2026-03-03T12:38:37+00:00","dateModified":"2026-03-03T12:38:39+00:00","description":"David Guetta y la cubana Jessica Led\u00f3n presentan a su beb\u00e9 Skyler, hermanito de Cyan, en una emotiva expansi\u00f3n familiar.","breadcrumb":{"@id":"https:\/\/www.cuballama.com\/noticias\/cyan-el-hijo-de-david-guetta-y-la-cubana-jessica-ledon-ya-tiene-un-hermanito-se-llama-skyler\/#breadcrumb"},"inLanguage":"es","potentialAction":[{"@type":"ReadAction","target":["https:\/\/www.cuballama.com\/noticias\/cyan-el-hijo-de-david-guetta-y-la-cubana-jessica-ledon-ya-tiene-un-hermanito-se-llama-skyler\/"]}]},{"@type":"ImageObject","inLanguage":"es","@id":"https:\/\/www.cuballama.com\/noticias\/cyan-el-hijo-de-david-guetta-y-la-cubana-jessica-ledon-ya-tiene-un-hermanito-se-llama-skyler\/#primaryimage","url":"https:\/\/cdn1.mediawpaccore.net\/wp-content\/uploads\/2026\/02\/27085619\/image-92.png","contentUrl":"https:\/\/cdn1.mediawpaccore.net\/wp-content\/uploads\/2026\/02\/27085619\/image-92.png","width":1205,"height":664,"caption":"Foto: Cr\u00e9dito David Guetta \/ Instagram"},{"@type":"BreadcrumbList","@id":"https:\/\/www.cuballama.com\/noticias\/cyan-el-hijo-de-david-guetta-y-la-cubana-jessica-ledon-ya-tiene-un-hermanito-se-llama-skyler\/#breadcrumb","itemListElement":[{"@type":"ListItem","position":1,"name":"Home","item":"https:\/\/www.cuballama.com\/noticias\/"},{"@type":"ListItem","position":2,"name":"Cyan, el hijo de David Guetta y la cubana Jessica Led\u00f3n, ya tiene un hermanito: se llama Skyler"}]},{"@type":"WebSite","@id":"https:\/\/www.cuballama.com\/noticias\/#website","url":"https:\/\/www.cuballama.com\/noticias\/","name":"Cuballama Noticias","description":"Medio digital sobre Cuba y el mundo","publisher":{"@id":"https:\/\/www.cuballama.com\/noticias\/#organization"},"potentialAction":[{"@type":"SearchAction","target":{"@type":"EntryPoint","urlTemplate":"https:\/\/www.cuballama.com\/noticias\/?s={search_term_string}"},"query-input":{"@type":"PropertyValueSpecification","valueRequired":true,"valueName":"search_term_string"}}],"inLanguage":"es"},{"@type":"Organization","@id":"https:\/\/www.cuballama.com\/noticias\/#organization","name":"Cuballama","url":"https:\/\/www.cuballama.com\/noticias\/","logo":{"@type":"ImageObject","inLanguage":"es","@id":"https:\/\/www.cuballama.com\/noticias\/#\/schema\/logo\/image\/","url":"https:\/\/cdn1.mediawpaccore.net\/wp-content\/uploads\/2021\/12\/28171206\/cbll-logo-color-sm.png","contentUrl":"https:\/\/cdn1.mediawpaccore.net\/wp-content\/uploads\/2021\/12\/28171206\/cbll-logo-color-sm.png","width":600,"height":133,"caption":"Cuballama"},"image":{"@id":"https:\/\/www.cuballama.com\/noticias\/#\/schema\/logo\/image\/"},"sameAs":["https:\/\/www.facebook.com\/CubaLlama","https:\/\/x.com\/cuballama","https:\/\/www.instagram.com\/stories\/cuballama_oficial\/","https:\/\/www.youtube.com\/channel\/UCKkFE-d_axENGZcrc4as0IA"]},{"@type":"Person","@id":"https:\/\/www.cuballama.com\/noticias\/#\/schema\/person\/a58502ed4146c8e9f83872e897c76cd2","name":"Roberto A.","description":"Roberto A. Periodista por decisi\u00f3n propia. Interesado en cualquier tema que me apasione y cada vez m\u00e1s comprometido con la verdad y la objetividad period\u00edstica. Graduado en La Habana hace ya muchos a\u00f1os, luego de una accidentada y polvorienta b\u00fasqueda de informaci\u00f3n sobre un tema in\u00e9dito. La Tesis, por cierto, desapareci\u00f3 de la biblioteca y no se conservan copias de la misma.","url":"https:\/\/www.cuballama.com\/noticias\/author\/roberto\/"}]}},"_links":{"self":[{"href":"https:\/\/www.cuballama.com\/noticias\/wp-json\/wp\/v2\/posts\/236556","targetHints":{"allow":["GET"]}}],"collection":[{"href":"https:\/\/www.cuballama.com\/noticias\/wp-json\/wp\/v2\/posts"}],"about":[{"href":"https:\/\/www.cuballama.com\/noticias\/wp-json\/wp\/v2\/types\/post"}],"author":[{"embeddable":true,"href":"https:\/\/www.cuballama.com\/noticias\/wp-json\/wp\/v2\/users\/13"}],"replies":[{"embeddable":true,"href":"https:\/\/www.cuballama.com\/noticias\/wp-json\/wp\/v2\/comments?post=236556"}],"version-history":[{"count":6,"href":"https:\/\/www.cuballama.com\/noticias\/wp-json\/wp\/v2\/posts\/236556\/revisions"}],"predecessor-version":[{"id":236570,"href":"https:\/\/www.cuballama.com\/noticias\/wp-json\/wp\/v2\/posts\/236556\/revisions\/236570"}],"wp:featuredmedia":[{"embeddable":true,"href":"https:\/\/www.cuballama.com\/noticias\/wp-json\/wp\/v2\/media\/236566"}],"wp:attachment":[{"href":"https:\/\/www.cuballama.com\/noticias\/wp-json\/wp\/v2\/media?parent=236556"}],"wp:term":[{"taxonomy":"category","embeddable":true,"href":"https:\/\/www.cuballama.com\/noticias\/wp-json\/wp\/v2\/categories?post=236556"},{"taxonomy":"post_tag","embeddable":true,"href":"https:\/\/www.cuballama.com\/noticias\/wp-json\/wp\/v2\/tags?post=236556"}],"curies":[{"name":"wp","href":"https:\/\/api.w.org\/{rel}","templated":true}]}}