{"id":236183,"date":"2026-03-11T02:10:40","date_gmt":"2026-03-11T06:10:40","guid":{"rendered":"https:\/\/www.cuballama.com\/noticias\/?p=236183"},"modified":"2026-03-11T02:10:43","modified_gmt":"2026-03-11T06:10:43","slug":"cuba-en-crisis-y-entre-la-basura-pero-defensores-piden-ser-como-fidel-y-regalan-obras-completas-de-raul-castro-ii","status":"publish","type":"post","link":"https:\/\/www.cuballama.com\/noticias\/cuba-en-crisis-y-entre-la-basura-pero-defensores-piden-ser-como-fidel-y-regalan-obras-completas-de-raul-castro-ii\/","title":{"rendered":"Cuba en Crisis y entre la basura, pero defensores piden ser como Fidel y regalan Obras Completas de Ra\u00fal Castro (II)"},"content":{"rendered":"\n<p>Este 24 de febrero, en el marco de una sesi\u00f3n solemne por el aniversario del Poder Popular, Miguel D\u00edaz-Canel habl\u00f3 de \u201ccambiar lo que debe ser cambiado\u201d y pidi\u00f3 asumir el momento como un punto de inflexi\u00f3n, con un tono que mezcla promesa y consigna: resistir, transformar, vencer. La frase, repetida y celebrada por el aparato comunicacional, llega cuando la vida diaria se mide en horas de apag\u00f3n, en colas y en decisiones dom\u00e9sticas sobre qu\u00e9 se cocina, qu\u00e9 se bota, qu\u00e9 se guarda para ma\u00f1ana.<\/p>\n\n\n\n<p>As\u00ed lo report\u00f3 <em><a href=\"https:\/\/www.youtube.com\/watch?v=dKydUJTF6qo\" target=\"_blank\" rel=\"noreferrer noopener nofollow\">Canal Caribe<\/a><\/em>. Seg\u00fan el medio oficialista, durante la Audiencia P\u00fablica Parlamentaria \u00ab50 A\u00f1os del PoderPopular en Cuba\u00bb, que tuvo lugar este martes en el Capitolio Nacional,  D\u00edaz-Canel llam\u00f3 a \u00abrevitalizar la participaci\u00f3n, a defender la soberan\u00eda y a mantener viva la esperanza en un ma\u00f1ana mejor\u00bb.<\/p>\n\n\n\n<iframe loading=\"lazy\" width=\"1253\" height=\"705\" src=\"https:\/\/www.youtube.com\/embed\/dKydUJTF6qo\" title=\"Audiencia P\u00fablica Parlamentaria &quot;50 A\u00f1os del Poder Popular en Cuba&quot;\" frameborder=\"0\" allow=\"accelerometer; autoplay; clipboard-write; encrypted-media; gyroscope; picture-in-picture; web-share\" referrerpolicy=\"strict-origin-when-cross-origin\" allowfullscreen><\/iframe>\n\n\n\n<p>Uno pensar\u00eda, tras escucharlo, que tomar\u00edan de inmediato las medidas para desmantelar, no ya el Partido Comunista de Cuba, que sabemos no lo van a hacer, sino al menos la Seguridad del Estado; el totalitarismo en la prensa oficial; la pol\u00edtica de cuadros&#8230; La lista de cosas que deben cambiar es enorme, todas nacidas y surgidas dentro del sistema, que forman parte del sistema mismo por tanto, LQQD,<strong> no cambiar\u00e1 nada<\/strong>. El Estado seguir\u00e1 desconectado de la realidad porque, quienes lo dirigen, son individuos con el 99 por ciento de las neuronas desconectadas. El 1 por ciento restante, lo tienen conectado a la Revoluci\u00f3n.<\/p>\n\n\n\n<p>La desconexi\u00f3n se vuelve m\u00e1s visible cuando, al mismo tiempo que se acumulan quejas por hospitales sin respaldo energ\u00e9tico, por humo t\u00f3xico y por funerarias que no garantizan ni lo m\u00ednimo para los muertos, figuras cercanas al oficialismo, y \u00abmuy vivos\u00bb, reactivan el repertorio simb\u00f3lico de la Revoluci\u00f3n. <\/p>\n\n\n\n<p>Frei Betto, invitado en La Habana, pidi\u00f3, por ejemplo, \u201cmirar el ejemplo de resistencia de Fidel\u201d durante un encuentro en el Museo de los CDR, donde se present\u00f3 el libro <em>Premoniciones de Fidel<\/em>. S\u00ed, m\u00e1s gasto de papel.<\/p>\n\n\n\n<p>Otra vez <em><em><em><a href=\"https:\/\/www.youtube.com\/watch?v=EGAoab3-PCg\" target=\"_blank\" rel=\"noreferrer noopener nofollow\">Canal Caribe<\/a><\/em><\/em><\/em>, conducido por el oficialista Abdiel Berm\u00fadez, dio la noticia:<\/p>\n\n\n\n<iframe loading=\"lazy\" width=\"1253\" height=\"705\" src=\"https:\/\/www.youtube.com\/embed\/EGAoab3-PCg\" title=\"Frei Betto presenta libro &quot;Premoniciones de Fidel&quot;\" frameborder=\"0\" allow=\"accelerometer; autoplay; clipboard-write; encrypted-media; gyroscope; picture-in-picture; web-share\" referrerpolicy=\"strict-origin-when-cross-origin\" allowfullscreen><\/iframe>\n\n\n\n<p>El libro fue impreso por el proyecto \u00abLa gr\u00e1fica en la Comunidad\u00bb, en una puesta en escena que propone un retorno a la m\u00edstica revolucionaria y guerrillera de los a\u00f1os 60\u00b4, s\u00ed, hace ya casi 70 a\u00f1os, como respuesta al agotamiento que hay en todos los niveles de la sociedad en la isla. <\/p>\n\n\n\n<p>Y como si la isla necesitara, adem\u00e1s de combustible y medicamentos, una gu\u00eda doctrinal de miles de p\u00e1ginas, y este libro no faltara, el Estado present\u00f3 una compilaci\u00f3n en nueve tomos de las Obras Escogidas de Ra\u00fal Castro. <\/p>\n\n\n\n<p>Medios oficialistas han descrito la colecci\u00f3n como un conjunto de m\u00e1s de 500 documentos que supera las 5.000 p\u00e1ginas, pensado como herramienta de estudio y reafirmaci\u00f3n hist\u00f3rica. La publicaci\u00f3n cuenta con respaldo institucional: existe descarga por canales oficiales del Partido Comunista, y la prensa provincial la ha defendido como un material para el \u201cmomento complejo\u201d del pa\u00eds. <\/p>\n\n\n\n<figure class=\"wp-block-embed is-type-rich is-provider-twitter wp-block-embed-twitter\"><div class=\"wp-block-embed__wrapper\">\n<blockquote class=\"twitter-tweet\" data-width=\"550\" data-dnt=\"true\"><p lang=\"es\" dir=\"ltr\">\ud83d\udde3| Una manera de entender de modo nuevo c\u00f3mo es liderazgo de <a href=\"https:\/\/twitter.com\/hashtag\/Raul?src=hash&amp;ref_src=twsrc%5Etfw\">#Raul<\/a>, diferente al de <a href=\"https:\/\/twitter.com\/hashtag\/Fidel?src=hash&amp;ref_src=twsrc%5Etfw\">#Fidel<\/a>, pero totalmente continuador, signific\u00f3 Abel Prieto sobre estas p\u00e1ginas, cuyo pr\u00f3logo es del Presidente <a href=\"https:\/\/twitter.com\/DiazCanelB?ref_src=twsrc%5Etfw\">@DiazCanelB<\/a>. <a href=\"https:\/\/t.co\/X4Bb1OY5Du\">pic.twitter.com\/X4Bb1OY5Du<\/a><\/p>&mdash; Presidencia Cuba \ud83c\udde8\ud83c\uddfa (@PresidenciaCuba) <a href=\"https:\/\/twitter.com\/PresidenciaCuba\/status\/2026333753979613525?ref_src=twsrc%5Etfw\">February 24, 2026<\/a><\/blockquote><script async src=\"https:\/\/platform.twitter.com\/widgets.js\" charset=\"utf-8\"><\/script>\n<\/div><\/figure>\n\n\n\n<p>\u00bfEl prologuista? \u00a1Si\u00e9ntese! \u00a1Miguel D\u00edaz-Canel Berm\u00fadez!<\/p>\n\n\n\n<p>La paradoja no est\u00e1 en que un gobierno publique libros o que el vilipendiado Limonardo, que no habla muy bien del todo escriba un pr\u00f3logo, sino en la prioridad simb\u00f3lica: cuando la conversaci\u00f3n p\u00fablica gira alrededor de hospitales apagados, funerales demorados y ciudades respirando humo, el gesto central vuelve a ser la entrega de un \u201cregalo\u201d pol\u00edtico-editorial.<\/p>\n\n\n\n<p>Aqu\u00ed no estaba presente Frei Betto porque, el brasile\u00f1o, por m\u00e1s que quisiera, no tiene el don de poder estar presente en dos lugares al mismo tiempo. <\/p>\n\n\n\n<p>\u00abSu lugar\u00bb \u2014ese que se ocupa para exaltar las glorias de quienes los mantienen prendidos a la teta\u2014 lo ocup\u00f3 el cada d\u00eda m\u00e1s desagradable Abel Prieto, c\u00fambila sin igual del hermano menor de los Castros. Prieto dijo que esas p\u00e1ginas ayudan a entender \u201cde modo nuevo\u201d el liderazgo de Ra\u00fal Castro. Lo present\u00f3 como un liderazgo distinto al de Fidel Castro, pero \u201ctotalmente continuador\u201d, es decir, diferente en estilo o forma, pero alineado con la misma l\u00ednea pol\u00edtica e hist\u00f3rica que se atribuye a la continuidad de la Revoluci\u00f3n. <\/p>\n\n\n\n<figure class=\"wp-block-gallery has-nested-images columns-default is-cropped wp-block-gallery-1 is-layout-flex wp-block-gallery-is-layout-flex\">\n<figure class=\"wp-block-image size-large\"><img loading=\"lazy\" decoding=\"async\" width=\"426\" height=\"723\" data-id=\"236191\" src=\"https:\/\/cdn1.mediawpaccore.net\/wp-content\/uploads\/2026\/02\/25064223\/Screenshot-2026-02-25-124139.png\" alt=\"\" class=\"wp-image-236191\" srcset=\"https:\/\/cdn1.mediawpaccore.net\/wp-content\/uploads\/2026\/02\/25064223\/Screenshot-2026-02-25-124139.png 426w, https:\/\/cdn1.mediawpaccore.net\/wp-content\/uploads\/2026\/02\/25064223\/Screenshot-2026-02-25-124139-177x300.png 177w, https:\/\/cdn1.mediawpaccore.net\/wp-content\/uploads\/2026\/02\/25064223\/Screenshot-2026-02-25-124139-247x420.png 247w, https:\/\/cdn1.mediawpaccore.net\/wp-content\/uploads\/2026\/02\/25064223\/Screenshot-2026-02-25-124139-150x255.png 150w, https:\/\/cdn1.mediawpaccore.net\/wp-content\/uploads\/2026\/02\/25064223\/Screenshot-2026-02-25-124139-300x509.png 300w\" sizes=\"auto, (max-width: 426px) 100vw, 426px\" \/><figcaption class=\"wp-element-caption\">Salvador Vald\u00e9s Mesa luce algo \u00abido\u00bb mientras se presentaban los 9 Tomos de las Obras Escogidas de Ra\u00fal Castro. Foto: Estudio Revoluci\u00f3n<\/figcaption><\/figure>\n\n\n\n<figure class=\"wp-block-image size-large\"><img loading=\"lazy\" decoding=\"async\" width=\"527\" height=\"919\" data-id=\"236188\" src=\"https:\/\/cdn1.mediawpaccore.net\/wp-content\/uploads\/2026\/02\/25063820\/image-82.png\" alt=\"\" class=\"wp-image-236188\" srcset=\"https:\/\/cdn1.mediawpaccore.net\/wp-content\/uploads\/2026\/02\/25063820\/image-82.png 527w, https:\/\/cdn1.mediawpaccore.net\/wp-content\/uploads\/2026\/02\/25063820\/image-82-172x300.png 172w, https:\/\/cdn1.mediawpaccore.net\/wp-content\/uploads\/2026\/02\/25063820\/image-82-241x420.png 241w, https:\/\/cdn1.mediawpaccore.net\/wp-content\/uploads\/2026\/02\/25063820\/image-82-150x262.png 150w, https:\/\/cdn1.mediawpaccore.net\/wp-content\/uploads\/2026\/02\/25063820\/image-82-300x523.png 300w\" sizes=\"auto, (max-width: 527px) 100vw, 527px\" \/><figcaption class=\"wp-element-caption\">Abel Prieto al parecer no escuchaba muy bien los que estaba diciendo el historiador Elier Ram\u00edrez durante la presentaci\u00f3n de los 9 Tomos de las Obras Escogidas de Ra\u00fal Castro. Foto: Estudio Revoluci\u00f3n<\/figcaption><\/figure>\n<\/figure>\n\n\n\n<p>Visto esto, no queda dudas de que la Cuba de febrero de 2026 se est\u00e1 contando, al mismo tiempo, en dos idiomas: el de la emergencia concreta y el de la liturgia pol\u00edtica. El primero habla de una operaci\u00f3n que depende de que alguien \u201cbaje\u201d la corriente, de una ciudad que quema basura porque no hay c\u00f3mo moverla, de un cementerio que no puede sostener sus servicios y de precios que convierten art\u00edculos b\u00e1sicos en lujo. <\/p>\n\n\n\n<p>El segundo responde con la idea de resistencia, con la promesa de cambiar \u201clo que deba ser cambiado\u201d, con un llamado a mirar a Fidel y con la entrega, en plena crisis, de tomos destinados a apuntalar un legado. La tensi\u00f3n no es ret\u00f3rica: se expresa cada vez que un ciudadano siente que lo indispensable se pospone, mientras lo simb\u00f3lico se imprime, se presenta y se celebra.<\/p>\n\n\n\n<p>Lea la primera parte de este trabajo <strong><a href=\"https:\/\/www.cuballama.com\/noticias\/wp-admin\/post.php?post=236174&amp;action=edit\" target=\"_blank\" rel=\"noreferrer noopener\">aqu\u00ed<\/a><\/strong><\/p>\n","protected":false},"excerpt":{"rendered":"<p>Denuncias por hospitales sin electricidad, humo t\u00f3xico y servicios funerarios colapsados contrastan con llamados a \u201cresistir como Fidel\u201d y la presentaci\u00f3n de las Obras Escogidas de Ra\u00fal Castro.<\/p>\n","protected":false},"author":13,"featured_media":236193,"comment_status":"open","ping_status":"closed","sticky":false,"template":"","format":"standard","meta":{"_acf_changed":false,"footnotes":""},"categories":[18,955],"tags":[1146,2156,5510,10867,11,12236,13144,1816,30709,113,17639,4487],"class_list":{"0":"post-236183","1":"post","2":"type-post","3":"status-publish","4":"format-standard","5":"has-post-thumbnail","7":"category-noticias","8":"category-noticias-de-cuba","9":"tag-apagones","10":"tag-basura","11":"tag-cdr","12":"tag-crisis-en-cuba","13":"tag-cuba","14":"tag-frei-betto","15":"tag-holguin-2","16":"tag-matanzas","17":"tag-propaganda-politica","18":"tag-raul-castro","19":"tag-salud-publica","20":"tag-servicios-necrologicos"},"acf":[],"yoast_head":"<!-- This site is optimized with the Yoast SEO plugin v27.4 - https:\/\/yoast.com\/product\/yoast-seo-wordpress\/ -->\n<title>Cuba en Crisis y entre la basura, pero defensores piden ser como Fidel y regalan Obras Completas de Ra\u00fal Castro (II) - Cuballama Noticias<\/title>\n<meta name=\"description\" content=\"Cuba enfrenta apagones basura y funerales precarios mientras el poder invoca a Fidel y lanza sus tomos de Ra\u00fal como \u201cregalo\u201d.\" \/>\n<meta name=\"robots\" content=\"index, follow, max-snippet:-1, max-image-preview:large, max-video-preview:-1\" \/>\n<link rel=\"canonical\" href=\"https:\/\/www.cuballama.com\/noticias\/cuba-en-crisis-y-entre-la-basura-pero-defensores-piden-ser-como-fidel-y-regalan-obras-completas-de-raul-castro-ii\/\" \/>\n<meta property=\"og:locale\" content=\"es_ES\" \/>\n<meta property=\"og:type\" content=\"article\" \/>\n<meta property=\"og:title\" content=\"Cuba en Crisis y entre la basura, pero defensores piden ser como Fidel y regalan Obras Completas de Ra\u00fal Castro (II) - Cuballama Noticias\" \/>\n<meta property=\"og:description\" content=\"Cuba enfrenta apagones basura y funerales precarios mientras el poder invoca a Fidel y lanza sus tomos de Ra\u00fal como \u201cregalo\u201d.\" \/>\n<meta property=\"og:url\" content=\"https:\/\/www.cuballama.com\/noticias\/cuba-en-crisis-y-entre-la-basura-pero-defensores-piden-ser-como-fidel-y-regalan-obras-completas-de-raul-castro-ii\/\" \/>\n<meta property=\"og:site_name\" content=\"Cuballama Noticias\" \/>\n<meta property=\"article:publisher\" content=\"https:\/\/www.facebook.com\/CubaLlama\" \/>\n<meta property=\"article:published_time\" content=\"2026-03-11T06:10:40+00:00\" \/>\n<meta property=\"article:modified_time\" content=\"2026-03-11T06:10:43+00:00\" \/>\n<meta property=\"og:image\" content=\"https:\/\/cdn1.mediawpaccore.net\/wp-content\/uploads\/2026\/02\/25064448\/Screenshot-2026-02-25-124120-1024x594.png\" \/>\n\t<meta property=\"og:image:width\" content=\"1024\" \/>\n\t<meta property=\"og:image:height\" content=\"594\" \/>\n\t<meta property=\"og:image:type\" content=\"image\/png\" \/>\n<meta name=\"author\" content=\"Roberto A.\" \/>\n<meta name=\"twitter:card\" content=\"summary_large_image\" \/>\n<meta name=\"twitter:creator\" content=\"@cuballama\" \/>\n<meta name=\"twitter:site\" content=\"@cuballama\" \/>\n<meta name=\"twitter:label1\" content=\"Escrito por\" \/>\n\t<meta name=\"twitter:data1\" content=\"Roberto A.\" \/>\n\t<meta name=\"twitter:label2\" content=\"Tiempo de lectura\" \/>\n\t<meta name=\"twitter:data2\" content=\"5 minutos\" \/>\n<script type=\"application\/ld+json\" class=\"yoast-schema-graph\">{\"@context\":\"https:\\\/\\\/schema.org\",\"@graph\":[{\"@type\":\"Article\",\"@id\":\"https:\\\/\\\/www.cuballama.com\\\/noticias\\\/cuba-en-crisis-y-entre-la-basura-pero-defensores-piden-ser-como-fidel-y-regalan-obras-completas-de-raul-castro-ii\\\/#article\",\"isPartOf\":{\"@id\":\"https:\\\/\\\/www.cuballama.com\\\/noticias\\\/cuba-en-crisis-y-entre-la-basura-pero-defensores-piden-ser-como-fidel-y-regalan-obras-completas-de-raul-castro-ii\\\/\"},\"author\":{\"name\":\"Roberto A.\",\"@id\":\"https:\\\/\\\/www.cuballama.com\\\/noticias\\\/#\\\/schema\\\/person\\\/a58502ed4146c8e9f83872e897c76cd2\"},\"headline\":\"Cuba en Crisis y entre la basura, pero defensores piden ser como Fidel y regalan Obras Completas de Ra\u00fal Castro (II)\",\"datePublished\":\"2026-03-11T06:10:40+00:00\",\"dateModified\":\"2026-03-11T06:10:43+00:00\",\"mainEntityOfPage\":{\"@id\":\"https:\\\/\\\/www.cuballama.com\\\/noticias\\\/cuba-en-crisis-y-entre-la-basura-pero-defensores-piden-ser-como-fidel-y-regalan-obras-completas-de-raul-castro-ii\\\/\"},\"wordCount\":964,\"commentCount\":0,\"publisher\":{\"@id\":\"https:\\\/\\\/www.cuballama.com\\\/noticias\\\/#organization\"},\"image\":{\"@id\":\"https:\\\/\\\/www.cuballama.com\\\/noticias\\\/cuba-en-crisis-y-entre-la-basura-pero-defensores-piden-ser-como-fidel-y-regalan-obras-completas-de-raul-castro-ii\\\/#primaryimage\"},\"thumbnailUrl\":\"https:\\\/\\\/cdn1.mediawpaccore.net\\\/wp-content\\\/uploads\\\/2026\\\/02\\\/25064448\\\/Screenshot-2026-02-25-124120.png\",\"keywords\":[\"Apagones\",\"basura\",\"CDR\",\"Crisis en Cuba\",\"Cuba\",\"Frei Betto\",\"Holgu\u00edn\",\"Matanzas\",\"propaganda pol\u00edtica\",\"Ra\u00fal Castro\",\"salud p\u00fablica\",\"servicios necrol\u00f3gicos\"],\"articleSection\":[\"Noticias\",\"Noticias de Cuba\"],\"inLanguage\":\"es\",\"potentialAction\":[{\"@type\":\"CommentAction\",\"name\":\"Comment\",\"target\":[\"https:\\\/\\\/www.cuballama.com\\\/noticias\\\/cuba-en-crisis-y-entre-la-basura-pero-defensores-piden-ser-como-fidel-y-regalan-obras-completas-de-raul-castro-ii\\\/#respond\"]}]},{\"@type\":\"WebPage\",\"@id\":\"https:\\\/\\\/www.cuballama.com\\\/noticias\\\/cuba-en-crisis-y-entre-la-basura-pero-defensores-piden-ser-como-fidel-y-regalan-obras-completas-de-raul-castro-ii\\\/\",\"url\":\"https:\\\/\\\/www.cuballama.com\\\/noticias\\\/cuba-en-crisis-y-entre-la-basura-pero-defensores-piden-ser-como-fidel-y-regalan-obras-completas-de-raul-castro-ii\\\/\",\"name\":\"Cuba en Crisis y entre la basura, pero defensores piden ser como Fidel y regalan Obras Completas de Ra\u00fal Castro (II) - Cuballama Noticias\",\"isPartOf\":{\"@id\":\"https:\\\/\\\/www.cuballama.com\\\/noticias\\\/#website\"},\"primaryImageOfPage\":{\"@id\":\"https:\\\/\\\/www.cuballama.com\\\/noticias\\\/cuba-en-crisis-y-entre-la-basura-pero-defensores-piden-ser-como-fidel-y-regalan-obras-completas-de-raul-castro-ii\\\/#primaryimage\"},\"image\":{\"@id\":\"https:\\\/\\\/www.cuballama.com\\\/noticias\\\/cuba-en-crisis-y-entre-la-basura-pero-defensores-piden-ser-como-fidel-y-regalan-obras-completas-de-raul-castro-ii\\\/#primaryimage\"},\"thumbnailUrl\":\"https:\\\/\\\/cdn1.mediawpaccore.net\\\/wp-content\\\/uploads\\\/2026\\\/02\\\/25064448\\\/Screenshot-2026-02-25-124120.png\",\"datePublished\":\"2026-03-11T06:10:40+00:00\",\"dateModified\":\"2026-03-11T06:10:43+00:00\",\"description\":\"Cuba enfrenta apagones basura y funerales precarios mientras el poder invoca a Fidel y lanza sus tomos de Ra\u00fal como \u201cregalo\u201d.\",\"breadcrumb\":{\"@id\":\"https:\\\/\\\/www.cuballama.com\\\/noticias\\\/cuba-en-crisis-y-entre-la-basura-pero-defensores-piden-ser-como-fidel-y-regalan-obras-completas-de-raul-castro-ii\\\/#breadcrumb\"},\"inLanguage\":\"es\",\"potentialAction\":[{\"@type\":\"ReadAction\",\"target\":[\"https:\\\/\\\/www.cuballama.com\\\/noticias\\\/cuba-en-crisis-y-entre-la-basura-pero-defensores-piden-ser-como-fidel-y-regalan-obras-completas-de-raul-castro-ii\\\/\"]}]},{\"@type\":\"ImageObject\",\"inLanguage\":\"es\",\"@id\":\"https:\\\/\\\/www.cuballama.com\\\/noticias\\\/cuba-en-crisis-y-entre-la-basura-pero-defensores-piden-ser-como-fidel-y-regalan-obras-completas-de-raul-castro-ii\\\/#primaryimage\",\"url\":\"https:\\\/\\\/cdn1.mediawpaccore.net\\\/wp-content\\\/uploads\\\/2026\\\/02\\\/25064448\\\/Screenshot-2026-02-25-124120.png\",\"contentUrl\":\"https:\\\/\\\/cdn1.mediawpaccore.net\\\/wp-content\\\/uploads\\\/2026\\\/02\\\/25064448\\\/Screenshot-2026-02-25-124120.png\",\"width\":1828,\"height\":1060,\"caption\":\"Los m\u00e1ximos dirigentes cubanos asisten a la presentaci\u00f3n de las \\\"Obras Completas\\\" de Ra\u00fal Castro. Foto: Estudio Revoluci\u00f3n\"},{\"@type\":\"BreadcrumbList\",\"@id\":\"https:\\\/\\\/www.cuballama.com\\\/noticias\\\/cuba-en-crisis-y-entre-la-basura-pero-defensores-piden-ser-como-fidel-y-regalan-obras-completas-de-raul-castro-ii\\\/#breadcrumb\",\"itemListElement\":[{\"@type\":\"ListItem\",\"position\":1,\"name\":\"Home\",\"item\":\"https:\\\/\\\/www.cuballama.com\\\/noticias\\\/\"},{\"@type\":\"ListItem\",\"position\":2,\"name\":\"Cuba en Crisis y entre la basura, pero defensores piden ser como Fidel y regalan Obras Completas de Ra\u00fal Castro (II)\"}]},{\"@type\":\"WebSite\",\"@id\":\"https:\\\/\\\/www.cuballama.com\\\/noticias\\\/#website\",\"url\":\"https:\\\/\\\/www.cuballama.com\\\/noticias\\\/\",\"name\":\"Cuballama Noticias\",\"description\":\"Medio digital sobre Cuba y el mundo\",\"publisher\":{\"@id\":\"https:\\\/\\\/www.cuballama.com\\\/noticias\\\/#organization\"},\"potentialAction\":[{\"@type\":\"SearchAction\",\"target\":{\"@type\":\"EntryPoint\",\"urlTemplate\":\"https:\\\/\\\/www.cuballama.com\\\/noticias\\\/?s={search_term_string}\"},\"query-input\":{\"@type\":\"PropertyValueSpecification\",\"valueRequired\":true,\"valueName\":\"search_term_string\"}}],\"inLanguage\":\"es\"},{\"@type\":\"Organization\",\"@id\":\"https:\\\/\\\/www.cuballama.com\\\/noticias\\\/#organization\",\"name\":\"Cuballama\",\"url\":\"https:\\\/\\\/www.cuballama.com\\\/noticias\\\/\",\"logo\":{\"@type\":\"ImageObject\",\"inLanguage\":\"es\",\"@id\":\"https:\\\/\\\/www.cuballama.com\\\/noticias\\\/#\\\/schema\\\/logo\\\/image\\\/\",\"url\":\"https:\\\/\\\/cdn1.mediawpaccore.net\\\/wp-content\\\/uploads\\\/2021\\\/12\\\/28171206\\\/cbll-logo-color-sm.png\",\"contentUrl\":\"https:\\\/\\\/cdn1.mediawpaccore.net\\\/wp-content\\\/uploads\\\/2021\\\/12\\\/28171206\\\/cbll-logo-color-sm.png\",\"width\":600,\"height\":133,\"caption\":\"Cuballama\"},\"image\":{\"@id\":\"https:\\\/\\\/www.cuballama.com\\\/noticias\\\/#\\\/schema\\\/logo\\\/image\\\/\"},\"sameAs\":[\"https:\\\/\\\/www.facebook.com\\\/CubaLlama\",\"https:\\\/\\\/x.com\\\/cuballama\",\"https:\\\/\\\/www.instagram.com\\\/stories\\\/cuballama_oficial\\\/\",\"https:\\\/\\\/www.youtube.com\\\/channel\\\/UCKkFE-d_axENGZcrc4as0IA\"]},{\"@type\":\"Person\",\"@id\":\"https:\\\/\\\/www.cuballama.com\\\/noticias\\\/#\\\/schema\\\/person\\\/a58502ed4146c8e9f83872e897c76cd2\",\"name\":\"Roberto A.\",\"description\":\"Roberto A. Periodista por decisi\u00f3n propia. Interesado en cualquier tema que me apasione y cada vez m\u00e1s comprometido con la verdad y la objetividad period\u00edstica. Graduado en La Habana hace ya muchos a\u00f1os, luego de una accidentada y polvorienta b\u00fasqueda de informaci\u00f3n sobre un tema in\u00e9dito. La Tesis, por cierto, desapareci\u00f3 de la biblioteca y no se conservan copias de la misma.\",\"url\":\"https:\\\/\\\/www.cuballama.com\\\/noticias\\\/author\\\/roberto\\\/\"}]}<\/script>\n<!-- \/ Yoast SEO plugin. -->","yoast_head_json":{"title":"Cuba en Crisis y entre la basura, pero defensores piden ser como Fidel y regalan Obras Completas de Ra\u00fal Castro (II) - Cuballama Noticias","description":"Cuba enfrenta apagones basura y funerales precarios mientras el poder invoca a Fidel y lanza sus tomos de Ra\u00fal como \u201cregalo\u201d.","robots":{"index":"index","follow":"follow","max-snippet":"max-snippet:-1","max-image-preview":"max-image-preview:large","max-video-preview":"max-video-preview:-1"},"canonical":"https:\/\/www.cuballama.com\/noticias\/cuba-en-crisis-y-entre-la-basura-pero-defensores-piden-ser-como-fidel-y-regalan-obras-completas-de-raul-castro-ii\/","og_locale":"es_ES","og_type":"article","og_title":"Cuba en Crisis y entre la basura, pero defensores piden ser como Fidel y regalan Obras Completas de Ra\u00fal Castro (II) - Cuballama Noticias","og_description":"Cuba enfrenta apagones basura y funerales precarios mientras el poder invoca a Fidel y lanza sus tomos de Ra\u00fal como \u201cregalo\u201d.","og_url":"https:\/\/www.cuballama.com\/noticias\/cuba-en-crisis-y-entre-la-basura-pero-defensores-piden-ser-como-fidel-y-regalan-obras-completas-de-raul-castro-ii\/","og_site_name":"Cuballama Noticias","article_publisher":"https:\/\/www.facebook.com\/CubaLlama","article_published_time":"2026-03-11T06:10:40+00:00","article_modified_time":"2026-03-11T06:10:43+00:00","og_image":[{"width":1024,"height":594,"url":"https:\/\/cdn1.mediawpaccore.net\/wp-content\/uploads\/2026\/02\/25064448\/Screenshot-2026-02-25-124120-1024x594.png","type":"image\/png"}],"author":"Roberto A.","twitter_card":"summary_large_image","twitter_creator":"@cuballama","twitter_site":"@cuballama","twitter_misc":{"Escrito por":"Roberto A.","Tiempo de lectura":"5 minutos"},"schema":{"@context":"https:\/\/schema.org","@graph":[{"@type":"Article","@id":"https:\/\/www.cuballama.com\/noticias\/cuba-en-crisis-y-entre-la-basura-pero-defensores-piden-ser-como-fidel-y-regalan-obras-completas-de-raul-castro-ii\/#article","isPartOf":{"@id":"https:\/\/www.cuballama.com\/noticias\/cuba-en-crisis-y-entre-la-basura-pero-defensores-piden-ser-como-fidel-y-regalan-obras-completas-de-raul-castro-ii\/"},"author":{"name":"Roberto A.","@id":"https:\/\/www.cuballama.com\/noticias\/#\/schema\/person\/a58502ed4146c8e9f83872e897c76cd2"},"headline":"Cuba en Crisis y entre la basura, pero defensores piden ser como Fidel y regalan Obras Completas de Ra\u00fal Castro (II)","datePublished":"2026-03-11T06:10:40+00:00","dateModified":"2026-03-11T06:10:43+00:00","mainEntityOfPage":{"@id":"https:\/\/www.cuballama.com\/noticias\/cuba-en-crisis-y-entre-la-basura-pero-defensores-piden-ser-como-fidel-y-regalan-obras-completas-de-raul-castro-ii\/"},"wordCount":964,"commentCount":0,"publisher":{"@id":"https:\/\/www.cuballama.com\/noticias\/#organization"},"image":{"@id":"https:\/\/www.cuballama.com\/noticias\/cuba-en-crisis-y-entre-la-basura-pero-defensores-piden-ser-como-fidel-y-regalan-obras-completas-de-raul-castro-ii\/#primaryimage"},"thumbnailUrl":"https:\/\/cdn1.mediawpaccore.net\/wp-content\/uploads\/2026\/02\/25064448\/Screenshot-2026-02-25-124120.png","keywords":["Apagones","basura","CDR","Crisis en Cuba","Cuba","Frei Betto","Holgu\u00edn","Matanzas","propaganda pol\u00edtica","Ra\u00fal Castro","salud p\u00fablica","servicios necrol\u00f3gicos"],"articleSection":["Noticias","Noticias de Cuba"],"inLanguage":"es","potentialAction":[{"@type":"CommentAction","name":"Comment","target":["https:\/\/www.cuballama.com\/noticias\/cuba-en-crisis-y-entre-la-basura-pero-defensores-piden-ser-como-fidel-y-regalan-obras-completas-de-raul-castro-ii\/#respond"]}]},{"@type":"WebPage","@id":"https:\/\/www.cuballama.com\/noticias\/cuba-en-crisis-y-entre-la-basura-pero-defensores-piden-ser-como-fidel-y-regalan-obras-completas-de-raul-castro-ii\/","url":"https:\/\/www.cuballama.com\/noticias\/cuba-en-crisis-y-entre-la-basura-pero-defensores-piden-ser-como-fidel-y-regalan-obras-completas-de-raul-castro-ii\/","name":"Cuba en Crisis y entre la basura, pero defensores piden ser como Fidel y regalan Obras Completas de Ra\u00fal Castro (II) - Cuballama Noticias","isPartOf":{"@id":"https:\/\/www.cuballama.com\/noticias\/#website"},"primaryImageOfPage":{"@id":"https:\/\/www.cuballama.com\/noticias\/cuba-en-crisis-y-entre-la-basura-pero-defensores-piden-ser-como-fidel-y-regalan-obras-completas-de-raul-castro-ii\/#primaryimage"},"image":{"@id":"https:\/\/www.cuballama.com\/noticias\/cuba-en-crisis-y-entre-la-basura-pero-defensores-piden-ser-como-fidel-y-regalan-obras-completas-de-raul-castro-ii\/#primaryimage"},"thumbnailUrl":"https:\/\/cdn1.mediawpaccore.net\/wp-content\/uploads\/2026\/02\/25064448\/Screenshot-2026-02-25-124120.png","datePublished":"2026-03-11T06:10:40+00:00","dateModified":"2026-03-11T06:10:43+00:00","description":"Cuba enfrenta apagones basura y funerales precarios mientras el poder invoca a Fidel y lanza sus tomos de Ra\u00fal como \u201cregalo\u201d.","breadcrumb":{"@id":"https:\/\/www.cuballama.com\/noticias\/cuba-en-crisis-y-entre-la-basura-pero-defensores-piden-ser-como-fidel-y-regalan-obras-completas-de-raul-castro-ii\/#breadcrumb"},"inLanguage":"es","potentialAction":[{"@type":"ReadAction","target":["https:\/\/www.cuballama.com\/noticias\/cuba-en-crisis-y-entre-la-basura-pero-defensores-piden-ser-como-fidel-y-regalan-obras-completas-de-raul-castro-ii\/"]}]},{"@type":"ImageObject","inLanguage":"es","@id":"https:\/\/www.cuballama.com\/noticias\/cuba-en-crisis-y-entre-la-basura-pero-defensores-piden-ser-como-fidel-y-regalan-obras-completas-de-raul-castro-ii\/#primaryimage","url":"https:\/\/cdn1.mediawpaccore.net\/wp-content\/uploads\/2026\/02\/25064448\/Screenshot-2026-02-25-124120.png","contentUrl":"https:\/\/cdn1.mediawpaccore.net\/wp-content\/uploads\/2026\/02\/25064448\/Screenshot-2026-02-25-124120.png","width":1828,"height":1060,"caption":"Los m\u00e1ximos dirigentes cubanos asisten a la presentaci\u00f3n de las \"Obras Completas\" de Ra\u00fal Castro. Foto: Estudio Revoluci\u00f3n"},{"@type":"BreadcrumbList","@id":"https:\/\/www.cuballama.com\/noticias\/cuba-en-crisis-y-entre-la-basura-pero-defensores-piden-ser-como-fidel-y-regalan-obras-completas-de-raul-castro-ii\/#breadcrumb","itemListElement":[{"@type":"ListItem","position":1,"name":"Home","item":"https:\/\/www.cuballama.com\/noticias\/"},{"@type":"ListItem","position":2,"name":"Cuba en Crisis y entre la basura, pero defensores piden ser como Fidel y regalan Obras Completas de Ra\u00fal Castro (II)"}]},{"@type":"WebSite","@id":"https:\/\/www.cuballama.com\/noticias\/#website","url":"https:\/\/www.cuballama.com\/noticias\/","name":"Cuballama Noticias","description":"Medio digital sobre Cuba y el mundo","publisher":{"@id":"https:\/\/www.cuballama.com\/noticias\/#organization"},"potentialAction":[{"@type":"SearchAction","target":{"@type":"EntryPoint","urlTemplate":"https:\/\/www.cuballama.com\/noticias\/?s={search_term_string}"},"query-input":{"@type":"PropertyValueSpecification","valueRequired":true,"valueName":"search_term_string"}}],"inLanguage":"es"},{"@type":"Organization","@id":"https:\/\/www.cuballama.com\/noticias\/#organization","name":"Cuballama","url":"https:\/\/www.cuballama.com\/noticias\/","logo":{"@type":"ImageObject","inLanguage":"es","@id":"https:\/\/www.cuballama.com\/noticias\/#\/schema\/logo\/image\/","url":"https:\/\/cdn1.mediawpaccore.net\/wp-content\/uploads\/2021\/12\/28171206\/cbll-logo-color-sm.png","contentUrl":"https:\/\/cdn1.mediawpaccore.net\/wp-content\/uploads\/2021\/12\/28171206\/cbll-logo-color-sm.png","width":600,"height":133,"caption":"Cuballama"},"image":{"@id":"https:\/\/www.cuballama.com\/noticias\/#\/schema\/logo\/image\/"},"sameAs":["https:\/\/www.facebook.com\/CubaLlama","https:\/\/x.com\/cuballama","https:\/\/www.instagram.com\/stories\/cuballama_oficial\/","https:\/\/www.youtube.com\/channel\/UCKkFE-d_axENGZcrc4as0IA"]},{"@type":"Person","@id":"https:\/\/www.cuballama.com\/noticias\/#\/schema\/person\/a58502ed4146c8e9f83872e897c76cd2","name":"Roberto A.","description":"Roberto A. Periodista por decisi\u00f3n propia. Interesado en cualquier tema que me apasione y cada vez m\u00e1s comprometido con la verdad y la objetividad period\u00edstica. Graduado en La Habana hace ya muchos a\u00f1os, luego de una accidentada y polvorienta b\u00fasqueda de informaci\u00f3n sobre un tema in\u00e9dito. La Tesis, por cierto, desapareci\u00f3 de la biblioteca y no se conservan copias de la misma.","url":"https:\/\/www.cuballama.com\/noticias\/author\/roberto\/"}]}},"_links":{"self":[{"href":"https:\/\/www.cuballama.com\/noticias\/wp-json\/wp\/v2\/posts\/236183","targetHints":{"allow":["GET"]}}],"collection":[{"href":"https:\/\/www.cuballama.com\/noticias\/wp-json\/wp\/v2\/posts"}],"about":[{"href":"https:\/\/www.cuballama.com\/noticias\/wp-json\/wp\/v2\/types\/post"}],"author":[{"embeddable":true,"href":"https:\/\/www.cuballama.com\/noticias\/wp-json\/wp\/v2\/users\/13"}],"replies":[{"embeddable":true,"href":"https:\/\/www.cuballama.com\/noticias\/wp-json\/wp\/v2\/comments?post=236183"}],"version-history":[{"count":8,"href":"https:\/\/www.cuballama.com\/noticias\/wp-json\/wp\/v2\/posts\/236183\/revisions"}],"predecessor-version":[{"id":236194,"href":"https:\/\/www.cuballama.com\/noticias\/wp-json\/wp\/v2\/posts\/236183\/revisions\/236194"}],"wp:featuredmedia":[{"embeddable":true,"href":"https:\/\/www.cuballama.com\/noticias\/wp-json\/wp\/v2\/media\/236193"}],"wp:attachment":[{"href":"https:\/\/www.cuballama.com\/noticias\/wp-json\/wp\/v2\/media?parent=236183"}],"wp:term":[{"taxonomy":"category","embeddable":true,"href":"https:\/\/www.cuballama.com\/noticias\/wp-json\/wp\/v2\/categories?post=236183"},{"taxonomy":"post_tag","embeddable":true,"href":"https:\/\/www.cuballama.com\/noticias\/wp-json\/wp\/v2\/tags?post=236183"}],"curies":[{"name":"wp","href":"https:\/\/api.w.org\/{rel}","templated":true}]}}