{"id":236174,"date":"2026-03-03T14:11:54","date_gmt":"2026-03-03T19:11:54","guid":{"rendered":"https:\/\/www.cuballama.com\/noticias\/?p=236174"},"modified":"2026-03-03T14:12:56","modified_gmt":"2026-03-03T19:12:56","slug":"cuba-en-crisis-y-entre-la-basura-pero-defensores-piden-ser-como-fidel-y-regalan-obras-completas-de-raul-castro-i","status":"publish","type":"post","link":"https:\/\/www.cuballama.com\/noticias\/cuba-en-crisis-y-entre-la-basura-pero-defensores-piden-ser-como-fidel-y-regalan-obras-completas-de-raul-castro-i\/","title":{"rendered":"Cuba en Crisis y entre la basura, pero defensores piden ser como Fidel y regalan Obras Completas de Ra\u00fal Castro (I)"},"content":{"rendered":"\n<h2 class=\"wp-block-heading\">Ante cada una de las calamidades y urgencias que detallaremos a continuaci\u00f3n, uno pensar\u00eda que la dirigencia cubana est\u00e1 \u2014cuando menos\u2014 buscando alternativas para que no se repitan, pero&#8230; la realidad es otra. <\/h2>\n\n\n\n<h3 class=\"wp-block-heading\">Mientras los cubanos sufren carencias nunca vistas, el discurso pol\u00edtico se aferra a la \u00e9pica. \u00bfNo lo cree? Pues prepare papel y l\u00e1piz para que anote un buen par de ejemplos.<\/h3>\n\n\n\n<p>Una cirug\u00eda de urgencia en el hospital Juan Paz Camejo, en Sagua de T\u00e1namo, Holgu\u00edn, termin\u00f3 convertida en denuncia p\u00fablica por una raz\u00f3n que en cualquier pa\u00eds ser\u00eda impensable: el centro estaba sin electricidad cuando se necesitaba intervenir de inmediato a una paciente con un embarazo ect\u00f3pico roto, una condici\u00f3n que puede ser mortal si no se act\u00faa a tiempo. El episodio, <a href=\"https:\/\/www.facebook.com\/bloguerotanameno\/posts\/pfbid02jKM1CPr9rUR6VbnvaWcpJnTGe775T4U1vzDJURBkyBDJKoM39u7Gd1mt77noqWj5l\" target=\"_blank\" rel=\"noreferrer noopener\">difundido por una publicaci\u00f3n local en redes<\/a>, no ser\u00eda tan lamentable si los internautas no reportasen en los comentarios que, a esa misma hora, el edificio que ocupa el PCC ten\u00eda tanta luz como un arbolito navide\u00f1o.<\/p>\n\n\n\n<figure class=\"wp-block-image size-large\"><img loading=\"lazy\" decoding=\"async\" width=\"773\" height=\"1024\" src=\"https:\/\/cdn1.mediawpaccore.net\/wp-content\/uploads\/2026\/02\/25061241\/image-81-773x1024.png\" alt=\"\" class=\"wp-image-236178\" srcset=\"https:\/\/cdn1.mediawpaccore.net\/wp-content\/uploads\/2026\/02\/25061241\/image-81-773x1024.png 773w, https:\/\/cdn1.mediawpaccore.net\/wp-content\/uploads\/2026\/02\/25061241\/image-81-226x300.png 226w, https:\/\/cdn1.mediawpaccore.net\/wp-content\/uploads\/2026\/02\/25061241\/image-81-768x1018.png 768w, https:\/\/cdn1.mediawpaccore.net\/wp-content\/uploads\/2026\/02\/25061241\/image-81-317x420.png 317w, https:\/\/cdn1.mediawpaccore.net\/wp-content\/uploads\/2026\/02\/25061241\/image-81-150x199.png 150w, https:\/\/cdn1.mediawpaccore.net\/wp-content\/uploads\/2026\/02\/25061241\/image-81-300x397.png 300w, https:\/\/cdn1.mediawpaccore.net\/wp-content\/uploads\/2026\/02\/25061241\/image-81-696x922.png 696w, https:\/\/cdn1.mediawpaccore.net\/wp-content\/uploads\/2026\/02\/25061241\/image-81.png 1034w\" sizes=\"auto, (max-width: 773px) 100vw, 773px\" \/><\/figure>\n\n\n\n<p>Esa misma sensaci\u00f3n de arbitrariedad aparece, con otra forma, en el testimonio viral de una cubana entrevistada por <em>CubaNet<\/em>, que resumi\u00f3 la vida cotidiana en la isla con una frase que se volvi\u00f3 consigna: \u201cHambre, churre y necesidad\u201d. <\/p>\n\n\n\n<p>En el <a href=\"https:\/\/www.facebook.com\/reel\/1913572512613671\" target=\"_blank\" rel=\"noreferrer noopener nofollow\">video<\/a>, la mujer no se limita a describir escasez; denuncia jerarqu\u00edas del combustible y del control, y contrasta la falta de petr\u00f3leo para hospitales, transporte y recogida de basura con la operatividad visible de patrullas y operativos. Su queja no es solo econ\u00f3mica, es moral: la percepci\u00f3n de que el Estado conserva capacidad para vigilar, pero no para sostener servicios b\u00e1sicos.<\/p>\n\n\n\n<iframe loading=\"lazy\" src=\"https:\/\/www.facebook.com\/plugins\/video.php?height=476&#038;href=https%3A%2F%2Fwww.facebook.com%2Freel%2F1913572512613671%2F&#038;show_text=true&#038;width=267&#038;t=0\" width=\"267\" height=\"591\" style=\"border:none;overflow:hidden\" scrolling=\"no\" frameborder=\"0\" allowfullscreen=\"true\" allow=\"autoplay; clipboard-write; encrypted-media; picture-in-picture; web-share\" allowFullScreen=\"true\"><\/iframe>\n\n\n\n<p>La crisis de Comunales no es un problema solo de La Habana\u00bb: se ha vuelto un asunto de salud p\u00fablica a nivel nacional. En Matanzas, el fot\u00f3grafo Ra\u00fal Navarro Gonz\u00e1lez public\u00f3 un fotorreportaje donde el humo y los vertederos improvisados son parte del paisaje, con familias atravesando una bruma que no figura en estad\u00edsticas. La imagen de la ciudad \u201cdoliendo\u201d no es literaria: describe un entorno donde la basura se acumula y, ante la ausencia de una recogida estable, la salida termina siendo quemarla en plena calle, con el riesgo de incendios y la exposici\u00f3n directa a sustancias t\u00f3xicas. <\/p>\n\n\n\n<iframe loading=\"lazy\" src=\"https:\/\/www.facebook.com\/plugins\/post.php?href=https%3A%2F%2Fwww.facebook.com%2Fraul.navarrogonzalez.90%2Fposts%2Fpfbid0P9NvgSGjfKaDzAvucpiTMKxn4puAG2woanc8CrtZTBJFjAf51GykGH5hjCy8TjiMl&#038;show_text=true&#038;width=500\" width=\"500\" height=\"780\" style=\"border:none;overflow:hidden\" scrolling=\"no\" frameborder=\"0\" allowfullscreen=\"true\" allow=\"autoplay; clipboard-write; encrypted-media; picture-in-picture; web-share\"><\/iframe>\n\n\n\n<p>El propio <a href=\"https:\/\/www.facebook.com\/cneuro\/posts\/1321653043313719?ref=embed_post\" target=\"_blank\" rel=\"noreferrer noopener nofollow\">Centro de Neurociencias de Cuba alert\u00f3 en redes<\/a> sobre la quema no controlada de desechos \u2014pl\u00e1sticos, bater\u00edas, electr\u00f3nicos\u2014 y el tipo de compuestos que puede liberar, incluidas dioxinas y metales pesados, con efectos potenciales sobre el sistema respiratorio y el desarrollo cognitivo infantil. El tema salt\u00f3 tambi\u00e9n a medios provinciales, que recogieron la explicaci\u00f3n cient\u00edfica: combusti\u00f3n incompleta, temperaturas bajas e inestables, y contaminantes que pueden persistir en el ambiente y en el organismo durante a\u00f1os y causar la muerte.<\/p>\n\n\n\n<iframe loading=\"lazy\" src=\"https:\/\/www.facebook.com\/plugins\/post.php?href=https%3A%2F%2Fwww.facebook.com%2Fcneuro%2Fposts%2Fpfbid0kPNuXy5QSSpao9Ky4JnNBcBioHF2QUHfwqKjPVfmgmhfGjWRZ4hKmHMFE2uttY3Al&#038;show_text=true&#038;width=500\" width=\"500\" height=\"624\" style=\"border:none;overflow:hidden\" scrolling=\"no\" frameborder=\"0\" allowfullscreen=\"true\" allow=\"autoplay; clipboard-write; encrypted-media; picture-in-picture; web-share\"><\/iframe>\n\n\n\n<p>Pero si Ud. cree que morirse es la soluci\u00f3n, sepa que ni despu\u00e9s de muerto le esperar\u00e1n honores. Ni siquiera la muerte escapa al deterioro material en la isla.<\/p>\n\n\n\n<p>Muestra de ello es lo que ocurre en la provincia de Ciego de \u00c1vila, en la que hasta el peri\u00f3dico oficial<em><a href=\"https:\/\/www.invasor.cu\/es\/secciones\/sociedad\/continuan-en-crisis-los-servicios-necrologicos-de-ciego-de-avila\" target=\"_blank\" rel=\"noreferrer noopener nofollow\"> Invasor,<\/a><\/em> a pesar de la censura totalitarista, debi\u00f3 reconocer que los servicios necrol\u00f3gicos est\u00e1n practicamente colapsados. Hay all\u00ed, como en el resto del pa\u00eds, problemas por falta de recursos y combustible: b\u00f3vedas en mal estado, hierba alta, condiciones de higiene deficientes, demoras de carros f\u00fanebres y limitaciones en la disponibilidad de ata\u00fades. Por ejemplo, en el municipio cabecera, solo cuatro de los seis carros f\u00fanebres est\u00e1n funcionando, lo que obliga a depender de apoyos de otras entidades. <\/p>\n\n\n\n<p>Al menos el Invasor mantiene una cierta dosis de apego a la verdad porque, en Guant\u00e1namo, por ejemplo, la p\u00e1gina institucional Mi Guant\u00e1namo report\u00f3 un \u201crecorrido de control y chequeo\u201d por una feria comercial para garantizar \u201coferta variada\u201d, precios aprobados y bancarizaci\u00f3n. Sin embargo, en los comentarios, como suele ocurrir, lo que apareci\u00f3 es otra cosa: denuncias sobre compras limitadas, productos que no alcanzaban y problemas para pagar o retirar efectivo. La feria, presentada como orden y organizaci\u00f3n, termin\u00f3 siendo otro espejo de la escasez y de la distancia entre el lenguaje de control y la experiencia del consumidor; y la p\u00e1gina institucional como otro propagadora m\u00e1s de noticias falsas.<\/p>\n\n\n\n<iframe loading=\"lazy\" src=\"https:\/\/www.facebook.com\/plugins\/post.php?href=https%3A%2F%2Fwww.facebook.com%2Fpermalink.php%3Fstory_fbid%3Dpfbid02PGUcXd52Qrm9dhGmcbBRqrNKqn6zv4nVHgHiLm42CUkD5Sq4xVMCdE9K2rPBMnu7l%26id%3D100062996603150&#038;show_text=true&#038;width=500\" width=\"500\" height=\"703\" style=\"border:none;overflow:hidden\" scrolling=\"no\" frameborder=\"0\" allowfullscreen=\"true\" allow=\"autoplay; clipboard-write; encrypted-media; picture-in-picture; web-share\"><\/iframe>\n\n\n\n<p>Ante cada una de esas calamidades y urgencias reportadas de \u00faltima hora, uno pensar\u00eda que la dirigencia cubana est\u00e1 \u2014cuando menos\u2014 buscando alternativas para que no se repitan, pero&#8230; la realidad es otra. Mientras los cubanos sufren carencias nunca vistas, el discurso pol\u00edtico se aferra a la \u00e9pica. \u00bfNo lo cree? Pues prepare papel y l\u00e1piz para que anote un par de ejemplos, en una pr\u00f3xima nota.<\/p>\n\n\n\n<p><strong>Lea<\/strong>: <strong><a href=\"https:\/\/www.cuballama.com\/noticias\/wp-admin\/post.php?post=236183&amp;action=edit\">Cuba en Crisis y entre la basura, pero defensores piden ser como Fidel y regalan Obras Completas de Ra\u00fal Castro <\/a><\/strong><\/p>\n","protected":false},"excerpt":{"rendered":"<p> Denuncias por hospitales sin electricidad, humo t\u00f3xico y servicios funerarios colapsados contrastan con llamados a \u201cresistir como Fidel\u201d y la presentaci\u00f3n de las Obras Escogidas de Ra\u00fal Castro.<\/p>\n","protected":false},"author":13,"featured_media":236195,"comment_status":"open","ping_status":"closed","sticky":false,"template":"","format":"standard","meta":{"_acf_changed":false,"footnotes":""},"categories":[18,955],"tags":[1146,2156,10867,11,12236,13144,1816,30709,113,17639,4487],"class_list":{"0":"post-236174","1":"post","2":"type-post","3":"status-publish","4":"format-standard","5":"has-post-thumbnail","7":"category-noticias","8":"category-noticias-de-cuba","9":"tag-apagones","10":"tag-basura","11":"tag-crisis-en-cuba","12":"tag-cuba","13":"tag-frei-betto","14":"tag-holguin-2","15":"tag-matanzas","16":"tag-propaganda-politica","17":"tag-raul-castro","18":"tag-salud-publica","19":"tag-servicios-necrologicos"},"acf":[],"yoast_head":"<!-- This site is optimized with the Yoast SEO plugin v27.4 - https:\/\/yoast.com\/product\/yoast-seo-wordpress\/ -->\n<title>Cuba en Crisis y entre la basura, pero defensores piden ser como Fidel y regalan Obras Completas de Ra\u00fal Castro (I) - Cuballama Noticias<\/title>\n<meta name=\"description\" content=\"Cuba enfrenta apagones basura y funerales precarios mientras el poder invoca a Fidel y lanza sus tomos de Ra\u00fal como \u201cregalo\u201d.\" \/>\n<meta name=\"robots\" content=\"index, follow, max-snippet:-1, max-image-preview:large, max-video-preview:-1\" \/>\n<link rel=\"canonical\" href=\"https:\/\/www.cuballama.com\/noticias\/cuba-en-crisis-y-entre-la-basura-pero-defensores-piden-ser-como-fidel-y-regalan-obras-completas-de-raul-castro-i\/\" \/>\n<meta property=\"og:locale\" content=\"es_ES\" \/>\n<meta property=\"og:type\" content=\"article\" \/>\n<meta property=\"og:title\" content=\"Cuba en Crisis y entre la basura, pero defensores piden ser como Fidel y regalan Obras Completas de Ra\u00fal Castro (I) - Cuballama Noticias\" \/>\n<meta property=\"og:description\" content=\"Cuba enfrenta apagones basura y funerales precarios mientras el poder invoca a Fidel y lanza sus tomos de Ra\u00fal como \u201cregalo\u201d.\" \/>\n<meta property=\"og:url\" content=\"https:\/\/www.cuballama.com\/noticias\/cuba-en-crisis-y-entre-la-basura-pero-defensores-piden-ser-como-fidel-y-regalan-obras-completas-de-raul-castro-i\/\" \/>\n<meta property=\"og:site_name\" content=\"Cuballama Noticias\" \/>\n<meta property=\"article:publisher\" content=\"https:\/\/www.facebook.com\/CubaLlama\" \/>\n<meta property=\"article:published_time\" content=\"2026-03-03T19:11:54+00:00\" \/>\n<meta property=\"article:modified_time\" content=\"2026-03-03T19:12:56+00:00\" \/>\n<meta property=\"og:image\" content=\"https:\/\/cdn1.mediawpaccore.net\/wp-content\/uploads\/2026\/02\/25065113\/image-83.png\" \/>\n\t<meta property=\"og:image:width\" content=\"1966\" \/>\n\t<meta property=\"og:image:height\" content=\"1031\" \/>\n\t<meta property=\"og:image:type\" content=\"image\/png\" \/>\n<meta name=\"author\" content=\"Roberto A.\" \/>\n<meta name=\"twitter:card\" content=\"summary_large_image\" \/>\n<meta name=\"twitter:creator\" content=\"@cuballama\" \/>\n<meta name=\"twitter:site\" content=\"@cuballama\" \/>\n<meta name=\"twitter:label1\" content=\"Escrito por\" \/>\n\t<meta name=\"twitter:data1\" content=\"Roberto A.\" \/>\n\t<meta name=\"twitter:label2\" content=\"Tiempo de lectura\" \/>\n\t<meta name=\"twitter:data2\" content=\"4 minutos\" \/>\n<script type=\"application\/ld+json\" class=\"yoast-schema-graph\">{\"@context\":\"https:\\\/\\\/schema.org\",\"@graph\":[{\"@type\":\"Article\",\"@id\":\"https:\\\/\\\/www.cuballama.com\\\/noticias\\\/cuba-en-crisis-y-entre-la-basura-pero-defensores-piden-ser-como-fidel-y-regalan-obras-completas-de-raul-castro-i\\\/#article\",\"isPartOf\":{\"@id\":\"https:\\\/\\\/www.cuballama.com\\\/noticias\\\/cuba-en-crisis-y-entre-la-basura-pero-defensores-piden-ser-como-fidel-y-regalan-obras-completas-de-raul-castro-i\\\/\"},\"author\":{\"name\":\"Roberto A.\",\"@id\":\"https:\\\/\\\/www.cuballama.com\\\/noticias\\\/#\\\/schema\\\/person\\\/a58502ed4146c8e9f83872e897c76cd2\"},\"headline\":\"Cuba en Crisis y entre la basura, pero defensores piden ser como Fidel y regalan Obras Completas de Ra\u00fal Castro (I)\",\"datePublished\":\"2026-03-03T19:11:54+00:00\",\"dateModified\":\"2026-03-03T19:12:56+00:00\",\"mainEntityOfPage\":{\"@id\":\"https:\\\/\\\/www.cuballama.com\\\/noticias\\\/cuba-en-crisis-y-entre-la-basura-pero-defensores-piden-ser-como-fidel-y-regalan-obras-completas-de-raul-castro-i\\\/\"},\"wordCount\":854,\"commentCount\":0,\"publisher\":{\"@id\":\"https:\\\/\\\/www.cuballama.com\\\/noticias\\\/#organization\"},\"image\":{\"@id\":\"https:\\\/\\\/www.cuballama.com\\\/noticias\\\/cuba-en-crisis-y-entre-la-basura-pero-defensores-piden-ser-como-fidel-y-regalan-obras-completas-de-raul-castro-i\\\/#primaryimage\"},\"thumbnailUrl\":\"https:\\\/\\\/cdn1.mediawpaccore.net\\\/wp-content\\\/uploads\\\/2026\\\/02\\\/25065113\\\/image-83.png\",\"keywords\":[\"Apagones\",\"basura\",\"Crisis en Cuba\",\"Cuba\",\"Frei Betto\",\"Holgu\u00edn\",\"Matanzas\",\"propaganda pol\u00edtica\",\"Ra\u00fal Castro\",\"salud p\u00fablica\",\"servicios necrol\u00f3gicos\"],\"articleSection\":[\"Noticias\",\"Noticias de Cuba\"],\"inLanguage\":\"es\",\"potentialAction\":[{\"@type\":\"CommentAction\",\"name\":\"Comment\",\"target\":[\"https:\\\/\\\/www.cuballama.com\\\/noticias\\\/cuba-en-crisis-y-entre-la-basura-pero-defensores-piden-ser-como-fidel-y-regalan-obras-completas-de-raul-castro-i\\\/#respond\"]}]},{\"@type\":\"WebPage\",\"@id\":\"https:\\\/\\\/www.cuballama.com\\\/noticias\\\/cuba-en-crisis-y-entre-la-basura-pero-defensores-piden-ser-como-fidel-y-regalan-obras-completas-de-raul-castro-i\\\/\",\"url\":\"https:\\\/\\\/www.cuballama.com\\\/noticias\\\/cuba-en-crisis-y-entre-la-basura-pero-defensores-piden-ser-como-fidel-y-regalan-obras-completas-de-raul-castro-i\\\/\",\"name\":\"Cuba en Crisis y entre la basura, pero defensores piden ser como Fidel y regalan Obras Completas de Ra\u00fal Castro (I) - Cuballama Noticias\",\"isPartOf\":{\"@id\":\"https:\\\/\\\/www.cuballama.com\\\/noticias\\\/#website\"},\"primaryImageOfPage\":{\"@id\":\"https:\\\/\\\/www.cuballama.com\\\/noticias\\\/cuba-en-crisis-y-entre-la-basura-pero-defensores-piden-ser-como-fidel-y-regalan-obras-completas-de-raul-castro-i\\\/#primaryimage\"},\"image\":{\"@id\":\"https:\\\/\\\/www.cuballama.com\\\/noticias\\\/cuba-en-crisis-y-entre-la-basura-pero-defensores-piden-ser-como-fidel-y-regalan-obras-completas-de-raul-castro-i\\\/#primaryimage\"},\"thumbnailUrl\":\"https:\\\/\\\/cdn1.mediawpaccore.net\\\/wp-content\\\/uploads\\\/2026\\\/02\\\/25065113\\\/image-83.png\",\"datePublished\":\"2026-03-03T19:11:54+00:00\",\"dateModified\":\"2026-03-03T19:12:56+00:00\",\"description\":\"Cuba enfrenta apagones basura y funerales precarios mientras el poder invoca a Fidel y lanza sus tomos de Ra\u00fal como \u201cregalo\u201d.\",\"breadcrumb\":{\"@id\":\"https:\\\/\\\/www.cuballama.com\\\/noticias\\\/cuba-en-crisis-y-entre-la-basura-pero-defensores-piden-ser-como-fidel-y-regalan-obras-completas-de-raul-castro-i\\\/#breadcrumb\"},\"inLanguage\":\"es\",\"potentialAction\":[{\"@type\":\"ReadAction\",\"target\":[\"https:\\\/\\\/www.cuballama.com\\\/noticias\\\/cuba-en-crisis-y-entre-la-basura-pero-defensores-piden-ser-como-fidel-y-regalan-obras-completas-de-raul-castro-i\\\/\"]}]},{\"@type\":\"ImageObject\",\"inLanguage\":\"es\",\"@id\":\"https:\\\/\\\/www.cuballama.com\\\/noticias\\\/cuba-en-crisis-y-entre-la-basura-pero-defensores-piden-ser-como-fidel-y-regalan-obras-completas-de-raul-castro-i\\\/#primaryimage\",\"url\":\"https:\\\/\\\/cdn1.mediawpaccore.net\\\/wp-content\\\/uploads\\\/2026\\\/02\\\/25065113\\\/image-83.png\",\"contentUrl\":\"https:\\\/\\\/cdn1.mediawpaccore.net\\\/wp-content\\\/uploads\\\/2026\\\/02\\\/25065113\\\/image-83.png\",\"width\":1966,\"height\":1031,\"caption\":\"Fotos: Ra\u00fal Navarro Gonz\u00e1lez\"},{\"@type\":\"BreadcrumbList\",\"@id\":\"https:\\\/\\\/www.cuballama.com\\\/noticias\\\/cuba-en-crisis-y-entre-la-basura-pero-defensores-piden-ser-como-fidel-y-regalan-obras-completas-de-raul-castro-i\\\/#breadcrumb\",\"itemListElement\":[{\"@type\":\"ListItem\",\"position\":1,\"name\":\"Home\",\"item\":\"https:\\\/\\\/www.cuballama.com\\\/noticias\\\/\"},{\"@type\":\"ListItem\",\"position\":2,\"name\":\"Cuba en Crisis y entre la basura, pero defensores piden ser como Fidel y regalan Obras Completas de Ra\u00fal Castro (I)\"}]},{\"@type\":\"WebSite\",\"@id\":\"https:\\\/\\\/www.cuballama.com\\\/noticias\\\/#website\",\"url\":\"https:\\\/\\\/www.cuballama.com\\\/noticias\\\/\",\"name\":\"Cuballama Noticias\",\"description\":\"Medio digital sobre Cuba y el mundo\",\"publisher\":{\"@id\":\"https:\\\/\\\/www.cuballama.com\\\/noticias\\\/#organization\"},\"potentialAction\":[{\"@type\":\"SearchAction\",\"target\":{\"@type\":\"EntryPoint\",\"urlTemplate\":\"https:\\\/\\\/www.cuballama.com\\\/noticias\\\/?s={search_term_string}\"},\"query-input\":{\"@type\":\"PropertyValueSpecification\",\"valueRequired\":true,\"valueName\":\"search_term_string\"}}],\"inLanguage\":\"es\"},{\"@type\":\"Organization\",\"@id\":\"https:\\\/\\\/www.cuballama.com\\\/noticias\\\/#organization\",\"name\":\"Cuballama\",\"url\":\"https:\\\/\\\/www.cuballama.com\\\/noticias\\\/\",\"logo\":{\"@type\":\"ImageObject\",\"inLanguage\":\"es\",\"@id\":\"https:\\\/\\\/www.cuballama.com\\\/noticias\\\/#\\\/schema\\\/logo\\\/image\\\/\",\"url\":\"https:\\\/\\\/cdn1.mediawpaccore.net\\\/wp-content\\\/uploads\\\/2021\\\/12\\\/28171206\\\/cbll-logo-color-sm.png\",\"contentUrl\":\"https:\\\/\\\/cdn1.mediawpaccore.net\\\/wp-content\\\/uploads\\\/2021\\\/12\\\/28171206\\\/cbll-logo-color-sm.png\",\"width\":600,\"height\":133,\"caption\":\"Cuballama\"},\"image\":{\"@id\":\"https:\\\/\\\/www.cuballama.com\\\/noticias\\\/#\\\/schema\\\/logo\\\/image\\\/\"},\"sameAs\":[\"https:\\\/\\\/www.facebook.com\\\/CubaLlama\",\"https:\\\/\\\/x.com\\\/cuballama\",\"https:\\\/\\\/www.instagram.com\\\/stories\\\/cuballama_oficial\\\/\",\"https:\\\/\\\/www.youtube.com\\\/channel\\\/UCKkFE-d_axENGZcrc4as0IA\"]},{\"@type\":\"Person\",\"@id\":\"https:\\\/\\\/www.cuballama.com\\\/noticias\\\/#\\\/schema\\\/person\\\/a58502ed4146c8e9f83872e897c76cd2\",\"name\":\"Roberto A.\",\"description\":\"Roberto A. Periodista por decisi\u00f3n propia. Interesado en cualquier tema que me apasione y cada vez m\u00e1s comprometido con la verdad y la objetividad period\u00edstica. Graduado en La Habana hace ya muchos a\u00f1os, luego de una accidentada y polvorienta b\u00fasqueda de informaci\u00f3n sobre un tema in\u00e9dito. La Tesis, por cierto, desapareci\u00f3 de la biblioteca y no se conservan copias de la misma.\",\"url\":\"https:\\\/\\\/www.cuballama.com\\\/noticias\\\/author\\\/roberto\\\/\"}]}<\/script>\n<!-- \/ Yoast SEO plugin. -->","yoast_head_json":{"title":"Cuba en Crisis y entre la basura, pero defensores piden ser como Fidel y regalan Obras Completas de Ra\u00fal Castro (I) - Cuballama Noticias","description":"Cuba enfrenta apagones basura y funerales precarios mientras el poder invoca a Fidel y lanza sus tomos de Ra\u00fal como \u201cregalo\u201d.","robots":{"index":"index","follow":"follow","max-snippet":"max-snippet:-1","max-image-preview":"max-image-preview:large","max-video-preview":"max-video-preview:-1"},"canonical":"https:\/\/www.cuballama.com\/noticias\/cuba-en-crisis-y-entre-la-basura-pero-defensores-piden-ser-como-fidel-y-regalan-obras-completas-de-raul-castro-i\/","og_locale":"es_ES","og_type":"article","og_title":"Cuba en Crisis y entre la basura, pero defensores piden ser como Fidel y regalan Obras Completas de Ra\u00fal Castro (I) - Cuballama Noticias","og_description":"Cuba enfrenta apagones basura y funerales precarios mientras el poder invoca a Fidel y lanza sus tomos de Ra\u00fal como \u201cregalo\u201d.","og_url":"https:\/\/www.cuballama.com\/noticias\/cuba-en-crisis-y-entre-la-basura-pero-defensores-piden-ser-como-fidel-y-regalan-obras-completas-de-raul-castro-i\/","og_site_name":"Cuballama Noticias","article_publisher":"https:\/\/www.facebook.com\/CubaLlama","article_published_time":"2026-03-03T19:11:54+00:00","article_modified_time":"2026-03-03T19:12:56+00:00","og_image":[{"width":1966,"height":1031,"url":"https:\/\/cdn1.mediawpaccore.net\/wp-content\/uploads\/2026\/02\/25065113\/image-83.png","type":"image\/png"}],"author":"Roberto A.","twitter_card":"summary_large_image","twitter_creator":"@cuballama","twitter_site":"@cuballama","twitter_misc":{"Escrito por":"Roberto A.","Tiempo de lectura":"4 minutos"},"schema":{"@context":"https:\/\/schema.org","@graph":[{"@type":"Article","@id":"https:\/\/www.cuballama.com\/noticias\/cuba-en-crisis-y-entre-la-basura-pero-defensores-piden-ser-como-fidel-y-regalan-obras-completas-de-raul-castro-i\/#article","isPartOf":{"@id":"https:\/\/www.cuballama.com\/noticias\/cuba-en-crisis-y-entre-la-basura-pero-defensores-piden-ser-como-fidel-y-regalan-obras-completas-de-raul-castro-i\/"},"author":{"name":"Roberto A.","@id":"https:\/\/www.cuballama.com\/noticias\/#\/schema\/person\/a58502ed4146c8e9f83872e897c76cd2"},"headline":"Cuba en Crisis y entre la basura, pero defensores piden ser como Fidel y regalan Obras Completas de Ra\u00fal Castro (I)","datePublished":"2026-03-03T19:11:54+00:00","dateModified":"2026-03-03T19:12:56+00:00","mainEntityOfPage":{"@id":"https:\/\/www.cuballama.com\/noticias\/cuba-en-crisis-y-entre-la-basura-pero-defensores-piden-ser-como-fidel-y-regalan-obras-completas-de-raul-castro-i\/"},"wordCount":854,"commentCount":0,"publisher":{"@id":"https:\/\/www.cuballama.com\/noticias\/#organization"},"image":{"@id":"https:\/\/www.cuballama.com\/noticias\/cuba-en-crisis-y-entre-la-basura-pero-defensores-piden-ser-como-fidel-y-regalan-obras-completas-de-raul-castro-i\/#primaryimage"},"thumbnailUrl":"https:\/\/cdn1.mediawpaccore.net\/wp-content\/uploads\/2026\/02\/25065113\/image-83.png","keywords":["Apagones","basura","Crisis en Cuba","Cuba","Frei Betto","Holgu\u00edn","Matanzas","propaganda pol\u00edtica","Ra\u00fal Castro","salud p\u00fablica","servicios necrol\u00f3gicos"],"articleSection":["Noticias","Noticias de Cuba"],"inLanguage":"es","potentialAction":[{"@type":"CommentAction","name":"Comment","target":["https:\/\/www.cuballama.com\/noticias\/cuba-en-crisis-y-entre-la-basura-pero-defensores-piden-ser-como-fidel-y-regalan-obras-completas-de-raul-castro-i\/#respond"]}]},{"@type":"WebPage","@id":"https:\/\/www.cuballama.com\/noticias\/cuba-en-crisis-y-entre-la-basura-pero-defensores-piden-ser-como-fidel-y-regalan-obras-completas-de-raul-castro-i\/","url":"https:\/\/www.cuballama.com\/noticias\/cuba-en-crisis-y-entre-la-basura-pero-defensores-piden-ser-como-fidel-y-regalan-obras-completas-de-raul-castro-i\/","name":"Cuba en Crisis y entre la basura, pero defensores piden ser como Fidel y regalan Obras Completas de Ra\u00fal Castro (I) - Cuballama Noticias","isPartOf":{"@id":"https:\/\/www.cuballama.com\/noticias\/#website"},"primaryImageOfPage":{"@id":"https:\/\/www.cuballama.com\/noticias\/cuba-en-crisis-y-entre-la-basura-pero-defensores-piden-ser-como-fidel-y-regalan-obras-completas-de-raul-castro-i\/#primaryimage"},"image":{"@id":"https:\/\/www.cuballama.com\/noticias\/cuba-en-crisis-y-entre-la-basura-pero-defensores-piden-ser-como-fidel-y-regalan-obras-completas-de-raul-castro-i\/#primaryimage"},"thumbnailUrl":"https:\/\/cdn1.mediawpaccore.net\/wp-content\/uploads\/2026\/02\/25065113\/image-83.png","datePublished":"2026-03-03T19:11:54+00:00","dateModified":"2026-03-03T19:12:56+00:00","description":"Cuba enfrenta apagones basura y funerales precarios mientras el poder invoca a Fidel y lanza sus tomos de Ra\u00fal como \u201cregalo\u201d.","breadcrumb":{"@id":"https:\/\/www.cuballama.com\/noticias\/cuba-en-crisis-y-entre-la-basura-pero-defensores-piden-ser-como-fidel-y-regalan-obras-completas-de-raul-castro-i\/#breadcrumb"},"inLanguage":"es","potentialAction":[{"@type":"ReadAction","target":["https:\/\/www.cuballama.com\/noticias\/cuba-en-crisis-y-entre-la-basura-pero-defensores-piden-ser-como-fidel-y-regalan-obras-completas-de-raul-castro-i\/"]}]},{"@type":"ImageObject","inLanguage":"es","@id":"https:\/\/www.cuballama.com\/noticias\/cuba-en-crisis-y-entre-la-basura-pero-defensores-piden-ser-como-fidel-y-regalan-obras-completas-de-raul-castro-i\/#primaryimage","url":"https:\/\/cdn1.mediawpaccore.net\/wp-content\/uploads\/2026\/02\/25065113\/image-83.png","contentUrl":"https:\/\/cdn1.mediawpaccore.net\/wp-content\/uploads\/2026\/02\/25065113\/image-83.png","width":1966,"height":1031,"caption":"Fotos: Ra\u00fal Navarro Gonz\u00e1lez"},{"@type":"BreadcrumbList","@id":"https:\/\/www.cuballama.com\/noticias\/cuba-en-crisis-y-entre-la-basura-pero-defensores-piden-ser-como-fidel-y-regalan-obras-completas-de-raul-castro-i\/#breadcrumb","itemListElement":[{"@type":"ListItem","position":1,"name":"Home","item":"https:\/\/www.cuballama.com\/noticias\/"},{"@type":"ListItem","position":2,"name":"Cuba en Crisis y entre la basura, pero defensores piden ser como Fidel y regalan Obras Completas de Ra\u00fal Castro (I)"}]},{"@type":"WebSite","@id":"https:\/\/www.cuballama.com\/noticias\/#website","url":"https:\/\/www.cuballama.com\/noticias\/","name":"Cuballama Noticias","description":"Medio digital sobre Cuba y el mundo","publisher":{"@id":"https:\/\/www.cuballama.com\/noticias\/#organization"},"potentialAction":[{"@type":"SearchAction","target":{"@type":"EntryPoint","urlTemplate":"https:\/\/www.cuballama.com\/noticias\/?s={search_term_string}"},"query-input":{"@type":"PropertyValueSpecification","valueRequired":true,"valueName":"search_term_string"}}],"inLanguage":"es"},{"@type":"Organization","@id":"https:\/\/www.cuballama.com\/noticias\/#organization","name":"Cuballama","url":"https:\/\/www.cuballama.com\/noticias\/","logo":{"@type":"ImageObject","inLanguage":"es","@id":"https:\/\/www.cuballama.com\/noticias\/#\/schema\/logo\/image\/","url":"https:\/\/cdn1.mediawpaccore.net\/wp-content\/uploads\/2021\/12\/28171206\/cbll-logo-color-sm.png","contentUrl":"https:\/\/cdn1.mediawpaccore.net\/wp-content\/uploads\/2021\/12\/28171206\/cbll-logo-color-sm.png","width":600,"height":133,"caption":"Cuballama"},"image":{"@id":"https:\/\/www.cuballama.com\/noticias\/#\/schema\/logo\/image\/"},"sameAs":["https:\/\/www.facebook.com\/CubaLlama","https:\/\/x.com\/cuballama","https:\/\/www.instagram.com\/stories\/cuballama_oficial\/","https:\/\/www.youtube.com\/channel\/UCKkFE-d_axENGZcrc4as0IA"]},{"@type":"Person","@id":"https:\/\/www.cuballama.com\/noticias\/#\/schema\/person\/a58502ed4146c8e9f83872e897c76cd2","name":"Roberto A.","description":"Roberto A. Periodista por decisi\u00f3n propia. Interesado en cualquier tema que me apasione y cada vez m\u00e1s comprometido con la verdad y la objetividad period\u00edstica. Graduado en La Habana hace ya muchos a\u00f1os, luego de una accidentada y polvorienta b\u00fasqueda de informaci\u00f3n sobre un tema in\u00e9dito. La Tesis, por cierto, desapareci\u00f3 de la biblioteca y no se conservan copias de la misma.","url":"https:\/\/www.cuballama.com\/noticias\/author\/roberto\/"}]}},"_links":{"self":[{"href":"https:\/\/www.cuballama.com\/noticias\/wp-json\/wp\/v2\/posts\/236174","targetHints":{"allow":["GET"]}}],"collection":[{"href":"https:\/\/www.cuballama.com\/noticias\/wp-json\/wp\/v2\/posts"}],"about":[{"href":"https:\/\/www.cuballama.com\/noticias\/wp-json\/wp\/v2\/types\/post"}],"author":[{"embeddable":true,"href":"https:\/\/www.cuballama.com\/noticias\/wp-json\/wp\/v2\/users\/13"}],"replies":[{"embeddable":true,"href":"https:\/\/www.cuballama.com\/noticias\/wp-json\/wp\/v2\/comments?post=236174"}],"version-history":[{"count":9,"href":"https:\/\/www.cuballama.com\/noticias\/wp-json\/wp\/v2\/posts\/236174\/revisions"}],"predecessor-version":[{"id":236198,"href":"https:\/\/www.cuballama.com\/noticias\/wp-json\/wp\/v2\/posts\/236174\/revisions\/236198"}],"wp:featuredmedia":[{"embeddable":true,"href":"https:\/\/www.cuballama.com\/noticias\/wp-json\/wp\/v2\/media\/236195"}],"wp:attachment":[{"href":"https:\/\/www.cuballama.com\/noticias\/wp-json\/wp\/v2\/media?parent=236174"}],"wp:term":[{"taxonomy":"category","embeddable":true,"href":"https:\/\/www.cuballama.com\/noticias\/wp-json\/wp\/v2\/categories?post=236174"},{"taxonomy":"post_tag","embeddable":true,"href":"https:\/\/www.cuballama.com\/noticias\/wp-json\/wp\/v2\/tags?post=236174"}],"curies":[{"name":"wp","href":"https:\/\/api.w.org\/{rel}","templated":true}]}}