{"id":235949,"date":"2026-04-27T06:47:59","date_gmt":"2026-04-27T10:47:59","guid":{"rendered":"https:\/\/www.cuballama.com\/noticias\/?p=235949"},"modified":"2026-04-27T06:48:03","modified_gmt":"2026-04-27T10:48:03","slug":"reos-ultiman-a-otro-preso-en-centro-penitenciario-de-ariza-cienfuegos","status":"publish","type":"post","link":"https:\/\/www.cuballama.com\/noticias\/reos-ultiman-a-otro-preso-en-centro-penitenciario-de-ariza-cienfuegos\/","title":{"rendered":"Reos ultiman a otro preso en centro penitenciario de Ariza, Cienfuegos"},"content":{"rendered":"\n<p>Un recluso identificado como Vicente Borges Gonz\u00e1lez, de 60 a\u00f1os, muri\u00f3 el mi\u00e9rcoles 18 de febrero de 2026 alrededor de las 7:00 p.m. dentro de la prisi\u00f3n de Ariza, en la provincia de Cienfuegos, en un hecho que familiares describen como una agresi\u00f3n ocurrida bajo custodia estatal y que, hasta la fecha, no cuenta con una explicaci\u00f3n p\u00fablica detallada por parte de las autoridades. La denuncia fue divulgada en redes sociales por el perfil <em><a href=\"https:\/\/www.facebook.com\/permalink.php?story_fbid=pfbid02RZvv1aSKMumB8BQCQtPiJZHTMmntpf1YmZFsnxdS5zXYYvwhMMJiSjG1HenaKG2Tl&amp;id=61559784217848\" target=\"_blank\" rel=\"noreferrer noopener nofollow\">Nio reportando un crimen<\/a><\/em>, que cita a fuentes cercanas a la familia y solicita anonimato por razones de seguridad.<\/p>\n\n\n\n<p>Seg\u00fan esa versi\u00f3n, el episodio ocurri\u00f3 en la enfermer\u00eda del penal, donde se encontraban dos internos que estaban siendo atendidos por quemaduras. En ese espacio m\u00e9dico, uno de los reclusos habr\u00eda atacado directamente a Borges Gonz\u00e1lez mientras el otro permanec\u00eda presente en el \u00e1rea. La familia cuestiona c\u00f3mo pudo producirse un ataque mortal dentro de un servicio de salud penitenciario, un punto que, por definici\u00f3n, deber\u00eda operar con supervisi\u00f3n reforzada y control de accesos, m\u00e1s a\u00fan cuando se trata de un recinto cerrado y custodiado.<\/p>\n\n\n\n<p>Hasta este 23 de febrero no se han divulgado detalles oficiales sobre las circunstancias del hecho, las medidas de seguridad vigentes en la enfermer\u00eda en ese momento, ni la identidad del presunto agresor o si enfrenta cargos adicionales. La ausencia de informaci\u00f3n verificable alimenta la preocupaci\u00f3n de familiares y conocidos, no solo por la muerte en s\u00ed, sino por la cadena de responsabilidades que podr\u00eda existir cuando un evento violento se produce en un \u00e1rea cl\u00ednica intramuros.<\/p>\n\n\n\n<iframe loading=\"lazy\" src=\"https:\/\/www.facebook.com\/plugins\/post.php?href=https%3A%2F%2Fwww.facebook.com%2Fpermalink.php%3Fstory_fbid%3Dpfbid02RZvv1aSKMumB8BQCQtPiJZHTMmntpf1YmZFsnxdS5zXYYvwhMMJiSjG1HenaKG2Tl%26id%3D61559784217848&#038;show_text=true&#038;width=500\" width=\"500\" height=\"773\" style=\"border:none;overflow:hidden\" scrolling=\"no\" frameborder=\"0\" allowfullscreen=\"true\" allow=\"autoplay; clipboard-write; encrypted-media; picture-in-picture; web-share\"><\/iframe>\n\n\n\n<p>En el propio hilo de comentarios generado por la publicaci\u00f3n, numerosos usuarios reaccionaron con dureza al recordar que Borges Gonz\u00e1lez cumpl\u00eda sanci\u00f3n por procesos judiciales relacionados con corrupci\u00f3n de menores y violencia familiar, antecedentes se\u00f1alados tambi\u00e9n en los reportes compartidos en redes. Algunos sugieren, sin pruebas p\u00fablicas, un posible \u201cajuste de cuentas\u201d asociado al tipo de delito o a su historial laboral, mientras otros insisten en que lo primero debe ser una investigaci\u00f3n formal y transparente; y otros se\u00f1alan que el \u00abajusticiador\u00bb ten\u00eda problemas mentales.<\/p>\n\n\n\n<p>Borges Gonz\u00e1lez, de acuerdo con los relatos difundidos, trabaj\u00f3 a\u00f1os en el Ministerio del Interior y posteriormente como chofer en el Tribunal Provincial y en la Fiscal\u00eda Provincial y Municipal de Cienfuegos, antes de desempe\u00f1arse como cuentapropista. <\/p>\n\n\n\n<p>Su muerte se suma a un historial de denuncias y reportes sobre violencia, autolesiones y condiciones cr\u00edticas dentro del sistema penitenciario cubano, un \u00e1mbito donde la opacidad suele convertir cada caso en un pulso entre versiones familiares, ruido en redes y silencio institucional.<\/p>\n\n\n\n<p><\/p>\n","protected":false},"excerpt":{"rendered":"<p>Vicente Borges Gonz\u00e1lez, de 60 a\u00f1os, muri\u00f3 en la prisi\u00f3n de Ariza tras una agresi\u00f3n reportada en la enfermer\u00eda. Familia exige esclarecer el hecho.<\/p>\n","protected":false},"author":13,"featured_media":219783,"comment_status":"open","ping_status":"closed","sticky":false,"template":"","format":"standard","meta":{"_acf_changed":false,"footnotes":""},"categories":[18,955],"tags":[30681,29,2864,30680,30683,4226,30054,171,30682,25878],"class_list":{"0":"post-235949","1":"post","2":"type-post","3":"status-publish","4":"format-standard","5":"has-post-thumbnail","7":"category-noticias","8":"category-noticias-de-cuba","9":"tag-ariza","10":"tag-cienfuegos","11":"tag-derechos-humanos","12":"tag-enfermeria","13":"tag-investigacion-oficial","14":"tag-minint","15":"tag-muerte-bajo-custodia","16":"tag-prision","17":"tag-sistema-penitenciario-cubano","18":"tag-violencia-carcelaria"},"acf":[],"yoast_head":"<!-- This site is optimized with the Yoast SEO plugin v27.4 - https:\/\/yoast.com\/product\/yoast-seo-wordpress\/ -->\n<title>Reos ultiman a otro preso en centro penitenciario de Ariza, Cienfuegos - Cuballama Noticias<\/title>\n<meta name=\"description\" content=\"Muerte de Vicente Borges Gonz\u00e1lez en prisi\u00f3n de Ariza, Cienfuegos, abre dudas sobre seguridad en enfermer\u00eda y exige pesquisa.\" \/>\n<meta name=\"robots\" content=\"index, follow, max-snippet:-1, max-image-preview:large, max-video-preview:-1\" \/>\n<link rel=\"canonical\" href=\"https:\/\/www.cuballama.com\/noticias\/reos-ultiman-a-otro-preso-en-centro-penitenciario-de-ariza-cienfuegos\/\" \/>\n<meta property=\"og:locale\" content=\"es_ES\" \/>\n<meta property=\"og:type\" content=\"article\" \/>\n<meta property=\"og:title\" content=\"Reos ultiman a otro preso en centro penitenciario de Ariza, Cienfuegos - Cuballama Noticias\" \/>\n<meta property=\"og:description\" content=\"Muerte de Vicente Borges Gonz\u00e1lez en prisi\u00f3n de Ariza, Cienfuegos, abre dudas sobre seguridad en enfermer\u00eda y exige pesquisa.\" \/>\n<meta property=\"og:url\" content=\"https:\/\/www.cuballama.com\/noticias\/reos-ultiman-a-otro-preso-en-centro-penitenciario-de-ariza-cienfuegos\/\" \/>\n<meta property=\"og:site_name\" content=\"Cuballama Noticias\" \/>\n<meta property=\"article:publisher\" content=\"https:\/\/www.facebook.com\/CubaLlama\" \/>\n<meta property=\"article:published_time\" content=\"2026-04-27T10:47:59+00:00\" \/>\n<meta property=\"article:modified_time\" content=\"2026-04-27T10:48:03+00:00\" \/>\n<meta property=\"og:image\" content=\"https:\/\/cdn1.mediawpaccore.net\/wp-content\/uploads\/2025\/09\/16054227\/image-82-1024x543.png\" \/>\n\t<meta property=\"og:image:width\" content=\"1024\" \/>\n\t<meta property=\"og:image:height\" content=\"543\" \/>\n\t<meta property=\"og:image:type\" content=\"image\/png\" \/>\n<meta name=\"author\" content=\"Roberto A.\" \/>\n<meta name=\"twitter:card\" content=\"summary_large_image\" \/>\n<meta name=\"twitter:creator\" content=\"@cuballama\" \/>\n<meta name=\"twitter:site\" content=\"@cuballama\" \/>\n<meta name=\"twitter:label1\" content=\"Escrito por\" \/>\n\t<meta name=\"twitter:data1\" content=\"Roberto A.\" \/>\n\t<meta name=\"twitter:label2\" content=\"Tiempo de lectura\" \/>\n\t<meta name=\"twitter:data2\" content=\"3 minutos\" \/>\n<script type=\"application\/ld+json\" class=\"yoast-schema-graph\">{\"@context\":\"https:\\\/\\\/schema.org\",\"@graph\":[{\"@type\":\"Article\",\"@id\":\"https:\\\/\\\/www.cuballama.com\\\/noticias\\\/reos-ultiman-a-otro-preso-en-centro-penitenciario-de-ariza-cienfuegos\\\/#article\",\"isPartOf\":{\"@id\":\"https:\\\/\\\/www.cuballama.com\\\/noticias\\\/reos-ultiman-a-otro-preso-en-centro-penitenciario-de-ariza-cienfuegos\\\/\"},\"author\":{\"name\":\"Roberto A.\",\"@id\":\"https:\\\/\\\/www.cuballama.com\\\/noticias\\\/#\\\/schema\\\/person\\\/a58502ed4146c8e9f83872e897c76cd2\"},\"headline\":\"Reos ultiman a otro preso en centro penitenciario de Ariza, Cienfuegos\",\"datePublished\":\"2026-04-27T10:47:59+00:00\",\"dateModified\":\"2026-04-27T10:48:03+00:00\",\"mainEntityOfPage\":{\"@id\":\"https:\\\/\\\/www.cuballama.com\\\/noticias\\\/reos-ultiman-a-otro-preso-en-centro-penitenciario-de-ariza-cienfuegos\\\/\"},\"wordCount\":468,\"commentCount\":0,\"publisher\":{\"@id\":\"https:\\\/\\\/www.cuballama.com\\\/noticias\\\/#organization\"},\"image\":{\"@id\":\"https:\\\/\\\/www.cuballama.com\\\/noticias\\\/reos-ultiman-a-otro-preso-en-centro-penitenciario-de-ariza-cienfuegos\\\/#primaryimage\"},\"thumbnailUrl\":\"https:\\\/\\\/cdn1.mediawpaccore.net\\\/wp-content\\\/uploads\\\/2025\\\/09\\\/16054227\\\/image-82.png\",\"keywords\":[\"Ariza\",\"cienfuegos\",\"derechos humanos\",\"enfermer\u00eda\",\"investigaci\u00f3n oficial\",\"MININT\",\"muerte bajo custodia\",\"prisi\u00f3n\",\"sistema penitenciario cubano\",\"violencia carcelaria\"],\"articleSection\":[\"Noticias\",\"Noticias de Cuba\"],\"inLanguage\":\"es\",\"potentialAction\":[{\"@type\":\"CommentAction\",\"name\":\"Comment\",\"target\":[\"https:\\\/\\\/www.cuballama.com\\\/noticias\\\/reos-ultiman-a-otro-preso-en-centro-penitenciario-de-ariza-cienfuegos\\\/#respond\"]}]},{\"@type\":\"WebPage\",\"@id\":\"https:\\\/\\\/www.cuballama.com\\\/noticias\\\/reos-ultiman-a-otro-preso-en-centro-penitenciario-de-ariza-cienfuegos\\\/\",\"url\":\"https:\\\/\\\/www.cuballama.com\\\/noticias\\\/reos-ultiman-a-otro-preso-en-centro-penitenciario-de-ariza-cienfuegos\\\/\",\"name\":\"Reos ultiman a otro preso en centro penitenciario de Ariza, Cienfuegos - Cuballama Noticias\",\"isPartOf\":{\"@id\":\"https:\\\/\\\/www.cuballama.com\\\/noticias\\\/#website\"},\"primaryImageOfPage\":{\"@id\":\"https:\\\/\\\/www.cuballama.com\\\/noticias\\\/reos-ultiman-a-otro-preso-en-centro-penitenciario-de-ariza-cienfuegos\\\/#primaryimage\"},\"image\":{\"@id\":\"https:\\\/\\\/www.cuballama.com\\\/noticias\\\/reos-ultiman-a-otro-preso-en-centro-penitenciario-de-ariza-cienfuegos\\\/#primaryimage\"},\"thumbnailUrl\":\"https:\\\/\\\/cdn1.mediawpaccore.net\\\/wp-content\\\/uploads\\\/2025\\\/09\\\/16054227\\\/image-82.png\",\"datePublished\":\"2026-04-27T10:47:59+00:00\",\"dateModified\":\"2026-04-27T10:48:03+00:00\",\"description\":\"Muerte de Vicente Borges Gonz\u00e1lez en prisi\u00f3n de Ariza, Cienfuegos, abre dudas sobre seguridad en enfermer\u00eda y exige pesquisa.\",\"breadcrumb\":{\"@id\":\"https:\\\/\\\/www.cuballama.com\\\/noticias\\\/reos-ultiman-a-otro-preso-en-centro-penitenciario-de-ariza-cienfuegos\\\/#breadcrumb\"},\"inLanguage\":\"es\",\"potentialAction\":[{\"@type\":\"ReadAction\",\"target\":[\"https:\\\/\\\/www.cuballama.com\\\/noticias\\\/reos-ultiman-a-otro-preso-en-centro-penitenciario-de-ariza-cienfuegos\\\/\"]}]},{\"@type\":\"ImageObject\",\"inLanguage\":\"es\",\"@id\":\"https:\\\/\\\/www.cuballama.com\\\/noticias\\\/reos-ultiman-a-otro-preso-en-centro-penitenciario-de-ariza-cienfuegos\\\/#primaryimage\",\"url\":\"https:\\\/\\\/cdn1.mediawpaccore.net\\\/wp-content\\\/uploads\\\/2025\\\/09\\\/16054227\\\/image-82.png\",\"contentUrl\":\"https:\\\/\\\/cdn1.mediawpaccore.net\\\/wp-content\\\/uploads\\\/2025\\\/09\\\/16054227\\\/image-82.png\",\"width\":1832,\"height\":972,\"caption\":\"Prisi\u00f3n de Ariza en Cienfuegos. Foto v\u00eda Google Maps\"},{\"@type\":\"BreadcrumbList\",\"@id\":\"https:\\\/\\\/www.cuballama.com\\\/noticias\\\/reos-ultiman-a-otro-preso-en-centro-penitenciario-de-ariza-cienfuegos\\\/#breadcrumb\",\"itemListElement\":[{\"@type\":\"ListItem\",\"position\":1,\"name\":\"Home\",\"item\":\"https:\\\/\\\/www.cuballama.com\\\/noticias\\\/\"},{\"@type\":\"ListItem\",\"position\":2,\"name\":\"Reos ultiman a otro preso en centro penitenciario de Ariza, Cienfuegos\"}]},{\"@type\":\"WebSite\",\"@id\":\"https:\\\/\\\/www.cuballama.com\\\/noticias\\\/#website\",\"url\":\"https:\\\/\\\/www.cuballama.com\\\/noticias\\\/\",\"name\":\"Cuballama Noticias\",\"description\":\"Medio digital sobre Cuba y el mundo\",\"publisher\":{\"@id\":\"https:\\\/\\\/www.cuballama.com\\\/noticias\\\/#organization\"},\"potentialAction\":[{\"@type\":\"SearchAction\",\"target\":{\"@type\":\"EntryPoint\",\"urlTemplate\":\"https:\\\/\\\/www.cuballama.com\\\/noticias\\\/?s={search_term_string}\"},\"query-input\":{\"@type\":\"PropertyValueSpecification\",\"valueRequired\":true,\"valueName\":\"search_term_string\"}}],\"inLanguage\":\"es\"},{\"@type\":\"Organization\",\"@id\":\"https:\\\/\\\/www.cuballama.com\\\/noticias\\\/#organization\",\"name\":\"Cuballama\",\"url\":\"https:\\\/\\\/www.cuballama.com\\\/noticias\\\/\",\"logo\":{\"@type\":\"ImageObject\",\"inLanguage\":\"es\",\"@id\":\"https:\\\/\\\/www.cuballama.com\\\/noticias\\\/#\\\/schema\\\/logo\\\/image\\\/\",\"url\":\"https:\\\/\\\/cdn1.mediawpaccore.net\\\/wp-content\\\/uploads\\\/2021\\\/12\\\/28171206\\\/cbll-logo-color-sm.png\",\"contentUrl\":\"https:\\\/\\\/cdn1.mediawpaccore.net\\\/wp-content\\\/uploads\\\/2021\\\/12\\\/28171206\\\/cbll-logo-color-sm.png\",\"width\":600,\"height\":133,\"caption\":\"Cuballama\"},\"image\":{\"@id\":\"https:\\\/\\\/www.cuballama.com\\\/noticias\\\/#\\\/schema\\\/logo\\\/image\\\/\"},\"sameAs\":[\"https:\\\/\\\/www.facebook.com\\\/CubaLlama\",\"https:\\\/\\\/x.com\\\/cuballama\",\"https:\\\/\\\/www.instagram.com\\\/stories\\\/cuballama_oficial\\\/\",\"https:\\\/\\\/www.youtube.com\\\/channel\\\/UCKkFE-d_axENGZcrc4as0IA\"]},{\"@type\":\"Person\",\"@id\":\"https:\\\/\\\/www.cuballama.com\\\/noticias\\\/#\\\/schema\\\/person\\\/a58502ed4146c8e9f83872e897c76cd2\",\"name\":\"Roberto A.\",\"description\":\"Roberto A. Periodista por decisi\u00f3n propia. Interesado en cualquier tema que me apasione y cada vez m\u00e1s comprometido con la verdad y la objetividad period\u00edstica. Graduado en La Habana hace ya muchos a\u00f1os, luego de una accidentada y polvorienta b\u00fasqueda de informaci\u00f3n sobre un tema in\u00e9dito. La Tesis, por cierto, desapareci\u00f3 de la biblioteca y no se conservan copias de la misma.\",\"url\":\"https:\\\/\\\/www.cuballama.com\\\/noticias\\\/author\\\/roberto\\\/\"}]}<\/script>\n<!-- \/ Yoast SEO plugin. -->","yoast_head_json":{"title":"Reos ultiman a otro preso en centro penitenciario de Ariza, Cienfuegos - Cuballama Noticias","description":"Muerte de Vicente Borges Gonz\u00e1lez en prisi\u00f3n de Ariza, Cienfuegos, abre dudas sobre seguridad en enfermer\u00eda y exige pesquisa.","robots":{"index":"index","follow":"follow","max-snippet":"max-snippet:-1","max-image-preview":"max-image-preview:large","max-video-preview":"max-video-preview:-1"},"canonical":"https:\/\/www.cuballama.com\/noticias\/reos-ultiman-a-otro-preso-en-centro-penitenciario-de-ariza-cienfuegos\/","og_locale":"es_ES","og_type":"article","og_title":"Reos ultiman a otro preso en centro penitenciario de Ariza, Cienfuegos - Cuballama Noticias","og_description":"Muerte de Vicente Borges Gonz\u00e1lez en prisi\u00f3n de Ariza, Cienfuegos, abre dudas sobre seguridad en enfermer\u00eda y exige pesquisa.","og_url":"https:\/\/www.cuballama.com\/noticias\/reos-ultiman-a-otro-preso-en-centro-penitenciario-de-ariza-cienfuegos\/","og_site_name":"Cuballama Noticias","article_publisher":"https:\/\/www.facebook.com\/CubaLlama","article_published_time":"2026-04-27T10:47:59+00:00","article_modified_time":"2026-04-27T10:48:03+00:00","og_image":[{"width":1024,"height":543,"url":"https:\/\/cdn1.mediawpaccore.net\/wp-content\/uploads\/2025\/09\/16054227\/image-82-1024x543.png","type":"image\/png"}],"author":"Roberto A.","twitter_card":"summary_large_image","twitter_creator":"@cuballama","twitter_site":"@cuballama","twitter_misc":{"Escrito por":"Roberto A.","Tiempo de lectura":"3 minutos"},"schema":{"@context":"https:\/\/schema.org","@graph":[{"@type":"Article","@id":"https:\/\/www.cuballama.com\/noticias\/reos-ultiman-a-otro-preso-en-centro-penitenciario-de-ariza-cienfuegos\/#article","isPartOf":{"@id":"https:\/\/www.cuballama.com\/noticias\/reos-ultiman-a-otro-preso-en-centro-penitenciario-de-ariza-cienfuegos\/"},"author":{"name":"Roberto A.","@id":"https:\/\/www.cuballama.com\/noticias\/#\/schema\/person\/a58502ed4146c8e9f83872e897c76cd2"},"headline":"Reos ultiman a otro preso en centro penitenciario de Ariza, Cienfuegos","datePublished":"2026-04-27T10:47:59+00:00","dateModified":"2026-04-27T10:48:03+00:00","mainEntityOfPage":{"@id":"https:\/\/www.cuballama.com\/noticias\/reos-ultiman-a-otro-preso-en-centro-penitenciario-de-ariza-cienfuegos\/"},"wordCount":468,"commentCount":0,"publisher":{"@id":"https:\/\/www.cuballama.com\/noticias\/#organization"},"image":{"@id":"https:\/\/www.cuballama.com\/noticias\/reos-ultiman-a-otro-preso-en-centro-penitenciario-de-ariza-cienfuegos\/#primaryimage"},"thumbnailUrl":"https:\/\/cdn1.mediawpaccore.net\/wp-content\/uploads\/2025\/09\/16054227\/image-82.png","keywords":["Ariza","cienfuegos","derechos humanos","enfermer\u00eda","investigaci\u00f3n oficial","MININT","muerte bajo custodia","prisi\u00f3n","sistema penitenciario cubano","violencia carcelaria"],"articleSection":["Noticias","Noticias de Cuba"],"inLanguage":"es","potentialAction":[{"@type":"CommentAction","name":"Comment","target":["https:\/\/www.cuballama.com\/noticias\/reos-ultiman-a-otro-preso-en-centro-penitenciario-de-ariza-cienfuegos\/#respond"]}]},{"@type":"WebPage","@id":"https:\/\/www.cuballama.com\/noticias\/reos-ultiman-a-otro-preso-en-centro-penitenciario-de-ariza-cienfuegos\/","url":"https:\/\/www.cuballama.com\/noticias\/reos-ultiman-a-otro-preso-en-centro-penitenciario-de-ariza-cienfuegos\/","name":"Reos ultiman a otro preso en centro penitenciario de Ariza, Cienfuegos - Cuballama Noticias","isPartOf":{"@id":"https:\/\/www.cuballama.com\/noticias\/#website"},"primaryImageOfPage":{"@id":"https:\/\/www.cuballama.com\/noticias\/reos-ultiman-a-otro-preso-en-centro-penitenciario-de-ariza-cienfuegos\/#primaryimage"},"image":{"@id":"https:\/\/www.cuballama.com\/noticias\/reos-ultiman-a-otro-preso-en-centro-penitenciario-de-ariza-cienfuegos\/#primaryimage"},"thumbnailUrl":"https:\/\/cdn1.mediawpaccore.net\/wp-content\/uploads\/2025\/09\/16054227\/image-82.png","datePublished":"2026-04-27T10:47:59+00:00","dateModified":"2026-04-27T10:48:03+00:00","description":"Muerte de Vicente Borges Gonz\u00e1lez en prisi\u00f3n de Ariza, Cienfuegos, abre dudas sobre seguridad en enfermer\u00eda y exige pesquisa.","breadcrumb":{"@id":"https:\/\/www.cuballama.com\/noticias\/reos-ultiman-a-otro-preso-en-centro-penitenciario-de-ariza-cienfuegos\/#breadcrumb"},"inLanguage":"es","potentialAction":[{"@type":"ReadAction","target":["https:\/\/www.cuballama.com\/noticias\/reos-ultiman-a-otro-preso-en-centro-penitenciario-de-ariza-cienfuegos\/"]}]},{"@type":"ImageObject","inLanguage":"es","@id":"https:\/\/www.cuballama.com\/noticias\/reos-ultiman-a-otro-preso-en-centro-penitenciario-de-ariza-cienfuegos\/#primaryimage","url":"https:\/\/cdn1.mediawpaccore.net\/wp-content\/uploads\/2025\/09\/16054227\/image-82.png","contentUrl":"https:\/\/cdn1.mediawpaccore.net\/wp-content\/uploads\/2025\/09\/16054227\/image-82.png","width":1832,"height":972,"caption":"Prisi\u00f3n de Ariza en Cienfuegos. Foto v\u00eda Google Maps"},{"@type":"BreadcrumbList","@id":"https:\/\/www.cuballama.com\/noticias\/reos-ultiman-a-otro-preso-en-centro-penitenciario-de-ariza-cienfuegos\/#breadcrumb","itemListElement":[{"@type":"ListItem","position":1,"name":"Home","item":"https:\/\/www.cuballama.com\/noticias\/"},{"@type":"ListItem","position":2,"name":"Reos ultiman a otro preso en centro penitenciario de Ariza, Cienfuegos"}]},{"@type":"WebSite","@id":"https:\/\/www.cuballama.com\/noticias\/#website","url":"https:\/\/www.cuballama.com\/noticias\/","name":"Cuballama Noticias","description":"Medio digital sobre Cuba y el mundo","publisher":{"@id":"https:\/\/www.cuballama.com\/noticias\/#organization"},"potentialAction":[{"@type":"SearchAction","target":{"@type":"EntryPoint","urlTemplate":"https:\/\/www.cuballama.com\/noticias\/?s={search_term_string}"},"query-input":{"@type":"PropertyValueSpecification","valueRequired":true,"valueName":"search_term_string"}}],"inLanguage":"es"},{"@type":"Organization","@id":"https:\/\/www.cuballama.com\/noticias\/#organization","name":"Cuballama","url":"https:\/\/www.cuballama.com\/noticias\/","logo":{"@type":"ImageObject","inLanguage":"es","@id":"https:\/\/www.cuballama.com\/noticias\/#\/schema\/logo\/image\/","url":"https:\/\/cdn1.mediawpaccore.net\/wp-content\/uploads\/2021\/12\/28171206\/cbll-logo-color-sm.png","contentUrl":"https:\/\/cdn1.mediawpaccore.net\/wp-content\/uploads\/2021\/12\/28171206\/cbll-logo-color-sm.png","width":600,"height":133,"caption":"Cuballama"},"image":{"@id":"https:\/\/www.cuballama.com\/noticias\/#\/schema\/logo\/image\/"},"sameAs":["https:\/\/www.facebook.com\/CubaLlama","https:\/\/x.com\/cuballama","https:\/\/www.instagram.com\/stories\/cuballama_oficial\/","https:\/\/www.youtube.com\/channel\/UCKkFE-d_axENGZcrc4as0IA"]},{"@type":"Person","@id":"https:\/\/www.cuballama.com\/noticias\/#\/schema\/person\/a58502ed4146c8e9f83872e897c76cd2","name":"Roberto A.","description":"Roberto A. Periodista por decisi\u00f3n propia. Interesado en cualquier tema que me apasione y cada vez m\u00e1s comprometido con la verdad y la objetividad period\u00edstica. Graduado en La Habana hace ya muchos a\u00f1os, luego de una accidentada y polvorienta b\u00fasqueda de informaci\u00f3n sobre un tema in\u00e9dito. La Tesis, por cierto, desapareci\u00f3 de la biblioteca y no se conservan copias de la misma.","url":"https:\/\/www.cuballama.com\/noticias\/author\/roberto\/"}]}},"_links":{"self":[{"href":"https:\/\/www.cuballama.com\/noticias\/wp-json\/wp\/v2\/posts\/235949","targetHints":{"allow":["GET"]}}],"collection":[{"href":"https:\/\/www.cuballama.com\/noticias\/wp-json\/wp\/v2\/posts"}],"about":[{"href":"https:\/\/www.cuballama.com\/noticias\/wp-json\/wp\/v2\/types\/post"}],"author":[{"embeddable":true,"href":"https:\/\/www.cuballama.com\/noticias\/wp-json\/wp\/v2\/users\/13"}],"replies":[{"embeddable":true,"href":"https:\/\/www.cuballama.com\/noticias\/wp-json\/wp\/v2\/comments?post=235949"}],"version-history":[{"count":3,"href":"https:\/\/www.cuballama.com\/noticias\/wp-json\/wp\/v2\/posts\/235949\/revisions"}],"predecessor-version":[{"id":235983,"href":"https:\/\/www.cuballama.com\/noticias\/wp-json\/wp\/v2\/posts\/235949\/revisions\/235983"}],"wp:featuredmedia":[{"embeddable":true,"href":"https:\/\/www.cuballama.com\/noticias\/wp-json\/wp\/v2\/media\/219783"}],"wp:attachment":[{"href":"https:\/\/www.cuballama.com\/noticias\/wp-json\/wp\/v2\/media?parent=235949"}],"wp:term":[{"taxonomy":"category","embeddable":true,"href":"https:\/\/www.cuballama.com\/noticias\/wp-json\/wp\/v2\/categories?post=235949"},{"taxonomy":"post_tag","embeddable":true,"href":"https:\/\/www.cuballama.com\/noticias\/wp-json\/wp\/v2\/tags?post=235949"}],"curies":[{"name":"wp","href":"https:\/\/api.w.org\/{rel}","templated":true}]}}