{"id":233971,"date":"2026-02-01T06:00:00","date_gmt":"2026-02-01T11:00:00","guid":{"rendered":"https:\/\/www.cuballama.com\/noticias\/?p=233971"},"modified":"2026-02-02T00:36:31","modified_gmt":"2026-02-02T05:36:31","slug":"kristi-noem-se-pronuncia-sobre-viajes-de-ee-uu-a-cuba","status":"publish","type":"post","link":"https:\/\/www.cuballama.com\/noticias\/kristi-noem-se-pronuncia-sobre-viajes-de-ee-uu-a-cuba\/","title":{"rendered":"Kristi Noem se pronuncia sobre viajes de EE.UU. a Cuba"},"content":{"rendered":"\n<p>La Secretaria del Departamento de Seguridad Nacional de Estados Unidos (DHS, por sus siglas en ingl\u00e9s), Kristi Noem, se refiri\u00f3 este s\u00e1bado a los vuelos entre Estados Unidos y Cuba.<\/p>\n\n\n\n<p>Desde el Aeropuerto Internacional de Miami, donde se reuni\u00f3 con personal de la Administraci\u00f3n de Seguridad del Transporte (TSA) y habl\u00f3 sobre inversiones en su modernizaci\u00f3n, Noem no neg\u00f3 ni confirm\u00f3 que la suspensi\u00f3n de vuelos fuera a ser efectiva.&nbsp;<\/p>\n\n\n\n<p>Preguntada sobre el futuro de los viajes a Cuba, despu\u00e9s de que varios congresistas republicanos del sur de Florida pidieran eliminarlos por completo y de que Trump declarara un estado de emergencia nacional respecto a Cuba, Noem respondi\u00f3 que el DHS y el Departamento de Estado trabajar\u00e1n para ver \u201cc\u00f3mo se manejar\u00e1n los viajes entre nuestros pa\u00edses en el futuro\u201d.<\/p>\n\n\n\n<blockquote class=\"twitter-tweet\"><p lang=\"en\" dir=\"ltr\">WATCH: Secretary Noem holds press conference in Miami, Florida. <a href=\"https:\/\/t.co\/Lp0Vv7jhpr\">https:\/\/t.co\/Lp0Vv7jhpr<\/a><\/p>&mdash; Homeland Security (@DHSgov) <a href=\"https:\/\/twitter.com\/DHSgov\/status\/2017680858136600895?ref_src=twsrc%5Etfw\">January 31, 2026<\/a><\/blockquote> <script async src=\"https:\/\/platform.twitter.com\/widgets.js\" charset=\"utf-8\"><\/script>\n\n\n\n<p>Hasta el momento, los viajes a Cuba desde Estados Unidos se mantienen sin cambios: unos 60 se realizan semanalmente.&nbsp;<\/p>\n\n\n\n<p>Noem confirm\u00f3 adem\u00e1s que la administraci\u00f3n Trump trabaja en protocolos espec\u00edficos ante un posible \u00e9xodo masivo de cubanos, ante un posible colapso del r\u00e9gimen cubano.<\/p>\n\n\n\n<p>Seg\u00fan revel\u00f3 la secretaria, Washington no improvisar\u00e1 frente a una crisis migratoria de gran escala y ya eval\u00faa medidas legales y log\u00edsticas para responder a un eventual aumento de salidas desde Cuba.<\/p>\n\n\n\n<iframe loading=\"lazy\" src=\"https:\/\/www.facebook.com\/plugins\/post.php?href=https%3A%2F%2Fwww.facebook.com%2Fyusnaby%2Fposts%2Fpfbid0KnCwgk6FoJTf4K9LVjtYHB4QLbdei52QNrA6ufS6Tm2m2pxAKAhQrR417aKTzyMPl&#038;show_text=true&#038;width=500\" width=\"500\" height=\"594\" style=\"border:none;overflow:hidden\" scrolling=\"no\" frameborder=\"0\" allowfullscreen=\"true\" allow=\"autoplay; clipboard-write; encrypted-media; picture-in-picture; web-share\"><\/iframe>\n\n\n\n<p>Noem record\u00f3 que, hist\u00f3ricamente, el gobierno cubano ha utilizado la migraci\u00f3n como instrumento de presi\u00f3n pol\u00edtica, incluyendo amenazas de permitir salidas masivas por v\u00eda mar\u00edtima, y que la situaci\u00f3n en Cuba es observada de manera constante por las autoridades federales.<\/p>\n\n\n\n<p>Asimismo, la funcionaria record\u00f3 que la pol\u00edtica de \u201cpies secos, pies mojados\u201d fue eliminada por Barack Obama en 2017, por lo que cualquier intento de ingreso irregular enfrenta consecuencias migratorias inmediatas.<\/p>\n\n\n\n<p>En torno al TPS, la encargada del DHS insisti\u00f3 en que es un programa que contin\u00faa vigente, pero que siempre ha tenido intenci\u00f3n de brindar protecci\u00f3n a los beneficiarios de manera temporal.&nbsp;<\/p>\n\n\n\n<p>Noem indic\u00f3 que las personas que se quedan sin la protecci\u00f3n del TPS tienen la alternativa de aplicar a otros programas o beneficios migratorios. De lo contrario, en sus palabras, deben abandonar inmediatamente el pa\u00eds.<\/p>\n\n\n\n<p>El motivo principal de su visita fue conversar sobre una inversi\u00f3n de mil millones de d\u00f3lares para garantizar la modernizaci\u00f3n de los principales aeropuertos, como el Internacional de Miami, de cara a eventos multitudinarios como la FIFA World Cup 2026 y los Juegos Ol\u00edmpicos de 2028.<\/p>\n\n\n\n<p><\/p>\n","protected":false},"excerpt":{"rendered":"<p>Cada semana se realizan unos 60 vuelos.<\/p>\n","protected":false},"author":30,"featured_media":233973,"comment_status":"open","ping_status":"closed","sticky":false,"template":"","format":"standard","meta":{"_acf_changed":false,"footnotes":""},"categories":[18,953],"tags":[5404,941,23892,1019,836],"class_list":{"0":"post-233971","1":"post","2":"type-post","3":"status-publish","4":"format-standard","5":"has-post-thumbnail","7":"category-noticias","8":"category-usa","9":"tag-administracion-trump","10":"tag-destacado","11":"tag-kristi-noem","12":"tag-viajes-a-cuba","13":"tag-vuelos-a-cuba"},"acf":[],"yoast_head":"<!-- This site is optimized with the Yoast SEO plugin v27.5 - https:\/\/yoast.com\/product\/yoast-seo-wordpress\/ -->\n<title>Kristi Noem se pronuncia sobre viajes de EE.UU. a Cuba - Cuballama Noticias<\/title>\n<meta name=\"description\" content=\"La secretaria del Departamento de Seguridad Nacional de Estados Unidos, Kristi Noem, habl\u00f3 sobre los vuelos entre Estados Unidos y Cuba.\" \/>\n<meta name=\"robots\" content=\"index, follow, max-snippet:-1, max-image-preview:large, max-video-preview:-1\" \/>\n<link rel=\"canonical\" href=\"https:\/\/www.cuballama.com\/noticias\/kristi-noem-se-pronuncia-sobre-viajes-de-ee-uu-a-cuba\/\" \/>\n<meta property=\"og:locale\" content=\"es_ES\" \/>\n<meta property=\"og:type\" content=\"article\" \/>\n<meta property=\"og:title\" content=\"Kristi Noem se pronuncia sobre viajes de EE.UU. a Cuba - Cuballama Noticias\" \/>\n<meta property=\"og:description\" content=\"La secretaria del Departamento de Seguridad Nacional de Estados Unidos, Kristi Noem, habl\u00f3 sobre los vuelos entre Estados Unidos y Cuba.\" \/>\n<meta property=\"og:url\" content=\"https:\/\/www.cuballama.com\/noticias\/kristi-noem-se-pronuncia-sobre-viajes-de-ee-uu-a-cuba\/\" \/>\n<meta property=\"og:site_name\" content=\"Cuballama Noticias\" \/>\n<meta property=\"article:publisher\" content=\"https:\/\/www.facebook.com\/CubaLlama\" \/>\n<meta property=\"article:published_time\" content=\"2026-02-01T11:00:00+00:00\" \/>\n<meta property=\"article:modified_time\" content=\"2026-02-02T05:36:31+00:00\" \/>\n<meta property=\"og:image\" content=\"https:\/\/cdn1.mediawpaccore.net\/wp-content\/uploads\/2026\/01\/31233101\/G5PRjEaXoAACW5c1.jpg\" \/>\n\t<meta property=\"og:image:width\" content=\"1200\" \/>\n\t<meta property=\"og:image:height\" content=\"630\" \/>\n\t<meta property=\"og:image:type\" content=\"image\/jpeg\" \/>\n<meta name=\"author\" content=\"Kathy\" \/>\n<meta name=\"twitter:card\" content=\"summary_large_image\" \/>\n<meta name=\"twitter:creator\" content=\"@cuballama\" \/>\n<meta name=\"twitter:site\" content=\"@cuballama\" \/>\n<meta name=\"twitter:label1\" content=\"Escrito por\" \/>\n\t<meta name=\"twitter:data1\" content=\"Kathy\" \/>\n\t<meta name=\"twitter:label2\" content=\"Tiempo de lectura\" \/>\n\t<meta name=\"twitter:data2\" content=\"2 minutos\" \/>\n<script type=\"application\/ld+json\" class=\"yoast-schema-graph\">{\"@context\":\"https:\\\/\\\/schema.org\",\"@graph\":[{\"@type\":\"Article\",\"@id\":\"https:\\\/\\\/www.cuballama.com\\\/noticias\\\/kristi-noem-se-pronuncia-sobre-viajes-de-ee-uu-a-cuba\\\/#article\",\"isPartOf\":{\"@id\":\"https:\\\/\\\/www.cuballama.com\\\/noticias\\\/kristi-noem-se-pronuncia-sobre-viajes-de-ee-uu-a-cuba\\\/\"},\"author\":{\"name\":\"Kathy\",\"@id\":\"https:\\\/\\\/www.cuballama.com\\\/noticias\\\/#\\\/schema\\\/person\\\/86cd3e3f4974437f031211213bf892d5\"},\"headline\":\"Kristi Noem se pronuncia sobre viajes de EE.UU. a Cuba\",\"datePublished\":\"2026-02-01T11:00:00+00:00\",\"dateModified\":\"2026-02-02T05:36:31+00:00\",\"mainEntityOfPage\":{\"@id\":\"https:\\\/\\\/www.cuballama.com\\\/noticias\\\/kristi-noem-se-pronuncia-sobre-viajes-de-ee-uu-a-cuba\\\/\"},\"wordCount\":454,\"commentCount\":0,\"publisher\":{\"@id\":\"https:\\\/\\\/www.cuballama.com\\\/noticias\\\/#organization\"},\"image\":{\"@id\":\"https:\\\/\\\/www.cuballama.com\\\/noticias\\\/kristi-noem-se-pronuncia-sobre-viajes-de-ee-uu-a-cuba\\\/#primaryimage\"},\"thumbnailUrl\":\"https:\\\/\\\/cdn1.mediawpaccore.net\\\/wp-content\\\/uploads\\\/2026\\\/01\\\/31233101\\\/G5PRjEaXoAACW5c1.jpg\",\"keywords\":[\"administraci\u00f3n Trump\",\"destacado\",\"Kristi Noem\",\"Viajes a Cuba\",\"Vuelos a Cuba\"],\"articleSection\":[\"Noticias\",\"USA\"],\"inLanguage\":\"es\",\"potentialAction\":[{\"@type\":\"CommentAction\",\"name\":\"Comment\",\"target\":[\"https:\\\/\\\/www.cuballama.com\\\/noticias\\\/kristi-noem-se-pronuncia-sobre-viajes-de-ee-uu-a-cuba\\\/#respond\"]}]},{\"@type\":\"WebPage\",\"@id\":\"https:\\\/\\\/www.cuballama.com\\\/noticias\\\/kristi-noem-se-pronuncia-sobre-viajes-de-ee-uu-a-cuba\\\/\",\"url\":\"https:\\\/\\\/www.cuballama.com\\\/noticias\\\/kristi-noem-se-pronuncia-sobre-viajes-de-ee-uu-a-cuba\\\/\",\"name\":\"Kristi Noem se pronuncia sobre viajes de EE.UU. a Cuba - Cuballama Noticias\",\"isPartOf\":{\"@id\":\"https:\\\/\\\/www.cuballama.com\\\/noticias\\\/#website\"},\"primaryImageOfPage\":{\"@id\":\"https:\\\/\\\/www.cuballama.com\\\/noticias\\\/kristi-noem-se-pronuncia-sobre-viajes-de-ee-uu-a-cuba\\\/#primaryimage\"},\"image\":{\"@id\":\"https:\\\/\\\/www.cuballama.com\\\/noticias\\\/kristi-noem-se-pronuncia-sobre-viajes-de-ee-uu-a-cuba\\\/#primaryimage\"},\"thumbnailUrl\":\"https:\\\/\\\/cdn1.mediawpaccore.net\\\/wp-content\\\/uploads\\\/2026\\\/01\\\/31233101\\\/G5PRjEaXoAACW5c1.jpg\",\"datePublished\":\"2026-02-01T11:00:00+00:00\",\"dateModified\":\"2026-02-02T05:36:31+00:00\",\"description\":\"La secretaria del Departamento de Seguridad Nacional de Estados Unidos, Kristi Noem, habl\u00f3 sobre los vuelos entre Estados Unidos y Cuba.\",\"breadcrumb\":{\"@id\":\"https:\\\/\\\/www.cuballama.com\\\/noticias\\\/kristi-noem-se-pronuncia-sobre-viajes-de-ee-uu-a-cuba\\\/#breadcrumb\"},\"inLanguage\":\"es\",\"potentialAction\":[{\"@type\":\"ReadAction\",\"target\":[\"https:\\\/\\\/www.cuballama.com\\\/noticias\\\/kristi-noem-se-pronuncia-sobre-viajes-de-ee-uu-a-cuba\\\/\"]}]},{\"@type\":\"ImageObject\",\"inLanguage\":\"es\",\"@id\":\"https:\\\/\\\/www.cuballama.com\\\/noticias\\\/kristi-noem-se-pronuncia-sobre-viajes-de-ee-uu-a-cuba\\\/#primaryimage\",\"url\":\"https:\\\/\\\/cdn1.mediawpaccore.net\\\/wp-content\\\/uploads\\\/2026\\\/01\\\/31233101\\\/G5PRjEaXoAACW5c1.jpg\",\"contentUrl\":\"https:\\\/\\\/cdn1.mediawpaccore.net\\\/wp-content\\\/uploads\\\/2026\\\/01\\\/31233101\\\/G5PRjEaXoAACW5c1.jpg\",\"width\":1200,\"height\":630,\"caption\":\"Kristi Noem. Foto: X\\\/Kristi Noem.\"},{\"@type\":\"BreadcrumbList\",\"@id\":\"https:\\\/\\\/www.cuballama.com\\\/noticias\\\/kristi-noem-se-pronuncia-sobre-viajes-de-ee-uu-a-cuba\\\/#breadcrumb\",\"itemListElement\":[{\"@type\":\"ListItem\",\"position\":1,\"name\":\"Home\",\"item\":\"https:\\\/\\\/www.cuballama.com\\\/noticias\\\/\"},{\"@type\":\"ListItem\",\"position\":2,\"name\":\"Kristi Noem se pronuncia sobre viajes de EE.UU. a Cuba\"}]},{\"@type\":\"WebSite\",\"@id\":\"https:\\\/\\\/www.cuballama.com\\\/noticias\\\/#website\",\"url\":\"https:\\\/\\\/www.cuballama.com\\\/noticias\\\/\",\"name\":\"Cuballama Noticias\",\"description\":\"Medio digital sobre Cuba y el mundo\",\"publisher\":{\"@id\":\"https:\\\/\\\/www.cuballama.com\\\/noticias\\\/#organization\"},\"potentialAction\":[{\"@type\":\"SearchAction\",\"target\":{\"@type\":\"EntryPoint\",\"urlTemplate\":\"https:\\\/\\\/www.cuballama.com\\\/noticias\\\/?s={search_term_string}\"},\"query-input\":{\"@type\":\"PropertyValueSpecification\",\"valueRequired\":true,\"valueName\":\"search_term_string\"}}],\"inLanguage\":\"es\"},{\"@type\":\"Organization\",\"@id\":\"https:\\\/\\\/www.cuballama.com\\\/noticias\\\/#organization\",\"name\":\"Cuballama\",\"url\":\"https:\\\/\\\/www.cuballama.com\\\/noticias\\\/\",\"logo\":{\"@type\":\"ImageObject\",\"inLanguage\":\"es\",\"@id\":\"https:\\\/\\\/www.cuballama.com\\\/noticias\\\/#\\\/schema\\\/logo\\\/image\\\/\",\"url\":\"https:\\\/\\\/cdn1.mediawpaccore.net\\\/wp-content\\\/uploads\\\/2021\\\/12\\\/28171206\\\/cbll-logo-color-sm.png\",\"contentUrl\":\"https:\\\/\\\/cdn1.mediawpaccore.net\\\/wp-content\\\/uploads\\\/2021\\\/12\\\/28171206\\\/cbll-logo-color-sm.png\",\"width\":600,\"height\":133,\"caption\":\"Cuballama\"},\"image\":{\"@id\":\"https:\\\/\\\/www.cuballama.com\\\/noticias\\\/#\\\/schema\\\/logo\\\/image\\\/\"},\"sameAs\":[\"https:\\\/\\\/www.facebook.com\\\/CubaLlama\",\"https:\\\/\\\/x.com\\\/cuballama\",\"https:\\\/\\\/www.instagram.com\\\/stories\\\/cuballama_oficial\\\/\",\"https:\\\/\\\/www.youtube.com\\\/channel\\\/UCKkFE-d_axENGZcrc4as0IA\"]},{\"@type\":\"Person\",\"@id\":\"https:\\\/\\\/www.cuballama.com\\\/noticias\\\/#\\\/schema\\\/person\\\/86cd3e3f4974437f031211213bf892d5\",\"name\":\"Kathy\",\"url\":\"https:\\\/\\\/www.cuballama.com\\\/noticias\\\/author\\\/kathy\\\/\"}]}<\/script>\n<!-- \/ Yoast SEO plugin. -->","yoast_head_json":{"title":"Kristi Noem se pronuncia sobre viajes de EE.UU. a Cuba - Cuballama Noticias","description":"La secretaria del Departamento de Seguridad Nacional de Estados Unidos, Kristi Noem, habl\u00f3 sobre los vuelos entre Estados Unidos y Cuba.","robots":{"index":"index","follow":"follow","max-snippet":"max-snippet:-1","max-image-preview":"max-image-preview:large","max-video-preview":"max-video-preview:-1"},"canonical":"https:\/\/www.cuballama.com\/noticias\/kristi-noem-se-pronuncia-sobre-viajes-de-ee-uu-a-cuba\/","og_locale":"es_ES","og_type":"article","og_title":"Kristi Noem se pronuncia sobre viajes de EE.UU. a Cuba - Cuballama Noticias","og_description":"La secretaria del Departamento de Seguridad Nacional de Estados Unidos, Kristi Noem, habl\u00f3 sobre los vuelos entre Estados Unidos y Cuba.","og_url":"https:\/\/www.cuballama.com\/noticias\/kristi-noem-se-pronuncia-sobre-viajes-de-ee-uu-a-cuba\/","og_site_name":"Cuballama Noticias","article_publisher":"https:\/\/www.facebook.com\/CubaLlama","article_published_time":"2026-02-01T11:00:00+00:00","article_modified_time":"2026-02-02T05:36:31+00:00","og_image":[{"width":1200,"height":630,"url":"https:\/\/cdn1.mediawpaccore.net\/wp-content\/uploads\/2026\/01\/31233101\/G5PRjEaXoAACW5c1.jpg","type":"image\/jpeg"}],"author":"Kathy","twitter_card":"summary_large_image","twitter_creator":"@cuballama","twitter_site":"@cuballama","twitter_misc":{"Escrito por":"Kathy","Tiempo de lectura":"2 minutos"},"schema":{"@context":"https:\/\/schema.org","@graph":[{"@type":"Article","@id":"https:\/\/www.cuballama.com\/noticias\/kristi-noem-se-pronuncia-sobre-viajes-de-ee-uu-a-cuba\/#article","isPartOf":{"@id":"https:\/\/www.cuballama.com\/noticias\/kristi-noem-se-pronuncia-sobre-viajes-de-ee-uu-a-cuba\/"},"author":{"name":"Kathy","@id":"https:\/\/www.cuballama.com\/noticias\/#\/schema\/person\/86cd3e3f4974437f031211213bf892d5"},"headline":"Kristi Noem se pronuncia sobre viajes de EE.UU. a Cuba","datePublished":"2026-02-01T11:00:00+00:00","dateModified":"2026-02-02T05:36:31+00:00","mainEntityOfPage":{"@id":"https:\/\/www.cuballama.com\/noticias\/kristi-noem-se-pronuncia-sobre-viajes-de-ee-uu-a-cuba\/"},"wordCount":454,"commentCount":0,"publisher":{"@id":"https:\/\/www.cuballama.com\/noticias\/#organization"},"image":{"@id":"https:\/\/www.cuballama.com\/noticias\/kristi-noem-se-pronuncia-sobre-viajes-de-ee-uu-a-cuba\/#primaryimage"},"thumbnailUrl":"https:\/\/cdn1.mediawpaccore.net\/wp-content\/uploads\/2026\/01\/31233101\/G5PRjEaXoAACW5c1.jpg","keywords":["administraci\u00f3n Trump","destacado","Kristi Noem","Viajes a Cuba","Vuelos a Cuba"],"articleSection":["Noticias","USA"],"inLanguage":"es","potentialAction":[{"@type":"CommentAction","name":"Comment","target":["https:\/\/www.cuballama.com\/noticias\/kristi-noem-se-pronuncia-sobre-viajes-de-ee-uu-a-cuba\/#respond"]}]},{"@type":"WebPage","@id":"https:\/\/www.cuballama.com\/noticias\/kristi-noem-se-pronuncia-sobre-viajes-de-ee-uu-a-cuba\/","url":"https:\/\/www.cuballama.com\/noticias\/kristi-noem-se-pronuncia-sobre-viajes-de-ee-uu-a-cuba\/","name":"Kristi Noem se pronuncia sobre viajes de EE.UU. a Cuba - Cuballama Noticias","isPartOf":{"@id":"https:\/\/www.cuballama.com\/noticias\/#website"},"primaryImageOfPage":{"@id":"https:\/\/www.cuballama.com\/noticias\/kristi-noem-se-pronuncia-sobre-viajes-de-ee-uu-a-cuba\/#primaryimage"},"image":{"@id":"https:\/\/www.cuballama.com\/noticias\/kristi-noem-se-pronuncia-sobre-viajes-de-ee-uu-a-cuba\/#primaryimage"},"thumbnailUrl":"https:\/\/cdn1.mediawpaccore.net\/wp-content\/uploads\/2026\/01\/31233101\/G5PRjEaXoAACW5c1.jpg","datePublished":"2026-02-01T11:00:00+00:00","dateModified":"2026-02-02T05:36:31+00:00","description":"La secretaria del Departamento de Seguridad Nacional de Estados Unidos, Kristi Noem, habl\u00f3 sobre los vuelos entre Estados Unidos y Cuba.","breadcrumb":{"@id":"https:\/\/www.cuballama.com\/noticias\/kristi-noem-se-pronuncia-sobre-viajes-de-ee-uu-a-cuba\/#breadcrumb"},"inLanguage":"es","potentialAction":[{"@type":"ReadAction","target":["https:\/\/www.cuballama.com\/noticias\/kristi-noem-se-pronuncia-sobre-viajes-de-ee-uu-a-cuba\/"]}]},{"@type":"ImageObject","inLanguage":"es","@id":"https:\/\/www.cuballama.com\/noticias\/kristi-noem-se-pronuncia-sobre-viajes-de-ee-uu-a-cuba\/#primaryimage","url":"https:\/\/cdn1.mediawpaccore.net\/wp-content\/uploads\/2026\/01\/31233101\/G5PRjEaXoAACW5c1.jpg","contentUrl":"https:\/\/cdn1.mediawpaccore.net\/wp-content\/uploads\/2026\/01\/31233101\/G5PRjEaXoAACW5c1.jpg","width":1200,"height":630,"caption":"Kristi Noem. Foto: X\/Kristi Noem."},{"@type":"BreadcrumbList","@id":"https:\/\/www.cuballama.com\/noticias\/kristi-noem-se-pronuncia-sobre-viajes-de-ee-uu-a-cuba\/#breadcrumb","itemListElement":[{"@type":"ListItem","position":1,"name":"Home","item":"https:\/\/www.cuballama.com\/noticias\/"},{"@type":"ListItem","position":2,"name":"Kristi Noem se pronuncia sobre viajes de EE.UU. a Cuba"}]},{"@type":"WebSite","@id":"https:\/\/www.cuballama.com\/noticias\/#website","url":"https:\/\/www.cuballama.com\/noticias\/","name":"Cuballama Noticias","description":"Medio digital sobre Cuba y el mundo","publisher":{"@id":"https:\/\/www.cuballama.com\/noticias\/#organization"},"potentialAction":[{"@type":"SearchAction","target":{"@type":"EntryPoint","urlTemplate":"https:\/\/www.cuballama.com\/noticias\/?s={search_term_string}"},"query-input":{"@type":"PropertyValueSpecification","valueRequired":true,"valueName":"search_term_string"}}],"inLanguage":"es"},{"@type":"Organization","@id":"https:\/\/www.cuballama.com\/noticias\/#organization","name":"Cuballama","url":"https:\/\/www.cuballama.com\/noticias\/","logo":{"@type":"ImageObject","inLanguage":"es","@id":"https:\/\/www.cuballama.com\/noticias\/#\/schema\/logo\/image\/","url":"https:\/\/cdn1.mediawpaccore.net\/wp-content\/uploads\/2021\/12\/28171206\/cbll-logo-color-sm.png","contentUrl":"https:\/\/cdn1.mediawpaccore.net\/wp-content\/uploads\/2021\/12\/28171206\/cbll-logo-color-sm.png","width":600,"height":133,"caption":"Cuballama"},"image":{"@id":"https:\/\/www.cuballama.com\/noticias\/#\/schema\/logo\/image\/"},"sameAs":["https:\/\/www.facebook.com\/CubaLlama","https:\/\/x.com\/cuballama","https:\/\/www.instagram.com\/stories\/cuballama_oficial\/","https:\/\/www.youtube.com\/channel\/UCKkFE-d_axENGZcrc4as0IA"]},{"@type":"Person","@id":"https:\/\/www.cuballama.com\/noticias\/#\/schema\/person\/86cd3e3f4974437f031211213bf892d5","name":"Kathy","url":"https:\/\/www.cuballama.com\/noticias\/author\/kathy\/"}]}},"_links":{"self":[{"href":"https:\/\/www.cuballama.com\/noticias\/wp-json\/wp\/v2\/posts\/233971","targetHints":{"allow":["GET"]}}],"collection":[{"href":"https:\/\/www.cuballama.com\/noticias\/wp-json\/wp\/v2\/posts"}],"about":[{"href":"https:\/\/www.cuballama.com\/noticias\/wp-json\/wp\/v2\/types\/post"}],"author":[{"embeddable":true,"href":"https:\/\/www.cuballama.com\/noticias\/wp-json\/wp\/v2\/users\/30"}],"replies":[{"embeddable":true,"href":"https:\/\/www.cuballama.com\/noticias\/wp-json\/wp\/v2\/comments?post=233971"}],"version-history":[{"count":4,"href":"https:\/\/www.cuballama.com\/noticias\/wp-json\/wp\/v2\/posts\/233971\/revisions"}],"predecessor-version":[{"id":234015,"href":"https:\/\/www.cuballama.com\/noticias\/wp-json\/wp\/v2\/posts\/233971\/revisions\/234015"}],"wp:featuredmedia":[{"embeddable":true,"href":"https:\/\/www.cuballama.com\/noticias\/wp-json\/wp\/v2\/media\/233973"}],"wp:attachment":[{"href":"https:\/\/www.cuballama.com\/noticias\/wp-json\/wp\/v2\/media?parent=233971"}],"wp:term":[{"taxonomy":"category","embeddable":true,"href":"https:\/\/www.cuballama.com\/noticias\/wp-json\/wp\/v2\/categories?post=233971"},{"taxonomy":"post_tag","embeddable":true,"href":"https:\/\/www.cuballama.com\/noticias\/wp-json\/wp\/v2\/tags?post=233971"}],"curies":[{"name":"wp","href":"https:\/\/api.w.org\/{rel}","templated":true}]}}