{"id":233698,"date":"2026-01-29T09:32:35","date_gmt":"2026-01-29T14:32:35","guid":{"rendered":"https:\/\/www.cuballama.com\/noticias\/?p=233698"},"modified":"2026-01-29T09:32:43","modified_gmt":"2026-01-29T14:32:43","slug":"benfica-convierte-da-luz-en-otra-champions-magica-tumba-al-real-madrid-con-un-gol-del-portero-en-la-ultima-jugada-del-partido","status":"publish","type":"post","link":"https:\/\/www.cuballama.com\/noticias\/benfica-convierte-da-luz-en-otra-champions-magica-tumba-al-real-madrid-con-un-gol-del-portero-en-la-ultima-jugada-del-partido\/","title":{"rendered":"Benfica convierte Da Luz en otra Champions m\u00e1gica; tumba al Real Madrid con un gol del portero en la \u00faltima jugada del partido"},"content":{"rendered":"\n<p>El Est\u00e1dio da Luz volvi\u00f3 a comportarse como ese lugar donde la Champions se sale del guion. Este mi\u00e9rcoles 28 de enero de 2026, Benfica derrot\u00f3 4-2 al Real Madrid con un desenlace que parec\u00eda escrito para el archivo: el portero Anatoliy Trubin subi\u00f3 a rematar en la \u00faltima jugada del partido y marc\u00f3 de cabeza en el 98\u2019, un gol de guardameta que termin\u00f3 empujando a los lisboetas a la zona de playoffs y, de paso, dej\u00f3 a los blancos fuera del grupo de equipos que avanzan directo a octavos.<\/p>\n\n\n\n<iframe loading=\"lazy\" src=\"https:\/\/www.facebook.com\/plugins\/video.php?height=476&#038;href=https%3A%2F%2Fwww.facebook.com%2Freel%2F26165065069757892%2F&#038;show_text=true&#038;width=267&#038;t=0\" width=\"267\" height=\"591\" style=\"border:none;overflow:hidden\" scrolling=\"no\" frameborder=\"0\" allowfullscreen=\"true\" allow=\"autoplay; clipboard-write; encrypted-media; picture-in-picture; web-share\" allowFullScreen=\"true\"><\/iframe>\n\n\n\n<p>La escena final tuvo un detalle que explic\u00f3 el tama\u00f1o del momento sin necesidad de discursos. Thibaut Courtois, que hab\u00eda quedado vendido en el \u00e1rea en ese env\u00edo desesperado, fue a buscar a Trubin y lo abraz\u00f3 con una sonrisa que mezclaba incredulidad y respeto. El belga lo felicit\u00f3 como se felicita una rareza del f\u00fatbol, un gol que no se \u201cencaja\u201d igual que los otros porque lo firma un portero y porque llega cuando el reloj ya est\u00e1 en zona de nadie. La agencia AP subray\u00f3 ese abrazo como una de las postales de la noche. <\/p>\n\n\n\n<iframe loading=\"lazy\" src=\"https:\/\/www.facebook.com\/plugins\/post.php?href=https%3A%2F%2Fwww.facebook.com%2Fpermalink.php%3Fstory_fbid%3Dpfbid023Y3nTQB5oeNGGPAHTtvRDj43iveqFSGH644aX6aUGhLNNxQmaZAa6Tge7WWcUmZ5l%26id%3D100095379602851&#038;show_text=true&#038;width=500\" width=\"500\" height=\"641\" style=\"border:none;overflow:hidden\" scrolling=\"no\" frameborder=\"0\" allowfullscreen=\"true\" allow=\"autoplay; clipboard-write; encrypted-media; picture-in-picture; web-share\"><\/iframe>\n\n\n\n<p>El tanto no fue un capricho aislado sino la culminaci\u00f3n de un cierre ca\u00f3tico, de esos que Da Luz parece coleccionar. Para entonces, el Real Madrid estaba con nueve hombres: Ra\u00fal Asencio vio roja en el a\u00f1adido y Rodrygo lo sigui\u00f3 minutos despu\u00e9s, de modo que la jugada del 98\u2019 ocurri\u00f3 con el Madrid defendiendo a la desesperada y con Benfica acumulando cuerpos en el \u00e1rea para una \u00faltima bola. El centro lleg\u00f3 y Trubin conect\u00f3 el cabezazo que convirti\u00f3 el estadio en un salto colectivo.<\/p>\n\n\n\n<p>El gol de Trubin no fue solo una an\u00e9cdota m\u00e1s: fue el que le asegur\u00f3 al Benfica seguir en la Champions. Con el 3-2 todav\u00eda no ten\u00eda garantizado el pase, porque por diferencia de goles y por otros resultados pod\u00eda quedar fuera. Ese cuarto tanto en el 98\u2019 fue el que le dio el margen justo para meterse en puestos de playoff. Sin \u00e9l, el Benfica quedaba eliminado; con \u00e9l, se mantuvo con vida en la competici\u00f3n.<br><br>La dimensi\u00f3n estad\u00edstica del gol tambi\u00e9n lo coloc\u00f3 en un club peque\u00f1o: UEFA lo ubic\u00f3 entre los pocos porteros que han marcado en la fase principal de la Champions, algo que ocurre de tarde en tarde y por eso se vuelve noticia global cuando aparece.<\/p>\n\n\n\n<p>El contexto tambi\u00e9n ten\u00eda nombre propio en el banquillo local. Jos\u00e9 Mourinho, entrenador del Benfica, celebr\u00f3 el gol como si fuera una devoluci\u00f3n tard\u00eda de la Champions a su gusto por los finales dram\u00e1ticos. Reuters recogi\u00f3 su lectura del partido y del impacto de ese tanto del portero, en una noche que, adem\u00e1s, le serv\u00eda como cap\u00edtulo especial por enfrentarse al club que dirigi\u00f3 en Espa\u00f1a: el Real Madrid. Mourinho, que en su etapa blanca dej\u00f3 una huella tan competitiva como pol\u00e9mica, volvi\u00f3 a medir su capacidad de convertir partidos grandes en episodios emocionales, y lo hizo en un escenario que termin\u00f3 sirviendo de teatro perfecto.<\/p>\n\n\n\n<p>Da Luz, adem\u00e1s, viene insistiendo en esa reputaci\u00f3n de estadio para grandes momentos europeos, no solo por la magnitud del rival sino por la forma en que se decide la noche. <\/p>\n\n\n\n<p>El gol de Trubin en el descuento se agreg\u00f3 a un antecedente muy reciente que, en Lisboa, todav\u00eda pica: el 21 de enero de 2025, en ese mismo estadio, Raphinha marc\u00f3 en el tiempo a\u00f1adido el tanto que cerr\u00f3 una remontada delirante del Barcelona, un 5-4 que qued\u00f3 como partido de memoria y que se decidi\u00f3 tambi\u00e9n \u201cin extremis\u201d, en la \u00faltima curva del reloj con una carrera trepidante de casi 70 metros bajo la lluvia. <\/p>\n\n\n\n<iframe loading=\"lazy\" src=\"https:\/\/www.facebook.com\/plugins\/video.php?height=476&#038;href=https%3A%2F%2Fwww.facebook.com%2Freel%2F1037631831459952%2F&#038;show_text=true&#038;width=267&#038;t=0\" width=\"267\" height=\"591\" style=\"border:none;overflow:hidden\" scrolling=\"no\" frameborder=\"0\" allowfullscreen=\"true\" allow=\"autoplay; clipboard-write; encrypted-media; picture-in-picture; web-share\" allowFullScreen=\"true\"><\/iframe>\n\n\n\n<p>Reuters narr\u00f3 aquel cierre como un golpe profundo para Benfica y una noche de locura para el torneo. Da Luz, con estas dos historias consecutivas, empieza a parecer un lugar donde la Champions se siente autorizada a exagerar.<\/p>\n\n\n\n<p>Para el Real Madrid, la derrota tuvo sabor doblemente amargo: no solo por encajar un gol imposible, sino por el modo en que el partido se le fue de las manos en el tramo final, con expulsiones y con una sensaci\u00f3n de derrumbe que alimenta el ruido alrededor de los blancos cuando el torneo entra en su zona de vida o muerte. Para Benfica, en cambio, fue la confirmaci\u00f3n de una noche que no se olvida: ganar al Madrid, hacerlo con Mourinho en el banquillo y sellarlo con un portero goleador, con Courtois felicitando al h\u00e9roe rival y con Da Luz sumando otra p\u00e1gina de esas que despu\u00e9s se usan para decir que la Champions tiene lugares donde se siente m\u00e1s Champions.<\/p>\n","protected":false},"excerpt":{"rendered":"<p>Benfica venci\u00f3 4-2 al Real Madrid en Da Luz con un cabezazo del portero Trubin en el 98\u2019; Courtois lo abraz\u00f3 y Mourinho firm\u00f3 otra noche europea.<\/p>\n","protected":false},"author":13,"featured_media":233712,"comment_status":"open","ping_status":"closed","sticky":false,"template":"","format":"standard","meta":{"_acf_changed":false,"footnotes":""},"categories":[21,18,957],"tags":[30285,30284,24002,30286,139,868],"class_list":{"0":"post-233698","1":"post","2":"type-post","3":"status-publish","4":"format-standard","5":"has-post-thumbnail","7":"category-deportes","8":"category-noticias","9":"category-noticias-internacionales","10":"tag-anatoliy-trubin","11":"tag-benfica","12":"tag-champions-league","13":"tag-jose-mourinho","14":"tag-real-madrid","15":"tag-thibaut-courtois"},"acf":[],"yoast_head":"<!-- This site is optimized with the Yoast SEO plugin v27.5 - https:\/\/yoast.com\/product\/yoast-seo-wordpress\/ -->\n<title>Benfica convierte Da Luz en otra Champions m\u00e1gica; tumba al Real Madrid con un gol del portero en la \u00faltima jugada del partido - Cuballama Noticias<\/title>\n<meta name=\"description\" content=\"Benfica tumb\u00f3 al Real con un gol del portero Trubin en el 98\u2019, noche de Mourinho en Da Luz y abrazo de Courtois al finalizar el encuentro\" \/>\n<meta name=\"robots\" content=\"index, follow, max-snippet:-1, max-image-preview:large, max-video-preview:-1\" \/>\n<link rel=\"canonical\" href=\"https:\/\/www.cuballama.com\/noticias\/benfica-convierte-da-luz-en-otra-champions-magica-tumba-al-real-madrid-con-un-gol-del-portero-en-la-ultima-jugada-del-partido\/\" \/>\n<meta property=\"og:locale\" content=\"es_ES\" \/>\n<meta property=\"og:type\" content=\"article\" \/>\n<meta property=\"og:title\" content=\"Benfica convierte Da Luz en otra Champions m\u00e1gica; tumba al Real Madrid con un gol del portero en la \u00faltima jugada del partido - Cuballama Noticias\" \/>\n<meta property=\"og:description\" content=\"Benfica tumb\u00f3 al Real con un gol del portero Trubin en el 98\u2019, noche de Mourinho en Da Luz y abrazo de Courtois al finalizar el encuentro\" \/>\n<meta property=\"og:url\" content=\"https:\/\/www.cuballama.com\/noticias\/benfica-convierte-da-luz-en-otra-champions-magica-tumba-al-real-madrid-con-un-gol-del-portero-en-la-ultima-jugada-del-partido\/\" \/>\n<meta property=\"og:site_name\" content=\"Cuballama Noticias\" \/>\n<meta property=\"article:publisher\" content=\"https:\/\/www.facebook.com\/CubaLlama\" \/>\n<meta property=\"article:published_time\" content=\"2026-01-29T14:32:35+00:00\" \/>\n<meta property=\"article:modified_time\" content=\"2026-01-29T14:32:43+00:00\" \/>\n<meta property=\"og:image\" content=\"https:\/\/cdn1.mediawpaccore.net\/wp-content\/uploads\/2026\/01\/29080337\/ChatGPT-Image-Jan-29-2026-02_03_21-PM.png\" \/>\n\t<meta property=\"og:image:width\" content=\"1536\" \/>\n\t<meta property=\"og:image:height\" content=\"1024\" \/>\n\t<meta property=\"og:image:type\" content=\"image\/png\" \/>\n<meta name=\"author\" content=\"Roberto A.\" \/>\n<meta name=\"twitter:card\" content=\"summary_large_image\" \/>\n<meta name=\"twitter:creator\" content=\"@cuballama\" \/>\n<meta name=\"twitter:site\" content=\"@cuballama\" \/>\n<meta name=\"twitter:label1\" content=\"Escrito por\" \/>\n\t<meta name=\"twitter:data1\" content=\"Roberto A.\" \/>\n\t<meta name=\"twitter:label2\" content=\"Tiempo de lectura\" \/>\n\t<meta name=\"twitter:data2\" content=\"4 minutos\" \/>\n<script type=\"application\/ld+json\" class=\"yoast-schema-graph\">{\"@context\":\"https:\\\/\\\/schema.org\",\"@graph\":[{\"@type\":\"Article\",\"@id\":\"https:\\\/\\\/www.cuballama.com\\\/noticias\\\/benfica-convierte-da-luz-en-otra-champions-magica-tumba-al-real-madrid-con-un-gol-del-portero-en-la-ultima-jugada-del-partido\\\/#article\",\"isPartOf\":{\"@id\":\"https:\\\/\\\/www.cuballama.com\\\/noticias\\\/benfica-convierte-da-luz-en-otra-champions-magica-tumba-al-real-madrid-con-un-gol-del-portero-en-la-ultima-jugada-del-partido\\\/\"},\"author\":{\"name\":\"Roberto A.\",\"@id\":\"https:\\\/\\\/www.cuballama.com\\\/noticias\\\/#\\\/schema\\\/person\\\/a58502ed4146c8e9f83872e897c76cd2\"},\"headline\":\"Benfica convierte Da Luz en otra Champions m\u00e1gica; tumba al Real Madrid con un gol del portero en la \u00faltima jugada del partido\",\"datePublished\":\"2026-01-29T14:32:35+00:00\",\"dateModified\":\"2026-01-29T14:32:43+00:00\",\"mainEntityOfPage\":{\"@id\":\"https:\\\/\\\/www.cuballama.com\\\/noticias\\\/benfica-convierte-da-luz-en-otra-champions-magica-tumba-al-real-madrid-con-un-gol-del-portero-en-la-ultima-jugada-del-partido\\\/\"},\"wordCount\":828,\"commentCount\":0,\"publisher\":{\"@id\":\"https:\\\/\\\/www.cuballama.com\\\/noticias\\\/#organization\"},\"image\":{\"@id\":\"https:\\\/\\\/www.cuballama.com\\\/noticias\\\/benfica-convierte-da-luz-en-otra-champions-magica-tumba-al-real-madrid-con-un-gol-del-portero-en-la-ultima-jugada-del-partido\\\/#primaryimage\"},\"thumbnailUrl\":\"https:\\\/\\\/cdn1.mediawpaccore.net\\\/wp-content\\\/uploads\\\/2026\\\/01\\\/29080337\\\/ChatGPT-Image-Jan-29-2026-02_03_21-PM.png\",\"keywords\":[\"Anatoliy Trubin\",\"Benfica\",\"Champions League\",\"Jos\u00e9 Mourinho\",\"Real Madrid\",\"Thibaut Courtois\"],\"articleSection\":[\"Deportes\",\"Noticias\",\"Noticias Internacionales\"],\"inLanguage\":\"es\",\"potentialAction\":[{\"@type\":\"CommentAction\",\"name\":\"Comment\",\"target\":[\"https:\\\/\\\/www.cuballama.com\\\/noticias\\\/benfica-convierte-da-luz-en-otra-champions-magica-tumba-al-real-madrid-con-un-gol-del-portero-en-la-ultima-jugada-del-partido\\\/#respond\"]}]},{\"@type\":\"WebPage\",\"@id\":\"https:\\\/\\\/www.cuballama.com\\\/noticias\\\/benfica-convierte-da-luz-en-otra-champions-magica-tumba-al-real-madrid-con-un-gol-del-portero-en-la-ultima-jugada-del-partido\\\/\",\"url\":\"https:\\\/\\\/www.cuballama.com\\\/noticias\\\/benfica-convierte-da-luz-en-otra-champions-magica-tumba-al-real-madrid-con-un-gol-del-portero-en-la-ultima-jugada-del-partido\\\/\",\"name\":\"Benfica convierte Da Luz en otra Champions m\u00e1gica; tumba al Real Madrid con un gol del portero en la \u00faltima jugada del partido - Cuballama Noticias\",\"isPartOf\":{\"@id\":\"https:\\\/\\\/www.cuballama.com\\\/noticias\\\/#website\"},\"primaryImageOfPage\":{\"@id\":\"https:\\\/\\\/www.cuballama.com\\\/noticias\\\/benfica-convierte-da-luz-en-otra-champions-magica-tumba-al-real-madrid-con-un-gol-del-portero-en-la-ultima-jugada-del-partido\\\/#primaryimage\"},\"image\":{\"@id\":\"https:\\\/\\\/www.cuballama.com\\\/noticias\\\/benfica-convierte-da-luz-en-otra-champions-magica-tumba-al-real-madrid-con-un-gol-del-portero-en-la-ultima-jugada-del-partido\\\/#primaryimage\"},\"thumbnailUrl\":\"https:\\\/\\\/cdn1.mediawpaccore.net\\\/wp-content\\\/uploads\\\/2026\\\/01\\\/29080337\\\/ChatGPT-Image-Jan-29-2026-02_03_21-PM.png\",\"datePublished\":\"2026-01-29T14:32:35+00:00\",\"dateModified\":\"2026-01-29T14:32:43+00:00\",\"description\":\"Benfica tumb\u00f3 al Real con un gol del portero Trubin en el 98\u2019, noche de Mourinho en Da Luz y abrazo de Courtois al finalizar el encuentro\",\"breadcrumb\":{\"@id\":\"https:\\\/\\\/www.cuballama.com\\\/noticias\\\/benfica-convierte-da-luz-en-otra-champions-magica-tumba-al-real-madrid-con-un-gol-del-portero-en-la-ultima-jugada-del-partido\\\/#breadcrumb\"},\"inLanguage\":\"es\",\"potentialAction\":[{\"@type\":\"ReadAction\",\"target\":[\"https:\\\/\\\/www.cuballama.com\\\/noticias\\\/benfica-convierte-da-luz-en-otra-champions-magica-tumba-al-real-madrid-con-un-gol-del-portero-en-la-ultima-jugada-del-partido\\\/\"]}]},{\"@type\":\"ImageObject\",\"inLanguage\":\"es\",\"@id\":\"https:\\\/\\\/www.cuballama.com\\\/noticias\\\/benfica-convierte-da-luz-en-otra-champions-magica-tumba-al-real-madrid-con-un-gol-del-portero-en-la-ultima-jugada-del-partido\\\/#primaryimage\",\"url\":\"https:\\\/\\\/cdn1.mediawpaccore.net\\\/wp-content\\\/uploads\\\/2026\\\/01\\\/29080337\\\/ChatGPT-Image-Jan-29-2026-02_03_21-PM.png\",\"contentUrl\":\"https:\\\/\\\/cdn1.mediawpaccore.net\\\/wp-content\\\/uploads\\\/2026\\\/01\\\/29080337\\\/ChatGPT-Image-Jan-29-2026-02_03_21-PM.png\",\"width\":1536,\"height\":1024,\"caption\":\"Ilustraci\u00f3n generada por IA basada en una imagen original. Referencia fotogr\u00e1fica: \u00a9 derechos reservados.\"},{\"@type\":\"BreadcrumbList\",\"@id\":\"https:\\\/\\\/www.cuballama.com\\\/noticias\\\/benfica-convierte-da-luz-en-otra-champions-magica-tumba-al-real-madrid-con-un-gol-del-portero-en-la-ultima-jugada-del-partido\\\/#breadcrumb\",\"itemListElement\":[{\"@type\":\"ListItem\",\"position\":1,\"name\":\"Home\",\"item\":\"https:\\\/\\\/www.cuballama.com\\\/noticias\\\/\"},{\"@type\":\"ListItem\",\"position\":2,\"name\":\"Benfica convierte Da Luz en otra Champions m\u00e1gica; tumba al Real Madrid con un gol del portero en la \u00faltima jugada del partido\"}]},{\"@type\":\"WebSite\",\"@id\":\"https:\\\/\\\/www.cuballama.com\\\/noticias\\\/#website\",\"url\":\"https:\\\/\\\/www.cuballama.com\\\/noticias\\\/\",\"name\":\"Cuballama Noticias\",\"description\":\"Medio digital sobre Cuba y el mundo\",\"publisher\":{\"@id\":\"https:\\\/\\\/www.cuballama.com\\\/noticias\\\/#organization\"},\"potentialAction\":[{\"@type\":\"SearchAction\",\"target\":{\"@type\":\"EntryPoint\",\"urlTemplate\":\"https:\\\/\\\/www.cuballama.com\\\/noticias\\\/?s={search_term_string}\"},\"query-input\":{\"@type\":\"PropertyValueSpecification\",\"valueRequired\":true,\"valueName\":\"search_term_string\"}}],\"inLanguage\":\"es\"},{\"@type\":\"Organization\",\"@id\":\"https:\\\/\\\/www.cuballama.com\\\/noticias\\\/#organization\",\"name\":\"Cuballama\",\"url\":\"https:\\\/\\\/www.cuballama.com\\\/noticias\\\/\",\"logo\":{\"@type\":\"ImageObject\",\"inLanguage\":\"es\",\"@id\":\"https:\\\/\\\/www.cuballama.com\\\/noticias\\\/#\\\/schema\\\/logo\\\/image\\\/\",\"url\":\"https:\\\/\\\/cdn1.mediawpaccore.net\\\/wp-content\\\/uploads\\\/2021\\\/12\\\/28171206\\\/cbll-logo-color-sm.png\",\"contentUrl\":\"https:\\\/\\\/cdn1.mediawpaccore.net\\\/wp-content\\\/uploads\\\/2021\\\/12\\\/28171206\\\/cbll-logo-color-sm.png\",\"width\":600,\"height\":133,\"caption\":\"Cuballama\"},\"image\":{\"@id\":\"https:\\\/\\\/www.cuballama.com\\\/noticias\\\/#\\\/schema\\\/logo\\\/image\\\/\"},\"sameAs\":[\"https:\\\/\\\/www.facebook.com\\\/CubaLlama\",\"https:\\\/\\\/x.com\\\/cuballama\",\"https:\\\/\\\/www.instagram.com\\\/stories\\\/cuballama_oficial\\\/\",\"https:\\\/\\\/www.youtube.com\\\/channel\\\/UCKkFE-d_axENGZcrc4as0IA\"]},{\"@type\":\"Person\",\"@id\":\"https:\\\/\\\/www.cuballama.com\\\/noticias\\\/#\\\/schema\\\/person\\\/a58502ed4146c8e9f83872e897c76cd2\",\"name\":\"Roberto A.\",\"description\":\"Roberto A. Periodista por decisi\u00f3n propia. Interesado en cualquier tema que me apasione y cada vez m\u00e1s comprometido con la verdad y la objetividad period\u00edstica. Graduado en La Habana hace ya muchos a\u00f1os, luego de una accidentada y polvorienta b\u00fasqueda de informaci\u00f3n sobre un tema in\u00e9dito. La Tesis, por cierto, desapareci\u00f3 de la biblioteca y no se conservan copias de la misma.\",\"url\":\"https:\\\/\\\/www.cuballama.com\\\/noticias\\\/author\\\/roberto\\\/\"}]}<\/script>\n<!-- \/ Yoast SEO plugin. -->","yoast_head_json":{"title":"Benfica convierte Da Luz en otra Champions m\u00e1gica; tumba al Real Madrid con un gol del portero en la \u00faltima jugada del partido - Cuballama Noticias","description":"Benfica tumb\u00f3 al Real con un gol del portero Trubin en el 98\u2019, noche de Mourinho en Da Luz y abrazo de Courtois al finalizar el encuentro","robots":{"index":"index","follow":"follow","max-snippet":"max-snippet:-1","max-image-preview":"max-image-preview:large","max-video-preview":"max-video-preview:-1"},"canonical":"https:\/\/www.cuballama.com\/noticias\/benfica-convierte-da-luz-en-otra-champions-magica-tumba-al-real-madrid-con-un-gol-del-portero-en-la-ultima-jugada-del-partido\/","og_locale":"es_ES","og_type":"article","og_title":"Benfica convierte Da Luz en otra Champions m\u00e1gica; tumba al Real Madrid con un gol del portero en la \u00faltima jugada del partido - Cuballama Noticias","og_description":"Benfica tumb\u00f3 al Real con un gol del portero Trubin en el 98\u2019, noche de Mourinho en Da Luz y abrazo de Courtois al finalizar el encuentro","og_url":"https:\/\/www.cuballama.com\/noticias\/benfica-convierte-da-luz-en-otra-champions-magica-tumba-al-real-madrid-con-un-gol-del-portero-en-la-ultima-jugada-del-partido\/","og_site_name":"Cuballama Noticias","article_publisher":"https:\/\/www.facebook.com\/CubaLlama","article_published_time":"2026-01-29T14:32:35+00:00","article_modified_time":"2026-01-29T14:32:43+00:00","og_image":[{"width":1536,"height":1024,"url":"https:\/\/cdn1.mediawpaccore.net\/wp-content\/uploads\/2026\/01\/29080337\/ChatGPT-Image-Jan-29-2026-02_03_21-PM.png","type":"image\/png"}],"author":"Roberto A.","twitter_card":"summary_large_image","twitter_creator":"@cuballama","twitter_site":"@cuballama","twitter_misc":{"Escrito por":"Roberto A.","Tiempo de lectura":"4 minutos"},"schema":{"@context":"https:\/\/schema.org","@graph":[{"@type":"Article","@id":"https:\/\/www.cuballama.com\/noticias\/benfica-convierte-da-luz-en-otra-champions-magica-tumba-al-real-madrid-con-un-gol-del-portero-en-la-ultima-jugada-del-partido\/#article","isPartOf":{"@id":"https:\/\/www.cuballama.com\/noticias\/benfica-convierte-da-luz-en-otra-champions-magica-tumba-al-real-madrid-con-un-gol-del-portero-en-la-ultima-jugada-del-partido\/"},"author":{"name":"Roberto A.","@id":"https:\/\/www.cuballama.com\/noticias\/#\/schema\/person\/a58502ed4146c8e9f83872e897c76cd2"},"headline":"Benfica convierte Da Luz en otra Champions m\u00e1gica; tumba al Real Madrid con un gol del portero en la \u00faltima jugada del partido","datePublished":"2026-01-29T14:32:35+00:00","dateModified":"2026-01-29T14:32:43+00:00","mainEntityOfPage":{"@id":"https:\/\/www.cuballama.com\/noticias\/benfica-convierte-da-luz-en-otra-champions-magica-tumba-al-real-madrid-con-un-gol-del-portero-en-la-ultima-jugada-del-partido\/"},"wordCount":828,"commentCount":0,"publisher":{"@id":"https:\/\/www.cuballama.com\/noticias\/#organization"},"image":{"@id":"https:\/\/www.cuballama.com\/noticias\/benfica-convierte-da-luz-en-otra-champions-magica-tumba-al-real-madrid-con-un-gol-del-portero-en-la-ultima-jugada-del-partido\/#primaryimage"},"thumbnailUrl":"https:\/\/cdn1.mediawpaccore.net\/wp-content\/uploads\/2026\/01\/29080337\/ChatGPT-Image-Jan-29-2026-02_03_21-PM.png","keywords":["Anatoliy Trubin","Benfica","Champions League","Jos\u00e9 Mourinho","Real Madrid","Thibaut Courtois"],"articleSection":["Deportes","Noticias","Noticias Internacionales"],"inLanguage":"es","potentialAction":[{"@type":"CommentAction","name":"Comment","target":["https:\/\/www.cuballama.com\/noticias\/benfica-convierte-da-luz-en-otra-champions-magica-tumba-al-real-madrid-con-un-gol-del-portero-en-la-ultima-jugada-del-partido\/#respond"]}]},{"@type":"WebPage","@id":"https:\/\/www.cuballama.com\/noticias\/benfica-convierte-da-luz-en-otra-champions-magica-tumba-al-real-madrid-con-un-gol-del-portero-en-la-ultima-jugada-del-partido\/","url":"https:\/\/www.cuballama.com\/noticias\/benfica-convierte-da-luz-en-otra-champions-magica-tumba-al-real-madrid-con-un-gol-del-portero-en-la-ultima-jugada-del-partido\/","name":"Benfica convierte Da Luz en otra Champions m\u00e1gica; tumba al Real Madrid con un gol del portero en la \u00faltima jugada del partido - Cuballama Noticias","isPartOf":{"@id":"https:\/\/www.cuballama.com\/noticias\/#website"},"primaryImageOfPage":{"@id":"https:\/\/www.cuballama.com\/noticias\/benfica-convierte-da-luz-en-otra-champions-magica-tumba-al-real-madrid-con-un-gol-del-portero-en-la-ultima-jugada-del-partido\/#primaryimage"},"image":{"@id":"https:\/\/www.cuballama.com\/noticias\/benfica-convierte-da-luz-en-otra-champions-magica-tumba-al-real-madrid-con-un-gol-del-portero-en-la-ultima-jugada-del-partido\/#primaryimage"},"thumbnailUrl":"https:\/\/cdn1.mediawpaccore.net\/wp-content\/uploads\/2026\/01\/29080337\/ChatGPT-Image-Jan-29-2026-02_03_21-PM.png","datePublished":"2026-01-29T14:32:35+00:00","dateModified":"2026-01-29T14:32:43+00:00","description":"Benfica tumb\u00f3 al Real con un gol del portero Trubin en el 98\u2019, noche de Mourinho en Da Luz y abrazo de Courtois al finalizar el encuentro","breadcrumb":{"@id":"https:\/\/www.cuballama.com\/noticias\/benfica-convierte-da-luz-en-otra-champions-magica-tumba-al-real-madrid-con-un-gol-del-portero-en-la-ultima-jugada-del-partido\/#breadcrumb"},"inLanguage":"es","potentialAction":[{"@type":"ReadAction","target":["https:\/\/www.cuballama.com\/noticias\/benfica-convierte-da-luz-en-otra-champions-magica-tumba-al-real-madrid-con-un-gol-del-portero-en-la-ultima-jugada-del-partido\/"]}]},{"@type":"ImageObject","inLanguage":"es","@id":"https:\/\/www.cuballama.com\/noticias\/benfica-convierte-da-luz-en-otra-champions-magica-tumba-al-real-madrid-con-un-gol-del-portero-en-la-ultima-jugada-del-partido\/#primaryimage","url":"https:\/\/cdn1.mediawpaccore.net\/wp-content\/uploads\/2026\/01\/29080337\/ChatGPT-Image-Jan-29-2026-02_03_21-PM.png","contentUrl":"https:\/\/cdn1.mediawpaccore.net\/wp-content\/uploads\/2026\/01\/29080337\/ChatGPT-Image-Jan-29-2026-02_03_21-PM.png","width":1536,"height":1024,"caption":"Ilustraci\u00f3n generada por IA basada en una imagen original. Referencia fotogr\u00e1fica: \u00a9 derechos reservados."},{"@type":"BreadcrumbList","@id":"https:\/\/www.cuballama.com\/noticias\/benfica-convierte-da-luz-en-otra-champions-magica-tumba-al-real-madrid-con-un-gol-del-portero-en-la-ultima-jugada-del-partido\/#breadcrumb","itemListElement":[{"@type":"ListItem","position":1,"name":"Home","item":"https:\/\/www.cuballama.com\/noticias\/"},{"@type":"ListItem","position":2,"name":"Benfica convierte Da Luz en otra Champions m\u00e1gica; tumba al Real Madrid con un gol del portero en la \u00faltima jugada del partido"}]},{"@type":"WebSite","@id":"https:\/\/www.cuballama.com\/noticias\/#website","url":"https:\/\/www.cuballama.com\/noticias\/","name":"Cuballama Noticias","description":"Medio digital sobre Cuba y el mundo","publisher":{"@id":"https:\/\/www.cuballama.com\/noticias\/#organization"},"potentialAction":[{"@type":"SearchAction","target":{"@type":"EntryPoint","urlTemplate":"https:\/\/www.cuballama.com\/noticias\/?s={search_term_string}"},"query-input":{"@type":"PropertyValueSpecification","valueRequired":true,"valueName":"search_term_string"}}],"inLanguage":"es"},{"@type":"Organization","@id":"https:\/\/www.cuballama.com\/noticias\/#organization","name":"Cuballama","url":"https:\/\/www.cuballama.com\/noticias\/","logo":{"@type":"ImageObject","inLanguage":"es","@id":"https:\/\/www.cuballama.com\/noticias\/#\/schema\/logo\/image\/","url":"https:\/\/cdn1.mediawpaccore.net\/wp-content\/uploads\/2021\/12\/28171206\/cbll-logo-color-sm.png","contentUrl":"https:\/\/cdn1.mediawpaccore.net\/wp-content\/uploads\/2021\/12\/28171206\/cbll-logo-color-sm.png","width":600,"height":133,"caption":"Cuballama"},"image":{"@id":"https:\/\/www.cuballama.com\/noticias\/#\/schema\/logo\/image\/"},"sameAs":["https:\/\/www.facebook.com\/CubaLlama","https:\/\/x.com\/cuballama","https:\/\/www.instagram.com\/stories\/cuballama_oficial\/","https:\/\/www.youtube.com\/channel\/UCKkFE-d_axENGZcrc4as0IA"]},{"@type":"Person","@id":"https:\/\/www.cuballama.com\/noticias\/#\/schema\/person\/a58502ed4146c8e9f83872e897c76cd2","name":"Roberto A.","description":"Roberto A. Periodista por decisi\u00f3n propia. Interesado en cualquier tema que me apasione y cada vez m\u00e1s comprometido con la verdad y la objetividad period\u00edstica. Graduado en La Habana hace ya muchos a\u00f1os, luego de una accidentada y polvorienta b\u00fasqueda de informaci\u00f3n sobre un tema in\u00e9dito. La Tesis, por cierto, desapareci\u00f3 de la biblioteca y no se conservan copias de la misma.","url":"https:\/\/www.cuballama.com\/noticias\/author\/roberto\/"}]}},"_links":{"self":[{"href":"https:\/\/www.cuballama.com\/noticias\/wp-json\/wp\/v2\/posts\/233698","targetHints":{"allow":["GET"]}}],"collection":[{"href":"https:\/\/www.cuballama.com\/noticias\/wp-json\/wp\/v2\/posts"}],"about":[{"href":"https:\/\/www.cuballama.com\/noticias\/wp-json\/wp\/v2\/types\/post"}],"author":[{"embeddable":true,"href":"https:\/\/www.cuballama.com\/noticias\/wp-json\/wp\/v2\/users\/13"}],"replies":[{"embeddable":true,"href":"https:\/\/www.cuballama.com\/noticias\/wp-json\/wp\/v2\/comments?post=233698"}],"version-history":[{"count":6,"href":"https:\/\/www.cuballama.com\/noticias\/wp-json\/wp\/v2\/posts\/233698\/revisions"}],"predecessor-version":[{"id":233713,"href":"https:\/\/www.cuballama.com\/noticias\/wp-json\/wp\/v2\/posts\/233698\/revisions\/233713"}],"wp:featuredmedia":[{"embeddable":true,"href":"https:\/\/www.cuballama.com\/noticias\/wp-json\/wp\/v2\/media\/233712"}],"wp:attachment":[{"href":"https:\/\/www.cuballama.com\/noticias\/wp-json\/wp\/v2\/media?parent=233698"}],"wp:term":[{"taxonomy":"category","embeddable":true,"href":"https:\/\/www.cuballama.com\/noticias\/wp-json\/wp\/v2\/categories?post=233698"},{"taxonomy":"post_tag","embeddable":true,"href":"https:\/\/www.cuballama.com\/noticias\/wp-json\/wp\/v2\/tags?post=233698"}],"curies":[{"name":"wp","href":"https:\/\/api.w.org\/{rel}","templated":true}]}}