{"id":233681,"date":"2026-01-29T14:33:31","date_gmt":"2026-01-29T19:33:31","guid":{"rendered":"https:\/\/www.cuballama.com\/noticias\/?p=233681"},"modified":"2026-01-29T14:33:34","modified_gmt":"2026-01-29T19:33:34","slug":"rubio-ante-el-senado-ee-uu-quiere-ver-un-cambio-de-regimen-en-cuba-y-propone-modelo-de-transicion","status":"publish","type":"post","link":"https:\/\/www.cuballama.com\/noticias\/rubio-ante-el-senado-ee-uu-quiere-ver-un-cambio-de-regimen-en-cuba-y-propone-modelo-de-transicion\/","title":{"rendered":"Rubio ante el Senado: EE. UU. quiere \u201cver un cambio de r\u00e9gimen\u201d en Cuba y propone modelo de transici\u00f3n"},"content":{"rendered":"\n<p>Washington, 28 de enero de 2026. El secretario de Estado de Estados Unidos, Marco Rubio, compareci\u00f3 este mi\u00e9rcoles ante el Comit\u00e9 de Relaciones Exteriores del Senado para explicar la estrategia de la administraci\u00f3n estadounidense tras los cambios pol\u00edticos recientes en Venezuela y responder preguntas sobre Cuba. <\/p>\n\n\n\n<p>Durante su intervenci\u00f3n, Rubio evit\u00f3 rechazar la posibilidad de un cambio de r\u00e9gimen en Cuba, afirmando que la administraci\u00f3n \u201cquiere ver que el r\u00e9gimen all\u00ed cambie\u201d, aunque se\u00f1al\u00f3 que eso no significa que Washington vaya a provocarlo directamente. <\/p>\n\n\n\n<blockquote class=\"wp-block-quote is-layout-flow wp-block-quote-is-layout-flow\">\n<p>\u201cOh no. I think we would like to see the regime there change. That doesn&#8217;t mean that we&#8217;re going to make a change, but we would love to see a change.\u201d<\/p>\n<\/blockquote>\n\n\n\n<p>El secretario subray\u00f3 que resultar\u00eda beneficioso para Estados Unidos que Cuba dejara de estar gobernada por un r\u00e9gimen autoritario.<\/p>\n\n\n\n<blockquote class=\"wp-block-quote is-layout-flow wp-block-quote-is-layout-flow\">\n<p>\u201cThere&#8217;s no doubt \u2026 it would be of great benefit to the United States if Cuba was no longer governed by an autocratic regime.\u201d<\/p>\n<\/blockquote>\n\n\n\n<figure class=\"wp-block-embed is-type-rich is-provider-twitter wp-block-embed-twitter\"><div class=\"wp-block-embed__wrapper\">\n<blockquote class=\"twitter-tweet\" data-width=\"550\" data-dnt=\"true\"><p lang=\"en\" dir=\"ltr\">SCHATZ: Will you make a public commitment today to rule out US regime change in Cuba?<br><br>RUBIO: Oh, no. We would love to see the regime there change <a href=\"https:\/\/t.co\/fXQvq5ofnP\">pic.twitter.com\/fXQvq5ofnP<\/a><\/p>&mdash; Aaron Rupar (@atrupar) <a href=\"https:\/\/twitter.com\/atrupar\/status\/2016561749265092875?ref_src=twsrc%5Etfw\">January 28, 2026<\/a><\/blockquote><script async src=\"https:\/\/platform.twitter.com\/widgets.js\" charset=\"utf-8\"><\/script>\n<\/div><\/figure>\n\n\n\n<p>La audiencia se realiz\u00f3 en un contexto de fuerte atenci\u00f3n internacional tras la operaci\u00f3n estadounidense en Venezuela del pasado 3 de enero, en la que el gobierno de EE. UU. captur\u00f3 al expresidente venezolano Nicol\u00e1s Maduro y su esposa Cilia Flores, quienes ahora enfrentan cargos en Nueva York.<\/p>\n\n\n\n<p>Rubio tambi\u00e9n abord\u00f3 la situaci\u00f3n venezolana, proponiendo la transici\u00f3n democr\u00e1tica espa\u00f1ola como un ejemplo hist\u00f3rico aplicable al pa\u00eds sudamericano. Se\u00f1al\u00f3 que existen precedentes de transiciones desde reg\u00edmenes autocr\u00e1ticos hacia sistemas democr\u00e1ticos \u2014como en Espa\u00f1a o Paraguay\u2014 y que esos procesos \u201cllevaron tiempo\u201d. <\/p>\n\n\n\n<blockquote class=\"wp-block-quote is-layout-flow wp-block-quote-is-layout-flow\">\n<p>\u201cHay precedentes. Puedo mencionar varios ejemplos, como Espa\u00f1a o Paraguay \u2026 y llev\u00f3 tiempo.\u201d<\/p>\n<\/blockquote>\n\n\n\n<p>Rubio a\u00f1adi\u00f3 que no puede dar un plazo exacto para una transici\u00f3n venezolana, pero que esta \u201cno puede durar para siempre\u201d.<\/p>\n\n\n\n<blockquote class=\"wp-block-quote is-layout-flow wp-block-quote-is-layout-flow\">\n<p>\u201cLa transici\u00f3n \u2018no puede durar para siempre\u2019.\u201d<\/p>\n<\/blockquote>\n\n\n\n<p>En el mismo foro, el jefe de la diplomacia estadounidense neg\u00f3 que Estados Unidos est\u00e9 planificando una intervenci\u00f3n militar en Venezuela en este momento, aunque no descart\u00f3 el uso de la fuerza en escenarios concretos de amenaza. <\/p>\n\n\n\n<blockquote class=\"wp-block-quote is-layout-flow wp-block-quote-is-layout-flow\">\n<p>\u201cLes puedo asegurar con total certeza que no estamos preparando, ni tenemos la intenci\u00f3n \u2026 ninguna acci\u00f3n militar en Venezuela.\u201d<\/p>\n<\/blockquote>\n\n\n\n<p>Rubio asegur\u00f3 que no se espera una presencia de tropas estadounidenses prolongada en el pa\u00eds caribe\u00f1o y que la actual prioridad es favorecer un proceso pol\u00edtico distinto al estancado de las \u00faltimas d\u00e9cadas.<\/p>\n\n\n\n<figure class=\"wp-block-embed is-type-rich is-provider-twitter wp-block-embed-twitter\"><div class=\"wp-block-embed__wrapper\">\n<blockquote class=\"twitter-tweet\" data-width=\"550\" data-dnt=\"true\"><p lang=\"es\" dir=\"ltr\">\u201cLa \u00fanica presencia militar que ver\u00e1n en Venezuela son nuestros infantes de marina para proteger la embajada. Ese es nuestro objetivo, esa es nuestra expectativa, y hacia eso apuntan nuestros esfuerzos. Dicho esto, si aparece una f\u00e1brica de drones iran\u00edes que amenaza a nuestras\u2026 <a href=\"https:\/\/t.co\/I1Kdm0ihYA\">https:\/\/t.co\/I1Kdm0ihYA<\/a><\/p>&mdash; USA en Espa\u00f1ol (@USAenEspanol) <a href=\"https:\/\/twitter.com\/USAenEspanol\/status\/2016564035609661719?ref_src=twsrc%5Etfw\">January 28, 2026<\/a><\/blockquote><script async src=\"https:\/\/platform.twitter.com\/widgets.js\" charset=\"utf-8\"><\/script>\n<\/div><\/figure>\n\n\n\n<p>La comparecencia de Rubio ante el Senado confirma el enfoque de la pol\u00edtica exterior estadounidense en el hemisferio: una combinaci\u00f3n de presi\u00f3n para cambios pol\u00edticos en Cuba y un discurso de transici\u00f3n apoyado en ejemplos hist\u00f3ricos \u2014como el de Espa\u00f1a\u2014 para Venezuela, con rechazo expl\u00edcito a una escalada militar generalizada en el corto plazo.<\/p>\n","protected":false},"excerpt":{"rendered":"<p>Marco Rubio compareci\u00f3 ante el Senado y fij\u00f3 la l\u00ednea de EE. UU. hacia Cuba y Venezuela: habl\u00f3 de cambio de r\u00e9gimen, puso a Espa\u00f1a como ejemplo de transici\u00f3n y descart\u00f3 una intervenci\u00f3n militar directa, limitando cualquier presencia a la protecci\u00f3n de la embajada.<\/p>\n","protected":false},"author":13,"featured_media":233684,"comment_status":"open","ping_status":"closed","sticky":false,"template":"","format":"standard","meta":{"_acf_changed":false,"footnotes":""},"categories":[18,955],"tags":[11,7174,602,1212,6157,2343,11017,30283,7651,1030],"class_list":{"0":"post-233681","1":"post","2":"type-post","3":"status-publish","4":"format-standard","5":"has-post-thumbnail","7":"category-noticias","8":"category-noticias-de-cuba","9":"tag-cuba","10":"tag-diplomacia","11":"tag-estados-unidos","12":"tag-marco-rubio","13":"tag-politica-exterior","14":"tag-senado","16":"tag-transicion-espanola","17":"tag-trump","18":"tag-venezuela"},"acf":[],"yoast_head":"<!-- This site is optimized with the Yoast SEO plugin v27.5 - https:\/\/yoast.com\/product\/yoast-seo-wordpress\/ -->\n<title>Rubio ante el Senado: EE. UU. quiere \u201cver un cambio de r\u00e9gimen\u201d en Cuba y propone modelo de transici\u00f3n - Cuballama Noticias<\/title>\n<meta name=\"description\" content=\"Rubio ante el Senado: Cuba, transici\u00f3n espa\u00f1ola para Venezuela y rechazo a tropas, en una comparecencia clave en Washington.\" \/>\n<meta name=\"robots\" content=\"index, follow, max-snippet:-1, max-image-preview:large, max-video-preview:-1\" \/>\n<link rel=\"canonical\" href=\"https:\/\/www.cuballama.com\/noticias\/rubio-ante-el-senado-ee-uu-quiere-ver-un-cambio-de-regimen-en-cuba-y-propone-modelo-de-transicion\/\" \/>\n<meta property=\"og:locale\" content=\"es_ES\" \/>\n<meta property=\"og:type\" content=\"article\" \/>\n<meta property=\"og:title\" content=\"Rubio ante el Senado: EE. UU. quiere \u201cver un cambio de r\u00e9gimen\u201d en Cuba y propone modelo de transici\u00f3n - Cuballama Noticias\" \/>\n<meta property=\"og:description\" content=\"Rubio ante el Senado: Cuba, transici\u00f3n espa\u00f1ola para Venezuela y rechazo a tropas, en una comparecencia clave en Washington.\" \/>\n<meta property=\"og:url\" content=\"https:\/\/www.cuballama.com\/noticias\/rubio-ante-el-senado-ee-uu-quiere-ver-un-cambio-de-regimen-en-cuba-y-propone-modelo-de-transicion\/\" \/>\n<meta property=\"og:site_name\" content=\"Cuballama Noticias\" \/>\n<meta property=\"article:publisher\" content=\"https:\/\/www.facebook.com\/CubaLlama\" \/>\n<meta property=\"article:published_time\" content=\"2026-01-29T19:33:31+00:00\" \/>\n<meta property=\"article:modified_time\" content=\"2026-01-29T19:33:34+00:00\" \/>\n<meta property=\"og:image\" content=\"https:\/\/cdn1.mediawpaccore.net\/wp-content\/uploads\/2026\/01\/29071702\/image-143.png\" \/>\n\t<meta property=\"og:image:width\" content=\"1538\" \/>\n\t<meta property=\"og:image:height\" content=\"806\" \/>\n\t<meta property=\"og:image:type\" content=\"image\/png\" \/>\n<meta name=\"author\" content=\"Roberto A.\" \/>\n<meta name=\"twitter:card\" content=\"summary_large_image\" \/>\n<meta name=\"twitter:creator\" content=\"@cuballama\" \/>\n<meta name=\"twitter:site\" content=\"@cuballama\" \/>\n<meta name=\"twitter:label1\" content=\"Escrito por\" \/>\n\t<meta name=\"twitter:data1\" content=\"Roberto A.\" \/>\n\t<meta name=\"twitter:label2\" content=\"Tiempo de lectura\" \/>\n\t<meta name=\"twitter:data2\" content=\"2 minutos\" \/>\n<script type=\"application\/ld+json\" class=\"yoast-schema-graph\">{\"@context\":\"https:\\\/\\\/schema.org\",\"@graph\":[{\"@type\":\"Article\",\"@id\":\"https:\\\/\\\/www.cuballama.com\\\/noticias\\\/rubio-ante-el-senado-ee-uu-quiere-ver-un-cambio-de-regimen-en-cuba-y-propone-modelo-de-transicion\\\/#article\",\"isPartOf\":{\"@id\":\"https:\\\/\\\/www.cuballama.com\\\/noticias\\\/rubio-ante-el-senado-ee-uu-quiere-ver-un-cambio-de-regimen-en-cuba-y-propone-modelo-de-transicion\\\/\"},\"author\":{\"name\":\"Roberto A.\",\"@id\":\"https:\\\/\\\/www.cuballama.com\\\/noticias\\\/#\\\/schema\\\/person\\\/a58502ed4146c8e9f83872e897c76cd2\"},\"headline\":\"Rubio ante el Senado: EE. UU. quiere \u201cver un cambio de r\u00e9gimen\u201d en Cuba y propone modelo de transici\u00f3n\",\"datePublished\":\"2026-01-29T19:33:31+00:00\",\"dateModified\":\"2026-01-29T19:33:34+00:00\",\"mainEntityOfPage\":{\"@id\":\"https:\\\/\\\/www.cuballama.com\\\/noticias\\\/rubio-ante-el-senado-ee-uu-quiere-ver-un-cambio-de-regimen-en-cuba-y-propone-modelo-de-transicion\\\/\"},\"wordCount\":503,\"commentCount\":0,\"publisher\":{\"@id\":\"https:\\\/\\\/www.cuballama.com\\\/noticias\\\/#organization\"},\"image\":{\"@id\":\"https:\\\/\\\/www.cuballama.com\\\/noticias\\\/rubio-ante-el-senado-ee-uu-quiere-ver-un-cambio-de-regimen-en-cuba-y-propone-modelo-de-transicion\\\/#primaryimage\"},\"thumbnailUrl\":\"https:\\\/\\\/cdn1.mediawpaccore.net\\\/wp-content\\\/uploads\\\/2026\\\/01\\\/29071702\\\/image-143.png\",\"keywords\":[\"Cuba\",\"Diplomacia\",\"Estados Unidos\",\"Marco Rubio\",\"pol\u00edtica exterior\",\"Senado\",\"superdestacado\",\"transici\u00f3n espa\u00f1ola\",\"Trump\",\"venezuela\"],\"articleSection\":[\"Noticias\",\"Noticias de Cuba\"],\"inLanguage\":\"es\",\"potentialAction\":[{\"@type\":\"CommentAction\",\"name\":\"Comment\",\"target\":[\"https:\\\/\\\/www.cuballama.com\\\/noticias\\\/rubio-ante-el-senado-ee-uu-quiere-ver-un-cambio-de-regimen-en-cuba-y-propone-modelo-de-transicion\\\/#respond\"]}]},{\"@type\":\"WebPage\",\"@id\":\"https:\\\/\\\/www.cuballama.com\\\/noticias\\\/rubio-ante-el-senado-ee-uu-quiere-ver-un-cambio-de-regimen-en-cuba-y-propone-modelo-de-transicion\\\/\",\"url\":\"https:\\\/\\\/www.cuballama.com\\\/noticias\\\/rubio-ante-el-senado-ee-uu-quiere-ver-un-cambio-de-regimen-en-cuba-y-propone-modelo-de-transicion\\\/\",\"name\":\"Rubio ante el Senado: EE. UU. quiere \u201cver un cambio de r\u00e9gimen\u201d en Cuba y propone modelo de transici\u00f3n - Cuballama Noticias\",\"isPartOf\":{\"@id\":\"https:\\\/\\\/www.cuballama.com\\\/noticias\\\/#website\"},\"primaryImageOfPage\":{\"@id\":\"https:\\\/\\\/www.cuballama.com\\\/noticias\\\/rubio-ante-el-senado-ee-uu-quiere-ver-un-cambio-de-regimen-en-cuba-y-propone-modelo-de-transicion\\\/#primaryimage\"},\"image\":{\"@id\":\"https:\\\/\\\/www.cuballama.com\\\/noticias\\\/rubio-ante-el-senado-ee-uu-quiere-ver-un-cambio-de-regimen-en-cuba-y-propone-modelo-de-transicion\\\/#primaryimage\"},\"thumbnailUrl\":\"https:\\\/\\\/cdn1.mediawpaccore.net\\\/wp-content\\\/uploads\\\/2026\\\/01\\\/29071702\\\/image-143.png\",\"datePublished\":\"2026-01-29T19:33:31+00:00\",\"dateModified\":\"2026-01-29T19:33:34+00:00\",\"description\":\"Rubio ante el Senado: Cuba, transici\u00f3n espa\u00f1ola para Venezuela y rechazo a tropas, en una comparecencia clave en Washington.\",\"breadcrumb\":{\"@id\":\"https:\\\/\\\/www.cuballama.com\\\/noticias\\\/rubio-ante-el-senado-ee-uu-quiere-ver-un-cambio-de-regimen-en-cuba-y-propone-modelo-de-transicion\\\/#breadcrumb\"},\"inLanguage\":\"es\",\"potentialAction\":[{\"@type\":\"ReadAction\",\"target\":[\"https:\\\/\\\/www.cuballama.com\\\/noticias\\\/rubio-ante-el-senado-ee-uu-quiere-ver-un-cambio-de-regimen-en-cuba-y-propone-modelo-de-transicion\\\/\"]}]},{\"@type\":\"ImageObject\",\"inLanguage\":\"es\",\"@id\":\"https:\\\/\\\/www.cuballama.com\\\/noticias\\\/rubio-ante-el-senado-ee-uu-quiere-ver-un-cambio-de-regimen-en-cuba-y-propone-modelo-de-transicion\\\/#primaryimage\",\"url\":\"https:\\\/\\\/cdn1.mediawpaccore.net\\\/wp-content\\\/uploads\\\/2026\\\/01\\\/29071702\\\/image-143.png\",\"contentUrl\":\"https:\\\/\\\/cdn1.mediawpaccore.net\\\/wp-content\\\/uploads\\\/2026\\\/01\\\/29071702\\\/image-143.png\",\"width\":1538,\"height\":806,\"caption\":\"Marco Rubio ha hablado mucho sobre las estrategias para con Cuba. Una intervenci\u00f3n militar o un ataque como el efectuado contra Ir\u00e1n, no parecen estar en esos planes. Foto \u00a9 Captura de pantalla YouTube \\\/ CBS News\"},{\"@type\":\"BreadcrumbList\",\"@id\":\"https:\\\/\\\/www.cuballama.com\\\/noticias\\\/rubio-ante-el-senado-ee-uu-quiere-ver-un-cambio-de-regimen-en-cuba-y-propone-modelo-de-transicion\\\/#breadcrumb\",\"itemListElement\":[{\"@type\":\"ListItem\",\"position\":1,\"name\":\"Home\",\"item\":\"https:\\\/\\\/www.cuballama.com\\\/noticias\\\/\"},{\"@type\":\"ListItem\",\"position\":2,\"name\":\"Rubio ante el Senado: EE. UU. quiere \u201cver un cambio de r\u00e9gimen\u201d en Cuba y propone modelo de transici\u00f3n\"}]},{\"@type\":\"WebSite\",\"@id\":\"https:\\\/\\\/www.cuballama.com\\\/noticias\\\/#website\",\"url\":\"https:\\\/\\\/www.cuballama.com\\\/noticias\\\/\",\"name\":\"Cuballama Noticias\",\"description\":\"Medio digital sobre Cuba y el mundo\",\"publisher\":{\"@id\":\"https:\\\/\\\/www.cuballama.com\\\/noticias\\\/#organization\"},\"potentialAction\":[{\"@type\":\"SearchAction\",\"target\":{\"@type\":\"EntryPoint\",\"urlTemplate\":\"https:\\\/\\\/www.cuballama.com\\\/noticias\\\/?s={search_term_string}\"},\"query-input\":{\"@type\":\"PropertyValueSpecification\",\"valueRequired\":true,\"valueName\":\"search_term_string\"}}],\"inLanguage\":\"es\"},{\"@type\":\"Organization\",\"@id\":\"https:\\\/\\\/www.cuballama.com\\\/noticias\\\/#organization\",\"name\":\"Cuballama\",\"url\":\"https:\\\/\\\/www.cuballama.com\\\/noticias\\\/\",\"logo\":{\"@type\":\"ImageObject\",\"inLanguage\":\"es\",\"@id\":\"https:\\\/\\\/www.cuballama.com\\\/noticias\\\/#\\\/schema\\\/logo\\\/image\\\/\",\"url\":\"https:\\\/\\\/cdn1.mediawpaccore.net\\\/wp-content\\\/uploads\\\/2021\\\/12\\\/28171206\\\/cbll-logo-color-sm.png\",\"contentUrl\":\"https:\\\/\\\/cdn1.mediawpaccore.net\\\/wp-content\\\/uploads\\\/2021\\\/12\\\/28171206\\\/cbll-logo-color-sm.png\",\"width\":600,\"height\":133,\"caption\":\"Cuballama\"},\"image\":{\"@id\":\"https:\\\/\\\/www.cuballama.com\\\/noticias\\\/#\\\/schema\\\/logo\\\/image\\\/\"},\"sameAs\":[\"https:\\\/\\\/www.facebook.com\\\/CubaLlama\",\"https:\\\/\\\/x.com\\\/cuballama\",\"https:\\\/\\\/www.instagram.com\\\/stories\\\/cuballama_oficial\\\/\",\"https:\\\/\\\/www.youtube.com\\\/channel\\\/UCKkFE-d_axENGZcrc4as0IA\"]},{\"@type\":\"Person\",\"@id\":\"https:\\\/\\\/www.cuballama.com\\\/noticias\\\/#\\\/schema\\\/person\\\/a58502ed4146c8e9f83872e897c76cd2\",\"name\":\"Roberto A.\",\"description\":\"Roberto A. Periodista por decisi\u00f3n propia. Interesado en cualquier tema que me apasione y cada vez m\u00e1s comprometido con la verdad y la objetividad period\u00edstica. Graduado en La Habana hace ya muchos a\u00f1os, luego de una accidentada y polvorienta b\u00fasqueda de informaci\u00f3n sobre un tema in\u00e9dito. La Tesis, por cierto, desapareci\u00f3 de la biblioteca y no se conservan copias de la misma.\",\"url\":\"https:\\\/\\\/www.cuballama.com\\\/noticias\\\/author\\\/roberto\\\/\"}]}<\/script>\n<!-- \/ Yoast SEO plugin. -->","yoast_head_json":{"title":"Rubio ante el Senado: EE. UU. quiere \u201cver un cambio de r\u00e9gimen\u201d en Cuba y propone modelo de transici\u00f3n - Cuballama Noticias","description":"Rubio ante el Senado: Cuba, transici\u00f3n espa\u00f1ola para Venezuela y rechazo a tropas, en una comparecencia clave en Washington.","robots":{"index":"index","follow":"follow","max-snippet":"max-snippet:-1","max-image-preview":"max-image-preview:large","max-video-preview":"max-video-preview:-1"},"canonical":"https:\/\/www.cuballama.com\/noticias\/rubio-ante-el-senado-ee-uu-quiere-ver-un-cambio-de-regimen-en-cuba-y-propone-modelo-de-transicion\/","og_locale":"es_ES","og_type":"article","og_title":"Rubio ante el Senado: EE. UU. quiere \u201cver un cambio de r\u00e9gimen\u201d en Cuba y propone modelo de transici\u00f3n - Cuballama Noticias","og_description":"Rubio ante el Senado: Cuba, transici\u00f3n espa\u00f1ola para Venezuela y rechazo a tropas, en una comparecencia clave en Washington.","og_url":"https:\/\/www.cuballama.com\/noticias\/rubio-ante-el-senado-ee-uu-quiere-ver-un-cambio-de-regimen-en-cuba-y-propone-modelo-de-transicion\/","og_site_name":"Cuballama Noticias","article_publisher":"https:\/\/www.facebook.com\/CubaLlama","article_published_time":"2026-01-29T19:33:31+00:00","article_modified_time":"2026-01-29T19:33:34+00:00","og_image":[{"width":1538,"height":806,"url":"https:\/\/cdn1.mediawpaccore.net\/wp-content\/uploads\/2026\/01\/29071702\/image-143.png","type":"image\/png"}],"author":"Roberto A.","twitter_card":"summary_large_image","twitter_creator":"@cuballama","twitter_site":"@cuballama","twitter_misc":{"Escrito por":"Roberto A.","Tiempo de lectura":"2 minutos"},"schema":{"@context":"https:\/\/schema.org","@graph":[{"@type":"Article","@id":"https:\/\/www.cuballama.com\/noticias\/rubio-ante-el-senado-ee-uu-quiere-ver-un-cambio-de-regimen-en-cuba-y-propone-modelo-de-transicion\/#article","isPartOf":{"@id":"https:\/\/www.cuballama.com\/noticias\/rubio-ante-el-senado-ee-uu-quiere-ver-un-cambio-de-regimen-en-cuba-y-propone-modelo-de-transicion\/"},"author":{"name":"Roberto A.","@id":"https:\/\/www.cuballama.com\/noticias\/#\/schema\/person\/a58502ed4146c8e9f83872e897c76cd2"},"headline":"Rubio ante el Senado: EE. UU. quiere \u201cver un cambio de r\u00e9gimen\u201d en Cuba y propone modelo de transici\u00f3n","datePublished":"2026-01-29T19:33:31+00:00","dateModified":"2026-01-29T19:33:34+00:00","mainEntityOfPage":{"@id":"https:\/\/www.cuballama.com\/noticias\/rubio-ante-el-senado-ee-uu-quiere-ver-un-cambio-de-regimen-en-cuba-y-propone-modelo-de-transicion\/"},"wordCount":503,"commentCount":0,"publisher":{"@id":"https:\/\/www.cuballama.com\/noticias\/#organization"},"image":{"@id":"https:\/\/www.cuballama.com\/noticias\/rubio-ante-el-senado-ee-uu-quiere-ver-un-cambio-de-regimen-en-cuba-y-propone-modelo-de-transicion\/#primaryimage"},"thumbnailUrl":"https:\/\/cdn1.mediawpaccore.net\/wp-content\/uploads\/2026\/01\/29071702\/image-143.png","keywords":["Cuba","Diplomacia","Estados Unidos","Marco Rubio","pol\u00edtica exterior","Senado","superdestacado","transici\u00f3n espa\u00f1ola","Trump","venezuela"],"articleSection":["Noticias","Noticias de Cuba"],"inLanguage":"es","potentialAction":[{"@type":"CommentAction","name":"Comment","target":["https:\/\/www.cuballama.com\/noticias\/rubio-ante-el-senado-ee-uu-quiere-ver-un-cambio-de-regimen-en-cuba-y-propone-modelo-de-transicion\/#respond"]}]},{"@type":"WebPage","@id":"https:\/\/www.cuballama.com\/noticias\/rubio-ante-el-senado-ee-uu-quiere-ver-un-cambio-de-regimen-en-cuba-y-propone-modelo-de-transicion\/","url":"https:\/\/www.cuballama.com\/noticias\/rubio-ante-el-senado-ee-uu-quiere-ver-un-cambio-de-regimen-en-cuba-y-propone-modelo-de-transicion\/","name":"Rubio ante el Senado: EE. UU. quiere \u201cver un cambio de r\u00e9gimen\u201d en Cuba y propone modelo de transici\u00f3n - Cuballama Noticias","isPartOf":{"@id":"https:\/\/www.cuballama.com\/noticias\/#website"},"primaryImageOfPage":{"@id":"https:\/\/www.cuballama.com\/noticias\/rubio-ante-el-senado-ee-uu-quiere-ver-un-cambio-de-regimen-en-cuba-y-propone-modelo-de-transicion\/#primaryimage"},"image":{"@id":"https:\/\/www.cuballama.com\/noticias\/rubio-ante-el-senado-ee-uu-quiere-ver-un-cambio-de-regimen-en-cuba-y-propone-modelo-de-transicion\/#primaryimage"},"thumbnailUrl":"https:\/\/cdn1.mediawpaccore.net\/wp-content\/uploads\/2026\/01\/29071702\/image-143.png","datePublished":"2026-01-29T19:33:31+00:00","dateModified":"2026-01-29T19:33:34+00:00","description":"Rubio ante el Senado: Cuba, transici\u00f3n espa\u00f1ola para Venezuela y rechazo a tropas, en una comparecencia clave en Washington.","breadcrumb":{"@id":"https:\/\/www.cuballama.com\/noticias\/rubio-ante-el-senado-ee-uu-quiere-ver-un-cambio-de-regimen-en-cuba-y-propone-modelo-de-transicion\/#breadcrumb"},"inLanguage":"es","potentialAction":[{"@type":"ReadAction","target":["https:\/\/www.cuballama.com\/noticias\/rubio-ante-el-senado-ee-uu-quiere-ver-un-cambio-de-regimen-en-cuba-y-propone-modelo-de-transicion\/"]}]},{"@type":"ImageObject","inLanguage":"es","@id":"https:\/\/www.cuballama.com\/noticias\/rubio-ante-el-senado-ee-uu-quiere-ver-un-cambio-de-regimen-en-cuba-y-propone-modelo-de-transicion\/#primaryimage","url":"https:\/\/cdn1.mediawpaccore.net\/wp-content\/uploads\/2026\/01\/29071702\/image-143.png","contentUrl":"https:\/\/cdn1.mediawpaccore.net\/wp-content\/uploads\/2026\/01\/29071702\/image-143.png","width":1538,"height":806,"caption":"Marco Rubio ha hablado mucho sobre las estrategias para con Cuba. Una intervenci\u00f3n militar o un ataque como el efectuado contra Ir\u00e1n, no parecen estar en esos planes. Foto \u00a9 Captura de pantalla YouTube \/ CBS News"},{"@type":"BreadcrumbList","@id":"https:\/\/www.cuballama.com\/noticias\/rubio-ante-el-senado-ee-uu-quiere-ver-un-cambio-de-regimen-en-cuba-y-propone-modelo-de-transicion\/#breadcrumb","itemListElement":[{"@type":"ListItem","position":1,"name":"Home","item":"https:\/\/www.cuballama.com\/noticias\/"},{"@type":"ListItem","position":2,"name":"Rubio ante el Senado: EE. UU. quiere \u201cver un cambio de r\u00e9gimen\u201d en Cuba y propone modelo de transici\u00f3n"}]},{"@type":"WebSite","@id":"https:\/\/www.cuballama.com\/noticias\/#website","url":"https:\/\/www.cuballama.com\/noticias\/","name":"Cuballama Noticias","description":"Medio digital sobre Cuba y el mundo","publisher":{"@id":"https:\/\/www.cuballama.com\/noticias\/#organization"},"potentialAction":[{"@type":"SearchAction","target":{"@type":"EntryPoint","urlTemplate":"https:\/\/www.cuballama.com\/noticias\/?s={search_term_string}"},"query-input":{"@type":"PropertyValueSpecification","valueRequired":true,"valueName":"search_term_string"}}],"inLanguage":"es"},{"@type":"Organization","@id":"https:\/\/www.cuballama.com\/noticias\/#organization","name":"Cuballama","url":"https:\/\/www.cuballama.com\/noticias\/","logo":{"@type":"ImageObject","inLanguage":"es","@id":"https:\/\/www.cuballama.com\/noticias\/#\/schema\/logo\/image\/","url":"https:\/\/cdn1.mediawpaccore.net\/wp-content\/uploads\/2021\/12\/28171206\/cbll-logo-color-sm.png","contentUrl":"https:\/\/cdn1.mediawpaccore.net\/wp-content\/uploads\/2021\/12\/28171206\/cbll-logo-color-sm.png","width":600,"height":133,"caption":"Cuballama"},"image":{"@id":"https:\/\/www.cuballama.com\/noticias\/#\/schema\/logo\/image\/"},"sameAs":["https:\/\/www.facebook.com\/CubaLlama","https:\/\/x.com\/cuballama","https:\/\/www.instagram.com\/stories\/cuballama_oficial\/","https:\/\/www.youtube.com\/channel\/UCKkFE-d_axENGZcrc4as0IA"]},{"@type":"Person","@id":"https:\/\/www.cuballama.com\/noticias\/#\/schema\/person\/a58502ed4146c8e9f83872e897c76cd2","name":"Roberto A.","description":"Roberto A. Periodista por decisi\u00f3n propia. Interesado en cualquier tema que me apasione y cada vez m\u00e1s comprometido con la verdad y la objetividad period\u00edstica. Graduado en La Habana hace ya muchos a\u00f1os, luego de una accidentada y polvorienta b\u00fasqueda de informaci\u00f3n sobre un tema in\u00e9dito. La Tesis, por cierto, desapareci\u00f3 de la biblioteca y no se conservan copias de la misma.","url":"https:\/\/www.cuballama.com\/noticias\/author\/roberto\/"}]}},"_links":{"self":[{"href":"https:\/\/www.cuballama.com\/noticias\/wp-json\/wp\/v2\/posts\/233681","targetHints":{"allow":["GET"]}}],"collection":[{"href":"https:\/\/www.cuballama.com\/noticias\/wp-json\/wp\/v2\/posts"}],"about":[{"href":"https:\/\/www.cuballama.com\/noticias\/wp-json\/wp\/v2\/types\/post"}],"author":[{"embeddable":true,"href":"https:\/\/www.cuballama.com\/noticias\/wp-json\/wp\/v2\/users\/13"}],"replies":[{"embeddable":true,"href":"https:\/\/www.cuballama.com\/noticias\/wp-json\/wp\/v2\/comments?post=233681"}],"version-history":[{"count":3,"href":"https:\/\/www.cuballama.com\/noticias\/wp-json\/wp\/v2\/posts\/233681\/revisions"}],"predecessor-version":[{"id":233685,"href":"https:\/\/www.cuballama.com\/noticias\/wp-json\/wp\/v2\/posts\/233681\/revisions\/233685"}],"wp:featuredmedia":[{"embeddable":true,"href":"https:\/\/www.cuballama.com\/noticias\/wp-json\/wp\/v2\/media\/233684"}],"wp:attachment":[{"href":"https:\/\/www.cuballama.com\/noticias\/wp-json\/wp\/v2\/media?parent=233681"}],"wp:term":[{"taxonomy":"category","embeddable":true,"href":"https:\/\/www.cuballama.com\/noticias\/wp-json\/wp\/v2\/categories?post=233681"},{"taxonomy":"post_tag","embeddable":true,"href":"https:\/\/www.cuballama.com\/noticias\/wp-json\/wp\/v2\/tags?post=233681"}],"curies":[{"name":"wp","href":"https:\/\/api.w.org\/{rel}","templated":true}]}}