{"id":233678,"date":"2026-01-29T14:32:35","date_gmt":"2026-01-29T19:32:35","guid":{"rendered":"https:\/\/www.cuballama.com\/noticias\/?p=233678"},"modified":"2026-01-29T14:32:38","modified_gmt":"2026-01-29T19:32:38","slug":"con-misoginia-machismo-y-chavacaneria-asi-defendio-el-de-los-cdr-a-su-hermana-arleen","status":"publish","type":"post","link":"https:\/\/www.cuballama.com\/noticias\/con-misoginia-machismo-y-chavacaneria-asi-defendio-el-de-los-cdr-a-su-hermana-arleen\/","title":{"rendered":"Con misog\u00ednia, machismo y chavacaner\u00eda: as\u00ed defendi\u00f3 el de los CDR a su \u00abhermana Arleen\u00bb"},"content":{"rendered":"\n<p>Una nueva oleada de defensas p\u00fablicas a Arleen Rodr\u00edguez Derivet, figura habitual de la prensa oficial cubana, volvi\u00f3 a encender la pol\u00e9mica en redes sociales en las \u00faltimas horas, esta vez no tanto por el derecho que les asiste y que otros creen que no tienen, sino por el tono vulgar empleado y la carga sexista con que la respaldaron.<\/p>\n\n\n\n<p>El que le puso la tapa al pomo fue Gerardo Hern\u00e1ndez Nordelo, uno de los Cinco Esp\u00edas &#8211; h\u00e9roes lo llama La Habana &#8211; condenado en los Estados Unidos hace ya cerca de diez a\u00f1os, y retornado a Cuba durante la presidencia de Obama.<\/p>\n\n\n\n<p>En un post publicado en sus redes sociales dijo no estar \u201cmuy al tanto de la pol\u00e9mica\u201d, pero afirm\u00f3 que, conociendo a \u201cmi hermana Arleen Rodr\u00edguez Derivet\u201d, lo que ella \u201cquiso decir\u201d es que \u201cella se @#&amp;\u00a3 en la #@\u00a2^ de todos los odiadores\u2026\u201d, rematando con etiquetas como #Cuba, #CDRCuba y #CubaVencer\u00e1. <\/p>\n\n\n\n<figure class=\"wp-block-image size-large\"><img loading=\"lazy\" decoding=\"async\" width=\"785\" height=\"1024\" src=\"https:\/\/cdn1.mediawpaccore.net\/wp-content\/uploads\/2026\/01\/29065026\/image-142-785x1024.png\" alt=\"\" class=\"wp-image-233679\" srcset=\"https:\/\/cdn1.mediawpaccore.net\/wp-content\/uploads\/2026\/01\/29065026\/image-142-785x1024.png 785w, https:\/\/cdn1.mediawpaccore.net\/wp-content\/uploads\/2026\/01\/29065026\/image-142-230x300.png 230w, https:\/\/cdn1.mediawpaccore.net\/wp-content\/uploads\/2026\/01\/29065026\/image-142-768x1002.png 768w, https:\/\/cdn1.mediawpaccore.net\/wp-content\/uploads\/2026\/01\/29065026\/image-142-322x420.png 322w, https:\/\/cdn1.mediawpaccore.net\/wp-content\/uploads\/2026\/01\/29065026\/image-142-150x196.png 150w, https:\/\/cdn1.mediawpaccore.net\/wp-content\/uploads\/2026\/01\/29065026\/image-142-300x391.png 300w, https:\/\/cdn1.mediawpaccore.net\/wp-content\/uploads\/2026\/01\/29065026\/image-142-696x908.png 696w, https:\/\/cdn1.mediawpaccore.net\/wp-content\/uploads\/2026\/01\/29065026\/image-142.png 840w\" sizes=\"auto, (max-width: 785px) 100vw, 785px\" \/><\/figure>\n\n\n\n<p>A ese tipo de respaldo se sum\u00f3, tambi\u00e9n en redes, el periodista oficialista Oliver Zamora Oria, quien public\u00f3 un mensaje en Facebook en elq que escribi\u00f3 <em>\u201cLes falta dignidad y c*nes\u201d<\/em> y arremeti\u00f3 contra quienes cuestionaron a Rodr\u00edguez. Igualmente los llam\u00f3 \u201calima\u00f1as\u201d y \u201codiadores\u201d, adem\u00e1s de acusarlos de manipular una entrevista \u201cde hace meses\u201d para \u201catacar a una mujer consecuente\u201d.<\/p>\n\n\n\n<p>Zamora insisti\u00f3 en que \u201cA Arleen Rodr\u00edguez Derivet se le quiere o se le quiere\u201d y a\u00f1adi\u00f3 una frase que reaviv\u00f3 las cr\u00edticas por su contenido sexista: <em>\u201cComo les faltan cojones o cualquier cosa que tengan entre las patas para apuntar a los verdaderos culpables de nuestras desgracias, les resulta m\u00e1s f\u00e1cil disparar contra una mujer decente\u201d<\/em>, expres\u00f3.<\/p>\n\n\n\n<iframe loading=\"lazy\" src=\"https:\/\/www.facebook.com\/plugins\/post.php?href=https%3A%2F%2Fwww.facebook.com%2Foliverzo%2Fposts%2Fpfbid0bifnFreGmbDMnPUD9KsigmA6hsRCLojRWdhsDeXN5FymRxEwWKH6GWd1CWDNLrCul&#038;show_text=true&#038;width=500\" width=\"500\" height=\"582\" style=\"border:none;overflow:hidden\" scrolling=\"no\" frameborder=\"0\" allowfullscreen=\"true\" allow=\"autoplay; clipboard-write; encrypted-media; picture-in-picture; web-share\"><\/iframe>\n\n\n\n<p>El episodio ocurre en medio del debate abierto por las declaraciones de Arleen Rodr\u00edguez sobre Jos\u00e9 Mart\u00ed y la electricidad, y de una reacci\u00f3n en cadena donde, m\u00e1s all\u00e1 del argumento, el centro del ruido ha terminado siendo el estilo: insultos, alardes de \u201chombr\u00eda\u201d y una idea de defensa que convierte la groser\u00eda en credencial pol\u00edtica, mientras la controversia sigue escalando fuera del control del guion oficial.<\/p>\n\n\n\n<p>M\u00e1s all\u00e1 del derecho que asiste a unos a criticar la normalizaci\u00f3n de los apagones expresada por Arleen Rodr\u00edguez \u2014y del derecho de quienes la conocen a defenderla, alegando que ella tambi\u00e9n los sufre y que \u201cno lo quiso decir as\u00ed\u201d\u2014, de esta pol\u00e9mica emerge una verdad inc\u00f3moda: en no pocas ocasiones, casi siempre, el aparato se aferra al lenguaje chabacano, vulgar y de carga machista para reforzar posiciones pol\u00edticas desde una l\u00f3gica de virilidad, fuerza y supuesta superioridad masculina.<\/p>\n\n\n\n<p>No se trata de una salida espont\u00e1nea ni de una groser\u00eda aislada. Es una forma de construcci\u00f3n simb\u00f3lica del poder. En ese registro, \u201cdefender\u201d equivale a demostrar hombr\u00eda, y la hombr\u00eda se mide por la capacidad de insultar, de humillar, de penetrar verbalmente al adversario. De ah\u00ed que la ofensa no apunte al cr\u00edtico como sujeto pol\u00edtico, sino a su madre, a su origen, a su cuerpo, convertido en campo de castigo. La frase \u201cme cago en tu madre\u201d, incluso cuando se maquilla con s\u00edmbolos, no es un exabrupto casual: es una estructura cultural donde la dominaci\u00f3n se ejerce a trav\u00e9s de lo femenino, degradado para afirmar jerarqu\u00eda.<\/p>\n\n\n\n<p>Gerardo Hern\u00e1ndez no hizo otra cosa que activar ese c\u00f3digo. Por m\u00e1s que \u201cdisfraz\u00f3\u201d el mensaje, lo que dijo fue exactamente eso: que Arleen se caga en la madre de quienes la critican. Y ah\u00ed est\u00e1 el n\u00facleo. La carga no recae sobre el opositor, sino sobre una figura femenina convertida en objeto de escarnio. Ese desplazamiento no es inocente: es sexismo en estado puro, machismo estructural, misoginia normalizada. En boca de un funcionario de alto rango, adem\u00e1s Diputado, adquiere una gravedad pol\u00edtica que no puede relativizarse como \u201cfrase coloquial\u201d.<\/p>\n\n\n\n<p>Algunos recuerdan, con raz\u00f3n, que muchos de los hoy atacados estuvieron entre quienes defendieron el regreso de Gerardo a Cuba. El contraste no pasa inadvertido: despu\u00e9s de haber sido presentado durante a\u00f1os como s\u00edmbolo de dignidad y resistencia, hoy responde a la cr\u00edtica con el mismo registro de violencia verbal que el poder dice combatir.<\/p>\n\n\n\n<p>Y no es un caso aislado. A\u00f1os antes, recordemos, los trovadores Ra\u00fal Torres y Ray \u201cTun Tun\u201d Fern\u00e1ndez salieron en defensa del violador condenado Fernando B\u00e9cquer con el mismo arsenal simb\u00f3lico: madres insultadas, sexualizaci\u00f3n del agravio, y en el caso de Torres, una invitaci\u00f3n expl\u00edcita a practicarle sexo oral como gesto de sumisi\u00f3n. No eran excesos individuales: eran la expresi\u00f3n coherente de un mismo imaginario, donde la fuerza, el valor y la legitimidad pol\u00edtica se nombran con palabras asociadas a los \u00f3rganos sexuales masculinos y a su capacidad de dominar.<\/p>\n\n\n\n<p>A Gerardo, ahora, le falt\u00f3 poquito para llegar a ello.<\/p>\n\n\n\n<p>Ese es el sustrato que vuelve a aflorar ahora. No es solo una mala palabra: es una pedagog\u00eda de la violencia. Una cultura donde el poder se afirma degradando lo femenino y donde la groser\u00eda no es un error, sino una credencial. Y as\u00ed, no.<\/p>\n","protected":false},"excerpt":{"rendered":"<p>Publicaciones en redes mostraron defensas a Arleen Rodr\u00edguez con insultos, groser\u00edas y frases de carga sexista, desde un cederista y Oliver Zamora.<\/p>\n","protected":false},"author":13,"featured_media":90009,"comment_status":"open","ping_status":"closed","sticky":false,"template":"","format":"standard","meta":{"_acf_changed":false,"footnotes":""},"categories":[18,955,9667],"tags":[12246,5510,11,3641,2765,12595,30282,8806,729],"class_list":{"0":"post-233678","1":"post","2":"type-post","3":"status-publish","4":"format-standard","5":"has-post-thumbnail","7":"category-noticias","8":"category-noticias-de-cuba","9":"category-opinion","10":"tag-arleen-rodriguez-derivet","11":"tag-cdr","12":"tag-cuba","13":"tag-machismo","14":"tag-mesa-redonda","15":"tag-misoginia-2","16":"tag-oliver-zamora-oria","17":"tag-propaganda","18":"tag-redes-sociales"},"acf":[],"yoast_head":"<!-- This site is optimized with the Yoast SEO plugin v27.5 - https:\/\/yoast.com\/product\/yoast-seo-wordpress\/ -->\n<title>Con misog\u00ednia, machismo y chavacaner\u00eda: as\u00ed defendi\u00f3 el de los CDR a su &quot;hermana Arleen&quot; - Cuballama Noticias<\/title>\n<meta name=\"description\" content=\"Pol\u00e9mica por Arleen Rodr\u00edguez: defensas con insultos y sexismo, desde un cederista y el periodista oficialista Oliver Zamora.\" \/>\n<meta name=\"robots\" content=\"index, follow, max-snippet:-1, max-image-preview:large, max-video-preview:-1\" \/>\n<link rel=\"canonical\" href=\"https:\/\/www.cuballama.com\/noticias\/con-misoginia-machismo-y-chavacaneria-asi-defendio-el-de-los-cdr-a-su-hermana-arleen\/\" \/>\n<meta property=\"og:locale\" content=\"es_ES\" \/>\n<meta property=\"og:type\" content=\"article\" \/>\n<meta property=\"og:title\" content=\"Con misog\u00ednia, machismo y chavacaner\u00eda: as\u00ed defendi\u00f3 el de los CDR a su &quot;hermana Arleen&quot; - Cuballama Noticias\" \/>\n<meta property=\"og:description\" content=\"Pol\u00e9mica por Arleen Rodr\u00edguez: defensas con insultos y sexismo, desde un cederista y el periodista oficialista Oliver Zamora.\" \/>\n<meta property=\"og:url\" content=\"https:\/\/www.cuballama.com\/noticias\/con-misoginia-machismo-y-chavacaneria-asi-defendio-el-de-los-cdr-a-su-hermana-arleen\/\" \/>\n<meta property=\"og:site_name\" content=\"Cuballama Noticias\" \/>\n<meta property=\"article:publisher\" content=\"https:\/\/www.facebook.com\/CubaLlama\" \/>\n<meta property=\"article:published_time\" content=\"2026-01-29T19:32:35+00:00\" \/>\n<meta property=\"article:modified_time\" content=\"2026-01-29T19:32:38+00:00\" \/>\n<meta property=\"og:image\" content=\"https:\/\/cdn1.mediawpaccore.net\/wp-content\/uploads\/2022\/03\/23095651\/gerardo.jpg\" \/>\n\t<meta property=\"og:image:width\" content=\"1024\" \/>\n\t<meta property=\"og:image:height\" content=\"576\" \/>\n\t<meta property=\"og:image:type\" content=\"image\/jpeg\" \/>\n<meta name=\"author\" content=\"Roberto A.\" \/>\n<meta name=\"twitter:card\" content=\"summary_large_image\" \/>\n<meta name=\"twitter:creator\" content=\"@cuballama\" \/>\n<meta name=\"twitter:site\" content=\"@cuballama\" \/>\n<meta name=\"twitter:label1\" content=\"Escrito por\" \/>\n\t<meta name=\"twitter:data1\" content=\"Roberto A.\" \/>\n\t<meta name=\"twitter:label2\" content=\"Tiempo de lectura\" \/>\n\t<meta name=\"twitter:data2\" content=\"1 minuto\" \/>\n<script type=\"application\/ld+json\" class=\"yoast-schema-graph\">{\"@context\":\"https:\\\/\\\/schema.org\",\"@graph\":[{\"@type\":\"Article\",\"@id\":\"https:\\\/\\\/www.cuballama.com\\\/noticias\\\/con-misoginia-machismo-y-chavacaneria-asi-defendio-el-de-los-cdr-a-su-hermana-arleen\\\/#article\",\"isPartOf\":{\"@id\":\"https:\\\/\\\/www.cuballama.com\\\/noticias\\\/con-misoginia-machismo-y-chavacaneria-asi-defendio-el-de-los-cdr-a-su-hermana-arleen\\\/\"},\"author\":{\"name\":\"Roberto A.\",\"@id\":\"https:\\\/\\\/www.cuballama.com\\\/noticias\\\/#\\\/schema\\\/person\\\/a58502ed4146c8e9f83872e897c76cd2\"},\"headline\":\"Con misog\u00ednia, machismo y chavacaner\u00eda: as\u00ed defendi\u00f3 el de los CDR a su \u00abhermana Arleen\u00bb\",\"datePublished\":\"2026-01-29T19:32:35+00:00\",\"dateModified\":\"2026-01-29T19:32:38+00:00\",\"mainEntityOfPage\":{\"@id\":\"https:\\\/\\\/www.cuballama.com\\\/noticias\\\/con-misoginia-machismo-y-chavacaneria-asi-defendio-el-de-los-cdr-a-su-hermana-arleen\\\/\"},\"wordCount\":904,\"commentCount\":0,\"publisher\":{\"@id\":\"https:\\\/\\\/www.cuballama.com\\\/noticias\\\/#organization\"},\"image\":{\"@id\":\"https:\\\/\\\/www.cuballama.com\\\/noticias\\\/con-misoginia-machismo-y-chavacaneria-asi-defendio-el-de-los-cdr-a-su-hermana-arleen\\\/#primaryimage\"},\"thumbnailUrl\":\"https:\\\/\\\/cdn1.mediawpaccore.net\\\/wp-content\\\/uploads\\\/2022\\\/03\\\/23095651\\\/gerardo.jpg\",\"keywords\":[\"Arleen Rodr\u00edguez Derivet\",\"CDR\",\"Cuba\",\"Machismo\",\"Mesa Redonda\",\"Misoginia\",\"Oliver Zamora Oria\",\"propaganda\",\"redes Sociales\"],\"articleSection\":[\"Noticias\",\"Noticias de Cuba\",\"Opini\u00f3n\"],\"inLanguage\":\"es\",\"potentialAction\":[{\"@type\":\"CommentAction\",\"name\":\"Comment\",\"target\":[\"https:\\\/\\\/www.cuballama.com\\\/noticias\\\/con-misoginia-machismo-y-chavacaneria-asi-defendio-el-de-los-cdr-a-su-hermana-arleen\\\/#respond\"]}]},{\"@type\":\"WebPage\",\"@id\":\"https:\\\/\\\/www.cuballama.com\\\/noticias\\\/con-misoginia-machismo-y-chavacaneria-asi-defendio-el-de-los-cdr-a-su-hermana-arleen\\\/\",\"url\":\"https:\\\/\\\/www.cuballama.com\\\/noticias\\\/con-misoginia-machismo-y-chavacaneria-asi-defendio-el-de-los-cdr-a-su-hermana-arleen\\\/\",\"name\":\"Con misog\u00ednia, machismo y chavacaner\u00eda: as\u00ed defendi\u00f3 el de los CDR a su \\\"hermana Arleen\\\" - Cuballama Noticias\",\"isPartOf\":{\"@id\":\"https:\\\/\\\/www.cuballama.com\\\/noticias\\\/#website\"},\"primaryImageOfPage\":{\"@id\":\"https:\\\/\\\/www.cuballama.com\\\/noticias\\\/con-misoginia-machismo-y-chavacaneria-asi-defendio-el-de-los-cdr-a-su-hermana-arleen\\\/#primaryimage\"},\"image\":{\"@id\":\"https:\\\/\\\/www.cuballama.com\\\/noticias\\\/con-misoginia-machismo-y-chavacaneria-asi-defendio-el-de-los-cdr-a-su-hermana-arleen\\\/#primaryimage\"},\"thumbnailUrl\":\"https:\\\/\\\/cdn1.mediawpaccore.net\\\/wp-content\\\/uploads\\\/2022\\\/03\\\/23095651\\\/gerardo.jpg\",\"datePublished\":\"2026-01-29T19:32:35+00:00\",\"dateModified\":\"2026-01-29T19:32:38+00:00\",\"description\":\"Pol\u00e9mica por Arleen Rodr\u00edguez: defensas con insultos y sexismo, desde un cederista y el periodista oficialista Oliver Zamora.\",\"breadcrumb\":{\"@id\":\"https:\\\/\\\/www.cuballama.com\\\/noticias\\\/con-misoginia-machismo-y-chavacaneria-asi-defendio-el-de-los-cdr-a-su-hermana-arleen\\\/#breadcrumb\"},\"inLanguage\":\"es\",\"potentialAction\":[{\"@type\":\"ReadAction\",\"target\":[\"https:\\\/\\\/www.cuballama.com\\\/noticias\\\/con-misoginia-machismo-y-chavacaneria-asi-defendio-el-de-los-cdr-a-su-hermana-arleen\\\/\"]}]},{\"@type\":\"ImageObject\",\"inLanguage\":\"es\",\"@id\":\"https:\\\/\\\/www.cuballama.com\\\/noticias\\\/con-misoginia-machismo-y-chavacaneria-asi-defendio-el-de-los-cdr-a-su-hermana-arleen\\\/#primaryimage\",\"url\":\"https:\\\/\\\/cdn1.mediawpaccore.net\\\/wp-content\\\/uploads\\\/2022\\\/03\\\/23095651\\\/gerardo.jpg\",\"contentUrl\":\"https:\\\/\\\/cdn1.mediawpaccore.net\\\/wp-content\\\/uploads\\\/2022\\\/03\\\/23095651\\\/gerardo.jpg\",\"width\":1024,\"height\":576,\"caption\":\"Gerardo Hern\u00e1ndez tuvo que retirarse la mascarilla anti covid-19 para que la \u201catrevida\u201d mujer se diera cuenta de con quien estaba tratando.\"},{\"@type\":\"BreadcrumbList\",\"@id\":\"https:\\\/\\\/www.cuballama.com\\\/noticias\\\/con-misoginia-machismo-y-chavacaneria-asi-defendio-el-de-los-cdr-a-su-hermana-arleen\\\/#breadcrumb\",\"itemListElement\":[{\"@type\":\"ListItem\",\"position\":1,\"name\":\"Home\",\"item\":\"https:\\\/\\\/www.cuballama.com\\\/noticias\\\/\"},{\"@type\":\"ListItem\",\"position\":2,\"name\":\"Con misog\u00ednia, machismo y chavacaner\u00eda: as\u00ed defendi\u00f3 el de los CDR a su \u00abhermana Arleen\u00bb\"}]},{\"@type\":\"WebSite\",\"@id\":\"https:\\\/\\\/www.cuballama.com\\\/noticias\\\/#website\",\"url\":\"https:\\\/\\\/www.cuballama.com\\\/noticias\\\/\",\"name\":\"Cuballama Noticias\",\"description\":\"Medio digital sobre Cuba y el mundo\",\"publisher\":{\"@id\":\"https:\\\/\\\/www.cuballama.com\\\/noticias\\\/#organization\"},\"potentialAction\":[{\"@type\":\"SearchAction\",\"target\":{\"@type\":\"EntryPoint\",\"urlTemplate\":\"https:\\\/\\\/www.cuballama.com\\\/noticias\\\/?s={search_term_string}\"},\"query-input\":{\"@type\":\"PropertyValueSpecification\",\"valueRequired\":true,\"valueName\":\"search_term_string\"}}],\"inLanguage\":\"es\"},{\"@type\":\"Organization\",\"@id\":\"https:\\\/\\\/www.cuballama.com\\\/noticias\\\/#organization\",\"name\":\"Cuballama\",\"url\":\"https:\\\/\\\/www.cuballama.com\\\/noticias\\\/\",\"logo\":{\"@type\":\"ImageObject\",\"inLanguage\":\"es\",\"@id\":\"https:\\\/\\\/www.cuballama.com\\\/noticias\\\/#\\\/schema\\\/logo\\\/image\\\/\",\"url\":\"https:\\\/\\\/cdn1.mediawpaccore.net\\\/wp-content\\\/uploads\\\/2021\\\/12\\\/28171206\\\/cbll-logo-color-sm.png\",\"contentUrl\":\"https:\\\/\\\/cdn1.mediawpaccore.net\\\/wp-content\\\/uploads\\\/2021\\\/12\\\/28171206\\\/cbll-logo-color-sm.png\",\"width\":600,\"height\":133,\"caption\":\"Cuballama\"},\"image\":{\"@id\":\"https:\\\/\\\/www.cuballama.com\\\/noticias\\\/#\\\/schema\\\/logo\\\/image\\\/\"},\"sameAs\":[\"https:\\\/\\\/www.facebook.com\\\/CubaLlama\",\"https:\\\/\\\/x.com\\\/cuballama\",\"https:\\\/\\\/www.instagram.com\\\/stories\\\/cuballama_oficial\\\/\",\"https:\\\/\\\/www.youtube.com\\\/channel\\\/UCKkFE-d_axENGZcrc4as0IA\"]},{\"@type\":\"Person\",\"@id\":\"https:\\\/\\\/www.cuballama.com\\\/noticias\\\/#\\\/schema\\\/person\\\/a58502ed4146c8e9f83872e897c76cd2\",\"name\":\"Roberto A.\",\"description\":\"Roberto A. Periodista por decisi\u00f3n propia. Interesado en cualquier tema que me apasione y cada vez m\u00e1s comprometido con la verdad y la objetividad period\u00edstica. Graduado en La Habana hace ya muchos a\u00f1os, luego de una accidentada y polvorienta b\u00fasqueda de informaci\u00f3n sobre un tema in\u00e9dito. La Tesis, por cierto, desapareci\u00f3 de la biblioteca y no se conservan copias de la misma.\",\"url\":\"https:\\\/\\\/www.cuballama.com\\\/noticias\\\/author\\\/roberto\\\/\"}]}<\/script>\n<!-- \/ Yoast SEO plugin. -->","yoast_head_json":{"title":"Con misog\u00ednia, machismo y chavacaner\u00eda: as\u00ed defendi\u00f3 el de los CDR a su \"hermana Arleen\" - Cuballama Noticias","description":"Pol\u00e9mica por Arleen Rodr\u00edguez: defensas con insultos y sexismo, desde un cederista y el periodista oficialista Oliver Zamora.","robots":{"index":"index","follow":"follow","max-snippet":"max-snippet:-1","max-image-preview":"max-image-preview:large","max-video-preview":"max-video-preview:-1"},"canonical":"https:\/\/www.cuballama.com\/noticias\/con-misoginia-machismo-y-chavacaneria-asi-defendio-el-de-los-cdr-a-su-hermana-arleen\/","og_locale":"es_ES","og_type":"article","og_title":"Con misog\u00ednia, machismo y chavacaner\u00eda: as\u00ed defendi\u00f3 el de los CDR a su \"hermana Arleen\" - Cuballama Noticias","og_description":"Pol\u00e9mica por Arleen Rodr\u00edguez: defensas con insultos y sexismo, desde un cederista y el periodista oficialista Oliver Zamora.","og_url":"https:\/\/www.cuballama.com\/noticias\/con-misoginia-machismo-y-chavacaneria-asi-defendio-el-de-los-cdr-a-su-hermana-arleen\/","og_site_name":"Cuballama Noticias","article_publisher":"https:\/\/www.facebook.com\/CubaLlama","article_published_time":"2026-01-29T19:32:35+00:00","article_modified_time":"2026-01-29T19:32:38+00:00","og_image":[{"width":1024,"height":576,"url":"https:\/\/cdn1.mediawpaccore.net\/wp-content\/uploads\/2022\/03\/23095651\/gerardo.jpg","type":"image\/jpeg"}],"author":"Roberto A.","twitter_card":"summary_large_image","twitter_creator":"@cuballama","twitter_site":"@cuballama","twitter_misc":{"Escrito por":"Roberto A.","Tiempo de lectura":"1 minuto"},"schema":{"@context":"https:\/\/schema.org","@graph":[{"@type":"Article","@id":"https:\/\/www.cuballama.com\/noticias\/con-misoginia-machismo-y-chavacaneria-asi-defendio-el-de-los-cdr-a-su-hermana-arleen\/#article","isPartOf":{"@id":"https:\/\/www.cuballama.com\/noticias\/con-misoginia-machismo-y-chavacaneria-asi-defendio-el-de-los-cdr-a-su-hermana-arleen\/"},"author":{"name":"Roberto A.","@id":"https:\/\/www.cuballama.com\/noticias\/#\/schema\/person\/a58502ed4146c8e9f83872e897c76cd2"},"headline":"Con misog\u00ednia, machismo y chavacaner\u00eda: as\u00ed defendi\u00f3 el de los CDR a su \u00abhermana Arleen\u00bb","datePublished":"2026-01-29T19:32:35+00:00","dateModified":"2026-01-29T19:32:38+00:00","mainEntityOfPage":{"@id":"https:\/\/www.cuballama.com\/noticias\/con-misoginia-machismo-y-chavacaneria-asi-defendio-el-de-los-cdr-a-su-hermana-arleen\/"},"wordCount":904,"commentCount":0,"publisher":{"@id":"https:\/\/www.cuballama.com\/noticias\/#organization"},"image":{"@id":"https:\/\/www.cuballama.com\/noticias\/con-misoginia-machismo-y-chavacaneria-asi-defendio-el-de-los-cdr-a-su-hermana-arleen\/#primaryimage"},"thumbnailUrl":"https:\/\/cdn1.mediawpaccore.net\/wp-content\/uploads\/2022\/03\/23095651\/gerardo.jpg","keywords":["Arleen Rodr\u00edguez Derivet","CDR","Cuba","Machismo","Mesa Redonda","Misoginia","Oliver Zamora Oria","propaganda","redes Sociales"],"articleSection":["Noticias","Noticias de Cuba","Opini\u00f3n"],"inLanguage":"es","potentialAction":[{"@type":"CommentAction","name":"Comment","target":["https:\/\/www.cuballama.com\/noticias\/con-misoginia-machismo-y-chavacaneria-asi-defendio-el-de-los-cdr-a-su-hermana-arleen\/#respond"]}]},{"@type":"WebPage","@id":"https:\/\/www.cuballama.com\/noticias\/con-misoginia-machismo-y-chavacaneria-asi-defendio-el-de-los-cdr-a-su-hermana-arleen\/","url":"https:\/\/www.cuballama.com\/noticias\/con-misoginia-machismo-y-chavacaneria-asi-defendio-el-de-los-cdr-a-su-hermana-arleen\/","name":"Con misog\u00ednia, machismo y chavacaner\u00eda: as\u00ed defendi\u00f3 el de los CDR a su \"hermana Arleen\" - Cuballama Noticias","isPartOf":{"@id":"https:\/\/www.cuballama.com\/noticias\/#website"},"primaryImageOfPage":{"@id":"https:\/\/www.cuballama.com\/noticias\/con-misoginia-machismo-y-chavacaneria-asi-defendio-el-de-los-cdr-a-su-hermana-arleen\/#primaryimage"},"image":{"@id":"https:\/\/www.cuballama.com\/noticias\/con-misoginia-machismo-y-chavacaneria-asi-defendio-el-de-los-cdr-a-su-hermana-arleen\/#primaryimage"},"thumbnailUrl":"https:\/\/cdn1.mediawpaccore.net\/wp-content\/uploads\/2022\/03\/23095651\/gerardo.jpg","datePublished":"2026-01-29T19:32:35+00:00","dateModified":"2026-01-29T19:32:38+00:00","description":"Pol\u00e9mica por Arleen Rodr\u00edguez: defensas con insultos y sexismo, desde un cederista y el periodista oficialista Oliver Zamora.","breadcrumb":{"@id":"https:\/\/www.cuballama.com\/noticias\/con-misoginia-machismo-y-chavacaneria-asi-defendio-el-de-los-cdr-a-su-hermana-arleen\/#breadcrumb"},"inLanguage":"es","potentialAction":[{"@type":"ReadAction","target":["https:\/\/www.cuballama.com\/noticias\/con-misoginia-machismo-y-chavacaneria-asi-defendio-el-de-los-cdr-a-su-hermana-arleen\/"]}]},{"@type":"ImageObject","inLanguage":"es","@id":"https:\/\/www.cuballama.com\/noticias\/con-misoginia-machismo-y-chavacaneria-asi-defendio-el-de-los-cdr-a-su-hermana-arleen\/#primaryimage","url":"https:\/\/cdn1.mediawpaccore.net\/wp-content\/uploads\/2022\/03\/23095651\/gerardo.jpg","contentUrl":"https:\/\/cdn1.mediawpaccore.net\/wp-content\/uploads\/2022\/03\/23095651\/gerardo.jpg","width":1024,"height":576,"caption":"Gerardo Hern\u00e1ndez tuvo que retirarse la mascarilla anti covid-19 para que la \u201catrevida\u201d mujer se diera cuenta de con quien estaba tratando."},{"@type":"BreadcrumbList","@id":"https:\/\/www.cuballama.com\/noticias\/con-misoginia-machismo-y-chavacaneria-asi-defendio-el-de-los-cdr-a-su-hermana-arleen\/#breadcrumb","itemListElement":[{"@type":"ListItem","position":1,"name":"Home","item":"https:\/\/www.cuballama.com\/noticias\/"},{"@type":"ListItem","position":2,"name":"Con misog\u00ednia, machismo y chavacaner\u00eda: as\u00ed defendi\u00f3 el de los CDR a su \u00abhermana Arleen\u00bb"}]},{"@type":"WebSite","@id":"https:\/\/www.cuballama.com\/noticias\/#website","url":"https:\/\/www.cuballama.com\/noticias\/","name":"Cuballama Noticias","description":"Medio digital sobre Cuba y el mundo","publisher":{"@id":"https:\/\/www.cuballama.com\/noticias\/#organization"},"potentialAction":[{"@type":"SearchAction","target":{"@type":"EntryPoint","urlTemplate":"https:\/\/www.cuballama.com\/noticias\/?s={search_term_string}"},"query-input":{"@type":"PropertyValueSpecification","valueRequired":true,"valueName":"search_term_string"}}],"inLanguage":"es"},{"@type":"Organization","@id":"https:\/\/www.cuballama.com\/noticias\/#organization","name":"Cuballama","url":"https:\/\/www.cuballama.com\/noticias\/","logo":{"@type":"ImageObject","inLanguage":"es","@id":"https:\/\/www.cuballama.com\/noticias\/#\/schema\/logo\/image\/","url":"https:\/\/cdn1.mediawpaccore.net\/wp-content\/uploads\/2021\/12\/28171206\/cbll-logo-color-sm.png","contentUrl":"https:\/\/cdn1.mediawpaccore.net\/wp-content\/uploads\/2021\/12\/28171206\/cbll-logo-color-sm.png","width":600,"height":133,"caption":"Cuballama"},"image":{"@id":"https:\/\/www.cuballama.com\/noticias\/#\/schema\/logo\/image\/"},"sameAs":["https:\/\/www.facebook.com\/CubaLlama","https:\/\/x.com\/cuballama","https:\/\/www.instagram.com\/stories\/cuballama_oficial\/","https:\/\/www.youtube.com\/channel\/UCKkFE-d_axENGZcrc4as0IA"]},{"@type":"Person","@id":"https:\/\/www.cuballama.com\/noticias\/#\/schema\/person\/a58502ed4146c8e9f83872e897c76cd2","name":"Roberto A.","description":"Roberto A. Periodista por decisi\u00f3n propia. Interesado en cualquier tema que me apasione y cada vez m\u00e1s comprometido con la verdad y la objetividad period\u00edstica. Graduado en La Habana hace ya muchos a\u00f1os, luego de una accidentada y polvorienta b\u00fasqueda de informaci\u00f3n sobre un tema in\u00e9dito. La Tesis, por cierto, desapareci\u00f3 de la biblioteca y no se conservan copias de la misma.","url":"https:\/\/www.cuballama.com\/noticias\/author\/roberto\/"}]}},"_links":{"self":[{"href":"https:\/\/www.cuballama.com\/noticias\/wp-json\/wp\/v2\/posts\/233678","targetHints":{"allow":["GET"]}}],"collection":[{"href":"https:\/\/www.cuballama.com\/noticias\/wp-json\/wp\/v2\/posts"}],"about":[{"href":"https:\/\/www.cuballama.com\/noticias\/wp-json\/wp\/v2\/types\/post"}],"author":[{"embeddable":true,"href":"https:\/\/www.cuballama.com\/noticias\/wp-json\/wp\/v2\/users\/13"}],"replies":[{"embeddable":true,"href":"https:\/\/www.cuballama.com\/noticias\/wp-json\/wp\/v2\/comments?post=233678"}],"version-history":[{"count":1,"href":"https:\/\/www.cuballama.com\/noticias\/wp-json\/wp\/v2\/posts\/233678\/revisions"}],"predecessor-version":[{"id":233680,"href":"https:\/\/www.cuballama.com\/noticias\/wp-json\/wp\/v2\/posts\/233678\/revisions\/233680"}],"wp:featuredmedia":[{"embeddable":true,"href":"https:\/\/www.cuballama.com\/noticias\/wp-json\/wp\/v2\/media\/90009"}],"wp:attachment":[{"href":"https:\/\/www.cuballama.com\/noticias\/wp-json\/wp\/v2\/media?parent=233678"}],"wp:term":[{"taxonomy":"category","embeddable":true,"href":"https:\/\/www.cuballama.com\/noticias\/wp-json\/wp\/v2\/categories?post=233678"},{"taxonomy":"post_tag","embeddable":true,"href":"https:\/\/www.cuballama.com\/noticias\/wp-json\/wp\/v2\/tags?post=233678"}],"curies":[{"name":"wp","href":"https:\/\/api.w.org\/{rel}","templated":true}]}}