{"id":233623,"date":"2026-01-28T13:59:34","date_gmt":"2026-01-28T18:59:34","guid":{"rendered":"https:\/\/www.cuballama.com\/noticias\/?p=233623"},"modified":"2026-01-28T13:59:37","modified_gmt":"2026-01-28T18:59:37","slug":"cubana-denuncia-meses-de-amenazas-y-maltrato-tras-romper-el-silencio-en-la-habana-el-machito-esta-en-la-carcel","status":"publish","type":"post","link":"https:\/\/www.cuballama.com\/noticias\/cubana-denuncia-meses-de-amenazas-y-maltrato-tras-romper-el-silencio-en-la-habana-el-machito-esta-en-la-carcel\/","title":{"rendered":"Cubana denuncia meses de amenazas y maltrato tras romper el silencio en La Habana. El \u00abmachito\u00bb est\u00e1 en la c\u00e1rcel"},"content":{"rendered":"\n<p>Una mujer cubana identificada como Milagros In\u00e9s Fern\u00e1ndez Tamayo, conocida como Mily, decidi\u00f3 hacer p\u00fablica su denuncia tras asegurar que pas\u00f3 meses bajo amenazas, golpes y persecuci\u00f3n por parte de un excompa\u00f1ero sentimental, en un caso que volvi\u00f3 a colocar la violencia de g\u00e9nero en el centro del debate en redes sociales.<\/p>\n\n\n\n<p>La historia fue difundida por Niover Licea en su plataforma <em><a href=\"https:\/\/www.facebook.com\/permalink.php?story_fbid=pfbid02Ad1H5ZxoaeNjiE2Aj67uQCVxEhYJnVuhtFoZH7SrWHPyuNcZ5nGNCyT5tYowhGwBl&amp;id=61559784217848\" target=\"_blank\" rel=\"noreferrer noopener nofollow\">NiO Reportando un Crimen<\/a><\/em>, donde la v\u00edctima relata que mantuvo una relaci\u00f3n con un hombre al que identifica como Luis Miguel Mil\u00e1n Cristi\u00e1 y que, al intentar terminarla, comenz\u00f3 una escalada de agresiones f\u00edsicas y amenazas de muerte. Seg\u00fan su testimonio, parte de esos episodios ocurrieron delante de su hijo de nueve a\u00f1os, un detalle que, en sus palabras, convirti\u00f3 el miedo en rutina y la oblig\u00f3 a priorizar la supervivencia diaria sobre cualquier otra cosa.<\/p>\n\n\n\n<p>Fern\u00e1ndez Tamayo afirma que sufri\u00f3 lesiones que requirieron atenci\u00f3n m\u00e9dica y estudios en un centro de salud. Dice tambi\u00e9n que, ante el temor de un ataque, abandon\u00f3 su vivienda, perdi\u00f3 su empleo y tuvo que permanecer escondida durante semanas junto al menor. En ese periodo, a\u00f1ade, el ni\u00f1o dej\u00f3 de asistir a la escuela por razones de seguridad, mientras ella intentaba reunir pruebas, buscar apoyo y sostenerse sin redes estables.<\/p>\n\n\n\n<p>De acuerdo con la publicaci\u00f3n, la v\u00edctima formaliz\u00f3 una denuncia el 24 de noviembre de 2025, registrada con el n\u00famero 85311 en la unidad policial correspondiente. Meses despu\u00e9s, siempre seg\u00fan el testimonio divulgado, el presunto agresor habr\u00eda sido capturado el 3 de enero, lo que para ella marc\u00f3 el fin de una etapa de terror constante, aunque no necesariamente el cierre del riesgo.<\/p>\n\n\n\n<iframe loading=\"lazy\" src=\"https:\/\/www.facebook.com\/plugins\/post.php?href=https%3A%2F%2Fwww.facebook.com%2Fpermalink.php%3Fstory_fbid%3Dpfbid075N6AQLSjQh3AVRgLf7YX4u6sW4k2aE27TCy4UVjAKs7A738jE2S1Dhgc9KsPoeZl%26id%3D61559784217848&#038;show_text=true&#038;width=500\" width=\"500\" height=\"710\" style=\"border:none;overflow:hidden\" scrolling=\"no\" frameborder=\"0\" allowfullscreen=\"true\" allow=\"autoplay; clipboard-write; encrypted-media; picture-in-picture; web-share\"><\/iframe>\n\n\n\n<p>En los comentarios que acompa\u00f1an la denuncia, decenas de usuarios insisten en que la mujer debe seguir protegi\u00e9ndose, mudarse o cambiar de provincia, y expresan desconfianza sobre la respuesta institucional y la posibilidad de que el acusado recupere la libertad en poco tiempo. La propia denunciante, seg\u00fan el post, subraya que su intenci\u00f3n no es venganza, sino alertar a otras mujeres sobre se\u00f1ales tempranas de control y abuso, y recordar que las amenazas no deben minimizarse. <\/p>\n\n\n\n<p>NiO Reportando un Crimen present\u00f3 el caso como un llamado a no guardar silencio y a documentar cada episodio, en un pa\u00eds donde muchas v\u00edctimas temen denunciar o no encuentran acompa\u00f1amiento suficiente cuando lo hacen. Hasta el momento, la publicaci\u00f3n no adjunt\u00f3 documentos completos del expediente &#8211; solo una captura de pantalla de la denuncia &#8211; ni una confirmaci\u00f3n p\u00fablica de la Polic\u00eda, por lo que los datos se sostienen en el testimonio y el n\u00famero de denuncia difundido.<\/p>\n","protected":false},"excerpt":{"rendered":"<p> Milagros In\u00e9s Fern\u00e1ndez Tamayo denunci\u00f3 meses de amenazas y maltrato. NiO Reportando un Crimen divulg\u00f3 su testimonio y el n\u00famero de denuncia.<\/p>\n","protected":false},"author":13,"featured_media":233625,"comment_status":"open","ping_status":"closed","sticky":false,"template":"","format":"standard","meta":{"_acf_changed":false,"footnotes":""},"categories":[18,955],"tags":[1069,11,2958,164,5528,28226,11284,421],"class_list":{"0":"post-233623","1":"post","2":"type-post","3":"status-publish","4":"format-standard","5":"has-post-thumbnail","7":"category-noticias","8":"category-noticias-de-cuba","9":"tag-amenazas","10":"tag-cuba","11":"tag-denuncia","12":"tag-la-habana","13":"tag-maltrato","14":"tag-nio-reportando-un-crimen","15":"tag-policia-2","16":"tag-violencia-de-genero"},"acf":[],"yoast_head":"<!-- This site is optimized with the Yoast SEO plugin v27.5 - https:\/\/yoast.com\/product\/yoast-seo-wordpress\/ -->\n<title>Cubana denuncia meses de amenazas y maltrato tras romper el silencio en La Habana. El &quot;machito&quot; est\u00e1 en la c\u00e1rcel - Cuballama Noticias<\/title>\n<meta name=\"description\" content=\"Cuba: mujer denuncia meses de amenazas y golpes; vivi\u00f3 escondida con su hijo, y afirma que agresor fue detenido en La Habana.\" \/>\n<meta name=\"robots\" content=\"index, follow, max-snippet:-1, max-image-preview:large, max-video-preview:-1\" \/>\n<link rel=\"canonical\" href=\"https:\/\/www.cuballama.com\/noticias\/cubana-denuncia-meses-de-amenazas-y-maltrato-tras-romper-el-silencio-en-la-habana-el-machito-esta-en-la-carcel\/\" \/>\n<meta property=\"og:locale\" content=\"es_ES\" \/>\n<meta property=\"og:type\" content=\"article\" \/>\n<meta property=\"og:title\" content=\"Cubana denuncia meses de amenazas y maltrato tras romper el silencio en La Habana. El &quot;machito&quot; est\u00e1 en la c\u00e1rcel - Cuballama Noticias\" \/>\n<meta property=\"og:description\" content=\"Cuba: mujer denuncia meses de amenazas y golpes; vivi\u00f3 escondida con su hijo, y afirma que agresor fue detenido en La Habana.\" \/>\n<meta property=\"og:url\" content=\"https:\/\/www.cuballama.com\/noticias\/cubana-denuncia-meses-de-amenazas-y-maltrato-tras-romper-el-silencio-en-la-habana-el-machito-esta-en-la-carcel\/\" \/>\n<meta property=\"og:site_name\" content=\"Cuballama Noticias\" \/>\n<meta property=\"article:publisher\" content=\"https:\/\/www.facebook.com\/CubaLlama\" \/>\n<meta property=\"article:published_time\" content=\"2026-01-28T18:59:34+00:00\" \/>\n<meta property=\"article:modified_time\" content=\"2026-01-28T18:59:37+00:00\" \/>\n<meta property=\"og:image\" content=\"https:\/\/cdn1.mediawpaccore.net\/wp-content\/uploads\/2026\/01\/28114259\/image-140.png\" \/>\n\t<meta property=\"og:image:width\" content=\"1970\" \/>\n\t<meta property=\"og:image:height\" content=\"1042\" \/>\n\t<meta property=\"og:image:type\" content=\"image\/png\" \/>\n<meta name=\"author\" content=\"Roberto A.\" \/>\n<meta name=\"twitter:card\" content=\"summary_large_image\" \/>\n<meta name=\"twitter:creator\" content=\"@cuballama\" \/>\n<meta name=\"twitter:site\" content=\"@cuballama\" \/>\n<meta name=\"twitter:label1\" content=\"Escrito por\" \/>\n\t<meta name=\"twitter:data1\" content=\"Roberto A.\" \/>\n<script type=\"application\/ld+json\" class=\"yoast-schema-graph\">{\"@context\":\"https:\\\/\\\/schema.org\",\"@graph\":[{\"@type\":\"Article\",\"@id\":\"https:\\\/\\\/www.cuballama.com\\\/noticias\\\/cubana-denuncia-meses-de-amenazas-y-maltrato-tras-romper-el-silencio-en-la-habana-el-machito-esta-en-la-carcel\\\/#article\",\"isPartOf\":{\"@id\":\"https:\\\/\\\/www.cuballama.com\\\/noticias\\\/cubana-denuncia-meses-de-amenazas-y-maltrato-tras-romper-el-silencio-en-la-habana-el-machito-esta-en-la-carcel\\\/\"},\"author\":{\"name\":\"Roberto A.\",\"@id\":\"https:\\\/\\\/www.cuballama.com\\\/noticias\\\/#\\\/schema\\\/person\\\/a58502ed4146c8e9f83872e897c76cd2\"},\"headline\":\"Cubana denuncia meses de amenazas y maltrato tras romper el silencio en La Habana. El \u00abmachito\u00bb est\u00e1 en la c\u00e1rcel\",\"datePublished\":\"2026-01-28T18:59:34+00:00\",\"dateModified\":\"2026-01-28T18:59:37+00:00\",\"mainEntityOfPage\":{\"@id\":\"https:\\\/\\\/www.cuballama.com\\\/noticias\\\/cubana-denuncia-meses-de-amenazas-y-maltrato-tras-romper-el-silencio-en-la-habana-el-machito-esta-en-la-carcel\\\/\"},\"wordCount\":480,\"commentCount\":0,\"publisher\":{\"@id\":\"https:\\\/\\\/www.cuballama.com\\\/noticias\\\/#organization\"},\"image\":{\"@id\":\"https:\\\/\\\/www.cuballama.com\\\/noticias\\\/cubana-denuncia-meses-de-amenazas-y-maltrato-tras-romper-el-silencio-en-la-habana-el-machito-esta-en-la-carcel\\\/#primaryimage\"},\"thumbnailUrl\":\"https:\\\/\\\/cdn1.mediawpaccore.net\\\/wp-content\\\/uploads\\\/2026\\\/01\\\/28114259\\\/image-140.png\",\"keywords\":[\"Amenazas\",\"Cuba\",\"denuncia\",\"La Habana\",\"Maltrato\",\"nio reportando un crimen\",\"polic\u00eda\",\"Violencia de G\u00e9nero\"],\"articleSection\":[\"Noticias\",\"Noticias de Cuba\"],\"inLanguage\":\"es\",\"potentialAction\":[{\"@type\":\"CommentAction\",\"name\":\"Comment\",\"target\":[\"https:\\\/\\\/www.cuballama.com\\\/noticias\\\/cubana-denuncia-meses-de-amenazas-y-maltrato-tras-romper-el-silencio-en-la-habana-el-machito-esta-en-la-carcel\\\/#respond\"]}]},{\"@type\":\"WebPage\",\"@id\":\"https:\\\/\\\/www.cuballama.com\\\/noticias\\\/cubana-denuncia-meses-de-amenazas-y-maltrato-tras-romper-el-silencio-en-la-habana-el-machito-esta-en-la-carcel\\\/\",\"url\":\"https:\\\/\\\/www.cuballama.com\\\/noticias\\\/cubana-denuncia-meses-de-amenazas-y-maltrato-tras-romper-el-silencio-en-la-habana-el-machito-esta-en-la-carcel\\\/\",\"name\":\"Cubana denuncia meses de amenazas y maltrato tras romper el silencio en La Habana. El \\\"machito\\\" est\u00e1 en la c\u00e1rcel - Cuballama Noticias\",\"isPartOf\":{\"@id\":\"https:\\\/\\\/www.cuballama.com\\\/noticias\\\/#website\"},\"primaryImageOfPage\":{\"@id\":\"https:\\\/\\\/www.cuballama.com\\\/noticias\\\/cubana-denuncia-meses-de-amenazas-y-maltrato-tras-romper-el-silencio-en-la-habana-el-machito-esta-en-la-carcel\\\/#primaryimage\"},\"image\":{\"@id\":\"https:\\\/\\\/www.cuballama.com\\\/noticias\\\/cubana-denuncia-meses-de-amenazas-y-maltrato-tras-romper-el-silencio-en-la-habana-el-machito-esta-en-la-carcel\\\/#primaryimage\"},\"thumbnailUrl\":\"https:\\\/\\\/cdn1.mediawpaccore.net\\\/wp-content\\\/uploads\\\/2026\\\/01\\\/28114259\\\/image-140.png\",\"datePublished\":\"2026-01-28T18:59:34+00:00\",\"dateModified\":\"2026-01-28T18:59:37+00:00\",\"description\":\"Cuba: mujer denuncia meses de amenazas y golpes; vivi\u00f3 escondida con su hijo, y afirma que agresor fue detenido en La Habana.\",\"breadcrumb\":{\"@id\":\"https:\\\/\\\/www.cuballama.com\\\/noticias\\\/cubana-denuncia-meses-de-amenazas-y-maltrato-tras-romper-el-silencio-en-la-habana-el-machito-esta-en-la-carcel\\\/#breadcrumb\"},\"inLanguage\":\"es\",\"potentialAction\":[{\"@type\":\"ReadAction\",\"target\":[\"https:\\\/\\\/www.cuballama.com\\\/noticias\\\/cubana-denuncia-meses-de-amenazas-y-maltrato-tras-romper-el-silencio-en-la-habana-el-machito-esta-en-la-carcel\\\/\"]}]},{\"@type\":\"ImageObject\",\"inLanguage\":\"es\",\"@id\":\"https:\\\/\\\/www.cuballama.com\\\/noticias\\\/cubana-denuncia-meses-de-amenazas-y-maltrato-tras-romper-el-silencio-en-la-habana-el-machito-esta-en-la-carcel\\\/#primaryimage\",\"url\":\"https:\\\/\\\/cdn1.mediawpaccore.net\\\/wp-content\\\/uploads\\\/2026\\\/01\\\/28114259\\\/image-140.png\",\"contentUrl\":\"https:\\\/\\\/cdn1.mediawpaccore.net\\\/wp-content\\\/uploads\\\/2026\\\/01\\\/28114259\\\/image-140.png\",\"width\":1970,\"height\":1042,\"caption\":\"El abusador y maltratador de la mujer fue identificado como Luis Miguel Mil\u00e1n Cristi\u00e1. Foto: Cortes\u00eda de Niover Licea\"},{\"@type\":\"BreadcrumbList\",\"@id\":\"https:\\\/\\\/www.cuballama.com\\\/noticias\\\/cubana-denuncia-meses-de-amenazas-y-maltrato-tras-romper-el-silencio-en-la-habana-el-machito-esta-en-la-carcel\\\/#breadcrumb\",\"itemListElement\":[{\"@type\":\"ListItem\",\"position\":1,\"name\":\"Home\",\"item\":\"https:\\\/\\\/www.cuballama.com\\\/noticias\\\/\"},{\"@type\":\"ListItem\",\"position\":2,\"name\":\"Cubana denuncia meses de amenazas y maltrato tras romper el silencio en La Habana. El \u00abmachito\u00bb est\u00e1 en la c\u00e1rcel\"}]},{\"@type\":\"WebSite\",\"@id\":\"https:\\\/\\\/www.cuballama.com\\\/noticias\\\/#website\",\"url\":\"https:\\\/\\\/www.cuballama.com\\\/noticias\\\/\",\"name\":\"Cuballama Noticias\",\"description\":\"Medio digital sobre Cuba y el mundo\",\"publisher\":{\"@id\":\"https:\\\/\\\/www.cuballama.com\\\/noticias\\\/#organization\"},\"potentialAction\":[{\"@type\":\"SearchAction\",\"target\":{\"@type\":\"EntryPoint\",\"urlTemplate\":\"https:\\\/\\\/www.cuballama.com\\\/noticias\\\/?s={search_term_string}\"},\"query-input\":{\"@type\":\"PropertyValueSpecification\",\"valueRequired\":true,\"valueName\":\"search_term_string\"}}],\"inLanguage\":\"es\"},{\"@type\":\"Organization\",\"@id\":\"https:\\\/\\\/www.cuballama.com\\\/noticias\\\/#organization\",\"name\":\"Cuballama\",\"url\":\"https:\\\/\\\/www.cuballama.com\\\/noticias\\\/\",\"logo\":{\"@type\":\"ImageObject\",\"inLanguage\":\"es\",\"@id\":\"https:\\\/\\\/www.cuballama.com\\\/noticias\\\/#\\\/schema\\\/logo\\\/image\\\/\",\"url\":\"https:\\\/\\\/cdn1.mediawpaccore.net\\\/wp-content\\\/uploads\\\/2021\\\/12\\\/28171206\\\/cbll-logo-color-sm.png\",\"contentUrl\":\"https:\\\/\\\/cdn1.mediawpaccore.net\\\/wp-content\\\/uploads\\\/2021\\\/12\\\/28171206\\\/cbll-logo-color-sm.png\",\"width\":600,\"height\":133,\"caption\":\"Cuballama\"},\"image\":{\"@id\":\"https:\\\/\\\/www.cuballama.com\\\/noticias\\\/#\\\/schema\\\/logo\\\/image\\\/\"},\"sameAs\":[\"https:\\\/\\\/www.facebook.com\\\/CubaLlama\",\"https:\\\/\\\/x.com\\\/cuballama\",\"https:\\\/\\\/www.instagram.com\\\/stories\\\/cuballama_oficial\\\/\",\"https:\\\/\\\/www.youtube.com\\\/channel\\\/UCKkFE-d_axENGZcrc4as0IA\"]},{\"@type\":\"Person\",\"@id\":\"https:\\\/\\\/www.cuballama.com\\\/noticias\\\/#\\\/schema\\\/person\\\/a58502ed4146c8e9f83872e897c76cd2\",\"name\":\"Roberto A.\",\"description\":\"Roberto A. Periodista por decisi\u00f3n propia. Interesado en cualquier tema que me apasione y cada vez m\u00e1s comprometido con la verdad y la objetividad period\u00edstica. Graduado en La Habana hace ya muchos a\u00f1os, luego de una accidentada y polvorienta b\u00fasqueda de informaci\u00f3n sobre un tema in\u00e9dito. La Tesis, por cierto, desapareci\u00f3 de la biblioteca y no se conservan copias de la misma.\",\"url\":\"https:\\\/\\\/www.cuballama.com\\\/noticias\\\/author\\\/roberto\\\/\"}]}<\/script>\n<!-- \/ Yoast SEO plugin. -->","yoast_head_json":{"title":"Cubana denuncia meses de amenazas y maltrato tras romper el silencio en La Habana. El \"machito\" est\u00e1 en la c\u00e1rcel - Cuballama Noticias","description":"Cuba: mujer denuncia meses de amenazas y golpes; vivi\u00f3 escondida con su hijo, y afirma que agresor fue detenido en La Habana.","robots":{"index":"index","follow":"follow","max-snippet":"max-snippet:-1","max-image-preview":"max-image-preview:large","max-video-preview":"max-video-preview:-1"},"canonical":"https:\/\/www.cuballama.com\/noticias\/cubana-denuncia-meses-de-amenazas-y-maltrato-tras-romper-el-silencio-en-la-habana-el-machito-esta-en-la-carcel\/","og_locale":"es_ES","og_type":"article","og_title":"Cubana denuncia meses de amenazas y maltrato tras romper el silencio en La Habana. El \"machito\" est\u00e1 en la c\u00e1rcel - Cuballama Noticias","og_description":"Cuba: mujer denuncia meses de amenazas y golpes; vivi\u00f3 escondida con su hijo, y afirma que agresor fue detenido en La Habana.","og_url":"https:\/\/www.cuballama.com\/noticias\/cubana-denuncia-meses-de-amenazas-y-maltrato-tras-romper-el-silencio-en-la-habana-el-machito-esta-en-la-carcel\/","og_site_name":"Cuballama Noticias","article_publisher":"https:\/\/www.facebook.com\/CubaLlama","article_published_time":"2026-01-28T18:59:34+00:00","article_modified_time":"2026-01-28T18:59:37+00:00","og_image":[{"width":1970,"height":1042,"url":"https:\/\/cdn1.mediawpaccore.net\/wp-content\/uploads\/2026\/01\/28114259\/image-140.png","type":"image\/png"}],"author":"Roberto A.","twitter_card":"summary_large_image","twitter_creator":"@cuballama","twitter_site":"@cuballama","twitter_misc":{"Escrito por":"Roberto A."},"schema":{"@context":"https:\/\/schema.org","@graph":[{"@type":"Article","@id":"https:\/\/www.cuballama.com\/noticias\/cubana-denuncia-meses-de-amenazas-y-maltrato-tras-romper-el-silencio-en-la-habana-el-machito-esta-en-la-carcel\/#article","isPartOf":{"@id":"https:\/\/www.cuballama.com\/noticias\/cubana-denuncia-meses-de-amenazas-y-maltrato-tras-romper-el-silencio-en-la-habana-el-machito-esta-en-la-carcel\/"},"author":{"name":"Roberto A.","@id":"https:\/\/www.cuballama.com\/noticias\/#\/schema\/person\/a58502ed4146c8e9f83872e897c76cd2"},"headline":"Cubana denuncia meses de amenazas y maltrato tras romper el silencio en La Habana. El \u00abmachito\u00bb est\u00e1 en la c\u00e1rcel","datePublished":"2026-01-28T18:59:34+00:00","dateModified":"2026-01-28T18:59:37+00:00","mainEntityOfPage":{"@id":"https:\/\/www.cuballama.com\/noticias\/cubana-denuncia-meses-de-amenazas-y-maltrato-tras-romper-el-silencio-en-la-habana-el-machito-esta-en-la-carcel\/"},"wordCount":480,"commentCount":0,"publisher":{"@id":"https:\/\/www.cuballama.com\/noticias\/#organization"},"image":{"@id":"https:\/\/www.cuballama.com\/noticias\/cubana-denuncia-meses-de-amenazas-y-maltrato-tras-romper-el-silencio-en-la-habana-el-machito-esta-en-la-carcel\/#primaryimage"},"thumbnailUrl":"https:\/\/cdn1.mediawpaccore.net\/wp-content\/uploads\/2026\/01\/28114259\/image-140.png","keywords":["Amenazas","Cuba","denuncia","La Habana","Maltrato","nio reportando un crimen","polic\u00eda","Violencia de G\u00e9nero"],"articleSection":["Noticias","Noticias de Cuba"],"inLanguage":"es","potentialAction":[{"@type":"CommentAction","name":"Comment","target":["https:\/\/www.cuballama.com\/noticias\/cubana-denuncia-meses-de-amenazas-y-maltrato-tras-romper-el-silencio-en-la-habana-el-machito-esta-en-la-carcel\/#respond"]}]},{"@type":"WebPage","@id":"https:\/\/www.cuballama.com\/noticias\/cubana-denuncia-meses-de-amenazas-y-maltrato-tras-romper-el-silencio-en-la-habana-el-machito-esta-en-la-carcel\/","url":"https:\/\/www.cuballama.com\/noticias\/cubana-denuncia-meses-de-amenazas-y-maltrato-tras-romper-el-silencio-en-la-habana-el-machito-esta-en-la-carcel\/","name":"Cubana denuncia meses de amenazas y maltrato tras romper el silencio en La Habana. El \"machito\" est\u00e1 en la c\u00e1rcel - Cuballama Noticias","isPartOf":{"@id":"https:\/\/www.cuballama.com\/noticias\/#website"},"primaryImageOfPage":{"@id":"https:\/\/www.cuballama.com\/noticias\/cubana-denuncia-meses-de-amenazas-y-maltrato-tras-romper-el-silencio-en-la-habana-el-machito-esta-en-la-carcel\/#primaryimage"},"image":{"@id":"https:\/\/www.cuballama.com\/noticias\/cubana-denuncia-meses-de-amenazas-y-maltrato-tras-romper-el-silencio-en-la-habana-el-machito-esta-en-la-carcel\/#primaryimage"},"thumbnailUrl":"https:\/\/cdn1.mediawpaccore.net\/wp-content\/uploads\/2026\/01\/28114259\/image-140.png","datePublished":"2026-01-28T18:59:34+00:00","dateModified":"2026-01-28T18:59:37+00:00","description":"Cuba: mujer denuncia meses de amenazas y golpes; vivi\u00f3 escondida con su hijo, y afirma que agresor fue detenido en La Habana.","breadcrumb":{"@id":"https:\/\/www.cuballama.com\/noticias\/cubana-denuncia-meses-de-amenazas-y-maltrato-tras-romper-el-silencio-en-la-habana-el-machito-esta-en-la-carcel\/#breadcrumb"},"inLanguage":"es","potentialAction":[{"@type":"ReadAction","target":["https:\/\/www.cuballama.com\/noticias\/cubana-denuncia-meses-de-amenazas-y-maltrato-tras-romper-el-silencio-en-la-habana-el-machito-esta-en-la-carcel\/"]}]},{"@type":"ImageObject","inLanguage":"es","@id":"https:\/\/www.cuballama.com\/noticias\/cubana-denuncia-meses-de-amenazas-y-maltrato-tras-romper-el-silencio-en-la-habana-el-machito-esta-en-la-carcel\/#primaryimage","url":"https:\/\/cdn1.mediawpaccore.net\/wp-content\/uploads\/2026\/01\/28114259\/image-140.png","contentUrl":"https:\/\/cdn1.mediawpaccore.net\/wp-content\/uploads\/2026\/01\/28114259\/image-140.png","width":1970,"height":1042,"caption":"El abusador y maltratador de la mujer fue identificado como Luis Miguel Mil\u00e1n Cristi\u00e1. Foto: Cortes\u00eda de Niover Licea"},{"@type":"BreadcrumbList","@id":"https:\/\/www.cuballama.com\/noticias\/cubana-denuncia-meses-de-amenazas-y-maltrato-tras-romper-el-silencio-en-la-habana-el-machito-esta-en-la-carcel\/#breadcrumb","itemListElement":[{"@type":"ListItem","position":1,"name":"Home","item":"https:\/\/www.cuballama.com\/noticias\/"},{"@type":"ListItem","position":2,"name":"Cubana denuncia meses de amenazas y maltrato tras romper el silencio en La Habana. El \u00abmachito\u00bb est\u00e1 en la c\u00e1rcel"}]},{"@type":"WebSite","@id":"https:\/\/www.cuballama.com\/noticias\/#website","url":"https:\/\/www.cuballama.com\/noticias\/","name":"Cuballama Noticias","description":"Medio digital sobre Cuba y el mundo","publisher":{"@id":"https:\/\/www.cuballama.com\/noticias\/#organization"},"potentialAction":[{"@type":"SearchAction","target":{"@type":"EntryPoint","urlTemplate":"https:\/\/www.cuballama.com\/noticias\/?s={search_term_string}"},"query-input":{"@type":"PropertyValueSpecification","valueRequired":true,"valueName":"search_term_string"}}],"inLanguage":"es"},{"@type":"Organization","@id":"https:\/\/www.cuballama.com\/noticias\/#organization","name":"Cuballama","url":"https:\/\/www.cuballama.com\/noticias\/","logo":{"@type":"ImageObject","inLanguage":"es","@id":"https:\/\/www.cuballama.com\/noticias\/#\/schema\/logo\/image\/","url":"https:\/\/cdn1.mediawpaccore.net\/wp-content\/uploads\/2021\/12\/28171206\/cbll-logo-color-sm.png","contentUrl":"https:\/\/cdn1.mediawpaccore.net\/wp-content\/uploads\/2021\/12\/28171206\/cbll-logo-color-sm.png","width":600,"height":133,"caption":"Cuballama"},"image":{"@id":"https:\/\/www.cuballama.com\/noticias\/#\/schema\/logo\/image\/"},"sameAs":["https:\/\/www.facebook.com\/CubaLlama","https:\/\/x.com\/cuballama","https:\/\/www.instagram.com\/stories\/cuballama_oficial\/","https:\/\/www.youtube.com\/channel\/UCKkFE-d_axENGZcrc4as0IA"]},{"@type":"Person","@id":"https:\/\/www.cuballama.com\/noticias\/#\/schema\/person\/a58502ed4146c8e9f83872e897c76cd2","name":"Roberto A.","description":"Roberto A. Periodista por decisi\u00f3n propia. Interesado en cualquier tema que me apasione y cada vez m\u00e1s comprometido con la verdad y la objetividad period\u00edstica. Graduado en La Habana hace ya muchos a\u00f1os, luego de una accidentada y polvorienta b\u00fasqueda de informaci\u00f3n sobre un tema in\u00e9dito. La Tesis, por cierto, desapareci\u00f3 de la biblioteca y no se conservan copias de la misma.","url":"https:\/\/www.cuballama.com\/noticias\/author\/roberto\/"}]}},"_links":{"self":[{"href":"https:\/\/www.cuballama.com\/noticias\/wp-json\/wp\/v2\/posts\/233623","targetHints":{"allow":["GET"]}}],"collection":[{"href":"https:\/\/www.cuballama.com\/noticias\/wp-json\/wp\/v2\/posts"}],"about":[{"href":"https:\/\/www.cuballama.com\/noticias\/wp-json\/wp\/v2\/types\/post"}],"author":[{"embeddable":true,"href":"https:\/\/www.cuballama.com\/noticias\/wp-json\/wp\/v2\/users\/13"}],"replies":[{"embeddable":true,"href":"https:\/\/www.cuballama.com\/noticias\/wp-json\/wp\/v2\/comments?post=233623"}],"version-history":[{"count":3,"href":"https:\/\/www.cuballama.com\/noticias\/wp-json\/wp\/v2\/posts\/233623\/revisions"}],"predecessor-version":[{"id":233627,"href":"https:\/\/www.cuballama.com\/noticias\/wp-json\/wp\/v2\/posts\/233623\/revisions\/233627"}],"wp:featuredmedia":[{"embeddable":true,"href":"https:\/\/www.cuballama.com\/noticias\/wp-json\/wp\/v2\/media\/233625"}],"wp:attachment":[{"href":"https:\/\/www.cuballama.com\/noticias\/wp-json\/wp\/v2\/media?parent=233623"}],"wp:term":[{"taxonomy":"category","embeddable":true,"href":"https:\/\/www.cuballama.com\/noticias\/wp-json\/wp\/v2\/categories?post=233623"},{"taxonomy":"post_tag","embeddable":true,"href":"https:\/\/www.cuballama.com\/noticias\/wp-json\/wp\/v2\/tags?post=233623"}],"curies":[{"name":"wp","href":"https:\/\/api.w.org\/{rel}","templated":true}]}}