{"id":233615,"date":"2026-01-28T13:58:56","date_gmt":"2026-01-28T18:58:56","guid":{"rendered":"https:\/\/www.cuballama.com\/noticias\/?p=233615"},"modified":"2026-01-28T13:58:58","modified_gmt":"2026-01-28T18:58:58","slug":"documentan-dos-presuntos-casos-de-abuso-de-poder-en-la-isla","status":"publish","type":"post","link":"https:\/\/www.cuballama.com\/noticias\/documentan-dos-presuntos-casos-de-abuso-de-poder-en-la-isla\/","title":{"rendered":"Documentan dos presuntos casos de abuso de poder en la isla"},"content":{"rendered":"\n<p>Dos denuncias divulgadas en las \u00faltimas horas por la plataforma NiO Reportando un Crimen han puesto nuevamente bajo escrutinio a estructuras del Ministerio del Interior (MININT) en Cuba, al exponer se\u00f1alamientos de corrupci\u00f3n, enriquecimiento il\u00edcito y represalias internas contra funcionarios que intentan desvincularse de ese aparato. Los testimonios, difundidos a trav\u00e9s de redes sociales y acompa\u00f1ados de llamados a aportar pruebas, describen un patr\u00f3n de abuso de poder que, de confirmarse, evidenciar\u00eda pr\u00e1cticas sistem\u00e1ticas de impunidad dentro de la c\u00fapula represiva del pa\u00eds.<\/p>\n\n\n\n<p>El primer caso apunta contra Juan Carlos Gonz\u00e1lez Mederos, coronel del MININT, de 61 a\u00f1os, quien se desempe\u00f1\u00f3 como jefe en el municipio habanero de San Miguel del Padr\u00f3n y posteriormente en Playa. Seg\u00fan la denuncia, el oficial estar\u00eda vinculado a negocios irregulares en la zona de La Cuevita, se\u00f1alada por vecinos como un enclave hist\u00f3rico de corrupci\u00f3n y comercio ilegal. Entre los se\u00f1alamientos figura la presunta propiedad de un veh\u00edculo Willys Jeep valorado en m\u00e1s de 50 mil d\u00f3lares, un bien incompatible con los ingresos oficiales de un funcionario estatal. <\/p>\n\n\n\n<p>De acuerdo con la informaci\u00f3n recibida por la plataforma, el autom\u00f3vil no aparece registrado a nombre del coronel, sino a nombre de su hermano, Eduardo Roberto Gonz\u00e1lez, lo que levantar\u00eda sospechas de un posible testaferro. El veh\u00edculo, siempre seg\u00fan los denunciantes, ser\u00eda utilizado para rutas tur\u00edsticas privadas y habr\u00eda sido detectado con cajas de ron Havana Club de diferentes a\u00f1os, lo que alimenta las acusaciones de actividad econ\u00f3mica il\u00edcita, acaparamiento y especulaci\u00f3n.<\/p>\n\n\n\n<p>Las denuncias tambi\u00e9n describen un estilo de mando basado en el autoritarismo y el maltrato sistem\u00e1tico. Subordinados habr\u00edan sufrido amenazas, lenguaje ofensivo, retenci\u00f3n de bajas m\u00e9dicas y jubilaciones, as\u00ed como la negativa a garantizar recursos m\u00ednimos de trabajo, presuntamente con la complicidad de otros cuadros. La gesti\u00f3n del coronel, afirman, provoc\u00f3 numerosas bajas en las unidades donde fue designado.<\/p>\n\n\n\n<iframe loading=\"lazy\" src=\"https:\/\/www.facebook.com\/plugins\/post.php?href=https%3A%2F%2Fwww.facebook.com%2Fpermalink.php%3Fstory_fbid%3Dpfbid02immWU84ZVUygvSV7G6r8hXxuY4f2jkwypuSFbEz4VFbobhDVtJ9Besm1hsdkpqQ3l%26id%3D61559784217848&#038;show_text=true&#038;width=500\" width=\"500\" height=\"793\" style=\"border:none;overflow:hidden\" scrolling=\"no\" frameborder=\"0\" allowfullscreen=\"true\" allow=\"autoplay; clipboard-write; encrypted-media; picture-in-picture; web-share\"><\/iframe>\n\n\n\n<p>El segundo caso divulgado involucra a L\u00e1zaro Melian Leyva, exoficial de la Polic\u00eda Nacional Revolucionaria, actualmente recluido en la Prisi\u00f3n Disciplinaria de Occidente, en El Cotorro. Seg\u00fan su entorno y su propio testimonio, Melian hab\u00eda solicitado formalmente su baja hac\u00eda alrededor de un a\u00f1o y medio por razones familiares y econ\u00f3micas: era el \u00fanico sustento de un hogar con una madre en silla de ruedas, un sobrino enfermo y una hermana dedicada a su cuidado.<\/p>\n\n\n\n<p>Tras meses sin respuesta, el exoficial se present\u00f3 en la unidad de Playa para reiterar su decisi\u00f3n. Lejos de recibir una salida administrativa, el entonces jefe, identificado como el propio Gonz\u00e1lez Mederos, habr\u00eda ordenado su presentaci\u00f3n ante la Fiscal\u00eda Militar, que le impuso prisi\u00f3n provisional por presunta insubordinaci\u00f3n. El caso, denuncian sus allegados, forma parte de un patr\u00f3n de castigos ejemplarizantes contra quienes intentan abandonar el MININT.<\/p>\n\n\n\n<iframe loading=\"lazy\" src=\"https:\/\/www.facebook.com\/plugins\/post.php?href=https%3A%2F%2Fwww.facebook.com%2Fpermalink.php%3Fstory_fbid%3Dpfbid09CfQnT56heAcmKnwSxSKvL37W6MVtDVpA8CtUouHyE4oHunn8DQG8XoZGAeU2pdtl%26id%3D61559784217848&#038;show_text=true&#038;width=500\" width=\"500\" height=\"713\" style=\"border:none;overflow:hidden\" scrolling=\"no\" frameborder=\"0\" allowfullscreen=\"true\" allow=\"autoplay; clipboard-write; encrypted-media; picture-in-picture; web-share\"><\/iframe>\n\n\n\n<p>NiO Reportando un Crimen llam\u00f3 a la ciudadan\u00eda a aportar testimonios, documentos e im\u00e1genes que permitan verificar los hechos. Mientras tanto, los comentarios que acompa\u00f1an ambas publicaciones reflejan una percepci\u00f3n extendida de impunidad y desprotecci\u00f3n institucional, en un pa\u00eds donde las denuncias contra altos funcionarios rara vez prosperan. <\/p>\n","protected":false},"excerpt":{"rendered":"<p>NiO Reportando un Crimen document\u00f3 dos casos que se\u00f1alan a mandos del MININT por corrupci\u00f3n y represalias contra un exoficial.<\/p>\n","protected":false},"author":13,"featured_media":233629,"comment_status":"open","ping_status":"closed","sticky":false,"template":"","format":"standard","meta":{"_acf_changed":false,"footnotes":""},"categories":[18,955],"tags":[4675,6487,11,2864,4226,28226,722,4747],"class_list":{"0":"post-233615","1":"post","2":"type-post","3":"status-publish","4":"format-standard","5":"has-post-thumbnail","7":"category-noticias","8":"category-noticias-de-cuba","9":"tag-abuso-de-poder","10":"tag-corrupcion","11":"tag-cuba","12":"tag-derechos-humanos","13":"tag-minint","14":"tag-nio-reportando-un-crimen","15":"tag-pnr","16":"tag-represion"},"acf":[],"yoast_head":"<!-- This site is optimized with the Yoast SEO plugin v27.5 - https:\/\/yoast.com\/product\/yoast-seo-wordpress\/ -->\n<title>Documentan dos presuntos casos de abuso de poder en la isla - Cuballama Noticias<\/title>\n<meta name=\"description\" content=\"Dos denuncias exponen presunto abuso de poder en Cuba: corrupci\u00f3n en el MININT y c\u00e1rcel a un exPNR por intentar dejar el cargo.\" \/>\n<meta name=\"robots\" content=\"index, follow, max-snippet:-1, max-image-preview:large, max-video-preview:-1\" \/>\n<link rel=\"canonical\" href=\"https:\/\/www.cuballama.com\/noticias\/documentan-dos-presuntos-casos-de-abuso-de-poder-en-la-isla\/\" \/>\n<meta property=\"og:locale\" content=\"es_ES\" \/>\n<meta property=\"og:type\" content=\"article\" \/>\n<meta property=\"og:title\" content=\"Documentan dos presuntos casos de abuso de poder en la isla - Cuballama Noticias\" \/>\n<meta property=\"og:description\" content=\"Dos denuncias exponen presunto abuso de poder en Cuba: corrupci\u00f3n en el MININT y c\u00e1rcel a un exPNR por intentar dejar el cargo.\" \/>\n<meta property=\"og:url\" content=\"https:\/\/www.cuballama.com\/noticias\/documentan-dos-presuntos-casos-de-abuso-de-poder-en-la-isla\/\" \/>\n<meta property=\"og:site_name\" content=\"Cuballama Noticias\" \/>\n<meta property=\"article:publisher\" content=\"https:\/\/www.facebook.com\/CubaLlama\" \/>\n<meta property=\"article:published_time\" content=\"2026-01-28T18:58:56+00:00\" \/>\n<meta property=\"article:modified_time\" content=\"2026-01-28T18:58:58+00:00\" \/>\n<meta property=\"og:image\" content=\"https:\/\/cdn1.mediawpaccore.net\/wp-content\/uploads\/2026\/01\/28115206\/image-141.png\" \/>\n\t<meta property=\"og:image:width\" content=\"1968\" \/>\n\t<meta property=\"og:image:height\" content=\"1034\" \/>\n\t<meta property=\"og:image:type\" content=\"image\/png\" \/>\n<meta name=\"author\" content=\"Roberto A.\" \/>\n<meta name=\"twitter:card\" content=\"summary_large_image\" \/>\n<meta name=\"twitter:creator\" content=\"@cuballama\" \/>\n<meta name=\"twitter:site\" content=\"@cuballama\" \/>\n<meta name=\"twitter:label1\" content=\"Escrito por\" \/>\n\t<meta name=\"twitter:data1\" content=\"Roberto A.\" \/>\n<script type=\"application\/ld+json\" class=\"yoast-schema-graph\">{\"@context\":\"https:\\\/\\\/schema.org\",\"@graph\":[{\"@type\":\"Article\",\"@id\":\"https:\\\/\\\/www.cuballama.com\\\/noticias\\\/documentan-dos-presuntos-casos-de-abuso-de-poder-en-la-isla\\\/#article\",\"isPartOf\":{\"@id\":\"https:\\\/\\\/www.cuballama.com\\\/noticias\\\/documentan-dos-presuntos-casos-de-abuso-de-poder-en-la-isla\\\/\"},\"author\":{\"name\":\"Roberto A.\",\"@id\":\"https:\\\/\\\/www.cuballama.com\\\/noticias\\\/#\\\/schema\\\/person\\\/a58502ed4146c8e9f83872e897c76cd2\"},\"headline\":\"Documentan dos presuntos casos de abuso de poder en la isla\",\"datePublished\":\"2026-01-28T18:58:56+00:00\",\"dateModified\":\"2026-01-28T18:58:58+00:00\",\"mainEntityOfPage\":{\"@id\":\"https:\\\/\\\/www.cuballama.com\\\/noticias\\\/documentan-dos-presuntos-casos-de-abuso-de-poder-en-la-isla\\\/\"},\"wordCount\":569,\"commentCount\":0,\"publisher\":{\"@id\":\"https:\\\/\\\/www.cuballama.com\\\/noticias\\\/#organization\"},\"image\":{\"@id\":\"https:\\\/\\\/www.cuballama.com\\\/noticias\\\/documentan-dos-presuntos-casos-de-abuso-de-poder-en-la-isla\\\/#primaryimage\"},\"thumbnailUrl\":\"https:\\\/\\\/cdn1.mediawpaccore.net\\\/wp-content\\\/uploads\\\/2026\\\/01\\\/28115206\\\/image-141.png\",\"keywords\":[\"abuso de poder\",\"Corrupci\u00f3n\",\"Cuba\",\"derechos humanos\",\"MININT\",\"nio reportando un crimen\",\"PNR\",\"represi\u00f3n\"],\"articleSection\":[\"Noticias\",\"Noticias de Cuba\"],\"inLanguage\":\"es\",\"potentialAction\":[{\"@type\":\"CommentAction\",\"name\":\"Comment\",\"target\":[\"https:\\\/\\\/www.cuballama.com\\\/noticias\\\/documentan-dos-presuntos-casos-de-abuso-de-poder-en-la-isla\\\/#respond\"]}]},{\"@type\":\"WebPage\",\"@id\":\"https:\\\/\\\/www.cuballama.com\\\/noticias\\\/documentan-dos-presuntos-casos-de-abuso-de-poder-en-la-isla\\\/\",\"url\":\"https:\\\/\\\/www.cuballama.com\\\/noticias\\\/documentan-dos-presuntos-casos-de-abuso-de-poder-en-la-isla\\\/\",\"name\":\"Documentan dos presuntos casos de abuso de poder en la isla - Cuballama Noticias\",\"isPartOf\":{\"@id\":\"https:\\\/\\\/www.cuballama.com\\\/noticias\\\/#website\"},\"primaryImageOfPage\":{\"@id\":\"https:\\\/\\\/www.cuballama.com\\\/noticias\\\/documentan-dos-presuntos-casos-de-abuso-de-poder-en-la-isla\\\/#primaryimage\"},\"image\":{\"@id\":\"https:\\\/\\\/www.cuballama.com\\\/noticias\\\/documentan-dos-presuntos-casos-de-abuso-de-poder-en-la-isla\\\/#primaryimage\"},\"thumbnailUrl\":\"https:\\\/\\\/cdn1.mediawpaccore.net\\\/wp-content\\\/uploads\\\/2026\\\/01\\\/28115206\\\/image-141.png\",\"datePublished\":\"2026-01-28T18:58:56+00:00\",\"dateModified\":\"2026-01-28T18:58:58+00:00\",\"description\":\"Dos denuncias exponen presunto abuso de poder en Cuba: corrupci\u00f3n en el MININT y c\u00e1rcel a un exPNR por intentar dejar el cargo.\",\"breadcrumb\":{\"@id\":\"https:\\\/\\\/www.cuballama.com\\\/noticias\\\/documentan-dos-presuntos-casos-de-abuso-de-poder-en-la-isla\\\/#breadcrumb\"},\"inLanguage\":\"es\",\"potentialAction\":[{\"@type\":\"ReadAction\",\"target\":[\"https:\\\/\\\/www.cuballama.com\\\/noticias\\\/documentan-dos-presuntos-casos-de-abuso-de-poder-en-la-isla\\\/\"]}]},{\"@type\":\"ImageObject\",\"inLanguage\":\"es\",\"@id\":\"https:\\\/\\\/www.cuballama.com\\\/noticias\\\/documentan-dos-presuntos-casos-de-abuso-de-poder-en-la-isla\\\/#primaryimage\",\"url\":\"https:\\\/\\\/cdn1.mediawpaccore.net\\\/wp-content\\\/uploads\\\/2026\\\/01\\\/28115206\\\/image-141.png\",\"contentUrl\":\"https:\\\/\\\/cdn1.mediawpaccore.net\\\/wp-content\\\/uploads\\\/2026\\\/01\\\/28115206\\\/image-141.png\",\"width\":1968,\"height\":1034,\"caption\":\"Foto: Cortes\u00eda de Niover Licea\"},{\"@type\":\"BreadcrumbList\",\"@id\":\"https:\\\/\\\/www.cuballama.com\\\/noticias\\\/documentan-dos-presuntos-casos-de-abuso-de-poder-en-la-isla\\\/#breadcrumb\",\"itemListElement\":[{\"@type\":\"ListItem\",\"position\":1,\"name\":\"Home\",\"item\":\"https:\\\/\\\/www.cuballama.com\\\/noticias\\\/\"},{\"@type\":\"ListItem\",\"position\":2,\"name\":\"Documentan dos presuntos casos de abuso de poder en la isla\"}]},{\"@type\":\"WebSite\",\"@id\":\"https:\\\/\\\/www.cuballama.com\\\/noticias\\\/#website\",\"url\":\"https:\\\/\\\/www.cuballama.com\\\/noticias\\\/\",\"name\":\"Cuballama Noticias\",\"description\":\"Medio digital sobre Cuba y el mundo\",\"publisher\":{\"@id\":\"https:\\\/\\\/www.cuballama.com\\\/noticias\\\/#organization\"},\"potentialAction\":[{\"@type\":\"SearchAction\",\"target\":{\"@type\":\"EntryPoint\",\"urlTemplate\":\"https:\\\/\\\/www.cuballama.com\\\/noticias\\\/?s={search_term_string}\"},\"query-input\":{\"@type\":\"PropertyValueSpecification\",\"valueRequired\":true,\"valueName\":\"search_term_string\"}}],\"inLanguage\":\"es\"},{\"@type\":\"Organization\",\"@id\":\"https:\\\/\\\/www.cuballama.com\\\/noticias\\\/#organization\",\"name\":\"Cuballama\",\"url\":\"https:\\\/\\\/www.cuballama.com\\\/noticias\\\/\",\"logo\":{\"@type\":\"ImageObject\",\"inLanguage\":\"es\",\"@id\":\"https:\\\/\\\/www.cuballama.com\\\/noticias\\\/#\\\/schema\\\/logo\\\/image\\\/\",\"url\":\"https:\\\/\\\/cdn1.mediawpaccore.net\\\/wp-content\\\/uploads\\\/2021\\\/12\\\/28171206\\\/cbll-logo-color-sm.png\",\"contentUrl\":\"https:\\\/\\\/cdn1.mediawpaccore.net\\\/wp-content\\\/uploads\\\/2021\\\/12\\\/28171206\\\/cbll-logo-color-sm.png\",\"width\":600,\"height\":133,\"caption\":\"Cuballama\"},\"image\":{\"@id\":\"https:\\\/\\\/www.cuballama.com\\\/noticias\\\/#\\\/schema\\\/logo\\\/image\\\/\"},\"sameAs\":[\"https:\\\/\\\/www.facebook.com\\\/CubaLlama\",\"https:\\\/\\\/x.com\\\/cuballama\",\"https:\\\/\\\/www.instagram.com\\\/stories\\\/cuballama_oficial\\\/\",\"https:\\\/\\\/www.youtube.com\\\/channel\\\/UCKkFE-d_axENGZcrc4as0IA\"]},{\"@type\":\"Person\",\"@id\":\"https:\\\/\\\/www.cuballama.com\\\/noticias\\\/#\\\/schema\\\/person\\\/a58502ed4146c8e9f83872e897c76cd2\",\"name\":\"Roberto A.\",\"description\":\"Roberto A. Periodista por decisi\u00f3n propia. Interesado en cualquier tema que me apasione y cada vez m\u00e1s comprometido con la verdad y la objetividad period\u00edstica. Graduado en La Habana hace ya muchos a\u00f1os, luego de una accidentada y polvorienta b\u00fasqueda de informaci\u00f3n sobre un tema in\u00e9dito. La Tesis, por cierto, desapareci\u00f3 de la biblioteca y no se conservan copias de la misma.\",\"url\":\"https:\\\/\\\/www.cuballama.com\\\/noticias\\\/author\\\/roberto\\\/\"}]}<\/script>\n<!-- \/ Yoast SEO plugin. -->","yoast_head_json":{"title":"Documentan dos presuntos casos de abuso de poder en la isla - Cuballama Noticias","description":"Dos denuncias exponen presunto abuso de poder en Cuba: corrupci\u00f3n en el MININT y c\u00e1rcel a un exPNR por intentar dejar el cargo.","robots":{"index":"index","follow":"follow","max-snippet":"max-snippet:-1","max-image-preview":"max-image-preview:large","max-video-preview":"max-video-preview:-1"},"canonical":"https:\/\/www.cuballama.com\/noticias\/documentan-dos-presuntos-casos-de-abuso-de-poder-en-la-isla\/","og_locale":"es_ES","og_type":"article","og_title":"Documentan dos presuntos casos de abuso de poder en la isla - Cuballama Noticias","og_description":"Dos denuncias exponen presunto abuso de poder en Cuba: corrupci\u00f3n en el MININT y c\u00e1rcel a un exPNR por intentar dejar el cargo.","og_url":"https:\/\/www.cuballama.com\/noticias\/documentan-dos-presuntos-casos-de-abuso-de-poder-en-la-isla\/","og_site_name":"Cuballama Noticias","article_publisher":"https:\/\/www.facebook.com\/CubaLlama","article_published_time":"2026-01-28T18:58:56+00:00","article_modified_time":"2026-01-28T18:58:58+00:00","og_image":[{"width":1968,"height":1034,"url":"https:\/\/cdn1.mediawpaccore.net\/wp-content\/uploads\/2026\/01\/28115206\/image-141.png","type":"image\/png"}],"author":"Roberto A.","twitter_card":"summary_large_image","twitter_creator":"@cuballama","twitter_site":"@cuballama","twitter_misc":{"Escrito por":"Roberto A."},"schema":{"@context":"https:\/\/schema.org","@graph":[{"@type":"Article","@id":"https:\/\/www.cuballama.com\/noticias\/documentan-dos-presuntos-casos-de-abuso-de-poder-en-la-isla\/#article","isPartOf":{"@id":"https:\/\/www.cuballama.com\/noticias\/documentan-dos-presuntos-casos-de-abuso-de-poder-en-la-isla\/"},"author":{"name":"Roberto A.","@id":"https:\/\/www.cuballama.com\/noticias\/#\/schema\/person\/a58502ed4146c8e9f83872e897c76cd2"},"headline":"Documentan dos presuntos casos de abuso de poder en la isla","datePublished":"2026-01-28T18:58:56+00:00","dateModified":"2026-01-28T18:58:58+00:00","mainEntityOfPage":{"@id":"https:\/\/www.cuballama.com\/noticias\/documentan-dos-presuntos-casos-de-abuso-de-poder-en-la-isla\/"},"wordCount":569,"commentCount":0,"publisher":{"@id":"https:\/\/www.cuballama.com\/noticias\/#organization"},"image":{"@id":"https:\/\/www.cuballama.com\/noticias\/documentan-dos-presuntos-casos-de-abuso-de-poder-en-la-isla\/#primaryimage"},"thumbnailUrl":"https:\/\/cdn1.mediawpaccore.net\/wp-content\/uploads\/2026\/01\/28115206\/image-141.png","keywords":["abuso de poder","Corrupci\u00f3n","Cuba","derechos humanos","MININT","nio reportando un crimen","PNR","represi\u00f3n"],"articleSection":["Noticias","Noticias de Cuba"],"inLanguage":"es","potentialAction":[{"@type":"CommentAction","name":"Comment","target":["https:\/\/www.cuballama.com\/noticias\/documentan-dos-presuntos-casos-de-abuso-de-poder-en-la-isla\/#respond"]}]},{"@type":"WebPage","@id":"https:\/\/www.cuballama.com\/noticias\/documentan-dos-presuntos-casos-de-abuso-de-poder-en-la-isla\/","url":"https:\/\/www.cuballama.com\/noticias\/documentan-dos-presuntos-casos-de-abuso-de-poder-en-la-isla\/","name":"Documentan dos presuntos casos de abuso de poder en la isla - Cuballama Noticias","isPartOf":{"@id":"https:\/\/www.cuballama.com\/noticias\/#website"},"primaryImageOfPage":{"@id":"https:\/\/www.cuballama.com\/noticias\/documentan-dos-presuntos-casos-de-abuso-de-poder-en-la-isla\/#primaryimage"},"image":{"@id":"https:\/\/www.cuballama.com\/noticias\/documentan-dos-presuntos-casos-de-abuso-de-poder-en-la-isla\/#primaryimage"},"thumbnailUrl":"https:\/\/cdn1.mediawpaccore.net\/wp-content\/uploads\/2026\/01\/28115206\/image-141.png","datePublished":"2026-01-28T18:58:56+00:00","dateModified":"2026-01-28T18:58:58+00:00","description":"Dos denuncias exponen presunto abuso de poder en Cuba: corrupci\u00f3n en el MININT y c\u00e1rcel a un exPNR por intentar dejar el cargo.","breadcrumb":{"@id":"https:\/\/www.cuballama.com\/noticias\/documentan-dos-presuntos-casos-de-abuso-de-poder-en-la-isla\/#breadcrumb"},"inLanguage":"es","potentialAction":[{"@type":"ReadAction","target":["https:\/\/www.cuballama.com\/noticias\/documentan-dos-presuntos-casos-de-abuso-de-poder-en-la-isla\/"]}]},{"@type":"ImageObject","inLanguage":"es","@id":"https:\/\/www.cuballama.com\/noticias\/documentan-dos-presuntos-casos-de-abuso-de-poder-en-la-isla\/#primaryimage","url":"https:\/\/cdn1.mediawpaccore.net\/wp-content\/uploads\/2026\/01\/28115206\/image-141.png","contentUrl":"https:\/\/cdn1.mediawpaccore.net\/wp-content\/uploads\/2026\/01\/28115206\/image-141.png","width":1968,"height":1034,"caption":"Foto: Cortes\u00eda de Niover Licea"},{"@type":"BreadcrumbList","@id":"https:\/\/www.cuballama.com\/noticias\/documentan-dos-presuntos-casos-de-abuso-de-poder-en-la-isla\/#breadcrumb","itemListElement":[{"@type":"ListItem","position":1,"name":"Home","item":"https:\/\/www.cuballama.com\/noticias\/"},{"@type":"ListItem","position":2,"name":"Documentan dos presuntos casos de abuso de poder en la isla"}]},{"@type":"WebSite","@id":"https:\/\/www.cuballama.com\/noticias\/#website","url":"https:\/\/www.cuballama.com\/noticias\/","name":"Cuballama Noticias","description":"Medio digital sobre Cuba y el mundo","publisher":{"@id":"https:\/\/www.cuballama.com\/noticias\/#organization"},"potentialAction":[{"@type":"SearchAction","target":{"@type":"EntryPoint","urlTemplate":"https:\/\/www.cuballama.com\/noticias\/?s={search_term_string}"},"query-input":{"@type":"PropertyValueSpecification","valueRequired":true,"valueName":"search_term_string"}}],"inLanguage":"es"},{"@type":"Organization","@id":"https:\/\/www.cuballama.com\/noticias\/#organization","name":"Cuballama","url":"https:\/\/www.cuballama.com\/noticias\/","logo":{"@type":"ImageObject","inLanguage":"es","@id":"https:\/\/www.cuballama.com\/noticias\/#\/schema\/logo\/image\/","url":"https:\/\/cdn1.mediawpaccore.net\/wp-content\/uploads\/2021\/12\/28171206\/cbll-logo-color-sm.png","contentUrl":"https:\/\/cdn1.mediawpaccore.net\/wp-content\/uploads\/2021\/12\/28171206\/cbll-logo-color-sm.png","width":600,"height":133,"caption":"Cuballama"},"image":{"@id":"https:\/\/www.cuballama.com\/noticias\/#\/schema\/logo\/image\/"},"sameAs":["https:\/\/www.facebook.com\/CubaLlama","https:\/\/x.com\/cuballama","https:\/\/www.instagram.com\/stories\/cuballama_oficial\/","https:\/\/www.youtube.com\/channel\/UCKkFE-d_axENGZcrc4as0IA"]},{"@type":"Person","@id":"https:\/\/www.cuballama.com\/noticias\/#\/schema\/person\/a58502ed4146c8e9f83872e897c76cd2","name":"Roberto A.","description":"Roberto A. Periodista por decisi\u00f3n propia. Interesado en cualquier tema que me apasione y cada vez m\u00e1s comprometido con la verdad y la objetividad period\u00edstica. Graduado en La Habana hace ya muchos a\u00f1os, luego de una accidentada y polvorienta b\u00fasqueda de informaci\u00f3n sobre un tema in\u00e9dito. La Tesis, por cierto, desapareci\u00f3 de la biblioteca y no se conservan copias de la misma.","url":"https:\/\/www.cuballama.com\/noticias\/author\/roberto\/"}]}},"_links":{"self":[{"href":"https:\/\/www.cuballama.com\/noticias\/wp-json\/wp\/v2\/posts\/233615","targetHints":{"allow":["GET"]}}],"collection":[{"href":"https:\/\/www.cuballama.com\/noticias\/wp-json\/wp\/v2\/posts"}],"about":[{"href":"https:\/\/www.cuballama.com\/noticias\/wp-json\/wp\/v2\/types\/post"}],"author":[{"embeddable":true,"href":"https:\/\/www.cuballama.com\/noticias\/wp-json\/wp\/v2\/users\/13"}],"replies":[{"embeddable":true,"href":"https:\/\/www.cuballama.com\/noticias\/wp-json\/wp\/v2\/comments?post=233615"}],"version-history":[{"count":4,"href":"https:\/\/www.cuballama.com\/noticias\/wp-json\/wp\/v2\/posts\/233615\/revisions"}],"predecessor-version":[{"id":233631,"href":"https:\/\/www.cuballama.com\/noticias\/wp-json\/wp\/v2\/posts\/233615\/revisions\/233631"}],"wp:featuredmedia":[{"embeddable":true,"href":"https:\/\/www.cuballama.com\/noticias\/wp-json\/wp\/v2\/media\/233629"}],"wp:attachment":[{"href":"https:\/\/www.cuballama.com\/noticias\/wp-json\/wp\/v2\/media?parent=233615"}],"wp:term":[{"taxonomy":"category","embeddable":true,"href":"https:\/\/www.cuballama.com\/noticias\/wp-json\/wp\/v2\/categories?post=233615"},{"taxonomy":"post_tag","embeddable":true,"href":"https:\/\/www.cuballama.com\/noticias\/wp-json\/wp\/v2\/tags?post=233615"}],"curies":[{"name":"wp","href":"https:\/\/api.w.org\/{rel}","templated":true}]}}