{"id":233586,"date":"2026-01-28T16:11:14","date_gmt":"2026-01-28T21:11:14","guid":{"rendered":"https:\/\/www.cuballama.com\/noticias\/?p=233586"},"modified":"2026-01-28T16:11:17","modified_gmt":"2026-01-28T21:11:17","slug":"imponen-una-multa-de-99-millones-de-pesos-a-trabajador-por-cuenta-propia-en-artemisa","status":"publish","type":"post","link":"https:\/\/www.cuballama.com\/noticias\/imponen-una-multa-de-99-millones-de-pesos-a-trabajador-por-cuenta-propia-en-artemisa\/","title":{"rendered":"Imponen una multa de 99 millones de pesos a trabajador por cuenta propia en Artemisa"},"content":{"rendered":"\n<p>Una multa de 99 millones de pesos fue impuesta por la Oficina Nacional de Administraci\u00f3n Tributaria (Onat) en la provincia de Artemisa a un trabajador por cuenta propia del municipio cabecera, tras detectarse una evasi\u00f3n fiscal correspondiente al a\u00f1o 2025. La cifra, confirmada por el diario oficial Trabajadores, se convierte en una de las sanciones econ\u00f3micas m\u00e1s altas aplicadas a un actor no estatal desde la ampliaci\u00f3n de las formas de gesti\u00f3n privada en Cuba.<\/p>\n\n\n\n<p>El sancionado, identificado como Jaime Alberto Camerota, reconoci\u00f3 p\u00fablicamente la deuda y explic\u00f3 que su situaci\u00f3n estuvo marcada por una contabilidad deficiente, desconocimiento de los procedimientos tributarios y la compleja situaci\u00f3n econ\u00f3mica en la que se encontraba su negocio. Seg\u00fan su testimonio, hab\u00eda arrendado un local del sistema de Comercio apenas un a\u00f1o antes, en condiciones cercanas a la quiebra, y destin\u00f3 recursos a su restauraci\u00f3n para abrir puntos de venta minorista de alimentos, descuidando los pagos fiscales durante ese proceso.<\/p>\n\n\n\n<p>De acuerdo con su relato, la inspecci\u00f3n de la Onat fue la primera que recibi\u00f3 desde el inicio de la actividad. Tras evaluar documentaci\u00f3n y operaciones, los inspectores determinaron el monto total de la deuda sin otorgar nuevas oportunidades. Camerota opt\u00f3 por fraccionar los pagos para evitar un proceso judicial, lleg\u00f3 a vender su autom\u00f3vil y, aun as\u00ed, reconoce que todav\u00eda adeuda alrededor de 20 millones de pesos. Paralelamente, asegura haber ampliado su red comercial hasta alcanzar 17 puntos de venta en el municipio, incorporando productos de aseo y agr\u00edcolas, y afirma que actualmente paga m\u00e1s de un mill\u00f3n de pesos mensuales en tributos.<\/p>\n\n\n\n<p>El propio texto de <em><a href=\"https:\/\/www.trabajadores.cu\/20260127\/el-reloj-del-tributo\/\" target=\"_blank\" rel=\"noreferrer noopener nofollow\">Trabajadores<\/a><\/em> contrapone este caso con el de otro emprendedor artemise\u00f1o, Jos\u00e9 Dariel G\u00f3mez Llano, director de una mediana empresa privada creada en 2022, presentado como ejemplo de \u201cbuena cultura tributaria\u201d. En su caso, se detallan sistemas informatizados de control contable, pagos regulares que rondan los 500 mil pesos mensuales y el cumplimiento de impuestos sobre utilidades, desarrollo local y aportes salariales. La comparaci\u00f3n no es casual: refuerza la idea de que el problema no es el sistema tributario en s\u00ed, sino el comportamiento individual del contribuyente.<\/p>\n\n\n\n<p>Sin embargo, los propios datos ofrecidos por la Onat provincial dibujan un escenario m\u00e1s amplio y estructural. En 2025 se realizaron m\u00e1s de 5.500 acciones de control a formas de gesti\u00f3n no estatal en Artemisa, detect\u00e1ndose m\u00e1s de 339 millones de pesos por subdeclaraciones o incumplimientos. Se aplicaron cierres temporales y definitivos, multas por no operar cuentas fiscales y se procesaron penalmente seis expedientes por evasi\u00f3n fiscal. El \u00e9nfasis institucional recae, de manera reiterada, en una supuesta \u201cnaturaleza evasiva\u201d del contribuyente.<\/p>\n\n\n\n<p>La multa de 99 millones no solo ilustra el rigor creciente del control fiscal, sino tambi\u00e9n las tensiones entre un sistema tributario complejo, una econom\u00eda marcada por m\u00faltiples monedas, informalidades estructurales y la falta de capacitaci\u00f3n real para los actores privados. M\u00e1s all\u00e1 del caso individual, el episodio deja abierta una pregunta inc\u00f3moda: hasta qu\u00e9 punto el Estado acompa\u00f1a, forma y previene, y hasta qu\u00e9 punto act\u00faa solo cuando el incumplimiento ya es irreversible y la sanci\u00f3n se vuelve ejemplarizante.<\/p>\n","protected":false},"excerpt":{"rendered":"<p>La Onat impuso una multa de 99 millones de pesos a un cuentapropista en Artemisa por evasi\u00f3n fiscal. El caso expone el rigor tributario y las fallas estructurales del sistema.<\/p>\n","protected":false},"author":13,"featured_media":104128,"comment_status":"open","ping_status":"closed","sticky":false,"template":"","format":"standard","meta":{"_acf_changed":false,"footnotes":""},"categories":[18,955],"tags":[1765,11,452,6948,11281,3885,2585,14032,2366],"class_list":{"0":"post-233586","1":"post","2":"type-post","3":"status-publish","4":"format-standard","5":"has-post-thumbnail","7":"category-noticias","8":"category-noticias-de-cuba","9":"tag-artemisa","10":"tag-cuba","11":"tag-cuentapropistas","12":"tag-economia-cubana","13":"tag-evasion-fiscal","14":"tag-impuestos","15":"tag-multas","16":"tag-onat","17":"tag-sector-privado"},"acf":[],"yoast_head":"<!-- This site is optimized with the Yoast SEO plugin v27.5 - https:\/\/yoast.com\/product\/yoast-seo-wordpress\/ -->\n<title>Imponen una multa de 99 millones de pesos a trabajador por cuenta propia en Artemisa - Cuballama Noticias<\/title>\n<meta name=\"description\" content=\"Multan con 99 millones de pesos a un cuentapropista en Artemisa por evasi\u00f3n fiscal, una de las sanciones m\u00e1s altas aplicadas.\" \/>\n<meta name=\"robots\" content=\"index, follow, max-snippet:-1, max-image-preview:large, max-video-preview:-1\" \/>\n<link rel=\"canonical\" href=\"https:\/\/www.cuballama.com\/noticias\/imponen-una-multa-de-99-millones-de-pesos-a-trabajador-por-cuenta-propia-en-artemisa\/\" \/>\n<meta property=\"og:locale\" content=\"es_ES\" \/>\n<meta property=\"og:type\" content=\"article\" \/>\n<meta property=\"og:title\" content=\"Imponen una multa de 99 millones de pesos a trabajador por cuenta propia en Artemisa - Cuballama Noticias\" \/>\n<meta property=\"og:description\" content=\"Multan con 99 millones de pesos a un cuentapropista en Artemisa por evasi\u00f3n fiscal, una de las sanciones m\u00e1s altas aplicadas.\" \/>\n<meta property=\"og:url\" content=\"https:\/\/www.cuballama.com\/noticias\/imponen-una-multa-de-99-millones-de-pesos-a-trabajador-por-cuenta-propia-en-artemisa\/\" \/>\n<meta property=\"og:site_name\" content=\"Cuballama Noticias\" \/>\n<meta property=\"article:publisher\" content=\"https:\/\/www.facebook.com\/CubaLlama\" \/>\n<meta property=\"article:published_time\" content=\"2026-01-28T21:11:14+00:00\" \/>\n<meta property=\"article:modified_time\" content=\"2026-01-28T21:11:17+00:00\" \/>\n<meta property=\"og:image\" content=\"https:\/\/cdn1.mediawpaccore.net\/wp-content\/uploads\/2022\/10\/16082013\/artemisaradiohabancuba0221.jpg\" \/>\n\t<meta property=\"og:image:width\" content=\"512\" \/>\n\t<meta property=\"og:image:height\" content=\"296\" \/>\n\t<meta property=\"og:image:type\" content=\"image\/jpeg\" \/>\n<meta name=\"author\" content=\"Roberto A.\" \/>\n<meta name=\"twitter:card\" content=\"summary_large_image\" \/>\n<meta name=\"twitter:creator\" content=\"@cuballama\" \/>\n<meta name=\"twitter:site\" content=\"@cuballama\" \/>\n<meta name=\"twitter:label1\" content=\"Escrito por\" \/>\n\t<meta name=\"twitter:data1\" content=\"Roberto A.\" \/>\n\t<meta name=\"twitter:label2\" content=\"Tiempo de lectura\" \/>\n\t<meta name=\"twitter:data2\" content=\"1 minuto\" \/>\n<script type=\"application\/ld+json\" class=\"yoast-schema-graph\">{\"@context\":\"https:\\\/\\\/schema.org\",\"@graph\":[{\"@type\":\"Article\",\"@id\":\"https:\\\/\\\/www.cuballama.com\\\/noticias\\\/imponen-una-multa-de-99-millones-de-pesos-a-trabajador-por-cuenta-propia-en-artemisa\\\/#article\",\"isPartOf\":{\"@id\":\"https:\\\/\\\/www.cuballama.com\\\/noticias\\\/imponen-una-multa-de-99-millones-de-pesos-a-trabajador-por-cuenta-propia-en-artemisa\\\/\"},\"author\":{\"name\":\"Roberto A.\",\"@id\":\"https:\\\/\\\/www.cuballama.com\\\/noticias\\\/#\\\/schema\\\/person\\\/a58502ed4146c8e9f83872e897c76cd2\"},\"headline\":\"Imponen una multa de 99 millones de pesos a trabajador por cuenta propia en Artemisa\",\"datePublished\":\"2026-01-28T21:11:14+00:00\",\"dateModified\":\"2026-01-28T21:11:17+00:00\",\"mainEntityOfPage\":{\"@id\":\"https:\\\/\\\/www.cuballama.com\\\/noticias\\\/imponen-una-multa-de-99-millones-de-pesos-a-trabajador-por-cuenta-propia-en-artemisa\\\/\"},\"wordCount\":555,\"commentCount\":0,\"publisher\":{\"@id\":\"https:\\\/\\\/www.cuballama.com\\\/noticias\\\/#organization\"},\"image\":{\"@id\":\"https:\\\/\\\/www.cuballama.com\\\/noticias\\\/imponen-una-multa-de-99-millones-de-pesos-a-trabajador-por-cuenta-propia-en-artemisa\\\/#primaryimage\"},\"thumbnailUrl\":\"https:\\\/\\\/cdn1.mediawpaccore.net\\\/wp-content\\\/uploads\\\/2022\\\/10\\\/16082013\\\/artemisaradiohabancuba0221.jpg\",\"keywords\":[\"Artemisa\",\"Cuba\",\"cuentapropistas\",\"econom\u00eda cubana\",\"Evasi\u00f3n Fiscal\",\"impuestos\",\"Multas\",\"Onat\",\"sector privado\"],\"articleSection\":[\"Noticias\",\"Noticias de Cuba\"],\"inLanguage\":\"es\",\"potentialAction\":[{\"@type\":\"CommentAction\",\"name\":\"Comment\",\"target\":[\"https:\\\/\\\/www.cuballama.com\\\/noticias\\\/imponen-una-multa-de-99-millones-de-pesos-a-trabajador-por-cuenta-propia-en-artemisa\\\/#respond\"]}]},{\"@type\":\"WebPage\",\"@id\":\"https:\\\/\\\/www.cuballama.com\\\/noticias\\\/imponen-una-multa-de-99-millones-de-pesos-a-trabajador-por-cuenta-propia-en-artemisa\\\/\",\"url\":\"https:\\\/\\\/www.cuballama.com\\\/noticias\\\/imponen-una-multa-de-99-millones-de-pesos-a-trabajador-por-cuenta-propia-en-artemisa\\\/\",\"name\":\"Imponen una multa de 99 millones de pesos a trabajador por cuenta propia en Artemisa - Cuballama Noticias\",\"isPartOf\":{\"@id\":\"https:\\\/\\\/www.cuballama.com\\\/noticias\\\/#website\"},\"primaryImageOfPage\":{\"@id\":\"https:\\\/\\\/www.cuballama.com\\\/noticias\\\/imponen-una-multa-de-99-millones-de-pesos-a-trabajador-por-cuenta-propia-en-artemisa\\\/#primaryimage\"},\"image\":{\"@id\":\"https:\\\/\\\/www.cuballama.com\\\/noticias\\\/imponen-una-multa-de-99-millones-de-pesos-a-trabajador-por-cuenta-propia-en-artemisa\\\/#primaryimage\"},\"thumbnailUrl\":\"https:\\\/\\\/cdn1.mediawpaccore.net\\\/wp-content\\\/uploads\\\/2022\\\/10\\\/16082013\\\/artemisaradiohabancuba0221.jpg\",\"datePublished\":\"2026-01-28T21:11:14+00:00\",\"dateModified\":\"2026-01-28T21:11:17+00:00\",\"description\":\"Multan con 99 millones de pesos a un cuentapropista en Artemisa por evasi\u00f3n fiscal, una de las sanciones m\u00e1s altas aplicadas.\",\"breadcrumb\":{\"@id\":\"https:\\\/\\\/www.cuballama.com\\\/noticias\\\/imponen-una-multa-de-99-millones-de-pesos-a-trabajador-por-cuenta-propia-en-artemisa\\\/#breadcrumb\"},\"inLanguage\":\"es\",\"potentialAction\":[{\"@type\":\"ReadAction\",\"target\":[\"https:\\\/\\\/www.cuballama.com\\\/noticias\\\/imponen-una-multa-de-99-millones-de-pesos-a-trabajador-por-cuenta-propia-en-artemisa\\\/\"]}]},{\"@type\":\"ImageObject\",\"inLanguage\":\"es\",\"@id\":\"https:\\\/\\\/www.cuballama.com\\\/noticias\\\/imponen-una-multa-de-99-millones-de-pesos-a-trabajador-por-cuenta-propia-en-artemisa\\\/#primaryimage\",\"url\":\"https:\\\/\\\/cdn1.mediawpaccore.net\\\/wp-content\\\/uploads\\\/2022\\\/10\\\/16082013\\\/artemisaradiohabancuba0221.jpg\",\"contentUrl\":\"https:\\\/\\\/cdn1.mediawpaccore.net\\\/wp-content\\\/uploads\\\/2022\\\/10\\\/16082013\\\/artemisaradiohabancuba0221.jpg\",\"width\":512,\"height\":296},{\"@type\":\"BreadcrumbList\",\"@id\":\"https:\\\/\\\/www.cuballama.com\\\/noticias\\\/imponen-una-multa-de-99-millones-de-pesos-a-trabajador-por-cuenta-propia-en-artemisa\\\/#breadcrumb\",\"itemListElement\":[{\"@type\":\"ListItem\",\"position\":1,\"name\":\"Home\",\"item\":\"https:\\\/\\\/www.cuballama.com\\\/noticias\\\/\"},{\"@type\":\"ListItem\",\"position\":2,\"name\":\"Imponen una multa de 99 millones de pesos a trabajador por cuenta propia en Artemisa\"}]},{\"@type\":\"WebSite\",\"@id\":\"https:\\\/\\\/www.cuballama.com\\\/noticias\\\/#website\",\"url\":\"https:\\\/\\\/www.cuballama.com\\\/noticias\\\/\",\"name\":\"Cuballama Noticias\",\"description\":\"Medio digital sobre Cuba y el mundo\",\"publisher\":{\"@id\":\"https:\\\/\\\/www.cuballama.com\\\/noticias\\\/#organization\"},\"potentialAction\":[{\"@type\":\"SearchAction\",\"target\":{\"@type\":\"EntryPoint\",\"urlTemplate\":\"https:\\\/\\\/www.cuballama.com\\\/noticias\\\/?s={search_term_string}\"},\"query-input\":{\"@type\":\"PropertyValueSpecification\",\"valueRequired\":true,\"valueName\":\"search_term_string\"}}],\"inLanguage\":\"es\"},{\"@type\":\"Organization\",\"@id\":\"https:\\\/\\\/www.cuballama.com\\\/noticias\\\/#organization\",\"name\":\"Cuballama\",\"url\":\"https:\\\/\\\/www.cuballama.com\\\/noticias\\\/\",\"logo\":{\"@type\":\"ImageObject\",\"inLanguage\":\"es\",\"@id\":\"https:\\\/\\\/www.cuballama.com\\\/noticias\\\/#\\\/schema\\\/logo\\\/image\\\/\",\"url\":\"https:\\\/\\\/cdn1.mediawpaccore.net\\\/wp-content\\\/uploads\\\/2021\\\/12\\\/28171206\\\/cbll-logo-color-sm.png\",\"contentUrl\":\"https:\\\/\\\/cdn1.mediawpaccore.net\\\/wp-content\\\/uploads\\\/2021\\\/12\\\/28171206\\\/cbll-logo-color-sm.png\",\"width\":600,\"height\":133,\"caption\":\"Cuballama\"},\"image\":{\"@id\":\"https:\\\/\\\/www.cuballama.com\\\/noticias\\\/#\\\/schema\\\/logo\\\/image\\\/\"},\"sameAs\":[\"https:\\\/\\\/www.facebook.com\\\/CubaLlama\",\"https:\\\/\\\/x.com\\\/cuballama\",\"https:\\\/\\\/www.instagram.com\\\/stories\\\/cuballama_oficial\\\/\",\"https:\\\/\\\/www.youtube.com\\\/channel\\\/UCKkFE-d_axENGZcrc4as0IA\"]},{\"@type\":\"Person\",\"@id\":\"https:\\\/\\\/www.cuballama.com\\\/noticias\\\/#\\\/schema\\\/person\\\/a58502ed4146c8e9f83872e897c76cd2\",\"name\":\"Roberto A.\",\"description\":\"Roberto A. Periodista por decisi\u00f3n propia. Interesado en cualquier tema que me apasione y cada vez m\u00e1s comprometido con la verdad y la objetividad period\u00edstica. Graduado en La Habana hace ya muchos a\u00f1os, luego de una accidentada y polvorienta b\u00fasqueda de informaci\u00f3n sobre un tema in\u00e9dito. La Tesis, por cierto, desapareci\u00f3 de la biblioteca y no se conservan copias de la misma.\",\"url\":\"https:\\\/\\\/www.cuballama.com\\\/noticias\\\/author\\\/roberto\\\/\"}]}<\/script>\n<!-- \/ Yoast SEO plugin. -->","yoast_head_json":{"title":"Imponen una multa de 99 millones de pesos a trabajador por cuenta propia en Artemisa - Cuballama Noticias","description":"Multan con 99 millones de pesos a un cuentapropista en Artemisa por evasi\u00f3n fiscal, una de las sanciones m\u00e1s altas aplicadas.","robots":{"index":"index","follow":"follow","max-snippet":"max-snippet:-1","max-image-preview":"max-image-preview:large","max-video-preview":"max-video-preview:-1"},"canonical":"https:\/\/www.cuballama.com\/noticias\/imponen-una-multa-de-99-millones-de-pesos-a-trabajador-por-cuenta-propia-en-artemisa\/","og_locale":"es_ES","og_type":"article","og_title":"Imponen una multa de 99 millones de pesos a trabajador por cuenta propia en Artemisa - Cuballama Noticias","og_description":"Multan con 99 millones de pesos a un cuentapropista en Artemisa por evasi\u00f3n fiscal, una de las sanciones m\u00e1s altas aplicadas.","og_url":"https:\/\/www.cuballama.com\/noticias\/imponen-una-multa-de-99-millones-de-pesos-a-trabajador-por-cuenta-propia-en-artemisa\/","og_site_name":"Cuballama Noticias","article_publisher":"https:\/\/www.facebook.com\/CubaLlama","article_published_time":"2026-01-28T21:11:14+00:00","article_modified_time":"2026-01-28T21:11:17+00:00","og_image":[{"width":512,"height":296,"url":"https:\/\/cdn1.mediawpaccore.net\/wp-content\/uploads\/2022\/10\/16082013\/artemisaradiohabancuba0221.jpg","type":"image\/jpeg"}],"author":"Roberto A.","twitter_card":"summary_large_image","twitter_creator":"@cuballama","twitter_site":"@cuballama","twitter_misc":{"Escrito por":"Roberto A.","Tiempo de lectura":"1 minuto"},"schema":{"@context":"https:\/\/schema.org","@graph":[{"@type":"Article","@id":"https:\/\/www.cuballama.com\/noticias\/imponen-una-multa-de-99-millones-de-pesos-a-trabajador-por-cuenta-propia-en-artemisa\/#article","isPartOf":{"@id":"https:\/\/www.cuballama.com\/noticias\/imponen-una-multa-de-99-millones-de-pesos-a-trabajador-por-cuenta-propia-en-artemisa\/"},"author":{"name":"Roberto A.","@id":"https:\/\/www.cuballama.com\/noticias\/#\/schema\/person\/a58502ed4146c8e9f83872e897c76cd2"},"headline":"Imponen una multa de 99 millones de pesos a trabajador por cuenta propia en Artemisa","datePublished":"2026-01-28T21:11:14+00:00","dateModified":"2026-01-28T21:11:17+00:00","mainEntityOfPage":{"@id":"https:\/\/www.cuballama.com\/noticias\/imponen-una-multa-de-99-millones-de-pesos-a-trabajador-por-cuenta-propia-en-artemisa\/"},"wordCount":555,"commentCount":0,"publisher":{"@id":"https:\/\/www.cuballama.com\/noticias\/#organization"},"image":{"@id":"https:\/\/www.cuballama.com\/noticias\/imponen-una-multa-de-99-millones-de-pesos-a-trabajador-por-cuenta-propia-en-artemisa\/#primaryimage"},"thumbnailUrl":"https:\/\/cdn1.mediawpaccore.net\/wp-content\/uploads\/2022\/10\/16082013\/artemisaradiohabancuba0221.jpg","keywords":["Artemisa","Cuba","cuentapropistas","econom\u00eda cubana","Evasi\u00f3n Fiscal","impuestos","Multas","Onat","sector privado"],"articleSection":["Noticias","Noticias de Cuba"],"inLanguage":"es","potentialAction":[{"@type":"CommentAction","name":"Comment","target":["https:\/\/www.cuballama.com\/noticias\/imponen-una-multa-de-99-millones-de-pesos-a-trabajador-por-cuenta-propia-en-artemisa\/#respond"]}]},{"@type":"WebPage","@id":"https:\/\/www.cuballama.com\/noticias\/imponen-una-multa-de-99-millones-de-pesos-a-trabajador-por-cuenta-propia-en-artemisa\/","url":"https:\/\/www.cuballama.com\/noticias\/imponen-una-multa-de-99-millones-de-pesos-a-trabajador-por-cuenta-propia-en-artemisa\/","name":"Imponen una multa de 99 millones de pesos a trabajador por cuenta propia en Artemisa - Cuballama Noticias","isPartOf":{"@id":"https:\/\/www.cuballama.com\/noticias\/#website"},"primaryImageOfPage":{"@id":"https:\/\/www.cuballama.com\/noticias\/imponen-una-multa-de-99-millones-de-pesos-a-trabajador-por-cuenta-propia-en-artemisa\/#primaryimage"},"image":{"@id":"https:\/\/www.cuballama.com\/noticias\/imponen-una-multa-de-99-millones-de-pesos-a-trabajador-por-cuenta-propia-en-artemisa\/#primaryimage"},"thumbnailUrl":"https:\/\/cdn1.mediawpaccore.net\/wp-content\/uploads\/2022\/10\/16082013\/artemisaradiohabancuba0221.jpg","datePublished":"2026-01-28T21:11:14+00:00","dateModified":"2026-01-28T21:11:17+00:00","description":"Multan con 99 millones de pesos a un cuentapropista en Artemisa por evasi\u00f3n fiscal, una de las sanciones m\u00e1s altas aplicadas.","breadcrumb":{"@id":"https:\/\/www.cuballama.com\/noticias\/imponen-una-multa-de-99-millones-de-pesos-a-trabajador-por-cuenta-propia-en-artemisa\/#breadcrumb"},"inLanguage":"es","potentialAction":[{"@type":"ReadAction","target":["https:\/\/www.cuballama.com\/noticias\/imponen-una-multa-de-99-millones-de-pesos-a-trabajador-por-cuenta-propia-en-artemisa\/"]}]},{"@type":"ImageObject","inLanguage":"es","@id":"https:\/\/www.cuballama.com\/noticias\/imponen-una-multa-de-99-millones-de-pesos-a-trabajador-por-cuenta-propia-en-artemisa\/#primaryimage","url":"https:\/\/cdn1.mediawpaccore.net\/wp-content\/uploads\/2022\/10\/16082013\/artemisaradiohabancuba0221.jpg","contentUrl":"https:\/\/cdn1.mediawpaccore.net\/wp-content\/uploads\/2022\/10\/16082013\/artemisaradiohabancuba0221.jpg","width":512,"height":296},{"@type":"BreadcrumbList","@id":"https:\/\/www.cuballama.com\/noticias\/imponen-una-multa-de-99-millones-de-pesos-a-trabajador-por-cuenta-propia-en-artemisa\/#breadcrumb","itemListElement":[{"@type":"ListItem","position":1,"name":"Home","item":"https:\/\/www.cuballama.com\/noticias\/"},{"@type":"ListItem","position":2,"name":"Imponen una multa de 99 millones de pesos a trabajador por cuenta propia en Artemisa"}]},{"@type":"WebSite","@id":"https:\/\/www.cuballama.com\/noticias\/#website","url":"https:\/\/www.cuballama.com\/noticias\/","name":"Cuballama Noticias","description":"Medio digital sobre Cuba y el mundo","publisher":{"@id":"https:\/\/www.cuballama.com\/noticias\/#organization"},"potentialAction":[{"@type":"SearchAction","target":{"@type":"EntryPoint","urlTemplate":"https:\/\/www.cuballama.com\/noticias\/?s={search_term_string}"},"query-input":{"@type":"PropertyValueSpecification","valueRequired":true,"valueName":"search_term_string"}}],"inLanguage":"es"},{"@type":"Organization","@id":"https:\/\/www.cuballama.com\/noticias\/#organization","name":"Cuballama","url":"https:\/\/www.cuballama.com\/noticias\/","logo":{"@type":"ImageObject","inLanguage":"es","@id":"https:\/\/www.cuballama.com\/noticias\/#\/schema\/logo\/image\/","url":"https:\/\/cdn1.mediawpaccore.net\/wp-content\/uploads\/2021\/12\/28171206\/cbll-logo-color-sm.png","contentUrl":"https:\/\/cdn1.mediawpaccore.net\/wp-content\/uploads\/2021\/12\/28171206\/cbll-logo-color-sm.png","width":600,"height":133,"caption":"Cuballama"},"image":{"@id":"https:\/\/www.cuballama.com\/noticias\/#\/schema\/logo\/image\/"},"sameAs":["https:\/\/www.facebook.com\/CubaLlama","https:\/\/x.com\/cuballama","https:\/\/www.instagram.com\/stories\/cuballama_oficial\/","https:\/\/www.youtube.com\/channel\/UCKkFE-d_axENGZcrc4as0IA"]},{"@type":"Person","@id":"https:\/\/www.cuballama.com\/noticias\/#\/schema\/person\/a58502ed4146c8e9f83872e897c76cd2","name":"Roberto A.","description":"Roberto A. Periodista por decisi\u00f3n propia. Interesado en cualquier tema que me apasione y cada vez m\u00e1s comprometido con la verdad y la objetividad period\u00edstica. Graduado en La Habana hace ya muchos a\u00f1os, luego de una accidentada y polvorienta b\u00fasqueda de informaci\u00f3n sobre un tema in\u00e9dito. La Tesis, por cierto, desapareci\u00f3 de la biblioteca y no se conservan copias de la misma.","url":"https:\/\/www.cuballama.com\/noticias\/author\/roberto\/"}]}},"_links":{"self":[{"href":"https:\/\/www.cuballama.com\/noticias\/wp-json\/wp\/v2\/posts\/233586","targetHints":{"allow":["GET"]}}],"collection":[{"href":"https:\/\/www.cuballama.com\/noticias\/wp-json\/wp\/v2\/posts"}],"about":[{"href":"https:\/\/www.cuballama.com\/noticias\/wp-json\/wp\/v2\/types\/post"}],"author":[{"embeddable":true,"href":"https:\/\/www.cuballama.com\/noticias\/wp-json\/wp\/v2\/users\/13"}],"replies":[{"embeddable":true,"href":"https:\/\/www.cuballama.com\/noticias\/wp-json\/wp\/v2\/comments?post=233586"}],"version-history":[{"count":1,"href":"https:\/\/www.cuballama.com\/noticias\/wp-json\/wp\/v2\/posts\/233586\/revisions"}],"predecessor-version":[{"id":233587,"href":"https:\/\/www.cuballama.com\/noticias\/wp-json\/wp\/v2\/posts\/233586\/revisions\/233587"}],"wp:featuredmedia":[{"embeddable":true,"href":"https:\/\/www.cuballama.com\/noticias\/wp-json\/wp\/v2\/media\/104128"}],"wp:attachment":[{"href":"https:\/\/www.cuballama.com\/noticias\/wp-json\/wp\/v2\/media?parent=233586"}],"wp:term":[{"taxonomy":"category","embeddable":true,"href":"https:\/\/www.cuballama.com\/noticias\/wp-json\/wp\/v2\/categories?post=233586"},{"taxonomy":"post_tag","embeddable":true,"href":"https:\/\/www.cuballama.com\/noticias\/wp-json\/wp\/v2\/tags?post=233586"}],"curies":[{"name":"wp","href":"https:\/\/api.w.org\/{rel}","templated":true}]}}