{"id":233558,"date":"2026-01-28T16:13:04","date_gmt":"2026-01-28T21:13:04","guid":{"rendered":"https:\/\/www.cuballama.com\/noticias\/?p=233558"},"modified":"2026-01-28T16:13:07","modified_gmt":"2026-01-28T21:13:07","slug":"arleen-rodriguez-jose-marti-y-la-luz-el-debate-equivocado","status":"publish","type":"post","link":"https:\/\/www.cuballama.com\/noticias\/arleen-rodriguez-jose-marti-y-la-luz-el-debate-equivocado\/","title":{"rendered":"Arleen Rodr\u00edguez, Jos\u00e9 Mart\u00ed y la luz: el debate equivocado"},"content":{"rendered":"\n<p>La frase de Arleen Rodr\u00edguez Derivet sobre Jos\u00e9 Mart\u00ed y la electricidad hace alrededor de 48 hrs, ha desatado una pol\u00e9mica que, vista con un poco de distancia, dice m\u00e1s de c\u00f3mo se discute hoy en Cuba que de la frase misma. <\/p>\n\n\n\n<p>El debate se organiz\u00f3 casi de inmediato alrededor del error factual: <strong>si Mart\u00ed conoci\u00f3 o no la luz el\u00e9ctrica<\/strong>, si escribi\u00f3 sobre ella, si vivi\u00f3 en ciudades iluminadas, si existen textos donde menciona el progreso t\u00e9cnico. Las respuestas llegaron con rapidez, con citas, con fechas, con capturas de libros y con un tono que oscilaba entre la correcci\u00f3n docta y el rega\u00f1o p\u00fablico. Todo eso ocurri\u00f3 como se esperaba que ocurriera, y precisamente por eso conviene preguntarse qu\u00e9 qued\u00f3 fuera.<\/p>\n\n\n\n<p>De todo lo visto u o\u00eddo, que supongo no ha sido todo, prefiero se\u00f1alar dos an\u00e1lisis. <\/p>\n\n\n\n<p><a href=\"https:\/\/www.youtube.com\/live\/bEcEKxnH6gE\" target=\"_blank\" rel=\"noreferrer noopener\">El an\u00e1lisis de <strong>Ernesto Morales<\/strong><\/a>, por ejemplo, se movi\u00f3 con eficacia en el terren de se\u00f1alar las imprecisiones. El periodista, analista y <em>streamer<\/em> (tambi\u00e9n), desmont\u00f3 afirmaciones falsas, expuso citas inventadas y fue ampliando el inventario hasta mostrar que no se trataba de un lapsus aislado, sino de una acumulaci\u00f3n de errores que revelaban ligereza intelectual y una forma de hablar desde la autoridad sin el respaldo del rigor. Ese ejercicio, necesario y leg\u00edtimo, termin\u00f3 ocupando casi todo el espacio del debate. Mart\u00ed pas\u00f3 a ser el centro, la electricidad el eje, y la cultura general como vara de medici\u00f3n. Mientras m\u00e1s crec\u00eda la lista de pifias, m\u00e1s se consolidaba una discusi\u00f3n que parec\u00eda profunda, pero que en realidad era c\u00f3moda.<\/p>\n\n\n\n<p>Morales, ni que fuera necesario decirlo, estaba y est\u00e1 m\u00e1s claro que el agua del manantial cuando baja de la monta\u00f1a. A sabiendas que el  problema no estaba en Mart\u00ed; como tampoco estaba en la fecha exacta de la llegada de la electricidad a Nueva York o a La Habana. El problema estaba en lo que la frase permit\u00eda decir sin que sonara extra\u00f1o: que la falta de luz puede relativizarse, que el apag\u00f3n puede narrarse como una circunstancia casi formativa, que la precariedad puede envolverse en referencias hist\u00f3ricas y presentarse como parte de una tradici\u00f3n de resistencia. Ah\u00ed es donde el error factual deja de ser lo importante y se vuelve apenas la puerta de entrada.<\/p>\n\n\n\n<p>Ese desplazamiento del debate coincidi\u00f3 en tiempo con la publicaci\u00f3n de un <a href=\"https:\/\/www.facebook.com\/reel\/921702067048926\" target=\"_blank\" rel=\"noreferrer noopener nofollow\">video<\/a> por parte de la activista <strong>Amelia Calzadilla<\/strong>, que en 19 horas, hasta este momento, ha superado las 250 mil visualizaciones, acumulando m\u00e1s de 17 mil reacciones, y dej\u00e1ndonos alrededor de 2 mil comentarios. Por si fuera poco, ha sido compartido en m\u00e1s de 1 400 ocasiones. <\/p>\n\n\n\n<p>La magnitud de la circulaci\u00f3n est\u00e1 intr\u00ednsecamente ligada al car\u00e1cter directo del mensaje que Amelia quiso transmitir: centrado no en la correcci\u00f3n hist\u00f3rica de Arleen Rodr\u00edguez, sino en <strong>la contradicci\u00f3n entre pedir sacrificio desde el discurso y vivir al margen de \u00e9l<\/strong>. La expansi\u00f3n del video no respondi\u00f3 a un fen\u00f3meno de nicho ni a la din\u00e1mica cerrada del activismo, sino a una identificaci\u00f3n amplia con el se\u00f1alamiento central, que encontr\u00f3 eco m\u00e1s all\u00e1 de la pol\u00e9mica puntual sobre Mart\u00ed y convirti\u00f3 la intervenci\u00f3n de Amelia en uno de los puntos de mayor tracci\u00f3n del debate.<\/p>\n\n\n\n<iframe loading=\"lazy\" src=\"https:\/\/www.facebook.com\/plugins\/video.php?height=314&#038;href=https%3A%2F%2Fwww.facebook.com%2Freel%2F921702067048926%2F&#038;show_text=true&#038;width=560&#038;t=0\" width=\"560\" height=\"429\" style=\"border:none;overflow:hidden\" scrolling=\"no\" frameborder=\"0\" allowfullscreen=\"true\" allow=\"autoplay; clipboard-write; encrypted-media; picture-in-picture; web-share\" allowFullScreen=\"true\"><\/iframe>\n\n\n\n<p>El an\u00e1lisis de Amelia Calzadilla apunt\u00f3 justamente a ese lugar inc\u00f3modo. No discuti\u00f3 si Arleen hab\u00eda le\u00eddo a Mart\u00ed o si recordaba bien sus textos, sino qu\u00e9 tipo de discurso se activa cuando se usa a Mart\u00ed para hablar del presente sin hablar del presente. Su se\u00f1alamiento no fue erudito, fue pol\u00edtico: la frase no funcionaba como una curiosidad hist\u00f3rica, sino como una pedagog\u00eda de la resignaci\u00f3n, como una manera de desplazar el centro del problema desde la responsabilidad del Estado hacia la capacidad del ciudadano de adaptarse a la carencia. No se trataba de desconocimiento, sino de marco en que esta se circunscribe. Dicho de manera \u00abrevolucionaria\u00bb y \u00abcanel\u00edstica\u00bb. <strong>la coyuntura<\/strong>.<\/p>\n\n\n\n<p>Por eso resulta tan revelador que buena parte de la discusi\u00f3n se haya quedado en la correcci\u00f3n. Corregir datos es una forma de cr\u00edtica que no compromete demasiado, que no obliga a ir m\u00e1s all\u00e1 del terreno seguro de la cultura general. Demostrar que Mart\u00ed s\u00ed conoci\u00f3 la electricidad no exige preguntarse por qu\u00e9, en pleno siglo XXI, en Cuba, millones de personas viven sin ella de manera sistem\u00e1tica. Permite ganar el debate sin tocar la estructura. Es una cr\u00edtica que luce, pero que no incomoda.<\/p>\n\n\n\n<p>Ese desplazamiento le conviene al r\u00e9gimen incluso cuando una de sus figuras m\u00e1s visibles queda en rid\u00edculo. Arleen Rodr\u00edguez puede ser expuesta, burlada, corregida y hasta castigada simb\u00f3licamente sin que eso altere el fondo del discurso que representa. La escena funciona como una v\u00e1lvula: alguien paga el precio individual y el sistema queda intacto. Se discute la frase, no la l\u00f3gica que la hizo posible. Se discute el error, no la normalizaci\u00f3n de la miseria.<\/p>\n\n\n\n<p>No es casual que muchos analistas hayan optado por esa v\u00eda. El error factual ofrece una cr\u00edtica elegante, socialmente aceptable, que permite marcar distancia sin asumir el riesgo de se\u00f1alar lo esencial: que en Cuba se ha entrenado a comunicadores para hablar del deterioro como si fuera un rasgo cultural y no una consecuencia pol\u00edtica. Que el apag\u00f3n se ha convertido en paisaje, en ruido de fondo, en algo que se explica, se racionaliza o se cita, pero que rara vez se nombra como fracaso.<\/p>\n\n\n\n<p>Al final, el debate sobre Mart\u00ed y la luz termin\u00f3 siendo un debate sobre otra cosa: sobre hasta qu\u00e9 punto estamos dispuestos a quedarnos en la superficie porque es m\u00e1s c\u00f3modo. La frase de Arleen no fue grave porque estuviera mal informada, sino porque fue pronunciada con naturalidad, sin incomodidad, sin conciencia del peso real de lo que estaba justificando. Y que la discusi\u00f3n se haya ido por el camino del dato y no por el de la normalizaci\u00f3n del apag\u00f3n dice mucho del momento, del clima y de los l\u00edmites que a\u00fan se imponen incluso a la cr\u00edtica.<\/p>\n\n\n\n<p>Ese fue el debate equivocado. Y no porque los datos no importen, sino porque, una vez m\u00e1s, sirvieron para no hablar de lo que importa de verdad.<\/p>\n\n\n\n<p><strong>tal vez quieras leer: <a href=\"https:\/\/www.cuballama.com\/noticias\/arleen-rodriguez-vuelve-a-meter-la-pata-la-premio-jose-marti-deja-ver-su-ignorancia-y-hasta-rafael-correa-se-le-rie\/\">Arleen Rodr\u00edguez vuelve a meter la pata. \u00abLa Premio Jos\u00e9 Mart\u00ed\u00bb, deja ver su ignorancia y hasta Rafael Correa se le r\u00ede<\/a><\/strong><\/p>\n\n\n\n<p><\/p>\n","protected":false},"excerpt":{"rendered":"<p>La pol\u00e9mica por una frase de Arleen sobre Mart\u00ed se volvi\u00f3 un examen de citas, pero el fondo es otro: c\u00f3mo se normaliza el apag\u00f3n y la miseria.<\/p>\n","protected":false},"author":13,"featured_media":233559,"comment_status":"open","ping_status":"closed","sticky":false,"template":"","format":"standard","meta":{"_acf_changed":false,"footnotes":""},"categories":[18,955,965],"tags":[13254,1146,30266,6231,11,30265,224,8806],"class_list":{"0":"post-233558","1":"post","2":"type-post","3":"status-publish","4":"format-standard","5":"has-post-thumbnail","7":"category-noticias","8":"category-noticias-de-cuba","9":"category-viral","10":"tag-amelia-calzadilla","11":"tag-apagones","12":"tag-arleen-rodriguez","13":"tag-crisis-energetica","14":"tag-cuba","15":"tag-ernesto-morales","16":"tag-jose-marti","17":"tag-propaganda"},"acf":[],"yoast_head":"<!-- This site is optimized with the Yoast SEO plugin v27.5 - https:\/\/yoast.com\/product\/yoast-seo-wordpress\/ -->\n<title>Arleen Rodr\u00edguez, Jos\u00e9 Mart\u00ed y la luz: el debate equivocado - Cuballama Noticias<\/title>\n<meta name=\"description\" content=\"Una frase sobre Mart\u00ed desat\u00f3 burlas, pero el problema real es c\u00f3mo el poder usa el apag\u00f3n para normalizar la miseria en Cuba.\" \/>\n<meta name=\"robots\" content=\"index, follow, max-snippet:-1, max-image-preview:large, max-video-preview:-1\" \/>\n<link rel=\"canonical\" href=\"https:\/\/www.cuballama.com\/noticias\/arleen-rodriguez-jose-marti-y-la-luz-el-debate-equivocado\/\" \/>\n<meta property=\"og:locale\" content=\"es_ES\" \/>\n<meta property=\"og:type\" content=\"article\" \/>\n<meta property=\"og:title\" content=\"Arleen Rodr\u00edguez, Jos\u00e9 Mart\u00ed y la luz: el debate equivocado - Cuballama Noticias\" \/>\n<meta property=\"og:description\" content=\"Una frase sobre Mart\u00ed desat\u00f3 burlas, pero el problema real es c\u00f3mo el poder usa el apag\u00f3n para normalizar la miseria en Cuba.\" \/>\n<meta property=\"og:url\" content=\"https:\/\/www.cuballama.com\/noticias\/arleen-rodriguez-jose-marti-y-la-luz-el-debate-equivocado\/\" \/>\n<meta property=\"og:site_name\" content=\"Cuballama Noticias\" \/>\n<meta property=\"article:publisher\" content=\"https:\/\/www.facebook.com\/CubaLlama\" \/>\n<meta property=\"article:published_time\" content=\"2026-01-28T21:13:04+00:00\" \/>\n<meta property=\"article:modified_time\" content=\"2026-01-28T21:13:07+00:00\" \/>\n<meta property=\"og:image\" content=\"https:\/\/cdn1.mediawpaccore.net\/wp-content\/uploads\/2026\/01\/28070826\/image-135.png\" \/>\n\t<meta property=\"og:image:width\" content=\"1588\" \/>\n\t<meta property=\"og:image:height\" content=\"892\" \/>\n\t<meta property=\"og:image:type\" content=\"image\/png\" \/>\n<meta name=\"author\" content=\"Roberto A.\" \/>\n<meta name=\"twitter:card\" content=\"summary_large_image\" \/>\n<meta name=\"twitter:creator\" content=\"@cuballama\" \/>\n<meta name=\"twitter:site\" content=\"@cuballama\" \/>\n<meta name=\"twitter:label1\" content=\"Escrito por\" \/>\n\t<meta name=\"twitter:data1\" content=\"Roberto A.\" \/>\n\t<meta name=\"twitter:label2\" content=\"Tiempo de lectura\" \/>\n\t<meta name=\"twitter:data2\" content=\"5 minutos\" \/>\n<script type=\"application\/ld+json\" class=\"yoast-schema-graph\">{\"@context\":\"https:\\\/\\\/schema.org\",\"@graph\":[{\"@type\":\"Article\",\"@id\":\"https:\\\/\\\/www.cuballama.com\\\/noticias\\\/arleen-rodriguez-jose-marti-y-la-luz-el-debate-equivocado\\\/#article\",\"isPartOf\":{\"@id\":\"https:\\\/\\\/www.cuballama.com\\\/noticias\\\/arleen-rodriguez-jose-marti-y-la-luz-el-debate-equivocado\\\/\"},\"author\":{\"name\":\"Roberto A.\",\"@id\":\"https:\\\/\\\/www.cuballama.com\\\/noticias\\\/#\\\/schema\\\/person\\\/a58502ed4146c8e9f83872e897c76cd2\"},\"headline\":\"Arleen Rodr\u00edguez, Jos\u00e9 Mart\u00ed y la luz: el debate equivocado\",\"datePublished\":\"2026-01-28T21:13:04+00:00\",\"dateModified\":\"2026-01-28T21:13:07+00:00\",\"mainEntityOfPage\":{\"@id\":\"https:\\\/\\\/www.cuballama.com\\\/noticias\\\/arleen-rodriguez-jose-marti-y-la-luz-el-debate-equivocado\\\/\"},\"wordCount\":1135,\"commentCount\":0,\"publisher\":{\"@id\":\"https:\\\/\\\/www.cuballama.com\\\/noticias\\\/#organization\"},\"image\":{\"@id\":\"https:\\\/\\\/www.cuballama.com\\\/noticias\\\/arleen-rodriguez-jose-marti-y-la-luz-el-debate-equivocado\\\/#primaryimage\"},\"thumbnailUrl\":\"https:\\\/\\\/cdn1.mediawpaccore.net\\\/wp-content\\\/uploads\\\/2026\\\/01\\\/28070826\\\/image-135.png\",\"keywords\":[\"Amelia Calzadilla\",\"Apagones\",\"Arleen Rodr\u00edguez\",\"Crisis energ\u00e9tica\",\"Cuba\",\"Ernesto Morales\",\"Jos\u00e9 Mart\u00ed\",\"propaganda\"],\"articleSection\":[\"Noticias\",\"Noticias de Cuba\",\"Viral\"],\"inLanguage\":\"es\",\"potentialAction\":[{\"@type\":\"CommentAction\",\"name\":\"Comment\",\"target\":[\"https:\\\/\\\/www.cuballama.com\\\/noticias\\\/arleen-rodriguez-jose-marti-y-la-luz-el-debate-equivocado\\\/#respond\"]}]},{\"@type\":\"WebPage\",\"@id\":\"https:\\\/\\\/www.cuballama.com\\\/noticias\\\/arleen-rodriguez-jose-marti-y-la-luz-el-debate-equivocado\\\/\",\"url\":\"https:\\\/\\\/www.cuballama.com\\\/noticias\\\/arleen-rodriguez-jose-marti-y-la-luz-el-debate-equivocado\\\/\",\"name\":\"Arleen Rodr\u00edguez, Jos\u00e9 Mart\u00ed y la luz: el debate equivocado - Cuballama Noticias\",\"isPartOf\":{\"@id\":\"https:\\\/\\\/www.cuballama.com\\\/noticias\\\/#website\"},\"primaryImageOfPage\":{\"@id\":\"https:\\\/\\\/www.cuballama.com\\\/noticias\\\/arleen-rodriguez-jose-marti-y-la-luz-el-debate-equivocado\\\/#primaryimage\"},\"image\":{\"@id\":\"https:\\\/\\\/www.cuballama.com\\\/noticias\\\/arleen-rodriguez-jose-marti-y-la-luz-el-debate-equivocado\\\/#primaryimage\"},\"thumbnailUrl\":\"https:\\\/\\\/cdn1.mediawpaccore.net\\\/wp-content\\\/uploads\\\/2026\\\/01\\\/28070826\\\/image-135.png\",\"datePublished\":\"2026-01-28T21:13:04+00:00\",\"dateModified\":\"2026-01-28T21:13:07+00:00\",\"description\":\"Una frase sobre Mart\u00ed desat\u00f3 burlas, pero el problema real es c\u00f3mo el poder usa el apag\u00f3n para normalizar la miseria en Cuba.\",\"breadcrumb\":{\"@id\":\"https:\\\/\\\/www.cuballama.com\\\/noticias\\\/arleen-rodriguez-jose-marti-y-la-luz-el-debate-equivocado\\\/#breadcrumb\"},\"inLanguage\":\"es\",\"potentialAction\":[{\"@type\":\"ReadAction\",\"target\":[\"https:\\\/\\\/www.cuballama.com\\\/noticias\\\/arleen-rodriguez-jose-marti-y-la-luz-el-debate-equivocado\\\/\"]}]},{\"@type\":\"ImageObject\",\"inLanguage\":\"es\",\"@id\":\"https:\\\/\\\/www.cuballama.com\\\/noticias\\\/arleen-rodriguez-jose-marti-y-la-luz-el-debate-equivocado\\\/#primaryimage\",\"url\":\"https:\\\/\\\/cdn1.mediawpaccore.net\\\/wp-content\\\/uploads\\\/2026\\\/01\\\/28070826\\\/image-135.png\",\"contentUrl\":\"https:\\\/\\\/cdn1.mediawpaccore.net\\\/wp-content\\\/uploads\\\/2026\\\/01\\\/28070826\\\/image-135.png\",\"width\":1588,\"height\":892,\"caption\":\"Arleen Rodr\u00edguez parece decir como dec\u00eda Pedrito Calvo: \\\"\u00bfQu\u00e9 m\u00e1s t\u00fa quieres de m\u00ed, si todo yo te lo he dado?\\\". Foto: Video Screenshot via Mesa Redonda \\\/ Youtube\"},{\"@type\":\"BreadcrumbList\",\"@id\":\"https:\\\/\\\/www.cuballama.com\\\/noticias\\\/arleen-rodriguez-jose-marti-y-la-luz-el-debate-equivocado\\\/#breadcrumb\",\"itemListElement\":[{\"@type\":\"ListItem\",\"position\":1,\"name\":\"Home\",\"item\":\"https:\\\/\\\/www.cuballama.com\\\/noticias\\\/\"},{\"@type\":\"ListItem\",\"position\":2,\"name\":\"Arleen Rodr\u00edguez, Jos\u00e9 Mart\u00ed y la luz: el debate equivocado\"}]},{\"@type\":\"WebSite\",\"@id\":\"https:\\\/\\\/www.cuballama.com\\\/noticias\\\/#website\",\"url\":\"https:\\\/\\\/www.cuballama.com\\\/noticias\\\/\",\"name\":\"Cuballama Noticias\",\"description\":\"Medio digital sobre Cuba y el mundo\",\"publisher\":{\"@id\":\"https:\\\/\\\/www.cuballama.com\\\/noticias\\\/#organization\"},\"potentialAction\":[{\"@type\":\"SearchAction\",\"target\":{\"@type\":\"EntryPoint\",\"urlTemplate\":\"https:\\\/\\\/www.cuballama.com\\\/noticias\\\/?s={search_term_string}\"},\"query-input\":{\"@type\":\"PropertyValueSpecification\",\"valueRequired\":true,\"valueName\":\"search_term_string\"}}],\"inLanguage\":\"es\"},{\"@type\":\"Organization\",\"@id\":\"https:\\\/\\\/www.cuballama.com\\\/noticias\\\/#organization\",\"name\":\"Cuballama\",\"url\":\"https:\\\/\\\/www.cuballama.com\\\/noticias\\\/\",\"logo\":{\"@type\":\"ImageObject\",\"inLanguage\":\"es\",\"@id\":\"https:\\\/\\\/www.cuballama.com\\\/noticias\\\/#\\\/schema\\\/logo\\\/image\\\/\",\"url\":\"https:\\\/\\\/cdn1.mediawpaccore.net\\\/wp-content\\\/uploads\\\/2021\\\/12\\\/28171206\\\/cbll-logo-color-sm.png\",\"contentUrl\":\"https:\\\/\\\/cdn1.mediawpaccore.net\\\/wp-content\\\/uploads\\\/2021\\\/12\\\/28171206\\\/cbll-logo-color-sm.png\",\"width\":600,\"height\":133,\"caption\":\"Cuballama\"},\"image\":{\"@id\":\"https:\\\/\\\/www.cuballama.com\\\/noticias\\\/#\\\/schema\\\/logo\\\/image\\\/\"},\"sameAs\":[\"https:\\\/\\\/www.facebook.com\\\/CubaLlama\",\"https:\\\/\\\/x.com\\\/cuballama\",\"https:\\\/\\\/www.instagram.com\\\/stories\\\/cuballama_oficial\\\/\",\"https:\\\/\\\/www.youtube.com\\\/channel\\\/UCKkFE-d_axENGZcrc4as0IA\"]},{\"@type\":\"Person\",\"@id\":\"https:\\\/\\\/www.cuballama.com\\\/noticias\\\/#\\\/schema\\\/person\\\/a58502ed4146c8e9f83872e897c76cd2\",\"name\":\"Roberto A.\",\"description\":\"Roberto A. Periodista por decisi\u00f3n propia. Interesado en cualquier tema que me apasione y cada vez m\u00e1s comprometido con la verdad y la objetividad period\u00edstica. Graduado en La Habana hace ya muchos a\u00f1os, luego de una accidentada y polvorienta b\u00fasqueda de informaci\u00f3n sobre un tema in\u00e9dito. La Tesis, por cierto, desapareci\u00f3 de la biblioteca y no se conservan copias de la misma.\",\"url\":\"https:\\\/\\\/www.cuballama.com\\\/noticias\\\/author\\\/roberto\\\/\"}]}<\/script>\n<!-- \/ Yoast SEO plugin. -->","yoast_head_json":{"title":"Arleen Rodr\u00edguez, Jos\u00e9 Mart\u00ed y la luz: el debate equivocado - Cuballama Noticias","description":"Una frase sobre Mart\u00ed desat\u00f3 burlas, pero el problema real es c\u00f3mo el poder usa el apag\u00f3n para normalizar la miseria en Cuba.","robots":{"index":"index","follow":"follow","max-snippet":"max-snippet:-1","max-image-preview":"max-image-preview:large","max-video-preview":"max-video-preview:-1"},"canonical":"https:\/\/www.cuballama.com\/noticias\/arleen-rodriguez-jose-marti-y-la-luz-el-debate-equivocado\/","og_locale":"es_ES","og_type":"article","og_title":"Arleen Rodr\u00edguez, Jos\u00e9 Mart\u00ed y la luz: el debate equivocado - Cuballama Noticias","og_description":"Una frase sobre Mart\u00ed desat\u00f3 burlas, pero el problema real es c\u00f3mo el poder usa el apag\u00f3n para normalizar la miseria en Cuba.","og_url":"https:\/\/www.cuballama.com\/noticias\/arleen-rodriguez-jose-marti-y-la-luz-el-debate-equivocado\/","og_site_name":"Cuballama Noticias","article_publisher":"https:\/\/www.facebook.com\/CubaLlama","article_published_time":"2026-01-28T21:13:04+00:00","article_modified_time":"2026-01-28T21:13:07+00:00","og_image":[{"width":1588,"height":892,"url":"https:\/\/cdn1.mediawpaccore.net\/wp-content\/uploads\/2026\/01\/28070826\/image-135.png","type":"image\/png"}],"author":"Roberto A.","twitter_card":"summary_large_image","twitter_creator":"@cuballama","twitter_site":"@cuballama","twitter_misc":{"Escrito por":"Roberto A.","Tiempo de lectura":"5 minutos"},"schema":{"@context":"https:\/\/schema.org","@graph":[{"@type":"Article","@id":"https:\/\/www.cuballama.com\/noticias\/arleen-rodriguez-jose-marti-y-la-luz-el-debate-equivocado\/#article","isPartOf":{"@id":"https:\/\/www.cuballama.com\/noticias\/arleen-rodriguez-jose-marti-y-la-luz-el-debate-equivocado\/"},"author":{"name":"Roberto A.","@id":"https:\/\/www.cuballama.com\/noticias\/#\/schema\/person\/a58502ed4146c8e9f83872e897c76cd2"},"headline":"Arleen Rodr\u00edguez, Jos\u00e9 Mart\u00ed y la luz: el debate equivocado","datePublished":"2026-01-28T21:13:04+00:00","dateModified":"2026-01-28T21:13:07+00:00","mainEntityOfPage":{"@id":"https:\/\/www.cuballama.com\/noticias\/arleen-rodriguez-jose-marti-y-la-luz-el-debate-equivocado\/"},"wordCount":1135,"commentCount":0,"publisher":{"@id":"https:\/\/www.cuballama.com\/noticias\/#organization"},"image":{"@id":"https:\/\/www.cuballama.com\/noticias\/arleen-rodriguez-jose-marti-y-la-luz-el-debate-equivocado\/#primaryimage"},"thumbnailUrl":"https:\/\/cdn1.mediawpaccore.net\/wp-content\/uploads\/2026\/01\/28070826\/image-135.png","keywords":["Amelia Calzadilla","Apagones","Arleen Rodr\u00edguez","Crisis energ\u00e9tica","Cuba","Ernesto Morales","Jos\u00e9 Mart\u00ed","propaganda"],"articleSection":["Noticias","Noticias de Cuba","Viral"],"inLanguage":"es","potentialAction":[{"@type":"CommentAction","name":"Comment","target":["https:\/\/www.cuballama.com\/noticias\/arleen-rodriguez-jose-marti-y-la-luz-el-debate-equivocado\/#respond"]}]},{"@type":"WebPage","@id":"https:\/\/www.cuballama.com\/noticias\/arleen-rodriguez-jose-marti-y-la-luz-el-debate-equivocado\/","url":"https:\/\/www.cuballama.com\/noticias\/arleen-rodriguez-jose-marti-y-la-luz-el-debate-equivocado\/","name":"Arleen Rodr\u00edguez, Jos\u00e9 Mart\u00ed y la luz: el debate equivocado - Cuballama Noticias","isPartOf":{"@id":"https:\/\/www.cuballama.com\/noticias\/#website"},"primaryImageOfPage":{"@id":"https:\/\/www.cuballama.com\/noticias\/arleen-rodriguez-jose-marti-y-la-luz-el-debate-equivocado\/#primaryimage"},"image":{"@id":"https:\/\/www.cuballama.com\/noticias\/arleen-rodriguez-jose-marti-y-la-luz-el-debate-equivocado\/#primaryimage"},"thumbnailUrl":"https:\/\/cdn1.mediawpaccore.net\/wp-content\/uploads\/2026\/01\/28070826\/image-135.png","datePublished":"2026-01-28T21:13:04+00:00","dateModified":"2026-01-28T21:13:07+00:00","description":"Una frase sobre Mart\u00ed desat\u00f3 burlas, pero el problema real es c\u00f3mo el poder usa el apag\u00f3n para normalizar la miseria en Cuba.","breadcrumb":{"@id":"https:\/\/www.cuballama.com\/noticias\/arleen-rodriguez-jose-marti-y-la-luz-el-debate-equivocado\/#breadcrumb"},"inLanguage":"es","potentialAction":[{"@type":"ReadAction","target":["https:\/\/www.cuballama.com\/noticias\/arleen-rodriguez-jose-marti-y-la-luz-el-debate-equivocado\/"]}]},{"@type":"ImageObject","inLanguage":"es","@id":"https:\/\/www.cuballama.com\/noticias\/arleen-rodriguez-jose-marti-y-la-luz-el-debate-equivocado\/#primaryimage","url":"https:\/\/cdn1.mediawpaccore.net\/wp-content\/uploads\/2026\/01\/28070826\/image-135.png","contentUrl":"https:\/\/cdn1.mediawpaccore.net\/wp-content\/uploads\/2026\/01\/28070826\/image-135.png","width":1588,"height":892,"caption":"Arleen Rodr\u00edguez parece decir como dec\u00eda Pedrito Calvo: \"\u00bfQu\u00e9 m\u00e1s t\u00fa quieres de m\u00ed, si todo yo te lo he dado?\". Foto: Video Screenshot via Mesa Redonda \/ Youtube"},{"@type":"BreadcrumbList","@id":"https:\/\/www.cuballama.com\/noticias\/arleen-rodriguez-jose-marti-y-la-luz-el-debate-equivocado\/#breadcrumb","itemListElement":[{"@type":"ListItem","position":1,"name":"Home","item":"https:\/\/www.cuballama.com\/noticias\/"},{"@type":"ListItem","position":2,"name":"Arleen Rodr\u00edguez, Jos\u00e9 Mart\u00ed y la luz: el debate equivocado"}]},{"@type":"WebSite","@id":"https:\/\/www.cuballama.com\/noticias\/#website","url":"https:\/\/www.cuballama.com\/noticias\/","name":"Cuballama Noticias","description":"Medio digital sobre Cuba y el mundo","publisher":{"@id":"https:\/\/www.cuballama.com\/noticias\/#organization"},"potentialAction":[{"@type":"SearchAction","target":{"@type":"EntryPoint","urlTemplate":"https:\/\/www.cuballama.com\/noticias\/?s={search_term_string}"},"query-input":{"@type":"PropertyValueSpecification","valueRequired":true,"valueName":"search_term_string"}}],"inLanguage":"es"},{"@type":"Organization","@id":"https:\/\/www.cuballama.com\/noticias\/#organization","name":"Cuballama","url":"https:\/\/www.cuballama.com\/noticias\/","logo":{"@type":"ImageObject","inLanguage":"es","@id":"https:\/\/www.cuballama.com\/noticias\/#\/schema\/logo\/image\/","url":"https:\/\/cdn1.mediawpaccore.net\/wp-content\/uploads\/2021\/12\/28171206\/cbll-logo-color-sm.png","contentUrl":"https:\/\/cdn1.mediawpaccore.net\/wp-content\/uploads\/2021\/12\/28171206\/cbll-logo-color-sm.png","width":600,"height":133,"caption":"Cuballama"},"image":{"@id":"https:\/\/www.cuballama.com\/noticias\/#\/schema\/logo\/image\/"},"sameAs":["https:\/\/www.facebook.com\/CubaLlama","https:\/\/x.com\/cuballama","https:\/\/www.instagram.com\/stories\/cuballama_oficial\/","https:\/\/www.youtube.com\/channel\/UCKkFE-d_axENGZcrc4as0IA"]},{"@type":"Person","@id":"https:\/\/www.cuballama.com\/noticias\/#\/schema\/person\/a58502ed4146c8e9f83872e897c76cd2","name":"Roberto A.","description":"Roberto A. Periodista por decisi\u00f3n propia. Interesado en cualquier tema que me apasione y cada vez m\u00e1s comprometido con la verdad y la objetividad period\u00edstica. Graduado en La Habana hace ya muchos a\u00f1os, luego de una accidentada y polvorienta b\u00fasqueda de informaci\u00f3n sobre un tema in\u00e9dito. La Tesis, por cierto, desapareci\u00f3 de la biblioteca y no se conservan copias de la misma.","url":"https:\/\/www.cuballama.com\/noticias\/author\/roberto\/"}]}},"_links":{"self":[{"href":"https:\/\/www.cuballama.com\/noticias\/wp-json\/wp\/v2\/posts\/233558","targetHints":{"allow":["GET"]}}],"collection":[{"href":"https:\/\/www.cuballama.com\/noticias\/wp-json\/wp\/v2\/posts"}],"about":[{"href":"https:\/\/www.cuballama.com\/noticias\/wp-json\/wp\/v2\/types\/post"}],"author":[{"embeddable":true,"href":"https:\/\/www.cuballama.com\/noticias\/wp-json\/wp\/v2\/users\/13"}],"replies":[{"embeddable":true,"href":"https:\/\/www.cuballama.com\/noticias\/wp-json\/wp\/v2\/comments?post=233558"}],"version-history":[{"count":1,"href":"https:\/\/www.cuballama.com\/noticias\/wp-json\/wp\/v2\/posts\/233558\/revisions"}],"predecessor-version":[{"id":233560,"href":"https:\/\/www.cuballama.com\/noticias\/wp-json\/wp\/v2\/posts\/233558\/revisions\/233560"}],"wp:featuredmedia":[{"embeddable":true,"href":"https:\/\/www.cuballama.com\/noticias\/wp-json\/wp\/v2\/media\/233559"}],"wp:attachment":[{"href":"https:\/\/www.cuballama.com\/noticias\/wp-json\/wp\/v2\/media?parent=233558"}],"wp:term":[{"taxonomy":"category","embeddable":true,"href":"https:\/\/www.cuballama.com\/noticias\/wp-json\/wp\/v2\/categories?post=233558"},{"taxonomy":"post_tag","embeddable":true,"href":"https:\/\/www.cuballama.com\/noticias\/wp-json\/wp\/v2\/tags?post=233558"}],"curies":[{"name":"wp","href":"https:\/\/api.w.org\/{rel}","templated":true}]}}