{"id":233536,"date":"2026-01-27T16:26:17","date_gmt":"2026-01-27T21:26:17","guid":{"rendered":"https:\/\/www.cuballama.com\/noticias\/?p=233536"},"modified":"2026-01-27T16:26:20","modified_gmt":"2026-01-27T21:26:20","slug":"claudia-artiles-y-ultrack-se-vuelcan-con-mia-nina-cubana-que-llega-a-ee-uu-para-tratarse-en-miami","status":"publish","type":"post","link":"https:\/\/www.cuballama.com\/noticias\/claudia-artiles-y-ultrack-se-vuelcan-con-mia-nina-cubana-que-llega-a-ee-uu-para-tratarse-en-miami\/","title":{"rendered":"Claudia Artiles y Ultrack se vuelcan con M\u00eda, ni\u00f1a cubana que llega a EE.UU. para tratarse en Miami"},"content":{"rendered":"\n<p>Entre tanta pol\u00e9mica y show en redes, esta vez lo que se volvi\u00f3 viral fue un momento de los que aprietan el pecho. Los creadores de contenido <strong>Claudia Artiles<\/strong> y <strong>Ultrack<\/strong> protagonizaron una sorpresa que ha conmovido a miles: el encuentro con <strong>M\u00eda<\/strong>, una ni\u00f1a cubana que lleg\u00f3 recientemente a Estados Unidos para enfrentar un tratamiento contra el c\u00e1ncer.<\/p>\n\n\n\n<p>El video, que circula tanto en <strong>Instagram<\/strong> como en <strong>TikTok<\/strong>, capta la escena con esa espontaneidad que no se fabrica: M\u00eda recibe un oso de peluche gigantesco, y en segundos la alegr\u00eda se le nota en la cara, en el abrazo y en ese instante en que la emoci\u00f3n se vuelve imposible de esconder. Sonrisas, apretujones y l\u00e1grimas incluidas.<\/p>\n\n\n\n<p>Artiles aprovech\u00f3 la publicaci\u00f3n para explicar que lo que hoy parece un \u201cya lleg\u00f3\u201d tuvo detr\u00e1s semanas de presi\u00f3n, gestiones y un esfuerzo colectivo. Seg\u00fan cont\u00f3, la familia no camin\u00f3 sola: creadores de contenido y personas solidarias se movilizaron para empujar el proceso migratorio y la obtenci\u00f3n de la visa.<\/p>\n\n\n\n<blockquote class=\"instagram-media\" data-instgrm-captioned data-instgrm-permalink=\"https:\/\/www.instagram.com\/reel\/DUBWDeckT1p\/?utm_source=ig_embed&amp;utm_campaign=loading\" data-instgrm-version=\"14\" style=\" background:#FFF; border:0; border-radius:3px; box-shadow:0 0 1px 0 rgba(0,0,0,0.5),0 1px 10px 0 rgba(0,0,0,0.15); margin: 1px; max-width:540px; min-width:326px; padding:0; width:99.375%; width:-webkit-calc(100% - 2px); width:calc(100% - 2px);\"><div style=\"padding:16px;\"> <a href=\"https:\/\/www.instagram.com\/reel\/DUBWDeckT1p\/?utm_source=ig_embed&amp;utm_campaign=loading\" style=\" background:#FFFFFF; line-height:0; padding:0 0; text-align:center; text-decoration:none; width:100%;\" target=\"_blank\"> <div style=\" display: flex; flex-direction: row; align-items: center;\"> <div style=\"background-color: #F4F4F4; border-radius: 50%; flex-grow: 0; height: 40px; margin-right: 14px; width: 40px;\"><\/div> <div style=\"display: flex; flex-direction: column; flex-grow: 1; justify-content: center;\"> <div style=\" background-color: #F4F4F4; border-radius: 4px; flex-grow: 0; height: 14px; margin-bottom: 6px; width: 100px;\"><\/div> <div style=\" background-color: #F4F4F4; border-radius: 4px; flex-grow: 0; height: 14px; width: 60px;\"><\/div><\/div><\/div><div style=\"padding: 19% 0;\"><\/div> <div style=\"display:block; height:50px; margin:0 auto 12px; width:50px;\"><svg width=\"50px\" height=\"50px\" viewBox=\"0 0 60 60\" version=\"1.1\" xmlns=\"https:\/\/www.w3.org\/2000\/svg\" xmlns:xlink=\"https:\/\/www.w3.org\/1999\/xlink\"><g stroke=\"none\" stroke-width=\"1\" fill=\"none\" fill-rule=\"evenodd\"><g transform=\"translate(-511.000000, -20.000000)\" fill=\"#000000\"><g><path d=\"M556.869,30.41 C554.814,30.41 553.148,32.076 553.148,34.131 C553.148,36.186 554.814,37.852 556.869,37.852 C558.924,37.852 560.59,36.186 560.59,34.131 C560.59,32.076 558.924,30.41 556.869,30.41 M541,60.657 C535.114,60.657 530.342,55.887 530.342,50 C530.342,44.114 535.114,39.342 541,39.342 C546.887,39.342 551.658,44.114 551.658,50 C551.658,55.887 546.887,60.657 541,60.657 M541,33.886 C532.1,33.886 524.886,41.1 524.886,50 C524.886,58.899 532.1,66.113 541,66.113 C549.9,66.113 557.115,58.899 557.115,50 C557.115,41.1 549.9,33.886 541,33.886 M565.378,62.101 C565.244,65.022 564.756,66.606 564.346,67.663 C563.803,69.06 563.154,70.057 562.106,71.106 C561.058,72.155 560.06,72.803 558.662,73.347 C557.607,73.757 556.021,74.244 553.102,74.378 C549.944,74.521 548.997,74.552 541,74.552 C533.003,74.552 532.056,74.521 528.898,74.378 C525.979,74.244 524.393,73.757 523.338,73.347 C521.94,72.803 520.942,72.155 519.894,71.106 C518.846,70.057 518.197,69.06 517.654,67.663 C517.244,66.606 516.755,65.022 516.623,62.101 C516.479,58.943 516.448,57.996 516.448,50 C516.448,42.003 516.479,41.056 516.623,37.899 C516.755,34.978 517.244,33.391 517.654,32.338 C518.197,30.938 518.846,29.942 519.894,28.894 C520.942,27.846 521.94,27.196 523.338,26.654 C524.393,26.244 525.979,25.756 528.898,25.623 C532.057,25.479 533.004,25.448 541,25.448 C548.997,25.448 549.943,25.479 553.102,25.623 C556.021,25.756 557.607,26.244 558.662,26.654 C560.06,27.196 561.058,27.846 562.106,28.894 C563.154,29.942 563.803,30.938 564.346,32.338 C564.756,33.391 565.244,34.978 565.378,37.899 C565.522,41.056 565.552,42.003 565.552,50 C565.552,57.996 565.522,58.943 565.378,62.101 M570.82,37.631 C570.674,34.438 570.167,32.258 569.425,30.349 C568.659,28.377 567.633,26.702 565.965,25.035 C564.297,23.368 562.623,22.342 560.652,21.575 C558.743,20.834 556.562,20.326 553.369,20.18 C550.169,20.033 549.148,20 541,20 C532.853,20 531.831,20.033 528.631,20.18 C525.438,20.326 523.257,20.834 521.349,21.575 C519.376,22.342 517.703,23.368 516.035,25.035 C514.368,26.702 513.342,28.377 512.574,30.349 C511.834,32.258 511.326,34.438 511.181,37.631 C511.035,40.831 511,41.851 511,50 C511,58.147 511.035,59.17 511.181,62.369 C511.326,65.562 511.834,67.743 512.574,69.651 C513.342,71.625 514.368,73.296 516.035,74.965 C517.703,76.634 519.376,77.658 521.349,78.425 C523.257,79.167 525.438,79.673 528.631,79.82 C531.831,79.965 532.853,80.001 541,80.001 C549.148,80.001 550.169,79.965 553.369,79.82 C556.562,79.673 558.743,79.167 560.652,78.425 C562.623,77.658 564.297,76.634 565.965,74.965 C567.633,73.296 568.659,71.625 569.425,69.651 C570.167,67.743 570.674,65.562 570.82,62.369 C570.966,59.17 571,58.147 571,50 C571,41.851 570.966,40.831 570.82,37.631\"><\/path><\/g><\/g><\/g><\/svg><\/div><div style=\"padding-top: 8px;\"> <div style=\" color:#3897f0; font-family:Arial,sans-serif; font-size:14px; font-style:normal; font-weight:550; line-height:18px;\">Ver esta publicaci\u00f3n en Instagram<\/div><\/div><div style=\"padding: 12.5% 0;\"><\/div> <div style=\"display: flex; flex-direction: row; margin-bottom: 14px; align-items: center;\"><div> <div style=\"background-color: #F4F4F4; border-radius: 50%; height: 12.5px; width: 12.5px; transform: translateX(0px) translateY(7px);\"><\/div> <div style=\"background-color: #F4F4F4; height: 12.5px; transform: rotate(-45deg) translateX(3px) translateY(1px); width: 12.5px; flex-grow: 0; margin-right: 14px; margin-left: 2px;\"><\/div> <div style=\"background-color: #F4F4F4; border-radius: 50%; height: 12.5px; width: 12.5px; transform: translateX(9px) translateY(-18px);\"><\/div><\/div><div style=\"margin-left: 8px;\"> <div style=\" background-color: #F4F4F4; border-radius: 50%; flex-grow: 0; height: 20px; width: 20px;\"><\/div> <div style=\" width: 0; height: 0; border-top: 2px solid transparent; border-left: 6px solid #f4f4f4; border-bottom: 2px solid transparent; transform: translateX(16px) translateY(-4px) rotate(30deg)\"><\/div><\/div><div style=\"margin-left: auto;\"> <div style=\" width: 0px; border-top: 8px solid #F4F4F4; border-right: 8px solid transparent; transform: translateY(16px);\"><\/div> <div style=\" background-color: #F4F4F4; flex-grow: 0; height: 12px; width: 16px; transform: translateY(-4px);\"><\/div> <div style=\" width: 0; height: 0; border-top: 8px solid #F4F4F4; border-left: 8px solid transparent; transform: translateY(-4px) translateX(8px);\"><\/div><\/div><\/div> <div style=\"display: flex; flex-direction: column; flex-grow: 1; justify-content: center; margin-bottom: 24px;\"> <div style=\" background-color: #F4F4F4; border-radius: 4px; flex-grow: 0; height: 14px; margin-bottom: 6px; width: 224px;\"><\/div> <div style=\" background-color: #F4F4F4; border-radius: 4px; flex-grow: 0; height: 14px; width: 144px;\"><\/div><\/div><\/a><p style=\" color:#c9c8cd; font-family:Arial,sans-serif; font-size:14px; line-height:17px; margin-bottom:0; margin-top:8px; overflow:hidden; padding:8px 0 7px; text-align:center; text-overflow:ellipsis; white-space:nowrap;\"><a href=\"https:\/\/www.instagram.com\/reel\/DUBWDeckT1p\/?utm_source=ig_embed&amp;utm_campaign=loading\" style=\" color:#c9c8cd; font-family:Arial,sans-serif; font-size:14px; font-style:normal; font-weight:normal; line-height:17px; text-decoration:none;\" target=\"_blank\">Una publicaci\u00f3n compartida de Claudia Artiles (@claudiaartilesa)<\/a><\/p><\/div><\/blockquote>\n<script async src=\"\/\/www.instagram.com\/embed.js\"><\/script>\n\n\n\n<p>\u201cM\u00eda lleg\u00f3 apenas hace dos semanas a Estados Unidos. Much\u00edsimos creadores se sumaron a la causa, incluy\u00e9ndome recogimos firmas y estuvimos durante todo el proceso de la visa de m\u00eda para que fuera posible y se logr\u00f3 en mi p\u00e1gina de TikTok. Le dej\u00e9 a su mam\u00e1 etiquetada por si quieren seguirla. Vayan a TikTok y la sigan para que est\u00e9n pendiente al proceso de M\u00eda\u201d, escribi\u00f3 Claudia.<\/p>\n\n\n\n<p>La historia de M\u00eda tiene el peso de muchas historias parecidas: familias cubanas que se ven obligadas a salir del pa\u00eds cuando el diagn\u00f3stico es grave y las opciones m\u00e9dicas no alcanzan. En su caso, la urgencia tiene nombre y apellido cl\u00ednico.<\/p>\n\n\n\n<p>M\u00eda padece un <strong>neuroblastoma metast\u00e1sico en etapa cuatro<\/strong>, un tipo de c\u00e1ncer infantil altamente agresivo. En Cuba, el diagn\u00f3stico lleg\u00f3 despu\u00e9s de un proceso m\u00e9dico que, seg\u00fan se ha contado, estuvo marcado por errores y falta de recursos. En su ruta de b\u00fasqueda de alternativas, pas\u00f3 por <strong>Costa Rica<\/strong>, donde recibi\u00f3 quimioterapia y fue sometida a una cirug\u00eda compleja: el tumor estaba comprometido con la <strong>vena aorta<\/strong> y la <strong>vena cava<\/strong>, lo que elevaba el riesgo al m\u00e1ximo.<\/p>\n\n\n\n<p>Aunque esa operaci\u00f3n fue exitosa, la batalla no termin\u00f3 ah\u00ed. M\u00eda a\u00fan presenta una masa en uno de sus pulmones y met\u00e1stasis en la m\u00e9dula \u00f3sea, una situaci\u00f3n que impide que su cuerpo produzca c\u00e9lulas madre de manera adecuada. Ya en Estados Unidos, especialistas del <strong>Nicklaus Children\u2019s Hospital<\/strong>, en Miami, le dise\u00f1aron un tratamiento enfocado en nuevas intervenciones quir\u00fargicas y terapias oncol\u00f3gicas avanzadas, con una probabilidad de \u00e9xito significativamente mayor.<\/p>\n\n\n\n<p>M\u00e1s all\u00e1 del regalo, el gesto de <strong><a href=\"https:\/\/www.cuballama.com\/noticias\/ella-estaba-en-negacion-ultrack-y-claudia-perdieron-el-bebe-y-explican-por-que-no-lo-dijeron-antes\/\" target=\"_blank\" rel=\"noreferrer noopener\">Claudia Artiles y Ultrack<\/a><\/strong> termin\u00f3 funcionando como altavoz: le dio a M\u00eda un respiro emocional y, al mismo tiempo, puso su caso frente a miles de personas, recordando que, en ocasiones, las redes tambi\u00e9n sirven para empujar historias donde lo que est\u00e1 en juego no es un trend, sino una vida.<\/p>\n","protected":false},"excerpt":{"rendered":"<p>Claudia Artiles y Ultrack compartieron en redes la sorpresa a M\u00eda, una ni\u00f1a cubana que lleg\u00f3 a Estados Unidos para recibir tratamiento contra el c\u00e1ncer.<\/p>\n","protected":false},"author":29,"featured_media":233549,"comment_status":"open","ping_status":"closed","sticky":false,"template":"","format":"standard","meta":{"_acf_changed":false,"footnotes":""},"categories":[443],"tags":[23580,92,11050,8394,17763],"class_list":{"0":"post-233536","1":"post","2":"type-post","3":"status-publish","4":"format-standard","5":"has-post-thumbnail","7":"category-farandula","8":"tag-claudia-artiles","9":"tag-cubanos","10":"tag-cubanos-en-miami","11":"tag-influencers-cubanos","12":"tag-ultrack"},"acf":[],"yoast_head":"<!-- This site is optimized with the Yoast SEO plugin v27.5 - https:\/\/yoast.com\/product\/yoast-seo-wordpress\/ -->\n<title>Claudia Artiles y Ultrack se vuelcan con M\u00eda, ni\u00f1a cubana que llega a EE.UU. para tratarse en Miami - Cuballama Noticias<\/title>\n<meta name=\"description\" content=\"Claudia Artiles y Ultrack compartieron en redes la sorpresa a M\u00eda, una ni\u00f1a cubana que lleg\u00f3 a Estados Unidos para recibir tratamiento.\" \/>\n<meta name=\"robots\" content=\"index, follow, max-snippet:-1, max-image-preview:large, max-video-preview:-1\" \/>\n<link rel=\"canonical\" href=\"https:\/\/www.cuballama.com\/noticias\/claudia-artiles-y-ultrack-se-vuelcan-con-mia-nina-cubana-que-llega-a-ee-uu-para-tratarse-en-miami\/\" \/>\n<meta property=\"og:locale\" content=\"es_ES\" \/>\n<meta property=\"og:type\" content=\"article\" \/>\n<meta property=\"og:title\" content=\"Claudia Artiles y Ultrack se vuelcan con M\u00eda, ni\u00f1a cubana que llega a EE.UU. para tratarse en Miami - Cuballama Noticias\" \/>\n<meta property=\"og:description\" content=\"Claudia Artiles y Ultrack compartieron en redes la sorpresa a M\u00eda, una ni\u00f1a cubana que lleg\u00f3 a Estados Unidos para recibir tratamiento.\" \/>\n<meta property=\"og:url\" content=\"https:\/\/www.cuballama.com\/noticias\/claudia-artiles-y-ultrack-se-vuelcan-con-mia-nina-cubana-que-llega-a-ee-uu-para-tratarse-en-miami\/\" \/>\n<meta property=\"og:site_name\" content=\"Cuballama Noticias\" \/>\n<meta property=\"article:publisher\" content=\"https:\/\/www.facebook.com\/CubaLlama\" \/>\n<meta property=\"article:published_time\" content=\"2026-01-27T21:26:17+00:00\" \/>\n<meta property=\"article:modified_time\" content=\"2026-01-27T21:26:20+00:00\" \/>\n<meta property=\"og:image\" content=\"https:\/\/cdn1.mediawpaccore.net\/wp-content\/uploads\/2026\/01\/27162243\/Diseno-sin-titulo-62-1024x589.png\" \/>\n\t<meta property=\"og:image:width\" content=\"1024\" \/>\n\t<meta property=\"og:image:height\" content=\"589\" \/>\n\t<meta property=\"og:image:type\" content=\"image\/png\" \/>\n<meta name=\"author\" content=\"Sof\u00eda Reyes\" \/>\n<meta name=\"twitter:card\" content=\"summary_large_image\" \/>\n<meta name=\"twitter:creator\" content=\"@cuballama\" \/>\n<meta name=\"twitter:site\" content=\"@cuballama\" \/>\n<meta name=\"twitter:label1\" content=\"Escrito por\" \/>\n\t<meta name=\"twitter:data1\" content=\"Sof\u00eda Reyes\" \/>\n\t<meta name=\"twitter:label2\" content=\"Tiempo de lectura\" \/>\n\t<meta name=\"twitter:data2\" content=\"3 minutos\" \/>\n<script type=\"application\/ld+json\" class=\"yoast-schema-graph\">{\"@context\":\"https:\\\/\\\/schema.org\",\"@graph\":[{\"@type\":\"Article\",\"@id\":\"https:\\\/\\\/www.cuballama.com\\\/noticias\\\/claudia-artiles-y-ultrack-se-vuelcan-con-mia-nina-cubana-que-llega-a-ee-uu-para-tratarse-en-miami\\\/#article\",\"isPartOf\":{\"@id\":\"https:\\\/\\\/www.cuballama.com\\\/noticias\\\/claudia-artiles-y-ultrack-se-vuelcan-con-mia-nina-cubana-que-llega-a-ee-uu-para-tratarse-en-miami\\\/\"},\"author\":{\"name\":\"Sof\u00eda Reyes\",\"@id\":\"https:\\\/\\\/www.cuballama.com\\\/noticias\\\/#\\\/schema\\\/person\\\/5cba2b8cc25a3159e49fe730a94d512e\"},\"headline\":\"Claudia Artiles y Ultrack se vuelcan con M\u00eda, ni\u00f1a cubana que llega a EE.UU. para tratarse en Miami\",\"datePublished\":\"2026-01-27T21:26:17+00:00\",\"dateModified\":\"2026-01-27T21:26:20+00:00\",\"mainEntityOfPage\":{\"@id\":\"https:\\\/\\\/www.cuballama.com\\\/noticias\\\/claudia-artiles-y-ultrack-se-vuelcan-con-mia-nina-cubana-que-llega-a-ee-uu-para-tratarse-en-miami\\\/\"},\"wordCount\":568,\"commentCount\":0,\"publisher\":{\"@id\":\"https:\\\/\\\/www.cuballama.com\\\/noticias\\\/#organization\"},\"image\":{\"@id\":\"https:\\\/\\\/www.cuballama.com\\\/noticias\\\/claudia-artiles-y-ultrack-se-vuelcan-con-mia-nina-cubana-que-llega-a-ee-uu-para-tratarse-en-miami\\\/#primaryimage\"},\"thumbnailUrl\":\"https:\\\/\\\/cdn1.mediawpaccore.net\\\/wp-content\\\/uploads\\\/2026\\\/01\\\/27162243\\\/Diseno-sin-titulo-62.png\",\"keywords\":[\"Claudia Artiles\",\"cubanos\",\"cubanos en Miami\",\"Influencers cubanos\",\"Ultrack\"],\"articleSection\":[\"Far\u00e1ndula\"],\"inLanguage\":\"es\",\"potentialAction\":[{\"@type\":\"CommentAction\",\"name\":\"Comment\",\"target\":[\"https:\\\/\\\/www.cuballama.com\\\/noticias\\\/claudia-artiles-y-ultrack-se-vuelcan-con-mia-nina-cubana-que-llega-a-ee-uu-para-tratarse-en-miami\\\/#respond\"]}]},{\"@type\":\"WebPage\",\"@id\":\"https:\\\/\\\/www.cuballama.com\\\/noticias\\\/claudia-artiles-y-ultrack-se-vuelcan-con-mia-nina-cubana-que-llega-a-ee-uu-para-tratarse-en-miami\\\/\",\"url\":\"https:\\\/\\\/www.cuballama.com\\\/noticias\\\/claudia-artiles-y-ultrack-se-vuelcan-con-mia-nina-cubana-que-llega-a-ee-uu-para-tratarse-en-miami\\\/\",\"name\":\"Claudia Artiles y Ultrack se vuelcan con M\u00eda, ni\u00f1a cubana que llega a EE.UU. para tratarse en Miami - Cuballama Noticias\",\"isPartOf\":{\"@id\":\"https:\\\/\\\/www.cuballama.com\\\/noticias\\\/#website\"},\"primaryImageOfPage\":{\"@id\":\"https:\\\/\\\/www.cuballama.com\\\/noticias\\\/claudia-artiles-y-ultrack-se-vuelcan-con-mia-nina-cubana-que-llega-a-ee-uu-para-tratarse-en-miami\\\/#primaryimage\"},\"image\":{\"@id\":\"https:\\\/\\\/www.cuballama.com\\\/noticias\\\/claudia-artiles-y-ultrack-se-vuelcan-con-mia-nina-cubana-que-llega-a-ee-uu-para-tratarse-en-miami\\\/#primaryimage\"},\"thumbnailUrl\":\"https:\\\/\\\/cdn1.mediawpaccore.net\\\/wp-content\\\/uploads\\\/2026\\\/01\\\/27162243\\\/Diseno-sin-titulo-62.png\",\"datePublished\":\"2026-01-27T21:26:17+00:00\",\"dateModified\":\"2026-01-27T21:26:20+00:00\",\"description\":\"Claudia Artiles y Ultrack compartieron en redes la sorpresa a M\u00eda, una ni\u00f1a cubana que lleg\u00f3 a Estados Unidos para recibir tratamiento.\",\"breadcrumb\":{\"@id\":\"https:\\\/\\\/www.cuballama.com\\\/noticias\\\/claudia-artiles-y-ultrack-se-vuelcan-con-mia-nina-cubana-que-llega-a-ee-uu-para-tratarse-en-miami\\\/#breadcrumb\"},\"inLanguage\":\"es\",\"potentialAction\":[{\"@type\":\"ReadAction\",\"target\":[\"https:\\\/\\\/www.cuballama.com\\\/noticias\\\/claudia-artiles-y-ultrack-se-vuelcan-con-mia-nina-cubana-que-llega-a-ee-uu-para-tratarse-en-miami\\\/\"]}]},{\"@type\":\"ImageObject\",\"inLanguage\":\"es\",\"@id\":\"https:\\\/\\\/www.cuballama.com\\\/noticias\\\/claudia-artiles-y-ultrack-se-vuelcan-con-mia-nina-cubana-que-llega-a-ee-uu-para-tratarse-en-miami\\\/#primaryimage\",\"url\":\"https:\\\/\\\/cdn1.mediawpaccore.net\\\/wp-content\\\/uploads\\\/2026\\\/01\\\/27162243\\\/Diseno-sin-titulo-62.png\",\"contentUrl\":\"https:\\\/\\\/cdn1.mediawpaccore.net\\\/wp-content\\\/uploads\\\/2026\\\/01\\\/27162243\\\/Diseno-sin-titulo-62.png\",\"width\":1949,\"height\":1122,\"caption\":\"Fotos tomadas del perfil de Instagram de Claudia Artiles\"},{\"@type\":\"BreadcrumbList\",\"@id\":\"https:\\\/\\\/www.cuballama.com\\\/noticias\\\/claudia-artiles-y-ultrack-se-vuelcan-con-mia-nina-cubana-que-llega-a-ee-uu-para-tratarse-en-miami\\\/#breadcrumb\",\"itemListElement\":[{\"@type\":\"ListItem\",\"position\":1,\"name\":\"Home\",\"item\":\"https:\\\/\\\/www.cuballama.com\\\/noticias\\\/\"},{\"@type\":\"ListItem\",\"position\":2,\"name\":\"Claudia Artiles y Ultrack se vuelcan con M\u00eda, ni\u00f1a cubana que llega a EE.UU. para tratarse en Miami\"}]},{\"@type\":\"WebSite\",\"@id\":\"https:\\\/\\\/www.cuballama.com\\\/noticias\\\/#website\",\"url\":\"https:\\\/\\\/www.cuballama.com\\\/noticias\\\/\",\"name\":\"Cuballama Noticias\",\"description\":\"Medio digital sobre Cuba y el mundo\",\"publisher\":{\"@id\":\"https:\\\/\\\/www.cuballama.com\\\/noticias\\\/#organization\"},\"potentialAction\":[{\"@type\":\"SearchAction\",\"target\":{\"@type\":\"EntryPoint\",\"urlTemplate\":\"https:\\\/\\\/www.cuballama.com\\\/noticias\\\/?s={search_term_string}\"},\"query-input\":{\"@type\":\"PropertyValueSpecification\",\"valueRequired\":true,\"valueName\":\"search_term_string\"}}],\"inLanguage\":\"es\"},{\"@type\":\"Organization\",\"@id\":\"https:\\\/\\\/www.cuballama.com\\\/noticias\\\/#organization\",\"name\":\"Cuballama\",\"url\":\"https:\\\/\\\/www.cuballama.com\\\/noticias\\\/\",\"logo\":{\"@type\":\"ImageObject\",\"inLanguage\":\"es\",\"@id\":\"https:\\\/\\\/www.cuballama.com\\\/noticias\\\/#\\\/schema\\\/logo\\\/image\\\/\",\"url\":\"https:\\\/\\\/cdn1.mediawpaccore.net\\\/wp-content\\\/uploads\\\/2021\\\/12\\\/28171206\\\/cbll-logo-color-sm.png\",\"contentUrl\":\"https:\\\/\\\/cdn1.mediawpaccore.net\\\/wp-content\\\/uploads\\\/2021\\\/12\\\/28171206\\\/cbll-logo-color-sm.png\",\"width\":600,\"height\":133,\"caption\":\"Cuballama\"},\"image\":{\"@id\":\"https:\\\/\\\/www.cuballama.com\\\/noticias\\\/#\\\/schema\\\/logo\\\/image\\\/\"},\"sameAs\":[\"https:\\\/\\\/www.facebook.com\\\/CubaLlama\",\"https:\\\/\\\/x.com\\\/cuballama\",\"https:\\\/\\\/www.instagram.com\\\/stories\\\/cuballama_oficial\\\/\",\"https:\\\/\\\/www.youtube.com\\\/channel\\\/UCKkFE-d_axENGZcrc4as0IA\"]},{\"@type\":\"Person\",\"@id\":\"https:\\\/\\\/www.cuballama.com\\\/noticias\\\/#\\\/schema\\\/person\\\/5cba2b8cc25a3159e49fe730a94d512e\",\"name\":\"Sof\u00eda Reyes\",\"url\":\"https:\\\/\\\/www.cuballama.com\\\/noticias\\\/author\\\/laura\\\/\"}]}<\/script>\n<!-- \/ Yoast SEO plugin. -->","yoast_head_json":{"title":"Claudia Artiles y Ultrack se vuelcan con M\u00eda, ni\u00f1a cubana que llega a EE.UU. para tratarse en Miami - Cuballama Noticias","description":"Claudia Artiles y Ultrack compartieron en redes la sorpresa a M\u00eda, una ni\u00f1a cubana que lleg\u00f3 a Estados Unidos para recibir tratamiento.","robots":{"index":"index","follow":"follow","max-snippet":"max-snippet:-1","max-image-preview":"max-image-preview:large","max-video-preview":"max-video-preview:-1"},"canonical":"https:\/\/www.cuballama.com\/noticias\/claudia-artiles-y-ultrack-se-vuelcan-con-mia-nina-cubana-que-llega-a-ee-uu-para-tratarse-en-miami\/","og_locale":"es_ES","og_type":"article","og_title":"Claudia Artiles y Ultrack se vuelcan con M\u00eda, ni\u00f1a cubana que llega a EE.UU. para tratarse en Miami - Cuballama Noticias","og_description":"Claudia Artiles y Ultrack compartieron en redes la sorpresa a M\u00eda, una ni\u00f1a cubana que lleg\u00f3 a Estados Unidos para recibir tratamiento.","og_url":"https:\/\/www.cuballama.com\/noticias\/claudia-artiles-y-ultrack-se-vuelcan-con-mia-nina-cubana-que-llega-a-ee-uu-para-tratarse-en-miami\/","og_site_name":"Cuballama Noticias","article_publisher":"https:\/\/www.facebook.com\/CubaLlama","article_published_time":"2026-01-27T21:26:17+00:00","article_modified_time":"2026-01-27T21:26:20+00:00","og_image":[{"width":1024,"height":589,"url":"https:\/\/cdn1.mediawpaccore.net\/wp-content\/uploads\/2026\/01\/27162243\/Diseno-sin-titulo-62-1024x589.png","type":"image\/png"}],"author":"Sof\u00eda Reyes","twitter_card":"summary_large_image","twitter_creator":"@cuballama","twitter_site":"@cuballama","twitter_misc":{"Escrito por":"Sof\u00eda Reyes","Tiempo de lectura":"3 minutos"},"schema":{"@context":"https:\/\/schema.org","@graph":[{"@type":"Article","@id":"https:\/\/www.cuballama.com\/noticias\/claudia-artiles-y-ultrack-se-vuelcan-con-mia-nina-cubana-que-llega-a-ee-uu-para-tratarse-en-miami\/#article","isPartOf":{"@id":"https:\/\/www.cuballama.com\/noticias\/claudia-artiles-y-ultrack-se-vuelcan-con-mia-nina-cubana-que-llega-a-ee-uu-para-tratarse-en-miami\/"},"author":{"name":"Sof\u00eda Reyes","@id":"https:\/\/www.cuballama.com\/noticias\/#\/schema\/person\/5cba2b8cc25a3159e49fe730a94d512e"},"headline":"Claudia Artiles y Ultrack se vuelcan con M\u00eda, ni\u00f1a cubana que llega a EE.UU. para tratarse en Miami","datePublished":"2026-01-27T21:26:17+00:00","dateModified":"2026-01-27T21:26:20+00:00","mainEntityOfPage":{"@id":"https:\/\/www.cuballama.com\/noticias\/claudia-artiles-y-ultrack-se-vuelcan-con-mia-nina-cubana-que-llega-a-ee-uu-para-tratarse-en-miami\/"},"wordCount":568,"commentCount":0,"publisher":{"@id":"https:\/\/www.cuballama.com\/noticias\/#organization"},"image":{"@id":"https:\/\/www.cuballama.com\/noticias\/claudia-artiles-y-ultrack-se-vuelcan-con-mia-nina-cubana-que-llega-a-ee-uu-para-tratarse-en-miami\/#primaryimage"},"thumbnailUrl":"https:\/\/cdn1.mediawpaccore.net\/wp-content\/uploads\/2026\/01\/27162243\/Diseno-sin-titulo-62.png","keywords":["Claudia Artiles","cubanos","cubanos en Miami","Influencers cubanos","Ultrack"],"articleSection":["Far\u00e1ndula"],"inLanguage":"es","potentialAction":[{"@type":"CommentAction","name":"Comment","target":["https:\/\/www.cuballama.com\/noticias\/claudia-artiles-y-ultrack-se-vuelcan-con-mia-nina-cubana-que-llega-a-ee-uu-para-tratarse-en-miami\/#respond"]}]},{"@type":"WebPage","@id":"https:\/\/www.cuballama.com\/noticias\/claudia-artiles-y-ultrack-se-vuelcan-con-mia-nina-cubana-que-llega-a-ee-uu-para-tratarse-en-miami\/","url":"https:\/\/www.cuballama.com\/noticias\/claudia-artiles-y-ultrack-se-vuelcan-con-mia-nina-cubana-que-llega-a-ee-uu-para-tratarse-en-miami\/","name":"Claudia Artiles y Ultrack se vuelcan con M\u00eda, ni\u00f1a cubana que llega a EE.UU. para tratarse en Miami - Cuballama Noticias","isPartOf":{"@id":"https:\/\/www.cuballama.com\/noticias\/#website"},"primaryImageOfPage":{"@id":"https:\/\/www.cuballama.com\/noticias\/claudia-artiles-y-ultrack-se-vuelcan-con-mia-nina-cubana-que-llega-a-ee-uu-para-tratarse-en-miami\/#primaryimage"},"image":{"@id":"https:\/\/www.cuballama.com\/noticias\/claudia-artiles-y-ultrack-se-vuelcan-con-mia-nina-cubana-que-llega-a-ee-uu-para-tratarse-en-miami\/#primaryimage"},"thumbnailUrl":"https:\/\/cdn1.mediawpaccore.net\/wp-content\/uploads\/2026\/01\/27162243\/Diseno-sin-titulo-62.png","datePublished":"2026-01-27T21:26:17+00:00","dateModified":"2026-01-27T21:26:20+00:00","description":"Claudia Artiles y Ultrack compartieron en redes la sorpresa a M\u00eda, una ni\u00f1a cubana que lleg\u00f3 a Estados Unidos para recibir tratamiento.","breadcrumb":{"@id":"https:\/\/www.cuballama.com\/noticias\/claudia-artiles-y-ultrack-se-vuelcan-con-mia-nina-cubana-que-llega-a-ee-uu-para-tratarse-en-miami\/#breadcrumb"},"inLanguage":"es","potentialAction":[{"@type":"ReadAction","target":["https:\/\/www.cuballama.com\/noticias\/claudia-artiles-y-ultrack-se-vuelcan-con-mia-nina-cubana-que-llega-a-ee-uu-para-tratarse-en-miami\/"]}]},{"@type":"ImageObject","inLanguage":"es","@id":"https:\/\/www.cuballama.com\/noticias\/claudia-artiles-y-ultrack-se-vuelcan-con-mia-nina-cubana-que-llega-a-ee-uu-para-tratarse-en-miami\/#primaryimage","url":"https:\/\/cdn1.mediawpaccore.net\/wp-content\/uploads\/2026\/01\/27162243\/Diseno-sin-titulo-62.png","contentUrl":"https:\/\/cdn1.mediawpaccore.net\/wp-content\/uploads\/2026\/01\/27162243\/Diseno-sin-titulo-62.png","width":1949,"height":1122,"caption":"Fotos tomadas del perfil de Instagram de Claudia Artiles"},{"@type":"BreadcrumbList","@id":"https:\/\/www.cuballama.com\/noticias\/claudia-artiles-y-ultrack-se-vuelcan-con-mia-nina-cubana-que-llega-a-ee-uu-para-tratarse-en-miami\/#breadcrumb","itemListElement":[{"@type":"ListItem","position":1,"name":"Home","item":"https:\/\/www.cuballama.com\/noticias\/"},{"@type":"ListItem","position":2,"name":"Claudia Artiles y Ultrack se vuelcan con M\u00eda, ni\u00f1a cubana que llega a EE.UU. para tratarse en Miami"}]},{"@type":"WebSite","@id":"https:\/\/www.cuballama.com\/noticias\/#website","url":"https:\/\/www.cuballama.com\/noticias\/","name":"Cuballama Noticias","description":"Medio digital sobre Cuba y el mundo","publisher":{"@id":"https:\/\/www.cuballama.com\/noticias\/#organization"},"potentialAction":[{"@type":"SearchAction","target":{"@type":"EntryPoint","urlTemplate":"https:\/\/www.cuballama.com\/noticias\/?s={search_term_string}"},"query-input":{"@type":"PropertyValueSpecification","valueRequired":true,"valueName":"search_term_string"}}],"inLanguage":"es"},{"@type":"Organization","@id":"https:\/\/www.cuballama.com\/noticias\/#organization","name":"Cuballama","url":"https:\/\/www.cuballama.com\/noticias\/","logo":{"@type":"ImageObject","inLanguage":"es","@id":"https:\/\/www.cuballama.com\/noticias\/#\/schema\/logo\/image\/","url":"https:\/\/cdn1.mediawpaccore.net\/wp-content\/uploads\/2021\/12\/28171206\/cbll-logo-color-sm.png","contentUrl":"https:\/\/cdn1.mediawpaccore.net\/wp-content\/uploads\/2021\/12\/28171206\/cbll-logo-color-sm.png","width":600,"height":133,"caption":"Cuballama"},"image":{"@id":"https:\/\/www.cuballama.com\/noticias\/#\/schema\/logo\/image\/"},"sameAs":["https:\/\/www.facebook.com\/CubaLlama","https:\/\/x.com\/cuballama","https:\/\/www.instagram.com\/stories\/cuballama_oficial\/","https:\/\/www.youtube.com\/channel\/UCKkFE-d_axENGZcrc4as0IA"]},{"@type":"Person","@id":"https:\/\/www.cuballama.com\/noticias\/#\/schema\/person\/5cba2b8cc25a3159e49fe730a94d512e","name":"Sof\u00eda Reyes","url":"https:\/\/www.cuballama.com\/noticias\/author\/laura\/"}]}},"_links":{"self":[{"href":"https:\/\/www.cuballama.com\/noticias\/wp-json\/wp\/v2\/posts\/233536","targetHints":{"allow":["GET"]}}],"collection":[{"href":"https:\/\/www.cuballama.com\/noticias\/wp-json\/wp\/v2\/posts"}],"about":[{"href":"https:\/\/www.cuballama.com\/noticias\/wp-json\/wp\/v2\/types\/post"}],"author":[{"embeddable":true,"href":"https:\/\/www.cuballama.com\/noticias\/wp-json\/wp\/v2\/users\/29"}],"replies":[{"embeddable":true,"href":"https:\/\/www.cuballama.com\/noticias\/wp-json\/wp\/v2\/comments?post=233536"}],"version-history":[{"count":4,"href":"https:\/\/www.cuballama.com\/noticias\/wp-json\/wp\/v2\/posts\/233536\/revisions"}],"predecessor-version":[{"id":233551,"href":"https:\/\/www.cuballama.com\/noticias\/wp-json\/wp\/v2\/posts\/233536\/revisions\/233551"}],"wp:featuredmedia":[{"embeddable":true,"href":"https:\/\/www.cuballama.com\/noticias\/wp-json\/wp\/v2\/media\/233549"}],"wp:attachment":[{"href":"https:\/\/www.cuballama.com\/noticias\/wp-json\/wp\/v2\/media?parent=233536"}],"wp:term":[{"taxonomy":"category","embeddable":true,"href":"https:\/\/www.cuballama.com\/noticias\/wp-json\/wp\/v2\/categories?post=233536"},{"taxonomy":"post_tag","embeddable":true,"href":"https:\/\/www.cuballama.com\/noticias\/wp-json\/wp\/v2\/tags?post=233536"}],"curies":[{"name":"wp","href":"https:\/\/api.w.org\/{rel}","templated":true}]}}