{"id":233501,"date":"2026-01-27T12:09:57","date_gmt":"2026-01-27T17:09:57","guid":{"rendered":"https:\/\/www.cuballama.com\/noticias\/?p=233501"},"modified":"2026-01-27T12:09:59","modified_gmt":"2026-01-27T17:09:59","slug":"piden-justicia-para-cubano-asesinado-en-san-antonio-de-los-banos","status":"publish","type":"post","link":"https:\/\/www.cuballama.com\/noticias\/piden-justicia-para-cubano-asesinado-en-san-antonio-de-los-banos\/","title":{"rendered":"Piden justicia para cubano asesinado en San Antonio de los Ba\u00f1os"},"content":{"rendered":"\n<h2 class=\"wp-block-heading\">El crimen de Alberto Gonz\u00e1lez sigue sin resolverse en San Antonio de los Ba\u00f1os<\/h2>\n\n\n\n<p>La familia de Alberto Gonz\u00e1lez, un cubano de 62 a\u00f1os asesinado en San Antonio de los Ba\u00f1os, provincia Artemisa, denunci\u00f3 p\u00fablicamente la inacci\u00f3n de las autoridades cubanas tras m\u00e1s de cuatro meses sin avances visibles en la investigaci\u00f3n. El caso fue difundido por la plataforma <em><a href=\"https:\/\/www.facebook.com\/permalink.php?story_fbid=pfbid0NjfVWkpv98dyPbyd2xGhzy1eoB6DAQvsKx6bswVr9vPUuUSoA4D7pUz2MSAZqnBxl&amp;id=61559784217848\" target=\"_blank\" rel=\"noreferrer noopener nofollow\">Nio reportando un crimen<\/a><\/em>, que recoge el testimonio de los familiares y describe un escenario de silencio institucional, promesas incumplidas y total ausencia de respuestas oficiales. <\/p>\n\n\n\n<p>Seg\u00fan la denuncia, el hecho ocurri\u00f3 la noche del 26 de septiembre en el reparto La Encrucijada, donde Gonz\u00e1lez cuidaba una vivienda. La familia sostiene que fue atacado brutalmente con un objeto contundente, recibiendo golpes en la cabeza y el rostro que le causaron la muerte. Desde entonces, aseguran, no han recibido informaci\u00f3n clara sobre el estado del expediente ni sobre posibles sospechosos, a pesar de haber acudido en reiteradas ocasiones a dependencias policiales tanto en Guanajay como en el propio San Antonio de los Ba\u00f1os.<\/p>\n\n\n\n<p>La hija de la v\u00edctima, seg\u00fan relatan, se presenta todas las semanas en la estaci\u00f3n de polic\u00eda para pedir explicaciones. Siempre recibe la misma respuesta: el caso \u201cest\u00e1 en investigaci\u00f3n\u201d. No se le comunican avances, ni hip\u00f3tesis, ni fechas, ni responsables. Para la familia, ese silencio se ha convertido en una segunda forma de violencia.<\/p>\n\n\n\n<iframe loading=\"lazy\" src=\"https:\/\/www.facebook.com\/plugins\/post.php?href=https%3A%2F%2Fwww.facebook.com%2Fpermalink.php%3Fstory_fbid%3Dpfbid0NjfVWkpv98dyPbyd2xGhzy1eoB6DAQvsKx6bswVr9vPUuUSoA4D7pUz2MSAZqnBxl%26id%3D61559784217848&#038;show_text=true&#038;width=500\" width=\"500\" height=\"755\" style=\"border:none;overflow:hidden\" scrolling=\"no\" frameborder=\"0\" allowfullscreen=\"true\" allow=\"autoplay; clipboard-write; encrypted-media; picture-in-picture; web-share\"><\/iframe>\n\n\n\n<p>Alberto Gonz\u00e1lez no ten\u00eda antecedentes penales y era conocido en su comunidad por su car\u00e1cter afable. Trabajaba como cuidador de la vivienda donde ocurri\u00f3 el crimen y tambi\u00e9n atend\u00eda un peque\u00f1o paladar ubicado frente a la casa. Vecinos y allegados lo recuerdan como \u201cEl Pata\u201d, un hombre risue\u00f1o, amante de los caballos y muy querido en el barrio.<\/p>\n\n\n\n<p>En los comentarios al post de Nio, decenas de personas expresaron indignaci\u00f3n y compartieron experiencias similares. Algunos aseguraron que expedientes de asesinatos quedan \u201cengavetados\u201d hasta que \u201cse enfr\u00edan\u201d. Otros contrastaron la lentitud de estos procesos con la rapidez con que, afirman, se act\u00faa cuando el afectado pertenece a las fuerzas del orden. \u201cSi hubiera sido un polic\u00eda, en 24 horas ya lo habr\u00edan cogido\u201d, escribi\u00f3 un usuario.<\/p>\n\n\n\n<p>Tambi\u00e9n hubo quienes recordaron c\u00f3mo en programas televisivos se muestran cr\u00edmenes resueltos en cuesti\u00f3n de d\u00edas, mientras en la vida real las familias esperan durante meses o a\u00f1os sin respuestas. \u201cLas cosas de la Polic\u00eda se resuelven en Tras la Huella solamente\u201d, ironiz\u00f3 otro comentarista.<\/p>\n\n\n\n<p>La familia de Alberto Gonz\u00e1lez exige justicia, transparencia y que este asesinato no quede impune. Mientras tanto, en San Antonio de los Ba\u00f1os, la sensaci\u00f3n es la de un duelo suspendido, marcado por la espera y por la certeza de que el responsable sigue libre.<\/p>\n","protected":false},"excerpt":{"rendered":"<p>La familia de Alberto Gonz\u00e1lez denuncia cuatro meses de silencio oficial tras su asesinato en San Antonio de los Ba\u00f1os y exige justicia.<\/p>\n","protected":false},"author":13,"featured_media":233504,"comment_status":"open","ping_status":"closed","sticky":false,"template":"","format":"standard","meta":{"_acf_changed":false,"footnotes":""},"categories":[18,955],"tags":[30257,1765,25000,23901,800,28226,11861,11655,10276],"class_list":{"0":"post-233501","1":"post","2":"type-post","3":"status-publish","4":"format-standard","5":"has-post-thumbnail","7":"category-noticias","8":"category-noticias-de-cuba","9":"tag-alberto-gonzalez","10":"tag-artemisa","11":"tag-crimen-sin-resolver","12":"tag-impunidad","13":"tag-justicia","14":"tag-nio-reportando-un-crimen","15":"tag-policia-cubana","16":"tag-san-antonio-de-los-banos","17":"tag-violencia-en-cuba"},"acf":[],"yoast_head":"<!-- This site is optimized with the Yoast SEO plugin v27.5 - https:\/\/yoast.com\/product\/yoast-seo-wordpress\/ -->\n<title>Piden justicia para cubano asesinado en San Antonio de los Ba\u00f1os - Cuballama Noticias<\/title>\n<meta name=\"description\" content=\"Familia del cubano Alberto Gonz\u00e1lez denuncia inacci\u00f3n tras su asesinato en San Antonio de los Ba\u00f1os; cuatro meses sin avances oficiales.\" \/>\n<meta name=\"robots\" content=\"index, follow, max-snippet:-1, max-image-preview:large, max-video-preview:-1\" \/>\n<link rel=\"canonical\" href=\"https:\/\/www.cuballama.com\/noticias\/piden-justicia-para-cubano-asesinado-en-san-antonio-de-los-banos\/\" \/>\n<meta property=\"og:locale\" content=\"es_ES\" \/>\n<meta property=\"og:type\" content=\"article\" \/>\n<meta property=\"og:title\" content=\"Piden justicia para cubano asesinado en San Antonio de los Ba\u00f1os - Cuballama Noticias\" \/>\n<meta property=\"og:description\" content=\"Familia del cubano Alberto Gonz\u00e1lez denuncia inacci\u00f3n tras su asesinato en San Antonio de los Ba\u00f1os; cuatro meses sin avances oficiales.\" \/>\n<meta property=\"og:url\" content=\"https:\/\/www.cuballama.com\/noticias\/piden-justicia-para-cubano-asesinado-en-san-antonio-de-los-banos\/\" \/>\n<meta property=\"og:site_name\" content=\"Cuballama Noticias\" \/>\n<meta property=\"article:publisher\" content=\"https:\/\/www.facebook.com\/CubaLlama\" \/>\n<meta property=\"article:published_time\" content=\"2026-01-27T17:09:57+00:00\" \/>\n<meta property=\"article:modified_time\" content=\"2026-01-27T17:09:59+00:00\" \/>\n<meta property=\"og:image\" content=\"https:\/\/cdn1.mediawpaccore.net\/wp-content\/uploads\/2026\/01\/27043814\/image-133.png\" \/>\n\t<meta property=\"og:image:width\" content=\"1964\" \/>\n\t<meta property=\"og:image:height\" content=\"1030\" \/>\n\t<meta property=\"og:image:type\" content=\"image\/png\" \/>\n<meta name=\"author\" content=\"Roberto A.\" \/>\n<meta name=\"twitter:card\" content=\"summary_large_image\" \/>\n<meta name=\"twitter:creator\" content=\"@cuballama\" \/>\n<meta name=\"twitter:site\" content=\"@cuballama\" \/>\n<meta name=\"twitter:label1\" content=\"Escrito por\" \/>\n\t<meta name=\"twitter:data1\" content=\"Roberto A.\" \/>\n\t<meta name=\"twitter:label2\" content=\"Tiempo de lectura\" \/>\n\t<meta name=\"twitter:data2\" content=\"3 minutos\" \/>\n<script type=\"application\/ld+json\" class=\"yoast-schema-graph\">{\"@context\":\"https:\\\/\\\/schema.org\",\"@graph\":[{\"@type\":\"Article\",\"@id\":\"https:\\\/\\\/www.cuballama.com\\\/noticias\\\/piden-justicia-para-cubano-asesinado-en-san-antonio-de-los-banos\\\/#article\",\"isPartOf\":{\"@id\":\"https:\\\/\\\/www.cuballama.com\\\/noticias\\\/piden-justicia-para-cubano-asesinado-en-san-antonio-de-los-banos\\\/\"},\"author\":{\"name\":\"Roberto A.\",\"@id\":\"https:\\\/\\\/www.cuballama.com\\\/noticias\\\/#\\\/schema\\\/person\\\/a58502ed4146c8e9f83872e897c76cd2\"},\"headline\":\"Piden justicia para cubano asesinado en San Antonio de los Ba\u00f1os\",\"datePublished\":\"2026-01-27T17:09:57+00:00\",\"dateModified\":\"2026-01-27T17:09:59+00:00\",\"mainEntityOfPage\":{\"@id\":\"https:\\\/\\\/www.cuballama.com\\\/noticias\\\/piden-justicia-para-cubano-asesinado-en-san-antonio-de-los-banos\\\/\"},\"wordCount\":491,\"commentCount\":0,\"publisher\":{\"@id\":\"https:\\\/\\\/www.cuballama.com\\\/noticias\\\/#organization\"},\"image\":{\"@id\":\"https:\\\/\\\/www.cuballama.com\\\/noticias\\\/piden-justicia-para-cubano-asesinado-en-san-antonio-de-los-banos\\\/#primaryimage\"},\"thumbnailUrl\":\"https:\\\/\\\/cdn1.mediawpaccore.net\\\/wp-content\\\/uploads\\\/2026\\\/01\\\/27043814\\\/image-133.png\",\"keywords\":[\"Alberto Gonz\u00e1lez\",\"Artemisa\",\"crimen sin resolver\",\"Impunidad\",\"Justicia\",\"nio reportando un crimen\",\"polic\u00eda cubana\",\"San Antonio de los Ba\u00f1os\",\"violencia en Cuba\"],\"articleSection\":[\"Noticias\",\"Noticias de Cuba\"],\"inLanguage\":\"es\",\"potentialAction\":[{\"@type\":\"CommentAction\",\"name\":\"Comment\",\"target\":[\"https:\\\/\\\/www.cuballama.com\\\/noticias\\\/piden-justicia-para-cubano-asesinado-en-san-antonio-de-los-banos\\\/#respond\"]}]},{\"@type\":\"WebPage\",\"@id\":\"https:\\\/\\\/www.cuballama.com\\\/noticias\\\/piden-justicia-para-cubano-asesinado-en-san-antonio-de-los-banos\\\/\",\"url\":\"https:\\\/\\\/www.cuballama.com\\\/noticias\\\/piden-justicia-para-cubano-asesinado-en-san-antonio-de-los-banos\\\/\",\"name\":\"Piden justicia para cubano asesinado en San Antonio de los Ba\u00f1os - Cuballama Noticias\",\"isPartOf\":{\"@id\":\"https:\\\/\\\/www.cuballama.com\\\/noticias\\\/#website\"},\"primaryImageOfPage\":{\"@id\":\"https:\\\/\\\/www.cuballama.com\\\/noticias\\\/piden-justicia-para-cubano-asesinado-en-san-antonio-de-los-banos\\\/#primaryimage\"},\"image\":{\"@id\":\"https:\\\/\\\/www.cuballama.com\\\/noticias\\\/piden-justicia-para-cubano-asesinado-en-san-antonio-de-los-banos\\\/#primaryimage\"},\"thumbnailUrl\":\"https:\\\/\\\/cdn1.mediawpaccore.net\\\/wp-content\\\/uploads\\\/2026\\\/01\\\/27043814\\\/image-133.png\",\"datePublished\":\"2026-01-27T17:09:57+00:00\",\"dateModified\":\"2026-01-27T17:09:59+00:00\",\"description\":\"Familia del cubano Alberto Gonz\u00e1lez denuncia inacci\u00f3n tras su asesinato en San Antonio de los Ba\u00f1os; cuatro meses sin avances oficiales.\",\"breadcrumb\":{\"@id\":\"https:\\\/\\\/www.cuballama.com\\\/noticias\\\/piden-justicia-para-cubano-asesinado-en-san-antonio-de-los-banos\\\/#breadcrumb\"},\"inLanguage\":\"es\",\"potentialAction\":[{\"@type\":\"ReadAction\",\"target\":[\"https:\\\/\\\/www.cuballama.com\\\/noticias\\\/piden-justicia-para-cubano-asesinado-en-san-antonio-de-los-banos\\\/\"]}]},{\"@type\":\"ImageObject\",\"inLanguage\":\"es\",\"@id\":\"https:\\\/\\\/www.cuballama.com\\\/noticias\\\/piden-justicia-para-cubano-asesinado-en-san-antonio-de-los-banos\\\/#primaryimage\",\"url\":\"https:\\\/\\\/cdn1.mediawpaccore.net\\\/wp-content\\\/uploads\\\/2026\\\/01\\\/27043814\\\/image-133.png\",\"contentUrl\":\"https:\\\/\\\/cdn1.mediawpaccore.net\\\/wp-content\\\/uploads\\\/2026\\\/01\\\/27043814\\\/image-133.png\",\"width\":1964,\"height\":1030,\"caption\":\"Foto: Cortes\u00eda de Niover Licea\"},{\"@type\":\"BreadcrumbList\",\"@id\":\"https:\\\/\\\/www.cuballama.com\\\/noticias\\\/piden-justicia-para-cubano-asesinado-en-san-antonio-de-los-banos\\\/#breadcrumb\",\"itemListElement\":[{\"@type\":\"ListItem\",\"position\":1,\"name\":\"Home\",\"item\":\"https:\\\/\\\/www.cuballama.com\\\/noticias\\\/\"},{\"@type\":\"ListItem\",\"position\":2,\"name\":\"Piden justicia para cubano asesinado en San Antonio de los Ba\u00f1os\"}]},{\"@type\":\"WebSite\",\"@id\":\"https:\\\/\\\/www.cuballama.com\\\/noticias\\\/#website\",\"url\":\"https:\\\/\\\/www.cuballama.com\\\/noticias\\\/\",\"name\":\"Cuballama Noticias\",\"description\":\"Medio digital sobre Cuba y el mundo\",\"publisher\":{\"@id\":\"https:\\\/\\\/www.cuballama.com\\\/noticias\\\/#organization\"},\"potentialAction\":[{\"@type\":\"SearchAction\",\"target\":{\"@type\":\"EntryPoint\",\"urlTemplate\":\"https:\\\/\\\/www.cuballama.com\\\/noticias\\\/?s={search_term_string}\"},\"query-input\":{\"@type\":\"PropertyValueSpecification\",\"valueRequired\":true,\"valueName\":\"search_term_string\"}}],\"inLanguage\":\"es\"},{\"@type\":\"Organization\",\"@id\":\"https:\\\/\\\/www.cuballama.com\\\/noticias\\\/#organization\",\"name\":\"Cuballama\",\"url\":\"https:\\\/\\\/www.cuballama.com\\\/noticias\\\/\",\"logo\":{\"@type\":\"ImageObject\",\"inLanguage\":\"es\",\"@id\":\"https:\\\/\\\/www.cuballama.com\\\/noticias\\\/#\\\/schema\\\/logo\\\/image\\\/\",\"url\":\"https:\\\/\\\/cdn1.mediawpaccore.net\\\/wp-content\\\/uploads\\\/2021\\\/12\\\/28171206\\\/cbll-logo-color-sm.png\",\"contentUrl\":\"https:\\\/\\\/cdn1.mediawpaccore.net\\\/wp-content\\\/uploads\\\/2021\\\/12\\\/28171206\\\/cbll-logo-color-sm.png\",\"width\":600,\"height\":133,\"caption\":\"Cuballama\"},\"image\":{\"@id\":\"https:\\\/\\\/www.cuballama.com\\\/noticias\\\/#\\\/schema\\\/logo\\\/image\\\/\"},\"sameAs\":[\"https:\\\/\\\/www.facebook.com\\\/CubaLlama\",\"https:\\\/\\\/x.com\\\/cuballama\",\"https:\\\/\\\/www.instagram.com\\\/stories\\\/cuballama_oficial\\\/\",\"https:\\\/\\\/www.youtube.com\\\/channel\\\/UCKkFE-d_axENGZcrc4as0IA\"]},{\"@type\":\"Person\",\"@id\":\"https:\\\/\\\/www.cuballama.com\\\/noticias\\\/#\\\/schema\\\/person\\\/a58502ed4146c8e9f83872e897c76cd2\",\"name\":\"Roberto A.\",\"description\":\"Roberto A. Periodista por decisi\u00f3n propia. Interesado en cualquier tema que me apasione y cada vez m\u00e1s comprometido con la verdad y la objetividad period\u00edstica. Graduado en La Habana hace ya muchos a\u00f1os, luego de una accidentada y polvorienta b\u00fasqueda de informaci\u00f3n sobre un tema in\u00e9dito. La Tesis, por cierto, desapareci\u00f3 de la biblioteca y no se conservan copias de la misma.\",\"url\":\"https:\\\/\\\/www.cuballama.com\\\/noticias\\\/author\\\/roberto\\\/\"}]}<\/script>\n<!-- \/ Yoast SEO plugin. -->","yoast_head_json":{"title":"Piden justicia para cubano asesinado en San Antonio de los Ba\u00f1os - Cuballama Noticias","description":"Familia del cubano Alberto Gonz\u00e1lez denuncia inacci\u00f3n tras su asesinato en San Antonio de los Ba\u00f1os; cuatro meses sin avances oficiales.","robots":{"index":"index","follow":"follow","max-snippet":"max-snippet:-1","max-image-preview":"max-image-preview:large","max-video-preview":"max-video-preview:-1"},"canonical":"https:\/\/www.cuballama.com\/noticias\/piden-justicia-para-cubano-asesinado-en-san-antonio-de-los-banos\/","og_locale":"es_ES","og_type":"article","og_title":"Piden justicia para cubano asesinado en San Antonio de los Ba\u00f1os - Cuballama Noticias","og_description":"Familia del cubano Alberto Gonz\u00e1lez denuncia inacci\u00f3n tras su asesinato en San Antonio de los Ba\u00f1os; cuatro meses sin avances oficiales.","og_url":"https:\/\/www.cuballama.com\/noticias\/piden-justicia-para-cubano-asesinado-en-san-antonio-de-los-banos\/","og_site_name":"Cuballama Noticias","article_publisher":"https:\/\/www.facebook.com\/CubaLlama","article_published_time":"2026-01-27T17:09:57+00:00","article_modified_time":"2026-01-27T17:09:59+00:00","og_image":[{"width":1964,"height":1030,"url":"https:\/\/cdn1.mediawpaccore.net\/wp-content\/uploads\/2026\/01\/27043814\/image-133.png","type":"image\/png"}],"author":"Roberto A.","twitter_card":"summary_large_image","twitter_creator":"@cuballama","twitter_site":"@cuballama","twitter_misc":{"Escrito por":"Roberto A.","Tiempo de lectura":"3 minutos"},"schema":{"@context":"https:\/\/schema.org","@graph":[{"@type":"Article","@id":"https:\/\/www.cuballama.com\/noticias\/piden-justicia-para-cubano-asesinado-en-san-antonio-de-los-banos\/#article","isPartOf":{"@id":"https:\/\/www.cuballama.com\/noticias\/piden-justicia-para-cubano-asesinado-en-san-antonio-de-los-banos\/"},"author":{"name":"Roberto A.","@id":"https:\/\/www.cuballama.com\/noticias\/#\/schema\/person\/a58502ed4146c8e9f83872e897c76cd2"},"headline":"Piden justicia para cubano asesinado en San Antonio de los Ba\u00f1os","datePublished":"2026-01-27T17:09:57+00:00","dateModified":"2026-01-27T17:09:59+00:00","mainEntityOfPage":{"@id":"https:\/\/www.cuballama.com\/noticias\/piden-justicia-para-cubano-asesinado-en-san-antonio-de-los-banos\/"},"wordCount":491,"commentCount":0,"publisher":{"@id":"https:\/\/www.cuballama.com\/noticias\/#organization"},"image":{"@id":"https:\/\/www.cuballama.com\/noticias\/piden-justicia-para-cubano-asesinado-en-san-antonio-de-los-banos\/#primaryimage"},"thumbnailUrl":"https:\/\/cdn1.mediawpaccore.net\/wp-content\/uploads\/2026\/01\/27043814\/image-133.png","keywords":["Alberto Gonz\u00e1lez","Artemisa","crimen sin resolver","Impunidad","Justicia","nio reportando un crimen","polic\u00eda cubana","San Antonio de los Ba\u00f1os","violencia en Cuba"],"articleSection":["Noticias","Noticias de Cuba"],"inLanguage":"es","potentialAction":[{"@type":"CommentAction","name":"Comment","target":["https:\/\/www.cuballama.com\/noticias\/piden-justicia-para-cubano-asesinado-en-san-antonio-de-los-banos\/#respond"]}]},{"@type":"WebPage","@id":"https:\/\/www.cuballama.com\/noticias\/piden-justicia-para-cubano-asesinado-en-san-antonio-de-los-banos\/","url":"https:\/\/www.cuballama.com\/noticias\/piden-justicia-para-cubano-asesinado-en-san-antonio-de-los-banos\/","name":"Piden justicia para cubano asesinado en San Antonio de los Ba\u00f1os - Cuballama Noticias","isPartOf":{"@id":"https:\/\/www.cuballama.com\/noticias\/#website"},"primaryImageOfPage":{"@id":"https:\/\/www.cuballama.com\/noticias\/piden-justicia-para-cubano-asesinado-en-san-antonio-de-los-banos\/#primaryimage"},"image":{"@id":"https:\/\/www.cuballama.com\/noticias\/piden-justicia-para-cubano-asesinado-en-san-antonio-de-los-banos\/#primaryimage"},"thumbnailUrl":"https:\/\/cdn1.mediawpaccore.net\/wp-content\/uploads\/2026\/01\/27043814\/image-133.png","datePublished":"2026-01-27T17:09:57+00:00","dateModified":"2026-01-27T17:09:59+00:00","description":"Familia del cubano Alberto Gonz\u00e1lez denuncia inacci\u00f3n tras su asesinato en San Antonio de los Ba\u00f1os; cuatro meses sin avances oficiales.","breadcrumb":{"@id":"https:\/\/www.cuballama.com\/noticias\/piden-justicia-para-cubano-asesinado-en-san-antonio-de-los-banos\/#breadcrumb"},"inLanguage":"es","potentialAction":[{"@type":"ReadAction","target":["https:\/\/www.cuballama.com\/noticias\/piden-justicia-para-cubano-asesinado-en-san-antonio-de-los-banos\/"]}]},{"@type":"ImageObject","inLanguage":"es","@id":"https:\/\/www.cuballama.com\/noticias\/piden-justicia-para-cubano-asesinado-en-san-antonio-de-los-banos\/#primaryimage","url":"https:\/\/cdn1.mediawpaccore.net\/wp-content\/uploads\/2026\/01\/27043814\/image-133.png","contentUrl":"https:\/\/cdn1.mediawpaccore.net\/wp-content\/uploads\/2026\/01\/27043814\/image-133.png","width":1964,"height":1030,"caption":"Foto: Cortes\u00eda de Niover Licea"},{"@type":"BreadcrumbList","@id":"https:\/\/www.cuballama.com\/noticias\/piden-justicia-para-cubano-asesinado-en-san-antonio-de-los-banos\/#breadcrumb","itemListElement":[{"@type":"ListItem","position":1,"name":"Home","item":"https:\/\/www.cuballama.com\/noticias\/"},{"@type":"ListItem","position":2,"name":"Piden justicia para cubano asesinado en San Antonio de los Ba\u00f1os"}]},{"@type":"WebSite","@id":"https:\/\/www.cuballama.com\/noticias\/#website","url":"https:\/\/www.cuballama.com\/noticias\/","name":"Cuballama Noticias","description":"Medio digital sobre Cuba y el mundo","publisher":{"@id":"https:\/\/www.cuballama.com\/noticias\/#organization"},"potentialAction":[{"@type":"SearchAction","target":{"@type":"EntryPoint","urlTemplate":"https:\/\/www.cuballama.com\/noticias\/?s={search_term_string}"},"query-input":{"@type":"PropertyValueSpecification","valueRequired":true,"valueName":"search_term_string"}}],"inLanguage":"es"},{"@type":"Organization","@id":"https:\/\/www.cuballama.com\/noticias\/#organization","name":"Cuballama","url":"https:\/\/www.cuballama.com\/noticias\/","logo":{"@type":"ImageObject","inLanguage":"es","@id":"https:\/\/www.cuballama.com\/noticias\/#\/schema\/logo\/image\/","url":"https:\/\/cdn1.mediawpaccore.net\/wp-content\/uploads\/2021\/12\/28171206\/cbll-logo-color-sm.png","contentUrl":"https:\/\/cdn1.mediawpaccore.net\/wp-content\/uploads\/2021\/12\/28171206\/cbll-logo-color-sm.png","width":600,"height":133,"caption":"Cuballama"},"image":{"@id":"https:\/\/www.cuballama.com\/noticias\/#\/schema\/logo\/image\/"},"sameAs":["https:\/\/www.facebook.com\/CubaLlama","https:\/\/x.com\/cuballama","https:\/\/www.instagram.com\/stories\/cuballama_oficial\/","https:\/\/www.youtube.com\/channel\/UCKkFE-d_axENGZcrc4as0IA"]},{"@type":"Person","@id":"https:\/\/www.cuballama.com\/noticias\/#\/schema\/person\/a58502ed4146c8e9f83872e897c76cd2","name":"Roberto A.","description":"Roberto A. Periodista por decisi\u00f3n propia. Interesado en cualquier tema que me apasione y cada vez m\u00e1s comprometido con la verdad y la objetividad period\u00edstica. Graduado en La Habana hace ya muchos a\u00f1os, luego de una accidentada y polvorienta b\u00fasqueda de informaci\u00f3n sobre un tema in\u00e9dito. La Tesis, por cierto, desapareci\u00f3 de la biblioteca y no se conservan copias de la misma.","url":"https:\/\/www.cuballama.com\/noticias\/author\/roberto\/"}]}},"_links":{"self":[{"href":"https:\/\/www.cuballama.com\/noticias\/wp-json\/wp\/v2\/posts\/233501","targetHints":{"allow":["GET"]}}],"collection":[{"href":"https:\/\/www.cuballama.com\/noticias\/wp-json\/wp\/v2\/posts"}],"about":[{"href":"https:\/\/www.cuballama.com\/noticias\/wp-json\/wp\/v2\/types\/post"}],"author":[{"embeddable":true,"href":"https:\/\/www.cuballama.com\/noticias\/wp-json\/wp\/v2\/users\/13"}],"replies":[{"embeddable":true,"href":"https:\/\/www.cuballama.com\/noticias\/wp-json\/wp\/v2\/comments?post=233501"}],"version-history":[{"count":3,"href":"https:\/\/www.cuballama.com\/noticias\/wp-json\/wp\/v2\/posts\/233501\/revisions"}],"predecessor-version":[{"id":233505,"href":"https:\/\/www.cuballama.com\/noticias\/wp-json\/wp\/v2\/posts\/233501\/revisions\/233505"}],"wp:featuredmedia":[{"embeddable":true,"href":"https:\/\/www.cuballama.com\/noticias\/wp-json\/wp\/v2\/media\/233504"}],"wp:attachment":[{"href":"https:\/\/www.cuballama.com\/noticias\/wp-json\/wp\/v2\/media?parent=233501"}],"wp:term":[{"taxonomy":"category","embeddable":true,"href":"https:\/\/www.cuballama.com\/noticias\/wp-json\/wp\/v2\/categories?post=233501"},{"taxonomy":"post_tag","embeddable":true,"href":"https:\/\/www.cuballama.com\/noticias\/wp-json\/wp\/v2\/tags?post=233501"}],"curies":[{"name":"wp","href":"https:\/\/api.w.org\/{rel}","templated":true}]}}