{"id":233487,"date":"2026-01-27T12:10:52","date_gmt":"2026-01-27T17:10:52","guid":{"rendered":"https:\/\/www.cuballama.com\/noticias\/?p=233487"},"modified":"2026-01-27T12:10:55","modified_gmt":"2026-01-27T17:10:55","slug":"tv-yumuri-desde-matanzas-alude-a-tormenta-invernal-en-ee-uu-y-dice-hay-un-caos-electrico","status":"publish","type":"post","link":"https:\/\/www.cuballama.com\/noticias\/tv-yumuri-desde-matanzas-alude-a-tormenta-invernal-en-ee-uu-y-dice-hay-un-caos-electrico\/","title":{"rendered":"TV Yumur\u00ed desde Matanzas alude a tormenta invernal en EE.UU. y dice hay un \u201ccaos el\u00e9ctrico\u201d"},"content":{"rendered":"\n<p>La Televisi\u00f3n Cubana volvi\u00f3 a quedar atrapada en su propio espejo este fin de semana, cuando el canal provincial <em><a href=\"https:\/\/www.facebook.com\/tvyumuri\/posts\/pfbid0MbvHdWqVRX1MqA49W9EyjQvfPvorUpBwiSYrn3XcLREcdKkzqBUFmcNpLPP7xAf9l\" target=\"_blank\" rel=\"noreferrer noopener nofollow\">TV Yumur\u00ed<\/a><\/em>, con sede en Matanzas, public\u00f3 una nota titulada \u201cMuertes y caos el\u00e9ctrico en Estados Unidos por tormenta invernal\u201d. El texto, replicado en sus redes oficiales, informaba que una tormenta de nieve en el centro-este y noreste del pa\u00eds norteamericano hab\u00eda dejado al menos nueve fallecidos y m\u00e1s de un mill\u00f3n de hogares y empresas sin suministro el\u00e9ctrico.<\/p>\n\n\n\n<iframe loading=\"lazy\" src=\"https:\/\/www.facebook.com\/plugins\/post.php?href=https%3A%2F%2Fwww.facebook.com%2Ftvyumuri%2Fposts%2Fpfbid0MbvHdWqVRX1MqA49W9EyjQvfPvorUpBwiSYrn3XcLREcdKkzqBUFmcNpLPP7xAf9l&#038;show_text=true&#038;width=500\" width=\"500\" height=\"526\" style=\"border:none;overflow:hidden\" scrolling=\"no\" frameborder=\"0\" allowfullscreen=\"true\" allow=\"autoplay; clipboard-write; encrypted-media; picture-in-picture; web-share\"><\/iframe>\n\n\n\n<p>La noticia, en apariencia rutinaria dentro de la cobertura internacional de desastres naturales, gener\u00f3 una reacci\u00f3n inmediata en redes cubanas por una raz\u00f3n que va m\u00e1s all\u00e1 del titular: el uso de la expresi\u00f3n \u201ccaos el\u00e9ctrico\u201d para describir un escenario externo, mientras en Cuba se vive una crisis energ\u00e9tica cr\u00f3nica con apagones diarios, sin que ese t\u00e9rmino sea admitido por los propios medios estatales para referirse a la situaci\u00f3n interna.<\/p>\n\n\n\n<p>El contraste no pas\u00f3 desapercibido. Usuarios comenzaron a compartir capturas del post, subrayando la iron\u00eda: en el mismo pa\u00eds donde se pide comprensi\u00f3n ante cortes prolongados, donde se invoca la paciencia hist\u00f3rica y se normaliza la escasez como parte de una \u201cresistencia\u201d, se califica como \u201ccaos\u201d la p\u00e9rdida temporal de electricidad provocada por un fen\u00f3meno meteorol\u00f3gico en otra naci\u00f3n.<\/p>\n\n\n\n<p>La frase no solo activ\u00f3 burlas y comentarios cr\u00edticos, sino que reaviv\u00f3 una discusi\u00f3n m\u00e1s profunda sobre el doble rasero del discurso oficial. Mientras en Cuba se evita hablar de \u201ccolapso\u201d, \u201ccrisis\u201d o \u201ccaos\u201d para describir el sistema el\u00e9ctrico nacional \u2014optando por eufemismos t\u00e9cnicos o llamados a la serenidad\u2014, ese mismo lenguaje aparece sin reparos cuando el foco est\u00e1 puesto en Estados Unidos.<\/p>\n\n\n\n<p>La publicaci\u00f3n de TV Yumur\u00ed se produce, adem\u00e1s, en un contexto particularmente sensible. En los \u00faltimos meses, la poblaci\u00f3n cubana ha reportado apagones que superan las 20, 30 y hasta 40 horas continuas en algunas zonas, con impactos directos en la conservaci\u00f3n de alimentos, el acceso al agua, la atenci\u00f3n m\u00e9dica y la vida cotidiana. Esa experiencia, vivida de manera constante, choca con la narrativa que reserva el t\u00e9rmino \u201ccaos\u201d para describir realidades ajenas.<\/p>\n\n\n\n<p>Esto, por supuesto, no iba a pasar desapercibido para los cubanos en las redes. En pocas horas, el post se convirti\u00f3 en un muro de descargas donde decenas de cubanos, muchos desde Matanzas y otros desde distintas provincias, confrontaron el contraste entre el lenguaje utilizado para describir una contingencia en Estados Unidos y el silencio o la minimizaci\u00f3n sistem\u00e1tica de la crisis el\u00e9ctrica nacional.<\/p>\n\n\n\n<p>Yaiset Rodr\u00edguez Fern\u00e1ndez pregunt\u00f3 con iron\u00eda si <em>\u201chay una tormenta invernal afectando ahora a toda Cuba\u201d<\/em>, en alusi\u00f3n directa a los apagones. Adalixis Almaguer fue m\u00e1s expl\u00edcita: <em>\u201cAl menos en EE. UU. est\u00e1 pasando una tormenta de nieve. En Cuba tampoco hay suministro el\u00e9ctrico por la tormenta dictatorial\u201d<\/em>. Para otros, el problema no era la noticia en s\u00ed, sino el mensaje impl\u00edcito: Yuniel Meneses se\u00f1al\u00f3 que el contenido era <em>\u201ctotalmente irrelevante\u201d<\/em> para quienes viven en Cuba, y acus\u00f3 a la prensa de priorizar lo externo para<em> \u201cjustificar los de aqu\u00ed\u201d.<\/em><\/p>\n\n\n\n<p>Desde dentro y fuera del pa\u00eds, tambi\u00e9n surgieron comparaciones estructurales. Cuba-Libre, residente en Pennsylvania, explic\u00f3 que en los estados del norte de EE. UU. existe una infraestructura preparada para inviernos extremos \u2014quitanieves, refugios, sistemas de emergencia\u2014 y que las fallas en zonas no acostumbradas a la nieve no equivalen a un \u201ccaos general\u201d. \u201cLa preparaci\u00f3n marca la diferencia\u201d, escribi\u00f3, y pidi\u00f3 a los medios cubanos \u201cdedicarse a su pa\u00eds\u201d.<\/p>\n\n\n\n<p>En Matanzas, el tono fue m\u00e1s \u00e1spero. Lili D\u00edaz record\u00f3 que Col\u00f3n llevaba m\u00e1s de 40 horas sin luz, sin agua y sin comida. Misleydis Mart\u00ednez cuestion\u00f3 por qu\u00e9 un canal provincial hablaba de otros pa\u00edses en lugar de \u201cdefender la provincia que tanto lo necesita\u201d. Nela Ojeda resumi\u00f3 una idea que se repiti\u00f3 decenas de veces: <strong>\u201cCaos es el Matanzas que nos est\u00e1n matando sin luz. Ese s\u00ed es caos\u201d.<\/strong><\/p>\n\n\n\n<p>Otros comentarios convirtieron la frase en s\u00edmbolo de un doble est\u00e1ndar. Norma Rodr\u00edguez cit\u00f3 el refr\u00e1n sobre \u201cver la paja en el ojo ajeno\u201d, mientras Humberto Luis Le\u00f3n Bello calific\u00f3 la publicaci\u00f3n de \u201cc\u00ednica\u201d al hablar de caos fuera cuando en la propia provincia hay apagones de m\u00e1s de 48 horas. Manuel Marrero habl\u00f3 de \u201ctormentas\u201d m\u00e1s profundas: hambre, insalubridad, enfermedades, desesperanza.<\/p>\n\n\n\n<p>A medida que avanzaba el hilo, la indignaci\u00f3n tom\u00f3 un tono casi coral. <em>\u201cAqu\u00ed no hubo tormenta pero s\u00ed hay muchos apagones\u201d,<\/em> escribi\u00f3 Yosvani Campos. <em>\u201c\u00bfCu\u00e1ndo nev\u00f3 aqu\u00ed?\u201d<\/em>, pregunt\u00f3 Mar\u00eda de Lourdes P\u00e9rez. <em>\u201cLa tormenta empez\u00f3 el 1 de enero de 1959\u201d,<\/em> respondi\u00f3 otra usuaria, enlazando el problema el\u00e9ctrico con una lectura hist\u00f3rica del poder. Para muchos, el uso del t\u00e9rmino \u201ccaos\u201d fue la grieta: un reconocimiento t\u00e1cito de lo que no se admite cuando el escenario es Cuba.<\/p>\n\n\n\n<p>Entre sarcasmos, reproches y llamados a la \u00e9tica, se impuso una sensaci\u00f3n com\u00fan: la desconexi\u00f3n entre el relato oficial y la vida cotidiana. <em>\u201cRespetense como periodistas\u201d,<\/em> escribi\u00f3 Lesly Mart\u00edn. <em>\u201cLa \u00faltima que se puede perder es la dignidad\u201d,<\/em> a\u00f1adi\u00f3 Lilia Due\u00f1as. En ese coro disperso, la palabra \u201ccaos\u201d dej\u00f3 de describir una tormenta lejana y pas\u00f3 a nombrar, por contraste, una realidad que ya no cabe en eufemismos.<br><\/p>\n","protected":false},"excerpt":{"rendered":"<p>El uso del t\u00e9rmino \u201ccaos el\u00e9ctrico\u201d para describir apagones en EE.UU. gener\u00f3 cr\u00edticas por el contraste con el lenguaje oficial en Cuba.<\/p>\n","protected":false},"author":13,"featured_media":85206,"comment_status":"open","ping_status":"closed","sticky":false,"template":"","format":"standard","meta":{"_acf_changed":false,"footnotes":""},"categories":[18,955],"tags":[11225,6231,23075,30253,602,1816,24883,1250,2841,7648],"class_list":{"0":"post-233487","1":"post","2":"type-post","3":"status-publish","4":"format-standard","5":"has-post-thumbnail","7":"category-noticias","8":"category-noticias-de-cuba","9":"tag-apagones-en-cuba","10":"tag-crisis-energetica","11":"tag-discurso-oficial","12":"tag-doble-rasero","13":"tag-estados-unidos","14":"tag-matanzas","15":"tag-propaganda-oficial","16":"tag-television-cubana","17":"tag-tormenta-invernal","18":"tag-tv-yumuri"},"acf":[],"yoast_head":"<!-- This site is optimized with the Yoast SEO plugin v27.5 - https:\/\/yoast.com\/product\/yoast-seo-wordpress\/ -->\n<title>TV Yumur\u00ed desde Matanzas alude a tormenta invernal en EE.UU. y dice hay un \u201ccaos el\u00e9ctrico\u201d - Cuballama Noticias<\/title>\n<meta name=\"description\" content=\"TV Yumur\u00ed habl\u00f3 de \u201ccaos el\u00e9ctrico\u201d en EE.UU., mientras evita ese t\u00e9rmino para los apagones en Cuba, y desat\u00f3 cr\u00edticas en redes.\" \/>\n<meta name=\"robots\" content=\"index, follow, max-snippet:-1, max-image-preview:large, max-video-preview:-1\" \/>\n<link rel=\"canonical\" href=\"https:\/\/www.cuballama.com\/noticias\/tv-yumuri-desde-matanzas-alude-a-tormenta-invernal-en-ee-uu-y-dice-hay-un-caos-electrico\/\" \/>\n<meta property=\"og:locale\" content=\"es_ES\" \/>\n<meta property=\"og:type\" content=\"article\" \/>\n<meta property=\"og:title\" content=\"TV Yumur\u00ed desde Matanzas alude a tormenta invernal en EE.UU. y dice hay un \u201ccaos el\u00e9ctrico\u201d - Cuballama Noticias\" \/>\n<meta property=\"og:description\" content=\"TV Yumur\u00ed habl\u00f3 de \u201ccaos el\u00e9ctrico\u201d en EE.UU., mientras evita ese t\u00e9rmino para los apagones en Cuba, y desat\u00f3 cr\u00edticas en redes.\" \/>\n<meta property=\"og:url\" content=\"https:\/\/www.cuballama.com\/noticias\/tv-yumuri-desde-matanzas-alude-a-tormenta-invernal-en-ee-uu-y-dice-hay-un-caos-electrico\/\" \/>\n<meta property=\"og:site_name\" content=\"Cuballama Noticias\" \/>\n<meta property=\"article:publisher\" content=\"https:\/\/www.facebook.com\/CubaLlama\" \/>\n<meta property=\"article:published_time\" content=\"2026-01-27T17:10:52+00:00\" \/>\n<meta property=\"article:modified_time\" content=\"2026-01-27T17:10:55+00:00\" \/>\n<meta property=\"og:image\" content=\"https:\/\/cdn1.mediawpaccore.net\/wp-content\/uploads\/2022\/01\/17101939\/tormenta-nieve.jpg\" \/>\n\t<meta property=\"og:image:width\" content=\"1615\" \/>\n\t<meta property=\"og:image:height\" content=\"777\" \/>\n\t<meta property=\"og:image:type\" content=\"image\/jpeg\" \/>\n<meta name=\"author\" content=\"Roberto A.\" \/>\n<meta name=\"twitter:card\" content=\"summary_large_image\" \/>\n<meta name=\"twitter:creator\" content=\"@cuballama\" \/>\n<meta name=\"twitter:site\" content=\"@cuballama\" \/>\n<meta name=\"twitter:label1\" content=\"Escrito por\" \/>\n\t<meta name=\"twitter:data1\" content=\"Roberto A.\" \/>\n\t<meta name=\"twitter:label2\" content=\"Tiempo de lectura\" \/>\n\t<meta name=\"twitter:data2\" content=\"1 minuto\" \/>\n<script type=\"application\/ld+json\" class=\"yoast-schema-graph\">{\"@context\":\"https:\\\/\\\/schema.org\",\"@graph\":[{\"@type\":\"Article\",\"@id\":\"https:\\\/\\\/www.cuballama.com\\\/noticias\\\/tv-yumuri-desde-matanzas-alude-a-tormenta-invernal-en-ee-uu-y-dice-hay-un-caos-electrico\\\/#article\",\"isPartOf\":{\"@id\":\"https:\\\/\\\/www.cuballama.com\\\/noticias\\\/tv-yumuri-desde-matanzas-alude-a-tormenta-invernal-en-ee-uu-y-dice-hay-un-caos-electrico\\\/\"},\"author\":{\"name\":\"Roberto A.\",\"@id\":\"https:\\\/\\\/www.cuballama.com\\\/noticias\\\/#\\\/schema\\\/person\\\/a58502ed4146c8e9f83872e897c76cd2\"},\"headline\":\"TV Yumur\u00ed desde Matanzas alude a tormenta invernal en EE.UU. y dice hay un \u201ccaos el\u00e9ctrico\u201d\",\"datePublished\":\"2026-01-27T17:10:52+00:00\",\"dateModified\":\"2026-01-27T17:10:55+00:00\",\"mainEntityOfPage\":{\"@id\":\"https:\\\/\\\/www.cuballama.com\\\/noticias\\\/tv-yumuri-desde-matanzas-alude-a-tormenta-invernal-en-ee-uu-y-dice-hay-un-caos-electrico\\\/\"},\"wordCount\":940,\"commentCount\":0,\"publisher\":{\"@id\":\"https:\\\/\\\/www.cuballama.com\\\/noticias\\\/#organization\"},\"image\":{\"@id\":\"https:\\\/\\\/www.cuballama.com\\\/noticias\\\/tv-yumuri-desde-matanzas-alude-a-tormenta-invernal-en-ee-uu-y-dice-hay-un-caos-electrico\\\/#primaryimage\"},\"thumbnailUrl\":\"https:\\\/\\\/cdn1.mediawpaccore.net\\\/wp-content\\\/uploads\\\/2022\\\/01\\\/17101939\\\/tormenta-nieve.jpg\",\"keywords\":[\"apagones en Cuba\",\"Crisis energ\u00e9tica\",\"Discurso oficial\",\"doble rasero\",\"Estados Unidos\",\"Matanzas\",\"propaganda oficial\",\"televisi\u00f3n cubana\",\"tormenta invernal\",\"TV Yumur\u00ed\"],\"articleSection\":[\"Noticias\",\"Noticias de Cuba\"],\"inLanguage\":\"es\",\"potentialAction\":[{\"@type\":\"CommentAction\",\"name\":\"Comment\",\"target\":[\"https:\\\/\\\/www.cuballama.com\\\/noticias\\\/tv-yumuri-desde-matanzas-alude-a-tormenta-invernal-en-ee-uu-y-dice-hay-un-caos-electrico\\\/#respond\"]}]},{\"@type\":\"WebPage\",\"@id\":\"https:\\\/\\\/www.cuballama.com\\\/noticias\\\/tv-yumuri-desde-matanzas-alude-a-tormenta-invernal-en-ee-uu-y-dice-hay-un-caos-electrico\\\/\",\"url\":\"https:\\\/\\\/www.cuballama.com\\\/noticias\\\/tv-yumuri-desde-matanzas-alude-a-tormenta-invernal-en-ee-uu-y-dice-hay-un-caos-electrico\\\/\",\"name\":\"TV Yumur\u00ed desde Matanzas alude a tormenta invernal en EE.UU. y dice hay un \u201ccaos el\u00e9ctrico\u201d - Cuballama Noticias\",\"isPartOf\":{\"@id\":\"https:\\\/\\\/www.cuballama.com\\\/noticias\\\/#website\"},\"primaryImageOfPage\":{\"@id\":\"https:\\\/\\\/www.cuballama.com\\\/noticias\\\/tv-yumuri-desde-matanzas-alude-a-tormenta-invernal-en-ee-uu-y-dice-hay-un-caos-electrico\\\/#primaryimage\"},\"image\":{\"@id\":\"https:\\\/\\\/www.cuballama.com\\\/noticias\\\/tv-yumuri-desde-matanzas-alude-a-tormenta-invernal-en-ee-uu-y-dice-hay-un-caos-electrico\\\/#primaryimage\"},\"thumbnailUrl\":\"https:\\\/\\\/cdn1.mediawpaccore.net\\\/wp-content\\\/uploads\\\/2022\\\/01\\\/17101939\\\/tormenta-nieve.jpg\",\"datePublished\":\"2026-01-27T17:10:52+00:00\",\"dateModified\":\"2026-01-27T17:10:55+00:00\",\"description\":\"TV Yumur\u00ed habl\u00f3 de \u201ccaos el\u00e9ctrico\u201d en EE.UU., mientras evita ese t\u00e9rmino para los apagones en Cuba, y desat\u00f3 cr\u00edticas en redes.\",\"breadcrumb\":{\"@id\":\"https:\\\/\\\/www.cuballama.com\\\/noticias\\\/tv-yumuri-desde-matanzas-alude-a-tormenta-invernal-en-ee-uu-y-dice-hay-un-caos-electrico\\\/#breadcrumb\"},\"inLanguage\":\"es\",\"potentialAction\":[{\"@type\":\"ReadAction\",\"target\":[\"https:\\\/\\\/www.cuballama.com\\\/noticias\\\/tv-yumuri-desde-matanzas-alude-a-tormenta-invernal-en-ee-uu-y-dice-hay-un-caos-electrico\\\/\"]}]},{\"@type\":\"ImageObject\",\"inLanguage\":\"es\",\"@id\":\"https:\\\/\\\/www.cuballama.com\\\/noticias\\\/tv-yumuri-desde-matanzas-alude-a-tormenta-invernal-en-ee-uu-y-dice-hay-un-caos-electrico\\\/#primaryimage\",\"url\":\"https:\\\/\\\/cdn1.mediawpaccore.net\\\/wp-content\\\/uploads\\\/2022\\\/01\\\/17101939\\\/tormenta-nieve.jpg\",\"contentUrl\":\"https:\\\/\\\/cdn1.mediawpaccore.net\\\/wp-content\\\/uploads\\\/2022\\\/01\\\/17101939\\\/tormenta-nieve.jpg\",\"width\":1615,\"height\":777,\"caption\":\"Foto: REFERENCIAL. Video Screenshot Telemundo 49\"},{\"@type\":\"BreadcrumbList\",\"@id\":\"https:\\\/\\\/www.cuballama.com\\\/noticias\\\/tv-yumuri-desde-matanzas-alude-a-tormenta-invernal-en-ee-uu-y-dice-hay-un-caos-electrico\\\/#breadcrumb\",\"itemListElement\":[{\"@type\":\"ListItem\",\"position\":1,\"name\":\"Home\",\"item\":\"https:\\\/\\\/www.cuballama.com\\\/noticias\\\/\"},{\"@type\":\"ListItem\",\"position\":2,\"name\":\"TV Yumur\u00ed desde Matanzas alude a tormenta invernal en EE.UU. y dice hay un \u201ccaos el\u00e9ctrico\u201d\"}]},{\"@type\":\"WebSite\",\"@id\":\"https:\\\/\\\/www.cuballama.com\\\/noticias\\\/#website\",\"url\":\"https:\\\/\\\/www.cuballama.com\\\/noticias\\\/\",\"name\":\"Cuballama Noticias\",\"description\":\"Medio digital sobre Cuba y el mundo\",\"publisher\":{\"@id\":\"https:\\\/\\\/www.cuballama.com\\\/noticias\\\/#organization\"},\"potentialAction\":[{\"@type\":\"SearchAction\",\"target\":{\"@type\":\"EntryPoint\",\"urlTemplate\":\"https:\\\/\\\/www.cuballama.com\\\/noticias\\\/?s={search_term_string}\"},\"query-input\":{\"@type\":\"PropertyValueSpecification\",\"valueRequired\":true,\"valueName\":\"search_term_string\"}}],\"inLanguage\":\"es\"},{\"@type\":\"Organization\",\"@id\":\"https:\\\/\\\/www.cuballama.com\\\/noticias\\\/#organization\",\"name\":\"Cuballama\",\"url\":\"https:\\\/\\\/www.cuballama.com\\\/noticias\\\/\",\"logo\":{\"@type\":\"ImageObject\",\"inLanguage\":\"es\",\"@id\":\"https:\\\/\\\/www.cuballama.com\\\/noticias\\\/#\\\/schema\\\/logo\\\/image\\\/\",\"url\":\"https:\\\/\\\/cdn1.mediawpaccore.net\\\/wp-content\\\/uploads\\\/2021\\\/12\\\/28171206\\\/cbll-logo-color-sm.png\",\"contentUrl\":\"https:\\\/\\\/cdn1.mediawpaccore.net\\\/wp-content\\\/uploads\\\/2021\\\/12\\\/28171206\\\/cbll-logo-color-sm.png\",\"width\":600,\"height\":133,\"caption\":\"Cuballama\"},\"image\":{\"@id\":\"https:\\\/\\\/www.cuballama.com\\\/noticias\\\/#\\\/schema\\\/logo\\\/image\\\/\"},\"sameAs\":[\"https:\\\/\\\/www.facebook.com\\\/CubaLlama\",\"https:\\\/\\\/x.com\\\/cuballama\",\"https:\\\/\\\/www.instagram.com\\\/stories\\\/cuballama_oficial\\\/\",\"https:\\\/\\\/www.youtube.com\\\/channel\\\/UCKkFE-d_axENGZcrc4as0IA\"]},{\"@type\":\"Person\",\"@id\":\"https:\\\/\\\/www.cuballama.com\\\/noticias\\\/#\\\/schema\\\/person\\\/a58502ed4146c8e9f83872e897c76cd2\",\"name\":\"Roberto A.\",\"description\":\"Roberto A. Periodista por decisi\u00f3n propia. Interesado en cualquier tema que me apasione y cada vez m\u00e1s comprometido con la verdad y la objetividad period\u00edstica. Graduado en La Habana hace ya muchos a\u00f1os, luego de una accidentada y polvorienta b\u00fasqueda de informaci\u00f3n sobre un tema in\u00e9dito. La Tesis, por cierto, desapareci\u00f3 de la biblioteca y no se conservan copias de la misma.\",\"url\":\"https:\\\/\\\/www.cuballama.com\\\/noticias\\\/author\\\/roberto\\\/\"}]}<\/script>\n<!-- \/ Yoast SEO plugin. -->","yoast_head_json":{"title":"TV Yumur\u00ed desde Matanzas alude a tormenta invernal en EE.UU. y dice hay un \u201ccaos el\u00e9ctrico\u201d - Cuballama Noticias","description":"TV Yumur\u00ed habl\u00f3 de \u201ccaos el\u00e9ctrico\u201d en EE.UU., mientras evita ese t\u00e9rmino para los apagones en Cuba, y desat\u00f3 cr\u00edticas en redes.","robots":{"index":"index","follow":"follow","max-snippet":"max-snippet:-1","max-image-preview":"max-image-preview:large","max-video-preview":"max-video-preview:-1"},"canonical":"https:\/\/www.cuballama.com\/noticias\/tv-yumuri-desde-matanzas-alude-a-tormenta-invernal-en-ee-uu-y-dice-hay-un-caos-electrico\/","og_locale":"es_ES","og_type":"article","og_title":"TV Yumur\u00ed desde Matanzas alude a tormenta invernal en EE.UU. y dice hay un \u201ccaos el\u00e9ctrico\u201d - Cuballama Noticias","og_description":"TV Yumur\u00ed habl\u00f3 de \u201ccaos el\u00e9ctrico\u201d en EE.UU., mientras evita ese t\u00e9rmino para los apagones en Cuba, y desat\u00f3 cr\u00edticas en redes.","og_url":"https:\/\/www.cuballama.com\/noticias\/tv-yumuri-desde-matanzas-alude-a-tormenta-invernal-en-ee-uu-y-dice-hay-un-caos-electrico\/","og_site_name":"Cuballama Noticias","article_publisher":"https:\/\/www.facebook.com\/CubaLlama","article_published_time":"2026-01-27T17:10:52+00:00","article_modified_time":"2026-01-27T17:10:55+00:00","og_image":[{"width":1615,"height":777,"url":"https:\/\/cdn1.mediawpaccore.net\/wp-content\/uploads\/2022\/01\/17101939\/tormenta-nieve.jpg","type":"image\/jpeg"}],"author":"Roberto A.","twitter_card":"summary_large_image","twitter_creator":"@cuballama","twitter_site":"@cuballama","twitter_misc":{"Escrito por":"Roberto A.","Tiempo de lectura":"1 minuto"},"schema":{"@context":"https:\/\/schema.org","@graph":[{"@type":"Article","@id":"https:\/\/www.cuballama.com\/noticias\/tv-yumuri-desde-matanzas-alude-a-tormenta-invernal-en-ee-uu-y-dice-hay-un-caos-electrico\/#article","isPartOf":{"@id":"https:\/\/www.cuballama.com\/noticias\/tv-yumuri-desde-matanzas-alude-a-tormenta-invernal-en-ee-uu-y-dice-hay-un-caos-electrico\/"},"author":{"name":"Roberto A.","@id":"https:\/\/www.cuballama.com\/noticias\/#\/schema\/person\/a58502ed4146c8e9f83872e897c76cd2"},"headline":"TV Yumur\u00ed desde Matanzas alude a tormenta invernal en EE.UU. y dice hay un \u201ccaos el\u00e9ctrico\u201d","datePublished":"2026-01-27T17:10:52+00:00","dateModified":"2026-01-27T17:10:55+00:00","mainEntityOfPage":{"@id":"https:\/\/www.cuballama.com\/noticias\/tv-yumuri-desde-matanzas-alude-a-tormenta-invernal-en-ee-uu-y-dice-hay-un-caos-electrico\/"},"wordCount":940,"commentCount":0,"publisher":{"@id":"https:\/\/www.cuballama.com\/noticias\/#organization"},"image":{"@id":"https:\/\/www.cuballama.com\/noticias\/tv-yumuri-desde-matanzas-alude-a-tormenta-invernal-en-ee-uu-y-dice-hay-un-caos-electrico\/#primaryimage"},"thumbnailUrl":"https:\/\/cdn1.mediawpaccore.net\/wp-content\/uploads\/2022\/01\/17101939\/tormenta-nieve.jpg","keywords":["apagones en Cuba","Crisis energ\u00e9tica","Discurso oficial","doble rasero","Estados Unidos","Matanzas","propaganda oficial","televisi\u00f3n cubana","tormenta invernal","TV Yumur\u00ed"],"articleSection":["Noticias","Noticias de Cuba"],"inLanguage":"es","potentialAction":[{"@type":"CommentAction","name":"Comment","target":["https:\/\/www.cuballama.com\/noticias\/tv-yumuri-desde-matanzas-alude-a-tormenta-invernal-en-ee-uu-y-dice-hay-un-caos-electrico\/#respond"]}]},{"@type":"WebPage","@id":"https:\/\/www.cuballama.com\/noticias\/tv-yumuri-desde-matanzas-alude-a-tormenta-invernal-en-ee-uu-y-dice-hay-un-caos-electrico\/","url":"https:\/\/www.cuballama.com\/noticias\/tv-yumuri-desde-matanzas-alude-a-tormenta-invernal-en-ee-uu-y-dice-hay-un-caos-electrico\/","name":"TV Yumur\u00ed desde Matanzas alude a tormenta invernal en EE.UU. y dice hay un \u201ccaos el\u00e9ctrico\u201d - Cuballama Noticias","isPartOf":{"@id":"https:\/\/www.cuballama.com\/noticias\/#website"},"primaryImageOfPage":{"@id":"https:\/\/www.cuballama.com\/noticias\/tv-yumuri-desde-matanzas-alude-a-tormenta-invernal-en-ee-uu-y-dice-hay-un-caos-electrico\/#primaryimage"},"image":{"@id":"https:\/\/www.cuballama.com\/noticias\/tv-yumuri-desde-matanzas-alude-a-tormenta-invernal-en-ee-uu-y-dice-hay-un-caos-electrico\/#primaryimage"},"thumbnailUrl":"https:\/\/cdn1.mediawpaccore.net\/wp-content\/uploads\/2022\/01\/17101939\/tormenta-nieve.jpg","datePublished":"2026-01-27T17:10:52+00:00","dateModified":"2026-01-27T17:10:55+00:00","description":"TV Yumur\u00ed habl\u00f3 de \u201ccaos el\u00e9ctrico\u201d en EE.UU., mientras evita ese t\u00e9rmino para los apagones en Cuba, y desat\u00f3 cr\u00edticas en redes.","breadcrumb":{"@id":"https:\/\/www.cuballama.com\/noticias\/tv-yumuri-desde-matanzas-alude-a-tormenta-invernal-en-ee-uu-y-dice-hay-un-caos-electrico\/#breadcrumb"},"inLanguage":"es","potentialAction":[{"@type":"ReadAction","target":["https:\/\/www.cuballama.com\/noticias\/tv-yumuri-desde-matanzas-alude-a-tormenta-invernal-en-ee-uu-y-dice-hay-un-caos-electrico\/"]}]},{"@type":"ImageObject","inLanguage":"es","@id":"https:\/\/www.cuballama.com\/noticias\/tv-yumuri-desde-matanzas-alude-a-tormenta-invernal-en-ee-uu-y-dice-hay-un-caos-electrico\/#primaryimage","url":"https:\/\/cdn1.mediawpaccore.net\/wp-content\/uploads\/2022\/01\/17101939\/tormenta-nieve.jpg","contentUrl":"https:\/\/cdn1.mediawpaccore.net\/wp-content\/uploads\/2022\/01\/17101939\/tormenta-nieve.jpg","width":1615,"height":777,"caption":"Foto: REFERENCIAL. Video Screenshot Telemundo 49"},{"@type":"BreadcrumbList","@id":"https:\/\/www.cuballama.com\/noticias\/tv-yumuri-desde-matanzas-alude-a-tormenta-invernal-en-ee-uu-y-dice-hay-un-caos-electrico\/#breadcrumb","itemListElement":[{"@type":"ListItem","position":1,"name":"Home","item":"https:\/\/www.cuballama.com\/noticias\/"},{"@type":"ListItem","position":2,"name":"TV Yumur\u00ed desde Matanzas alude a tormenta invernal en EE.UU. y dice hay un \u201ccaos el\u00e9ctrico\u201d"}]},{"@type":"WebSite","@id":"https:\/\/www.cuballama.com\/noticias\/#website","url":"https:\/\/www.cuballama.com\/noticias\/","name":"Cuballama Noticias","description":"Medio digital sobre Cuba y el mundo","publisher":{"@id":"https:\/\/www.cuballama.com\/noticias\/#organization"},"potentialAction":[{"@type":"SearchAction","target":{"@type":"EntryPoint","urlTemplate":"https:\/\/www.cuballama.com\/noticias\/?s={search_term_string}"},"query-input":{"@type":"PropertyValueSpecification","valueRequired":true,"valueName":"search_term_string"}}],"inLanguage":"es"},{"@type":"Organization","@id":"https:\/\/www.cuballama.com\/noticias\/#organization","name":"Cuballama","url":"https:\/\/www.cuballama.com\/noticias\/","logo":{"@type":"ImageObject","inLanguage":"es","@id":"https:\/\/www.cuballama.com\/noticias\/#\/schema\/logo\/image\/","url":"https:\/\/cdn1.mediawpaccore.net\/wp-content\/uploads\/2021\/12\/28171206\/cbll-logo-color-sm.png","contentUrl":"https:\/\/cdn1.mediawpaccore.net\/wp-content\/uploads\/2021\/12\/28171206\/cbll-logo-color-sm.png","width":600,"height":133,"caption":"Cuballama"},"image":{"@id":"https:\/\/www.cuballama.com\/noticias\/#\/schema\/logo\/image\/"},"sameAs":["https:\/\/www.facebook.com\/CubaLlama","https:\/\/x.com\/cuballama","https:\/\/www.instagram.com\/stories\/cuballama_oficial\/","https:\/\/www.youtube.com\/channel\/UCKkFE-d_axENGZcrc4as0IA"]},{"@type":"Person","@id":"https:\/\/www.cuballama.com\/noticias\/#\/schema\/person\/a58502ed4146c8e9f83872e897c76cd2","name":"Roberto A.","description":"Roberto A. Periodista por decisi\u00f3n propia. Interesado en cualquier tema que me apasione y cada vez m\u00e1s comprometido con la verdad y la objetividad period\u00edstica. Graduado en La Habana hace ya muchos a\u00f1os, luego de una accidentada y polvorienta b\u00fasqueda de informaci\u00f3n sobre un tema in\u00e9dito. La Tesis, por cierto, desapareci\u00f3 de la biblioteca y no se conservan copias de la misma.","url":"https:\/\/www.cuballama.com\/noticias\/author\/roberto\/"}]}},"_links":{"self":[{"href":"https:\/\/www.cuballama.com\/noticias\/wp-json\/wp\/v2\/posts\/233487","targetHints":{"allow":["GET"]}}],"collection":[{"href":"https:\/\/www.cuballama.com\/noticias\/wp-json\/wp\/v2\/posts"}],"about":[{"href":"https:\/\/www.cuballama.com\/noticias\/wp-json\/wp\/v2\/types\/post"}],"author":[{"embeddable":true,"href":"https:\/\/www.cuballama.com\/noticias\/wp-json\/wp\/v2\/users\/13"}],"replies":[{"embeddable":true,"href":"https:\/\/www.cuballama.com\/noticias\/wp-json\/wp\/v2\/comments?post=233487"}],"version-history":[{"count":1,"href":"https:\/\/www.cuballama.com\/noticias\/wp-json\/wp\/v2\/posts\/233487\/revisions"}],"predecessor-version":[{"id":233491,"href":"https:\/\/www.cuballama.com\/noticias\/wp-json\/wp\/v2\/posts\/233487\/revisions\/233491"}],"wp:featuredmedia":[{"embeddable":true,"href":"https:\/\/www.cuballama.com\/noticias\/wp-json\/wp\/v2\/media\/85206"}],"wp:attachment":[{"href":"https:\/\/www.cuballama.com\/noticias\/wp-json\/wp\/v2\/media?parent=233487"}],"wp:term":[{"taxonomy":"category","embeddable":true,"href":"https:\/\/www.cuballama.com\/noticias\/wp-json\/wp\/v2\/categories?post=233487"},{"taxonomy":"post_tag","embeddable":true,"href":"https:\/\/www.cuballama.com\/noticias\/wp-json\/wp\/v2\/tags?post=233487"}],"curies":[{"name":"wp","href":"https:\/\/api.w.org\/{rel}","templated":true}]}}