{"id":233467,"date":"2026-01-27T12:10:29","date_gmt":"2026-01-27T17:10:29","guid":{"rendered":"https:\/\/www.cuballama.com\/noticias\/?p=233467"},"modified":"2026-01-27T12:10:32","modified_gmt":"2026-01-27T17:10:32","slug":"arleen-rodriguez-vuelve-a-meter-la-pata-la-premio-jose-marti-deja-ver-su-ignorancia-y-hasta-rafael-correa-se-le-rie","status":"publish","type":"post","link":"https:\/\/www.cuballama.com\/noticias\/arleen-rodriguez-vuelve-a-meter-la-pata-la-premio-jose-marti-deja-ver-su-ignorancia-y-hasta-rafael-correa-se-le-rie\/","title":{"rendered":"Arleen Rodr\u00edguez vuelve a meter la pata. \u00abLa Premio Jos\u00e9 Mart\u00ed\u00bb, deja ver su ignorancia y hasta Rafael Correa se le r\u00ede"},"content":{"rendered":"\n<h2 class=\"wp-block-heading\">La sociofidelista Arleen Rodr\u00edguez continua haciendo m\u00e9ritos para que los cubanos la odien cada d\u00eda m\u00e1s. Justific\u00f3 lo terrible de los apagones en Cuba con una frase, que adem\u00e1s es falsa: <em>\u00abJos\u00e9 Mart\u00ed no conoci\u00f3 la corriente el\u00e9ctrica\u00bb.<\/em><\/h2>\n\n\n\n<h3 class=\"wp-block-heading\">Hasta el propio entrevistador, el socialista Rafael Correa tuvo que re\u00edrse, en su cara, y decirle algo tipo: <em>\u00abMi hermana, afloja, que estamos en el siglo XXI y no en el XIX\u00bb.<\/em><\/h3>\n\n\n\n<h4 class=\"wp-block-heading\">\u00bfQue pretende ella? \u00bfQue los cubanos se acostumbren a vivir en apagones porque Mart\u00ed&#8230;? Ella, que vive muy bien, gracias a un estipendio que le llega todos los meses, v\u00eda EE.UU. gracias a que su padre trabaj\u00f3 en la Base Naval de Guant\u00e1namo.<\/h4>\n\n\n\n<p>El video no es nuevo, pero el estallido s\u00ed. Un fragmento de una entrevista emitida meses atr\u00e1s en el programa <em><a href=\"https:\/\/vk.com\/wall-61174019_752513\" target=\"_blank\" rel=\"noreferrer noopener nofollow\">Conversa con Correa<\/a><\/em>, de RT en Espa\u00f1ol, volvi\u00f3 a circular con fuerza esta semana en medio del agravamiento de la crisis el\u00e9ctrica en Cuba y coloc\u00f3 a la periodista oficialista Arleen Rodr\u00edguez Derivet en el centro de una oleada de rectificaciones, citas martianas, capturas y memes. En el clip, Rodr\u00edguez intenta relativizar el peso de los apagones con una comparaci\u00f3n que se volvi\u00f3 bumer\u00e1n: \u201cJos\u00e9 Mart\u00ed no conoci\u00f3 la luz el\u00e9ctrica\u201d. La respuesta de Rafael Correa, seca y cortante \u2014\u201cestamos en el siglo XXI\u201d\u2014 termin\u00f3 funcionando como remate involuntario y como gasolina para la viralidad.<\/p>\n\n\n\n<p>Veamos ese fragmento primero que todo.<\/p>\n\n\n\n<iframe loading=\"lazy\" src=\"https:\/\/www.facebook.com\/plugins\/video.php?height=314&#038;href=https%3A%2F%2Fwww.facebook.com%2Freel%2F4290927424498020%2F&#038;show_text=true&#038;width=560&#038;t=0\" width=\"560\" height=\"429\" style=\"border:none;overflow:hidden\" scrolling=\"no\" frameborder=\"0\" allowfullscreen=\"true\" allow=\"autoplay; clipboard-write; encrypted-media; picture-in-picture; web-share\" allowFullScreen=\"true\"><\/iframe>\n\n\n\n<p>La reaparici\u00f3n del intercambio ocurri\u00f3 en un momento particularmente sensible: reportes de cortes prolongados, quejas por comida echada a perder, familias sin gas y un clima social donde cualquier intento de \u201cexplicar\u201d la precariedad suele leerse como provocaci\u00f3n. El contenido, que ya en noviembre pudo pasar como una frase torpe dentro de una conversaci\u00f3n pol\u00edtica, en enero se convirti\u00f3 en s\u00edmbolo: para muchos usuarios, no era solo una excusa desafortunada, sino una manera de normalizar el retroceso, de pedir resignaci\u00f3n con una figura que en Cuba suele invocarse como reserva moral. Una excusa de esas a las que ya nos tiene acostumbrado Arleen Rodr\u00edguez. <\/p>\n\n\n\n<p>Lo que sigui\u00f3 fue una correcci\u00f3n en cascada, con dos tonos dominantes. Hubo quien respondi\u00f3 con rigor, como si se tratara de enmendar un dato hist\u00f3rico ante una audiencia amplia, y hubo quien respondi\u00f3 con burla, tomando la frase como materia prima para el meme. <\/p>\n\n\n\n<p>Entre las r\u00e9plicas m\u00e1s compartidas estuvo la del psic\u00f3logo Reybi Sarmiento, que en Facebook cuestion\u00f3 la afirmaci\u00f3n y la desmont\u00f3 con referencias directas a textos del propio Mart\u00ed, recordando que el Ap\u00f3stol no solo vivi\u00f3 en una \u00e9poca donde la electricidad comenzaba a formar parte del paisaje urbano, sino que tambi\u00e9n la mencion\u00f3 y la pens\u00f3 en su escritura.<\/p>\n\n\n\n<iframe loading=\"lazy\" src=\"https:\/\/www.facebook.com\/plugins\/post.php?href=https%3A%2F%2Fwww.facebook.com%2Freybi.sarmiento.2025%2Fposts%2Fpfbid02w8BkEPV1kpQMnsyK7kwqrSzdShUiQMVs4KfWSSZa5B4UFP8hsCMXBounrcvg4Uu7l&#038;show_text=true&#038;width=500\" width=\"500\" height=\"402\" style=\"border:none;overflow:hidden\" scrolling=\"no\" frameborder=\"0\" allowfullscreen=\"true\" allow=\"autoplay; clipboard-write; encrypted-media; picture-in-picture; web-share\"><\/iframe>\n\n\n\n<p>En esa misma l\u00ednea de \u201crectificaci\u00f3n con fuentes\u201d, el periodista Ernesto Morales puso el asunto en coordenadas de tiempo y lugar: Mart\u00ed vivi\u00f3 en Nueva York en un per\u00edodo en el que la electrificaci\u00f3n ya era una realidad en Manhattan y, adem\u00e1s, cuando regres\u00f3 a Cuba en 1895 ya exist\u00eda alumbrado el\u00e9ctrico en La Habana. Morales no se limit\u00f3 a la cronolog\u00eda; insisti\u00f3 en que Mart\u00ed escribi\u00f3 sobre la luz el\u00e9ctrica como parte del asombro tecnol\u00f3gico de su \u00e9poca y us\u00f3 el episodio para subrayar la distancia entre el argumento televisivo y el registro documental.<\/p>\n\n\n\n<iframe loading=\"lazy\" src=\"https:\/\/www.facebook.com\/plugins\/post.php?href=https%3A%2F%2Fwww.facebook.com%2FErnestomoralesNEWS%2Fposts%2Fpfbid0qTnucBtsaZd6UHR7NzvcwCrogWa6MJ8qA1y3UWA337WE1v3GjuGynB4XdKCXWtHsl&#038;show_text=true&#038;width=500\" width=\"500\" height=\"541\" style=\"border:none;overflow:hidden\" scrolling=\"no\" frameborder=\"0\" allowfullscreen=\"true\" allow=\"autoplay; clipboard-write; encrypted-media; picture-in-picture; web-share\"><\/iframe>\n\n\n\n<p>Otros usuarios optaron por la v\u00eda de la cita, casi como un acto de restituci\u00f3n: si la frase discutida se apoyaba en Mart\u00ed, la respuesta deb\u00eda devolver a Mart\u00ed a la p\u00e1gina. <\/p>\n\n\n\n<p>El periodista Jos\u00e9 Ra\u00fal Gallego comparti\u00f3 un pasaje martiano sobre la iluminaci\u00f3n del puente de Brooklyn, que circul\u00f3 tambi\u00e9n desde otras p\u00e1ginas y muros, como una manera de recordar que el tema \u2014la luz el\u00e9ctrica como experiencia moderna\u2014 est\u00e1 presente en cr\u00f3nicas de Mart\u00ed vinculadas a su vida en Estados Unidos. La publicaci\u00f3n se multiplic\u00f3 en capturas, y con ella se instal\u00f3 una idea repetida en comentarios: no era necesario \u201cinterpretar\u201d a Mart\u00ed; bastaba con leerlo.<\/p>\n\n\n\n<iframe loading=\"lazy\" src=\"https:\/\/www.facebook.com\/plugins\/post.php?href=https%3A%2F%2Fwww.facebook.com%2Fjose.raul.gallego.2025%2Fposts%2Fpfbid026mnBC5eN9kpBP95qs6yUWUqqvkA2efkVWrdPfnpDzs4HJMgkcuDqKxNCjTs2MNYtl&#038;show_text=true&#038;width=500\" width=\"500\" height=\"693\" style=\"border:none;overflow:hidden\" scrolling=\"no\" frameborder=\"0\" allowfullscreen=\"true\" allow=\"autoplay; clipboard-write; encrypted-media; picture-in-picture; web-share\"><\/iframe>\n\n\n\n<p>En paralelo, empez\u00f3 a crecer un segundo tono, m\u00e1s emocional y menos acad\u00e9mico, que no discut\u00eda solo el dato sino el gesto. <\/p>\n\n\n\n<iframe loading=\"lazy\" src=\"https:\/\/www.facebook.com\/plugins\/post.php?href=https%3A%2F%2Fwww.facebook.com%2Fmagdiel.perez.52%2Fposts%2Fpfbid02g1fZqmyrfL3dGQupjkJTyxpsjVgLoLi9xCfaHziY86bEW3zxV8QvTpYHqFAuze34l&#038;show_text=true&#038;width=500\" width=\"500\" height=\"735\" style=\"border:none;overflow:hidden\" scrolling=\"no\" frameborder=\"0\" allowfullscreen=\"true\" allow=\"autoplay; clipboard-write; encrypted-media; picture-in-picture; web-share\"><\/iframe>\n\n\n\n<p>La activista Laritza Camacho escribi\u00f3 que se pod\u00eda debatir de pol\u00edtica cuanto se quisiera, pero que \u201cno\u201d se jugara con Mart\u00ed, al que describi\u00f3 como \u201ctal vez la \u00fanica luz\u201d que queda. Ese tipo de reacci\u00f3n, m\u00e1s \u00e9tica que factual, mostr\u00f3 otra clave del estallido: el problema no fue \u00fanicamente la inexactitud, sino la sensaci\u00f3n de que se us\u00f3 a Mart\u00ed como recurso para justificar la impotencia cotidiana, y que ah\u00ed, para muchos, se cruz\u00f3 una l\u00ednea simb\u00f3lica.<\/p>\n\n\n\n<iframe loading=\"lazy\" src=\"https:\/\/www.facebook.com\/plugins\/post.php?href=https%3A%2F%2Fwww.facebook.com%2Flaritza.camacho.351%2Fposts%2Fpfbid0SHR5HM7DMFATHHL2D6XTUyHUJdQcusd6GVs6XkjEAEBdgXk8yWZR6xisGiFibKvUl&#038;show_text=true&#038;width=500\" width=\"500\" height=\"660\" style=\"border:none;overflow:hidden\" scrolling=\"no\" frameborder=\"0\" allowfullscreen=\"true\" allow=\"autoplay; clipboard-write; encrypted-media; picture-in-picture; web-share\"><\/iframe>\n\n\n\n<p>Tambi\u00e9n hubo respuestas en registro de \u201cpost largo\u201d donde la frase detonante sirvi\u00f3 de punto de partida para repasar textos, cr\u00f3nicas y menciones martianas a la electricidad, desde La Edad de Oro hasta art\u00edculos period\u00edsticos y escenas norteamericanas. <\/p>\n\n\n\n<p>En el post publicado por el periodista Jos\u00e9 Ra\u00fal Gallego, aparecieron varios comentarios interesantes y esclarecedores. Algunos compartieron citas atribuidas a Mart\u00ed sobre la electricidad como fuerza moralmente ambivalente \u2014buena o mala seg\u00fan el uso\u2014 y otros insistieron en que, incluso si el argumento de Correa bastaba, el error era tan evitable que resultaba m\u00e1s grave por lo que revela: improvisaci\u00f3n, desconocimiento, o una confianza excesiva en que el p\u00fablico no va a contrastar nada. Esa idea \u2014la del \u201cdato que se cae con una b\u00fasqueda\u201d \u2014 fue recurrente en la conversaci\u00f3n.<\/p>\n\n\n\n<figure class=\"wp-block-gallery has-nested-images columns-default is-cropped wp-block-gallery-1 is-layout-flex wp-block-gallery-is-layout-flex\">\n<figure class=\"wp-block-image size-large\"><img loading=\"lazy\" decoding=\"async\" width=\"1024\" height=\"157\" data-id=\"233476\" src=\"https:\/\/cdn1.mediawpaccore.net\/wp-content\/uploads\/2026\/01\/27031817\/Screenshot-2026-01-27-091631-1024x157.png\" alt=\"\" class=\"wp-image-233476\" srcset=\"https:\/\/cdn1.mediawpaccore.net\/wp-content\/uploads\/2026\/01\/27031817\/Screenshot-2026-01-27-091631-1024x157.png 1024w, https:\/\/cdn1.mediawpaccore.net\/wp-content\/uploads\/2026\/01\/27031817\/Screenshot-2026-01-27-091631-300x46.png 300w, https:\/\/cdn1.mediawpaccore.net\/wp-content\/uploads\/2026\/01\/27031817\/Screenshot-2026-01-27-091631-768x118.png 768w, https:\/\/cdn1.mediawpaccore.net\/wp-content\/uploads\/2026\/01\/27031817\/Screenshot-2026-01-27-091631-150x23.png 150w, https:\/\/cdn1.mediawpaccore.net\/wp-content\/uploads\/2026\/01\/27031817\/Screenshot-2026-01-27-091631-696x107.png 696w, https:\/\/cdn1.mediawpaccore.net\/wp-content\/uploads\/2026\/01\/27031817\/Screenshot-2026-01-27-091631-1068x164.png 1068w, https:\/\/cdn1.mediawpaccore.net\/wp-content\/uploads\/2026\/01\/27031817\/Screenshot-2026-01-27-091631.png 1388w\" sizes=\"auto, (max-width: 1024px) 100vw, 1024px\" \/><\/figure>\n\n\n\n<figure class=\"wp-block-image size-large\"><img loading=\"lazy\" decoding=\"async\" width=\"1024\" height=\"169\" data-id=\"233475\" src=\"https:\/\/cdn1.mediawpaccore.net\/wp-content\/uploads\/2026\/01\/27031816\/Screenshot-2026-01-27-091643-1024x169.png\" alt=\"\" class=\"wp-image-233475\" srcset=\"https:\/\/cdn1.mediawpaccore.net\/wp-content\/uploads\/2026\/01\/27031816\/Screenshot-2026-01-27-091643-1024x169.png 1024w, https:\/\/cdn1.mediawpaccore.net\/wp-content\/uploads\/2026\/01\/27031816\/Screenshot-2026-01-27-091643-300x49.png 300w, https:\/\/cdn1.mediawpaccore.net\/wp-content\/uploads\/2026\/01\/27031816\/Screenshot-2026-01-27-091643-768x127.png 768w, https:\/\/cdn1.mediawpaccore.net\/wp-content\/uploads\/2026\/01\/27031816\/Screenshot-2026-01-27-091643-150x25.png 150w, https:\/\/cdn1.mediawpaccore.net\/wp-content\/uploads\/2026\/01\/27031816\/Screenshot-2026-01-27-091643-696x115.png 696w, https:\/\/cdn1.mediawpaccore.net\/wp-content\/uploads\/2026\/01\/27031816\/Screenshot-2026-01-27-091643-1068x176.png 1068w, https:\/\/cdn1.mediawpaccore.net\/wp-content\/uploads\/2026\/01\/27031816\/Screenshot-2026-01-27-091643.png 1390w\" sizes=\"auto, (max-width: 1024px) 100vw, 1024px\" \/><\/figure>\n\n\n\n<figure class=\"wp-block-image size-large\"><img loading=\"lazy\" decoding=\"async\" width=\"1024\" height=\"109\" data-id=\"233479\" src=\"https:\/\/cdn1.mediawpaccore.net\/wp-content\/uploads\/2026\/01\/27031850\/Screenshot-2026-01-27-091652-1024x109.png\" alt=\"\" class=\"wp-image-233479\" srcset=\"https:\/\/cdn1.mediawpaccore.net\/wp-content\/uploads\/2026\/01\/27031850\/Screenshot-2026-01-27-091652-1024x109.png 1024w, https:\/\/cdn1.mediawpaccore.net\/wp-content\/uploads\/2026\/01\/27031850\/Screenshot-2026-01-27-091652-300x32.png 300w, https:\/\/cdn1.mediawpaccore.net\/wp-content\/uploads\/2026\/01\/27031850\/Screenshot-2026-01-27-091652-768x82.png 768w, https:\/\/cdn1.mediawpaccore.net\/wp-content\/uploads\/2026\/01\/27031850\/Screenshot-2026-01-27-091652-150x16.png 150w, https:\/\/cdn1.mediawpaccore.net\/wp-content\/uploads\/2026\/01\/27031850\/Screenshot-2026-01-27-091652-696x74.png 696w, https:\/\/cdn1.mediawpaccore.net\/wp-content\/uploads\/2026\/01\/27031850\/Screenshot-2026-01-27-091652-1068x114.png 1068w, https:\/\/cdn1.mediawpaccore.net\/wp-content\/uploads\/2026\/01\/27031850\/Screenshot-2026-01-27-091652.png 1390w\" sizes=\"auto, (max-width: 1024px) 100vw, 1024px\" \/><\/figure>\n\n\n\n<figure class=\"wp-block-image size-large\"><img loading=\"lazy\" decoding=\"async\" width=\"1024\" height=\"288\" data-id=\"233477\" src=\"https:\/\/cdn1.mediawpaccore.net\/wp-content\/uploads\/2026\/01\/27031817\/Screenshot-2026-01-27-091709-1024x288.png\" alt=\"\" class=\"wp-image-233477\" srcset=\"https:\/\/cdn1.mediawpaccore.net\/wp-content\/uploads\/2026\/01\/27031817\/Screenshot-2026-01-27-091709-1024x288.png 1024w, https:\/\/cdn1.mediawpaccore.net\/wp-content\/uploads\/2026\/01\/27031817\/Screenshot-2026-01-27-091709-300x84.png 300w, https:\/\/cdn1.mediawpaccore.net\/wp-content\/uploads\/2026\/01\/27031817\/Screenshot-2026-01-27-091709-768x216.png 768w, https:\/\/cdn1.mediawpaccore.net\/wp-content\/uploads\/2026\/01\/27031817\/Screenshot-2026-01-27-091709-150x42.png 150w, https:\/\/cdn1.mediawpaccore.net\/wp-content\/uploads\/2026\/01\/27031817\/Screenshot-2026-01-27-091709-696x196.png 696w, https:\/\/cdn1.mediawpaccore.net\/wp-content\/uploads\/2026\/01\/27031817\/Screenshot-2026-01-27-091709-1068x300.png 1068w, https:\/\/cdn1.mediawpaccore.net\/wp-content\/uploads\/2026\/01\/27031817\/Screenshot-2026-01-27-091709.png 1387w\" sizes=\"auto, (max-width: 1024px) 100vw, 1024px\" \/><\/figure>\n\n\n\n<figure class=\"wp-block-image size-large\"><img loading=\"lazy\" decoding=\"async\" width=\"1024\" height=\"177\" data-id=\"233474\" src=\"https:\/\/cdn1.mediawpaccore.net\/wp-content\/uploads\/2026\/01\/27031815\/Screenshot-2026-01-27-091724-1024x177.png\" alt=\"\" class=\"wp-image-233474\" srcset=\"https:\/\/cdn1.mediawpaccore.net\/wp-content\/uploads\/2026\/01\/27031815\/Screenshot-2026-01-27-091724-1024x177.png 1024w, https:\/\/cdn1.mediawpaccore.net\/wp-content\/uploads\/2026\/01\/27031815\/Screenshot-2026-01-27-091724-300x52.png 300w, https:\/\/cdn1.mediawpaccore.net\/wp-content\/uploads\/2026\/01\/27031815\/Screenshot-2026-01-27-091724-768x133.png 768w, https:\/\/cdn1.mediawpaccore.net\/wp-content\/uploads\/2026\/01\/27031815\/Screenshot-2026-01-27-091724-150x26.png 150w, https:\/\/cdn1.mediawpaccore.net\/wp-content\/uploads\/2026\/01\/27031815\/Screenshot-2026-01-27-091724-696x121.png 696w, https:\/\/cdn1.mediawpaccore.net\/wp-content\/uploads\/2026\/01\/27031815\/Screenshot-2026-01-27-091724-1068x185.png 1068w, https:\/\/cdn1.mediawpaccore.net\/wp-content\/uploads\/2026\/01\/27031815\/Screenshot-2026-01-27-091724.png 1386w\" sizes=\"auto, (max-width: 1024px) 100vw, 1024px\" \/><\/figure>\n<\/figure>\n\n\n\n<figure class=\"wp-block-image size-large\"><img loading=\"lazy\" decoding=\"async\" width=\"984\" height=\"1024\" src=\"https:\/\/cdn1.mediawpaccore.net\/wp-content\/uploads\/2026\/01\/27031832\/Screenshot-2026-01-27-091743-984x1024.png\" alt=\"\" class=\"wp-image-233478\" srcset=\"https:\/\/cdn1.mediawpaccore.net\/wp-content\/uploads\/2026\/01\/27031832\/Screenshot-2026-01-27-091743-984x1024.png 984w, https:\/\/cdn1.mediawpaccore.net\/wp-content\/uploads\/2026\/01\/27031832\/Screenshot-2026-01-27-091743-288x300.png 288w, https:\/\/cdn1.mediawpaccore.net\/wp-content\/uploads\/2026\/01\/27031832\/Screenshot-2026-01-27-091743-768x799.png 768w, https:\/\/cdn1.mediawpaccore.net\/wp-content\/uploads\/2026\/01\/27031832\/Screenshot-2026-01-27-091743-404x420.png 404w, https:\/\/cdn1.mediawpaccore.net\/wp-content\/uploads\/2026\/01\/27031832\/Screenshot-2026-01-27-091743-150x156.png 150w, https:\/\/cdn1.mediawpaccore.net\/wp-content\/uploads\/2026\/01\/27031832\/Screenshot-2026-01-27-091743-300x312.png 300w, https:\/\/cdn1.mediawpaccore.net\/wp-content\/uploads\/2026\/01\/27031832\/Screenshot-2026-01-27-091743-696x724.png 696w, https:\/\/cdn1.mediawpaccore.net\/wp-content\/uploads\/2026\/01\/27031832\/Screenshot-2026-01-27-091743.png 1044w\" sizes=\"auto, (max-width: 984px) 100vw, 984px\" \/><\/figure>\n\n\n\n<p>A medida que el asunto se expand\u00eda, el debate dej\u00f3 de ser una verificaci\u00f3n hist\u00f3rica y se convirti\u00f3 en un juicio sobre credibilidad. En los comentarios del propio hilo viral y en publicaciones derivadas, se leyeron cr\u00edticas directas a la calidad profesional de Rodr\u00edguez, incluyendo la burla a la idea de que una periodista con presencia en espacios centrales del oficialismo utilice argumentos que no resisten el contraste m\u00ednimo. Fue ah\u00ed donde prendi\u00f3 una de las frases m\u00e1s repetidas y, por eso, m\u00e1s inc\u00f3modas: <strong>\u201cel colmo de la iron\u00eda\u201d de que Arleen Rodr\u00edguez Derivet ostente el Premio Nacional de Periodismo Jos\u00e9 Mart\u00ed<\/strong>. Ese detalle, con el cual arranc\u00f3 precisamente la entrevista de Rafael Correa a la periodista oficialista, se convirti\u00f3 en un eje narrativo para los memes y para la indignaci\u00f3n seria: no se trataba de un ciudadano cualquiera diciendo algo en sobremesa, sino de una figura premiada con el nombre del mismo autor usado en la comparaci\u00f3n.<\/p>\n\n\n\n<p>Los memes, por su parte, funcionaron como un term\u00f3metro y como una forma de sanci\u00f3n social. <\/p>\n\n\n\n<iframe loading=\"lazy\" src=\"https:\/\/www.facebook.com\/plugins\/post.php?href=https%3A%2F%2Fwww.facebook.com%2Fkarollwilliam%2Fposts%2Fpfbid02QuN4DZzFRS6BxvtG481ns2mfm3upMz242iFd7TsXouPxUsEsSddfktW7v2j8sL9Nl&#038;show_text=true&#038;width=500\" width=\"500\" height=\"589\" style=\"border:none;overflow:hidden\" scrolling=\"no\" frameborder=\"0\" allowfullscreen=\"true\" allow=\"autoplay; clipboard-write; encrypted-media; picture-in-picture; web-share\"><\/iframe>\n\n\n\n<iframe loading=\"lazy\" src=\"https:\/\/www.facebook.com\/plugins\/post.php?href=https%3A%2F%2Fwww.facebook.com%2Fphoto.php%3Ffbid%3D1483812646557099%26set%3Dp.1483812646557099%26type%3D3&#038;show_text=true&#038;width=500\" width=\"500\" height=\"497\" style=\"border:none;overflow:hidden\" scrolling=\"no\" frameborder=\"0\" allowfullscreen=\"true\" allow=\"autoplay; clipboard-write; encrypted-media; picture-in-picture; web-share\"><\/iframe>\n\n\n\n<iframe loading=\"lazy\" src=\"https:\/\/www.facebook.com\/plugins\/post.php?href=https%3A%2F%2Fwww.facebook.com%2Fandyvazquezhumor%2Fposts%2Fpfbid09mKFwLpQmLqQpnHuonbDdV4v9BgE6zmJgLEDYWdz5v97GLmSjM7EjoWBifbS8NxQl&#038;show_text=true&#038;width=500\" width=\"500\" height=\"457\" style=\"border:none;overflow:hidden\" scrolling=\"no\" frameborder=\"0\" allowfullscreen=\"true\" allow=\"autoplay; clipboard-write; encrypted-media; picture-in-picture; web-share\"><\/iframe><iframe loading=\"lazy\" src=\"https:\/\/www.facebook.com\/plugins\/post.php?href=https%3A%2F%2Fwww.facebook.com%2Fjose.fontelamoreno%2Fposts%2Fpfbid021Pz5HTsof8f8QUf2Cc9QJo771xwb9qaEQrUd6ToBUgySQL1G3EsCAP3n2s2KvqvQl&#038;show_text=true&#038;width=500\" width=\"500\" height=\"474\" style=\"border:none;overflow:hidden\" scrolling=\"no\" frameborder=\"0\" allowfullscreen=\"true\" allow=\"autoplay; clipboard-write; encrypted-media; picture-in-picture; web-share\"><\/iframe>\n\n\n\n<p>Circularon montajes, chistes sobre antorchas y bombillas, y variaciones que conectaban apag\u00f3n, siglo XIX y propaganda, siempre con la misma l\u00f3gica: si el argumento para normalizar la falta de luz es retroceder a Mart\u00ed, entonces el pa\u00eds queda fijado como una caricatura de atraso administrado. <\/p>\n\n\n\n<iframe loading=\"lazy\" src=\"https:\/\/www.facebook.com\/plugins\/post.php?href=https%3A%2F%2Fwww.facebook.com%2Fpermalink.php%3Fstory_fbid%3Dpfbid04bKGorCcNaAjdfNuM61ubMarsvRCVB9KkCibm9jd5W44WsGBuYu989oczqb89ta7l%26id%3D61559641311874&#038;show_text=true&#038;width=500\" width=\"500\" height=\"474\" style=\"border:none;overflow:hidden\" scrolling=\"no\" frameborder=\"0\" allowfullscreen=\"true\" allow=\"autoplay; clipboard-write; encrypted-media; picture-in-picture; web-share\"><\/iframe>\n\n\n\n<iframe loading=\"lazy\" src=\"https:\/\/www.facebook.com\/plugins\/post.php?href=https%3A%2F%2Fwww.facebook.com%2Fcecilia.borrotolopez%2Fposts%2Fpfbid02tFe7TKWhzQuMem3yi1t15B9tJQkAFmCFXF1ah5Z9bFLpUhWbhiQoTWiRWGCFxuAVl&#038;show_text=true&#038;width=500\" width=\"500\" height=\"512\" style=\"border:none;overflow:hidden\" scrolling=\"no\" frameborder=\"0\" allowfullscreen=\"true\" allow=\"autoplay; clipboard-write; encrypted-media; picture-in-picture; web-share\"><\/iframe>\n\n\n\n<p>Aunque esa capa humor\u00edstica no aporta datos, s\u00ed explica por qu\u00e9 el tema explot\u00f3: en Cuba, el apag\u00f3n no es met\u00e1fora; es rutina, p\u00e9rdida econ\u00f3mica y desgaste f\u00edsico, y la gente reacciona con una mezcla de furia y humor defensivo cuando siente que le est\u00e1n pidiendo paciencia desde un set \u00abiluminado\u00bb.<\/p>\n\n\n\n<p>El episodio termin\u00f3 siendo, en la pr\u00e1ctica, una clase p\u00fablica de lectura martiana y, al mismo tiempo, una escena pol\u00edtica: la tensi\u00f3n entre una narrativa que intenta amortiguar el desastre y una ciudadan\u00eda que ya no tolera que la precariedad se convierta en doctrina.<\/p>\n\n\n\n<p>No es la primer vez que Arleen Rodr\u00edguez Derivet termina convertida en blanco de una arremetida digital, con su nombre circulando en capturas, comentarios y respuestas indignadas, cada vez que el aparato medi\u00e1tico oficial sale a \u201cexplicar\u201d o a cerrar una pol\u00e9mica que ya viene encendida en redes. Ese patr\u00f3n puede seguirse como una secuencia de momentos en los que su intervenci\u00f3n \u2014en radio, televisi\u00f3n o en el ecosistema de Cubadebate\u2014 dispara una reacci\u00f3n p\u00fablica que no se queda en la discrepancia: se vuelve denuncia moral, burla, rechazo y, a ratos, linchamiento verbal.<\/p>\n\n\n\n<p>En diciembre de 2020, el foco se concentr\u00f3 cuando, desde el programa que ella dirije, Chapeando Bajito (Radio Rebelde), present\u00f3 y legitim\u00f3 a \u201cGuerrero Cubano\u201d, un perfil an\u00f3nimo que cr\u00edticos y medios no oficiales han descrito como vinculado a estructuras de propaganda y\/o seguridad. La idea de que una voz sin identidad fuera \u201csubida\u201d a plataforma estatal, con tono de validaci\u00f3n, se interpret\u00f3 como la formalizaci\u00f3n de una pr\u00e1ctica: usar el anonimato como herramienta institucional contra voces cr\u00edticas. Ese episodio qued\u00f3 como uno de los hitos m\u00e1s citados cuando se repasan las razones por las que muchos cubanos ubican a Arleen Rodr\u00edguez Derivet en el coraz\u00f3n de la propaganda digital.<\/p>\n\n\n\n<p>En noviembre de 2021, volvi\u00f3 a arder el nombre de Arleen Rodr\u00edguez en medio de la tensi\u00f3n alrededor del 15N, cuando justific\u00f3 en Mesa Redonda los actos de repudio, en un contexto donde esas acciones ya eran denunciadas como violencia pol\u00edtica organizada. La reacci\u00f3n en redes fue inmediata: para muchos usuarios, el problema no era solo \u201cexplicar\u201d el fen\u00f3meno, sino naturalizarlo desde un set de televisi\u00f3n y bajo el paraguas de un discurso de Estado. Varias coberturas desde medios fuera del oficialismo registraron esa indignaci\u00f3n y la conectaron con la discusi\u00f3n m\u00e1s amplia sobre represi\u00f3n y estigmatizaci\u00f3n.<\/p>\n\n\n\n<p>En octubre de 2022, el choque se reactiv\u00f3 con otro formato: la confrontaci\u00f3n p\u00fablica contra el actor Ulyk Anello, despu\u00e9s de que este criticara al gobierno por la crisis energ\u00e9tica y pidiera responsabilidades. Medios y redes reprodujeron fragmentos y referencias a la arremetida, y la pol\u00e9mica se instal\u00f3 como un ejemplo de c\u00f3mo una figura del sistema medi\u00e1tico oficial se moviliza para descalificar a un artista que ya hab\u00eda conectado con el malestar popular. El episodio dej\u00f3 una estela de respuestas donde se mezclaron cr\u00edticas al tono, a la intenci\u00f3n y a la lectura \u201cdisciplinaria\u201d del discurso.<\/p>\n\n\n\n<p><strong>noticia relacionada: <a href=\"https:\/\/www.cuballama.com\/noticias\/arleen-rodriguez-derivet-arremete-contra-ulyk-anello\/\">Periodista oficialista Arleen Rodr\u00edguez arremete contra el actor Ulyk Anello<\/a><\/strong><\/p>\n\n\n\n<p>En marzo de 2024, durante protestas en Santiago de Cuba y reportes de cortes de internet, una frase suya aviv\u00f3 otra oleada: dijo que entend\u00eda el corte de redes sociales porque ah\u00ed \u201cse est\u00e1 organizando la guerra contra Cuba\u201d. En redes, esa postura se ley\u00f3 como defensa expl\u00edcita de apagar la conexi\u00f3n a la ciudadan\u00eda en un momento de protesta, y la frase circul\u00f3 como s\u00edntesis de una l\u00f3gica: el problema no es el apag\u00f3n informativo, sino la gente conectada. La indignaci\u00f3n no fue solo pol\u00edtica; fue tambi\u00e9n pr\u00e1ctica: personas que dependen de datos m\u00f3viles para comunicarse, trabajar o pedir ayuda lo interpretaron como una justificaci\u00f3n del castigo colectivo.<\/p>\n\n\n\n<p>A finales de 2024, su nombre volvi\u00f3 a rotar en conversaciones y publicaciones a partir de un llamado, desde Chapeando Bajito, a \u201cotra gran marcha\u201d, esta vez contra Marco Rubio. La propuesta \u2014le\u00edda por muchos como un ejercicio de movilizaci\u00f3n simb\u00f3lica y propaganda\u2014 gener\u00f3 otra ronda de respuestas airadas, sobre todo por el contraste entre la convocatoria y la realidad cotidiana dentro de Cuba, y por el uso de un discurso b\u00e9lico para encuadrar el conflicto pol\u00edtico.<\/p>\n\n\n\n<p>En junio de 2025, con el tarifazo de ETECSA y el ruido estudiantil, el programa volvi\u00f3 a situarse en el centro del choque. Desde <em>Chapeando<\/em>, Arleen firm\u00f3 y amplific\u00f3 materiales donde se hablaba de \u201cfraudes\u201d, \u201cmentiras\u201d y \u201cfake news\u201d, y medios no oficiales registraron la reacci\u00f3n de usuarios que acusaron al espacio de negar o minimizar la protesta real y de convertir el descontento en una operaci\u00f3n enemiga. <\/p>\n\n\n\n<p>En septiembre de 2025, ya en plena crisis energ\u00e9tica y con ca\u00eddas del sistema el\u00e9ctrico, otra frase se volvi\u00f3 gasolina: en un episodio publicado por Cubadebate se habl\u00f3 de que la gente pod\u00eda entrar en \u201cestado de negaci\u00f3n\u201d y no aceptar explicaciones \u201cmientras no le ponen la corriente\u201d. Ese tono \u2014percibido como rega\u00f1o y como reproche al que protesta\u2014 deton\u00f3 reacciones fuertes en redes y fue retomado por coberturas que subrayaron la desconexi\u00f3n entre el discurso oficial y la experiencia cotidiana de los apagones.<\/p>\n\n\n\n<p>Y en noviembre de 2025, tras viralizarse el intercambio de D\u00edaz-Canel con una damnificada en El Cobre con relaci\u00f3n a un colch\u00f3n <em>(\u201cyo tampoco tengo para d\u00e1rtelo ahora\u201d)<\/em>, Arleen Rodr\u00edguez, en Chapeando Bajito, sali\u00f3 a \u201caclarar\u201d el contexto y dijo hubo manipulaci\u00f3n del video. La jugada tuvo un efecto inverso: varios reportes describieron c\u00f3mo el muro del programa se llen\u00f3 de cr\u00edticas y c\u00f3mo la publicaci\u00f3n se transform\u00f3 en un juicio popular, con comentarios que cuestionaban la empat\u00eda del mandatario y el papel del programa dirigido por ella, como escudo narrativo. Esa escena cerr\u00f3 el a\u00f1o dejando una impresi\u00f3n clara en redes: cada vez que el gobierno se ve obligado a responder, el espacio aparece para ordenar el relato, y la respuesta p\u00fablica suele ser furiosa.<\/p>\n\n\n\n<p>Y Arleen siempre est\u00e1 en primera plana.<\/p>\n\n\n\n<p>La entrevista completa con Correa, si desea, puede verla aqu\u00ed<\/p>\n\n\n\n<iframe loading=\"lazy\" src=\"https:\/\/vk.com\/video_ext.php?oid=-61174019&#038;id=456286966&#038;hash=e7edfab93b7dab37\" width=\"640\" height=\"360\" frameborder=\"0\" allowfullscreen=\"1\" allow=\"autoplay; encrypted-media; fullscreen; picture-in-picture\"><\/iframe>\n","protected":false},"excerpt":{"rendered":"<p>Un video de Arleen Rodr\u00edguez con Rafael Correa revivi\u00f3 en plena crisis el\u00e9ctrica y desat\u00f3 una ola de rectificaciones, citas martianas y memes.<\/p>\n","protected":false},"author":13,"featured_media":233482,"comment_status":"open","ping_status":"closed","sticky":false,"template":"","format":"standard","meta":{"_acf_changed":false,"footnotes":""},"categories":[18,955,965],"tags":[11225,12246,6231,224,1927,2765,6819,729,30252],"class_list":{"0":"post-233467","1":"post","2":"type-post","3":"status-publish","4":"format-standard","5":"has-post-thumbnail","7":"category-noticias","8":"category-noticias-de-cuba","9":"category-viral","10":"tag-apagones-en-cuba","11":"tag-arleen-rodriguez-derivet","12":"tag-crisis-energetica","13":"tag-jose-marti","14":"tag-memes","15":"tag-mesa-redonda","16":"tag-rafael-correa","18":"tag-rt-en-espanol"},"acf":[],"yoast_head":"<!-- This site is optimized with the Yoast SEO plugin v27.5 - https:\/\/yoast.com\/product\/yoast-seo-wordpress\/ -->\n<title>Arleen Rodr\u00edguez vuelve a meter la pata. &quot;La Premio Jos\u00e9 Mart\u00ed&quot;, deja ver su ignorancia y hasta Rafael Correa se le r\u00ede - Cuballama Noticias<\/title>\n<meta name=\"description\" content=\"Pol\u00e9mica por frase de la sociofidelista Arleen Rodr\u00edguez sobre Mart\u00ed y la luz el\u00e9ctrica desata rectificaciones, citas y memes entre cubanos\" \/>\n<meta name=\"robots\" content=\"index, follow, max-snippet:-1, max-image-preview:large, max-video-preview:-1\" \/>\n<link rel=\"canonical\" href=\"https:\/\/www.cuballama.com\/noticias\/arleen-rodriguez-vuelve-a-meter-la-pata-la-premio-jose-marti-deja-ver-su-ignorancia-y-hasta-rafael-correa-se-le-rie\/\" \/>\n<meta property=\"og:locale\" content=\"es_ES\" \/>\n<meta property=\"og:type\" content=\"article\" \/>\n<meta property=\"og:title\" content=\"Arleen Rodr\u00edguez vuelve a meter la pata. &quot;La Premio Jos\u00e9 Mart\u00ed&quot;, deja ver su ignorancia y hasta Rafael Correa se le r\u00ede - Cuballama Noticias\" \/>\n<meta property=\"og:description\" content=\"Pol\u00e9mica por frase de la sociofidelista Arleen Rodr\u00edguez sobre Mart\u00ed y la luz el\u00e9ctrica desata rectificaciones, citas y memes entre cubanos\" \/>\n<meta property=\"og:url\" content=\"https:\/\/www.cuballama.com\/noticias\/arleen-rodriguez-vuelve-a-meter-la-pata-la-premio-jose-marti-deja-ver-su-ignorancia-y-hasta-rafael-correa-se-le-rie\/\" \/>\n<meta property=\"og:site_name\" content=\"Cuballama Noticias\" \/>\n<meta property=\"article:publisher\" content=\"https:\/\/www.facebook.com\/CubaLlama\" \/>\n<meta property=\"article:published_time\" content=\"2026-01-27T17:10:29+00:00\" \/>\n<meta property=\"article:modified_time\" content=\"2026-01-27T17:10:32+00:00\" \/>\n<meta property=\"og:image\" content=\"https:\/\/cdn1.mediawpaccore.net\/wp-content\/uploads\/2026\/01\/27033407\/image-132-1024x568.png\" \/>\n\t<meta property=\"og:image:width\" content=\"1024\" \/>\n\t<meta property=\"og:image:height\" content=\"568\" \/>\n\t<meta property=\"og:image:type\" content=\"image\/png\" \/>\n<meta name=\"author\" content=\"Roberto A.\" \/>\n<meta name=\"twitter:card\" content=\"summary_large_image\" \/>\n<meta name=\"twitter:creator\" content=\"@cuballama\" \/>\n<meta name=\"twitter:site\" content=\"@cuballama\" \/>\n<meta name=\"twitter:label1\" content=\"Escrito por\" \/>\n\t<meta name=\"twitter:data1\" content=\"Roberto A.\" \/>\n\t<meta name=\"twitter:label2\" content=\"Tiempo de lectura\" \/>\n\t<meta name=\"twitter:data2\" content=\"11 minutos\" \/>\n<script type=\"application\/ld+json\" class=\"yoast-schema-graph\">{\"@context\":\"https:\\\/\\\/schema.org\",\"@graph\":[{\"@type\":\"Article\",\"@id\":\"https:\\\/\\\/www.cuballama.com\\\/noticias\\\/arleen-rodriguez-vuelve-a-meter-la-pata-la-premio-jose-marti-deja-ver-su-ignorancia-y-hasta-rafael-correa-se-le-rie\\\/#article\",\"isPartOf\":{\"@id\":\"https:\\\/\\\/www.cuballama.com\\\/noticias\\\/arleen-rodriguez-vuelve-a-meter-la-pata-la-premio-jose-marti-deja-ver-su-ignorancia-y-hasta-rafael-correa-se-le-rie\\\/\"},\"author\":{\"name\":\"Roberto A.\",\"@id\":\"https:\\\/\\\/www.cuballama.com\\\/noticias\\\/#\\\/schema\\\/person\\\/a58502ed4146c8e9f83872e897c76cd2\"},\"headline\":\"Arleen Rodr\u00edguez vuelve a meter la pata. \u00abLa Premio Jos\u00e9 Mart\u00ed\u00bb, deja ver su ignorancia y hasta Rafael Correa se le r\u00ede\",\"datePublished\":\"2026-01-27T17:10:29+00:00\",\"dateModified\":\"2026-01-27T17:10:32+00:00\",\"mainEntityOfPage\":{\"@id\":\"https:\\\/\\\/www.cuballama.com\\\/noticias\\\/arleen-rodriguez-vuelve-a-meter-la-pata-la-premio-jose-marti-deja-ver-su-ignorancia-y-hasta-rafael-correa-se-le-rie\\\/\"},\"wordCount\":2279,\"commentCount\":0,\"publisher\":{\"@id\":\"https:\\\/\\\/www.cuballama.com\\\/noticias\\\/#organization\"},\"image\":{\"@id\":\"https:\\\/\\\/www.cuballama.com\\\/noticias\\\/arleen-rodriguez-vuelve-a-meter-la-pata-la-premio-jose-marti-deja-ver-su-ignorancia-y-hasta-rafael-correa-se-le-rie\\\/#primaryimage\"},\"thumbnailUrl\":\"https:\\\/\\\/cdn1.mediawpaccore.net\\\/wp-content\\\/uploads\\\/2026\\\/01\\\/27033407\\\/image-132-scaled.png\",\"keywords\":[\"apagones en Cuba\",\"Arleen Rodr\u00edguez Derivet\",\"Crisis energ\u00e9tica\",\"Jos\u00e9 Mart\u00ed\",\"memes\",\"Mesa Redonda\",\"Rafael Correa\",\"redes Sociales\",\"RT en Espa\u00f1ol\"],\"articleSection\":[\"Noticias\",\"Noticias de Cuba\",\"Viral\"],\"inLanguage\":\"es\",\"potentialAction\":[{\"@type\":\"CommentAction\",\"name\":\"Comment\",\"target\":[\"https:\\\/\\\/www.cuballama.com\\\/noticias\\\/arleen-rodriguez-vuelve-a-meter-la-pata-la-premio-jose-marti-deja-ver-su-ignorancia-y-hasta-rafael-correa-se-le-rie\\\/#respond\"]}]},{\"@type\":\"WebPage\",\"@id\":\"https:\\\/\\\/www.cuballama.com\\\/noticias\\\/arleen-rodriguez-vuelve-a-meter-la-pata-la-premio-jose-marti-deja-ver-su-ignorancia-y-hasta-rafael-correa-se-le-rie\\\/\",\"url\":\"https:\\\/\\\/www.cuballama.com\\\/noticias\\\/arleen-rodriguez-vuelve-a-meter-la-pata-la-premio-jose-marti-deja-ver-su-ignorancia-y-hasta-rafael-correa-se-le-rie\\\/\",\"name\":\"Arleen Rodr\u00edguez vuelve a meter la pata. \\\"La Premio Jos\u00e9 Mart\u00ed\\\", deja ver su ignorancia y hasta Rafael Correa se le r\u00ede - Cuballama Noticias\",\"isPartOf\":{\"@id\":\"https:\\\/\\\/www.cuballama.com\\\/noticias\\\/#website\"},\"primaryImageOfPage\":{\"@id\":\"https:\\\/\\\/www.cuballama.com\\\/noticias\\\/arleen-rodriguez-vuelve-a-meter-la-pata-la-premio-jose-marti-deja-ver-su-ignorancia-y-hasta-rafael-correa-se-le-rie\\\/#primaryimage\"},\"image\":{\"@id\":\"https:\\\/\\\/www.cuballama.com\\\/noticias\\\/arleen-rodriguez-vuelve-a-meter-la-pata-la-premio-jose-marti-deja-ver-su-ignorancia-y-hasta-rafael-correa-se-le-rie\\\/#primaryimage\"},\"thumbnailUrl\":\"https:\\\/\\\/cdn1.mediawpaccore.net\\\/wp-content\\\/uploads\\\/2026\\\/01\\\/27033407\\\/image-132-scaled.png\",\"datePublished\":\"2026-01-27T17:10:29+00:00\",\"dateModified\":\"2026-01-27T17:10:32+00:00\",\"description\":\"Pol\u00e9mica por frase de la sociofidelista Arleen Rodr\u00edguez sobre Mart\u00ed y la luz el\u00e9ctrica desata rectificaciones, citas y memes entre cubanos\",\"breadcrumb\":{\"@id\":\"https:\\\/\\\/www.cuballama.com\\\/noticias\\\/arleen-rodriguez-vuelve-a-meter-la-pata-la-premio-jose-marti-deja-ver-su-ignorancia-y-hasta-rafael-correa-se-le-rie\\\/#breadcrumb\"},\"inLanguage\":\"es\",\"potentialAction\":[{\"@type\":\"ReadAction\",\"target\":[\"https:\\\/\\\/www.cuballama.com\\\/noticias\\\/arleen-rodriguez-vuelve-a-meter-la-pata-la-premio-jose-marti-deja-ver-su-ignorancia-y-hasta-rafael-correa-se-le-rie\\\/\"]}]},{\"@type\":\"ImageObject\",\"inLanguage\":\"es\",\"@id\":\"https:\\\/\\\/www.cuballama.com\\\/noticias\\\/arleen-rodriguez-vuelve-a-meter-la-pata-la-premio-jose-marti-deja-ver-su-ignorancia-y-hasta-rafael-correa-se-le-rie\\\/#primaryimage\",\"url\":\"https:\\\/\\\/cdn1.mediawpaccore.net\\\/wp-content\\\/uploads\\\/2026\\\/01\\\/27033407\\\/image-132-scaled.png\",\"contentUrl\":\"https:\\\/\\\/cdn1.mediawpaccore.net\\\/wp-content\\\/uploads\\\/2026\\\/01\\\/27033407\\\/image-132-scaled.png\",\"width\":2560,\"height\":1420,\"caption\":\"Foto: Video Screenshot v\u00eda RT\"},{\"@type\":\"BreadcrumbList\",\"@id\":\"https:\\\/\\\/www.cuballama.com\\\/noticias\\\/arleen-rodriguez-vuelve-a-meter-la-pata-la-premio-jose-marti-deja-ver-su-ignorancia-y-hasta-rafael-correa-se-le-rie\\\/#breadcrumb\",\"itemListElement\":[{\"@type\":\"ListItem\",\"position\":1,\"name\":\"Home\",\"item\":\"https:\\\/\\\/www.cuballama.com\\\/noticias\\\/\"},{\"@type\":\"ListItem\",\"position\":2,\"name\":\"Arleen Rodr\u00edguez vuelve a meter la pata. \u00abLa Premio Jos\u00e9 Mart\u00ed\u00bb, deja ver su ignorancia y hasta Rafael Correa se le r\u00ede\"}]},{\"@type\":\"WebSite\",\"@id\":\"https:\\\/\\\/www.cuballama.com\\\/noticias\\\/#website\",\"url\":\"https:\\\/\\\/www.cuballama.com\\\/noticias\\\/\",\"name\":\"Cuballama Noticias\",\"description\":\"Medio digital sobre Cuba y el mundo\",\"publisher\":{\"@id\":\"https:\\\/\\\/www.cuballama.com\\\/noticias\\\/#organization\"},\"potentialAction\":[{\"@type\":\"SearchAction\",\"target\":{\"@type\":\"EntryPoint\",\"urlTemplate\":\"https:\\\/\\\/www.cuballama.com\\\/noticias\\\/?s={search_term_string}\"},\"query-input\":{\"@type\":\"PropertyValueSpecification\",\"valueRequired\":true,\"valueName\":\"search_term_string\"}}],\"inLanguage\":\"es\"},{\"@type\":\"Organization\",\"@id\":\"https:\\\/\\\/www.cuballama.com\\\/noticias\\\/#organization\",\"name\":\"Cuballama\",\"url\":\"https:\\\/\\\/www.cuballama.com\\\/noticias\\\/\",\"logo\":{\"@type\":\"ImageObject\",\"inLanguage\":\"es\",\"@id\":\"https:\\\/\\\/www.cuballama.com\\\/noticias\\\/#\\\/schema\\\/logo\\\/image\\\/\",\"url\":\"https:\\\/\\\/cdn1.mediawpaccore.net\\\/wp-content\\\/uploads\\\/2021\\\/12\\\/28171206\\\/cbll-logo-color-sm.png\",\"contentUrl\":\"https:\\\/\\\/cdn1.mediawpaccore.net\\\/wp-content\\\/uploads\\\/2021\\\/12\\\/28171206\\\/cbll-logo-color-sm.png\",\"width\":600,\"height\":133,\"caption\":\"Cuballama\"},\"image\":{\"@id\":\"https:\\\/\\\/www.cuballama.com\\\/noticias\\\/#\\\/schema\\\/logo\\\/image\\\/\"},\"sameAs\":[\"https:\\\/\\\/www.facebook.com\\\/CubaLlama\",\"https:\\\/\\\/x.com\\\/cuballama\",\"https:\\\/\\\/www.instagram.com\\\/stories\\\/cuballama_oficial\\\/\",\"https:\\\/\\\/www.youtube.com\\\/channel\\\/UCKkFE-d_axENGZcrc4as0IA\"]},{\"@type\":\"Person\",\"@id\":\"https:\\\/\\\/www.cuballama.com\\\/noticias\\\/#\\\/schema\\\/person\\\/a58502ed4146c8e9f83872e897c76cd2\",\"name\":\"Roberto A.\",\"description\":\"Roberto A. Periodista por decisi\u00f3n propia. Interesado en cualquier tema que me apasione y cada vez m\u00e1s comprometido con la verdad y la objetividad period\u00edstica. Graduado en La Habana hace ya muchos a\u00f1os, luego de una accidentada y polvorienta b\u00fasqueda de informaci\u00f3n sobre un tema in\u00e9dito. La Tesis, por cierto, desapareci\u00f3 de la biblioteca y no se conservan copias de la misma.\",\"url\":\"https:\\\/\\\/www.cuballama.com\\\/noticias\\\/author\\\/roberto\\\/\"}]}<\/script>\n<!-- \/ Yoast SEO plugin. -->","yoast_head_json":{"title":"Arleen Rodr\u00edguez vuelve a meter la pata. \"La Premio Jos\u00e9 Mart\u00ed\", deja ver su ignorancia y hasta Rafael Correa se le r\u00ede - Cuballama Noticias","description":"Pol\u00e9mica por frase de la sociofidelista Arleen Rodr\u00edguez sobre Mart\u00ed y la luz el\u00e9ctrica desata rectificaciones, citas y memes entre cubanos","robots":{"index":"index","follow":"follow","max-snippet":"max-snippet:-1","max-image-preview":"max-image-preview:large","max-video-preview":"max-video-preview:-1"},"canonical":"https:\/\/www.cuballama.com\/noticias\/arleen-rodriguez-vuelve-a-meter-la-pata-la-premio-jose-marti-deja-ver-su-ignorancia-y-hasta-rafael-correa-se-le-rie\/","og_locale":"es_ES","og_type":"article","og_title":"Arleen Rodr\u00edguez vuelve a meter la pata. \"La Premio Jos\u00e9 Mart\u00ed\", deja ver su ignorancia y hasta Rafael Correa se le r\u00ede - Cuballama Noticias","og_description":"Pol\u00e9mica por frase de la sociofidelista Arleen Rodr\u00edguez sobre Mart\u00ed y la luz el\u00e9ctrica desata rectificaciones, citas y memes entre cubanos","og_url":"https:\/\/www.cuballama.com\/noticias\/arleen-rodriguez-vuelve-a-meter-la-pata-la-premio-jose-marti-deja-ver-su-ignorancia-y-hasta-rafael-correa-se-le-rie\/","og_site_name":"Cuballama Noticias","article_publisher":"https:\/\/www.facebook.com\/CubaLlama","article_published_time":"2026-01-27T17:10:29+00:00","article_modified_time":"2026-01-27T17:10:32+00:00","og_image":[{"width":1024,"height":568,"url":"https:\/\/cdn1.mediawpaccore.net\/wp-content\/uploads\/2026\/01\/27033407\/image-132-1024x568.png","type":"image\/png"}],"author":"Roberto A.","twitter_card":"summary_large_image","twitter_creator":"@cuballama","twitter_site":"@cuballama","twitter_misc":{"Escrito por":"Roberto A.","Tiempo de lectura":"11 minutos"},"schema":{"@context":"https:\/\/schema.org","@graph":[{"@type":"Article","@id":"https:\/\/www.cuballama.com\/noticias\/arleen-rodriguez-vuelve-a-meter-la-pata-la-premio-jose-marti-deja-ver-su-ignorancia-y-hasta-rafael-correa-se-le-rie\/#article","isPartOf":{"@id":"https:\/\/www.cuballama.com\/noticias\/arleen-rodriguez-vuelve-a-meter-la-pata-la-premio-jose-marti-deja-ver-su-ignorancia-y-hasta-rafael-correa-se-le-rie\/"},"author":{"name":"Roberto A.","@id":"https:\/\/www.cuballama.com\/noticias\/#\/schema\/person\/a58502ed4146c8e9f83872e897c76cd2"},"headline":"Arleen Rodr\u00edguez vuelve a meter la pata. \u00abLa Premio Jos\u00e9 Mart\u00ed\u00bb, deja ver su ignorancia y hasta Rafael Correa se le r\u00ede","datePublished":"2026-01-27T17:10:29+00:00","dateModified":"2026-01-27T17:10:32+00:00","mainEntityOfPage":{"@id":"https:\/\/www.cuballama.com\/noticias\/arleen-rodriguez-vuelve-a-meter-la-pata-la-premio-jose-marti-deja-ver-su-ignorancia-y-hasta-rafael-correa-se-le-rie\/"},"wordCount":2279,"commentCount":0,"publisher":{"@id":"https:\/\/www.cuballama.com\/noticias\/#organization"},"image":{"@id":"https:\/\/www.cuballama.com\/noticias\/arleen-rodriguez-vuelve-a-meter-la-pata-la-premio-jose-marti-deja-ver-su-ignorancia-y-hasta-rafael-correa-se-le-rie\/#primaryimage"},"thumbnailUrl":"https:\/\/cdn1.mediawpaccore.net\/wp-content\/uploads\/2026\/01\/27033407\/image-132-scaled.png","keywords":["apagones en Cuba","Arleen Rodr\u00edguez Derivet","Crisis energ\u00e9tica","Jos\u00e9 Mart\u00ed","memes","Mesa Redonda","Rafael Correa","redes Sociales","RT en Espa\u00f1ol"],"articleSection":["Noticias","Noticias de Cuba","Viral"],"inLanguage":"es","potentialAction":[{"@type":"CommentAction","name":"Comment","target":["https:\/\/www.cuballama.com\/noticias\/arleen-rodriguez-vuelve-a-meter-la-pata-la-premio-jose-marti-deja-ver-su-ignorancia-y-hasta-rafael-correa-se-le-rie\/#respond"]}]},{"@type":"WebPage","@id":"https:\/\/www.cuballama.com\/noticias\/arleen-rodriguez-vuelve-a-meter-la-pata-la-premio-jose-marti-deja-ver-su-ignorancia-y-hasta-rafael-correa-se-le-rie\/","url":"https:\/\/www.cuballama.com\/noticias\/arleen-rodriguez-vuelve-a-meter-la-pata-la-premio-jose-marti-deja-ver-su-ignorancia-y-hasta-rafael-correa-se-le-rie\/","name":"Arleen Rodr\u00edguez vuelve a meter la pata. \"La Premio Jos\u00e9 Mart\u00ed\", deja ver su ignorancia y hasta Rafael Correa se le r\u00ede - Cuballama Noticias","isPartOf":{"@id":"https:\/\/www.cuballama.com\/noticias\/#website"},"primaryImageOfPage":{"@id":"https:\/\/www.cuballama.com\/noticias\/arleen-rodriguez-vuelve-a-meter-la-pata-la-premio-jose-marti-deja-ver-su-ignorancia-y-hasta-rafael-correa-se-le-rie\/#primaryimage"},"image":{"@id":"https:\/\/www.cuballama.com\/noticias\/arleen-rodriguez-vuelve-a-meter-la-pata-la-premio-jose-marti-deja-ver-su-ignorancia-y-hasta-rafael-correa-se-le-rie\/#primaryimage"},"thumbnailUrl":"https:\/\/cdn1.mediawpaccore.net\/wp-content\/uploads\/2026\/01\/27033407\/image-132-scaled.png","datePublished":"2026-01-27T17:10:29+00:00","dateModified":"2026-01-27T17:10:32+00:00","description":"Pol\u00e9mica por frase de la sociofidelista Arleen Rodr\u00edguez sobre Mart\u00ed y la luz el\u00e9ctrica desata rectificaciones, citas y memes entre cubanos","breadcrumb":{"@id":"https:\/\/www.cuballama.com\/noticias\/arleen-rodriguez-vuelve-a-meter-la-pata-la-premio-jose-marti-deja-ver-su-ignorancia-y-hasta-rafael-correa-se-le-rie\/#breadcrumb"},"inLanguage":"es","potentialAction":[{"@type":"ReadAction","target":["https:\/\/www.cuballama.com\/noticias\/arleen-rodriguez-vuelve-a-meter-la-pata-la-premio-jose-marti-deja-ver-su-ignorancia-y-hasta-rafael-correa-se-le-rie\/"]}]},{"@type":"ImageObject","inLanguage":"es","@id":"https:\/\/www.cuballama.com\/noticias\/arleen-rodriguez-vuelve-a-meter-la-pata-la-premio-jose-marti-deja-ver-su-ignorancia-y-hasta-rafael-correa-se-le-rie\/#primaryimage","url":"https:\/\/cdn1.mediawpaccore.net\/wp-content\/uploads\/2026\/01\/27033407\/image-132-scaled.png","contentUrl":"https:\/\/cdn1.mediawpaccore.net\/wp-content\/uploads\/2026\/01\/27033407\/image-132-scaled.png","width":2560,"height":1420,"caption":"Foto: Video Screenshot v\u00eda RT"},{"@type":"BreadcrumbList","@id":"https:\/\/www.cuballama.com\/noticias\/arleen-rodriguez-vuelve-a-meter-la-pata-la-premio-jose-marti-deja-ver-su-ignorancia-y-hasta-rafael-correa-se-le-rie\/#breadcrumb","itemListElement":[{"@type":"ListItem","position":1,"name":"Home","item":"https:\/\/www.cuballama.com\/noticias\/"},{"@type":"ListItem","position":2,"name":"Arleen Rodr\u00edguez vuelve a meter la pata. \u00abLa Premio Jos\u00e9 Mart\u00ed\u00bb, deja ver su ignorancia y hasta Rafael Correa se le r\u00ede"}]},{"@type":"WebSite","@id":"https:\/\/www.cuballama.com\/noticias\/#website","url":"https:\/\/www.cuballama.com\/noticias\/","name":"Cuballama Noticias","description":"Medio digital sobre Cuba y el mundo","publisher":{"@id":"https:\/\/www.cuballama.com\/noticias\/#organization"},"potentialAction":[{"@type":"SearchAction","target":{"@type":"EntryPoint","urlTemplate":"https:\/\/www.cuballama.com\/noticias\/?s={search_term_string}"},"query-input":{"@type":"PropertyValueSpecification","valueRequired":true,"valueName":"search_term_string"}}],"inLanguage":"es"},{"@type":"Organization","@id":"https:\/\/www.cuballama.com\/noticias\/#organization","name":"Cuballama","url":"https:\/\/www.cuballama.com\/noticias\/","logo":{"@type":"ImageObject","inLanguage":"es","@id":"https:\/\/www.cuballama.com\/noticias\/#\/schema\/logo\/image\/","url":"https:\/\/cdn1.mediawpaccore.net\/wp-content\/uploads\/2021\/12\/28171206\/cbll-logo-color-sm.png","contentUrl":"https:\/\/cdn1.mediawpaccore.net\/wp-content\/uploads\/2021\/12\/28171206\/cbll-logo-color-sm.png","width":600,"height":133,"caption":"Cuballama"},"image":{"@id":"https:\/\/www.cuballama.com\/noticias\/#\/schema\/logo\/image\/"},"sameAs":["https:\/\/www.facebook.com\/CubaLlama","https:\/\/x.com\/cuballama","https:\/\/www.instagram.com\/stories\/cuballama_oficial\/","https:\/\/www.youtube.com\/channel\/UCKkFE-d_axENGZcrc4as0IA"]},{"@type":"Person","@id":"https:\/\/www.cuballama.com\/noticias\/#\/schema\/person\/a58502ed4146c8e9f83872e897c76cd2","name":"Roberto A.","description":"Roberto A. Periodista por decisi\u00f3n propia. Interesado en cualquier tema que me apasione y cada vez m\u00e1s comprometido con la verdad y la objetividad period\u00edstica. Graduado en La Habana hace ya muchos a\u00f1os, luego de una accidentada y polvorienta b\u00fasqueda de informaci\u00f3n sobre un tema in\u00e9dito. La Tesis, por cierto, desapareci\u00f3 de la biblioteca y no se conservan copias de la misma.","url":"https:\/\/www.cuballama.com\/noticias\/author\/roberto\/"}]}},"_links":{"self":[{"href":"https:\/\/www.cuballama.com\/noticias\/wp-json\/wp\/v2\/posts\/233467","targetHints":{"allow":["GET"]}}],"collection":[{"href":"https:\/\/www.cuballama.com\/noticias\/wp-json\/wp\/v2\/posts"}],"about":[{"href":"https:\/\/www.cuballama.com\/noticias\/wp-json\/wp\/v2\/types\/post"}],"author":[{"embeddable":true,"href":"https:\/\/www.cuballama.com\/noticias\/wp-json\/wp\/v2\/users\/13"}],"replies":[{"embeddable":true,"href":"https:\/\/www.cuballama.com\/noticias\/wp-json\/wp\/v2\/comments?post=233467"}],"version-history":[{"count":5,"href":"https:\/\/www.cuballama.com\/noticias\/wp-json\/wp\/v2\/posts\/233467\/revisions"}],"predecessor-version":[{"id":233485,"href":"https:\/\/www.cuballama.com\/noticias\/wp-json\/wp\/v2\/posts\/233467\/revisions\/233485"}],"wp:featuredmedia":[{"embeddable":true,"href":"https:\/\/www.cuballama.com\/noticias\/wp-json\/wp\/v2\/media\/233482"}],"wp:attachment":[{"href":"https:\/\/www.cuballama.com\/noticias\/wp-json\/wp\/v2\/media?parent=233467"}],"wp:term":[{"taxonomy":"category","embeddable":true,"href":"https:\/\/www.cuballama.com\/noticias\/wp-json\/wp\/v2\/categories?post=233467"},{"taxonomy":"post_tag","embeddable":true,"href":"https:\/\/www.cuballama.com\/noticias\/wp-json\/wp\/v2\/tags?post=233467"}],"curies":[{"name":"wp","href":"https:\/\/api.w.org\/{rel}","templated":true}]}}