{"id":233367,"date":"2026-01-26T08:53:33","date_gmt":"2026-01-26T13:53:33","guid":{"rendered":"https:\/\/www.cuballama.com\/noticias\/?p=233367"},"modified":"2026-01-26T08:53:36","modified_gmt":"2026-01-26T13:53:36","slug":"ella-estaba-en-negacion-ultrack-y-claudia-perdieron-el-bebe-y-explican-por-que-no-lo-dijeron-antes","status":"publish","type":"post","link":"https:\/\/www.cuballama.com\/noticias\/ella-estaba-en-negacion-ultrack-y-claudia-perdieron-el-bebe-y-explican-por-que-no-lo-dijeron-antes\/","title":{"rendered":"\u201cElla estaba en negaci\u00f3n\u201d: Ultrack y Claudia perdieron el beb\u00e9 y explican por qu\u00e9 no lo dijeron antes"},"content":{"rendered":"\n<p>El creador de contenido cubano Jorge Batista, conocido como Ultrack, atraviesa uno de los momentos m\u00e1s dolorosos de su vida personal y decidi\u00f3 compartirlo con su comunidad digital con total franqueza. A trav\u00e9s de un video publicado en TikTok, el influencer confirm\u00f3 que su pareja, la influencer Claudia Artiles, perdi\u00f3 el beb\u00e9 que ambos esperaban, una noticia que ha generado una ola de mensajes de apoyo y solidaridad entre sus seguidores.<\/p>\n\n\n\n<p>En el video, Ultrack habl\u00f3 sin rodeos sobre la p\u00e9rdida y el impacto emocional que esta ha tenido, especialmente en su novia. \u201cClaudia perdi\u00f3 la barriga\u201d, expres\u00f3 al inicio del mensaje, visiblemente afectado. El creador explic\u00f3 que decidi\u00f3 grabar el video para informar a quienes no hab\u00edan visto una transmisi\u00f3n en vivo previa, en la que ya hab\u00edan abordado el tema, y para evitar rumores o especulaciones.<\/p>\n\n\n\n<p><strong>Lea m\u00e1s: <a href=\"https:\/\/www.cuballama.com\/noticias\/ultrack-confiesa-que-cubre-todos-los-gastos-de-claudia-para-que-ella-pueda-comprarse-una-casita\/\" target=\"_blank\" rel=\"noreferrer noopener\">Ultrack confiesa que cubre todos los gastos de Claudia: \u201cPara que ella pueda comprarse una casita\u201d<\/a><\/strong><\/p>\n\n\n\n<p>Ultrack explic\u00f3 que la p\u00e9rdida ocurri\u00f3 hace alg\u00fan tiempo, pero que decidieron hacerlo p\u00fablico recientemente debido a que Claudia ha estado atravesando una etapa emocionalmente compleja. La influencer, mam\u00e1 de un beb\u00e9 de dos a\u00f1os con s\u00edndrome de Down, vivi\u00f3 un proceso traum\u00e1tico al enterarse de la p\u00e9rdida, lo cual la dej\u00f3 en un estado de negaci\u00f3n, explic\u00f3 su pareja.<\/p>\n\n\n\n<figure class=\"wp-block-embed is-type-video is-provider-tiktok wp-block-embed-tiktok\"><div class=\"wp-block-embed__wrapper\">\n<blockquote class=\"tiktok-embed\" cite=\"https:\/\/www.tiktok.com\/@loveotodohasta_2050\/video\/7599141785478188301\" data-video-id=\"7599141785478188301\" data-embed-from=\"oembed\" style=\"max-width:605px; min-width:325px;\"> <section> <a target=\"_blank\" title=\"@loveotodohasta_2050\" href=\"https:\/\/www.tiktok.com\/@loveotodohasta_2050?refer=embed\">@loveotodohasta_2050<\/a> <p>confirmada la perdida del embarazode Claudia @lahoratiktoxica <\/p> <a target=\"_blank\" title=\"\u266c original sound - Soothing Relaxation - Soothing Relaxation\" href=\"https:\/\/www.tiktok.com\/music\/original-sound-Soothing-Relaxation-7481247304863795990?refer=embed\">\u266c original sound &#8211; Soothing Relaxation &#8211; Soothing Relaxation<\/a> <\/section> <\/blockquote> <script async src=\"https:\/\/www.tiktok.com\/embed.js\"><\/script>\n<\/div><\/figure>\n\n\n\n<p>\u201cEl doctor que la atend\u00eda le explic\u00f3 que estas cosas pueden pasar. Entonces empez\u00f3 con un problema de negaci\u00f3n. Ella bajaba las escaleras y se tocaba la barriga\u2026 Empez\u00f3 con una depresi\u00f3n tremenda\u2026\u201d, cont\u00f3 y dijo que Claudia decidi\u00f3 alejarse de las transmisiones en directo por TikTok debido a las preguntas de sus seguidores sobre el estado del embarazo. \u201cTodav\u00eda, en su mente, ella estaba embarazada\u201d.<\/p>\n\n\n\n<figure class=\"wp-block-embed is-type-video is-provider-tiktok wp-block-embed-tiktok\"><div class=\"wp-block-embed__wrapper\">\n<blockquote class=\"tiktok-embed\" cite=\"https:\/\/www.tiktok.com\/@claudiaartilesa\/video\/7598695516695776542\" data-video-id=\"7598695516695776542\" data-embed-from=\"oembed\" style=\"max-width:605px; min-width:325px;\"> <section> <a target=\"_blank\" title=\"@claudiaartilesa\" href=\"https:\/\/www.tiktok.com\/@claudiaartilesa?refer=embed\">@claudiaartilesa<\/a> <p>Hoy puedo decir que estoy en paz \ud83e\udd0d\ud83d\udc7c\ud83c\udffb <a title=\"claudia\" target=\"_blank\" href=\"https:\/\/www.tiktok.com\/tag\/claudia?refer=embed\">#claudia<\/a> <a title=\"marlon\" target=\"_blank\" href=\"https:\/\/www.tiktok.com\/tag\/marlon?refer=embed\">#marlon<\/a> <a title=\"sindromededown\" target=\"_blank\" href=\"https:\/\/www.tiktok.com\/tag\/sindromededown?refer=embed\">#sindromededown<\/a> <a title=\"paz\" target=\"_blank\" href=\"https:\/\/www.tiktok.com\/tag\/paz?refer=embed\">#paz<\/a> <a title=\"vida\" target=\"_blank\" href=\"https:\/\/www.tiktok.com\/tag\/vida?refer=embed\">#vida<\/a> @Team_marlon @Ultrack @\ud83e\udee1UltrackPlay  @claudiaartilesa \u2764\ufe0f\u200d\ud83d\udd25  @claudiaartilesa \u2764\ufe0f\u200d\ud83d\udd25  @Arizon_lyrics <\/p> <a target=\"_blank\" title=\"\u266c sonido original - Arizon_lyrics\" href=\"https:\/\/www.tiktok.com\/music\/sonido-original-7597206733903285009?refer=embed\">\u266c sonido original &#8211; Arizon_lyrics<\/a> <\/section> <\/blockquote> <script async src=\"https:\/\/www.tiktok.com\/embed.js\"><\/script>\n<\/div><\/figure>\n\n\n\n<p>A pesar del dolor, el creador de contenido transmiti\u00f3 un mensaje de esperanza. Asegur\u00f3 que ambos son j\u00f3venes y que miran hacia el futuro con optimismo. \u201cCuando Dios quiera, tendremos nuestro beb\u00e9\u201d, afirm\u00f3, dejando claro que, por ahora, la prioridad absoluta es el bienestar f\u00edsico y emocional de Claudia y que pueda enfocarse en su recuperaci\u00f3n.<\/p>\n\n\n\n<figure class=\"wp-block-embed is-type-video is-provider-tiktok wp-block-embed-tiktok\"><div class=\"wp-block-embed__wrapper\">\n<blockquote class=\"tiktok-embed\" cite=\"https:\/\/www.tiktok.com\/@ultrackplay\/video\/7599106437800971533\" data-video-id=\"7599106437800971533\" data-embed-from=\"oembed\" style=\"max-width:605px; min-width:325px;\"> <section> <a target=\"_blank\" title=\"@ultrackplay\" href=\"https:\/\/www.tiktok.com\/@ultrackplay?refer=embed\">@ultrackplay<\/a> <p>@claudiaartilesa \u2764\ufe0f\u200d\ud83d\udd25 te amo \u2764\ufe0f\u200d\ud83d\udd25\ud83e\udee1<\/p> <a target=\"_blank\" title=\"\u266c sonido original - \ud83e\udee1UltrackPlay\" href=\"https:\/\/www.tiktok.com\/music\/sonido-original-7599106503198477111?refer=embed\">\u266c sonido original &#8211; \ud83e\udee1UltrackPlay<\/a> <\/section> <\/blockquote> <script async src=\"https:\/\/www.tiktok.com\/embed.js\"><\/script>\n<\/div><\/figure>\n\n\n\n<p>Finalmente, Ultrack adelant\u00f3 que tanto \u00e9l como su pareja retomar\u00e1n gradualmente sus actividades profesionales en redes sociales. Claudia volver\u00e1 a realizar transmisiones en vivo, mientras \u00e9l continuar\u00e1 con su contenido habitual. \u201cEste es nuestro trabajo y lo hacemos con amor para ustedes\u201d, concluy\u00f3.<\/p>\n\n\n\n<p>La decisi\u00f3n de compartir p\u00fablicamente esta experiencia ha sido valorada por muchos como un acto de valent\u00eda que contribuye a visibilizar la p\u00e9rdida gestacional, un tema del que a\u00fan se habla poco, pero que afecta a numerosas familias.<\/p>\n","protected":false},"excerpt":{"rendered":"<p>Ultrack explic\u00f3 que la p\u00e9rdida ocurri\u00f3 hace alg\u00fan tiempo, pero que decidieron hacerlo p\u00fablico recientemente debido a que Claudia ha estado atravesando una etapa emocionalmente compleja<\/p>\n","protected":false},"author":27,"featured_media":233375,"comment_status":"open","ping_status":"closed","sticky":false,"template":"","format":"standard","meta":{"_acf_changed":false,"footnotes":""},"categories":[443],"tags":[23580,11050,19007,17763],"class_list":{"0":"post-233367","1":"post","2":"type-post","3":"status-publish","4":"format-standard","5":"has-post-thumbnail","7":"category-farandula","8":"tag-claudia-artiles","9":"tag-cubanos-en-miami","10":"tag-perdida-de-bebe","11":"tag-ultrack"},"acf":[],"yoast_head":"<!-- This site is optimized with the Yoast SEO plugin v27.4 - https:\/\/yoast.com\/product\/yoast-seo-wordpress\/ -->\n<title>\u201cElla estaba en negaci\u00f3n\u201d: Ultrack y Claudia perdieron el beb\u00e9 y explican por qu\u00e9 no lo dijeron antes - Cuballama Noticias<\/title>\n<meta name=\"description\" content=\"En el video, Ultrack habl\u00f3 sin rodeos sobre la p\u00e9rdida y el impacto emocional que esta ha tenido, especialmente en su novia\" \/>\n<meta name=\"robots\" content=\"index, follow, max-snippet:-1, max-image-preview:large, max-video-preview:-1\" \/>\n<link rel=\"canonical\" href=\"https:\/\/www.cuballama.com\/noticias\/ella-estaba-en-negacion-ultrack-y-claudia-perdieron-el-bebe-y-explican-por-que-no-lo-dijeron-antes\/\" \/>\n<meta property=\"og:locale\" content=\"es_ES\" \/>\n<meta property=\"og:type\" content=\"article\" \/>\n<meta property=\"og:title\" content=\"\u201cElla estaba en negaci\u00f3n\u201d: Ultrack y Claudia perdieron el beb\u00e9 y explican por qu\u00e9 no lo dijeron antes - Cuballama Noticias\" \/>\n<meta property=\"og:description\" content=\"En el video, Ultrack habl\u00f3 sin rodeos sobre la p\u00e9rdida y el impacto emocional que esta ha tenido, especialmente en su novia\" \/>\n<meta property=\"og:url\" content=\"https:\/\/www.cuballama.com\/noticias\/ella-estaba-en-negacion-ultrack-y-claudia-perdieron-el-bebe-y-explican-por-que-no-lo-dijeron-antes\/\" \/>\n<meta property=\"og:site_name\" content=\"Cuballama Noticias\" \/>\n<meta property=\"article:publisher\" content=\"https:\/\/www.facebook.com\/CubaLlama\" \/>\n<meta property=\"article:published_time\" content=\"2026-01-26T13:53:33+00:00\" \/>\n<meta property=\"article:modified_time\" content=\"2026-01-26T13:53:36+00:00\" \/>\n<meta property=\"og:image\" content=\"https:\/\/cdn1.mediawpaccore.net\/wp-content\/uploads\/2026\/01\/26084918\/WhatsApp-Image-2026-01-26-at-14.48.51.jpeg\" \/>\n\t<meta property=\"og:image:width\" content=\"1884\" \/>\n\t<meta property=\"og:image:height\" content=\"1271\" \/>\n\t<meta property=\"og:image:type\" content=\"image\/jpeg\" \/>\n<meta name=\"author\" content=\"Rafa\" \/>\n<meta name=\"twitter:card\" content=\"summary_large_image\" \/>\n<meta name=\"twitter:creator\" content=\"@cuballama\" \/>\n<meta name=\"twitter:site\" content=\"@cuballama\" \/>\n<meta name=\"twitter:label1\" content=\"Escrito por\" \/>\n\t<meta name=\"twitter:data1\" content=\"Rafa\" \/>\n\t<meta name=\"twitter:label2\" content=\"Tiempo de lectura\" \/>\n\t<meta name=\"twitter:data2\" content=\"3 minutos\" \/>\n<script type=\"application\/ld+json\" class=\"yoast-schema-graph\">{\"@context\":\"https:\\\/\\\/schema.org\",\"@graph\":[{\"@type\":\"Article\",\"@id\":\"https:\\\/\\\/www.cuballama.com\\\/noticias\\\/ella-estaba-en-negacion-ultrack-y-claudia-perdieron-el-bebe-y-explican-por-que-no-lo-dijeron-antes\\\/#article\",\"isPartOf\":{\"@id\":\"https:\\\/\\\/www.cuballama.com\\\/noticias\\\/ella-estaba-en-negacion-ultrack-y-claudia-perdieron-el-bebe-y-explican-por-que-no-lo-dijeron-antes\\\/\"},\"author\":{\"name\":\"Rafa\",\"@id\":\"https:\\\/\\\/www.cuballama.com\\\/noticias\\\/#\\\/schema\\\/person\\\/0f97914526a658755f00e59ec2a832f2\"},\"headline\":\"\u201cElla estaba en negaci\u00f3n\u201d: Ultrack y Claudia perdieron el beb\u00e9 y explican por qu\u00e9 no lo dijeron antes\",\"datePublished\":\"2026-01-26T13:53:33+00:00\",\"dateModified\":\"2026-01-26T13:53:36+00:00\",\"mainEntityOfPage\":{\"@id\":\"https:\\\/\\\/www.cuballama.com\\\/noticias\\\/ella-estaba-en-negacion-ultrack-y-claudia-perdieron-el-bebe-y-explican-por-que-no-lo-dijeron-antes\\\/\"},\"wordCount\":484,\"commentCount\":0,\"publisher\":{\"@id\":\"https:\\\/\\\/www.cuballama.com\\\/noticias\\\/#organization\"},\"image\":{\"@id\":\"https:\\\/\\\/www.cuballama.com\\\/noticias\\\/ella-estaba-en-negacion-ultrack-y-claudia-perdieron-el-bebe-y-explican-por-que-no-lo-dijeron-antes\\\/#primaryimage\"},\"thumbnailUrl\":\"https:\\\/\\\/cdn1.mediawpaccore.net\\\/wp-content\\\/uploads\\\/2026\\\/01\\\/26084918\\\/WhatsApp-Image-2026-01-26-at-14.48.51.jpeg\",\"keywords\":[\"Claudia Artiles\",\"cubanos en Miami\",\"P\u00e9rdida de beb\u00e9\",\"Ultrack\"],\"articleSection\":[\"Far\u00e1ndula\"],\"inLanguage\":\"es\",\"potentialAction\":[{\"@type\":\"CommentAction\",\"name\":\"Comment\",\"target\":[\"https:\\\/\\\/www.cuballama.com\\\/noticias\\\/ella-estaba-en-negacion-ultrack-y-claudia-perdieron-el-bebe-y-explican-por-que-no-lo-dijeron-antes\\\/#respond\"]}]},{\"@type\":\"WebPage\",\"@id\":\"https:\\\/\\\/www.cuballama.com\\\/noticias\\\/ella-estaba-en-negacion-ultrack-y-claudia-perdieron-el-bebe-y-explican-por-que-no-lo-dijeron-antes\\\/\",\"url\":\"https:\\\/\\\/www.cuballama.com\\\/noticias\\\/ella-estaba-en-negacion-ultrack-y-claudia-perdieron-el-bebe-y-explican-por-que-no-lo-dijeron-antes\\\/\",\"name\":\"\u201cElla estaba en negaci\u00f3n\u201d: Ultrack y Claudia perdieron el beb\u00e9 y explican por qu\u00e9 no lo dijeron antes - Cuballama Noticias\",\"isPartOf\":{\"@id\":\"https:\\\/\\\/www.cuballama.com\\\/noticias\\\/#website\"},\"primaryImageOfPage\":{\"@id\":\"https:\\\/\\\/www.cuballama.com\\\/noticias\\\/ella-estaba-en-negacion-ultrack-y-claudia-perdieron-el-bebe-y-explican-por-que-no-lo-dijeron-antes\\\/#primaryimage\"},\"image\":{\"@id\":\"https:\\\/\\\/www.cuballama.com\\\/noticias\\\/ella-estaba-en-negacion-ultrack-y-claudia-perdieron-el-bebe-y-explican-por-que-no-lo-dijeron-antes\\\/#primaryimage\"},\"thumbnailUrl\":\"https:\\\/\\\/cdn1.mediawpaccore.net\\\/wp-content\\\/uploads\\\/2026\\\/01\\\/26084918\\\/WhatsApp-Image-2026-01-26-at-14.48.51.jpeg\",\"datePublished\":\"2026-01-26T13:53:33+00:00\",\"dateModified\":\"2026-01-26T13:53:36+00:00\",\"description\":\"En el video, Ultrack habl\u00f3 sin rodeos sobre la p\u00e9rdida y el impacto emocional que esta ha tenido, especialmente en su novia\",\"breadcrumb\":{\"@id\":\"https:\\\/\\\/www.cuballama.com\\\/noticias\\\/ella-estaba-en-negacion-ultrack-y-claudia-perdieron-el-bebe-y-explican-por-que-no-lo-dijeron-antes\\\/#breadcrumb\"},\"inLanguage\":\"es\",\"potentialAction\":[{\"@type\":\"ReadAction\",\"target\":[\"https:\\\/\\\/www.cuballama.com\\\/noticias\\\/ella-estaba-en-negacion-ultrack-y-claudia-perdieron-el-bebe-y-explican-por-que-no-lo-dijeron-antes\\\/\"]}]},{\"@type\":\"ImageObject\",\"inLanguage\":\"es\",\"@id\":\"https:\\\/\\\/www.cuballama.com\\\/noticias\\\/ella-estaba-en-negacion-ultrack-y-claudia-perdieron-el-bebe-y-explican-por-que-no-lo-dijeron-antes\\\/#primaryimage\",\"url\":\"https:\\\/\\\/cdn1.mediawpaccore.net\\\/wp-content\\\/uploads\\\/2026\\\/01\\\/26084918\\\/WhatsApp-Image-2026-01-26-at-14.48.51.jpeg\",\"contentUrl\":\"https:\\\/\\\/cdn1.mediawpaccore.net\\\/wp-content\\\/uploads\\\/2026\\\/01\\\/26084918\\\/WhatsApp-Image-2026-01-26-at-14.48.51.jpeg\",\"width\":1884,\"height\":1271,\"caption\":\"Foto: Ultrack\\\/ Instagram\"},{\"@type\":\"BreadcrumbList\",\"@id\":\"https:\\\/\\\/www.cuballama.com\\\/noticias\\\/ella-estaba-en-negacion-ultrack-y-claudia-perdieron-el-bebe-y-explican-por-que-no-lo-dijeron-antes\\\/#breadcrumb\",\"itemListElement\":[{\"@type\":\"ListItem\",\"position\":1,\"name\":\"Home\",\"item\":\"https:\\\/\\\/www.cuballama.com\\\/noticias\\\/\"},{\"@type\":\"ListItem\",\"position\":2,\"name\":\"\u201cElla estaba en negaci\u00f3n\u201d: Ultrack y Claudia perdieron el beb\u00e9 y explican por qu\u00e9 no lo dijeron antes\"}]},{\"@type\":\"WebSite\",\"@id\":\"https:\\\/\\\/www.cuballama.com\\\/noticias\\\/#website\",\"url\":\"https:\\\/\\\/www.cuballama.com\\\/noticias\\\/\",\"name\":\"Cuballama Noticias\",\"description\":\"Medio digital sobre Cuba y el mundo\",\"publisher\":{\"@id\":\"https:\\\/\\\/www.cuballama.com\\\/noticias\\\/#organization\"},\"potentialAction\":[{\"@type\":\"SearchAction\",\"target\":{\"@type\":\"EntryPoint\",\"urlTemplate\":\"https:\\\/\\\/www.cuballama.com\\\/noticias\\\/?s={search_term_string}\"},\"query-input\":{\"@type\":\"PropertyValueSpecification\",\"valueRequired\":true,\"valueName\":\"search_term_string\"}}],\"inLanguage\":\"es\"},{\"@type\":\"Organization\",\"@id\":\"https:\\\/\\\/www.cuballama.com\\\/noticias\\\/#organization\",\"name\":\"Cuballama\",\"url\":\"https:\\\/\\\/www.cuballama.com\\\/noticias\\\/\",\"logo\":{\"@type\":\"ImageObject\",\"inLanguage\":\"es\",\"@id\":\"https:\\\/\\\/www.cuballama.com\\\/noticias\\\/#\\\/schema\\\/logo\\\/image\\\/\",\"url\":\"https:\\\/\\\/cdn1.mediawpaccore.net\\\/wp-content\\\/uploads\\\/2021\\\/12\\\/28171206\\\/cbll-logo-color-sm.png\",\"contentUrl\":\"https:\\\/\\\/cdn1.mediawpaccore.net\\\/wp-content\\\/uploads\\\/2021\\\/12\\\/28171206\\\/cbll-logo-color-sm.png\",\"width\":600,\"height\":133,\"caption\":\"Cuballama\"},\"image\":{\"@id\":\"https:\\\/\\\/www.cuballama.com\\\/noticias\\\/#\\\/schema\\\/logo\\\/image\\\/\"},\"sameAs\":[\"https:\\\/\\\/www.facebook.com\\\/CubaLlama\",\"https:\\\/\\\/x.com\\\/cuballama\",\"https:\\\/\\\/www.instagram.com\\\/stories\\\/cuballama_oficial\\\/\",\"https:\\\/\\\/www.youtube.com\\\/channel\\\/UCKkFE-d_axENGZcrc4as0IA\"]},{\"@type\":\"Person\",\"@id\":\"https:\\\/\\\/www.cuballama.com\\\/noticias\\\/#\\\/schema\\\/person\\\/0f97914526a658755f00e59ec2a832f2\",\"name\":\"Rafa\",\"url\":\"https:\\\/\\\/www.cuballama.com\\\/noticias\\\/author\\\/rafa\\\/\"}]}<\/script>\n<!-- \/ Yoast SEO plugin. -->","yoast_head_json":{"title":"\u201cElla estaba en negaci\u00f3n\u201d: Ultrack y Claudia perdieron el beb\u00e9 y explican por qu\u00e9 no lo dijeron antes - Cuballama Noticias","description":"En el video, Ultrack habl\u00f3 sin rodeos sobre la p\u00e9rdida y el impacto emocional que esta ha tenido, especialmente en su novia","robots":{"index":"index","follow":"follow","max-snippet":"max-snippet:-1","max-image-preview":"max-image-preview:large","max-video-preview":"max-video-preview:-1"},"canonical":"https:\/\/www.cuballama.com\/noticias\/ella-estaba-en-negacion-ultrack-y-claudia-perdieron-el-bebe-y-explican-por-que-no-lo-dijeron-antes\/","og_locale":"es_ES","og_type":"article","og_title":"\u201cElla estaba en negaci\u00f3n\u201d: Ultrack y Claudia perdieron el beb\u00e9 y explican por qu\u00e9 no lo dijeron antes - Cuballama Noticias","og_description":"En el video, Ultrack habl\u00f3 sin rodeos sobre la p\u00e9rdida y el impacto emocional que esta ha tenido, especialmente en su novia","og_url":"https:\/\/www.cuballama.com\/noticias\/ella-estaba-en-negacion-ultrack-y-claudia-perdieron-el-bebe-y-explican-por-que-no-lo-dijeron-antes\/","og_site_name":"Cuballama Noticias","article_publisher":"https:\/\/www.facebook.com\/CubaLlama","article_published_time":"2026-01-26T13:53:33+00:00","article_modified_time":"2026-01-26T13:53:36+00:00","og_image":[{"width":1884,"height":1271,"url":"https:\/\/cdn1.mediawpaccore.net\/wp-content\/uploads\/2026\/01\/26084918\/WhatsApp-Image-2026-01-26-at-14.48.51.jpeg","type":"image\/jpeg"}],"author":"Rafa","twitter_card":"summary_large_image","twitter_creator":"@cuballama","twitter_site":"@cuballama","twitter_misc":{"Escrito por":"Rafa","Tiempo de lectura":"3 minutos"},"schema":{"@context":"https:\/\/schema.org","@graph":[{"@type":"Article","@id":"https:\/\/www.cuballama.com\/noticias\/ella-estaba-en-negacion-ultrack-y-claudia-perdieron-el-bebe-y-explican-por-que-no-lo-dijeron-antes\/#article","isPartOf":{"@id":"https:\/\/www.cuballama.com\/noticias\/ella-estaba-en-negacion-ultrack-y-claudia-perdieron-el-bebe-y-explican-por-que-no-lo-dijeron-antes\/"},"author":{"name":"Rafa","@id":"https:\/\/www.cuballama.com\/noticias\/#\/schema\/person\/0f97914526a658755f00e59ec2a832f2"},"headline":"\u201cElla estaba en negaci\u00f3n\u201d: Ultrack y Claudia perdieron el beb\u00e9 y explican por qu\u00e9 no lo dijeron antes","datePublished":"2026-01-26T13:53:33+00:00","dateModified":"2026-01-26T13:53:36+00:00","mainEntityOfPage":{"@id":"https:\/\/www.cuballama.com\/noticias\/ella-estaba-en-negacion-ultrack-y-claudia-perdieron-el-bebe-y-explican-por-que-no-lo-dijeron-antes\/"},"wordCount":484,"commentCount":0,"publisher":{"@id":"https:\/\/www.cuballama.com\/noticias\/#organization"},"image":{"@id":"https:\/\/www.cuballama.com\/noticias\/ella-estaba-en-negacion-ultrack-y-claudia-perdieron-el-bebe-y-explican-por-que-no-lo-dijeron-antes\/#primaryimage"},"thumbnailUrl":"https:\/\/cdn1.mediawpaccore.net\/wp-content\/uploads\/2026\/01\/26084918\/WhatsApp-Image-2026-01-26-at-14.48.51.jpeg","keywords":["Claudia Artiles","cubanos en Miami","P\u00e9rdida de beb\u00e9","Ultrack"],"articleSection":["Far\u00e1ndula"],"inLanguage":"es","potentialAction":[{"@type":"CommentAction","name":"Comment","target":["https:\/\/www.cuballama.com\/noticias\/ella-estaba-en-negacion-ultrack-y-claudia-perdieron-el-bebe-y-explican-por-que-no-lo-dijeron-antes\/#respond"]}]},{"@type":"WebPage","@id":"https:\/\/www.cuballama.com\/noticias\/ella-estaba-en-negacion-ultrack-y-claudia-perdieron-el-bebe-y-explican-por-que-no-lo-dijeron-antes\/","url":"https:\/\/www.cuballama.com\/noticias\/ella-estaba-en-negacion-ultrack-y-claudia-perdieron-el-bebe-y-explican-por-que-no-lo-dijeron-antes\/","name":"\u201cElla estaba en negaci\u00f3n\u201d: Ultrack y Claudia perdieron el beb\u00e9 y explican por qu\u00e9 no lo dijeron antes - Cuballama Noticias","isPartOf":{"@id":"https:\/\/www.cuballama.com\/noticias\/#website"},"primaryImageOfPage":{"@id":"https:\/\/www.cuballama.com\/noticias\/ella-estaba-en-negacion-ultrack-y-claudia-perdieron-el-bebe-y-explican-por-que-no-lo-dijeron-antes\/#primaryimage"},"image":{"@id":"https:\/\/www.cuballama.com\/noticias\/ella-estaba-en-negacion-ultrack-y-claudia-perdieron-el-bebe-y-explican-por-que-no-lo-dijeron-antes\/#primaryimage"},"thumbnailUrl":"https:\/\/cdn1.mediawpaccore.net\/wp-content\/uploads\/2026\/01\/26084918\/WhatsApp-Image-2026-01-26-at-14.48.51.jpeg","datePublished":"2026-01-26T13:53:33+00:00","dateModified":"2026-01-26T13:53:36+00:00","description":"En el video, Ultrack habl\u00f3 sin rodeos sobre la p\u00e9rdida y el impacto emocional que esta ha tenido, especialmente en su novia","breadcrumb":{"@id":"https:\/\/www.cuballama.com\/noticias\/ella-estaba-en-negacion-ultrack-y-claudia-perdieron-el-bebe-y-explican-por-que-no-lo-dijeron-antes\/#breadcrumb"},"inLanguage":"es","potentialAction":[{"@type":"ReadAction","target":["https:\/\/www.cuballama.com\/noticias\/ella-estaba-en-negacion-ultrack-y-claudia-perdieron-el-bebe-y-explican-por-que-no-lo-dijeron-antes\/"]}]},{"@type":"ImageObject","inLanguage":"es","@id":"https:\/\/www.cuballama.com\/noticias\/ella-estaba-en-negacion-ultrack-y-claudia-perdieron-el-bebe-y-explican-por-que-no-lo-dijeron-antes\/#primaryimage","url":"https:\/\/cdn1.mediawpaccore.net\/wp-content\/uploads\/2026\/01\/26084918\/WhatsApp-Image-2026-01-26-at-14.48.51.jpeg","contentUrl":"https:\/\/cdn1.mediawpaccore.net\/wp-content\/uploads\/2026\/01\/26084918\/WhatsApp-Image-2026-01-26-at-14.48.51.jpeg","width":1884,"height":1271,"caption":"Foto: Ultrack\/ Instagram"},{"@type":"BreadcrumbList","@id":"https:\/\/www.cuballama.com\/noticias\/ella-estaba-en-negacion-ultrack-y-claudia-perdieron-el-bebe-y-explican-por-que-no-lo-dijeron-antes\/#breadcrumb","itemListElement":[{"@type":"ListItem","position":1,"name":"Home","item":"https:\/\/www.cuballama.com\/noticias\/"},{"@type":"ListItem","position":2,"name":"\u201cElla estaba en negaci\u00f3n\u201d: Ultrack y Claudia perdieron el beb\u00e9 y explican por qu\u00e9 no lo dijeron antes"}]},{"@type":"WebSite","@id":"https:\/\/www.cuballama.com\/noticias\/#website","url":"https:\/\/www.cuballama.com\/noticias\/","name":"Cuballama Noticias","description":"Medio digital sobre Cuba y el mundo","publisher":{"@id":"https:\/\/www.cuballama.com\/noticias\/#organization"},"potentialAction":[{"@type":"SearchAction","target":{"@type":"EntryPoint","urlTemplate":"https:\/\/www.cuballama.com\/noticias\/?s={search_term_string}"},"query-input":{"@type":"PropertyValueSpecification","valueRequired":true,"valueName":"search_term_string"}}],"inLanguage":"es"},{"@type":"Organization","@id":"https:\/\/www.cuballama.com\/noticias\/#organization","name":"Cuballama","url":"https:\/\/www.cuballama.com\/noticias\/","logo":{"@type":"ImageObject","inLanguage":"es","@id":"https:\/\/www.cuballama.com\/noticias\/#\/schema\/logo\/image\/","url":"https:\/\/cdn1.mediawpaccore.net\/wp-content\/uploads\/2021\/12\/28171206\/cbll-logo-color-sm.png","contentUrl":"https:\/\/cdn1.mediawpaccore.net\/wp-content\/uploads\/2021\/12\/28171206\/cbll-logo-color-sm.png","width":600,"height":133,"caption":"Cuballama"},"image":{"@id":"https:\/\/www.cuballama.com\/noticias\/#\/schema\/logo\/image\/"},"sameAs":["https:\/\/www.facebook.com\/CubaLlama","https:\/\/x.com\/cuballama","https:\/\/www.instagram.com\/stories\/cuballama_oficial\/","https:\/\/www.youtube.com\/channel\/UCKkFE-d_axENGZcrc4as0IA"]},{"@type":"Person","@id":"https:\/\/www.cuballama.com\/noticias\/#\/schema\/person\/0f97914526a658755f00e59ec2a832f2","name":"Rafa","url":"https:\/\/www.cuballama.com\/noticias\/author\/rafa\/"}]}},"_links":{"self":[{"href":"https:\/\/www.cuballama.com\/noticias\/wp-json\/wp\/v2\/posts\/233367","targetHints":{"allow":["GET"]}}],"collection":[{"href":"https:\/\/www.cuballama.com\/noticias\/wp-json\/wp\/v2\/posts"}],"about":[{"href":"https:\/\/www.cuballama.com\/noticias\/wp-json\/wp\/v2\/types\/post"}],"author":[{"embeddable":true,"href":"https:\/\/www.cuballama.com\/noticias\/wp-json\/wp\/v2\/users\/27"}],"replies":[{"embeddable":true,"href":"https:\/\/www.cuballama.com\/noticias\/wp-json\/wp\/v2\/comments?post=233367"}],"version-history":[{"count":1,"href":"https:\/\/www.cuballama.com\/noticias\/wp-json\/wp\/v2\/posts\/233367\/revisions"}],"predecessor-version":[{"id":233376,"href":"https:\/\/www.cuballama.com\/noticias\/wp-json\/wp\/v2\/posts\/233367\/revisions\/233376"}],"wp:featuredmedia":[{"embeddable":true,"href":"https:\/\/www.cuballama.com\/noticias\/wp-json\/wp\/v2\/media\/233375"}],"wp:attachment":[{"href":"https:\/\/www.cuballama.com\/noticias\/wp-json\/wp\/v2\/media?parent=233367"}],"wp:term":[{"taxonomy":"category","embeddable":true,"href":"https:\/\/www.cuballama.com\/noticias\/wp-json\/wp\/v2\/categories?post=233367"},{"taxonomy":"post_tag","embeddable":true,"href":"https:\/\/www.cuballama.com\/noticias\/wp-json\/wp\/v2\/tags?post=233367"}],"curies":[{"name":"wp","href":"https:\/\/api.w.org\/{rel}","templated":true}]}}