{"id":233363,"date":"2026-01-27T12:46:37","date_gmt":"2026-01-27T17:46:37","guid":{"rendered":"https:\/\/www.cuballama.com\/noticias\/?p=233363"},"modified":"2026-01-27T12:46:39","modified_gmt":"2026-01-27T17:46:39","slug":"madre-cubana-denuncia-intento-de-asesinato-de-su-hijo-en-el-servicio-militar-a-manos-de-un-oficial","status":"publish","type":"post","link":"https:\/\/www.cuballama.com\/noticias\/madre-cubana-denuncia-intento-de-asesinato-de-su-hijo-en-el-servicio-militar-a-manos-de-un-oficial\/","title":{"rendered":"Madre cubana denuncia intento de asesinato de su hijo en el Servicio Militar a manos de un oficial"},"content":{"rendered":"\n<p>Una madre cubana denunci\u00f3 en redes sociales lo que describe como un presunto intento de asesinato contra su hijo, recluta del Servicio Militar Activo, ocurrido el 20 de noviembre de 2025 en la unidad militar 46-00, en Pinar del R\u00edo. La acusaci\u00f3n, divulgada por la p\u00e1gina Nio reportando un crimen y replicada por otros perfiles, se\u00f1ala a un teniente identificado como Ernesto, a quien la familia atribuye haber disparado un fusil AKM dentro de la instalaci\u00f3n tras una discusi\u00f3n previa, en un \u00e1rea donde hab\u00eda m\u00e1s soldados. <\/p>\n\n\n\n<p><a href=\"https:\/\/www.facebook.com\/permalink.php?story_fbid=pfbid0NFGZ7bKK62phJQiMKmeFWP5aew8DVJiMp1PMbt1d4KoT4JYztdbcrsjjQ4MWgKvhl&amp;id=61559784217848\" target=\"_blank\" rel=\"noreferrer noopener nofollow\">Seg\u00fan el relato difundido<\/a>, el disparo habr\u00eda pasado a mil\u00edmetros de la arteria femoral, lo que, siempre de acuerdo con la madre, fue confirmado por personal m\u00e9dico como una lesi\u00f3n que pudo resultar mortal. El joven sobrevivi\u00f3 y permaneci\u00f3 alrededor de dos meses ingresado en un hospital militar, con heridas que la familia afirma tener documentadas en fotograf\u00edas. La denuncia agrega que el oficial se\u00f1alado no habr\u00eda sido encarcelado ni separado de sus funciones y que continuar\u00eda activo en la regi\u00f3n militar, sin que se conozcan medidas disciplinarias o un proceso judicial transparente.<\/p>\n\n\n\n<p>La preocupaci\u00f3n de la familia, sin embargo, no se limita al episodio de noviembre. La publicaci\u00f3n sostiene que, \u201cen las \u00faltimas horas\u201d, el muchacho fue retirado del hogar con autorizaci\u00f3n militar y fiscal, y desde entonces la madre asegura desconocer su paradero y no recibir respuestas claras de ninguna autoridad. Ese punto, el del traslado y la falta de informaci\u00f3n posterior, es el que dispara el tono de urgencia de la denuncia y el temor expl\u00edcito por la vida del recluta.<\/p>\n\n\n\n<iframe loading=\"lazy\" src=\"https:\/\/www.facebook.com\/plugins\/post.php?href=https%3A%2F%2Fwww.facebook.com%2Fpermalink.php%3Fstory_fbid%3Dpfbid02S6iGJGF8wPrEnDDm1UyXmrVGybniyaADF77iFLzTCzcWnC3o6vVN9Ep5eD1AHRB5l%26id%3D61559784217848&#038;show_text=true&#038;width=500\" width=\"500\" height=\"524\" style=\"border:none;overflow:hidden\" scrolling=\"no\" frameborder=\"0\" allowfullscreen=\"true\" allow=\"autoplay; clipboard-write; encrypted-media; picture-in-picture; web-share\"><\/iframe>\n\n\n\n<p>En el hilo de comentarios, surgieron tambi\u00e9n versiones contrapuestas. Un usuario identificado como Victor Sandoval afirm\u00f3 que la historia estar\u00eda \u201cmal contada\u201d, mencion\u00f3 supuestos problemas disciplinarios del soldado y asegur\u00f3 que el propio oficial habr\u00eda sido agredido previamente; se trata de un comentario en redes que no aporta documentaci\u00f3n verificable por s\u00ed mismo. Hasta este martes, 27 de enero de 2026, no aparece una versi\u00f3n oficial p\u00fablica de las autoridades militares sobre el caso.<\/p>\n\n\n\n<p><\/p>\n","protected":false},"excerpt":{"rendered":"<p>Una madre denuncia que un teniente dispar\u00f3 a su hijo en la unidad 46-00 y que luego fue retirado de casa sin dar informaci\u00f3n.<\/p>\n","protected":false},"author":13,"featured_media":233470,"comment_status":"open","ping_status":"closed","sticky":false,"template":"","format":"standard","meta":{"_acf_changed":false,"footnotes":""},"categories":[18,955],"tags":[4675,1561,2864,23901,1503,11869,25715,30249],"class_list":{"0":"post-233363","1":"post","2":"type-post","3":"status-publish","4":"format-standard","5":"has-post-thumbnail","7":"category-noticias","8":"category-noticias-de-cuba","9":"tag-abuso-de-poder","10":"tag-denuncias","11":"tag-derechos-humanos","12":"tag-impunidad","13":"tag-pinar-del-rio","14":"tag-reclutas","15":"tag-servicio-militar-en-cuba","16":"tag-unidad-militar-46-00"},"acf":[],"yoast_head":"<!-- This site is optimized with the Yoast SEO plugin v27.4 - https:\/\/yoast.com\/product\/yoast-seo-wordpress\/ -->\n<title>Madre cubana denuncia intento de asesinato de su hijo en el Servicio Militar a manos de un oficial - Cuballama Noticias<\/title>\n<meta name=\"description\" content=\"Madre denuncia que un teniente dispar\u00f3 a su hijo recluta en unidad 46-00 (Pinar del R\u00edo) donde pasa el Servicio Militar\" \/>\n<meta name=\"robots\" content=\"index, follow, max-snippet:-1, max-image-preview:large, max-video-preview:-1\" \/>\n<link rel=\"canonical\" href=\"https:\/\/www.cuballama.com\/noticias\/madre-cubana-denuncia-intento-de-asesinato-de-su-hijo-en-el-servicio-militar-a-manos-de-un-oficial\/\" \/>\n<meta property=\"og:locale\" content=\"es_ES\" \/>\n<meta property=\"og:type\" content=\"article\" \/>\n<meta property=\"og:title\" content=\"Madre cubana denuncia intento de asesinato de su hijo en el Servicio Militar a manos de un oficial - Cuballama Noticias\" \/>\n<meta property=\"og:description\" content=\"Madre denuncia que un teniente dispar\u00f3 a su hijo recluta en unidad 46-00 (Pinar del R\u00edo) donde pasa el Servicio Militar\" \/>\n<meta property=\"og:url\" content=\"https:\/\/www.cuballama.com\/noticias\/madre-cubana-denuncia-intento-de-asesinato-de-su-hijo-en-el-servicio-militar-a-manos-de-un-oficial\/\" \/>\n<meta property=\"og:site_name\" content=\"Cuballama Noticias\" \/>\n<meta property=\"article:publisher\" content=\"https:\/\/www.facebook.com\/CubaLlama\" \/>\n<meta property=\"article:published_time\" content=\"2026-01-27T17:46:37+00:00\" \/>\n<meta property=\"article:modified_time\" content=\"2026-01-27T17:46:39+00:00\" \/>\n<meta property=\"og:image\" content=\"https:\/\/cdn1.mediawpaccore.net\/wp-content\/uploads\/2026\/01\/27023513\/image-131.png\" \/>\n\t<meta property=\"og:image:width\" content=\"1344\" \/>\n\t<meta property=\"og:image:height\" content=\"696\" \/>\n\t<meta property=\"og:image:type\" content=\"image\/png\" \/>\n<meta name=\"author\" content=\"Roberto A.\" \/>\n<meta name=\"twitter:card\" content=\"summary_large_image\" \/>\n<meta name=\"twitter:creator\" content=\"@cuballama\" \/>\n<meta name=\"twitter:site\" content=\"@cuballama\" \/>\n<meta name=\"twitter:label1\" content=\"Escrito por\" \/>\n\t<meta name=\"twitter:data1\" content=\"Roberto A.\" \/>\n\t<meta name=\"twitter:label2\" content=\"Tiempo de lectura\" \/>\n\t<meta name=\"twitter:data2\" content=\"2 minutos\" \/>\n<script type=\"application\/ld+json\" class=\"yoast-schema-graph\">{\"@context\":\"https:\\\/\\\/schema.org\",\"@graph\":[{\"@type\":\"Article\",\"@id\":\"https:\\\/\\\/www.cuballama.com\\\/noticias\\\/madre-cubana-denuncia-intento-de-asesinato-de-su-hijo-en-el-servicio-militar-a-manos-de-un-oficial\\\/#article\",\"isPartOf\":{\"@id\":\"https:\\\/\\\/www.cuballama.com\\\/noticias\\\/madre-cubana-denuncia-intento-de-asesinato-de-su-hijo-en-el-servicio-militar-a-manos-de-un-oficial\\\/\"},\"author\":{\"name\":\"Roberto A.\",\"@id\":\"https:\\\/\\\/www.cuballama.com\\\/noticias\\\/#\\\/schema\\\/person\\\/a58502ed4146c8e9f83872e897c76cd2\"},\"headline\":\"Madre cubana denuncia intento de asesinato de su hijo en el Servicio Militar a manos de un oficial\",\"datePublished\":\"2026-01-27T17:46:37+00:00\",\"dateModified\":\"2026-01-27T17:46:39+00:00\",\"mainEntityOfPage\":{\"@id\":\"https:\\\/\\\/www.cuballama.com\\\/noticias\\\/madre-cubana-denuncia-intento-de-asesinato-de-su-hijo-en-el-servicio-militar-a-manos-de-un-oficial\\\/\"},\"wordCount\":378,\"commentCount\":0,\"publisher\":{\"@id\":\"https:\\\/\\\/www.cuballama.com\\\/noticias\\\/#organization\"},\"image\":{\"@id\":\"https:\\\/\\\/www.cuballama.com\\\/noticias\\\/madre-cubana-denuncia-intento-de-asesinato-de-su-hijo-en-el-servicio-militar-a-manos-de-un-oficial\\\/#primaryimage\"},\"thumbnailUrl\":\"https:\\\/\\\/cdn1.mediawpaccore.net\\\/wp-content\\\/uploads\\\/2026\\\/01\\\/27023513\\\/image-131.png\",\"keywords\":[\"abuso de poder\",\"Denuncias\",\"derechos humanos\",\"Impunidad\",\"Pinar del R\u00edo\",\"reclutas\",\"Servicio Militar en Cuba\",\"unidad militar 46-00\"],\"articleSection\":[\"Noticias\",\"Noticias de Cuba\"],\"inLanguage\":\"es\",\"potentialAction\":[{\"@type\":\"CommentAction\",\"name\":\"Comment\",\"target\":[\"https:\\\/\\\/www.cuballama.com\\\/noticias\\\/madre-cubana-denuncia-intento-de-asesinato-de-su-hijo-en-el-servicio-militar-a-manos-de-un-oficial\\\/#respond\"]}]},{\"@type\":\"WebPage\",\"@id\":\"https:\\\/\\\/www.cuballama.com\\\/noticias\\\/madre-cubana-denuncia-intento-de-asesinato-de-su-hijo-en-el-servicio-militar-a-manos-de-un-oficial\\\/\",\"url\":\"https:\\\/\\\/www.cuballama.com\\\/noticias\\\/madre-cubana-denuncia-intento-de-asesinato-de-su-hijo-en-el-servicio-militar-a-manos-de-un-oficial\\\/\",\"name\":\"Madre cubana denuncia intento de asesinato de su hijo en el Servicio Militar a manos de un oficial - Cuballama Noticias\",\"isPartOf\":{\"@id\":\"https:\\\/\\\/www.cuballama.com\\\/noticias\\\/#website\"},\"primaryImageOfPage\":{\"@id\":\"https:\\\/\\\/www.cuballama.com\\\/noticias\\\/madre-cubana-denuncia-intento-de-asesinato-de-su-hijo-en-el-servicio-militar-a-manos-de-un-oficial\\\/#primaryimage\"},\"image\":{\"@id\":\"https:\\\/\\\/www.cuballama.com\\\/noticias\\\/madre-cubana-denuncia-intento-de-asesinato-de-su-hijo-en-el-servicio-militar-a-manos-de-un-oficial\\\/#primaryimage\"},\"thumbnailUrl\":\"https:\\\/\\\/cdn1.mediawpaccore.net\\\/wp-content\\\/uploads\\\/2026\\\/01\\\/27023513\\\/image-131.png\",\"datePublished\":\"2026-01-27T17:46:37+00:00\",\"dateModified\":\"2026-01-27T17:46:39+00:00\",\"description\":\"Madre denuncia que un teniente dispar\u00f3 a su hijo recluta en unidad 46-00 (Pinar del R\u00edo) donde pasa el Servicio Militar\",\"breadcrumb\":{\"@id\":\"https:\\\/\\\/www.cuballama.com\\\/noticias\\\/madre-cubana-denuncia-intento-de-asesinato-de-su-hijo-en-el-servicio-militar-a-manos-de-un-oficial\\\/#breadcrumb\"},\"inLanguage\":\"es\",\"potentialAction\":[{\"@type\":\"ReadAction\",\"target\":[\"https:\\\/\\\/www.cuballama.com\\\/noticias\\\/madre-cubana-denuncia-intento-de-asesinato-de-su-hijo-en-el-servicio-militar-a-manos-de-un-oficial\\\/\"]}]},{\"@type\":\"ImageObject\",\"inLanguage\":\"es\",\"@id\":\"https:\\\/\\\/www.cuballama.com\\\/noticias\\\/madre-cubana-denuncia-intento-de-asesinato-de-su-hijo-en-el-servicio-militar-a-manos-de-un-oficial\\\/#primaryimage\",\"url\":\"https:\\\/\\\/cdn1.mediawpaccore.net\\\/wp-content\\\/uploads\\\/2026\\\/01\\\/27023513\\\/image-131.png\",\"contentUrl\":\"https:\\\/\\\/cdn1.mediawpaccore.net\\\/wp-content\\\/uploads\\\/2026\\\/01\\\/27023513\\\/image-131.png\",\"width\":1344,\"height\":696,\"caption\":\"Foto: Cortes\u00eda de Niover Licea\"},{\"@type\":\"BreadcrumbList\",\"@id\":\"https:\\\/\\\/www.cuballama.com\\\/noticias\\\/madre-cubana-denuncia-intento-de-asesinato-de-su-hijo-en-el-servicio-militar-a-manos-de-un-oficial\\\/#breadcrumb\",\"itemListElement\":[{\"@type\":\"ListItem\",\"position\":1,\"name\":\"Home\",\"item\":\"https:\\\/\\\/www.cuballama.com\\\/noticias\\\/\"},{\"@type\":\"ListItem\",\"position\":2,\"name\":\"Madre cubana denuncia intento de asesinato de su hijo en el Servicio Militar a manos de un oficial\"}]},{\"@type\":\"WebSite\",\"@id\":\"https:\\\/\\\/www.cuballama.com\\\/noticias\\\/#website\",\"url\":\"https:\\\/\\\/www.cuballama.com\\\/noticias\\\/\",\"name\":\"Cuballama Noticias\",\"description\":\"Medio digital sobre Cuba y el mundo\",\"publisher\":{\"@id\":\"https:\\\/\\\/www.cuballama.com\\\/noticias\\\/#organization\"},\"potentialAction\":[{\"@type\":\"SearchAction\",\"target\":{\"@type\":\"EntryPoint\",\"urlTemplate\":\"https:\\\/\\\/www.cuballama.com\\\/noticias\\\/?s={search_term_string}\"},\"query-input\":{\"@type\":\"PropertyValueSpecification\",\"valueRequired\":true,\"valueName\":\"search_term_string\"}}],\"inLanguage\":\"es\"},{\"@type\":\"Organization\",\"@id\":\"https:\\\/\\\/www.cuballama.com\\\/noticias\\\/#organization\",\"name\":\"Cuballama\",\"url\":\"https:\\\/\\\/www.cuballama.com\\\/noticias\\\/\",\"logo\":{\"@type\":\"ImageObject\",\"inLanguage\":\"es\",\"@id\":\"https:\\\/\\\/www.cuballama.com\\\/noticias\\\/#\\\/schema\\\/logo\\\/image\\\/\",\"url\":\"https:\\\/\\\/cdn1.mediawpaccore.net\\\/wp-content\\\/uploads\\\/2021\\\/12\\\/28171206\\\/cbll-logo-color-sm.png\",\"contentUrl\":\"https:\\\/\\\/cdn1.mediawpaccore.net\\\/wp-content\\\/uploads\\\/2021\\\/12\\\/28171206\\\/cbll-logo-color-sm.png\",\"width\":600,\"height\":133,\"caption\":\"Cuballama\"},\"image\":{\"@id\":\"https:\\\/\\\/www.cuballama.com\\\/noticias\\\/#\\\/schema\\\/logo\\\/image\\\/\"},\"sameAs\":[\"https:\\\/\\\/www.facebook.com\\\/CubaLlama\",\"https:\\\/\\\/x.com\\\/cuballama\",\"https:\\\/\\\/www.instagram.com\\\/stories\\\/cuballama_oficial\\\/\",\"https:\\\/\\\/www.youtube.com\\\/channel\\\/UCKkFE-d_axENGZcrc4as0IA\"]},{\"@type\":\"Person\",\"@id\":\"https:\\\/\\\/www.cuballama.com\\\/noticias\\\/#\\\/schema\\\/person\\\/a58502ed4146c8e9f83872e897c76cd2\",\"name\":\"Roberto A.\",\"description\":\"Roberto A. Periodista por decisi\u00f3n propia. Interesado en cualquier tema que me apasione y cada vez m\u00e1s comprometido con la verdad y la objetividad period\u00edstica. Graduado en La Habana hace ya muchos a\u00f1os, luego de una accidentada y polvorienta b\u00fasqueda de informaci\u00f3n sobre un tema in\u00e9dito. La Tesis, por cierto, desapareci\u00f3 de la biblioteca y no se conservan copias de la misma.\",\"url\":\"https:\\\/\\\/www.cuballama.com\\\/noticias\\\/author\\\/roberto\\\/\"}]}<\/script>\n<!-- \/ Yoast SEO plugin. -->","yoast_head_json":{"title":"Madre cubana denuncia intento de asesinato de su hijo en el Servicio Militar a manos de un oficial - Cuballama Noticias","description":"Madre denuncia que un teniente dispar\u00f3 a su hijo recluta en unidad 46-00 (Pinar del R\u00edo) donde pasa el Servicio Militar","robots":{"index":"index","follow":"follow","max-snippet":"max-snippet:-1","max-image-preview":"max-image-preview:large","max-video-preview":"max-video-preview:-1"},"canonical":"https:\/\/www.cuballama.com\/noticias\/madre-cubana-denuncia-intento-de-asesinato-de-su-hijo-en-el-servicio-militar-a-manos-de-un-oficial\/","og_locale":"es_ES","og_type":"article","og_title":"Madre cubana denuncia intento de asesinato de su hijo en el Servicio Militar a manos de un oficial - Cuballama Noticias","og_description":"Madre denuncia que un teniente dispar\u00f3 a su hijo recluta en unidad 46-00 (Pinar del R\u00edo) donde pasa el Servicio Militar","og_url":"https:\/\/www.cuballama.com\/noticias\/madre-cubana-denuncia-intento-de-asesinato-de-su-hijo-en-el-servicio-militar-a-manos-de-un-oficial\/","og_site_name":"Cuballama Noticias","article_publisher":"https:\/\/www.facebook.com\/CubaLlama","article_published_time":"2026-01-27T17:46:37+00:00","article_modified_time":"2026-01-27T17:46:39+00:00","og_image":[{"width":1344,"height":696,"url":"https:\/\/cdn1.mediawpaccore.net\/wp-content\/uploads\/2026\/01\/27023513\/image-131.png","type":"image\/png"}],"author":"Roberto A.","twitter_card":"summary_large_image","twitter_creator":"@cuballama","twitter_site":"@cuballama","twitter_misc":{"Escrito por":"Roberto A.","Tiempo de lectura":"2 minutos"},"schema":{"@context":"https:\/\/schema.org","@graph":[{"@type":"Article","@id":"https:\/\/www.cuballama.com\/noticias\/madre-cubana-denuncia-intento-de-asesinato-de-su-hijo-en-el-servicio-militar-a-manos-de-un-oficial\/#article","isPartOf":{"@id":"https:\/\/www.cuballama.com\/noticias\/madre-cubana-denuncia-intento-de-asesinato-de-su-hijo-en-el-servicio-militar-a-manos-de-un-oficial\/"},"author":{"name":"Roberto A.","@id":"https:\/\/www.cuballama.com\/noticias\/#\/schema\/person\/a58502ed4146c8e9f83872e897c76cd2"},"headline":"Madre cubana denuncia intento de asesinato de su hijo en el Servicio Militar a manos de un oficial","datePublished":"2026-01-27T17:46:37+00:00","dateModified":"2026-01-27T17:46:39+00:00","mainEntityOfPage":{"@id":"https:\/\/www.cuballama.com\/noticias\/madre-cubana-denuncia-intento-de-asesinato-de-su-hijo-en-el-servicio-militar-a-manos-de-un-oficial\/"},"wordCount":378,"commentCount":0,"publisher":{"@id":"https:\/\/www.cuballama.com\/noticias\/#organization"},"image":{"@id":"https:\/\/www.cuballama.com\/noticias\/madre-cubana-denuncia-intento-de-asesinato-de-su-hijo-en-el-servicio-militar-a-manos-de-un-oficial\/#primaryimage"},"thumbnailUrl":"https:\/\/cdn1.mediawpaccore.net\/wp-content\/uploads\/2026\/01\/27023513\/image-131.png","keywords":["abuso de poder","Denuncias","derechos humanos","Impunidad","Pinar del R\u00edo","reclutas","Servicio Militar en Cuba","unidad militar 46-00"],"articleSection":["Noticias","Noticias de Cuba"],"inLanguage":"es","potentialAction":[{"@type":"CommentAction","name":"Comment","target":["https:\/\/www.cuballama.com\/noticias\/madre-cubana-denuncia-intento-de-asesinato-de-su-hijo-en-el-servicio-militar-a-manos-de-un-oficial\/#respond"]}]},{"@type":"WebPage","@id":"https:\/\/www.cuballama.com\/noticias\/madre-cubana-denuncia-intento-de-asesinato-de-su-hijo-en-el-servicio-militar-a-manos-de-un-oficial\/","url":"https:\/\/www.cuballama.com\/noticias\/madre-cubana-denuncia-intento-de-asesinato-de-su-hijo-en-el-servicio-militar-a-manos-de-un-oficial\/","name":"Madre cubana denuncia intento de asesinato de su hijo en el Servicio Militar a manos de un oficial - Cuballama Noticias","isPartOf":{"@id":"https:\/\/www.cuballama.com\/noticias\/#website"},"primaryImageOfPage":{"@id":"https:\/\/www.cuballama.com\/noticias\/madre-cubana-denuncia-intento-de-asesinato-de-su-hijo-en-el-servicio-militar-a-manos-de-un-oficial\/#primaryimage"},"image":{"@id":"https:\/\/www.cuballama.com\/noticias\/madre-cubana-denuncia-intento-de-asesinato-de-su-hijo-en-el-servicio-militar-a-manos-de-un-oficial\/#primaryimage"},"thumbnailUrl":"https:\/\/cdn1.mediawpaccore.net\/wp-content\/uploads\/2026\/01\/27023513\/image-131.png","datePublished":"2026-01-27T17:46:37+00:00","dateModified":"2026-01-27T17:46:39+00:00","description":"Madre denuncia que un teniente dispar\u00f3 a su hijo recluta en unidad 46-00 (Pinar del R\u00edo) donde pasa el Servicio Militar","breadcrumb":{"@id":"https:\/\/www.cuballama.com\/noticias\/madre-cubana-denuncia-intento-de-asesinato-de-su-hijo-en-el-servicio-militar-a-manos-de-un-oficial\/#breadcrumb"},"inLanguage":"es","potentialAction":[{"@type":"ReadAction","target":["https:\/\/www.cuballama.com\/noticias\/madre-cubana-denuncia-intento-de-asesinato-de-su-hijo-en-el-servicio-militar-a-manos-de-un-oficial\/"]}]},{"@type":"ImageObject","inLanguage":"es","@id":"https:\/\/www.cuballama.com\/noticias\/madre-cubana-denuncia-intento-de-asesinato-de-su-hijo-en-el-servicio-militar-a-manos-de-un-oficial\/#primaryimage","url":"https:\/\/cdn1.mediawpaccore.net\/wp-content\/uploads\/2026\/01\/27023513\/image-131.png","contentUrl":"https:\/\/cdn1.mediawpaccore.net\/wp-content\/uploads\/2026\/01\/27023513\/image-131.png","width":1344,"height":696,"caption":"Foto: Cortes\u00eda de Niover Licea"},{"@type":"BreadcrumbList","@id":"https:\/\/www.cuballama.com\/noticias\/madre-cubana-denuncia-intento-de-asesinato-de-su-hijo-en-el-servicio-militar-a-manos-de-un-oficial\/#breadcrumb","itemListElement":[{"@type":"ListItem","position":1,"name":"Home","item":"https:\/\/www.cuballama.com\/noticias\/"},{"@type":"ListItem","position":2,"name":"Madre cubana denuncia intento de asesinato de su hijo en el Servicio Militar a manos de un oficial"}]},{"@type":"WebSite","@id":"https:\/\/www.cuballama.com\/noticias\/#website","url":"https:\/\/www.cuballama.com\/noticias\/","name":"Cuballama Noticias","description":"Medio digital sobre Cuba y el mundo","publisher":{"@id":"https:\/\/www.cuballama.com\/noticias\/#organization"},"potentialAction":[{"@type":"SearchAction","target":{"@type":"EntryPoint","urlTemplate":"https:\/\/www.cuballama.com\/noticias\/?s={search_term_string}"},"query-input":{"@type":"PropertyValueSpecification","valueRequired":true,"valueName":"search_term_string"}}],"inLanguage":"es"},{"@type":"Organization","@id":"https:\/\/www.cuballama.com\/noticias\/#organization","name":"Cuballama","url":"https:\/\/www.cuballama.com\/noticias\/","logo":{"@type":"ImageObject","inLanguage":"es","@id":"https:\/\/www.cuballama.com\/noticias\/#\/schema\/logo\/image\/","url":"https:\/\/cdn1.mediawpaccore.net\/wp-content\/uploads\/2021\/12\/28171206\/cbll-logo-color-sm.png","contentUrl":"https:\/\/cdn1.mediawpaccore.net\/wp-content\/uploads\/2021\/12\/28171206\/cbll-logo-color-sm.png","width":600,"height":133,"caption":"Cuballama"},"image":{"@id":"https:\/\/www.cuballama.com\/noticias\/#\/schema\/logo\/image\/"},"sameAs":["https:\/\/www.facebook.com\/CubaLlama","https:\/\/x.com\/cuballama","https:\/\/www.instagram.com\/stories\/cuballama_oficial\/","https:\/\/www.youtube.com\/channel\/UCKkFE-d_axENGZcrc4as0IA"]},{"@type":"Person","@id":"https:\/\/www.cuballama.com\/noticias\/#\/schema\/person\/a58502ed4146c8e9f83872e897c76cd2","name":"Roberto A.","description":"Roberto A. Periodista por decisi\u00f3n propia. Interesado en cualquier tema que me apasione y cada vez m\u00e1s comprometido con la verdad y la objetividad period\u00edstica. Graduado en La Habana hace ya muchos a\u00f1os, luego de una accidentada y polvorienta b\u00fasqueda de informaci\u00f3n sobre un tema in\u00e9dito. La Tesis, por cierto, desapareci\u00f3 de la biblioteca y no se conservan copias de la misma.","url":"https:\/\/www.cuballama.com\/noticias\/author\/roberto\/"}]}},"_links":{"self":[{"href":"https:\/\/www.cuballama.com\/noticias\/wp-json\/wp\/v2\/posts\/233363","targetHints":{"allow":["GET"]}}],"collection":[{"href":"https:\/\/www.cuballama.com\/noticias\/wp-json\/wp\/v2\/posts"}],"about":[{"href":"https:\/\/www.cuballama.com\/noticias\/wp-json\/wp\/v2\/types\/post"}],"author":[{"embeddable":true,"href":"https:\/\/www.cuballama.com\/noticias\/wp-json\/wp\/v2\/users\/13"}],"replies":[{"embeddable":true,"href":"https:\/\/www.cuballama.com\/noticias\/wp-json\/wp\/v2\/comments?post=233363"}],"version-history":[{"count":3,"href":"https:\/\/www.cuballama.com\/noticias\/wp-json\/wp\/v2\/posts\/233363\/revisions"}],"predecessor-version":[{"id":233471,"href":"https:\/\/www.cuballama.com\/noticias\/wp-json\/wp\/v2\/posts\/233363\/revisions\/233471"}],"wp:featuredmedia":[{"embeddable":true,"href":"https:\/\/www.cuballama.com\/noticias\/wp-json\/wp\/v2\/media\/233470"}],"wp:attachment":[{"href":"https:\/\/www.cuballama.com\/noticias\/wp-json\/wp\/v2\/media?parent=233363"}],"wp:term":[{"taxonomy":"category","embeddable":true,"href":"https:\/\/www.cuballama.com\/noticias\/wp-json\/wp\/v2\/categories?post=233363"},{"taxonomy":"post_tag","embeddable":true,"href":"https:\/\/www.cuballama.com\/noticias\/wp-json\/wp\/v2\/tags?post=233363"}],"curies":[{"name":"wp","href":"https:\/\/api.w.org\/{rel}","templated":true}]}}