{"id":233328,"date":"2026-01-26T12:40:14","date_gmt":"2026-01-26T17:40:14","guid":{"rendered":"https:\/\/www.cuballama.com\/noticias\/?p=233328"},"modified":"2026-01-26T12:40:19","modified_gmt":"2026-01-26T17:40:19","slug":"muy-complicadas-las-cosas-en-minnesota-con-ice-algunos-hablan-hasta-de-posible-comienzo-de-una-guerra-civil","status":"publish","type":"post","link":"https:\/\/www.cuballama.com\/noticias\/muy-complicadas-las-cosas-en-minnesota-con-ice-algunos-hablan-hasta-de-posible-comienzo-de-una-guerra-civil\/","title":{"rendered":"Muy complicadas las cosas en Minnesota con ICE. Algunos hablan hasta de posible comienzo de una guerra civil"},"content":{"rendered":"\n<p>Minnesota se ha convertido en el epicentro del conflicto migratorio m\u00e1s grave vivido en Estados Unidos en d\u00e9cadas. Lo que comenz\u00f3 como un operativo federal de \u201crefuerzo\u201d migratorio \u2014la llamada <em>Operation Metro Surge<\/em>, lanzada el 1 de diciembre por la administraci\u00f3n de Donald Trump\u2014 ha derivado en protestas masivas, choques judiciales sin precedentes y, en apenas tres semanas, dos muertes a manos de agentes federales. La combinaci\u00f3n de violencia, demandas legales y amenazas de despliegues armados ha llevado a algunos analistas a advertir sobre un escenario de \u201cconflicto interno\u201d entre autoridades estatales y fuerzas federales. <\/p>\n\n\n\n<p>Este lunes, una jueza federal en Minneapolis escuchar\u00e1 los argumentos de una demanda presentada por el estado de Minnesota y las ciudades de Minneapolis y St. Paul para frenar, al menos de forma temporal, el despliegue masivo de agentes del Departamento de Seguridad Nacional (DHS). <\/p>\n\n\n\n<p>El caso fue presentado tras la muerte de <strong>Renee Good<\/strong>, de 37 a\u00f1os, baleada por un agente de ICE el 7 de enero, y adquiri\u00f3 urgencia tras el asesinato de <strong>Alex Jeffrey Pretti<\/strong>, de 37, por un oficial de la Patrulla Fronteriza el s\u00e1bado 24. La fiscal\u00eda general del estado sostiene que el operativo constituye un \u201cabuso constitucional sin precedentes\u201d y busca que la jueza Kathleen Menendez ordene reducir la presencia federal a niveles previos a diciembre.<\/p>\n\n\n\n<iframe loading=\"lazy\" src=\"https:\/\/www.facebook.com\/plugins\/post.php?href=https%3A%2F%2Fwww.facebook.com%2FLocal4%2Fposts%2Fpfbid0XowtNwceGrZzP6w64vkYk8soMHr1ZNKGPdX7ewSjScnCkEA93cbTHXb1oWA9Jzpkl&#038;show_text=true&#038;width=500\" width=\"500\" height=\"500\" style=\"border:none;overflow:hidden\" scrolling=\"no\" frameborder=\"0\" allowfullscreen=\"true\" allow=\"autoplay; clipboard-write; encrypted-media; picture-in-picture; web-share\"><\/iframe>\n\n\n\n<p>El fiscal general Keith Ellison declar\u00f3 que la magnitud del operativo no tiene comparaci\u00f3n reciente: \u201cNadie recuerda algo as\u00ed\u201d. El Departamento de Justicia respondi\u00f3 calificando la demanda de \u201cfr\u00edvola\u201d y acusando al estado de querer vetar la aplicaci\u00f3n de la ley federal. Aun as\u00ed, 19 fiscales generales estatales y el Distrito de Columbia presentaron escritos de apoyo a Minnesota, alertando que, si no se detiene, la estrategia podr\u00eda replicarse en otros estados.<\/p>\n\n\n\n<p>Las tensiones se agravaron tras la muerte de Alex Pretti. <a href=\"https:\/\/www.clickondetroit.com\/news\/national\/2026\/01\/24\/the-man-killed-by-a-federal-officer-in-minneapolis-was-an-icu-nurse-family-says\/?__vfz=medium%3Dconversations_top_pages\" target=\"_blank\" rel=\"noreferrer noopener nofollow\">Su familia lo identific\u00f3 como enfermero de cuidados intensivos en un hospital del Departamento de Asuntos de Veteranos<\/a>, ciudadano estadounidense sin antecedentes penales. <\/p>\n\n\n\n<p>Seg\u00fan sus parientes, Pretti estaba indignado por las redadas y participaba en protestas. El DHS afirm\u00f3 que el hombre \u201cse acerc\u00f3\u201d armado a los agentes, pero videos de testigos lo muestran con un tel\u00e9fono en la mano, sin que se aprecie un arma. La familia asegura que proteg\u00eda a una mujer que estaba siendo rociada con gas pimienta.<\/p>\n\n\n\n<iframe loading=\"lazy\" src=\"https:\/\/www.facebook.com\/plugins\/post.php?href=https%3A%2F%2Fwww.facebook.com%2Felaine.acosta.317264%2Fposts%2Fpfbid09JtMs4XrFzNXCDPhepihWQ59XQFe8ZhbMzeAu3TGLJWGj7XN89nQdT6RyfwEz7hul&#038;show_text=true&#038;width=500\" width=\"500\" height=\"757\" style=\"border:none;overflow:hidden\" scrolling=\"no\" frameborder=\"0\" allowfullscreen=\"true\" allow=\"autoplay; clipboard-write; encrypted-media; picture-in-picture; web-share\"><\/iframe>\n\n\n\n<p>El caso ha abierto m\u00faltiples frentes judiciales. Otro juez federal, Eric Tostrud, orden\u00f3 preservar toda evidencia relacionada con el tiroteo de Pretti, ante el temor de que pruebas puedan ser destruidas. En paralelo, la ACLU de Minnesota solicit\u00f3 reactivar una orden que proh\u00edbe a agentes federales reprimir a observadores y manifestantes pac\u00edficos, suspendida temporalmente por un tribunal de apelaciones.<\/p>\n\n\n\n<p>En este clima, el gobernador Tim Walz ha puesto a la Guardia Nacional en estado de alerta. Mientras tanto, <a href=\"https:\/\/omny.fm\/shows\/the-take\/minnesota-ice-and-the-makings-of-a-us-civil-war#description\" target=\"_blank\" rel=\"noreferrer noopener nofollow\">seg\u00fan el podcast <em>The Take<\/em><\/a>, de Al Jazeera, se advierte que la escalada de redadas federales en Minnesota ha creado un escenario de choque directo entre autoridades estatales y el gobierno federal. El programa recuerda que el gobernador Tim Walz ha puesto a la Guardia Nacional en estado de alerta, mientras el Pent\u00e1gono mantiene tropas en reserva, y vincula esta situaci\u00f3n con una simulaci\u00f3n realizada en 2024 por la Universidad de Pensilvania, que ya alertaba sobre el riesgo de que enfrentamientos de este tipo deriven en conflictos armados internos si no existe una intervenci\u00f3n judicial clara.de <\/p>\n\n\n\n<p>La profesora Claire Finkelstein, citada en el programa, afirm\u00f3 que Minnesota re\u00fane \u201ctodas las condiciones\u201d para ese escenario: uso de fuerza presuntamente ilegal por agentes federales, protestas masivas y la posible intervenci\u00f3n de tropas.<\/p>\n\n\n\n<iframe loading=\"lazy\" src=\"https:\/\/omny.fm\/shows\/the-take\/minnesota-ice-and-the-makings-of-a-us-civil-war\/embed?size=Wide&#038;style=Cover\" width=\"100%\" height=\"180\" allow=\"autoplay; clipboard-write; fullscreen\" frameborder=\"0\" title=\"Minnesota, ICE and the makings of a US civil war\"><\/iframe>\n\n\n\n<p><a href=\"https:\/\/www.msn.com\/en-us\/news\/us\/latest-details-on-5-year-old-detained-by-ice\/vi-AA1UToM3?ocid=winp2fptaskbarhover&amp;cvid=d34b2dc6840c4ef68006bd820d2147f1&amp;ei=10#details\" target=\"_blank\" rel=\"noreferrer noopener nofollow\">A la crisis se suma el caso de un ni\u00f1o de cinco a\u00f1os detenido por ICE en su guarder\u00eda de Minnesota<\/a>. El menor y su padre fueron trasladados a un centro en Texas, seg\u00fan funcionarios estatales, lo que desat\u00f3 indignaci\u00f3n y nuevas protestas. Autoridades locales exigieron explicaciones sobre la legalidad de la operaci\u00f3n y el impacto psicol\u00f3gico en el menor.<\/p>\n\n\n\n<p>El conflicto ya no se limita a Minnesota. La demanda podr\u00eda sentar un precedente nacional, en momentos en que la administraci\u00f3n Trump intensifica redadas en varias ciudades. Para muchos residentes, la sensaci\u00f3n es de ruptura del pacto b\u00e1sico entre gobierno y ciudadanos. Mientras los tribunales deliberan, las calles de Minneapolis siguen siendo escenario de marchas, gas lacrim\u00f3geno y detenciones. El desenlace, advierten juristas, podr\u00eda redefinir los l\u00edmites del poder federal en Estados Unidos.<br><\/p>\n","protected":false},"excerpt":{"rendered":"<p>Minnesota vive una crisis sin precedentes tras redadas masivas de ICE, dos muertes a manos de agentes federales y un choque directo con el gobierno estatal.<\/p>\n","protected":false},"author":13,"featured_media":233336,"comment_status":"open","ping_status":"closed","sticky":false,"template":"","format":"standard","meta":{"_acf_changed":false,"footnotes":""},"categories":[18,953],"tags":[30230,1459,700,9151,2978,108,30229,19536,3540,1393,29920,30231,9889],"class_list":{"0":"post-233328","1":"post","2":"type-post","3":"status-publish","4":"format-standard","5":"has-post-thumbnail","7":"category-noticias","8":"category-usa","9":"tag-department-of-homeland-security","10":"tag-derechos-civiles","11":"tag-donald-trump","12":"tag-guardia-nacional","13":"tag-ice","14":"tag-inmigracion","15":"tag-keith-ellison","16":"tag-minneapolis","17":"tag-minnesota","18":"tag-protestas","19":"tag-tim-walz","20":"tag-tribunales-federales","21":"tag-violencia-policial"},"acf":[],"yoast_head":"<!-- This site is optimized with the Yoast SEO plugin v27.5 - https:\/\/yoast.com\/product\/yoast-seo-wordpress\/ -->\n<title>Muy complicadas las cosas en Minnesota con ICE. Algunos hablan hasta de posible comienzo de una guerra civil - Cuballama Noticias<\/title>\n<meta name=\"description\" content=\"Minnesota enfrenta choque con ICE tras dos muertes, redadas masivas y demandas; expertos alertan sobre riesgo de conflicto interno.\" \/>\n<meta name=\"robots\" content=\"index, follow, max-snippet:-1, max-image-preview:large, max-video-preview:-1\" \/>\n<link rel=\"canonical\" href=\"https:\/\/www.cuballama.com\/noticias\/muy-complicadas-las-cosas-en-minnesota-con-ice-algunos-hablan-hasta-de-posible-comienzo-de-una-guerra-civil\/\" \/>\n<meta property=\"og:locale\" content=\"es_ES\" \/>\n<meta property=\"og:type\" content=\"article\" \/>\n<meta property=\"og:title\" content=\"Muy complicadas las cosas en Minnesota con ICE. Algunos hablan hasta de posible comienzo de una guerra civil - Cuballama Noticias\" \/>\n<meta property=\"og:description\" content=\"Minnesota enfrenta choque con ICE tras dos muertes, redadas masivas y demandas; expertos alertan sobre riesgo de conflicto interno.\" \/>\n<meta property=\"og:url\" content=\"https:\/\/www.cuballama.com\/noticias\/muy-complicadas-las-cosas-en-minnesota-con-ice-algunos-hablan-hasta-de-posible-comienzo-de-una-guerra-civil\/\" \/>\n<meta property=\"og:site_name\" content=\"Cuballama Noticias\" \/>\n<meta property=\"article:publisher\" content=\"https:\/\/www.facebook.com\/CubaLlama\" \/>\n<meta property=\"article:published_time\" content=\"2026-01-26T17:40:14+00:00\" \/>\n<meta property=\"article:modified_time\" content=\"2026-01-26T17:40:19+00:00\" \/>\n<meta property=\"og:image\" content=\"https:\/\/cdn1.mediawpaccore.net\/wp-content\/uploads\/2026\/01\/26060712\/image-124.png\" \/>\n\t<meta property=\"og:image:width\" content=\"1970\" \/>\n\t<meta property=\"og:image:height\" content=\"1032\" \/>\n\t<meta property=\"og:image:type\" content=\"image\/png\" \/>\n<meta name=\"author\" content=\"Roberto A.\" \/>\n<meta name=\"twitter:card\" content=\"summary_large_image\" \/>\n<meta name=\"twitter:creator\" content=\"@cuballama\" \/>\n<meta name=\"twitter:site\" content=\"@cuballama\" \/>\n<meta name=\"twitter:label1\" content=\"Escrito por\" \/>\n\t<meta name=\"twitter:data1\" content=\"Roberto A.\" \/>\n\t<meta name=\"twitter:label2\" content=\"Tiempo de lectura\" \/>\n\t<meta name=\"twitter:data2\" content=\"4 minutos\" \/>\n<script type=\"application\/ld+json\" class=\"yoast-schema-graph\">{\"@context\":\"https:\\\/\\\/schema.org\",\"@graph\":[{\"@type\":\"Article\",\"@id\":\"https:\\\/\\\/www.cuballama.com\\\/noticias\\\/muy-complicadas-las-cosas-en-minnesota-con-ice-algunos-hablan-hasta-de-posible-comienzo-de-una-guerra-civil\\\/#article\",\"isPartOf\":{\"@id\":\"https:\\\/\\\/www.cuballama.com\\\/noticias\\\/muy-complicadas-las-cosas-en-minnesota-con-ice-algunos-hablan-hasta-de-posible-comienzo-de-una-guerra-civil\\\/\"},\"author\":{\"name\":\"Roberto A.\",\"@id\":\"https:\\\/\\\/www.cuballama.com\\\/noticias\\\/#\\\/schema\\\/person\\\/a58502ed4146c8e9f83872e897c76cd2\"},\"headline\":\"Muy complicadas las cosas en Minnesota con ICE. Algunos hablan hasta de posible comienzo de una guerra civil\",\"datePublished\":\"2026-01-26T17:40:14+00:00\",\"dateModified\":\"2026-01-26T17:40:19+00:00\",\"mainEntityOfPage\":{\"@id\":\"https:\\\/\\\/www.cuballama.com\\\/noticias\\\/muy-complicadas-las-cosas-en-minnesota-con-ice-algunos-hablan-hasta-de-posible-comienzo-de-una-guerra-civil\\\/\"},\"wordCount\":771,\"commentCount\":0,\"publisher\":{\"@id\":\"https:\\\/\\\/www.cuballama.com\\\/noticias\\\/#organization\"},\"image\":{\"@id\":\"https:\\\/\\\/www.cuballama.com\\\/noticias\\\/muy-complicadas-las-cosas-en-minnesota-con-ice-algunos-hablan-hasta-de-posible-comienzo-de-una-guerra-civil\\\/#primaryimage\"},\"thumbnailUrl\":\"https:\\\/\\\/cdn1.mediawpaccore.net\\\/wp-content\\\/uploads\\\/2026\\\/01\\\/26060712\\\/image-124.png\",\"keywords\":[\"Department of Homeland Security\",\"Derechos Civiles\",\"Donald Trump\",\"Guardia Nacional\",\"ICE\",\"inmigraci\u00f3n\",\"Keith Ellison\",\"Minneapolis\",\"Minnesota\",\"Protestas\",\"Tim Walz\",\"tribunales federales\",\"Violencia Policial\"],\"articleSection\":[\"Noticias\",\"USA\"],\"inLanguage\":\"es\",\"potentialAction\":[{\"@type\":\"CommentAction\",\"name\":\"Comment\",\"target\":[\"https:\\\/\\\/www.cuballama.com\\\/noticias\\\/muy-complicadas-las-cosas-en-minnesota-con-ice-algunos-hablan-hasta-de-posible-comienzo-de-una-guerra-civil\\\/#respond\"]}]},{\"@type\":\"WebPage\",\"@id\":\"https:\\\/\\\/www.cuballama.com\\\/noticias\\\/muy-complicadas-las-cosas-en-minnesota-con-ice-algunos-hablan-hasta-de-posible-comienzo-de-una-guerra-civil\\\/\",\"url\":\"https:\\\/\\\/www.cuballama.com\\\/noticias\\\/muy-complicadas-las-cosas-en-minnesota-con-ice-algunos-hablan-hasta-de-posible-comienzo-de-una-guerra-civil\\\/\",\"name\":\"Muy complicadas las cosas en Minnesota con ICE. Algunos hablan hasta de posible comienzo de una guerra civil - Cuballama Noticias\",\"isPartOf\":{\"@id\":\"https:\\\/\\\/www.cuballama.com\\\/noticias\\\/#website\"},\"primaryImageOfPage\":{\"@id\":\"https:\\\/\\\/www.cuballama.com\\\/noticias\\\/muy-complicadas-las-cosas-en-minnesota-con-ice-algunos-hablan-hasta-de-posible-comienzo-de-una-guerra-civil\\\/#primaryimage\"},\"image\":{\"@id\":\"https:\\\/\\\/www.cuballama.com\\\/noticias\\\/muy-complicadas-las-cosas-en-minnesota-con-ice-algunos-hablan-hasta-de-posible-comienzo-de-una-guerra-civil\\\/#primaryimage\"},\"thumbnailUrl\":\"https:\\\/\\\/cdn1.mediawpaccore.net\\\/wp-content\\\/uploads\\\/2026\\\/01\\\/26060712\\\/image-124.png\",\"datePublished\":\"2026-01-26T17:40:14+00:00\",\"dateModified\":\"2026-01-26T17:40:19+00:00\",\"description\":\"Minnesota enfrenta choque con ICE tras dos muertes, redadas masivas y demandas; expertos alertan sobre riesgo de conflicto interno.\",\"breadcrumb\":{\"@id\":\"https:\\\/\\\/www.cuballama.com\\\/noticias\\\/muy-complicadas-las-cosas-en-minnesota-con-ice-algunos-hablan-hasta-de-posible-comienzo-de-una-guerra-civil\\\/#breadcrumb\"},\"inLanguage\":\"es\",\"potentialAction\":[{\"@type\":\"ReadAction\",\"target\":[\"https:\\\/\\\/www.cuballama.com\\\/noticias\\\/muy-complicadas-las-cosas-en-minnesota-con-ice-algunos-hablan-hasta-de-posible-comienzo-de-una-guerra-civil\\\/\"]}]},{\"@type\":\"ImageObject\",\"inLanguage\":\"es\",\"@id\":\"https:\\\/\\\/www.cuballama.com\\\/noticias\\\/muy-complicadas-las-cosas-en-minnesota-con-ice-algunos-hablan-hasta-de-posible-comienzo-de-una-guerra-civil\\\/#primaryimage\",\"url\":\"https:\\\/\\\/cdn1.mediawpaccore.net\\\/wp-content\\\/uploads\\\/2026\\\/01\\\/26060712\\\/image-124.png\",\"contentUrl\":\"https:\\\/\\\/cdn1.mediawpaccore.net\\\/wp-content\\\/uploads\\\/2026\\\/01\\\/26060712\\\/image-124.png\",\"width\":1970,\"height\":1032,\"caption\":\"Momento en el que Alex Jeffrey Pretti, de 37, es asesinado por un oficial de la Patrulla Fronteriza el pasado s\u00e1bado 24. ICE dice que ten\u00eda un arma en la mano. Im\u00e1genes previas muestran que era un tel\u00e9fono celular .\"},{\"@type\":\"BreadcrumbList\",\"@id\":\"https:\\\/\\\/www.cuballama.com\\\/noticias\\\/muy-complicadas-las-cosas-en-minnesota-con-ice-algunos-hablan-hasta-de-posible-comienzo-de-una-guerra-civil\\\/#breadcrumb\",\"itemListElement\":[{\"@type\":\"ListItem\",\"position\":1,\"name\":\"Home\",\"item\":\"https:\\\/\\\/www.cuballama.com\\\/noticias\\\/\"},{\"@type\":\"ListItem\",\"position\":2,\"name\":\"Muy complicadas las cosas en Minnesota con ICE. Algunos hablan hasta de posible comienzo de una guerra civil\"}]},{\"@type\":\"WebSite\",\"@id\":\"https:\\\/\\\/www.cuballama.com\\\/noticias\\\/#website\",\"url\":\"https:\\\/\\\/www.cuballama.com\\\/noticias\\\/\",\"name\":\"Cuballama Noticias\",\"description\":\"Medio digital sobre Cuba y el mundo\",\"publisher\":{\"@id\":\"https:\\\/\\\/www.cuballama.com\\\/noticias\\\/#organization\"},\"potentialAction\":[{\"@type\":\"SearchAction\",\"target\":{\"@type\":\"EntryPoint\",\"urlTemplate\":\"https:\\\/\\\/www.cuballama.com\\\/noticias\\\/?s={search_term_string}\"},\"query-input\":{\"@type\":\"PropertyValueSpecification\",\"valueRequired\":true,\"valueName\":\"search_term_string\"}}],\"inLanguage\":\"es\"},{\"@type\":\"Organization\",\"@id\":\"https:\\\/\\\/www.cuballama.com\\\/noticias\\\/#organization\",\"name\":\"Cuballama\",\"url\":\"https:\\\/\\\/www.cuballama.com\\\/noticias\\\/\",\"logo\":{\"@type\":\"ImageObject\",\"inLanguage\":\"es\",\"@id\":\"https:\\\/\\\/www.cuballama.com\\\/noticias\\\/#\\\/schema\\\/logo\\\/image\\\/\",\"url\":\"https:\\\/\\\/cdn1.mediawpaccore.net\\\/wp-content\\\/uploads\\\/2021\\\/12\\\/28171206\\\/cbll-logo-color-sm.png\",\"contentUrl\":\"https:\\\/\\\/cdn1.mediawpaccore.net\\\/wp-content\\\/uploads\\\/2021\\\/12\\\/28171206\\\/cbll-logo-color-sm.png\",\"width\":600,\"height\":133,\"caption\":\"Cuballama\"},\"image\":{\"@id\":\"https:\\\/\\\/www.cuballama.com\\\/noticias\\\/#\\\/schema\\\/logo\\\/image\\\/\"},\"sameAs\":[\"https:\\\/\\\/www.facebook.com\\\/CubaLlama\",\"https:\\\/\\\/x.com\\\/cuballama\",\"https:\\\/\\\/www.instagram.com\\\/stories\\\/cuballama_oficial\\\/\",\"https:\\\/\\\/www.youtube.com\\\/channel\\\/UCKkFE-d_axENGZcrc4as0IA\"]},{\"@type\":\"Person\",\"@id\":\"https:\\\/\\\/www.cuballama.com\\\/noticias\\\/#\\\/schema\\\/person\\\/a58502ed4146c8e9f83872e897c76cd2\",\"name\":\"Roberto A.\",\"description\":\"Roberto A. Periodista por decisi\u00f3n propia. Interesado en cualquier tema que me apasione y cada vez m\u00e1s comprometido con la verdad y la objetividad period\u00edstica. Graduado en La Habana hace ya muchos a\u00f1os, luego de una accidentada y polvorienta b\u00fasqueda de informaci\u00f3n sobre un tema in\u00e9dito. La Tesis, por cierto, desapareci\u00f3 de la biblioteca y no se conservan copias de la misma.\",\"url\":\"https:\\\/\\\/www.cuballama.com\\\/noticias\\\/author\\\/roberto\\\/\"}]}<\/script>\n<!-- \/ Yoast SEO plugin. -->","yoast_head_json":{"title":"Muy complicadas las cosas en Minnesota con ICE. Algunos hablan hasta de posible comienzo de una guerra civil - Cuballama Noticias","description":"Minnesota enfrenta choque con ICE tras dos muertes, redadas masivas y demandas; expertos alertan sobre riesgo de conflicto interno.","robots":{"index":"index","follow":"follow","max-snippet":"max-snippet:-1","max-image-preview":"max-image-preview:large","max-video-preview":"max-video-preview:-1"},"canonical":"https:\/\/www.cuballama.com\/noticias\/muy-complicadas-las-cosas-en-minnesota-con-ice-algunos-hablan-hasta-de-posible-comienzo-de-una-guerra-civil\/","og_locale":"es_ES","og_type":"article","og_title":"Muy complicadas las cosas en Minnesota con ICE. Algunos hablan hasta de posible comienzo de una guerra civil - Cuballama Noticias","og_description":"Minnesota enfrenta choque con ICE tras dos muertes, redadas masivas y demandas; expertos alertan sobre riesgo de conflicto interno.","og_url":"https:\/\/www.cuballama.com\/noticias\/muy-complicadas-las-cosas-en-minnesota-con-ice-algunos-hablan-hasta-de-posible-comienzo-de-una-guerra-civil\/","og_site_name":"Cuballama Noticias","article_publisher":"https:\/\/www.facebook.com\/CubaLlama","article_published_time":"2026-01-26T17:40:14+00:00","article_modified_time":"2026-01-26T17:40:19+00:00","og_image":[{"width":1970,"height":1032,"url":"https:\/\/cdn1.mediawpaccore.net\/wp-content\/uploads\/2026\/01\/26060712\/image-124.png","type":"image\/png"}],"author":"Roberto A.","twitter_card":"summary_large_image","twitter_creator":"@cuballama","twitter_site":"@cuballama","twitter_misc":{"Escrito por":"Roberto A.","Tiempo de lectura":"4 minutos"},"schema":{"@context":"https:\/\/schema.org","@graph":[{"@type":"Article","@id":"https:\/\/www.cuballama.com\/noticias\/muy-complicadas-las-cosas-en-minnesota-con-ice-algunos-hablan-hasta-de-posible-comienzo-de-una-guerra-civil\/#article","isPartOf":{"@id":"https:\/\/www.cuballama.com\/noticias\/muy-complicadas-las-cosas-en-minnesota-con-ice-algunos-hablan-hasta-de-posible-comienzo-de-una-guerra-civil\/"},"author":{"name":"Roberto A.","@id":"https:\/\/www.cuballama.com\/noticias\/#\/schema\/person\/a58502ed4146c8e9f83872e897c76cd2"},"headline":"Muy complicadas las cosas en Minnesota con ICE. Algunos hablan hasta de posible comienzo de una guerra civil","datePublished":"2026-01-26T17:40:14+00:00","dateModified":"2026-01-26T17:40:19+00:00","mainEntityOfPage":{"@id":"https:\/\/www.cuballama.com\/noticias\/muy-complicadas-las-cosas-en-minnesota-con-ice-algunos-hablan-hasta-de-posible-comienzo-de-una-guerra-civil\/"},"wordCount":771,"commentCount":0,"publisher":{"@id":"https:\/\/www.cuballama.com\/noticias\/#organization"},"image":{"@id":"https:\/\/www.cuballama.com\/noticias\/muy-complicadas-las-cosas-en-minnesota-con-ice-algunos-hablan-hasta-de-posible-comienzo-de-una-guerra-civil\/#primaryimage"},"thumbnailUrl":"https:\/\/cdn1.mediawpaccore.net\/wp-content\/uploads\/2026\/01\/26060712\/image-124.png","keywords":["Department of Homeland Security","Derechos Civiles","Donald Trump","Guardia Nacional","ICE","inmigraci\u00f3n","Keith Ellison","Minneapolis","Minnesota","Protestas","Tim Walz","tribunales federales","Violencia Policial"],"articleSection":["Noticias","USA"],"inLanguage":"es","potentialAction":[{"@type":"CommentAction","name":"Comment","target":["https:\/\/www.cuballama.com\/noticias\/muy-complicadas-las-cosas-en-minnesota-con-ice-algunos-hablan-hasta-de-posible-comienzo-de-una-guerra-civil\/#respond"]}]},{"@type":"WebPage","@id":"https:\/\/www.cuballama.com\/noticias\/muy-complicadas-las-cosas-en-minnesota-con-ice-algunos-hablan-hasta-de-posible-comienzo-de-una-guerra-civil\/","url":"https:\/\/www.cuballama.com\/noticias\/muy-complicadas-las-cosas-en-minnesota-con-ice-algunos-hablan-hasta-de-posible-comienzo-de-una-guerra-civil\/","name":"Muy complicadas las cosas en Minnesota con ICE. Algunos hablan hasta de posible comienzo de una guerra civil - Cuballama Noticias","isPartOf":{"@id":"https:\/\/www.cuballama.com\/noticias\/#website"},"primaryImageOfPage":{"@id":"https:\/\/www.cuballama.com\/noticias\/muy-complicadas-las-cosas-en-minnesota-con-ice-algunos-hablan-hasta-de-posible-comienzo-de-una-guerra-civil\/#primaryimage"},"image":{"@id":"https:\/\/www.cuballama.com\/noticias\/muy-complicadas-las-cosas-en-minnesota-con-ice-algunos-hablan-hasta-de-posible-comienzo-de-una-guerra-civil\/#primaryimage"},"thumbnailUrl":"https:\/\/cdn1.mediawpaccore.net\/wp-content\/uploads\/2026\/01\/26060712\/image-124.png","datePublished":"2026-01-26T17:40:14+00:00","dateModified":"2026-01-26T17:40:19+00:00","description":"Minnesota enfrenta choque con ICE tras dos muertes, redadas masivas y demandas; expertos alertan sobre riesgo de conflicto interno.","breadcrumb":{"@id":"https:\/\/www.cuballama.com\/noticias\/muy-complicadas-las-cosas-en-minnesota-con-ice-algunos-hablan-hasta-de-posible-comienzo-de-una-guerra-civil\/#breadcrumb"},"inLanguage":"es","potentialAction":[{"@type":"ReadAction","target":["https:\/\/www.cuballama.com\/noticias\/muy-complicadas-las-cosas-en-minnesota-con-ice-algunos-hablan-hasta-de-posible-comienzo-de-una-guerra-civil\/"]}]},{"@type":"ImageObject","inLanguage":"es","@id":"https:\/\/www.cuballama.com\/noticias\/muy-complicadas-las-cosas-en-minnesota-con-ice-algunos-hablan-hasta-de-posible-comienzo-de-una-guerra-civil\/#primaryimage","url":"https:\/\/cdn1.mediawpaccore.net\/wp-content\/uploads\/2026\/01\/26060712\/image-124.png","contentUrl":"https:\/\/cdn1.mediawpaccore.net\/wp-content\/uploads\/2026\/01\/26060712\/image-124.png","width":1970,"height":1032,"caption":"Momento en el que Alex Jeffrey Pretti, de 37, es asesinado por un oficial de la Patrulla Fronteriza el pasado s\u00e1bado 24. ICE dice que ten\u00eda un arma en la mano. Im\u00e1genes previas muestran que era un tel\u00e9fono celular ."},{"@type":"BreadcrumbList","@id":"https:\/\/www.cuballama.com\/noticias\/muy-complicadas-las-cosas-en-minnesota-con-ice-algunos-hablan-hasta-de-posible-comienzo-de-una-guerra-civil\/#breadcrumb","itemListElement":[{"@type":"ListItem","position":1,"name":"Home","item":"https:\/\/www.cuballama.com\/noticias\/"},{"@type":"ListItem","position":2,"name":"Muy complicadas las cosas en Minnesota con ICE. Algunos hablan hasta de posible comienzo de una guerra civil"}]},{"@type":"WebSite","@id":"https:\/\/www.cuballama.com\/noticias\/#website","url":"https:\/\/www.cuballama.com\/noticias\/","name":"Cuballama Noticias","description":"Medio digital sobre Cuba y el mundo","publisher":{"@id":"https:\/\/www.cuballama.com\/noticias\/#organization"},"potentialAction":[{"@type":"SearchAction","target":{"@type":"EntryPoint","urlTemplate":"https:\/\/www.cuballama.com\/noticias\/?s={search_term_string}"},"query-input":{"@type":"PropertyValueSpecification","valueRequired":true,"valueName":"search_term_string"}}],"inLanguage":"es"},{"@type":"Organization","@id":"https:\/\/www.cuballama.com\/noticias\/#organization","name":"Cuballama","url":"https:\/\/www.cuballama.com\/noticias\/","logo":{"@type":"ImageObject","inLanguage":"es","@id":"https:\/\/www.cuballama.com\/noticias\/#\/schema\/logo\/image\/","url":"https:\/\/cdn1.mediawpaccore.net\/wp-content\/uploads\/2021\/12\/28171206\/cbll-logo-color-sm.png","contentUrl":"https:\/\/cdn1.mediawpaccore.net\/wp-content\/uploads\/2021\/12\/28171206\/cbll-logo-color-sm.png","width":600,"height":133,"caption":"Cuballama"},"image":{"@id":"https:\/\/www.cuballama.com\/noticias\/#\/schema\/logo\/image\/"},"sameAs":["https:\/\/www.facebook.com\/CubaLlama","https:\/\/x.com\/cuballama","https:\/\/www.instagram.com\/stories\/cuballama_oficial\/","https:\/\/www.youtube.com\/channel\/UCKkFE-d_axENGZcrc4as0IA"]},{"@type":"Person","@id":"https:\/\/www.cuballama.com\/noticias\/#\/schema\/person\/a58502ed4146c8e9f83872e897c76cd2","name":"Roberto A.","description":"Roberto A. Periodista por decisi\u00f3n propia. Interesado en cualquier tema que me apasione y cada vez m\u00e1s comprometido con la verdad y la objetividad period\u00edstica. Graduado en La Habana hace ya muchos a\u00f1os, luego de una accidentada y polvorienta b\u00fasqueda de informaci\u00f3n sobre un tema in\u00e9dito. La Tesis, por cierto, desapareci\u00f3 de la biblioteca y no se conservan copias de la misma.","url":"https:\/\/www.cuballama.com\/noticias\/author\/roberto\/"}]}},"_links":{"self":[{"href":"https:\/\/www.cuballama.com\/noticias\/wp-json\/wp\/v2\/posts\/233328","targetHints":{"allow":["GET"]}}],"collection":[{"href":"https:\/\/www.cuballama.com\/noticias\/wp-json\/wp\/v2\/posts"}],"about":[{"href":"https:\/\/www.cuballama.com\/noticias\/wp-json\/wp\/v2\/types\/post"}],"author":[{"embeddable":true,"href":"https:\/\/www.cuballama.com\/noticias\/wp-json\/wp\/v2\/users\/13"}],"replies":[{"embeddable":true,"href":"https:\/\/www.cuballama.com\/noticias\/wp-json\/wp\/v2\/comments?post=233328"}],"version-history":[{"count":8,"href":"https:\/\/www.cuballama.com\/noticias\/wp-json\/wp\/v2\/posts\/233328\/revisions"}],"predecessor-version":[{"id":233337,"href":"https:\/\/www.cuballama.com\/noticias\/wp-json\/wp\/v2\/posts\/233328\/revisions\/233337"}],"wp:featuredmedia":[{"embeddable":true,"href":"https:\/\/www.cuballama.com\/noticias\/wp-json\/wp\/v2\/media\/233336"}],"wp:attachment":[{"href":"https:\/\/www.cuballama.com\/noticias\/wp-json\/wp\/v2\/media?parent=233328"}],"wp:term":[{"taxonomy":"category","embeddable":true,"href":"https:\/\/www.cuballama.com\/noticias\/wp-json\/wp\/v2\/categories?post=233328"},{"taxonomy":"post_tag","embeddable":true,"href":"https:\/\/www.cuballama.com\/noticias\/wp-json\/wp\/v2\/tags?post=233328"}],"curies":[{"name":"wp","href":"https:\/\/api.w.org\/{rel}","templated":true}]}}