{"id":233315,"date":"2026-01-26T12:04:08","date_gmt":"2026-01-26T17:04:08","guid":{"rendered":"https:\/\/www.cuballama.com\/noticias\/?p=233315"},"modified":"2026-01-26T12:04:27","modified_gmt":"2026-01-26T17:04:27","slug":"activista-oscar-casanella-reconoce-en-video-viral-a-agente-de-la-seguridad-del-estado-que-lo-reprimio-en-cuba","status":"publish","type":"post","link":"https:\/\/www.cuballama.com\/noticias\/activista-oscar-casanella-reconoce-en-video-viral-a-agente-de-la-seguridad-del-estado-que-lo-reprimio-en-cuba\/","title":{"rendered":"Activista Oscar Casanella reconoce en video viral, a agente de la Seguridad del Estado que lo reprimi\u00f3 en Cuba"},"content":{"rendered":"\n<p>El activista cubano Oscar Casanella asegur\u00f3 haber identificado de forma parcial \u2014por su seud\u00f3nimo y por su rostro\u2014 a uno de los agentes de la Seguridad del Estado que particip\u00f3 en su detenci\u00f3n y represi\u00f3n en La Habana, durante el intento de asistir a una misa en homenaje a Oswaldo Pay\u00e1 Sardi\u00f1as, el 20 de julio de 2017. El agente es uno de los muchos que sali\u00f3 en un video grabado el d\u00eda del homenaje en la Plaza de la Revoluci\u00f3n a los 32 militares cubanos que murieron en Venezuela durante la extracci\u00f3n de Nicol\u00e1s Maduro a manos del team Delta Force del ej\u00e9rcito norteamericano. <\/p>\n\n\n\n<figure class=\"wp-block-image size-large\"><img loading=\"lazy\" decoding=\"async\" width=\"1024\" height=\"539\" src=\"https:\/\/cdn1.mediawpaccore.net\/wp-content\/uploads\/2026\/01\/26071111\/image-128-1024x539.png\" alt=\"\" class=\"wp-image-233353\" srcset=\"https:\/\/cdn1.mediawpaccore.net\/wp-content\/uploads\/2026\/01\/26071111\/image-128-1024x539.png 1024w, https:\/\/cdn1.mediawpaccore.net\/wp-content\/uploads\/2026\/01\/26071111\/image-128-300x158.png 300w, https:\/\/cdn1.mediawpaccore.net\/wp-content\/uploads\/2026\/01\/26071111\/image-128-768x404.png 768w, https:\/\/cdn1.mediawpaccore.net\/wp-content\/uploads\/2026\/01\/26071111\/image-128-1536x808.png 1536w, https:\/\/cdn1.mediawpaccore.net\/wp-content\/uploads\/2026\/01\/26071111\/image-128-799x420.png 799w, https:\/\/cdn1.mediawpaccore.net\/wp-content\/uploads\/2026\/01\/26071111\/image-128-150x79.png 150w, https:\/\/cdn1.mediawpaccore.net\/wp-content\/uploads\/2026\/01\/26071111\/image-128-696x366.png 696w, https:\/\/cdn1.mediawpaccore.net\/wp-content\/uploads\/2026\/01\/26071111\/image-128-1068x562.png 1068w, https:\/\/cdn1.mediawpaccore.net\/wp-content\/uploads\/2026\/01\/26071111\/image-128-1920x1010.png 1920w, https:\/\/cdn1.mediawpaccore.net\/wp-content\/uploads\/2026\/01\/26071111\/image-128.png 1966w\" sizes=\"auto, (max-width: 1024px) 100vw, 1024px\" \/><\/figure>\n\n\n\n<p>En una publicaci\u00f3n en <em><a href=\"https:\/\/www.facebook.com\/oscar.casanella\/posts\/pfbid0PzcgMfiAcU6TaCppRE1k8o3jTy6Whr2juDtUmk7wMZtSct9Axz6bCE9wUN8HUDJil\" target=\"_blank\" rel=\"noreferrer noopener nofollow\">Facebook<\/a><\/em>, Casanella dijo que el hombre, al que se\u00f1ala en una imagen con un \u00f3valo rojo, era conocido operativamente como \u201cCapit\u00e1n Emilio\u201d, aunque su nombre real todav\u00eda no ha sido confirmado.<\/p>\n\n\n\n<p>Y public\u00f3 im\u00e1genes de \u00e9l.<\/p>\n\n\n\n<iframe loading=\"lazy\" src=\"https:\/\/www.facebook.com\/plugins\/post.php?href=https%3A%2F%2Fwww.facebook.com%2Foscar.casanella%2Fposts%2Fpfbid0PzcgMfiAcU6TaCppRE1k8o3jTy6Whr2juDtUmk7wMZtSct9Axz6bCE9wUN8HUDJil&#038;show_text=true&#038;width=500\" width=\"500\" height=\"761\" style=\"border:none;overflow:hidden\" scrolling=\"no\" frameborder=\"0\" allowfullscreen=\"true\" allow=\"autoplay; clipboard-write; encrypted-media; picture-in-picture; web-share\"><\/iframe>\n\n\n\n<p>Casanella reconstruy\u00f3 en su relato dos momentos separados por a\u00f1os, pero conectados por un mismo patr\u00f3n: operativos de agentes vestidos de civil, detenciones en la v\u00eda p\u00fablica, traslados a estaciones policiales y presiones para acceder a su tel\u00e9fono. <\/p>\n\n\n\n<p>Seg\u00fan su testimonio, el 20 de julio de 2017 fue detenido junto a L\u00eda Villares y Luis Tr\u00e1paga en la zona de 23, en El Vedado, cuando intentaban llegar a la misa por Pay\u00e1. Afirm\u00f3 que lo llevaron a la estaci\u00f3n de Zapata y C, y m\u00e1s tarde a otra unidad en San Miguel del Padr\u00f3n, donde \u201cCapit\u00e1n Emilio\u201d y otros agentes intentaron obligarlo, mediante amenazas y maltrato f\u00edsico, a desbloquear su celular; al negarse, asegura que le quitaron el dispositivo y lo formatearon, borrando informaci\u00f3n personal, incluidas fotos familiares.<\/p>\n\n\n\n<p>En el mismo post, Casanella enlaz\u00f3 esa experiencia con otra detenci\u00f3n posterior, ocurrida el 10 de octubre de 2020 cuando, seg\u00fan cont\u00f3, tocaba a la puerta de la casa de Luis Manuel Otero Alc\u00e1ntara, sede del Movimiento San Isidro, donde planeaban reunirse para una acci\u00f3n c\u00edvica. All\u00ed, se\u00f1al\u00f3 a otro represor conocido como \u201cDar\u00edo\u201d, identificado por el artista Hamlet Lavastida, como uno de los agentes que lo redujeron y trasladaron para esposarlo antes de llevarlo a dependencias policiales. Casanella detall\u00f3 que ese d\u00eda pas\u00f3 por la estaci\u00f3n de Cuba y Chac\u00f3n y luego por Infanta y Manglar; adem\u00e1s denunci\u00f3 una pr\u00e1ctica de castigo que describe como recurrente: permanecer esposado dentro de un patrullero cerrado bajo el sol.<\/p>\n\n\n\n<p>La denuncia de Casanella aparece en un momento en que, dentro y fuera de Cuba, crecen esfuerzos de identificaci\u00f3n p\u00fablica de oficiales y agentes vinculados a la represi\u00f3n, a partir de im\u00e1genes captadas por medios oficiales. En enero, <a href=\"https:\/\/www.cuballama.com\/noticias\/agentes-expuestos-en-la-tv-nacional-seguridad-del-estado-quiere-un-muerto-pero-no-lo-hay\/\" target=\"_blank\" rel=\"noreferrer noopener\">Cuballama Noticias<\/a> ha publicado dos textos sobre el tema: uno sobre c\u00f3mo la televisi\u00f3n estatal dej\u00f3 ver a varios agentes durante un acto oficial, y otro sobre la identificaci\u00f3n de uno de ellos gracias al rastro de datos y testimonios. En paralelo, el medio elTOQUE public\u00f3 una investigaci\u00f3n que identific\u00f3 a un oficial del MININT conocido por v\u00edctimas como \u201cJuan Carlos\u201d y lo vincul\u00f3 con el nombre Rafael Pupo Carnet, a partir de cruces de informaci\u00f3n y verificaci\u00f3n en redes.<\/p>\n\n\n\n<figure class=\"wp-block-embed is-type-wp-embed is-provider-cuballama-noticias wp-block-embed-cuballama-noticias\"><div class=\"wp-block-embed__wrapper\">\n<blockquote class=\"wp-embedded-content\" data-secret=\"iemNDAFQ1e\"><a href=\"https:\/\/www.cuballama.com\/noticias\/identificado-otro-de-los-agentes-de-la-seguridad-del-estado-gracias-a-la-magia-de-la-television-y-fuentes-en-la-isla\/\">Identificado otro de los agentes de la Seguridad del Estado \u00abgracias a la magia de la Televisi\u00f3n\u00bb y fuentes en la isla<\/a><\/blockquote><iframe loading=\"lazy\" class=\"wp-embedded-content\" sandbox=\"allow-scripts\" security=\"restricted\" style=\"position: absolute; visibility: hidden;\" title=\"\u00abIdentificado otro de los agentes de la Seguridad del Estado \u00abgracias a la magia de la Televisi\u00f3n\u00bb y fuentes en la isla\u00bb \u2014 Cuballama Noticias\" src=\"https:\/\/www.cuballama.com\/noticias\/identificado-otro-de-los-agentes-de-la-seguridad-del-estado-gracias-a-la-magia-de-la-television-y-fuentes-en-la-isla\/embed\/#?secret=bbMRjK7cdW#?secret=iemNDAFQ1e\" data-secret=\"iemNDAFQ1e\" width=\"600\" height=\"338\" frameborder=\"0\" marginwidth=\"0\" marginheight=\"0\" scrolling=\"no\"><\/iframe>\n<\/div><\/figure>\n\n\n\n<figure class=\"wp-block-embed is-type-wp-embed is-provider-cuballama-noticias wp-block-embed-cuballama-noticias\"><div class=\"wp-block-embed__wrapper\">\n<blockquote class=\"wp-embedded-content\" data-secret=\"yp1k8rcohb\"><a href=\"https:\/\/www.cuballama.com\/noticias\/agentes-expuestos-en-la-tv-nacional-seguridad-del-estado-quiere-un-muerto-pero-no-lo-hay\/\">Agentes expuestos en la TV Nacional. Seguridad del Estado quiere \u00abun muerto\u00bb, pero no lo hay<\/a><\/blockquote><iframe loading=\"lazy\" class=\"wp-embedded-content\" sandbox=\"allow-scripts\" security=\"restricted\" style=\"position: absolute; visibility: hidden;\" title=\"\u00abAgentes expuestos en la TV Nacional. Seguridad del Estado quiere \u00abun muerto\u00bb, pero no lo hay\u00bb \u2014 Cuballama Noticias\" src=\"https:\/\/www.cuballama.com\/noticias\/agentes-expuestos-en-la-tv-nacional-seguridad-del-estado-quiere-un-muerto-pero-no-lo-hay\/embed\/#?secret=IQ9VUlEeT8#?secret=yp1k8rcohb\" data-secret=\"yp1k8rcohb\" width=\"600\" height=\"338\" frameborder=\"0\" marginwidth=\"0\" marginheight=\"0\" scrolling=\"no\"><\/iframe>\n<\/div><\/figure>\n\n\n\n<p>En el caso de Casanella, el se\u00f1alamiento de \u201cCapit\u00e1n Emilio\u201d es \u201cparcial\u201d porque, hasta ahora, lo que existe es el reconocimiento por imagen y el alias operativo, pero no una identificaci\u00f3n nominal confirmada con documentos o registros p\u00fablicos. Esa distinci\u00f3n importa: en Cuba, la estructura represiva opera precisamente con seud\u00f3nimos, rotaci\u00f3n de identidades y poca exposici\u00f3n formal, lo que dificulta atribuir responsabilidades individuales por v\u00edas institucionales y empuja a los activistas a construir memoria con fragmentos, testimonios y archivos personales.<\/p>\n\n\n\n<p>El propio Casanella afirma estar hoy en Miami, en medio de un proceso migratorio que se ha prolongado y que, seg\u00fan ha declarado p\u00fablicamente, podr\u00eda terminar con una negaci\u00f3n de asilo pese a su historial de represi\u00f3n documentada. <\/p>\n\n\n\n<p>Medios locales de Florida reportaron que su audiencia de asilo en 2025 termin\u00f3 sin un veredicto inmediato, y que el activista ha expresado temor a una deportaci\u00f3n si su solicitud no prospera. Univision inform\u00f3 que Casanella lleg\u00f3 a Estados Unidos en 2022 y que su caso ha permanecido en un limbo, alimentando la preocupaci\u00f3n de que un expediente prolongado lo deje expuesto, aun siendo una figura conocida del activismo c\u00edvico cubano.<br><\/p>\n","protected":false},"excerpt":{"rendered":"<p>Oscar Casanella dice haber reconocido al represor \u201cCapit\u00e1n Emilio\u201d por su rostro y seud\u00f3nimo, y vincula su caso con nuevas identificaciones.<\/p>\n","protected":false},"author":13,"featured_media":233353,"comment_status":"open","ping_status":"closed","sticky":false,"template":"","format":"standard","meta":{"_acf_changed":false,"footnotes":""},"categories":[18,955],"tags":[2257,11,12,11142,30241,9099,30242,256,4226,8917,11799,11309,4747,8130],"class_list":{"0":"post-233315","1":"post","2":"type-post","3":"status-publish","4":"format-standard","5":"has-post-thumbnail","7":"category-noticias","8":"category-noticias-de-cuba","9":"tag-asilo-politico","10":"tag-cuba","11":"tag-cuballama","12":"tag-hamlet-lavastida","13":"tag-lia-villares","14":"tag-luis-manuel-otero-alcantara","15":"tag-luis-trapaga","16":"tag-miami","17":"tag-minint","18":"tag-movimiento-san-isidro","19":"tag-oscar-casanella","20":"tag-oswaldo-paya","21":"tag-represion","22":"tag-seguridad-del-estado"},"acf":[],"yoast_head":"<!-- This site is optimized with the Yoast SEO plugin v27.4 - https:\/\/yoast.com\/product\/yoast-seo-wordpress\/ -->\n<title>Activista Oscar Casanella reconoce en video viral, a agente de la Seguridad del Estado que lo reprimi\u00f3 en Cuba - Cuballama Noticias<\/title>\n<meta name=\"description\" content=\"Activista Oscar Casanella dice haber identificado al \u201cCapit\u00e1n Emilio\u201d, agente que lo reprimi\u00f3 en 2017 y 2020, mientras espera asilo en Miami.\" \/>\n<meta name=\"robots\" content=\"index, follow, max-snippet:-1, max-image-preview:large, max-video-preview:-1\" \/>\n<link rel=\"canonical\" href=\"https:\/\/www.cuballama.com\/noticias\/activista-oscar-casanella-reconoce-en-video-viral-a-agente-de-la-seguridad-del-estado-que-lo-reprimio-en-cuba\/\" \/>\n<meta property=\"og:locale\" content=\"es_ES\" \/>\n<meta property=\"og:type\" content=\"article\" \/>\n<meta property=\"og:title\" content=\"Activista Oscar Casanella reconoce en video viral, a agente de la Seguridad del Estado que lo reprimi\u00f3 en Cuba - Cuballama Noticias\" \/>\n<meta property=\"og:description\" content=\"Activista Oscar Casanella dice haber identificado al \u201cCapit\u00e1n Emilio\u201d, agente que lo reprimi\u00f3 en 2017 y 2020, mientras espera asilo en Miami.\" \/>\n<meta property=\"og:url\" content=\"https:\/\/www.cuballama.com\/noticias\/activista-oscar-casanella-reconoce-en-video-viral-a-agente-de-la-seguridad-del-estado-que-lo-reprimio-en-cuba\/\" \/>\n<meta property=\"og:site_name\" content=\"Cuballama Noticias\" \/>\n<meta property=\"article:publisher\" content=\"https:\/\/www.facebook.com\/CubaLlama\" \/>\n<meta property=\"article:published_time\" content=\"2026-01-26T17:04:08+00:00\" \/>\n<meta property=\"article:modified_time\" content=\"2026-01-26T17:04:27+00:00\" \/>\n<meta property=\"og:image\" content=\"https:\/\/cdn1.mediawpaccore.net\/wp-content\/uploads\/2026\/01\/26071111\/image-128.png\" \/>\n\t<meta property=\"og:image:width\" content=\"1966\" \/>\n\t<meta property=\"og:image:height\" content=\"1034\" \/>\n\t<meta property=\"og:image:type\" content=\"image\/png\" \/>\n<meta name=\"author\" content=\"Roberto A.\" \/>\n<meta name=\"twitter:card\" content=\"summary_large_image\" \/>\n<meta name=\"twitter:creator\" content=\"@cuballama\" \/>\n<meta name=\"twitter:site\" content=\"@cuballama\" \/>\n<meta name=\"twitter:label1\" content=\"Escrito por\" \/>\n\t<meta name=\"twitter:data1\" content=\"Roberto A.\" \/>\n\t<meta name=\"twitter:label2\" content=\"Tiempo de lectura\" \/>\n\t<meta name=\"twitter:data2\" content=\"4 minutos\" \/>\n<script type=\"application\/ld+json\" class=\"yoast-schema-graph\">{\"@context\":\"https:\\\/\\\/schema.org\",\"@graph\":[{\"@type\":\"Article\",\"@id\":\"https:\\\/\\\/www.cuballama.com\\\/noticias\\\/activista-oscar-casanella-reconoce-en-video-viral-a-agente-de-la-seguridad-del-estado-que-lo-reprimio-en-cuba\\\/#article\",\"isPartOf\":{\"@id\":\"https:\\\/\\\/www.cuballama.com\\\/noticias\\\/activista-oscar-casanella-reconoce-en-video-viral-a-agente-de-la-seguridad-del-estado-que-lo-reprimio-en-cuba\\\/\"},\"author\":{\"name\":\"Roberto A.\",\"@id\":\"https:\\\/\\\/www.cuballama.com\\\/noticias\\\/#\\\/schema\\\/person\\\/a58502ed4146c8e9f83872e897c76cd2\"},\"headline\":\"Activista Oscar Casanella reconoce en video viral, a agente de la Seguridad del Estado que lo reprimi\u00f3 en Cuba\",\"datePublished\":\"2026-01-26T17:04:08+00:00\",\"dateModified\":\"2026-01-26T17:04:27+00:00\",\"mainEntityOfPage\":{\"@id\":\"https:\\\/\\\/www.cuballama.com\\\/noticias\\\/activista-oscar-casanella-reconoce-en-video-viral-a-agente-de-la-seguridad-del-estado-que-lo-reprimio-en-cuba\\\/\"},\"wordCount\":786,\"commentCount\":0,\"publisher\":{\"@id\":\"https:\\\/\\\/www.cuballama.com\\\/noticias\\\/#organization\"},\"image\":{\"@id\":\"https:\\\/\\\/www.cuballama.com\\\/noticias\\\/activista-oscar-casanella-reconoce-en-video-viral-a-agente-de-la-seguridad-del-estado-que-lo-reprimio-en-cuba\\\/#primaryimage\"},\"thumbnailUrl\":\"https:\\\/\\\/cdn1.mediawpaccore.net\\\/wp-content\\\/uploads\\\/2026\\\/01\\\/26071111\\\/image-128.png\",\"keywords\":[\"Asilo Pol\u00edtico\",\"Cuba\",\"Cuballama\",\"Hamlet Lavastida\",\"L\u00eda Villares\",\"Luis Manuel Otero Alc\u00e1ntara\",\"Luis Tr\u00e1paga\",\"Miami\",\"MININT\",\"Movimiento San Isidro\",\"Oscar Casanella\",\"Oswaldo Pay\u00e1\",\"represi\u00f3n\",\"Seguridad del estado\"],\"articleSection\":[\"Noticias\",\"Noticias de Cuba\"],\"inLanguage\":\"es\",\"potentialAction\":[{\"@type\":\"CommentAction\",\"name\":\"Comment\",\"target\":[\"https:\\\/\\\/www.cuballama.com\\\/noticias\\\/activista-oscar-casanella-reconoce-en-video-viral-a-agente-de-la-seguridad-del-estado-que-lo-reprimio-en-cuba\\\/#respond\"]}]},{\"@type\":\"WebPage\",\"@id\":\"https:\\\/\\\/www.cuballama.com\\\/noticias\\\/activista-oscar-casanella-reconoce-en-video-viral-a-agente-de-la-seguridad-del-estado-que-lo-reprimio-en-cuba\\\/\",\"url\":\"https:\\\/\\\/www.cuballama.com\\\/noticias\\\/activista-oscar-casanella-reconoce-en-video-viral-a-agente-de-la-seguridad-del-estado-que-lo-reprimio-en-cuba\\\/\",\"name\":\"Activista Oscar Casanella reconoce en video viral, a agente de la Seguridad del Estado que lo reprimi\u00f3 en Cuba - Cuballama Noticias\",\"isPartOf\":{\"@id\":\"https:\\\/\\\/www.cuballama.com\\\/noticias\\\/#website\"},\"primaryImageOfPage\":{\"@id\":\"https:\\\/\\\/www.cuballama.com\\\/noticias\\\/activista-oscar-casanella-reconoce-en-video-viral-a-agente-de-la-seguridad-del-estado-que-lo-reprimio-en-cuba\\\/#primaryimage\"},\"image\":{\"@id\":\"https:\\\/\\\/www.cuballama.com\\\/noticias\\\/activista-oscar-casanella-reconoce-en-video-viral-a-agente-de-la-seguridad-del-estado-que-lo-reprimio-en-cuba\\\/#primaryimage\"},\"thumbnailUrl\":\"https:\\\/\\\/cdn1.mediawpaccore.net\\\/wp-content\\\/uploads\\\/2026\\\/01\\\/26071111\\\/image-128.png\",\"datePublished\":\"2026-01-26T17:04:08+00:00\",\"dateModified\":\"2026-01-26T17:04:27+00:00\",\"description\":\"Activista Oscar Casanella dice haber identificado al \u201cCapit\u00e1n Emilio\u201d, agente que lo reprimi\u00f3 en 2017 y 2020, mientras espera asilo en Miami.\",\"breadcrumb\":{\"@id\":\"https:\\\/\\\/www.cuballama.com\\\/noticias\\\/activista-oscar-casanella-reconoce-en-video-viral-a-agente-de-la-seguridad-del-estado-que-lo-reprimio-en-cuba\\\/#breadcrumb\"},\"inLanguage\":\"es\",\"potentialAction\":[{\"@type\":\"ReadAction\",\"target\":[\"https:\\\/\\\/www.cuballama.com\\\/noticias\\\/activista-oscar-casanella-reconoce-en-video-viral-a-agente-de-la-seguridad-del-estado-que-lo-reprimio-en-cuba\\\/\"]}]},{\"@type\":\"ImageObject\",\"inLanguage\":\"es\",\"@id\":\"https:\\\/\\\/www.cuballama.com\\\/noticias\\\/activista-oscar-casanella-reconoce-en-video-viral-a-agente-de-la-seguridad-del-estado-que-lo-reprimio-en-cuba\\\/#primaryimage\",\"url\":\"https:\\\/\\\/cdn1.mediawpaccore.net\\\/wp-content\\\/uploads\\\/2026\\\/01\\\/26071111\\\/image-128.png\",\"contentUrl\":\"https:\\\/\\\/cdn1.mediawpaccore.net\\\/wp-content\\\/uploads\\\/2026\\\/01\\\/26071111\\\/image-128.png\",\"width\":1966,\"height\":1034,\"caption\":\"Foto: Oscar Casanella \\\/ Facebook\"},{\"@type\":\"BreadcrumbList\",\"@id\":\"https:\\\/\\\/www.cuballama.com\\\/noticias\\\/activista-oscar-casanella-reconoce-en-video-viral-a-agente-de-la-seguridad-del-estado-que-lo-reprimio-en-cuba\\\/#breadcrumb\",\"itemListElement\":[{\"@type\":\"ListItem\",\"position\":1,\"name\":\"Home\",\"item\":\"https:\\\/\\\/www.cuballama.com\\\/noticias\\\/\"},{\"@type\":\"ListItem\",\"position\":2,\"name\":\"Activista Oscar Casanella reconoce en video viral, a agente de la Seguridad del Estado que lo reprimi\u00f3 en Cuba\"}]},{\"@type\":\"WebSite\",\"@id\":\"https:\\\/\\\/www.cuballama.com\\\/noticias\\\/#website\",\"url\":\"https:\\\/\\\/www.cuballama.com\\\/noticias\\\/\",\"name\":\"Cuballama Noticias\",\"description\":\"Medio digital sobre Cuba y el mundo\",\"publisher\":{\"@id\":\"https:\\\/\\\/www.cuballama.com\\\/noticias\\\/#organization\"},\"potentialAction\":[{\"@type\":\"SearchAction\",\"target\":{\"@type\":\"EntryPoint\",\"urlTemplate\":\"https:\\\/\\\/www.cuballama.com\\\/noticias\\\/?s={search_term_string}\"},\"query-input\":{\"@type\":\"PropertyValueSpecification\",\"valueRequired\":true,\"valueName\":\"search_term_string\"}}],\"inLanguage\":\"es\"},{\"@type\":\"Organization\",\"@id\":\"https:\\\/\\\/www.cuballama.com\\\/noticias\\\/#organization\",\"name\":\"Cuballama\",\"url\":\"https:\\\/\\\/www.cuballama.com\\\/noticias\\\/\",\"logo\":{\"@type\":\"ImageObject\",\"inLanguage\":\"es\",\"@id\":\"https:\\\/\\\/www.cuballama.com\\\/noticias\\\/#\\\/schema\\\/logo\\\/image\\\/\",\"url\":\"https:\\\/\\\/cdn1.mediawpaccore.net\\\/wp-content\\\/uploads\\\/2021\\\/12\\\/28171206\\\/cbll-logo-color-sm.png\",\"contentUrl\":\"https:\\\/\\\/cdn1.mediawpaccore.net\\\/wp-content\\\/uploads\\\/2021\\\/12\\\/28171206\\\/cbll-logo-color-sm.png\",\"width\":600,\"height\":133,\"caption\":\"Cuballama\"},\"image\":{\"@id\":\"https:\\\/\\\/www.cuballama.com\\\/noticias\\\/#\\\/schema\\\/logo\\\/image\\\/\"},\"sameAs\":[\"https:\\\/\\\/www.facebook.com\\\/CubaLlama\",\"https:\\\/\\\/x.com\\\/cuballama\",\"https:\\\/\\\/www.instagram.com\\\/stories\\\/cuballama_oficial\\\/\",\"https:\\\/\\\/www.youtube.com\\\/channel\\\/UCKkFE-d_axENGZcrc4as0IA\"]},{\"@type\":\"Person\",\"@id\":\"https:\\\/\\\/www.cuballama.com\\\/noticias\\\/#\\\/schema\\\/person\\\/a58502ed4146c8e9f83872e897c76cd2\",\"name\":\"Roberto A.\",\"description\":\"Roberto A. Periodista por decisi\u00f3n propia. Interesado en cualquier tema que me apasione y cada vez m\u00e1s comprometido con la verdad y la objetividad period\u00edstica. Graduado en La Habana hace ya muchos a\u00f1os, luego de una accidentada y polvorienta b\u00fasqueda de informaci\u00f3n sobre un tema in\u00e9dito. La Tesis, por cierto, desapareci\u00f3 de la biblioteca y no se conservan copias de la misma.\",\"url\":\"https:\\\/\\\/www.cuballama.com\\\/noticias\\\/author\\\/roberto\\\/\"}]}<\/script>\n<!-- \/ Yoast SEO plugin. -->","yoast_head_json":{"title":"Activista Oscar Casanella reconoce en video viral, a agente de la Seguridad del Estado que lo reprimi\u00f3 en Cuba - Cuballama Noticias","description":"Activista Oscar Casanella dice haber identificado al \u201cCapit\u00e1n Emilio\u201d, agente que lo reprimi\u00f3 en 2017 y 2020, mientras espera asilo en Miami.","robots":{"index":"index","follow":"follow","max-snippet":"max-snippet:-1","max-image-preview":"max-image-preview:large","max-video-preview":"max-video-preview:-1"},"canonical":"https:\/\/www.cuballama.com\/noticias\/activista-oscar-casanella-reconoce-en-video-viral-a-agente-de-la-seguridad-del-estado-que-lo-reprimio-en-cuba\/","og_locale":"es_ES","og_type":"article","og_title":"Activista Oscar Casanella reconoce en video viral, a agente de la Seguridad del Estado que lo reprimi\u00f3 en Cuba - Cuballama Noticias","og_description":"Activista Oscar Casanella dice haber identificado al \u201cCapit\u00e1n Emilio\u201d, agente que lo reprimi\u00f3 en 2017 y 2020, mientras espera asilo en Miami.","og_url":"https:\/\/www.cuballama.com\/noticias\/activista-oscar-casanella-reconoce-en-video-viral-a-agente-de-la-seguridad-del-estado-que-lo-reprimio-en-cuba\/","og_site_name":"Cuballama Noticias","article_publisher":"https:\/\/www.facebook.com\/CubaLlama","article_published_time":"2026-01-26T17:04:08+00:00","article_modified_time":"2026-01-26T17:04:27+00:00","og_image":[{"width":1966,"height":1034,"url":"https:\/\/cdn1.mediawpaccore.net\/wp-content\/uploads\/2026\/01\/26071111\/image-128.png","type":"image\/png"}],"author":"Roberto A.","twitter_card":"summary_large_image","twitter_creator":"@cuballama","twitter_site":"@cuballama","twitter_misc":{"Escrito por":"Roberto A.","Tiempo de lectura":"4 minutos"},"schema":{"@context":"https:\/\/schema.org","@graph":[{"@type":"Article","@id":"https:\/\/www.cuballama.com\/noticias\/activista-oscar-casanella-reconoce-en-video-viral-a-agente-de-la-seguridad-del-estado-que-lo-reprimio-en-cuba\/#article","isPartOf":{"@id":"https:\/\/www.cuballama.com\/noticias\/activista-oscar-casanella-reconoce-en-video-viral-a-agente-de-la-seguridad-del-estado-que-lo-reprimio-en-cuba\/"},"author":{"name":"Roberto A.","@id":"https:\/\/www.cuballama.com\/noticias\/#\/schema\/person\/a58502ed4146c8e9f83872e897c76cd2"},"headline":"Activista Oscar Casanella reconoce en video viral, a agente de la Seguridad del Estado que lo reprimi\u00f3 en Cuba","datePublished":"2026-01-26T17:04:08+00:00","dateModified":"2026-01-26T17:04:27+00:00","mainEntityOfPage":{"@id":"https:\/\/www.cuballama.com\/noticias\/activista-oscar-casanella-reconoce-en-video-viral-a-agente-de-la-seguridad-del-estado-que-lo-reprimio-en-cuba\/"},"wordCount":786,"commentCount":0,"publisher":{"@id":"https:\/\/www.cuballama.com\/noticias\/#organization"},"image":{"@id":"https:\/\/www.cuballama.com\/noticias\/activista-oscar-casanella-reconoce-en-video-viral-a-agente-de-la-seguridad-del-estado-que-lo-reprimio-en-cuba\/#primaryimage"},"thumbnailUrl":"https:\/\/cdn1.mediawpaccore.net\/wp-content\/uploads\/2026\/01\/26071111\/image-128.png","keywords":["Asilo Pol\u00edtico","Cuba","Cuballama","Hamlet Lavastida","L\u00eda Villares","Luis Manuel Otero Alc\u00e1ntara","Luis Tr\u00e1paga","Miami","MININT","Movimiento San Isidro","Oscar Casanella","Oswaldo Pay\u00e1","represi\u00f3n","Seguridad del estado"],"articleSection":["Noticias","Noticias de Cuba"],"inLanguage":"es","potentialAction":[{"@type":"CommentAction","name":"Comment","target":["https:\/\/www.cuballama.com\/noticias\/activista-oscar-casanella-reconoce-en-video-viral-a-agente-de-la-seguridad-del-estado-que-lo-reprimio-en-cuba\/#respond"]}]},{"@type":"WebPage","@id":"https:\/\/www.cuballama.com\/noticias\/activista-oscar-casanella-reconoce-en-video-viral-a-agente-de-la-seguridad-del-estado-que-lo-reprimio-en-cuba\/","url":"https:\/\/www.cuballama.com\/noticias\/activista-oscar-casanella-reconoce-en-video-viral-a-agente-de-la-seguridad-del-estado-que-lo-reprimio-en-cuba\/","name":"Activista Oscar Casanella reconoce en video viral, a agente de la Seguridad del Estado que lo reprimi\u00f3 en Cuba - Cuballama Noticias","isPartOf":{"@id":"https:\/\/www.cuballama.com\/noticias\/#website"},"primaryImageOfPage":{"@id":"https:\/\/www.cuballama.com\/noticias\/activista-oscar-casanella-reconoce-en-video-viral-a-agente-de-la-seguridad-del-estado-que-lo-reprimio-en-cuba\/#primaryimage"},"image":{"@id":"https:\/\/www.cuballama.com\/noticias\/activista-oscar-casanella-reconoce-en-video-viral-a-agente-de-la-seguridad-del-estado-que-lo-reprimio-en-cuba\/#primaryimage"},"thumbnailUrl":"https:\/\/cdn1.mediawpaccore.net\/wp-content\/uploads\/2026\/01\/26071111\/image-128.png","datePublished":"2026-01-26T17:04:08+00:00","dateModified":"2026-01-26T17:04:27+00:00","description":"Activista Oscar Casanella dice haber identificado al \u201cCapit\u00e1n Emilio\u201d, agente que lo reprimi\u00f3 en 2017 y 2020, mientras espera asilo en Miami.","breadcrumb":{"@id":"https:\/\/www.cuballama.com\/noticias\/activista-oscar-casanella-reconoce-en-video-viral-a-agente-de-la-seguridad-del-estado-que-lo-reprimio-en-cuba\/#breadcrumb"},"inLanguage":"es","potentialAction":[{"@type":"ReadAction","target":["https:\/\/www.cuballama.com\/noticias\/activista-oscar-casanella-reconoce-en-video-viral-a-agente-de-la-seguridad-del-estado-que-lo-reprimio-en-cuba\/"]}]},{"@type":"ImageObject","inLanguage":"es","@id":"https:\/\/www.cuballama.com\/noticias\/activista-oscar-casanella-reconoce-en-video-viral-a-agente-de-la-seguridad-del-estado-que-lo-reprimio-en-cuba\/#primaryimage","url":"https:\/\/cdn1.mediawpaccore.net\/wp-content\/uploads\/2026\/01\/26071111\/image-128.png","contentUrl":"https:\/\/cdn1.mediawpaccore.net\/wp-content\/uploads\/2026\/01\/26071111\/image-128.png","width":1966,"height":1034,"caption":"Foto: Oscar Casanella \/ Facebook"},{"@type":"BreadcrumbList","@id":"https:\/\/www.cuballama.com\/noticias\/activista-oscar-casanella-reconoce-en-video-viral-a-agente-de-la-seguridad-del-estado-que-lo-reprimio-en-cuba\/#breadcrumb","itemListElement":[{"@type":"ListItem","position":1,"name":"Home","item":"https:\/\/www.cuballama.com\/noticias\/"},{"@type":"ListItem","position":2,"name":"Activista Oscar Casanella reconoce en video viral, a agente de la Seguridad del Estado que lo reprimi\u00f3 en Cuba"}]},{"@type":"WebSite","@id":"https:\/\/www.cuballama.com\/noticias\/#website","url":"https:\/\/www.cuballama.com\/noticias\/","name":"Cuballama Noticias","description":"Medio digital sobre Cuba y el mundo","publisher":{"@id":"https:\/\/www.cuballama.com\/noticias\/#organization"},"potentialAction":[{"@type":"SearchAction","target":{"@type":"EntryPoint","urlTemplate":"https:\/\/www.cuballama.com\/noticias\/?s={search_term_string}"},"query-input":{"@type":"PropertyValueSpecification","valueRequired":true,"valueName":"search_term_string"}}],"inLanguage":"es"},{"@type":"Organization","@id":"https:\/\/www.cuballama.com\/noticias\/#organization","name":"Cuballama","url":"https:\/\/www.cuballama.com\/noticias\/","logo":{"@type":"ImageObject","inLanguage":"es","@id":"https:\/\/www.cuballama.com\/noticias\/#\/schema\/logo\/image\/","url":"https:\/\/cdn1.mediawpaccore.net\/wp-content\/uploads\/2021\/12\/28171206\/cbll-logo-color-sm.png","contentUrl":"https:\/\/cdn1.mediawpaccore.net\/wp-content\/uploads\/2021\/12\/28171206\/cbll-logo-color-sm.png","width":600,"height":133,"caption":"Cuballama"},"image":{"@id":"https:\/\/www.cuballama.com\/noticias\/#\/schema\/logo\/image\/"},"sameAs":["https:\/\/www.facebook.com\/CubaLlama","https:\/\/x.com\/cuballama","https:\/\/www.instagram.com\/stories\/cuballama_oficial\/","https:\/\/www.youtube.com\/channel\/UCKkFE-d_axENGZcrc4as0IA"]},{"@type":"Person","@id":"https:\/\/www.cuballama.com\/noticias\/#\/schema\/person\/a58502ed4146c8e9f83872e897c76cd2","name":"Roberto A.","description":"Roberto A. Periodista por decisi\u00f3n propia. Interesado en cualquier tema que me apasione y cada vez m\u00e1s comprometido con la verdad y la objetividad period\u00edstica. Graduado en La Habana hace ya muchos a\u00f1os, luego de una accidentada y polvorienta b\u00fasqueda de informaci\u00f3n sobre un tema in\u00e9dito. La Tesis, por cierto, desapareci\u00f3 de la biblioteca y no se conservan copias de la misma.","url":"https:\/\/www.cuballama.com\/noticias\/author\/roberto\/"}]}},"_links":{"self":[{"href":"https:\/\/www.cuballama.com\/noticias\/wp-json\/wp\/v2\/posts\/233315","targetHints":{"allow":["GET"]}}],"collection":[{"href":"https:\/\/www.cuballama.com\/noticias\/wp-json\/wp\/v2\/posts"}],"about":[{"href":"https:\/\/www.cuballama.com\/noticias\/wp-json\/wp\/v2\/types\/post"}],"author":[{"embeddable":true,"href":"https:\/\/www.cuballama.com\/noticias\/wp-json\/wp\/v2\/users\/13"}],"replies":[{"embeddable":true,"href":"https:\/\/www.cuballama.com\/noticias\/wp-json\/wp\/v2\/comments?post=233315"}],"version-history":[{"count":3,"href":"https:\/\/www.cuballama.com\/noticias\/wp-json\/wp\/v2\/posts\/233315\/revisions"}],"predecessor-version":[{"id":233355,"href":"https:\/\/www.cuballama.com\/noticias\/wp-json\/wp\/v2\/posts\/233315\/revisions\/233355"}],"wp:featuredmedia":[{"embeddable":true,"href":"https:\/\/www.cuballama.com\/noticias\/wp-json\/wp\/v2\/media\/233353"}],"wp:attachment":[{"href":"https:\/\/www.cuballama.com\/noticias\/wp-json\/wp\/v2\/media?parent=233315"}],"wp:term":[{"taxonomy":"category","embeddable":true,"href":"https:\/\/www.cuballama.com\/noticias\/wp-json\/wp\/v2\/categories?post=233315"},{"taxonomy":"post_tag","embeddable":true,"href":"https:\/\/www.cuballama.com\/noticias\/wp-json\/wp\/v2\/tags?post=233315"}],"curies":[{"name":"wp","href":"https:\/\/api.w.org\/{rel}","templated":true}]}}