{"id":233267,"date":"2026-01-29T09:42:45","date_gmt":"2026-01-29T14:42:45","guid":{"rendered":"https:\/\/www.cuballama.com\/noticias\/?p=233267"},"modified":"2026-01-29T09:42:47","modified_gmt":"2026-01-29T14:42:47","slug":"cuba-reactiva-su-mayor-mina-de-oro-en-medio-de-crisis-economica-y-presion-de-eeuu","status":"publish","type":"post","link":"https:\/\/www.cuballama.com\/noticias\/cuba-reactiva-su-mayor-mina-de-oro-en-medio-de-crisis-economica-y-presion-de-eeuu\/","title":{"rendered":"Cuba reactiva su mayor mina de oro en medio de crisis econ\u00f3mica y presi\u00f3n de EEUU"},"content":{"rendered":"\n<p>La Gaceta Oficial de la Rep\u00fablica de Cuba ha hecho p\u00fablica una nueva concesi\u00f3n de explotaci\u00f3n a la Empresa Geominera de Camag\u00fcey sobre el \u00e1rea denominada \u00abOro Big Golden Hill\u00bb, ubicada en el municipio de Jobabo, provincia de Las Tunas.<\/p>\n\n\n\n<p>La autorizaci\u00f3n, que tiene como objetivo la obtenci\u00f3n de oro se extender\u00e1 por un t\u00e9rmino de tres a\u00f1os, de acuerdo a medios oficialistas. <\/p>\n\n\n\n<p>El yacimiento Golden Hills es la primera mina de oro creada en Cuba en el siglo XX y se erige como las mayores reservas de oro de la naci\u00f3n desde el a\u00f1o 2011. Esta mina manten\u00eda una capacidad de producci\u00f3n que promediaba entre 10 y 12 kilogramos de oro mensual, lo que podr\u00eda traducirse en una extracci\u00f3n anual de aproximadamente 110 kilogramos del preciado metal.<\/p>\n\n\n\n<p>La actividad minera a cielo abierto en Jobabo es uno de los recursos del r\u00e9gimen cubano para el aporte de divisas y es uno de los proyectos de cabecera de la Geominera Camag\u00fcey. La actuaci\u00f3n de esta empresa abarca una amplia zona que va desde Ciego de \u00c1vila hasta Las Tunas, donde tambi\u00e9n se han realizado grandes inversiones en otros municipios como Gu\u00e1imaro, seg\u00fan datos oficiales.<\/p>\n\n\n\n<p>Este proyecto tiene lugar en medio de la grave crisis que vive el pa\u00eds que ha tocado fondo en la econom\u00eda y la falta de divisas para adquirir combustible, lo que ha llevado a la isla al colapso.<\/p>\n\n\n\n<p><\/p>\n","protected":false},"excerpt":{"rendered":"<p>La Gaceta Oficial de la Rep\u00fablica de Cuba ha hecho p\u00fablica una nueva concesi\u00f3n de explotaci\u00f3n a la Empresa Geominera de Camag\u00fcey sobre el \u00e1rea denominada \u00abOro Big Golden Hill\u00bb, ubicada en el municipio de Jobabo, provincia de Las Tunas. La autorizaci\u00f3n, que tiene como objetivo la obtenci\u00f3n de oro se extender\u00e1 por un t\u00e9rmino [&hellip;]<\/p>\n","protected":false},"author":24,"featured_media":82518,"comment_status":"open","ping_status":"closed","sticky":false,"template":"","format":"standard","meta":{"_acf_changed":false,"footnotes":""},"categories":[18,955],"tags":[10867,11,941,17422,744],"class_list":{"0":"post-233267","1":"post","2":"type-post","3":"status-publish","4":"format-standard","5":"has-post-thumbnail","7":"category-noticias","8":"category-noticias-de-cuba","9":"tag-crisis-en-cuba","10":"tag-cuba","11":"tag-destacado","12":"tag-minas-de-oro","13":"tag-oro"},"acf":[],"yoast_head":"<!-- This site is optimized with the Yoast SEO plugin v27.5 - https:\/\/yoast.com\/product\/yoast-seo-wordpress\/ -->\n<title>Cuba reactiva su mayor mina de oro en medio de crisis econ\u00f3mica y presi\u00f3n de EEUU - Cuballama Noticias<\/title>\n<meta name=\"description\" content=\"La autorizaci\u00f3n, que tiene como objetivo la obtenci\u00f3n de oro se extender\u00e1 por un t\u00e9rmino de tres a\u00f1os, de acuerdp a medios oficiale.\" \/>\n<meta name=\"robots\" content=\"index, follow, max-snippet:-1, max-image-preview:large, max-video-preview:-1\" \/>\n<link rel=\"canonical\" href=\"https:\/\/www.cuballama.com\/noticias\/cuba-reactiva-su-mayor-mina-de-oro-en-medio-de-crisis-economica-y-presion-de-eeuu\/\" \/>\n<meta property=\"og:locale\" content=\"es_ES\" \/>\n<meta property=\"og:type\" content=\"article\" \/>\n<meta property=\"og:title\" content=\"Cuba reactiva su mayor mina de oro en medio de crisis econ\u00f3mica y presi\u00f3n de EEUU - Cuballama Noticias\" \/>\n<meta property=\"og:description\" content=\"La autorizaci\u00f3n, que tiene como objetivo la obtenci\u00f3n de oro se extender\u00e1 por un t\u00e9rmino de tres a\u00f1os, de acuerdp a medios oficiale.\" \/>\n<meta property=\"og:url\" content=\"https:\/\/www.cuballama.com\/noticias\/cuba-reactiva-su-mayor-mina-de-oro-en-medio-de-crisis-economica-y-presion-de-eeuu\/\" \/>\n<meta property=\"og:site_name\" content=\"Cuballama Noticias\" \/>\n<meta property=\"article:publisher\" content=\"https:\/\/www.facebook.com\/CubaLlama\" \/>\n<meta property=\"article:published_time\" content=\"2026-01-29T14:42:45+00:00\" \/>\n<meta property=\"article:modified_time\" content=\"2026-01-29T14:42:47+00:00\" \/>\n<meta property=\"og:image\" content=\"https:\/\/cdn1.mediawpaccore.net\/wp-content\/uploads\/2021\/12\/08070025\/Oro-Cuba-Galeria-Jacinto.jpg\" \/>\n\t<meta property=\"og:image:width\" content=\"580\" \/>\n\t<meta property=\"og:image:height\" content=\"330\" \/>\n\t<meta property=\"og:image:type\" content=\"image\/jpeg\" \/>\n<meta name=\"author\" content=\"Manu\" \/>\n<meta name=\"twitter:card\" content=\"summary_large_image\" \/>\n<meta name=\"twitter:creator\" content=\"@cuballama\" \/>\n<meta name=\"twitter:site\" content=\"@cuballama\" \/>\n<meta name=\"twitter:label1\" content=\"Escrito por\" \/>\n\t<meta name=\"twitter:data1\" content=\"Manu\" \/>\n\t<meta name=\"twitter:label2\" content=\"Tiempo de lectura\" \/>\n\t<meta name=\"twitter:data2\" content=\"2 minutos\" \/>\n<script type=\"application\/ld+json\" class=\"yoast-schema-graph\">{\"@context\":\"https:\\\/\\\/schema.org\",\"@graph\":[{\"@type\":\"Article\",\"@id\":\"https:\\\/\\\/www.cuballama.com\\\/noticias\\\/cuba-reactiva-su-mayor-mina-de-oro-en-medio-de-crisis-economica-y-presion-de-eeuu\\\/#article\",\"isPartOf\":{\"@id\":\"https:\\\/\\\/www.cuballama.com\\\/noticias\\\/cuba-reactiva-su-mayor-mina-de-oro-en-medio-de-crisis-economica-y-presion-de-eeuu\\\/\"},\"author\":{\"name\":\"Manu\",\"@id\":\"https:\\\/\\\/www.cuballama.com\\\/noticias\\\/#\\\/schema\\\/person\\\/5889f7d070564f8386e7944d14d436cd\"},\"headline\":\"Cuba reactiva su mayor mina de oro en medio de crisis econ\u00f3mica y presi\u00f3n de EEUU\",\"datePublished\":\"2026-01-29T14:42:45+00:00\",\"dateModified\":\"2026-01-29T14:42:47+00:00\",\"mainEntityOfPage\":{\"@id\":\"https:\\\/\\\/www.cuballama.com\\\/noticias\\\/cuba-reactiva-su-mayor-mina-de-oro-en-medio-de-crisis-economica-y-presion-de-eeuu\\\/\"},\"wordCount\":269,\"commentCount\":0,\"publisher\":{\"@id\":\"https:\\\/\\\/www.cuballama.com\\\/noticias\\\/#organization\"},\"image\":{\"@id\":\"https:\\\/\\\/www.cuballama.com\\\/noticias\\\/cuba-reactiva-su-mayor-mina-de-oro-en-medio-de-crisis-economica-y-presion-de-eeuu\\\/#primaryimage\"},\"thumbnailUrl\":\"https:\\\/\\\/cdn1.mediawpaccore.net\\\/wp-content\\\/uploads\\\/2021\\\/12\\\/08070025\\\/Oro-Cuba-Galeria-Jacinto.jpg\",\"keywords\":[\"Crisis en Cuba\",\"Cuba\",\"destacado\",\"minas de oro\",\"Oro\"],\"articleSection\":[\"Noticias\",\"Noticias de Cuba\"],\"inLanguage\":\"es\",\"potentialAction\":[{\"@type\":\"CommentAction\",\"name\":\"Comment\",\"target\":[\"https:\\\/\\\/www.cuballama.com\\\/noticias\\\/cuba-reactiva-su-mayor-mina-de-oro-en-medio-de-crisis-economica-y-presion-de-eeuu\\\/#respond\"]}]},{\"@type\":\"WebPage\",\"@id\":\"https:\\\/\\\/www.cuballama.com\\\/noticias\\\/cuba-reactiva-su-mayor-mina-de-oro-en-medio-de-crisis-economica-y-presion-de-eeuu\\\/\",\"url\":\"https:\\\/\\\/www.cuballama.com\\\/noticias\\\/cuba-reactiva-su-mayor-mina-de-oro-en-medio-de-crisis-economica-y-presion-de-eeuu\\\/\",\"name\":\"Cuba reactiva su mayor mina de oro en medio de crisis econ\u00f3mica y presi\u00f3n de EEUU - Cuballama Noticias\",\"isPartOf\":{\"@id\":\"https:\\\/\\\/www.cuballama.com\\\/noticias\\\/#website\"},\"primaryImageOfPage\":{\"@id\":\"https:\\\/\\\/www.cuballama.com\\\/noticias\\\/cuba-reactiva-su-mayor-mina-de-oro-en-medio-de-crisis-economica-y-presion-de-eeuu\\\/#primaryimage\"},\"image\":{\"@id\":\"https:\\\/\\\/www.cuballama.com\\\/noticias\\\/cuba-reactiva-su-mayor-mina-de-oro-en-medio-de-crisis-economica-y-presion-de-eeuu\\\/#primaryimage\"},\"thumbnailUrl\":\"https:\\\/\\\/cdn1.mediawpaccore.net\\\/wp-content\\\/uploads\\\/2021\\\/12\\\/08070025\\\/Oro-Cuba-Galeria-Jacinto.jpg\",\"datePublished\":\"2026-01-29T14:42:45+00:00\",\"dateModified\":\"2026-01-29T14:42:47+00:00\",\"description\":\"La autorizaci\u00f3n, que tiene como objetivo la obtenci\u00f3n de oro se extender\u00e1 por un t\u00e9rmino de tres a\u00f1os, de acuerdp a medios oficiale.\",\"breadcrumb\":{\"@id\":\"https:\\\/\\\/www.cuballama.com\\\/noticias\\\/cuba-reactiva-su-mayor-mina-de-oro-en-medio-de-crisis-economica-y-presion-de-eeuu\\\/#breadcrumb\"},\"inLanguage\":\"es\",\"potentialAction\":[{\"@type\":\"ReadAction\",\"target\":[\"https:\\\/\\\/www.cuballama.com\\\/noticias\\\/cuba-reactiva-su-mayor-mina-de-oro-en-medio-de-crisis-economica-y-presion-de-eeuu\\\/\"]}]},{\"@type\":\"ImageObject\",\"inLanguage\":\"es\",\"@id\":\"https:\\\/\\\/www.cuballama.com\\\/noticias\\\/cuba-reactiva-su-mayor-mina-de-oro-en-medio-de-crisis-economica-y-presion-de-eeuu\\\/#primaryimage\",\"url\":\"https:\\\/\\\/cdn1.mediawpaccore.net\\\/wp-content\\\/uploads\\\/2021\\\/12\\\/08070025\\\/Oro-Cuba-Galeria-Jacinto.jpg\",\"contentUrl\":\"https:\\\/\\\/cdn1.mediawpaccore.net\\\/wp-content\\\/uploads\\\/2021\\\/12\\\/08070025\\\/Oro-Cuba-Galeria-Jacinto.jpg\",\"width\":580,\"height\":330,\"caption\":\"A finales de noviembre se confirm\u00f3 la existencia de 8 toneladas del metal precioso en la regi\u00f3n, de las cuales 7,6 ya se hallan listas para que el Servicio Geol\u00f3gico del Ministerio de Energ\u00eda y Minas (Minem) inicie un proceso de estudio de factibilidad t\u00e9cnico-econ\u00f3mico. . Foto: Empresa Geominera de Camag\u00fcey.\"},{\"@type\":\"BreadcrumbList\",\"@id\":\"https:\\\/\\\/www.cuballama.com\\\/noticias\\\/cuba-reactiva-su-mayor-mina-de-oro-en-medio-de-crisis-economica-y-presion-de-eeuu\\\/#breadcrumb\",\"itemListElement\":[{\"@type\":\"ListItem\",\"position\":1,\"name\":\"Home\",\"item\":\"https:\\\/\\\/www.cuballama.com\\\/noticias\\\/\"},{\"@type\":\"ListItem\",\"position\":2,\"name\":\"Cuba reactiva su mayor mina de oro en medio de crisis econ\u00f3mica y presi\u00f3n de EEUU\"}]},{\"@type\":\"WebSite\",\"@id\":\"https:\\\/\\\/www.cuballama.com\\\/noticias\\\/#website\",\"url\":\"https:\\\/\\\/www.cuballama.com\\\/noticias\\\/\",\"name\":\"Cuballama Noticias\",\"description\":\"Medio digital sobre Cuba y el mundo\",\"publisher\":{\"@id\":\"https:\\\/\\\/www.cuballama.com\\\/noticias\\\/#organization\"},\"potentialAction\":[{\"@type\":\"SearchAction\",\"target\":{\"@type\":\"EntryPoint\",\"urlTemplate\":\"https:\\\/\\\/www.cuballama.com\\\/noticias\\\/?s={search_term_string}\"},\"query-input\":{\"@type\":\"PropertyValueSpecification\",\"valueRequired\":true,\"valueName\":\"search_term_string\"}}],\"inLanguage\":\"es\"},{\"@type\":\"Organization\",\"@id\":\"https:\\\/\\\/www.cuballama.com\\\/noticias\\\/#organization\",\"name\":\"Cuballama\",\"url\":\"https:\\\/\\\/www.cuballama.com\\\/noticias\\\/\",\"logo\":{\"@type\":\"ImageObject\",\"inLanguage\":\"es\",\"@id\":\"https:\\\/\\\/www.cuballama.com\\\/noticias\\\/#\\\/schema\\\/logo\\\/image\\\/\",\"url\":\"https:\\\/\\\/cdn1.mediawpaccore.net\\\/wp-content\\\/uploads\\\/2021\\\/12\\\/28171206\\\/cbll-logo-color-sm.png\",\"contentUrl\":\"https:\\\/\\\/cdn1.mediawpaccore.net\\\/wp-content\\\/uploads\\\/2021\\\/12\\\/28171206\\\/cbll-logo-color-sm.png\",\"width\":600,\"height\":133,\"caption\":\"Cuballama\"},\"image\":{\"@id\":\"https:\\\/\\\/www.cuballama.com\\\/noticias\\\/#\\\/schema\\\/logo\\\/image\\\/\"},\"sameAs\":[\"https:\\\/\\\/www.facebook.com\\\/CubaLlama\",\"https:\\\/\\\/x.com\\\/cuballama\",\"https:\\\/\\\/www.instagram.com\\\/stories\\\/cuballama_oficial\\\/\",\"https:\\\/\\\/www.youtube.com\\\/channel\\\/UCKkFE-d_axENGZcrc4as0IA\"]},{\"@type\":\"Person\",\"@id\":\"https:\\\/\\\/www.cuballama.com\\\/noticias\\\/#\\\/schema\\\/person\\\/5889f7d070564f8386e7944d14d436cd\",\"name\":\"Manu\",\"url\":\"https:\\\/\\\/www.cuballama.com\\\/noticias\\\/author\\\/manu\\\/\"}]}<\/script>\n<!-- \/ Yoast SEO plugin. -->","yoast_head_json":{"title":"Cuba reactiva su mayor mina de oro en medio de crisis econ\u00f3mica y presi\u00f3n de EEUU - Cuballama Noticias","description":"La autorizaci\u00f3n, que tiene como objetivo la obtenci\u00f3n de oro se extender\u00e1 por un t\u00e9rmino de tres a\u00f1os, de acuerdp a medios oficiale.","robots":{"index":"index","follow":"follow","max-snippet":"max-snippet:-1","max-image-preview":"max-image-preview:large","max-video-preview":"max-video-preview:-1"},"canonical":"https:\/\/www.cuballama.com\/noticias\/cuba-reactiva-su-mayor-mina-de-oro-en-medio-de-crisis-economica-y-presion-de-eeuu\/","og_locale":"es_ES","og_type":"article","og_title":"Cuba reactiva su mayor mina de oro en medio de crisis econ\u00f3mica y presi\u00f3n de EEUU - Cuballama Noticias","og_description":"La autorizaci\u00f3n, que tiene como objetivo la obtenci\u00f3n de oro se extender\u00e1 por un t\u00e9rmino de tres a\u00f1os, de acuerdp a medios oficiale.","og_url":"https:\/\/www.cuballama.com\/noticias\/cuba-reactiva-su-mayor-mina-de-oro-en-medio-de-crisis-economica-y-presion-de-eeuu\/","og_site_name":"Cuballama Noticias","article_publisher":"https:\/\/www.facebook.com\/CubaLlama","article_published_time":"2026-01-29T14:42:45+00:00","article_modified_time":"2026-01-29T14:42:47+00:00","og_image":[{"width":580,"height":330,"url":"https:\/\/cdn1.mediawpaccore.net\/wp-content\/uploads\/2021\/12\/08070025\/Oro-Cuba-Galeria-Jacinto.jpg","type":"image\/jpeg"}],"author":"Manu","twitter_card":"summary_large_image","twitter_creator":"@cuballama","twitter_site":"@cuballama","twitter_misc":{"Escrito por":"Manu","Tiempo de lectura":"2 minutos"},"schema":{"@context":"https:\/\/schema.org","@graph":[{"@type":"Article","@id":"https:\/\/www.cuballama.com\/noticias\/cuba-reactiva-su-mayor-mina-de-oro-en-medio-de-crisis-economica-y-presion-de-eeuu\/#article","isPartOf":{"@id":"https:\/\/www.cuballama.com\/noticias\/cuba-reactiva-su-mayor-mina-de-oro-en-medio-de-crisis-economica-y-presion-de-eeuu\/"},"author":{"name":"Manu","@id":"https:\/\/www.cuballama.com\/noticias\/#\/schema\/person\/5889f7d070564f8386e7944d14d436cd"},"headline":"Cuba reactiva su mayor mina de oro en medio de crisis econ\u00f3mica y presi\u00f3n de EEUU","datePublished":"2026-01-29T14:42:45+00:00","dateModified":"2026-01-29T14:42:47+00:00","mainEntityOfPage":{"@id":"https:\/\/www.cuballama.com\/noticias\/cuba-reactiva-su-mayor-mina-de-oro-en-medio-de-crisis-economica-y-presion-de-eeuu\/"},"wordCount":269,"commentCount":0,"publisher":{"@id":"https:\/\/www.cuballama.com\/noticias\/#organization"},"image":{"@id":"https:\/\/www.cuballama.com\/noticias\/cuba-reactiva-su-mayor-mina-de-oro-en-medio-de-crisis-economica-y-presion-de-eeuu\/#primaryimage"},"thumbnailUrl":"https:\/\/cdn1.mediawpaccore.net\/wp-content\/uploads\/2021\/12\/08070025\/Oro-Cuba-Galeria-Jacinto.jpg","keywords":["Crisis en Cuba","Cuba","destacado","minas de oro","Oro"],"articleSection":["Noticias","Noticias de Cuba"],"inLanguage":"es","potentialAction":[{"@type":"CommentAction","name":"Comment","target":["https:\/\/www.cuballama.com\/noticias\/cuba-reactiva-su-mayor-mina-de-oro-en-medio-de-crisis-economica-y-presion-de-eeuu\/#respond"]}]},{"@type":"WebPage","@id":"https:\/\/www.cuballama.com\/noticias\/cuba-reactiva-su-mayor-mina-de-oro-en-medio-de-crisis-economica-y-presion-de-eeuu\/","url":"https:\/\/www.cuballama.com\/noticias\/cuba-reactiva-su-mayor-mina-de-oro-en-medio-de-crisis-economica-y-presion-de-eeuu\/","name":"Cuba reactiva su mayor mina de oro en medio de crisis econ\u00f3mica y presi\u00f3n de EEUU - Cuballama Noticias","isPartOf":{"@id":"https:\/\/www.cuballama.com\/noticias\/#website"},"primaryImageOfPage":{"@id":"https:\/\/www.cuballama.com\/noticias\/cuba-reactiva-su-mayor-mina-de-oro-en-medio-de-crisis-economica-y-presion-de-eeuu\/#primaryimage"},"image":{"@id":"https:\/\/www.cuballama.com\/noticias\/cuba-reactiva-su-mayor-mina-de-oro-en-medio-de-crisis-economica-y-presion-de-eeuu\/#primaryimage"},"thumbnailUrl":"https:\/\/cdn1.mediawpaccore.net\/wp-content\/uploads\/2021\/12\/08070025\/Oro-Cuba-Galeria-Jacinto.jpg","datePublished":"2026-01-29T14:42:45+00:00","dateModified":"2026-01-29T14:42:47+00:00","description":"La autorizaci\u00f3n, que tiene como objetivo la obtenci\u00f3n de oro se extender\u00e1 por un t\u00e9rmino de tres a\u00f1os, de acuerdp a medios oficiale.","breadcrumb":{"@id":"https:\/\/www.cuballama.com\/noticias\/cuba-reactiva-su-mayor-mina-de-oro-en-medio-de-crisis-economica-y-presion-de-eeuu\/#breadcrumb"},"inLanguage":"es","potentialAction":[{"@type":"ReadAction","target":["https:\/\/www.cuballama.com\/noticias\/cuba-reactiva-su-mayor-mina-de-oro-en-medio-de-crisis-economica-y-presion-de-eeuu\/"]}]},{"@type":"ImageObject","inLanguage":"es","@id":"https:\/\/www.cuballama.com\/noticias\/cuba-reactiva-su-mayor-mina-de-oro-en-medio-de-crisis-economica-y-presion-de-eeuu\/#primaryimage","url":"https:\/\/cdn1.mediawpaccore.net\/wp-content\/uploads\/2021\/12\/08070025\/Oro-Cuba-Galeria-Jacinto.jpg","contentUrl":"https:\/\/cdn1.mediawpaccore.net\/wp-content\/uploads\/2021\/12\/08070025\/Oro-Cuba-Galeria-Jacinto.jpg","width":580,"height":330,"caption":"A finales de noviembre se confirm\u00f3 la existencia de 8 toneladas del metal precioso en la regi\u00f3n, de las cuales 7,6 ya se hallan listas para que el Servicio Geol\u00f3gico del Ministerio de Energ\u00eda y Minas (Minem) inicie un proceso de estudio de factibilidad t\u00e9cnico-econ\u00f3mico. . Foto: Empresa Geominera de Camag\u00fcey."},{"@type":"BreadcrumbList","@id":"https:\/\/www.cuballama.com\/noticias\/cuba-reactiva-su-mayor-mina-de-oro-en-medio-de-crisis-economica-y-presion-de-eeuu\/#breadcrumb","itemListElement":[{"@type":"ListItem","position":1,"name":"Home","item":"https:\/\/www.cuballama.com\/noticias\/"},{"@type":"ListItem","position":2,"name":"Cuba reactiva su mayor mina de oro en medio de crisis econ\u00f3mica y presi\u00f3n de EEUU"}]},{"@type":"WebSite","@id":"https:\/\/www.cuballama.com\/noticias\/#website","url":"https:\/\/www.cuballama.com\/noticias\/","name":"Cuballama Noticias","description":"Medio digital sobre Cuba y el mundo","publisher":{"@id":"https:\/\/www.cuballama.com\/noticias\/#organization"},"potentialAction":[{"@type":"SearchAction","target":{"@type":"EntryPoint","urlTemplate":"https:\/\/www.cuballama.com\/noticias\/?s={search_term_string}"},"query-input":{"@type":"PropertyValueSpecification","valueRequired":true,"valueName":"search_term_string"}}],"inLanguage":"es"},{"@type":"Organization","@id":"https:\/\/www.cuballama.com\/noticias\/#organization","name":"Cuballama","url":"https:\/\/www.cuballama.com\/noticias\/","logo":{"@type":"ImageObject","inLanguage":"es","@id":"https:\/\/www.cuballama.com\/noticias\/#\/schema\/logo\/image\/","url":"https:\/\/cdn1.mediawpaccore.net\/wp-content\/uploads\/2021\/12\/28171206\/cbll-logo-color-sm.png","contentUrl":"https:\/\/cdn1.mediawpaccore.net\/wp-content\/uploads\/2021\/12\/28171206\/cbll-logo-color-sm.png","width":600,"height":133,"caption":"Cuballama"},"image":{"@id":"https:\/\/www.cuballama.com\/noticias\/#\/schema\/logo\/image\/"},"sameAs":["https:\/\/www.facebook.com\/CubaLlama","https:\/\/x.com\/cuballama","https:\/\/www.instagram.com\/stories\/cuballama_oficial\/","https:\/\/www.youtube.com\/channel\/UCKkFE-d_axENGZcrc4as0IA"]},{"@type":"Person","@id":"https:\/\/www.cuballama.com\/noticias\/#\/schema\/person\/5889f7d070564f8386e7944d14d436cd","name":"Manu","url":"https:\/\/www.cuballama.com\/noticias\/author\/manu\/"}]}},"_links":{"self":[{"href":"https:\/\/www.cuballama.com\/noticias\/wp-json\/wp\/v2\/posts\/233267","targetHints":{"allow":["GET"]}}],"collection":[{"href":"https:\/\/www.cuballama.com\/noticias\/wp-json\/wp\/v2\/posts"}],"about":[{"href":"https:\/\/www.cuballama.com\/noticias\/wp-json\/wp\/v2\/types\/post"}],"author":[{"embeddable":true,"href":"https:\/\/www.cuballama.com\/noticias\/wp-json\/wp\/v2\/users\/24"}],"replies":[{"embeddable":true,"href":"https:\/\/www.cuballama.com\/noticias\/wp-json\/wp\/v2\/comments?post=233267"}],"version-history":[{"count":3,"href":"https:\/\/www.cuballama.com\/noticias\/wp-json\/wp\/v2\/posts\/233267\/revisions"}],"predecessor-version":[{"id":233753,"href":"https:\/\/www.cuballama.com\/noticias\/wp-json\/wp\/v2\/posts\/233267\/revisions\/233753"}],"wp:featuredmedia":[{"embeddable":true,"href":"https:\/\/www.cuballama.com\/noticias\/wp-json\/wp\/v2\/media\/82518"}],"wp:attachment":[{"href":"https:\/\/www.cuballama.com\/noticias\/wp-json\/wp\/v2\/media?parent=233267"}],"wp:term":[{"taxonomy":"category","embeddable":true,"href":"https:\/\/www.cuballama.com\/noticias\/wp-json\/wp\/v2\/categories?post=233267"},{"taxonomy":"post_tag","embeddable":true,"href":"https:\/\/www.cuballama.com\/noticias\/wp-json\/wp\/v2\/tags?post=233267"}],"curies":[{"name":"wp","href":"https:\/\/api.w.org\/{rel}","templated":true}]}}