{"id":233241,"date":"2026-01-24T10:20:23","date_gmt":"2026-01-24T15:20:23","guid":{"rendered":"https:\/\/www.cuballama.com\/noticias\/?p=233241"},"modified":"2026-01-24T10:20:25","modified_gmt":"2026-01-24T15:20:25","slug":"solidaridad-con-cubana-sobreviviente-del-accidente-de-adamuz-fueron-horas-muy-dificiles","status":"publish","type":"post","link":"https:\/\/www.cuballama.com\/noticias\/solidaridad-con-cubana-sobreviviente-del-accidente-de-adamuz-fueron-horas-muy-dificiles\/","title":{"rendered":"Solidaridad con cubana sobreviviente del accidente de Adamuz: \u00abFueron horas muy dif\u00edciles\u00bb"},"content":{"rendered":"\n<p>Desde el pasado <strong>18 de enero<\/strong>, muchas familias siguen viviendo en vilo tras el <strong>accidente ferroviario ocurrido en Adamuz (C\u00f3rdoba, Espa\u00f1a)<\/strong>. Entre ellas est\u00e1 la de <strong>Daniela Arteaga<\/strong>, una joven cubana que viajaba en uno de los trenes involucrados en la colisi\u00f3n.<\/p>\n\n\n\n<p>Natural de <strong>La Habana<\/strong>, Daniela hab\u00eda llegado ese mismo d\u00eda a Espa\u00f1a con una <strong>beca de la Universidad Internacional de Andaluc\u00eda (UNIA)<\/strong> para cursar el <strong>M\u00e1ster Universitario en Educaci\u00f3n y Comunicaci\u00f3n Audiovisual<\/strong>. Apenas unas horas despu\u00e9s de aterrizar, se vio envuelta en el siniestro.<\/p>\n\n\n\n<p>Pese a lo traum\u00e1tico del suceso, la joven <strong>sobrevivi\u00f3<\/strong> a un accidente que, hasta el momento, deja un saldo de <strong>45 fallecidos<\/strong>, entre ellos otra cubana: <strong><a href=\"https:\/\/www.cuballama.com\/noticias\/confirman-muerte-de-cubana-desaparecida-tras-tragico-accidente-de-trenes-en-espana\/\" target=\"_blank\" rel=\"noreferrer noopener\">Tamara Margarita Vald\u00e9s<\/a><\/strong>, quien, al igual que Daniela, se dirig\u00eda hacia <strong>Huelva<\/strong>.<\/p>\n\n\n\n<p>En declaraciones a <strong>La Opini\u00f3n de Murcia<\/strong>, <strong>Mar\u00eda de la O Barroso Gonz\u00e1lez<\/strong>, directora de la sede de <strong>Santa Mar\u00eda de La R\u00e1bida<\/strong> de la UNIA, relat\u00f3 c\u00f3mo se activaron desde el primer minuto tras conocerse el incidente.&nbsp;<\/p>\n\n\n\n<p>Seg\u00fan explic\u00f3, durante las primeras horas no lograban ubicar a la estudiante, hasta que el <strong>Hospital Reina Sof\u00eda<\/strong>, en C\u00f3rdoba, confirm\u00f3 alrededor de las <strong>9:30 de la ma\u00f1ana del d\u00eda siguiente<\/strong> que Daniela se encontraba ingresada all\u00ed.<\/p>\n\n\n\n<p>\u00abFueron horas muy dif\u00edciles, no paraba de pensar en su familia, tan lejos. Pensaba cu\u00e1ndo llamarlos, c\u00f3mo llamarlos, deseando que apareciera pronto\u00bb, relat\u00f3 la directora al medio. \u00abCuando en uno de los muchos tel\u00e9fonos a los que llam\u00e9 me dijeron que estaba viva, me emocion\u00e9\u201d, cont\u00f3.<\/p>\n\n\n\n<p>Desde entonces, la UNIA mantuvo un acompa\u00f1amiento constante. El rector, <strong>Jos\u00e9 Ignacio Garc\u00eda P\u00e9rez<\/strong>, y la propia Barroso se trasladaron al hospital para visitarla y han sostenido un contacto directo con su familia en Cuba.<\/p>\n\n\n\n<p>\u00abEstamos haciendo lo que nos gustar\u00eda que hicieran con nosotros si ocurriera lo mismo, te pones en su situaci\u00f3n\u201d, expres\u00f3 Barroso, quien durante estos d\u00edas ha estado desplaz\u00e1ndose entre <strong>Huelva y C\u00f3rdoba<\/strong> para acompa\u00f1ar de cerca a la joven.<\/p>\n\n\n\n<p>Adem\u00e1s del impacto f\u00edsico y emocional, Daniela perdi\u00f3 todos los objetos materiales que llevaba consigo, incluidos documentos oficiales y su <strong>pasaporte con un visado por tres meses<\/strong> (el que se otorga por estudios mientras se realiza el tr\u00e1mite de estancia en Espa\u00f1a).<\/p>\n\n\n\n<p>Las muestras de solidaridad no han llegado solo desde la UNIA. Cubanos residentes en Espa\u00f1a tambi\u00e9n han hecho llamamientos en redes sociales para apoyar a la joven y ayudarla a recuperar lo perdido tras el accidente.<\/p>\n\n\n\n<iframe loading=\"lazy\" src=\"https:\/\/www.facebook.com\/plugins\/post.php?href=https%3A%2F%2Fwww.facebook.com%2Felizabeth.zaldivarsosa%2Fposts%2Fpfbid02m1wm2m9WkPLgmVUJbrY4jxCm2piszG8ZFoREtM3de5RCGTtoefZfHc5g5Y1b1eaxl&#038;show_text=true&#038;width=500\" width=\"500\" height=\"549\" style=\"border:none;overflow:hidden\" scrolling=\"no\" frameborder=\"0\" allowfullscreen=\"true\" allow=\"autoplay; clipboard-write; encrypted-media; picture-in-picture; web-share\"><\/iframe>\n","protected":false},"excerpt":{"rendered":"<p>Daniela Arteaga, joven cubana llegada a Espa\u00f1a con una beca de la UNIA para cursar un m\u00e1ster, sobrevivi\u00f3 al accidente ferroviario del 18 de enero en Adamuz (C\u00f3rdoba).<\/p>\n","protected":false},"author":29,"featured_media":233248,"comment_status":"open","ping_status":"closed","sticky":false,"template":"","format":"standard","meta":{"_acf_changed":false,"footnotes":""},"categories":[14202,18,955],"tags":[16215,30070,92,6333,941,11017],"class_list":{"0":"post-233241","1":"post","2":"type-post","3":"status-publish","4":"format-standard","5":"has-post-thumbnail","7":"category-destacado-cuba","8":"category-noticias","9":"category-noticias-de-cuba","10":"tag-accidente-de-tren","11":"tag-adamuz","13":"tag-cubanos-en-espana","14":"tag-destacado","15":"tag-superdestacado"},"acf":[],"yoast_head":"<!-- This site is optimized with the Yoast SEO plugin v27.4 - https:\/\/yoast.com\/product\/yoast-seo-wordpress\/ -->\n<title>Solidaridad con cubana sobreviviente del accidente de Adamuz: &quot;Fueron horas muy dif\u00edciles&quot; - Cuballama Noticias<\/title>\n<meta name=\"description\" content=\"Daniela Arteaga, joven cubana llegada a Espa\u00f1a con una beca de la UNIA para cursar un m\u00e1ster, sobrevivi\u00f3 al accidente ferroviario.\" \/>\n<meta name=\"robots\" content=\"index, follow, max-snippet:-1, max-image-preview:large, max-video-preview:-1\" \/>\n<link rel=\"canonical\" href=\"https:\/\/www.cuballama.com\/noticias\/solidaridad-con-cubana-sobreviviente-del-accidente-de-adamuz-fueron-horas-muy-dificiles\/\" \/>\n<meta property=\"og:locale\" content=\"es_ES\" \/>\n<meta property=\"og:type\" content=\"article\" \/>\n<meta property=\"og:title\" content=\"Solidaridad con cubana sobreviviente del accidente de Adamuz: &quot;Fueron horas muy dif\u00edciles&quot; - Cuballama Noticias\" \/>\n<meta property=\"og:description\" content=\"Daniela Arteaga, joven cubana llegada a Espa\u00f1a con una beca de la UNIA para cursar un m\u00e1ster, sobrevivi\u00f3 al accidente ferroviario.\" \/>\n<meta property=\"og:url\" content=\"https:\/\/www.cuballama.com\/noticias\/solidaridad-con-cubana-sobreviviente-del-accidente-de-adamuz-fueron-horas-muy-dificiles\/\" \/>\n<meta property=\"og:site_name\" content=\"Cuballama Noticias\" \/>\n<meta property=\"article:publisher\" content=\"https:\/\/www.facebook.com\/CubaLlama\" \/>\n<meta property=\"article:published_time\" content=\"2026-01-24T15:20:23+00:00\" \/>\n<meta property=\"article:modified_time\" content=\"2026-01-24T15:20:25+00:00\" \/>\n<meta property=\"og:image\" content=\"https:\/\/cdn1.mediawpaccore.net\/wp-content\/uploads\/2026\/01\/24101819\/Diseno-sin-titulo-59-1024x589.png\" \/>\n\t<meta property=\"og:image:width\" content=\"1024\" \/>\n\t<meta property=\"og:image:height\" content=\"589\" \/>\n\t<meta property=\"og:image:type\" content=\"image\/png\" \/>\n<meta name=\"author\" content=\"Sof\u00eda Reyes\" \/>\n<meta name=\"twitter:card\" content=\"summary_large_image\" \/>\n<meta name=\"twitter:creator\" content=\"@cuballama\" \/>\n<meta name=\"twitter:site\" content=\"@cuballama\" \/>\n<meta name=\"twitter:label1\" content=\"Escrito por\" \/>\n\t<meta name=\"twitter:data1\" content=\"Sof\u00eda Reyes\" \/>\n\t<meta name=\"twitter:label2\" content=\"Tiempo de lectura\" \/>\n\t<meta name=\"twitter:data2\" content=\"3 minutos\" \/>\n<script type=\"application\/ld+json\" class=\"yoast-schema-graph\">{\"@context\":\"https:\\\/\\\/schema.org\",\"@graph\":[{\"@type\":\"Article\",\"@id\":\"https:\\\/\\\/www.cuballama.com\\\/noticias\\\/solidaridad-con-cubana-sobreviviente-del-accidente-de-adamuz-fueron-horas-muy-dificiles\\\/#article\",\"isPartOf\":{\"@id\":\"https:\\\/\\\/www.cuballama.com\\\/noticias\\\/solidaridad-con-cubana-sobreviviente-del-accidente-de-adamuz-fueron-horas-muy-dificiles\\\/\"},\"author\":{\"name\":\"Sof\u00eda Reyes\",\"@id\":\"https:\\\/\\\/www.cuballama.com\\\/noticias\\\/#\\\/schema\\\/person\\\/5cba2b8cc25a3159e49fe730a94d512e\"},\"headline\":\"Solidaridad con cubana sobreviviente del accidente de Adamuz: \u00abFueron horas muy dif\u00edciles\u00bb\",\"datePublished\":\"2026-01-24T15:20:23+00:00\",\"dateModified\":\"2026-01-24T15:20:25+00:00\",\"mainEntityOfPage\":{\"@id\":\"https:\\\/\\\/www.cuballama.com\\\/noticias\\\/solidaridad-con-cubana-sobreviviente-del-accidente-de-adamuz-fueron-horas-muy-dificiles\\\/\"},\"wordCount\":452,\"commentCount\":0,\"publisher\":{\"@id\":\"https:\\\/\\\/www.cuballama.com\\\/noticias\\\/#organization\"},\"image\":{\"@id\":\"https:\\\/\\\/www.cuballama.com\\\/noticias\\\/solidaridad-con-cubana-sobreviviente-del-accidente-de-adamuz-fueron-horas-muy-dificiles\\\/#primaryimage\"},\"thumbnailUrl\":\"https:\\\/\\\/cdn1.mediawpaccore.net\\\/wp-content\\\/uploads\\\/2026\\\/01\\\/24101819\\\/Diseno-sin-titulo-59.png\",\"keywords\":[\"accidente de tren\",\"Adamuz\",\"cubanos\",\"Cubanos en Espa\u00f1a\",\"destacado\",\"superdestacado\"],\"articleSection\":[\"Destacado Cuba\",\"Noticias\",\"Noticias de Cuba\"],\"inLanguage\":\"es\",\"potentialAction\":[{\"@type\":\"CommentAction\",\"name\":\"Comment\",\"target\":[\"https:\\\/\\\/www.cuballama.com\\\/noticias\\\/solidaridad-con-cubana-sobreviviente-del-accidente-de-adamuz-fueron-horas-muy-dificiles\\\/#respond\"]}]},{\"@type\":\"WebPage\",\"@id\":\"https:\\\/\\\/www.cuballama.com\\\/noticias\\\/solidaridad-con-cubana-sobreviviente-del-accidente-de-adamuz-fueron-horas-muy-dificiles\\\/\",\"url\":\"https:\\\/\\\/www.cuballama.com\\\/noticias\\\/solidaridad-con-cubana-sobreviviente-del-accidente-de-adamuz-fueron-horas-muy-dificiles\\\/\",\"name\":\"Solidaridad con cubana sobreviviente del accidente de Adamuz: \\\"Fueron horas muy dif\u00edciles\\\" - Cuballama Noticias\",\"isPartOf\":{\"@id\":\"https:\\\/\\\/www.cuballama.com\\\/noticias\\\/#website\"},\"primaryImageOfPage\":{\"@id\":\"https:\\\/\\\/www.cuballama.com\\\/noticias\\\/solidaridad-con-cubana-sobreviviente-del-accidente-de-adamuz-fueron-horas-muy-dificiles\\\/#primaryimage\"},\"image\":{\"@id\":\"https:\\\/\\\/www.cuballama.com\\\/noticias\\\/solidaridad-con-cubana-sobreviviente-del-accidente-de-adamuz-fueron-horas-muy-dificiles\\\/#primaryimage\"},\"thumbnailUrl\":\"https:\\\/\\\/cdn1.mediawpaccore.net\\\/wp-content\\\/uploads\\\/2026\\\/01\\\/24101819\\\/Diseno-sin-titulo-59.png\",\"datePublished\":\"2026-01-24T15:20:23+00:00\",\"dateModified\":\"2026-01-24T15:20:25+00:00\",\"description\":\"Daniela Arteaga, joven cubana llegada a Espa\u00f1a con una beca de la UNIA para cursar un m\u00e1ster, sobrevivi\u00f3 al accidente ferroviario.\",\"breadcrumb\":{\"@id\":\"https:\\\/\\\/www.cuballama.com\\\/noticias\\\/solidaridad-con-cubana-sobreviviente-del-accidente-de-adamuz-fueron-horas-muy-dificiles\\\/#breadcrumb\"},\"inLanguage\":\"es\",\"potentialAction\":[{\"@type\":\"ReadAction\",\"target\":[\"https:\\\/\\\/www.cuballama.com\\\/noticias\\\/solidaridad-con-cubana-sobreviviente-del-accidente-de-adamuz-fueron-horas-muy-dificiles\\\/\"]}]},{\"@type\":\"ImageObject\",\"inLanguage\":\"es\",\"@id\":\"https:\\\/\\\/www.cuballama.com\\\/noticias\\\/solidaridad-con-cubana-sobreviviente-del-accidente-de-adamuz-fueron-horas-muy-dificiles\\\/#primaryimage\",\"url\":\"https:\\\/\\\/cdn1.mediawpaccore.net\\\/wp-content\\\/uploads\\\/2026\\\/01\\\/24101819\\\/Diseno-sin-titulo-59.png\",\"contentUrl\":\"https:\\\/\\\/cdn1.mediawpaccore.net\\\/wp-content\\\/uploads\\\/2026\\\/01\\\/24101819\\\/Diseno-sin-titulo-59.png\",\"width\":1949,\"height\":1122,\"caption\":\"Fotos fuente Facebook\"},{\"@type\":\"BreadcrumbList\",\"@id\":\"https:\\\/\\\/www.cuballama.com\\\/noticias\\\/solidaridad-con-cubana-sobreviviente-del-accidente-de-adamuz-fueron-horas-muy-dificiles\\\/#breadcrumb\",\"itemListElement\":[{\"@type\":\"ListItem\",\"position\":1,\"name\":\"Home\",\"item\":\"https:\\\/\\\/www.cuballama.com\\\/noticias\\\/\"},{\"@type\":\"ListItem\",\"position\":2,\"name\":\"Solidaridad con cubana sobreviviente del accidente de Adamuz: \u00abFueron horas muy dif\u00edciles\u00bb\"}]},{\"@type\":\"WebSite\",\"@id\":\"https:\\\/\\\/www.cuballama.com\\\/noticias\\\/#website\",\"url\":\"https:\\\/\\\/www.cuballama.com\\\/noticias\\\/\",\"name\":\"Cuballama Noticias\",\"description\":\"Medio digital sobre Cuba y el mundo\",\"publisher\":{\"@id\":\"https:\\\/\\\/www.cuballama.com\\\/noticias\\\/#organization\"},\"potentialAction\":[{\"@type\":\"SearchAction\",\"target\":{\"@type\":\"EntryPoint\",\"urlTemplate\":\"https:\\\/\\\/www.cuballama.com\\\/noticias\\\/?s={search_term_string}\"},\"query-input\":{\"@type\":\"PropertyValueSpecification\",\"valueRequired\":true,\"valueName\":\"search_term_string\"}}],\"inLanguage\":\"es\"},{\"@type\":\"Organization\",\"@id\":\"https:\\\/\\\/www.cuballama.com\\\/noticias\\\/#organization\",\"name\":\"Cuballama\",\"url\":\"https:\\\/\\\/www.cuballama.com\\\/noticias\\\/\",\"logo\":{\"@type\":\"ImageObject\",\"inLanguage\":\"es\",\"@id\":\"https:\\\/\\\/www.cuballama.com\\\/noticias\\\/#\\\/schema\\\/logo\\\/image\\\/\",\"url\":\"https:\\\/\\\/cdn1.mediawpaccore.net\\\/wp-content\\\/uploads\\\/2021\\\/12\\\/28171206\\\/cbll-logo-color-sm.png\",\"contentUrl\":\"https:\\\/\\\/cdn1.mediawpaccore.net\\\/wp-content\\\/uploads\\\/2021\\\/12\\\/28171206\\\/cbll-logo-color-sm.png\",\"width\":600,\"height\":133,\"caption\":\"Cuballama\"},\"image\":{\"@id\":\"https:\\\/\\\/www.cuballama.com\\\/noticias\\\/#\\\/schema\\\/logo\\\/image\\\/\"},\"sameAs\":[\"https:\\\/\\\/www.facebook.com\\\/CubaLlama\",\"https:\\\/\\\/x.com\\\/cuballama\",\"https:\\\/\\\/www.instagram.com\\\/stories\\\/cuballama_oficial\\\/\",\"https:\\\/\\\/www.youtube.com\\\/channel\\\/UCKkFE-d_axENGZcrc4as0IA\"]},{\"@type\":\"Person\",\"@id\":\"https:\\\/\\\/www.cuballama.com\\\/noticias\\\/#\\\/schema\\\/person\\\/5cba2b8cc25a3159e49fe730a94d512e\",\"name\":\"Sof\u00eda Reyes\",\"url\":\"https:\\\/\\\/www.cuballama.com\\\/noticias\\\/author\\\/laura\\\/\"}]}<\/script>\n<!-- \/ Yoast SEO plugin. -->","yoast_head_json":{"title":"Solidaridad con cubana sobreviviente del accidente de Adamuz: \"Fueron horas muy dif\u00edciles\" - Cuballama Noticias","description":"Daniela Arteaga, joven cubana llegada a Espa\u00f1a con una beca de la UNIA para cursar un m\u00e1ster, sobrevivi\u00f3 al accidente ferroviario.","robots":{"index":"index","follow":"follow","max-snippet":"max-snippet:-1","max-image-preview":"max-image-preview:large","max-video-preview":"max-video-preview:-1"},"canonical":"https:\/\/www.cuballama.com\/noticias\/solidaridad-con-cubana-sobreviviente-del-accidente-de-adamuz-fueron-horas-muy-dificiles\/","og_locale":"es_ES","og_type":"article","og_title":"Solidaridad con cubana sobreviviente del accidente de Adamuz: \"Fueron horas muy dif\u00edciles\" - Cuballama Noticias","og_description":"Daniela Arteaga, joven cubana llegada a Espa\u00f1a con una beca de la UNIA para cursar un m\u00e1ster, sobrevivi\u00f3 al accidente ferroviario.","og_url":"https:\/\/www.cuballama.com\/noticias\/solidaridad-con-cubana-sobreviviente-del-accidente-de-adamuz-fueron-horas-muy-dificiles\/","og_site_name":"Cuballama Noticias","article_publisher":"https:\/\/www.facebook.com\/CubaLlama","article_published_time":"2026-01-24T15:20:23+00:00","article_modified_time":"2026-01-24T15:20:25+00:00","og_image":[{"width":1024,"height":589,"url":"https:\/\/cdn1.mediawpaccore.net\/wp-content\/uploads\/2026\/01\/24101819\/Diseno-sin-titulo-59-1024x589.png","type":"image\/png"}],"author":"Sof\u00eda Reyes","twitter_card":"summary_large_image","twitter_creator":"@cuballama","twitter_site":"@cuballama","twitter_misc":{"Escrito por":"Sof\u00eda Reyes","Tiempo de lectura":"3 minutos"},"schema":{"@context":"https:\/\/schema.org","@graph":[{"@type":"Article","@id":"https:\/\/www.cuballama.com\/noticias\/solidaridad-con-cubana-sobreviviente-del-accidente-de-adamuz-fueron-horas-muy-dificiles\/#article","isPartOf":{"@id":"https:\/\/www.cuballama.com\/noticias\/solidaridad-con-cubana-sobreviviente-del-accidente-de-adamuz-fueron-horas-muy-dificiles\/"},"author":{"name":"Sof\u00eda Reyes","@id":"https:\/\/www.cuballama.com\/noticias\/#\/schema\/person\/5cba2b8cc25a3159e49fe730a94d512e"},"headline":"Solidaridad con cubana sobreviviente del accidente de Adamuz: \u00abFueron horas muy dif\u00edciles\u00bb","datePublished":"2026-01-24T15:20:23+00:00","dateModified":"2026-01-24T15:20:25+00:00","mainEntityOfPage":{"@id":"https:\/\/www.cuballama.com\/noticias\/solidaridad-con-cubana-sobreviviente-del-accidente-de-adamuz-fueron-horas-muy-dificiles\/"},"wordCount":452,"commentCount":0,"publisher":{"@id":"https:\/\/www.cuballama.com\/noticias\/#organization"},"image":{"@id":"https:\/\/www.cuballama.com\/noticias\/solidaridad-con-cubana-sobreviviente-del-accidente-de-adamuz-fueron-horas-muy-dificiles\/#primaryimage"},"thumbnailUrl":"https:\/\/cdn1.mediawpaccore.net\/wp-content\/uploads\/2026\/01\/24101819\/Diseno-sin-titulo-59.png","keywords":["accidente de tren","Adamuz","cubanos","Cubanos en Espa\u00f1a","destacado","superdestacado"],"articleSection":["Destacado Cuba","Noticias","Noticias de Cuba"],"inLanguage":"es","potentialAction":[{"@type":"CommentAction","name":"Comment","target":["https:\/\/www.cuballama.com\/noticias\/solidaridad-con-cubana-sobreviviente-del-accidente-de-adamuz-fueron-horas-muy-dificiles\/#respond"]}]},{"@type":"WebPage","@id":"https:\/\/www.cuballama.com\/noticias\/solidaridad-con-cubana-sobreviviente-del-accidente-de-adamuz-fueron-horas-muy-dificiles\/","url":"https:\/\/www.cuballama.com\/noticias\/solidaridad-con-cubana-sobreviviente-del-accidente-de-adamuz-fueron-horas-muy-dificiles\/","name":"Solidaridad con cubana sobreviviente del accidente de Adamuz: \"Fueron horas muy dif\u00edciles\" - Cuballama Noticias","isPartOf":{"@id":"https:\/\/www.cuballama.com\/noticias\/#website"},"primaryImageOfPage":{"@id":"https:\/\/www.cuballama.com\/noticias\/solidaridad-con-cubana-sobreviviente-del-accidente-de-adamuz-fueron-horas-muy-dificiles\/#primaryimage"},"image":{"@id":"https:\/\/www.cuballama.com\/noticias\/solidaridad-con-cubana-sobreviviente-del-accidente-de-adamuz-fueron-horas-muy-dificiles\/#primaryimage"},"thumbnailUrl":"https:\/\/cdn1.mediawpaccore.net\/wp-content\/uploads\/2026\/01\/24101819\/Diseno-sin-titulo-59.png","datePublished":"2026-01-24T15:20:23+00:00","dateModified":"2026-01-24T15:20:25+00:00","description":"Daniela Arteaga, joven cubana llegada a Espa\u00f1a con una beca de la UNIA para cursar un m\u00e1ster, sobrevivi\u00f3 al accidente ferroviario.","breadcrumb":{"@id":"https:\/\/www.cuballama.com\/noticias\/solidaridad-con-cubana-sobreviviente-del-accidente-de-adamuz-fueron-horas-muy-dificiles\/#breadcrumb"},"inLanguage":"es","potentialAction":[{"@type":"ReadAction","target":["https:\/\/www.cuballama.com\/noticias\/solidaridad-con-cubana-sobreviviente-del-accidente-de-adamuz-fueron-horas-muy-dificiles\/"]}]},{"@type":"ImageObject","inLanguage":"es","@id":"https:\/\/www.cuballama.com\/noticias\/solidaridad-con-cubana-sobreviviente-del-accidente-de-adamuz-fueron-horas-muy-dificiles\/#primaryimage","url":"https:\/\/cdn1.mediawpaccore.net\/wp-content\/uploads\/2026\/01\/24101819\/Diseno-sin-titulo-59.png","contentUrl":"https:\/\/cdn1.mediawpaccore.net\/wp-content\/uploads\/2026\/01\/24101819\/Diseno-sin-titulo-59.png","width":1949,"height":1122,"caption":"Fotos fuente Facebook"},{"@type":"BreadcrumbList","@id":"https:\/\/www.cuballama.com\/noticias\/solidaridad-con-cubana-sobreviviente-del-accidente-de-adamuz-fueron-horas-muy-dificiles\/#breadcrumb","itemListElement":[{"@type":"ListItem","position":1,"name":"Home","item":"https:\/\/www.cuballama.com\/noticias\/"},{"@type":"ListItem","position":2,"name":"Solidaridad con cubana sobreviviente del accidente de Adamuz: \u00abFueron horas muy dif\u00edciles\u00bb"}]},{"@type":"WebSite","@id":"https:\/\/www.cuballama.com\/noticias\/#website","url":"https:\/\/www.cuballama.com\/noticias\/","name":"Cuballama Noticias","description":"Medio digital sobre Cuba y el mundo","publisher":{"@id":"https:\/\/www.cuballama.com\/noticias\/#organization"},"potentialAction":[{"@type":"SearchAction","target":{"@type":"EntryPoint","urlTemplate":"https:\/\/www.cuballama.com\/noticias\/?s={search_term_string}"},"query-input":{"@type":"PropertyValueSpecification","valueRequired":true,"valueName":"search_term_string"}}],"inLanguage":"es"},{"@type":"Organization","@id":"https:\/\/www.cuballama.com\/noticias\/#organization","name":"Cuballama","url":"https:\/\/www.cuballama.com\/noticias\/","logo":{"@type":"ImageObject","inLanguage":"es","@id":"https:\/\/www.cuballama.com\/noticias\/#\/schema\/logo\/image\/","url":"https:\/\/cdn1.mediawpaccore.net\/wp-content\/uploads\/2021\/12\/28171206\/cbll-logo-color-sm.png","contentUrl":"https:\/\/cdn1.mediawpaccore.net\/wp-content\/uploads\/2021\/12\/28171206\/cbll-logo-color-sm.png","width":600,"height":133,"caption":"Cuballama"},"image":{"@id":"https:\/\/www.cuballama.com\/noticias\/#\/schema\/logo\/image\/"},"sameAs":["https:\/\/www.facebook.com\/CubaLlama","https:\/\/x.com\/cuballama","https:\/\/www.instagram.com\/stories\/cuballama_oficial\/","https:\/\/www.youtube.com\/channel\/UCKkFE-d_axENGZcrc4as0IA"]},{"@type":"Person","@id":"https:\/\/www.cuballama.com\/noticias\/#\/schema\/person\/5cba2b8cc25a3159e49fe730a94d512e","name":"Sof\u00eda Reyes","url":"https:\/\/www.cuballama.com\/noticias\/author\/laura\/"}]}},"_links":{"self":[{"href":"https:\/\/www.cuballama.com\/noticias\/wp-json\/wp\/v2\/posts\/233241","targetHints":{"allow":["GET"]}}],"collection":[{"href":"https:\/\/www.cuballama.com\/noticias\/wp-json\/wp\/v2\/posts"}],"about":[{"href":"https:\/\/www.cuballama.com\/noticias\/wp-json\/wp\/v2\/types\/post"}],"author":[{"embeddable":true,"href":"https:\/\/www.cuballama.com\/noticias\/wp-json\/wp\/v2\/users\/29"}],"replies":[{"embeddable":true,"href":"https:\/\/www.cuballama.com\/noticias\/wp-json\/wp\/v2\/comments?post=233241"}],"version-history":[{"count":4,"href":"https:\/\/www.cuballama.com\/noticias\/wp-json\/wp\/v2\/posts\/233241\/revisions"}],"predecessor-version":[{"id":233249,"href":"https:\/\/www.cuballama.com\/noticias\/wp-json\/wp\/v2\/posts\/233241\/revisions\/233249"}],"wp:featuredmedia":[{"embeddable":true,"href":"https:\/\/www.cuballama.com\/noticias\/wp-json\/wp\/v2\/media\/233248"}],"wp:attachment":[{"href":"https:\/\/www.cuballama.com\/noticias\/wp-json\/wp\/v2\/media?parent=233241"}],"wp:term":[{"taxonomy":"category","embeddable":true,"href":"https:\/\/www.cuballama.com\/noticias\/wp-json\/wp\/v2\/categories?post=233241"},{"taxonomy":"post_tag","embeddable":true,"href":"https:\/\/www.cuballama.com\/noticias\/wp-json\/wp\/v2\/tags?post=233241"}],"curies":[{"name":"wp","href":"https:\/\/api.w.org\/{rel}","templated":true}]}}