{"id":233227,"date":"2026-01-24T11:09:21","date_gmt":"2026-01-24T16:09:21","guid":{"rendered":"https:\/\/www.cuballama.com\/noticias\/?p=233227"},"modified":"2026-01-24T11:09:25","modified_gmt":"2026-01-24T16:09:25","slug":"llore-con-esto-libre-la-cancion-que-desata-una-ola-de-emocion-en-redes-entre-cubanos-y-venezolanos","status":"publish","type":"post","link":"https:\/\/www.cuballama.com\/noticias\/llore-con-esto-libre-la-cancion-que-desata-una-ola-de-emocion-en-redes-entre-cubanos-y-venezolanos\/","title":{"rendered":"\u201cLlor\u00e9 con esto\u201d: \u00abLibre\u00bb, la canci\u00f3n que desata una ola de emoci\u00f3n en redes entre cubanos y venezolanos"},"content":{"rendered":"\n<p>Hay un estreno que est\u00e1 sac\u00e1ndole l\u00e1grimas a m\u00e1s de un cubano y a no pocos venezolanos en redes: se trata de <strong>\u201cLibre\u201d<\/strong>, el tema que re\u00fane a los artistas cubanos <strong>El Rojo<\/strong> y <strong>N\u00e9stor Meness<\/strong> junto al influencer venezolano conocido como <strong>Marko<\/strong>.<\/p>\n\n\n\n<p>El sencillo llega, adem\u00e1s, en un momento que muchos sienten decisivo para el futuro de Cuba, despu\u00e9s de que el gobierno estadounidense capturara a <strong><a href=\"https:\/\/www.cuballama.com\/noticias\/ultima-hora-trump-anuncia-captura-de-maduro-tras-ataque-a-venezuela\/\" target=\"_blank\" rel=\"noreferrer noopener\">Nicol\u00e1s Maduro<\/a><\/strong> a pocos d\u00edas de iniciar el a\u00f1o 2026. Y desde el arranque, la letra entra directo al pecho de quien sabe lo que pesa la distancia:<\/p>\n\n\n\n<p>\u201cHay quien no pudo abrazar a su madre en vida \/ Hay quien no pudo terminar la despedida \/ Hay quien no pudo ni podr\u00e1 volver a verla \/ Es mi Tierra te la entregaron viva\u201d.<\/p>\n\n\n\n<p>El coraz\u00f3n del tema est\u00e1 en un estribillo que funciona como consigna y desahogo a la vez, y que llega acompa\u00f1ado de un videoclip con im\u00e1genes de las protestas en Venezuela y del <strong>11J en Cuba<\/strong>:<\/p>\n\n\n\n<p>\u201cLibre, yo no te quiero lejos \/ Maldita distancia, Yo te quiero libre \/ Aqu\u00ed nada es para siempre, nada es imposible \/ Libre, si ya estuviste presa qu\u00e9 te detiene \/ Corre y vuela libre \/ Por los que ya no est\u00e1n hag\u00e1moslo posible\u201d.<\/p>\n\n\n\n<p>Como era de esperarse, el lanzamiento desat\u00f3 una avalancha de reacciones en redes, con usuarios asegurando que la canci\u00f3n les removi\u00f3 por dentro: \u201cLlor\u00e9 con esto, voy a YouTube a escucharla completa\u201d, \u201cMe encanto muchachos\u2026 ojal\u00e1 y un d\u00eda Cuba pierda el miedo a gritar Libertad!\u201d, \u201cQue se escuche alto esta canci\u00f3n!\u201d, \u201cGracias @markomusica por apoyar a nuestros artistas cubanos reales\u201d.<\/p>\n\n\n\n<p>En medio de ese ambiente, durante estos d\u00edas ha sido el propio <strong>Donald Trump<\/strong> quien ha asegurado que \u00abest\u00e1 buscando miembros del Gobierno cubano que puedan llegar a un acuerdo para poner fin al r\u00e9gimen comunista\u201d, con la intenci\u00f3n de aplicar un proceso similar al que impuls\u00f3 en Venezuela.&nbsp;<\/p>\n\n\n\n<p>Adem\u00e1s, estudia implementar un <strong>bloqueo naval<\/strong> para frenar las importaciones de petr\u00f3leo hacia Cuba, similar al impuesto hace semanas en Venezuela.<\/p>\n\n\n\n<iframe loading=\"lazy\" width=\"560\" height=\"315\" src=\"https:\/\/www.youtube.com\/embed\/4kjdWAFeYOM?si=GcB1035s33Hktn1A\" title=\"YouTube video player\" frameborder=\"0\" allow=\"accelerometer; autoplay; clipboard-write; encrypted-media; gyroscope; picture-in-picture; web-share\" referrerpolicy=\"strict-origin-when-cross-origin\" allowfullscreen><\/iframe>\n","protected":false},"excerpt":{"rendered":"<p>Libre\u201d llega con frases que conectan con quienes no pudieron despedirse o volver: \u201cHay quien no pudo abrazar a su madre en vida\u2026\u201d.<\/p>\n","protected":false},"author":29,"featured_media":233250,"comment_status":"open","ping_status":"closed","sticky":false,"template":"","format":"standard","meta":{"_acf_changed":false,"footnotes":""},"categories":[443],"tags":[252,92,11050,20674,19404],"class_list":{"0":"post-233227","1":"post","2":"type-post","3":"status-publish","4":"format-standard","5":"has-post-thumbnail","7":"category-farandula","8":"tag-artistas-cubanos","9":"tag-cubanos","10":"tag-cubanos-en-miami","11":"tag-el-rojo","12":"tag-marko"},"acf":[],"yoast_head":"<!-- This site is optimized with the Yoast SEO plugin v27.5 - https:\/\/yoast.com\/product\/yoast-seo-wordpress\/ -->\n<title>\u201cLlor\u00e9 con esto\u201d: &quot;Libre&quot;, la canci\u00f3n que desata una ola de emoci\u00f3n en redes entre cubanos y venezolanos - Cuballama Noticias<\/title>\n<meta name=\"description\" content=\"Libre\u201d llega con frases que conectan con quienes no pudieron despedirse o volver: \u201cHay quien no pudo abrazar a su madre en vida\u2026\u201d\" \/>\n<meta name=\"robots\" content=\"index, follow, max-snippet:-1, max-image-preview:large, max-video-preview:-1\" \/>\n<link rel=\"canonical\" href=\"https:\/\/www.cuballama.com\/noticias\/llore-con-esto-libre-la-cancion-que-desata-una-ola-de-emocion-en-redes-entre-cubanos-y-venezolanos\/\" \/>\n<meta property=\"og:locale\" content=\"es_ES\" \/>\n<meta property=\"og:type\" content=\"article\" \/>\n<meta property=\"og:title\" content=\"\u201cLlor\u00e9 con esto\u201d: &quot;Libre&quot;, la canci\u00f3n que desata una ola de emoci\u00f3n en redes entre cubanos y venezolanos - Cuballama Noticias\" \/>\n<meta property=\"og:description\" content=\"Libre\u201d llega con frases que conectan con quienes no pudieron despedirse o volver: \u201cHay quien no pudo abrazar a su madre en vida\u2026\u201d\" \/>\n<meta property=\"og:url\" content=\"https:\/\/www.cuballama.com\/noticias\/llore-con-esto-libre-la-cancion-que-desata-una-ola-de-emocion-en-redes-entre-cubanos-y-venezolanos\/\" \/>\n<meta property=\"og:site_name\" content=\"Cuballama Noticias\" \/>\n<meta property=\"article:publisher\" content=\"https:\/\/www.facebook.com\/CubaLlama\" \/>\n<meta property=\"article:published_time\" content=\"2026-01-24T16:09:21+00:00\" \/>\n<meta property=\"article:modified_time\" content=\"2026-01-24T16:09:25+00:00\" \/>\n<meta property=\"og:image\" content=\"https:\/\/cdn1.mediawpaccore.net\/wp-content\/uploads\/2026\/01\/24105655\/Captura-de-pantalla-2026-01-24-a-las-16.46.23.png\" \/>\n\t<meta property=\"og:image:width\" content=\"1394\" \/>\n\t<meta property=\"og:image:height\" content=\"942\" \/>\n\t<meta property=\"og:image:type\" content=\"image\/png\" \/>\n<meta name=\"author\" content=\"Sof\u00eda Reyes\" \/>\n<meta name=\"twitter:card\" content=\"summary_large_image\" \/>\n<meta name=\"twitter:creator\" content=\"@cuballama\" \/>\n<meta name=\"twitter:site\" content=\"@cuballama\" \/>\n<meta name=\"twitter:label1\" content=\"Escrito por\" \/>\n\t<meta name=\"twitter:data1\" content=\"Sof\u00eda Reyes\" \/>\n\t<meta name=\"twitter:label2\" content=\"Tiempo de lectura\" \/>\n\t<meta name=\"twitter:data2\" content=\"2 minutos\" \/>\n<script type=\"application\/ld+json\" class=\"yoast-schema-graph\">{\"@context\":\"https:\\\/\\\/schema.org\",\"@graph\":[{\"@type\":\"Article\",\"@id\":\"https:\\\/\\\/www.cuballama.com\\\/noticias\\\/llore-con-esto-libre-la-cancion-que-desata-una-ola-de-emocion-en-redes-entre-cubanos-y-venezolanos\\\/#article\",\"isPartOf\":{\"@id\":\"https:\\\/\\\/www.cuballama.com\\\/noticias\\\/llore-con-esto-libre-la-cancion-que-desata-una-ola-de-emocion-en-redes-entre-cubanos-y-venezolanos\\\/\"},\"author\":{\"name\":\"Sof\u00eda Reyes\",\"@id\":\"https:\\\/\\\/www.cuballama.com\\\/noticias\\\/#\\\/schema\\\/person\\\/5cba2b8cc25a3159e49fe730a94d512e\"},\"headline\":\"\u201cLlor\u00e9 con esto\u201d: \u00abLibre\u00bb, la canci\u00f3n que desata una ola de emoci\u00f3n en redes entre cubanos y venezolanos\",\"datePublished\":\"2026-01-24T16:09:21+00:00\",\"dateModified\":\"2026-01-24T16:09:25+00:00\",\"mainEntityOfPage\":{\"@id\":\"https:\\\/\\\/www.cuballama.com\\\/noticias\\\/llore-con-esto-libre-la-cancion-que-desata-una-ola-de-emocion-en-redes-entre-cubanos-y-venezolanos\\\/\"},\"wordCount\":378,\"commentCount\":0,\"publisher\":{\"@id\":\"https:\\\/\\\/www.cuballama.com\\\/noticias\\\/#organization\"},\"image\":{\"@id\":\"https:\\\/\\\/www.cuballama.com\\\/noticias\\\/llore-con-esto-libre-la-cancion-que-desata-una-ola-de-emocion-en-redes-entre-cubanos-y-venezolanos\\\/#primaryimage\"},\"thumbnailUrl\":\"https:\\\/\\\/cdn1.mediawpaccore.net\\\/wp-content\\\/uploads\\\/2026\\\/01\\\/24105655\\\/Captura-de-pantalla-2026-01-24-a-las-16.46.23.png\",\"keywords\":[\"Artistas cubanos\",\"cubanos\",\"cubanos en Miami\",\"El Rojo\",\"Marko\"],\"articleSection\":[\"Far\u00e1ndula\"],\"inLanguage\":\"es\",\"potentialAction\":[{\"@type\":\"CommentAction\",\"name\":\"Comment\",\"target\":[\"https:\\\/\\\/www.cuballama.com\\\/noticias\\\/llore-con-esto-libre-la-cancion-que-desata-una-ola-de-emocion-en-redes-entre-cubanos-y-venezolanos\\\/#respond\"]}]},{\"@type\":\"WebPage\",\"@id\":\"https:\\\/\\\/www.cuballama.com\\\/noticias\\\/llore-con-esto-libre-la-cancion-que-desata-una-ola-de-emocion-en-redes-entre-cubanos-y-venezolanos\\\/\",\"url\":\"https:\\\/\\\/www.cuballama.com\\\/noticias\\\/llore-con-esto-libre-la-cancion-que-desata-una-ola-de-emocion-en-redes-entre-cubanos-y-venezolanos\\\/\",\"name\":\"\u201cLlor\u00e9 con esto\u201d: \\\"Libre\\\", la canci\u00f3n que desata una ola de emoci\u00f3n en redes entre cubanos y venezolanos - Cuballama Noticias\",\"isPartOf\":{\"@id\":\"https:\\\/\\\/www.cuballama.com\\\/noticias\\\/#website\"},\"primaryImageOfPage\":{\"@id\":\"https:\\\/\\\/www.cuballama.com\\\/noticias\\\/llore-con-esto-libre-la-cancion-que-desata-una-ola-de-emocion-en-redes-entre-cubanos-y-venezolanos\\\/#primaryimage\"},\"image\":{\"@id\":\"https:\\\/\\\/www.cuballama.com\\\/noticias\\\/llore-con-esto-libre-la-cancion-que-desata-una-ola-de-emocion-en-redes-entre-cubanos-y-venezolanos\\\/#primaryimage\"},\"thumbnailUrl\":\"https:\\\/\\\/cdn1.mediawpaccore.net\\\/wp-content\\\/uploads\\\/2026\\\/01\\\/24105655\\\/Captura-de-pantalla-2026-01-24-a-las-16.46.23.png\",\"datePublished\":\"2026-01-24T16:09:21+00:00\",\"dateModified\":\"2026-01-24T16:09:25+00:00\",\"description\":\"Libre\u201d llega con frases que conectan con quienes no pudieron despedirse o volver: \u201cHay quien no pudo abrazar a su madre en vida\u2026\u201d\",\"breadcrumb\":{\"@id\":\"https:\\\/\\\/www.cuballama.com\\\/noticias\\\/llore-con-esto-libre-la-cancion-que-desata-una-ola-de-emocion-en-redes-entre-cubanos-y-venezolanos\\\/#breadcrumb\"},\"inLanguage\":\"es\",\"potentialAction\":[{\"@type\":\"ReadAction\",\"target\":[\"https:\\\/\\\/www.cuballama.com\\\/noticias\\\/llore-con-esto-libre-la-cancion-que-desata-una-ola-de-emocion-en-redes-entre-cubanos-y-venezolanos\\\/\"]}]},{\"@type\":\"ImageObject\",\"inLanguage\":\"es\",\"@id\":\"https:\\\/\\\/www.cuballama.com\\\/noticias\\\/llore-con-esto-libre-la-cancion-que-desata-una-ola-de-emocion-en-redes-entre-cubanos-y-venezolanos\\\/#primaryimage\",\"url\":\"https:\\\/\\\/cdn1.mediawpaccore.net\\\/wp-content\\\/uploads\\\/2026\\\/01\\\/24105655\\\/Captura-de-pantalla-2026-01-24-a-las-16.46.23.png\",\"contentUrl\":\"https:\\\/\\\/cdn1.mediawpaccore.net\\\/wp-content\\\/uploads\\\/2026\\\/01\\\/24105655\\\/Captura-de-pantalla-2026-01-24-a-las-16.46.23.png\",\"width\":1394,\"height\":942,\"caption\":\"Foto tomada de perfil de Instagram de El Rojo\"},{\"@type\":\"BreadcrumbList\",\"@id\":\"https:\\\/\\\/www.cuballama.com\\\/noticias\\\/llore-con-esto-libre-la-cancion-que-desata-una-ola-de-emocion-en-redes-entre-cubanos-y-venezolanos\\\/#breadcrumb\",\"itemListElement\":[{\"@type\":\"ListItem\",\"position\":1,\"name\":\"Home\",\"item\":\"https:\\\/\\\/www.cuballama.com\\\/noticias\\\/\"},{\"@type\":\"ListItem\",\"position\":2,\"name\":\"\u201cLlor\u00e9 con esto\u201d: \u00abLibre\u00bb, la canci\u00f3n que desata una ola de emoci\u00f3n en redes entre cubanos y venezolanos\"}]},{\"@type\":\"WebSite\",\"@id\":\"https:\\\/\\\/www.cuballama.com\\\/noticias\\\/#website\",\"url\":\"https:\\\/\\\/www.cuballama.com\\\/noticias\\\/\",\"name\":\"Cuballama Noticias\",\"description\":\"Medio digital sobre Cuba y el mundo\",\"publisher\":{\"@id\":\"https:\\\/\\\/www.cuballama.com\\\/noticias\\\/#organization\"},\"potentialAction\":[{\"@type\":\"SearchAction\",\"target\":{\"@type\":\"EntryPoint\",\"urlTemplate\":\"https:\\\/\\\/www.cuballama.com\\\/noticias\\\/?s={search_term_string}\"},\"query-input\":{\"@type\":\"PropertyValueSpecification\",\"valueRequired\":true,\"valueName\":\"search_term_string\"}}],\"inLanguage\":\"es\"},{\"@type\":\"Organization\",\"@id\":\"https:\\\/\\\/www.cuballama.com\\\/noticias\\\/#organization\",\"name\":\"Cuballama\",\"url\":\"https:\\\/\\\/www.cuballama.com\\\/noticias\\\/\",\"logo\":{\"@type\":\"ImageObject\",\"inLanguage\":\"es\",\"@id\":\"https:\\\/\\\/www.cuballama.com\\\/noticias\\\/#\\\/schema\\\/logo\\\/image\\\/\",\"url\":\"https:\\\/\\\/cdn1.mediawpaccore.net\\\/wp-content\\\/uploads\\\/2021\\\/12\\\/28171206\\\/cbll-logo-color-sm.png\",\"contentUrl\":\"https:\\\/\\\/cdn1.mediawpaccore.net\\\/wp-content\\\/uploads\\\/2021\\\/12\\\/28171206\\\/cbll-logo-color-sm.png\",\"width\":600,\"height\":133,\"caption\":\"Cuballama\"},\"image\":{\"@id\":\"https:\\\/\\\/www.cuballama.com\\\/noticias\\\/#\\\/schema\\\/logo\\\/image\\\/\"},\"sameAs\":[\"https:\\\/\\\/www.facebook.com\\\/CubaLlama\",\"https:\\\/\\\/x.com\\\/cuballama\",\"https:\\\/\\\/www.instagram.com\\\/stories\\\/cuballama_oficial\\\/\",\"https:\\\/\\\/www.youtube.com\\\/channel\\\/UCKkFE-d_axENGZcrc4as0IA\"]},{\"@type\":\"Person\",\"@id\":\"https:\\\/\\\/www.cuballama.com\\\/noticias\\\/#\\\/schema\\\/person\\\/5cba2b8cc25a3159e49fe730a94d512e\",\"name\":\"Sof\u00eda Reyes\",\"url\":\"https:\\\/\\\/www.cuballama.com\\\/noticias\\\/author\\\/laura\\\/\"}]}<\/script>\n<!-- \/ Yoast SEO plugin. -->","yoast_head_json":{"title":"\u201cLlor\u00e9 con esto\u201d: \"Libre\", la canci\u00f3n que desata una ola de emoci\u00f3n en redes entre cubanos y venezolanos - Cuballama Noticias","description":"Libre\u201d llega con frases que conectan con quienes no pudieron despedirse o volver: \u201cHay quien no pudo abrazar a su madre en vida\u2026\u201d","robots":{"index":"index","follow":"follow","max-snippet":"max-snippet:-1","max-image-preview":"max-image-preview:large","max-video-preview":"max-video-preview:-1"},"canonical":"https:\/\/www.cuballama.com\/noticias\/llore-con-esto-libre-la-cancion-que-desata-una-ola-de-emocion-en-redes-entre-cubanos-y-venezolanos\/","og_locale":"es_ES","og_type":"article","og_title":"\u201cLlor\u00e9 con esto\u201d: \"Libre\", la canci\u00f3n que desata una ola de emoci\u00f3n en redes entre cubanos y venezolanos - Cuballama Noticias","og_description":"Libre\u201d llega con frases que conectan con quienes no pudieron despedirse o volver: \u201cHay quien no pudo abrazar a su madre en vida\u2026\u201d","og_url":"https:\/\/www.cuballama.com\/noticias\/llore-con-esto-libre-la-cancion-que-desata-una-ola-de-emocion-en-redes-entre-cubanos-y-venezolanos\/","og_site_name":"Cuballama Noticias","article_publisher":"https:\/\/www.facebook.com\/CubaLlama","article_published_time":"2026-01-24T16:09:21+00:00","article_modified_time":"2026-01-24T16:09:25+00:00","og_image":[{"width":1394,"height":942,"url":"https:\/\/cdn1.mediawpaccore.net\/wp-content\/uploads\/2026\/01\/24105655\/Captura-de-pantalla-2026-01-24-a-las-16.46.23.png","type":"image\/png"}],"author":"Sof\u00eda Reyes","twitter_card":"summary_large_image","twitter_creator":"@cuballama","twitter_site":"@cuballama","twitter_misc":{"Escrito por":"Sof\u00eda Reyes","Tiempo de lectura":"2 minutos"},"schema":{"@context":"https:\/\/schema.org","@graph":[{"@type":"Article","@id":"https:\/\/www.cuballama.com\/noticias\/llore-con-esto-libre-la-cancion-que-desata-una-ola-de-emocion-en-redes-entre-cubanos-y-venezolanos\/#article","isPartOf":{"@id":"https:\/\/www.cuballama.com\/noticias\/llore-con-esto-libre-la-cancion-que-desata-una-ola-de-emocion-en-redes-entre-cubanos-y-venezolanos\/"},"author":{"name":"Sof\u00eda Reyes","@id":"https:\/\/www.cuballama.com\/noticias\/#\/schema\/person\/5cba2b8cc25a3159e49fe730a94d512e"},"headline":"\u201cLlor\u00e9 con esto\u201d: \u00abLibre\u00bb, la canci\u00f3n que desata una ola de emoci\u00f3n en redes entre cubanos y venezolanos","datePublished":"2026-01-24T16:09:21+00:00","dateModified":"2026-01-24T16:09:25+00:00","mainEntityOfPage":{"@id":"https:\/\/www.cuballama.com\/noticias\/llore-con-esto-libre-la-cancion-que-desata-una-ola-de-emocion-en-redes-entre-cubanos-y-venezolanos\/"},"wordCount":378,"commentCount":0,"publisher":{"@id":"https:\/\/www.cuballama.com\/noticias\/#organization"},"image":{"@id":"https:\/\/www.cuballama.com\/noticias\/llore-con-esto-libre-la-cancion-que-desata-una-ola-de-emocion-en-redes-entre-cubanos-y-venezolanos\/#primaryimage"},"thumbnailUrl":"https:\/\/cdn1.mediawpaccore.net\/wp-content\/uploads\/2026\/01\/24105655\/Captura-de-pantalla-2026-01-24-a-las-16.46.23.png","keywords":["Artistas cubanos","cubanos","cubanos en Miami","El Rojo","Marko"],"articleSection":["Far\u00e1ndula"],"inLanguage":"es","potentialAction":[{"@type":"CommentAction","name":"Comment","target":["https:\/\/www.cuballama.com\/noticias\/llore-con-esto-libre-la-cancion-que-desata-una-ola-de-emocion-en-redes-entre-cubanos-y-venezolanos\/#respond"]}]},{"@type":"WebPage","@id":"https:\/\/www.cuballama.com\/noticias\/llore-con-esto-libre-la-cancion-que-desata-una-ola-de-emocion-en-redes-entre-cubanos-y-venezolanos\/","url":"https:\/\/www.cuballama.com\/noticias\/llore-con-esto-libre-la-cancion-que-desata-una-ola-de-emocion-en-redes-entre-cubanos-y-venezolanos\/","name":"\u201cLlor\u00e9 con esto\u201d: \"Libre\", la canci\u00f3n que desata una ola de emoci\u00f3n en redes entre cubanos y venezolanos - Cuballama Noticias","isPartOf":{"@id":"https:\/\/www.cuballama.com\/noticias\/#website"},"primaryImageOfPage":{"@id":"https:\/\/www.cuballama.com\/noticias\/llore-con-esto-libre-la-cancion-que-desata-una-ola-de-emocion-en-redes-entre-cubanos-y-venezolanos\/#primaryimage"},"image":{"@id":"https:\/\/www.cuballama.com\/noticias\/llore-con-esto-libre-la-cancion-que-desata-una-ola-de-emocion-en-redes-entre-cubanos-y-venezolanos\/#primaryimage"},"thumbnailUrl":"https:\/\/cdn1.mediawpaccore.net\/wp-content\/uploads\/2026\/01\/24105655\/Captura-de-pantalla-2026-01-24-a-las-16.46.23.png","datePublished":"2026-01-24T16:09:21+00:00","dateModified":"2026-01-24T16:09:25+00:00","description":"Libre\u201d llega con frases que conectan con quienes no pudieron despedirse o volver: \u201cHay quien no pudo abrazar a su madre en vida\u2026\u201d","breadcrumb":{"@id":"https:\/\/www.cuballama.com\/noticias\/llore-con-esto-libre-la-cancion-que-desata-una-ola-de-emocion-en-redes-entre-cubanos-y-venezolanos\/#breadcrumb"},"inLanguage":"es","potentialAction":[{"@type":"ReadAction","target":["https:\/\/www.cuballama.com\/noticias\/llore-con-esto-libre-la-cancion-que-desata-una-ola-de-emocion-en-redes-entre-cubanos-y-venezolanos\/"]}]},{"@type":"ImageObject","inLanguage":"es","@id":"https:\/\/www.cuballama.com\/noticias\/llore-con-esto-libre-la-cancion-que-desata-una-ola-de-emocion-en-redes-entre-cubanos-y-venezolanos\/#primaryimage","url":"https:\/\/cdn1.mediawpaccore.net\/wp-content\/uploads\/2026\/01\/24105655\/Captura-de-pantalla-2026-01-24-a-las-16.46.23.png","contentUrl":"https:\/\/cdn1.mediawpaccore.net\/wp-content\/uploads\/2026\/01\/24105655\/Captura-de-pantalla-2026-01-24-a-las-16.46.23.png","width":1394,"height":942,"caption":"Foto tomada de perfil de Instagram de El Rojo"},{"@type":"BreadcrumbList","@id":"https:\/\/www.cuballama.com\/noticias\/llore-con-esto-libre-la-cancion-que-desata-una-ola-de-emocion-en-redes-entre-cubanos-y-venezolanos\/#breadcrumb","itemListElement":[{"@type":"ListItem","position":1,"name":"Home","item":"https:\/\/www.cuballama.com\/noticias\/"},{"@type":"ListItem","position":2,"name":"\u201cLlor\u00e9 con esto\u201d: \u00abLibre\u00bb, la canci\u00f3n que desata una ola de emoci\u00f3n en redes entre cubanos y venezolanos"}]},{"@type":"WebSite","@id":"https:\/\/www.cuballama.com\/noticias\/#website","url":"https:\/\/www.cuballama.com\/noticias\/","name":"Cuballama Noticias","description":"Medio digital sobre Cuba y el mundo","publisher":{"@id":"https:\/\/www.cuballama.com\/noticias\/#organization"},"potentialAction":[{"@type":"SearchAction","target":{"@type":"EntryPoint","urlTemplate":"https:\/\/www.cuballama.com\/noticias\/?s={search_term_string}"},"query-input":{"@type":"PropertyValueSpecification","valueRequired":true,"valueName":"search_term_string"}}],"inLanguage":"es"},{"@type":"Organization","@id":"https:\/\/www.cuballama.com\/noticias\/#organization","name":"Cuballama","url":"https:\/\/www.cuballama.com\/noticias\/","logo":{"@type":"ImageObject","inLanguage":"es","@id":"https:\/\/www.cuballama.com\/noticias\/#\/schema\/logo\/image\/","url":"https:\/\/cdn1.mediawpaccore.net\/wp-content\/uploads\/2021\/12\/28171206\/cbll-logo-color-sm.png","contentUrl":"https:\/\/cdn1.mediawpaccore.net\/wp-content\/uploads\/2021\/12\/28171206\/cbll-logo-color-sm.png","width":600,"height":133,"caption":"Cuballama"},"image":{"@id":"https:\/\/www.cuballama.com\/noticias\/#\/schema\/logo\/image\/"},"sameAs":["https:\/\/www.facebook.com\/CubaLlama","https:\/\/x.com\/cuballama","https:\/\/www.instagram.com\/stories\/cuballama_oficial\/","https:\/\/www.youtube.com\/channel\/UCKkFE-d_axENGZcrc4as0IA"]},{"@type":"Person","@id":"https:\/\/www.cuballama.com\/noticias\/#\/schema\/person\/5cba2b8cc25a3159e49fe730a94d512e","name":"Sof\u00eda Reyes","url":"https:\/\/www.cuballama.com\/noticias\/author\/laura\/"}]}},"_links":{"self":[{"href":"https:\/\/www.cuballama.com\/noticias\/wp-json\/wp\/v2\/posts\/233227","targetHints":{"allow":["GET"]}}],"collection":[{"href":"https:\/\/www.cuballama.com\/noticias\/wp-json\/wp\/v2\/posts"}],"about":[{"href":"https:\/\/www.cuballama.com\/noticias\/wp-json\/wp\/v2\/types\/post"}],"author":[{"embeddable":true,"href":"https:\/\/www.cuballama.com\/noticias\/wp-json\/wp\/v2\/users\/29"}],"replies":[{"embeddable":true,"href":"https:\/\/www.cuballama.com\/noticias\/wp-json\/wp\/v2\/comments?post=233227"}],"version-history":[{"count":4,"href":"https:\/\/www.cuballama.com\/noticias\/wp-json\/wp\/v2\/posts\/233227\/revisions"}],"predecessor-version":[{"id":233252,"href":"https:\/\/www.cuballama.com\/noticias\/wp-json\/wp\/v2\/posts\/233227\/revisions\/233252"}],"wp:featuredmedia":[{"embeddable":true,"href":"https:\/\/www.cuballama.com\/noticias\/wp-json\/wp\/v2\/media\/233250"}],"wp:attachment":[{"href":"https:\/\/www.cuballama.com\/noticias\/wp-json\/wp\/v2\/media?parent=233227"}],"wp:term":[{"taxonomy":"category","embeddable":true,"href":"https:\/\/www.cuballama.com\/noticias\/wp-json\/wp\/v2\/categories?post=233227"},{"taxonomy":"post_tag","embeddable":true,"href":"https:\/\/www.cuballama.com\/noticias\/wp-json\/wp\/v2\/tags?post=233227"}],"curies":[{"name":"wp","href":"https:\/\/api.w.org\/{rel}","templated":true}]}}