{"id":233209,"date":"2026-01-23T17:17:30","date_gmt":"2026-01-23T22:17:30","guid":{"rendered":"https:\/\/www.cuballama.com\/noticias\/?p=233209"},"modified":"2026-03-05T11:36:12","modified_gmt":"2026-03-05T16:36:12","slug":"revelan-detalles-del-arresto-de-2016-por-el-que-el-chulo-podria-ser-deportado","status":"publish","type":"post","link":"https:\/\/www.cuballama.com\/noticias\/revelan-detalles-del-arresto-de-2016-por-el-que-el-chulo-podria-ser-deportado\/","title":{"rendered":"Revelan detalles del arresto de 2016 por el que El Chulo podr\u00eda ser deportado"},"content":{"rendered":"\n<p>Poco despu\u00e9s del arresto del reguetonero cubano Abel D\u00edaz Rodr\u00edguez, El Chulo, <a href=\"https:\/\/www.cuballama.com\/noticias\/ice-arresta-al-cantante-cubano-conocido-como-el-chulo\/\" target=\"_blank\" rel=\"noreferrer noopener\">detenido<\/a> por el Servicio de Inmigraci\u00f3n y Control de Aduanas de Estados Unidos (ICE, en ingl\u00e9s), han salido a la luz detalles de lo que hizo que hace diez a\u00f1os recibiera una orden de deportaci\u00f3n.<\/p>\n\n\n\n<p>El Chulo fue detenido este jueves 22 de enero en su casa luego de ausentarse a su cita de supervisi\u00f3n anual con Inmigraci\u00f3n este mismo mes y se encuentra detenido actualmente en el South Florida Detention Facility, conocido com\u00fanmente como Alligator Alcatraz o Alcatraz de los Caimanes, de donde podr\u00eda ser deportado a un tercer pa\u00eds.<\/p>\n\n\n\n<p>Hay que recordar que el pasado a\u00f1o El Chulo reconoci\u00f3 que <a href=\"https:\/\/www.cuballama.com\/noticias\/el-chulo-arrestado-otra-vez-por-ice\/?srsltid=AfmBOoo6zoYPu3l__lg_1yyMt7l00YseJPSymshI36nZRMhrypfDyz9-\" target=\"_blank\" rel=\"noreferrer noopener\">en 2018<\/a>, tambi\u00e9n bajo un clima \u00e1spero para los inmigrantes, fue detenido por ICE tras acudir voluntariamente a una cita con Inmigraci\u00f3n.<\/p>\n\n\n\n<p>Seg\u00fan confirm\u00f3 este viernes el periodista Daniel Ben\u00edtez, de <em>Univisi\u00f3n 23<\/em>, El Chulo, de 35 a\u00f1os, ten\u00eda una orden de deportaci\u00f3n desde que se declar\u00f3 culpable en un incidente ocurrido en Tampa, Florida, y que involucr\u00f3 un arma de fuego.<\/p>\n\n\n\n<p>El propio Ben\u00edtez comparti\u00f3 en redes sociales la orden del citado arresto, que tuvo lugar despu\u00e9s de que el 6 de febrero de 2016 agrediera a un hombre que estar\u00eda teniendo una relaci\u00f3n sexual con la madre de su hijo.&nbsp;<\/p>\n\n\n\n<p>La persona agredida declar\u00f3 que El Chulo quer\u00eda pelear con \u00e9l desde el 30 de diciembre de 2015, debido a que descubri\u00f3 que la v\u00edctima estaba teniendo una relaci\u00f3n sexual con la madre de su hijo. <\/p>\n\n\n\n<p>Ben\u00edtez recalc\u00f3 que, si bien el artista urbano no cumpli\u00f3 tiempo de c\u00e1rcel por lo sucedido, desde entonces viv\u00eda supervisado.<\/p>\n\n\n\n<p>El documento revelado, que reproducimos a continuaci\u00f3n, indica que El Chulo enfrent\u00f3 cargos por intento de asesinato en primer grado y agresi\u00f3n agravada con un arma mortal.<\/p>\n\n\n\n<iframe loading=\"lazy\" src=\"https:\/\/www.facebook.com\/plugins\/post.php?href=https%3A%2F%2Fwww.facebook.com%2Fdanielbeniteznews%2Fposts%2Fpfbid034TzccQznGZMaxa2mTkvkR2hYYbH7TJV8b7e9iAYtF2Pz4q3cSVqwVJf1EgGHcDGWl&#038;show_text=true&#038;width=500\" width=\"500\" height=\"786\" style=\"border:none;overflow:hidden\" scrolling=\"no\" frameborder=\"0\" allowfullscreen=\"true\" allow=\"autoplay; clipboard-write; encrypted-media; picture-in-picture; web-share\"><\/iframe>\n\n\n\n<p>El 02\/06\/2016, aproximadamente a las 02:40 horas, la v\u00edctima estaba saliendo del club nocturno Dos Gardenias a la hora de cierre cuando el acusado se le acerc\u00f3 desde su Volkswagen Jetta de color gris 2011 (con la etiqueta FL. EMJZ63) armado con un bate de b\u00e9isbol. El acusado golpe\u00f3 a la v\u00edctima en la espalda, los costados y el antebrazo izquierdo mientras dec\u00eda que lo iba a matar (en espa\u00f1ol).&nbsp;<\/p>\n\n\n\n<p>La v\u00edctima ten\u00eda su antebrazo izquierdo levantado cubriendo su cara de los golpes. La v\u00edctima pudo luchar para alejar el bate del acusado. Varios amigos en com\u00fan del acusado y de la v\u00edctima, as\u00ed como los guardias de seguridad del club nocturno, presenciaron la pelea. El acusado result\u00f3 herido al ser apu\u00f1alado con un instrumento de corte desconocido durante el transcurso de la pelea, sin embargo, todos los relatos de testigos que pudieron ser entrevistados no pudieron decir c\u00f3mo fue apu\u00f1alado. <\/p>\n\n\n\n<p>Una vez que la pelea empez\u00f3, el acusado volvi\u00f3 a su Volkswagen Jetta y tom\u00f3 una pistola de calibre .380 del interior de su veh\u00edculo. El acusado luego se acerc\u00f3 a un Chrysler 300 2012 de color plateado (FL, etiqueta EZGZ61), donde la v\u00edctima se hab\u00eda metido en el asiento trasero del lado del conductor. La v\u00edctima estaba intentando salir del estacionamiento en este momento.&nbsp;<\/p>\n\n\n\n<p>El Chrysler 300 estaba ocupado por otras cuatro personas. El acusado abri\u00f3 la puerta trasera del lado del conductor y dispar\u00f3 aproximadamente cuatro tiros mientras estaba de pie justo fuera de la puerta trasera del lado del conductor. La v\u00edctima pudo patear al acusado mientras disparaba. La v\u00edctima no fue alcanzada por ninguna de las rondas.&nbsp;<\/p>\n\n\n\n<p>El conductor del Chrysler 300 (Delmys Fern\u00e1ndez) fue capaz de conducir hacia el sur por Hanley Road. Luego, el acusado le pidi\u00f3 a un amigo com\u00fan (Jos\u00e9 Molina) que lo llevara en su Volkswagen Jetta al Hospital Comunitario de Tampa. El guardia de seguridad (Douglas Acosta) observ\u00f3 la pelea inicial entre la v\u00edctima y el acusado. Douglas Acosta identific\u00f3 al acusado, a quien conoce como \u201cEl Chulo Pa\u201d a trav\u00e9s de su cuenta de Facebook, como la persona que observ\u00f3 en la puerta trasera del lado del conductor del Chrysler 300 disparando de tres a cuatro rondas contra el veh\u00edculo. La v\u00edctima identific\u00f3 al acusado al sacar una cuenta de Facebook y tambi\u00e9n sab\u00eda el nombre del acusado, al declarar que su nombre era Abel D\u00edaz, durante una entrevista jurada el 02\/08\/2016.&nbsp;<\/p>\n\n\n\n<p>La v\u00edctima inform\u00f3 que \u201cEl Chulo\u201d fue la persona que lo golpe\u00f3 con el bate de b\u00e9isbol varias veces en la espalda y el antebrazo izquierdo. La v\u00edctima inform\u00f3 que el acusado estaba gritando que lo iba a matar cuando lo golpearon con el bate de b\u00e9isbol. La v\u00edctima tambi\u00e9n inform\u00f3 que el acusado fue la persona que abri\u00f3 la puerta trasera del lado del conductor del Chrysler 300 y dispar\u00f3 contra el veh\u00edculo. El hermano de la v\u00edctima (Jonathan Vald\u00e9s Chac\u00f3n) identific\u00f3 al acusado a trav\u00e9s de Facebook como la persona que golpe\u00f3 a la v\u00edctima con el bate de b\u00e9isbol y dispar\u00f3 en el lado trasero del conductor del Chrysler 300.<\/p>\n\n\n\n<p>El testigo (Yordan Hern\u00e1ndez) se\u00f1al\u00f3 bajo juramento, el 09\/02\/2016, que el acusado golpe\u00f3 a la v\u00edctima con un bate de b\u00e9isbol en el estacionamiento del club. Yordan Hern\u00e1ndez dijo que el acusado y la v\u00edctima pelearon, pero que la pelea hab\u00eda terminado. Luego, el acusado fue a otro veh\u00edculo en el estacionamiento (que describi\u00f3 como un posible Volkswagen), recuper\u00f3 una pistola y se acerc\u00f3 a un Chrysler gris claro en el que se meti\u00f3 la v\u00edctima. Yordan Hern\u00e1ndez dijo que el acusado dispar\u00f3 contra el Chrysler en el estacionamiento en el que entr\u00f3 la v\u00edctima, y que la persona que golpe\u00f3 a la v\u00edctima con el bate y dispar\u00f3 el arma es conocida como \u201cEl Chulo\u201d. Yordan Hern\u00e1ndez identific\u00f3 al acusado a trav\u00e9s de una alineaci\u00f3n fotogr\u00e1fica secuencial como \u201cEl Chulo\u201d.&nbsp;<\/p>\n\n\n\n<p>El testigo (Yosmar Yzquierdo Qui\u00f1ones) asegur\u00f3 bajo juramento que una persona conocida por \u00e9l como \u201cEl Chulo\u201d ten\u00eda un bate, y estaba peleando con la v\u00edctima en el estacionamiento. Dijo que escuch\u00f3 disparos, pero no vio qui\u00e9n estaba disparando. <\/p>\n\n\n\n<p>El conductor del Chrysler 300 (Delmys Fern\u00e1ndez) not\u00f3 que la v\u00edctima se puso en el asiento detr\u00e1s de ella en el estacionamiento. No vio qui\u00e9n estaba disparando, pero escuch\u00f3 disparos. Delmys Fern\u00e1ndez inform\u00f3 que la v\u00edctima se meti\u00f3 en una pelea en el estacionamiento y que se meti\u00f3 en su Chrysler 300 mientras la pelea ocurr\u00eda. Delmys Fern\u00e1ndez inform\u00f3 que solo vio a la persona con la que la v\u00edctima estaba peleando por detr\u00e1s, pero vio a la persona golpear a la v\u00edctima con un bate. Unos momentos despu\u00e9s, la v\u00edctima se sent\u00f3 en el asiento detr\u00e1s de ella y le dijo que condujera. Poco despu\u00e9s, escuch\u00f3 la puerta trasera del lado del conductor abierta, y escuch\u00f3 disparos.&nbsp;Delmys Fern\u00e1ndez no pudo ver qui\u00e9n estaba disparando. <\/p>\n\n\n\n<p>El testigo (Eddy Garc\u00eda Fonseca) inform\u00f3 bajo juramento que la v\u00edctima fue abordada por detr\u00e1s en el estacionamiento por alguien que conoce como \u201cEl Chulo\u201d. Eddy Garc\u00eda Fonseca sac\u00f3 una foto de \u201cEl Chulo\u201d a trav\u00e9s de Facebook y le dijo que esta era la persona que se pele\u00f3 con la v\u00edctima en el estacionamiento. Eddy Garc\u00eda Fonseca inform\u00f3 que hubo una pelea en el estacionamiento y que no vio f\u00edsicamente qui\u00e9n ten\u00eda un bate de b\u00e9isbol, pero escuch\u00f3 que uno estaba involucrado. Eddy Garc\u00eda Fonseca vio que la v\u00edctima se puso en el asiento trasero del lado del conductor del Chrysler 300. Eddy Garc\u00eda Fonseca inform\u00f3 que oy\u00f3 disparos despu\u00e9s de que la v\u00edctima se pusiera en el asiento junto a \u00e9l en el Chrysler 300.<\/p>\n\n\n\n<p>La Oficina del Sheriff del Condado de Hillsborough hab\u00eda sido enviada a una llamada de disturbios anteriormente, el 01\/04\/2016, bajo el n\u00famero de caso HCSO 16-8837, por parte de la madre de la v\u00edctima (Caridad Chac\u00f3n). La llamada advirti\u00f3 que una persona llamada Abel D\u00edaz (\u201cEl Chulo\u201d) vino a su casa en busca de su hijo (la v\u00edctima) y le dijo que quer\u00eda pelear con \u00e9l. Hab\u00eda notas en la llamada que indicaban que el acusado ten\u00eda un arma.<\/p>\n\n\n\n<p><\/p>\n","protected":false},"excerpt":{"rendered":"<p>El reguetonero fue arrestado este 22 de enero, tras ausentarse a su cita de supervisi\u00f3n anual ante Inmigraci\u00f3n.<\/p>\n","protected":false},"author":30,"featured_media":233211,"comment_status":"open","ping_status":"closed","sticky":false,"template":"","format":"standard","meta":{"_acf_changed":false,"footnotes":""},"categories":[18,11024],"tags":[941,12534,24638],"class_list":{"0":"post-233209","1":"post","2":"type-post","3":"status-publish","4":"format-standard","5":"has-post-thumbnail","7":"category-noticias","8":"category-noticias-de-miami","9":"tag-destacado","10":"tag-el-chulo","11":"tag-orden-de-deportacion"},"acf":[],"yoast_head":"<!-- This site is optimized with the Yoast SEO plugin v27.4 - https:\/\/yoast.com\/product\/yoast-seo-wordpress\/ -->\n<title>Revelan detalles del arresto de 2016 por el que El Chulo podr\u00eda ser deportado - Cuballama Noticias<\/title>\n<meta name=\"description\" content=\"En las \u00faltimas horas han salido a la luz detalles del arresto por el que El Chulo, detenido por ICE, tiene una orden de deportaci\u00f3n.\" \/>\n<meta name=\"robots\" content=\"index, follow, max-snippet:-1, max-image-preview:large, max-video-preview:-1\" \/>\n<link rel=\"canonical\" href=\"https:\/\/www.cuballama.com\/noticias\/revelan-detalles-del-arresto-de-2016-por-el-que-el-chulo-podria-ser-deportado\/\" \/>\n<meta property=\"og:locale\" content=\"es_ES\" \/>\n<meta property=\"og:type\" content=\"article\" \/>\n<meta property=\"og:title\" content=\"Revelan detalles del arresto de 2016 por el que El Chulo podr\u00eda ser deportado - Cuballama Noticias\" \/>\n<meta property=\"og:description\" content=\"En las \u00faltimas horas han salido a la luz detalles del arresto por el que El Chulo, detenido por ICE, tiene una orden de deportaci\u00f3n.\" \/>\n<meta property=\"og:url\" content=\"https:\/\/www.cuballama.com\/noticias\/revelan-detalles-del-arresto-de-2016-por-el-que-el-chulo-podria-ser-deportado\/\" \/>\n<meta property=\"og:site_name\" content=\"Cuballama Noticias\" \/>\n<meta property=\"article:publisher\" content=\"https:\/\/www.facebook.com\/CubaLlama\" \/>\n<meta property=\"article:published_time\" content=\"2026-01-23T22:17:30+00:00\" \/>\n<meta property=\"article:modified_time\" content=\"2026-03-05T16:36:12+00:00\" \/>\n<meta property=\"og:image\" content=\"https:\/\/cdn1.mediawpaccore.net\/wp-content\/uploads\/2026\/01\/23162735\/616569054_884097217700133_2492575773841121519_n1.jpg\" \/>\n\t<meta property=\"og:image:width\" content=\"1200\" \/>\n\t<meta property=\"og:image:height\" content=\"630\" \/>\n\t<meta property=\"og:image:type\" content=\"image\/jpeg\" \/>\n<meta name=\"author\" content=\"Kathy\" \/>\n<meta name=\"twitter:card\" content=\"summary_large_image\" \/>\n<meta name=\"twitter:creator\" content=\"@cuballama\" \/>\n<meta name=\"twitter:site\" content=\"@cuballama\" \/>\n<meta name=\"twitter:label1\" content=\"Escrito por\" \/>\n\t<meta name=\"twitter:data1\" content=\"Kathy\" \/>\n\t<meta name=\"twitter:label2\" content=\"Tiempo de lectura\" \/>\n\t<meta name=\"twitter:data2\" content=\"7 minutos\" \/>\n<script type=\"application\/ld+json\" class=\"yoast-schema-graph\">{\"@context\":\"https:\\\/\\\/schema.org\",\"@graph\":[{\"@type\":\"Article\",\"@id\":\"https:\\\/\\\/www.cuballama.com\\\/noticias\\\/revelan-detalles-del-arresto-de-2016-por-el-que-el-chulo-podria-ser-deportado\\\/#article\",\"isPartOf\":{\"@id\":\"https:\\\/\\\/www.cuballama.com\\\/noticias\\\/revelan-detalles-del-arresto-de-2016-por-el-que-el-chulo-podria-ser-deportado\\\/\"},\"author\":{\"name\":\"Kathy\",\"@id\":\"https:\\\/\\\/www.cuballama.com\\\/noticias\\\/#\\\/schema\\\/person\\\/86cd3e3f4974437f031211213bf892d5\"},\"headline\":\"Revelan detalles del arresto de 2016 por el que El Chulo podr\u00eda ser deportado\",\"datePublished\":\"2026-01-23T22:17:30+00:00\",\"dateModified\":\"2026-03-05T16:36:12+00:00\",\"mainEntityOfPage\":{\"@id\":\"https:\\\/\\\/www.cuballama.com\\\/noticias\\\/revelan-detalles-del-arresto-de-2016-por-el-que-el-chulo-podria-ser-deportado\\\/\"},\"wordCount\":1449,\"commentCount\":0,\"publisher\":{\"@id\":\"https:\\\/\\\/www.cuballama.com\\\/noticias\\\/#organization\"},\"image\":{\"@id\":\"https:\\\/\\\/www.cuballama.com\\\/noticias\\\/revelan-detalles-del-arresto-de-2016-por-el-que-el-chulo-podria-ser-deportado\\\/#primaryimage\"},\"thumbnailUrl\":\"https:\\\/\\\/cdn1.mediawpaccore.net\\\/wp-content\\\/uploads\\\/2026\\\/01\\\/23162735\\\/616569054_884097217700133_2492575773841121519_n1.jpg\",\"keywords\":[\"destacado\",\"El Chulo\",\"orden de deportaci\u00f3n\"],\"articleSection\":[\"Noticias\",\"Noticias de Miami\"],\"inLanguage\":\"es\",\"potentialAction\":[{\"@type\":\"CommentAction\",\"name\":\"Comment\",\"target\":[\"https:\\\/\\\/www.cuballama.com\\\/noticias\\\/revelan-detalles-del-arresto-de-2016-por-el-que-el-chulo-podria-ser-deportado\\\/#respond\"]}]},{\"@type\":\"WebPage\",\"@id\":\"https:\\\/\\\/www.cuballama.com\\\/noticias\\\/revelan-detalles-del-arresto-de-2016-por-el-que-el-chulo-podria-ser-deportado\\\/\",\"url\":\"https:\\\/\\\/www.cuballama.com\\\/noticias\\\/revelan-detalles-del-arresto-de-2016-por-el-que-el-chulo-podria-ser-deportado\\\/\",\"name\":\"Revelan detalles del arresto de 2016 por el que El Chulo podr\u00eda ser deportado - Cuballama Noticias\",\"isPartOf\":{\"@id\":\"https:\\\/\\\/www.cuballama.com\\\/noticias\\\/#website\"},\"primaryImageOfPage\":{\"@id\":\"https:\\\/\\\/www.cuballama.com\\\/noticias\\\/revelan-detalles-del-arresto-de-2016-por-el-que-el-chulo-podria-ser-deportado\\\/#primaryimage\"},\"image\":{\"@id\":\"https:\\\/\\\/www.cuballama.com\\\/noticias\\\/revelan-detalles-del-arresto-de-2016-por-el-que-el-chulo-podria-ser-deportado\\\/#primaryimage\"},\"thumbnailUrl\":\"https:\\\/\\\/cdn1.mediawpaccore.net\\\/wp-content\\\/uploads\\\/2026\\\/01\\\/23162735\\\/616569054_884097217700133_2492575773841121519_n1.jpg\",\"datePublished\":\"2026-01-23T22:17:30+00:00\",\"dateModified\":\"2026-03-05T16:36:12+00:00\",\"description\":\"En las \u00faltimas horas han salido a la luz detalles del arresto por el que El Chulo, detenido por ICE, tiene una orden de deportaci\u00f3n.\",\"breadcrumb\":{\"@id\":\"https:\\\/\\\/www.cuballama.com\\\/noticias\\\/revelan-detalles-del-arresto-de-2016-por-el-que-el-chulo-podria-ser-deportado\\\/#breadcrumb\"},\"inLanguage\":\"es\",\"potentialAction\":[{\"@type\":\"ReadAction\",\"target\":[\"https:\\\/\\\/www.cuballama.com\\\/noticias\\\/revelan-detalles-del-arresto-de-2016-por-el-que-el-chulo-podria-ser-deportado\\\/\"]}]},{\"@type\":\"ImageObject\",\"inLanguage\":\"es\",\"@id\":\"https:\\\/\\\/www.cuballama.com\\\/noticias\\\/revelan-detalles-del-arresto-de-2016-por-el-que-el-chulo-podria-ser-deportado\\\/#primaryimage\",\"url\":\"https:\\\/\\\/cdn1.mediawpaccore.net\\\/wp-content\\\/uploads\\\/2026\\\/01\\\/23162735\\\/616569054_884097217700133_2492575773841121519_n1.jpg\",\"contentUrl\":\"https:\\\/\\\/cdn1.mediawpaccore.net\\\/wp-content\\\/uploads\\\/2026\\\/01\\\/23162735\\\/616569054_884097217700133_2492575773841121519_n1.jpg\",\"width\":1200,\"height\":630,\"caption\":\"El Chulo. Foto: Facebook\\\/Daniel Ben\u00edtez.\"},{\"@type\":\"BreadcrumbList\",\"@id\":\"https:\\\/\\\/www.cuballama.com\\\/noticias\\\/revelan-detalles-del-arresto-de-2016-por-el-que-el-chulo-podria-ser-deportado\\\/#breadcrumb\",\"itemListElement\":[{\"@type\":\"ListItem\",\"position\":1,\"name\":\"Home\",\"item\":\"https:\\\/\\\/www.cuballama.com\\\/noticias\\\/\"},{\"@type\":\"ListItem\",\"position\":2,\"name\":\"Revelan detalles del arresto de 2016 por el que El Chulo podr\u00eda ser deportado\"}]},{\"@type\":\"WebSite\",\"@id\":\"https:\\\/\\\/www.cuballama.com\\\/noticias\\\/#website\",\"url\":\"https:\\\/\\\/www.cuballama.com\\\/noticias\\\/\",\"name\":\"Cuballama Noticias\",\"description\":\"Medio digital sobre Cuba y el mundo\",\"publisher\":{\"@id\":\"https:\\\/\\\/www.cuballama.com\\\/noticias\\\/#organization\"},\"potentialAction\":[{\"@type\":\"SearchAction\",\"target\":{\"@type\":\"EntryPoint\",\"urlTemplate\":\"https:\\\/\\\/www.cuballama.com\\\/noticias\\\/?s={search_term_string}\"},\"query-input\":{\"@type\":\"PropertyValueSpecification\",\"valueRequired\":true,\"valueName\":\"search_term_string\"}}],\"inLanguage\":\"es\"},{\"@type\":\"Organization\",\"@id\":\"https:\\\/\\\/www.cuballama.com\\\/noticias\\\/#organization\",\"name\":\"Cuballama\",\"url\":\"https:\\\/\\\/www.cuballama.com\\\/noticias\\\/\",\"logo\":{\"@type\":\"ImageObject\",\"inLanguage\":\"es\",\"@id\":\"https:\\\/\\\/www.cuballama.com\\\/noticias\\\/#\\\/schema\\\/logo\\\/image\\\/\",\"url\":\"https:\\\/\\\/cdn1.mediawpaccore.net\\\/wp-content\\\/uploads\\\/2021\\\/12\\\/28171206\\\/cbll-logo-color-sm.png\",\"contentUrl\":\"https:\\\/\\\/cdn1.mediawpaccore.net\\\/wp-content\\\/uploads\\\/2021\\\/12\\\/28171206\\\/cbll-logo-color-sm.png\",\"width\":600,\"height\":133,\"caption\":\"Cuballama\"},\"image\":{\"@id\":\"https:\\\/\\\/www.cuballama.com\\\/noticias\\\/#\\\/schema\\\/logo\\\/image\\\/\"},\"sameAs\":[\"https:\\\/\\\/www.facebook.com\\\/CubaLlama\",\"https:\\\/\\\/x.com\\\/cuballama\",\"https:\\\/\\\/www.instagram.com\\\/stories\\\/cuballama_oficial\\\/\",\"https:\\\/\\\/www.youtube.com\\\/channel\\\/UCKkFE-d_axENGZcrc4as0IA\"]},{\"@type\":\"Person\",\"@id\":\"https:\\\/\\\/www.cuballama.com\\\/noticias\\\/#\\\/schema\\\/person\\\/86cd3e3f4974437f031211213bf892d5\",\"name\":\"Kathy\",\"url\":\"https:\\\/\\\/www.cuballama.com\\\/noticias\\\/author\\\/kathy\\\/\"}]}<\/script>\n<!-- \/ Yoast SEO plugin. -->","yoast_head_json":{"title":"Revelan detalles del arresto de 2016 por el que El Chulo podr\u00eda ser deportado - Cuballama Noticias","description":"En las \u00faltimas horas han salido a la luz detalles del arresto por el que El Chulo, detenido por ICE, tiene una orden de deportaci\u00f3n.","robots":{"index":"index","follow":"follow","max-snippet":"max-snippet:-1","max-image-preview":"max-image-preview:large","max-video-preview":"max-video-preview:-1"},"canonical":"https:\/\/www.cuballama.com\/noticias\/revelan-detalles-del-arresto-de-2016-por-el-que-el-chulo-podria-ser-deportado\/","og_locale":"es_ES","og_type":"article","og_title":"Revelan detalles del arresto de 2016 por el que El Chulo podr\u00eda ser deportado - Cuballama Noticias","og_description":"En las \u00faltimas horas han salido a la luz detalles del arresto por el que El Chulo, detenido por ICE, tiene una orden de deportaci\u00f3n.","og_url":"https:\/\/www.cuballama.com\/noticias\/revelan-detalles-del-arresto-de-2016-por-el-que-el-chulo-podria-ser-deportado\/","og_site_name":"Cuballama Noticias","article_publisher":"https:\/\/www.facebook.com\/CubaLlama","article_published_time":"2026-01-23T22:17:30+00:00","article_modified_time":"2026-03-05T16:36:12+00:00","og_image":[{"width":1200,"height":630,"url":"https:\/\/cdn1.mediawpaccore.net\/wp-content\/uploads\/2026\/01\/23162735\/616569054_884097217700133_2492575773841121519_n1.jpg","type":"image\/jpeg"}],"author":"Kathy","twitter_card":"summary_large_image","twitter_creator":"@cuballama","twitter_site":"@cuballama","twitter_misc":{"Escrito por":"Kathy","Tiempo de lectura":"7 minutos"},"schema":{"@context":"https:\/\/schema.org","@graph":[{"@type":"Article","@id":"https:\/\/www.cuballama.com\/noticias\/revelan-detalles-del-arresto-de-2016-por-el-que-el-chulo-podria-ser-deportado\/#article","isPartOf":{"@id":"https:\/\/www.cuballama.com\/noticias\/revelan-detalles-del-arresto-de-2016-por-el-que-el-chulo-podria-ser-deportado\/"},"author":{"name":"Kathy","@id":"https:\/\/www.cuballama.com\/noticias\/#\/schema\/person\/86cd3e3f4974437f031211213bf892d5"},"headline":"Revelan detalles del arresto de 2016 por el que El Chulo podr\u00eda ser deportado","datePublished":"2026-01-23T22:17:30+00:00","dateModified":"2026-03-05T16:36:12+00:00","mainEntityOfPage":{"@id":"https:\/\/www.cuballama.com\/noticias\/revelan-detalles-del-arresto-de-2016-por-el-que-el-chulo-podria-ser-deportado\/"},"wordCount":1449,"commentCount":0,"publisher":{"@id":"https:\/\/www.cuballama.com\/noticias\/#organization"},"image":{"@id":"https:\/\/www.cuballama.com\/noticias\/revelan-detalles-del-arresto-de-2016-por-el-que-el-chulo-podria-ser-deportado\/#primaryimage"},"thumbnailUrl":"https:\/\/cdn1.mediawpaccore.net\/wp-content\/uploads\/2026\/01\/23162735\/616569054_884097217700133_2492575773841121519_n1.jpg","keywords":["destacado","El Chulo","orden de deportaci\u00f3n"],"articleSection":["Noticias","Noticias de Miami"],"inLanguage":"es","potentialAction":[{"@type":"CommentAction","name":"Comment","target":["https:\/\/www.cuballama.com\/noticias\/revelan-detalles-del-arresto-de-2016-por-el-que-el-chulo-podria-ser-deportado\/#respond"]}]},{"@type":"WebPage","@id":"https:\/\/www.cuballama.com\/noticias\/revelan-detalles-del-arresto-de-2016-por-el-que-el-chulo-podria-ser-deportado\/","url":"https:\/\/www.cuballama.com\/noticias\/revelan-detalles-del-arresto-de-2016-por-el-que-el-chulo-podria-ser-deportado\/","name":"Revelan detalles del arresto de 2016 por el que El Chulo podr\u00eda ser deportado - Cuballama Noticias","isPartOf":{"@id":"https:\/\/www.cuballama.com\/noticias\/#website"},"primaryImageOfPage":{"@id":"https:\/\/www.cuballama.com\/noticias\/revelan-detalles-del-arresto-de-2016-por-el-que-el-chulo-podria-ser-deportado\/#primaryimage"},"image":{"@id":"https:\/\/www.cuballama.com\/noticias\/revelan-detalles-del-arresto-de-2016-por-el-que-el-chulo-podria-ser-deportado\/#primaryimage"},"thumbnailUrl":"https:\/\/cdn1.mediawpaccore.net\/wp-content\/uploads\/2026\/01\/23162735\/616569054_884097217700133_2492575773841121519_n1.jpg","datePublished":"2026-01-23T22:17:30+00:00","dateModified":"2026-03-05T16:36:12+00:00","description":"En las \u00faltimas horas han salido a la luz detalles del arresto por el que El Chulo, detenido por ICE, tiene una orden de deportaci\u00f3n.","breadcrumb":{"@id":"https:\/\/www.cuballama.com\/noticias\/revelan-detalles-del-arresto-de-2016-por-el-que-el-chulo-podria-ser-deportado\/#breadcrumb"},"inLanguage":"es","potentialAction":[{"@type":"ReadAction","target":["https:\/\/www.cuballama.com\/noticias\/revelan-detalles-del-arresto-de-2016-por-el-que-el-chulo-podria-ser-deportado\/"]}]},{"@type":"ImageObject","inLanguage":"es","@id":"https:\/\/www.cuballama.com\/noticias\/revelan-detalles-del-arresto-de-2016-por-el-que-el-chulo-podria-ser-deportado\/#primaryimage","url":"https:\/\/cdn1.mediawpaccore.net\/wp-content\/uploads\/2026\/01\/23162735\/616569054_884097217700133_2492575773841121519_n1.jpg","contentUrl":"https:\/\/cdn1.mediawpaccore.net\/wp-content\/uploads\/2026\/01\/23162735\/616569054_884097217700133_2492575773841121519_n1.jpg","width":1200,"height":630,"caption":"El Chulo. Foto: Facebook\/Daniel Ben\u00edtez."},{"@type":"BreadcrumbList","@id":"https:\/\/www.cuballama.com\/noticias\/revelan-detalles-del-arresto-de-2016-por-el-que-el-chulo-podria-ser-deportado\/#breadcrumb","itemListElement":[{"@type":"ListItem","position":1,"name":"Home","item":"https:\/\/www.cuballama.com\/noticias\/"},{"@type":"ListItem","position":2,"name":"Revelan detalles del arresto de 2016 por el que El Chulo podr\u00eda ser deportado"}]},{"@type":"WebSite","@id":"https:\/\/www.cuballama.com\/noticias\/#website","url":"https:\/\/www.cuballama.com\/noticias\/","name":"Cuballama Noticias","description":"Medio digital sobre Cuba y el mundo","publisher":{"@id":"https:\/\/www.cuballama.com\/noticias\/#organization"},"potentialAction":[{"@type":"SearchAction","target":{"@type":"EntryPoint","urlTemplate":"https:\/\/www.cuballama.com\/noticias\/?s={search_term_string}"},"query-input":{"@type":"PropertyValueSpecification","valueRequired":true,"valueName":"search_term_string"}}],"inLanguage":"es"},{"@type":"Organization","@id":"https:\/\/www.cuballama.com\/noticias\/#organization","name":"Cuballama","url":"https:\/\/www.cuballama.com\/noticias\/","logo":{"@type":"ImageObject","inLanguage":"es","@id":"https:\/\/www.cuballama.com\/noticias\/#\/schema\/logo\/image\/","url":"https:\/\/cdn1.mediawpaccore.net\/wp-content\/uploads\/2021\/12\/28171206\/cbll-logo-color-sm.png","contentUrl":"https:\/\/cdn1.mediawpaccore.net\/wp-content\/uploads\/2021\/12\/28171206\/cbll-logo-color-sm.png","width":600,"height":133,"caption":"Cuballama"},"image":{"@id":"https:\/\/www.cuballama.com\/noticias\/#\/schema\/logo\/image\/"},"sameAs":["https:\/\/www.facebook.com\/CubaLlama","https:\/\/x.com\/cuballama","https:\/\/www.instagram.com\/stories\/cuballama_oficial\/","https:\/\/www.youtube.com\/channel\/UCKkFE-d_axENGZcrc4as0IA"]},{"@type":"Person","@id":"https:\/\/www.cuballama.com\/noticias\/#\/schema\/person\/86cd3e3f4974437f031211213bf892d5","name":"Kathy","url":"https:\/\/www.cuballama.com\/noticias\/author\/kathy\/"}]}},"_links":{"self":[{"href":"https:\/\/www.cuballama.com\/noticias\/wp-json\/wp\/v2\/posts\/233209","targetHints":{"allow":["GET"]}}],"collection":[{"href":"https:\/\/www.cuballama.com\/noticias\/wp-json\/wp\/v2\/posts"}],"about":[{"href":"https:\/\/www.cuballama.com\/noticias\/wp-json\/wp\/v2\/types\/post"}],"author":[{"embeddable":true,"href":"https:\/\/www.cuballama.com\/noticias\/wp-json\/wp\/v2\/users\/30"}],"replies":[{"embeddable":true,"href":"https:\/\/www.cuballama.com\/noticias\/wp-json\/wp\/v2\/comments?post=233209"}],"version-history":[{"count":10,"href":"https:\/\/www.cuballama.com\/noticias\/wp-json\/wp\/v2\/posts\/233209\/revisions"}],"predecessor-version":[{"id":237253,"href":"https:\/\/www.cuballama.com\/noticias\/wp-json\/wp\/v2\/posts\/233209\/revisions\/237253"}],"wp:featuredmedia":[{"embeddable":true,"href":"https:\/\/www.cuballama.com\/noticias\/wp-json\/wp\/v2\/media\/233211"}],"wp:attachment":[{"href":"https:\/\/www.cuballama.com\/noticias\/wp-json\/wp\/v2\/media?parent=233209"}],"wp:term":[{"taxonomy":"category","embeddable":true,"href":"https:\/\/www.cuballama.com\/noticias\/wp-json\/wp\/v2\/categories?post=233209"},{"taxonomy":"post_tag","embeddable":true,"href":"https:\/\/www.cuballama.com\/noticias\/wp-json\/wp\/v2\/tags?post=233209"}],"curies":[{"name":"wp","href":"https:\/\/api.w.org\/{rel}","templated":true}]}}