{"id":233200,"date":"2026-01-23T15:35:57","date_gmt":"2026-01-23T20:35:57","guid":{"rendered":"https:\/\/www.cuballama.com\/noticias\/?p=233200"},"modified":"2026-01-23T15:35:59","modified_gmt":"2026-01-23T20:35:59","slug":"nueva-ley-de-salud-publica-en-cuba-incorpora-procederes-validos-que-finalicen-la-vida","status":"publish","type":"post","link":"https:\/\/www.cuballama.com\/noticias\/nueva-ley-de-salud-publica-en-cuba-incorpora-procederes-validos-que-finalicen-la-vida\/","title":{"rendered":"Nueva Ley de Salud P\u00fablica en Cuba incorpora \u201cprocederes v\u00e1lidos que finalicen la vida\u201d"},"content":{"rendered":"\n<p>La <strong>Ley de Salud P\u00fablica (Ley 165\/2023)<\/strong>, divulgada este viernes en la <strong>Gaceta Oficial Ordinaria No. 9<\/strong>, introdujo por primera vez en Cuba un marco expl\u00edcito para lo que denomina <strong>\u201cdeterminaciones para el final de la vida\u201d<\/strong>.&nbsp;<\/p>\n\n\n\n<p>El texto reconoce el derecho de las personas a una <strong>\u201cmuerte digna\u201d<\/strong> dentro del sistema sanitario y, de manera novedosa, incorpora una categor\u00eda que, sin nombrarla directamente, abre la posibilidad futura de la muerte asistida.<\/p>\n\n\n\n<p>El giro est\u00e1 concentrado en el <strong>Art\u00edculo 158<\/strong>, bajo el ep\u00edgrafe \u201cDeterminaciones para el final de la vida\u201d. Ah\u00ed, la norma describe esas determinaciones como un <strong>\u201cconjunto de opciones\u201d<\/strong> que pueden aplicarse en escenarios como: adecuaci\u00f3n del esfuerzo terap\u00e9utico, reanimaci\u00f3n, cuidados continuos, cuidados paliativos y, como frase clave, <strong>\u201cprocederes v\u00e1lidos que finalicen la vida\u201d<\/strong>.<\/p>\n\n\n\n<p>Ese apartado delimita adem\u00e1s a qui\u00e9nes va dirigido: personas con <strong>enfermedades cr\u00f3nicas degenerativas e irreversibles<\/strong>, con <strong>sufrimiento intratable<\/strong>, o que se encuentren en fase <strong>ag\u00f3nica o terminal<\/strong>. Y aclara que no se tratar\u00eda \u00fanicamente de pacientes oncol\u00f3gicos, sino tambi\u00e9n de personas con otras condiciones graves, incluidas enfermedades degenerativas neurol\u00f3gicas.<\/p>\n\n\n\n<p>Aunque la formulaci\u00f3n resulta amplia, el propio texto coloca un freno. El <strong>Art\u00edculo 161<\/strong> establece que ser\u00e1 el <strong>Ministerio de Salud P\u00fablica (MINSAP)<\/strong> quien decida cu\u00e1ndo existen en el pa\u00eds las condiciones para aplicar esos <strong>\u201cprocederes v\u00e1lidos que finalicen con la vida\u201d<\/strong> y precisa que, en ese sentido, se regular\u00e1n en una <strong>\u201cley espec\u00edfica\u201d<\/strong>.<\/p>\n\n\n\n<p>En la pr\u00e1ctica, esto significa que la ley reconoce el concepto y lo incorpora como posibilidad futura, pero <strong>no describe un protocolo operativo<\/strong>, ni fija por s\u00ed sola un mecanismo detallado para aplicar esos procederes. Su implementaci\u00f3n queda, por ahora, pendiente de desarrollo normativo y de una decisi\u00f3n expresa del MINSAP.<\/p>\n\n\n\n<p>En el mismo cuerpo legal, la norma refuerza el <strong>consentimiento informado<\/strong> como requisito para procedimientos m\u00e9dicos: debe quedar documentado en un modelo oficial que pasa a formar parte de la historia cl\u00ednica, e incluye reglas para situaciones en las que no sea posible firmarlo por escrito.<\/p>\n\n\n\n<p>Tambi\u00e9n se reconoce el derecho de las personas a <strong>negarse<\/strong> a procedimientos m\u00e9dicos, con la obligaci\u00f3n de dejar constancia de esa negativa por la v\u00eda prevista. En el cap\u00edtulo sobre final de vida, se prev\u00e9 igualmente que una persona se niegue a recibir procederes m\u00e9dicos, y si mantiene esa decisi\u00f3n, debe consignarse en el modelo oficial del consentimiento informado y actuarse conforme a los art\u00edculos 127 y 128.<\/p>\n\n\n\n<p>Otro punto relevante es la cobertura para quienes intervienen en estas acciones: la ley dispone que la ejecuci\u00f3n de las determinaciones aprobadas para materializar el derecho a una muerte digna <strong>no genera responsabilidad civil, penal o administrativa<\/strong> para los profesionales involucrados, siempre que act\u00faen conforme a lo establecido.<\/p>\n\n\n\n<p>La normativa se\u00f1ala que entrar\u00e1 en vigor <strong>90 d\u00edas<\/strong> despu\u00e9s de su publicaci\u00f3n en la Gaceta Oficial. Y llega, adem\u00e1s, en un contexto en el que en <strong>2024<\/strong> las autoridades hab\u00edan reiterado que la eutanasia continuaba penada en Cuba, al sostener que quien <strong>indujera, facilitara o colaborara<\/strong> con poner fin a la vida de otra persona pod\u00eda incurrir en un posible hecho delictivo.<\/p>\n\n\n\n<p>En resumen: la <strong>Ley 165\/2023<\/strong> abre una v\u00eda legal para que Cuba <strong>regule m\u00e1s adelante<\/strong> la muerte asistida bajo el paraguas de <strong>\u201cprocederes\u2026 que finalicen la vida\u201d<\/strong>, pero <strong>no implica<\/strong> que exista ya un procedimiento implementado. Por ahora, lo deja condicionado a una futura <strong>\u201cley espec\u00edfica\u201d<\/strong> y a la determinaci\u00f3n del MINSAP sobre si est\u00e1n creadas las condiciones para aplicarlo, incluyendo, cuando llegue ese momento, qu\u00e9 profesionales lo har\u00edan y bajo qu\u00e9 garant\u00edas, respetando tambi\u00e9n la decisi\u00f3n del m\u00e9dico de estar de acuerdo con hacerlo, o no.<\/p>\n","protected":false},"excerpt":{"rendered":"<p>La Ley de Salud P\u00fablica (Ley 165\/2023), publicada en la Gaceta Oficial Ordinaria No. 9, reconoce el derecho a una \u201cmuerte digna\u201d y regula \u201cdeterminaciones para el final de la vida\u201d.<\/p>\n","protected":false},"author":29,"featured_media":215367,"comment_status":"open","ping_status":"closed","sticky":false,"template":"","format":"standard","meta":{"_acf_changed":false,"footnotes":""},"categories":[18,955],"tags":[10867,92,14414,708],"class_list":{"0":"post-233200","1":"post","2":"type-post","3":"status-publish","4":"format-standard","5":"has-post-thumbnail","7":"category-noticias","8":"category-noticias-de-cuba","9":"tag-crisis-en-cuba","10":"tag-cubanos","11":"tag-eutanasia-en-cuba","12":"tag-salud-en-cuba"},"acf":[],"yoast_head":"<!-- This site is optimized with the Yoast SEO plugin v27.5 - https:\/\/yoast.com\/product\/yoast-seo-wordpress\/ -->\n<title>Nueva Ley de Salud P\u00fablica en Cuba incorpora \u201cprocederes v\u00e1lidos que finalicen la vida\u201d - Cuballama Noticias<\/title>\n<meta name=\"description\" content=\"La Ley de Salud P\u00fablica (Ley 165\/2023), publicada en la Gaceta Oficial Ordinaria No. 9, reconoce el derecho a una \u201cmuerte digna\u201d.\" \/>\n<meta name=\"robots\" content=\"index, follow, max-snippet:-1, max-image-preview:large, max-video-preview:-1\" \/>\n<link rel=\"canonical\" href=\"https:\/\/www.cuballama.com\/noticias\/nueva-ley-de-salud-publica-en-cuba-incorpora-procederes-validos-que-finalicen-la-vida\/\" \/>\n<meta property=\"og:locale\" content=\"es_ES\" \/>\n<meta property=\"og:type\" content=\"article\" \/>\n<meta property=\"og:title\" content=\"Nueva Ley de Salud P\u00fablica en Cuba incorpora \u201cprocederes v\u00e1lidos que finalicen la vida\u201d - Cuballama Noticias\" \/>\n<meta property=\"og:description\" content=\"La Ley de Salud P\u00fablica (Ley 165\/2023), publicada en la Gaceta Oficial Ordinaria No. 9, reconoce el derecho a una \u201cmuerte digna\u201d.\" \/>\n<meta property=\"og:url\" content=\"https:\/\/www.cuballama.com\/noticias\/nueva-ley-de-salud-publica-en-cuba-incorpora-procederes-validos-que-finalicen-la-vida\/\" \/>\n<meta property=\"og:site_name\" content=\"Cuballama Noticias\" \/>\n<meta property=\"article:publisher\" content=\"https:\/\/www.facebook.com\/CubaLlama\" \/>\n<meta property=\"article:published_time\" content=\"2026-01-23T20:35:57+00:00\" \/>\n<meta property=\"article:modified_time\" content=\"2026-01-23T20:35:59+00:00\" \/>\n<meta property=\"og:image\" content=\"https:\/\/cdn1.mediawpaccore.net\/wp-content\/uploads\/2025\/08\/03150918\/Captura-de-pantalla-2025-08-03-a-las-21.08.55-1024x619.png\" \/>\n\t<meta property=\"og:image:width\" content=\"1024\" \/>\n\t<meta property=\"og:image:height\" content=\"619\" \/>\n\t<meta property=\"og:image:type\" content=\"image\/png\" \/>\n<meta name=\"author\" content=\"Sof\u00eda Reyes\" \/>\n<meta name=\"twitter:card\" content=\"summary_large_image\" \/>\n<meta name=\"twitter:creator\" content=\"@cuballama\" \/>\n<meta name=\"twitter:site\" content=\"@cuballama\" \/>\n<meta name=\"twitter:label1\" content=\"Escrito por\" \/>\n\t<meta name=\"twitter:data1\" content=\"Sof\u00eda Reyes\" \/>\n\t<meta name=\"twitter:label2\" content=\"Tiempo de lectura\" \/>\n\t<meta name=\"twitter:data2\" content=\"3 minutos\" \/>\n<script type=\"application\/ld+json\" class=\"yoast-schema-graph\">{\"@context\":\"https:\\\/\\\/schema.org\",\"@graph\":[{\"@type\":\"Article\",\"@id\":\"https:\\\/\\\/www.cuballama.com\\\/noticias\\\/nueva-ley-de-salud-publica-en-cuba-incorpora-procederes-validos-que-finalicen-la-vida\\\/#article\",\"isPartOf\":{\"@id\":\"https:\\\/\\\/www.cuballama.com\\\/noticias\\\/nueva-ley-de-salud-publica-en-cuba-incorpora-procederes-validos-que-finalicen-la-vida\\\/\"},\"author\":{\"name\":\"Sof\u00eda Reyes\",\"@id\":\"https:\\\/\\\/www.cuballama.com\\\/noticias\\\/#\\\/schema\\\/person\\\/5cba2b8cc25a3159e49fe730a94d512e\"},\"headline\":\"Nueva Ley de Salud P\u00fablica en Cuba incorpora \u201cprocederes v\u00e1lidos que finalicen la vida\u201d\",\"datePublished\":\"2026-01-23T20:35:57+00:00\",\"dateModified\":\"2026-01-23T20:35:59+00:00\",\"mainEntityOfPage\":{\"@id\":\"https:\\\/\\\/www.cuballama.com\\\/noticias\\\/nueva-ley-de-salud-publica-en-cuba-incorpora-procederes-validos-que-finalicen-la-vida\\\/\"},\"wordCount\":657,\"commentCount\":0,\"publisher\":{\"@id\":\"https:\\\/\\\/www.cuballama.com\\\/noticias\\\/#organization\"},\"image\":{\"@id\":\"https:\\\/\\\/www.cuballama.com\\\/noticias\\\/nueva-ley-de-salud-publica-en-cuba-incorpora-procederes-validos-que-finalicen-la-vida\\\/#primaryimage\"},\"thumbnailUrl\":\"https:\\\/\\\/cdn1.mediawpaccore.net\\\/wp-content\\\/uploads\\\/2025\\\/08\\\/03150918\\\/Captura-de-pantalla-2025-08-03-a-las-21.08.55.png\",\"keywords\":[\"Crisis en Cuba\",\"cubanos\",\"Eutanasia en Cuba\",\"Salud en Cuba\"],\"articleSection\":[\"Noticias\",\"Noticias de Cuba\"],\"inLanguage\":\"es\",\"potentialAction\":[{\"@type\":\"CommentAction\",\"name\":\"Comment\",\"target\":[\"https:\\\/\\\/www.cuballama.com\\\/noticias\\\/nueva-ley-de-salud-publica-en-cuba-incorpora-procederes-validos-que-finalicen-la-vida\\\/#respond\"]}]},{\"@type\":\"WebPage\",\"@id\":\"https:\\\/\\\/www.cuballama.com\\\/noticias\\\/nueva-ley-de-salud-publica-en-cuba-incorpora-procederes-validos-que-finalicen-la-vida\\\/\",\"url\":\"https:\\\/\\\/www.cuballama.com\\\/noticias\\\/nueva-ley-de-salud-publica-en-cuba-incorpora-procederes-validos-que-finalicen-la-vida\\\/\",\"name\":\"Nueva Ley de Salud P\u00fablica en Cuba incorpora \u201cprocederes v\u00e1lidos que finalicen la vida\u201d - Cuballama Noticias\",\"isPartOf\":{\"@id\":\"https:\\\/\\\/www.cuballama.com\\\/noticias\\\/#website\"},\"primaryImageOfPage\":{\"@id\":\"https:\\\/\\\/www.cuballama.com\\\/noticias\\\/nueva-ley-de-salud-publica-en-cuba-incorpora-procederes-validos-que-finalicen-la-vida\\\/#primaryimage\"},\"image\":{\"@id\":\"https:\\\/\\\/www.cuballama.com\\\/noticias\\\/nueva-ley-de-salud-publica-en-cuba-incorpora-procederes-validos-que-finalicen-la-vida\\\/#primaryimage\"},\"thumbnailUrl\":\"https:\\\/\\\/cdn1.mediawpaccore.net\\\/wp-content\\\/uploads\\\/2025\\\/08\\\/03150918\\\/Captura-de-pantalla-2025-08-03-a-las-21.08.55.png\",\"datePublished\":\"2026-01-23T20:35:57+00:00\",\"dateModified\":\"2026-01-23T20:35:59+00:00\",\"description\":\"La Ley de Salud P\u00fablica (Ley 165\\\/2023), publicada en la Gaceta Oficial Ordinaria No. 9, reconoce el derecho a una \u201cmuerte digna\u201d.\",\"breadcrumb\":{\"@id\":\"https:\\\/\\\/www.cuballama.com\\\/noticias\\\/nueva-ley-de-salud-publica-en-cuba-incorpora-procederes-validos-que-finalicen-la-vida\\\/#breadcrumb\"},\"inLanguage\":\"es\",\"potentialAction\":[{\"@type\":\"ReadAction\",\"target\":[\"https:\\\/\\\/www.cuballama.com\\\/noticias\\\/nueva-ley-de-salud-publica-en-cuba-incorpora-procederes-validos-que-finalicen-la-vida\\\/\"]}]},{\"@type\":\"ImageObject\",\"inLanguage\":\"es\",\"@id\":\"https:\\\/\\\/www.cuballama.com\\\/noticias\\\/nueva-ley-de-salud-publica-en-cuba-incorpora-procederes-validos-que-finalicen-la-vida\\\/#primaryimage\",\"url\":\"https:\\\/\\\/cdn1.mediawpaccore.net\\\/wp-content\\\/uploads\\\/2025\\\/08\\\/03150918\\\/Captura-de-pantalla-2025-08-03-a-las-21.08.55.png\",\"contentUrl\":\"https:\\\/\\\/cdn1.mediawpaccore.net\\\/wp-content\\\/uploads\\\/2025\\\/08\\\/03150918\\\/Captura-de-pantalla-2025-08-03-a-las-21.08.55.png\",\"width\":1690,\"height\":1022,\"caption\":\"Foto:Hospital General Dr. Juan Bruno Zayas Alfonso\\\/Facebook\"},{\"@type\":\"BreadcrumbList\",\"@id\":\"https:\\\/\\\/www.cuballama.com\\\/noticias\\\/nueva-ley-de-salud-publica-en-cuba-incorpora-procederes-validos-que-finalicen-la-vida\\\/#breadcrumb\",\"itemListElement\":[{\"@type\":\"ListItem\",\"position\":1,\"name\":\"Home\",\"item\":\"https:\\\/\\\/www.cuballama.com\\\/noticias\\\/\"},{\"@type\":\"ListItem\",\"position\":2,\"name\":\"Nueva Ley de Salud P\u00fablica en Cuba incorpora \u201cprocederes v\u00e1lidos que finalicen la vida\u201d\"}]},{\"@type\":\"WebSite\",\"@id\":\"https:\\\/\\\/www.cuballama.com\\\/noticias\\\/#website\",\"url\":\"https:\\\/\\\/www.cuballama.com\\\/noticias\\\/\",\"name\":\"Cuballama Noticias\",\"description\":\"Medio digital sobre Cuba y el mundo\",\"publisher\":{\"@id\":\"https:\\\/\\\/www.cuballama.com\\\/noticias\\\/#organization\"},\"potentialAction\":[{\"@type\":\"SearchAction\",\"target\":{\"@type\":\"EntryPoint\",\"urlTemplate\":\"https:\\\/\\\/www.cuballama.com\\\/noticias\\\/?s={search_term_string}\"},\"query-input\":{\"@type\":\"PropertyValueSpecification\",\"valueRequired\":true,\"valueName\":\"search_term_string\"}}],\"inLanguage\":\"es\"},{\"@type\":\"Organization\",\"@id\":\"https:\\\/\\\/www.cuballama.com\\\/noticias\\\/#organization\",\"name\":\"Cuballama\",\"url\":\"https:\\\/\\\/www.cuballama.com\\\/noticias\\\/\",\"logo\":{\"@type\":\"ImageObject\",\"inLanguage\":\"es\",\"@id\":\"https:\\\/\\\/www.cuballama.com\\\/noticias\\\/#\\\/schema\\\/logo\\\/image\\\/\",\"url\":\"https:\\\/\\\/cdn1.mediawpaccore.net\\\/wp-content\\\/uploads\\\/2021\\\/12\\\/28171206\\\/cbll-logo-color-sm.png\",\"contentUrl\":\"https:\\\/\\\/cdn1.mediawpaccore.net\\\/wp-content\\\/uploads\\\/2021\\\/12\\\/28171206\\\/cbll-logo-color-sm.png\",\"width\":600,\"height\":133,\"caption\":\"Cuballama\"},\"image\":{\"@id\":\"https:\\\/\\\/www.cuballama.com\\\/noticias\\\/#\\\/schema\\\/logo\\\/image\\\/\"},\"sameAs\":[\"https:\\\/\\\/www.facebook.com\\\/CubaLlama\",\"https:\\\/\\\/x.com\\\/cuballama\",\"https:\\\/\\\/www.instagram.com\\\/stories\\\/cuballama_oficial\\\/\",\"https:\\\/\\\/www.youtube.com\\\/channel\\\/UCKkFE-d_axENGZcrc4as0IA\"]},{\"@type\":\"Person\",\"@id\":\"https:\\\/\\\/www.cuballama.com\\\/noticias\\\/#\\\/schema\\\/person\\\/5cba2b8cc25a3159e49fe730a94d512e\",\"name\":\"Sof\u00eda Reyes\",\"url\":\"https:\\\/\\\/www.cuballama.com\\\/noticias\\\/author\\\/laura\\\/\"}]}<\/script>\n<!-- \/ Yoast SEO plugin. -->","yoast_head_json":{"title":"Nueva Ley de Salud P\u00fablica en Cuba incorpora \u201cprocederes v\u00e1lidos que finalicen la vida\u201d - Cuballama Noticias","description":"La Ley de Salud P\u00fablica (Ley 165\/2023), publicada en la Gaceta Oficial Ordinaria No. 9, reconoce el derecho a una \u201cmuerte digna\u201d.","robots":{"index":"index","follow":"follow","max-snippet":"max-snippet:-1","max-image-preview":"max-image-preview:large","max-video-preview":"max-video-preview:-1"},"canonical":"https:\/\/www.cuballama.com\/noticias\/nueva-ley-de-salud-publica-en-cuba-incorpora-procederes-validos-que-finalicen-la-vida\/","og_locale":"es_ES","og_type":"article","og_title":"Nueva Ley de Salud P\u00fablica en Cuba incorpora \u201cprocederes v\u00e1lidos que finalicen la vida\u201d - Cuballama Noticias","og_description":"La Ley de Salud P\u00fablica (Ley 165\/2023), publicada en la Gaceta Oficial Ordinaria No. 9, reconoce el derecho a una \u201cmuerte digna\u201d.","og_url":"https:\/\/www.cuballama.com\/noticias\/nueva-ley-de-salud-publica-en-cuba-incorpora-procederes-validos-que-finalicen-la-vida\/","og_site_name":"Cuballama Noticias","article_publisher":"https:\/\/www.facebook.com\/CubaLlama","article_published_time":"2026-01-23T20:35:57+00:00","article_modified_time":"2026-01-23T20:35:59+00:00","og_image":[{"width":1024,"height":619,"url":"https:\/\/cdn1.mediawpaccore.net\/wp-content\/uploads\/2025\/08\/03150918\/Captura-de-pantalla-2025-08-03-a-las-21.08.55-1024x619.png","type":"image\/png"}],"author":"Sof\u00eda Reyes","twitter_card":"summary_large_image","twitter_creator":"@cuballama","twitter_site":"@cuballama","twitter_misc":{"Escrito por":"Sof\u00eda Reyes","Tiempo de lectura":"3 minutos"},"schema":{"@context":"https:\/\/schema.org","@graph":[{"@type":"Article","@id":"https:\/\/www.cuballama.com\/noticias\/nueva-ley-de-salud-publica-en-cuba-incorpora-procederes-validos-que-finalicen-la-vida\/#article","isPartOf":{"@id":"https:\/\/www.cuballama.com\/noticias\/nueva-ley-de-salud-publica-en-cuba-incorpora-procederes-validos-que-finalicen-la-vida\/"},"author":{"name":"Sof\u00eda Reyes","@id":"https:\/\/www.cuballama.com\/noticias\/#\/schema\/person\/5cba2b8cc25a3159e49fe730a94d512e"},"headline":"Nueva Ley de Salud P\u00fablica en Cuba incorpora \u201cprocederes v\u00e1lidos que finalicen la vida\u201d","datePublished":"2026-01-23T20:35:57+00:00","dateModified":"2026-01-23T20:35:59+00:00","mainEntityOfPage":{"@id":"https:\/\/www.cuballama.com\/noticias\/nueva-ley-de-salud-publica-en-cuba-incorpora-procederes-validos-que-finalicen-la-vida\/"},"wordCount":657,"commentCount":0,"publisher":{"@id":"https:\/\/www.cuballama.com\/noticias\/#organization"},"image":{"@id":"https:\/\/www.cuballama.com\/noticias\/nueva-ley-de-salud-publica-en-cuba-incorpora-procederes-validos-que-finalicen-la-vida\/#primaryimage"},"thumbnailUrl":"https:\/\/cdn1.mediawpaccore.net\/wp-content\/uploads\/2025\/08\/03150918\/Captura-de-pantalla-2025-08-03-a-las-21.08.55.png","keywords":["Crisis en Cuba","cubanos","Eutanasia en Cuba","Salud en Cuba"],"articleSection":["Noticias","Noticias de Cuba"],"inLanguage":"es","potentialAction":[{"@type":"CommentAction","name":"Comment","target":["https:\/\/www.cuballama.com\/noticias\/nueva-ley-de-salud-publica-en-cuba-incorpora-procederes-validos-que-finalicen-la-vida\/#respond"]}]},{"@type":"WebPage","@id":"https:\/\/www.cuballama.com\/noticias\/nueva-ley-de-salud-publica-en-cuba-incorpora-procederes-validos-que-finalicen-la-vida\/","url":"https:\/\/www.cuballama.com\/noticias\/nueva-ley-de-salud-publica-en-cuba-incorpora-procederes-validos-que-finalicen-la-vida\/","name":"Nueva Ley de Salud P\u00fablica en Cuba incorpora \u201cprocederes v\u00e1lidos que finalicen la vida\u201d - Cuballama Noticias","isPartOf":{"@id":"https:\/\/www.cuballama.com\/noticias\/#website"},"primaryImageOfPage":{"@id":"https:\/\/www.cuballama.com\/noticias\/nueva-ley-de-salud-publica-en-cuba-incorpora-procederes-validos-que-finalicen-la-vida\/#primaryimage"},"image":{"@id":"https:\/\/www.cuballama.com\/noticias\/nueva-ley-de-salud-publica-en-cuba-incorpora-procederes-validos-que-finalicen-la-vida\/#primaryimage"},"thumbnailUrl":"https:\/\/cdn1.mediawpaccore.net\/wp-content\/uploads\/2025\/08\/03150918\/Captura-de-pantalla-2025-08-03-a-las-21.08.55.png","datePublished":"2026-01-23T20:35:57+00:00","dateModified":"2026-01-23T20:35:59+00:00","description":"La Ley de Salud P\u00fablica (Ley 165\/2023), publicada en la Gaceta Oficial Ordinaria No. 9, reconoce el derecho a una \u201cmuerte digna\u201d.","breadcrumb":{"@id":"https:\/\/www.cuballama.com\/noticias\/nueva-ley-de-salud-publica-en-cuba-incorpora-procederes-validos-que-finalicen-la-vida\/#breadcrumb"},"inLanguage":"es","potentialAction":[{"@type":"ReadAction","target":["https:\/\/www.cuballama.com\/noticias\/nueva-ley-de-salud-publica-en-cuba-incorpora-procederes-validos-que-finalicen-la-vida\/"]}]},{"@type":"ImageObject","inLanguage":"es","@id":"https:\/\/www.cuballama.com\/noticias\/nueva-ley-de-salud-publica-en-cuba-incorpora-procederes-validos-que-finalicen-la-vida\/#primaryimage","url":"https:\/\/cdn1.mediawpaccore.net\/wp-content\/uploads\/2025\/08\/03150918\/Captura-de-pantalla-2025-08-03-a-las-21.08.55.png","contentUrl":"https:\/\/cdn1.mediawpaccore.net\/wp-content\/uploads\/2025\/08\/03150918\/Captura-de-pantalla-2025-08-03-a-las-21.08.55.png","width":1690,"height":1022,"caption":"Foto:Hospital General Dr. Juan Bruno Zayas Alfonso\/Facebook"},{"@type":"BreadcrumbList","@id":"https:\/\/www.cuballama.com\/noticias\/nueva-ley-de-salud-publica-en-cuba-incorpora-procederes-validos-que-finalicen-la-vida\/#breadcrumb","itemListElement":[{"@type":"ListItem","position":1,"name":"Home","item":"https:\/\/www.cuballama.com\/noticias\/"},{"@type":"ListItem","position":2,"name":"Nueva Ley de Salud P\u00fablica en Cuba incorpora \u201cprocederes v\u00e1lidos que finalicen la vida\u201d"}]},{"@type":"WebSite","@id":"https:\/\/www.cuballama.com\/noticias\/#website","url":"https:\/\/www.cuballama.com\/noticias\/","name":"Cuballama Noticias","description":"Medio digital sobre Cuba y el mundo","publisher":{"@id":"https:\/\/www.cuballama.com\/noticias\/#organization"},"potentialAction":[{"@type":"SearchAction","target":{"@type":"EntryPoint","urlTemplate":"https:\/\/www.cuballama.com\/noticias\/?s={search_term_string}"},"query-input":{"@type":"PropertyValueSpecification","valueRequired":true,"valueName":"search_term_string"}}],"inLanguage":"es"},{"@type":"Organization","@id":"https:\/\/www.cuballama.com\/noticias\/#organization","name":"Cuballama","url":"https:\/\/www.cuballama.com\/noticias\/","logo":{"@type":"ImageObject","inLanguage":"es","@id":"https:\/\/www.cuballama.com\/noticias\/#\/schema\/logo\/image\/","url":"https:\/\/cdn1.mediawpaccore.net\/wp-content\/uploads\/2021\/12\/28171206\/cbll-logo-color-sm.png","contentUrl":"https:\/\/cdn1.mediawpaccore.net\/wp-content\/uploads\/2021\/12\/28171206\/cbll-logo-color-sm.png","width":600,"height":133,"caption":"Cuballama"},"image":{"@id":"https:\/\/www.cuballama.com\/noticias\/#\/schema\/logo\/image\/"},"sameAs":["https:\/\/www.facebook.com\/CubaLlama","https:\/\/x.com\/cuballama","https:\/\/www.instagram.com\/stories\/cuballama_oficial\/","https:\/\/www.youtube.com\/channel\/UCKkFE-d_axENGZcrc4as0IA"]},{"@type":"Person","@id":"https:\/\/www.cuballama.com\/noticias\/#\/schema\/person\/5cba2b8cc25a3159e49fe730a94d512e","name":"Sof\u00eda Reyes","url":"https:\/\/www.cuballama.com\/noticias\/author\/laura\/"}]}},"_links":{"self":[{"href":"https:\/\/www.cuballama.com\/noticias\/wp-json\/wp\/v2\/posts\/233200","targetHints":{"allow":["GET"]}}],"collection":[{"href":"https:\/\/www.cuballama.com\/noticias\/wp-json\/wp\/v2\/posts"}],"about":[{"href":"https:\/\/www.cuballama.com\/noticias\/wp-json\/wp\/v2\/types\/post"}],"author":[{"embeddable":true,"href":"https:\/\/www.cuballama.com\/noticias\/wp-json\/wp\/v2\/users\/29"}],"replies":[{"embeddable":true,"href":"https:\/\/www.cuballama.com\/noticias\/wp-json\/wp\/v2\/comments?post=233200"}],"version-history":[{"count":3,"href":"https:\/\/www.cuballama.com\/noticias\/wp-json\/wp\/v2\/posts\/233200\/revisions"}],"predecessor-version":[{"id":233208,"href":"https:\/\/www.cuballama.com\/noticias\/wp-json\/wp\/v2\/posts\/233200\/revisions\/233208"}],"wp:featuredmedia":[{"embeddable":true,"href":"https:\/\/www.cuballama.com\/noticias\/wp-json\/wp\/v2\/media\/215367"}],"wp:attachment":[{"href":"https:\/\/www.cuballama.com\/noticias\/wp-json\/wp\/v2\/media?parent=233200"}],"wp:term":[{"taxonomy":"category","embeddable":true,"href":"https:\/\/www.cuballama.com\/noticias\/wp-json\/wp\/v2\/categories?post=233200"},{"taxonomy":"post_tag","embeddable":true,"href":"https:\/\/www.cuballama.com\/noticias\/wp-json\/wp\/v2\/tags?post=233200"}],"curies":[{"name":"wp","href":"https:\/\/api.w.org\/{rel}","templated":true}]}}