{"id":233180,"date":"2026-01-23T09:57:32","date_gmt":"2026-01-23T14:57:32","guid":{"rendered":"https:\/\/www.cuballama.com\/noticias\/?p=233180"},"modified":"2026-01-23T09:57:34","modified_gmt":"2026-01-23T14:57:34","slug":"logre-lo-que-queria-zajaris-explica-por-que-publico-los-audios-de-al2","status":"publish","type":"post","link":"https:\/\/www.cuballama.com\/noticias\/logre-lo-que-queria-zajaris-explica-por-que-publico-los-audios-de-al2\/","title":{"rendered":"\u201cLogr\u00e9 lo que quer\u00eda\u201d: Zajaris explica por qu\u00e9 public\u00f3 los audios de Al2"},"content":{"rendered":"\n<p>La actriz y humorista cubana Zajaris Fern\u00e1ndez rompi\u00f3 el silencio sobre uno de los episodios m\u00e1s comentados de la far\u00e1ndula reciente, al explicar por qu\u00e9 decidi\u00f3 hacer p\u00fablicos los audios enviados por su expareja, el rapero Al2 El Aldeano, en los que se le escuchaba profiriendo insultos y descalificaciones. Las declaraciones fueron ofrecidas durante una entrevista con el youtuber Adri\u00e1n Fern\u00e1ndez, en un di\u00e1logo que r\u00e1pidamente gener\u00f3 reacciones en redes sociales.<\/p>\n\n\n\n<p>Los audios, difundidos semanas atr\u00e1s, provocaron una ola de comentarios y debates sobre violencia psicol\u00f3gica, relaciones t\u00f3xicas y la exposici\u00f3n p\u00fablica de conflictos \u00edntimos. Durante la conversaci\u00f3n, Adri\u00e1n Fern\u00e1ndez pregunt\u00f3 directamente a Zajaris por qu\u00e9 decidi\u00f3 sacar a la luz ese material despu\u00e9s de tanto tiempo, considerando el impacto medi\u00e1tico que tuvo. Aunque inicialmente intent\u00f3 esquivar el tema para centrarse en otros aspectos de su carrera, la actriz termin\u00f3 explicando las motivaciones detr\u00e1s de su decisi\u00f3n.<\/p>\n\n\n\n<p>Seg\u00fan relat\u00f3, la publicaci\u00f3n de los audios no respondi\u00f3 a un deseo de protagonismo ni a una estrategia para ganar visibilidad. \u201cSe hizo medi\u00e1tico porque as\u00ed lo recibi\u00f3 la gente\u201d, afirm\u00f3, dejando claro que su objetivo era enviar un mensaje directo y espec\u00edfico. Zajaris explic\u00f3 que tom\u00f3 esa decisi\u00f3n como una forma de probar l\u00edmites, luego de haber atravesado una situaci\u00f3n prolongada de presi\u00f3n y hostigamiento.<\/p>\n\n\n\n<p>La humorista revel\u00f3 que, antes de hacer p\u00fablicos los audios, hab\u00eda recibido amenazas, llamadas insistentes y acoso desde el entorno cercano del rapero. Esa situaci\u00f3n, asegur\u00f3, se volvi\u00f3 insostenible. Sin embargo, tras la publicaci\u00f3n del material, los mensajes y el acoso cesaron. Para ella, ese resultado confirm\u00f3 que su acci\u00f3n hab\u00eda cumplido el prop\u00f3sito que buscaba.<\/p>\n\n\n\n<p><strong>Lea m\u00e1s: <a href=\"https:\/\/www.cuballama.com\/noticias\/al2-expone-supuestas-agresiones-de-zajaris-y-advierte-que-llevara-el-caso-a-la-policia\/\" target=\"_blank\" rel=\"noreferrer noopener\">Al2 expone supuestas agresiones de Zajaris y advierte que llevar\u00e1 el caso a la polic\u00eda<\/a><\/strong><\/p>\n\n\n\n<p>En la entrevista, Zajaris reflexion\u00f3 tambi\u00e9n sobre la importancia de establecer l\u00edmites claros en las relaciones personales y profesionales. Reconoci\u00f3 que, durante mucho tiempo, no supo hacerlo y que eso la llev\u00f3 a vivir experiencias extremas. \u201cUno vive muchas cosas por no saber poner l\u00edmites\u201d, coment\u00f3, subrayando que esta dificultad puede afectar no solo a las relaciones de pareja, sino tambi\u00e9n a los v\u00ednculos familiares, amistosos y laborales. Cuando esos l\u00edmites finalmente se intentan marcar, explic\u00f3, muchas personas no los comprenden y reaccionan con resistencia.<\/p>\n\n\n\n<figure class=\"wp-block-embed is-type-video is-provider-youtube wp-block-embed-youtube wp-embed-aspect-16-9 wp-has-aspect-ratio\"><div class=\"wp-block-embed__wrapper\">\n<div class=\"youtube-embed\" data-video_id=\"-VfV5xtUGJI\"><iframe loading=\"lazy\" title=\"Zajaris se deshaoga en entrevista EXCLUSIVA !!! \ud83d\udd25\ud83d\ude31\" width=\"696\" height=\"392\" src=\"https:\/\/www.youtube.com\/embed\/-VfV5xtUGJI?feature=oembed&#038;enablejsapi=1\" frameborder=\"0\" allow=\"accelerometer; autoplay; clipboard-write; encrypted-media; gyroscope; picture-in-picture; web-share\" referrerpolicy=\"strict-origin-when-cross-origin\" allowfullscreen><\/iframe><\/div>\n<\/div><\/figure>\n\n\n\n<p>La actriz asumi\u00f3 parte de la responsabilidad sobre su propio proceso, se\u00f1alando que ha tenido que madurar y aprender a manejar mejor su comportamiento y sus decisiones. En ese sentido, present\u00f3 su experiencia como un aprendizaje personal m\u00e1s que como un acto de revancha o exposici\u00f3n gratuita.<\/p>\n\n\n\n<p>Finalmente, Zajaris fue enf\u00e1tica al negar que su motivaci\u00f3n haya sido la fama o el \u201crating\u201d. Asegur\u00f3 que, de haber querido atenci\u00f3n medi\u00e1tica, tendr\u00eda material suficiente para mantenerse en el foco p\u00fablico durante a\u00f1os. \u201cNo fue para eso. Mi mensaje fue claro y se logr\u00f3\u201d, concluy\u00f3, reafirmando que su prioridad fue protegerse y poner fin a una situaci\u00f3n que consideraba da\u00f1ina.<\/p>\n\n\n\n<p>Sus palabras han reabierto el debate sobre hasta qu\u00e9 punto la exposici\u00f3n p\u00fablica puede convertirse en una herramienta de defensa personal y sobre la necesidad de hablar abiertamente de din\u00e1micas abusivas, incluso cuando involucran a figuras p\u00fablicas.<\/p>\n","protected":false},"excerpt":{"rendered":"<p>Zajaris explic\u00f3 que tom\u00f3 esa decisi\u00f3n como una forma de probar l\u00edmites, luego de haber atravesado una situaci\u00f3n prolongada de presi\u00f3n y hostigamiento<\/p>\n","protected":false},"author":27,"featured_media":233181,"comment_status":"open","ping_status":"closed","sticky":false,"template":"","format":"standard","meta":{"_acf_changed":false,"footnotes":""},"categories":[443],"tags":[3375,16330,9786,13157],"class_list":{"0":"post-233180","1":"post","2":"type-post","3":"status-publish","4":"format-standard","5":"has-post-thumbnail","7":"category-farandula","8":"tag-actriz-cubana","9":"tag-adrian-fernandez","10":"tag-al2-el-aldeano","11":"tag-zajaris-fernandez"},"acf":[],"yoast_head":"<!-- This site is optimized with the Yoast SEO plugin v27.4 - https:\/\/yoast.com\/product\/yoast-seo-wordpress\/ -->\n<title>\u201cLogr\u00e9 lo que quer\u00eda\u201d: Zajaris explica por qu\u00e9 public\u00f3 los audios de Al2 - Cuballama Noticias<\/title>\n<meta name=\"description\" content=\"Zajaris explic\u00f3 que tom\u00f3 esa decisi\u00f3n, luego de haber atravesado una situaci\u00f3n prolongada de presi\u00f3n y hostigamiento\" \/>\n<meta name=\"robots\" content=\"index, follow, max-snippet:-1, max-image-preview:large, max-video-preview:-1\" \/>\n<link rel=\"canonical\" href=\"https:\/\/www.cuballama.com\/noticias\/logre-lo-que-queria-zajaris-explica-por-que-publico-los-audios-de-al2\/\" \/>\n<meta property=\"og:locale\" content=\"es_ES\" \/>\n<meta property=\"og:type\" content=\"article\" \/>\n<meta property=\"og:title\" content=\"\u201cLogr\u00e9 lo que quer\u00eda\u201d: Zajaris explica por qu\u00e9 public\u00f3 los audios de Al2 - Cuballama Noticias\" \/>\n<meta property=\"og:description\" content=\"Zajaris explic\u00f3 que tom\u00f3 esa decisi\u00f3n, luego de haber atravesado una situaci\u00f3n prolongada de presi\u00f3n y hostigamiento\" \/>\n<meta property=\"og:url\" content=\"https:\/\/www.cuballama.com\/noticias\/logre-lo-que-queria-zajaris-explica-por-que-publico-los-audios-de-al2\/\" \/>\n<meta property=\"og:site_name\" content=\"Cuballama Noticias\" \/>\n<meta property=\"article:publisher\" content=\"https:\/\/www.facebook.com\/CubaLlama\" \/>\n<meta property=\"article:published_time\" content=\"2026-01-23T14:57:32+00:00\" \/>\n<meta property=\"article:modified_time\" content=\"2026-01-23T14:57:34+00:00\" \/>\n<meta property=\"og:image\" content=\"https:\/\/cdn1.mediawpaccore.net\/wp-content\/uploads\/2026\/01\/23095559\/Captura-de-pantalla-2026-01-23-a-las-15.55.41.png\" \/>\n\t<meta property=\"og:image:width\" content=\"1558\" \/>\n\t<meta property=\"og:image:height\" content=\"954\" \/>\n\t<meta property=\"og:image:type\" content=\"image\/png\" \/>\n<meta name=\"author\" content=\"Rafa\" \/>\n<meta name=\"twitter:card\" content=\"summary_large_image\" \/>\n<meta name=\"twitter:creator\" content=\"@cuballama\" \/>\n<meta name=\"twitter:site\" content=\"@cuballama\" \/>\n<meta name=\"twitter:label1\" content=\"Escrito por\" \/>\n\t<meta name=\"twitter:data1\" content=\"Rafa\" \/>\n\t<meta name=\"twitter:label2\" content=\"Tiempo de lectura\" \/>\n\t<meta name=\"twitter:data2\" content=\"3 minutos\" \/>\n<script type=\"application\/ld+json\" class=\"yoast-schema-graph\">{\"@context\":\"https:\\\/\\\/schema.org\",\"@graph\":[{\"@type\":\"Article\",\"@id\":\"https:\\\/\\\/www.cuballama.com\\\/noticias\\\/logre-lo-que-queria-zajaris-explica-por-que-publico-los-audios-de-al2\\\/#article\",\"isPartOf\":{\"@id\":\"https:\\\/\\\/www.cuballama.com\\\/noticias\\\/logre-lo-que-queria-zajaris-explica-por-que-publico-los-audios-de-al2\\\/\"},\"author\":{\"name\":\"Rafa\",\"@id\":\"https:\\\/\\\/www.cuballama.com\\\/noticias\\\/#\\\/schema\\\/person\\\/0f97914526a658755f00e59ec2a832f2\"},\"headline\":\"\u201cLogr\u00e9 lo que quer\u00eda\u201d: Zajaris explica por qu\u00e9 public\u00f3 los audios de Al2\",\"datePublished\":\"2026-01-23T14:57:32+00:00\",\"dateModified\":\"2026-01-23T14:57:34+00:00\",\"mainEntityOfPage\":{\"@id\":\"https:\\\/\\\/www.cuballama.com\\\/noticias\\\/logre-lo-que-queria-zajaris-explica-por-que-publico-los-audios-de-al2\\\/\"},\"wordCount\":597,\"commentCount\":0,\"publisher\":{\"@id\":\"https:\\\/\\\/www.cuballama.com\\\/noticias\\\/#organization\"},\"image\":{\"@id\":\"https:\\\/\\\/www.cuballama.com\\\/noticias\\\/logre-lo-que-queria-zajaris-explica-por-que-publico-los-audios-de-al2\\\/#primaryimage\"},\"thumbnailUrl\":\"https:\\\/\\\/cdn1.mediawpaccore.net\\\/wp-content\\\/uploads\\\/2026\\\/01\\\/23095559\\\/Captura-de-pantalla-2026-01-23-a-las-15.55.41.png\",\"keywords\":[\"actriz cubana\",\"Adri\u00e1n Fern\u00e1ndez\",\"Al2 El Aldeano\",\"Zajaris Fern\u00e1ndez\"],\"articleSection\":[\"Far\u00e1ndula\"],\"inLanguage\":\"es\",\"potentialAction\":[{\"@type\":\"CommentAction\",\"name\":\"Comment\",\"target\":[\"https:\\\/\\\/www.cuballama.com\\\/noticias\\\/logre-lo-que-queria-zajaris-explica-por-que-publico-los-audios-de-al2\\\/#respond\"]}]},{\"@type\":\"WebPage\",\"@id\":\"https:\\\/\\\/www.cuballama.com\\\/noticias\\\/logre-lo-que-queria-zajaris-explica-por-que-publico-los-audios-de-al2\\\/\",\"url\":\"https:\\\/\\\/www.cuballama.com\\\/noticias\\\/logre-lo-que-queria-zajaris-explica-por-que-publico-los-audios-de-al2\\\/\",\"name\":\"\u201cLogr\u00e9 lo que quer\u00eda\u201d: Zajaris explica por qu\u00e9 public\u00f3 los audios de Al2 - Cuballama Noticias\",\"isPartOf\":{\"@id\":\"https:\\\/\\\/www.cuballama.com\\\/noticias\\\/#website\"},\"primaryImageOfPage\":{\"@id\":\"https:\\\/\\\/www.cuballama.com\\\/noticias\\\/logre-lo-que-queria-zajaris-explica-por-que-publico-los-audios-de-al2\\\/#primaryimage\"},\"image\":{\"@id\":\"https:\\\/\\\/www.cuballama.com\\\/noticias\\\/logre-lo-que-queria-zajaris-explica-por-que-publico-los-audios-de-al2\\\/#primaryimage\"},\"thumbnailUrl\":\"https:\\\/\\\/cdn1.mediawpaccore.net\\\/wp-content\\\/uploads\\\/2026\\\/01\\\/23095559\\\/Captura-de-pantalla-2026-01-23-a-las-15.55.41.png\",\"datePublished\":\"2026-01-23T14:57:32+00:00\",\"dateModified\":\"2026-01-23T14:57:34+00:00\",\"description\":\"Zajaris explic\u00f3 que tom\u00f3 esa decisi\u00f3n, luego de haber atravesado una situaci\u00f3n prolongada de presi\u00f3n y hostigamiento\",\"breadcrumb\":{\"@id\":\"https:\\\/\\\/www.cuballama.com\\\/noticias\\\/logre-lo-que-queria-zajaris-explica-por-que-publico-los-audios-de-al2\\\/#breadcrumb\"},\"inLanguage\":\"es\",\"potentialAction\":[{\"@type\":\"ReadAction\",\"target\":[\"https:\\\/\\\/www.cuballama.com\\\/noticias\\\/logre-lo-que-queria-zajaris-explica-por-que-publico-los-audios-de-al2\\\/\"]}]},{\"@type\":\"ImageObject\",\"inLanguage\":\"es\",\"@id\":\"https:\\\/\\\/www.cuballama.com\\\/noticias\\\/logre-lo-que-queria-zajaris-explica-por-que-publico-los-audios-de-al2\\\/#primaryimage\",\"url\":\"https:\\\/\\\/cdn1.mediawpaccore.net\\\/wp-content\\\/uploads\\\/2026\\\/01\\\/23095559\\\/Captura-de-pantalla-2026-01-23-a-las-15.55.41.png\",\"contentUrl\":\"https:\\\/\\\/cdn1.mediawpaccore.net\\\/wp-content\\\/uploads\\\/2026\\\/01\\\/23095559\\\/Captura-de-pantalla-2026-01-23-a-las-15.55.41.png\",\"width\":1558,\"height\":954,\"caption\":\"Foto: Adri\u00e1n Fern\u00e1ndez\\\/ YouTube\"},{\"@type\":\"BreadcrumbList\",\"@id\":\"https:\\\/\\\/www.cuballama.com\\\/noticias\\\/logre-lo-que-queria-zajaris-explica-por-que-publico-los-audios-de-al2\\\/#breadcrumb\",\"itemListElement\":[{\"@type\":\"ListItem\",\"position\":1,\"name\":\"Home\",\"item\":\"https:\\\/\\\/www.cuballama.com\\\/noticias\\\/\"},{\"@type\":\"ListItem\",\"position\":2,\"name\":\"\u201cLogr\u00e9 lo que quer\u00eda\u201d: Zajaris explica por qu\u00e9 public\u00f3 los audios de Al2\"}]},{\"@type\":\"WebSite\",\"@id\":\"https:\\\/\\\/www.cuballama.com\\\/noticias\\\/#website\",\"url\":\"https:\\\/\\\/www.cuballama.com\\\/noticias\\\/\",\"name\":\"Cuballama Noticias\",\"description\":\"Medio digital sobre Cuba y el mundo\",\"publisher\":{\"@id\":\"https:\\\/\\\/www.cuballama.com\\\/noticias\\\/#organization\"},\"potentialAction\":[{\"@type\":\"SearchAction\",\"target\":{\"@type\":\"EntryPoint\",\"urlTemplate\":\"https:\\\/\\\/www.cuballama.com\\\/noticias\\\/?s={search_term_string}\"},\"query-input\":{\"@type\":\"PropertyValueSpecification\",\"valueRequired\":true,\"valueName\":\"search_term_string\"}}],\"inLanguage\":\"es\"},{\"@type\":\"Organization\",\"@id\":\"https:\\\/\\\/www.cuballama.com\\\/noticias\\\/#organization\",\"name\":\"Cuballama\",\"url\":\"https:\\\/\\\/www.cuballama.com\\\/noticias\\\/\",\"logo\":{\"@type\":\"ImageObject\",\"inLanguage\":\"es\",\"@id\":\"https:\\\/\\\/www.cuballama.com\\\/noticias\\\/#\\\/schema\\\/logo\\\/image\\\/\",\"url\":\"https:\\\/\\\/cdn1.mediawpaccore.net\\\/wp-content\\\/uploads\\\/2021\\\/12\\\/28171206\\\/cbll-logo-color-sm.png\",\"contentUrl\":\"https:\\\/\\\/cdn1.mediawpaccore.net\\\/wp-content\\\/uploads\\\/2021\\\/12\\\/28171206\\\/cbll-logo-color-sm.png\",\"width\":600,\"height\":133,\"caption\":\"Cuballama\"},\"image\":{\"@id\":\"https:\\\/\\\/www.cuballama.com\\\/noticias\\\/#\\\/schema\\\/logo\\\/image\\\/\"},\"sameAs\":[\"https:\\\/\\\/www.facebook.com\\\/CubaLlama\",\"https:\\\/\\\/x.com\\\/cuballama\",\"https:\\\/\\\/www.instagram.com\\\/stories\\\/cuballama_oficial\\\/\",\"https:\\\/\\\/www.youtube.com\\\/channel\\\/UCKkFE-d_axENGZcrc4as0IA\"]},{\"@type\":\"Person\",\"@id\":\"https:\\\/\\\/www.cuballama.com\\\/noticias\\\/#\\\/schema\\\/person\\\/0f97914526a658755f00e59ec2a832f2\",\"name\":\"Rafa\",\"url\":\"https:\\\/\\\/www.cuballama.com\\\/noticias\\\/author\\\/rafa\\\/\"}]}<\/script>\n<!-- \/ Yoast SEO plugin. -->","yoast_head_json":{"title":"\u201cLogr\u00e9 lo que quer\u00eda\u201d: Zajaris explica por qu\u00e9 public\u00f3 los audios de Al2 - Cuballama Noticias","description":"Zajaris explic\u00f3 que tom\u00f3 esa decisi\u00f3n, luego de haber atravesado una situaci\u00f3n prolongada de presi\u00f3n y hostigamiento","robots":{"index":"index","follow":"follow","max-snippet":"max-snippet:-1","max-image-preview":"max-image-preview:large","max-video-preview":"max-video-preview:-1"},"canonical":"https:\/\/www.cuballama.com\/noticias\/logre-lo-que-queria-zajaris-explica-por-que-publico-los-audios-de-al2\/","og_locale":"es_ES","og_type":"article","og_title":"\u201cLogr\u00e9 lo que quer\u00eda\u201d: Zajaris explica por qu\u00e9 public\u00f3 los audios de Al2 - Cuballama Noticias","og_description":"Zajaris explic\u00f3 que tom\u00f3 esa decisi\u00f3n, luego de haber atravesado una situaci\u00f3n prolongada de presi\u00f3n y hostigamiento","og_url":"https:\/\/www.cuballama.com\/noticias\/logre-lo-que-queria-zajaris-explica-por-que-publico-los-audios-de-al2\/","og_site_name":"Cuballama Noticias","article_publisher":"https:\/\/www.facebook.com\/CubaLlama","article_published_time":"2026-01-23T14:57:32+00:00","article_modified_time":"2026-01-23T14:57:34+00:00","og_image":[{"width":1558,"height":954,"url":"https:\/\/cdn1.mediawpaccore.net\/wp-content\/uploads\/2026\/01\/23095559\/Captura-de-pantalla-2026-01-23-a-las-15.55.41.png","type":"image\/png"}],"author":"Rafa","twitter_card":"summary_large_image","twitter_creator":"@cuballama","twitter_site":"@cuballama","twitter_misc":{"Escrito por":"Rafa","Tiempo de lectura":"3 minutos"},"schema":{"@context":"https:\/\/schema.org","@graph":[{"@type":"Article","@id":"https:\/\/www.cuballama.com\/noticias\/logre-lo-que-queria-zajaris-explica-por-que-publico-los-audios-de-al2\/#article","isPartOf":{"@id":"https:\/\/www.cuballama.com\/noticias\/logre-lo-que-queria-zajaris-explica-por-que-publico-los-audios-de-al2\/"},"author":{"name":"Rafa","@id":"https:\/\/www.cuballama.com\/noticias\/#\/schema\/person\/0f97914526a658755f00e59ec2a832f2"},"headline":"\u201cLogr\u00e9 lo que quer\u00eda\u201d: Zajaris explica por qu\u00e9 public\u00f3 los audios de Al2","datePublished":"2026-01-23T14:57:32+00:00","dateModified":"2026-01-23T14:57:34+00:00","mainEntityOfPage":{"@id":"https:\/\/www.cuballama.com\/noticias\/logre-lo-que-queria-zajaris-explica-por-que-publico-los-audios-de-al2\/"},"wordCount":597,"commentCount":0,"publisher":{"@id":"https:\/\/www.cuballama.com\/noticias\/#organization"},"image":{"@id":"https:\/\/www.cuballama.com\/noticias\/logre-lo-que-queria-zajaris-explica-por-que-publico-los-audios-de-al2\/#primaryimage"},"thumbnailUrl":"https:\/\/cdn1.mediawpaccore.net\/wp-content\/uploads\/2026\/01\/23095559\/Captura-de-pantalla-2026-01-23-a-las-15.55.41.png","keywords":["actriz cubana","Adri\u00e1n Fern\u00e1ndez","Al2 El Aldeano","Zajaris Fern\u00e1ndez"],"articleSection":["Far\u00e1ndula"],"inLanguage":"es","potentialAction":[{"@type":"CommentAction","name":"Comment","target":["https:\/\/www.cuballama.com\/noticias\/logre-lo-que-queria-zajaris-explica-por-que-publico-los-audios-de-al2\/#respond"]}]},{"@type":"WebPage","@id":"https:\/\/www.cuballama.com\/noticias\/logre-lo-que-queria-zajaris-explica-por-que-publico-los-audios-de-al2\/","url":"https:\/\/www.cuballama.com\/noticias\/logre-lo-que-queria-zajaris-explica-por-que-publico-los-audios-de-al2\/","name":"\u201cLogr\u00e9 lo que quer\u00eda\u201d: Zajaris explica por qu\u00e9 public\u00f3 los audios de Al2 - Cuballama Noticias","isPartOf":{"@id":"https:\/\/www.cuballama.com\/noticias\/#website"},"primaryImageOfPage":{"@id":"https:\/\/www.cuballama.com\/noticias\/logre-lo-que-queria-zajaris-explica-por-que-publico-los-audios-de-al2\/#primaryimage"},"image":{"@id":"https:\/\/www.cuballama.com\/noticias\/logre-lo-que-queria-zajaris-explica-por-que-publico-los-audios-de-al2\/#primaryimage"},"thumbnailUrl":"https:\/\/cdn1.mediawpaccore.net\/wp-content\/uploads\/2026\/01\/23095559\/Captura-de-pantalla-2026-01-23-a-las-15.55.41.png","datePublished":"2026-01-23T14:57:32+00:00","dateModified":"2026-01-23T14:57:34+00:00","description":"Zajaris explic\u00f3 que tom\u00f3 esa decisi\u00f3n, luego de haber atravesado una situaci\u00f3n prolongada de presi\u00f3n y hostigamiento","breadcrumb":{"@id":"https:\/\/www.cuballama.com\/noticias\/logre-lo-que-queria-zajaris-explica-por-que-publico-los-audios-de-al2\/#breadcrumb"},"inLanguage":"es","potentialAction":[{"@type":"ReadAction","target":["https:\/\/www.cuballama.com\/noticias\/logre-lo-que-queria-zajaris-explica-por-que-publico-los-audios-de-al2\/"]}]},{"@type":"ImageObject","inLanguage":"es","@id":"https:\/\/www.cuballama.com\/noticias\/logre-lo-que-queria-zajaris-explica-por-que-publico-los-audios-de-al2\/#primaryimage","url":"https:\/\/cdn1.mediawpaccore.net\/wp-content\/uploads\/2026\/01\/23095559\/Captura-de-pantalla-2026-01-23-a-las-15.55.41.png","contentUrl":"https:\/\/cdn1.mediawpaccore.net\/wp-content\/uploads\/2026\/01\/23095559\/Captura-de-pantalla-2026-01-23-a-las-15.55.41.png","width":1558,"height":954,"caption":"Foto: Adri\u00e1n Fern\u00e1ndez\/ YouTube"},{"@type":"BreadcrumbList","@id":"https:\/\/www.cuballama.com\/noticias\/logre-lo-que-queria-zajaris-explica-por-que-publico-los-audios-de-al2\/#breadcrumb","itemListElement":[{"@type":"ListItem","position":1,"name":"Home","item":"https:\/\/www.cuballama.com\/noticias\/"},{"@type":"ListItem","position":2,"name":"\u201cLogr\u00e9 lo que quer\u00eda\u201d: Zajaris explica por qu\u00e9 public\u00f3 los audios de Al2"}]},{"@type":"WebSite","@id":"https:\/\/www.cuballama.com\/noticias\/#website","url":"https:\/\/www.cuballama.com\/noticias\/","name":"Cuballama Noticias","description":"Medio digital sobre Cuba y el mundo","publisher":{"@id":"https:\/\/www.cuballama.com\/noticias\/#organization"},"potentialAction":[{"@type":"SearchAction","target":{"@type":"EntryPoint","urlTemplate":"https:\/\/www.cuballama.com\/noticias\/?s={search_term_string}"},"query-input":{"@type":"PropertyValueSpecification","valueRequired":true,"valueName":"search_term_string"}}],"inLanguage":"es"},{"@type":"Organization","@id":"https:\/\/www.cuballama.com\/noticias\/#organization","name":"Cuballama","url":"https:\/\/www.cuballama.com\/noticias\/","logo":{"@type":"ImageObject","inLanguage":"es","@id":"https:\/\/www.cuballama.com\/noticias\/#\/schema\/logo\/image\/","url":"https:\/\/cdn1.mediawpaccore.net\/wp-content\/uploads\/2021\/12\/28171206\/cbll-logo-color-sm.png","contentUrl":"https:\/\/cdn1.mediawpaccore.net\/wp-content\/uploads\/2021\/12\/28171206\/cbll-logo-color-sm.png","width":600,"height":133,"caption":"Cuballama"},"image":{"@id":"https:\/\/www.cuballama.com\/noticias\/#\/schema\/logo\/image\/"},"sameAs":["https:\/\/www.facebook.com\/CubaLlama","https:\/\/x.com\/cuballama","https:\/\/www.instagram.com\/stories\/cuballama_oficial\/","https:\/\/www.youtube.com\/channel\/UCKkFE-d_axENGZcrc4as0IA"]},{"@type":"Person","@id":"https:\/\/www.cuballama.com\/noticias\/#\/schema\/person\/0f97914526a658755f00e59ec2a832f2","name":"Rafa","url":"https:\/\/www.cuballama.com\/noticias\/author\/rafa\/"}]}},"_links":{"self":[{"href":"https:\/\/www.cuballama.com\/noticias\/wp-json\/wp\/v2\/posts\/233180","targetHints":{"allow":["GET"]}}],"collection":[{"href":"https:\/\/www.cuballama.com\/noticias\/wp-json\/wp\/v2\/posts"}],"about":[{"href":"https:\/\/www.cuballama.com\/noticias\/wp-json\/wp\/v2\/types\/post"}],"author":[{"embeddable":true,"href":"https:\/\/www.cuballama.com\/noticias\/wp-json\/wp\/v2\/users\/27"}],"replies":[{"embeddable":true,"href":"https:\/\/www.cuballama.com\/noticias\/wp-json\/wp\/v2\/comments?post=233180"}],"version-history":[{"count":1,"href":"https:\/\/www.cuballama.com\/noticias\/wp-json\/wp\/v2\/posts\/233180\/revisions"}],"predecessor-version":[{"id":233182,"href":"https:\/\/www.cuballama.com\/noticias\/wp-json\/wp\/v2\/posts\/233180\/revisions\/233182"}],"wp:featuredmedia":[{"embeddable":true,"href":"https:\/\/www.cuballama.com\/noticias\/wp-json\/wp\/v2\/media\/233181"}],"wp:attachment":[{"href":"https:\/\/www.cuballama.com\/noticias\/wp-json\/wp\/v2\/media?parent=233180"}],"wp:term":[{"taxonomy":"category","embeddable":true,"href":"https:\/\/www.cuballama.com\/noticias\/wp-json\/wp\/v2\/categories?post=233180"},{"taxonomy":"post_tag","embeddable":true,"href":"https:\/\/www.cuballama.com\/noticias\/wp-json\/wp\/v2\/tags?post=233180"}],"curies":[{"name":"wp","href":"https:\/\/api.w.org\/{rel}","templated":true}]}}