{"id":233167,"date":"2026-01-23T13:59:00","date_gmt":"2026-01-23T18:59:00","guid":{"rendered":"https:\/\/www.cuballama.com\/noticias\/?p=233167"},"modified":"2026-01-23T14:07:10","modified_gmt":"2026-01-23T19:07:10","slug":"el-dia-en-que-guillermo-francella-conocio-a-fidel-castro-un-hombre-grandote","status":"publish","type":"post","link":"https:\/\/www.cuballama.com\/noticias\/el-dia-en-que-guillermo-francella-conocio-a-fidel-castro-un-hombre-grandote\/","title":{"rendered":"El d\u00eda en que Guillermo Francella conoci\u00f3 a Fidel Castro: \u201cUn hombre grandote\u201d"},"content":{"rendered":"\n<p>El actor y comediante argentino Guillermo Francella ha recordado en varias ocasiones el d\u00eda de 2003 en el que conoci\u00f3 a Fidel Castro durante una visita a la isla para participar en el Festival del Nuevo Cine Latinoamericano de La Habana.<\/p>\n\n\n\n<p>En m\u00e1s de una entrevista el protagonista de destacadas pel\u00edculas como <em>El secreto de sus ojos<\/em>, Premio \u00d3scar a la Mejor Pel\u00edcula Extranjera, reconoci\u00f3 que fue \u201cmuy fuerte\u201d e \u201cinolvidable\u201d conocer a Castro, \u201cun hombre grandote. Muy alto. Muy alto\u201d.<\/p>\n\n\n\n<p>\u201cEn 2003 fui a Cuba porque <em>Pon\u00e9 a Francella<\/em>, el ciclo de humor que hice entre 2001 y 2002, funcion\u00f3 much\u00edsimo en toda Am\u00e9rica Latina y especialmente en La Habana\u201d, ha relatado.<\/p>\n\n\n\n<blockquote class=\"instagram-media\" data-instgrm-captioned data-instgrm-permalink=\"https:\/\/www.instagram.com\/reel\/DRxxzFSDG8P\/?utm_source=ig_embed&amp;utm_campaign=loading\" data-instgrm-version=\"14\" style=\" background:#FFF; border:0; border-radius:3px; box-shadow:0 0 1px 0 rgba(0,0,0,0.5),0 1px 10px 0 rgba(0,0,0,0.15); margin: 1px; max-width:540px; min-width:326px; padding:0; width:99.375%; width:-webkit-calc(100% - 2px); width:calc(100% - 2px);\"><div style=\"padding:16px;\"> <a href=\"https:\/\/www.instagram.com\/reel\/DRxxzFSDG8P\/?utm_source=ig_embed&amp;utm_campaign=loading\" style=\" background:#FFFFFF; line-height:0; padding:0 0; text-align:center; text-decoration:none; width:100%;\" target=\"_blank\"> <div style=\" display: flex; flex-direction: row; align-items: center;\"> <div style=\"background-color: #F4F4F4; border-radius: 50%; flex-grow: 0; height: 40px; margin-right: 14px; width: 40px;\"><\/div> <div style=\"display: flex; flex-direction: column; flex-grow: 1; justify-content: center;\"> <div style=\" background-color: #F4F4F4; border-radius: 4px; flex-grow: 0; height: 14px; margin-bottom: 6px; width: 100px;\"><\/div> <div style=\" background-color: #F4F4F4; border-radius: 4px; flex-grow: 0; height: 14px; width: 60px;\"><\/div><\/div><\/div><div style=\"padding: 19% 0;\"><\/div> <div style=\"display:block; height:50px; margin:0 auto 12px; width:50px;\"><svg width=\"50px\" height=\"50px\" viewBox=\"0 0 60 60\" version=\"1.1\" xmlns=\"https:\/\/www.w3.org\/2000\/svg\" xmlns:xlink=\"https:\/\/www.w3.org\/1999\/xlink\"><g stroke=\"none\" stroke-width=\"1\" fill=\"none\" fill-rule=\"evenodd\"><g transform=\"translate(-511.000000, -20.000000)\" fill=\"#000000\"><g><path d=\"M556.869,30.41 C554.814,30.41 553.148,32.076 553.148,34.131 C553.148,36.186 554.814,37.852 556.869,37.852 C558.924,37.852 560.59,36.186 560.59,34.131 C560.59,32.076 558.924,30.41 556.869,30.41 M541,60.657 C535.114,60.657 530.342,55.887 530.342,50 C530.342,44.114 535.114,39.342 541,39.342 C546.887,39.342 551.658,44.114 551.658,50 C551.658,55.887 546.887,60.657 541,60.657 M541,33.886 C532.1,33.886 524.886,41.1 524.886,50 C524.886,58.899 532.1,66.113 541,66.113 C549.9,66.113 557.115,58.899 557.115,50 C557.115,41.1 549.9,33.886 541,33.886 M565.378,62.101 C565.244,65.022 564.756,66.606 564.346,67.663 C563.803,69.06 563.154,70.057 562.106,71.106 C561.058,72.155 560.06,72.803 558.662,73.347 C557.607,73.757 556.021,74.244 553.102,74.378 C549.944,74.521 548.997,74.552 541,74.552 C533.003,74.552 532.056,74.521 528.898,74.378 C525.979,74.244 524.393,73.757 523.338,73.347 C521.94,72.803 520.942,72.155 519.894,71.106 C518.846,70.057 518.197,69.06 517.654,67.663 C517.244,66.606 516.755,65.022 516.623,62.101 C516.479,58.943 516.448,57.996 516.448,50 C516.448,42.003 516.479,41.056 516.623,37.899 C516.755,34.978 517.244,33.391 517.654,32.338 C518.197,30.938 518.846,29.942 519.894,28.894 C520.942,27.846 521.94,27.196 523.338,26.654 C524.393,26.244 525.979,25.756 528.898,25.623 C532.057,25.479 533.004,25.448 541,25.448 C548.997,25.448 549.943,25.479 553.102,25.623 C556.021,25.756 557.607,26.244 558.662,26.654 C560.06,27.196 561.058,27.846 562.106,28.894 C563.154,29.942 563.803,30.938 564.346,32.338 C564.756,33.391 565.244,34.978 565.378,37.899 C565.522,41.056 565.552,42.003 565.552,50 C565.552,57.996 565.522,58.943 565.378,62.101 M570.82,37.631 C570.674,34.438 570.167,32.258 569.425,30.349 C568.659,28.377 567.633,26.702 565.965,25.035 C564.297,23.368 562.623,22.342 560.652,21.575 C558.743,20.834 556.562,20.326 553.369,20.18 C550.169,20.033 549.148,20 541,20 C532.853,20 531.831,20.033 528.631,20.18 C525.438,20.326 523.257,20.834 521.349,21.575 C519.376,22.342 517.703,23.368 516.035,25.035 C514.368,26.702 513.342,28.377 512.574,30.349 C511.834,32.258 511.326,34.438 511.181,37.631 C511.035,40.831 511,41.851 511,50 C511,58.147 511.035,59.17 511.181,62.369 C511.326,65.562 511.834,67.743 512.574,69.651 C513.342,71.625 514.368,73.296 516.035,74.965 C517.703,76.634 519.376,77.658 521.349,78.425 C523.257,79.167 525.438,79.673 528.631,79.82 C531.831,79.965 532.853,80.001 541,80.001 C549.148,80.001 550.169,79.965 553.369,79.82 C556.562,79.673 558.743,79.167 560.652,78.425 C562.623,77.658 564.297,76.634 565.965,74.965 C567.633,73.296 568.659,71.625 569.425,69.651 C570.167,67.743 570.674,65.562 570.82,62.369 C570.966,59.17 571,58.147 571,50 C571,41.851 570.966,40.831 570.82,37.631\"><\/path><\/g><\/g><\/g><\/svg><\/div><div style=\"padding-top: 8px;\"> <div style=\" color:#3897f0; font-family:Arial,sans-serif; font-size:14px; font-style:normal; font-weight:550; line-height:18px;\">Ver esta publicaci\u00f3n en Instagram<\/div><\/div><div style=\"padding: 12.5% 0;\"><\/div> <div style=\"display: flex; flex-direction: row; margin-bottom: 14px; align-items: center;\"><div> <div style=\"background-color: #F4F4F4; border-radius: 50%; height: 12.5px; width: 12.5px; transform: translateX(0px) translateY(7px);\"><\/div> <div style=\"background-color: #F4F4F4; height: 12.5px; transform: rotate(-45deg) translateX(3px) translateY(1px); width: 12.5px; flex-grow: 0; margin-right: 14px; margin-left: 2px;\"><\/div> <div style=\"background-color: #F4F4F4; border-radius: 50%; height: 12.5px; width: 12.5px; transform: translateX(9px) translateY(-18px);\"><\/div><\/div><div style=\"margin-left: 8px;\"> <div style=\" background-color: #F4F4F4; border-radius: 50%; flex-grow: 0; height: 20px; width: 20px;\"><\/div> <div style=\" width: 0; height: 0; border-top: 2px solid transparent; border-left: 6px solid #f4f4f4; border-bottom: 2px solid transparent; transform: translateX(16px) translateY(-4px) rotate(30deg)\"><\/div><\/div><div style=\"margin-left: auto;\"> <div style=\" width: 0px; border-top: 8px solid #F4F4F4; border-right: 8px solid transparent; transform: translateY(16px);\"><\/div> <div style=\" background-color: #F4F4F4; flex-grow: 0; height: 12px; width: 16px; transform: translateY(-4px);\"><\/div> <div style=\" width: 0; height: 0; border-top: 8px solid #F4F4F4; border-left: 8px solid transparent; transform: translateY(-4px) translateX(8px);\"><\/div><\/div><\/div> <div style=\"display: flex; flex-direction: column; flex-grow: 1; justify-content: center; margin-bottom: 24px;\"> <div style=\" background-color: #F4F4F4; border-radius: 4px; flex-grow: 0; height: 14px; margin-bottom: 6px; width: 224px;\"><\/div> <div style=\" background-color: #F4F4F4; border-radius: 4px; flex-grow: 0; height: 14px; width: 144px;\"><\/div><\/div><\/a><p style=\" color:#c9c8cd; font-family:Arial,sans-serif; font-size:14px; line-height:17px; margin-bottom:0; margin-top:8px; overflow:hidden; padding:8px 0 7px; text-align:center; text-overflow:ellipsis; white-space:nowrap;\"><a href=\"https:\/\/www.instagram.com\/reel\/DRxxzFSDG8P\/?utm_source=ig_embed&amp;utm_campaign=loading\" style=\" color:#c9c8cd; font-family:Arial,sans-serif; font-size:14px; font-style:normal; font-weight:normal; line-height:17px; text-decoration:none;\" target=\"_blank\">Una publicaci\u00f3n compartida de Marcel Sanfelice | Periodista | M\u00e1laga (@argentinosenmalaga)<\/a><\/p><\/div><\/blockquote>\n<script async src=\"\/\/www.instagram.com\/embed.js\"><\/script>\n\n\n\n<p>\u201cMe acuerdo que antes de viajar todos me dec\u00edan: \u2018Mir\u00e1 que no vas a poder caminar, eh\u2019 y yo ten\u00eda que ir al Festival Internacional del Nuevo Cine Latinoamericano de La Habana. Fui con Adri\u00e1n Suar y Luis Scalella&#8230; Y dicho y hecho, cuando llegu\u00e9 me di cuenta que era como un Jefe de Estado\u201d, ha recordado.<\/p>\n\n\n\n<p>Francella se reuni\u00f3 con Castro el \u00faltimo d\u00eda de la semana que pas\u00f3 en la capital cubana, ya hace m\u00e1s de dos d\u00e9cadas.<\/p>\n\n\n\n<p>\u201cYa ten\u00eda la valija medio hecha y estaba en la pileta del hotel. Veo que entra un tipo de fajina y digo \u2018\u00bfqu\u00e9 pas\u00f3?\u2019. Se acercan a m\u00ed y me dicen \u2018se\u00f1or Francella, el Comandante lo quiere ver\u2019. Me ba\u00f1\u00e9 r\u00e1pido y les dije \u2018miren que el avi\u00f3n sale&#8230;\u2019 y me dijeron \u2018tranquilo, no sale\u2019\u201d, narr\u00f3.<\/p>\n\n\n\n<blockquote class=\"tiktok-embed\" cite=\"https:\/\/www.tiktok.com\/@visionshowok\/video\/7459981460989119750\" data-video-id=\"7459981460989119750\" style=\"max-width: 605px;min-width: 325px;\" > <section> <a target=\"_blank\" title=\"@visionshowok\" href=\"https:\/\/www.tiktok.com\/@visionshowok?refer=embed\">@visionshowok<\/a> \ud83d\udde3\ufe0f En medio de la pol\u00e9mica generada en torno a la reposici\u00f3n de <a title=\"pon\u00e9afrancella\" target=\"_blank\" href=\"https:\/\/www.tiktok.com\/tag\/pon%C3%A9afrancella?refer=embed\">#Pon\u00e9AFrancella<\/a> por la pantalla de @telefe Guillermo Francella estuvo charlando con @soyguidokaczka y @gundaok para @la100fm y cont\u00f3 el momento en el que estando en Cuba, el propio Fidel Castro haya querido conocerlo ya que ese pa\u00eds se frenaba literalmente cada vez que se emit\u00edan los ciclos del humorista, especialmente \u201cPon\u00e9 a Francella\u201d. <a title=\"guillermo\" target=\"_blank\" href=\"https:\/\/www.tiktok.com\/tag\/guillermo?refer=embed\">#Guillermo<\/a> <a title=\"francella\" target=\"_blank\" href=\"https:\/\/www.tiktok.com\/tag\/francella?refer=embed\">#Francella<\/a> <a title=\"fidelcastro\" target=\"_blank\" href=\"https:\/\/www.tiktok.com\/tag\/fidelcastro?refer=embed\">#FidelCastro<\/a> <a title=\"cuba\" target=\"_blank\" href=\"https:\/\/www.tiktok.com\/tag\/cuba?refer=embed\">#Cuba<\/a> <a title=\"visionshow\" target=\"_blank\" href=\"https:\/\/www.tiktok.com\/tag\/visionshow?refer=embed\">#visionshow<\/a> <a target=\"_blank\" title=\"\u266c sonido original - Visionshow\" href=\"https:\/\/www.tiktok.com\/music\/sonido-original-7459981497314249478?refer=embed\">\u266c sonido original &#8211; Visionshow<\/a> <\/section> <\/blockquote> <script async src=\"https:\/\/www.tiktok.com\/embed.js\"><\/script>\n\n\n\n<p>\u201c\u2018\u00bfT\u00fa eres consciente de lo que es hacer feliz a un pueblo? T\u00fa haces feliz a mi pueblo\u2019. Unas palabras que jam\u00e1s olvidar\u00e9\u201d, se\u00f1al\u00f3 al hablar de lo que le dijo el fallecido l\u00edder comunista cuando lo vio.<\/p>\n\n\n\n<p>Asimismo, Francella ha contado que Castro le regal\u00f3 \u201cun ron y una caja de Habanos\u201d, despu\u00e9s de un encuentro del que se fue con \u201cun pedo de esos que no se te olvida\u201d y con \u201cun poco de verguenza\u201d porque \u201cya hab\u00eda tomado mucho ron\u201d.<\/p>\n\n\n\n<p>\u201cFue una charla a solas en la que me pregunt\u00f3 muchas cosas y por mi familia. No se habl\u00f3 nada de pol\u00edtica, poco y nada\u201d, manifest\u00f3 sobre la conversaci\u00f3n que dur\u00f3 m\u00e1s de una hora.<\/p>\n","protected":false},"excerpt":{"rendered":"<p>El actor y comediante argentino Guillermo Francella ha recordado en varias ocasiones el d\u00eda de 2003 en el que conoci\u00f3 a Fidel Castro durante una visita a la isla para participar en el Festival del Nuevo Cine Latinoamericano de La Habana. En m\u00e1s de una entrevista el protagonista de destacadas pel\u00edculas como El secreto de [&hellip;]<\/p>\n","protected":false},"author":30,"featured_media":233173,"comment_status":"open","ping_status":"closed","sticky":false,"template":"","format":"standard","meta":{"_acf_changed":false,"footnotes":""},"categories":[443,18],"tags":[941,5048,30208],"class_list":{"0":"post-233167","1":"post","2":"type-post","3":"status-publish","4":"format-standard","5":"has-post-thumbnail","7":"category-farandula","8":"category-noticias","9":"tag-destacado","10":"tag-fidel-castro","11":"tag-guillermo-francella"},"acf":[],"yoast_head":"<!-- This site is optimized with the Yoast SEO plugin v27.5 - https:\/\/yoast.com\/product\/yoast-seo-wordpress\/ -->\n<title>El d\u00eda en que Guillermo Francella conoci\u00f3 a Fidel Castro: \u201cUn hombre grandote\u201d - Cuballama Noticias<\/title>\n<meta name=\"description\" content=\"El actor y comediante argentino Guillermo Francella ha recordado en varias ocasiones el d\u00eda de 2003 en que conoci\u00f3 a Fidel Castro.\" \/>\n<meta name=\"robots\" content=\"index, follow, max-snippet:-1, max-image-preview:large, max-video-preview:-1\" \/>\n<link rel=\"canonical\" href=\"https:\/\/www.cuballama.com\/noticias\/el-dia-en-que-guillermo-francella-conocio-a-fidel-castro-un-hombre-grandote\/\" \/>\n<meta property=\"og:locale\" content=\"es_ES\" \/>\n<meta property=\"og:type\" content=\"article\" \/>\n<meta property=\"og:title\" content=\"El d\u00eda en que Guillermo Francella conoci\u00f3 a Fidel Castro: \u201cUn hombre grandote\u201d - Cuballama Noticias\" \/>\n<meta property=\"og:description\" content=\"El actor y comediante argentino Guillermo Francella ha recordado en varias ocasiones el d\u00eda de 2003 en que conoci\u00f3 a Fidel Castro.\" \/>\n<meta property=\"og:url\" content=\"https:\/\/www.cuballama.com\/noticias\/el-dia-en-que-guillermo-francella-conocio-a-fidel-castro-un-hombre-grandote\/\" \/>\n<meta property=\"og:site_name\" content=\"Cuballama Noticias\" \/>\n<meta property=\"article:publisher\" content=\"https:\/\/www.facebook.com\/CubaLlama\" \/>\n<meta property=\"article:published_time\" content=\"2026-01-23T18:59:00+00:00\" \/>\n<meta property=\"article:modified_time\" content=\"2026-01-23T19:07:10+00:00\" \/>\n<meta property=\"og:image\" content=\"https:\/\/cdn1.mediawpaccore.net\/wp-content\/uploads\/2026\/01\/23090700\/guillermo-francella-junto-a-fidel-castro-en-el-4YIJ7K4PBZA55GDNXXK2P4WNP4.jpg\" \/>\n\t<meta property=\"og:image:width\" content=\"1200\" \/>\n\t<meta property=\"og:image:height\" content=\"630\" \/>\n\t<meta property=\"og:image:type\" content=\"image\/jpeg\" \/>\n<meta name=\"author\" content=\"Kathy\" \/>\n<meta name=\"twitter:card\" content=\"summary_large_image\" \/>\n<meta name=\"twitter:creator\" content=\"@cuballama\" \/>\n<meta name=\"twitter:site\" content=\"@cuballama\" \/>\n<meta name=\"twitter:label1\" content=\"Escrito por\" \/>\n\t<meta name=\"twitter:data1\" content=\"Kathy\" \/>\n\t<meta name=\"twitter:label2\" content=\"Tiempo de lectura\" \/>\n\t<meta name=\"twitter:data2\" content=\"2 minutos\" \/>\n<script type=\"application\/ld+json\" class=\"yoast-schema-graph\">{\"@context\":\"https:\\\/\\\/schema.org\",\"@graph\":[{\"@type\":\"Article\",\"@id\":\"https:\\\/\\\/www.cuballama.com\\\/noticias\\\/el-dia-en-que-guillermo-francella-conocio-a-fidel-castro-un-hombre-grandote\\\/#article\",\"isPartOf\":{\"@id\":\"https:\\\/\\\/www.cuballama.com\\\/noticias\\\/el-dia-en-que-guillermo-francella-conocio-a-fidel-castro-un-hombre-grandote\\\/\"},\"author\":{\"name\":\"Kathy\",\"@id\":\"https:\\\/\\\/www.cuballama.com\\\/noticias\\\/#\\\/schema\\\/person\\\/86cd3e3f4974437f031211213bf892d5\"},\"headline\":\"El d\u00eda en que Guillermo Francella conoci\u00f3 a Fidel Castro: \u201cUn hombre grandote\u201d\",\"datePublished\":\"2026-01-23T18:59:00+00:00\",\"dateModified\":\"2026-01-23T19:07:10+00:00\",\"mainEntityOfPage\":{\"@id\":\"https:\\\/\\\/www.cuballama.com\\\/noticias\\\/el-dia-en-que-guillermo-francella-conocio-a-fidel-castro-un-hombre-grandote\\\/\"},\"wordCount\":499,\"commentCount\":0,\"publisher\":{\"@id\":\"https:\\\/\\\/www.cuballama.com\\\/noticias\\\/#organization\"},\"image\":{\"@id\":\"https:\\\/\\\/www.cuballama.com\\\/noticias\\\/el-dia-en-que-guillermo-francella-conocio-a-fidel-castro-un-hombre-grandote\\\/#primaryimage\"},\"thumbnailUrl\":\"https:\\\/\\\/cdn1.mediawpaccore.net\\\/wp-content\\\/uploads\\\/2026\\\/01\\\/23090700\\\/guillermo-francella-junto-a-fidel-castro-en-el-4YIJ7K4PBZA55GDNXXK2P4WNP4.jpg\",\"keywords\":[\"destacado\",\"Fidel Castro\",\"Guillermo Francella\"],\"articleSection\":[\"Far\u00e1ndula\",\"Noticias\"],\"inLanguage\":\"es\",\"potentialAction\":[{\"@type\":\"CommentAction\",\"name\":\"Comment\",\"target\":[\"https:\\\/\\\/www.cuballama.com\\\/noticias\\\/el-dia-en-que-guillermo-francella-conocio-a-fidel-castro-un-hombre-grandote\\\/#respond\"]}]},{\"@type\":\"WebPage\",\"@id\":\"https:\\\/\\\/www.cuballama.com\\\/noticias\\\/el-dia-en-que-guillermo-francella-conocio-a-fidel-castro-un-hombre-grandote\\\/\",\"url\":\"https:\\\/\\\/www.cuballama.com\\\/noticias\\\/el-dia-en-que-guillermo-francella-conocio-a-fidel-castro-un-hombre-grandote\\\/\",\"name\":\"El d\u00eda en que Guillermo Francella conoci\u00f3 a Fidel Castro: \u201cUn hombre grandote\u201d - Cuballama Noticias\",\"isPartOf\":{\"@id\":\"https:\\\/\\\/www.cuballama.com\\\/noticias\\\/#website\"},\"primaryImageOfPage\":{\"@id\":\"https:\\\/\\\/www.cuballama.com\\\/noticias\\\/el-dia-en-que-guillermo-francella-conocio-a-fidel-castro-un-hombre-grandote\\\/#primaryimage\"},\"image\":{\"@id\":\"https:\\\/\\\/www.cuballama.com\\\/noticias\\\/el-dia-en-que-guillermo-francella-conocio-a-fidel-castro-un-hombre-grandote\\\/#primaryimage\"},\"thumbnailUrl\":\"https:\\\/\\\/cdn1.mediawpaccore.net\\\/wp-content\\\/uploads\\\/2026\\\/01\\\/23090700\\\/guillermo-francella-junto-a-fidel-castro-en-el-4YIJ7K4PBZA55GDNXXK2P4WNP4.jpg\",\"datePublished\":\"2026-01-23T18:59:00+00:00\",\"dateModified\":\"2026-01-23T19:07:10+00:00\",\"description\":\"El actor y comediante argentino Guillermo Francella ha recordado en varias ocasiones el d\u00eda de 2003 en que conoci\u00f3 a Fidel Castro.\",\"breadcrumb\":{\"@id\":\"https:\\\/\\\/www.cuballama.com\\\/noticias\\\/el-dia-en-que-guillermo-francella-conocio-a-fidel-castro-un-hombre-grandote\\\/#breadcrumb\"},\"inLanguage\":\"es\",\"potentialAction\":[{\"@type\":\"ReadAction\",\"target\":[\"https:\\\/\\\/www.cuballama.com\\\/noticias\\\/el-dia-en-que-guillermo-francella-conocio-a-fidel-castro-un-hombre-grandote\\\/\"]}]},{\"@type\":\"ImageObject\",\"inLanguage\":\"es\",\"@id\":\"https:\\\/\\\/www.cuballama.com\\\/noticias\\\/el-dia-en-que-guillermo-francella-conocio-a-fidel-castro-un-hombre-grandote\\\/#primaryimage\",\"url\":\"https:\\\/\\\/cdn1.mediawpaccore.net\\\/wp-content\\\/uploads\\\/2026\\\/01\\\/23090700\\\/guillermo-francella-junto-a-fidel-castro-en-el-4YIJ7K4PBZA55GDNXXK2P4WNP4.jpg\",\"contentUrl\":\"https:\\\/\\\/cdn1.mediawpaccore.net\\\/wp-content\\\/uploads\\\/2026\\\/01\\\/23090700\\\/guillermo-francella-junto-a-fidel-castro-en-el-4YIJ7K4PBZA55GDNXXK2P4WNP4.jpg\",\"width\":1200,\"height\":630,\"caption\":\"Guillermo Francella junto a Fidel Castro en el 2003. Foto: Captura de pantalla\\\/ YouTube\\\/La 100.\"},{\"@type\":\"BreadcrumbList\",\"@id\":\"https:\\\/\\\/www.cuballama.com\\\/noticias\\\/el-dia-en-que-guillermo-francella-conocio-a-fidel-castro-un-hombre-grandote\\\/#breadcrumb\",\"itemListElement\":[{\"@type\":\"ListItem\",\"position\":1,\"name\":\"Home\",\"item\":\"https:\\\/\\\/www.cuballama.com\\\/noticias\\\/\"},{\"@type\":\"ListItem\",\"position\":2,\"name\":\"El d\u00eda en que Guillermo Francella conoci\u00f3 a Fidel Castro: \u201cUn hombre grandote\u201d\"}]},{\"@type\":\"WebSite\",\"@id\":\"https:\\\/\\\/www.cuballama.com\\\/noticias\\\/#website\",\"url\":\"https:\\\/\\\/www.cuballama.com\\\/noticias\\\/\",\"name\":\"Cuballama Noticias\",\"description\":\"Medio digital sobre Cuba y el mundo\",\"publisher\":{\"@id\":\"https:\\\/\\\/www.cuballama.com\\\/noticias\\\/#organization\"},\"potentialAction\":[{\"@type\":\"SearchAction\",\"target\":{\"@type\":\"EntryPoint\",\"urlTemplate\":\"https:\\\/\\\/www.cuballama.com\\\/noticias\\\/?s={search_term_string}\"},\"query-input\":{\"@type\":\"PropertyValueSpecification\",\"valueRequired\":true,\"valueName\":\"search_term_string\"}}],\"inLanguage\":\"es\"},{\"@type\":\"Organization\",\"@id\":\"https:\\\/\\\/www.cuballama.com\\\/noticias\\\/#organization\",\"name\":\"Cuballama\",\"url\":\"https:\\\/\\\/www.cuballama.com\\\/noticias\\\/\",\"logo\":{\"@type\":\"ImageObject\",\"inLanguage\":\"es\",\"@id\":\"https:\\\/\\\/www.cuballama.com\\\/noticias\\\/#\\\/schema\\\/logo\\\/image\\\/\",\"url\":\"https:\\\/\\\/cdn1.mediawpaccore.net\\\/wp-content\\\/uploads\\\/2021\\\/12\\\/28171206\\\/cbll-logo-color-sm.png\",\"contentUrl\":\"https:\\\/\\\/cdn1.mediawpaccore.net\\\/wp-content\\\/uploads\\\/2021\\\/12\\\/28171206\\\/cbll-logo-color-sm.png\",\"width\":600,\"height\":133,\"caption\":\"Cuballama\"},\"image\":{\"@id\":\"https:\\\/\\\/www.cuballama.com\\\/noticias\\\/#\\\/schema\\\/logo\\\/image\\\/\"},\"sameAs\":[\"https:\\\/\\\/www.facebook.com\\\/CubaLlama\",\"https:\\\/\\\/x.com\\\/cuballama\",\"https:\\\/\\\/www.instagram.com\\\/stories\\\/cuballama_oficial\\\/\",\"https:\\\/\\\/www.youtube.com\\\/channel\\\/UCKkFE-d_axENGZcrc4as0IA\"]},{\"@type\":\"Person\",\"@id\":\"https:\\\/\\\/www.cuballama.com\\\/noticias\\\/#\\\/schema\\\/person\\\/86cd3e3f4974437f031211213bf892d5\",\"name\":\"Kathy\",\"url\":\"https:\\\/\\\/www.cuballama.com\\\/noticias\\\/author\\\/kathy\\\/\"}]}<\/script>\n<!-- \/ Yoast SEO plugin. -->","yoast_head_json":{"title":"El d\u00eda en que Guillermo Francella conoci\u00f3 a Fidel Castro: \u201cUn hombre grandote\u201d - Cuballama Noticias","description":"El actor y comediante argentino Guillermo Francella ha recordado en varias ocasiones el d\u00eda de 2003 en que conoci\u00f3 a Fidel Castro.","robots":{"index":"index","follow":"follow","max-snippet":"max-snippet:-1","max-image-preview":"max-image-preview:large","max-video-preview":"max-video-preview:-1"},"canonical":"https:\/\/www.cuballama.com\/noticias\/el-dia-en-que-guillermo-francella-conocio-a-fidel-castro-un-hombre-grandote\/","og_locale":"es_ES","og_type":"article","og_title":"El d\u00eda en que Guillermo Francella conoci\u00f3 a Fidel Castro: \u201cUn hombre grandote\u201d - Cuballama Noticias","og_description":"El actor y comediante argentino Guillermo Francella ha recordado en varias ocasiones el d\u00eda de 2003 en que conoci\u00f3 a Fidel Castro.","og_url":"https:\/\/www.cuballama.com\/noticias\/el-dia-en-que-guillermo-francella-conocio-a-fidel-castro-un-hombre-grandote\/","og_site_name":"Cuballama Noticias","article_publisher":"https:\/\/www.facebook.com\/CubaLlama","article_published_time":"2026-01-23T18:59:00+00:00","article_modified_time":"2026-01-23T19:07:10+00:00","og_image":[{"width":1200,"height":630,"url":"https:\/\/cdn1.mediawpaccore.net\/wp-content\/uploads\/2026\/01\/23090700\/guillermo-francella-junto-a-fidel-castro-en-el-4YIJ7K4PBZA55GDNXXK2P4WNP4.jpg","type":"image\/jpeg"}],"author":"Kathy","twitter_card":"summary_large_image","twitter_creator":"@cuballama","twitter_site":"@cuballama","twitter_misc":{"Escrito por":"Kathy","Tiempo de lectura":"2 minutos"},"schema":{"@context":"https:\/\/schema.org","@graph":[{"@type":"Article","@id":"https:\/\/www.cuballama.com\/noticias\/el-dia-en-que-guillermo-francella-conocio-a-fidel-castro-un-hombre-grandote\/#article","isPartOf":{"@id":"https:\/\/www.cuballama.com\/noticias\/el-dia-en-que-guillermo-francella-conocio-a-fidel-castro-un-hombre-grandote\/"},"author":{"name":"Kathy","@id":"https:\/\/www.cuballama.com\/noticias\/#\/schema\/person\/86cd3e3f4974437f031211213bf892d5"},"headline":"El d\u00eda en que Guillermo Francella conoci\u00f3 a Fidel Castro: \u201cUn hombre grandote\u201d","datePublished":"2026-01-23T18:59:00+00:00","dateModified":"2026-01-23T19:07:10+00:00","mainEntityOfPage":{"@id":"https:\/\/www.cuballama.com\/noticias\/el-dia-en-que-guillermo-francella-conocio-a-fidel-castro-un-hombre-grandote\/"},"wordCount":499,"commentCount":0,"publisher":{"@id":"https:\/\/www.cuballama.com\/noticias\/#organization"},"image":{"@id":"https:\/\/www.cuballama.com\/noticias\/el-dia-en-que-guillermo-francella-conocio-a-fidel-castro-un-hombre-grandote\/#primaryimage"},"thumbnailUrl":"https:\/\/cdn1.mediawpaccore.net\/wp-content\/uploads\/2026\/01\/23090700\/guillermo-francella-junto-a-fidel-castro-en-el-4YIJ7K4PBZA55GDNXXK2P4WNP4.jpg","keywords":["destacado","Fidel Castro","Guillermo Francella"],"articleSection":["Far\u00e1ndula","Noticias"],"inLanguage":"es","potentialAction":[{"@type":"CommentAction","name":"Comment","target":["https:\/\/www.cuballama.com\/noticias\/el-dia-en-que-guillermo-francella-conocio-a-fidel-castro-un-hombre-grandote\/#respond"]}]},{"@type":"WebPage","@id":"https:\/\/www.cuballama.com\/noticias\/el-dia-en-que-guillermo-francella-conocio-a-fidel-castro-un-hombre-grandote\/","url":"https:\/\/www.cuballama.com\/noticias\/el-dia-en-que-guillermo-francella-conocio-a-fidel-castro-un-hombre-grandote\/","name":"El d\u00eda en que Guillermo Francella conoci\u00f3 a Fidel Castro: \u201cUn hombre grandote\u201d - Cuballama Noticias","isPartOf":{"@id":"https:\/\/www.cuballama.com\/noticias\/#website"},"primaryImageOfPage":{"@id":"https:\/\/www.cuballama.com\/noticias\/el-dia-en-que-guillermo-francella-conocio-a-fidel-castro-un-hombre-grandote\/#primaryimage"},"image":{"@id":"https:\/\/www.cuballama.com\/noticias\/el-dia-en-que-guillermo-francella-conocio-a-fidel-castro-un-hombre-grandote\/#primaryimage"},"thumbnailUrl":"https:\/\/cdn1.mediawpaccore.net\/wp-content\/uploads\/2026\/01\/23090700\/guillermo-francella-junto-a-fidel-castro-en-el-4YIJ7K4PBZA55GDNXXK2P4WNP4.jpg","datePublished":"2026-01-23T18:59:00+00:00","dateModified":"2026-01-23T19:07:10+00:00","description":"El actor y comediante argentino Guillermo Francella ha recordado en varias ocasiones el d\u00eda de 2003 en que conoci\u00f3 a Fidel Castro.","breadcrumb":{"@id":"https:\/\/www.cuballama.com\/noticias\/el-dia-en-que-guillermo-francella-conocio-a-fidel-castro-un-hombre-grandote\/#breadcrumb"},"inLanguage":"es","potentialAction":[{"@type":"ReadAction","target":["https:\/\/www.cuballama.com\/noticias\/el-dia-en-que-guillermo-francella-conocio-a-fidel-castro-un-hombre-grandote\/"]}]},{"@type":"ImageObject","inLanguage":"es","@id":"https:\/\/www.cuballama.com\/noticias\/el-dia-en-que-guillermo-francella-conocio-a-fidel-castro-un-hombre-grandote\/#primaryimage","url":"https:\/\/cdn1.mediawpaccore.net\/wp-content\/uploads\/2026\/01\/23090700\/guillermo-francella-junto-a-fidel-castro-en-el-4YIJ7K4PBZA55GDNXXK2P4WNP4.jpg","contentUrl":"https:\/\/cdn1.mediawpaccore.net\/wp-content\/uploads\/2026\/01\/23090700\/guillermo-francella-junto-a-fidel-castro-en-el-4YIJ7K4PBZA55GDNXXK2P4WNP4.jpg","width":1200,"height":630,"caption":"Guillermo Francella junto a Fidel Castro en el 2003. Foto: Captura de pantalla\/ YouTube\/La 100."},{"@type":"BreadcrumbList","@id":"https:\/\/www.cuballama.com\/noticias\/el-dia-en-que-guillermo-francella-conocio-a-fidel-castro-un-hombre-grandote\/#breadcrumb","itemListElement":[{"@type":"ListItem","position":1,"name":"Home","item":"https:\/\/www.cuballama.com\/noticias\/"},{"@type":"ListItem","position":2,"name":"El d\u00eda en que Guillermo Francella conoci\u00f3 a Fidel Castro: \u201cUn hombre grandote\u201d"}]},{"@type":"WebSite","@id":"https:\/\/www.cuballama.com\/noticias\/#website","url":"https:\/\/www.cuballama.com\/noticias\/","name":"Cuballama Noticias","description":"Medio digital sobre Cuba y el mundo","publisher":{"@id":"https:\/\/www.cuballama.com\/noticias\/#organization"},"potentialAction":[{"@type":"SearchAction","target":{"@type":"EntryPoint","urlTemplate":"https:\/\/www.cuballama.com\/noticias\/?s={search_term_string}"},"query-input":{"@type":"PropertyValueSpecification","valueRequired":true,"valueName":"search_term_string"}}],"inLanguage":"es"},{"@type":"Organization","@id":"https:\/\/www.cuballama.com\/noticias\/#organization","name":"Cuballama","url":"https:\/\/www.cuballama.com\/noticias\/","logo":{"@type":"ImageObject","inLanguage":"es","@id":"https:\/\/www.cuballama.com\/noticias\/#\/schema\/logo\/image\/","url":"https:\/\/cdn1.mediawpaccore.net\/wp-content\/uploads\/2021\/12\/28171206\/cbll-logo-color-sm.png","contentUrl":"https:\/\/cdn1.mediawpaccore.net\/wp-content\/uploads\/2021\/12\/28171206\/cbll-logo-color-sm.png","width":600,"height":133,"caption":"Cuballama"},"image":{"@id":"https:\/\/www.cuballama.com\/noticias\/#\/schema\/logo\/image\/"},"sameAs":["https:\/\/www.facebook.com\/CubaLlama","https:\/\/x.com\/cuballama","https:\/\/www.instagram.com\/stories\/cuballama_oficial\/","https:\/\/www.youtube.com\/channel\/UCKkFE-d_axENGZcrc4as0IA"]},{"@type":"Person","@id":"https:\/\/www.cuballama.com\/noticias\/#\/schema\/person\/86cd3e3f4974437f031211213bf892d5","name":"Kathy","url":"https:\/\/www.cuballama.com\/noticias\/author\/kathy\/"}]}},"_links":{"self":[{"href":"https:\/\/www.cuballama.com\/noticias\/wp-json\/wp\/v2\/posts\/233167","targetHints":{"allow":["GET"]}}],"collection":[{"href":"https:\/\/www.cuballama.com\/noticias\/wp-json\/wp\/v2\/posts"}],"about":[{"href":"https:\/\/www.cuballama.com\/noticias\/wp-json\/wp\/v2\/types\/post"}],"author":[{"embeddable":true,"href":"https:\/\/www.cuballama.com\/noticias\/wp-json\/wp\/v2\/users\/30"}],"replies":[{"embeddable":true,"href":"https:\/\/www.cuballama.com\/noticias\/wp-json\/wp\/v2\/comments?post=233167"}],"version-history":[{"count":4,"href":"https:\/\/www.cuballama.com\/noticias\/wp-json\/wp\/v2\/posts\/233167\/revisions"}],"predecessor-version":[{"id":233197,"href":"https:\/\/www.cuballama.com\/noticias\/wp-json\/wp\/v2\/posts\/233167\/revisions\/233197"}],"wp:featuredmedia":[{"embeddable":true,"href":"https:\/\/www.cuballama.com\/noticias\/wp-json\/wp\/v2\/media\/233173"}],"wp:attachment":[{"href":"https:\/\/www.cuballama.com\/noticias\/wp-json\/wp\/v2\/media?parent=233167"}],"wp:term":[{"taxonomy":"category","embeddable":true,"href":"https:\/\/www.cuballama.com\/noticias\/wp-json\/wp\/v2\/categories?post=233167"},{"taxonomy":"post_tag","embeddable":true,"href":"https:\/\/www.cuballama.com\/noticias\/wp-json\/wp\/v2\/tags?post=233167"}],"curies":[{"name":"wp","href":"https:\/\/api.w.org\/{rel}","templated":true}]}}