{"id":233166,"date":"2026-01-23T09:13:58","date_gmt":"2026-01-23T14:13:58","guid":{"rendered":"https:\/\/www.cuballama.com\/noticias\/?p=233166"},"modified":"2026-01-23T09:14:01","modified_gmt":"2026-01-23T14:14:01","slug":"rachel-la-dura-hallel-samantha-y-mas-el-blanco-es-el-color-del-ano-2026-y-las-cubanas-lo-saben","status":"publish","type":"post","link":"https:\/\/www.cuballama.com\/noticias\/rachel-la-dura-hallel-samantha-y-mas-el-blanco-es-el-color-del-ano-2026-y-las-cubanas-lo-saben\/","title":{"rendered":"Rachel, La Dura, Hallel, Samantha y m\u00e1s: \u00a1El blanco es el color del a\u00f1o 2026 y las cubanas lo saben!"},"content":{"rendered":"\n<p>El blanco dej\u00f3 de ser un simple comod\u00edn para convertirse en declaraci\u00f3n est\u00e9tica. Este 2026, Pantone eligi\u00f3 como Color del A\u00f1o al PANTONE 11-4201 Cloud Dancer, un blanco et\u00e9reo que conecta con una sensibilidad colectiva marcada por la pausa, la introspecci\u00f3n y la necesidad de calma. <\/p>\n\n\n\n<p>Seg\u00fan la marca, se trata de \u201cun blanco sublime que sirve como s\u00edmbolo de influencia calmante en una sociedad que redescubre el valor de la reflexi\u00f3n calmada\u201d, una tonalidad que \u201cfomenta la verdadera relajaci\u00f3n y la concentraci\u00f3n, permitiendo que la mente divague y la creatividad respire\u201d.<\/p>\n\n\n\n<p>Las influencers cubanas m\u00e1s seguidas del momento no tardaron en apropiarse, consciente o inconscientemente, de esta narrativa crom\u00e1tica y llevarla al terreno del lujo, el invierno y la sofisticaci\u00f3n visual. Desde paisajes nevados hasta producciones urbanas cuidadosamente estilizadas, el blanco ha sido el protagonista absoluto de sus recientes publicaciones en redes sociales.<\/p>\n\n\n\n<blockquote class=\"instagram-media\" data-instgrm-captioned data-instgrm-permalink=\"https:\/\/www.instagram.com\/reel\/DSFePysiI-w\/?utm_source=ig_embed&amp;utm_campaign=loading\" data-instgrm-version=\"14\" style=\" background:#FFF; border:0; border-radius:3px; box-shadow:0 0 1px 0 rgba(0,0,0,0.5),0 1px 10px 0 rgba(0,0,0,0.15); margin: 1px; max-width:540px; min-width:326px; padding:0; width:99.375%; width:-webkit-calc(100% - 2px); width:calc(100% - 2px);\"><div style=\"padding:16px;\"> <a href=\"https:\/\/www.instagram.com\/reel\/DSFePysiI-w\/?utm_source=ig_embed&amp;utm_campaign=loading\" style=\" background:#FFFFFF; line-height:0; padding:0 0; text-align:center; text-decoration:none; width:100%;\" target=\"_blank\"> <div style=\" display: flex; flex-direction: row; align-items: center;\"> <div style=\"background-color: #F4F4F4; border-radius: 50%; flex-grow: 0; height: 40px; margin-right: 14px; width: 40px;\"><\/div> <div style=\"display: flex; flex-direction: column; flex-grow: 1; justify-content: center;\"> <div style=\" background-color: #F4F4F4; border-radius: 4px; flex-grow: 0; height: 14px; margin-bottom: 6px; width: 100px;\"><\/div> <div style=\" background-color: #F4F4F4; border-radius: 4px; flex-grow: 0; height: 14px; width: 60px;\"><\/div><\/div><\/div><div style=\"padding: 19% 0;\"><\/div> <div style=\"display:block; height:50px; margin:0 auto 12px; width:50px;\"><svg width=\"50px\" height=\"50px\" viewBox=\"0 0 60 60\" version=\"1.1\" xmlns=\"https:\/\/www.w3.org\/2000\/svg\" xmlns:xlink=\"https:\/\/www.w3.org\/1999\/xlink\"><g stroke=\"none\" stroke-width=\"1\" fill=\"none\" fill-rule=\"evenodd\"><g transform=\"translate(-511.000000, -20.000000)\" fill=\"#000000\"><g><path d=\"M556.869,30.41 C554.814,30.41 553.148,32.076 553.148,34.131 C553.148,36.186 554.814,37.852 556.869,37.852 C558.924,37.852 560.59,36.186 560.59,34.131 C560.59,32.076 558.924,30.41 556.869,30.41 M541,60.657 C535.114,60.657 530.342,55.887 530.342,50 C530.342,44.114 535.114,39.342 541,39.342 C546.887,39.342 551.658,44.114 551.658,50 C551.658,55.887 546.887,60.657 541,60.657 M541,33.886 C532.1,33.886 524.886,41.1 524.886,50 C524.886,58.899 532.1,66.113 541,66.113 C549.9,66.113 557.115,58.899 557.115,50 C557.115,41.1 549.9,33.886 541,33.886 M565.378,62.101 C565.244,65.022 564.756,66.606 564.346,67.663 C563.803,69.06 563.154,70.057 562.106,71.106 C561.058,72.155 560.06,72.803 558.662,73.347 C557.607,73.757 556.021,74.244 553.102,74.378 C549.944,74.521 548.997,74.552 541,74.552 C533.003,74.552 532.056,74.521 528.898,74.378 C525.979,74.244 524.393,73.757 523.338,73.347 C521.94,72.803 520.942,72.155 519.894,71.106 C518.846,70.057 518.197,69.06 517.654,67.663 C517.244,66.606 516.755,65.022 516.623,62.101 C516.479,58.943 516.448,57.996 516.448,50 C516.448,42.003 516.479,41.056 516.623,37.899 C516.755,34.978 517.244,33.391 517.654,32.338 C518.197,30.938 518.846,29.942 519.894,28.894 C520.942,27.846 521.94,27.196 523.338,26.654 C524.393,26.244 525.979,25.756 528.898,25.623 C532.057,25.479 533.004,25.448 541,25.448 C548.997,25.448 549.943,25.479 553.102,25.623 C556.021,25.756 557.607,26.244 558.662,26.654 C560.06,27.196 561.058,27.846 562.106,28.894 C563.154,29.942 563.803,30.938 564.346,32.338 C564.756,33.391 565.244,34.978 565.378,37.899 C565.522,41.056 565.552,42.003 565.552,50 C565.552,57.996 565.522,58.943 565.378,62.101 M570.82,37.631 C570.674,34.438 570.167,32.258 569.425,30.349 C568.659,28.377 567.633,26.702 565.965,25.035 C564.297,23.368 562.623,22.342 560.652,21.575 C558.743,20.834 556.562,20.326 553.369,20.18 C550.169,20.033 549.148,20 541,20 C532.853,20 531.831,20.033 528.631,20.18 C525.438,20.326 523.257,20.834 521.349,21.575 C519.376,22.342 517.703,23.368 516.035,25.035 C514.368,26.702 513.342,28.377 512.574,30.349 C511.834,32.258 511.326,34.438 511.181,37.631 C511.035,40.831 511,41.851 511,50 C511,58.147 511.035,59.17 511.181,62.369 C511.326,65.562 511.834,67.743 512.574,69.651 C513.342,71.625 514.368,73.296 516.035,74.965 C517.703,76.634 519.376,77.658 521.349,78.425 C523.257,79.167 525.438,79.673 528.631,79.82 C531.831,79.965 532.853,80.001 541,80.001 C549.148,80.001 550.169,79.965 553.369,79.82 C556.562,79.673 558.743,79.167 560.652,78.425 C562.623,77.658 564.297,76.634 565.965,74.965 C567.633,73.296 568.659,71.625 569.425,69.651 C570.167,67.743 570.674,65.562 570.82,62.369 C570.966,59.17 571,58.147 571,50 C571,41.851 570.966,40.831 570.82,37.631\"><\/path><\/g><\/g><\/g><\/svg><\/div><div style=\"padding-top: 8px;\"> <div style=\" color:#3897f0; font-family:Arial,sans-serif; font-size:14px; font-style:normal; font-weight:550; line-height:18px;\">Ver esta publicaci\u00f3n en Instagram<\/div><\/div><div style=\"padding: 12.5% 0;\"><\/div> <div style=\"display: flex; flex-direction: row; margin-bottom: 14px; align-items: center;\"><div> <div style=\"background-color: #F4F4F4; border-radius: 50%; height: 12.5px; width: 12.5px; transform: translateX(0px) translateY(7px);\"><\/div> <div style=\"background-color: #F4F4F4; height: 12.5px; transform: rotate(-45deg) translateX(3px) translateY(1px); width: 12.5px; flex-grow: 0; margin-right: 14px; margin-left: 2px;\"><\/div> <div style=\"background-color: #F4F4F4; border-radius: 50%; height: 12.5px; width: 12.5px; transform: translateX(9px) translateY(-18px);\"><\/div><\/div><div style=\"margin-left: 8px;\"> <div style=\" background-color: #F4F4F4; border-radius: 50%; flex-grow: 0; height: 20px; width: 20px;\"><\/div> <div style=\" width: 0; height: 0; border-top: 2px solid transparent; border-left: 6px solid #f4f4f4; border-bottom: 2px solid transparent; transform: translateX(16px) translateY(-4px) rotate(30deg)\"><\/div><\/div><div style=\"margin-left: auto;\"> <div style=\" width: 0px; border-top: 8px solid #F4F4F4; border-right: 8px solid transparent; transform: translateY(16px);\"><\/div> <div style=\" background-color: #F4F4F4; flex-grow: 0; height: 12px; width: 16px; transform: translateY(-4px);\"><\/div> <div style=\" width: 0; height: 0; border-top: 8px solid #F4F4F4; border-left: 8px solid transparent; transform: translateY(-4px) translateX(8px);\"><\/div><\/div><\/div> <div style=\"display: flex; flex-direction: column; flex-grow: 1; justify-content: center; margin-bottom: 24px;\"> <div style=\" background-color: #F4F4F4; border-radius: 4px; flex-grow: 0; height: 14px; margin-bottom: 6px; width: 224px;\"><\/div> <div style=\" background-color: #F4F4F4; border-radius: 4px; flex-grow: 0; height: 14px; width: 144px;\"><\/div><\/div><\/a><p style=\" color:#c9c8cd; font-family:Arial,sans-serif; font-size:14px; line-height:17px; margin-bottom:0; margin-top:8px; overflow:hidden; padding:8px 0 7px; text-align:center; text-overflow:ellipsis; white-space:nowrap;\"><a href=\"https:\/\/www.instagram.com\/reel\/DSFePysiI-w\/?utm_source=ig_embed&amp;utm_campaign=loading\" style=\" color:#c9c8cd; font-family:Arial,sans-serif; font-size:14px; font-style:normal; font-weight:normal; line-height:17px; text-decoration:none;\" target=\"_blank\">Una publicaci\u00f3n compartida de Joybird (@joybird)<\/a><\/p><\/div><\/blockquote>\n<script async src=\"\/\/www.instagram.com\/embed.js\"><\/script>\n\n\n\n<p>Una de las im\u00e1genes m\u00e1s comentadas fue la de Rachel Arderi, esposa del reguetonero Bebeshito, quien comparti\u00f3 una serie de fotograf\u00edas desde un aut\u00e9ntico para\u00edso nevado. En ellas, Arderi apost\u00f3 por un body enterizo blanco que realzaba su silueta, combinado con botas de pelo y un abrigo del mismo material, todo en una paleta n\u00edvea impecable. Las orejeras de pelo blanco completaron un look monocrom\u00e1tico que dialoga perfectamente con la idea de Cloud Dancer como refugio visual y emocional.<\/p>\n\n\n\n<figure class=\"wp-block-image size-large\"><img loading=\"lazy\" decoding=\"async\" width=\"852\" height=\"1024\" src=\"https:\/\/cdn1.mediawpaccore.net\/wp-content\/uploads\/2026\/01\/23090820\/Rachel-Arderi-blanco-pantone-852x1024.png\" alt=\"\" class=\"wp-image-233175\" srcset=\"https:\/\/cdn1.mediawpaccore.net\/wp-content\/uploads\/2026\/01\/23090820\/Rachel-Arderi-blanco-pantone-852x1024.png 852w, https:\/\/cdn1.mediawpaccore.net\/wp-content\/uploads\/2026\/01\/23090820\/Rachel-Arderi-blanco-pantone-250x300.png 250w, https:\/\/cdn1.mediawpaccore.net\/wp-content\/uploads\/2026\/01\/23090820\/Rachel-Arderi-blanco-pantone-768x923.png 768w, https:\/\/cdn1.mediawpaccore.net\/wp-content\/uploads\/2026\/01\/23090820\/Rachel-Arderi-blanco-pantone-350x420.png 350w, https:\/\/cdn1.mediawpaccore.net\/wp-content\/uploads\/2026\/01\/23090820\/Rachel-Arderi-blanco-pantone-150x180.png 150w, https:\/\/cdn1.mediawpaccore.net\/wp-content\/uploads\/2026\/01\/23090820\/Rachel-Arderi-blanco-pantone-300x360.png 300w, https:\/\/cdn1.mediawpaccore.net\/wp-content\/uploads\/2026\/01\/23090820\/Rachel-Arderi-blanco-pantone-696x836.png 696w, https:\/\/cdn1.mediawpaccore.net\/wp-content\/uploads\/2026\/01\/23090820\/Rachel-Arderi-blanco-pantone.png 1062w\" sizes=\"auto, (max-width: 852px) 100vw, 852px\" \/><\/figure>\n\n\n\n<p>Por su parte, Samantha Espineira opt\u00f3 por una interpretaci\u00f3n m\u00e1s sobria y elegante del blanco. Un sombrero fedora de alas planas y una camisa de lino de mangas largas, ambos en blanco puro, demostraron c\u00f3mo este color puede transmitir autoridad, minimalismo y estilo sin necesidad de excesos. Su elecci\u00f3n refuerza la versatilidad que Pantone destaca en Cloud Dancer como \u201cmarco para el espectro crom\u00e1tico\u201d, capaz de adaptarse a m\u00faltiples identidades est\u00e9ticas.<\/p>\n\n\n\n<figure class=\"wp-block-image size-large\"><img loading=\"lazy\" decoding=\"async\" width=\"852\" height=\"1024\" src=\"https:\/\/cdn1.mediawpaccore.net\/wp-content\/uploads\/2026\/01\/23090516\/Samantha-Espineira-blanco-pantone-852x1024.png\" alt=\"\" class=\"wp-image-233172\" srcset=\"https:\/\/cdn1.mediawpaccore.net\/wp-content\/uploads\/2026\/01\/23090516\/Samantha-Espineira-blanco-pantone-852x1024.png 852w, https:\/\/cdn1.mediawpaccore.net\/wp-content\/uploads\/2026\/01\/23090516\/Samantha-Espineira-blanco-pantone-250x300.png 250w, https:\/\/cdn1.mediawpaccore.net\/wp-content\/uploads\/2026\/01\/23090516\/Samantha-Espineira-blanco-pantone-768x923.png 768w, https:\/\/cdn1.mediawpaccore.net\/wp-content\/uploads\/2026\/01\/23090516\/Samantha-Espineira-blanco-pantone-350x420.png 350w, https:\/\/cdn1.mediawpaccore.net\/wp-content\/uploads\/2026\/01\/23090516\/Samantha-Espineira-blanco-pantone-150x180.png 150w, https:\/\/cdn1.mediawpaccore.net\/wp-content\/uploads\/2026\/01\/23090516\/Samantha-Espineira-blanco-pantone-300x360.png 300w, https:\/\/cdn1.mediawpaccore.net\/wp-content\/uploads\/2026\/01\/23090516\/Samantha-Espineira-blanco-pantone-696x836.png 696w, https:\/\/cdn1.mediawpaccore.net\/wp-content\/uploads\/2026\/01\/23090516\/Samantha-Espineira-blanco-pantone.png 1062w\" sizes=\"auto, (max-width: 852px) 100vw, 852px\" \/><\/figure>\n\n\n\n<p>Y, hablando de Samantha, una de sus amigas m\u00e1s cercanas, Gloria Stephany, novia del cantante Angel Jes\u00fas Rodr\u00edguez, tambi\u00e9n se luci\u00f3 recientemente con un espectacular vestido de color perla con dise\u00f1o aireado, cuello cubierto y una reveladora apertura en la cintura.<\/p>\n\n\n\n<figure class=\"wp-block-image size-large\"><img loading=\"lazy\" decoding=\"async\" width=\"852\" height=\"1024\" src=\"https:\/\/cdn1.mediawpaccore.net\/wp-content\/uploads\/2026\/01\/23090754\/Captura-de-pantalla-2026-01-23-a-las-14.42.50-852x1024.png\" alt=\"\" class=\"wp-image-233174\" srcset=\"https:\/\/cdn1.mediawpaccore.net\/wp-content\/uploads\/2026\/01\/23090754\/Captura-de-pantalla-2026-01-23-a-las-14.42.50-852x1024.png 852w, https:\/\/cdn1.mediawpaccore.net\/wp-content\/uploads\/2026\/01\/23090754\/Captura-de-pantalla-2026-01-23-a-las-14.42.50-250x300.png 250w, https:\/\/cdn1.mediawpaccore.net\/wp-content\/uploads\/2026\/01\/23090754\/Captura-de-pantalla-2026-01-23-a-las-14.42.50-768x923.png 768w, https:\/\/cdn1.mediawpaccore.net\/wp-content\/uploads\/2026\/01\/23090754\/Captura-de-pantalla-2026-01-23-a-las-14.42.50-350x420.png 350w, https:\/\/cdn1.mediawpaccore.net\/wp-content\/uploads\/2026\/01\/23090754\/Captura-de-pantalla-2026-01-23-a-las-14.42.50-150x180.png 150w, https:\/\/cdn1.mediawpaccore.net\/wp-content\/uploads\/2026\/01\/23090754\/Captura-de-pantalla-2026-01-23-a-las-14.42.50-300x360.png 300w, https:\/\/cdn1.mediawpaccore.net\/wp-content\/uploads\/2026\/01\/23090754\/Captura-de-pantalla-2026-01-23-a-las-14.42.50-696x836.png 696w, https:\/\/cdn1.mediawpaccore.net\/wp-content\/uploads\/2026\/01\/23090754\/Captura-de-pantalla-2026-01-23-a-las-14.42.50.png 1062w\" sizes=\"auto, (max-width: 852px) 100vw, 852px\" \/><\/figure>\n\n\n\n<p>El blanco tambi\u00e9n se volvi\u00f3 sin\u00f3nimo de romanticismo y detalle en los looks de Diliamne Jouv\u00e9, exesposa del reguetonero Jacob Forever. Entre varios outfits en esta tonalidad, destac\u00f3 un corset r\u00edgido blanco combinado con una falda perlada, collar de perlas y aretes en forma de flores abiertas. Una propuesta delicada y estructurada a la vez, que encarna esa \u201cligereza\u201d de la que habla Pantone, sin renunciar al impacto visual.<\/p>\n\n\n\n<figure class=\"wp-block-image size-large\"><img loading=\"lazy\" decoding=\"async\" width=\"852\" height=\"1024\" src=\"https:\/\/cdn1.mediawpaccore.net\/wp-content\/uploads\/2026\/01\/23090444\/La-Dura-blanco-pantone-852x1024.png\" alt=\"\" class=\"wp-image-233171\" srcset=\"https:\/\/cdn1.mediawpaccore.net\/wp-content\/uploads\/2026\/01\/23090444\/La-Dura-blanco-pantone-852x1024.png 852w, https:\/\/cdn1.mediawpaccore.net\/wp-content\/uploads\/2026\/01\/23090444\/La-Dura-blanco-pantone-250x300.png 250w, https:\/\/cdn1.mediawpaccore.net\/wp-content\/uploads\/2026\/01\/23090444\/La-Dura-blanco-pantone-768x923.png 768w, https:\/\/cdn1.mediawpaccore.net\/wp-content\/uploads\/2026\/01\/23090444\/La-Dura-blanco-pantone-350x420.png 350w, https:\/\/cdn1.mediawpaccore.net\/wp-content\/uploads\/2026\/01\/23090444\/La-Dura-blanco-pantone-150x180.png 150w, https:\/\/cdn1.mediawpaccore.net\/wp-content\/uploads\/2026\/01\/23090444\/La-Dura-blanco-pantone-300x360.png 300w, https:\/\/cdn1.mediawpaccore.net\/wp-content\/uploads\/2026\/01\/23090444\/La-Dura-blanco-pantone-696x836.png 696w, https:\/\/cdn1.mediawpaccore.net\/wp-content\/uploads\/2026\/01\/23090444\/La-Dura-blanco-pantone.png 1062w\" sizes=\"auto, (max-width: 852px) 100vw, 852px\" \/><\/figure>\n\n\n\n<p>Desde Tennessee, la joven cantante y creadora de contenido Hallel G\u00e9nesis tambi\u00e9n se sum\u00f3 a la tendencia con un enterizo blanco, botas de pelo y un abrigo puff en el mismo tono. Su look, de inspiraci\u00f3n invernal y cozy, conecta con la idea del blanco como espacio seguro y creativo, ideal para una generaci\u00f3n que busca belleza sin estridencias.<\/p>\n\n\n\n<figure class=\"wp-block-image size-large\"><img loading=\"lazy\" decoding=\"async\" width=\"852\" height=\"1024\" src=\"https:\/\/cdn1.mediawpaccore.net\/wp-content\/uploads\/2026\/01\/23090428\/Hallel-Genesis-blanco-Pantone-852x1024.png\" alt=\"\" class=\"wp-image-233170\" srcset=\"https:\/\/cdn1.mediawpaccore.net\/wp-content\/uploads\/2026\/01\/23090428\/Hallel-Genesis-blanco-Pantone-852x1024.png 852w, https:\/\/cdn1.mediawpaccore.net\/wp-content\/uploads\/2026\/01\/23090428\/Hallel-Genesis-blanco-Pantone-250x300.png 250w, https:\/\/cdn1.mediawpaccore.net\/wp-content\/uploads\/2026\/01\/23090428\/Hallel-Genesis-blanco-Pantone-768x923.png 768w, https:\/\/cdn1.mediawpaccore.net\/wp-content\/uploads\/2026\/01\/23090428\/Hallel-Genesis-blanco-Pantone-350x420.png 350w, https:\/\/cdn1.mediawpaccore.net\/wp-content\/uploads\/2026\/01\/23090428\/Hallel-Genesis-blanco-Pantone-150x180.png 150w, https:\/\/cdn1.mediawpaccore.net\/wp-content\/uploads\/2026\/01\/23090428\/Hallel-Genesis-blanco-Pantone-300x360.png 300w, https:\/\/cdn1.mediawpaccore.net\/wp-content\/uploads\/2026\/01\/23090428\/Hallel-Genesis-blanco-Pantone-696x836.png 696w, https:\/\/cdn1.mediawpaccore.net\/wp-content\/uploads\/2026\/01\/23090428\/Hallel-Genesis-blanco-Pantone.png 1062w\" sizes=\"auto, (max-width: 852px) 100vw, 852px\" \/><\/figure>\n\n\n\n<p>Finalmente, la modelo Fabien de la Concepci\u00f3n, finalista de Nuestra Belleza Latina, llev\u00f3 el blanco a un terreno m\u00e1s provocador al promocionar el nuevo tema de su novio, el cantante Dale Pututi. Vestida \u00fanicamente con un enorme abrigo de pelo blanco, la modelo cre\u00f3 un potente contraste con su larga cabellera rubia, confirmando que Cloud Dancer tambi\u00e9n puede ser audaz y sensual.<\/p>\n\n\n\n<figure class=\"wp-block-image size-large\"><img loading=\"lazy\" decoding=\"async\" width=\"956\" height=\"1024\" src=\"https:\/\/cdn1.mediawpaccore.net\/wp-content\/uploads\/2026\/01\/23090413\/Fabien-Laurencio-de-la-Concepcion-Blanco-Pantone-956x1024.png\" alt=\"\" class=\"wp-image-233169\" srcset=\"https:\/\/cdn1.mediawpaccore.net\/wp-content\/uploads\/2026\/01\/23090413\/Fabien-Laurencio-de-la-Concepcion-Blanco-Pantone-956x1024.png 956w, https:\/\/cdn1.mediawpaccore.net\/wp-content\/uploads\/2026\/01\/23090413\/Fabien-Laurencio-de-la-Concepcion-Blanco-Pantone-280x300.png 280w, https:\/\/cdn1.mediawpaccore.net\/wp-content\/uploads\/2026\/01\/23090413\/Fabien-Laurencio-de-la-Concepcion-Blanco-Pantone-768x823.png 768w, https:\/\/cdn1.mediawpaccore.net\/wp-content\/uploads\/2026\/01\/23090413\/Fabien-Laurencio-de-la-Concepcion-Blanco-Pantone-392x420.png 392w, https:\/\/cdn1.mediawpaccore.net\/wp-content\/uploads\/2026\/01\/23090413\/Fabien-Laurencio-de-la-Concepcion-Blanco-Pantone-150x161.png 150w, https:\/\/cdn1.mediawpaccore.net\/wp-content\/uploads\/2026\/01\/23090413\/Fabien-Laurencio-de-la-Concepcion-Blanco-Pantone-300x321.png 300w, https:\/\/cdn1.mediawpaccore.net\/wp-content\/uploads\/2026\/01\/23090413\/Fabien-Laurencio-de-la-Concepcion-Blanco-Pantone-696x746.png 696w, https:\/\/cdn1.mediawpaccore.net\/wp-content\/uploads\/2026\/01\/23090413\/Fabien-Laurencio-de-la-Concepcion-Blanco-Pantone-1068x1144.png 1068w, https:\/\/cdn1.mediawpaccore.net\/wp-content\/uploads\/2026\/01\/23090413\/Fabien-Laurencio-de-la-Concepcion-Blanco-Pantone.png 1404w\" sizes=\"auto, (max-width: 956px) 100vw, 956px\" \/><\/figure>\n\n\n\n<p>As\u00ed, las influencers cubanas no solo siguen una tendencia global, sino que reinterpretan el blanco Cloud Dancer como s\u00edmbolo de lujo, calma y autoexpresi\u00f3n. En un mundo saturado de est\u00edmulos, este blanco ondulante se convierte en una pausa visual que, parad\u00f3jicamente, no pasa desapercibida.<\/p>\n","protected":false},"excerpt":{"rendered":"<p>Este 2026, Pantone eligi\u00f3 como Color del A\u00f1o al PANTONE 11-4201 Cloud Dancer, un blanco et\u00e9reo que conecta con una sensibilidad colectiva<\/p>\n","protected":false},"author":27,"featured_media":233176,"comment_status":"open","ping_status":"closed","sticky":false,"template":"","format":"standard","meta":{"_acf_changed":false,"footnotes":""},"categories":[443],"tags":[15378,23630,23349,15260,11445,7000,18816,16459],"class_list":{"0":"post-233166","1":"post","2":"type-post","3":"status-publish","4":"format-standard","5":"has-post-thumbnail","7":"category-farandula","8":"tag-fabien-laurencio-2","9":"tag-gloria-stephany","10":"tag-hallel-genesis","11":"tag-influencers-cubanas","12":"tag-la-dura","13":"tag-modelos-cubanas","14":"tag-rachel-arderi","15":"tag-samantha-espineira"},"acf":[],"yoast_head":"<!-- This site is optimized with the Yoast SEO plugin v27.4 - https:\/\/yoast.com\/product\/yoast-seo-wordpress\/ -->\n<title>Rachel, La Dura, Hallel, Samantha y m\u00e1s: \u00a1El blanco es el color del a\u00f1o 2026 y las cubanas lo saben! - Cuballama Noticias<\/title>\n<meta name=\"description\" content=\"Las influencers cubanas m\u00e1s seguidas del momento no tardaron en apropiarse, consciente o inconscientemente, de esta narrativa crom\u00e1tica\" \/>\n<meta name=\"robots\" content=\"index, follow, max-snippet:-1, max-image-preview:large, max-video-preview:-1\" \/>\n<link rel=\"canonical\" href=\"https:\/\/www.cuballama.com\/noticias\/rachel-la-dura-hallel-samantha-y-mas-el-blanco-es-el-color-del-ano-2026-y-las-cubanas-lo-saben\/\" \/>\n<meta property=\"og:locale\" content=\"es_ES\" \/>\n<meta property=\"og:type\" content=\"article\" \/>\n<meta property=\"og:title\" content=\"Rachel, La Dura, Hallel, Samantha y m\u00e1s: \u00a1El blanco es el color del a\u00f1o 2026 y las cubanas lo saben! - Cuballama Noticias\" \/>\n<meta property=\"og:description\" content=\"Las influencers cubanas m\u00e1s seguidas del momento no tardaron en apropiarse, consciente o inconscientemente, de esta narrativa crom\u00e1tica\" \/>\n<meta property=\"og:url\" content=\"https:\/\/www.cuballama.com\/noticias\/rachel-la-dura-hallel-samantha-y-mas-el-blanco-es-el-color-del-ano-2026-y-las-cubanas-lo-saben\/\" \/>\n<meta property=\"og:site_name\" content=\"Cuballama Noticias\" \/>\n<meta property=\"article:publisher\" content=\"https:\/\/www.facebook.com\/CubaLlama\" \/>\n<meta property=\"article:published_time\" content=\"2026-01-23T14:13:58+00:00\" \/>\n<meta property=\"article:modified_time\" content=\"2026-01-23T14:14:01+00:00\" \/>\n<meta property=\"og:image\" content=\"https:\/\/cdn1.mediawpaccore.net\/wp-content\/uploads\/2026\/01\/23091215\/WhatsApp-Image-2026-01-23-at-15.10.51.jpeg\" \/>\n\t<meta property=\"og:image:width\" content=\"1886\" \/>\n\t<meta property=\"og:image:height\" content=\"1321\" \/>\n\t<meta property=\"og:image:type\" content=\"image\/jpeg\" \/>\n<meta name=\"author\" content=\"Rafa\" \/>\n<meta name=\"twitter:card\" content=\"summary_large_image\" \/>\n<meta name=\"twitter:creator\" content=\"@cuballama\" \/>\n<meta name=\"twitter:site\" content=\"@cuballama\" \/>\n<meta name=\"twitter:label1\" content=\"Escrito por\" \/>\n\t<meta name=\"twitter:data1\" content=\"Rafa\" \/>\n\t<meta name=\"twitter:label2\" content=\"Tiempo de lectura\" \/>\n\t<meta name=\"twitter:data2\" content=\"5 minutos\" \/>\n<script type=\"application\/ld+json\" class=\"yoast-schema-graph\">{\"@context\":\"https:\\\/\\\/schema.org\",\"@graph\":[{\"@type\":\"Article\",\"@id\":\"https:\\\/\\\/www.cuballama.com\\\/noticias\\\/rachel-la-dura-hallel-samantha-y-mas-el-blanco-es-el-color-del-ano-2026-y-las-cubanas-lo-saben\\\/#article\",\"isPartOf\":{\"@id\":\"https:\\\/\\\/www.cuballama.com\\\/noticias\\\/rachel-la-dura-hallel-samantha-y-mas-el-blanco-es-el-color-del-ano-2026-y-las-cubanas-lo-saben\\\/\"},\"author\":{\"name\":\"Rafa\",\"@id\":\"https:\\\/\\\/www.cuballama.com\\\/noticias\\\/#\\\/schema\\\/person\\\/0f97914526a658755f00e59ec2a832f2\"},\"headline\":\"Rachel, La Dura, Hallel, Samantha y m\u00e1s: \u00a1El blanco es el color del a\u00f1o 2026 y las cubanas lo saben!\",\"datePublished\":\"2026-01-23T14:13:58+00:00\",\"dateModified\":\"2026-01-23T14:14:01+00:00\",\"mainEntityOfPage\":{\"@id\":\"https:\\\/\\\/www.cuballama.com\\\/noticias\\\/rachel-la-dura-hallel-samantha-y-mas-el-blanco-es-el-color-del-ano-2026-y-las-cubanas-lo-saben\\\/\"},\"wordCount\":649,\"commentCount\":0,\"publisher\":{\"@id\":\"https:\\\/\\\/www.cuballama.com\\\/noticias\\\/#organization\"},\"image\":{\"@id\":\"https:\\\/\\\/www.cuballama.com\\\/noticias\\\/rachel-la-dura-hallel-samantha-y-mas-el-blanco-es-el-color-del-ano-2026-y-las-cubanas-lo-saben\\\/#primaryimage\"},\"thumbnailUrl\":\"https:\\\/\\\/cdn1.mediawpaccore.net\\\/wp-content\\\/uploads\\\/2026\\\/01\\\/23091215\\\/WhatsApp-Image-2026-01-23-at-15.10.51.jpeg\",\"keywords\":[\"Fabien Laurencio\",\"Gloria Stephany\",\"Hallel G\u00e9nesis\",\"influencers cubanas\",\"La Dura\",\"Modelos cubanas\",\"Rachel Arderi\",\"Samantha Espineira\"],\"articleSection\":[\"Far\u00e1ndula\"],\"inLanguage\":\"es\",\"potentialAction\":[{\"@type\":\"CommentAction\",\"name\":\"Comment\",\"target\":[\"https:\\\/\\\/www.cuballama.com\\\/noticias\\\/rachel-la-dura-hallel-samantha-y-mas-el-blanco-es-el-color-del-ano-2026-y-las-cubanas-lo-saben\\\/#respond\"]}]},{\"@type\":\"WebPage\",\"@id\":\"https:\\\/\\\/www.cuballama.com\\\/noticias\\\/rachel-la-dura-hallel-samantha-y-mas-el-blanco-es-el-color-del-ano-2026-y-las-cubanas-lo-saben\\\/\",\"url\":\"https:\\\/\\\/www.cuballama.com\\\/noticias\\\/rachel-la-dura-hallel-samantha-y-mas-el-blanco-es-el-color-del-ano-2026-y-las-cubanas-lo-saben\\\/\",\"name\":\"Rachel, La Dura, Hallel, Samantha y m\u00e1s: \u00a1El blanco es el color del a\u00f1o 2026 y las cubanas lo saben! - Cuballama Noticias\",\"isPartOf\":{\"@id\":\"https:\\\/\\\/www.cuballama.com\\\/noticias\\\/#website\"},\"primaryImageOfPage\":{\"@id\":\"https:\\\/\\\/www.cuballama.com\\\/noticias\\\/rachel-la-dura-hallel-samantha-y-mas-el-blanco-es-el-color-del-ano-2026-y-las-cubanas-lo-saben\\\/#primaryimage\"},\"image\":{\"@id\":\"https:\\\/\\\/www.cuballama.com\\\/noticias\\\/rachel-la-dura-hallel-samantha-y-mas-el-blanco-es-el-color-del-ano-2026-y-las-cubanas-lo-saben\\\/#primaryimage\"},\"thumbnailUrl\":\"https:\\\/\\\/cdn1.mediawpaccore.net\\\/wp-content\\\/uploads\\\/2026\\\/01\\\/23091215\\\/WhatsApp-Image-2026-01-23-at-15.10.51.jpeg\",\"datePublished\":\"2026-01-23T14:13:58+00:00\",\"dateModified\":\"2026-01-23T14:14:01+00:00\",\"description\":\"Las influencers cubanas m\u00e1s seguidas del momento no tardaron en apropiarse, consciente o inconscientemente, de esta narrativa crom\u00e1tica\",\"breadcrumb\":{\"@id\":\"https:\\\/\\\/www.cuballama.com\\\/noticias\\\/rachel-la-dura-hallel-samantha-y-mas-el-blanco-es-el-color-del-ano-2026-y-las-cubanas-lo-saben\\\/#breadcrumb\"},\"inLanguage\":\"es\",\"potentialAction\":[{\"@type\":\"ReadAction\",\"target\":[\"https:\\\/\\\/www.cuballama.com\\\/noticias\\\/rachel-la-dura-hallel-samantha-y-mas-el-blanco-es-el-color-del-ano-2026-y-las-cubanas-lo-saben\\\/\"]}]},{\"@type\":\"ImageObject\",\"inLanguage\":\"es\",\"@id\":\"https:\\\/\\\/www.cuballama.com\\\/noticias\\\/rachel-la-dura-hallel-samantha-y-mas-el-blanco-es-el-color-del-ano-2026-y-las-cubanas-lo-saben\\\/#primaryimage\",\"url\":\"https:\\\/\\\/cdn1.mediawpaccore.net\\\/wp-content\\\/uploads\\\/2026\\\/01\\\/23091215\\\/WhatsApp-Image-2026-01-23-at-15.10.51.jpeg\",\"contentUrl\":\"https:\\\/\\\/cdn1.mediawpaccore.net\\\/wp-content\\\/uploads\\\/2026\\\/01\\\/23091215\\\/WhatsApp-Image-2026-01-23-at-15.10.51.jpeg\",\"width\":1886,\"height\":1321,\"caption\":\"Foto: Instagram\"},{\"@type\":\"BreadcrumbList\",\"@id\":\"https:\\\/\\\/www.cuballama.com\\\/noticias\\\/rachel-la-dura-hallel-samantha-y-mas-el-blanco-es-el-color-del-ano-2026-y-las-cubanas-lo-saben\\\/#breadcrumb\",\"itemListElement\":[{\"@type\":\"ListItem\",\"position\":1,\"name\":\"Home\",\"item\":\"https:\\\/\\\/www.cuballama.com\\\/noticias\\\/\"},{\"@type\":\"ListItem\",\"position\":2,\"name\":\"Rachel, La Dura, Hallel, Samantha y m\u00e1s: \u00a1El blanco es el color del a\u00f1o 2026 y las cubanas lo saben!\"}]},{\"@type\":\"WebSite\",\"@id\":\"https:\\\/\\\/www.cuballama.com\\\/noticias\\\/#website\",\"url\":\"https:\\\/\\\/www.cuballama.com\\\/noticias\\\/\",\"name\":\"Cuballama Noticias\",\"description\":\"Medio digital sobre Cuba y el mundo\",\"publisher\":{\"@id\":\"https:\\\/\\\/www.cuballama.com\\\/noticias\\\/#organization\"},\"potentialAction\":[{\"@type\":\"SearchAction\",\"target\":{\"@type\":\"EntryPoint\",\"urlTemplate\":\"https:\\\/\\\/www.cuballama.com\\\/noticias\\\/?s={search_term_string}\"},\"query-input\":{\"@type\":\"PropertyValueSpecification\",\"valueRequired\":true,\"valueName\":\"search_term_string\"}}],\"inLanguage\":\"es\"},{\"@type\":\"Organization\",\"@id\":\"https:\\\/\\\/www.cuballama.com\\\/noticias\\\/#organization\",\"name\":\"Cuballama\",\"url\":\"https:\\\/\\\/www.cuballama.com\\\/noticias\\\/\",\"logo\":{\"@type\":\"ImageObject\",\"inLanguage\":\"es\",\"@id\":\"https:\\\/\\\/www.cuballama.com\\\/noticias\\\/#\\\/schema\\\/logo\\\/image\\\/\",\"url\":\"https:\\\/\\\/cdn1.mediawpaccore.net\\\/wp-content\\\/uploads\\\/2021\\\/12\\\/28171206\\\/cbll-logo-color-sm.png\",\"contentUrl\":\"https:\\\/\\\/cdn1.mediawpaccore.net\\\/wp-content\\\/uploads\\\/2021\\\/12\\\/28171206\\\/cbll-logo-color-sm.png\",\"width\":600,\"height\":133,\"caption\":\"Cuballama\"},\"image\":{\"@id\":\"https:\\\/\\\/www.cuballama.com\\\/noticias\\\/#\\\/schema\\\/logo\\\/image\\\/\"},\"sameAs\":[\"https:\\\/\\\/www.facebook.com\\\/CubaLlama\",\"https:\\\/\\\/x.com\\\/cuballama\",\"https:\\\/\\\/www.instagram.com\\\/stories\\\/cuballama_oficial\\\/\",\"https:\\\/\\\/www.youtube.com\\\/channel\\\/UCKkFE-d_axENGZcrc4as0IA\"]},{\"@type\":\"Person\",\"@id\":\"https:\\\/\\\/www.cuballama.com\\\/noticias\\\/#\\\/schema\\\/person\\\/0f97914526a658755f00e59ec2a832f2\",\"name\":\"Rafa\",\"url\":\"https:\\\/\\\/www.cuballama.com\\\/noticias\\\/author\\\/rafa\\\/\"}]}<\/script>\n<!-- \/ Yoast SEO plugin. -->","yoast_head_json":{"title":"Rachel, La Dura, Hallel, Samantha y m\u00e1s: \u00a1El blanco es el color del a\u00f1o 2026 y las cubanas lo saben! - Cuballama Noticias","description":"Las influencers cubanas m\u00e1s seguidas del momento no tardaron en apropiarse, consciente o inconscientemente, de esta narrativa crom\u00e1tica","robots":{"index":"index","follow":"follow","max-snippet":"max-snippet:-1","max-image-preview":"max-image-preview:large","max-video-preview":"max-video-preview:-1"},"canonical":"https:\/\/www.cuballama.com\/noticias\/rachel-la-dura-hallel-samantha-y-mas-el-blanco-es-el-color-del-ano-2026-y-las-cubanas-lo-saben\/","og_locale":"es_ES","og_type":"article","og_title":"Rachel, La Dura, Hallel, Samantha y m\u00e1s: \u00a1El blanco es el color del a\u00f1o 2026 y las cubanas lo saben! - Cuballama Noticias","og_description":"Las influencers cubanas m\u00e1s seguidas del momento no tardaron en apropiarse, consciente o inconscientemente, de esta narrativa crom\u00e1tica","og_url":"https:\/\/www.cuballama.com\/noticias\/rachel-la-dura-hallel-samantha-y-mas-el-blanco-es-el-color-del-ano-2026-y-las-cubanas-lo-saben\/","og_site_name":"Cuballama Noticias","article_publisher":"https:\/\/www.facebook.com\/CubaLlama","article_published_time":"2026-01-23T14:13:58+00:00","article_modified_time":"2026-01-23T14:14:01+00:00","og_image":[{"width":1886,"height":1321,"url":"https:\/\/cdn1.mediawpaccore.net\/wp-content\/uploads\/2026\/01\/23091215\/WhatsApp-Image-2026-01-23-at-15.10.51.jpeg","type":"image\/jpeg"}],"author":"Rafa","twitter_card":"summary_large_image","twitter_creator":"@cuballama","twitter_site":"@cuballama","twitter_misc":{"Escrito por":"Rafa","Tiempo de lectura":"5 minutos"},"schema":{"@context":"https:\/\/schema.org","@graph":[{"@type":"Article","@id":"https:\/\/www.cuballama.com\/noticias\/rachel-la-dura-hallel-samantha-y-mas-el-blanco-es-el-color-del-ano-2026-y-las-cubanas-lo-saben\/#article","isPartOf":{"@id":"https:\/\/www.cuballama.com\/noticias\/rachel-la-dura-hallel-samantha-y-mas-el-blanco-es-el-color-del-ano-2026-y-las-cubanas-lo-saben\/"},"author":{"name":"Rafa","@id":"https:\/\/www.cuballama.com\/noticias\/#\/schema\/person\/0f97914526a658755f00e59ec2a832f2"},"headline":"Rachel, La Dura, Hallel, Samantha y m\u00e1s: \u00a1El blanco es el color del a\u00f1o 2026 y las cubanas lo saben!","datePublished":"2026-01-23T14:13:58+00:00","dateModified":"2026-01-23T14:14:01+00:00","mainEntityOfPage":{"@id":"https:\/\/www.cuballama.com\/noticias\/rachel-la-dura-hallel-samantha-y-mas-el-blanco-es-el-color-del-ano-2026-y-las-cubanas-lo-saben\/"},"wordCount":649,"commentCount":0,"publisher":{"@id":"https:\/\/www.cuballama.com\/noticias\/#organization"},"image":{"@id":"https:\/\/www.cuballama.com\/noticias\/rachel-la-dura-hallel-samantha-y-mas-el-blanco-es-el-color-del-ano-2026-y-las-cubanas-lo-saben\/#primaryimage"},"thumbnailUrl":"https:\/\/cdn1.mediawpaccore.net\/wp-content\/uploads\/2026\/01\/23091215\/WhatsApp-Image-2026-01-23-at-15.10.51.jpeg","keywords":["Fabien Laurencio","Gloria Stephany","Hallel G\u00e9nesis","influencers cubanas","La Dura","Modelos cubanas","Rachel Arderi","Samantha Espineira"],"articleSection":["Far\u00e1ndula"],"inLanguage":"es","potentialAction":[{"@type":"CommentAction","name":"Comment","target":["https:\/\/www.cuballama.com\/noticias\/rachel-la-dura-hallel-samantha-y-mas-el-blanco-es-el-color-del-ano-2026-y-las-cubanas-lo-saben\/#respond"]}]},{"@type":"WebPage","@id":"https:\/\/www.cuballama.com\/noticias\/rachel-la-dura-hallel-samantha-y-mas-el-blanco-es-el-color-del-ano-2026-y-las-cubanas-lo-saben\/","url":"https:\/\/www.cuballama.com\/noticias\/rachel-la-dura-hallel-samantha-y-mas-el-blanco-es-el-color-del-ano-2026-y-las-cubanas-lo-saben\/","name":"Rachel, La Dura, Hallel, Samantha y m\u00e1s: \u00a1El blanco es el color del a\u00f1o 2026 y las cubanas lo saben! - Cuballama Noticias","isPartOf":{"@id":"https:\/\/www.cuballama.com\/noticias\/#website"},"primaryImageOfPage":{"@id":"https:\/\/www.cuballama.com\/noticias\/rachel-la-dura-hallel-samantha-y-mas-el-blanco-es-el-color-del-ano-2026-y-las-cubanas-lo-saben\/#primaryimage"},"image":{"@id":"https:\/\/www.cuballama.com\/noticias\/rachel-la-dura-hallel-samantha-y-mas-el-blanco-es-el-color-del-ano-2026-y-las-cubanas-lo-saben\/#primaryimage"},"thumbnailUrl":"https:\/\/cdn1.mediawpaccore.net\/wp-content\/uploads\/2026\/01\/23091215\/WhatsApp-Image-2026-01-23-at-15.10.51.jpeg","datePublished":"2026-01-23T14:13:58+00:00","dateModified":"2026-01-23T14:14:01+00:00","description":"Las influencers cubanas m\u00e1s seguidas del momento no tardaron en apropiarse, consciente o inconscientemente, de esta narrativa crom\u00e1tica","breadcrumb":{"@id":"https:\/\/www.cuballama.com\/noticias\/rachel-la-dura-hallel-samantha-y-mas-el-blanco-es-el-color-del-ano-2026-y-las-cubanas-lo-saben\/#breadcrumb"},"inLanguage":"es","potentialAction":[{"@type":"ReadAction","target":["https:\/\/www.cuballama.com\/noticias\/rachel-la-dura-hallel-samantha-y-mas-el-blanco-es-el-color-del-ano-2026-y-las-cubanas-lo-saben\/"]}]},{"@type":"ImageObject","inLanguage":"es","@id":"https:\/\/www.cuballama.com\/noticias\/rachel-la-dura-hallel-samantha-y-mas-el-blanco-es-el-color-del-ano-2026-y-las-cubanas-lo-saben\/#primaryimage","url":"https:\/\/cdn1.mediawpaccore.net\/wp-content\/uploads\/2026\/01\/23091215\/WhatsApp-Image-2026-01-23-at-15.10.51.jpeg","contentUrl":"https:\/\/cdn1.mediawpaccore.net\/wp-content\/uploads\/2026\/01\/23091215\/WhatsApp-Image-2026-01-23-at-15.10.51.jpeg","width":1886,"height":1321,"caption":"Foto: Instagram"},{"@type":"BreadcrumbList","@id":"https:\/\/www.cuballama.com\/noticias\/rachel-la-dura-hallel-samantha-y-mas-el-blanco-es-el-color-del-ano-2026-y-las-cubanas-lo-saben\/#breadcrumb","itemListElement":[{"@type":"ListItem","position":1,"name":"Home","item":"https:\/\/www.cuballama.com\/noticias\/"},{"@type":"ListItem","position":2,"name":"Rachel, La Dura, Hallel, Samantha y m\u00e1s: \u00a1El blanco es el color del a\u00f1o 2026 y las cubanas lo saben!"}]},{"@type":"WebSite","@id":"https:\/\/www.cuballama.com\/noticias\/#website","url":"https:\/\/www.cuballama.com\/noticias\/","name":"Cuballama Noticias","description":"Medio digital sobre Cuba y el mundo","publisher":{"@id":"https:\/\/www.cuballama.com\/noticias\/#organization"},"potentialAction":[{"@type":"SearchAction","target":{"@type":"EntryPoint","urlTemplate":"https:\/\/www.cuballama.com\/noticias\/?s={search_term_string}"},"query-input":{"@type":"PropertyValueSpecification","valueRequired":true,"valueName":"search_term_string"}}],"inLanguage":"es"},{"@type":"Organization","@id":"https:\/\/www.cuballama.com\/noticias\/#organization","name":"Cuballama","url":"https:\/\/www.cuballama.com\/noticias\/","logo":{"@type":"ImageObject","inLanguage":"es","@id":"https:\/\/www.cuballama.com\/noticias\/#\/schema\/logo\/image\/","url":"https:\/\/cdn1.mediawpaccore.net\/wp-content\/uploads\/2021\/12\/28171206\/cbll-logo-color-sm.png","contentUrl":"https:\/\/cdn1.mediawpaccore.net\/wp-content\/uploads\/2021\/12\/28171206\/cbll-logo-color-sm.png","width":600,"height":133,"caption":"Cuballama"},"image":{"@id":"https:\/\/www.cuballama.com\/noticias\/#\/schema\/logo\/image\/"},"sameAs":["https:\/\/www.facebook.com\/CubaLlama","https:\/\/x.com\/cuballama","https:\/\/www.instagram.com\/stories\/cuballama_oficial\/","https:\/\/www.youtube.com\/channel\/UCKkFE-d_axENGZcrc4as0IA"]},{"@type":"Person","@id":"https:\/\/www.cuballama.com\/noticias\/#\/schema\/person\/0f97914526a658755f00e59ec2a832f2","name":"Rafa","url":"https:\/\/www.cuballama.com\/noticias\/author\/rafa\/"}]}},"_links":{"self":[{"href":"https:\/\/www.cuballama.com\/noticias\/wp-json\/wp\/v2\/posts\/233166","targetHints":{"allow":["GET"]}}],"collection":[{"href":"https:\/\/www.cuballama.com\/noticias\/wp-json\/wp\/v2\/posts"}],"about":[{"href":"https:\/\/www.cuballama.com\/noticias\/wp-json\/wp\/v2\/types\/post"}],"author":[{"embeddable":true,"href":"https:\/\/www.cuballama.com\/noticias\/wp-json\/wp\/v2\/users\/27"}],"replies":[{"embeddable":true,"href":"https:\/\/www.cuballama.com\/noticias\/wp-json\/wp\/v2\/comments?post=233166"}],"version-history":[{"count":1,"href":"https:\/\/www.cuballama.com\/noticias\/wp-json\/wp\/v2\/posts\/233166\/revisions"}],"predecessor-version":[{"id":233177,"href":"https:\/\/www.cuballama.com\/noticias\/wp-json\/wp\/v2\/posts\/233166\/revisions\/233177"}],"wp:featuredmedia":[{"embeddable":true,"href":"https:\/\/www.cuballama.com\/noticias\/wp-json\/wp\/v2\/media\/233176"}],"wp:attachment":[{"href":"https:\/\/www.cuballama.com\/noticias\/wp-json\/wp\/v2\/media?parent=233166"}],"wp:term":[{"taxonomy":"category","embeddable":true,"href":"https:\/\/www.cuballama.com\/noticias\/wp-json\/wp\/v2\/categories?post=233166"},{"taxonomy":"post_tag","embeddable":true,"href":"https:\/\/www.cuballama.com\/noticias\/wp-json\/wp\/v2\/tags?post=233166"}],"curies":[{"name":"wp","href":"https:\/\/api.w.org\/{rel}","templated":true}]}}