{"id":233152,"date":"2026-01-25T08:04:10","date_gmt":"2026-01-25T13:04:10","guid":{"rendered":"https:\/\/www.cuballama.com\/noticias\/?p=233152"},"modified":"2026-01-25T08:04:14","modified_gmt":"2026-01-25T13:04:14","slug":"juez-ordena-deportar-a-ecuador-al-segundo-trabajador-cubano-del-hospital-universitario-de-syracuse","status":"publish","type":"post","link":"https:\/\/www.cuballama.com\/noticias\/juez-ordena-deportar-a-ecuador-al-segundo-trabajador-cubano-del-hospital-universitario-de-syracuse\/","title":{"rendered":"Juez ordena deportar a Ecuador al segundo trabajador cubano del hospital universitario de Syracuse"},"content":{"rendered":"\n<p>Un juez de inmigraci\u00f3n <a href=\"https:\/\/www.syracuse.com\/news\/2026\/01\/immigration-judge-orders-second-upstate-hospital-worker-from-cuba-be-deported-to-ecuador.html\" target=\"_blank\" rel=\"noreferrer noopener nofollow\">orden\u00f3 la deportaci\u00f3n a Ecuador de <strong>Yannier V\u00e1zquez Hidalgo<\/strong><\/a>, el segundo de los dos trabajadores cubanos del hospital universitario <strong>SUNY Upstate Medical University<\/strong> detenidos por ICE en octubre, pese a que nunca ha vivido en ese pa\u00eds ni tiene v\u00ednculos familiares all\u00ed. El fallo, emitido en una corte migratoria de Batavia, se suma a la decisi\u00f3n previa contra su esposo, <strong>Alcibiades \u201cAlex\u201d L\u00e1zaro Ram\u00edrez Gonz\u00e1lez<\/strong>, y consolida un giro legal que ha generado protestas en Syracuse y cuestionamientos sobre el uso de terceros pa\u00edses como destino forzoso para solicitantes de asilo.<\/p>\n\n\n\n<p>Los dos trabajadores cubanos del hospital universitario SUNY Upstate Medical University,  hab\u00edan sido detenidos por ICE tras presentarse a una cita migratoria rutinaria en Mattydale; y el desconcierto entre amigos, familiares y personal del hospital no solo est\u00e1 relacionado con el hecho de que son excelentes personas, trabajadores y con un r\u00e9cord limpio, sino que hayan recibido \u00f3rdenes de deportaci\u00f3n hacia Ecuador, un \u201ctercer pa\u00eds\u201d con el que aseguran no tener v\u00ednculos familiares ni historial de residencia. No hacia Cuba.<\/p>\n\n\n\n<p>La decisi\u00f3n m\u00e1s reciente se conoci\u00f3 el 22 de enero de 2026, cuando un juez de inmigraci\u00f3n determin\u00f3 que Yannier V\u00e1zquez Hidalgo deb\u00eda ser deportado a Ecuador para continuar all\u00ed su reclamo de asilo, pese a que es ciudadano cubano y nunca ha vivido en ese pa\u00eds. El caso llega una semana despu\u00e9s de un fallo similar contra su esposo, Alcibiades \u201cAlex\u201d L\u00e1zaro Ram\u00edrez Gonz\u00e1lez, tambi\u00e9n trabajador del mismo hospital. En ambos expedientes, el elemento que ha generado mayor pol\u00e9mica es el uso de un mecanismo de traslado a un tercer pa\u00eds basado en un acuerdo reciente entre Estados Unidos y Ecuador para recibir solicitantes de asilo enviados desde otras naciones.<\/p>\n\n\n\n<p>Syracuse.com y <a href=\"https:\/\/spectrumlocalnews.com\/nys\/central-ny\/news\/2026\/01\/15\/they-were-just-taken---family-members-devastated-by-decision-to-deport-upstate-hospital-staffer-to-ecuador-?utm_source=chatgpt.com\">Spectrum News<\/a> describieron que las audiencias se han desarrollado en el circuito de Batavia, donde los abogados de la pareja han intentado frenar una deportaci\u00f3n que, adem\u00e1s de separarlos de su comunidad, los coloca en un pa\u00eds ajeno y con un contexto de violencia e inseguridad que, seg\u00fan la defensa, agrava el riesgo. En la cobertura citada por esos medios, la abogada Irma Ram\u00edrez argument\u00f3 que el acuerdo con Ecuador no deber\u00eda aplicarse de forma retroactiva, y que el nivel de amenaza en ese destino no puede descartarse con generalidades, especialmente cuando los dos hombres alegan persecuci\u00f3n por orientaci\u00f3n sexual.<\/p>\n\n\n\n<p>Aunque Ecuador convive con un marco legal relativamente avanzado para la regi\u00f3n y en t\u00e9rminos normativos, <a href=\"https:\/\/www.constituteproject.org\/constitution\/Ecuador_2021\" target=\"_blank\" rel=\"noreferrer noopener nofollow\">la Constituci\u00f3n ecuatoriana proh\u00edbe la discriminaci\u00f3n por orientaci\u00f3n sexual y por identidad de g\u00e9nero<\/a>, entre otras categor\u00edas, y ese principio est\u00e1 expl\u00edcito en el texto constitucional, existe la homofobia.<\/p>\n\n\n\n<p>En el 2019 la Corte Constitucional abri\u00f3 la puerta al matrimonio igualitario y desde entonces <a href=\"https:\/\/www.france24.com\/en\/20190613-ecuador-highest-court-approves-same-sex-marriage\" target=\"_blank\" rel=\"noreferrer noopener nofollow\">el matrimonio entre personas del mismo sexo es legal en el pa\u00eds<\/a>; pero una cosa es lo que reconoce la ley y otra lo que ocurre en la calle, en el trabajo, en la familia o frente a una comisar\u00eda. <\/p>\n\n\n\n<p>En informes internacionales recientes, Ecuador aparece con problemas persistentes de violencia y discriminaci\u00f3n contra personas LGBTI. <a href=\"https:\/\/www.state.gov\/reports\/2023-country-reports-on-human-rights-practices\/ecuador\/\">El Departamento de Estado de Estados Unidos, en sus reportes anuales de derechos humanos, incluye secciones espec\u00edficas sobre \u201cviolencia o discriminaci\u00f3n social\u201d hacia personas LGBTQI+<\/a> y menciona que existen denuncias de ataques y de obst\u00e1culos para el acceso a justicia, adem\u00e1s de se\u00f1alar el problema de la impunidad en este tipo de casos.<a href=\"https:\/\/www.hrw.org\/world-report\/2024\/country-chapters\/ecuador\" target=\"_blank\" rel=\"noreferrer noopener nofollow\"> Human Rights Watch tambi\u00e9n ha advertido<\/a> sobre protecci\u00f3n limitada y brechas de aplicaci\u00f3n real, incluso cuando hay avances formales.<\/p>\n\n\n\n<p>En el plano regional, organizaciones que monitorean muertes violentas de personas LGBTI en Am\u00e9rica Latina y el Caribe han documentado que Ecuador no est\u00e1 fuera del mapa de la violencia, y que el riesgo puede ser particularmente alto para personas trans y para quienes est\u00e1n m\u00e1s expuestos socialmente, aunque la magnitud exacta depende de c\u00f3mo se registren y clasifiquen los casos (un punto clave, porque el subregistro es un problema frecuente).<\/p>\n\n\n\n<p>Para una pareja cubana gay a la que un juez quiera enviar a Ecuador como \u201ctercer pa\u00eds\u201d, esto se traduce en un argumento doble: por un lado, el Estado ecuatoriano tiene obligaciones legales de no discriminaci\u00f3n y un marco de derechos que, en papel, existe; por el otro, hay evidencia internacional de que la discriminaci\u00f3n y la violencia anti-LGBTI siguen ocurriendo y que la protecci\u00f3n efectiva no siempre llega, especialmente si la persona no tiene redes, recursos, documentaci\u00f3n o apoyo local.<\/p>\n\n\n\n<div data-wp-interactive=\"core\/file\" class=\"wp-block-file\"><object data-wp-bind--hidden=\"!state.hasPdfPreview\" hidden class=\"wp-block-file__embed\" data=\"https:\/\/cdn1.mediawpaccore.net\/wp-content\/uploads\/2026\/01\/23072635\/Situation-of-homicides-of-lesbian-gay-bisexual-and-trans-people-in-Latin-American-and-Caribbean-countries-2023_MC.pdf\" type=\"application\/pdf\" style=\"width:100%;height:600px\" aria-label=\"Incrustado de Situation-of-homicides-of-lesbian-gay-bisexual-and-trans-people-in-Latin-American-and-Caribbean-countries-2023_MC.\"><\/object><a id=\"wp-block-file--media-16f0cd4d-2a29-4d35-8b28-38328aed6c30\" href=\"https:\/\/cdn1.mediawpaccore.net\/wp-content\/uploads\/2026\/01\/23072635\/Situation-of-homicides-of-lesbian-gay-bisexual-and-trans-people-in-Latin-American-and-Caribbean-countries-2023_MC.pdf\">Situation-of-homicides-of-lesbian-gay-bisexual-and-trans-people-in-Latin-American-and-Caribbean-countries-2023_MC<\/a><a href=\"https:\/\/cdn1.mediawpaccore.net\/wp-content\/uploads\/2026\/01\/23072635\/Situation-of-homicides-of-lesbian-gay-bisexual-and-trans-people-in-Latin-American-and-Caribbean-countries-2023_MC.pdf\" class=\"wp-block-file__button wp-element-button\" download aria-describedby=\"wp-block-file--media-16f0cd4d-2a29-4d35-8b28-38328aed6c30\">Descarga<\/a><\/div>\n\n\n\n<p>Y hacia ese pa\u00eds han enviado a esta pareja de cubanos<\/p>\n\n\n\n<p><strong>Repercusiones del caso<\/strong><\/p>\n\n\n\n<p><a href=\"https:\/\/www.cuballama.com\/noticias\/pareja-gay-detenida-por-ice-enfrenta-una-pesadilla-pudieran-ser-retornados-a-cuba-video\" target=\"_blank\" rel=\"noreferrer noopener\">Cuballama, que sigui\u00f3 el caso desde noviembre de 2025<\/a>, record\u00f3 que ambos hombres construyeron una vida estable en el \u00e1rea de North Syracuse tras huir de Cuba: se casaron legalmente en Estados Unidos, compraron vivienda y trabajaban en el departamento de servicios ambientales del hospital (Alex como supervisor y Yan como empleado de limpieza). <a href=\"https:\/\/www.cuballama.com\/noticias\/detenciones-y-deportaciones-cuatro-historias-cubanas-en-la-cuerda-floja-migratoria-o-una-que-no-pero-hace-ruido\/\" target=\"_blank\" rel=\"noreferrer noopener\">El medio tambi\u00e9n report\u00f3<\/a> que familiares sostienen que los dos hab\u00edan superado un \u201ccredible fear screening\u201d, evaluaci\u00f3n que suele reconocer un temor cre\u00edble de persecuci\u00f3n si retornan a su pa\u00eds de origen, en este caso Cuba, por su condici\u00f3n de hombres homosexuales.<\/p>\n\n\n\n<p><a href=\"https:\/\/www.cuballama.com\/noticias\/ice-bajo-presion-choques-en-texas-deportacion-a-un-tercer-pais-y-protestas-en-minneapolis-tras-tiroteos\" target=\"_blank\" rel=\"noreferrer noopener\">El caso, adem\u00e1s, se convirti\u00f3 en un asunto pol\u00edtico y sindical local. <\/a>Organizaciones laborales y aliados comunitarios impulsaron m\u00edtines y campa\u00f1as para exigir debido proceso y liberaci\u00f3n, retratando la detenci\u00f3n como un castigo contra personas que estaban cumpliendo con el sistema: presentarse a una cita migratoria y seguir el tr\u00e1mite. <em><a href=\"https:\/\/www.prideatwork.org\/news\/bring-home-alex-yan\" target=\"_blank\" rel=\"noreferrer noopener nofollow\">Pride At Work<\/a><\/em> y los sindicatos vinculados al hospital describieron la detenci\u00f3n como una \u201cabducci\u00f3n\u201d en el contexto de un procedimiento que deb\u00eda ser legal y transparente; mientras que <em><a href=\"https:\/\/uupinfo.org\/communications\/releases\/260113.php\" target=\"_blank\" rel=\"noreferrer noopener nofollow\">UPP<\/a><\/em> recog\u00eda el tema en t\u00e9rminos abiertamente pol\u00edticos: su presidente, Frederick E. Kowal, calific\u00f3 la orden de deportaci\u00f3n contra Alcibiades \u201cAlex\u201d L\u00e1zaro Ram\u00edrez Gonz\u00e1lez como racista y homof\u00f3bica, sostuvo que el Departamento de Seguridad Nacional estaba usando el acuerdo de cooperaci\u00f3n de asilo entre Estados Unidos y Ecuador para expulsarlo a un \u201ctercer pa\u00eds\u201d, y afirm\u00f3 que el sindicato har\u00eda todo lo posible para proteger sus derechos y respaldar la apelaci\u00f3n. <\/p>\n\n\n\n<p>En el mismo comunicado, Kowal subray\u00f3 el arraigo de la pareja \u2014trabajadores del \u00e1rea de servicios ambientales, propietarios de vivienda y contribuyentes\u2014 y elev\u00f3 el caso a s\u00edmbolo de una campa\u00f1a de expulsiones donde \u201csi tienes la cara marr\u00f3n, eres un objetivo\u201d, a\u00f1adiendo que, en este expediente, el hecho de ser un matrimonio gay podr\u00eda estar influyendo en el trato recibido. UUP record\u00f3 adem\u00e1s que Yannier \u201cYan\u201d V\u00e1zquez Hidalgo segu\u00eda detenido junto a su esposo desde el 29 de octubre de 2025, y que la respuesta local ya hab\u00eda escalado a movilizaciones masivas: una concentraci\u00f3n el 10 de noviembre, convocada junto a CSEA, funcionarios electos y grupos comunitarios, reuni\u00f3 a m\u00e1s de 400 personas para exigir la liberaci\u00f3n de ambos. <\/p>\n\n\n\n<p><em><a href=\"https:\/\/spectrumlocalnews.com\/nys\/central-ny\/news\/2025\/11\/11\/syracuse-couple-detained-by-ice-express-gratitude-for-community-support-\">Spectrum News<\/a><\/em> y otras coberturas locales por su parte, <a href=\"https:\/\/spectrumlocalnews.com\/nys\/central-ny\/news\/2025\/11\/11\/syracuse-unions-immigration-rally\" target=\"_blank\" rel=\"noreferrer noopener nofollow\">documentaron vigilias y protestas en Syracuse, con participaci\u00f3n de colegas, l\u00edderes sindicales y residentes.<\/a><\/p>\n\n\n\n<iframe loading=\"lazy\" width=\"1240\" height=\"698\" src=\"https:\/\/www.youtube.com\/embed\/cghJPo93ers\" title=\"Colleague of couple detained by ICE calls for their safe return\" frameborder=\"0\" allow=\"accelerometer; autoplay; clipboard-write; encrypted-media; gyroscope; picture-in-picture; web-share\" referrerpolicy=\"strict-origin-when-cross-origin\" allowfullscreen><\/iframe>\n\n\n\n<p>En el plano estrictamente legal, la presi\u00f3n de la calle no cambia las fechas: de acuerdo con comunicados sindicales, Alex ten\u00eda un plazo de apelaci\u00f3n fijado para febrero, mientras que en el caso de Yannier el tribunal estableci\u00f3 otro margen de tiempo para recurrir. <\/p>\n\n\n\n<p>En lo inmediato, el desenlace depender\u00e1 de si la defensa logra frenar la deportaci\u00f3n a un tercer pa\u00eds y reabrir la discusi\u00f3n de fondo: si dos solicitantes de asilo cubanos, casados y con arraigo comunitario, deben ser enviados a Ecuador, un pa\u00eds que no eligieron y donde, seg\u00fan alegan, no tienen redes, garant\u00edas ni protecci\u00f3n.<\/p>\n","protected":false},"excerpt":{"rendered":"<p>Dos cubanos detenidos por ICE en Nueva York recibieron \u00f3rdenes de deportaci\u00f3n a Ecuador, un tercer pa\u00eds sin v\u00ednculos, y crece la presi\u00f3n local.<\/p>\n","protected":false},"author":13,"featured_media":233157,"comment_status":"open","ping_status":"closed","sticky":false,"template":"","format":"standard","meta":{"_acf_changed":false,"footnotes":""},"categories":[18,953],"tags":[30207,2380,4538,2760,2978,14012,28998,29117,30206],"class_list":{"0":"post-233152","1":"post","2":"type-post","3":"status-publish","4":"format-standard","5":"has-post-thumbnail","7":"category-noticias","8":"category-usa","9":"tag-alcibiades-lazaro-ramirez-gonzalez","10":"tag-asilo","11":"tag-deportacion","12":"tag-ecuador","13":"tag-ice","14":"tag-pareja-gay","15":"tag-suny-upstate","16":"tag-syracuse","17":"tag-yannier-vazquez-hidalgo"},"acf":[],"yoast_head":"<!-- This site is optimized with the Yoast SEO plugin v27.5 - https:\/\/yoast.com\/product\/yoast-seo-wordpress\/ -->\n<title>Juez ordena deportar a Ecuador al segundo trabajador cubano del hospital universitario de Syracuse - Cuballama Noticias<\/title>\n<meta name=\"description\" content=\"Juez ordena deportar a Ecuador a dos cubanos gays detenidos por ICE en Nueva York; sindicatos y Hochul presionan en Syracuse.\" \/>\n<meta name=\"robots\" content=\"index, follow, max-snippet:-1, max-image-preview:large, max-video-preview:-1\" \/>\n<link rel=\"canonical\" href=\"https:\/\/www.cuballama.com\/noticias\/juez-ordena-deportar-a-ecuador-al-segundo-trabajador-cubano-del-hospital-universitario-de-syracuse\/\" \/>\n<meta property=\"og:locale\" content=\"es_ES\" \/>\n<meta property=\"og:type\" content=\"article\" \/>\n<meta property=\"og:title\" content=\"Juez ordena deportar a Ecuador al segundo trabajador cubano del hospital universitario de Syracuse - Cuballama Noticias\" \/>\n<meta property=\"og:description\" content=\"Juez ordena deportar a Ecuador a dos cubanos gays detenidos por ICE en Nueva York; sindicatos y Hochul presionan en Syracuse.\" \/>\n<meta property=\"og:url\" content=\"https:\/\/www.cuballama.com\/noticias\/juez-ordena-deportar-a-ecuador-al-segundo-trabajador-cubano-del-hospital-universitario-de-syracuse\/\" \/>\n<meta property=\"og:site_name\" content=\"Cuballama Noticias\" \/>\n<meta property=\"article:publisher\" content=\"https:\/\/www.facebook.com\/CubaLlama\" \/>\n<meta property=\"article:published_time\" content=\"2026-01-25T13:04:10+00:00\" \/>\n<meta property=\"article:modified_time\" content=\"2026-01-25T13:04:14+00:00\" \/>\n<meta property=\"og:image\" content=\"https:\/\/cdn1.mediawpaccore.net\/wp-content\/uploads\/2026\/01\/23073554\/image-121.png\" \/>\n\t<meta property=\"og:image:width\" content=\"850\" \/>\n\t<meta property=\"og:image:height\" content=\"480\" \/>\n\t<meta property=\"og:image:type\" content=\"image\/png\" \/>\n<meta name=\"author\" content=\"Roberto A.\" \/>\n<meta name=\"twitter:card\" content=\"summary_large_image\" \/>\n<meta name=\"twitter:creator\" content=\"@cuballama\" \/>\n<meta name=\"twitter:site\" content=\"@cuballama\" \/>\n<meta name=\"twitter:label1\" content=\"Escrito por\" \/>\n\t<meta name=\"twitter:data1\" content=\"Roberto A.\" \/>\n\t<meta name=\"twitter:label2\" content=\"Tiempo de lectura\" \/>\n\t<meta name=\"twitter:data2\" content=\"6 minutos\" \/>\n<script type=\"application\/ld+json\" class=\"yoast-schema-graph\">{\"@context\":\"https:\\\/\\\/schema.org\",\"@graph\":[{\"@type\":\"Article\",\"@id\":\"https:\\\/\\\/www.cuballama.com\\\/noticias\\\/juez-ordena-deportar-a-ecuador-al-segundo-trabajador-cubano-del-hospital-universitario-de-syracuse\\\/#article\",\"isPartOf\":{\"@id\":\"https:\\\/\\\/www.cuballama.com\\\/noticias\\\/juez-ordena-deportar-a-ecuador-al-segundo-trabajador-cubano-del-hospital-universitario-de-syracuse\\\/\"},\"author\":{\"name\":\"Roberto A.\",\"@id\":\"https:\\\/\\\/www.cuballama.com\\\/noticias\\\/#\\\/schema\\\/person\\\/a58502ed4146c8e9f83872e897c76cd2\"},\"headline\":\"Juez ordena deportar a Ecuador al segundo trabajador cubano del hospital universitario de Syracuse\",\"datePublished\":\"2026-01-25T13:04:10+00:00\",\"dateModified\":\"2026-01-25T13:04:14+00:00\",\"mainEntityOfPage\":{\"@id\":\"https:\\\/\\\/www.cuballama.com\\\/noticias\\\/juez-ordena-deportar-a-ecuador-al-segundo-trabajador-cubano-del-hospital-universitario-de-syracuse\\\/\"},\"wordCount\":1359,\"commentCount\":0,\"publisher\":{\"@id\":\"https:\\\/\\\/www.cuballama.com\\\/noticias\\\/#organization\"},\"image\":{\"@id\":\"https:\\\/\\\/www.cuballama.com\\\/noticias\\\/juez-ordena-deportar-a-ecuador-al-segundo-trabajador-cubano-del-hospital-universitario-de-syracuse\\\/#primaryimage\"},\"thumbnailUrl\":\"https:\\\/\\\/cdn1.mediawpaccore.net\\\/wp-content\\\/uploads\\\/2026\\\/01\\\/23073554\\\/image-121.png\",\"keywords\":[\"Alcibiades L\u00e1zaro Ram\u00edrez Gonz\u00e1lez\",\"asilo\",\"deportaci\u00f3n\",\"Ecuador\",\"ICE\",\"Pareja Gay\",\"SUNY Upstate\",\"Syracuse\",\"Yannier V\u00e1zquez Hidalgo\"],\"articleSection\":[\"Noticias\",\"USA\"],\"inLanguage\":\"es\",\"potentialAction\":[{\"@type\":\"CommentAction\",\"name\":\"Comment\",\"target\":[\"https:\\\/\\\/www.cuballama.com\\\/noticias\\\/juez-ordena-deportar-a-ecuador-al-segundo-trabajador-cubano-del-hospital-universitario-de-syracuse\\\/#respond\"]}]},{\"@type\":\"WebPage\",\"@id\":\"https:\\\/\\\/www.cuballama.com\\\/noticias\\\/juez-ordena-deportar-a-ecuador-al-segundo-trabajador-cubano-del-hospital-universitario-de-syracuse\\\/\",\"url\":\"https:\\\/\\\/www.cuballama.com\\\/noticias\\\/juez-ordena-deportar-a-ecuador-al-segundo-trabajador-cubano-del-hospital-universitario-de-syracuse\\\/\",\"name\":\"Juez ordena deportar a Ecuador al segundo trabajador cubano del hospital universitario de Syracuse - Cuballama Noticias\",\"isPartOf\":{\"@id\":\"https:\\\/\\\/www.cuballama.com\\\/noticias\\\/#website\"},\"primaryImageOfPage\":{\"@id\":\"https:\\\/\\\/www.cuballama.com\\\/noticias\\\/juez-ordena-deportar-a-ecuador-al-segundo-trabajador-cubano-del-hospital-universitario-de-syracuse\\\/#primaryimage\"},\"image\":{\"@id\":\"https:\\\/\\\/www.cuballama.com\\\/noticias\\\/juez-ordena-deportar-a-ecuador-al-segundo-trabajador-cubano-del-hospital-universitario-de-syracuse\\\/#primaryimage\"},\"thumbnailUrl\":\"https:\\\/\\\/cdn1.mediawpaccore.net\\\/wp-content\\\/uploads\\\/2026\\\/01\\\/23073554\\\/image-121.png\",\"datePublished\":\"2026-01-25T13:04:10+00:00\",\"dateModified\":\"2026-01-25T13:04:14+00:00\",\"description\":\"Juez ordena deportar a Ecuador a dos cubanos gays detenidos por ICE en Nueva York; sindicatos y Hochul presionan en Syracuse.\",\"breadcrumb\":{\"@id\":\"https:\\\/\\\/www.cuballama.com\\\/noticias\\\/juez-ordena-deportar-a-ecuador-al-segundo-trabajador-cubano-del-hospital-universitario-de-syracuse\\\/#breadcrumb\"},\"inLanguage\":\"es\",\"potentialAction\":[{\"@type\":\"ReadAction\",\"target\":[\"https:\\\/\\\/www.cuballama.com\\\/noticias\\\/juez-ordena-deportar-a-ecuador-al-segundo-trabajador-cubano-del-hospital-universitario-de-syracuse\\\/\"]}]},{\"@type\":\"ImageObject\",\"inLanguage\":\"es\",\"@id\":\"https:\\\/\\\/www.cuballama.com\\\/noticias\\\/juez-ordena-deportar-a-ecuador-al-segundo-trabajador-cubano-del-hospital-universitario-de-syracuse\\\/#primaryimage\",\"url\":\"https:\\\/\\\/cdn1.mediawpaccore.net\\\/wp-content\\\/uploads\\\/2026\\\/01\\\/23073554\\\/image-121.png\",\"contentUrl\":\"https:\\\/\\\/cdn1.mediawpaccore.net\\\/wp-content\\\/uploads\\\/2026\\\/01\\\/23073554\\\/image-121.png\",\"width\":850,\"height\":480,\"caption\":\"Foto proporcionada por la familia para los medios. V\u00eda Video Screenshot https:\\\/\\\/www.youtube.com\\\/@CNYCentralNews\"},{\"@type\":\"BreadcrumbList\",\"@id\":\"https:\\\/\\\/www.cuballama.com\\\/noticias\\\/juez-ordena-deportar-a-ecuador-al-segundo-trabajador-cubano-del-hospital-universitario-de-syracuse\\\/#breadcrumb\",\"itemListElement\":[{\"@type\":\"ListItem\",\"position\":1,\"name\":\"Home\",\"item\":\"https:\\\/\\\/www.cuballama.com\\\/noticias\\\/\"},{\"@type\":\"ListItem\",\"position\":2,\"name\":\"Juez ordena deportar a Ecuador al segundo trabajador cubano del hospital universitario de Syracuse\"}]},{\"@type\":\"WebSite\",\"@id\":\"https:\\\/\\\/www.cuballama.com\\\/noticias\\\/#website\",\"url\":\"https:\\\/\\\/www.cuballama.com\\\/noticias\\\/\",\"name\":\"Cuballama Noticias\",\"description\":\"Medio digital sobre Cuba y el mundo\",\"publisher\":{\"@id\":\"https:\\\/\\\/www.cuballama.com\\\/noticias\\\/#organization\"},\"potentialAction\":[{\"@type\":\"SearchAction\",\"target\":{\"@type\":\"EntryPoint\",\"urlTemplate\":\"https:\\\/\\\/www.cuballama.com\\\/noticias\\\/?s={search_term_string}\"},\"query-input\":{\"@type\":\"PropertyValueSpecification\",\"valueRequired\":true,\"valueName\":\"search_term_string\"}}],\"inLanguage\":\"es\"},{\"@type\":\"Organization\",\"@id\":\"https:\\\/\\\/www.cuballama.com\\\/noticias\\\/#organization\",\"name\":\"Cuballama\",\"url\":\"https:\\\/\\\/www.cuballama.com\\\/noticias\\\/\",\"logo\":{\"@type\":\"ImageObject\",\"inLanguage\":\"es\",\"@id\":\"https:\\\/\\\/www.cuballama.com\\\/noticias\\\/#\\\/schema\\\/logo\\\/image\\\/\",\"url\":\"https:\\\/\\\/cdn1.mediawpaccore.net\\\/wp-content\\\/uploads\\\/2021\\\/12\\\/28171206\\\/cbll-logo-color-sm.png\",\"contentUrl\":\"https:\\\/\\\/cdn1.mediawpaccore.net\\\/wp-content\\\/uploads\\\/2021\\\/12\\\/28171206\\\/cbll-logo-color-sm.png\",\"width\":600,\"height\":133,\"caption\":\"Cuballama\"},\"image\":{\"@id\":\"https:\\\/\\\/www.cuballama.com\\\/noticias\\\/#\\\/schema\\\/logo\\\/image\\\/\"},\"sameAs\":[\"https:\\\/\\\/www.facebook.com\\\/CubaLlama\",\"https:\\\/\\\/x.com\\\/cuballama\",\"https:\\\/\\\/www.instagram.com\\\/stories\\\/cuballama_oficial\\\/\",\"https:\\\/\\\/www.youtube.com\\\/channel\\\/UCKkFE-d_axENGZcrc4as0IA\"]},{\"@type\":\"Person\",\"@id\":\"https:\\\/\\\/www.cuballama.com\\\/noticias\\\/#\\\/schema\\\/person\\\/a58502ed4146c8e9f83872e897c76cd2\",\"name\":\"Roberto A.\",\"description\":\"Roberto A. Periodista por decisi\u00f3n propia. Interesado en cualquier tema que me apasione y cada vez m\u00e1s comprometido con la verdad y la objetividad period\u00edstica. Graduado en La Habana hace ya muchos a\u00f1os, luego de una accidentada y polvorienta b\u00fasqueda de informaci\u00f3n sobre un tema in\u00e9dito. La Tesis, por cierto, desapareci\u00f3 de la biblioteca y no se conservan copias de la misma.\",\"url\":\"https:\\\/\\\/www.cuballama.com\\\/noticias\\\/author\\\/roberto\\\/\"}]}<\/script>\n<!-- \/ Yoast SEO plugin. -->","yoast_head_json":{"title":"Juez ordena deportar a Ecuador al segundo trabajador cubano del hospital universitario de Syracuse - Cuballama Noticias","description":"Juez ordena deportar a Ecuador a dos cubanos gays detenidos por ICE en Nueva York; sindicatos y Hochul presionan en Syracuse.","robots":{"index":"index","follow":"follow","max-snippet":"max-snippet:-1","max-image-preview":"max-image-preview:large","max-video-preview":"max-video-preview:-1"},"canonical":"https:\/\/www.cuballama.com\/noticias\/juez-ordena-deportar-a-ecuador-al-segundo-trabajador-cubano-del-hospital-universitario-de-syracuse\/","og_locale":"es_ES","og_type":"article","og_title":"Juez ordena deportar a Ecuador al segundo trabajador cubano del hospital universitario de Syracuse - Cuballama Noticias","og_description":"Juez ordena deportar a Ecuador a dos cubanos gays detenidos por ICE en Nueva York; sindicatos y Hochul presionan en Syracuse.","og_url":"https:\/\/www.cuballama.com\/noticias\/juez-ordena-deportar-a-ecuador-al-segundo-trabajador-cubano-del-hospital-universitario-de-syracuse\/","og_site_name":"Cuballama Noticias","article_publisher":"https:\/\/www.facebook.com\/CubaLlama","article_published_time":"2026-01-25T13:04:10+00:00","article_modified_time":"2026-01-25T13:04:14+00:00","og_image":[{"width":850,"height":480,"url":"https:\/\/cdn1.mediawpaccore.net\/wp-content\/uploads\/2026\/01\/23073554\/image-121.png","type":"image\/png"}],"author":"Roberto A.","twitter_card":"summary_large_image","twitter_creator":"@cuballama","twitter_site":"@cuballama","twitter_misc":{"Escrito por":"Roberto A.","Tiempo de lectura":"6 minutos"},"schema":{"@context":"https:\/\/schema.org","@graph":[{"@type":"Article","@id":"https:\/\/www.cuballama.com\/noticias\/juez-ordena-deportar-a-ecuador-al-segundo-trabajador-cubano-del-hospital-universitario-de-syracuse\/#article","isPartOf":{"@id":"https:\/\/www.cuballama.com\/noticias\/juez-ordena-deportar-a-ecuador-al-segundo-trabajador-cubano-del-hospital-universitario-de-syracuse\/"},"author":{"name":"Roberto A.","@id":"https:\/\/www.cuballama.com\/noticias\/#\/schema\/person\/a58502ed4146c8e9f83872e897c76cd2"},"headline":"Juez ordena deportar a Ecuador al segundo trabajador cubano del hospital universitario de Syracuse","datePublished":"2026-01-25T13:04:10+00:00","dateModified":"2026-01-25T13:04:14+00:00","mainEntityOfPage":{"@id":"https:\/\/www.cuballama.com\/noticias\/juez-ordena-deportar-a-ecuador-al-segundo-trabajador-cubano-del-hospital-universitario-de-syracuse\/"},"wordCount":1359,"commentCount":0,"publisher":{"@id":"https:\/\/www.cuballama.com\/noticias\/#organization"},"image":{"@id":"https:\/\/www.cuballama.com\/noticias\/juez-ordena-deportar-a-ecuador-al-segundo-trabajador-cubano-del-hospital-universitario-de-syracuse\/#primaryimage"},"thumbnailUrl":"https:\/\/cdn1.mediawpaccore.net\/wp-content\/uploads\/2026\/01\/23073554\/image-121.png","keywords":["Alcibiades L\u00e1zaro Ram\u00edrez Gonz\u00e1lez","asilo","deportaci\u00f3n","Ecuador","ICE","Pareja Gay","SUNY Upstate","Syracuse","Yannier V\u00e1zquez Hidalgo"],"articleSection":["Noticias","USA"],"inLanguage":"es","potentialAction":[{"@type":"CommentAction","name":"Comment","target":["https:\/\/www.cuballama.com\/noticias\/juez-ordena-deportar-a-ecuador-al-segundo-trabajador-cubano-del-hospital-universitario-de-syracuse\/#respond"]}]},{"@type":"WebPage","@id":"https:\/\/www.cuballama.com\/noticias\/juez-ordena-deportar-a-ecuador-al-segundo-trabajador-cubano-del-hospital-universitario-de-syracuse\/","url":"https:\/\/www.cuballama.com\/noticias\/juez-ordena-deportar-a-ecuador-al-segundo-trabajador-cubano-del-hospital-universitario-de-syracuse\/","name":"Juez ordena deportar a Ecuador al segundo trabajador cubano del hospital universitario de Syracuse - Cuballama Noticias","isPartOf":{"@id":"https:\/\/www.cuballama.com\/noticias\/#website"},"primaryImageOfPage":{"@id":"https:\/\/www.cuballama.com\/noticias\/juez-ordena-deportar-a-ecuador-al-segundo-trabajador-cubano-del-hospital-universitario-de-syracuse\/#primaryimage"},"image":{"@id":"https:\/\/www.cuballama.com\/noticias\/juez-ordena-deportar-a-ecuador-al-segundo-trabajador-cubano-del-hospital-universitario-de-syracuse\/#primaryimage"},"thumbnailUrl":"https:\/\/cdn1.mediawpaccore.net\/wp-content\/uploads\/2026\/01\/23073554\/image-121.png","datePublished":"2026-01-25T13:04:10+00:00","dateModified":"2026-01-25T13:04:14+00:00","description":"Juez ordena deportar a Ecuador a dos cubanos gays detenidos por ICE en Nueva York; sindicatos y Hochul presionan en Syracuse.","breadcrumb":{"@id":"https:\/\/www.cuballama.com\/noticias\/juez-ordena-deportar-a-ecuador-al-segundo-trabajador-cubano-del-hospital-universitario-de-syracuse\/#breadcrumb"},"inLanguage":"es","potentialAction":[{"@type":"ReadAction","target":["https:\/\/www.cuballama.com\/noticias\/juez-ordena-deportar-a-ecuador-al-segundo-trabajador-cubano-del-hospital-universitario-de-syracuse\/"]}]},{"@type":"ImageObject","inLanguage":"es","@id":"https:\/\/www.cuballama.com\/noticias\/juez-ordena-deportar-a-ecuador-al-segundo-trabajador-cubano-del-hospital-universitario-de-syracuse\/#primaryimage","url":"https:\/\/cdn1.mediawpaccore.net\/wp-content\/uploads\/2026\/01\/23073554\/image-121.png","contentUrl":"https:\/\/cdn1.mediawpaccore.net\/wp-content\/uploads\/2026\/01\/23073554\/image-121.png","width":850,"height":480,"caption":"Foto proporcionada por la familia para los medios. V\u00eda Video Screenshot https:\/\/www.youtube.com\/@CNYCentralNews"},{"@type":"BreadcrumbList","@id":"https:\/\/www.cuballama.com\/noticias\/juez-ordena-deportar-a-ecuador-al-segundo-trabajador-cubano-del-hospital-universitario-de-syracuse\/#breadcrumb","itemListElement":[{"@type":"ListItem","position":1,"name":"Home","item":"https:\/\/www.cuballama.com\/noticias\/"},{"@type":"ListItem","position":2,"name":"Juez ordena deportar a Ecuador al segundo trabajador cubano del hospital universitario de Syracuse"}]},{"@type":"WebSite","@id":"https:\/\/www.cuballama.com\/noticias\/#website","url":"https:\/\/www.cuballama.com\/noticias\/","name":"Cuballama Noticias","description":"Medio digital sobre Cuba y el mundo","publisher":{"@id":"https:\/\/www.cuballama.com\/noticias\/#organization"},"potentialAction":[{"@type":"SearchAction","target":{"@type":"EntryPoint","urlTemplate":"https:\/\/www.cuballama.com\/noticias\/?s={search_term_string}"},"query-input":{"@type":"PropertyValueSpecification","valueRequired":true,"valueName":"search_term_string"}}],"inLanguage":"es"},{"@type":"Organization","@id":"https:\/\/www.cuballama.com\/noticias\/#organization","name":"Cuballama","url":"https:\/\/www.cuballama.com\/noticias\/","logo":{"@type":"ImageObject","inLanguage":"es","@id":"https:\/\/www.cuballama.com\/noticias\/#\/schema\/logo\/image\/","url":"https:\/\/cdn1.mediawpaccore.net\/wp-content\/uploads\/2021\/12\/28171206\/cbll-logo-color-sm.png","contentUrl":"https:\/\/cdn1.mediawpaccore.net\/wp-content\/uploads\/2021\/12\/28171206\/cbll-logo-color-sm.png","width":600,"height":133,"caption":"Cuballama"},"image":{"@id":"https:\/\/www.cuballama.com\/noticias\/#\/schema\/logo\/image\/"},"sameAs":["https:\/\/www.facebook.com\/CubaLlama","https:\/\/x.com\/cuballama","https:\/\/www.instagram.com\/stories\/cuballama_oficial\/","https:\/\/www.youtube.com\/channel\/UCKkFE-d_axENGZcrc4as0IA"]},{"@type":"Person","@id":"https:\/\/www.cuballama.com\/noticias\/#\/schema\/person\/a58502ed4146c8e9f83872e897c76cd2","name":"Roberto A.","description":"Roberto A. Periodista por decisi\u00f3n propia. Interesado en cualquier tema que me apasione y cada vez m\u00e1s comprometido con la verdad y la objetividad period\u00edstica. Graduado en La Habana hace ya muchos a\u00f1os, luego de una accidentada y polvorienta b\u00fasqueda de informaci\u00f3n sobre un tema in\u00e9dito. La Tesis, por cierto, desapareci\u00f3 de la biblioteca y no se conservan copias de la misma.","url":"https:\/\/www.cuballama.com\/noticias\/author\/roberto\/"}]}},"_links":{"self":[{"href":"https:\/\/www.cuballama.com\/noticias\/wp-json\/wp\/v2\/posts\/233152","targetHints":{"allow":["GET"]}}],"collection":[{"href":"https:\/\/www.cuballama.com\/noticias\/wp-json\/wp\/v2\/posts"}],"about":[{"href":"https:\/\/www.cuballama.com\/noticias\/wp-json\/wp\/v2\/types\/post"}],"author":[{"embeddable":true,"href":"https:\/\/www.cuballama.com\/noticias\/wp-json\/wp\/v2\/users\/13"}],"replies":[{"embeddable":true,"href":"https:\/\/www.cuballama.com\/noticias\/wp-json\/wp\/v2\/comments?post=233152"}],"version-history":[{"count":4,"href":"https:\/\/www.cuballama.com\/noticias\/wp-json\/wp\/v2\/posts\/233152\/revisions"}],"predecessor-version":[{"id":233158,"href":"https:\/\/www.cuballama.com\/noticias\/wp-json\/wp\/v2\/posts\/233152\/revisions\/233158"}],"wp:featuredmedia":[{"embeddable":true,"href":"https:\/\/www.cuballama.com\/noticias\/wp-json\/wp\/v2\/media\/233157"}],"wp:attachment":[{"href":"https:\/\/www.cuballama.com\/noticias\/wp-json\/wp\/v2\/media?parent=233152"}],"wp:term":[{"taxonomy":"category","embeddable":true,"href":"https:\/\/www.cuballama.com\/noticias\/wp-json\/wp\/v2\/categories?post=233152"},{"taxonomy":"post_tag","embeddable":true,"href":"https:\/\/www.cuballama.com\/noticias\/wp-json\/wp\/v2\/tags?post=233152"}],"curies":[{"name":"wp","href":"https:\/\/api.w.org\/{rel}","templated":true}]}}