{"id":233128,"date":"2026-01-23T13:57:33","date_gmt":"2026-01-23T18:57:33","guid":{"rendered":"https:\/\/www.cuballama.com\/noticias\/?p=233128"},"modified":"2026-01-23T13:57:36","modified_gmt":"2026-01-23T18:57:36","slug":"identificado-otro-de-los-agentes-de-la-seguridad-del-estado-gracias-a-la-magia-de-la-television-y-fuentes-en-la-isla","status":"publish","type":"post","link":"https:\/\/www.cuballama.com\/noticias\/identificado-otro-de-los-agentes-de-la-seguridad-del-estado-gracias-a-la-magia-de-la-television-y-fuentes-en-la-isla\/","title":{"rendered":"Identificado otro de los agentes de la Seguridad del Estado \u00abgracias a la magia de la Televisi\u00f3n\u00bb y fuentes en la isla"},"content":{"rendered":"\n<p>El homenaje oficial transmitido el 15 de enero de 2026 desde la sede del Ministerio de las Fuerzas Armadas Revolucionarias (MINFAR), dedicado a los militares cubanos fallecidos durante la operaci\u00f3n de extracci\u00f3n del exdictador venezolano Nicol\u00e1s Maduro, termin\u00f3 convirti\u00e9ndose en una escena inesperada: por unos segundos, la propia televisi\u00f3n estatal expuso a varios agentes de la Seguridad del Estado que operan habitualmente en la sombra. La se\u00f1al, emitida por Canal Caribe y replicada por Cubavisi\u00f3n Internacional y Telesur, dej\u00f3 visibles a oficiales que han sido denunciados durante a\u00f1os por reprimir a periodistas, artistas y activistas. A partir de esas im\u00e1genes comenz\u00f3 una cadena de identificaciones cruzadas que hoy revela, con nombre y apellidos, a parte de ese aparato represivo.<\/p>\n\n\n\n<p>Uno de los rostros captados fue reconocido por varias v\u00edctimas como el oficial que se presentaba bajo el alias de \u201cJuan Carlos\u201d, \u201cSaucedo\u201d y otros nombres. <\/p>\n\n\n\n<p>Hace apenas unas horas, el medio independiente <em><a href=\"https:\/\/eltoque.com\/identidad-de-juan-carlos-oficial-del-minint-que-reprime-a-periodistas-y-artistas-cubanos\" target=\"_blank\" rel=\"noreferrer noopener nofollow\">elTOQUE<\/a><\/em> confirm\u00f3 que su identidad real es Rafael Pupo Carnet, nacido en 1967 y residente en el municipio Playa, La Habana. La investigaci\u00f3n se bas\u00f3 en dos fuentes protegidas por anonimato, coincidencias en bases de datos de identidades filtradas y una verificaci\u00f3n final a trav\u00e9s de un video familiar: una grabaci\u00f3n de una boda publicada en enero de 2024, donde se ve claramente a Pupo Carnet y que fue reconocida por al menos cinco de sus v\u00edctimas como el mismo agente que las interrog\u00f3 y amenaz\u00f3.<\/p>\n\n\n\n<p>La exposici\u00f3n no fue fruto de una filtraci\u00f3n clandestina, sino de la propia maquinaria estatal. Seg\u00fan una informaci\u00f3n publicada por <em><a href=\"https:\/\/www.cuballama.com\/noticias\/agentes-expuestos-en-la-tv-nacional-seguridad-del-estado-quiere-un-muerto-pero-no-lo-hay\/\" target=\"_blank\" rel=\"noreferrer noopener\">Cuballama Noticias<\/a><\/em> el 19 de enero de 2026, tras difundirse las im\u00e1genes, los \u00f3rganos de contrainteligencia presionaron al ICRT para identificar y castigar a un responsable. <\/p>\n\n\n\n<p>Sin embargo, fuentes internas admitieron que no existi\u00f3 un camar\u00f3grafo ni una acci\u00f3n individual a la cual culpar, ya que la cobertura se realiz\u00f3 con c\u00e1maras fijas y una realizaci\u00f3n en cadena, como es habitual en ceremonias de Estado. Aun as\u00ed, la reacci\u00f3n no fue asumir un fallo estructural, sino buscar \u201cun muerto\u201d: alguien con nombre y apellido sobre quien descargar la culpa. <\/p>\n\n\n\n<p>La grieta, sin embargo, ya estaba abierta. Tras la identificaci\u00f3n inicial hecha por el artista y expreso pol\u00edtico Hamlet Lavastida, quien reconoci\u00f3 a un agente conocido como \u201cDar\u00edo\u201d, comenzaron a aparecer m\u00e1s testimonios. La investigadora Yeye HM public\u00f3 un video donde separa los rostros visibles y los asocia a los alias con los que se han presentado ante sus v\u00edctimas: \u201cDar\u00edo\u201d, \u201cJuan Carlos\u201d, \u201cAlberto\u201d, \u201cHansel Guillermo\u201d, \u201cRen\u00e9\u201d, \u201cYordan\u201d y \u201cManuel\u201d. En muchos casos, las identificaciones coinciden entre personas que no se conocen entre s\u00ed, pero que fueron interrogadas por los mismos oficiales en distintos momentos.<\/p>\n\n\n\n<p>Uno de los nombres que m\u00e1s informaci\u00f3n ha generado es el de \u201cHansel Guillermo\u201d, a quien varias v\u00edctimas sit\u00faan en equipos de interrogaci\u00f3n. La activista Tania Tas\u00e9 denunci\u00f3 que ese alias corresponde a Hermes del Toro L\u00f3pez, nacido en 1990 y con \u00faltimo domicilio conocido en el municipio Playa. <\/p>\n\n\n\n<p>Seg\u00fan su publicaci\u00f3n, del Toro estudi\u00f3 en la escuela militar Camilo Cienfuegos de Arroyo Arenas y se licenci\u00f3 como inform\u00e1tico en la Universidad Pedag\u00f3gica Enrique Jos\u00e9 Varona. El escritor Jorge Fern\u00e1ndez Era lo se\u00f1al\u00f3 como uno de los agentes que participaron en sus detenciones arbitrarias y episodios de desaparici\u00f3n forzada, describi\u00e9ndolo como alguien que \u201calardea de su habilidad para colocar las esposas, y las aprieta m\u00e1s si uno se queja\u201d. Aunque estos datos no han sido confirmados por fuentes oficiales, coinciden con reconocimientos cruzados de v\u00edctimas.<\/p>\n\n\n\n<p>Las denuncias contra estos agentes se remontan, al menos, a 2020. Periodistas como Yennys Hern\u00e1ndez Molina, M\u00f3nica Bar\u00f3 S\u00e1nchez, Alejandro Ulloa, Yadiris Luis Fuentes, Laura Vargas, Jos\u00e9 Leandro Garbey y el escritor Ariel Maceo T\u00e9llez han se\u00f1alado p\u00fablicamente a \u201cJuan Carlos\u201d y a otros de los oficiales visibles como responsables de interrogatorios, amenazas, agresiones psicol\u00f3gicas y campa\u00f1as de hostigamiento.<\/p>\n\n\n\n<p>En la imagen a continuaci\u00f3n, ya est\u00e1n identificados por su nombre real, direcci\u00f3n y otros detalles, los individuos enmarcados en los recuadros negro (<em>Hermes del Toro L\u00f3pez<\/em>) y verde (<em>Rafael Pupo<\/em>). El resto, son individuos se\u00f1alados como represores de la Seguridad del Estado, pero cuyas identidades reales a\u00fan se desconocen. Los activistas y periodistas reprimidos los identifican como \u00abAlberto\u00bb (cuadro violeta); \u00abDar\u00edo\u00bb (cuadro rojo); y \u00abRen\u00e9\u00bb (cuadro amarillo). El individuo que aparece enmarcado en azul, es una persona no identificada ni siquiera por un alias, aunque s\u00ed fue reconocido por varias v\u00edctimas como agente de la Seguridad del Estado.  elTOQUE ha pedido que si conoce m\u00e1s sobre las identidades de estos u otros funcionarios del Estado acusados de violar derechos humanos, los contacten por sus v\u00edas formales: Correo electr\u00f3nico:\u00a0<a href=\"mailto:audiencias@eltoque.com\" target=\"_blank\" rel=\"noreferrer noopener\">audiencias@eltoque.com<\/a>. WhatsApp y Signal:\u00a0+1 786 403-8554. O a trav\u00e9s de este <a href=\"https:\/\/eltoque.com\/sobre-nosotros\/contactanos\" target=\"_blank\" rel=\"noreferrer noopener nofollow\">Formulario<\/a> o v\u00eda <a href=\"https:\/\/eltoque.com\/t.me\/contactoeltoquecom\" target=\"_blank\" rel=\"noreferrer noopener nofollow\">Telegram<\/a><\/p>\n\n\n\n<figure class=\"wp-block-image size-large\"><img loading=\"lazy\" decoding=\"async\" width=\"1024\" height=\"599\" src=\"https:\/\/cdn1.mediawpaccore.net\/wp-content\/uploads\/2026\/01\/23060837\/image-119-1024x599.png\" alt=\"\" class=\"wp-image-233137\" srcset=\"https:\/\/cdn1.mediawpaccore.net\/wp-content\/uploads\/2026\/01\/23060837\/image-119-1024x599.png 1024w, https:\/\/cdn1.mediawpaccore.net\/wp-content\/uploads\/2026\/01\/23060837\/image-119-300x176.png 300w, https:\/\/cdn1.mediawpaccore.net\/wp-content\/uploads\/2026\/01\/23060837\/image-119-768x450.png 768w, https:\/\/cdn1.mediawpaccore.net\/wp-content\/uploads\/2026\/01\/23060837\/image-119-1536x899.png 1536w, https:\/\/cdn1.mediawpaccore.net\/wp-content\/uploads\/2026\/01\/23060837\/image-119-717x420.png 717w, https:\/\/cdn1.mediawpaccore.net\/wp-content\/uploads\/2026\/01\/23060837\/image-119-150x88.png 150w, https:\/\/cdn1.mediawpaccore.net\/wp-content\/uploads\/2026\/01\/23060837\/image-119-696x407.png 696w, https:\/\/cdn1.mediawpaccore.net\/wp-content\/uploads\/2026\/01\/23060837\/image-119-1068x625.png 1068w, https:\/\/cdn1.mediawpaccore.net\/wp-content\/uploads\/2026\/01\/23060837\/image-119.png 1698w\" sizes=\"auto, (max-width: 1024px) 100vw, 1024px\" \/><figcaption class=\"wp-element-caption\">Los represores de la Seguridad del Estado que quedaron \u00abretratados\u00bb por las c\u00e1maras de la Televisi\u00f3n Cubana. Foto: captura de pantalla del Canal Caribe<\/figcaption><\/figure>\n\n\n\n<p>Cada a\u00f1o, Cuba es clasificada por Reporteros sin Fronteras como el peor pa\u00eds de Am\u00e9rica Latina para ejercer el periodismo. En ese contexto, la identificaci\u00f3n p\u00fablica de quienes ejecutan la represi\u00f3n no es un acto de revancha, sino una forma de documentar responsabilidades en un pa\u00eds donde no existen mecanismos internos de justicia.<\/p>\n\n\n\n<p>Esta vez, el velo no se rompi\u00f3 por una filtraci\u00f3n: se rompi\u00f3 por la propia televisi\u00f3n del Estado. Y el sistema, que vive de controlar la imagen, qued\u00f3 expuesto por su propia puesta en escena.<\/p>\n","protected":false},"excerpt":{"rendered":"<p>Un reportaje de elTOQUE identifica a \u201cJuan Carlos\u201d, agente del MININT visto en TV estatal, como Rafael Pupo Carnet, y crecen denuncias.<\/p>\n","protected":false},"author":13,"featured_media":233140,"comment_status":"open","ping_status":"closed","sticky":false,"template":"","format":"standard","meta":{"_acf_changed":false,"footnotes":""},"categories":[18,955],"tags":[30092,30091,1064,11,27430,11142,2957,30203,26310,4226,30204,4747,30202,8130,26409,1030],"class_list":{"0":"post-233128","1":"post","2":"type-post","3":"status-publish","4":"format-standard","5":"has-post-thumbnail","7":"category-noticias","8":"category-noticias-de-cuba","9":"tag-agentes-expuestos","10":"tag-canal-caribe","11":"tag-censura","12":"tag-cuba","13":"tag-eltoque","14":"tag-hamlet-lavastida","15":"tag-icrt","16":"tag-juan-carlos","17":"tag-medios-estatales","18":"tag-minint","19":"tag-rafael-pupo-carnet","20":"tag-represion","21":"tag-saucedo","22":"tag-seguridad-del-estado","23":"tag-sepelio","24":"tag-venezuela"},"acf":[],"yoast_head":"<!-- This site is optimized with the Yoast SEO plugin v27.4 - https:\/\/yoast.com\/product\/yoast-seo-wordpress\/ -->\n<title>Identificado otro de los agentes de la Seguridad del Estado &quot;gracias a la magia de la Televisi\u00f3n&quot; y fuentes en la isla - Cuballama Noticias<\/title>\n<meta name=\"description\" content=\"Televisi\u00f3n estatal expuso a agentes de la Seguridad del Estado en Cuba; elTOQUE identifica a \u201cJuan Carlos\u201d como Rafael Pupo Carnet.\" \/>\n<meta name=\"robots\" content=\"index, follow, max-snippet:-1, max-image-preview:large, max-video-preview:-1\" \/>\n<link rel=\"canonical\" href=\"https:\/\/www.cuballama.com\/noticias\/identificado-otro-de-los-agentes-de-la-seguridad-del-estado-gracias-a-la-magia-de-la-television-y-fuentes-en-la-isla\/\" \/>\n<meta property=\"og:locale\" content=\"es_ES\" \/>\n<meta property=\"og:type\" content=\"article\" \/>\n<meta property=\"og:title\" content=\"Identificado otro de los agentes de la Seguridad del Estado &quot;gracias a la magia de la Televisi\u00f3n&quot; y fuentes en la isla - Cuballama Noticias\" \/>\n<meta property=\"og:description\" content=\"Televisi\u00f3n estatal expuso a agentes de la Seguridad del Estado en Cuba; elTOQUE identifica a \u201cJuan Carlos\u201d como Rafael Pupo Carnet.\" \/>\n<meta property=\"og:url\" content=\"https:\/\/www.cuballama.com\/noticias\/identificado-otro-de-los-agentes-de-la-seguridad-del-estado-gracias-a-la-magia-de-la-television-y-fuentes-en-la-isla\/\" \/>\n<meta property=\"og:site_name\" content=\"Cuballama Noticias\" \/>\n<meta property=\"article:publisher\" content=\"https:\/\/www.facebook.com\/CubaLlama\" \/>\n<meta property=\"article:published_time\" content=\"2026-01-23T18:57:33+00:00\" \/>\n<meta property=\"article:modified_time\" content=\"2026-01-23T18:57:36+00:00\" \/>\n<meta property=\"og:image\" content=\"https:\/\/cdn1.mediawpaccore.net\/wp-content\/uploads\/2026\/01\/23061750\/image-120.png\" \/>\n\t<meta property=\"og:image:width\" content=\"1700\" \/>\n\t<meta property=\"og:image:height\" content=\"956\" \/>\n\t<meta property=\"og:image:type\" content=\"image\/png\" \/>\n<meta name=\"author\" content=\"Roberto A.\" \/>\n<meta name=\"twitter:card\" content=\"summary_large_image\" \/>\n<meta name=\"twitter:creator\" content=\"@cuballama\" \/>\n<meta name=\"twitter:site\" content=\"@cuballama\" \/>\n<meta name=\"twitter:label1\" content=\"Escrito por\" \/>\n\t<meta name=\"twitter:data1\" content=\"Roberto A.\" \/>\n\t<meta name=\"twitter:label2\" content=\"Tiempo de lectura\" \/>\n\t<meta name=\"twitter:data2\" content=\"5 minutos\" \/>\n<script type=\"application\/ld+json\" class=\"yoast-schema-graph\">{\"@context\":\"https:\\\/\\\/schema.org\",\"@graph\":[{\"@type\":\"Article\",\"@id\":\"https:\\\/\\\/www.cuballama.com\\\/noticias\\\/identificado-otro-de-los-agentes-de-la-seguridad-del-estado-gracias-a-la-magia-de-la-television-y-fuentes-en-la-isla\\\/#article\",\"isPartOf\":{\"@id\":\"https:\\\/\\\/www.cuballama.com\\\/noticias\\\/identificado-otro-de-los-agentes-de-la-seguridad-del-estado-gracias-a-la-magia-de-la-television-y-fuentes-en-la-isla\\\/\"},\"author\":{\"name\":\"Roberto A.\",\"@id\":\"https:\\\/\\\/www.cuballama.com\\\/noticias\\\/#\\\/schema\\\/person\\\/a58502ed4146c8e9f83872e897c76cd2\"},\"headline\":\"Identificado otro de los agentes de la Seguridad del Estado \u00abgracias a la magia de la Televisi\u00f3n\u00bb y fuentes en la isla\",\"datePublished\":\"2026-01-23T18:57:33+00:00\",\"dateModified\":\"2026-01-23T18:57:36+00:00\",\"mainEntityOfPage\":{\"@id\":\"https:\\\/\\\/www.cuballama.com\\\/noticias\\\/identificado-otro-de-los-agentes-de-la-seguridad-del-estado-gracias-a-la-magia-de-la-television-y-fuentes-en-la-isla\\\/\"},\"wordCount\":987,\"commentCount\":0,\"publisher\":{\"@id\":\"https:\\\/\\\/www.cuballama.com\\\/noticias\\\/#organization\"},\"image\":{\"@id\":\"https:\\\/\\\/www.cuballama.com\\\/noticias\\\/identificado-otro-de-los-agentes-de-la-seguridad-del-estado-gracias-a-la-magia-de-la-television-y-fuentes-en-la-isla\\\/#primaryimage\"},\"thumbnailUrl\":\"https:\\\/\\\/cdn1.mediawpaccore.net\\\/wp-content\\\/uploads\\\/2026\\\/01\\\/23061750\\\/image-120.png\",\"keywords\":[\"agentes expuestos\",\"Canal Caribe\",\"censura\",\"Cuba\",\"elToque\",\"Hamlet Lavastida\",\"ICRT\",\"Juan Carlos\",\"medios estatales\",\"MININT\",\"Rafael Pupo Carnet\",\"represi\u00f3n\",\"Saucedo\",\"Seguridad del estado\",\"sepelio\",\"venezuela\"],\"articleSection\":[\"Noticias\",\"Noticias de Cuba\"],\"inLanguage\":\"es\",\"potentialAction\":[{\"@type\":\"CommentAction\",\"name\":\"Comment\",\"target\":[\"https:\\\/\\\/www.cuballama.com\\\/noticias\\\/identificado-otro-de-los-agentes-de-la-seguridad-del-estado-gracias-a-la-magia-de-la-television-y-fuentes-en-la-isla\\\/#respond\"]}]},{\"@type\":\"WebPage\",\"@id\":\"https:\\\/\\\/www.cuballama.com\\\/noticias\\\/identificado-otro-de-los-agentes-de-la-seguridad-del-estado-gracias-a-la-magia-de-la-television-y-fuentes-en-la-isla\\\/\",\"url\":\"https:\\\/\\\/www.cuballama.com\\\/noticias\\\/identificado-otro-de-los-agentes-de-la-seguridad-del-estado-gracias-a-la-magia-de-la-television-y-fuentes-en-la-isla\\\/\",\"name\":\"Identificado otro de los agentes de la Seguridad del Estado \\\"gracias a la magia de la Televisi\u00f3n\\\" y fuentes en la isla - Cuballama Noticias\",\"isPartOf\":{\"@id\":\"https:\\\/\\\/www.cuballama.com\\\/noticias\\\/#website\"},\"primaryImageOfPage\":{\"@id\":\"https:\\\/\\\/www.cuballama.com\\\/noticias\\\/identificado-otro-de-los-agentes-de-la-seguridad-del-estado-gracias-a-la-magia-de-la-television-y-fuentes-en-la-isla\\\/#primaryimage\"},\"image\":{\"@id\":\"https:\\\/\\\/www.cuballama.com\\\/noticias\\\/identificado-otro-de-los-agentes-de-la-seguridad-del-estado-gracias-a-la-magia-de-la-television-y-fuentes-en-la-isla\\\/#primaryimage\"},\"thumbnailUrl\":\"https:\\\/\\\/cdn1.mediawpaccore.net\\\/wp-content\\\/uploads\\\/2026\\\/01\\\/23061750\\\/image-120.png\",\"datePublished\":\"2026-01-23T18:57:33+00:00\",\"dateModified\":\"2026-01-23T18:57:36+00:00\",\"description\":\"Televisi\u00f3n estatal expuso a agentes de la Seguridad del Estado en Cuba; elTOQUE identifica a \u201cJuan Carlos\u201d como Rafael Pupo Carnet.\",\"breadcrumb\":{\"@id\":\"https:\\\/\\\/www.cuballama.com\\\/noticias\\\/identificado-otro-de-los-agentes-de-la-seguridad-del-estado-gracias-a-la-magia-de-la-television-y-fuentes-en-la-isla\\\/#breadcrumb\"},\"inLanguage\":\"es\",\"potentialAction\":[{\"@type\":\"ReadAction\",\"target\":[\"https:\\\/\\\/www.cuballama.com\\\/noticias\\\/identificado-otro-de-los-agentes-de-la-seguridad-del-estado-gracias-a-la-magia-de-la-television-y-fuentes-en-la-isla\\\/\"]}]},{\"@type\":\"ImageObject\",\"inLanguage\":\"es\",\"@id\":\"https:\\\/\\\/www.cuballama.com\\\/noticias\\\/identificado-otro-de-los-agentes-de-la-seguridad-del-estado-gracias-a-la-magia-de-la-television-y-fuentes-en-la-isla\\\/#primaryimage\",\"url\":\"https:\\\/\\\/cdn1.mediawpaccore.net\\\/wp-content\\\/uploads\\\/2026\\\/01\\\/23061750\\\/image-120.png\",\"contentUrl\":\"https:\\\/\\\/cdn1.mediawpaccore.net\\\/wp-content\\\/uploads\\\/2026\\\/01\\\/23061750\\\/image-120.png\",\"width\":1700,\"height\":956,\"caption\":\"Foto v\u00eda elTOQUE\"},{\"@type\":\"BreadcrumbList\",\"@id\":\"https:\\\/\\\/www.cuballama.com\\\/noticias\\\/identificado-otro-de-los-agentes-de-la-seguridad-del-estado-gracias-a-la-magia-de-la-television-y-fuentes-en-la-isla\\\/#breadcrumb\",\"itemListElement\":[{\"@type\":\"ListItem\",\"position\":1,\"name\":\"Home\",\"item\":\"https:\\\/\\\/www.cuballama.com\\\/noticias\\\/\"},{\"@type\":\"ListItem\",\"position\":2,\"name\":\"Identificado otro de los agentes de la Seguridad del Estado \u00abgracias a la magia de la Televisi\u00f3n\u00bb y fuentes en la isla\"}]},{\"@type\":\"WebSite\",\"@id\":\"https:\\\/\\\/www.cuballama.com\\\/noticias\\\/#website\",\"url\":\"https:\\\/\\\/www.cuballama.com\\\/noticias\\\/\",\"name\":\"Cuballama Noticias\",\"description\":\"Medio digital sobre Cuba y el mundo\",\"publisher\":{\"@id\":\"https:\\\/\\\/www.cuballama.com\\\/noticias\\\/#organization\"},\"potentialAction\":[{\"@type\":\"SearchAction\",\"target\":{\"@type\":\"EntryPoint\",\"urlTemplate\":\"https:\\\/\\\/www.cuballama.com\\\/noticias\\\/?s={search_term_string}\"},\"query-input\":{\"@type\":\"PropertyValueSpecification\",\"valueRequired\":true,\"valueName\":\"search_term_string\"}}],\"inLanguage\":\"es\"},{\"@type\":\"Organization\",\"@id\":\"https:\\\/\\\/www.cuballama.com\\\/noticias\\\/#organization\",\"name\":\"Cuballama\",\"url\":\"https:\\\/\\\/www.cuballama.com\\\/noticias\\\/\",\"logo\":{\"@type\":\"ImageObject\",\"inLanguage\":\"es\",\"@id\":\"https:\\\/\\\/www.cuballama.com\\\/noticias\\\/#\\\/schema\\\/logo\\\/image\\\/\",\"url\":\"https:\\\/\\\/cdn1.mediawpaccore.net\\\/wp-content\\\/uploads\\\/2021\\\/12\\\/28171206\\\/cbll-logo-color-sm.png\",\"contentUrl\":\"https:\\\/\\\/cdn1.mediawpaccore.net\\\/wp-content\\\/uploads\\\/2021\\\/12\\\/28171206\\\/cbll-logo-color-sm.png\",\"width\":600,\"height\":133,\"caption\":\"Cuballama\"},\"image\":{\"@id\":\"https:\\\/\\\/www.cuballama.com\\\/noticias\\\/#\\\/schema\\\/logo\\\/image\\\/\"},\"sameAs\":[\"https:\\\/\\\/www.facebook.com\\\/CubaLlama\",\"https:\\\/\\\/x.com\\\/cuballama\",\"https:\\\/\\\/www.instagram.com\\\/stories\\\/cuballama_oficial\\\/\",\"https:\\\/\\\/www.youtube.com\\\/channel\\\/UCKkFE-d_axENGZcrc4as0IA\"]},{\"@type\":\"Person\",\"@id\":\"https:\\\/\\\/www.cuballama.com\\\/noticias\\\/#\\\/schema\\\/person\\\/a58502ed4146c8e9f83872e897c76cd2\",\"name\":\"Roberto A.\",\"description\":\"Roberto A. Periodista por decisi\u00f3n propia. Interesado en cualquier tema que me apasione y cada vez m\u00e1s comprometido con la verdad y la objetividad period\u00edstica. Graduado en La Habana hace ya muchos a\u00f1os, luego de una accidentada y polvorienta b\u00fasqueda de informaci\u00f3n sobre un tema in\u00e9dito. La Tesis, por cierto, desapareci\u00f3 de la biblioteca y no se conservan copias de la misma.\",\"url\":\"https:\\\/\\\/www.cuballama.com\\\/noticias\\\/author\\\/roberto\\\/\"}]}<\/script>\n<!-- \/ Yoast SEO plugin. -->","yoast_head_json":{"title":"Identificado otro de los agentes de la Seguridad del Estado \"gracias a la magia de la Televisi\u00f3n\" y fuentes en la isla - Cuballama Noticias","description":"Televisi\u00f3n estatal expuso a agentes de la Seguridad del Estado en Cuba; elTOQUE identifica a \u201cJuan Carlos\u201d como Rafael Pupo Carnet.","robots":{"index":"index","follow":"follow","max-snippet":"max-snippet:-1","max-image-preview":"max-image-preview:large","max-video-preview":"max-video-preview:-1"},"canonical":"https:\/\/www.cuballama.com\/noticias\/identificado-otro-de-los-agentes-de-la-seguridad-del-estado-gracias-a-la-magia-de-la-television-y-fuentes-en-la-isla\/","og_locale":"es_ES","og_type":"article","og_title":"Identificado otro de los agentes de la Seguridad del Estado \"gracias a la magia de la Televisi\u00f3n\" y fuentes en la isla - Cuballama Noticias","og_description":"Televisi\u00f3n estatal expuso a agentes de la Seguridad del Estado en Cuba; elTOQUE identifica a \u201cJuan Carlos\u201d como Rafael Pupo Carnet.","og_url":"https:\/\/www.cuballama.com\/noticias\/identificado-otro-de-los-agentes-de-la-seguridad-del-estado-gracias-a-la-magia-de-la-television-y-fuentes-en-la-isla\/","og_site_name":"Cuballama Noticias","article_publisher":"https:\/\/www.facebook.com\/CubaLlama","article_published_time":"2026-01-23T18:57:33+00:00","article_modified_time":"2026-01-23T18:57:36+00:00","og_image":[{"width":1700,"height":956,"url":"https:\/\/cdn1.mediawpaccore.net\/wp-content\/uploads\/2026\/01\/23061750\/image-120.png","type":"image\/png"}],"author":"Roberto A.","twitter_card":"summary_large_image","twitter_creator":"@cuballama","twitter_site":"@cuballama","twitter_misc":{"Escrito por":"Roberto A.","Tiempo de lectura":"5 minutos"},"schema":{"@context":"https:\/\/schema.org","@graph":[{"@type":"Article","@id":"https:\/\/www.cuballama.com\/noticias\/identificado-otro-de-los-agentes-de-la-seguridad-del-estado-gracias-a-la-magia-de-la-television-y-fuentes-en-la-isla\/#article","isPartOf":{"@id":"https:\/\/www.cuballama.com\/noticias\/identificado-otro-de-los-agentes-de-la-seguridad-del-estado-gracias-a-la-magia-de-la-television-y-fuentes-en-la-isla\/"},"author":{"name":"Roberto A.","@id":"https:\/\/www.cuballama.com\/noticias\/#\/schema\/person\/a58502ed4146c8e9f83872e897c76cd2"},"headline":"Identificado otro de los agentes de la Seguridad del Estado \u00abgracias a la magia de la Televisi\u00f3n\u00bb y fuentes en la isla","datePublished":"2026-01-23T18:57:33+00:00","dateModified":"2026-01-23T18:57:36+00:00","mainEntityOfPage":{"@id":"https:\/\/www.cuballama.com\/noticias\/identificado-otro-de-los-agentes-de-la-seguridad-del-estado-gracias-a-la-magia-de-la-television-y-fuentes-en-la-isla\/"},"wordCount":987,"commentCount":0,"publisher":{"@id":"https:\/\/www.cuballama.com\/noticias\/#organization"},"image":{"@id":"https:\/\/www.cuballama.com\/noticias\/identificado-otro-de-los-agentes-de-la-seguridad-del-estado-gracias-a-la-magia-de-la-television-y-fuentes-en-la-isla\/#primaryimage"},"thumbnailUrl":"https:\/\/cdn1.mediawpaccore.net\/wp-content\/uploads\/2026\/01\/23061750\/image-120.png","keywords":["agentes expuestos","Canal Caribe","censura","Cuba","elToque","Hamlet Lavastida","ICRT","Juan Carlos","medios estatales","MININT","Rafael Pupo Carnet","represi\u00f3n","Saucedo","Seguridad del estado","sepelio","venezuela"],"articleSection":["Noticias","Noticias de Cuba"],"inLanguage":"es","potentialAction":[{"@type":"CommentAction","name":"Comment","target":["https:\/\/www.cuballama.com\/noticias\/identificado-otro-de-los-agentes-de-la-seguridad-del-estado-gracias-a-la-magia-de-la-television-y-fuentes-en-la-isla\/#respond"]}]},{"@type":"WebPage","@id":"https:\/\/www.cuballama.com\/noticias\/identificado-otro-de-los-agentes-de-la-seguridad-del-estado-gracias-a-la-magia-de-la-television-y-fuentes-en-la-isla\/","url":"https:\/\/www.cuballama.com\/noticias\/identificado-otro-de-los-agentes-de-la-seguridad-del-estado-gracias-a-la-magia-de-la-television-y-fuentes-en-la-isla\/","name":"Identificado otro de los agentes de la Seguridad del Estado \"gracias a la magia de la Televisi\u00f3n\" y fuentes en la isla - Cuballama Noticias","isPartOf":{"@id":"https:\/\/www.cuballama.com\/noticias\/#website"},"primaryImageOfPage":{"@id":"https:\/\/www.cuballama.com\/noticias\/identificado-otro-de-los-agentes-de-la-seguridad-del-estado-gracias-a-la-magia-de-la-television-y-fuentes-en-la-isla\/#primaryimage"},"image":{"@id":"https:\/\/www.cuballama.com\/noticias\/identificado-otro-de-los-agentes-de-la-seguridad-del-estado-gracias-a-la-magia-de-la-television-y-fuentes-en-la-isla\/#primaryimage"},"thumbnailUrl":"https:\/\/cdn1.mediawpaccore.net\/wp-content\/uploads\/2026\/01\/23061750\/image-120.png","datePublished":"2026-01-23T18:57:33+00:00","dateModified":"2026-01-23T18:57:36+00:00","description":"Televisi\u00f3n estatal expuso a agentes de la Seguridad del Estado en Cuba; elTOQUE identifica a \u201cJuan Carlos\u201d como Rafael Pupo Carnet.","breadcrumb":{"@id":"https:\/\/www.cuballama.com\/noticias\/identificado-otro-de-los-agentes-de-la-seguridad-del-estado-gracias-a-la-magia-de-la-television-y-fuentes-en-la-isla\/#breadcrumb"},"inLanguage":"es","potentialAction":[{"@type":"ReadAction","target":["https:\/\/www.cuballama.com\/noticias\/identificado-otro-de-los-agentes-de-la-seguridad-del-estado-gracias-a-la-magia-de-la-television-y-fuentes-en-la-isla\/"]}]},{"@type":"ImageObject","inLanguage":"es","@id":"https:\/\/www.cuballama.com\/noticias\/identificado-otro-de-los-agentes-de-la-seguridad-del-estado-gracias-a-la-magia-de-la-television-y-fuentes-en-la-isla\/#primaryimage","url":"https:\/\/cdn1.mediawpaccore.net\/wp-content\/uploads\/2026\/01\/23061750\/image-120.png","contentUrl":"https:\/\/cdn1.mediawpaccore.net\/wp-content\/uploads\/2026\/01\/23061750\/image-120.png","width":1700,"height":956,"caption":"Foto v\u00eda elTOQUE"},{"@type":"BreadcrumbList","@id":"https:\/\/www.cuballama.com\/noticias\/identificado-otro-de-los-agentes-de-la-seguridad-del-estado-gracias-a-la-magia-de-la-television-y-fuentes-en-la-isla\/#breadcrumb","itemListElement":[{"@type":"ListItem","position":1,"name":"Home","item":"https:\/\/www.cuballama.com\/noticias\/"},{"@type":"ListItem","position":2,"name":"Identificado otro de los agentes de la Seguridad del Estado \u00abgracias a la magia de la Televisi\u00f3n\u00bb y fuentes en la isla"}]},{"@type":"WebSite","@id":"https:\/\/www.cuballama.com\/noticias\/#website","url":"https:\/\/www.cuballama.com\/noticias\/","name":"Cuballama Noticias","description":"Medio digital sobre Cuba y el mundo","publisher":{"@id":"https:\/\/www.cuballama.com\/noticias\/#organization"},"potentialAction":[{"@type":"SearchAction","target":{"@type":"EntryPoint","urlTemplate":"https:\/\/www.cuballama.com\/noticias\/?s={search_term_string}"},"query-input":{"@type":"PropertyValueSpecification","valueRequired":true,"valueName":"search_term_string"}}],"inLanguage":"es"},{"@type":"Organization","@id":"https:\/\/www.cuballama.com\/noticias\/#organization","name":"Cuballama","url":"https:\/\/www.cuballama.com\/noticias\/","logo":{"@type":"ImageObject","inLanguage":"es","@id":"https:\/\/www.cuballama.com\/noticias\/#\/schema\/logo\/image\/","url":"https:\/\/cdn1.mediawpaccore.net\/wp-content\/uploads\/2021\/12\/28171206\/cbll-logo-color-sm.png","contentUrl":"https:\/\/cdn1.mediawpaccore.net\/wp-content\/uploads\/2021\/12\/28171206\/cbll-logo-color-sm.png","width":600,"height":133,"caption":"Cuballama"},"image":{"@id":"https:\/\/www.cuballama.com\/noticias\/#\/schema\/logo\/image\/"},"sameAs":["https:\/\/www.facebook.com\/CubaLlama","https:\/\/x.com\/cuballama","https:\/\/www.instagram.com\/stories\/cuballama_oficial\/","https:\/\/www.youtube.com\/channel\/UCKkFE-d_axENGZcrc4as0IA"]},{"@type":"Person","@id":"https:\/\/www.cuballama.com\/noticias\/#\/schema\/person\/a58502ed4146c8e9f83872e897c76cd2","name":"Roberto A.","description":"Roberto A. Periodista por decisi\u00f3n propia. Interesado en cualquier tema que me apasione y cada vez m\u00e1s comprometido con la verdad y la objetividad period\u00edstica. Graduado en La Habana hace ya muchos a\u00f1os, luego de una accidentada y polvorienta b\u00fasqueda de informaci\u00f3n sobre un tema in\u00e9dito. La Tesis, por cierto, desapareci\u00f3 de la biblioteca y no se conservan copias de la misma.","url":"https:\/\/www.cuballama.com\/noticias\/author\/roberto\/"}]}},"_links":{"self":[{"href":"https:\/\/www.cuballama.com\/noticias\/wp-json\/wp\/v2\/posts\/233128","targetHints":{"allow":["GET"]}}],"collection":[{"href":"https:\/\/www.cuballama.com\/noticias\/wp-json\/wp\/v2\/posts"}],"about":[{"href":"https:\/\/www.cuballama.com\/noticias\/wp-json\/wp\/v2\/types\/post"}],"author":[{"embeddable":true,"href":"https:\/\/www.cuballama.com\/noticias\/wp-json\/wp\/v2\/users\/13"}],"replies":[{"embeddable":true,"href":"https:\/\/www.cuballama.com\/noticias\/wp-json\/wp\/v2\/comments?post=233128"}],"version-history":[{"count":4,"href":"https:\/\/www.cuballama.com\/noticias\/wp-json\/wp\/v2\/posts\/233128\/revisions"}],"predecessor-version":[{"id":233142,"href":"https:\/\/www.cuballama.com\/noticias\/wp-json\/wp\/v2\/posts\/233128\/revisions\/233142"}],"wp:featuredmedia":[{"embeddable":true,"href":"https:\/\/www.cuballama.com\/noticias\/wp-json\/wp\/v2\/media\/233140"}],"wp:attachment":[{"href":"https:\/\/www.cuballama.com\/noticias\/wp-json\/wp\/v2\/media?parent=233128"}],"wp:term":[{"taxonomy":"category","embeddable":true,"href":"https:\/\/www.cuballama.com\/noticias\/wp-json\/wp\/v2\/categories?post=233128"},{"taxonomy":"post_tag","embeddable":true,"href":"https:\/\/www.cuballama.com\/noticias\/wp-json\/wp\/v2\/tags?post=233128"}],"curies":[{"name":"wp","href":"https:\/\/api.w.org\/{rel}","templated":true}]}}