{"id":233126,"date":"2026-01-23T13:57:02","date_gmt":"2026-01-23T18:57:02","guid":{"rendered":"https:\/\/www.cuballama.com\/noticias\/?p=233126"},"modified":"2026-01-23T13:57:04","modified_gmt":"2026-01-23T18:57:04","slug":"reportan-en-guantanamo-y-santiago-de-cuba-hechos-violentos-con-arma-blanca-contra-varias-mujeres","status":"publish","type":"post","link":"https:\/\/www.cuballama.com\/noticias\/reportan-en-guantanamo-y-santiago-de-cuba-hechos-violentos-con-arma-blanca-contra-varias-mujeres\/","title":{"rendered":"Reportan en Guant\u00e1namo y Santiago de Cuba hechos violentos con arma blanca contra varias mujeres"},"content":{"rendered":"\n<p>Dos reportes separados, uno en Guant\u00e1namo y otro en Santiago de Cuba, volvieron a poner el foco en la violencia con arma blanca contra mujeres y ni\u00f1as en la isla, en una jornada marcada por informaci\u00f3n fragmentaria, confirmaciones parciales y ausencia de un parte unificado de las autoridades.<\/p>\n\n\n\n<p>En Guant\u00e1namo, la plataforma Nio Reportando un Crimen divulg\u00f3 que en horas de la ma\u00f1ana, alrededor de las 10:00 a.m., un hombre apu\u00f1al\u00f3 a tres mujeres en las cercan\u00edas de un c\u00edrculo infantil. <\/p>\n\n\n\n<p><a href=\"https:\/\/www.instagram.com\/reel\/DT0oPcEDeY6\" target=\"_blank\" rel=\"noreferrer noopener\">Seg\u00fan esa versi\u00f3n<\/a>, una de las v\u00edctimas fue trasladada de urgencia y se encontraba en estado grave, mientras las otras dos recib\u00edan atenci\u00f3n m\u00e9dica, sin precisiones sobre su evoluci\u00f3n. El propio reporte subray\u00f3 que, hasta ese momento, no hab\u00eda confirmaci\u00f3n oficial sobre las circunstancias del ataque ni sobre si el agresor estaba bajo efectos de drogas. Medios que replicaron el aviso lo hicieron citando como origen el mismo perfil en redes.<\/p>\n\n\n\n<iframe loading=\"lazy\" src=\"https:\/\/www.facebook.com\/plugins\/video.php?height=476&#038;href=https%3A%2F%2Fwww.facebook.com%2Freel%2F1676855827014750%2F&#038;show_text=true&#038;width=267&#038;t=0\" width=\"267\" height=\"591\" style=\"border:none;overflow:hidden\" scrolling=\"no\" frameborder=\"0\" allowfullscreen=\"true\" allow=\"autoplay; clipboard-write; encrypted-media; picture-in-picture; web-share\" allowFullScreen=\"true\"><\/iframe>\n\n\n\n<p>En Santiago de Cuba, la informaci\u00f3n s\u00ed lleg\u00f3 acompa\u00f1ada de una nota institucional. <\/p>\n\n\n\n<p>La Direcci\u00f3n Provincial de Educaci\u00f3n en Santiago de Cuba inform\u00f3 en redes sociales que una estudiante del IPU Elvira Cape, en el municipio Songo La Maya, fue agredida con un arma blanca cuando se trasladaba del centro educativo hacia su vivienda, y precis\u00f3 que el hecho fue perpetrado por un individuo ajeno a la instituci\u00f3n. La estudiante fue trasladada de inmediato a un centro de salud y su estado fue reportado como estable. Publicaciones de prensa y p\u00e1ginas de noticias en el exilio reprodujeron ese texto oficial y lo enmarcaron en una creciente preocupaci\u00f3n por la seguridad de los estudiantes fuera del per\u00edmetro escolar.<\/p>\n\n\n\n<p>En redes, circularon comentarios que atribuyen el ataque de Songo La Maya a un v\u00ednculo familiar previo con la v\u00edctima, pero ese se\u00f1alamiento no forma parte del comunicado oficial y, por ahora, no puede darse por confirmado. Lo verificable, en cambio, es el contraste entre ambos episodios: en Guant\u00e1namo, el hecho se conoce por reportes ciudadanos sin parte p\u00fablico; en Santiago, existe una confirmaci\u00f3n institucional que acota el lugar, el momento y el estado de salud de la menor. Y claro, el hecho de que las v\u00edctimas sean todas mujeres.<\/p>\n\n\n\n<iframe loading=\"lazy\" src=\"https:\/\/www.facebook.com\/plugins\/post.php?href=https%3A%2F%2Fwww.facebook.com%2FDeuntijeretazo%2Fposts%2Fpfbid0DGt4JwSp3fbsBeUZ1BKu9ry7FKUrEDenzRzcwPuVBxALnsfr74ahRnHPj2u73thVl&#038;show_text=true&#038;width=500\" width=\"500\" height=\"748\" style=\"border:none;overflow:hidden\" scrolling=\"no\" frameborder=\"0\" allowfullscreen=\"true\" allow=\"autoplay; clipboard-write; encrypted-media; picture-in-picture; web-share\"><\/iframe>\n","protected":false},"excerpt":{"rendered":"<p>Reportes en Guant\u00e1namo y una nota oficial en Santiago de Cuba alertan sobre ataques con arma blanca contra mujeres y una estudiante.<\/p>\n","protected":false},"author":13,"featured_media":133536,"comment_status":"open","ping_status":"closed","sticky":false,"template":"","format":"standard","meta":{"_acf_changed":false,"footnotes":""},"categories":[18,955],"tags":[8667,30200,1151,30201,11054,160,24796,19008,682],"class_list":{"0":"post-233126","1":"post","2":"type-post","3":"status-publish","4":"format-standard","5":"has-post-thumbnail","7":"category-noticias","8":"category-noticias-de-cuba","9":"tag-arma-blanca","10":"tag-estudiante","11":"tag-guantanamo","12":"tag-ipu-elvira-cape","13":"tag-mujeres","14":"tag-santiago-de-cuba","15":"tag-seguridad-ciudadana","16":"tag-songo-la-maya-2","17":"tag-violencia"},"acf":[],"yoast_head":"<!-- This site is optimized with the Yoast SEO plugin v27.4 - https:\/\/yoast.com\/product\/yoast-seo-wordpress\/ -->\n<title>Reportan en Guant\u00e1namo y Santiago de Cuba hechos violentos con arma blanca contra varias mujeres - Cuballama Noticias<\/title>\n<meta name=\"description\" content=\"Dos ataques con arma blanca en Guant\u00e1namo y Songo La Maya, dejan mujeres heridas; autoridades confirman caso escolar en Cuba.\" \/>\n<meta name=\"robots\" content=\"index, follow, max-snippet:-1, max-image-preview:large, max-video-preview:-1\" \/>\n<link rel=\"canonical\" href=\"https:\/\/www.cuballama.com\/noticias\/reportan-en-guantanamo-y-santiago-de-cuba-hechos-violentos-con-arma-blanca-contra-varias-mujeres\/\" \/>\n<meta property=\"og:locale\" content=\"es_ES\" \/>\n<meta property=\"og:type\" content=\"article\" \/>\n<meta property=\"og:title\" content=\"Reportan en Guant\u00e1namo y Santiago de Cuba hechos violentos con arma blanca contra varias mujeres - Cuballama Noticias\" \/>\n<meta property=\"og:description\" content=\"Dos ataques con arma blanca en Guant\u00e1namo y Songo La Maya, dejan mujeres heridas; autoridades confirman caso escolar en Cuba.\" \/>\n<meta property=\"og:url\" content=\"https:\/\/www.cuballama.com\/noticias\/reportan-en-guantanamo-y-santiago-de-cuba-hechos-violentos-con-arma-blanca-contra-varias-mujeres\/\" \/>\n<meta property=\"og:site_name\" content=\"Cuballama Noticias\" \/>\n<meta property=\"article:publisher\" content=\"https:\/\/www.facebook.com\/CubaLlama\" \/>\n<meta property=\"article:published_time\" content=\"2026-01-23T18:57:02+00:00\" \/>\n<meta property=\"article:modified_time\" content=\"2026-01-23T18:57:04+00:00\" \/>\n<meta property=\"og:image\" content=\"https:\/\/cdn1.mediawpaccore.net\/wp-content\/uploads\/2023\/08\/15091259\/aniversario_64_PNR.jpg\" \/>\n\t<meta property=\"og:image:width\" content=\"1198\" \/>\n\t<meta property=\"og:image:height\" content=\"630\" \/>\n\t<meta property=\"og:image:type\" content=\"image\/jpeg\" \/>\n<meta name=\"author\" content=\"Roberto A.\" \/>\n<meta name=\"twitter:card\" content=\"summary_large_image\" \/>\n<meta name=\"twitter:creator\" content=\"@cuballama\" \/>\n<meta name=\"twitter:site\" content=\"@cuballama\" \/>\n<meta name=\"twitter:label1\" content=\"Escrito por\" \/>\n\t<meta name=\"twitter:data1\" content=\"Roberto A.\" \/>\n\t<meta name=\"twitter:label2\" content=\"Tiempo de lectura\" \/>\n\t<meta name=\"twitter:data2\" content=\"2 minutos\" \/>\n<script type=\"application\/ld+json\" class=\"yoast-schema-graph\">{\"@context\":\"https:\\\/\\\/schema.org\",\"@graph\":[{\"@type\":\"Article\",\"@id\":\"https:\\\/\\\/www.cuballama.com\\\/noticias\\\/reportan-en-guantanamo-y-santiago-de-cuba-hechos-violentos-con-arma-blanca-contra-varias-mujeres\\\/#article\",\"isPartOf\":{\"@id\":\"https:\\\/\\\/www.cuballama.com\\\/noticias\\\/reportan-en-guantanamo-y-santiago-de-cuba-hechos-violentos-con-arma-blanca-contra-varias-mujeres\\\/\"},\"author\":{\"name\":\"Roberto A.\",\"@id\":\"https:\\\/\\\/www.cuballama.com\\\/noticias\\\/#\\\/schema\\\/person\\\/a58502ed4146c8e9f83872e897c76cd2\"},\"headline\":\"Reportan en Guant\u00e1namo y Santiago de Cuba hechos violentos con arma blanca contra varias mujeres\",\"datePublished\":\"2026-01-23T18:57:02+00:00\",\"dateModified\":\"2026-01-23T18:57:04+00:00\",\"mainEntityOfPage\":{\"@id\":\"https:\\\/\\\/www.cuballama.com\\\/noticias\\\/reportan-en-guantanamo-y-santiago-de-cuba-hechos-violentos-con-arma-blanca-contra-varias-mujeres\\\/\"},\"wordCount\":407,\"commentCount\":0,\"publisher\":{\"@id\":\"https:\\\/\\\/www.cuballama.com\\\/noticias\\\/#organization\"},\"image\":{\"@id\":\"https:\\\/\\\/www.cuballama.com\\\/noticias\\\/reportan-en-guantanamo-y-santiago-de-cuba-hechos-violentos-con-arma-blanca-contra-varias-mujeres\\\/#primaryimage\"},\"thumbnailUrl\":\"https:\\\/\\\/cdn1.mediawpaccore.net\\\/wp-content\\\/uploads\\\/2023\\\/08\\\/15091259\\\/aniversario_64_PNR.jpg\",\"keywords\":[\"arma blanca\",\"estudiante\",\"Guant\u00e1namo\",\"IPU Elvira Cape\",\"Mujeres\",\"Santiago de Cuba\",\"seguridad ciudadana\",\"Songo La Maya\",\"Violencia\"],\"articleSection\":[\"Noticias\",\"Noticias de Cuba\"],\"inLanguage\":\"es\",\"potentialAction\":[{\"@type\":\"CommentAction\",\"name\":\"Comment\",\"target\":[\"https:\\\/\\\/www.cuballama.com\\\/noticias\\\/reportan-en-guantanamo-y-santiago-de-cuba-hechos-violentos-con-arma-blanca-contra-varias-mujeres\\\/#respond\"]}]},{\"@type\":\"WebPage\",\"@id\":\"https:\\\/\\\/www.cuballama.com\\\/noticias\\\/reportan-en-guantanamo-y-santiago-de-cuba-hechos-violentos-con-arma-blanca-contra-varias-mujeres\\\/\",\"url\":\"https:\\\/\\\/www.cuballama.com\\\/noticias\\\/reportan-en-guantanamo-y-santiago-de-cuba-hechos-violentos-con-arma-blanca-contra-varias-mujeres\\\/\",\"name\":\"Reportan en Guant\u00e1namo y Santiago de Cuba hechos violentos con arma blanca contra varias mujeres - Cuballama Noticias\",\"isPartOf\":{\"@id\":\"https:\\\/\\\/www.cuballama.com\\\/noticias\\\/#website\"},\"primaryImageOfPage\":{\"@id\":\"https:\\\/\\\/www.cuballama.com\\\/noticias\\\/reportan-en-guantanamo-y-santiago-de-cuba-hechos-violentos-con-arma-blanca-contra-varias-mujeres\\\/#primaryimage\"},\"image\":{\"@id\":\"https:\\\/\\\/www.cuballama.com\\\/noticias\\\/reportan-en-guantanamo-y-santiago-de-cuba-hechos-violentos-con-arma-blanca-contra-varias-mujeres\\\/#primaryimage\"},\"thumbnailUrl\":\"https:\\\/\\\/cdn1.mediawpaccore.net\\\/wp-content\\\/uploads\\\/2023\\\/08\\\/15091259\\\/aniversario_64_PNR.jpg\",\"datePublished\":\"2026-01-23T18:57:02+00:00\",\"dateModified\":\"2026-01-23T18:57:04+00:00\",\"description\":\"Dos ataques con arma blanca en Guant\u00e1namo y Songo La Maya, dejan mujeres heridas; autoridades confirman caso escolar en Cuba.\",\"breadcrumb\":{\"@id\":\"https:\\\/\\\/www.cuballama.com\\\/noticias\\\/reportan-en-guantanamo-y-santiago-de-cuba-hechos-violentos-con-arma-blanca-contra-varias-mujeres\\\/#breadcrumb\"},\"inLanguage\":\"es\",\"potentialAction\":[{\"@type\":\"ReadAction\",\"target\":[\"https:\\\/\\\/www.cuballama.com\\\/noticias\\\/reportan-en-guantanamo-y-santiago-de-cuba-hechos-violentos-con-arma-blanca-contra-varias-mujeres\\\/\"]}]},{\"@type\":\"ImageObject\",\"inLanguage\":\"es\",\"@id\":\"https:\\\/\\\/www.cuballama.com\\\/noticias\\\/reportan-en-guantanamo-y-santiago-de-cuba-hechos-violentos-con-arma-blanca-contra-varias-mujeres\\\/#primaryimage\",\"url\":\"https:\\\/\\\/cdn1.mediawpaccore.net\\\/wp-content\\\/uploads\\\/2023\\\/08\\\/15091259\\\/aniversario_64_PNR.jpg\",\"contentUrl\":\"https:\\\/\\\/cdn1.mediawpaccore.net\\\/wp-content\\\/uploads\\\/2023\\\/08\\\/15091259\\\/aniversario_64_PNR.jpg\",\"width\":1198,\"height\":630,\"caption\":\"Foto: REFERENCIAL. V\u00eda Guerrillero.cu\"},{\"@type\":\"BreadcrumbList\",\"@id\":\"https:\\\/\\\/www.cuballama.com\\\/noticias\\\/reportan-en-guantanamo-y-santiago-de-cuba-hechos-violentos-con-arma-blanca-contra-varias-mujeres\\\/#breadcrumb\",\"itemListElement\":[{\"@type\":\"ListItem\",\"position\":1,\"name\":\"Home\",\"item\":\"https:\\\/\\\/www.cuballama.com\\\/noticias\\\/\"},{\"@type\":\"ListItem\",\"position\":2,\"name\":\"Reportan en Guant\u00e1namo y Santiago de Cuba hechos violentos con arma blanca contra varias mujeres\"}]},{\"@type\":\"WebSite\",\"@id\":\"https:\\\/\\\/www.cuballama.com\\\/noticias\\\/#website\",\"url\":\"https:\\\/\\\/www.cuballama.com\\\/noticias\\\/\",\"name\":\"Cuballama Noticias\",\"description\":\"Medio digital sobre Cuba y el mundo\",\"publisher\":{\"@id\":\"https:\\\/\\\/www.cuballama.com\\\/noticias\\\/#organization\"},\"potentialAction\":[{\"@type\":\"SearchAction\",\"target\":{\"@type\":\"EntryPoint\",\"urlTemplate\":\"https:\\\/\\\/www.cuballama.com\\\/noticias\\\/?s={search_term_string}\"},\"query-input\":{\"@type\":\"PropertyValueSpecification\",\"valueRequired\":true,\"valueName\":\"search_term_string\"}}],\"inLanguage\":\"es\"},{\"@type\":\"Organization\",\"@id\":\"https:\\\/\\\/www.cuballama.com\\\/noticias\\\/#organization\",\"name\":\"Cuballama\",\"url\":\"https:\\\/\\\/www.cuballama.com\\\/noticias\\\/\",\"logo\":{\"@type\":\"ImageObject\",\"inLanguage\":\"es\",\"@id\":\"https:\\\/\\\/www.cuballama.com\\\/noticias\\\/#\\\/schema\\\/logo\\\/image\\\/\",\"url\":\"https:\\\/\\\/cdn1.mediawpaccore.net\\\/wp-content\\\/uploads\\\/2021\\\/12\\\/28171206\\\/cbll-logo-color-sm.png\",\"contentUrl\":\"https:\\\/\\\/cdn1.mediawpaccore.net\\\/wp-content\\\/uploads\\\/2021\\\/12\\\/28171206\\\/cbll-logo-color-sm.png\",\"width\":600,\"height\":133,\"caption\":\"Cuballama\"},\"image\":{\"@id\":\"https:\\\/\\\/www.cuballama.com\\\/noticias\\\/#\\\/schema\\\/logo\\\/image\\\/\"},\"sameAs\":[\"https:\\\/\\\/www.facebook.com\\\/CubaLlama\",\"https:\\\/\\\/x.com\\\/cuballama\",\"https:\\\/\\\/www.instagram.com\\\/stories\\\/cuballama_oficial\\\/\",\"https:\\\/\\\/www.youtube.com\\\/channel\\\/UCKkFE-d_axENGZcrc4as0IA\"]},{\"@type\":\"Person\",\"@id\":\"https:\\\/\\\/www.cuballama.com\\\/noticias\\\/#\\\/schema\\\/person\\\/a58502ed4146c8e9f83872e897c76cd2\",\"name\":\"Roberto A.\",\"description\":\"Roberto A. Periodista por decisi\u00f3n propia. Interesado en cualquier tema que me apasione y cada vez m\u00e1s comprometido con la verdad y la objetividad period\u00edstica. Graduado en La Habana hace ya muchos a\u00f1os, luego de una accidentada y polvorienta b\u00fasqueda de informaci\u00f3n sobre un tema in\u00e9dito. La Tesis, por cierto, desapareci\u00f3 de la biblioteca y no se conservan copias de la misma.\",\"url\":\"https:\\\/\\\/www.cuballama.com\\\/noticias\\\/author\\\/roberto\\\/\"}]}<\/script>\n<!-- \/ Yoast SEO plugin. -->","yoast_head_json":{"title":"Reportan en Guant\u00e1namo y Santiago de Cuba hechos violentos con arma blanca contra varias mujeres - Cuballama Noticias","description":"Dos ataques con arma blanca en Guant\u00e1namo y Songo La Maya, dejan mujeres heridas; autoridades confirman caso escolar en Cuba.","robots":{"index":"index","follow":"follow","max-snippet":"max-snippet:-1","max-image-preview":"max-image-preview:large","max-video-preview":"max-video-preview:-1"},"canonical":"https:\/\/www.cuballama.com\/noticias\/reportan-en-guantanamo-y-santiago-de-cuba-hechos-violentos-con-arma-blanca-contra-varias-mujeres\/","og_locale":"es_ES","og_type":"article","og_title":"Reportan en Guant\u00e1namo y Santiago de Cuba hechos violentos con arma blanca contra varias mujeres - Cuballama Noticias","og_description":"Dos ataques con arma blanca en Guant\u00e1namo y Songo La Maya, dejan mujeres heridas; autoridades confirman caso escolar en Cuba.","og_url":"https:\/\/www.cuballama.com\/noticias\/reportan-en-guantanamo-y-santiago-de-cuba-hechos-violentos-con-arma-blanca-contra-varias-mujeres\/","og_site_name":"Cuballama Noticias","article_publisher":"https:\/\/www.facebook.com\/CubaLlama","article_published_time":"2026-01-23T18:57:02+00:00","article_modified_time":"2026-01-23T18:57:04+00:00","og_image":[{"width":1198,"height":630,"url":"https:\/\/cdn1.mediawpaccore.net\/wp-content\/uploads\/2023\/08\/15091259\/aniversario_64_PNR.jpg","type":"image\/jpeg"}],"author":"Roberto A.","twitter_card":"summary_large_image","twitter_creator":"@cuballama","twitter_site":"@cuballama","twitter_misc":{"Escrito por":"Roberto A.","Tiempo de lectura":"2 minutos"},"schema":{"@context":"https:\/\/schema.org","@graph":[{"@type":"Article","@id":"https:\/\/www.cuballama.com\/noticias\/reportan-en-guantanamo-y-santiago-de-cuba-hechos-violentos-con-arma-blanca-contra-varias-mujeres\/#article","isPartOf":{"@id":"https:\/\/www.cuballama.com\/noticias\/reportan-en-guantanamo-y-santiago-de-cuba-hechos-violentos-con-arma-blanca-contra-varias-mujeres\/"},"author":{"name":"Roberto A.","@id":"https:\/\/www.cuballama.com\/noticias\/#\/schema\/person\/a58502ed4146c8e9f83872e897c76cd2"},"headline":"Reportan en Guant\u00e1namo y Santiago de Cuba hechos violentos con arma blanca contra varias mujeres","datePublished":"2026-01-23T18:57:02+00:00","dateModified":"2026-01-23T18:57:04+00:00","mainEntityOfPage":{"@id":"https:\/\/www.cuballama.com\/noticias\/reportan-en-guantanamo-y-santiago-de-cuba-hechos-violentos-con-arma-blanca-contra-varias-mujeres\/"},"wordCount":407,"commentCount":0,"publisher":{"@id":"https:\/\/www.cuballama.com\/noticias\/#organization"},"image":{"@id":"https:\/\/www.cuballama.com\/noticias\/reportan-en-guantanamo-y-santiago-de-cuba-hechos-violentos-con-arma-blanca-contra-varias-mujeres\/#primaryimage"},"thumbnailUrl":"https:\/\/cdn1.mediawpaccore.net\/wp-content\/uploads\/2023\/08\/15091259\/aniversario_64_PNR.jpg","keywords":["arma blanca","estudiante","Guant\u00e1namo","IPU Elvira Cape","Mujeres","Santiago de Cuba","seguridad ciudadana","Songo La Maya","Violencia"],"articleSection":["Noticias","Noticias de Cuba"],"inLanguage":"es","potentialAction":[{"@type":"CommentAction","name":"Comment","target":["https:\/\/www.cuballama.com\/noticias\/reportan-en-guantanamo-y-santiago-de-cuba-hechos-violentos-con-arma-blanca-contra-varias-mujeres\/#respond"]}]},{"@type":"WebPage","@id":"https:\/\/www.cuballama.com\/noticias\/reportan-en-guantanamo-y-santiago-de-cuba-hechos-violentos-con-arma-blanca-contra-varias-mujeres\/","url":"https:\/\/www.cuballama.com\/noticias\/reportan-en-guantanamo-y-santiago-de-cuba-hechos-violentos-con-arma-blanca-contra-varias-mujeres\/","name":"Reportan en Guant\u00e1namo y Santiago de Cuba hechos violentos con arma blanca contra varias mujeres - Cuballama Noticias","isPartOf":{"@id":"https:\/\/www.cuballama.com\/noticias\/#website"},"primaryImageOfPage":{"@id":"https:\/\/www.cuballama.com\/noticias\/reportan-en-guantanamo-y-santiago-de-cuba-hechos-violentos-con-arma-blanca-contra-varias-mujeres\/#primaryimage"},"image":{"@id":"https:\/\/www.cuballama.com\/noticias\/reportan-en-guantanamo-y-santiago-de-cuba-hechos-violentos-con-arma-blanca-contra-varias-mujeres\/#primaryimage"},"thumbnailUrl":"https:\/\/cdn1.mediawpaccore.net\/wp-content\/uploads\/2023\/08\/15091259\/aniversario_64_PNR.jpg","datePublished":"2026-01-23T18:57:02+00:00","dateModified":"2026-01-23T18:57:04+00:00","description":"Dos ataques con arma blanca en Guant\u00e1namo y Songo La Maya, dejan mujeres heridas; autoridades confirman caso escolar en Cuba.","breadcrumb":{"@id":"https:\/\/www.cuballama.com\/noticias\/reportan-en-guantanamo-y-santiago-de-cuba-hechos-violentos-con-arma-blanca-contra-varias-mujeres\/#breadcrumb"},"inLanguage":"es","potentialAction":[{"@type":"ReadAction","target":["https:\/\/www.cuballama.com\/noticias\/reportan-en-guantanamo-y-santiago-de-cuba-hechos-violentos-con-arma-blanca-contra-varias-mujeres\/"]}]},{"@type":"ImageObject","inLanguage":"es","@id":"https:\/\/www.cuballama.com\/noticias\/reportan-en-guantanamo-y-santiago-de-cuba-hechos-violentos-con-arma-blanca-contra-varias-mujeres\/#primaryimage","url":"https:\/\/cdn1.mediawpaccore.net\/wp-content\/uploads\/2023\/08\/15091259\/aniversario_64_PNR.jpg","contentUrl":"https:\/\/cdn1.mediawpaccore.net\/wp-content\/uploads\/2023\/08\/15091259\/aniversario_64_PNR.jpg","width":1198,"height":630,"caption":"Foto: REFERENCIAL. V\u00eda Guerrillero.cu"},{"@type":"BreadcrumbList","@id":"https:\/\/www.cuballama.com\/noticias\/reportan-en-guantanamo-y-santiago-de-cuba-hechos-violentos-con-arma-blanca-contra-varias-mujeres\/#breadcrumb","itemListElement":[{"@type":"ListItem","position":1,"name":"Home","item":"https:\/\/www.cuballama.com\/noticias\/"},{"@type":"ListItem","position":2,"name":"Reportan en Guant\u00e1namo y Santiago de Cuba hechos violentos con arma blanca contra varias mujeres"}]},{"@type":"WebSite","@id":"https:\/\/www.cuballama.com\/noticias\/#website","url":"https:\/\/www.cuballama.com\/noticias\/","name":"Cuballama Noticias","description":"Medio digital sobre Cuba y el mundo","publisher":{"@id":"https:\/\/www.cuballama.com\/noticias\/#organization"},"potentialAction":[{"@type":"SearchAction","target":{"@type":"EntryPoint","urlTemplate":"https:\/\/www.cuballama.com\/noticias\/?s={search_term_string}"},"query-input":{"@type":"PropertyValueSpecification","valueRequired":true,"valueName":"search_term_string"}}],"inLanguage":"es"},{"@type":"Organization","@id":"https:\/\/www.cuballama.com\/noticias\/#organization","name":"Cuballama","url":"https:\/\/www.cuballama.com\/noticias\/","logo":{"@type":"ImageObject","inLanguage":"es","@id":"https:\/\/www.cuballama.com\/noticias\/#\/schema\/logo\/image\/","url":"https:\/\/cdn1.mediawpaccore.net\/wp-content\/uploads\/2021\/12\/28171206\/cbll-logo-color-sm.png","contentUrl":"https:\/\/cdn1.mediawpaccore.net\/wp-content\/uploads\/2021\/12\/28171206\/cbll-logo-color-sm.png","width":600,"height":133,"caption":"Cuballama"},"image":{"@id":"https:\/\/www.cuballama.com\/noticias\/#\/schema\/logo\/image\/"},"sameAs":["https:\/\/www.facebook.com\/CubaLlama","https:\/\/x.com\/cuballama","https:\/\/www.instagram.com\/stories\/cuballama_oficial\/","https:\/\/www.youtube.com\/channel\/UCKkFE-d_axENGZcrc4as0IA"]},{"@type":"Person","@id":"https:\/\/www.cuballama.com\/noticias\/#\/schema\/person\/a58502ed4146c8e9f83872e897c76cd2","name":"Roberto A.","description":"Roberto A. Periodista por decisi\u00f3n propia. Interesado en cualquier tema que me apasione y cada vez m\u00e1s comprometido con la verdad y la objetividad period\u00edstica. Graduado en La Habana hace ya muchos a\u00f1os, luego de una accidentada y polvorienta b\u00fasqueda de informaci\u00f3n sobre un tema in\u00e9dito. La Tesis, por cierto, desapareci\u00f3 de la biblioteca y no se conservan copias de la misma.","url":"https:\/\/www.cuballama.com\/noticias\/author\/roberto\/"}]}},"_links":{"self":[{"href":"https:\/\/www.cuballama.com\/noticias\/wp-json\/wp\/v2\/posts\/233126","targetHints":{"allow":["GET"]}}],"collection":[{"href":"https:\/\/www.cuballama.com\/noticias\/wp-json\/wp\/v2\/posts"}],"about":[{"href":"https:\/\/www.cuballama.com\/noticias\/wp-json\/wp\/v2\/types\/post"}],"author":[{"embeddable":true,"href":"https:\/\/www.cuballama.com\/noticias\/wp-json\/wp\/v2\/users\/13"}],"replies":[{"embeddable":true,"href":"https:\/\/www.cuballama.com\/noticias\/wp-json\/wp\/v2\/comments?post=233126"}],"version-history":[{"count":2,"href":"https:\/\/www.cuballama.com\/noticias\/wp-json\/wp\/v2\/posts\/233126\/revisions"}],"predecessor-version":[{"id":233136,"href":"https:\/\/www.cuballama.com\/noticias\/wp-json\/wp\/v2\/posts\/233126\/revisions\/233136"}],"wp:featuredmedia":[{"embeddable":true,"href":"https:\/\/www.cuballama.com\/noticias\/wp-json\/wp\/v2\/media\/133536"}],"wp:attachment":[{"href":"https:\/\/www.cuballama.com\/noticias\/wp-json\/wp\/v2\/media?parent=233126"}],"wp:term":[{"taxonomy":"category","embeddable":true,"href":"https:\/\/www.cuballama.com\/noticias\/wp-json\/wp\/v2\/categories?post=233126"},{"taxonomy":"post_tag","embeddable":true,"href":"https:\/\/www.cuballama.com\/noticias\/wp-json\/wp\/v2\/tags?post=233126"}],"curies":[{"name":"wp","href":"https:\/\/api.w.org\/{rel}","templated":true}]}}