{"id":233124,"date":"2026-01-23T13:56:33","date_gmt":"2026-01-23T18:56:33","guid":{"rendered":"https:\/\/www.cuballama.com\/noticias\/?p=233124"},"modified":"2026-01-23T13:56:36","modified_gmt":"2026-01-23T18:56:36","slug":"ice-arresta-al-cantante-cubano-conocido-como-el-chulo","status":"publish","type":"post","link":"https:\/\/www.cuballama.com\/noticias\/ice-arresta-al-cantante-cubano-conocido-como-el-chulo\/","title":{"rendered":"ICE arresta al cantante cubano conocido como El Chulo"},"content":{"rendered":"\n<p>El reguetonero cubano Abel D\u00edaz Rodr\u00edguez, conocido art\u00edsticamente como El Chulo, fue detenido el jueves 22 de enero de 2026 por agentes del Servicio de Inmigraci\u00f3n y Control de Aduanas (ICE) en Estados Unidos, en un arresto atribuido a una vieja orden de deportaci\u00f3n que habr\u00eda quedado activa desde a\u00f1os atr\u00e1s. <\/p>\n\n\n\n<p>La informaci\u00f3n comenz\u00f3 a circular a partir de capturas del localizador de detenidos de ICE compartidas en redes sociales y fue confirmada despu\u00e9s por voces del entorno medi\u00e1tico del exilio cubano, como El Mart\u00ed to Durako, mientras las autoridades no divulgaban p\u00fablicamente detalles sobre el lugar exacto de reclusi\u00f3n ni sobre los pr\u00f3ximos pasos del caso.<\/p>\n\n\n\n<blockquote class=\"instagram-media\" data-instgrm-captioned data-instgrm-permalink=\"https:\/\/www.instagram.com\/p\/DT1ZS3vCLDh\/?utm_source=ig_embed&amp;utm_campaign=loading\" data-instgrm-version=\"14\" style=\" background:#FFF; border:0; border-radius:3px; box-shadow:0 0 1px 0 rgba(0,0,0,0.5),0 1px 10px 0 rgba(0,0,0,0.15); margin: 1px; max-width:540px; min-width:326px; padding:0; width:99.375%; width:-webkit-calc(100% - 2px); width:calc(100% - 2px);\"><div style=\"padding:16px;\"> <a href=\"https:\/\/www.instagram.com\/p\/DT1ZS3vCLDh\/?utm_source=ig_embed&amp;utm_campaign=loading\" style=\" background:#FFFFFF; line-height:0; padding:0 0; text-align:center; text-decoration:none; width:100%;\" target=\"_blank\"> <div style=\" display: flex; flex-direction: row; align-items: center;\"> <div style=\"background-color: #F4F4F4; border-radius: 50%; flex-grow: 0; height: 40px; margin-right: 14px; width: 40px;\"><\/div> <div style=\"display: flex; flex-direction: column; flex-grow: 1; justify-content: center;\"> <div style=\" background-color: #F4F4F4; border-radius: 4px; flex-grow: 0; height: 14px; margin-bottom: 6px; width: 100px;\"><\/div> <div style=\" background-color: #F4F4F4; border-radius: 4px; flex-grow: 0; height: 14px; width: 60px;\"><\/div><\/div><\/div><div style=\"padding: 19% 0;\"><\/div> <div style=\"display:block; height:50px; margin:0 auto 12px; width:50px;\"><svg width=\"50px\" height=\"50px\" viewBox=\"0 0 60 60\" version=\"1.1\" xmlns=\"https:\/\/www.w3.org\/2000\/svg\" xmlns:xlink=\"https:\/\/www.w3.org\/1999\/xlink\"><g stroke=\"none\" stroke-width=\"1\" fill=\"none\" fill-rule=\"evenodd\"><g transform=\"translate(-511.000000, -20.000000)\" fill=\"#000000\"><g><path d=\"M556.869,30.41 C554.814,30.41 553.148,32.076 553.148,34.131 C553.148,36.186 554.814,37.852 556.869,37.852 C558.924,37.852 560.59,36.186 560.59,34.131 C560.59,32.076 558.924,30.41 556.869,30.41 M541,60.657 C535.114,60.657 530.342,55.887 530.342,50 C530.342,44.114 535.114,39.342 541,39.342 C546.887,39.342 551.658,44.114 551.658,50 C551.658,55.887 546.887,60.657 541,60.657 M541,33.886 C532.1,33.886 524.886,41.1 524.886,50 C524.886,58.899 532.1,66.113 541,66.113 C549.9,66.113 557.115,58.899 557.115,50 C557.115,41.1 549.9,33.886 541,33.886 M565.378,62.101 C565.244,65.022 564.756,66.606 564.346,67.663 C563.803,69.06 563.154,70.057 562.106,71.106 C561.058,72.155 560.06,72.803 558.662,73.347 C557.607,73.757 556.021,74.244 553.102,74.378 C549.944,74.521 548.997,74.552 541,74.552 C533.003,74.552 532.056,74.521 528.898,74.378 C525.979,74.244 524.393,73.757 523.338,73.347 C521.94,72.803 520.942,72.155 519.894,71.106 C518.846,70.057 518.197,69.06 517.654,67.663 C517.244,66.606 516.755,65.022 516.623,62.101 C516.479,58.943 516.448,57.996 516.448,50 C516.448,42.003 516.479,41.056 516.623,37.899 C516.755,34.978 517.244,33.391 517.654,32.338 C518.197,30.938 518.846,29.942 519.894,28.894 C520.942,27.846 521.94,27.196 523.338,26.654 C524.393,26.244 525.979,25.756 528.898,25.623 C532.057,25.479 533.004,25.448 541,25.448 C548.997,25.448 549.943,25.479 553.102,25.623 C556.021,25.756 557.607,26.244 558.662,26.654 C560.06,27.196 561.058,27.846 562.106,28.894 C563.154,29.942 563.803,30.938 564.346,32.338 C564.756,33.391 565.244,34.978 565.378,37.899 C565.522,41.056 565.552,42.003 565.552,50 C565.552,57.996 565.522,58.943 565.378,62.101 M570.82,37.631 C570.674,34.438 570.167,32.258 569.425,30.349 C568.659,28.377 567.633,26.702 565.965,25.035 C564.297,23.368 562.623,22.342 560.652,21.575 C558.743,20.834 556.562,20.326 553.369,20.18 C550.169,20.033 549.148,20 541,20 C532.853,20 531.831,20.033 528.631,20.18 C525.438,20.326 523.257,20.834 521.349,21.575 C519.376,22.342 517.703,23.368 516.035,25.035 C514.368,26.702 513.342,28.377 512.574,30.349 C511.834,32.258 511.326,34.438 511.181,37.631 C511.035,40.831 511,41.851 511,50 C511,58.147 511.035,59.17 511.181,62.369 C511.326,65.562 511.834,67.743 512.574,69.651 C513.342,71.625 514.368,73.296 516.035,74.965 C517.703,76.634 519.376,77.658 521.349,78.425 C523.257,79.167 525.438,79.673 528.631,79.82 C531.831,79.965 532.853,80.001 541,80.001 C549.148,80.001 550.169,79.965 553.369,79.82 C556.562,79.673 558.743,79.167 560.652,78.425 C562.623,77.658 564.297,76.634 565.965,74.965 C567.633,73.296 568.659,71.625 569.425,69.651 C570.167,67.743 570.674,65.562 570.82,62.369 C570.966,59.17 571,58.147 571,50 C571,41.851 570.966,40.831 570.82,37.631\"><\/path><\/g><\/g><\/g><\/svg><\/div><div style=\"padding-top: 8px;\"> <div style=\" color:#3897f0; font-family:Arial,sans-serif; font-size:14px; font-style:normal; font-weight:550; line-height:18px;\">View this post on Instagram<\/div><\/div><div style=\"padding: 12.5% 0;\"><\/div> <div style=\"display: flex; flex-direction: row; margin-bottom: 14px; align-items: center;\"><div> <div style=\"background-color: #F4F4F4; border-radius: 50%; height: 12.5px; width: 12.5px; transform: translateX(0px) translateY(7px);\"><\/div> <div style=\"background-color: #F4F4F4; height: 12.5px; transform: rotate(-45deg) translateX(3px) translateY(1px); width: 12.5px; flex-grow: 0; margin-right: 14px; margin-left: 2px;\"><\/div> <div style=\"background-color: #F4F4F4; border-radius: 50%; height: 12.5px; width: 12.5px; transform: translateX(9px) translateY(-18px);\"><\/div><\/div><div style=\"margin-left: 8px;\"> <div style=\" background-color: #F4F4F4; border-radius: 50%; flex-grow: 0; height: 20px; width: 20px;\"><\/div> <div style=\" width: 0; height: 0; border-top: 2px solid transparent; border-left: 6px solid #f4f4f4; border-bottom: 2px solid transparent; transform: translateX(16px) translateY(-4px) rotate(30deg)\"><\/div><\/div><div style=\"margin-left: auto;\"> <div style=\" width: 0px; border-top: 8px solid #F4F4F4; border-right: 8px solid transparent; transform: translateY(16px);\"><\/div> <div style=\" background-color: #F4F4F4; flex-grow: 0; height: 12px; width: 16px; transform: translateY(-4px);\"><\/div> <div style=\" width: 0; height: 0; border-top: 8px solid #F4F4F4; border-left: 8px solid transparent; transform: translateY(-4px) translateX(8px);\"><\/div><\/div><\/div> <div style=\"display: flex; flex-direction: column; flex-grow: 1; justify-content: center; margin-bottom: 24px;\"> <div style=\" background-color: #F4F4F4; border-radius: 4px; flex-grow: 0; height: 14px; margin-bottom: 6px; width: 224px;\"><\/div> <div style=\" background-color: #F4F4F4; border-radius: 4px; flex-grow: 0; height: 14px; width: 144px;\"><\/div><\/div><\/a><p style=\" color:#c9c8cd; font-family:Arial,sans-serif; font-size:14px; line-height:17px; margin-bottom:0; margin-top:8px; overflow:hidden; padding:8px 0 7px; text-align:center; text-overflow:ellipsis; white-space:nowrap;\"><a href=\"https:\/\/www.instagram.com\/p\/DT1ZS3vCLDh\/?utm_source=ig_embed&amp;utm_campaign=loading\" style=\" color:#c9c8cd; font-family:Arial,sans-serif; font-size:14px; font-style:normal; font-weight:normal; line-height:17px; text-decoration:none;\" target=\"_blank\">A post shared by un_martitodurako8_live_oficial (@un_martitodurako8_live_oficial)<\/a><\/p><\/div><\/blockquote>\n<script async src=\"\/\/www.instagram.com\/embed.js\"><\/script>\n\n\n\n<p>R\u00e1pidamente, comunicadores e influencers cubanos como lo son Niover Licea, de Nio Reportando un crimen, y el periodista <a href=\"https:\/\/www.facebook.com\/MarioJPenton\/posts\/pfbid0XDerSN51QddeSVTQrC12iaNoVcoPYEVgynJAjyvWDAC3Dg5G6Ygymw1zv47H3t85l\" target=\"_blank\" rel=\"noreferrer noopener\">Mario J. Pent\u00f3n<\/a> la reprodujeron en sus plataformas.<\/p>\n\n\n\n<iframe loading=\"lazy\" src=\"https:\/\/www.facebook.com\/plugins\/post.php?href=https%3A%2F%2Fwww.facebook.com%2FMarioJPenton%2Fposts%2Fpfbid0XDerSN51QddeSVTQrC12iaNoVcoPYEVgynJAjyvWDAC3Dg5G6Ygymw1zv47H3t85l&#038;show_text=true&#038;width=500\" width=\"500\" height=\"679\" style=\"border:none;overflow:hidden\" scrolling=\"no\" frameborder=\"0\" allowfullscreen=\"true\" allow=\"autoplay; clipboard-write; encrypted-media; picture-in-picture; web-share\"><\/iframe>\n\n\n\n<iframe loading=\"lazy\" src=\"https:\/\/www.facebook.com\/plugins\/video.php?height=476&#038;href=https%3A%2F%2Fwww.facebook.com%2Freel%2F1569330697440856%2F&#038;show_text=true&#038;width=267&#038;t=0\" width=\"267\" height=\"591\" style=\"border:none;overflow:hidden\" scrolling=\"no\" frameborder=\"0\" allowfullscreen=\"true\" allow=\"autoplay; clipboard-write; encrypted-media; picture-in-picture; web-share\" allowFullScreen=\"true\"><\/iframe>\n\n\n\n<p>El episodio reabre un expediente que, aunque se ha contado por partes durante a\u00f1os, vuelve ahora con fuerza por el componente migratorio. En septiembre de 2018, Am\u00e9rica TeV\u00e9 report\u00f3 que su detenci\u00f3n de entonces no respond\u00eda a un nuevo delito, sino a un problema con su estatus, y situ\u00f3 en el centro de su vulnerabilidad un caso penal previo en el condado de Hillsborough, en Tampa, en 2016: documentos p\u00fablicos citados por ese medio describ\u00edan una condena vinculada a agresi\u00f3n y a un intento de asesinato contra un oficial. En perfiles y rese\u00f1as posteriores, se ha repetido que en ese per\u00edodo enfrent\u00f3 cargos por disparar contra un oficial y que el caso fue determinante en su situaci\u00f3n migratoria.<\/p>\n\n\n\n<p>A ese antecedente se sumaron otros tropiezos p\u00fablicos. En julio de 2024, <a href=\"https:\/\/www.cuballama.com\/noticias\/el-chulo-se-entregara-ante-las-autoridades-tras-ser-acusado-de-asalto\/\" target=\"_blank\" rel=\"noreferrer noopener\">Cuballama inform\u00f3<\/a> que El Chulo anunci\u00f3 que se entregar\u00eda ante autoridades del Precinto 14 de Nueva York por una supuesta acusaci\u00f3n de asalto, en un contexto de altercado con otro artista del circuito urbano. M\u00e1s atr\u00e1s, tambi\u00e9n qued\u00f3 documentada su menci\u00f3n en un incidente relacionado con el m\u00fasico opositor Gorki \u00c1guila, citado como \u201cagresi\u00f3n\u201d por <a href=\"https:\/\/www.americateve.com\/miami\/exclusiva-reguetonero-cubano-abel-diaz-rodriguez-el-chulo-arrestado-ice-miami-n1002712\" target=\"_blank\" rel=\"noreferrer noopener nofollow\">reportes de prensa de Miami<\/a>, aunque sin que esa referencia, por s\u00ed sola, explicara un giro migratorio inmediato.<\/p>\n\n\n\n<p>Con su arresto, El Chulo pasa a ser, en t\u00e9rminos de impacto medi\u00e1tico, el tercer nombre del entorno del reparto asociado a detenciones o procesos despu\u00e9s de Chocolate MC y El Insurrecto. En su caso, y en el caso de El Insurrecto, con ICE de por medio. CiberCuba y Diario Las Am\u00e9ricas han reportado que El Insurrecto qued\u00f3 bajo custodia de inmigraci\u00f3n tras un accidente de tr\u00e1fico en Fort Myers, con versiones que apuntan a una posible conducci\u00f3n bajo efectos del alcohol y posteriores traslados entre centros de detenci\u00f3n.<\/p>\n\n\n\n<p>Chocolate MC, por su parte, carga con un prontuario penal m\u00e1s expl\u00edcito en documentos judiciales y coberturas locales, aunque no tiene una retenci\u00f3n migratoria fijada. El llamado Rey de todos los reparteros, fue acusado en 2025 de secuestro con arma de fuego y robo a mano armada tras un incidente en Opa-locka, y termin\u00f3 adem\u00e1s condenado en noviembre de 2025 por solicitar un asesinato en primer grado y por amenazas escritas de matar o causar da\u00f1o corporal, en un caso vinculado a publicaciones en redes. Aun as\u00ed, y a pesar de su extenso prontuario, no existe un cuadro claro de \u201cretenci\u00f3n migratoria\u201d vigente: en mayo de 2025, el abogado de inmigraci\u00f3n Willy Allen lleg\u00f3 a afirmar p\u00fablicamente que, tras una fianza en corte criminal, el DHS no lo recogi\u00f3 y ICE tampoco lo detuvo.<\/p>\n\n\n\n<p>En ese clima de endurecimiento y de exhibici\u00f3n p\u00fablica de detenciones y posibles detenciones, tras revelarse un memorando interno de ICE que estar\u00eda instruyendo a sus agentes a ejecutar arrestos domiciliarios con \u00f3rdenes administrativas en casos de deportaci\u00f3n final \u2014una pr\u00e1ctica legalmente discutida y cuestionada por expertos\u2014, el mensaje que se proyecta hacia la comunidad migrante es de vigilancia permanente y de castigo ejemplar. Ya no se trata solo de ejecutar expedientes antiguos, sino de demostrar que el alcance de la autoridad puede traspasar incluso el umbral del hogar. <\/p>\n\n\n\n<p><strong>noticia relacionada: <a href=\"https:\/\/www.cuballama.com\/noticias\/agentes-de-ice-podran-entrar-en-domicilios-sin-orden-judicial-segun-memo\/\">Agentes de ICE podr\u00e1n entrar en domicilios sin orden judicial, seg\u00fan memo<\/a><\/strong><\/p>\n\n\n\n<p>En ese escenario, cada nombre con antecedentes vuelve a colocarse bajo sospecha, y cada arresto funciona como advertencia colectiva: el pasado, por lejano que parezca, puede regresar en cualquier momento; as\u00ed que nadie se asombre si en el radar de \u201cposibles pr\u00f3ximos\u201d &#8211; y esto no es un augurio ni un mal de ojo ni una letra que le tiramos encima a nadie &#8211; aparece otro cantante cubano: Yakarta, nombre art\u00edstico del cubano Luis Javier Prieto Cede\u00f1o, un caso que se ha vuelto recurrente en la prensa local de Florida por su historial de arrestos, aunque actualmente no consta como detenido. <\/p>\n\n\n\n<p>En los \u00faltimos a\u00f1os su nombre ha salido ligado a expedientes por delitos de robo y fraude: medios como <em><a href=\"https:\/\/www.telemundo51.com\/noticias\/local\/cantante-de-musica-urbana-yakarta-arrestado-por-presuntos-delitos-financieros\/2519254\/\" target=\"_blank\" rel=\"noreferrer noopener nofollow\">Telemundo 51<\/a><\/em> y <em><a href=\"https:\/\/www.univision.com\/famosos\/detienen-al-reggaetonero-yakarta-bajo-el-cargo-de-violencia-domestica-por-estrangulacion-en-miami-fotos\" target=\"_blank\" rel=\"noreferrer noopener nofollow\">Univision<\/a><\/em> reportaron en 2024 un arresto asociado a presuntos delitos financieros y acusaciones como robo de identidad\/posesi\u00f3n fraudulenta de m\u00faltiples identidades, robo y allanamiento de morada, y rese\u00f1aron adem\u00e1s antecedentes previos por robos captados en c\u00e1maras y comparecencias en corte. <\/p>\n\n\n\n<script type=\"text\/javascript\" charset=\"UTF-8\" \n    src=\"https:\/\/telemundo51.com\/portableplayer\/?CID=1:24:2519239&#038;videoID=2317902915676&#038;origin=telemundo51.com&#038;fullWidth=y&#038;autoplay=true\"><\/script>\n\n\n\n<p>Hay coberturas que recuerdan un caso anterior de violencia dom\u00e9stica por estrangulamiento que se remonta a 2019, otra pieza que, m\u00e1s all\u00e1 del impacto medi\u00e1tico, suele tener peso cuando un artista enfrenta revisiones migratorias tras nuevas detenciones. Si el patr\u00f3n que ya se vio con otros nombres del reparto se repite, Yakarta queda como un \u201ccandidato\u201d obvio a volver a caer en manos de las autoridades \u2014y, dependiendo de su estatus y de c\u00f3mo evolucionen sus causas, a terminar tambi\u00e9n bajo custodia de ICE.<\/p>\n\n\n\n<p>El caso de El Chulo queda ahora atado a una pregunta concreta: si la orden antigua se ejecutar\u00e1 hasta el final o si su defensa lograr\u00e1 reabrir el tablero legal. Por ahora, lo \u00fanico verificable es lo m\u00e1s b\u00e1sico: ICE lo tiene, la orden ven\u00eda de atr\u00e1s y el pasado penal que parec\u00eda archivado volvi\u00f3 a mandar.<\/p>\n\n\n\n<p> <\/p>\n","protected":false},"excerpt":{"rendered":"<p>ICE arrest\u00f3 a El Chulo el 22 de enero de 2026 por una vieja orden de deportaci\u00f3n. El caso reabre su historial penal y lo coloca junto a otros artistas del reparto con problemas migratorios y judiciales.<\/p>\n","protected":false},"author":13,"featured_media":174502,"comment_status":"open","ping_status":"closed","sticky":false,"template":"","format":"standard","meta":{"_acf_changed":false,"footnotes":""},"categories":[443,18,11024],"tags":[19295,9296,2697,4538,24067,12534,30199,14014,2978,256,96,1962,10626,783],"class_list":{"0":"post-233124","1":"post","2":"type-post","3":"status-publish","4":"format-standard","5":"has-post-thumbnail","7":"category-farandula","8":"category-noticias","9":"category-noticias-de-miami","10":"tag-abel-diaz-rodriguez","11":"tag-antecedentes-penales","12":"tag-chocolate-mc","13":"tag-deportacion","14":"tag-detencion","15":"tag-el-chulo","16":"tag-el-insurrecto","17":"tag-hillsborough","18":"tag-ice","19":"tag-miami","20":"tag-migracion","21":"tag-regueton-cubano","22":"tag-reparto","23":"tag-tampa"},"acf":[],"yoast_head":"<!-- This site is optimized with the Yoast SEO plugin v27.4 - https:\/\/yoast.com\/product\/yoast-seo-wordpress\/ -->\n<title>ICE arresta al cantante cubano conocido como El Chulo - Cuballama Noticias<\/title>\n<meta name=\"description\" content=\"ICE arrest\u00f3 el 22 de enero al cubano El Chulo por una vieja orden de deportaci\u00f3n; su historial penal vuelve al foco en Miami.\" \/>\n<meta name=\"robots\" content=\"index, follow, max-snippet:-1, max-image-preview:large, max-video-preview:-1\" \/>\n<link rel=\"canonical\" href=\"https:\/\/www.cuballama.com\/noticias\/ice-arresta-al-cantante-cubano-conocido-como-el-chulo\/\" \/>\n<meta property=\"og:locale\" content=\"es_ES\" \/>\n<meta property=\"og:type\" content=\"article\" \/>\n<meta property=\"og:title\" content=\"ICE arresta al cantante cubano conocido como El Chulo - Cuballama Noticias\" \/>\n<meta property=\"og:description\" content=\"ICE arrest\u00f3 el 22 de enero al cubano El Chulo por una vieja orden de deportaci\u00f3n; su historial penal vuelve al foco en Miami.\" \/>\n<meta property=\"og:url\" content=\"https:\/\/www.cuballama.com\/noticias\/ice-arresta-al-cantante-cubano-conocido-como-el-chulo\/\" \/>\n<meta property=\"og:site_name\" content=\"Cuballama Noticias\" \/>\n<meta property=\"article:publisher\" content=\"https:\/\/www.facebook.com\/CubaLlama\" \/>\n<meta property=\"article:published_time\" content=\"2026-01-23T18:56:33+00:00\" \/>\n<meta property=\"article:modified_time\" content=\"2026-01-23T18:56:36+00:00\" \/>\n<meta property=\"og:image\" content=\"https:\/\/cdn1.mediawpaccore.net\/wp-content\/uploads\/2024\/06\/25073736\/Captura-de-pantalla-2024-06-25-a-las-13.36.17.png\" \/>\n\t<meta property=\"og:image:width\" content=\"1044\" \/>\n\t<meta property=\"og:image:height\" content=\"584\" \/>\n\t<meta property=\"og:image:type\" content=\"image\/png\" \/>\n<meta name=\"author\" content=\"Roberto A.\" \/>\n<meta name=\"twitter:card\" content=\"summary_large_image\" \/>\n<meta name=\"twitter:creator\" content=\"@cuballama\" \/>\n<meta name=\"twitter:site\" content=\"@cuballama\" \/>\n<meta name=\"twitter:label1\" content=\"Escrito por\" \/>\n\t<meta name=\"twitter:data1\" content=\"Roberto A.\" \/>\n\t<meta name=\"twitter:label2\" content=\"Tiempo de lectura\" \/>\n\t<meta name=\"twitter:data2\" content=\"1 minuto\" \/>\n<script type=\"application\/ld+json\" class=\"yoast-schema-graph\">{\"@context\":\"https:\\\/\\\/schema.org\",\"@graph\":[{\"@type\":\"Article\",\"@id\":\"https:\\\/\\\/www.cuballama.com\\\/noticias\\\/ice-arresta-al-cantante-cubano-conocido-como-el-chulo\\\/#article\",\"isPartOf\":{\"@id\":\"https:\\\/\\\/www.cuballama.com\\\/noticias\\\/ice-arresta-al-cantante-cubano-conocido-como-el-chulo\\\/\"},\"author\":{\"name\":\"Roberto A.\",\"@id\":\"https:\\\/\\\/www.cuballama.com\\\/noticias\\\/#\\\/schema\\\/person\\\/a58502ed4146c8e9f83872e897c76cd2\"},\"headline\":\"ICE arresta al cantante cubano conocido como El Chulo\",\"datePublished\":\"2026-01-23T18:56:33+00:00\",\"dateModified\":\"2026-01-23T18:56:36+00:00\",\"mainEntityOfPage\":{\"@id\":\"https:\\\/\\\/www.cuballama.com\\\/noticias\\\/ice-arresta-al-cantante-cubano-conocido-como-el-chulo\\\/\"},\"wordCount\":1059,\"commentCount\":0,\"publisher\":{\"@id\":\"https:\\\/\\\/www.cuballama.com\\\/noticias\\\/#organization\"},\"image\":{\"@id\":\"https:\\\/\\\/www.cuballama.com\\\/noticias\\\/ice-arresta-al-cantante-cubano-conocido-como-el-chulo\\\/#primaryimage\"},\"thumbnailUrl\":\"https:\\\/\\\/cdn1.mediawpaccore.net\\\/wp-content\\\/uploads\\\/2024\\\/06\\\/25073736\\\/Captura-de-pantalla-2024-06-25-a-las-13.36.17.png\",\"keywords\":[\"Abel D\u00edaz Rodr\u00edguez\",\"antecedentes penales\",\"Chocolate Mc\",\"deportaci\u00f3n\",\"detenci\u00f3n\",\"El Chulo\",\"El Insurrecto\",\"Hillsborough\",\"ICE\",\"Miami\",\"migraci\u00f3n\",\"Reguet\u00f3n cubano\",\"Reparto\",\"Tampa\"],\"articleSection\":[\"Far\u00e1ndula\",\"Noticias\",\"Noticias de Miami\"],\"inLanguage\":\"es\",\"potentialAction\":[{\"@type\":\"CommentAction\",\"name\":\"Comment\",\"target\":[\"https:\\\/\\\/www.cuballama.com\\\/noticias\\\/ice-arresta-al-cantante-cubano-conocido-como-el-chulo\\\/#respond\"]}]},{\"@type\":\"WebPage\",\"@id\":\"https:\\\/\\\/www.cuballama.com\\\/noticias\\\/ice-arresta-al-cantante-cubano-conocido-como-el-chulo\\\/\",\"url\":\"https:\\\/\\\/www.cuballama.com\\\/noticias\\\/ice-arresta-al-cantante-cubano-conocido-como-el-chulo\\\/\",\"name\":\"ICE arresta al cantante cubano conocido como El Chulo - Cuballama Noticias\",\"isPartOf\":{\"@id\":\"https:\\\/\\\/www.cuballama.com\\\/noticias\\\/#website\"},\"primaryImageOfPage\":{\"@id\":\"https:\\\/\\\/www.cuballama.com\\\/noticias\\\/ice-arresta-al-cantante-cubano-conocido-como-el-chulo\\\/#primaryimage\"},\"image\":{\"@id\":\"https:\\\/\\\/www.cuballama.com\\\/noticias\\\/ice-arresta-al-cantante-cubano-conocido-como-el-chulo\\\/#primaryimage\"},\"thumbnailUrl\":\"https:\\\/\\\/cdn1.mediawpaccore.net\\\/wp-content\\\/uploads\\\/2024\\\/06\\\/25073736\\\/Captura-de-pantalla-2024-06-25-a-las-13.36.17.png\",\"datePublished\":\"2026-01-23T18:56:33+00:00\",\"dateModified\":\"2026-01-23T18:56:36+00:00\",\"description\":\"ICE arrest\u00f3 el 22 de enero al cubano El Chulo por una vieja orden de deportaci\u00f3n; su historial penal vuelve al foco en Miami.\",\"breadcrumb\":{\"@id\":\"https:\\\/\\\/www.cuballama.com\\\/noticias\\\/ice-arresta-al-cantante-cubano-conocido-como-el-chulo\\\/#breadcrumb\"},\"inLanguage\":\"es\",\"potentialAction\":[{\"@type\":\"ReadAction\",\"target\":[\"https:\\\/\\\/www.cuballama.com\\\/noticias\\\/ice-arresta-al-cantante-cubano-conocido-como-el-chulo\\\/\"]}]},{\"@type\":\"ImageObject\",\"inLanguage\":\"es\",\"@id\":\"https:\\\/\\\/www.cuballama.com\\\/noticias\\\/ice-arresta-al-cantante-cubano-conocido-como-el-chulo\\\/#primaryimage\",\"url\":\"https:\\\/\\\/cdn1.mediawpaccore.net\\\/wp-content\\\/uploads\\\/2024\\\/06\\\/25073736\\\/Captura-de-pantalla-2024-06-25-a-las-13.36.17.png\",\"contentUrl\":\"https:\\\/\\\/cdn1.mediawpaccore.net\\\/wp-content\\\/uploads\\\/2024\\\/06\\\/25073736\\\/Captura-de-pantalla-2024-06-25-a-las-13.36.17.png\",\"width\":1044,\"height\":584,\"caption\":\"Foto tomada del perfil de Instagram de El Chulo\"},{\"@type\":\"BreadcrumbList\",\"@id\":\"https:\\\/\\\/www.cuballama.com\\\/noticias\\\/ice-arresta-al-cantante-cubano-conocido-como-el-chulo\\\/#breadcrumb\",\"itemListElement\":[{\"@type\":\"ListItem\",\"position\":1,\"name\":\"Home\",\"item\":\"https:\\\/\\\/www.cuballama.com\\\/noticias\\\/\"},{\"@type\":\"ListItem\",\"position\":2,\"name\":\"ICE arresta al cantante cubano conocido como El Chulo\"}]},{\"@type\":\"WebSite\",\"@id\":\"https:\\\/\\\/www.cuballama.com\\\/noticias\\\/#website\",\"url\":\"https:\\\/\\\/www.cuballama.com\\\/noticias\\\/\",\"name\":\"Cuballama Noticias\",\"description\":\"Medio digital sobre Cuba y el mundo\",\"publisher\":{\"@id\":\"https:\\\/\\\/www.cuballama.com\\\/noticias\\\/#organization\"},\"potentialAction\":[{\"@type\":\"SearchAction\",\"target\":{\"@type\":\"EntryPoint\",\"urlTemplate\":\"https:\\\/\\\/www.cuballama.com\\\/noticias\\\/?s={search_term_string}\"},\"query-input\":{\"@type\":\"PropertyValueSpecification\",\"valueRequired\":true,\"valueName\":\"search_term_string\"}}],\"inLanguage\":\"es\"},{\"@type\":\"Organization\",\"@id\":\"https:\\\/\\\/www.cuballama.com\\\/noticias\\\/#organization\",\"name\":\"Cuballama\",\"url\":\"https:\\\/\\\/www.cuballama.com\\\/noticias\\\/\",\"logo\":{\"@type\":\"ImageObject\",\"inLanguage\":\"es\",\"@id\":\"https:\\\/\\\/www.cuballama.com\\\/noticias\\\/#\\\/schema\\\/logo\\\/image\\\/\",\"url\":\"https:\\\/\\\/cdn1.mediawpaccore.net\\\/wp-content\\\/uploads\\\/2021\\\/12\\\/28171206\\\/cbll-logo-color-sm.png\",\"contentUrl\":\"https:\\\/\\\/cdn1.mediawpaccore.net\\\/wp-content\\\/uploads\\\/2021\\\/12\\\/28171206\\\/cbll-logo-color-sm.png\",\"width\":600,\"height\":133,\"caption\":\"Cuballama\"},\"image\":{\"@id\":\"https:\\\/\\\/www.cuballama.com\\\/noticias\\\/#\\\/schema\\\/logo\\\/image\\\/\"},\"sameAs\":[\"https:\\\/\\\/www.facebook.com\\\/CubaLlama\",\"https:\\\/\\\/x.com\\\/cuballama\",\"https:\\\/\\\/www.instagram.com\\\/stories\\\/cuballama_oficial\\\/\",\"https:\\\/\\\/www.youtube.com\\\/channel\\\/UCKkFE-d_axENGZcrc4as0IA\"]},{\"@type\":\"Person\",\"@id\":\"https:\\\/\\\/www.cuballama.com\\\/noticias\\\/#\\\/schema\\\/person\\\/a58502ed4146c8e9f83872e897c76cd2\",\"name\":\"Roberto A.\",\"description\":\"Roberto A. Periodista por decisi\u00f3n propia. Interesado en cualquier tema que me apasione y cada vez m\u00e1s comprometido con la verdad y la objetividad period\u00edstica. Graduado en La Habana hace ya muchos a\u00f1os, luego de una accidentada y polvorienta b\u00fasqueda de informaci\u00f3n sobre un tema in\u00e9dito. La Tesis, por cierto, desapareci\u00f3 de la biblioteca y no se conservan copias de la misma.\",\"url\":\"https:\\\/\\\/www.cuballama.com\\\/noticias\\\/author\\\/roberto\\\/\"}]}<\/script>\n<!-- \/ Yoast SEO plugin. -->","yoast_head_json":{"title":"ICE arresta al cantante cubano conocido como El Chulo - Cuballama Noticias","description":"ICE arrest\u00f3 el 22 de enero al cubano El Chulo por una vieja orden de deportaci\u00f3n; su historial penal vuelve al foco en Miami.","robots":{"index":"index","follow":"follow","max-snippet":"max-snippet:-1","max-image-preview":"max-image-preview:large","max-video-preview":"max-video-preview:-1"},"canonical":"https:\/\/www.cuballama.com\/noticias\/ice-arresta-al-cantante-cubano-conocido-como-el-chulo\/","og_locale":"es_ES","og_type":"article","og_title":"ICE arresta al cantante cubano conocido como El Chulo - Cuballama Noticias","og_description":"ICE arrest\u00f3 el 22 de enero al cubano El Chulo por una vieja orden de deportaci\u00f3n; su historial penal vuelve al foco en Miami.","og_url":"https:\/\/www.cuballama.com\/noticias\/ice-arresta-al-cantante-cubano-conocido-como-el-chulo\/","og_site_name":"Cuballama Noticias","article_publisher":"https:\/\/www.facebook.com\/CubaLlama","article_published_time":"2026-01-23T18:56:33+00:00","article_modified_time":"2026-01-23T18:56:36+00:00","og_image":[{"width":1044,"height":584,"url":"https:\/\/cdn1.mediawpaccore.net\/wp-content\/uploads\/2024\/06\/25073736\/Captura-de-pantalla-2024-06-25-a-las-13.36.17.png","type":"image\/png"}],"author":"Roberto A.","twitter_card":"summary_large_image","twitter_creator":"@cuballama","twitter_site":"@cuballama","twitter_misc":{"Escrito por":"Roberto A.","Tiempo de lectura":"1 minuto"},"schema":{"@context":"https:\/\/schema.org","@graph":[{"@type":"Article","@id":"https:\/\/www.cuballama.com\/noticias\/ice-arresta-al-cantante-cubano-conocido-como-el-chulo\/#article","isPartOf":{"@id":"https:\/\/www.cuballama.com\/noticias\/ice-arresta-al-cantante-cubano-conocido-como-el-chulo\/"},"author":{"name":"Roberto A.","@id":"https:\/\/www.cuballama.com\/noticias\/#\/schema\/person\/a58502ed4146c8e9f83872e897c76cd2"},"headline":"ICE arresta al cantante cubano conocido como El Chulo","datePublished":"2026-01-23T18:56:33+00:00","dateModified":"2026-01-23T18:56:36+00:00","mainEntityOfPage":{"@id":"https:\/\/www.cuballama.com\/noticias\/ice-arresta-al-cantante-cubano-conocido-como-el-chulo\/"},"wordCount":1059,"commentCount":0,"publisher":{"@id":"https:\/\/www.cuballama.com\/noticias\/#organization"},"image":{"@id":"https:\/\/www.cuballama.com\/noticias\/ice-arresta-al-cantante-cubano-conocido-como-el-chulo\/#primaryimage"},"thumbnailUrl":"https:\/\/cdn1.mediawpaccore.net\/wp-content\/uploads\/2024\/06\/25073736\/Captura-de-pantalla-2024-06-25-a-las-13.36.17.png","keywords":["Abel D\u00edaz Rodr\u00edguez","antecedentes penales","Chocolate Mc","deportaci\u00f3n","detenci\u00f3n","El Chulo","El Insurrecto","Hillsborough","ICE","Miami","migraci\u00f3n","Reguet\u00f3n cubano","Reparto","Tampa"],"articleSection":["Far\u00e1ndula","Noticias","Noticias de Miami"],"inLanguage":"es","potentialAction":[{"@type":"CommentAction","name":"Comment","target":["https:\/\/www.cuballama.com\/noticias\/ice-arresta-al-cantante-cubano-conocido-como-el-chulo\/#respond"]}]},{"@type":"WebPage","@id":"https:\/\/www.cuballama.com\/noticias\/ice-arresta-al-cantante-cubano-conocido-como-el-chulo\/","url":"https:\/\/www.cuballama.com\/noticias\/ice-arresta-al-cantante-cubano-conocido-como-el-chulo\/","name":"ICE arresta al cantante cubano conocido como El Chulo - Cuballama Noticias","isPartOf":{"@id":"https:\/\/www.cuballama.com\/noticias\/#website"},"primaryImageOfPage":{"@id":"https:\/\/www.cuballama.com\/noticias\/ice-arresta-al-cantante-cubano-conocido-como-el-chulo\/#primaryimage"},"image":{"@id":"https:\/\/www.cuballama.com\/noticias\/ice-arresta-al-cantante-cubano-conocido-como-el-chulo\/#primaryimage"},"thumbnailUrl":"https:\/\/cdn1.mediawpaccore.net\/wp-content\/uploads\/2024\/06\/25073736\/Captura-de-pantalla-2024-06-25-a-las-13.36.17.png","datePublished":"2026-01-23T18:56:33+00:00","dateModified":"2026-01-23T18:56:36+00:00","description":"ICE arrest\u00f3 el 22 de enero al cubano El Chulo por una vieja orden de deportaci\u00f3n; su historial penal vuelve al foco en Miami.","breadcrumb":{"@id":"https:\/\/www.cuballama.com\/noticias\/ice-arresta-al-cantante-cubano-conocido-como-el-chulo\/#breadcrumb"},"inLanguage":"es","potentialAction":[{"@type":"ReadAction","target":["https:\/\/www.cuballama.com\/noticias\/ice-arresta-al-cantante-cubano-conocido-como-el-chulo\/"]}]},{"@type":"ImageObject","inLanguage":"es","@id":"https:\/\/www.cuballama.com\/noticias\/ice-arresta-al-cantante-cubano-conocido-como-el-chulo\/#primaryimage","url":"https:\/\/cdn1.mediawpaccore.net\/wp-content\/uploads\/2024\/06\/25073736\/Captura-de-pantalla-2024-06-25-a-las-13.36.17.png","contentUrl":"https:\/\/cdn1.mediawpaccore.net\/wp-content\/uploads\/2024\/06\/25073736\/Captura-de-pantalla-2024-06-25-a-las-13.36.17.png","width":1044,"height":584,"caption":"Foto tomada del perfil de Instagram de El Chulo"},{"@type":"BreadcrumbList","@id":"https:\/\/www.cuballama.com\/noticias\/ice-arresta-al-cantante-cubano-conocido-como-el-chulo\/#breadcrumb","itemListElement":[{"@type":"ListItem","position":1,"name":"Home","item":"https:\/\/www.cuballama.com\/noticias\/"},{"@type":"ListItem","position":2,"name":"ICE arresta al cantante cubano conocido como El Chulo"}]},{"@type":"WebSite","@id":"https:\/\/www.cuballama.com\/noticias\/#website","url":"https:\/\/www.cuballama.com\/noticias\/","name":"Cuballama Noticias","description":"Medio digital sobre Cuba y el mundo","publisher":{"@id":"https:\/\/www.cuballama.com\/noticias\/#organization"},"potentialAction":[{"@type":"SearchAction","target":{"@type":"EntryPoint","urlTemplate":"https:\/\/www.cuballama.com\/noticias\/?s={search_term_string}"},"query-input":{"@type":"PropertyValueSpecification","valueRequired":true,"valueName":"search_term_string"}}],"inLanguage":"es"},{"@type":"Organization","@id":"https:\/\/www.cuballama.com\/noticias\/#organization","name":"Cuballama","url":"https:\/\/www.cuballama.com\/noticias\/","logo":{"@type":"ImageObject","inLanguage":"es","@id":"https:\/\/www.cuballama.com\/noticias\/#\/schema\/logo\/image\/","url":"https:\/\/cdn1.mediawpaccore.net\/wp-content\/uploads\/2021\/12\/28171206\/cbll-logo-color-sm.png","contentUrl":"https:\/\/cdn1.mediawpaccore.net\/wp-content\/uploads\/2021\/12\/28171206\/cbll-logo-color-sm.png","width":600,"height":133,"caption":"Cuballama"},"image":{"@id":"https:\/\/www.cuballama.com\/noticias\/#\/schema\/logo\/image\/"},"sameAs":["https:\/\/www.facebook.com\/CubaLlama","https:\/\/x.com\/cuballama","https:\/\/www.instagram.com\/stories\/cuballama_oficial\/","https:\/\/www.youtube.com\/channel\/UCKkFE-d_axENGZcrc4as0IA"]},{"@type":"Person","@id":"https:\/\/www.cuballama.com\/noticias\/#\/schema\/person\/a58502ed4146c8e9f83872e897c76cd2","name":"Roberto A.","description":"Roberto A. Periodista por decisi\u00f3n propia. Interesado en cualquier tema que me apasione y cada vez m\u00e1s comprometido con la verdad y la objetividad period\u00edstica. Graduado en La Habana hace ya muchos a\u00f1os, luego de una accidentada y polvorienta b\u00fasqueda de informaci\u00f3n sobre un tema in\u00e9dito. La Tesis, por cierto, desapareci\u00f3 de la biblioteca y no se conservan copias de la misma.","url":"https:\/\/www.cuballama.com\/noticias\/author\/roberto\/"}]}},"_links":{"self":[{"href":"https:\/\/www.cuballama.com\/noticias\/wp-json\/wp\/v2\/posts\/233124","targetHints":{"allow":["GET"]}}],"collection":[{"href":"https:\/\/www.cuballama.com\/noticias\/wp-json\/wp\/v2\/posts"}],"about":[{"href":"https:\/\/www.cuballama.com\/noticias\/wp-json\/wp\/v2\/types\/post"}],"author":[{"embeddable":true,"href":"https:\/\/www.cuballama.com\/noticias\/wp-json\/wp\/v2\/users\/13"}],"replies":[{"embeddable":true,"href":"https:\/\/www.cuballama.com\/noticias\/wp-json\/wp\/v2\/comments?post=233124"}],"version-history":[{"count":5,"href":"https:\/\/www.cuballama.com\/noticias\/wp-json\/wp\/v2\/posts\/233124\/revisions"}],"predecessor-version":[{"id":233135,"href":"https:\/\/www.cuballama.com\/noticias\/wp-json\/wp\/v2\/posts\/233124\/revisions\/233135"}],"wp:featuredmedia":[{"embeddable":true,"href":"https:\/\/www.cuballama.com\/noticias\/wp-json\/wp\/v2\/media\/174502"}],"wp:attachment":[{"href":"https:\/\/www.cuballama.com\/noticias\/wp-json\/wp\/v2\/media?parent=233124"}],"wp:term":[{"taxonomy":"category","embeddable":true,"href":"https:\/\/www.cuballama.com\/noticias\/wp-json\/wp\/v2\/categories?post=233124"},{"taxonomy":"post_tag","embeddable":true,"href":"https:\/\/www.cuballama.com\/noticias\/wp-json\/wp\/v2\/tags?post=233124"}],"curies":[{"name":"wp","href":"https:\/\/api.w.org\/{rel}","templated":true}]}}