{"id":233116,"date":"2026-01-23T13:58:30","date_gmt":"2026-01-23T18:58:30","guid":{"rendered":"https:\/\/www.cuballama.com\/noticias\/?p=233116"},"modified":"2026-01-23T13:58:33","modified_gmt":"2026-01-23T18:58:33","slug":"miles-y-miles-de-cubanos-lamentan-la-muerte-de-alfredito-rodriguez","status":"publish","type":"post","link":"https:\/\/www.cuballama.com\/noticias\/miles-y-miles-de-cubanos-lamentan-la-muerte-de-alfredito-rodriguez\/","title":{"rendered":"Miles y miles de cubanos lamentan la muerte de Alfredito Rodr\u00edguez"},"content":{"rendered":"\n<p>La noticia de la muerte de Alfredito Rodr\u00edguez, uno de los cantantes m\u00e1s populares de la m\u00fasica cubana de las \u00faltimas d\u00e9cadas, desat\u00f3 en pocas horas una avalancha de mensajes de duelo y gratitud en redes sociales, especialmente en Facebook, que es la red social m\u00e1s usada por los cubanos para informarse y para \u00abdesahogarse\u00bb. El artista falleci\u00f3 este jueves 22 de enero de 2026 en el sur de Florida, seg\u00fan confirmaron familiares y medios que citaron publicaciones hechas desde cuentas vinculadas a su entorno.<\/p>\n\n\n\n<p>La confirmaci\u00f3n p\u00fablica lleg\u00f3 acompa\u00f1ada de un tono sobrio, casi familiar: un aviso de la familia comunicando el fallecimiento y agradeciendo las muestras de cari\u00f1o. A partir de ah\u00ed, lo que sigui\u00f3 fue un fen\u00f3meno reconocible para cualquiera que haya visto despedidas masivas de figuras de la cultura cubana: comentarios repetidos, s\u00ed, pero tambi\u00e9n an\u00e9cdotas precisas, recuerdos con lugar y fecha, y una insistencia que se vuelve retrato colectivo. En Cuba y fuera de Cuba, Alfredito no fue recordado solo por canciones; fue recordado tambi\u00e9n por su conducta dentro y fuera del escenario.<\/p>\n\n\n\n<p>Este texto recoge reacciones publicadas en varias publicaciones de Facebook donde se comparti\u00f3 la noticia. En ese coro, el primer rasgo que se repite no es musical, sino moral. <\/p>\n\n\n\n<p>\u201cA pesar de su popularidad fue muy sencillo y humilde\u201d, escribi\u00f3 Ana Ibis Fern\u00e1ndez. Olga Lidia Cabrera Socarr\u00e1s lo describi\u00f3 como \u201cpersona decente y muy de su pueblo\u201d, y remat\u00f3 con una idea que aparece una y otra vez: \u201cel artista se debe a su p\u00fablico y \u00e9l as\u00ed lo llev\u00f3 a cabo\u201d. Yovani Guevara insisti\u00f3 en esa misma l\u00ednea: \u201cel m\u00e1s cubano de todos los artistas, el eterno buena persona\u201d. La frase \u201cbuena persona\u201d, repetida casi como un estribillo civil, aparece en decenas de mensajes, a veces como elogio simple y a veces como manera de nombrar una \u00e9poca, y es el t\u00edtulo de una de sus canciones m\u00e1s conocidas.<\/p>\n\n\n\n<p>Esa \u00e9poca tiene coordenadas muy concretas. Hay quien lo ubica en la televisi\u00f3n del mediod\u00eda, con un programa que, seg\u00fan recuerdan varios comentaristas, se volv\u00eda ritual dom\u00e9stico. <\/p>\n\n\n\n<p>\u201cEl programa que ten\u00eda Alfredito en el Canal Cubavisi\u00f3n a las 12 del d\u00eda fue muy popular y muy visto por el p\u00fablico cubano\u201d, escribi\u00f3 Margarita D\u00edaz de Armas. Otros lo recuerdan como conductor, \u201cmuy buen comunicador\u201d, con una elegancia que se convert\u00eda en marca, no en pose. Esa dimensi\u00f3n p\u00fablica, a la vez familiar y masiva, tambi\u00e9n la destacan perfiles y obituarios publicados en las \u00faltimas horas, que recuerdan su condici\u00f3n de figura muy instalada en la cultura popular cubana.<\/p>\n\n\n\n<p>Pero la otra coordenada es el concierto, la carretera, el estadio, el hotel, el cabaret. Fito Hern\u00e1ndez cont\u00f3 un episodio que, por el tipo de detalle, parece guardado a\u00f1os: estaba en Las Tunas, se suspendi\u00f3 un concierto \u201cpor problemas de lluvia y electricidad\u201d y, en vez de irse, el cantante sali\u00f3 al p\u00fablico y cant\u00f3 a capela. <\/p>\n\n\n\n<p>\u201cEso no he o\u00eddo a ning\u00fan cantante hacerlo\u201d, escribi\u00f3. <\/p>\n\n\n\n<p>Maida Montolio lo sit\u00faa en Varadero, en el Internacional, y luego en Cienfuegos: un mojito compartido, un reencuentro en el agua, y al d\u00eda siguiente \u201cen la piscina\u201d cargando con cari\u00f1o a su hija peque\u00f1a. En otra l\u00ednea, Yordanka Montero Frometa record\u00f3 un gesto m\u00ednimo de los a\u00f1os 90, cuando \u201cel transporte no exist\u00eda en Cuba\u201d: intentaba llegar a verlo y \u00e9l la llam\u00f3 y la llev\u00f3 \u201csin yo ped\u00edrselo\u201d.<\/p>\n\n\n\n<p>En el duelo tambi\u00e9n aparece la conciencia de popularidad como fen\u00f3meno social, no como cifra, de un hombre que gan\u00f3 8 Girasoles Opina consecutivos como el artista varonil m\u00e1s popular de Cuba. <\/p>\n\n\n\n<p>\u201cHablar de ser popular en Cuba es, obligatoriamente, pensar en Alfredito Rodr\u00edguez\u201d, escribi\u00f3 \u00c1ngel Andr\u00e9s Gonz\u00e1lez. <\/p>\n\n\n\n<p>Otros elevan esa idea hasta el rango de comparaci\u00f3n hist\u00f3rica: \u201cDespu\u00e9s de Benny Mor\u00e9, Alfredo Rodr\u00edguez fue el m\u00e1s popular en Cuba\u201d, afirm\u00f3 Yoel Paz Morales, subrayando que eso ocurri\u00f3 \u201ccuando no hab\u00eda redes sociales\u201d. Esa noci\u00f3n de \u201cpopularidad sin algoritmo\u201d se repite en comentarios que lo presentan como el artista que llenaba teatros y estadios, que arrastraba p\u00fablico, que hac\u00eda que la gente se supiera los coros sin necesidad de promoci\u00f3n.<\/p>\n\n\n\n<p>Tambi\u00e9n hay un tipo de despedida que duele por lo que revela: personas que no eran fans de su m\u00fasica, pero s\u00ed de su trato. Sandra Pierucci lo dijo sin adornos: \u201cyo nunca fui simpatizante de su m\u00fasica ni su estilo\u201d, pero trabaj\u00e9 con \u00e9l y puede dar fe de que era \u201cmuy respetuoso\u201d, y dijo que \u201cjam\u00e1s\u201d lo escuch\u00f3 hablar mal de colegas o g\u00e9neros. Ese tipo de testimonio, m\u00e1s raro que el elogio autom\u00e1tico,  en un mundo actual donde practicamente no hay un \u00abartista del g\u00e9nero\u00bb que no cree contenido para mantenerse en la boca de la gente, sino es hablando mal de otro, ayuda a explicar por qu\u00e9 la muerte de Alfredito desbord\u00f3 el nicho de sus seguidores: porque para muchos la discusi\u00f3n no era est\u00e9tica, sino de decencia p\u00fablica.<\/p>\n\n\n\n<p>Con esa mezcla de fama e intimidad, la despedida se llena de frases que funcionan como se\u00f1as de identidad. Est\u00e1 el \u201cpalante y palante\u201d que varios repiten y que forma parte del estribillo de otra de sus canciones famosas, Sagitario, y tambi\u00e9n la despedida que muchos recuerdan como sello personal: \u201cLos quiero mucho, mucho\u201d, citada una y otra vez como si fuera una manera de firmar. <\/p>\n\n\n\n<p>La prensa que report\u00f3 el fallecimiento tambi\u00e9n lo identifica por temas emblem\u00e1ticos como los ya mencionados <em>Sagitario<\/em> y <em>Buena persona<\/em>, pero tambi\u00e9n est\u00e1 <em>Empapado de sudor<\/em>; todas canciones que han quedado atadas a un per\u00edodo espec\u00edfico de la cultura popular cubana.<\/p>\n\n\n\n<p>Hasta el momento, no todos los reportes coinciden en detalles menores, pero s\u00ed en lo central: la familia confirm\u00f3 el fallecimiento y las reacciones se multiplicaron de inmediato, dentro y fuera de la Isla. En Facebook, entre girasoles, velas virtuales y condolencias, lo que termina imponi\u00e9ndose no es la consigna, sino el recuerdo concreto: el cantante que se bajaba a saludar, el que abrazaba, el que aceptaba solicitudes de amistad, el que cant\u00f3 sin electricidad, el que se dej\u00f3 querer y devolvi\u00f3 el gesto.<\/p>\n\n\n\n<p>En un pa\u00eds donde casi todo se discute con rabia o cansancio, la muerte de Alfredito Rodr\u00edguez provoc\u00f3 algo distinto: una unanimidad emocional hecha de peque\u00f1as escenas. Y eso, en Cuba, es una medida de popularidad que no se fabrica.<\/p>\n\n\n\n<p><strong>noticia relacionada: <a href=\"https:\/\/www.cuballama.com\/noticias\/fallece-popular-cantante-cubano-alfredito-rodriguez-a-los-74-anos\/\">Fallece en Miami popular cantante cubano Alfredito Rodr\u00edguez<\/a><\/strong><\/p>\n","protected":false},"excerpt":{"rendered":"<p>Miles de cubanos inundaron Facebook con mensajes y an\u00e9cdotas tras la muerte de Alfredito Rodr\u00edguez, recordado por su humildad y cercan\u00eda.<\/p>\n","protected":false},"author":13,"featured_media":145649,"comment_status":"open","ping_status":"closed","sticky":false,"template":"","format":"standard","meta":{"_acf_changed":false,"footnotes":""},"categories":[443,18,955],"tags":[12003,30191,14192,1304,11,1259,13111,8000,253,30192,17091,256,47,19363,1250],"class_list":{"0":"post-233116","1":"post","2":"type-post","3":"status-publish","4":"format-standard","5":"has-post-thumbnail","7":"category-farandula","8":"category-noticias","9":"category-noticias-de-cuba","10":"tag-alfredito-rodriguez","11":"tag-buena-persona","12":"tag-cantautor","13":"tag-conciertos","14":"tag-cuba","15":"tag-cultura-cubana","16":"tag-duelo","17":"tag-exilio-cubano","18":"tag-facebook","19":"tag-fans-cubanos","20":"tag-luto","21":"tag-miami","22":"tag-musica-cubana","23":"tag-sagitario","24":"tag-television-cubana"},"acf":[],"yoast_head":"<!-- This site is optimized with the Yoast SEO plugin v27.5 - https:\/\/yoast.com\/product\/yoast-seo-wordpress\/ -->\n<title>Miles y miles de cubanos lamentan la muerte de Alfredito Rodr\u00edguez - Cuballama Noticias<\/title>\n<meta name=\"description\" content=\"Duelo masivo por Alfredito Rodr\u00edguez: cubanos dentro y fuera de la Isla lo despiden con recuerdos, canciones y gratitud.\" \/>\n<meta name=\"robots\" content=\"index, follow, max-snippet:-1, max-image-preview:large, max-video-preview:-1\" \/>\n<link rel=\"canonical\" href=\"https:\/\/www.cuballama.com\/noticias\/miles-y-miles-de-cubanos-lamentan-la-muerte-de-alfredito-rodriguez\/\" \/>\n<meta property=\"og:locale\" content=\"es_ES\" \/>\n<meta property=\"og:type\" content=\"article\" \/>\n<meta property=\"og:title\" content=\"Miles y miles de cubanos lamentan la muerte de Alfredito Rodr\u00edguez - Cuballama Noticias\" \/>\n<meta property=\"og:description\" content=\"Duelo masivo por Alfredito Rodr\u00edguez: cubanos dentro y fuera de la Isla lo despiden con recuerdos, canciones y gratitud.\" \/>\n<meta property=\"og:url\" content=\"https:\/\/www.cuballama.com\/noticias\/miles-y-miles-de-cubanos-lamentan-la-muerte-de-alfredito-rodriguez\/\" \/>\n<meta property=\"og:site_name\" content=\"Cuballama Noticias\" \/>\n<meta property=\"article:publisher\" content=\"https:\/\/www.facebook.com\/CubaLlama\" \/>\n<meta property=\"article:published_time\" content=\"2026-01-23T18:58:30+00:00\" \/>\n<meta property=\"article:modified_time\" content=\"2026-01-23T18:58:33+00:00\" \/>\n<meta property=\"og:image\" content=\"https:\/\/cdn1.mediawpaccore.net\/wp-content\/uploads\/2023\/11\/17062950\/El-triste-mensaje-de-Alfredito-Rodriguez-Habana-mia-algunos-se-empenaron-en-alejarme-de-ti.jpg\" \/>\n\t<meta property=\"og:image:width\" content=\"1879\" \/>\n\t<meta property=\"og:image:height\" content=\"1244\" \/>\n\t<meta property=\"og:image:type\" content=\"image\/jpeg\" \/>\n<meta name=\"author\" content=\"Roberto A.\" \/>\n<meta name=\"twitter:card\" content=\"summary_large_image\" \/>\n<meta name=\"twitter:creator\" content=\"@cuballama\" \/>\n<meta name=\"twitter:site\" content=\"@cuballama\" \/>\n<meta name=\"twitter:label1\" content=\"Escrito por\" \/>\n\t<meta name=\"twitter:data1\" content=\"Roberto A.\" \/>\n\t<meta name=\"twitter:label2\" content=\"Tiempo de lectura\" \/>\n\t<meta name=\"twitter:data2\" content=\"6 minutos\" \/>\n<script type=\"application\/ld+json\" class=\"yoast-schema-graph\">{\"@context\":\"https:\\\/\\\/schema.org\",\"@graph\":[{\"@type\":\"Article\",\"@id\":\"https:\\\/\\\/www.cuballama.com\\\/noticias\\\/miles-y-miles-de-cubanos-lamentan-la-muerte-de-alfredito-rodriguez\\\/#article\",\"isPartOf\":{\"@id\":\"https:\\\/\\\/www.cuballama.com\\\/noticias\\\/miles-y-miles-de-cubanos-lamentan-la-muerte-de-alfredito-rodriguez\\\/\"},\"author\":{\"name\":\"Roberto A.\",\"@id\":\"https:\\\/\\\/www.cuballama.com\\\/noticias\\\/#\\\/schema\\\/person\\\/a58502ed4146c8e9f83872e897c76cd2\"},\"headline\":\"Miles y miles de cubanos lamentan la muerte de Alfredito Rodr\u00edguez\",\"datePublished\":\"2026-01-23T18:58:30+00:00\",\"dateModified\":\"2026-01-23T18:58:33+00:00\",\"mainEntityOfPage\":{\"@id\":\"https:\\\/\\\/www.cuballama.com\\\/noticias\\\/miles-y-miles-de-cubanos-lamentan-la-muerte-de-alfredito-rodriguez\\\/\"},\"wordCount\":1152,\"commentCount\":0,\"publisher\":{\"@id\":\"https:\\\/\\\/www.cuballama.com\\\/noticias\\\/#organization\"},\"image\":{\"@id\":\"https:\\\/\\\/www.cuballama.com\\\/noticias\\\/miles-y-miles-de-cubanos-lamentan-la-muerte-de-alfredito-rodriguez\\\/#primaryimage\"},\"thumbnailUrl\":\"https:\\\/\\\/cdn1.mediawpaccore.net\\\/wp-content\\\/uploads\\\/2023\\\/11\\\/17062950\\\/El-triste-mensaje-de-Alfredito-Rodriguez-Habana-mia-algunos-se-empenaron-en-alejarme-de-ti.jpg\",\"keywords\":[\"Alfredito Rodr\u00edguez\",\"Buena persona\",\"cantautor\",\"Conciertos\",\"Cuba\",\"cultura cubana\",\"duelo\",\"Exilio Cubano\",\"Facebook\",\"fans cubanos\",\"Luto\",\"Miami\",\"musica cubana\",\"Sagitario\",\"televisi\u00f3n cubana\"],\"articleSection\":[\"Far\u00e1ndula\",\"Noticias\",\"Noticias de Cuba\"],\"inLanguage\":\"es\",\"potentialAction\":[{\"@type\":\"CommentAction\",\"name\":\"Comment\",\"target\":[\"https:\\\/\\\/www.cuballama.com\\\/noticias\\\/miles-y-miles-de-cubanos-lamentan-la-muerte-de-alfredito-rodriguez\\\/#respond\"]}]},{\"@type\":\"WebPage\",\"@id\":\"https:\\\/\\\/www.cuballama.com\\\/noticias\\\/miles-y-miles-de-cubanos-lamentan-la-muerte-de-alfredito-rodriguez\\\/\",\"url\":\"https:\\\/\\\/www.cuballama.com\\\/noticias\\\/miles-y-miles-de-cubanos-lamentan-la-muerte-de-alfredito-rodriguez\\\/\",\"name\":\"Miles y miles de cubanos lamentan la muerte de Alfredito Rodr\u00edguez - Cuballama Noticias\",\"isPartOf\":{\"@id\":\"https:\\\/\\\/www.cuballama.com\\\/noticias\\\/#website\"},\"primaryImageOfPage\":{\"@id\":\"https:\\\/\\\/www.cuballama.com\\\/noticias\\\/miles-y-miles-de-cubanos-lamentan-la-muerte-de-alfredito-rodriguez\\\/#primaryimage\"},\"image\":{\"@id\":\"https:\\\/\\\/www.cuballama.com\\\/noticias\\\/miles-y-miles-de-cubanos-lamentan-la-muerte-de-alfredito-rodriguez\\\/#primaryimage\"},\"thumbnailUrl\":\"https:\\\/\\\/cdn1.mediawpaccore.net\\\/wp-content\\\/uploads\\\/2023\\\/11\\\/17062950\\\/El-triste-mensaje-de-Alfredito-Rodriguez-Habana-mia-algunos-se-empenaron-en-alejarme-de-ti.jpg\",\"datePublished\":\"2026-01-23T18:58:30+00:00\",\"dateModified\":\"2026-01-23T18:58:33+00:00\",\"description\":\"Duelo masivo por Alfredito Rodr\u00edguez: cubanos dentro y fuera de la Isla lo despiden con recuerdos, canciones y gratitud.\",\"breadcrumb\":{\"@id\":\"https:\\\/\\\/www.cuballama.com\\\/noticias\\\/miles-y-miles-de-cubanos-lamentan-la-muerte-de-alfredito-rodriguez\\\/#breadcrumb\"},\"inLanguage\":\"es\",\"potentialAction\":[{\"@type\":\"ReadAction\",\"target\":[\"https:\\\/\\\/www.cuballama.com\\\/noticias\\\/miles-y-miles-de-cubanos-lamentan-la-muerte-de-alfredito-rodriguez\\\/\"]}]},{\"@type\":\"ImageObject\",\"inLanguage\":\"es\",\"@id\":\"https:\\\/\\\/www.cuballama.com\\\/noticias\\\/miles-y-miles-de-cubanos-lamentan-la-muerte-de-alfredito-rodriguez\\\/#primaryimage\",\"url\":\"https:\\\/\\\/cdn1.mediawpaccore.net\\\/wp-content\\\/uploads\\\/2023\\\/11\\\/17062950\\\/El-triste-mensaje-de-Alfredito-Rodriguez-Habana-mia-algunos-se-empenaron-en-alejarme-de-ti.jpg\",\"contentUrl\":\"https:\\\/\\\/cdn1.mediawpaccore.net\\\/wp-content\\\/uploads\\\/2023\\\/11\\\/17062950\\\/El-triste-mensaje-de-Alfredito-Rodriguez-Habana-mia-algunos-se-empenaron-en-alejarme-de-ti.jpg\",\"width\":1879,\"height\":1244,\"caption\":\"Foto: Alfredito Rodr\u00edguez\\\/Facebook\"},{\"@type\":\"BreadcrumbList\",\"@id\":\"https:\\\/\\\/www.cuballama.com\\\/noticias\\\/miles-y-miles-de-cubanos-lamentan-la-muerte-de-alfredito-rodriguez\\\/#breadcrumb\",\"itemListElement\":[{\"@type\":\"ListItem\",\"position\":1,\"name\":\"Home\",\"item\":\"https:\\\/\\\/www.cuballama.com\\\/noticias\\\/\"},{\"@type\":\"ListItem\",\"position\":2,\"name\":\"Miles y miles de cubanos lamentan la muerte de Alfredito Rodr\u00edguez\"}]},{\"@type\":\"WebSite\",\"@id\":\"https:\\\/\\\/www.cuballama.com\\\/noticias\\\/#website\",\"url\":\"https:\\\/\\\/www.cuballama.com\\\/noticias\\\/\",\"name\":\"Cuballama Noticias\",\"description\":\"Medio digital sobre Cuba y el mundo\",\"publisher\":{\"@id\":\"https:\\\/\\\/www.cuballama.com\\\/noticias\\\/#organization\"},\"potentialAction\":[{\"@type\":\"SearchAction\",\"target\":{\"@type\":\"EntryPoint\",\"urlTemplate\":\"https:\\\/\\\/www.cuballama.com\\\/noticias\\\/?s={search_term_string}\"},\"query-input\":{\"@type\":\"PropertyValueSpecification\",\"valueRequired\":true,\"valueName\":\"search_term_string\"}}],\"inLanguage\":\"es\"},{\"@type\":\"Organization\",\"@id\":\"https:\\\/\\\/www.cuballama.com\\\/noticias\\\/#organization\",\"name\":\"Cuballama\",\"url\":\"https:\\\/\\\/www.cuballama.com\\\/noticias\\\/\",\"logo\":{\"@type\":\"ImageObject\",\"inLanguage\":\"es\",\"@id\":\"https:\\\/\\\/www.cuballama.com\\\/noticias\\\/#\\\/schema\\\/logo\\\/image\\\/\",\"url\":\"https:\\\/\\\/cdn1.mediawpaccore.net\\\/wp-content\\\/uploads\\\/2021\\\/12\\\/28171206\\\/cbll-logo-color-sm.png\",\"contentUrl\":\"https:\\\/\\\/cdn1.mediawpaccore.net\\\/wp-content\\\/uploads\\\/2021\\\/12\\\/28171206\\\/cbll-logo-color-sm.png\",\"width\":600,\"height\":133,\"caption\":\"Cuballama\"},\"image\":{\"@id\":\"https:\\\/\\\/www.cuballama.com\\\/noticias\\\/#\\\/schema\\\/logo\\\/image\\\/\"},\"sameAs\":[\"https:\\\/\\\/www.facebook.com\\\/CubaLlama\",\"https:\\\/\\\/x.com\\\/cuballama\",\"https:\\\/\\\/www.instagram.com\\\/stories\\\/cuballama_oficial\\\/\",\"https:\\\/\\\/www.youtube.com\\\/channel\\\/UCKkFE-d_axENGZcrc4as0IA\"]},{\"@type\":\"Person\",\"@id\":\"https:\\\/\\\/www.cuballama.com\\\/noticias\\\/#\\\/schema\\\/person\\\/a58502ed4146c8e9f83872e897c76cd2\",\"name\":\"Roberto A.\",\"description\":\"Roberto A. Periodista por decisi\u00f3n propia. Interesado en cualquier tema que me apasione y cada vez m\u00e1s comprometido con la verdad y la objetividad period\u00edstica. Graduado en La Habana hace ya muchos a\u00f1os, luego de una accidentada y polvorienta b\u00fasqueda de informaci\u00f3n sobre un tema in\u00e9dito. La Tesis, por cierto, desapareci\u00f3 de la biblioteca y no se conservan copias de la misma.\",\"url\":\"https:\\\/\\\/www.cuballama.com\\\/noticias\\\/author\\\/roberto\\\/\"}]}<\/script>\n<!-- \/ Yoast SEO plugin. -->","yoast_head_json":{"title":"Miles y miles de cubanos lamentan la muerte de Alfredito Rodr\u00edguez - Cuballama Noticias","description":"Duelo masivo por Alfredito Rodr\u00edguez: cubanos dentro y fuera de la Isla lo despiden con recuerdos, canciones y gratitud.","robots":{"index":"index","follow":"follow","max-snippet":"max-snippet:-1","max-image-preview":"max-image-preview:large","max-video-preview":"max-video-preview:-1"},"canonical":"https:\/\/www.cuballama.com\/noticias\/miles-y-miles-de-cubanos-lamentan-la-muerte-de-alfredito-rodriguez\/","og_locale":"es_ES","og_type":"article","og_title":"Miles y miles de cubanos lamentan la muerte de Alfredito Rodr\u00edguez - Cuballama Noticias","og_description":"Duelo masivo por Alfredito Rodr\u00edguez: cubanos dentro y fuera de la Isla lo despiden con recuerdos, canciones y gratitud.","og_url":"https:\/\/www.cuballama.com\/noticias\/miles-y-miles-de-cubanos-lamentan-la-muerte-de-alfredito-rodriguez\/","og_site_name":"Cuballama Noticias","article_publisher":"https:\/\/www.facebook.com\/CubaLlama","article_published_time":"2026-01-23T18:58:30+00:00","article_modified_time":"2026-01-23T18:58:33+00:00","og_image":[{"width":1879,"height":1244,"url":"https:\/\/cdn1.mediawpaccore.net\/wp-content\/uploads\/2023\/11\/17062950\/El-triste-mensaje-de-Alfredito-Rodriguez-Habana-mia-algunos-se-empenaron-en-alejarme-de-ti.jpg","type":"image\/jpeg"}],"author":"Roberto A.","twitter_card":"summary_large_image","twitter_creator":"@cuballama","twitter_site":"@cuballama","twitter_misc":{"Escrito por":"Roberto A.","Tiempo de lectura":"6 minutos"},"schema":{"@context":"https:\/\/schema.org","@graph":[{"@type":"Article","@id":"https:\/\/www.cuballama.com\/noticias\/miles-y-miles-de-cubanos-lamentan-la-muerte-de-alfredito-rodriguez\/#article","isPartOf":{"@id":"https:\/\/www.cuballama.com\/noticias\/miles-y-miles-de-cubanos-lamentan-la-muerte-de-alfredito-rodriguez\/"},"author":{"name":"Roberto A.","@id":"https:\/\/www.cuballama.com\/noticias\/#\/schema\/person\/a58502ed4146c8e9f83872e897c76cd2"},"headline":"Miles y miles de cubanos lamentan la muerte de Alfredito Rodr\u00edguez","datePublished":"2026-01-23T18:58:30+00:00","dateModified":"2026-01-23T18:58:33+00:00","mainEntityOfPage":{"@id":"https:\/\/www.cuballama.com\/noticias\/miles-y-miles-de-cubanos-lamentan-la-muerte-de-alfredito-rodriguez\/"},"wordCount":1152,"commentCount":0,"publisher":{"@id":"https:\/\/www.cuballama.com\/noticias\/#organization"},"image":{"@id":"https:\/\/www.cuballama.com\/noticias\/miles-y-miles-de-cubanos-lamentan-la-muerte-de-alfredito-rodriguez\/#primaryimage"},"thumbnailUrl":"https:\/\/cdn1.mediawpaccore.net\/wp-content\/uploads\/2023\/11\/17062950\/El-triste-mensaje-de-Alfredito-Rodriguez-Habana-mia-algunos-se-empenaron-en-alejarme-de-ti.jpg","keywords":["Alfredito Rodr\u00edguez","Buena persona","cantautor","Conciertos","Cuba","cultura cubana","duelo","Exilio Cubano","Facebook","fans cubanos","Luto","Miami","musica cubana","Sagitario","televisi\u00f3n cubana"],"articleSection":["Far\u00e1ndula","Noticias","Noticias de Cuba"],"inLanguage":"es","potentialAction":[{"@type":"CommentAction","name":"Comment","target":["https:\/\/www.cuballama.com\/noticias\/miles-y-miles-de-cubanos-lamentan-la-muerte-de-alfredito-rodriguez\/#respond"]}]},{"@type":"WebPage","@id":"https:\/\/www.cuballama.com\/noticias\/miles-y-miles-de-cubanos-lamentan-la-muerte-de-alfredito-rodriguez\/","url":"https:\/\/www.cuballama.com\/noticias\/miles-y-miles-de-cubanos-lamentan-la-muerte-de-alfredito-rodriguez\/","name":"Miles y miles de cubanos lamentan la muerte de Alfredito Rodr\u00edguez - Cuballama Noticias","isPartOf":{"@id":"https:\/\/www.cuballama.com\/noticias\/#website"},"primaryImageOfPage":{"@id":"https:\/\/www.cuballama.com\/noticias\/miles-y-miles-de-cubanos-lamentan-la-muerte-de-alfredito-rodriguez\/#primaryimage"},"image":{"@id":"https:\/\/www.cuballama.com\/noticias\/miles-y-miles-de-cubanos-lamentan-la-muerte-de-alfredito-rodriguez\/#primaryimage"},"thumbnailUrl":"https:\/\/cdn1.mediawpaccore.net\/wp-content\/uploads\/2023\/11\/17062950\/El-triste-mensaje-de-Alfredito-Rodriguez-Habana-mia-algunos-se-empenaron-en-alejarme-de-ti.jpg","datePublished":"2026-01-23T18:58:30+00:00","dateModified":"2026-01-23T18:58:33+00:00","description":"Duelo masivo por Alfredito Rodr\u00edguez: cubanos dentro y fuera de la Isla lo despiden con recuerdos, canciones y gratitud.","breadcrumb":{"@id":"https:\/\/www.cuballama.com\/noticias\/miles-y-miles-de-cubanos-lamentan-la-muerte-de-alfredito-rodriguez\/#breadcrumb"},"inLanguage":"es","potentialAction":[{"@type":"ReadAction","target":["https:\/\/www.cuballama.com\/noticias\/miles-y-miles-de-cubanos-lamentan-la-muerte-de-alfredito-rodriguez\/"]}]},{"@type":"ImageObject","inLanguage":"es","@id":"https:\/\/www.cuballama.com\/noticias\/miles-y-miles-de-cubanos-lamentan-la-muerte-de-alfredito-rodriguez\/#primaryimage","url":"https:\/\/cdn1.mediawpaccore.net\/wp-content\/uploads\/2023\/11\/17062950\/El-triste-mensaje-de-Alfredito-Rodriguez-Habana-mia-algunos-se-empenaron-en-alejarme-de-ti.jpg","contentUrl":"https:\/\/cdn1.mediawpaccore.net\/wp-content\/uploads\/2023\/11\/17062950\/El-triste-mensaje-de-Alfredito-Rodriguez-Habana-mia-algunos-se-empenaron-en-alejarme-de-ti.jpg","width":1879,"height":1244,"caption":"Foto: Alfredito Rodr\u00edguez\/Facebook"},{"@type":"BreadcrumbList","@id":"https:\/\/www.cuballama.com\/noticias\/miles-y-miles-de-cubanos-lamentan-la-muerte-de-alfredito-rodriguez\/#breadcrumb","itemListElement":[{"@type":"ListItem","position":1,"name":"Home","item":"https:\/\/www.cuballama.com\/noticias\/"},{"@type":"ListItem","position":2,"name":"Miles y miles de cubanos lamentan la muerte de Alfredito Rodr\u00edguez"}]},{"@type":"WebSite","@id":"https:\/\/www.cuballama.com\/noticias\/#website","url":"https:\/\/www.cuballama.com\/noticias\/","name":"Cuballama Noticias","description":"Medio digital sobre Cuba y el mundo","publisher":{"@id":"https:\/\/www.cuballama.com\/noticias\/#organization"},"potentialAction":[{"@type":"SearchAction","target":{"@type":"EntryPoint","urlTemplate":"https:\/\/www.cuballama.com\/noticias\/?s={search_term_string}"},"query-input":{"@type":"PropertyValueSpecification","valueRequired":true,"valueName":"search_term_string"}}],"inLanguage":"es"},{"@type":"Organization","@id":"https:\/\/www.cuballama.com\/noticias\/#organization","name":"Cuballama","url":"https:\/\/www.cuballama.com\/noticias\/","logo":{"@type":"ImageObject","inLanguage":"es","@id":"https:\/\/www.cuballama.com\/noticias\/#\/schema\/logo\/image\/","url":"https:\/\/cdn1.mediawpaccore.net\/wp-content\/uploads\/2021\/12\/28171206\/cbll-logo-color-sm.png","contentUrl":"https:\/\/cdn1.mediawpaccore.net\/wp-content\/uploads\/2021\/12\/28171206\/cbll-logo-color-sm.png","width":600,"height":133,"caption":"Cuballama"},"image":{"@id":"https:\/\/www.cuballama.com\/noticias\/#\/schema\/logo\/image\/"},"sameAs":["https:\/\/www.facebook.com\/CubaLlama","https:\/\/x.com\/cuballama","https:\/\/www.instagram.com\/stories\/cuballama_oficial\/","https:\/\/www.youtube.com\/channel\/UCKkFE-d_axENGZcrc4as0IA"]},{"@type":"Person","@id":"https:\/\/www.cuballama.com\/noticias\/#\/schema\/person\/a58502ed4146c8e9f83872e897c76cd2","name":"Roberto A.","description":"Roberto A. Periodista por decisi\u00f3n propia. Interesado en cualquier tema que me apasione y cada vez m\u00e1s comprometido con la verdad y la objetividad period\u00edstica. Graduado en La Habana hace ya muchos a\u00f1os, luego de una accidentada y polvorienta b\u00fasqueda de informaci\u00f3n sobre un tema in\u00e9dito. La Tesis, por cierto, desapareci\u00f3 de la biblioteca y no se conservan copias de la misma.","url":"https:\/\/www.cuballama.com\/noticias\/author\/roberto\/"}]}},"_links":{"self":[{"href":"https:\/\/www.cuballama.com\/noticias\/wp-json\/wp\/v2\/posts\/233116","targetHints":{"allow":["GET"]}}],"collection":[{"href":"https:\/\/www.cuballama.com\/noticias\/wp-json\/wp\/v2\/posts"}],"about":[{"href":"https:\/\/www.cuballama.com\/noticias\/wp-json\/wp\/v2\/types\/post"}],"author":[{"embeddable":true,"href":"https:\/\/www.cuballama.com\/noticias\/wp-json\/wp\/v2\/users\/13"}],"replies":[{"embeddable":true,"href":"https:\/\/www.cuballama.com\/noticias\/wp-json\/wp\/v2\/comments?post=233116"}],"version-history":[{"count":2,"href":"https:\/\/www.cuballama.com\/noticias\/wp-json\/wp\/v2\/posts\/233116\/revisions"}],"predecessor-version":[{"id":233118,"href":"https:\/\/www.cuballama.com\/noticias\/wp-json\/wp\/v2\/posts\/233116\/revisions\/233118"}],"wp:featuredmedia":[{"embeddable":true,"href":"https:\/\/www.cuballama.com\/noticias\/wp-json\/wp\/v2\/media\/145649"}],"wp:attachment":[{"href":"https:\/\/www.cuballama.com\/noticias\/wp-json\/wp\/v2\/media?parent=233116"}],"wp:term":[{"taxonomy":"category","embeddable":true,"href":"https:\/\/www.cuballama.com\/noticias\/wp-json\/wp\/v2\/categories?post=233116"},{"taxonomy":"post_tag","embeddable":true,"href":"https:\/\/www.cuballama.com\/noticias\/wp-json\/wp\/v2\/tags?post=233116"}],"curies":[{"name":"wp","href":"https:\/\/api.w.org\/{rel}","templated":true}]}}