{"id":233078,"date":"2026-01-22T13:44:40","date_gmt":"2026-01-22T18:44:40","guid":{"rendered":"https:\/\/www.cuballama.com\/noticias\/?p=233078"},"modified":"2026-01-22T14:17:23","modified_gmt":"2026-01-22T19:17:23","slug":"fallece-popular-cantante-cubano-alfredito-rodriguez-a-los-74-anos","status":"publish","type":"post","link":"https:\/\/www.cuballama.com\/noticias\/fallece-popular-cantante-cubano-alfredito-rodriguez-a-los-74-anos\/","title":{"rendered":"Fallece en Miami popular cantante cubano Alfredito Rodr\u00edguez"},"content":{"rendered":"\n<p><\/p>\n\n\n\n<p>El cantante Alfredo Rodr\u00edguez, radicado desde hace d\u00e9cadas en Estados Unidos,  falleci\u00f3 a los 74 a\u00f1os dejando una profunda huella en la m\u00fasica y entre sus miles de seguidores que acumul\u00f3 a trav\u00e9s de su historia, seg\u00fan confirm\u00f3 su hijo, el pianista Alfredo Rodr\u00edguez Jr.<\/p>\n\n\n\n<p>\u201c Vuela alto pap\u00e1. Fuiste fiel a tu m\u00fasica, a tu p\u00fablico, a tus principios, a tus ideales, a tus ra\u00edces y, m\u00e1s importante a\u00fan, a tu familia\u201d escribi\u00f3 su hijo.<\/p>\n\n\n\n<p>\u201cGracias por inspirarnos y por demostrar que se puede vivir siendo coherente con lo que se siente y se cree\u201d a\u00f1adi\u00f3.<\/p>\n\n\n\n<p>\u201cTu legado seguir\u00e1 vivo en cada canci\u00f3n, en cada escenario y en cada persona que tocaste con tu voz y tu verdad\u201d a\u00f1adi\u00f3 el pianista.<\/p>\n\n\n\n<p>\u201cLos tiempos de la vida no son perfectos y no los podemos escoger\u2026 Casualmente, ma\u00f1ana sale mi nuevo disco y hoy comienza la gira\u201d agreg\u00f3 <\/p>\n\n\n\n<p>\u201cDesde el escenario estar\u00e9 celebrando tu vida y todo lo que dejaste en nosotros\u201d\u2019 dijo.<\/p>\n\n\n\n<p>Alfredo Rodr\u00edguez fue uno de los artistas m\u00e1s populares de Cuba entre varias generaciones de cubanos y sus conciertos reun\u00edan a miles de personas que le mostraban un gran cari\u00f1o y afecto al destacado m\u00fasico cubano.<\/p>\n\n\n\n<p>En Cuba sufri\u00f3 incomprensi\u00f3n y censura por las autoridades culturales lo que lo llev\u00f3 a emigrar hacia Miami.<\/p>\n\n\n\n<p>En noviembre del a\u00f1o pasado&nbsp;dijo que \u201calgunos\u201d se empe\u00f1aron en alejarlo de su ciudad, La Habana. \u201cHabana m\u00eda: jam\u00e1s me he ido, bien que s\u00e9 que muchos sienten mi lejan\u00eda, y tambi\u00e9n que algunos se empe\u00f1aron en alejarme de ti, pero estoy sin estar\u201d.<br><br><br><\/p>\n\n\n\n<p><\/p>\n","protected":false},"excerpt":{"rendered":"<p>El cantante Alfredo Rodr\u00edguez, radicado desde hace d\u00e9cadas en Estados Unidos, falleci\u00f3 a los 74 a\u00f1os dejando una profunda huella en la m\u00fasica y entre sus miles de seguidores que acumul\u00f3 a trav\u00e9s de su historia, seg\u00fan confirm\u00f3 su hijo, el pianista Alfredo Rodr\u00edguez Jr. \u201c Vuela alto pap\u00e1. Fuiste fiel a tu m\u00fasica, a [&hellip;]<\/p>\n","protected":false},"author":24,"featured_media":147274,"comment_status":"open","ping_status":"closed","sticky":false,"template":"","format":"standard","meta":{"_acf_changed":false,"footnotes":""},"categories":[18,955],"tags":[19362,252,10867,92,941,256,600],"class_list":{"0":"post-233078","1":"post","2":"type-post","3":"status-publish","4":"format-standard","5":"has-post-thumbnail","7":"category-noticias","8":"category-noticias-de-cuba","9":"tag-alfredo-rodriguez","10":"tag-artistas-cubanos","11":"tag-crisis-en-cuba","12":"tag-cubanos","13":"tag-destacado","14":"tag-miami","15":"tag-migrantes-cubanos"},"acf":[],"yoast_head":"<!-- This site is optimized with the Yoast SEO plugin v27.5 - https:\/\/yoast.com\/product\/yoast-seo-wordpress\/ -->\n<title>Fallece en Miami popular cantante cubano Alfredito Rodr\u00edguez - Cuballama Noticias<\/title>\n<meta name=\"description\" content=\"cantante Alfredo Rodr\u00edguez, radicado desde hace d\u00e9cadas en Estados Unidos, falleci\u00f3 a los 74 a\u00f1os dejando una profunda huella en la m\u00fasica y entre sus miles de\" \/>\n<meta name=\"robots\" content=\"index, follow, max-snippet:-1, max-image-preview:large, max-video-preview:-1\" \/>\n<link rel=\"canonical\" href=\"https:\/\/www.cuballama.com\/noticias\/fallece-popular-cantante-cubano-alfredito-rodriguez-a-los-74-anos\/\" \/>\n<meta property=\"og:locale\" content=\"es_ES\" \/>\n<meta property=\"og:type\" content=\"article\" \/>\n<meta property=\"og:title\" content=\"Fallece en Miami popular cantante cubano Alfredito Rodr\u00edguez - Cuballama Noticias\" \/>\n<meta property=\"og:description\" content=\"cantante Alfredo Rodr\u00edguez, radicado desde hace d\u00e9cadas en Estados Unidos, falleci\u00f3 a los 74 a\u00f1os dejando una profunda huella en la m\u00fasica y entre sus miles de\" \/>\n<meta property=\"og:url\" content=\"https:\/\/www.cuballama.com\/noticias\/fallece-popular-cantante-cubano-alfredito-rodriguez-a-los-74-anos\/\" \/>\n<meta property=\"og:site_name\" content=\"Cuballama Noticias\" \/>\n<meta property=\"article:publisher\" content=\"https:\/\/www.facebook.com\/CubaLlama\" \/>\n<meta property=\"article:published_time\" content=\"2026-01-22T18:44:40+00:00\" \/>\n<meta property=\"article:modified_time\" content=\"2026-01-22T19:17:23+00:00\" \/>\n<meta property=\"og:image\" content=\"https:\/\/cdn1.mediawpaccore.net\/wp-content\/uploads\/2023\/11\/29111931\/Captura-de-pantalla-2023-11-29-a-las-17.14.59-1.png\" \/>\n\t<meta property=\"og:image:width\" content=\"1362\" \/>\n\t<meta property=\"og:image:height\" content=\"808\" \/>\n\t<meta property=\"og:image:type\" content=\"image\/png\" \/>\n<meta name=\"author\" content=\"Manu\" \/>\n<meta name=\"twitter:card\" content=\"summary_large_image\" \/>\n<meta name=\"twitter:creator\" content=\"@cuballama\" \/>\n<meta name=\"twitter:site\" content=\"@cuballama\" \/>\n<meta name=\"twitter:label1\" content=\"Escrito por\" \/>\n\t<meta name=\"twitter:data1\" content=\"Manu\" \/>\n\t<meta name=\"twitter:label2\" content=\"Tiempo de lectura\" \/>\n\t<meta name=\"twitter:data2\" content=\"2 minutos\" \/>\n<script type=\"application\/ld+json\" class=\"yoast-schema-graph\">{\"@context\":\"https:\\\/\\\/schema.org\",\"@graph\":[{\"@type\":\"Article\",\"@id\":\"https:\\\/\\\/www.cuballama.com\\\/noticias\\\/fallece-popular-cantante-cubano-alfredito-rodriguez-a-los-74-anos\\\/#article\",\"isPartOf\":{\"@id\":\"https:\\\/\\\/www.cuballama.com\\\/noticias\\\/fallece-popular-cantante-cubano-alfredito-rodriguez-a-los-74-anos\\\/\"},\"author\":{\"name\":\"Manu\",\"@id\":\"https:\\\/\\\/www.cuballama.com\\\/noticias\\\/#\\\/schema\\\/person\\\/5889f7d070564f8386e7944d14d436cd\"},\"headline\":\"Fallece en Miami popular cantante cubano Alfredito Rodr\u00edguez\",\"datePublished\":\"2026-01-22T18:44:40+00:00\",\"dateModified\":\"2026-01-22T19:17:23+00:00\",\"mainEntityOfPage\":{\"@id\":\"https:\\\/\\\/www.cuballama.com\\\/noticias\\\/fallece-popular-cantante-cubano-alfredito-rodriguez-a-los-74-anos\\\/\"},\"wordCount\":298,\"commentCount\":0,\"publisher\":{\"@id\":\"https:\\\/\\\/www.cuballama.com\\\/noticias\\\/#organization\"},\"image\":{\"@id\":\"https:\\\/\\\/www.cuballama.com\\\/noticias\\\/fallece-popular-cantante-cubano-alfredito-rodriguez-a-los-74-anos\\\/#primaryimage\"},\"thumbnailUrl\":\"https:\\\/\\\/cdn1.mediawpaccore.net\\\/wp-content\\\/uploads\\\/2023\\\/11\\\/29111931\\\/Captura-de-pantalla-2023-11-29-a-las-17.14.59-1.png\",\"keywords\":[\"Alfredo Rodr\u00edguez\",\"Artistas cubanos\",\"Crisis en Cuba\",\"cubanos\",\"destacado\",\"Miami\",\"Migrantes cubanos\"],\"articleSection\":[\"Noticias\",\"Noticias de Cuba\"],\"inLanguage\":\"es\",\"potentialAction\":[{\"@type\":\"CommentAction\",\"name\":\"Comment\",\"target\":[\"https:\\\/\\\/www.cuballama.com\\\/noticias\\\/fallece-popular-cantante-cubano-alfredito-rodriguez-a-los-74-anos\\\/#respond\"]}]},{\"@type\":\"WebPage\",\"@id\":\"https:\\\/\\\/www.cuballama.com\\\/noticias\\\/fallece-popular-cantante-cubano-alfredito-rodriguez-a-los-74-anos\\\/\",\"url\":\"https:\\\/\\\/www.cuballama.com\\\/noticias\\\/fallece-popular-cantante-cubano-alfredito-rodriguez-a-los-74-anos\\\/\",\"name\":\"Fallece en Miami popular cantante cubano Alfredito Rodr\u00edguez - Cuballama Noticias\",\"isPartOf\":{\"@id\":\"https:\\\/\\\/www.cuballama.com\\\/noticias\\\/#website\"},\"primaryImageOfPage\":{\"@id\":\"https:\\\/\\\/www.cuballama.com\\\/noticias\\\/fallece-popular-cantante-cubano-alfredito-rodriguez-a-los-74-anos\\\/#primaryimage\"},\"image\":{\"@id\":\"https:\\\/\\\/www.cuballama.com\\\/noticias\\\/fallece-popular-cantante-cubano-alfredito-rodriguez-a-los-74-anos\\\/#primaryimage\"},\"thumbnailUrl\":\"https:\\\/\\\/cdn1.mediawpaccore.net\\\/wp-content\\\/uploads\\\/2023\\\/11\\\/29111931\\\/Captura-de-pantalla-2023-11-29-a-las-17.14.59-1.png\",\"datePublished\":\"2026-01-22T18:44:40+00:00\",\"dateModified\":\"2026-01-22T19:17:23+00:00\",\"description\":\"cantante Alfredo Rodr\u00edguez, radicado desde hace d\u00e9cadas en Estados Unidos, falleci\u00f3 a los 74 a\u00f1os dejando una profunda huella en la m\u00fasica y entre sus miles de\",\"breadcrumb\":{\"@id\":\"https:\\\/\\\/www.cuballama.com\\\/noticias\\\/fallece-popular-cantante-cubano-alfredito-rodriguez-a-los-74-anos\\\/#breadcrumb\"},\"inLanguage\":\"es\",\"potentialAction\":[{\"@type\":\"ReadAction\",\"target\":[\"https:\\\/\\\/www.cuballama.com\\\/noticias\\\/fallece-popular-cantante-cubano-alfredito-rodriguez-a-los-74-anos\\\/\"]}]},{\"@type\":\"ImageObject\",\"inLanguage\":\"es\",\"@id\":\"https:\\\/\\\/www.cuballama.com\\\/noticias\\\/fallece-popular-cantante-cubano-alfredito-rodriguez-a-los-74-anos\\\/#primaryimage\",\"url\":\"https:\\\/\\\/cdn1.mediawpaccore.net\\\/wp-content\\\/uploads\\\/2023\\\/11\\\/29111931\\\/Captura-de-pantalla-2023-11-29-a-las-17.14.59-1.png\",\"contentUrl\":\"https:\\\/\\\/cdn1.mediawpaccore.net\\\/wp-content\\\/uploads\\\/2023\\\/11\\\/29111931\\\/Captura-de-pantalla-2023-11-29-a-las-17.14.59-1.png\",\"width\":1362,\"height\":808,\"caption\":\"Foto tomada del perfil de Facebook de Alfredito Rodr\u00edguez\"},{\"@type\":\"BreadcrumbList\",\"@id\":\"https:\\\/\\\/www.cuballama.com\\\/noticias\\\/fallece-popular-cantante-cubano-alfredito-rodriguez-a-los-74-anos\\\/#breadcrumb\",\"itemListElement\":[{\"@type\":\"ListItem\",\"position\":1,\"name\":\"Home\",\"item\":\"https:\\\/\\\/www.cuballama.com\\\/noticias\\\/\"},{\"@type\":\"ListItem\",\"position\":2,\"name\":\"Fallece en Miami popular cantante cubano Alfredito Rodr\u00edguez\"}]},{\"@type\":\"WebSite\",\"@id\":\"https:\\\/\\\/www.cuballama.com\\\/noticias\\\/#website\",\"url\":\"https:\\\/\\\/www.cuballama.com\\\/noticias\\\/\",\"name\":\"Cuballama Noticias\",\"description\":\"Medio digital sobre Cuba y el mundo\",\"publisher\":{\"@id\":\"https:\\\/\\\/www.cuballama.com\\\/noticias\\\/#organization\"},\"potentialAction\":[{\"@type\":\"SearchAction\",\"target\":{\"@type\":\"EntryPoint\",\"urlTemplate\":\"https:\\\/\\\/www.cuballama.com\\\/noticias\\\/?s={search_term_string}\"},\"query-input\":{\"@type\":\"PropertyValueSpecification\",\"valueRequired\":true,\"valueName\":\"search_term_string\"}}],\"inLanguage\":\"es\"},{\"@type\":\"Organization\",\"@id\":\"https:\\\/\\\/www.cuballama.com\\\/noticias\\\/#organization\",\"name\":\"Cuballama\",\"url\":\"https:\\\/\\\/www.cuballama.com\\\/noticias\\\/\",\"logo\":{\"@type\":\"ImageObject\",\"inLanguage\":\"es\",\"@id\":\"https:\\\/\\\/www.cuballama.com\\\/noticias\\\/#\\\/schema\\\/logo\\\/image\\\/\",\"url\":\"https:\\\/\\\/cdn1.mediawpaccore.net\\\/wp-content\\\/uploads\\\/2021\\\/12\\\/28171206\\\/cbll-logo-color-sm.png\",\"contentUrl\":\"https:\\\/\\\/cdn1.mediawpaccore.net\\\/wp-content\\\/uploads\\\/2021\\\/12\\\/28171206\\\/cbll-logo-color-sm.png\",\"width\":600,\"height\":133,\"caption\":\"Cuballama\"},\"image\":{\"@id\":\"https:\\\/\\\/www.cuballama.com\\\/noticias\\\/#\\\/schema\\\/logo\\\/image\\\/\"},\"sameAs\":[\"https:\\\/\\\/www.facebook.com\\\/CubaLlama\",\"https:\\\/\\\/x.com\\\/cuballama\",\"https:\\\/\\\/www.instagram.com\\\/stories\\\/cuballama_oficial\\\/\",\"https:\\\/\\\/www.youtube.com\\\/channel\\\/UCKkFE-d_axENGZcrc4as0IA\"]},{\"@type\":\"Person\",\"@id\":\"https:\\\/\\\/www.cuballama.com\\\/noticias\\\/#\\\/schema\\\/person\\\/5889f7d070564f8386e7944d14d436cd\",\"name\":\"Manu\",\"url\":\"https:\\\/\\\/www.cuballama.com\\\/noticias\\\/author\\\/manu\\\/\"}]}<\/script>\n<!-- \/ Yoast SEO plugin. -->","yoast_head_json":{"title":"Fallece en Miami popular cantante cubano Alfredito Rodr\u00edguez - Cuballama Noticias","description":"cantante Alfredo Rodr\u00edguez, radicado desde hace d\u00e9cadas en Estados Unidos, falleci\u00f3 a los 74 a\u00f1os dejando una profunda huella en la m\u00fasica y entre sus miles de","robots":{"index":"index","follow":"follow","max-snippet":"max-snippet:-1","max-image-preview":"max-image-preview:large","max-video-preview":"max-video-preview:-1"},"canonical":"https:\/\/www.cuballama.com\/noticias\/fallece-popular-cantante-cubano-alfredito-rodriguez-a-los-74-anos\/","og_locale":"es_ES","og_type":"article","og_title":"Fallece en Miami popular cantante cubano Alfredito Rodr\u00edguez - Cuballama Noticias","og_description":"cantante Alfredo Rodr\u00edguez, radicado desde hace d\u00e9cadas en Estados Unidos, falleci\u00f3 a los 74 a\u00f1os dejando una profunda huella en la m\u00fasica y entre sus miles de","og_url":"https:\/\/www.cuballama.com\/noticias\/fallece-popular-cantante-cubano-alfredito-rodriguez-a-los-74-anos\/","og_site_name":"Cuballama Noticias","article_publisher":"https:\/\/www.facebook.com\/CubaLlama","article_published_time":"2026-01-22T18:44:40+00:00","article_modified_time":"2026-01-22T19:17:23+00:00","og_image":[{"width":1362,"height":808,"url":"https:\/\/cdn1.mediawpaccore.net\/wp-content\/uploads\/2023\/11\/29111931\/Captura-de-pantalla-2023-11-29-a-las-17.14.59-1.png","type":"image\/png"}],"author":"Manu","twitter_card":"summary_large_image","twitter_creator":"@cuballama","twitter_site":"@cuballama","twitter_misc":{"Escrito por":"Manu","Tiempo de lectura":"2 minutos"},"schema":{"@context":"https:\/\/schema.org","@graph":[{"@type":"Article","@id":"https:\/\/www.cuballama.com\/noticias\/fallece-popular-cantante-cubano-alfredito-rodriguez-a-los-74-anos\/#article","isPartOf":{"@id":"https:\/\/www.cuballama.com\/noticias\/fallece-popular-cantante-cubano-alfredito-rodriguez-a-los-74-anos\/"},"author":{"name":"Manu","@id":"https:\/\/www.cuballama.com\/noticias\/#\/schema\/person\/5889f7d070564f8386e7944d14d436cd"},"headline":"Fallece en Miami popular cantante cubano Alfredito Rodr\u00edguez","datePublished":"2026-01-22T18:44:40+00:00","dateModified":"2026-01-22T19:17:23+00:00","mainEntityOfPage":{"@id":"https:\/\/www.cuballama.com\/noticias\/fallece-popular-cantante-cubano-alfredito-rodriguez-a-los-74-anos\/"},"wordCount":298,"commentCount":0,"publisher":{"@id":"https:\/\/www.cuballama.com\/noticias\/#organization"},"image":{"@id":"https:\/\/www.cuballama.com\/noticias\/fallece-popular-cantante-cubano-alfredito-rodriguez-a-los-74-anos\/#primaryimage"},"thumbnailUrl":"https:\/\/cdn1.mediawpaccore.net\/wp-content\/uploads\/2023\/11\/29111931\/Captura-de-pantalla-2023-11-29-a-las-17.14.59-1.png","keywords":["Alfredo Rodr\u00edguez","Artistas cubanos","Crisis en Cuba","cubanos","destacado","Miami","Migrantes cubanos"],"articleSection":["Noticias","Noticias de Cuba"],"inLanguage":"es","potentialAction":[{"@type":"CommentAction","name":"Comment","target":["https:\/\/www.cuballama.com\/noticias\/fallece-popular-cantante-cubano-alfredito-rodriguez-a-los-74-anos\/#respond"]}]},{"@type":"WebPage","@id":"https:\/\/www.cuballama.com\/noticias\/fallece-popular-cantante-cubano-alfredito-rodriguez-a-los-74-anos\/","url":"https:\/\/www.cuballama.com\/noticias\/fallece-popular-cantante-cubano-alfredito-rodriguez-a-los-74-anos\/","name":"Fallece en Miami popular cantante cubano Alfredito Rodr\u00edguez - Cuballama Noticias","isPartOf":{"@id":"https:\/\/www.cuballama.com\/noticias\/#website"},"primaryImageOfPage":{"@id":"https:\/\/www.cuballama.com\/noticias\/fallece-popular-cantante-cubano-alfredito-rodriguez-a-los-74-anos\/#primaryimage"},"image":{"@id":"https:\/\/www.cuballama.com\/noticias\/fallece-popular-cantante-cubano-alfredito-rodriguez-a-los-74-anos\/#primaryimage"},"thumbnailUrl":"https:\/\/cdn1.mediawpaccore.net\/wp-content\/uploads\/2023\/11\/29111931\/Captura-de-pantalla-2023-11-29-a-las-17.14.59-1.png","datePublished":"2026-01-22T18:44:40+00:00","dateModified":"2026-01-22T19:17:23+00:00","description":"cantante Alfredo Rodr\u00edguez, radicado desde hace d\u00e9cadas en Estados Unidos, falleci\u00f3 a los 74 a\u00f1os dejando una profunda huella en la m\u00fasica y entre sus miles de","breadcrumb":{"@id":"https:\/\/www.cuballama.com\/noticias\/fallece-popular-cantante-cubano-alfredito-rodriguez-a-los-74-anos\/#breadcrumb"},"inLanguage":"es","potentialAction":[{"@type":"ReadAction","target":["https:\/\/www.cuballama.com\/noticias\/fallece-popular-cantante-cubano-alfredito-rodriguez-a-los-74-anos\/"]}]},{"@type":"ImageObject","inLanguage":"es","@id":"https:\/\/www.cuballama.com\/noticias\/fallece-popular-cantante-cubano-alfredito-rodriguez-a-los-74-anos\/#primaryimage","url":"https:\/\/cdn1.mediawpaccore.net\/wp-content\/uploads\/2023\/11\/29111931\/Captura-de-pantalla-2023-11-29-a-las-17.14.59-1.png","contentUrl":"https:\/\/cdn1.mediawpaccore.net\/wp-content\/uploads\/2023\/11\/29111931\/Captura-de-pantalla-2023-11-29-a-las-17.14.59-1.png","width":1362,"height":808,"caption":"Foto tomada del perfil de Facebook de Alfredito Rodr\u00edguez"},{"@type":"BreadcrumbList","@id":"https:\/\/www.cuballama.com\/noticias\/fallece-popular-cantante-cubano-alfredito-rodriguez-a-los-74-anos\/#breadcrumb","itemListElement":[{"@type":"ListItem","position":1,"name":"Home","item":"https:\/\/www.cuballama.com\/noticias\/"},{"@type":"ListItem","position":2,"name":"Fallece en Miami popular cantante cubano Alfredito Rodr\u00edguez"}]},{"@type":"WebSite","@id":"https:\/\/www.cuballama.com\/noticias\/#website","url":"https:\/\/www.cuballama.com\/noticias\/","name":"Cuballama Noticias","description":"Medio digital sobre Cuba y el mundo","publisher":{"@id":"https:\/\/www.cuballama.com\/noticias\/#organization"},"potentialAction":[{"@type":"SearchAction","target":{"@type":"EntryPoint","urlTemplate":"https:\/\/www.cuballama.com\/noticias\/?s={search_term_string}"},"query-input":{"@type":"PropertyValueSpecification","valueRequired":true,"valueName":"search_term_string"}}],"inLanguage":"es"},{"@type":"Organization","@id":"https:\/\/www.cuballama.com\/noticias\/#organization","name":"Cuballama","url":"https:\/\/www.cuballama.com\/noticias\/","logo":{"@type":"ImageObject","inLanguage":"es","@id":"https:\/\/www.cuballama.com\/noticias\/#\/schema\/logo\/image\/","url":"https:\/\/cdn1.mediawpaccore.net\/wp-content\/uploads\/2021\/12\/28171206\/cbll-logo-color-sm.png","contentUrl":"https:\/\/cdn1.mediawpaccore.net\/wp-content\/uploads\/2021\/12\/28171206\/cbll-logo-color-sm.png","width":600,"height":133,"caption":"Cuballama"},"image":{"@id":"https:\/\/www.cuballama.com\/noticias\/#\/schema\/logo\/image\/"},"sameAs":["https:\/\/www.facebook.com\/CubaLlama","https:\/\/x.com\/cuballama","https:\/\/www.instagram.com\/stories\/cuballama_oficial\/","https:\/\/www.youtube.com\/channel\/UCKkFE-d_axENGZcrc4as0IA"]},{"@type":"Person","@id":"https:\/\/www.cuballama.com\/noticias\/#\/schema\/person\/5889f7d070564f8386e7944d14d436cd","name":"Manu","url":"https:\/\/www.cuballama.com\/noticias\/author\/manu\/"}]}},"_links":{"self":[{"href":"https:\/\/www.cuballama.com\/noticias\/wp-json\/wp\/v2\/posts\/233078","targetHints":{"allow":["GET"]}}],"collection":[{"href":"https:\/\/www.cuballama.com\/noticias\/wp-json\/wp\/v2\/posts"}],"about":[{"href":"https:\/\/www.cuballama.com\/noticias\/wp-json\/wp\/v2\/types\/post"}],"author":[{"embeddable":true,"href":"https:\/\/www.cuballama.com\/noticias\/wp-json\/wp\/v2\/users\/24"}],"replies":[{"embeddable":true,"href":"https:\/\/www.cuballama.com\/noticias\/wp-json\/wp\/v2\/comments?post=233078"}],"version-history":[{"count":10,"href":"https:\/\/www.cuballama.com\/noticias\/wp-json\/wp\/v2\/posts\/233078\/revisions"}],"predecessor-version":[{"id":233097,"href":"https:\/\/www.cuballama.com\/noticias\/wp-json\/wp\/v2\/posts\/233078\/revisions\/233097"}],"wp:featuredmedia":[{"embeddable":true,"href":"https:\/\/www.cuballama.com\/noticias\/wp-json\/wp\/v2\/media\/147274"}],"wp:attachment":[{"href":"https:\/\/www.cuballama.com\/noticias\/wp-json\/wp\/v2\/media?parent=233078"}],"wp:term":[{"taxonomy":"category","embeddable":true,"href":"https:\/\/www.cuballama.com\/noticias\/wp-json\/wp\/v2\/categories?post=233078"},{"taxonomy":"post_tag","embeddable":true,"href":"https:\/\/www.cuballama.com\/noticias\/wp-json\/wp\/v2\/tags?post=233078"}],"curies":[{"name":"wp","href":"https:\/\/api.w.org\/{rel}","templated":true}]}}