{"id":233076,"date":"2026-01-23T11:57:23","date_gmt":"2026-01-23T16:57:23","guid":{"rendered":"https:\/\/www.cuballama.com\/noticias\/?p=233076"},"modified":"2026-01-23T11:57:29","modified_gmt":"2026-01-23T16:57:29","slug":"portaaviones-nuclear-crea-revuelo-pese-estar-fuera-de-aguas-cubanas-pero","status":"publish","type":"post","link":"https:\/\/www.cuballama.com\/noticias\/portaaviones-nuclear-crea-revuelo-pese-estar-fuera-de-aguas-cubanas-pero\/","title":{"rendered":"Portaaviones nuclear crea revuelo pese estar fuera de aguas cubanas pero&#8230;"},"content":{"rendered":"\n<p>Radioemisoras hispanas del sur de La Florida y medios alternativos cubanos centraron su atenci\u00f3n este viernes en la ubicaci\u00f3n del portaaviones nuclear USS George H.W.Bush ubicado en el Atl\u00e1ntico Norte pero del que aseguran lleg\u00f3 anoche a 60 millas n\u00e1uticas de las costas de Varadero.<\/p>\n\n\n\n<p>Los principales medios estadounidenses y agencias de noticias que tradicionalmente recogen \u00abfiltraciones\u00bb de \u00abfuncionarios que hablaron en condici\u00f3n de anonimato\u00bb no han destacado esta incursi\u00f3n&nbsp; ni han vinculado la trayectoria del USS George H.W.Bush con las recientes advertencias de Donald Trump contra el regimen cubano tras la violenta operaci\u00f3n militar en Venezuela<\/p>\n\n\n\n<p>De acuerdo a un mensaje de X de \u00ab@CHINAPLA1\u00bb, el 22 de enero, las se\u00f1ales del AIS(Automatic Identification System) indicaron que el portaaviones USS George H.W. Bush (CVN-77) se encontraba en medio del Estrecho de Florida, entre la costa norte de Cuba y los Cayos de Florida, y a\u00fan no hab\u00eda entrado en el Golfo de M\u00e9xico.<\/p>\n\n\n\n<p>\u00abDesde la reposici\u00f3n en el mar y ejercicios de fuego real, hasta las calificaciones de la cubierta de vuelo, el USS George H.W. Bush entren\u00f3 en todos los \u00e1mbitos. \u00a1Estamos constantemente perfeccionando nuestras habilidades para que podamos estar listos para lo que est\u00e1 por venir!\u00bb se lee en un post reciente de la red social Facebook bajo el r\u00f3tulo del portaaviones.<\/p>\n\n\n\n<p>Seg\u00fan \u00abIA\u00bb, a 60 millas n\u00e1uticas de la costa cubana el portaaviones no estar\u00eda en aguas territoriales ni bajo la soberan\u00eda plena de Cuba. El mar territorial es hasta 12 millas n\u00e1uticas. El espacio conocido como Zona Contigua es hasta las 24 millas n\u00e1uticas y es el \u00e1rea donde el Estado puede tomar medidas para prevenir infracciones de sus leyes aduaneras, fiscales, de inmigraci\u00f3n o sanitarias.<\/p>\n\n\n\n<p>A 60 millas n\u00e1uticas el portaaviones se encontrar\u00eda dentro de la Zona Econ\u00f3mica Exclusiva (ZEE) de Cuba.En esta zona Cuba tiene derechos soberanos para la explotaci\u00f3n de recursos naturales (pesca, petr\u00f3leo, entre otros). Sin embargo, seg\u00fan la Convenci\u00f3n de las Naciones Unidas sobre el Derecho del Mar, todos los Estados gozan de libertad de navegaci\u00f3n en la ZEE.<\/p>\n\n\n\n<p>Por lo tanto, siempre seg\u00fan la IA, un buque militar extranjero puede navegar legalmente en esta \u00e1rea sin permiso previo, siempre que no realice actividades de explotaci\u00f3n o investigaci\u00f3n cient\u00edfica sin autorizaci\u00f3n. M\u00e1s all\u00e1 de esta disquisici\u00f3n, la tensi\u00f3n en el Caribe sigue en efervescencia con el despliegue militar estadounidense a\u00fan presente en la zona en la que Cuba siempre tiene dentro de casa a un \u00abportaaviones\u00bb como lo es la Base Naval de Guant\u00e1namo.<\/p>\n\n\n\n<p>Si bien legalmente el USS George H.W.Bush se encuentra en aguas internacionales desde el punto de vista de la navegaci\u00f3n, a pesar de estar dentro de la zona de derechos econ\u00f3micos de la Isla, las autoridades cubanas tendr\u00edan razones sobradas para desconfiar, sobre todo despu\u00e9s de la operaci\u00f3n \u00abResoluci\u00f3n Absoluta\u00bb de la Marina estadounidense con la captura y extracci\u00f3n de Nicol\u00e1s Maduro y la muerte de 32 guardaespaldas cubanos, acci\u00f3n que Trump pondera entre sus tres grandes logros en el plano militar junto al bombardeo de Ir\u00e1n y la renovaci\u00f3n del ej\u00e9rcito norteamericano.<\/p>\n\n\n\n<p>Las autoridades cubanas a\u00fan no han hecho p\u00fablica su reacci\u00f3n ante la aparici\u00f3n en el horizonte del portaaviones sobre el que todav\u00eda no se ha confirmado su destino final. Algunos medios especializados estadounidenses estiman que tras partir&nbsp;&nbsp;de su puerto base en la Estaci\u00f3n Naval de Norfolk y ahora&nbsp; en el Atl\u00e1ntico&nbsp; Norte su destino es Europa.&nbsp;<\/p>\n\n\n\n<p>Aunque no est\u00e1 claro hacia d\u00f3nde podr\u00eda dirigirse el buque de guerra, se ha especulado que&nbsp; ser\u00e1 desplegado en el Mediterr\u00e1neo, lo que podr\u00eda permitir al superportaaviones transitar por el Canal de Suez si es necesario, si las tensiones contin\u00faan aumentando entre Washington y Teher\u00e1n.<\/p>\n\n\n\n<p>Se ha especulado que tambi\u00e9n podr\u00eda relevar al USS&nbsp;<em>Gerald R. Ford<\/em>, pero la Marina de EE. UU. no ha anunciado d\u00f3nde se desplegar\u00e1.<\/p>\n\n\n\n<p>El Gerald R. Ford , considerado el portaaviones m\u00e1s\u00a0 grande del mundo, sigue\u00a0 operando\u00a0 en el mar Caribe, en el \u00e1rea de responsabilidad del Mando Sur de EE. UU., y fue pieza clave en el ataque terrestre a Caracas.<\/p>\n\n\n\n<p><em>Aunque la Marina de EE.UU cuenta con 11 portaaviones nucleares en servicio activo, s\u00f3lo alrededor de la mitad est\u00e1n desplegados en un momento dado, mientras el resto est\u00e1 en puerto o en mantenimiento.<\/em><br><br><br><\/p>\n","protected":false},"excerpt":{"rendered":"<p>Radioemisoras hispanas del sur de La Florida y medios alternativos cubanos centraron su atenci\u00f3n este viernes en la ubicaci\u00f3n del portaaviones nuclear USS George H.W.Bush ubicado en el Atl\u00e1ntico Norte pero del que aseguran lleg\u00f3 anoche a 60 millas n\u00e1uticas de las costas de Varadero. Los principales medios estadounidenses y agencias de noticias que tradicionalmente [&hellip;]<\/p>\n","protected":false},"author":24,"featured_media":233189,"comment_status":"open","ping_status":"closed","sticky":false,"template":"","format":"standard","meta":{"_acf_changed":false,"footnotes":""},"categories":[18,955],"tags":[10867,600,11017],"class_list":{"0":"post-233076","1":"post","2":"type-post","3":"status-publish","4":"format-standard","5":"has-post-thumbnail","7":"category-noticias","8":"category-noticias-de-cuba","9":"tag-crisis-en-cuba","10":"tag-migrantes-cubanos","11":"tag-superdestacado"},"acf":[],"yoast_head":"<!-- This site is optimized with the Yoast SEO plugin v27.5 - https:\/\/yoast.com\/product\/yoast-seo-wordpress\/ -->\n<title>Portaaviones nuclear crea revuelo pese estar fuera de aguas cubanas pero... - Cuballama Noticias<\/title>\n<meta name=\"description\" content=\"Radioemisoras de La Florida y medios alternativos cubanos centraron su atenci\u00f3n en la ubicaci\u00f3n del portaaviones USS George H.W.Bush ubicado\" \/>\n<meta name=\"robots\" content=\"index, follow, max-snippet:-1, max-image-preview:large, max-video-preview:-1\" \/>\n<link rel=\"canonical\" href=\"https:\/\/www.cuballama.com\/noticias\/portaaviones-nuclear-crea-revuelo-pese-estar-fuera-de-aguas-cubanas-pero\/\" \/>\n<meta property=\"og:locale\" content=\"es_ES\" \/>\n<meta property=\"og:type\" content=\"article\" \/>\n<meta property=\"og:title\" content=\"Portaaviones nuclear crea revuelo pese estar fuera de aguas cubanas pero... - Cuballama Noticias\" \/>\n<meta property=\"og:description\" content=\"Radioemisoras de La Florida y medios alternativos cubanos centraron su atenci\u00f3n en la ubicaci\u00f3n del portaaviones USS George H.W.Bush ubicado\" \/>\n<meta property=\"og:url\" content=\"https:\/\/www.cuballama.com\/noticias\/portaaviones-nuclear-crea-revuelo-pese-estar-fuera-de-aguas-cubanas-pero\/\" \/>\n<meta property=\"og:site_name\" content=\"Cuballama Noticias\" \/>\n<meta property=\"article:publisher\" content=\"https:\/\/www.facebook.com\/CubaLlama\" \/>\n<meta property=\"article:published_time\" content=\"2026-01-23T16:57:23+00:00\" \/>\n<meta property=\"article:modified_time\" content=\"2026-01-23T16:57:29+00:00\" \/>\n<meta property=\"og:image\" content=\"https:\/\/cdn1.mediawpaccore.net\/wp-content\/uploads\/2026\/01\/23115348\/IMG_0939.jpeg\" \/>\n\t<meta property=\"og:image:width\" content=\"1200\" \/>\n\t<meta property=\"og:image:height\" content=\"630\" \/>\n\t<meta property=\"og:image:type\" content=\"image\/jpeg\" \/>\n<meta name=\"author\" content=\"Manu\" \/>\n<meta name=\"twitter:card\" content=\"summary_large_image\" \/>\n<meta name=\"twitter:creator\" content=\"@cuballama\" \/>\n<meta name=\"twitter:site\" content=\"@cuballama\" \/>\n<meta name=\"twitter:label1\" content=\"Escrito por\" \/>\n\t<meta name=\"twitter:data1\" content=\"Manu\" \/>\n\t<meta name=\"twitter:label2\" content=\"Tiempo de lectura\" \/>\n\t<meta name=\"twitter:data2\" content=\"4 minutos\" \/>\n<script type=\"application\/ld+json\" class=\"yoast-schema-graph\">{\"@context\":\"https:\\\/\\\/schema.org\",\"@graph\":[{\"@type\":\"Article\",\"@id\":\"https:\\\/\\\/www.cuballama.com\\\/noticias\\\/portaaviones-nuclear-crea-revuelo-pese-estar-fuera-de-aguas-cubanas-pero\\\/#article\",\"isPartOf\":{\"@id\":\"https:\\\/\\\/www.cuballama.com\\\/noticias\\\/portaaviones-nuclear-crea-revuelo-pese-estar-fuera-de-aguas-cubanas-pero\\\/\"},\"author\":{\"name\":\"Manu\",\"@id\":\"https:\\\/\\\/www.cuballama.com\\\/noticias\\\/#\\\/schema\\\/person\\\/5889f7d070564f8386e7944d14d436cd\"},\"headline\":\"Portaaviones nuclear crea revuelo pese estar fuera de aguas cubanas pero&#8230;\",\"datePublished\":\"2026-01-23T16:57:23+00:00\",\"dateModified\":\"2026-01-23T16:57:29+00:00\",\"mainEntityOfPage\":{\"@id\":\"https:\\\/\\\/www.cuballama.com\\\/noticias\\\/portaaviones-nuclear-crea-revuelo-pese-estar-fuera-de-aguas-cubanas-pero\\\/\"},\"wordCount\":795,\"commentCount\":0,\"publisher\":{\"@id\":\"https:\\\/\\\/www.cuballama.com\\\/noticias\\\/#organization\"},\"image\":{\"@id\":\"https:\\\/\\\/www.cuballama.com\\\/noticias\\\/portaaviones-nuclear-crea-revuelo-pese-estar-fuera-de-aguas-cubanas-pero\\\/#primaryimage\"},\"thumbnailUrl\":\"https:\\\/\\\/cdn1.mediawpaccore.net\\\/wp-content\\\/uploads\\\/2026\\\/01\\\/23115348\\\/IMG_0939.jpeg\",\"keywords\":[\"Crisis en Cuba\",\"Migrantes cubanos\",\"superdestacado\"],\"articleSection\":[\"Noticias\",\"Noticias de Cuba\"],\"inLanguage\":\"es\",\"potentialAction\":[{\"@type\":\"CommentAction\",\"name\":\"Comment\",\"target\":[\"https:\\\/\\\/www.cuballama.com\\\/noticias\\\/portaaviones-nuclear-crea-revuelo-pese-estar-fuera-de-aguas-cubanas-pero\\\/#respond\"]}]},{\"@type\":\"WebPage\",\"@id\":\"https:\\\/\\\/www.cuballama.com\\\/noticias\\\/portaaviones-nuclear-crea-revuelo-pese-estar-fuera-de-aguas-cubanas-pero\\\/\",\"url\":\"https:\\\/\\\/www.cuballama.com\\\/noticias\\\/portaaviones-nuclear-crea-revuelo-pese-estar-fuera-de-aguas-cubanas-pero\\\/\",\"name\":\"Portaaviones nuclear crea revuelo pese estar fuera de aguas cubanas pero... - Cuballama Noticias\",\"isPartOf\":{\"@id\":\"https:\\\/\\\/www.cuballama.com\\\/noticias\\\/#website\"},\"primaryImageOfPage\":{\"@id\":\"https:\\\/\\\/www.cuballama.com\\\/noticias\\\/portaaviones-nuclear-crea-revuelo-pese-estar-fuera-de-aguas-cubanas-pero\\\/#primaryimage\"},\"image\":{\"@id\":\"https:\\\/\\\/www.cuballama.com\\\/noticias\\\/portaaviones-nuclear-crea-revuelo-pese-estar-fuera-de-aguas-cubanas-pero\\\/#primaryimage\"},\"thumbnailUrl\":\"https:\\\/\\\/cdn1.mediawpaccore.net\\\/wp-content\\\/uploads\\\/2026\\\/01\\\/23115348\\\/IMG_0939.jpeg\",\"datePublished\":\"2026-01-23T16:57:23+00:00\",\"dateModified\":\"2026-01-23T16:57:29+00:00\",\"description\":\"Radioemisoras de La Florida y medios alternativos cubanos centraron su atenci\u00f3n en la ubicaci\u00f3n del portaaviones USS George H.W.Bush ubicado\",\"breadcrumb\":{\"@id\":\"https:\\\/\\\/www.cuballama.com\\\/noticias\\\/portaaviones-nuclear-crea-revuelo-pese-estar-fuera-de-aguas-cubanas-pero\\\/#breadcrumb\"},\"inLanguage\":\"es\",\"potentialAction\":[{\"@type\":\"ReadAction\",\"target\":[\"https:\\\/\\\/www.cuballama.com\\\/noticias\\\/portaaviones-nuclear-crea-revuelo-pese-estar-fuera-de-aguas-cubanas-pero\\\/\"]}]},{\"@type\":\"ImageObject\",\"inLanguage\":\"es\",\"@id\":\"https:\\\/\\\/www.cuballama.com\\\/noticias\\\/portaaviones-nuclear-crea-revuelo-pese-estar-fuera-de-aguas-cubanas-pero\\\/#primaryimage\",\"url\":\"https:\\\/\\\/cdn1.mediawpaccore.net\\\/wp-content\\\/uploads\\\/2026\\\/01\\\/23115348\\\/IMG_0939.jpeg\",\"contentUrl\":\"https:\\\/\\\/cdn1.mediawpaccore.net\\\/wp-content\\\/uploads\\\/2026\\\/01\\\/23115348\\\/IMG_0939.jpeg\",\"width\":1200,\"height\":630},{\"@type\":\"BreadcrumbList\",\"@id\":\"https:\\\/\\\/www.cuballama.com\\\/noticias\\\/portaaviones-nuclear-crea-revuelo-pese-estar-fuera-de-aguas-cubanas-pero\\\/#breadcrumb\",\"itemListElement\":[{\"@type\":\"ListItem\",\"position\":1,\"name\":\"Home\",\"item\":\"https:\\\/\\\/www.cuballama.com\\\/noticias\\\/\"},{\"@type\":\"ListItem\",\"position\":2,\"name\":\"Portaaviones nuclear crea revuelo pese estar fuera de aguas cubanas pero&#8230;\"}]},{\"@type\":\"WebSite\",\"@id\":\"https:\\\/\\\/www.cuballama.com\\\/noticias\\\/#website\",\"url\":\"https:\\\/\\\/www.cuballama.com\\\/noticias\\\/\",\"name\":\"Cuballama Noticias\",\"description\":\"Medio digital sobre Cuba y el mundo\",\"publisher\":{\"@id\":\"https:\\\/\\\/www.cuballama.com\\\/noticias\\\/#organization\"},\"potentialAction\":[{\"@type\":\"SearchAction\",\"target\":{\"@type\":\"EntryPoint\",\"urlTemplate\":\"https:\\\/\\\/www.cuballama.com\\\/noticias\\\/?s={search_term_string}\"},\"query-input\":{\"@type\":\"PropertyValueSpecification\",\"valueRequired\":true,\"valueName\":\"search_term_string\"}}],\"inLanguage\":\"es\"},{\"@type\":\"Organization\",\"@id\":\"https:\\\/\\\/www.cuballama.com\\\/noticias\\\/#organization\",\"name\":\"Cuballama\",\"url\":\"https:\\\/\\\/www.cuballama.com\\\/noticias\\\/\",\"logo\":{\"@type\":\"ImageObject\",\"inLanguage\":\"es\",\"@id\":\"https:\\\/\\\/www.cuballama.com\\\/noticias\\\/#\\\/schema\\\/logo\\\/image\\\/\",\"url\":\"https:\\\/\\\/cdn1.mediawpaccore.net\\\/wp-content\\\/uploads\\\/2021\\\/12\\\/28171206\\\/cbll-logo-color-sm.png\",\"contentUrl\":\"https:\\\/\\\/cdn1.mediawpaccore.net\\\/wp-content\\\/uploads\\\/2021\\\/12\\\/28171206\\\/cbll-logo-color-sm.png\",\"width\":600,\"height\":133,\"caption\":\"Cuballama\"},\"image\":{\"@id\":\"https:\\\/\\\/www.cuballama.com\\\/noticias\\\/#\\\/schema\\\/logo\\\/image\\\/\"},\"sameAs\":[\"https:\\\/\\\/www.facebook.com\\\/CubaLlama\",\"https:\\\/\\\/x.com\\\/cuballama\",\"https:\\\/\\\/www.instagram.com\\\/stories\\\/cuballama_oficial\\\/\",\"https:\\\/\\\/www.youtube.com\\\/channel\\\/UCKkFE-d_axENGZcrc4as0IA\"]},{\"@type\":\"Person\",\"@id\":\"https:\\\/\\\/www.cuballama.com\\\/noticias\\\/#\\\/schema\\\/person\\\/5889f7d070564f8386e7944d14d436cd\",\"name\":\"Manu\",\"url\":\"https:\\\/\\\/www.cuballama.com\\\/noticias\\\/author\\\/manu\\\/\"}]}<\/script>\n<!-- \/ Yoast SEO plugin. -->","yoast_head_json":{"title":"Portaaviones nuclear crea revuelo pese estar fuera de aguas cubanas pero... - Cuballama Noticias","description":"Radioemisoras de La Florida y medios alternativos cubanos centraron su atenci\u00f3n en la ubicaci\u00f3n del portaaviones USS George H.W.Bush ubicado","robots":{"index":"index","follow":"follow","max-snippet":"max-snippet:-1","max-image-preview":"max-image-preview:large","max-video-preview":"max-video-preview:-1"},"canonical":"https:\/\/www.cuballama.com\/noticias\/portaaviones-nuclear-crea-revuelo-pese-estar-fuera-de-aguas-cubanas-pero\/","og_locale":"es_ES","og_type":"article","og_title":"Portaaviones nuclear crea revuelo pese estar fuera de aguas cubanas pero... - Cuballama Noticias","og_description":"Radioemisoras de La Florida y medios alternativos cubanos centraron su atenci\u00f3n en la ubicaci\u00f3n del portaaviones USS George H.W.Bush ubicado","og_url":"https:\/\/www.cuballama.com\/noticias\/portaaviones-nuclear-crea-revuelo-pese-estar-fuera-de-aguas-cubanas-pero\/","og_site_name":"Cuballama Noticias","article_publisher":"https:\/\/www.facebook.com\/CubaLlama","article_published_time":"2026-01-23T16:57:23+00:00","article_modified_time":"2026-01-23T16:57:29+00:00","og_image":[{"width":1200,"height":630,"url":"https:\/\/cdn1.mediawpaccore.net\/wp-content\/uploads\/2026\/01\/23115348\/IMG_0939.jpeg","type":"image\/jpeg"}],"author":"Manu","twitter_card":"summary_large_image","twitter_creator":"@cuballama","twitter_site":"@cuballama","twitter_misc":{"Escrito por":"Manu","Tiempo de lectura":"4 minutos"},"schema":{"@context":"https:\/\/schema.org","@graph":[{"@type":"Article","@id":"https:\/\/www.cuballama.com\/noticias\/portaaviones-nuclear-crea-revuelo-pese-estar-fuera-de-aguas-cubanas-pero\/#article","isPartOf":{"@id":"https:\/\/www.cuballama.com\/noticias\/portaaviones-nuclear-crea-revuelo-pese-estar-fuera-de-aguas-cubanas-pero\/"},"author":{"name":"Manu","@id":"https:\/\/www.cuballama.com\/noticias\/#\/schema\/person\/5889f7d070564f8386e7944d14d436cd"},"headline":"Portaaviones nuclear crea revuelo pese estar fuera de aguas cubanas pero&#8230;","datePublished":"2026-01-23T16:57:23+00:00","dateModified":"2026-01-23T16:57:29+00:00","mainEntityOfPage":{"@id":"https:\/\/www.cuballama.com\/noticias\/portaaviones-nuclear-crea-revuelo-pese-estar-fuera-de-aguas-cubanas-pero\/"},"wordCount":795,"commentCount":0,"publisher":{"@id":"https:\/\/www.cuballama.com\/noticias\/#organization"},"image":{"@id":"https:\/\/www.cuballama.com\/noticias\/portaaviones-nuclear-crea-revuelo-pese-estar-fuera-de-aguas-cubanas-pero\/#primaryimage"},"thumbnailUrl":"https:\/\/cdn1.mediawpaccore.net\/wp-content\/uploads\/2026\/01\/23115348\/IMG_0939.jpeg","keywords":["Crisis en Cuba","Migrantes cubanos","superdestacado"],"articleSection":["Noticias","Noticias de Cuba"],"inLanguage":"es","potentialAction":[{"@type":"CommentAction","name":"Comment","target":["https:\/\/www.cuballama.com\/noticias\/portaaviones-nuclear-crea-revuelo-pese-estar-fuera-de-aguas-cubanas-pero\/#respond"]}]},{"@type":"WebPage","@id":"https:\/\/www.cuballama.com\/noticias\/portaaviones-nuclear-crea-revuelo-pese-estar-fuera-de-aguas-cubanas-pero\/","url":"https:\/\/www.cuballama.com\/noticias\/portaaviones-nuclear-crea-revuelo-pese-estar-fuera-de-aguas-cubanas-pero\/","name":"Portaaviones nuclear crea revuelo pese estar fuera de aguas cubanas pero... - Cuballama Noticias","isPartOf":{"@id":"https:\/\/www.cuballama.com\/noticias\/#website"},"primaryImageOfPage":{"@id":"https:\/\/www.cuballama.com\/noticias\/portaaviones-nuclear-crea-revuelo-pese-estar-fuera-de-aguas-cubanas-pero\/#primaryimage"},"image":{"@id":"https:\/\/www.cuballama.com\/noticias\/portaaviones-nuclear-crea-revuelo-pese-estar-fuera-de-aguas-cubanas-pero\/#primaryimage"},"thumbnailUrl":"https:\/\/cdn1.mediawpaccore.net\/wp-content\/uploads\/2026\/01\/23115348\/IMG_0939.jpeg","datePublished":"2026-01-23T16:57:23+00:00","dateModified":"2026-01-23T16:57:29+00:00","description":"Radioemisoras de La Florida y medios alternativos cubanos centraron su atenci\u00f3n en la ubicaci\u00f3n del portaaviones USS George H.W.Bush ubicado","breadcrumb":{"@id":"https:\/\/www.cuballama.com\/noticias\/portaaviones-nuclear-crea-revuelo-pese-estar-fuera-de-aguas-cubanas-pero\/#breadcrumb"},"inLanguage":"es","potentialAction":[{"@type":"ReadAction","target":["https:\/\/www.cuballama.com\/noticias\/portaaviones-nuclear-crea-revuelo-pese-estar-fuera-de-aguas-cubanas-pero\/"]}]},{"@type":"ImageObject","inLanguage":"es","@id":"https:\/\/www.cuballama.com\/noticias\/portaaviones-nuclear-crea-revuelo-pese-estar-fuera-de-aguas-cubanas-pero\/#primaryimage","url":"https:\/\/cdn1.mediawpaccore.net\/wp-content\/uploads\/2026\/01\/23115348\/IMG_0939.jpeg","contentUrl":"https:\/\/cdn1.mediawpaccore.net\/wp-content\/uploads\/2026\/01\/23115348\/IMG_0939.jpeg","width":1200,"height":630},{"@type":"BreadcrumbList","@id":"https:\/\/www.cuballama.com\/noticias\/portaaviones-nuclear-crea-revuelo-pese-estar-fuera-de-aguas-cubanas-pero\/#breadcrumb","itemListElement":[{"@type":"ListItem","position":1,"name":"Home","item":"https:\/\/www.cuballama.com\/noticias\/"},{"@type":"ListItem","position":2,"name":"Portaaviones nuclear crea revuelo pese estar fuera de aguas cubanas pero&#8230;"}]},{"@type":"WebSite","@id":"https:\/\/www.cuballama.com\/noticias\/#website","url":"https:\/\/www.cuballama.com\/noticias\/","name":"Cuballama Noticias","description":"Medio digital sobre Cuba y el mundo","publisher":{"@id":"https:\/\/www.cuballama.com\/noticias\/#organization"},"potentialAction":[{"@type":"SearchAction","target":{"@type":"EntryPoint","urlTemplate":"https:\/\/www.cuballama.com\/noticias\/?s={search_term_string}"},"query-input":{"@type":"PropertyValueSpecification","valueRequired":true,"valueName":"search_term_string"}}],"inLanguage":"es"},{"@type":"Organization","@id":"https:\/\/www.cuballama.com\/noticias\/#organization","name":"Cuballama","url":"https:\/\/www.cuballama.com\/noticias\/","logo":{"@type":"ImageObject","inLanguage":"es","@id":"https:\/\/www.cuballama.com\/noticias\/#\/schema\/logo\/image\/","url":"https:\/\/cdn1.mediawpaccore.net\/wp-content\/uploads\/2021\/12\/28171206\/cbll-logo-color-sm.png","contentUrl":"https:\/\/cdn1.mediawpaccore.net\/wp-content\/uploads\/2021\/12\/28171206\/cbll-logo-color-sm.png","width":600,"height":133,"caption":"Cuballama"},"image":{"@id":"https:\/\/www.cuballama.com\/noticias\/#\/schema\/logo\/image\/"},"sameAs":["https:\/\/www.facebook.com\/CubaLlama","https:\/\/x.com\/cuballama","https:\/\/www.instagram.com\/stories\/cuballama_oficial\/","https:\/\/www.youtube.com\/channel\/UCKkFE-d_axENGZcrc4as0IA"]},{"@type":"Person","@id":"https:\/\/www.cuballama.com\/noticias\/#\/schema\/person\/5889f7d070564f8386e7944d14d436cd","name":"Manu","url":"https:\/\/www.cuballama.com\/noticias\/author\/manu\/"}]}},"_links":{"self":[{"href":"https:\/\/www.cuballama.com\/noticias\/wp-json\/wp\/v2\/posts\/233076","targetHints":{"allow":["GET"]}}],"collection":[{"href":"https:\/\/www.cuballama.com\/noticias\/wp-json\/wp\/v2\/posts"}],"about":[{"href":"https:\/\/www.cuballama.com\/noticias\/wp-json\/wp\/v2\/types\/post"}],"author":[{"embeddable":true,"href":"https:\/\/www.cuballama.com\/noticias\/wp-json\/wp\/v2\/users\/24"}],"replies":[{"embeddable":true,"href":"https:\/\/www.cuballama.com\/noticias\/wp-json\/wp\/v2\/comments?post=233076"}],"version-history":[{"count":2,"href":"https:\/\/www.cuballama.com\/noticias\/wp-json\/wp\/v2\/posts\/233076\/revisions"}],"predecessor-version":[{"id":233190,"href":"https:\/\/www.cuballama.com\/noticias\/wp-json\/wp\/v2\/posts\/233076\/revisions\/233190"}],"wp:featuredmedia":[{"embeddable":true,"href":"https:\/\/www.cuballama.com\/noticias\/wp-json\/wp\/v2\/media\/233189"}],"wp:attachment":[{"href":"https:\/\/www.cuballama.com\/noticias\/wp-json\/wp\/v2\/media?parent=233076"}],"wp:term":[{"taxonomy":"category","embeddable":true,"href":"https:\/\/www.cuballama.com\/noticias\/wp-json\/wp\/v2\/categories?post=233076"},{"taxonomy":"post_tag","embeddable":true,"href":"https:\/\/www.cuballama.com\/noticias\/wp-json\/wp\/v2\/tags?post=233076"}],"curies":[{"name":"wp","href":"https:\/\/api.w.org\/{rel}","templated":true}]}}